{"id":33882,"date":"2021-03-06T08:25:48","date_gmt":"2021-03-06T07:25:48","guid":{"rendered":"https:\/\/speyer24news.com\/?p=33882"},"modified":"2021-03-06T08:25:48","modified_gmt":"2021-03-06T07:25:48","slug":"corona-verkehrsnotizen-aus-speyer-4","status":"publish","type":"post","link":"https:\/\/speyer24news.com\/?p=33882","title":{"rendered":"Corona &#038; Verkehrsnotizen aus Speyer"},"content":{"rendered":"<style type=\"text\/css\">\r\n\t.ads_top_disp{}\r\n\t.ads_top_corner_disp{ float:left; margin:0px 10px 10px 0px; }\r\n\t.ads_first_p_disp{}\r\n\t.ads_bottom_disp{}\r\n\t<\/style>\n<h1 class=\"wp-block-heading\" style=\"text-align:center\">Corona-Virus<\/h1>\n\n\n\n<figure class=\"wp-block-image\"><img decoding=\"async\" loading=\"lazy\" width=\"800\" height=\"346\" src=\"https:\/\/speyer24news.com\/wp-content\/uploads\/2020\/02\/coronavirus-4817450_1920.jpg\" alt=\"\" class=\"wp-image-25126\" srcset=\"https:\/\/speyer24news.com\/wp-content\/uploads\/2020\/02\/coronavirus-4817450_1920.jpg 800w, https:\/\/speyer24news.com\/wp-content\/uploads\/2020\/02\/coronavirus-4817450_1920-300x130.jpg 300w, https:\/\/speyer24news.com\/wp-content\/uploads\/2020\/02\/coronavirus-4817450_1920-768x332.jpg 768w\" sizes=\"(max-width: 800px) 100vw, 800px\" \/><\/figure>\n\n\n\n<h2 class=\"wp-block-heading\">Coronafallzahlen von Freitag (05.03.2021)<\/h2>\n\n\n\n<figure class=\"wp-block-image\"><img decoding=\"async\" loading=\"lazy\" width=\"800\" height=\"400\" src=\"https:\/\/speyer24news.com\/wp-content\/uploads\/2020\/02\/virus-1812092_1920.jpg\" alt=\"\" class=\"wp-image-25128\" srcset=\"https:\/\/speyer24news.com\/wp-content\/uploads\/2020\/02\/virus-1812092_1920.jpg 800w, https:\/\/speyer24news.com\/wp-content\/uploads\/2020\/02\/virus-1812092_1920-300x150.jpg 300w, https:\/\/speyer24news.com\/wp-content\/uploads\/2020\/02\/virus-1812092_1920-768x384.jpg 768w\" sizes=\"(max-width: 800px) 100vw, 800px\" \/><\/figure>\n\n\n\n<p>Anzahl best\u00e4tigter F\u00e4lle von Coronavirus (SARS-CoV-2)-Infektionen in der Stadt Speyer:\u00a02026 ( + 3 ) <br>Davon bereits genesen:\u00a01874<br>Todesf\u00e4lle: 78 ( + 1 )<br>Gemeldete F\u00e4lle der letzten sieben Tage pro 100.000 Einwohner*innen (Inzidenz): 47,5 ( + 2 ) <br><strong>Warnstufe: Orange<\/strong><\/p>\n\n\n\n<p>Stand: 05.03.2021, 14:10 Uhr<\/p>\n\n\n\n<div class=\"wp-block-image\"><figure class=\"aligncenter\"><img decoding=\"async\" loading=\"lazy\" width=\"500\" height=\"667\" src=\"https:\/\/speyer24news.com\/wp-content\/uploads\/2021\/03\/Karte_Stufen_2021-03-05.jpg\" alt=\"\" class=\"wp-image-33883\" srcset=\"https:\/\/speyer24news.com\/wp-content\/uploads\/2021\/03\/Karte_Stufen_2021-03-05.jpg 500w, https:\/\/speyer24news.com\/wp-content\/uploads\/2021\/03\/Karte_Stufen_2021-03-05-225x300.jpg 225w\" sizes=\"(max-width: 500px) 100vw, 500px\" \/><\/figure><\/div>\n\n\n\n<p><em>Landesuntersuchungsamt Rheinland-Pfalz<br>06.03.2021<\/em><\/p>\n\n\n\n<h2 class=\"wp-block-heading\"><strong>Ausbau des Speyerer Schnelltestangebots<\/strong><\/h2>\n\n\n\n<div class=\"wp-block-image\"><figure class=\"aligncenter\"><img decoding=\"async\" src=\"https:\/\/speyer24news.com\/wp-content\/uploads\/2021\/03\/csm_dpa_67168077_Corona-Antigen-Test_2434x1310_b481c8cfbb.jpg\" alt=\"\" class=\"wp-image-33884\"\/><\/figure><\/div>\n\n\n\n<p>Die Stadtverwaltung Speyer informiert, dass das umfassende\u00a0Corona-Schnelltestangebot der Stadt Speyer in Zusammenarbeit mit dem ASB weiter ausgebaut wird.\u00a0So gibt es aufgrund freier Kapazit\u00e4ten nicht nur f\u00fcr Lehrkr\u00e4fte mittwochs die M\u00f6glichkeit f\u00fcr einen Schnelltest. <strong>Ab dem 10. M\u00e4rz 2021<\/strong> k\u00f6nnen sich mittwochs alle Speyerer B\u00fcrger*innen <strong>zwischen 18 und 20 Uhr<\/strong> in den R\u00e4umlichkeiten der Jugendf\u00f6rderung in der Seekatzstra\u00dfe 5 auf das Coronavirus testen zu lassen.<br>Termine k\u00f6nnen online unter\u00a0<a rel=\"noreferrer noopener\" href=\"https:\/\/deref-web.de\/mail\/client\/Pc-Pn5_s0mk\/dereferrer\/?redirectUrl=http%3A%2F%2Fwww.termine-reservieren.de%2Ftermine%2Fspeyer%2F\" target=\"_blank\"><strong>www.termine-reservieren.de\/termine\/speyer\/<\/strong><\/a>\u00a0oder telefonisch montags bis freitags zwischen 12 und 14 Uhr unter\u00a0<strong><a>06232-6959967<\/a><\/strong>\u00a0vereinbart werden.<\/p>\n\n\n\n<p>Au\u00dferdem wird die Amtshilfe durch die Bundeswehr, mit der sich Besucher*innen von Alten- und Pflegeheimen seit dem 1. Februar 2021 montags bis freitags von 9.00 bis 13.00 Uhr auf das Coronavirus testen lassen k\u00f6nnen, bis zum 26. M\u00e4rz 2021 verl\u00e4ngert und erfolgt zu den gleichen Zeiten wie bisher.&nbsp;Eine vorherige Terminvereinbarung ist f\u00fcr diese Zeiten nicht notwendig.<\/p>\n\n\n\n<p>Die \u00dcbersicht des kompletten Speyerer Schnelltestangebots finden Sie auf der Homepage der Stadt Speyer unter\u00a0<a rel=\"noreferrer noopener\" href=\"https:\/\/deref-web.de\/mail\/client\/1erN5_NI5UQ\/dereferrer\/?redirectUrl=http%3A%2F%2Fwww.speyer.de%2Fcorona\" target=\"_blank\">www.speyer.de\/corona<\/a>.<\/p>\n\n\n\n<p><em>Text: Stadtverwaltung Speyer Foto: Hauke-Christian Dittrich\/dpa<br>06.03.2021<\/em><\/p>\n\n\n\n<h1 class=\"wp-block-heading\" style=\"text-align:center\">Verkehrsnotiz<\/h1>\n\n\n\n<figure class=\"wp-block-image\"><img decoding=\"async\" loading=\"lazy\" width=\"800\" height=\"565\" src=\"https:\/\/speyer24news.com\/wp-content\/uploads\/2020\/01\/Baustelle-2.jpg\" alt=\"\" class=\"wp-image-23900\" srcset=\"https:\/\/speyer24news.com\/wp-content\/uploads\/2020\/01\/Baustelle-2.jpg 800w, https:\/\/speyer24news.com\/wp-content\/uploads\/2020\/01\/Baustelle-2-300x212.jpg 300w, https:\/\/speyer24news.com\/wp-content\/uploads\/2020\/01\/Baustelle-2-768x542.jpg 768w\" sizes=\"(max-width: 800px) 100vw, 800px\" \/><\/figure>\n\n\n\n<h2 class=\"wp-block-heading\"><strong>M\u00f6hringstra\u00dfe gesperrt<\/strong><\/h2>\n\n\n\n<p>Aufgrund eines Kanaleinbruchs wird die M\u00f6hringstra\u00dfe auf H\u00f6he der Hausnummer 1 <strong>ab sofort und bis voraussichtlich 26. M\u00e4rz 2021<\/strong> f\u00fcr den Durchgangsverkehr gesperrt. Die Stra\u00dfe wird in dieser Zeit beidseitig als Sackgasse ausgewiesen.<\/p>\n\n\n\n<p>F\u00fcr R\u00fcckfragen steht die Stra\u00dfenverkehrsbeh\u00f6rde unter der Rufnummer 14-2938 zur Verf\u00fcgung.<\/p>\n\n\n\n<p><em>Stadtverwaltung Speyer<br>06.03.2021<\/em><\/p>\n","protected":false},"excerpt":{"rendered":"<div class=\"mh-excerpt\"><p>Corona-Virus Coronafallzahlen von Freitag (05.03.2021) Anzahl best\u00e4tigter F\u00e4lle von Coronavirus (SARS-CoV-2)-Infektionen in der Stadt Speyer:\u00a02026 ( + 3 ) Davon bereits genesen:\u00a01874Todesf\u00e4lle: 78 ( + 1 )Gemeldete F\u00e4lle der letzten sieben Tage pro 100.000 Einwohner*innen <a class=\"mh-excerpt-more\" href=\"https:\/\/speyer24news.com\/?p=33882\" title=\"Corona &#038; Verkehrsnotizen aus Speyer\">[&#8230;]<\/a><\/p>\n<\/div>","protected":false},"author":3,"featured_media":23902,"comment_status":"open","ping_status":"open","sticky":false,"template":"","format":"standard","meta":{"_monsterinsights_skip_tracking":false,"_monsterinsights_sitenote_active":false,"_monsterinsights_sitenote_note":"","_monsterinsights_sitenote_category":0,"footnotes":""},"categories":[47],"tags":[6401,8404,6367,9461,9586,9105,6940,9918,8725,6359,6370,5904,6358,7003,5801,6342,10489,6,9636,658,1114],"aioseo_notices":[],"amp_enabled":true,"_links":{"self":[{"href":"https:\/\/speyer24news.com\/index.php?rest_route=\/wp\/v2\/posts\/33882"}],"collection":[{"href":"https:\/\/speyer24news.com\/index.php?rest_route=\/wp\/v2\/posts"}],"about":[{"href":"https:\/\/speyer24news.com\/index.php?rest_route=\/wp\/v2\/types\/post"}],"author":[{"embeddable":true,"href":"https:\/\/speyer24news.com\/index.php?rest_route=\/wp\/v2\/users\/3"}],"replies":[{"embeddable":true,"href":"https:\/\/speyer24news.com\/index.php?rest_route=%2Fwp%2Fv2%2Fcomments&post=33882"}],"version-history":[{"count":1,"href":"https:\/\/speyer24news.com\/index.php?rest_route=\/wp\/v2\/posts\/33882\/revisions"}],"predecessor-version":[{"id":33885,"href":"https:\/\/speyer24news.com\/index.php?rest_route=\/wp\/v2\/posts\/33882\/revisions\/33885"}],"wp:featuredmedia":[{"embeddable":true,"href":"https:\/\/speyer24news.com\/index.php?rest_route=\/wp\/v2\/media\/23902"}],"wp:attachment":[{"href":"https:\/\/speyer24news.com\/index.php?rest_route=%2Fwp%2Fv2%2Fmedia&parent=33882"}],"wp:term":[{"taxonomy":"category","embeddable":true,"href":"https:\/\/speyer24news.com\/index.php?rest_route=%2Fwp%2Fv2%2Fcategories&post=33882"},{"taxonomy":"post_tag","embeddable":true,"href":"https:\/\/speyer24news.com\/index.php?rest_route=%2Fwp%2Fv2%2Ftags&post=33882"}],"curies":[{"name":"wp","href":"https:\/\/api.w.org\/{rel}","templated":true}]}}