{"id":33886,"date":"2021-03-06T08:44:28","date_gmt":"2021-03-06T07:44:28","guid":{"rendered":"https:\/\/speyer24news.com\/?p=33886"},"modified":"2021-03-06T08:44:28","modified_gmt":"2021-03-06T07:44:28","slug":"schifferstadt-98","status":"publish","type":"post","link":"https:\/\/speyer24news.com\/?p=33886","title":{"rendered":"Schifferstadt"},"content":{"rendered":"<style type=\"text\/css\">\r\n\t.ads_top_disp{}\r\n\t.ads_top_corner_disp{ float:left; margin:0px 10px 10px 0px; }\r\n\t.ads_first_p_disp{}\r\n\t.ads_bottom_disp{}\r\n\t<\/style>\n<h2 class=\"wp-block-heading\"><strong>Umfrage: Gartenparzellen zur Pacht in Schifferstadt <\/strong><\/h2>\n\n\n\n<h3 class=\"wp-block-heading\"><strong>Teilnahme noch bis zum 15. M\u00e4rz<\/strong><\/h3>\n\n\n\n<figure class=\"wp-block-image\"><img decoding=\"async\" loading=\"lazy\" width=\"800\" height=\"533\" src=\"https:\/\/speyer24news.com\/wp-content\/uploads\/2021\/02\/heart-1192662_1920.jpg\" alt=\"\" class=\"wp-image-33659\" srcset=\"https:\/\/speyer24news.com\/wp-content\/uploads\/2021\/02\/heart-1192662_1920.jpg 800w, https:\/\/speyer24news.com\/wp-content\/uploads\/2021\/02\/heart-1192662_1920-300x200.jpg 300w, https:\/\/speyer24news.com\/wp-content\/uploads\/2021\/02\/heart-1192662_1920-768x512.jpg 768w\" sizes=\"(max-width: 800px) 100vw, 800px\" \/><\/figure>\n\n\n\n<p>Noch bis einschlie\u00dflich Montag, 15. M\u00e4rz k\u00f6nnen Schifferstadterinnen und Schifferstadter an einer Umfrage der Stadtverwaltung zum Bedarf an Gartenparzellen teilnehmen. Wer schon immer von einem eigenen Garten getr\u00e4umt, aber selbst keine geeignete Fl\u00e4che zur Verf\u00fcgung hat, kann seine W\u00fcnsche \u00fcber die Befragung unter folgendem Link \u00e4u\u00dfern: <a href=\"https:\/\/www.umfrageonline.com\/s\/9f043d8\">https:\/\/www.umfrageonline.com\/s\/9f043d8<\/a> \u00a0<\/p>\n\n\n\n<p>Innerhalb\nweniger Minuten k\u00f6nnen sich die Teilnehmerinnen und -Teilnehmer durch neun\nFragen rund um das Thema G\u00e4rtnern klicken. \u201eWir m\u00f6chten wissen, wie gro\u00df das\nInteresse von Schifferstadtern und Schifferstadterinnen an einer gepachteten\nGartenparzelle ist\u201c, erkl\u00e4rt die Erste Beigeordnete Ulla Behrendt-Roden. Sie\nist unter anderem f\u00fcr die Bereiche Umwelt und Naturschutz zust\u00e4ndig. \u201eWenn sich\nherausstellt, dass viele Lust auf ein solches Gartenprojekt h\u00e4tten, werden wir\nuns \u00fcber ein entsprechendes Angebot gerne im Rathaus Gedanken machen\u201c, sagt\nBehrendt-Roden. <\/p>\n\n\n\n<p>Mit Fragen und Anregungen rund um das Thema Garten k\u00f6nnen sich Interessierte zus\u00e4tzlich jederzeit an die beiden st\u00e4dtischen Umweltbeauftragten wenden: Siegfried Filus, Tel.: 06235 \/ 5130 und Oliver Dautermann, Tel.: 06235 \/ 4555602; E-Mail: <a href=\"umweltbeauftragte@schifferstadt.de\">umweltbeauftragte@schifferstadt.de<\/a><\/p>\n\n\n\n<p><em>Stadtverwaltung Schifferstadt<br>06.03.2021<\/em><\/p>\n","protected":false},"excerpt":{"rendered":"<div class=\"mh-excerpt\"><p>Umfrage: Gartenparzellen zur Pacht in Schifferstadt Teilnahme noch bis zum 15. M\u00e4rz Noch bis einschlie\u00dflich Montag, 15. M\u00e4rz k\u00f6nnen Schifferstadterinnen und Schifferstadter an einer Umfrage der Stadtverwaltung zum Bedarf an Gartenparzellen teilnehmen. Wer schon immer <a class=\"mh-excerpt-more\" href=\"https:\/\/speyer24news.com\/?p=33886\" title=\"Schifferstadt\">[&#8230;]<\/a><\/p>\n<\/div>","protected":false},"author":3,"featured_media":0,"comment_status":"open","ping_status":"open","sticky":false,"template":"","format":"standard","meta":{"_monsterinsights_skip_tracking":false,"_monsterinsights_sitenote_active":false,"_monsterinsights_sitenote_note":"","_monsterinsights_sitenote_category":0,"footnotes":""},"categories":[126],"tags":[9946,127,10490,10491,10493,10492],"aioseo_notices":[],"amp_enabled":true,"_links":{"self":[{"href":"https:\/\/speyer24news.com\/index.php?rest_route=\/wp\/v2\/posts\/33886"}],"collection":[{"href":"https:\/\/speyer24news.com\/index.php?rest_route=\/wp\/v2\/posts"}],"about":[{"href":"https:\/\/speyer24news.com\/index.php?rest_route=\/wp\/v2\/types\/post"}],"author":[{"embeddable":true,"href":"https:\/\/speyer24news.com\/index.php?rest_route=\/wp\/v2\/users\/3"}],"replies":[{"embeddable":true,"href":"https:\/\/speyer24news.com\/index.php?rest_route=%2Fwp%2Fv2%2Fcomments&post=33886"}],"version-history":[{"count":1,"href":"https:\/\/speyer24news.com\/index.php?rest_route=\/wp\/v2\/posts\/33886\/revisions"}],"predecessor-version":[{"id":33887,"href":"https:\/\/speyer24news.com\/index.php?rest_route=\/wp\/v2\/posts\/33886\/revisions\/33887"}],"wp:attachment":[{"href":"https:\/\/speyer24news.com\/index.php?rest_route=%2Fwp%2Fv2%2Fmedia&parent=33886"}],"wp:term":[{"taxonomy":"category","embeddable":true,"href":"https:\/\/speyer24news.com\/index.php?rest_route=%2Fwp%2Fv2%2Fcategories&post=33886"},{"taxonomy":"post_tag","embeddable":true,"href":"https:\/\/speyer24news.com\/index.php?rest_route=%2Fwp%2Fv2%2Ftags&post=33886"}],"curies":[{"name":"wp","href":"https:\/\/api.w.org\/{rel}","templated":true}]}}