{"id":33891,"date":"2021-03-06T09:10:26","date_gmt":"2021-03-06T08:10:26","guid":{"rendered":"https:\/\/speyer24news.com\/?p=33891"},"modified":"2021-03-06T09:10:27","modified_gmt":"2021-03-06T08:10:27","slug":"germersheim-landkreis-germersheim-11","status":"publish","type":"post","link":"https:\/\/speyer24news.com\/?p=33891","title":{"rendered":"Germersheim &#038; Landkreis Germersheim"},"content":{"rendered":"<style type=\"text\/css\">\r\n\t.ads_top_disp{}\r\n\t.ads_top_corner_disp{ float:left; margin:0px 10px 10px 0px; }\r\n\t.ads_first_p_disp{}\r\n\t.ads_bottom_disp{}\r\n\t<\/style>\n<h1 class=\"wp-block-heading\" style=\"text-align:center\">CoronaVirus<\/h1>\n\n\n\n<figure class=\"wp-block-image\"><img decoding=\"async\" loading=\"lazy\" width=\"800\" height=\"346\" src=\"https:\/\/speyer24news.com\/wp-content\/uploads\/2020\/02\/coronavirus-4817450_1920.jpg\" alt=\"\" class=\"wp-image-25126\" srcset=\"https:\/\/speyer24news.com\/wp-content\/uploads\/2020\/02\/coronavirus-4817450_1920.jpg 800w, https:\/\/speyer24news.com\/wp-content\/uploads\/2020\/02\/coronavirus-4817450_1920-300x130.jpg 300w, https:\/\/speyer24news.com\/wp-content\/uploads\/2020\/02\/coronavirus-4817450_1920-768x332.jpg 768w\" sizes=\"(max-width: 800px) 100vw, 800px\" \/><\/figure>\n\n\n\n<h2 class=\"wp-block-heading\"><strong>Landkreis Germersheim weiterhin mit hohen Inzidenzzahlen:<\/strong><\/h2>\n\n\n\n<h3 class=\"wp-block-heading\"><strong>Ma\u00dfnahmen zur Eind\u00e4mmung der Corona-Pandemie verl\u00e4ngert<\/strong><\/h3>\n\n\n\n<div class=\"wp-block-image\"><figure class=\"aligncenter\"><img decoding=\"async\" loading=\"lazy\" width=\"500\" height=\"500\" src=\"https:\/\/speyer24news.com\/wp-content\/uploads\/2020\/02\/virus-4810549_1920.png\" alt=\"\" class=\"wp-image-25116\" srcset=\"https:\/\/speyer24news.com\/wp-content\/uploads\/2020\/02\/virus-4810549_1920.png 500w, https:\/\/speyer24news.com\/wp-content\/uploads\/2020\/02\/virus-4810549_1920-150x150.png 150w, https:\/\/speyer24news.com\/wp-content\/uploads\/2020\/02\/virus-4810549_1920-300x300.png 300w\" sizes=\"(max-width: 500px) 100vw, 500px\" \/><\/figure><\/div>\n\n\n\n<p>Die seit der letzten Woche im Landkreis Germersheim g\u00fcltigen Ma\u00dfnahmen zur Eind\u00e4mmung der Pandemie werden bis einschlie\u00dflich 14. M\u00e4rz verl\u00e4ngert. Nach Abstimmung mit dem rheinland-pf\u00e4lzischen Ministerium f\u00fcr Gesundheit, dem Bildungsministerium sowie der Dienstaufsichtsbeh\u00f6rde ADD, wurde dies per Allgemeinverf\u00fcgung der Kreisverwaltung angeordnet. Hintergrund ist die bundes- und landesweite Vorgabe, dass bei einer Inzidenz \u00fcber 100 kein Raum f\u00fcr weitere Lockerungen besteht und entsprechende Vorkehrungen zum gesundheitlichen Schutz der Bev\u00f6lkerung zu treffen sind.<\/p>\n\n\n\n<p>Die Ma\u00dfnahmen im Landkreis Germersheim haben sich gegen\u00fcber der bereits geltenden Allgemeinverf\u00fcgung nicht wesentlich ge\u00e4ndert und beinhalten nach wie vor eine versch\u00e4rfte Maskenpflicht an ausgewiesenen Pl\u00e4tzen innerhalb des Kreises sowie eine Ausgangssperre f\u00fcr die Zeit von 21 bis 5 Uhr. Alle Schulen, auch die f\u00fcnften und sechsten Klassen, bleiben weiterhin im Fernunterricht. Die seit 1. M\u00e4rz g\u00fcltigen Lockerungen bleiben bestehen. Die vom Land angek\u00fcndigten und vorgesehenen Ausweitungen und Lockerungsschritte gelten nicht f\u00fcr den Landkreis Germersheim.<\/p>\n\n\n\n<p>Dies hat Landrat Dr. Fritz Brechtel im Rahmen einer Pressekonferenz zur Corona-Lage im Landkreis am gestrigen Donnerstag nochmals bekr\u00e4ftigt &#8211; und dabei an die B\u00fcrger im Kreis appelliert: \u201eIch wei\u00df, dass wir den B\u00fcrgerinnen und B\u00fcrgern viel zumuten m\u00fcssen. Wir alle m\u00f6chten m\u00f6glichst bald wieder soweit machbar unser normales Leben wieder genie\u00dfen. Aber wir d\u00fcrfen jetzt nicht leichtsinnig werden. Durch die in den n\u00e4chsten Wochen in gr\u00f6\u00dferen Mengen zur Verf\u00fcgung stehenden Impfstoffe, die alle sehr gut wirken sowie Selbsttests, wird die Sicherheit deutlich verbessert werden. Im Namen des Gesundheitsschutzes bitte ich Sie herzlich, die beschlossenen Ma\u00dfnahmen konsequent zu befolgen. Dies ist die beste Voraussetzung zur Senkung der Inzidenz und damit f\u00fcr baldige Lockerungen.\u201c<\/p>\n\n\n\n<p>Sch\u00fclerinnen und Sch\u00fcler, die au\u00dferhalb des Landkreises in die wieder ge\u00f6ffneten Schulen gehen, k\u00f6nnen dies tun. Auf Anfrage teilte die Schulaufsichtsbeh\u00f6rde mit, dass es keine rechtliche M\u00f6glichkeit gibt, dies zu verhindern. F\u00fcr Sie und f\u00fcr alle gilt jedoch der Hinweis, penibel auf die geltenden Hygienebestimmungen zu achten und Abstand zu anderen Menschen zu halten. Landrat Brechtel: \u201eWir werden konsequent die Corona-Pandemie bek\u00e4mpfen. Neben den bereits geltenden Ma\u00dfnahmen werden in wenigen Tagen Corona-Schnelltests an Grundschulen eingef\u00fchrt, die unter Anleitung von Kindern selbst durchgef\u00fchrt werden k\u00f6nnen. Das gesamte Personal an Schulen und Kitas im Kreis Germersheim soll zudem rasch geimpft werden. Diesbez\u00fcglich wurde das Ministerium bereits um zus\u00e4tzliche Impfdosen angefragt. All die genannten Ma\u00dfnahmen sind Teil einer am gestrigen Abend vorgestellten F\u00fcnf-Punkte-Strategie im Kreis Germersheim, mit der die Infektionsketten unterbrochen und die Pandemie einged\u00e4mmt werden soll.<\/p>\n\n\n\n<p>Landrat Brechtel ist sich der immensen Herausforderung, die die Menschen im Landkreis Germersheim stemmen m\u00fcssen, bewusst: \u201eIch habe den Eindruck, dass viele Menschen \u2019coronam\u00fcde\u2019 sind und dass die Geduld und die Einsicht bei den Menschen abnimmt. Es gibt viele Fragen und auch immer wieder Punkte, die auf Unverst\u00e4ndnis sto\u00dfen. Wir versuchen daher noch umfassender zu informieren und denken gerade \u00fcber weitere Formate nach, wie wir weiter Transparenz schaffen k\u00f6nnen, um den B\u00fcrgerinnen und B\u00fcrger die Hintergr\u00fcnde f\u00fcr unser Handeln und unsere Entscheidungen verst\u00e4ndlich zu machen.\u201c<\/p>\n\n\n\n<p>Stand Freitag sind im Landkreis 404 F\u00e4lle von Corona-Infektionen bekannt. Zu etwa 95 Prozent sind dabei im Kreis wohnende B\u00fcrgerinnen und B\u00fcrger betroffen. Das Infektionsgeschehen erstreckt sich \u00fcber das gesamte Kreisgebiet. Ansteckungen gibt es insbesondere im famili\u00e4ren Rahmen sowie an den Arbeitspl\u00e4tzen. Dort, wo es keine M\u00f6glichkeit gibt im Homeoffice zu arbeiten, sollten daher verst\u00e4rkt die Hygienebedingungen eingehalten und vor allen Dingen medizinische Masken getragen werden. Landrat Brechtel macht trotz der Lage Hoffnung und zeigt sich zuversichtlich: \u201eWir erhalten in K\u00fcrze vermehrt Impfstoff. Au\u00dferdem haben wir das Land in mehreren Punkten um Unterst\u00fctzung angefragt. Ab n\u00e4chster Woche werden wir bereits an Pilotschulen erste Corona-Selbsttests durchf\u00fchren. Wenn wir uns jetzt noch eine Weile diszipliniert verhalten, noch einmal dieser Pflichtaufgabe stellen und die Herausforderung annehmen, dann ist dies die beste Voraussetzungen f\u00fcr k\u00fcnftige Lockerungen \u2013 davon bin ich fest \u00fcberzeugt.\u201c<\/p>\n\n\n\n<h4 class=\"wp-block-heading\">Lesen sie hier die neue Allgemeinverf\u00fcgung des Landkreises Germersheim:  <a href=\"https:\/\/www.kreis-germersheim.de\/kv_germersheim\/Kreisverwaltung\/Amtsbl%C3%A4tter\/Amtsbl%C3%A4tter%202021\/210305%20Amtsblatt%2012-2021.pdf\">Amtsblatt (kreis-germersheim.de)<\/a> <\/h4>\n\n\n\n<p><em>Kreisverwaltung Germersheim<br>06.03.2021<\/em><\/p>\n\n\n\n<h2 class=\"wp-block-heading\"><strong>Landrat Brechtel: Infektionsgeschehen konsequent bek\u00e4mpfen<\/strong><\/h2>\n\n\n\n<h3 class=\"wp-block-heading\"><strong>Land muss Hot Spot mit Ressourcen unterst\u00fctzen<\/strong><\/h3>\n\n\n\n<figure class=\"wp-block-image\"><img decoding=\"async\" loading=\"lazy\" width=\"800\" height=\"533\" src=\"https:\/\/speyer24news.com\/wp-content\/uploads\/2020\/02\/coronavirus-4810201_1920.jpg\" alt=\"\" class=\"wp-image-25125\" srcset=\"https:\/\/speyer24news.com\/wp-content\/uploads\/2020\/02\/coronavirus-4810201_1920.jpg 800w, https:\/\/speyer24news.com\/wp-content\/uploads\/2020\/02\/coronavirus-4810201_1920-300x200.jpg 300w, https:\/\/speyer24news.com\/wp-content\/uploads\/2020\/02\/coronavirus-4810201_1920-768x512.jpg 768w\" sizes=\"(max-width: 800px) 100vw, 800px\" \/><\/figure>\n\n\n\n<p>Landrat Dr. Fritz Brechtel will die Pandemie-Situation im Landkreis Germersheim mit einer heute im Rahmen einer Pressekonferenz vorgestellten \u201e5-Punkte-Strategie\u201c \u00fcberwinden. Die Inzidenz liegt am Donnerstag bei 137,2. Der Landkreis Germersheim hat damit die mit Abstand h\u00f6chste Inzidenzlage in Rheinland-Pfalz. Au\u00dferdem entwickelt sich die Infektionslage derzeit im Kreis Germersheim weit dynamischer, als in den anderen Landkreisen und St\u00e4dten in Rheinland-Pfalz. Und nach der gestrigen Konferenz der Ministerpr\u00e4sidenten hat Ministerpr\u00e4sidentin Malu Dreyer klargestellt: \u201eKeinerlei Lockerungen f\u00fcr Landkreise ab Inzidenz von 100.\u201c<\/p>\n\n\n\n<p>Als promoviertem Naturwissenschaftler ist Brechtel bewusst, wie wichtig eine gr\u00fcndliche Analyse der Ursachen ist, um wirkungsvolle Ma\u00dfnahmen zu ergreifen. Zusammen mit dem Leiter des Gesundheitsamtes, Amtsarzt Dr. Christian Jestrabek und dem Ersten Kreisbeigeordneten, Christoph Buttweiler, hat er die aktuelle Situation detailliert betrachtet. Brechtel w\u00f6rtlich: \u201eDerzeit gibt es keinen Infektionsherd, der sich deutlich heraushebt. Das Infektionsgeschehen ist sehr diffus. Es sind mehrere Faktoren beteiligt aber den einen gro\u00dfen Ausl\u00f6ser gibt es derzeit definitiv nicht.\u201c<\/p>\n\n\n\n<p>Da die drei- bis viermal so ansteckende britische Virus-Mutation im Kreis auf dem Vormarsch ist, steigt die Zahl der Personen, die von einem mit Corona infizierten Menschen angesteckt werden k\u00f6nnen, drastisch. Aktuell sind im Landkreis Germersheim 424 Menschen aktiv infiziert, die sich \u00fcber nahezu alle Orte verteilen.<\/p>\n\n\n\n<p>Zu den Infektionsketten: Etwa 50 Prozent der F\u00e4lle betreffen Erwachsene zwischen 20 und 50 Jahren, die voll im Berufsleben stehen. Wechselseitig werden die Infektionen aus der Familie an den Arbeitsplatz getragen und umgekehrt. Innerhalb der Familien werden die Gro\u00dfeltern (25%) oder die Kinder (25%) angesteckt. Infizierte Kinder wiederum zeigen meist keine Symptome, k\u00f6nnen aber andere anstecken. Aus dieser Perspektive ist es von gro\u00dfem Vorteil, dass die Schulen derzeit nur in Notbetreuung sind. Auch die Kitas bieten nur einen \u201eRegelbetrieb bei dringendem Bedarf\u201c.<\/p>\n\n\n\n<p>Allerdings ergeben sich auch kleinere Hot Spots. So sind beispielsweise von 85 Besch\u00e4ftigten eines Betriebes in Nordbaden, die im Kreis Germersheim leben, 17 infiziert, weitere 43 als Kontaktpersonen ebenfalls in Quarant\u00e4ne. Die betroffenen Mitarbeiter einer Raffinerie spielen dank eines sehr guten Hygienekonzeptes inzwischen keine Rolle mehr im aktuellen Pandemiegeschehen. Auch von den etwa 1.850 Pendlern aus dem Elsass, die im Kreis Germersheim arbeiten, sind aktuell keine Infektionen bekannt.<\/p>\n\n\n\n<p>Alle F\u00e4lle werden konsequent nachverfolgt. Infizierte Menschen und Kontaktpersonen kommen so rasch wie m\u00f6glich in Quarant\u00e4ne. Dies funktioniert sehr gut. Etwa 35 bis 50 Prozent der neu positiven F\u00e4lle sind bereits in Quarant\u00e4ne, da sie bereits zuvor als Kontaktperson ermittelt wurden. \u201eHier ist der Ansteckungsherd bekannt und es ist m\u00f6glich, die Infektionskette durch schnelle und konsequente Absonderung zu unterbrechen\u201c, macht Brechtel Hoffnung. Bei F\u00e4llen in Kitas beispielsweise gelinge das derzeit gut, auch weil die Leitungen sehr verantwortungsvoll handelten. So sind aktuell nur sechs von insgesamt mehr als 80 Einrichtungen betroffen. Die Ziele sind klar definiert: Die Infektionszahlen senken und zu m\u00f6glichst gro\u00dfer Normalit\u00e4t zur\u00fcckkehren. Ganz oben auf der Liste steht dabei die \u00d6ffnung von Schulen, wof\u00fcr allerdings die Voraussetzungen geschaffen werden m\u00fcssen. Gesch\u00e4fte, Betriebe, Einrichtungen, Vereinsleben, Veranstaltungen \u2013 in allen Bereichen streben die Menschen nach einem Jahr Pandemie nach Freiheiten. Kindertagesst\u00e4tten sind bereits im Regelbetrieb, allerdings eingeschr\u00e4nkt auf \u201edringenden Bedarf\u201c.<\/p>\n\n\n\n<p>Landrat Brechtel will nun mit einem \u201e5-Punkte-Programm\u201c die Schritte vom Hot Spot zu einem Kreis mit niedriger Inzidenz schaffen. Bei vielen Punkten ben\u00f6tigt er die Zustimmung und Unterst\u00fctzung des Landes:<\/p>\n\n\n\n<h4 class=\"wp-block-heading\"><strong>1. Verst\u00e4rkte Unterst\u00fctzung durch das Land<\/strong><\/h4>\n\n\n\n<p>Landrat Dr. Fritz Brechtel erwartet vom Land Rheinland-Pfalz eine Strategie, die landesweit vorhandenen Ressourcen auf den Hot Spot, in diesem Fall Germersheim, zu konzentrieren. \u201eEs ist wie bei der Feuerwehr. Im Falle eines Brandes muss man seine Mittel konzentriert dort einsetzen, wo es brennt. Denn dort helfen Sie am meisten\u201c, so Brechtel. \u201eF\u00fcr den Kreis Germersheim ben\u00f6tigen wir vor allem zus\u00e4tzliche Impfstoffe, Schnelltests, Polizei- und Ordnungskr\u00e4fte, rasche Verfahrensabsprachen, Genehmigungen und Entscheidungen des Landes.\u201c<\/p>\n\n\n\n<h4 class=\"wp-block-heading\"><strong>2. Schulen und Kitas schnellstm\u00f6glich \u00f6ffnen \u2013 und offen bleiben<\/strong><\/h4>\n\n\n\n<p>Damit Schulen in den Wechselunterricht und Kitas in den Regelbetrieb \u00fcbergehen k\u00f6nnen ist es n\u00f6tig, allen Sch\u00fclern und Lehrkr\u00e4ften auf freiwilliger Basis einfach zu handhabende Selbsttests zur Verf\u00fcgung zu stellen \u2013 das sollte bei den Beteiligten zur Routine werden. Au\u00dferdem ist das Personal von Schulen und Kitas schnellstm\u00f6glich zu impfen, um die Sicherheit weiter zu erh\u00f6hen.<\/p>\n\n\n\n<h4 class=\"wp-block-heading\"><strong>3. St\u00e4rkere Kontrolle der Einhaltung der Corona-Regeln<\/strong><\/h4>\n\n\n\n<p>Um verst\u00e4rkt Kontrollen durchf\u00fchren zu k\u00f6nnen, bedarf es mehr Pr\u00e4senz von Polizei und Mitarbeitenden in den Ordnungs\u00e4mtern. \u201eErfreulicherweise halten sich die meisten Menschen an die Anordnungen. Aber wir ben\u00f6tigen mehr Kontrollen, um auch die wenigen Uneinsichtigen zur Einsicht zu bringen, wenn beispielsweise eine Maskenpflicht einzuhalten ist.\u201c so der Landrat.<\/p>\n\n\n\n<h4 class=\"wp-block-heading\"><strong>4. Infektionsf\u00e4lle weiterhin schnell und konsequent nachverfolgen<\/strong><\/h4>\n\n\n\n<p>Hierzu bedarf es weiterer personeller Verst\u00e4rkung f\u00fcr das Gesundheitsamt; insbesondere, um Quarant\u00e4nen schneller anzuordnen und Infektionsketten rasch unterbrechen zu k\u00f6nnen. Aktuell sind 46 Mitarbeiter allein f\u00fcr die Kontaktnachverfolgung eingesetzt.<\/p>\n\n\n\n<h4 class=\"wp-block-heading\"><strong>5. Verl\u00e4ngerung der mit Ministerium vorgegebenen\/abgestimmten Ma\u00dfnahmen<\/strong><\/h4>\n\n\n\n<p>Entsprechend den Vorgaben des Landes \u2013 ab einer Inzidenz von 100 bestehen keinerlei M\u00f6glichkeiten f\u00fcr Lockerungen \u2013 wird die Allgemeinverf\u00fcgung um eine Woche verl\u00e4ngert. Das hei\u00dft, dass die Schulen im Landkreis, auch die weiterf\u00fchrenden Schulen, weiterhin im Fernunterricht bleiben. Es gilt au\u00dferdem die erweiterte Maskenpflicht sowie die bekannten Ausgangsbeschr\u00e4nkungen f\u00fcr die Zeit von 21 bis 5 Uhr.<\/p>\n\n\n\n<figure class=\"wp-block-image\"><img decoding=\"async\" src=\"https:\/\/speyer24news.com\/wp-content\/uploads\/2020\/12\/Corona-Ausgangsbeschr\u00e4nkung.jpg\" alt=\"\" class=\"wp-image-31467\"\/><\/figure>\n\n\n\n<p>Brechtel: \u201eDa sich das Infektionsgeschehen diffus gestaltet, haben wir keinen konkreten Ansatzpunkt und m\u00fcssen daher konsequent an mehreren Hebeln ansetzen. Ganz wichtig ist uns die baldige \u00d6ffnung des Schulbetriebs. Das geht nicht ohne die Unterst\u00fctzung des Landes. Der Kreis ist ein Corona Hot Spot. Jetzt m\u00fcssen sich die Energien auf den Kreis Germersheim konzentrieren. Rheinland-Pfalz muss eine Hot-Spot-Strategie etablieren &#8211; und zwar schnellstm\u00f6glich. Nur mit konsequentem Handeln und massivem Einsatz werden wir die Situation in einer zufriedenstellenden Zeit in den Griff bekommen \u2013 was in der Konsequenz dem ganzen Land hilft.\u201c Auch Ministerpr\u00e4sidentin Malu Dreyer hat in ihrer Pressekonferenz vom heutigen Tag Landkreise mit einer Inzidenz von \u00fcber 100 explizit aufgefordert, weiterf\u00fchrende Ma\u00dfnahmen, wie beispielsweise Ausgangsbeschr\u00e4nkungen durch Allgemeinverf\u00fcgungen zu erlassen. Brechtel fordert nun vom Land f\u00fcr den Kreis Germersheim einfach zu handhabende Schnelltests f\u00fcr alle Sch\u00fclerinnen, Sch\u00fcler und das Schul- beziehungsweise Kita-Personal. Das Gesundheitsamt muss zur schnellen Nachverfolgung der F\u00e4lle personelle Unterst\u00fctzung erhalten \u2013 zum Beispiel aus Kreisen mit sehr wenigen F\u00e4llen. Polizei und Ordnungs\u00e4mter m\u00fcssen ebenfalls verst\u00e4rkt werden.<\/p>\n\n\n\n<p>Brechtel: \u201eHier ist das Land in der Verantwortung, nachhaltig zu unterst\u00fctzen. Nur mit einer solidarischen Hot-Spot-Strategie k\u00f6nnen wir die Krise schneller bew\u00e4ltigen.\u201c Als Sofortma\u00dfnahme will der Kreis die Selbsttests f\u00fcr Sch\u00fclerinnen und Sch\u00fcler in der Pilotphase selbst etablieren und gegebenenfalls vorfinanzieren. \u201eWir wollen und wir werden die belastende Pandemie-Situation mit aller Konsequenz bek\u00e4mpfen.\u201c<\/p>\n\n\n\n<p><em>Kreisverwaltung Germersheim<br>06.03.2021<\/em><\/p>\n\n\n\n<h2 class=\"wp-block-heading\" style=\"text-align:center\"><strong>Coronavirus &#8211; Fallzahlen im Landkreis Germersheim<\/strong><\/h2>\n\n\n\n<figure class=\"wp-block-image\"><img decoding=\"async\" loading=\"lazy\" width=\"800\" height=\"400\" src=\"https:\/\/speyer24news.com\/wp-content\/uploads\/2020\/02\/virus-1812092_1920.jpg\" alt=\"\" class=\"wp-image-25128\" srcset=\"https:\/\/speyer24news.com\/wp-content\/uploads\/2020\/02\/virus-1812092_1920.jpg 800w, https:\/\/speyer24news.com\/wp-content\/uploads\/2020\/02\/virus-1812092_1920-300x150.jpg 300w, https:\/\/speyer24news.com\/wp-content\/uploads\/2020\/02\/virus-1812092_1920-768x384.jpg 768w\" sizes=\"(max-width: 800px) 100vw, 800px\" \/><\/figure>\n\n\n\n<h2 class=\"wp-block-heading\">Freitag (5. M\u00e4rz 2021)<\/h2>\n\n\n\n<p>Aktuell gibt\nes im Landkreis Germersheim 404 best\u00e4tigte positive F\u00e4lle, die Gesamtzahl bel\u00e4uft\nsich auf 3674 Infizierte seit Beginn der Pandemie (+ 13 F\u00e4lle).<\/p>\n\n\n\n<table class=\"wp-block-table\"><tbody><tr><td><strong>VG \/ Stadt<\/strong>   <\/td><td><strong>Ort<\/strong>   <\/td><td><strong>Infizierte seit Beginn der Pandemie<\/strong>   <\/td><td><strong>Aktuell infizierte Personen<\/strong>   <\/td><td><strong>Gesundete bzw. nicht mehr infizierte Personen<\/strong>   <\/td><td><strong>Leider an oder mit Covid-19 verstorbene Personen<\/strong>   <\/td><\/tr><tr><td>\n  VG Hagenbach\n  <\/td><td>\n  Berg\n  <\/td><td>\n  35\n  <\/td><td>\n  2\n  <\/td><td>\n  33\n  <\/td><td>\n  0\n  <\/td><\/tr><tr><td>\n  &nbsp;\n  <\/td><td>\n  Hagenbach\n  <\/td><td>\n  149\n  <\/td><td>\n  11\n  <\/td><td>\n  123\n  <\/td><td>\n  15\n  <\/td><\/tr><tr><td>\n  &nbsp;\n  <\/td><td>\n  Neuburg\n  <\/td><td>\n  76\n  <\/td><td>\n  4\n  <\/td><td>\n  69\n  <\/td><td>\n  3\n  <\/td><\/tr><tr><td>\n  &nbsp;\n  <\/td><td>\n  Scheibenhardt\n  <\/td><td>\n  15\n  <\/td><td>\n  2\n  <\/td><td>\n  13\n  <\/td><td>\n  0\n  <\/td><\/tr><tr><td>\n  <strong>&nbsp;<\/strong>\n  <\/td><td>\n  <strong>Summen<\/strong><strong><\/strong>\n  <\/td><td>\n  <strong>275<\/strong><strong><\/strong>\n  <\/td><td>\n  <strong>19<\/strong><strong><\/strong>\n  <\/td><td>\n  <strong>238<\/strong><strong><\/strong>\n  <\/td><td>\n  <strong>18<\/strong><strong><\/strong>\n  <\/td><\/tr><tr><td>\n  W\u00f6rth\n  <\/td><td>\n  Maximiliansau\n  <\/td><td>\n  150\n  <\/td><td>\n  10\n  <\/td><td>\n  138\n  <\/td><td>\n  2\n  <\/td><\/tr><tr><td>\n  &nbsp;\n  <\/td><td>\n  Schaidt\n  <\/td><td>\n  30\n  <\/td><td>\n  10\n  <\/td><td>\n  20\n  <\/td><td>\n  0\n  <\/td><\/tr><tr><td>\n  &nbsp;\n  <\/td><td>\n  W\u00f6rth, Stadt\n  <\/td><td>\n  348\n  <\/td><td>\n  75\n  <\/td><td>\n  269\n  <\/td><td>\n  4\n  <\/td><\/tr><tr><td>\n  &nbsp;\n  <\/td><td>\n  B\u00fcchelberg\n  <\/td><td>\n  26\n  <\/td><td>\n  0\n  <\/td><td>\n  26\n  <\/td><td>\n  0\n  <\/td><\/tr><tr><td>\n  <strong>&nbsp;<\/strong>\n  <\/td><td>\n  <strong>Summen<\/strong><strong><\/strong>\n  <\/td><td>\n  <strong>554<\/strong><strong><\/strong>\n  <\/td><td>\n  <strong>95<\/strong><strong><\/strong>\n  <\/td><td>\n  <strong>453<\/strong><strong><\/strong>\n  <\/td><td>\n  <strong>6<\/strong><strong><\/strong>\n  <\/td><\/tr><tr><td>\n  VG Kandel\n  <\/td><td>\n  Erlenbach\n  <\/td><td>\n  9\n  <\/td><td>\n  0\n  <\/td><td>\n  9\n  <\/td><td>\n  0\n  <\/td><\/tr><tr><td>\n  &nbsp;\n  <\/td><td>\n  Freckenfeld\n  <\/td><td>\n  33\n  <\/td><td>\n  2\n  <\/td><td>\n  31\n  <\/td><td>\n  0\n  <\/td><\/tr><tr><td>\n  &nbsp;\n  <\/td><td>\n  Kandel\n  <\/td><td>\n  190\n  <\/td><td>\n  31\n  <\/td><td>\n  156\n  <\/td><td>\n  3\n  <\/td><\/tr><tr><td>\n  &nbsp;\n  <\/td><td>\n  Minfeld\n  <\/td><td>\n  32\n  <\/td><td>\n  2\n  <\/td><td>\n  30\n  <\/td><td>\n  0\n  <\/td><\/tr><tr><td>\n  &nbsp;\n  <\/td><td>\n  Steinweiler\n  <\/td><td>\n  55\n  <\/td><td>\n  14\n  <\/td><td>\n  41\n  <\/td><td>\n  0\n  <\/td><\/tr><tr><td>\n  &nbsp;\n  <\/td><td>\n  Vollmersweiler\n  <\/td><td>\n  1\n  <\/td><td>\n  0\n  <\/td><td>\n  1\n  <\/td><td>\n  0\n  <\/td><\/tr><tr><td>\n  &nbsp;\n  <\/td><td>\n  Winden\n  <\/td><td>\n  25\n  <\/td><td>\n  3\n  <\/td><td>\n  21\n  <\/td><td>\n  1\n  <\/td><\/tr><tr><td>\n  &nbsp;\n  <\/td><td>\n  <strong>Summen<\/strong><strong><\/strong>\n  <\/td><td>\n  <strong>345<\/strong><strong><\/strong>\n  <\/td><td>\n  <strong>52<\/strong><strong><\/strong>\n  <\/td><td>\n  <strong>289<\/strong><strong><\/strong>\n  <\/td><td>\n  <strong>4<\/strong><strong><\/strong>\n  <\/td><\/tr><tr><td>\n  VG Jockgrim\n  <\/td><td>\n  Hatzenb\u00fchl\n  <\/td><td>\n  51\n  <\/td><td>\n  3\n  <\/td><td>\n  48\n  <\/td><td>\n  0\n  <\/td><\/tr><tr><td>\n  &nbsp;\n  <\/td><td>\n  Jockgrim\n  <\/td><td>\n  182\n  <\/td><td>\n  33\n  <\/td><td>\n  144\n  <\/td><td>\n  5\n  <\/td><\/tr><tr><td>\n  &nbsp;\n  <\/td><td>\n  Neupotz\n  <\/td><td>\n  32\n  <\/td><td>\n  3\n  <\/td><td>\n  26\n  <\/td><td>\n  3\n  <\/td><\/tr><tr><td>\n  &nbsp;\n  <\/td><td>\n  Rheinzabern\n  <\/td><td>\n  112\n  <\/td><td>\n  18\n  <\/td><td>\n  91\n  <\/td><td>\n  3\n  <\/td><\/tr><tr><td>\n  &nbsp;\n  <\/td><td>\n  <strong>Summen<\/strong><strong><\/strong>\n  <\/td><td>\n  <strong>377<\/strong><strong><\/strong>\n  <\/td><td>\n  <strong>57<\/strong><strong><\/strong>\n  <\/td><td>\n  <strong>309<\/strong><strong><\/strong>\n  <\/td><td>\n  <strong>11<\/strong><strong><\/strong>\n  <\/td><\/tr><tr><td>\n  VG R\u00fclzheim\n  <\/td><td>\n  H\u00f6rdt\n  <\/td><td>\n  80\n  <\/td><td>\n  6\n  <\/td><td>\n  74\n  <\/td><td>\n  0\n  <\/td><\/tr><tr><td>\n  &nbsp;\n  <\/td><td>\n  Kuhardt\n  <\/td><td>\n  51\n  <\/td><td>\n  3\n  <\/td><td>\n  48\n  <\/td><td>\n  0\n  <\/td><\/tr><tr><td>\n  &nbsp;\n  <\/td><td>\n  Leimersheim\n  <\/td><td>\n  45\n  <\/td><td>\n  2\n  <\/td><td>\n  42\n  <\/td><td>\n  1\n  <\/td><\/tr><tr><td>\n  &nbsp;\n  <\/td><td>\n  R\u00fclzheim\n  <\/td><td>\n  182\n  <\/td><td>\n  11\n  <\/td><td>\n  166\n  <\/td><td>\n  5\n  <\/td><\/tr><tr><td>\n  &nbsp;\n  <\/td><td>\n  <strong>Summen<\/strong><strong><\/strong>\n  <\/td><td>\n  <strong>358<\/strong><strong><\/strong>\n  <\/td><td>\n  <strong>22<\/strong><strong><\/strong>\n  <\/td><td>\n  <strong>330<\/strong><strong><\/strong>\n  <\/td><td>\n  <strong>6<\/strong><strong><\/strong>\n  <\/td><\/tr><tr><td>\n  VG Bellheim\n  <\/td><td>\n  Bellheim\n  <\/td><td>\n  287\n  <\/td><td>\n  7\n  <\/td><td>\n  252\n  <\/td><td>\n  28\n  <\/td><\/tr><tr><td>\n  &nbsp;\n  <\/td><td>\n  Knittelsheim\n  <\/td><td>\n  27\n  <\/td><td>\n  1\n  <\/td><td>\n  26\n  <\/td><td>\n  0\n  <\/td><\/tr><tr><td>\n  &nbsp;\n  <\/td><td>\n  Ottersheim\n  <\/td><td>\n  54\n  <\/td><td>\n  5\n  <\/td><td>\n  49\n  <\/td><td>\n  0\n  <\/td><\/tr><tr><td>\n  &nbsp;\n  <\/td><td>\n  Zeiskam\n  <\/td><td>\n  60\n  <\/td><td>\n  9\n  <\/td><td>\n  51\n  <\/td><td>\n  0\n  <\/td><\/tr><tr><td>\n  &nbsp;\n  <\/td><td>\n  <strong>Summen<\/strong><strong><\/strong>\n  <\/td><td>\n  <strong>428<\/strong><strong><\/strong>\n  <\/td><td>\n  <strong>22<\/strong><strong><\/strong>\n  <\/td><td>\n  <strong>378<\/strong><strong><\/strong>\n  <\/td><td>\n  <strong>28<\/strong><strong><\/strong>\n  <\/td><\/tr><tr><td>\n  Germersheim + So\n  <\/td><td>\n  &nbsp;\n  <\/td><td>\n  760\n  <\/td><td>\n  84\n  <\/td><td>\n  664\n  <\/td><td>\n  12\n  <\/td><\/tr><tr><td>\n  &nbsp;\n  <\/td><td>\n  <strong>Summen<\/strong><strong><\/strong>\n  <\/td><td>\n  <strong>760<\/strong><strong><\/strong>\n  <\/td><td>\n  <strong>84<\/strong><strong><\/strong>\n  <\/td><td>\n  <strong>664<\/strong><strong><\/strong>\n  <\/td><td>\n  <strong>12<\/strong><strong><\/strong>\n  <\/td><\/tr><tr><td>\n  VG Lingenfeld\n  <\/td><td>\n  Freisbach\n  <\/td><td>\n  54\n  <\/td><td>\n  15\n  <\/td><td>\n  38\n  <\/td><td>\n  1\n  <\/td><\/tr><tr><td>\n  &nbsp;\n  <\/td><td>\n  Lingenfeld\n  <\/td><td>\n  189\n  <\/td><td>\n  6\n  <\/td><td>\n  176\n  <\/td><td>\n  7\n  <\/td><\/tr><tr><td>\n  &nbsp;\n  <\/td><td>\n  Lustadt\n  <\/td><td>\n  77\n  <\/td><td>\n  9\n  <\/td><td>\n  67\n  <\/td><td>\n  1\n  <\/td><\/tr><tr><td>\n  &nbsp;\n  <\/td><td>\n  Schwegenheim\n  <\/td><td>\n  119\n  <\/td><td>\n  16\n  <\/td><td>\n  103\n  <\/td><td>\n  0\n  <\/td><\/tr><tr><td>\n  &nbsp;\n  <\/td><td>\n  Weingarten\n  <\/td><td>\n  59\n  <\/td><td>\n  0\n  <\/td><td>\n  58\n  <\/td><td>\n  1\n  <\/td><\/tr><tr><td>\n  &nbsp;\n  <\/td><td>\n  Westheim\n  <\/td><td>\n  79\n  <\/td><td>\n  7\n  <\/td><td>\n  65\n  <\/td><td>\n  7\n  <\/td><\/tr><tr><td>\n  &nbsp;\n  <\/td><td>\n  <strong>Summen<\/strong><strong><\/strong>\n  <\/td><td>\n  <strong>577<\/strong><strong><\/strong>\n  <\/td><td>\n  <strong>53<\/strong><strong><\/strong>\n  <\/td><td>\n  <strong>507<\/strong><strong><\/strong>\n  <\/td><td>\n  <strong>17<\/strong><strong><\/strong>\n  <\/td><\/tr><tr><td>\n  &nbsp;\n  <\/td><td>\n  <strong>Endsummen<\/strong><strong><\/strong>\n  <\/td><td>\n  <strong>3674<\/strong><strong><\/strong>\n  <\/td><td>\n  <strong>404<\/strong><strong><\/strong>\n  <\/td><td>\n  <strong>3168<\/strong><strong><\/strong>\n  <\/td><td>\n  <strong>102<\/strong><strong><\/strong>\n  <\/td><\/tr><\/tbody><\/table>\n\n\n\n<h2 class=\"wp-block-heading\">Donnerstag (4. M\u00e4rz 2021)<\/h2>\n\n\n\n<p>Aktuell gibt\nes im Landkreis Germersheim 424 best\u00e4tigte positive F\u00e4lle, die Gesamtzahl bel\u00e4uft\nsich auf 3661 Infizierte seit Beginn der Pandemie (+ 21 F\u00e4lle).<\/p>\n\n\n\n<table class=\"wp-block-table\"><tbody><tr><td><strong>VG \/ Stadt<\/strong>   <\/td><td><strong>Ort<\/strong>   <\/td><td><strong>Infizierte seit Beginn der Pandemie<\/strong>   <\/td><td><strong>Aktuell infizierte Personen<\/strong>   <\/td><td><strong>Gesundete bzw. nicht mehr infizierte Personen<\/strong>   <\/td><td><strong>Leider an oder mit Covid-19 verstorbene Personen<\/strong>   <\/td><\/tr><tr><td>\n  VG Hagenbach\n  <\/td><td>\n  Berg\n  <\/td><td>\n  35\n  <\/td><td>\n  3\n  <\/td><td>\n  32\n  <\/td><td>\n  0\n  <\/td><\/tr><tr><td>\n  &nbsp;\n  <\/td><td>\n  Hagenbach\n  <\/td><td>\n  149\n  <\/td><td>\n  11\n  <\/td><td>\n  123\n  <\/td><td>\n  15\n  <\/td><\/tr><tr><td>\n  &nbsp;\n  <\/td><td>\n  Neuburg\n  <\/td><td>\n  76\n  <\/td><td>\n  4\n  <\/td><td>\n  69\n  <\/td><td>\n  3\n  <\/td><\/tr><tr><td>\n  &nbsp;\n  <\/td><td>\n  Scheibenhardt\n  <\/td><td>\n  15\n  <\/td><td>\n  2\n  <\/td><td>\n  13\n  <\/td><td>\n  0\n  <\/td><\/tr><tr><td>\n  <strong>&nbsp;<\/strong>\n  <\/td><td>\n  <strong>Summen<\/strong><strong><\/strong>\n  <\/td><td>\n  <strong>275<\/strong><strong><\/strong>\n  <\/td><td>\n  <strong>20<\/strong><strong><\/strong>\n  <\/td><td>\n  <strong>237<\/strong><strong><\/strong>\n  <\/td><td>\n  <strong>18<\/strong><strong><\/strong>\n  <\/td><\/tr><tr><td>\n  W\u00f6rth\n  <\/td><td>\n  Maximiliansau\n  <\/td><td>\n  150\n  <\/td><td>\n  10\n  <\/td><td>\n  138\n  <\/td><td>\n  2\n  <\/td><\/tr><tr><td>\n  &nbsp;\n  <\/td><td>\n  Schaidt\n  <\/td><td>\n  30\n  <\/td><td>\n  11\n  <\/td><td>\n  19\n  <\/td><td>\n  0\n  <\/td><\/tr><tr><td>\n  &nbsp;\n  <\/td><td>\n  W\u00f6rth, Stadt\n  <\/td><td>\n  344\n  <\/td><td>\n  78\n  <\/td><td>\n  262\n  <\/td><td>\n  4\n  <\/td><\/tr><tr><td>\n  &nbsp;\n  <\/td><td>\n  B\u00fcchelberg\n  <\/td><td>\n  26\n  <\/td><td>\n  4\n  <\/td><td>\n  22\n  <\/td><td>\n  0\n  <\/td><\/tr><tr><td>\n  <strong>&nbsp;<\/strong>\n  <\/td><td>\n  <strong>Summen<\/strong><strong><\/strong>\n  <\/td><td>\n  <strong>550<\/strong><strong><\/strong>\n  <\/td><td>\n  <strong>103<\/strong><strong><\/strong>\n  <\/td><td>\n  <strong>441<\/strong><strong><\/strong>\n  <\/td><td>\n  <strong>6<\/strong><strong><\/strong>\n  <\/td><\/tr><tr><td>\n  VG Kandel\n  <\/td><td>\n  Erlenbach\n  <\/td><td>\n  9\n  <\/td><td>\n  0\n  <\/td><td>\n  9\n  <\/td><td>\n  0\n  <\/td><\/tr><tr><td>\n  &nbsp;\n  <\/td><td>\n  Freckenfeld\n  <\/td><td>\n  33\n  <\/td><td>\n  2\n  <\/td><td>\n  31\n  <\/td><td>\n  0\n  <\/td><\/tr><tr><td>\n  &nbsp;\n  <\/td><td>\n  Kandel\n  <\/td><td>\n  191\n  <\/td><td>\n  32\n  <\/td><td>\n  156\n  <\/td><td>\n  3\n  <\/td><\/tr><tr><td>\n  &nbsp;\n  <\/td><td>\n  Minfeld\n  <\/td><td>\n  32\n  <\/td><td>\n  2\n  <\/td><td>\n  30\n  <\/td><td>\n  0\n  <\/td><\/tr><tr><td>\n  &nbsp;\n  <\/td><td>\n  Steinweiler\n  <\/td><td>\n  56\n  <\/td><td>\n  15\n  <\/td><td>\n  41\n  <\/td><td>\n  0\n  <\/td><\/tr><tr><td>\n  &nbsp;\n  <\/td><td>\n  Vollmersweiler\n  <\/td><td>\n  1\n  <\/td><td>\n  0\n  <\/td><td>\n  1\n  <\/td><td>\n  0\n  <\/td><\/tr><tr><td>\n  &nbsp;\n  <\/td><td>\n  Winden\n  <\/td><td>\n  25\n  <\/td><td>\n  3\n  <\/td><td>\n  21\n  <\/td><td>\n  1\n  <\/td><\/tr><tr><td>\n  &nbsp;\n  <\/td><td>\n  <strong>Summen<\/strong><strong><\/strong>\n  <\/td><td>\n  <strong>347<\/strong><strong><\/strong>\n  <\/td><td>\n  <strong>54<\/strong><strong><\/strong>\n  <\/td><td>\n  <strong>289<\/strong><strong><\/strong>\n  <\/td><td>\n  <strong>4<\/strong><strong><\/strong>\n  <\/td><\/tr><tr><td>\n  VG Jockgrim\n  <\/td><td>\n  Hatzenb\u00fchl\n  <\/td><td>\n  49\n  <\/td><td>\n  1\n  <\/td><td>\n  48\n  <\/td><td>\n  0\n  <\/td><\/tr><tr><td>\n  &nbsp;\n  <\/td><td>\n  Jockgrim\n  <\/td><td>\n  182\n  <\/td><td>\n  38\n  <\/td><td>\n  139\n  <\/td><td>\n  5\n  <\/td><\/tr><tr><td>\n  &nbsp;\n  <\/td><td>\n  Neupotz\n  <\/td><td>\n  32\n  <\/td><td>\n  3\n  <\/td><td>\n  26\n  <\/td><td>\n  3\n  <\/td><\/tr><tr><td>\n  &nbsp;\n  <\/td><td>\n  Rheinzabern\n  <\/td><td>\n  112\n  <\/td><td>\n  18\n  <\/td><td>\n  91\n  <\/td><td>\n  3\n  <\/td><\/tr><tr><td>\n  &nbsp;\n  <\/td><td>\n  <strong>Summen<\/strong><strong><\/strong>\n  <\/td><td>\n  <strong>375<\/strong><strong><\/strong>\n  <\/td><td>\n  <strong>60<\/strong><strong><\/strong>\n  <\/td><td>\n  <strong>304<\/strong><strong><\/strong>\n  <\/td><td>\n  <strong>11<\/strong><strong><\/strong>\n  <\/td><\/tr><tr><td>\n  VG R\u00fclzheim\n  <\/td><td>\n  H\u00f6rdt\n  <\/td><td>\n  80\n  <\/td><td>\n  10\n  <\/td><td>\n  70\n  <\/td><td>\n  0\n  <\/td><\/tr><tr><td>\n  &nbsp;\n  <\/td><td>\n  Kuhardt\n  <\/td><td>\n  51\n  <\/td><td>\n  3\n  <\/td><td>\n  48\n  <\/td><td>\n  0\n  <\/td><\/tr><tr><td>\n  &nbsp;\n  <\/td><td>\n  Leimersheim\n  <\/td><td>\n  45\n  <\/td><td>\n  2\n  <\/td><td>\n  42\n  <\/td><td>\n  1\n  <\/td><\/tr><tr><td>\n  &nbsp;\n  <\/td><td>\n  R\u00fclzheim\n  <\/td><td>\n  182\n  <\/td><td>\n  12\n  <\/td><td>\n  165\n  <\/td><td>\n  5\n  <\/td><\/tr><tr><td>\n  &nbsp;\n  <\/td><td>\n  <strong>Summen<\/strong><strong><\/strong>\n  <\/td><td>\n  <strong>358<\/strong><strong><\/strong>\n  <\/td><td>\n  <strong>27<\/strong><strong><\/strong>\n  <\/td><td>\n  <strong>325<\/strong><strong><\/strong>\n  <\/td><td>\n  <strong>6<\/strong><strong><\/strong>\n  <\/td><\/tr><tr><td>\n  VG Bellheim\n  <\/td><td>\n  Bellheim\n  <\/td><td>\n  286\n  <\/td><td>\n  7\n  <\/td><td>\n  251\n  <\/td><td>\n  28\n  <\/td><\/tr><tr><td>\n  &nbsp;\n  <\/td><td>\n  Knittelsheim\n  <\/td><td>\n  27\n  <\/td><td>\n  1\n  <\/td><td>\n  26\n  <\/td><td>\n  0\n  <\/td><\/tr><tr><td>\n  &nbsp;\n  <\/td><td>\n  Ottersheim\n  <\/td><td>\n  54\n  <\/td><td>\n  5\n  <\/td><td>\n  49\n  <\/td><td>\n  0\n  <\/td><\/tr><tr><td>\n  &nbsp;\n  <\/td><td>\n  Zeiskam\n  <\/td><td>\n  60\n  <\/td><td>\n  11\n  <\/td><td>\n  49\n  <\/td><td>\n  0\n  <\/td><\/tr><tr><td>\n  &nbsp;\n  <\/td><td>\n  <strong>Summen<\/strong><strong><\/strong>\n  <\/td><td>\n  <strong>427<\/strong><strong><\/strong>\n  <\/td><td>\n  <strong>24<\/strong><strong><\/strong>\n  <\/td><td>\n  <strong>375<\/strong><strong><\/strong>\n  <\/td><td>\n  <strong>28<\/strong><strong><\/strong>\n  <\/td><\/tr><tr><td>\n  Germersheim + So\n  <\/td><td>\n  &nbsp;\n  <\/td><td>\n  755\n  <\/td><td>\n  84\n  <\/td><td>\n  659\n  <\/td><td>\n  12\n  <\/td><\/tr><tr><td>\n  &nbsp;\n  <\/td><td>\n  <strong>Summen<\/strong><strong><\/strong>\n  <\/td><td>\n  <strong>755<\/strong><strong><\/strong>\n  <\/td><td>\n  <strong>84<\/strong><strong><\/strong>\n  <\/td><td>\n  <strong>659<\/strong><strong><\/strong>\n  <\/td><td>\n  <strong>12<\/strong><strong><\/strong>\n  <\/td><\/tr><tr><td>\n  VG Lingenfeld\n  <\/td><td>\n  Freisbach\n  <\/td><td>\n  53\n  <\/td><td>\n  14\n  <\/td><td>\n  38\n  <\/td><td>\n  1\n  <\/td><\/tr><tr><td>\n  &nbsp;\n  <\/td><td>\n  Lingenfeld\n  <\/td><td>\n  188\n  <\/td><td>\n  5\n  <\/td><td>\n  176\n  <\/td><td>\n  7\n  <\/td><\/tr><tr><td>\n  &nbsp;\n  <\/td><td>\n  Lustadt\n  <\/td><td>\n  77\n  <\/td><td>\n  11\n  <\/td><td>\n  65\n  <\/td><td>\n  1\n  <\/td><\/tr><tr><td>\n  &nbsp;\n  <\/td><td>\n  Schwegenheim\n  <\/td><td>\n  118\n  <\/td><td>\n  15\n  <\/td><td>\n  103\n  <\/td><td>\n  0\n  <\/td><\/tr><tr><td>\n  &nbsp;\n  <\/td><td>\n  Weingarten\n  <\/td><td>\n  59\n  <\/td><td>\n  0\n  <\/td><td>\n  58\n  <\/td><td>\n  1\n  <\/td><\/tr><tr><td>\n  &nbsp;\n  <\/td><td>\n  Westheim\n  <\/td><td>\n  79\n  <\/td><td>\n  7\n  <\/td><td>\n  65\n  <\/td><td>\n  7\n  <\/td><\/tr><tr><td>\n  &nbsp;\n  <\/td><td>\n  <strong>Summen<\/strong><strong><\/strong>\n  <\/td><td>\n  <strong>574<\/strong><strong><\/strong>\n  <\/td><td>\n  <strong>52<\/strong><strong><\/strong>\n  <\/td><td>\n  <strong>505<\/strong><strong><\/strong>\n  <\/td><td>\n  <strong>17<\/strong><strong><\/strong>\n  <\/td><\/tr><tr><td>\n  &nbsp;\n  <\/td><td>\n  <strong>Endsummen<\/strong><strong><\/strong>\n  <\/td><td>\n  <strong>3661<\/strong><strong><\/strong>\n  <\/td><td>\n  <strong>424<\/strong><strong><\/strong>\n  <\/td><td>\n  <strong>3135<\/strong><strong><\/strong>\n  <\/td><td>\n  <strong>102<\/strong><strong><\/strong>\n  <\/td><\/tr><\/tbody><\/table>\n\n\n\n<p><em>Kreisverwaltung Germersheim<br>06.03.2021<\/em><\/p>\n","protected":false},"excerpt":{"rendered":"<div class=\"mh-excerpt\"><p>CoronaVirus Landkreis Germersheim weiterhin mit hohen Inzidenzzahlen: Ma\u00dfnahmen zur Eind\u00e4mmung der Corona-Pandemie verl\u00e4ngert Die seit der letzten Woche im Landkreis Germersheim g\u00fcltigen Ma\u00dfnahmen zur Eind\u00e4mmung der Pandemie werden bis einschlie\u00dflich 14. M\u00e4rz verl\u00e4ngert. Nach Abstimmung <a class=\"mh-excerpt-more\" href=\"https:\/\/speyer24news.com\/?p=33891\" title=\"Germersheim &#038; Landkreis Germersheim\">[&#8230;]<\/a><\/p>\n<\/div>","protected":false},"author":3,"featured_media":0,"comment_status":"open","ping_status":"open","sticky":false,"template":"","format":"standard","meta":{"_monsterinsights_skip_tracking":false,"_monsterinsights_sitenote_active":false,"_monsterinsights_sitenote_note":"","_monsterinsights_sitenote_category":0,"footnotes":""},"categories":[449],"tags":[8140,9951,6902,10501,9205,9887,8739,6323,9746,9286,9616,6903,9745,9614,210,10500,5569],"aioseo_notices":[],"amp_enabled":true,"_links":{"self":[{"href":"https:\/\/speyer24news.com\/index.php?rest_route=\/wp\/v2\/posts\/33891"}],"collection":[{"href":"https:\/\/speyer24news.com\/index.php?rest_route=\/wp\/v2\/posts"}],"about":[{"href":"https:\/\/speyer24news.com\/index.php?rest_route=\/wp\/v2\/types\/post"}],"author":[{"embeddable":true,"href":"https:\/\/speyer24news.com\/index.php?rest_route=\/wp\/v2\/users\/3"}],"replies":[{"embeddable":true,"href":"https:\/\/speyer24news.com\/index.php?rest_route=%2Fwp%2Fv2%2Fcomments&post=33891"}],"version-history":[{"count":1,"href":"https:\/\/speyer24news.com\/index.php?rest_route=\/wp\/v2\/posts\/33891\/revisions"}],"predecessor-version":[{"id":33892,"href":"https:\/\/speyer24news.com\/index.php?rest_route=\/wp\/v2\/posts\/33891\/revisions\/33892"}],"wp:attachment":[{"href":"https:\/\/speyer24news.com\/index.php?rest_route=%2Fwp%2Fv2%2Fmedia&parent=33891"}],"wp:term":[{"taxonomy":"category","embeddable":true,"href":"https:\/\/speyer24news.com\/index.php?rest_route=%2Fwp%2Fv2%2Fcategories&post=33891"},{"taxonomy":"post_tag","embeddable":true,"href":"https:\/\/speyer24news.com\/index.php?rest_route=%2Fwp%2Fv2%2Ftags&post=33891"}],"curies":[{"name":"wp","href":"https:\/\/api.w.org\/{rel}","templated":true}]}}