{"id":33893,"date":"2021-03-06T17:51:11","date_gmt":"2021-03-06T16:51:11","guid":{"rendered":"https:\/\/speyer24news.com\/?p=33893"},"modified":"2021-03-07T07:05:19","modified_gmt":"2021-03-07T06:05:19","slug":"corona-virus-speyer-2","status":"publish","type":"post","link":"https:\/\/speyer24news.com\/?p=33893","title":{"rendered":"Corona-Virus Speyer"},"content":{"rendered":"<style type=\"text\/css\">\r\n\t.ads_top_disp{}\r\n\t.ads_top_corner_disp{ float:left; margin:0px 10px 10px 0px; }\r\n\t.ads_first_p_disp{}\r\n\t.ads_bottom_disp{}\r\n\t<\/style>\n<h2 class=\"wp-block-heading\"><strong>17. Corona Bek\u00e4mpfungsverordnung des Landes und \u00fcberarbeitete Allgemeinverf\u00fcgung der Stadt ver\u00f6ffentlicht<\/strong><\/h2>\n\n\n\n<div class=\"wp-block-image\"><figure class=\"aligncenter\"><img decoding=\"async\" loading=\"lazy\" width=\"500\" height=\"500\" src=\"https:\/\/speyer24news.com\/wp-content\/uploads\/2020\/02\/virus-4810549_1920.png\" alt=\"\" class=\"wp-image-25116\" srcset=\"https:\/\/speyer24news.com\/wp-content\/uploads\/2020\/02\/virus-4810549_1920.png 500w, https:\/\/speyer24news.com\/wp-content\/uploads\/2020\/02\/virus-4810549_1920-150x150.png 150w, https:\/\/speyer24news.com\/wp-content\/uploads\/2020\/02\/virus-4810549_1920-300x300.png 300w\" sizes=\"(max-width: 500px) 100vw, 500px\" \/><\/figure><\/div>\n\n\n\n<p>Am sp\u00e4ten Freitagabend hat das Land Rheinland-Pfalz die 17. Corona Bek\u00e4mpfungsverordnung (17. CoBeLVO) ver\u00f6ffentlicht, die am Montag, 8. M\u00e4rz 2021 in Kraft tritt und die in dieser Woche durch Bund und L\u00e4nder beschlossenen Regelungen in einer Rechtsverordnung umsetzt. Sie ersetzt die 16. CoBeLVO und tritt mit Ablauf des 28. M\u00e4rz 2021 au\u00dfer Kraft. Parallel hat die Stadt Speyer ihre Allgemeinverf\u00fcgung verl\u00e4ngert und die bestehende Maskenpflicht in der Innenstadt auf die Gilgenstra\u00dfe und den Berliner Platz ausgeweitet.<\/p>\n\n\n\n<p>\u201eEs handelt sich&nbsp;beim Berliner Platz&nbsp;um einen zentralen,&nbsp;h\u00e4ufig&nbsp;stark frequentierten Platz. Wie der Kommunale Vollzugsdienst &nbsp;bei seinen Kontrollen in den letzten Wochen feststellen musste, wurden&nbsp;auf dem Platz&nbsp;die Abstandsvorschriften regelm\u00e4\u00dfig nicht eingehalten&nbsp;bzw. konnten aufgrund des gro\u00dfen Besucheraufkommens auch nicht eingehalten werden.&nbsp;Da sich&nbsp;vor Ort ein&nbsp;Spielplatz&nbsp;befindet, verlassen&nbsp;viele Eltern&nbsp;den Spielplatzbereich, um&nbsp;in unmittelbarer N\u00e4he&nbsp;ohne Maske und zum Teil in Gruppen zu verweilen.&nbsp;<\/p>\n\n\n\n<div class=\"wp-block-image\"><figure class=\"aligncenter\"><img decoding=\"async\" loading=\"lazy\" width=\"600\" height=\"603\" src=\"https:\/\/speyer24news.com\/wp-content\/uploads\/2021\/03\/WhatsApp-Image-2021-03-06-at-17.46.45.jpeg\" alt=\"\" class=\"wp-image-33894\" srcset=\"https:\/\/speyer24news.com\/wp-content\/uploads\/2021\/03\/WhatsApp-Image-2021-03-06-at-17.46.45.jpeg 600w, https:\/\/speyer24news.com\/wp-content\/uploads\/2021\/03\/WhatsApp-Image-2021-03-06-at-17.46.45-150x150.jpeg 150w\" sizes=\"(max-width: 600px) 100vw, 600px\" \/><\/figure><\/div>\n\n\n\n<p>Hinzu kommt, dass Virusmutanten entscheidend das Infektionsgeschehen in unserer Stadt mitbestimmen. Da die Stadt&nbsp; auch&nbsp;angesichts der anstehenden Lockerungen seitens des Landes vor gro\u00dfe Herausforderungen gestellt wird, m\u00fcssen wir entsprechende Schutzma\u00dfnahmen beibehalten und ergreifen&#8220;, erl\u00e4utert Oberb\u00fcrgermeisterin Stefanie Seiler die Entscheidung.<\/p>\n\n\n\n<p>Gem\u00e4\u00df der Beschl\u00fcsse von Bund und L\u00e4ndern wird der Lockdown grunds\u00e4tzlich bis 28. M\u00e4rz 2021 verl\u00e4ngert. Gleichzeitig wurden jedoch weitere Lockerungsschritte beschlossen, die eng an die jeweiligen Inzidenzwerte gekoppelt sind und durch einen Notbremsmechanismus abgesichert werden.<\/p>\n\n\n\n<p>Nachdem der erste \u00d6ffnungsschritt bereits zum 1. M\u00e4rz vollzogen worden ist, k\u00f6nnen ab Montag, 8. M\u00e4rz 2021 Buchhandlungen, Blumengesch\u00e4fte und Gartenm\u00e4rkte bundesweit \u00f6ffnen, da sie ab sofort den Gesch\u00e4ften des t\u00e4glichen Bedarf gleichgesetzt werden. Die Kundenzahl muss auf einen Kunden pro zehn Quadratmeter f\u00fcr die ersten 800 Quadratmeter Verkaufsfl\u00e4che und ein weiterer f\u00fcr jede weiteren 20 Quadratmeter Verkaufsfl\u00e4che begrenzt werden. Auch die bisher noch geschlossenen k\u00f6rpernahen Dienstleistungsbetriebe sowie Fahr- und Flugschulen k\u00f6nnen wieder \u00f6ffnen. K\u00f6nnen nicht dauerhaft Masken getragen werden, ist ein tagesaktuellen Schnelltest und ein Testkonzept f\u00fcr das Personal erforderlich.<\/p>\n\n\n\n<p>Da Rheinland-Pfalz mit einer Inzidenz von derzeit 47,5 unter der Marke von 50 Neuinfektionen&nbsp;pro 100.000 Einwohner*innen liegt, darf ab Montag auch der Einzelhandel unter Einhaltung der bereits beschriebenen Begrenzung der Kundenanzahl \u00f6ffnen. Auch die bislang untersagte Warenauslage wird daher wieder in gewohnten Umfang gestattet. Auch Museen, Galerien, zoologische und botanische G\u00e4rten sowie Gedenkst\u00e4tten k\u00f6nnen \u00f6ffnen und kontaktfreier Sport ist in kleinen Gruppen mit bis zu zehn Personen im Freien wieder erlaubt.<\/p>\n\n\n\n<p>Sollte der Inzidenzwert wieder \u00fcber 50 steigen, aber unter 100 bleiben, darf der Einzelhandel zwar ge\u00f6ffnet bleiben, aber nur noch Termin-Shopping anbieten. Die Regelung sieht vor, dass jeweils ein Kunde pro 40 Quadratmeter Verkaufsfl\u00e4che nach Anmeldung in einem bestimmten Zeitraum einkaufen darf.<\/p>\n\n\n\n<p>Auch Museen, Galerien, zoologische und botanische G\u00e4rten sowie Gedenkst\u00e4tten d\u00fcrfen dann nur noch besucht werden, wenn die G\u00e4ste vorher einen Termin gebucht haben. Individualsport ist dann nur noch mit maximal f\u00fcnf Personen aus zwei Haushalten im Freien erlaubt.<\/p>\n\n\n\n<p>Steigt die Sieben-Tage-Inzidenz wieder&nbsp;\u00fcber 100, treten die strengen Regeln wieder in Kraft, die bis 7. M\u00e4rz 2021 gegolten haben &#8211; die sogenannte Notbremse greift.<\/p>\n\n\n\n<p>Verschlechtert sich die Sieben-Tage-Inzidenz nach diesem \u00d6ffnungsschritt in dem Land oder der Region 14 Tage lang nicht und bleibt unter 50, dann d\u00fcrfen auch die Au\u00dfengastronomie, Theater, Konzert- und Opernh\u00e4user sowie Kinos wieder \u00f6ffnen. Der kontaktfreie Sport ist dann auch im Innenbereich erlaubt, Kontaktsport im Au\u00dfenbereich.<\/p>\n\n\n\n<p>Bei einer stabilen Sieben-Tage-Inzidenz von unter 100 k\u00f6nnen Besucher*innen sind die beschriebenen \u00d6ffnungen und Lockerungen nur m\u00f6glich, wenn die Besucher*innen bzw. G\u00e4ste jeweils einen tagesaktuellen negativen Schnelltest vorweisen k\u00f6nnen. In der Au\u00dfengastronomie ist dass au\u00dferdem eine vorherige Terminbuchung erforderlich.<\/p>\n\n\n\n<p>Steigt die Inzidenz wieder auf \u00fcber 100, greift die&nbsp;Notbremse&nbsp;und es gelten wieder die alten Lockdown-Regeln.<\/p>\n\n\n\n<p>Bleibt die Sieben-Tage-Inzidenz weitere zwei Wochen lang stabil unter 50, k\u00f6nnen wieder Freizeitveranstaltungen mit bis zu 50 Menschen&nbsp;im Au\u00dfenbereich und Kontaktsport in Hallen durchgef\u00fchrt werden.<\/p>\n\n\n\n<p>In Regionen mit einer Inzidenz zwischen 50 und 100, in denen der Einzelhandel bisher nur f\u00fcr das Termin-Shopping ge\u00f6ffnet war, kann dieser nun auch mit der bekannten Kundenbegrenzung ge\u00f6ffnet werden. Auch kontaktfreier Sport im Innenbereich und Kontaktsport im Au\u00dfenbereich ist &nbsp;dann wieder m\u00f6glich.<\/p>\n\n\n\n<p>Au\u00dferdem sind Montag Treffen mit bis zu&nbsp;f\u00fcnf&nbsp;Freunden aus zwei verschiedenen Haushalten&nbsp;erlaubt &#8211; Kinder bis 14 Jahre z\u00e4hlen nicht f\u00fcr die Personenbegrenzung. In Regionen mit einer Sieben-Tage-Inzidenz von unter 35 Neuinfektionen je 100.000 Einwohner kann dies auf maximal zehn Personen und sogar drei Haushalte erweitert werden. Kinder bis 14 Jahre sind hier ebenfalls ausgenommen.<\/p>\n\n\n\n<div class=\"wp-block-image\"><figure class=\"aligncenter\"><img decoding=\"async\" src=\"https:\/\/speyer24news.com\/wp-content\/uploads\/2021\/03\/Steffi-mit-Maske.jpg\" alt=\"\" class=\"wp-image-33895\"\/><\/figure><\/div>\n\n\n\n<p>\u201eIch bin froh, dass die durch den Lockdown hart getroffenen Branchen nun eine Perspektive haben. Umso wichtiger ist es aber, dass wir die geplanten \u00d6ffnungsschritte mit einer stringenten und gut durchdachten Schnellteststrategie begleiten und uns weiterhin die AHA-Regeln halten, damit wir nicht in eine Spirale aus st\u00e4ndigen \u00d6ffnungen und Schlie\u00dfungen zu geraten. Ich appelliere hier eindringlich an Bund und L\u00e4nder, das dringend ben\u00f6tigte Konzept so schnell als m\u00f6glich zu ver\u00f6ffentlichen, um den Menschen und auch den Kommunen und Kreisen die n\u00f6tige Sicherheit zu geben\u201c, f\u00fchrt die Stadtchefin aus.<\/p>\n\n\n\n<p>Das kostenlose Schnelltestangebot der Stadt Speyer in den R\u00e4umen der Jugendf\u00f6rderung wurde inzwischen auf vier Termine pro Woche ausgeweitet:<\/p>\n\n\n\n<ul><li><strong>Jeden Dienstag, 17 bis 19 Uhr&nbsp;<\/strong><\/li><li><strong>Jeden Mittwoch, 18 bis 20 Uhr&nbsp;<\/strong><\/li><li><strong>Jeden Donnerstag, 17 bis 19 Uhr<\/strong><\/li><li><strong>Jeden Samstag, 11 bis 15 Uhr&nbsp;<\/strong><\/li><\/ul>\n\n\n\n<p>Die 17. CoBeLVO kann im Wortlaut unter&nbsp;<a rel=\"noreferrer noopener\" href=\"https:\/\/deref-web.de\/mail\/client\/1erN5_NI5UQ\/dereferrer\/?redirectUrl=http%3A%2F%2Fwww.speyer.de%2Fcorona\" target=\"_blank\">www.speyer.de\/corona<\/a>&nbsp;nachgelesen werden. F\u00fcr alle nicht-medizinischen Fragen steht von Montag bis Freitag von 10 bis 12:30 Uhr und von Montag bis Donnerstag dar\u00fcber hinaus von 13:30 bis 16 Uhr das B\u00fcrgertelefon der Stadt Speyer unter 0 62 32 &#8211; 14 13 12 zur Verf\u00fcgung.<\/p>\n\n\n\n<p><em>Text: Stadtverwaltung Speyer Foto: Speyer 24\/7 News<br>06.03.2021<\/em><\/p>\n","protected":false},"excerpt":{"rendered":"<div class=\"mh-excerpt\"><p>17. Corona Bek\u00e4mpfungsverordnung des Landes und \u00fcberarbeitete Allgemeinverf\u00fcgung der Stadt ver\u00f6ffentlicht Am sp\u00e4ten Freitagabend hat das Land Rheinland-Pfalz die 17. Corona Bek\u00e4mpfungsverordnung (17. CoBeLVO) ver\u00f6ffentlicht, die am Montag, 8. M\u00e4rz 2021 in Kraft tritt und <a class=\"mh-excerpt-more\" href=\"https:\/\/speyer24news.com\/?p=33893\" title=\"Corona-Virus Speyer\">[&#8230;]<\/a><\/p>\n<\/div>","protected":false},"author":3,"featured_media":23902,"comment_status":"open","ping_status":"open","sticky":false,"template":"","format":"standard","meta":{"_monsterinsights_skip_tracking":false,"_monsterinsights_sitenote_active":false,"_monsterinsights_sitenote_note":"","_monsterinsights_sitenote_category":0,"footnotes":""},"categories":[9],"tags":[10502,8828,7629,6401,6367,6940,6359,5904,6358,5801,6342,6551,8829,6],"aioseo_notices":[],"amp_enabled":true,"_links":{"self":[{"href":"https:\/\/speyer24news.com\/index.php?rest_route=\/wp\/v2\/posts\/33893"}],"collection":[{"href":"https:\/\/speyer24news.com\/index.php?rest_route=\/wp\/v2\/posts"}],"about":[{"href":"https:\/\/speyer24news.com\/index.php?rest_route=\/wp\/v2\/types\/post"}],"author":[{"embeddable":true,"href":"https:\/\/speyer24news.com\/index.php?rest_route=\/wp\/v2\/users\/3"}],"replies":[{"embeddable":true,"href":"https:\/\/speyer24news.com\/index.php?rest_route=%2Fwp%2Fv2%2Fcomments&post=33893"}],"version-history":[{"count":2,"href":"https:\/\/speyer24news.com\/index.php?rest_route=\/wp\/v2\/posts\/33893\/revisions"}],"predecessor-version":[{"id":33897,"href":"https:\/\/speyer24news.com\/index.php?rest_route=\/wp\/v2\/posts\/33893\/revisions\/33897"}],"wp:featuredmedia":[{"embeddable":true,"href":"https:\/\/speyer24news.com\/index.php?rest_route=\/wp\/v2\/media\/23902"}],"wp:attachment":[{"href":"https:\/\/speyer24news.com\/index.php?rest_route=%2Fwp%2Fv2%2Fmedia&parent=33893"}],"wp:term":[{"taxonomy":"category","embeddable":true,"href":"https:\/\/speyer24news.com\/index.php?rest_route=%2Fwp%2Fv2%2Fcategories&post=33893"},{"taxonomy":"post_tag","embeddable":true,"href":"https:\/\/speyer24news.com\/index.php?rest_route=%2Fwp%2Fv2%2Ftags&post=33893"}],"curies":[{"name":"wp","href":"https:\/\/api.w.org\/{rel}","templated":true}]}}