{"id":33903,"date":"2021-03-07T08:00:35","date_gmt":"2021-03-07T07:00:35","guid":{"rendered":"https:\/\/speyer24news.com\/?p=33903"},"modified":"2021-03-07T08:00:36","modified_gmt":"2021-03-07T07:00:36","slug":"technik-museum-speyer-sinsheim-9","status":"publish","type":"post","link":"https:\/\/speyer24news.com\/?p=33903","title":{"rendered":"Technik Museum Speyer &#038; Sinsheim"},"content":{"rendered":"<style type=\"text\/css\">\r\n\t.ads_top_disp{}\r\n\t.ads_top_corner_disp{ float:left; margin:0px 10px 10px 0px; }\r\n\t.ads_first_p_disp{}\r\n\t.ads_bottom_disp{}\r\n\t<\/style>\n<h2 class=\"wp-block-heading\">Die Technik Museen Sinsheim Speyer starten wieder durch<\/h2>\n\n\n\n<h3 class=\"wp-block-heading\">Am 8. M\u00e4rz \u00f6ffnen sich endlich die T\u00fcren f\u00fcr Besucher<\/h3>\n\n\n\n<div class=\"wp-block-image\"><figure class=\"aligncenter\"><img decoding=\"async\" loading=\"lazy\" width=\"600\" height=\"845\" src=\"https:\/\/speyer24news.com\/wp-content\/uploads\/2021\/03\/158161361_3904288846260424_5709781190565567285_o.jpg\" alt=\"\" class=\"wp-image-33904\" srcset=\"https:\/\/speyer24news.com\/wp-content\/uploads\/2021\/03\/158161361_3904288846260424_5709781190565567285_o.jpg 600w, https:\/\/speyer24news.com\/wp-content\/uploads\/2021\/03\/158161361_3904288846260424_5709781190565567285_o-213x300.jpg 213w\" sizes=\"(max-width: 600px) 100vw, 600px\" \/><\/figure><\/div>\n\n\n\n<p><strong>Sinsheim \/ Speyer &#8211; <\/strong>Endlich ist es soweit \u2013 die Technik Museen Sinsheim Speyer \u00f6ffnen ab dem 8. M\u00e4rz ihre T\u00fcren f\u00fcr Besucher. Die beiden Freizeiteinrichtungen starten wieder durch und er\u00f6ffnen die Saison 2021. Lange genug war es still in den Museumshallen. Es fehlten die strahlenden Augen der Technikfans und das Lachen der Kinder. Umso mehr freut man sich, dass nun ein St\u00fcck Normalit\u00e4t zur\u00fcckkehrt.\u00a0<\/p>\n\n\n\n<p>Das Personal steht in den Startl\u00f6chern, die Ausstellungsbereiche gl\u00e4nzen, die Shop und Bistros haben ihre Regale und K\u00fchlschr\u00e4nke aufgef\u00fcllt \u2013 jetzt hei\u00dft es nur noch: T\u00fcren aufschlie\u00dfen. Auf die Sicherheit der Besucher wird auch weiterhin gr\u00f6\u00dften Wert gelegt. Durch die gro\u00dfen Fl\u00e4chen im Freien sowie in den Hallen k\u00f6nnen Abst\u00e4nde problemlos eingehalten werden und erh\u00f6hte Reinigungsintervalle verleihen in den Besucherbereichen weitere Sicherheit. \u00dcber das neue Onlineformular k\u00f6nnen sich Besucher unter <a href=\"http:\/\/technik-museum.de\/anmeldung\">technik-museum.de\/anmeldung<\/a>\u00a0zu ihrem Besuch anmelden oder direkt Eintrittskarten erwerben. Die Restaurants bleiben zwar vorerst noch geschlossen, doch in Sinsheim und in Speyer gibt es leckere Gerichte wie Pizza, Burger oder Pasta zum Mitnehmen. Die aktuellen Speisekarten findet man auf der Homepage <a href=\"http:\/\/technik-museum.de\">technik-museum.de<\/a>.\u00a0<\/p>\n\n\n\n<div class=\"wp-block-image\"><figure class=\"aligncenter\"><img decoding=\"async\" loading=\"lazy\" width=\"820\" height=\"312\" src=\"https:\/\/speyer24news.com\/wp-content\/uploads\/2021\/03\/149934869_3840700999285876_8540694547479532664_n.jpg\" alt=\"\" class=\"wp-image-33905\" srcset=\"https:\/\/speyer24news.com\/wp-content\/uploads\/2021\/03\/149934869_3840700999285876_8540694547479532664_n.jpg 820w, https:\/\/speyer24news.com\/wp-content\/uploads\/2021\/03\/149934869_3840700999285876_8540694547479532664_n-300x114.jpg 300w, https:\/\/speyer24news.com\/wp-content\/uploads\/2021\/03\/149934869_3840700999285876_8540694547479532664_n-768x292.jpg 768w\" sizes=\"(max-width: 820px) 100vw, 820px\" \/><\/figure><\/div>\n\n\n\n<p>Neben der Wiederer\u00f6ffnung gibt es noch zwei weitere Gr\u00fcnde zum Feiern, denn das Technik Museum Sinsheim wird am 6. Mai 40 Jahre und das Technik Museum Speyer am 11. April 30 Jahre alt. Anl\u00e4sslich der Jubil\u00e4en sind mehrere corona-konforme Aktionen geplant, die \u00fcber das Jahr verteilt an beiden Standorten stattfinden sollen. Bereits 2020 konnten die Museen mit ihren gro\u00dfr\u00e4umigen Hallen und Freifl\u00e4chen punkten. Die entsprechenden Hygienekonzepte und die Freigabe durch die zust\u00e4ndigen Ordnungs\u00e4mter wurden gut angenommen. \u201eWir lernten im vergangenen Jahr, auf was die Besucher besonderen Wert legen. Die gesammelten Erfahrungen werden nun genutzt, um den G\u00e4sten trotz Einschr\u00e4nkungen ein Erlebnis zu bieten\u201c\u00a0\u00a0berichtet Gesch\u00e4ftsf\u00fchrer Matthias Templin. Veranstaltungen sollen, wenn auch in reduziertem Umfang, nach den dann geltenden Vorgaben durchgef\u00fchrt werden. Die Vorbereitungen laufen also auf Hochtouren, denn Verordnungen m\u00fcssen gepr\u00fcft und Hygienekonzepte sowie Alternativen ausgearbeitet werden.<\/p>\n\n\n\n<div class=\"wp-block-image\"><figure class=\"aligncenter\"><img decoding=\"async\" loading=\"lazy\" width=\"500\" height=\"707\" src=\"https:\/\/speyer24news.com\/wp-content\/uploads\/2021\/02\/technik_museum_sinsheim_red_bull_world_of_racing_2021_hoch_print.jpg\" alt=\"\" class=\"wp-image-33523\" srcset=\"https:\/\/speyer24news.com\/wp-content\/uploads\/2021\/02\/technik_museum_sinsheim_red_bull_world_of_racing_2021_hoch_print.jpg 500w, https:\/\/speyer24news.com\/wp-content\/uploads\/2021\/02\/technik_museum_sinsheim_red_bull_world_of_racing_2021_hoch_print-212x300.jpg 212w\" sizes=\"(max-width: 500px) 100vw, 500px\" \/><\/figure><\/div>\n\n\n\n<p>Aktuelle Termine finden Besucher im Online-Veranstaltungskalender der Museen unter\u00a0<a rel=\"noreferrer noopener\" href=\"https:\/\/deref-web.de\/mail\/client\/M_b4u25c8uE\/dereferrer\/?redirectUrl=https%3A%2F%2Fu14164442.ct.sendgrid.net%2Fls%2Fclick%3Fupn%3DpsfSyrcYyJjyv2M1NAPIUHSS5hyResOop97owBYND8N6XP3N17nmlBATkwByvdDIL89u_Hl-2BwoPNiiE5y-2BW9ZLRGh-2BuGHMyD7GGNSR50vkH5Gix7QNwvTapwTbgUgLKSMo-2FcjSEeaBxeAepa49K6Kyts-2FXZFYdBF68vS7dlVHNuRi-2BRdXDqnSDlwCbZEbHFZnfXHkyBgBRYowFRTIH2wkQPMctWAd1t2xOEg-2FMIj0hIYXoj5Qpd7EkKvyJRfCUrx7PbQiJvtyRmndkeJ-2FFSqqZk5PAMCunA5nxuPdYiR9eBXPPCw-3D\" target=\"_blank\">technik-museum.de<\/a>\/kalender. Im Bereich Sonderausstellungen gibt es ebenfalls Neuigkeiten. In Speyer soll Ende M\u00e4rz das neue Lindenstra\u00dfenzimmer mit den Kulissen des Caf\u00e9 Bayer und des Restaurants Akropolis gezeigt werden. In Sinsheim steht der Rennsport in den Startl\u00f6chern. Ab dem 26. M\u00e4rz 2021 pr\u00e4sentiert das Museum in der modernen Halle 3 die neue Sonderausstellung &#8222;Red Bull World of Racing&#8220;. Die Besucher erhalten einzigartige Einblicke in die Welt des Rennsports! Alle Informationen und Angebote der Museen sowie die geltenden Schutzma\u00dfnahmen gibt es unter\u00a0<a rel=\"noreferrer noopener\" href=\"https:\/\/deref-web.de\/mail\/client\/uCSetXUpHHY\/dereferrer\/?redirectUrl=https%3A%2F%2Fu14164442.ct.sendgrid.net%2Fls%2Fclick%3Fupn%3DpsfSyrcYyJjyv2M1NAPIUHSS5hyResOop97owBYND8N6XP3N17nmlBATkwByvdDIlA5R_Hl-2BwoPNiiE5y-2BW9ZLRGh-2BuGHMyD7GGNSR50vkH5Gix7QNwvTapwTbgUgLKSMo-2FcjzxQPmFr88m8bQt5MsaMSfpkt-2FJk9pvVMfQlrqqqMc2yNM7KEsmYDkAZQYCljfYnTRVeDH6P1sioZ2VWv1w916Ywe7NNfSwKL-2Bryx5ipOG-2FMsMkjSAhmfLg-2F6Y0cmyTiKj3B3eJsnAPymrXbWze94a1qXTGafbaV9Ob3k8x9Pw-2BU-3D\" target=\"_blank\">technik-museum.de<\/a>. Die IMAX Kinos sind aufgrund der Corona-Auflagen weiterhin geschlossen. <\/p>\n\n\n\n<p><em>Technik Museum Speyer &amp; Sinsheim<br>07.03.2021<\/em><\/p>\n","protected":false},"excerpt":{"rendered":"<div class=\"mh-excerpt\"><p>Die Technik Museen Sinsheim Speyer starten wieder durch Am 8. M\u00e4rz \u00f6ffnen sich endlich die T\u00fcren f\u00fcr Besucher Sinsheim \/ Speyer &#8211; Endlich ist es soweit \u2013 die Technik Museen Sinsheim Speyer \u00f6ffnen ab dem <a class=\"mh-excerpt-more\" href=\"https:\/\/speyer24news.com\/?p=33903\" title=\"Technik Museum Speyer &#038; Sinsheim\">[&#8230;]<\/a><\/p>\n<\/div>","protected":false},"author":3,"featured_media":33809,"comment_status":"open","ping_status":"open","sticky":false,"template":"","format":"standard","meta":{"_monsterinsights_skip_tracking":false,"_monsterinsights_sitenote_active":false,"_monsterinsights_sitenote_note":"","_monsterinsights_sitenote_category":0,"footnotes":""},"categories":[14],"tags":[10456,10455,10237,10240,10239,2944,6,164,992,133,10504,10503],"aioseo_notices":[],"amp_enabled":true,"_links":{"self":[{"href":"https:\/\/speyer24news.com\/index.php?rest_route=\/wp\/v2\/posts\/33903"}],"collection":[{"href":"https:\/\/speyer24news.com\/index.php?rest_route=\/wp\/v2\/posts"}],"about":[{"href":"https:\/\/speyer24news.com\/index.php?rest_route=\/wp\/v2\/types\/post"}],"author":[{"embeddable":true,"href":"https:\/\/speyer24news.com\/index.php?rest_route=\/wp\/v2\/users\/3"}],"replies":[{"embeddable":true,"href":"https:\/\/speyer24news.com\/index.php?rest_route=%2Fwp%2Fv2%2Fcomments&post=33903"}],"version-history":[{"count":1,"href":"https:\/\/speyer24news.com\/index.php?rest_route=\/wp\/v2\/posts\/33903\/revisions"}],"predecessor-version":[{"id":33906,"href":"https:\/\/speyer24news.com\/index.php?rest_route=\/wp\/v2\/posts\/33903\/revisions\/33906"}],"wp:featuredmedia":[{"embeddable":true,"href":"https:\/\/speyer24news.com\/index.php?rest_route=\/wp\/v2\/media\/33809"}],"wp:attachment":[{"href":"https:\/\/speyer24news.com\/index.php?rest_route=%2Fwp%2Fv2%2Fmedia&parent=33903"}],"wp:term":[{"taxonomy":"category","embeddable":true,"href":"https:\/\/speyer24news.com\/index.php?rest_route=%2Fwp%2Fv2%2Fcategories&post=33903"},{"taxonomy":"post_tag","embeddable":true,"href":"https:\/\/speyer24news.com\/index.php?rest_route=%2Fwp%2Fv2%2Ftags&post=33903"}],"curies":[{"name":"wp","href":"https:\/\/api.w.org\/{rel}","templated":true}]}}