{"id":33913,"date":"2021-03-07T08:40:59","date_gmt":"2021-03-07T07:40:59","guid":{"rendered":"https:\/\/speyer24news.com\/?p=33913"},"modified":"2021-03-07T08:40:59","modified_gmt":"2021-03-07T07:40:59","slug":"kirche-89","status":"publish","type":"post","link":"https:\/\/speyer24news.com\/?p=33913","title":{"rendered":"Kirche"},"content":{"rendered":"<style type=\"text\/css\">\r\n\t.ads_top_disp{}\r\n\t.ads_top_corner_disp{ float:left; margin:0px 10px 10px 0px; }\r\n\t.ads_first_p_disp{}\r\n\t.ads_bottom_disp{}\r\n\t<\/style>\n<h2 class=\"wp-block-heading\"><strong>Neues Angebot: \u201eOstern im Blick\u201c<\/strong><\/h2>\n\n\n\n<h3 class=\"wp-block-heading\"><strong>Hoffnungsbilder und Impulse f\u00fcr Trauernde<\/strong><\/h3>\n\n\n\n<div class=\"wp-block-image\"><figure class=\"aligncenter\"><img decoding=\"async\" loading=\"lazy\" width=\"600\" height=\"219\" src=\"https:\/\/speyer24news.com\/wp-content\/uploads\/2021\/03\/Lebenszeichen.png\" alt=\"\" class=\"wp-image-33921\" srcset=\"https:\/\/speyer24news.com\/wp-content\/uploads\/2021\/03\/Lebenszeichen.png 600w, https:\/\/speyer24news.com\/wp-content\/uploads\/2021\/03\/Lebenszeichen-300x110.png 300w\" sizes=\"(max-width: 600px) 100vw, 600px\" \/><\/figure><\/div>\n\n\n\n<p><strong>Speyer &#8211; <\/strong>Noch immer haben Trauercaf\u00e9s geschlossen und Veranstaltungen f\u00fcr trauernde Menschen fallen in diesen Pandemiezeiten aus. Deshalb m\u00f6chte die Hospiz- und Trauerseelsorge im Bistum Speyer Trauernde mit einem neuen Angebot unterst\u00fctzen. Unter dem Motto \u201eOstern im Blick\u201c bietet sie von Palmsonntag (28. M\u00e4rz) bis Ostern (4. April) t\u00e4glich ein \u201eHoffnungsbild\u201c und einen dazu passenden Impuls an.<\/p>\n\n\n\n<p>\u201eAn Ostern h\u00f6ren wir wieder neu die Botschaft von Hoffnung, Auferstehung und Erl\u00f6sung, vom Sieg des Lebens \u00fcber den Tod. Deshalb m\u00f6chten wir dazu einladen, die Hoffnung wieder neu \u201ain den Blick\u2018 zu nehmen und sich mit Bildern und Versen aus der Bibel etwas Trost und Zuversicht zusprechen zu lassen &#8211; mit Worten, die uns und besonders trauernden Menschen Mut machen und uns ber\u00fchren wollen in einer Krisen-Zeit, in der wir diese Hoffnung, die Zusage und den Glauben an das Leben so dringend brauchen\u201c, erkl\u00e4rt Kerstin Fleischer,\u00a0 Referentin f\u00fcr Hospiz- und Trauerseelsorge im Bistum Speyer.<\/p>\n\n\n\n<p>Zu finden sind die Texte und Fotos unter:\u00a0<a rel=\"noreferrer noopener\" href=\"https:\/\/deref-web.de\/mail\/client\/xZ1JSyh04jE\/dereferrer\/?redirectUrl=http%3A%2F%2Fwww.lebenszeichen.bistum-speyer.de%2F\" target=\"_blank\">www.osternimblick.bistum-speyer.de<\/a>\u00a0. Wer m\u00f6chte, kann die Impulse auch \u00fcber den Postweg bekommen.<\/p>\n\n\n\n<h4 class=\"wp-block-heading\"><strong>Kontakt:<\/strong><\/h4>\n\n\n\n<p>Hospiz- und Trauerseelsorge im Bistum Speyer<br>Webergasse 11<br>67346 Speyer<br>Tel. 06232-102 288<br>E-Mail: <a href=\"hospiz-trauerseelsorge@bistum-speyer.de\">hospiz-trauerseelsorge@bistum-speyer.de<\/a><\/p>\n\n\n\n<p><em>Bistum Speyer<br>07.03.2021<\/em><\/p>\n\n\n\n<h2 class=\"wp-block-heading\"><strong>24 Stunden f\u00fcr den Herrn<\/strong><\/h2>\n\n\n\n<h3 class=\"wp-block-heading\"><strong>Speyerer Priesterseminar St. German und Geistliches Zentrum Maria Rosenberg schlie\u00dfen sich der weltweiten Gebetsinitiative an \/ Gelegenheit zum Empfang des Sakraments der Vers\u00f6hnung<\/strong><\/h3>\n\n\n\n<div class=\"wp-block-image\"><figure class=\"aligncenter\"><img decoding=\"async\" loading=\"lazy\" width=\"600\" height=\"600\" src=\"https:\/\/speyer24news.com\/wp-content\/uploads\/2021\/03\/24-Stunden-Gebet.jpg\" alt=\"\" class=\"wp-image-33920\" srcset=\"https:\/\/speyer24news.com\/wp-content\/uploads\/2021\/03\/24-Stunden-Gebet.jpg 600w, https:\/\/speyer24news.com\/wp-content\/uploads\/2021\/03\/24-Stunden-Gebet-150x150.jpg 150w, https:\/\/speyer24news.com\/wp-content\/uploads\/2021\/03\/24-Stunden-Gebet-300x300.jpg 300w\" sizes=\"(max-width: 600px) 100vw, 600px\" \/><\/figure><\/div>\n\n\n\n<p>Am 12. und 13. M\u00e4rz findet weltweit erneut die Gebetsinitiative \u201e24 Stunden f\u00fcr den Herrn\u201c statt. Sie steht in diesem Jahr unter dem Leitwort \u201eEr vergibt alle deine S\u00fcnden\u201c (Ps 103,3). In einer vom p\u00e4pstlichen Rat f\u00fcr Neuevangelisierung publizierten Brosch\u00fcre betont der Vatikan unter Verweis auf die Corona-Schutzma\u00dfnahmen, die Gebets- und Bu\u00df-Initiative k\u00f6nne \u201eje nach den \u00f6rtlichen Gepflogenheiten und Erfordernissen angepasst werden.\u201c \u00dcblicherweise bleiben bei \u201e24 Stunden f\u00fcr den Herrn\u201c Kirchen in Rom und auf der ganzen Welt einen Tag lang ge\u00f6ffnet, damit die Messe gefeiert und gebeichtet werden kann.<\/p>\n\n\n\n<p>In Kooperation mit der Hauptabteilung Seelsorge und der Stelle Berufungspastoral schlie\u00dft sich das Priesterseminar St. German (Am Germansberg 60) in Speyer der p\u00e4pstlichen Initiative an. Es beginnt am Freitag, den 12. M\u00e4rz, um 18 Uhr mit einer Eucharistiefeier in der Kirche des Priesterseminars, gefolgt von der Aussetzung des Allerheiligsten und durchg\u00e4ngig stiller Anbetung auch in der Nacht bis zur Vesper am n\u00e4chsten Tag. Bis um Mitternacht besteht die Gelegenheit zur Beichte.<\/p>\n\n\n\n<p>Am Samstag, den 13. M\u00e4rz, wird um 7.30 Uhr die Laudes gebetet. Die Gelegenheit zum Empfang des Sakraments der Vers\u00f6hnung besteht zwischen 8 und 12 sowie zwischen 14 und 17 Uhr. Die Gebetsinitiative findet ihren Abschluss mit der Vesper am Samstag um 17.30 Uhr und dem eucharistischen Segen um 18 Uhr.<\/p>\n\n\n\n<p>Es wird darum gebeten, sich f\u00fcr die Gottesdienste und Gebetszeiten telefonisch \u00fcber die Hauptabteilung Seelsorge 06232\/102-311 und schriftlich \u00fcber&nbsp;<a href=\"https:\/\/deref-web.de\/mail\/client\/C__uvzSPi1E\/dereferrer\/?redirectUrl=https%3A%2F%2Fwww.berufungspastoral-speyer.de%2Fanmeldung-24-stunden-fuer-den-herrn%2F\" target=\"_blank\" rel=\"noreferrer noopener\">https:\/\/www.berufungspastoral-speyer.de\/anmeldung-24-stunden-fuer-den-herrn\/<\/a>&nbsp;bis Freitag, 12.03.2021 12.00 Uhr anzumelden. Die spontane Teilnahme ist m\u00f6glich durch die Registrierung vor Ort.<\/p>\n\n\n\n<h4 class=\"wp-block-heading\"><strong>Beichte und Anbetung rund um die Uhr auch auf Maria Rosenberg<\/strong><\/h4>\n\n\n\n<p>Auch der Wallfahrtsort Maria Rosenberg beteiligt sich an der Aktion \u201e24 Stunden f\u00fcr den Herrn\u201c. Unter dem Titel \u201eDu bist einfach da \u2013 spezial\u201c wird es vom 12. auf den 13. M\u00e4rz 2021 rund um die Uhr Gelegenheit geben, zur Beichte zu gehen. Dazu wird die Rosenberger Gnadenkapelle zur Eucharistischen Anbetung und zum Empfang des Sakraments der Vers\u00f6hnung Tag und Nacht ge\u00f6ffnet sein. Alle Abstands- und Hygienevorschriften werden dabei gewahrt.<\/p>\n\n\n\n<p>Am Freitag, dem 12. M\u00e4rz, werden um 17.00 Uhr die \u201e24 Stunden f\u00fcr Gott\u201c er\u00f6ffnet. Wer eine Gebetsstunde in der Nacht oder tags\u00fcber \u00fcbernehmen m\u00f6chte, m\u00f6ge sich unter&nbsp;<a href=\"mailto:anbetung@maria-rosenberg.de\" target=\"_blank\" rel=\"noreferrer noopener\">anbetung@maria-rosenberg.de<\/a>&nbsp; anmelden. Der Plan mit noch freien Zeiten kann unter&nbsp;<a href=\"https:\/\/deref-web.de\/mail\/client\/X58SQGtNgXg\/dereferrer\/?redirectUrl=https%3A%2F%2Fmaria-rosenberg.de%2Fblog%2Fdu-bist-einfach-da-eucharistische-anbetung%2F\" target=\"_blank\" rel=\"noreferrer noopener\">https:\/\/maria-rosenberg.de\/blog\/du-bist-einfach-da-eucharistische-anbetung\/<\/a>&nbsp;eingesehen werden. Jedoch sei es auch m\u00f6glich, spontan zu kommen, so Rosenberg-Direktor Volker Sehy.<\/p>\n\n\n\n<p>Die ganze Zeit \u00fcber wird ein Priester zum Gespr\u00e4ch und zur Beichte erreichbar sein. Bei einer Vers\u00f6hnungsfeier werden weitere Priester zur Verf\u00fcgung stehen. Dieser gut einst\u00fcndige Gottesdienst findet am Freitag um 19 Uhr im G\u00e4stehaus statt. Am Samstag, dem 13. M\u00e4rz, wird im G\u00e4stehaus um 9.30 Uhr der Rosenkranz gebetet und um 10.00 Uhr die Eucharistie gefeiert. Die \u201e24 Stunden f\u00fcr den Herrn\u201c schlie\u00dfen um 17 Uhr.<\/p>\n\n\n\n<p>\u201eVielen Menschen liegt eine schwere Last auf der Seele &#8211; gerade in den vergangenen Monaten der Pandemie. Sie haben Leid erfahren oder sind selbst schuldig geworden an anderen\u201c, so Pfarrer Sehy. \u201eIch hoffe, dass die Initiative ihnen Mut macht, sich auszusprechen und zu erfahren, dass Gott da ist und Last und Schuld wegnimmt. \u201c Pfarrer Sehy hofft auf eine \u00e4hnlich gute Resonanz wie in den vergangenen sieben&nbsp; Jahren, als das Angebot rege wahrgenommen wurde.<\/p>\n\n\n\n<h4 class=\"wp-block-heading\"><strong>Video zum Gebetsanliegen des Papstes im Monat M\u00e4rz zum Sakrament der Vers\u00f6hnung:<\/strong><\/h4>\n\n\n\n<figure class=\"wp-block-embed-youtube wp-block-embed is-type-video is-provider-youtube wp-embed-aspect-16-9 wp-has-aspect-ratio\"><div class=\"wp-block-embed__wrapper\">\n<iframe loading=\"lazy\" title=\"M\u00c4RZ: SAKRAMENT DER VERS\u00d6HNUNG\" width=\"500\" height=\"281\" src=\"https:\/\/www.youtube.com\/embed\/mp5rqspokV8?feature=oembed\" frameborder=\"0\" allow=\"accelerometer; autoplay; clipboard-write; encrypted-media; gyroscope; picture-in-picture\" allowfullscreen><\/iframe>\n<\/div><\/figure>\n\n\n\n<p><em>Bistum Speyer<br>07.03.2021<\/em><\/p>\n\n\n\n<h2 class=\"wp-block-heading\"><strong>Regionalgruppen f\u00fcr \u201ePioniere\u201c in der Kirche<\/strong><\/h2>\n\n\n\n<h3 class=\"wp-block-heading\"><strong>Arbeiten an ganz konkreten Projekten und Ideen f\u00fcr neue Formen von Gemeinde &#8211; erstes Online-Treffen am 11. M\u00e4rz<\/strong><\/h3>\n\n\n\n<div class=\"wp-block-image\"><figure class=\"aligncenter\"><img decoding=\"async\" loading=\"lazy\" width=\"600\" height=\"395\" src=\"https:\/\/speyer24news.com\/wp-content\/uploads\/2021\/03\/Schon-Jetzt-Logo.png\" alt=\"\" class=\"wp-image-33918\" srcset=\"https:\/\/speyer24news.com\/wp-content\/uploads\/2021\/03\/Schon-Jetzt-Logo.png 600w, https:\/\/speyer24news.com\/wp-content\/uploads\/2021\/03\/Schon-Jetzt-Logo-300x198.png 300w\" sizes=\"(max-width: 600px) 100vw, 600px\" \/><\/figure><\/div>\n\n\n\n<p><strong>Speyer &#8211; <\/strong>\u201eMiteinander lernen \u2013 gemeinsam weiterkommen\u201c unter diesem Motto starten Mitte M\u00e4rz in der Pfalz und dem Saarpfalzkreis neue regionale Gruppen, \u201ePionier.Hubs\u201c, die sich mit der Frage besch\u00e4ftigen, wie neben der klassischen Pfarrgemeinde neue Formen von Kirche entstehen und aussehen k\u00f6nnen. Initiator ist\u00a0die \u00f6kumenische Initiative \u201eSchon jetzt\u201c im Bistum Speyer und der Evangelischen Kirche der Pfalz (Protestantische Landeskirche), die an die Erfahrungen und Projekte der englischen Fresh-X-Bewegung ankn\u00fcpft.<\/p>\n\n\n\n<p>\u201eDie Pionier.Hubs sind Lerngemeinschaften f\u00fcr Kirchenentwickler:innen und Gr\u00fcnder:innen. Uns leitet die Frage, wie wir Kirche eine neue Gestalt geben k\u00f6nnen: relevant f\u00fcr Menschen, zu denen wir den Kontakt verloren haben oder zu denen wir noch nie Kontakt hatten\u201c, erkl\u00e4rt Felix Goldinger, Referent f\u00fcr missionarische Pastoral im Bistum Speyer.<\/p>\n\n\n\n<figure class=\"wp-block-image\"><img decoding=\"async\" loading=\"lazy\" width=\"800\" height=\"469\" src=\"https:\/\/speyer24news.com\/wp-content\/uploads\/2021\/03\/Fresh-X.png\" alt=\"\" class=\"wp-image-33919\" srcset=\"https:\/\/speyer24news.com\/wp-content\/uploads\/2021\/03\/Fresh-X.png 800w, https:\/\/speyer24news.com\/wp-content\/uploads\/2021\/03\/Fresh-X-300x176.png 300w, https:\/\/speyer24news.com\/wp-content\/uploads\/2021\/03\/Fresh-X-768x450.png 768w\" sizes=\"(max-width: 800px) 100vw, 800px\" \/><\/figure>\n\n\n\n<p>Die drei Regionalgruppen f\u00fcr die Bereiche West- und Saarpfalz, Speyer\/ Ludwigshafen und Landau\/ Neustadt sollen einen Ort f\u00fcr gemeinsames Lernen, gegenseitige Unterst\u00fctzung und die konkreten Erfahrungen aus der Praxis sein. \u201eWir m\u00f6chten uns ganz gezielt mit Ideen und Initiativen besch\u00e4ftigen, die die Teilnehmerinnen und Teilnehmer mitbringen\u201c, so Goldinger. Bisher besteht bei den \u201eSchon jetzt\u201c-Stammtischen ein lockerer Austausch \u00fcber Ideen und Projekte. \u201eF\u00fcr alle, die mehr wollen, gibt es jetzt die neuen Gruppen\u201c, sagt Goldinger. \u201eWir erm\u00f6glichen gemeinsames Lernen und kollegiale Beratung. Wo n\u00f6tig, suchen wir nach den passenden Unterst\u00fctzungsangeboten.\u201c<\/p>\n\n\n\n<p>Das erste Treffen findet f\u00fcr alle Gruppen gemeinsam online am\u00a0<strong>Donnerstag, 11. M\u00e4rz, von 16.30 bis 18 Uhr<\/strong>\u00a0statt.<\/p>\n\n\n\n<p><strong>Anmeldung unter<\/strong>:\u00a0<a rel=\"noreferrer noopener\" href=\"https:\/\/deref-web.de\/mail\/client\/iyohmTerxps\/dereferrer\/?redirectUrl=https%3A%2F%2Fschon-jetzt.de%2Fanmeldung-regionalgruppen%2F\" target=\"_blank\">https:\/\/schon-jetzt.de\/anmeldung-regionalgruppen\/<\/a><\/p>\n\n\n\n<h4 class=\"wp-block-heading\"><strong>Weitere Informationen und Kontakt:<\/strong><\/h4>\n\n\n\n<p>Felix Goldinger<br>Referent f\u00fcr missionarische Pastoral im Bistum Speyer<br>Telefon: 06232\/102-286<br>E-Mail:\u00a0<a rel=\"noreferrer noopener\" href=\"mailto:felix.goldinger@bistum-speyer.de\" target=\"_blank\">felix.goldinger@bistum-speyer.de<\/a><\/p>\n\n\n\n<p>Stefanie Schlenczek<br>Pfarrerin beim Missionarisch-\u00d6kumenischen Dienst (M\u00d6D) der Evangelische Kirche der Pfalz<br>Telefon: 06341\/9289-22<br>E-Mail:\u00a0<a rel=\"noreferrer noopener\" href=\"mailto:schlenczek@moed-pfalz.de\" target=\"_blank\">schlenczek@moed-pfalz.de<\/a><\/p>\n\n\n\n<p>Mehr zum Thema:\u00a0<a rel=\"noreferrer noopener\" href=\"https:\/\/deref-web.de\/mail\/client\/1c76K4gEIdk\/dereferrer\/?redirectUrl=http%3A%2F%2Fwww.schon-jetzt.de%2F\" target=\"_blank\">www.schon-jetzt.de<\/a>;\u00a0<a rel=\"noreferrer noopener\" href=\"https:\/\/deref-web.de\/mail\/client\/x4dIrfbsMZA\/dereferrer\/?redirectUrl=http%3A%2F%2Fwww.freshexpressions.de%2F\" target=\"_blank\">www.freshexpressions.de<\/a><\/p>\n\n\n\n<p><em>Bistum Speyer<br>07.03.2021<\/em><\/p>\n\n\n\n<h2 class=\"wp-block-heading\"><strong>Das Hauptportal des Speyerer Doms wird 50<\/strong><\/h2>\n\n\n\n<h3 class=\"wp-block-heading\"><strong>Toni Schneider-Manzell schuf das Bronzetor, das als Geschenk der Rheinland-Pf\u00e4lzischen Landesregierung von 50 Jahre \u00fcbergeben wurde<\/strong><\/h3>\n\n\n\n<div class=\"wp-block-image\"><figure class=\"aligncenter\"><img decoding=\"async\" loading=\"lazy\" width=\"500\" height=\"721\" src=\"https:\/\/speyer24news.com\/wp-content\/uploads\/2021\/03\/Domportal_m.jpg\" alt=\"\" class=\"wp-image-33914\" srcset=\"https:\/\/speyer24news.com\/wp-content\/uploads\/2021\/03\/Domportal_m.jpg 500w, https:\/\/speyer24news.com\/wp-content\/uploads\/2021\/03\/Domportal_m-208x300.jpg 208w\" sizes=\"(max-width: 500px) 100vw, 500px\" \/><figcaption><strong>Das Hauptportal des Speyerer Doms feiert am 07.03.21 seinen 50. Geburtstag,<\/strong><br><em>Foto: Klaus Landry<\/em> <\/figcaption><\/figure><\/div>\n\n\n\n<p><strong>Speyer &#8211; <\/strong>Am 7. M\u00e4rz 2021 feiert das Bronzetor des Hauptportals am Speyerer Dom seinen 50. Geburtstag. Als Geschenk zum Abschluss der Restaurierungsarbeiten 1971 \u00fcberreichte der damalige rheinland-pf\u00e4lzische Ministerpr\u00e4sident Dr. Helmut Kohl das neue Domportal dem Speyerer Domkapitel. Mit einer H\u00f6he von \u00fcber acht Metern, dreieinhalb Metern Breite und einem Gesamtgewicht von sechs Tonnen, ist das Speyerer Hauptportal eine der gr\u00f6\u00dften Domt\u00fcren der Welt. Beeinflusst durch sp\u00e4tantike und fr\u00fchromanische Portale, schuf der Salzburger K\u00fcnstler Toni Schneider-Manzell ein bedeutendes Werk zeitgen\u00f6ssischer christlicher Kunst. Der Speyerer Bischof Anton Schlembach w\u00fcrdigte in einer Rede im Jahr 2000 anl\u00e4sslich der Restaurierung des Portals dessen k\u00fcnstlerische und programmatische Gestaltung: \u201eNie zuvor hatte unser Dom ein so kunstvolles, dem Bauwerk so gem\u00e4\u00dfes und in seiner inhaltlichen Botschaft so reiches Portal.\u201c Als Bischof von Speyer urteilte der sp\u00e4tere Kardinal Friedrich Wetter 1974 \u201eDas Portal ist kraftvoll, wie der Dom selbst.\u201c<\/p>\n\n\n\n<p>Die T\u00fcren des Doms m\u00f6gen im Mittelalter wertvoll gestaltet gewesen sein. Leider wurden diese, wie ein Gutteil der Ausstattung des Doms, im pf\u00e4lzischen Erbfolgekrieg und den franz\u00f6sischen Revolutionskriegen zerst\u00f6rt. Im 19. Jahrhundert wurden einfache Holzt\u00fcren eingesetzt. Im Zuge der gro\u00dfen Domrestaurierung Mitte des 20. Jahrhunderts wurden auch die Portale des Doms erneuert. Dies geschah nicht nur aus rein \u00e4sthetischen Gr\u00fcnden sondern auch, weil der Fu\u00dfboden auf das Ursprungsniveau gesenkt worden war und die alten T\u00fcren nicht mehr passten. Nachdem die Seitenportale bereits mit neuen Bronzet\u00fcren ausgestattet worden waren, fehlte noch das Hauptportal. In einem K\u00fcnstlerwettbewerb siegte der Entwurf von Toni Schneider-Manzell, der bereits das S\u00fcdwestliche Stephanus-Portal gestaltet hatte.<\/p>\n\n\n\n<p>Das neue Bronzeportal sollte dem monumental romanischen Charakter des Domes entsprechen. Der K\u00fcnstler orientierte sich daher an der romanischen Form der kassettierten T\u00fcr, durchbrach jedoch an der Au\u00dfenseite das streng geometrische Schema der rein quadratischen Felder, indem er einige Fl\u00e4chen zu hochrechteckigen Bildfeldern zusammenfasste. Die Proportionen des Portals orientieren sich an der Au\u00dfenseite an den Proportionen und der Plastizit\u00e4t der sie umgebenden historistischen Gestaltung der Vorhalle aus dem 19. Jahrhundert, wohingegen im Innern die strenge romanische Gliederung gew\u00e4hlt wurde.<\/p>\n\n\n\n<p>In dreieinhalbj\u00e4hriger Arbeit gestaltete Schneider-Manzell ein beidseitig bildliches Portal. Dabei unterscheiden sich sowohl die plastische Darstellung als auch die thematisch inhaltliche Gestaltung von Au\u00dfen- und Innenseite, sodass es sich im Grunde um zwei eigenst\u00e4ndige gegeneinander montierte T\u00fcren handelt. Die Au\u00dfenseite zeigt die Heilsgeschichte Gottes an Hand ausgew\u00e4hlter Szenen aus dem Alten und Neuen Testament. Kernst\u00fcck der Innenseite sind die Symbole der sieben Sakramente, umgeben von Darstellungen mittelalterlicher Zeitgeschichte.<\/p>\n\n\n\n<div class=\"wp-block-image\"><figure class=\"aligncenter\"><img decoding=\"async\" loading=\"lazy\" width=\"500\" height=\"741\" src=\"https:\/\/speyer24news.com\/wp-content\/uploads\/2021\/03\/Domportal6_m.jpg\" alt=\"\" class=\"wp-image-33915\" srcset=\"https:\/\/speyer24news.com\/wp-content\/uploads\/2021\/03\/Domportal6_m.jpg 500w, https:\/\/speyer24news.com\/wp-content\/uploads\/2021\/03\/Domportal6_m-202x300.jpg 202w\" sizes=\"(max-width: 500px) 100vw, 500px\" \/><figcaption>Bildliches Portal in den Dom.<br><em>Foto: Klaus Landry<\/em><\/figcaption><\/figure><\/div>\n\n\n\n<h4 class=\"wp-block-heading\"><strong>Bildprogramm und Gestaltung des Speyerer Hauptportals<\/strong><\/h4>\n\n\n\n<p>Im Tympanon der Au\u00dfenseite sieht man Christus, den guten Hirten. Unter dem Christusbild stehen die drei Worte aus dem hohenpriesterlichen Gebet Jesu: ut unum sint &#8211; damit sie eins seien. Nach den Worten, die Bischof Schlembach anl\u00e4sslich der Restaurierung des Portals im Jahr 2000 sprach, kennzeichnet dieses Zitat den Dom als ein Denkmal der Einheit der europ\u00e4ischen V\u00f6lker und ein Monument f\u00fcr die Einheit der Christen.<\/p>\n\n\n\n<p>Die 25 Bilder der Au\u00dfenseite sind stark profiliert und zeigen biblische Szenen, die von der Sch\u00f6pfung bis zur Selbstoffenbarung des auferstandenen Jesu reichen. Im unteren Bereich des Portals sind Szenen aus dem Alten Testament zu sehen. Gelesen von links nach rechts reichen sie von der Sch\u00f6pfung bis zum Turmbau von Babel wobei die Darstellung von Moses mit den Gesetzestafeln ein Doppelquadrat f\u00fcllt. Verhei\u00dfungen Gottes an die Menschen auf der linken Seite (Noah pflanzt einen Weinstock, Gott verspricht Abraham Nachkommen) stehen Fehltritte des Menschen (der S\u00fcndenfall, der Brudermord) auf der rechten Seite gegen\u00fcber.<\/p>\n\n\n\n<p>Die Szenen des neuen Testaments im oberen Teil des Portals nehmen den gr\u00f6\u00dferen Teil des Portals ein. Auch hier stehen auf der linken Seite die Verhei\u00dfungen Gottes, beginnend mit der Verk\u00fcndigung Mariens bis zum Emmaus-Mahl, w\u00e4hrend auf der rechten Seite Szenen der Anfechtung und des Scheiterns zu sehen sind. Hier steht zu Beginn die Versuchung Jesu, am Ende der ungl\u00e4ubige Thomas. Die Bergpredigt und die Auferstehung nehmen je ein Doppelquadrat in Anspruch.<\/p>\n\n\n\n<figure class=\"wp-block-image\"><img decoding=\"async\" loading=\"lazy\" width=\"800\" height=\"533\" src=\"https:\/\/speyer24news.com\/wp-content\/uploads\/2021\/03\/Domportal7_m.jpg\" alt=\"\" class=\"wp-image-33916\" srcset=\"https:\/\/speyer24news.com\/wp-content\/uploads\/2021\/03\/Domportal7_m.jpg 800w, https:\/\/speyer24news.com\/wp-content\/uploads\/2021\/03\/Domportal7_m-300x200.jpg 300w, https:\/\/speyer24news.com\/wp-content\/uploads\/2021\/03\/Domportal7_m-768x512.jpg 768w\" sizes=\"(max-width: 800px) 100vw, 800px\" \/><figcaption> Bildliches Portal in den Dom.<br><em>Foto: Klaus Landry<\/em><\/figcaption><\/figure>\n\n\n\n<p>Zwischen Au\u00dfen- und Innenseite erfolgte ein bewusster Stilwechsel, der auch die thematische Schwerpunktsetzung umfasst. W\u00e4hrend das Au\u00dfenportal dem Betrachter die biblischen Geschichten vor Augen f\u00fchrt, tritt im Innern die Geschichte Gottes mit der Kirche in den Vordergrund. Im direkten Vergleich mit der Au\u00dfenseite sind die 28 Reliefs im Innern flacher gehalten. Den Symbolen der sieben Sakramente sind historische Pers\u00f6nlichkeiten zugeordnet. Beispielsweise ist links neben dem Symbol f\u00fcr die Bu\u00dfe der Moment dargestellt, als Heinrich IV. in Canossa im B\u00fc\u00dfergewand am Tor der p\u00e4pstlichen Burg um Einlass bittet. Rudolph von Habsburg, der sich sterbend auf den Weg nach Speyer machte und im Dom seine letzte Ruhest\u00e4tte fand, ist wiederum rechts neben dem Symbol der Krankensalbung abgebildet. Die dargestellten Pers\u00f6nlichkeiten haben einen direkten Bezug zum Dom, teils sind sie wichtige Charaktere der mittelalterlichen Historie. So geh\u00f6rt etwa Hildegard von Bingen als mittelalterliche Mystikerin und Vision\u00e4rin zu den wegweisenden Pers\u00f6nlichkeiten dieser Epoche. Die Figuren und Symbole kennzeichnet dabei eine Schlichtheit, welche der Gestaltung ein St\u00fcck weit Zeitlosigkeit verleiht.<\/p>\n\n\n\n<div class=\"wp-block-image\"><figure class=\"aligncenter\"><img decoding=\"async\" loading=\"lazy\" width=\"800\" height=\"535\" src=\"https:\/\/speyer24news.com\/wp-content\/uploads\/2021\/03\/15_StASP_233-1_RegNr032752_JosefSalamon_Einweihung_Domportal_05Maerz1971.jpg\" alt=\"\" class=\"wp-image-33917\" srcset=\"https:\/\/speyer24news.com\/wp-content\/uploads\/2021\/03\/15_StASP_233-1_RegNr032752_JosefSalamon_Einweihung_Domportal_05Maerz1971.jpg 800w, https:\/\/speyer24news.com\/wp-content\/uploads\/2021\/03\/15_StASP_233-1_RegNr032752_JosefSalamon_Einweihung_Domportal_05Maerz1971-300x201.jpg 300w, https:\/\/speyer24news.com\/wp-content\/uploads\/2021\/03\/15_StASP_233-1_RegNr032752_JosefSalamon_Einweihung_Domportal_05Maerz1971-768x514.jpg 768w\" sizes=\"(max-width: 800px) 100vw, 800px\" \/><figcaption>Bischof Friedrich Wetter bei der \u00dcbergabe des Hauptportals 1971. Rechts von ihm Kultusminister Bernhard Vogel und Ministerpr\u00e4sident Helmut Kohl. <br><em> Foto: Josef Salamon\/StASP_233-1_RegNr032752<\/em><\/figcaption><\/figure><\/div>\n\n\n\n<h4 class=\"wp-block-heading\"><strong>Zur Bedeutung und Gestaltung von Kirchenportalen<\/strong><\/h4>\n\n\n\n<p>Trotz der Herstellung durch einen zeitgen\u00f6ssischen K\u00fcnstler finden im heutigen Speyerer Hauptportal mittelalterliche Traditionen Anklang. Bronzet\u00fcren waren damals von hohem Wert und als au\u00dferordentlicher Bestandteil der Bauausstattung in der Regel Kirchenbauten vorbehalten. Zwischen 800 und 1200 nach Christus entstand in Europa eine Vielzahl solcher Portale. Ber\u00fchmte Beispiele aus dem Mittelalter sind die Bernwardst\u00fcr in Hildesheim, in Augsburg die Bilderwand des Domes, in Verona die T\u00fcr von San Zeno, die Domt\u00fcr von Benevent, oder die T\u00fcr der Magdeburger Gie\u00dfh\u00fctte in Novgorod. Der Dom zu Speyer d\u00fcrfte als eines der bedeutendsten europ\u00e4ischen Bauwerke ebenfalls \u00fcber reich gestaltete Bronzetore verf\u00fcgt haben. Jedoch blieb keines der Originale erhalten.<\/p>\n\n\n\n<p>Abgesehen von den gro\u00dfen Ma\u00dfwerkfenstern gotischer Kirchen waren mittelalterliche Fenster und T\u00fcren nur von au\u00dfen aufw\u00e4ndig gestaltet. Im Innern blieben sie meist schlicht. Die Au\u00dfenseite dahingegen repr\u00e4sentierte den Rang des Geb\u00e4udes und des Bauherren. Dar\u00fcber hinaus waren sie zugleich Grenze und Verbindung zwischen dem sakralen und dem weltlichen Raum. Durch die T\u00fcr betrat man das sichere Innere der Kirche. Letztere deutete man vom fr\u00fchen Christentum bis ins Hochmittelalter als eine Art gegenw\u00e4rtiges Paradies. Der Vorstellung entsprechend, galt das Kirchenportal als Symbol f\u00fcr die Heilslehre Jesu. So wurde das Betreten des Innenraums durch die T\u00fcr mit dem Eintritt ins Himmelreich verglichen. Diese symbolische Deutung der Kirchent\u00fcr geht auf Jesus Christus zur\u00fcck, der sich im Johannes Evangelium selbst als T\u00fcr bezeichnete: \u201eIch bin die T\u00fcr, wer durch mich hineingeht, wird gerettet werden\u201c (Joh. 10,9).<\/p>\n\n\n\n<p><em>Bistum Speyer<br>07.03.2021<\/em><\/p>\n","protected":false},"excerpt":{"rendered":"<div class=\"mh-excerpt\"><p>Neues Angebot: \u201eOstern im Blick\u201c Hoffnungsbilder und Impulse f\u00fcr Trauernde Speyer &#8211; Noch immer haben Trauercaf\u00e9s geschlossen und Veranstaltungen f\u00fcr trauernde Menschen fallen in diesen Pandemiezeiten aus. Deshalb m\u00f6chte die Hospiz- und Trauerseelsorge im Bistum <a class=\"mh-excerpt-more\" href=\"https:\/\/speyer24news.com\/?p=33913\" title=\"Kirche\">[&#8230;]<\/a><\/p>\n<\/div>","protected":false},"author":3,"featured_media":0,"comment_status":"open","ping_status":"open","sticky":false,"template":"","format":"standard","meta":{"_monsterinsights_skip_tracking":false,"_monsterinsights_sitenote_active":false,"_monsterinsights_sitenote_note":"","_monsterinsights_sitenote_category":0,"footnotes":""},"categories":[120],"tags":[174,275,10508,7008,10510,10509,10506,10422,9693,121,4865,7011,532,10507,186],"aioseo_notices":[],"amp_enabled":true,"_links":{"self":[{"href":"https:\/\/speyer24news.com\/index.php?rest_route=\/wp\/v2\/posts\/33913"}],"collection":[{"href":"https:\/\/speyer24news.com\/index.php?rest_route=\/wp\/v2\/posts"}],"about":[{"href":"https:\/\/speyer24news.com\/index.php?rest_route=\/wp\/v2\/types\/post"}],"author":[{"embeddable":true,"href":"https:\/\/speyer24news.com\/index.php?rest_route=\/wp\/v2\/users\/3"}],"replies":[{"embeddable":true,"href":"https:\/\/speyer24news.com\/index.php?rest_route=%2Fwp%2Fv2%2Fcomments&post=33913"}],"version-history":[{"count":1,"href":"https:\/\/speyer24news.com\/index.php?rest_route=\/wp\/v2\/posts\/33913\/revisions"}],"predecessor-version":[{"id":33922,"href":"https:\/\/speyer24news.com\/index.php?rest_route=\/wp\/v2\/posts\/33913\/revisions\/33922"}],"wp:attachment":[{"href":"https:\/\/speyer24news.com\/index.php?rest_route=%2Fwp%2Fv2%2Fmedia&parent=33913"}],"wp:term":[{"taxonomy":"category","embeddable":true,"href":"https:\/\/speyer24news.com\/index.php?rest_route=%2Fwp%2Fv2%2Fcategories&post=33913"},{"taxonomy":"post_tag","embeddable":true,"href":"https:\/\/speyer24news.com\/index.php?rest_route=%2Fwp%2Fv2%2Ftags&post=33913"}],"curies":[{"name":"wp","href":"https:\/\/api.w.org\/{rel}","templated":true}]}}