{"id":33923,"date":"2021-03-08T07:36:42","date_gmt":"2021-03-08T06:36:42","guid":{"rendered":"https:\/\/speyer24news.com\/?p=33923"},"modified":"2021-03-08T07:55:19","modified_gmt":"2021-03-08T06:55:19","slug":"polizei-519","status":"publish","type":"post","link":"https:\/\/speyer24news.com\/?p=33923","title":{"rendered":"Polizei"},"content":{"rendered":"<style type=\"text\/css\">\r\n\t.ads_top_disp{}\r\n\t.ads_top_corner_disp{ float:left; margin:0px 10px 10px 0px; }\r\n\t.ads_first_p_disp{}\r\n\t.ads_bottom_disp{}\r\n\t<\/style>\n<h2 class=\"wp-block-heading\">Polizeimeldungen vom Sonntag (07.03.2021)<\/h2>\n\n\n\n<div class=\"wp-block-image\"><figure class=\"aligncenter\"><img decoding=\"async\" src=\"https:\/\/speyer24news.com\/wp-content\/uploads\/2020\/01\/Aktuelles-Polizeilogo.jpg\" alt=\"\" class=\"wp-image-23832\"\/><\/figure><\/div>\n\n\n\n<h4 class=\"wp-block-heading\">(Speyer) &#8211; Verkehrsunfall mit Reanimationsma\u00dfnahmen<\/h4>\n\n\n\n<p>Am 06.03.2021 gegen 17:35 Uhr kam es am Treppenabgang des Bahnhofs in der Landwehrstra\u00dfe in Speyer zu einem Verkehrsunfall bei dem ein 60-j\u00e4hriger Fahrradfahrer durch die Rettungskr\u00e4fte und den Notarzt reanimiert werden musste. M\u00f6glicherweise st\u00fcrzte der Radfahrer aufgrund eines medizinischen Leidens, ohne Einwirkung weiterer Verkehrsteilnehmer.<\/p>\n\n\n\n<p>Zeugen des Vorfalls werden gebeten sich bei der hiesigen Polizeidienststelle unter 06232\/137-0 oder per Email&nbsp;<a href=\"mailto:pispeyer@polizei.rlp.de\">pispeyer@polizei.rlp.de<\/a>&nbsp;zu melden.<\/p>\n\n\n\n<h4 class=\"wp-block-heading\">(Waldsee) &#8211; Verkehrsunfall mit Flucht<\/h4>\n\n\n\n<p>Am Freitag, den 05.03.2021 befuhr eine 18-j\u00e4hrige Fahranf\u00e4ngerin aus dem Rhein-Pfalz-Kreis die L533 aus Waldsee kommend in Fahrtrichtung B9. In einem Kurvenbereich sei ihr eine wei\u00dfe Limousine, ggfls. ein wei\u00dfer Kombi entgegengekommen, welcher den Kurvenbereich schnitt, auf ihren Fahrbahnteil kam und den PKW der jungen Fahrerin touchierte. Um einen Frontalunfall zu vermeiden musste die Fahrerin nach rechts ausweichen und kollidierte noch mit einem Leitpfosten. An ihrem PKW entstand erheblicher Sachschaden. Das wei\u00dfe Fahrzeug entfernte sich unvermittelt von der Unfallstelle und ist weiterhin fl\u00fcchtig. Das unfallverursachende Fahrzeug d\u00fcrfte einen Streifschaden auf der Fahrerseite haben. Zeugen, die weitere Hinweise geben k\u00f6nnen, werden gebeten, sich mit der Polizeiinspektion Schifferstadt unter 06235 495-0 oder&nbsp;<a href=\"mailto:pischifferstadt@polizei.rlp.de\">pischifferstadt@polizei.rlp.de<\/a>&nbsp;in Verbindung zu setzen.<\/p>\n\n\n\n<h4 class=\"wp-block-heading\">(Mutterstadt) &#8211; Fahrradhelm sch\u00fctzt vor gr\u00f6\u00dferen Verletzungen<\/h4>\n\n\n\n<p>Am Samstagvormittag kam es zu einem Verkehrsunfall zwischen einem 71-j\u00e4hrigen Autofahrer und einem siebenj\u00e4hrigen M\u00e4dchen auf dem Fahrrad. Das M\u00e4dchen wollte mit ihrem Fahrrad die Verkehrsinsel in der Oggersheimer Stra\u00dfe queren, kollidierte hierbei mit dem PKW und st\u00fcrzte auf den Kopf. Durch das Tragen eines Fahrradhelms erlitt sie lediglich eine Beule und konnte schlimmeren Verletzungen entgehen.<\/p>\n\n\n\n<h4 class=\"wp-block-heading\">(Hochdorf) &#8211; Brennende Strohballen in Hochdorf-Assenheim<\/h4>\n\n\n\n<p>In den fr\u00fchen Morgenstunden von Samstag auf Sonntag wird von einer aufmerksamen Mitb\u00fcrgerin aus dem Rhein-Pfalz-Kreis ein Brand von drei Strohballen mitgeteilt. Diese befanden sich in der Ludwigshafener Stra\u00dfe auf einem Feld. An den Strohballen befanden sich Wahlplakate. Der Verursacher ist bisher unbekannt. Zeugen, die weitere Hinweise geben k\u00f6nnen, werden gebeten, sich mit der Polizeiinspektion Schifferstadt unter 06235 495-0 oder&nbsp;<a href=\"mailto:pischifferstadt@polizei.rlp.de\">pischifferstadt@polizei.rlp.de<\/a>&nbsp;in Verbindung zu setzen.<\/p>\n\n\n\n<h4 class=\"wp-block-heading\">(Herxheim) &#8211; Rangierversuche schlugen fehl<\/h4>\n\n\n\n<p>Wegen des Verdachts einer Verkehrsunfallflucht muss sich ein 85 Jahre alter Mann aus dem Raum Heidelberg verantworten. Dieser wollte am Samstagmittag gegen 12 Uhr auf einem Parkplatz in der Oberhohlstra\u00dfe in Herxheim mit seinem PKW rangieren. Dabei stie\u00df er gegen mehrere geparkte Fahrzeuge und sogar gegen einen Betonpoller. Anschlie\u00dfend wollte er die \u00d6rtlichkeit verlassen, ohne sich um den verursachten Schaden zu k\u00fcmmern. Aufmerksame Passanten konnten den \u00e4lteren Herren jedoch stoppen und ihn dazu bewegen, auf die bereits alarmierte Polizei zu warten. Der Gesamtschaden wird auf etwa 4000 Euro beziffert. Der F\u00fchrerschein des Mannes wurde einbehalten.<\/p>\n\n\n\n<h4 class=\"wp-block-heading\">(Hagenbach) &#8211; Gasgeruch in Hagenbach<\/h4>\n\n\n\n<p>Am 06.03.2021, gegen 18:55 Uhr, meldeten mehrere besorgte Anwohner der Ortsgemeinde Hagenbach wahrnehmbarer Gasgeruch im Bereich der Habsburgerallee\/Friedensstra\u00dfe. Daraufhin r\u00fcckte die Feuerwehr der Stadt W\u00f6rth und der Verbandsgemeinde Hagenbach mit einem Gro\u00dfaufgebot aus. Zudem wurde die Firma Thuega alarmiert. Gemeinsam mit der Feuerwehr konnte der Gasgeruch im Bereich Hagenbacher Kreisel in Richtung Ortseingang lokalisiert und die undichte Stelle ausfindig gemacht werden. Hierbei handelte es sich um einen undichten, sich im Erdreich befindlichen Gasschieber, aus welchem eine geringe Menge Gas austrat. Eine Gefahr aufgrund der geringen Menge bestand nicht, sodass keine sofortigen Reparaturarbeiten notwendig waren.<\/p>\n\n\n\n<h4 class=\"wp-block-heading\">(Landau-Dammheim) &#8211; Anwohnerin findet gestohlenes &#8222;Geisterfahrrad&#8220;<\/h4>\n\n\n\n<div class=\"wp-block-image\"><figure class=\"aligncenter\"><img decoding=\"async\" loading=\"lazy\" width=\"800\" height=\"600\" src=\"https:\/\/speyer24news.com\/wp-content\/uploads\/2021\/03\/1.jpg\" alt=\"\" class=\"wp-image-33925\" srcset=\"https:\/\/speyer24news.com\/wp-content\/uploads\/2021\/03\/1.jpg 800w, https:\/\/speyer24news.com\/wp-content\/uploads\/2021\/03\/1-300x225.jpg 300w, https:\/\/speyer24news.com\/wp-content\/uploads\/2021\/03\/1-768x576.jpg 768w, https:\/\/speyer24news.com\/wp-content\/uploads\/2021\/03\/1-678x509.jpg 678w, https:\/\/speyer24news.com\/wp-content\/uploads\/2021\/03\/1-326x245.jpg 326w, https:\/\/speyer24news.com\/wp-content\/uploads\/2021\/03\/1-80x60.jpg 80w\" sizes=\"(max-width: 800px) 100vw, 800px\" \/><\/figure><\/div>\n\n\n\n<p>Das in der Horststra\u00dfe in Landau aufgestellte &#8222;Geisterfahrrad&#8220; ist wieder aufgetaucht. Das Fahrrad, welches nach dem tragischen Verkehrsunfall vom 25.01.2021 vom Allgemeinen Deutschen Fahrradclub als Mahnmal aufgestellt wurde, wurde am 24.02.2021 durch bislang unbekannte T\u00e4ter an der Unfall\u00f6rtlichkeit entwendet. Umso erfreulicher ist es nun, dass das Fahrrad einer Anwohnerin des Himmelmannrings in Dammheim auffiel, welche sogleich die Polizei verst\u00e4ndigte. Das Fahrrad wurde durch Beamte der PI Landau sichergestellt. Es wird in den n\u00e4chsten Tagen an einen Berechtigten ausgeh\u00e4ndigt.<\/p>\n\n\n\n<h4 class=\"wp-block-heading\">(Landau) &#8211; Betrunken hinterm Steuern<\/h4>\n\n\n\n<p>Aufmerksame Zeugen melden am Samstagabend um 22:30 Uhr einen stark schlangenlinienfahrenden Fahrzeugf\u00fchrer in der Landauer Innenstadt. Durch eine Streife der Polizei Landau konnte der 41 Jahre alte Verkehrsteilnehmer einer Verkehrskontrolle unterzogen werden. Da er stark nach Alkohol roch, wurde ihm ein Atemalkoholtest angeboten, welcher letztlich 2,16 Promille ergab. Anschlie\u00dfend wurde dem Mann eine Blutprobe entnommen. Dem nicht genug, musste er aufgrund seines starken Alkoholisierungsgrads in polizeilichen Gewahrsam genommen werden. Ihn erwartet nun ein Ermittlungsverfahren wegen Trunkenheit im Verkehr. Der F\u00fchrerschein wurde sichergestellt.<\/p>\n\n\n\n<h4 class=\"wp-block-heading\">(Landau) &#8211; Zeugenaufruf nach Verkehrsunfallflucht<\/h4>\n\n\n\n<div class=\"wp-block-image\"><figure class=\"aligncenter\"><img decoding=\"async\" loading=\"lazy\" width=\"800\" height=\"600\" src=\"https:\/\/speyer24news.com\/wp-content\/uploads\/2021\/03\/IMG_2033.jpg\" alt=\"\" class=\"wp-image-33927\" srcset=\"https:\/\/speyer24news.com\/wp-content\/uploads\/2021\/03\/IMG_2033.jpg 800w, https:\/\/speyer24news.com\/wp-content\/uploads\/2021\/03\/IMG_2033-300x225.jpg 300w, https:\/\/speyer24news.com\/wp-content\/uploads\/2021\/03\/IMG_2033-768x576.jpg 768w, https:\/\/speyer24news.com\/wp-content\/uploads\/2021\/03\/IMG_2033-678x509.jpg 678w, https:\/\/speyer24news.com\/wp-content\/uploads\/2021\/03\/IMG_2033-326x245.jpg 326w, https:\/\/speyer24news.com\/wp-content\/uploads\/2021\/03\/IMG_2033-80x60.jpg 80w\" sizes=\"(max-width: 800px) 100vw, 800px\" \/><\/figure><\/div>\n\n\n\n<p>Zeugen sucht die Polizei nach einem Verkehrsunfall, welcher sich am Samstagmittag in der Zeit zwischen 11:30 Uhr und 12:30 Uhr im Bereich der Waffenstra\u00dfe in Landau zugetragen hat. Nach ersten Ermittlungen wurde das unfallbesch\u00e4digte Fahrzeug in H\u00f6he der Hausnummer 2 am Stra\u00dfenrand geparkt. Ein bislang unbekannter Verkehrsteilnehmer muss mit derartiger Wucht gegen die linke Fahrert\u00fcr gefahren sein, dass der PKW mit dem rechten Vorderreifen auf den Bordstein geschoben wurde. Der Schaden wird auf etwa 4000 Euro gesch\u00e4tzt.<\/p>\n\n\n\n<p>Die Polizei erhofft sich Hinweise aus der Bev\u00f6lkerung. Zeugen werden gebeten sich bei der Polizeiinspektion Landau unter der Rufnummer 06341 2870 oder per E-Mail unter&nbsp;<a href=\"mailto:pilandau@polizei.rlp.de\">pilandau@polizei.rlp.de<\/a>, zu melden.<\/p>\n\n\n\n<h4 class=\"wp-block-heading\">(Landau) &#8211; Fundfahrrad \/ Verdacht des unbefugten Gebrauchs von Fahrrad<\/h4>\n\n\n\n<div class=\"wp-block-image\"><figure class=\"aligncenter\"><img decoding=\"async\" loading=\"lazy\" width=\"800\" height=\"600\" src=\"https:\/\/speyer24news.com\/wp-content\/uploads\/2021\/03\/1-1.jpg\" alt=\"\" class=\"wp-image-33926\" srcset=\"https:\/\/speyer24news.com\/wp-content\/uploads\/2021\/03\/1-1.jpg 800w, https:\/\/speyer24news.com\/wp-content\/uploads\/2021\/03\/1-1-300x225.jpg 300w, https:\/\/speyer24news.com\/wp-content\/uploads\/2021\/03\/1-1-768x576.jpg 768w, https:\/\/speyer24news.com\/wp-content\/uploads\/2021\/03\/1-1-678x509.jpg 678w, https:\/\/speyer24news.com\/wp-content\/uploads\/2021\/03\/1-1-326x245.jpg 326w, https:\/\/speyer24news.com\/wp-content\/uploads\/2021\/03\/1-1-80x60.jpg 80w\" sizes=\"(max-width: 800px) 100vw, 800px\" \/><\/figure><\/div>\n\n\n\n<p>Passanten fiel am Samstagmittag am Feldrand des Landesgartenschaugel\u00e4ndes liegend, ein Fahrrad auf, welches derzeit nicht zugeordnet werden kann. Es handelt sich um ein schwarz\/blaues Herren-Trekkingrad der Marke Z\u00fcndapp. M\u00f6glicherweise kann auf diesem Wege der Verlierer \/ Gesch\u00e4digte festgestellt werden. Hinweise werden von der Polizei Landau unter der Rufnummer: 06341 2870 oder per E-Mail an&nbsp;<a href=\"mailto:pilandau@polizei.rlp.de\">pilandau@polizei.rlp.de<\/a>, entgegengenommen.<\/p>\n\n\n\n<h4 class=\"wp-block-heading\">(Frankenweiler \/ L 507) &#8211; Frontalzusammensto\u00df im Kurvenbereich<\/h4>\n\n\n\n<p>Gl\u00fcck im Ungl\u00fcck hatten am gestrigen Samstagmorgen gegen 10:00 Uhr zwei Verkehrsteilnehmer aus dem Raum S\u00fcdliche Weinstra\u00dfe. Im Bereich der scharfen Rechtskurve auf der L 507, zwischen Frankweiler und Albersweiler, verlor nach ersten Ermittlungen der Unfallverursacher die Kontrolle \u00fcber sein Fahrzeug. Grund hierf\u00fcr d\u00fcrfte eine \u00fcberh\u00f6hte Geschwindigkeit gewesen sein. Anschlie\u00dfend geriet er in den Gegenverkehr und stie\u00df frontal gegen das Fahrzeug des ihm entgegenkommenden Verkehrsteilnehmers. Gl\u00fccklicherweise blieb der Unfallgegner nur leicht verletzt und wurde zur Untersuchung in ein nahegelegenes Krankenhaus gebracht. Beide PKW waren nicht mehr fahrbereit und mussten abgeschleppt werden. F\u00fcr die Bergung der Fahrzeuge wurde die Fahrbahn beidseitig f\u00fcr ca. 15 Minuten voll gesperrt. Die Gesamtschadensh\u00f6he wird auf etwa 30 000 Euro gesch\u00e4tzt.<\/p>\n\n\n\n<h4 class=\"wp-block-heading\">(Annweiler) &#8211; Illegales Autorennen<\/h4>\n\n\n\n<figure class=\"wp-block-image\"><img decoding=\"async\" loading=\"lazy\" width=\"800\" height=\"600\" src=\"https:\/\/speyer24news.com\/wp-content\/uploads\/2021\/03\/Inked315d_LI.jpg\" alt=\"\" class=\"wp-image-33924\" srcset=\"https:\/\/speyer24news.com\/wp-content\/uploads\/2021\/03\/Inked315d_LI.jpg 800w, https:\/\/speyer24news.com\/wp-content\/uploads\/2021\/03\/Inked315d_LI-300x225.jpg 300w, https:\/\/speyer24news.com\/wp-content\/uploads\/2021\/03\/Inked315d_LI-768x576.jpg 768w, https:\/\/speyer24news.com\/wp-content\/uploads\/2021\/03\/Inked315d_LI-678x509.jpg 678w, https:\/\/speyer24news.com\/wp-content\/uploads\/2021\/03\/Inked315d_LI-326x245.jpg 326w, https:\/\/speyer24news.com\/wp-content\/uploads\/2021\/03\/Inked315d_LI-80x60.jpg 80w\" sizes=\"(max-width: 800px) 100vw, 800px\" \/><\/figure>\n\n\n\n<p>Am 07.03.2021 gegen 17:00 Uhr kam es zu einem verbotenen Kraftfahrzeugrennen auf der B48 zwischen Hofst\u00e4tten und dem Bereich Annweiler Forsthaus. Vier hochwertige, hochmotorisierte Fahrzeuge sollten an dem Rennen beteiligt gewesen sein. Zwei gef\u00e4hrdete Verkehrsteilnehmer gaben telefonisch an, dass die &#8222;Rennfahrer&#8220; anhaltend mit \u00fcberh\u00f6hter Geschwindigkeit fuhren und teilweise waghalsige Man\u00f6ver vollzogen h\u00e4tten. In einem Fall wurde einem Gesch\u00e4digten die Vorfahrt genommen. Dieser musste stark bremsen, um einen Zusammensto\u00df zu vermeiden. Bei einem weiteren Man\u00f6ver geriet ein beteiligtes Fahrzeug aufgrund der gefahrenen Geschwindigkeit auf die Gegenspur, sodass ein weiterer Gesch\u00e4digter ausweichen musste. Im weiteren Verlauf wurden mehrere Kurven geschnitten, diverse \u00dcberholman\u00f6ver gefahren und die Fahrzeuge immer wieder auf ein Maximum beschleunigt. Durch eine auf einem Parkplatz positionierte Beifahrerin wurden die Fahrman\u00f6ver mit einem Handyvideo festgehalten. Die besagten Fahrzeuge konnten am Parkplatz Johanniskreuz festgestellt und kontrolliert werden. Die F\u00fchrerscheine der vier saarl\u00e4ndischen Fahrer im Alter zwischen 20 und 28 Jahren wurden sichergestellt. Weiterhin wurde ein am Rennen beteiligter BMW mit 301 PS beschlagnahmt.<\/p>\n\n\n\n<h4 class=\"wp-block-heading\">(Edenkoben \/ Edesheim \/ Maikammer) &#8211; Zwei berauschte Fahrer und einen E-Scooter ohne Versicherung aus dem Verkehr gezogen<\/h4>\n\n\n\n<p>Bereits am 06.03.2021 wurde gegen 17:55 Uhr ein 25-j\u00e4hriger VW-Fahrer in der Luitpoldstra\u00dfe einer allgemeinen Verkehrskontrolle unterzogen. Im Rahmen der Kontrolle konnten Anhaltspunkte erlangt werden, die auf den Konsum von Bet\u00e4ubungsmitteln hindeuteten. Der Verdacht best\u00e4tigte sich, der Fahrer hatte am Abend zuvor einen Joint geraucht. Auch am 07.03.2021 ergaben sich Auff\u00e4lligkeiten bei einer um 17:00 Uhr durchgef\u00fchrten Verkehrskontrolle. Hier konnte ein 19-j\u00e4hriger Mercedes-Fahrer in Maikammer in Fahrtrichtung Diedesfeld kontrolliert werden. Ein durchgef\u00fchrter Vortest reagierte positiv auf Kokain. In beiden F\u00e4llen wurden die Fahrer auf die Dienststelle verbracht und eine Blutprobe entnommen. Es wurden entsprechende Straf- und Ordnungswidrigkeitenverfahren eingeleitet. Auch wurde die F\u00fchrerscheinstelle \u00fcber die Vorf\u00e4lle in Kenntnis gesetzt. Diese wird nun pr\u00fcfen, ob die beiden Fahrer zur weiteren Teilnahme am Stra\u00dfenverkehr geeignet sind. Am 07.03.2021 konnte gegen 17:30 Uhr zudem ein 32-j\u00e4hriger E-Scooter-Fahrer in Edesheim festgestellt werden. F\u00fcr den E-Scooter besteht eine Versicherungspflicht. Eine Versicherung konnte der Fahrer nicht vorweisen, daher wird sich dieser nun in einem Strafverfahren wegen Versto\u00dfes gegen das Pflichtversicherungsgesetz verantworten m\u00fcssen. Der E-Scooter wurde zudem sichergestellt.<\/p>\n\n\n\n<h4 class=\"wp-block-heading\">(Neustadt) &#8211; Bet\u00e4ubungsmittel mitgef\u00fchrt<\/h4>\n\n\n\n<p>Am Sonntag, den 07.03.2021, gegen 03:00 Uhr wurde ein 19-j\u00e4hriger mit seinem PKW in der Sauterstra\u00dfe, einer anlassunabh\u00e4ngigen Verkehrskontrolle unterzogen. W\u00e4hrend der Verkehrskontrolle konnten bei dem 18-j\u00e4hrigen Beifahrer 0,7 Gramm Marihuana und im Fahrzeug selbst eine geringe Menge an Amphetamin festgestellt und beschlagnahmt werden. Da sich keine Hinweise auf einen Einfluss von Bet\u00e4ubungsmittel ergaben, konnte der 19-j\u00e4hrige die Fahrt fortsetzen. Beide Personen m\u00fcssen sich bez\u00fcglich des Versto\u00dfes gegen das Bet\u00e4ubungsmittel verantworten.<\/p>\n\n\n\n<h4 class=\"wp-block-heading\">(Neustadt) &#8211; Geburtstagsparty aufgel\u00f6st<\/h4>\n\n\n\n<p>Am Sonntag, den 07.03.02021, gegen 00:45 Uhr, wurden der Polizei Partyl\u00e4rm aus einem Mehrfamilienhaus in der Eduard-Jost-Stra\u00dfe in Neustadt gemeldet. Vor Ort konnte durch die Polizei der Partyl\u00e4rm wahrgenommen und beim Betreten des Hauses die offene Wohnungseingangst\u00fcr festgestellt werden. In der Wohnung konnte der 28-j\u00e4hrige Wohnungsinhaber angetroffen werden, welcher gegen\u00fcber der Polizei angab den 18. Geburtstag seines Neffen zu feiern. Im Hinblick auf die aktuelle Pandemie wurde die Party mit dessen Einvernehmen aufgel\u00f6st, wonach die Personen die \u00d6rtlichkeit verlie\u00dfen. In der Wohnung befanden sich insgesamt 11 Personen. Bez\u00fcglich der Ahndung der m\u00f6glichen Verst\u00f6\u00dfe gegen die aktuelle CoBeLVO wurde die Stadtverwaltung Neustadt in Kenntnis gesetzt.<\/p>\n\n\n\n<h4 class=\"wp-block-heading\">(Neustadt) &#8211; Probefahrt ohne Fahrerlaubnis<\/h4>\n\n\n\n<p>Am Samstag, den 06.03.2021, wurde gegen 23:20 Uhr ein 31-j\u00e4hriger mit einem PKW, auf einem Supermarktparkplatz in der Martin-Luther-Stra\u00dfe, einer allgemeinen Verkehrskontrolle unterzogen. Hierbei gab der Mann an, eine Probefahrt auf dem Parkplatz durchzuf\u00fchren. Im Laufe der Kontrolle konnte festgestellt werden, dass der Mann nicht im Besitz einer Fahrerlaubnis ist. Die Weiterfahrt wurde ihm untersagt. Der Mann muss sich bez\u00fcglich des Fahrens ohne Fahrerlaubnis verantworten. Auch gegen den Halter des Fahrzeuges, welcher ihm den Fahrzeugschl\u00fcssel \u00fcberlie\u00df, wurde ein Strafverfahren bez\u00fcglich des Zulassens des F\u00fchrens eines Kraftfahrzeuges ohne Fahrerlaubnis eingeleitet<\/p>\n\n\n\n<h4 class=\"wp-block-heading\">(Neustadt) &#8211; E-Scooter ohne Versicherungsschutz<\/h4>\n\n\n\n<p>Am Samstag, den 06.03.2021, gegen 11:40 Uhr wurde ein 34-j\u00e4riger Mann in der Klausengasse mit einem E-Scooter, aufgrund eines ung\u00fcltigen Versicherungskennzeichens der Farbe schwarz, einer Verkehrskontrolle unterzogen. Dem Mann wurde die Weiterfahrt untersagt, woraufhin er seinen Weg zu Fu\u00df fortsetzte. Er muss sich wegen des Versto\u00dfes gegen das Pflichtversicherungsgesetz verantworten.<\/p>\n\n\n\n<p>Bitte denken Sie daran, dass sich j\u00e4hrlich zum 01. M\u00e4rz die G\u00fcltigkeit, sowie die Farbe der Versicherungskennzeichen \u00e4ndert. Das aktuell g\u00fcltige Versicherungskennzeichen im Jahr 2021 tr\u00e4gt die Farbe blau.<\/p>\n\n\n\n<h4 class=\"wp-block-heading\">(Neustadt) &#8211; Bei Personenkontrolle Bet\u00e4ubungsmittel aufgefunden<\/h4>\n\n\n\n<p>Am Samstag den 06.03.2021, wurden gegen 09:20 Uhr zwei Personen in der Stra\u00dfe Zum Ordenswald, im Bereich der Bahngleise festgestellt. Hiernach wurden diese einer Personenkontrolle unterzogen, bei welcher auffiel, dass sie unter Alkoholeinfluss standen. Im Laufe der Kontrolle konnte bei einem der Personen 0,5 Gramm Haschisch aufgefunden werden. Gegen den 18-j\u00e4hrigen wurde ein Strafverfahren bez\u00fcglich des Versto\u00dfes gegen das Bet\u00e4ubungsmittelgesetz eingeleitet.<\/p>\n\n\n\n<h4 class=\"wp-block-heading\">(Bad D\u00fcrkheim) &#8211; Aufgefahrener Pkw nach Unfall nicht mehr fahrbereit<\/h4>\n\n\n\n<p>Am Samstag, 06.03.2021, um 15:15 Uhr, fuhr ein 52-J\u00e4hriger aus Landstuhl auf der B 37, H\u00f6he Alte Schmelz, mit seinem Pkw auf den Pkw eines 41-J\u00e4hrigen aus Billigheim-Ingenheim auf. Grund f\u00fcr den Unfall d\u00fcrfte die Blendung durch die tiefstehende Sonne gewesen sein. Der auffahrende Pkw war nach dem Unfall nicht fahrbereit. Insgesamt entstand ein gesch\u00e4tzter Sachschaden von ca. 6.000,- Euro.<\/p>\n\n\n\n<h4 class=\"wp-block-heading\">(Bad D\u00fcrkheim) &#8211; Pkw rei\u00dft bei Verkehrsunfall Vorderrad ab<\/h4>\n\n\n\n<p>Am Samstag, 06.03.2021, um 10:08 Uhr, befuhr eine 80-j\u00e4hrige Frau aus Bad D\u00fcrkheim mit ihrem Pkw die Altenbacher Stra\u00dfe in Bad D\u00fcrkheim im Ortsteil Ungstein. In einer Engstelle fuhr sie gegen einen dort stehenden Blumenk\u00fcbel und verschob diesen durch den Aufprall. Hierbei wurde das rechte Vorderrad ihres Pkw abgerissen, so dass das Fahrzeug abgeschleppt werden musste. Es entstand ein Sachschaden von ca. 3.000,- Euro. Die Fahrerin blieb gl\u00fccklicherweise unverletzt.<\/p>\n\n\n\n<h4 class=\"wp-block-heading\">(Bad D\u00fcrkheim) &#8211; Mit Fu\u00dftritt Pkw besch\u00e4digt<\/h4>\n\n\n\n<p>In der Zeit von Donnerstag, 04.03.2021, 19:00 Uhr, bis Samstag, 06.03.2021, 09:30 Uhr, hat ein unbekannter T\u00e4ter einen geparkten Pkw in Bad D\u00fcrkheim besch\u00e4digt. Der besch\u00e4digte VW Passat stand auf dem Kundenparkplatz der Winzergenossenschaft &#8222;Vier Jahreszeiten&#8220;. Irgendwann im o. g. Zeitraum muss dann eine unbekannte Person mit dem Fu\u00df gegen den Pkw getreten haben, so dass ein Sachschaden von ca. 500,- Euro entstanden ist. M\u00f6gliche Zeugen werden gebeten, sich bei der Polizei in Bad D\u00fcrkheim unter 06322 963 0 oder per E-Mail an&nbsp;<a href=\"mailto:pibadduerkheim@polizei.rlp.de\">pibadduerkheim@polizei.rlp.de<\/a>&nbsp;zu melden.<\/p>\n\n\n\n<h4 class=\"wp-block-heading\">(Frankenthal) &#8211; M\u00fclltonnenbrand<\/h4>\n\n\n\n<p>Am 07.03.2021 gerieten um 02:57 Uhr mehrere M\u00fclltonnen samt Unterstand vor einem Mehrfamilienhaus in Frankenthal in Brand. Der Brand konnte durch die hinzugerufene Feuerwehr Frankenthal gel\u00f6scht werden. Durch den Brand wurden au\u00dferdem eine Laterne und ein Zaun besch\u00e4digt. Es entstand ein Sachschaden von insgesamt 1000EUR. Hinweise auf die Ursache des Brands liegen bisher nicht vor.<\/p>\n\n\n\n<h4 class=\"wp-block-heading\">(Frankenthal) &#8211; Verkehrsunfallflucht<\/h4>\n\n\n\n<p>Am 06.03.2021, gegen 17:00 Uhr, fuhr ein Pkw-Fahrer in Frankenthal auf einen vorausfahrenden Pkw auf. Anschlie\u00dfend entfernte er sich unerlaubt von der Unfall\u00f6rtlichkeit. Kurz drauf ereignete sich in unmittelbarer N\u00e4he ein zweiter Verkehrsunfall, bei dem ein Pkw r\u00fcckw\u00e4rts in einen Vorgarten fuhr. Auch diesmal entfernte sich der Unfallverursacher von der Unfallstelle. Durch Zeugen konnte sowohl der Pkw, als auch der Fahrer beschrieben werden. Aufgrund der korrespondierenden Beschreibungen konnte festgestellt werden, dass es sich bei beiden Verkehrsunf\u00e4llen um denselben Verursacher handelte. Nach Zeugenaussagen soll der Fahrer augenscheinlich alkoholisiert gewesen sein. Der 33-j\u00e4hrige Unfallverursacher stellte sich am Abend selbst bei der Polizei. Es wurde ein Ermittlungsverfahren aufgrund des Verdachts der Verkehrsunfallflucht, sowie Gef\u00e4hrdung des Stra\u00dfenverkehrs er\u00f6ffnet.<\/p>\n\n\n\n<h4 class=\"wp-block-heading\">(Frankenthal) &#8211; Verkehrsunfallflucht<\/h4>\n\n\n\n<p>Die Gesch\u00e4digte stellte ihren Pkw am 06.03.2021 im Zeitraum von 14:30 Uhr bis 15:00 Uhr auf dem Parkplatz des Kauflands in Frankenthal ab. Als sie an ihren Pkw zur\u00fcckkam, stellte sie einen Schaden im hinteren Bereich der Fahrzeugt\u00fcr auf der Beifahrerseite fest. Da an der Besch\u00e4digung rote Lackanhaftungen festgestellt wurden, k\u00f6nnte es sich bei dem Unfallverursacher um einen roten Pkw handeln. Es entstand ein Sachschaden in H\u00f6he von 2000EUR.<\/p>\n\n\n\n<h4 class=\"wp-block-heading\">(Bobenheim-Roxheim) &#8211; Trunkenheit im Verkehr<\/h4>\n\n\n\n<p>Am 06.03.2021, gegen 23:00 Uhr, wurde auf der B9 von Worms kommend in Fahrtrichtung Frankenthal ein Pkw mit auff\u00e4lliger Fahrweise festgestellt. Der Pkw wurde einer Verkehrskontrolle unterzogen. Im Rahmen der Kontrolle konnte beim 20 Jahre alten Fahrer Alkoholgeruch festgestellt werden. Ein Atemalkoholtest ergab 1,05 Promille. Dem Fahrer wurde daraufhin eine Blutprobe entnommen. Au\u00dferdem wurde sein F\u00fchrerschein sichergestellt. Gegen den 20-j\u00e4hrigen Fahrer wurde ein Ermittlungsverfahren wegen Trunkenheit im Verkehr er\u00f6ffnet.<\/p>\n\n\n\n<h4 class=\"wp-block-heading\">(Ludwigshafen-Hemshof) &#8211; Rollerdiebstahl<\/h4>\n\n\n\n<p>In der Nacht von Freitag auf Sonntag (07.03.21) entwendete ein noch unbekannter T\u00e4ter in der Dessauer Stra\u00dfe einen Roller, welcher mit Lenkradschloss gesichert war. Der Roller konnte unweit des Tatortes in einer Unterf\u00fchrung besch\u00e4digt aufgefunden werden. Vermutlich wurde er zur\u00fcckgelassen, nachdem ein Kurzschlie\u00dfen offensichtlich fehlgeschlagen ist. Hinweise nimmt die Polizei in Ludwigshafen &#8211; Oppau unter der 0621\/963-2222 entgegen.<\/p>\n\n\n\n<h4 class=\"wp-block-heading\">(Ludwigshafen) &#8211; Handtaschendiebstahl aus unverschlossenen PKW \/ Polizei r\u00e4t, keine Wertsachen bei einem Einkauf offen sichtbar im Fahrzeug lassen<\/h4>\n\n\n\n<p>Am Samstag, den 06.03.21, gegen 19:30 Uhr, wurde im Gewerbegebiet Oggersheim einer 60-j\u00e4hrigen Frau die Handtasche vom Beifahrersitz ihres Pkw entwendet, als diese ihre Eink\u00e4ufe in den Kofferraum einlud. Die Polizei r\u00e4t: Geben sie Dieben keine Gelegenheit und lassen sie ihre Wertgegenst\u00e4nde beim Einkaufen nicht unbeaufsichtigt.<\/p>\n\n\n\n<h4 class=\"wp-block-heading\">(Ludwigshafen-Friesenheim) &#8211; Vers\u00f6hnungsgespr\u00e4ch eskaliert \/ k\u00f6rperlicher \u00dcbergriff <\/h4>\n\n\n\n<p>Nachdem die Beziehung gescheitert war, wollte sich eine 33-j\u00e4hrige aus Ludwigshafen am Samstag, den 06.03.21 mit ihrem 24-j\u00e4hrigen Ex-Freund aus Neckartenzlingen aussprechen. Dies f\u00fchrte jedoch dazu, dass der 24-J\u00e4hrige seine ehemalige Geliebte an den Haaren zog, diese zu Boden dr\u00fcckte und bedrohte. Durch das Einschreiten mehrerer Passanten lie\u00df der Mann schlie\u00dflich von der Frau ab. Er wird sich jedoch nun wegen K\u00f6rperverletzung und Bedrohung verantworten m\u00fcssen.<\/p>\n\n\n\n<h4 class=\"wp-block-heading\">(Ludwigshafen) &#8211; Wildschweine im Bereich Bremmenweg gesichtet<\/h4>\n\n\n\n<p>Am Samstag, den 06.03.21, wurde von mehreren B\u00fcrgern gemeldet, dass sich Wildschweine im Bereich der Weiher zwischen Oggersheim und Oppau aufhalten w\u00fcrden. Nach Sichtung des Gebietes durch Jagdp\u00e4chter und Polizei d\u00fcrfte es sich hierbei um eine Wildschwein-Mutter und ihren zwei Frischlinge handeln. Wenn sie die Wildschweine sehen sollten r\u00e4t die Polizei, stehen zu bleiben, langsam zur\u00fcckgehen und den Bereich von dichten Bewuchs zu meiden. Des Weiteren wird empfohlen, die Polizei bei einer Sichtung zu verst\u00e4ndigen.<\/p>\n\n\n\n<h4 class=\"wp-block-heading\">(Ludwigshafen) &#8211; Taschendiebstahl in Netto-Filiale<\/h4>\n\n\n\n<p>Zu einem Taschendiebstahl kam es am gestrigen Samstag gegen 14:30 Uhr in der Netto-Filiale der Knollstra\u00dfe. Ein unbekannter T\u00e4ter entwendete hier der 79-j\u00e4hrigen Gesch\u00e4digten ihre Geldb\u00f6rse, samt Ausweispapieren, aus ihrer Handtasche. Hinweise nimmt die Polizeiinspektion Ludwigshafen 1 unter der Rufnummer 0621-963-2122 entgegen.<\/p>\n\n\n\n<h4 class=\"wp-block-heading\">(Ludwigshafen) &#8211; Verkehrsunfall mit verletzter Person<\/h4>\n\n\n\n<p>Am Samstag, den 06.03.2021 gegen 10:00 Uhr, kam es am Berliner Platz zu einem Verkehrsunfall zwischen einer Stra\u00dfenbahn und einem 73-j\u00e4hrigen Fu\u00dfg\u00e4nger. Nach dem derzeitigen Stand der Ermittlungen wartete dieser in Gedanken versunken am Bahnsteig. Als sich die T\u00fcren seiner avisierten Stra\u00dfenbahn bereits schlossen, griff er mit der Hand zwischen die sich schlie\u00dfenden T\u00fcren, welche sich jedoch aufgrund eines technischen Defekts nicht mehr \u00f6ffneten und die Bahn losfuhr. Als es dem 73-j\u00e4hrigen schlie\u00dflich gelang seine Hand mit einem Ruck aus dem T\u00fcrspalt zu ziehen verlor er das Gleichgewicht, st\u00fcrzte und wurde hierbei leicht verletzt.<\/p>\n\n\n\n<h4 class=\"wp-block-heading\">(Mannheim-K\u00e4fertal) &#8211; Vorfahrt missachtet \/ Eine leicht Verletzte<\/h4>\n\n\n\n<p>Am Samstagnachmittag, gegen 15.55 Uhr, kam es im Stadtteil K\u00e4fertal nach einer Vorfahrtsverletzung zur Kollision zweier Pkw. Hier befuhr eine 55-J\u00e4hriger Suzuki Fahrerin die Reichenbachstra\u00dfe in Richtung Turbinenstra\u00dfe. An der dortigen Kreuzung missachtete sie die Vorfahrt eines, die Turbinenstra\u00dfe in Richtung Oscar-von-Miller-Stra\u00dfe fahrenden, 26-j\u00e4hrigen VW Fahrers. Durch die Wucht des Zusammensto\u00dfes wurde der Pkw der Unfallverursacherin abgewiesen und kippte auf die Beifahrerseite. W\u00e4hrend beide Fahrzeuglenker unverletzt blieben, erlitt eine 27-j\u00e4hrige Beifahrerin der Unfallverursacherin leichte Verletzung. An den Fahrzeugen entstand ein gesch\u00e4tzter Sachschaden in H\u00f6he von ca. 5000,- Euro. Beide Fahrzeuge waren nicht mehr fahrbereit und wurden abgeschleppt.<\/p>\n\n\n\n<h4 class=\"wp-block-heading\">(Heidelberg) &#8211; Brand in Heidelberger Altstadt<\/h4>\n\n\n\n<p>Sonntagfr\u00fch gegen 01:20 Uhr gingen bei den Leitstellen von Feuerwehr und Rettungsdienst mehrere Notrufe ein, die einen Zimmerbrand in der Hauptstra\u00dfe meldeten. Aus bislang noch unbekannter Ursache geriet eine Einzimmerwohnung im 2. OG am Sonntagfr\u00fch in Brand. Der 29-j\u00e4hrige Mieter versuchte noch selbst den Brand zu l\u00f6schen, zog sich hierbei aber Verbrennungen zu und musste die Wohnung verlassen. Nach Eintreffen der Rettungskr\u00e4fte wurden 15 Personen evakuiert und in einem bereitgestellten Bus untergebracht, w\u00e4hrend sich das Brandgeschehen auf den Dachstuhl ausbreitete. Die Berufsfeuerwehr Heidelberg und ihre Abteilungen der Freiwilligen Feuerwehren konnten aufgrund der engen Bebauung ein \u00dcbergreifen auf benachbarte H\u00e4user nicht verhindern, aber letztendlich das Feuer unter Kontrolle bringen. Die ersten Ermittlungen hat noch in der Nacht der Kriminaldauerdienst aufgenommen. Aufgrund von Nachl\u00f6scharbeiten und Untersuchung der Bausubstanzen durch einen Statiker kann der Brandort noch nicht betreten werden. Der Sachschaden ist noch nicht bezifferbar. Der 29-J\u00e4hrige konnte nach Behandlung das Krankenhaus bereits wieder verlassen.<\/p>\n\n\n\n<h4 class=\"wp-block-heading\">(Heidelberg) &#8211; Pkw kommt von der Fahrbahn ab; Fahrer schwer verletzt<\/h4>\n\n\n\n<p>Am Sonntag gegen 00.04 Uhr befuhr ein 45-j\u00e4hriger Opel-Fahrer die Pleikartsf\u00f6rster Stra\u00dfe in Richtung Speyerer Stra\u00dfe. An der Einm\u00fcndung zur Albert-Fritz-Stra\u00dfe kam er vermutlich mit \u00fcberh\u00f6hter Geschwindigkeit nach links von der Fahrbahn ab. Hierbei \u00fcberfuhr er zun\u00e4chst einen Begrenzungspfosten und stie\u00df im weiteren Verlauf gegen einen dort ordnungsgem\u00e4\u00df geparkten Mercedes-Benz. Der 45-J\u00e4hrige wurde bei dem Unfall schwer verletzt und in ein Krankenhaus eingeliefert. Lebensgefahr besteht nicht. Beide Fahrzeuge, jeweils mit Totalschaden in H\u00f6he von mehreren Tausend Euro, mussten abgeschleppt werden.<\/p>\n\n\n\n<h4 class=\"wp-block-heading\">(Neckargem\u00fcnd \/ Rhein-Neckar-Kreis) &#8211; Betrunkener Audi Fahrer mit 1,86 Promille unterwegs<\/h4>\n\n\n\n<p>Am Samstagabend, gegen 21.25 Uhr, meldete ein aufmerksamer Verkehrsteilnehmer einen vor ihm von Neckarsteinach kommend in Richtung Neckargem\u00fcnd in Schlangenlinien fahrenden Pkw Audi. Eine sofort verst\u00e4ndigte Streife des Polizeireviers Neckargem\u00fcnd konnte den verd\u00e4chtigen Audi im Bereich des Kreisverkehrs der Neckarsteinacher Stra\u00dfe sichten und einer Kontrolle unterziehen. Im Verlauf der Kontrolle bemerkten die Beamten bei dem 44-j\u00e4hrigen Fahrzeuglenker, dass dieser nach Alkohol roch. Ein Atemalkoholtest f\u00f6rderte einen Atemalkoholwert von 1,86 Promille zu Tage. Dem 44-J\u00e4hrigen wurde eine Blutprobe entnommen. Sein F\u00fchrerschein blieb bei den Akten und er muss sich nun wegen der Trunkenheit im Verkehr verantworten.<\/p>\n\n\n\n<h4 class=\"wp-block-heading\">(Dossenheim \/ Rhein-Neckar-Kreis) &#8211; Brand einer Scheune \/ Eine Person leicht verletzt<\/h4>\n\n\n\n<p>Beim Brand in einer Scheune in der H\u00f6lderlinstra\u00dfe in Dossenheim am Sonntagmorgen gegen 04.05 Uhr entstand ersten Sch\u00e4tzungen zufolge Sachschaden von ca. 15.000 Euro. Im Rahmen einer Feier wurde in der Scheune ein Heizk\u00f6rper mittels einer Gasflasche betrieben. Vermutlich kam es durch eine Fehlbedienung zur pl\u00f6tzlichen Entz\u00fcndung der Gasflasche, worauf die beiden anwesenden Personen sofort die Scheune verlie\u00dfen. Der \u00dcbergriff des Feuers auf das angrenzende Wohngeb\u00e4ude konnte durch die Freiwillige Feuerwehr Dossenheim, die mit insgesamt 30 Einsatzkr\u00e4ften vor Ort war, verhindert werden. Der 18-j\u00e4hrige Sohn der Bewohner wurde bei dem Vorfall leicht verletzt und in ein Krankenhaus eingeliefert.<\/p>\n","protected":false},"excerpt":{"rendered":"<div class=\"mh-excerpt\"><p>Polizeimeldungen vom Sonntag (07.03.2021) (Speyer) &#8211; Verkehrsunfall mit Reanimationsma\u00dfnahmen Am 06.03.2021 gegen 17:35 Uhr kam es am Treppenabgang des Bahnhofs in der Landwehrstra\u00dfe in Speyer zu einem Verkehrsunfall bei dem ein 60-j\u00e4hriger Fahrradfahrer durch die <a class=\"mh-excerpt-more\" href=\"https:\/\/speyer24news.com\/?p=33923\" title=\"Polizei\">[&#8230;]<\/a><\/p>\n<\/div>","protected":false},"author":3,"featured_media":0,"comment_status":"open","ping_status":"open","sticky":false,"template":"","format":"standard","meta":{"_monsterinsights_skip_tracking":false,"_monsterinsights_sitenote_active":false,"_monsterinsights_sitenote_note":"","_monsterinsights_sitenote_category":0,"footnotes":""},"categories":[12],"tags":[],"aioseo_notices":[],"amp_enabled":true,"_links":{"self":[{"href":"https:\/\/speyer24news.com\/index.php?rest_route=\/wp\/v2\/posts\/33923"}],"collection":[{"href":"https:\/\/speyer24news.com\/index.php?rest_route=\/wp\/v2\/posts"}],"about":[{"href":"https:\/\/speyer24news.com\/index.php?rest_route=\/wp\/v2\/types\/post"}],"author":[{"embeddable":true,"href":"https:\/\/speyer24news.com\/index.php?rest_route=\/wp\/v2\/users\/3"}],"replies":[{"embeddable":true,"href":"https:\/\/speyer24news.com\/index.php?rest_route=%2Fwp%2Fv2%2Fcomments&post=33923"}],"version-history":[{"count":3,"href":"https:\/\/speyer24news.com\/index.php?rest_route=\/wp\/v2\/posts\/33923\/revisions"}],"predecessor-version":[{"id":33930,"href":"https:\/\/speyer24news.com\/index.php?rest_route=\/wp\/v2\/posts\/33923\/revisions\/33930"}],"wp:attachment":[{"href":"https:\/\/speyer24news.com\/index.php?rest_route=%2Fwp%2Fv2%2Fmedia&parent=33923"}],"wp:term":[{"taxonomy":"category","embeddable":true,"href":"https:\/\/speyer24news.com\/index.php?rest_route=%2Fwp%2Fv2%2Fcategories&post=33923"},{"taxonomy":"post_tag","embeddable":true,"href":"https:\/\/speyer24news.com\/index.php?rest_route=%2Fwp%2Fv2%2Ftags&post=33923"}],"curies":[{"name":"wp","href":"https:\/\/api.w.org\/{rel}","templated":true}]}}