{"id":33932,"date":"2021-03-09T06:59:01","date_gmt":"2021-03-09T05:59:01","guid":{"rendered":"https:\/\/speyer24news.com\/?p=33932"},"modified":"2021-03-09T06:59:03","modified_gmt":"2021-03-09T05:59:03","slug":"corona-stadtnotizen-aus-speyer-11","status":"publish","type":"post","link":"https:\/\/speyer24news.com\/?p=33932","title":{"rendered":"Corona &#038; Stadtnotizen aus Speyer"},"content":{"rendered":"<style type=\"text\/css\">\r\n\t.ads_top_disp{}\r\n\t.ads_top_corner_disp{ float:left; margin:0px 10px 10px 0px; }\r\n\t.ads_first_p_disp{}\r\n\t.ads_bottom_disp{}\r\n\t<\/style>\n<h1 class=\"wp-block-heading\" style=\"text-align:center\">Coronafallzahlen von Montag (08.03.2021)<\/h1>\n\n\n\n<figure class=\"wp-block-image\"><img decoding=\"async\" loading=\"lazy\" width=\"800\" height=\"400\" src=\"https:\/\/speyer24news.com\/wp-content\/uploads\/2020\/02\/virus-1812092_1920.jpg\" alt=\"\" class=\"wp-image-25128\" srcset=\"https:\/\/speyer24news.com\/wp-content\/uploads\/2020\/02\/virus-1812092_1920.jpg 800w, https:\/\/speyer24news.com\/wp-content\/uploads\/2020\/02\/virus-1812092_1920-300x150.jpg 300w, https:\/\/speyer24news.com\/wp-content\/uploads\/2020\/02\/virus-1812092_1920-768x384.jpg 768w\" sizes=\"(max-width: 800px) 100vw, 800px\" \/><\/figure>\n\n\n\n<p>Anzahl best\u00e4tigter F\u00e4lle von Coronavirus (SARS-CoV-2)-Infektionen in der Stadt Speyer:\u00a02027 ( + 1 gegen\u00fcber Freitag )<br>Davon bereits genesen:\u00a01881<br>Todesf\u00e4lle: 80 ( + 2 gegen\u00fcber Freitag )<br>Gemeldete F\u00e4lle der letzten sieben Tage pro 100.000 Einwohner*innen (Inzidenz): 35,6 ( &#8211; 11,9 gegen\u00fcber Freitag ) <br><strong>Warnstufe: Orange<\/strong><\/p>\n\n\n\n<p>Stand: 08.03.2021, 14:10 Uhr<\/p>\n\n\n\n<div class=\"wp-block-image\"><figure class=\"aligncenter\"><img decoding=\"async\" loading=\"lazy\" width=\"500\" height=\"670\" src=\"https:\/\/speyer24news.com\/wp-content\/uploads\/2021\/03\/Karte_Stufen_2021-03-08.jpg\" alt=\"\" class=\"wp-image-33933\" srcset=\"https:\/\/speyer24news.com\/wp-content\/uploads\/2021\/03\/Karte_Stufen_2021-03-08.jpg 500w, https:\/\/speyer24news.com\/wp-content\/uploads\/2021\/03\/Karte_Stufen_2021-03-08-224x300.jpg 224w\" sizes=\"(max-width: 500px) 100vw, 500px\" \/><\/figure><\/div>\n\n\n\n<p><em>Landesuntersuchungsamt Rheinland-Pfalz<br>09.03.2021<\/em><\/p>\n\n\n\n<h1 class=\"wp-block-heading\" style=\"text-align:center\">Stadtnotizen<\/h1>\n\n\n\n<figure class=\"wp-block-image\"><img decoding=\"async\" loading=\"lazy\" width=\"800\" height=\"600\" src=\"https:\/\/speyer24news.com\/wp-content\/uploads\/2020\/01\/Speyer-Stadtnachrichten-2.jpg\" alt=\"\" class=\"wp-image-23901\" srcset=\"https:\/\/speyer24news.com\/wp-content\/uploads\/2020\/01\/Speyer-Stadtnachrichten-2.jpg 800w, https:\/\/speyer24news.com\/wp-content\/uploads\/2020\/01\/Speyer-Stadtnachrichten-2-300x225.jpg 300w, https:\/\/speyer24news.com\/wp-content\/uploads\/2020\/01\/Speyer-Stadtnachrichten-2-768x576.jpg 768w, https:\/\/speyer24news.com\/wp-content\/uploads\/2020\/01\/Speyer-Stadtnachrichten-2-678x509.jpg 678w, https:\/\/speyer24news.com\/wp-content\/uploads\/2020\/01\/Speyer-Stadtnachrichten-2-326x245.jpg 326w, https:\/\/speyer24news.com\/wp-content\/uploads\/2020\/01\/Speyer-Stadtnachrichten-2-80x60.jpg 80w\" sizes=\"(max-width: 800px) 100vw, 800px\" \/><\/figure>\n\n\n\n<h2 class=\"wp-block-heading\"><strong>Ein Freiraumentwicklungskonzept f\u00fcr die Stadt Speyer \u2013 Diskutieren Sie mit!<\/strong><\/h2>\n\n\n\n<figure class=\"wp-block-image\"><img decoding=\"async\" loading=\"lazy\" width=\"800\" height=\"460\" src=\"https:\/\/speyer24news.com\/wp-content\/uploads\/2021\/03\/Freiraumentwicklungskonzept.png\" alt=\"\" class=\"wp-image-33934\" srcset=\"https:\/\/speyer24news.com\/wp-content\/uploads\/2021\/03\/Freiraumentwicklungskonzept.png 800w, https:\/\/speyer24news.com\/wp-content\/uploads\/2021\/03\/Freiraumentwicklungskonzept-300x173.png 300w, https:\/\/speyer24news.com\/wp-content\/uploads\/2021\/03\/Freiraumentwicklungskonzept-768x442.png 768w\" sizes=\"(max-width: 800px) 100vw, 800px\" \/><\/figure>\n\n\n\n<p>Freir\u00e4ume bilden das gr\u00fcne R\u00fcckgrat der Stadt. Sie \u00fcbernehmen vielf\u00e4ltige Funktionen im st\u00e4dtischen Gef\u00fcge als Erholungsr\u00e4ume f\u00fcr die B\u00fcrger*innen, zur Durchl\u00fcftung der Wohnlagen oder auch f\u00fcr den Biotopschutz. Um das Freiraumsystem langfristig zu sichern und an neue Anforderungen anzupassen, l\u00e4sst die Stadt Speyer ein Freiraumentwicklungskonzept f\u00fcr die Gesamtstadt erstellen.<\/p>\n\n\n\n<h4 class=\"wp-block-heading\">Sie k\u00f6nnen sich beteiligen und mit diskutieren unter&nbsp;<a href=\"https:\/\/deref-web.de\/mail\/client\/H_y3deK0Zjg\/dereferrer\/?redirectUrl=https%3A%2F%2Fwww.freiraumdialog-speyer.de%2F\" target=\"_blank\" rel=\"noreferrer noopener\">https:\/\/www.freiraumdialog-speyer.de\/<\/a><\/h4>\n\n\n\n<p>\u201eDie Nachfrage nach Wohnraum in Speyer steigt stetig, was den Druck auf innerst\u00e4dtische Freifl\u00e4chen erh\u00f6ht. Die Frage, nach welchem Leitbild die Stadt k\u00fcnftig mit Freifl\u00e4chen umgehen, diese gestalten und sch\u00fctzen soll, betrifft daher alle Speyerer*innen. Aus diesem Grund wird es rund um das Thema eine umfangreiche Online-B\u00fcrgerinformation und \u2013beteiligung geben, welche am 15. M\u00e4rz startet. Ich m\u00f6chte die B\u00fcrger*innen ermutigen, sich zu informieren und sie dazu aufrufen, sich bei der Entwicklung des Konzepts aktiv einzubringen\u201c, so Oberb\u00fcrgermeisterin Stefanie Seiler.<\/p>\n\n\n\n<h4 class=\"wp-block-heading\">Warum sind Freir\u00e4ume so wichtig f\u00fcr die Stadt?<\/h4>\n\n\n\n<p>Parkanlagen, Gr\u00fcnfl\u00e4chen, Spiel- und Sportpl\u00e4tze, Seen, W\u00e4lder und Felder am Stadtrand \u2013 Freir\u00e4ume machen eine Stadt attraktiv und lebenswert. Sie sind Erholungs- und Bewegungsraum, Begegnungsort und Spielfl\u00e4che. Gr\u00fcnfl\u00e4chen in den Siedlungsbereichen steigern die Wohnqualit\u00e4t. Sie wirken temperaturausgleichend, filtern Luftschadstoffe und haben so einen positiven Einfluss auf das Stadtklima und die menschliche Gesundheit. Als Lebensraum f\u00fcr Tier und Pflanzen f\u00f6rdern sie die biologische Vielfalt in der Stadt. Freir\u00e4ume \u00fcbernehmen also vielf\u00e4ltige Aufgaben und oftmals mehrere gleichzeitig, d.h. sie sind multifunktional.<\/p>\n\n\n\n<h4 class=\"wp-block-heading\">Warum l\u00e4sst die Stadt ein Freiraumentwicklungskonzept erstellen?<\/h4>\n\n\n\n<p>In Speyer steigt die Nachfrage nach Wohn- und Gewerbefl\u00e4chen. Damit w\u00e4chst&nbsp;der Druck auf (innerst\u00e4dtische) Freir\u00e4ume. Gleichzeitig besitzen diese Fl\u00e4chen gerade in Zeiten des Klimawandels eine besondere Bedeutung f\u00fcr die Wohn- und Lebensqualit\u00e4t und das Stadtklima. Vor diesem Hintergrund stellt sich f\u00fcr die Stadt Speyer die Frage, wie sich die Funktionsf\u00e4higkeit der Freir\u00e4ume langfristig sichern l\u00e4sst. Welche Bedeutung und Potenziale haben die Freir\u00e4ume f\u00fcr die k\u00fcnftige Entwicklung der Stadt? Wie k\u00f6nnen Freiraumsicherung und Siedlungsentwicklung gut aufeinander abgestimmt werden?<\/p>\n\n\n\n<p>Antworten auf diese Fragen soll das Freiraumentwicklungskonzept geben. Die Stadt Speyer verfolgt damit das Ziel, die&nbsp;bestehende Qualit\u00e4t der st\u00e4dtischen Freir\u00e4ume und deren Multifunktionalit\u00e4t zu sichern und weiterzuentwickeln sowie neue, vielf\u00e4ltig nutzbare Gr\u00fcnstrukturen zu schaffen.<\/p>\n\n\n\n<h4 class=\"wp-block-heading\">Wie ist der Sachstand und wie werden die B\u00fcrger*innen beteiligt?<\/h4>\n\n\n\n<p>Das Freiraumentwicklungskonzept befindet sich auf der Zielgeraden. Nach einer umfassenden Analyse der bestehenden Freiraumstrukturen und ihrer Funktionalit\u00e4ten wurden Leitbilder f\u00fcr die k\u00fcnftige Entwicklung entworfen. Bereits in einer fr\u00fchen Phase der Bearbeitung waren die B\u00fcrger*innen in die Erarbeitung des Konzepts eingebunden. Im November 2018 wurden im Rahmen von drei Stadtspazierg\u00e4ngen die Freiraumsituation in verschiedenen Stadtteilen erkundet und in einer Planungswerkstatt erste Analyseergebnisse diskutiert. Die Dokumentationen der Veranstaltungen finden Sie unter&nbsp;<a href=\"https:\/\/deref-web.de\/mail\/client\/LDERH8JSrio\/dereferrer\/?redirectUrl=http%3A%2F%2Fwww.speyer.de%2Ffreiraumentwicklung\" target=\"_blank\" rel=\"noreferrer noopener\">www.speyer.de\/freiraumentwicklung<\/a>.<\/p>\n\n\n\n<p>Die Auswirkungen der Corona-Pandemie brachten leider auch den Zeitplan f\u00fcr die weitere Beteiligung durcheinander. Da Pr\u00e4senzveranstaltungen weiterhin nicht m\u00f6glich sind, wird die Beteiligung nun im Online-Format weitergef\u00fchrt.<\/p>\n\n\n\n<h4 class=\"wp-block-heading\">Der Online-Dialog zum Freiraumentwicklungskonzept startet am 15. M\u00e4rz<\/h4>\n\n\n\n<p>Ab Montag, 15. M\u00e4rz 2021 haben B\u00fcrger*innen die M\u00f6glichkeit, sich unter&nbsp;<a href=\"https:\/\/deref-web.de\/mail\/client\/9qXUXjdT2zo\/dereferrer\/?redirectUrl=http%3A%2F%2Fwww.speyer.de%2Ffreiraumdialog\" target=\"_blank\" rel=\"noreferrer noopener\">www.speyer.de\/freiraumdialog<\/a>&nbsp;\u00fcber den aktuellen Stand der Planungen zum Freiraumentwicklungskonzept zu informieren und mit den Planer*innen in einen Dialog zu treten.<\/p>\n\n\n\n<p>In einer ersten Phase werden die Ergebnisse der Bestandsanalyse und -bewertung pr\u00e4sentiert und die Ideen f\u00fcr ein&nbsp;<strong>Leitbild zur k\u00fcnftigen Freiraumentwicklung<\/strong>&nbsp;in Speyer vorgestellt. Dazu k\u00f6nnen B\u00fcrger*innen in zwei Diskussionsforen Fragen stellen oder Ihre Kommentare und Anmerkungen einbringen und mit anderen Teilnehmenden diskutieren.<\/p>\n\n\n\n<p>Ab Montag, 19. April 2021 wird die Plattform um ein drittes Diskussionsforum erweitert. Hier k\u00f6nnen dann die&nbsp;<strong>Ma\u00dfnahmenvorschl\u00e4ge<\/strong>&nbsp;der Stadtverwaltung zur Umsetzung des Freiraumentwicklungskonzepts kommentiert und pers\u00f6nliche Ideen dazu formuliert werden.<\/p>\n\n\n\n<p>Eventuelle Fragen werden von den Planer*innen zeitnah beantwortet. Hinweise und Anregungen werden gesichtet, ausgewertet und in einer Dokumentation zusammenfassend dargestellt und dar\u00fcber hinaus in die Erarbeitung eines Aktionsprogramms zum Freiraumentwicklungskonzept einflie\u00dfen.<\/p>\n\n\n\n<p>Machen Sie mit! Schauen Sie ab dem 15. M\u00e4rz 2021, zu welchen Analyseergebnissen die Planer*innen gekommen sind und wie ein Leitbild zur Freiraumentwicklung in Speyer aussehen k\u00f6nnte. Wir freuen uns \u00fcber Ihre Fragen, Hinweise und Anregungen.<\/p>\n\n\n\n<p><em>Stadtverwaltung Speyer<br>06.03.2021<\/em><\/p>\n","protected":false},"excerpt":{"rendered":"<div class=\"mh-excerpt\"><p>Coronafallzahlen von Montag (08.03.2021) Anzahl best\u00e4tigter F\u00e4lle von Coronavirus (SARS-CoV-2)-Infektionen in der Stadt Speyer:\u00a02027 ( + 1 gegen\u00fcber Freitag )Davon bereits genesen:\u00a01881Todesf\u00e4lle: 80 ( + 2 gegen\u00fcber Freitag )Gemeldete F\u00e4lle der letzten sieben Tage pro <a class=\"mh-excerpt-more\" href=\"https:\/\/speyer24news.com\/?p=33932\" title=\"Corona &#038; Stadtnotizen aus Speyer\">[&#8230;]<\/a><\/p>\n<\/div>","protected":false},"author":3,"featured_media":23902,"comment_status":"open","ping_status":"open","sticky":false,"template":"","format":"standard","meta":{"_monsterinsights_skip_tracking":false,"_monsterinsights_sitenote_active":false,"_monsterinsights_sitenote_note":"","_monsterinsights_sitenote_category":0,"footnotes":""},"categories":[47],"tags":[10514,6401,8404,6367,6940,9918,8725,6359,6370,5904,6358,7003,5801,6342,10511,10512,10513,6,657,1296],"aioseo_notices":[],"amp_enabled":true,"_links":{"self":[{"href":"https:\/\/speyer24news.com\/index.php?rest_route=\/wp\/v2\/posts\/33932"}],"collection":[{"href":"https:\/\/speyer24news.com\/index.php?rest_route=\/wp\/v2\/posts"}],"about":[{"href":"https:\/\/speyer24news.com\/index.php?rest_route=\/wp\/v2\/types\/post"}],"author":[{"embeddable":true,"href":"https:\/\/speyer24news.com\/index.php?rest_route=\/wp\/v2\/users\/3"}],"replies":[{"embeddable":true,"href":"https:\/\/speyer24news.com\/index.php?rest_route=%2Fwp%2Fv2%2Fcomments&post=33932"}],"version-history":[{"count":1,"href":"https:\/\/speyer24news.com\/index.php?rest_route=\/wp\/v2\/posts\/33932\/revisions"}],"predecessor-version":[{"id":33935,"href":"https:\/\/speyer24news.com\/index.php?rest_route=\/wp\/v2\/posts\/33932\/revisions\/33935"}],"wp:featuredmedia":[{"embeddable":true,"href":"https:\/\/speyer24news.com\/index.php?rest_route=\/wp\/v2\/media\/23902"}],"wp:attachment":[{"href":"https:\/\/speyer24news.com\/index.php?rest_route=%2Fwp%2Fv2%2Fmedia&parent=33932"}],"wp:term":[{"taxonomy":"category","embeddable":true,"href":"https:\/\/speyer24news.com\/index.php?rest_route=%2Fwp%2Fv2%2Fcategories&post=33932"},{"taxonomy":"post_tag","embeddable":true,"href":"https:\/\/speyer24news.com\/index.php?rest_route=%2Fwp%2Fv2%2Ftags&post=33932"}],"curies":[{"name":"wp","href":"https:\/\/api.w.org\/{rel}","templated":true}]}}