{"id":33936,"date":"2021-03-09T08:02:15","date_gmt":"2021-03-09T07:02:15","guid":{"rendered":"https:\/\/speyer24news.com\/?p=33936"},"modified":"2021-03-09T08:02:17","modified_gmt":"2021-03-09T07:02:17","slug":"polizei-520","status":"publish","type":"post","link":"https:\/\/speyer24news.com\/?p=33936","title":{"rendered":"Polizei"},"content":{"rendered":"<style type=\"text\/css\">\r\n\t.ads_top_disp{}\r\n\t.ads_top_corner_disp{ float:left; margin:0px 10px 10px 0px; }\r\n\t.ads_first_p_disp{}\r\n\t.ads_bottom_disp{}\r\n\t<\/style>\n<h2 class=\"wp-block-heading\" style=\"text-align:left\">Polizeimeldungen vom Montag (08.03.2021)<\/h2>\n\n\n\n<div class=\"wp-block-image\"><figure class=\"aligncenter\"><img decoding=\"async\" src=\"https:\/\/speyer24news.com\/wp-content\/uploads\/2020\/01\/Aktuelles-Polizeilogo.jpg\" alt=\"\" class=\"wp-image-23832\"\/><\/figure><\/div>\n\n\n\n<h4 class=\"wp-block-heading\">(Speyer \/ A 61) &#8211; Nach Lkw-Unfall Richtungsfahrbahnen gesperrt \/ Mehrere Verletzte<\/h4>\n\n\n\n<h4 class=\"wp-block-heading\" style=\"text-align:center\">Pressemitteilung Nr. 1<\/h4>\n\n\n\n<p>Am Montagabend, gegen 23.28 Uhr, ereignete auf der BAB 61 in H\u00f6he Binshof ein Verkehrsunfall, bei dem mehrere Personen verletzt wurden. Nach derzeitigem Ermittlungsstand fuhr ein Sattelzug aus bislang noch ungekl\u00e4rter Ursache auf eine Sperrwand der Autobahnmeisterei Ruchheim auf, die zur Absicherung eines Pannen-Lkw aufgebaut wurde. In der weiteren Folge wurde das Fahrzeug auf ein davor befindliches Fahrzeug eines Pannenservice aufgeschoben. Dieses krachte wiederum in einen liegengebliebenen Pannen-Lkw. Durch das Unfallgeschehen stellten sich die Fahrzeuge quer zur Fahrbahn, so dass die Fahrtrichtungsfahrbahn der A 61 in Richtung des Autobahnkreuzes Speyer voll gesperrt werden musste. Eine \u00f6rtliche Umleitung ist eingerichtet. \u00dcber die Schwere der Verletzungen, wie auch \u00fcber die H\u00f6he des Sachschadens k\u00f6nnen derzeit noch keine Angaben gemacht werden. Die Dauer der Sperrung ist infolge der noch andauernden Bergungs- und R\u00e4umarbeiten nicht absehbar. Das Autobahnpolizeirevier Walldorf hat die Ermittlungen aufgenommen.<\/p>\n\n\n\n<h4 class=\"wp-block-heading\">(Speyer \/ B 9) &#8211; Mit 1,9 Promille Unfall verursacht<\/h4>\n\n\n\n<p>Ein alkoholisierter Nissan-Fahrer verursachte am 07.03.2021, um 23.40 Uhr, einen Verkehrsunfall auf der Auffahrt der B9 zur A61 in Gemarkung Speyer. Der 51-j\u00e4hrige Nissan-Fahrer wollte von der B9 aus Richtung Germersheim auf die A61 in Richtung Hockenheim fahren. In der Tangente untersch\u00e4tzte er den Abstand zu dem vor ihm fahrenden Fiat Punto und fuhr auf diesen auf. Bei der Unfallaufnahme bemerkten die Beamten der Polizeiautobahnstation Ruchheim, dass der 51-J\u00e4hrige alkoholisiert war. Ein Alkotest best\u00e4tigte den Verdacht, dieser ergab einen Wert von 1,9 Promille. Seinen F\u00fchrerschein konnte er nicht aush\u00e4ndigen. Er r\u00e4umte sp\u00e4ter ein, dass er nicht mehr im Besitz eines F\u00fchrerscheins ist. Dieser war ihm bereits vergangenen Oktober wegen einer Trunkenheitsfahrt entzogen worden. Dem nicht genug. Die weiteren Ermittlungen deckten auf, dass der Wagen des 51-J\u00e4hrigen nicht zugelassen war. Das Auto war im Dezember 2020 abgemeldet worden. Dem Mann wurde eine Blutprobe entnommen und ein umfangreiches Strafverfahren eingeleitet.<\/p>\n\n\n\n<h4 class=\"wp-block-heading\">(Speyer) &#8211; Kontrollen im Stadtgebiet<\/h4>\n\n\n\n<p>Beamte der Polizei Speyer f\u00fchrten am Freitag Verkehrskontrollen im Stadtgebiet Speyer durch. Unter dem Einfluss von Bet\u00e4ubungsmitteln stand hierbei gegen 13:30 Uhr eine 31-j\u00e4hrige PKW-Fahrerin. Bei der Verkehrskontrolle in der Johannesstra\u00dfe zeigte die Frau drogentypische Auff\u00e4lligkeiten. Ein vor Ort durchgef\u00fchrter Drogentest reagierte positiv auf Amfetamin. Der Frau wurde eine Blutprobe entnommen und die Weiterfahrt untersagt.<\/p>\n\n\n\n<p>Ebenfalls am Freitag unterwegs war ein 15-J\u00e4hriger mit seinem E-Scooter. Die Polizisten kontrollierten den jungen Mann gegen 20:30 Uhr am Berliner Platz, da der E-Scooter mit einem abgelaufenem Versicherungskennzeichen versehen war. Aufgrund des fehlenden Versicherungsschutzes wurde ein Strafverfahren eingeleitet.<\/p>\n\n\n\n<h4 class=\"wp-block-heading\">(Schwegenheim) &#8211; Mit 2 Promille von der B9 abgekommen<\/h4>\n\n\n\n<p>Am Samstagabend befuhr ein 58-j\u00e4hriger Autofahrer die Bundesstra\u00dfe 9 in Fahrtrichtung Speyer. Bei der Ausfahrt Schwegenheim kam er von der Fahrbahn ab, \u00fcberfuhr zwei Leitpfosten und landete mit seinem Fahrzeug im Seitengraben. Bei der Unfallaufnahme war dann schnell der Grund daf\u00fcr gefunden. Der Fahrer hatte n\u00e4mlich knapp 2 Promille. Gl\u00fccklicherweise wurde er bei dem Unfall nicht verletzt. Da er keinen festen Wohnsitz in Deutschland hatte, wurde zur Sicherung des Strafverfahrens eine sogenannte Sicherheitsleistung erhoben. Zudem wurde ihm auf der Dienststelle eine Blutprobe entnommen und seine Fahrerlaubnis beschlagnahmt.<\/p>\n\n\n\n<h4 class=\"wp-block-heading\">(Germersheim) &#8211; Man sieht sich immer zweimal&#8230;<\/h4>\n\n\n\n<p>Sonntagabend meldete der Mitarbeiter einer Tankstelle in der M\u00fcnchener Stra\u00dfe, dass im Verkaufsraum ein Mann stehen w\u00fcrde, der vor mehreren Monaten dort etwas gestohlen h\u00e4tte. Damals h\u00e4tte man das im Nachgang auf entsprechenden Videoaufzeichnungen gesehen. Nachdem sich die Beamten die Videos angeschaut hatten, konnte der Mann eindeutig dem zur\u00fcckliegenden Diebstahl zugeordnet werden. Nicht umsonst gibt es das alte Sprichwort &#8222;man sieht sich immer zweimal im Leben&#8220;.<\/p>\n\n\n\n<h4 class=\"wp-block-heading\">(Germersheim) &#8211; Roller nicht versichert<\/h4>\n\n\n\n<p>Es kommt immer noch vor, dass Fahrzeuge mit dem alten Versicherungskennzeichen kontrolliert werden. Seit dem 01. M\u00e4rz ben\u00f6tigen die entsprechenden Fahrzeuge ein neues blaues Versicherungskennzeichen. Sonntagabend wurde in der Josef-Probst-Stra\u00dfe ein Rollerfahrer kontrolliert, an dessen Kleinkraftrad noch das alte Kennzeichen angebracht war. Dementsprechend bestand f\u00fcr sein Fahrzeug kein Versicherungsschutz. Im Anschluss schob er seinen Roller nach Hause. Ein Strafverfahren wurde eingeleitet.<\/p>\n\n\n\n<h4 class=\"wp-block-heading\">(Germersheim) &#8211; Verwarnung w\u00e4re g\u00fcnstiger gewesen<\/h4>\n\n\n\n<p>Am Samstagmittag kontrollierten Germersheimer Polizisten das Durchfahrtsverbot &#8222;Am Hirschgraben&#8220; zwischen Lingenfeld und Westheim. Eine 58-j\u00e4hrige Autofahrerin befuhr diesen Weg verbotenerweise in Richtung Westheim. Als sie den Streifenwagen erblickte, legte sie den R\u00fcckw\u00e4rtsgang ein und fuhr zur\u00fcck in Richtung Lingenfeld. Bei diesem Fahrman\u00f6ver kollidierte sie mit einer Leitplanke, wodurch an ihrem Auto ein Schaden in H\u00f6he von ca. 2500 EUR entstanden ist. Da w\u00e4re eine Verwarnung die deutlich g\u00fcnstigere Variante gewesen.<\/p>\n\n\n\n<h4 class=\"wp-block-heading\">(Edenkoben) &#8211; Versuchter Einbruch in Zahnarztpraxis<\/h4>\n\n\n\n<p>Unbekannte haben im Zeitraum von Freitag- bis Sonntagabend versucht, die T\u00fcr einer Zahnarztpraxis in der Weinstra\u00dfe aufzuhebeln. Allerdings konnten sie nicht in das Objekt eindringen. Vermutlich wurden die T\u00e4ter gest\u00f6rt und fl\u00fcchteten unverrichteter Dinge. Hinweise nimmt die Polizei in Edenkoben unter der Rufnummer 06323 9550 oder die Kriminalpolizei Landau unter 06341 2870 entgegen.<\/p>\n\n\n\n<h4 class=\"wp-block-heading\">(Maikammer) &#8211; Einbruch ins Pfarrhaus<\/h4>\n\n\n\n<p>Unbekannte sind in der Nacht von Samstag auf Sonntag in das Pfarrhaus in der Kirchstra\u00dfe eingebrochen. Ersten Ermittlungen zufolge wurde nach mehreren Aufbruchsversuchen an verschiedenen T\u00fcren eine Fensterscheibe eingeschlagen. Im Innern wurde die K\u00fcche sowie B\u00fcros nach Wertgegenst\u00e4nden durchsucht. Zwei Laptops, ein PC-Bildschirm und eine Spendenkasse wurden nach derzeitigem Ermittlungsstand entwendet. Von den Unbekannten fehlt jede Spur. Hinweise nimmt die Polizei in Edenkoben unter der Rufnummer 06323 9550 oder die Kriminalpolizei Landau unter 06341 2870 entgegen.<\/p>\n\n\n\n<h4 class=\"wp-block-heading\">(Neustadt) &#8211; T\u00e4ter beim Diebstahl aus Fahrzeug beobachtet<\/h4>\n\n\n\n<p>Die Fahrerin eines Pkw stellte am Sonntag den 07.03.2021 gegen 15:00 Uhr ihr Fahrzeug in der Stangenbrunnengasse unverschlossen zum Parken ab. Als sie wenige Minuten sp\u00e4ter an das Fahrzeug zur\u00fcckkehrte, stand eine Person an der ge\u00f6ffneten Fahrert\u00fcr. Diese fl\u00fcchtete zusammen mit einer weiteren Person, die in der N\u00e4he scheinbar &#8222;Schmiere&#8220; stand. Entwendet wurde eine blaue Stofftasche, in der sich eine Geldb\u00f6rse mit Bargeld im unteren dreistelligen Bereich befand. Weiterhin wurden F\u00fchrerschein der Fahrerin, Zulassung des Pkw sowie mehrere Schl\u00fcssel gestohlen. <\/p>\n\n\n\n<p>Beschreibung der T\u00e4ter:<\/p>\n\n\n\n<ol><li>M\u00e4nnlich, 20-25 Jahre, ca. 160cm gro\u00df, schmal, blonde Haare, dunkle Oberbekleidung, blaue Jeans<\/li><li>M\u00e4nnlich, 20-25 Jahre, ca. 170-180cm gro\u00df, kr\u00e4ftige Statur, dunkle Oberbekleidung, blaue Jeans<\/li><\/ol>\n\n\n\n<p>Hinweise bitte an die Polizei Neustadt unter 06321 854-0 oder per E-Mail an\u00a0<a href=\"mailto:pineustadt@polizei.rlp.de\">pineustadt@polizei.rlp.de<\/a>.<\/p>\n\n\n\n<h4 class=\"wp-block-heading\">(Ha\u00dfloch) &#8211; Kriminalit\u00e4tsstatistik 2020<\/h4>\n\n\n\n<p>Die Polizeiinspektion Ha\u00dfloch hat die Kriminalit\u00e4tsstatistik f\u00fcr das Jahr 2020 ver\u00f6ffentlicht. Der Jahresbericht ist einsehbar unter folgendem Link:\u00a0<a rel=\"noreferrer noopener\" target=\"_blank\" href=\"https:\/\/s.rlp.de\/quzfL\">https:\/\/s.rlp.de\/quzfL<\/a><\/p>\n\n\n\n<h4 class=\"wp-block-heading\">(Wachenheim) &#8211; Fahrzeug unter Drogeneinwirkung gef\u00fchrt<\/h4>\n\n\n\n<p>Am 07.03.2021 gegen 18:00 Uhr konnte in der Friedelsheimer Stra\u00dfe in Wachenheim der Fahrer eines Fiat Seicento einer Verkehrskontrolle unterzogen werden, der augenscheinlich unter dem Einfluss von Bet\u00e4ubungsmitteln stand. W\u00e4hrend der Kontrolle konnten die Polizeibeamten drogentypische Ausfallerscheinungen feststellen. Ein durchgef\u00fchrter Drogenvortest reagierte positiv auf Cannabis und Amphetamin. Dem 21-J\u00e4hrigen wurde eine Blutprobe entnommen und sein F\u00fchrerschein pr\u00e4ventiv sichergestellt. Gegen den Fahrer wird nun wegen Versto\u00df gegen das Bet\u00e4ubungsmittelgesetz und F\u00fchren eines Fahrzeuges unter Drogeneinwirkung ermittelt.<\/p>\n\n\n\n<h4 class=\"wp-block-heading\">(Bad D\u00fcrkheim) &#8211; Reifen zerstochen<\/h4>\n\n\n\n<p>Im Zeitraum von 07.03.2021 17:00 Uhr bis 18:00 Uhr wurde ein, auf dem Wurstmarktparkplatz in Bad D\u00fcrkheim, abgestellter VW Golf besch\u00e4digt. Bislang unbekannte T\u00e4ter besch\u00e4digten den linken Au\u00dfenspiegel und stachen mit einem bislang nicht bekannten Gegenstand beide Hinterreifen platt. Es entstand ein Sachschaden von 700 Euro. Die Polizei Bad D\u00fcrkheim bittet um Hinweise unter 06322 963 0 oder per E-Mail an\u00a0<a href=\"mailto:pibadduerkheim@polizei.rlp.de\">pibadduerkheim@polizei.rlp.de<\/a><\/p>\n\n\n\n<h4 class=\"wp-block-heading\">(Bad D\u00fcrkheim) &#8211; Widerstand geleistet, Polizeibeamt*innen leicht verletzt<\/h4>\n\n\n\n<p>Am 07.03.2021 gegen 14:00 Uhr kam es zu einer Widerstandshandlung bei der zwei Polizist*innen leicht verletzt wurden. Zuvor schlug eine 31-J\u00e4hrige ohne Grund gegen ein vorbeifahrendes Fahrzeug und beleidigte, die ihr nicht bekannten Insassen, mit &#8222;Arschloch&#8220;. Der 30-j\u00e4hrige Fahrer und ein hinter ihm fahrender 60-j\u00e4hriger Zeuge hielten an und wollten die 31-J\u00e4hrige beruhigen, da sie aus einem nicht erkennbarem Grund sehr aufgebracht war. In der Folge biss sie dem 30-J\u00e4hrigen in die Hand und trat dem 60-J\u00e4hrigen in den Genitalbereich, schlug ihm ins Gesicht und kratzte ihn am Hals. Da die Frau sich im Rahmen der Personalienfeststellung nicht ausweisen wollte, sollte sie durchsucht werden. Hiergegen setzte sie sich durch Schlagen, Treten und Sperren aktiv zur Wehr. Erst mit den hinzugerufenen Unterst\u00fctzungskr\u00e4ften konnte sie gefesselt, durchsucht und zur Dienststelle verbracht werden. Zwei der eingesetzten Polizeibeamt*innen zogen sich durch die Widerstandshandlung Prellungen und Sch\u00fcrfwunden zu. Die 31-J\u00e4hrige wurde nicht verletzt. Ein Atemalkohol- und Drogenvortest verlief negativ. Die Beschuldigte gab an, einfach einen schlechten Tag gehabt zu haben, weitergehende Erkl\u00e4rungen hatte sie f\u00fcr ihr Verhalten nicht. Da sie sich beruhigt hatte, wurde sie von ihren Eltern auf der Dienststelle abgeholt. Gegen sie wird nun wegen gef\u00e4hrlichen Eingriffs in den Stra\u00dfenverkehr, Beleidigung, K\u00f6rperverletzung und Widerstand gegen Polizeibeamte ermittelt.<\/p>\n\n\n\n<h4 class=\"wp-block-heading\">(Bad D\u00fcrkheim) &#8211; Zusammensto\u00df Krad mit Reh<\/h4>\n\n\n\n<p>Am 07.03.2021 gegen 13:00 Uhr kam ein 16-J\u00e4hriger, nach einem Zusammensto\u00df mit einem Reh, mit seinem Leichtkraftrad zu Fall. Der 16-J\u00e4hrige befuhr die K31 von Leistadt kommend in Richtung H\u00f6ningen, als an pl\u00f6tzlich ein Reh die Fahrbahn kreuzte. Er konnte nicht mehr rechtzeitig bremsen, es kam zum Zusammensto\u00df und infolge dessen zum Sturz des Fahrers. Das Krad der Marke KTM war nicht mehr fahrbereit und es entstand ein Sachschaden in einer H\u00f6he von 2.000EUR. Gl\u00fccklicherweise wurde der Fahrer nicht verletzt. Das Reh verendet noch an der Unfallstelle. Zwei hinter dem 16-J\u00e4hrigen fahrende Kr\u00e4der konnten noch rechtzeitig bremsen, sodass es zu keinem Folgeunfall kam.<\/p>\n\n\n\n<h4 class=\"wp-block-heading\">(Friedelsheim) &#8211; Gro\u00dffl\u00e4chenwahlplakat besch\u00e4digt<\/h4>\n\n\n\n<p>Im Zeitraum von 04.03.21 bis 06.03.2021, 08:00 Uhr wurde ein Gro\u00dffl\u00e4chenwahlplakat, an der Feuerwehr in Friedelsheim, durch bislang unbekannte T\u00e4ter besch\u00e4digt. Am Wahlplakat des Landtagskandidaten der CDU konnten insgesamt 5 L\u00f6cher festgestellt werden. Es entstand ein Sachschaden von 100 Euro. Bereits in den vergangenen Wochen war es zu Sachbesch\u00e4digungen an verschiedenen Gro\u00dffl\u00e4chenplakaten dieses Kandidaten gekommen. Die Polizei Bad D\u00fcrkheim hat die Ermittlungen aufgenommen und bittet um Hinweise unter 06322 963 0 oder per E-Mail an\u00a0<a href=\"mailto:pibadduerkheim@polizei.rlp.de\">pibadduerkheim@polizei.rlp.de<\/a><\/p>\n\n\n\n<h4 class=\"wp-block-heading\">(Mutterstadt \/ B 9) &#8211; Unfall auf B9 \/ Polizei sucht Zeugen<\/h4>\n\n\n\n<p>Am Montagmittag, den 08.03.2021, gegen 12:30 Uhr, ereignete sich auf der B9 in Fahrtrichtung Speyer kurz vor dem Autobahndreieck Ludwigshafen, ein Verkehrsunfall. Der 67-j\u00e4hrige Fahrer eines wei\u00dfen Citr\u00f6en Transporters gab an, von einem anderen Fahrzeug, vermutlich mit heller Farbe, geschnitten worden zu sein. Infolgedessen kam er von der Fahrbahn ab und \u00fcberfuhr die Leitplanke. Der entstandene Schaden betr\u00e4gt rund 6.000 EUR. <\/p>\n\n\n\n<p>In diesem Zusammenhang bitten wir um Zeugenhinweise.<\/p>\n\n\n\n<ul><li>Wer hat zum Unfallzeitpunkt Beobachtungen gemacht?<\/li><li>Wer kann Hinweise zum Unfallverursacher geben?<\/li><li>Insbesondere der Mann, der nach dem Unfall anhielt und dem Verunfallten seine Hilfe anbot, wird gebeten, sich zu melden.<\/li><\/ul>\n\n\n\n<p>Zeugenhinweise bitte an Polizeiautobahnstation Ruchheim, Tel. 06237 \/ 933-0 oder\u00a0<a rel=\"noreferrer noopener\" target=\"_blank\" href=\"mailto:pastruchheim@polizei.rlp.de\">pastruchheim@polizei.rlp.de<\/a><\/p>\n\n\n\n<h4 class=\"wp-block-heading\">(Mutterstadt \/ A 65) &#8211; Schwerer Unfall auf A65 \/ Vollsperrung<\/h4>\n\n\n\n<p>Wegen eines Verkehrsunfalls war am Montag 08.03.2021, zwischen 09.35 Uhr und 11.10 Uhr die A65 zwischen den Autobahnkreuz Mutterstadt und dem Autobahndreieck Ludwigshafen voll gesperrt. Ein 41-j\u00e4hriger Audi-Fahrer und ein 43-j\u00e4hriger Mazda-Fahrer waren auf der A65 in Richtung Ludwigshafen unterwegs. Kurz hinter der Anschlussstelle Mutterstadt querte von links nach rechts ein Fuchs die Fahrbahn, weshalb die beiden ihre Autos stark abbremsten. Dies erkannte ein 56-j\u00e4hriger Peugeot-Fahrer, der hinter den Beiden die A65 befuhr, zu sp\u00e4t. Er konnte nicht rechtzeitig bremsen und fuhr auf den Audi auf. Durch die Wucht des Aufpralls \u00fcberschlug sich der Peugeot und stie\u00df schlie\u00dflich noch gegen den Nissan. Bei dem Unfall wurden der Audi- und der Peugeot-Fahrer verletzt. Beide wurden vom Rettungsdienst in ein nahegelegenes Krankenhaus verbracht. Nach Abschluss der Reinigungsarbeiten konnte die A65 gegen 12.30 Uhr wieder komplett freigegeben werden.<\/p>\n\n\n\n<h4 class=\"wp-block-heading\">(Mutterstadt) &#8211; Schwere Brandstiftung<\/h4>\n\n\n\n<h4 class=\"wp-block-heading\">Gemeinsame Pressemitteilung von Staatsanwaltschaft Frankenthal und des Polizeipr\u00e4sidiums Rheinpfalz<\/h4>\n\n\n\n<p>Am Freitag (05.03.2021), um 16.23 Uhr, brach ein Feuer in einem Wohncontainer in einer Asylunterunterkunft in der Waldstra\u00dfe in Mutterstadt aus. Der Brand f\u00fchrte zur Unbewohnbarkeit des Containers. Ein 30-j\u00e4hriger syrischer Asylsuchender wird dringend verd\u00e4chtigt, den Brand gelegt zu haben. Der Beschuldigte wurde am 06.03.2021 dem Ermittlungsrichter des Amtsgerichts Frankenthal vorgef\u00fchrt. Dieser erlie\u00df auf Antrag der Staatsanwaltschaft Frankenthal einen Untersuchungshaftbefehl wegen Fluchtgefahr. Der 30-J\u00e4hrige kam anschlie\u00dfend in eine Justizvollzugsanstalt.<\/p>\n\n\n\n<p>Durch den Brand entstand einen Sachschaden in H\u00f6he von 50.000 Euro.<\/p>\n\n\n\n<h4 class=\"wp-block-heading\">(Frankenthal) &#8211; Fahrzeugt\u00fcr zerkratzt<\/h4>\n\n\n\n<p>Im Zeitraum vom 06.03.2021 etwa 14:30 Uhr bis zum 07.03.2021 gegen 14:30 Uhr befand sich ein PKW der Marke Mitsubishi in der Max-Beckmann-Stra\u00dfe in Frankenthal auf einem \u00f6ffentlichen Parkplatz. Bei der R\u00fcckkehr an das Fahrzeug stellte der Fahrzeughalter fest, dass die linke Fahrzeugt\u00fcr vermutlich mutwillig zerkratzt wurde. Der Schaden bel\u00e4uft sich auf etwa 1000 Euro. Zeugen werden gebeten sich an die Polizeiinspektion Frankenthal unter der Tel.-Nr.: 06233\/313-0 oder an die Polizeiwache Maxdorf unter der Tel.-Nr.: 06237\/934-1100 zu wenden. Gerne nehmen wir Ihre Hinweise auch per E-Mail unter&nbsp;<a href=\"mailto:pifrankenthal@polizei.rlp.de\">pifrankenthal@polizei.rlp.de<\/a>&nbsp;entgegen.<\/p>\n\n\n\n<h4 class=\"wp-block-heading\">(Frankenthal) &#8211; Verkehrsunfallflucht in der Friedrich-Hebbel-Stra\u00dfe<\/h4>\n\n\n\n<p>Im Zeitraum vom 06.03.2021 etwa 17:00 Uhr bis zum 07.03.2021 gegen 13:00 Uhr befand sich in der Friedrich-Hebbel-Stra\u00dfe in Frankenthal ein grauer PKW der Marke VW. Vermutlich beim Ein- oder Ausparken touchierte ein bislang unbekannter PKW das geparkte Fahrzeug. Der Fahrzeugf\u00fchrer kam seinen Pflichten als Verkehrsunfallbeteiligter nicht nach und entfernte sich unerlaubt von der Unfall\u00f6rtlichkeit. Der Sachschaden bel\u00e4uft sich auf etwa 500 Euro. Zeugen werden gebeten sich an die Polizeiinspektion Frankenthal unter der Tel.-Nr.: 06233\/313-0 oder an die Polizeiwache Maxdorf unter der Tel.-Nr.: 06237\/934-1100 zu wenden. Gerne nehmen wir Ihre Hinweise auch per E-Mail unter\u00a0<a href=\"mailto:pifrankenthal@polizei.rlp.de\">pifrankenthal@polizei.rlp.de<\/a>\u00a0entgegen.<\/p>\n\n\n\n<h4 class=\"wp-block-heading\">(Frankenthal) &#8211; Verkehrsunfallflucht im Schlachthausweg<\/h4>\n\n\n\n<p>Im Zeitraum vom 06.03.2021 etwa 15:00 Uhr bis zum 07.03.2021 gegen 12:00 Uhr befand sich im Schlachthausweg in Frankenthal ein schwarzer PKW der Marke Ford. Vermutlich beim Ein- oder Ausparken touchierte ein anderer Verkehrsteilnehmer, m\u00f6glicherweise mit einem blau \/ wei\u00dfen Ford Focus, das ordnungsgem\u00e4\u00df geparkte Fahrzeug. Der Fahrzeugf\u00fchrer entfernte sich von der Unfall\u00f6rtlichkeit, ohne sich um den entstandenen Sachschaden, welcher sich auf etwa 300 Euro bel\u00e4uft, zu k\u00fcmmern. Zeugen werden gebeten sich an die Polizeiinspektion Frankenthal unter der Tel.-Nr.: 06233\/313-0 oder an die Polizeiwache Maxdorf unter der Tel.-Nr.: 06237\/934-1100 zu wenden. Gerne nehmen wir Ihre Hinweise auch per E-Mail unter\u00a0<a href=\"mailto:pifrankenthal@polizei.rlp.de\">pifrankenthal@polizei.rlp.de<\/a>\u00a0entgegen.<\/p>\n\n\n\n<h4 class=\"wp-block-heading\">(Ludwigshafen) &#8211; Neue Leiterin der Abteilung Polizeieinsatz im Polizeipr\u00e4sidium Rheinpfalz<\/h4>\n\n\n\n<div class=\"wp-block-image\"><figure class=\"aligncenter\"><img decoding=\"async\" loading=\"lazy\" width=\"800\" height=\"609\" src=\"https:\/\/speyer24news.com\/wp-content\/uploads\/2021\/03\/GeorgLitzundAnjaRakowski.jpg\" alt=\"\" class=\"wp-image-33937\" srcset=\"https:\/\/speyer24news.com\/wp-content\/uploads\/2021\/03\/GeorgLitzundAnjaRakowski.jpg 800w, https:\/\/speyer24news.com\/wp-content\/uploads\/2021\/03\/GeorgLitzundAnjaRakowski-300x228.jpg 300w, https:\/\/speyer24news.com\/wp-content\/uploads\/2021\/03\/GeorgLitzundAnjaRakowski-768x585.jpg 768w, https:\/\/speyer24news.com\/wp-content\/uploads\/2021\/03\/GeorgLitzundAnjaRakowski-80x60.jpg 80w\" sizes=\"(max-width: 800px) 100vw, 800px\" \/><figcaption>Georg Litz und Anja Rakowski<\/figcaption><\/figure><\/div>\n\n\n\n<p>Am Montag begr\u00fc\u00dfte Beh\u00f6rdenleiter Georg Litz offiziell seine Nachfolgerin Polizeidirektorin Anja Rakowski im Polizeipr\u00e4sidium Rheinpfalz. Pandemiebedingt fand die Begr\u00fc\u00dfung nur in kleinem Kreis statt.<\/p>\n\n\n\n<p>Beh\u00f6rdenleiter Georg Litz freut sich auf die Zusammenarbeit mit Anja Rakowski und w\u00fcnscht seiner Vertreterin viel Erfolg in ihrer neuen Funktion.<\/p>\n\n\n\n<p>Bereits am 04.03.2021 ernannte Innenminister Roger Lewentz Polizeidirektorin Anja Rakowski zur neuen Leiterin der Abteilung Polizeieinsatz im Polizeipr\u00e4sidium Rheinpfalz. Weitere Informationen zur Ernennung und zum Werdegang von Frau Rakowski k\u00f6nnen Sie der Pressemeldung des MdI entnehmen:&nbsp;<a target=\"_blank\" href=\"https:\/\/s.rlp.de\/V5nxZ\" rel=\"noreferrer noopener\">https:\/\/s.rlp.de\/V5nxZ<\/a>.<\/p>\n\n\n\n<h4 class=\"wp-block-heading\">(Ludwigshafen) &#8211; Verkehrsunfallflucht \/ Verkehrszeichen besch\u00e4digt<\/h4>\n\n\n\n<p>Ein unbekanntes Fahrzeug besch\u00e4digte am Montag (08.03.2021) ein Verkehrszeichen (Halte- und Parkverbot) und entfernter sich anschlie\u00dfend von der Unfall\u00f6rtlichkeit. Der Schaden in Waltraudenstra\u00dfe wurde der Polizei gegen 1 Uhr gemeldet. Durch die Verkehrsunfallflucht entstand ein Sachschaden in H\u00f6he von 200 Euro. Sachdienliche Hinweise bitte an die Polizeiinspektion Ludwigshafen 2, Telefonnummer 0621 963-2222 oder per E-Mail&nbsp;<a href=\"mailto:piludwigshafen2@polizei.rlp.de\">piludwigshafen2@polizei.rlp.de<\/a>&nbsp;.<\/p>\n\n\n\n<h4 class=\"wp-block-heading\">(Ludwigshafen) &#8211; Alkoholisierter Autofahrer aus dem Verkehr gezogen<\/h4>\n\n\n\n<p>Am Sonntagabend gegen 18:00 Uhr wurde ein 37-j\u00e4hriger Autofahrer in der Valentin-Bauer-Stra\u00dfe kontrolliert. Der Autofahrer war den Beamten aufgefallen, da er w\u00e4hrend der Fahrt aus einer Bierflasche getrunken hatte. Ein Alkoholtest zur \u00dcberpr\u00fcfung der Fahrt\u00fcchtigkeit ergab einen Wert von 1,63 Promille. Dem 37-J\u00e4hrigen wurde auf der Polizeidienststelle eine Blutprobe entnommen und sein F\u00fchrerschein wurde sichergestellt.<\/p>\n\n\n\n<p>Der Einfluss von Alkohol oder anderen berauschenden Mitteln stellt eine Hauptunfallursache dar. Wer berauscht f\u00e4hrt, gef\u00e4hrdet nicht nur sich, sondern auch Andere.<\/p>\n\n\n\n<p>Gegen den unter Alkoholeinfluss stehenden Fahrer wird wegen de Trunkenheit im Stra\u00dfenverkehr ermittelt. Gegen ihn kann eine Freiheitsstrafe bis zu einem Jahr oder eine Geldstrafe verh\u00e4ngt werden. Dar\u00fcber hinaus droht ihm der Entzug der Fahrerlaubnis.<\/p>\n\n\n\n<h4 class=\"wp-block-heading\">(Ludwigshafen) &#8211; M\u00fclltonnenbrand<\/h4>\n\n\n\n<p>Aus noch ungekl\u00e4rter Ursache geriet am Sonntag (07.03.2021)eine Restm\u00fclltonne in der Gr\u00e4fenaustra\u00dfe in Brand. Die Feuerwehr l\u00f6schte den Brand. Durch den Brand entstand Sachschaden in noch unbekannter H\u00f6he. Sachdienliche Hinweise bitte an die Polizeiinspektion Ludwigshafen 2, Telefonnummer 0621 963-2222 oder per E-Mail&nbsp;<a href=\"mailto:piludwigshafen2@polizei.rlp.de\">piludwigshafen2@polizei.rlp.de<\/a>&nbsp;.<\/p>\n\n\n\n<h4 class=\"wp-block-heading\">(Ludwigshafen) &#8211; Autos besch\u00e4digt \/ Zeugen gesucht<\/h4>\n\n\n\n<p>In der Zeit von Samstag, 18:00 Uhr bis Sonntag 10:45 Uhr wurden in der Wallensteinstra\u00dfe zwei Autos besch\u00e4digt. An beiden geparkten Autos wurden alle vier Reifen platt gestochen, sie wurden zerkratzt und die Scheibenwischer wurden umgebogen. Der Schaden wird auf ca. 2300,- Euro gesch\u00e4tzt.<\/p>\n\n\n\n<p>Wer hat die Tat beobachtet oder kann Hinweise auf den\/die T\u00e4ter geben?<\/p>\n\n\n\n<p>Hinweise werden an die Polizeiwache Oggersheim unter Tel. 0621 963 &#8211; 2403 oder per Mail\u00a0<a href=\"mailto:pwoggersheim@polizei.rlp.de\">pwoggersheim@polizei.rlp.de<\/a>\u00a0erbeten.<\/p>\n\n\n\n<h4 class=\"wp-block-heading\">(Mannheim) &#8211; Massive Ruhest\u00f6rungen im Bereich Lindenhof und Innenstadt durch sogenannte Party- und Eventszene sowie Auto-Poser \/ Gro\u00dfkontrollen der Polizei.<\/h4>\n\n\n\n<div class=\"wp-block-image\"><figure class=\"aligncenter\"><img decoding=\"async\" src=\"https:\/\/speyer24news.com\/wp-content\/uploads\/2021\/03\/Kontrolle-1.jpg\" alt=\"\" class=\"wp-image-33939\"\/><\/figure><\/div>\n\n\n\n<p>Polizei und Stadt verhindern k\u00fcnftig nachhaltig mit eng abgestimmten Ma\u00dfnahmenpaketen die weitere Verfestigung der Szene.<\/p>\n\n\n\n<p>Am Samstagabend, gegen 21.20 Uhr, gingen mehrere Anrufe von Anwohnern des Stadtteils Lindenhof bei der Polizei ein, die sich \u00fcber aufheulende Fahrzeugmotoren und \u00fcberlaute Musik aus Fahrzeugen beschwerten.<\/p>\n\n\n\n<p>An einer sofort eingerichteten Gro\u00dfkontrollstelle an der Kreuzung Stephanienufer \/ Rennershofstra\u00dfe konnten in der Folge 146 Fahrzeuge und rund 300 Personen festgestellt werden. Die Fahrzeuginsassen wurden einer Kontrolle unterzogen. Bei den festgestellten Personen handelte es sich \u00fcberwiegend um junges, eventorientiertes Publikum im Alter zwischen 18 &#8211; 25 Jahren, die vornehmlich aus dem angrenzenden Umland stammen. Durch die eingesetzten Beamten wurden s\u00e4mtliche Kennzeichen notiert und Personalien der Fahrzeuginsassen festgestellt. Gegen allen Personen wurden Platzverweise ausgesprochen und Verst\u00f6\u00dfe werden konsequent zur Anzeige gebracht. Vor Ort war unterst\u00fctzend eine Streife des Kommunalen Ordnungsdienstes der Stadt Mannheim t\u00e4tig, die insbesondere die Verst\u00f6\u00dfe gegen die CoronaVO ahndeten. Zeitgleich wurden weitere szenetypische \u00d6rtlichkeiten \u00fcberwacht. Hierbei konnten nochmals weitere 50 Fahrzeuge festgestellt werden. Insgesamt kam es zu zw\u00f6lf Verst\u00f6\u00dfen gegen die CoronaVO sowie 15 weiteren Ordnungswidrigkeiten.<\/p>\n\n\n\n<p>Nachdem im Stadtteil Lindenhof die Nachtruhe der Anwohner wiederhergestellt war, gingen gegen 22.30 Uhr bei der Polizei erneut Anrufe ein, wobei sich diesmal die Anwohner im Bereich der Mannheimer Innenstadt \u00fcber laute Motorenger\u00e4usche und Hupkonzerte beschwerten. Augenscheinlich hatte sich ein Gro\u00dfteil der zuvor kontrollierten Personen nun in der Mannheim Innenstadt eingefunden. Auch hier reagierte die Polizei umgehend mit der Einrichtung station\u00e4rer Kontrollstellen, an denen insgesamt 108 Fahrzeug- und Personenkontrollen durchgef\u00fchrt wurden. Die Personalien aller Betroffenen wurden festgestellt, Platzverweise erteilt sowie rechtliche Konsequenzen bei Nichtbefolgen aufgezeigt. Die Ma\u00dfnahmen zeigten Wirkung, jedoch bildete sich in der Kunststra\u00dfe zeitweise ein R\u00fcckstau bis auf H\u00f6he des Paradeplatzes.<\/p>\n\n\n\n<p>Es ergaben sich lediglich zwei Verst\u00f6\u00dfe gegen die CoronaVO. Gegen 1.45 Uhr war in der Innenstadt wieder Ruhe eingekehrt und die intensiven Kontrollen konnten eingestellt werden.<\/p>\n\n\n\n<p>Die Ma\u00dfnahmen stie\u00dfen bei den durch die Ruhest\u00f6rungen betroffenen Anwohner auf durchweg positive Resonanz.<\/p>\n\n\n\n<p>Die Mannheimer Polizei wird im engen Schulterschluss mit der Stadt Mannheim abgestimmte und ganzheitliche Ma\u00dfnahmen auf den Weg bringen, um so gezielt der weiteren Etablierung einer Event- und Poserszene in Mannheim nachhaltig entgegenzuwirken.<\/p>\n\n\n\n<p>Erster B\u00fcrgermeister Christian Specht hat Polizeipr\u00e4sident Andreas Stenger gebeten, gemeinsam mit dem st\u00e4dtischen Ordnungsdienst ein Lagebild zu erstellen. Daran angelehnt sollen kurzfristig verkehrsbeh\u00f6rdliche und Vollzugs-Ma\u00dfnahmen wie Kontrollstellen und Sperrungen entwickelt werden. Auch die Anwohnerinnen und Anwohner sollen in das Ma\u00dfnahmenkonzept einbezogen und dar\u00fcber informiert werden.<\/p>\n\n\n\n<h4 class=\"wp-block-heading\">(Mannheim) &#8211; 35-j\u00e4hriger Mann auf Antrag der Staatsanwaltschaft Mannheim wegen des Verdachts des besonders schweren Raubes und Diebstahls mit Waffen in Untersuchungshaft<\/h4>\n\n\n\n<h4 class=\"wp-block-heading\">Gemeinsame Presseerkl\u00e4rung der Staatsanwaltschaft Mannheim und des Polizeipr\u00e4sidiums Mannheim:<\/h4>\n\n\n\n<p>Auf Antrag der Staatsanwaltschaft Mannheim wurde durch das Amtsgericht Mannheim Haftbefehl gegen einen 35-j\u00e4hrigen deutschen Staatsangeh\u00f6rigen erlassen. Er steht im dringenden Verdacht, in der Mannheimer Innenstadt einen schweren Raub sowie einen Diebstahl unter Mitf\u00fchrung einer Schreckschusswaffe begangen zu haben.<\/p>\n\n\n\n<p>Der Tatverd\u00e4chtige soll am Dienstag, 02.02.2021, gegen 19:30 Uhr in einem Lebensmittelmarkt im Quadrat E 2 von einer Kassiererin, die sich gerade in einem Bezahlvorgang befand, unter Vorhalt einer Schusswaffe gefordert haben, die ge\u00f6ffnete Kasse nicht zu schlie\u00dfen. Anschlie\u00dfend soll er die Kassiererin zur Seite geschoben und 530 EUR Bargeld aus der Kasse entnommen haben. Im Anschluss fl\u00fcchtete er aus dem Ladengesch\u00e4ft.<\/p>\n\n\n\n<p>Am Samstag, 06.03.2021, gegen 03:10 Uhr soll er aus einem im Quadrat K 3 abgestellten Anh\u00e4nger eines Dachdeckerbetriebs Buntmetall entnommen und in seinen Rucksack gesteckt sowie weiteres Buntmetall zum Abtransport bereitgestellt haben. Aufgrund des Hinweises eines Zeugen konnte der 35-J\u00e4hrige noch am Tatort festgenommen werden. In seinem Rucksack hatte er eine ungeladene Schreckschusswaffe bei sich.<\/p>\n\n\n\n<p>Auf Antrag der Staatsanwaltschaft Mannheim wurde durch das Amtsgericht Mannheim Haftbefehl gegen den 35-j\u00e4hrigen Tatverd\u00e4chtigen wegen Fluchtgefahr erlassen. Er wurde nach der Vorf\u00fchrung beim Ermittlungsrichter und Er\u00f6ffnung des Haftbefehls in eine Justizvollzugsanstalt eingeliefert.<\/p>\n\n\n\n<p>Die Ermittlungen der Staatsanwaltschaft Mannheim und des Fachdezernats des Kriminalkommissariats Mannheim bei der Kriminalpolizeidirektion Heidelberg dauern an. Insbesondere wird gepr\u00fcft, inwiefern der 35-j\u00e4hrige Mann f\u00fcr weitere gleichgelagerte F\u00e4lle als Tatverd\u00e4chtiger in Betracht kommt.<\/p>\n\n\n\n<h4 class=\"wp-block-heading\">(Mannheim) &#8211; Unerlaubte Einfuhr von Hundewelpen<\/h4>\n\n\n\n<div class=\"wp-block-image\"><figure class=\"aligncenter\"><img decoding=\"async\" loading=\"lazy\" width=\"800\" height=\"532\" src=\"https:\/\/speyer24news.com\/wp-content\/uploads\/2021\/03\/puppies-2985944_1920.jpg\" alt=\"\" class=\"wp-image-33938\" srcset=\"https:\/\/speyer24news.com\/wp-content\/uploads\/2021\/03\/puppies-2985944_1920.jpg 800w, https:\/\/speyer24news.com\/wp-content\/uploads\/2021\/03\/puppies-2985944_1920-300x200.jpg 300w, https:\/\/speyer24news.com\/wp-content\/uploads\/2021\/03\/puppies-2985944_1920-768x511.jpg 768w\" sizes=\"(max-width: 800px) 100vw, 800px\" \/><figcaption>Beispielfoto einer Golden Retriever Mutter und ihrer Welpen<\/figcaption><\/figure><\/div>\n\n\n\n<p>Die Polizeihundef\u00fchrerstaffel des Polizeipr\u00e4sidiums Mannheim ermittelt derzeit wegen mehrerer F\u00e4lle der unerlaubten Einfuhr von Hundewelpen aus dem Ausland.<\/p>\n\n\n\n<p>Bereits am 28.02.2021 f\u00fchrten Zeugen im Stadtteil K\u00e4fertal Beschwerde dar\u00fcber, dass aus einem Anwesen in der Waldstra\u00dfe nachts winselnde Hunde im Garten zu h\u00f6ren seien. Bei einer ersten \u00dcberpr\u00fcfung durch die Spezialisten der Polizeihundef\u00fchrerstaffel am 02.03.2021 wurde ein Hundewelpe im Garten des Anwesens festgestellt. Es waren lediglich zwei unged\u00e4mmte Hundeh\u00fctten als Witterungsschutz vorhanden. Bei einer eingehenden Kontrolle am Folgetag fanden die Beamten in einem Kellerraum des Anwesens neben einer Mutterh\u00fcndin neun kleine Welpen vor. Der Raum war von Kot und Urin verunreinigt, es stand kein Wasser oder Futter f\u00fcr die Tiere bereit. Im Zuge der \u00dcberpr\u00fcfung stellten die Polizisten fest, dass die Welpen ca. 5 Wochen alt sind und offenbar aus Bulgarien eingef\u00fchrt worden waren. Erforderliche Impfungen konnten zun\u00e4chst nicht nachgewiesen werden. Nach R\u00fccksprache mit dem Veterin\u00e4ramt der Stadt Mannheim wurden die Tiere beschlagnahmt und in einem Tierheim untergebracht.<\/p>\n\n\n\n<p>Ein 42-j\u00e4hriger Mann aus dem Stadtteil Schwetzingerstadt hatte Ende Februar 2021 zwei Hunde verkauft, deren K\u00e4ufer anschlie\u00dfend vom Veterin\u00e4ramt Karlsruhe \u00fcberpr\u00fcft wurden. Zur \u00dcberpr\u00fcfung des Verk\u00e4ufers wurde anschlide\u00dfend das Veterin\u00e4ramt Mannheim in Kenntnis gesetzt. Bei einer gemeinsamen Kontrolle des Veterin\u00e4ramts mit der Polizeihundef\u00fchrerstaffel wurden zwei Hundewelpen aufgefunden, die in einem Raum des Anwesens am Georg-Lechleiter-Platz gehalten wurden. Der Boden des Raums war mit Kot und Urin \u00fcbers\u00e4t. Zudem hatten die Hunde damit begonnen, verschiedene Gegenst\u00e4nde des Raums anzunagen und zu zerbei\u00dfen. Nahrung und Wasser stand den Tieren nicht zur Verf\u00fcgung. Die Hunde waren von dem 42-J\u00e4hrigen zum Zwecke des Verkaufs aus Ungarn eingef\u00fchrt worden und verf\u00fcgten nicht \u00fcber die erforderlichen Schutzimpfungen. Auch diese beiden Hundewelpen wurden beschlagnahmt und im Tierheim untergebracht.<\/p>\n\n\n\n<p>In beiden F\u00e4llen ermittelt die Polizei nun wegen Verst\u00f6\u00dfen gegen das Hundeverbringungs- und -einfuhrbeschr\u00e4nkungsgesetz, die Tierschutzhundeverordnung, die Binnenmarkttierseuchenschutzverordnung und das Tiergesundheitsschutzgesetz sowie weiterer tierschutzrechtlicher Bestimmungen.<\/p>\n\n\n\n<h4 class=\"wp-block-heading\">(Mannheim-Blumenau) &#8211; Brand auf Waldlichtung \/ Polizei sucht Zeugen<\/h4>\n\n\n\n<p>Am Samstag, den 06.03.2021, um 16:15 Uhr, wurde dem Lagezentrum der Polizei durch die Feuerwehr ein Fl\u00e4chenbrand mitgeteilt. Dieser befand sich in Mannheim-Blumenau auf H\u00f6he des Mansfelder Weges an einer dortigen Waldlichtung. Ein Zeuge hatte, nach Verst\u00e4ndigung der Feuerwehr, den Brand auf einer Fl\u00e4che von ca. 5&#215;5 Metern bereits mit einfachen Mitteln gel\u00f6scht. Die Feuerwehr l\u00f6schte nochmals nach und kontrollierte mittels W\u00e4rmebildkamera. Eine Suche nach der Brandursache verlief negativ. Weitere Zeugen gaben an, zwei Kinder\/Jugendliche mit Fahrr\u00e4dern in der N\u00e4he des Brandes gesehen zu haben.<\/p>\n\n\n\n<p>Um 17:14 Uhr musste die Feuerwehr erneut wegen eines Fl\u00e4chenbrandes an derselben \u00d6rtlichkeit ausr\u00fccken. Der Brand konnte gel\u00f6scht werden. Er befand sich, wie auch beim ersten Mal, am westlichen Ende der Lichtung. Das Feuer h\u00e4tte jedoch jederzeit auf angrenzende Nadelb\u00e4ume \u00fcbergreifen k\u00f6nnen.<\/p>\n\n\n\n<p>Der zweite Brand hatte eine Fl\u00e4che von 15&#215;15 Metern. Der entstandene Flurschaden konnte bislang noch nicht beziffert werden. Die Kriminalpolizei ermittelt nun.<\/p>\n\n\n\n<p>Zeugen, die sachdienliche Hinweise geben k\u00f6nnen, werden gebeten, sich beim Kriminaldauerdienst unter tel.: 0621-174 4444 zu melden.<\/p>\n\n\n\n<h4 class=\"wp-block-heading\">(Heidelberg) &#8211; Brand in Heidelberger Altstadt; drei H\u00e4user derzeit unbewohnbar; Brandort beschlagnahmt; Kripo ermittelt<\/h4>\n\n\n\n<h4 class=\"wp-block-heading\" style=\"text-align:center\">Pressemitteilung Nr. 2<\/h4>\n\n\n\n<p>Nach dem verheerenden Brand in der Heidelberger Altstadt sind drei H\u00e4user derzeit noch unbewohnbar. Die insgesamt 14 Bewohner sind anderweitig, auch in einem Hotel in der Altstadt untergebracht.<\/p>\n\n\n\n<p>Von der Expertise eines sachverst\u00e4ndigen Statikers ist es abh\u00e4ngig, wann die Brandexperten der Kriminalpolizeidirektion Heidelberg, die zwischenzeitig die weiteren Ermittlungen \u00fcbernommen haben, die beschlagnahmte Brandwohnung betreten k\u00f6nnen.<\/p>\n\n\n\n<p>Am fr\u00fchen Sonntagmorgen war im in einer Wohnung zweiten Obergeschoss eines Mehrfamilienhauses in der Hauptstra\u00dfe aus unbekannter Ursache ein Feuer ausgebrochen und hatte sich auf das dar\u00fcber liegende Dachgeschoss ausgebreitet. Trotz schnellen Eingreifens mehrerer Feuerwehren mit \u00fcber 100 Einsatzkr\u00e4ften, griff das Feuer auf die Dachgeschosse zweier unmittelbar benachbarter H\u00e4user \u00fcber.<\/p>\n\n\n\n<p>Der entstandene Sachschaden l\u00e4sst sich noch nicht n\u00e4her beziffern, d\u00fcrfte jedoch im siebenstelligen Bereich liegen.<\/p>\n\n\n\n<p>Der 29-j\u00e4hrige Bewohner der Brandwohnung zog sich leicht Brandverletzungen zu, die in einer Klinik ambulant behandelt wurden.<\/p>\n\n\n\n<p>Die Ermittlungen der Brandexperten der Kriminalpolizeidirektion Heidelberg dauern an.<\/p>\n\n\n\n<h4 class=\"wp-block-heading\">(Heidelberg) &#8211; Brand in Heidelberger Altstadt; Statiker \u00fcberpr\u00fcft H\u00e4user; zwei der drei H\u00e4user wieder freigeben<\/h4>\n\n\n\n<h4 class=\"wp-block-heading\" style=\"text-align:center\">Pressemitteilung Nr. 3<\/h4>\n\n\n\n<p>Am Montagnachmittag wurden die drei als unbewohnbar eingestuften Wohnh\u00e4user in der Hauptstra\u00dfe von einem Statiker \u00fcberpr\u00fcft. Zwei der drei H\u00e4user wurden wieder freigegeben und k\u00f6nnen bezogen werden. Das Haus, in dem der Brand ausgebrach, bleibt weiterhin unbewohnbar und abgesperrt.<\/p>\n\n\n\n<h4 class=\"wp-block-heading\">(Heidelberg) &#8211; Vier junge M\u00e4nner in der Altstadt \u00fcberfallen; Zeugen gesucht<\/h4>\n\n\n\n<p>Bereits am Freitagabend wurden vier junge M\u00e4nner, drei Jugendliche im Alter von 17 Jahren und ein 19-j\u00e4hriger Heranwachsender in der Heidelberger Altstadt von drei unbekannten T\u00e4tern \u00fcberfallen.<\/p>\n\n\n\n<p>Die jungen M\u00e4nner hatten sich auf dem Spielplatz in der M\u00e4rzgasse, Ecke Pl\u00f6ck aufgehalten, als sie gegen 22.45 Uhr von drei Unbekannten angesprochen und in ein Gespr\u00e4ch verwickelt wurden. Im Laufe dieses Gespr\u00e4chs wurde der Ton der Unbekannten immer aggressiver und m\u00fcndete darin, dass sie sich von zwei der jungen M\u00e4nner Bargeld aush\u00e4ndigen lie\u00dfen. Einer der 17-J\u00e4hrigen wurde zudem geschlagen.<\/p>\n\n\n\n<p>Die vier jungen M\u00e4nner erstatteten Anzeige bei der Polizei. Eine Fahndung nach den ca. 18-19 Jahre alten T\u00e4tern verlief bislang ohne Ergebnis. Die T\u00e4ter werden wie folgt beschrieben:<\/p>\n\n\n\n<ol><li>T\u00e4ter: ca. 185 cm; dunkelblonde bis hellbraune Haare; Dreitagebart; muskul\u00f6se Statur; wei\u00dfes Trainingsoberteil; dunkle Jogginghose; Turnschuhe.<\/li><li>T\u00e4ter: ca. 175 cm; schlank; schwarze Haare; s\u00fcdl\u00e4ndischer Typ; Kinn- und Oberlippenbart; blau-rote Trainingsjacke; er sprach Deutsch mit Akzent.<\/li><li>T\u00e4ter: ca. 170 cm; vermutlich Ausl\u00e4nder; dunkle Haare; leichter Oberlippenbart; schwarze Jeans und schwarze Jacke.<\/li><\/ol>\n\n\n\n<p>Das Jugenddezernat der Kriminalpolizeidirektion Heidelberg hat die weiteren Ermittlungen \u00fcbernommen.<\/p>\n\n\n\n<p>Zeugen, die Hinweise zur Tat und\/oder den T\u00e4tern geben k\u00f6nnen, die sich m\u00f6glicherweise vor und\/oder nach der Tat (22.45 &#8211; 23.15 Uhr) im Bereich der M\u00e4rzgasse\/Pl\u00f6ck und der Hauptstra\u00dfe aufgehalten haben k\u00f6nnten, werden gebeten, sich mit dem Kriminaldauerdienst, Tel.: 0621\/174-4444 oder mit dem Polizeirevier HD-Mitte, Tel.: 06221\/99-1700 in Verbindung zu setzen.<\/p>\n\n\n\n<h4 class=\"wp-block-heading\">(Heidelberg-Altstadt) &#8211; Kollision zwischen Radfahrern \/ Polizei sucht Zeugen<\/h4>\n\n\n\n<p>Am Samstagnachmittag, gegen 14:45 Uhr, war ein 26-j\u00e4hriger Mann mit seinem Fahrrad in der Stra\u00dfe &#8222;Pl\u00f6ck&#8220; unterwegs und stie\u00df in H\u00f6he des Friedrich-Ebert-Platzes mit einem von zwei ihm entgegenkommenden Radfahrern zusammen. Bei den beiden M\u00e4nnern handelt es sich um Mitglieder der Partei AfD, welche durch entsprechende T-Shirts und andere mitgef\u00fchrte Gegenst\u00e4nde deutlich als solche erkennbar waren. Diese warfen dem 26-J\u00e4hrigen vor, den Verkehrsunfall absichtlich verursacht zu haben. Inwieweit eine der beteiligten Personen hierbei verletzt wurde, ist derzeit nicht bekannt. Nach der Durchf\u00fchrung erster polizeilicher Ma\u00dfnahmen durch eine verst\u00e4ndigte Streifenwagenbesatzung des Polizeireviers Heidelberg-Mitte durfte der 26-J\u00e4hrige seinen Weg fortsetzen. Die Ermittlungen der Kriminalpolizeidirektion Heidelberg wegen des Verdachts der K\u00f6rperverletzung dauern an. Zeugen, die sachdienliche Hinweise zum Tathergang geben k\u00f6nnen, werden gebeten sich mit dem Kriminaldauerdienst, Telefon 0621\/174-4444, in Verbindung zu setzen.<\/p>\n\n\n\n<h4 class=\"wp-block-heading\">(Heidelberg-Handschuhsheim) &#8211; Bislang unbekannte Jugendliche versuchen Roller zu entwenden \/ Zeugen gesucht<\/h4>\n\n\n\n<p>Vergangenen Sonntag, um 20:38 Uhr, wurde der Polizei durch einen Zeugen ein versuchter Rollerdiebstahl gemeldet. Der Zeuge konnte von seinem Balkon aus beobachten, wie sich drei Personen am Hans-Thoma-Platz an einem Motorroller aufhielten. Pl\u00f6tzlich setzte sich eine der drei Personen auf den Roller und manipulierte daran herum. Danach wollte sie diesen fortschieben. Da dies misslang, trat eine andere der Personen gegen den Lenker des Rollers.<\/p>\n\n\n\n<p>Anschlie\u00dfend liefen alle drei Personen den Angelweg entlang und machten sich auch hier an einem schwarzen Roller zu schaffen. Sie lie\u00dfen jedoch von dem Roller ab und entferntem sich in Richtung Feld.<\/p>\n\n\n\n<p>Die drei Personen wurde wie folgt beschrieben:<\/p>\n\n\n\n<ul><li>Gr\u00f6\u00dfte Person: m\u00e4nnlich, ca. 170-180cm gro\u00df, schlank, ca. 17 Jahre alt, dunkle kurze Haare, bekleidet mit schwarzer Jacke, dunkelgraue Hose (evtl. Jeans)<\/li><li>Mittlere Person: m\u00e4nnlich, ca. 16 Jahre alt, ca. 165cm gro\u00df, etwas kr\u00e4ftigere Statur, dunkle kurze Haare, bekleidet mit hellgrauem Kapuzenpulli, dar\u00fcber eine schwarze Weste, hellgraue Hose (vermutlich Jogginghose)<\/li><li>Kleinste Person: m\u00e4nnlich, ca. 150-160cm gro\u00df, d\u00fcnne Statur, dunkle, seitlich kurz rasierte Haare, dunkel bekleidet <\/li><\/ul>\n\n\n\n<p>Zeugen, die sachdienliche Hinweise geben k\u00f6nnen, werden gebeten, sich beim Polizeirevier Heidelberg-Nord unter tel.: 06221-45690 zu melden.<\/p>\n\n\n\n<h4 class=\"wp-block-heading\">(Schwetzingen \/ Rhein-Neckar-Kreis) &#8211; Im Stra\u00dfenverkehr gen\u00f6tigt und beleidigt \/ 24-J\u00e4hrige erstattet Anzeige<\/h4>\n\n\n\n<p>Eine 24-j\u00e4hrige Pkw-Fahrerin erstattete vergangenen Samstag Anzeige beim Polizeirevier in Schwetzingen, da ihr nachmittags auf der B 291 von Hockenheim in Richtung Schwetzingen ein silberner Pkw so dicht auffuhr, dass sie weder Kennzeichen noch Scheinwerfer des Pkw erkennen konnte. Im weiteren Verlauf konnte die Frau an dem verkehrsbedingt wartenden silbernen Pkw vorbeifahren und sch\u00fcttelte gegen\u00fcber dessen Fahrer den Kopf. Daraufhin wechselte dieser die Spur und folgte ihr, abermals mit zu geringem Abstand, in die Friedrichstra\u00dfe. Im zweispurigen Bereich \u00fcberholte der Mann und scherte vor ihr wieder ein, wo er pl\u00f6tzlich abbremste. Zum Zusammensto\u00df kam es nicht, allerdings hinderte der Mann mit seinem Pkw die Frau nun an der Weiterfahrt. Dann stieg dieser aus und beleidigte sie mit Kraftausdr\u00fccken. Hiernach erstattete die 24-J\u00e4hrige Anzeige. Der Bezirksdienst des Polizeireviers Schwetzingen ermittelt nun wegen N\u00f6tigung im Stra\u00dfenverkehr und Beleidigung.<\/p>\n\n\n\n<h4 class=\"wp-block-heading\">(Rauenberg-Malschenberg \/ Rhein-Neckar-Kreis) &#8211; Mit Faust ins Gesicht geschlagen, nachdem Hundebesitzer k\u00e4mpfende Hunde trenne will<\/h4>\n\n\n\n<p>Am Sonntag gegen 18:00 Uhr kam es nahe der A6 auf einem Feldweg im Bereich des mobilen H\u00fchnerstalls zu einer k\u00f6rperlichen Auseinandersetzung zwischen zwei Hundebesitzern. Ein 56-j\u00e4hriger Mann war mit seinen zwei Labradoren auf dem Feldweg spazieren, als ein nicht angeleinter Hund einen der Labradore angriff. Der 56-J\u00e4hrige versuchte die k\u00e4mpfenden Hunde zu trennen und versetzte dem fremden Hund einen Tritt. Der herbeieilenden 54-j\u00e4hrige Besitzer des unangeleinten Hundes griff nach seinem Vierbeiner, konnte seinen Hund jedoch nicht unter Kontrolle bringen, weshalb der 56-J\u00e4hrige erneut nach diesem trat. Daraufhin schlug der 54-J\u00e4hrige dem 56-J\u00e4hrigen mit der Faust ins Gesicht und verletzte diesen leicht. Das Opfer stolperte in der Folge des Faustschlags \u00fcber eine Leine und st\u00fcrzte. Auch der 54-j\u00e4hrige Mann kam zu Fall, st\u00fcrzte auf sein Opfer und besch\u00e4digte dessen Brille. Nach einer kurzen Diskussion verlie\u00df der T\u00e4ter die \u00d6rtlichkeit mit seinem Auto. Zeugen, die den Vorfall beobachtet haben, werden gebeten, sich unter der Telefonnummer 06222\/5709-0 beim Polizeirevier Wiesloch zu melden.<\/p>\n\n\n\n<h4 class=\"wp-block-heading\">(Eppelheim \/ Rhein-Neckar-Kreis) &#8211; Betrunken Auto gefahren und Polizisten angegriffen<\/h4>\n\n\n\n<p>Am Sonntag gegen 16:15 Uhr griff ein betrunkener Autofahrer bei dessen Festnahme in der Werner-von-Braun-Stra\u00dfe die eingesetzten Polizeibeamten an. Eine Zeugin alarmierte die Einsatzkr\u00e4fte, da sie den augenscheinlich volltrunkenen 26-J\u00e4hrigen an einer Tankstelle dabei beobachtete, wie dieser in sein Auto einstieg und davonfuhr. Eine Polizeistreife konnte den Mann schlie\u00dflich in der Werner-von-Braun-Stra\u00dfe stoppen und einer Kontrolle unterziehen. Ein Atemalkoholtest ergab einen Wert von 2,46 Promille. Als der 26-J\u00e4hrige zur Blutentnahme zum Polizeirevier Heidelberg-S\u00fcd verbracht werden sollte, schlug er auf die Polizisten ein. Nur durch die Unterst\u00fctzung einer weiteren Streife gelang es den Beamten den Mann festzunehmen. Auf der Dienststelle beruhigte sich der 26-J\u00e4hrige wieder und lie\u00df sich eine Blutprobe entnehmen. Sein F\u00fchrerschein wurde beschlagnahmt.<\/p>\n\n\n\n<h4 class=\"wp-block-heading\">(Weinheim \/ Rhein-Neckar-Kreis) &#8211; Deutliche Schlangenlinien gefahren \/ 46-J\u00e4hriger mit \u00fcber 2 Promille am Steuer kontrolliert<\/h4>\n\n\n\n<p>Ein Zeuge meldete der Polizei am vergangenen Sonntagabend den Fahrer eines Opel, da dieser in deutlichen Schlangenlinien auf der B38 von Viernheim in Richtung Weinheim fuhr. An der Kreuzung B38 \/ Viernheimer Stra\u00dfe, konnte der Opel-Fahrer von einer Streife des Polizeireviers Weinheim festgestellt werden. Dort fl\u00fcchtete er zun\u00e4chst mit quietschenden und qualmenden Reifen in Richtung Viernheimer Stra\u00dfe. Auf H\u00f6he eines dortigen Autohauses konnte er schlie\u00dflich einer Kontrolle unterzogen werden.<\/p>\n\n\n\n<p>Sowohl der 46-j\u00e4hrige Fahrer, als auch dessen Beifahrer machten einen deutlich alkoholisierten Eindruck. Ein freiwillig durchgef\u00fchrter Atemalkoholtest ergab einen Wert von knapp \u00fcber 2 Promille. Nach erfolgter Blutentnahme durch einen Arzt beim Revier Weinheim, wurden sowohl F\u00fchrerschein, als auch Fahrzeugschl\u00fcssel des Mannes einbehalten. Im Anschluss konnte dieser, zu Fu\u00df, seinen Heimweg antreten. Eine Anzeige wegen Trunkenheit am Steuer wurde gefertigt.<\/p>\n","protected":false},"excerpt":{"rendered":"<div class=\"mh-excerpt\"><p>Polizeimeldungen vom Montag (08.03.2021) (Speyer \/ A 61) &#8211; Nach Lkw-Unfall Richtungsfahrbahnen gesperrt \/ Mehrere Verletzte Pressemitteilung Nr. 1 Am Montagabend, gegen 23.28 Uhr, ereignete auf der BAB 61 in H\u00f6he Binshof ein Verkehrsunfall, bei <a class=\"mh-excerpt-more\" href=\"https:\/\/speyer24news.com\/?p=33936\" title=\"Polizei\">[&#8230;]<\/a><\/p>\n<\/div>","protected":false},"author":3,"featured_media":0,"comment_status":"open","ping_status":"open","sticky":false,"template":"","format":"standard","meta":{"_monsterinsights_skip_tracking":false,"_monsterinsights_sitenote_active":false,"_monsterinsights_sitenote_note":"","_monsterinsights_sitenote_category":0,"footnotes":""},"categories":[12],"tags":[3614,61,2555,6955,6986,6263,63,105,6987,53,4854,4683,1548,102,213,55,5261,103,106,2803,2423,427,2625,380,104,979,1565],"aioseo_notices":[],"amp_enabled":true,"_links":{"self":[{"href":"https:\/\/speyer24news.com\/index.php?rest_route=\/wp\/v2\/posts\/33936"}],"collection":[{"href":"https:\/\/speyer24news.com\/index.php?rest_route=\/wp\/v2\/posts"}],"about":[{"href":"https:\/\/speyer24news.com\/index.php?rest_route=\/wp\/v2\/types\/post"}],"author":[{"embeddable":true,"href":"https:\/\/speyer24news.com\/index.php?rest_route=\/wp\/v2\/users\/3"}],"replies":[{"embeddable":true,"href":"https:\/\/speyer24news.com\/index.php?rest_route=%2Fwp%2Fv2%2Fcomments&post=33936"}],"version-history":[{"count":1,"href":"https:\/\/speyer24news.com\/index.php?rest_route=\/wp\/v2\/posts\/33936\/revisions"}],"predecessor-version":[{"id":33940,"href":"https:\/\/speyer24news.com\/index.php?rest_route=\/wp\/v2\/posts\/33936\/revisions\/33940"}],"wp:attachment":[{"href":"https:\/\/speyer24news.com\/index.php?rest_route=%2Fwp%2Fv2%2Fmedia&parent=33936"}],"wp:term":[{"taxonomy":"category","embeddable":true,"href":"https:\/\/speyer24news.com\/index.php?rest_route=%2Fwp%2Fv2%2Fcategories&post=33936"},{"taxonomy":"post_tag","embeddable":true,"href":"https:\/\/speyer24news.com\/index.php?rest_route=%2Fwp%2Fv2%2Ftags&post=33936"}],"curies":[{"name":"wp","href":"https:\/\/api.w.org\/{rel}","templated":true}]}}