{"id":33949,"date":"2021-03-09T10:46:19","date_gmt":"2021-03-09T09:46:19","guid":{"rendered":"https:\/\/speyer24news.com\/?p=33949"},"modified":"2021-03-09T10:46:19","modified_gmt":"2021-03-09T09:46:19","slug":"wilhelma-zoologisch-botanischer-garten-stuttgart-15","status":"publish","type":"post","link":"https:\/\/speyer24news.com\/?p=33949","title":{"rendered":"Wilhelma \u2013 Zoologisch-Botanischer Garten Stuttgart"},"content":{"rendered":"<style type=\"text\/css\">\r\n\t.ads_top_disp{}\r\n\t.ads_top_corner_disp{ float:left; margin:0px 10px 10px 0px; }\r\n\t.ads_first_p_disp{}\r\n\t.ads_bottom_disp{}\r\n\t<\/style>\n<figure class=\"wp-block-image\"><img decoding=\"async\" loading=\"lazy\" width=\"800\" height=\"600\" src=\"https:\/\/speyer24news.com\/wp-content\/uploads\/2020\/09\/IMG_20200828_112835.jpg\" alt=\"\" class=\"wp-image-30180\" srcset=\"https:\/\/speyer24news.com\/wp-content\/uploads\/2020\/09\/IMG_20200828_112835.jpg 800w, https:\/\/speyer24news.com\/wp-content\/uploads\/2020\/09\/IMG_20200828_112835-300x225.jpg 300w, https:\/\/speyer24news.com\/wp-content\/uploads\/2020\/09\/IMG_20200828_112835-768x576.jpg 768w, https:\/\/speyer24news.com\/wp-content\/uploads\/2020\/09\/IMG_20200828_112835-678x509.jpg 678w, https:\/\/speyer24news.com\/wp-content\/uploads\/2020\/09\/IMG_20200828_112835-326x245.jpg 326w, https:\/\/speyer24news.com\/wp-content\/uploads\/2020\/09\/IMG_20200828_112835-80x60.jpg 80w\" sizes=\"(max-width: 800px) 100vw, 800px\" \/><\/figure>\n\n\n\n<h2 class=\"wp-block-heading\"><strong>Start am Mittwoch zu verg\u00fcnstigtem Sondertarif mit Online-\u00adTickets und Maskenpflicht<\/strong><\/h2>\n\n\n\n<h3 class=\"wp-block-heading\"><strong>Wilhelma \u00f6ffnet wieder mit bew\u00e4hrten Schutzma\u00dfnahmen<\/strong><\/h3>\n\n\n\n<div class=\"wp-block-image\"><figure class=\"aligncenter\"><img decoding=\"async\" loading=\"lazy\" width=\"800\" height=\"600\" src=\"https:\/\/speyer24news.com\/wp-content\/uploads\/2021\/03\/KW-10a-Wilhelma-\u00f6ffnet-ab-10.-M\u00e4rz-wieder-08.03.2021-Bild-1.jpg\" alt=\"\" class=\"wp-image-33950\" srcset=\"https:\/\/speyer24news.com\/wp-content\/uploads\/2021\/03\/KW-10a-Wilhelma-\u00f6ffnet-ab-10.-M\u00e4rz-wieder-08.03.2021-Bild-1.jpg 800w, https:\/\/speyer24news.com\/wp-content\/uploads\/2021\/03\/KW-10a-Wilhelma-\u00f6ffnet-ab-10.-M\u00e4rz-wieder-08.03.2021-Bild-1-300x225.jpg 300w, https:\/\/speyer24news.com\/wp-content\/uploads\/2021\/03\/KW-10a-Wilhelma-\u00f6ffnet-ab-10.-M\u00e4rz-wieder-08.03.2021-Bild-1-768x576.jpg 768w, https:\/\/speyer24news.com\/wp-content\/uploads\/2021\/03\/KW-10a-Wilhelma-\u00f6ffnet-ab-10.-M\u00e4rz-wieder-08.03.2021-Bild-1-678x509.jpg 678w, https:\/\/speyer24news.com\/wp-content\/uploads\/2021\/03\/KW-10a-Wilhelma-\u00f6ffnet-ab-10.-M\u00e4rz-wieder-08.03.2021-Bild-1-326x245.jpg 326w, https:\/\/speyer24news.com\/wp-content\/uploads\/2021\/03\/KW-10a-Wilhelma-\u00f6ffnet-ab-10.-M\u00e4rz-wieder-08.03.2021-Bild-1-80x60.jpg 80w\" sizes=\"(max-width: 800px) 100vw, 800px\" \/><figcaption> Die erst im Februar aus dem Zoo Salzburg eingezogene Gepardin Niara h\u00e4lt nach ihren allerersten G\u00e4sten in Stuttgart Ausschau.\u00a0<br><em>Foto: Wilhelma Stuttgart<\/em><\/figcaption><\/figure><\/div>\n\n\n\n<p>Wenige Tage nach dem eigentlichen Start in die Hauptsaison darf die Wilhelma ihre Tore wieder \u00f6ffnen. Am Mittwoch, 10. M\u00e4rz, soll es losgehen. Die Lockerungen der Corona-Ma\u00dfnahmen in Baden-W\u00fcrttemberg gestatten, dass der Zoologisch-Botanische Garten in Stuttgart Besucherinnen und Besucher einl\u00e4sst, solange die Inzidenz in Stuttgart unter 100 bleibt. Liegt die Zahl der Neuinfektionen pro sieben Tage wie aktuell \u00fcber 50 sind eine Begrenzung der G\u00e4ste pro Tag und eine vorige Terminbuchung f\u00fcr den Zugang vorgeschrieben. Anfangs k\u00f6nnen nur 4000 Personen eingelassen werden. Auf dem ganzen Gel\u00e4nde gilt eine Maskenpflicht. Hierf\u00fcr m\u00fcssen entweder Masken nach medizinischem Standard oder der FFP2-Norm getragen werden.<\/p>\n\n\n\n<div class=\"wp-block-image\"><figure class=\"aligncenter\"><img decoding=\"async\" loading=\"lazy\" width=\"800\" height=\"600\" src=\"https:\/\/speyer24news.com\/wp-content\/uploads\/2021\/03\/KW-10a-Wilhelma-\u00f6ffnet-ab-10.-M\u00e4rz-wieder-08.03.2021-Bild-2.jpg\" alt=\"\" class=\"wp-image-33952\" srcset=\"https:\/\/speyer24news.com\/wp-content\/uploads\/2021\/03\/KW-10a-Wilhelma-\u00f6ffnet-ab-10.-M\u00e4rz-wieder-08.03.2021-Bild-2.jpg 800w, https:\/\/speyer24news.com\/wp-content\/uploads\/2021\/03\/KW-10a-Wilhelma-\u00f6ffnet-ab-10.-M\u00e4rz-wieder-08.03.2021-Bild-2-300x225.jpg 300w, https:\/\/speyer24news.com\/wp-content\/uploads\/2021\/03\/KW-10a-Wilhelma-\u00f6ffnet-ab-10.-M\u00e4rz-wieder-08.03.2021-Bild-2-768x576.jpg 768w, https:\/\/speyer24news.com\/wp-content\/uploads\/2021\/03\/KW-10a-Wilhelma-\u00f6ffnet-ab-10.-M\u00e4rz-wieder-08.03.2021-Bild-2-678x509.jpg 678w, https:\/\/speyer24news.com\/wp-content\/uploads\/2021\/03\/KW-10a-Wilhelma-\u00f6ffnet-ab-10.-M\u00e4rz-wieder-08.03.2021-Bild-2-326x245.jpg 326w, https:\/\/speyer24news.com\/wp-content\/uploads\/2021\/03\/KW-10a-Wilhelma-\u00f6ffnet-ab-10.-M\u00e4rz-wieder-08.03.2021-Bild-2-80x60.jpg 80w\" sizes=\"(max-width: 800px) 100vw, 800px\" \/><figcaption> Wie es scheint, putzt sich der L\u00f6we heraus f\u00fcr seinen Besuch.<br><em>Foto: Wilhelma Stuttgart<\/em><\/figcaption><\/figure><\/div>\n\n\n\n<p>\u201eEs ist eine gute Nachricht, dass wir wieder Publikum empfangen d\u00fcrfen\u201c, sagt Direktor Dr. Thomas K\u00f6lpin. \u201eUnsere Mitarbeiterinnen und Mitarbeiter \u2013 und auch einige der Tierarten \u2013 haben die G\u00e4ste vermisst. Dass wir nun im M\u00e4rz zu einem Zeitpunkt wieder \u00f6ffnen d\u00fcrfen, zu dem wir 2020 das erste Mal schlie\u00dfen mussten, ist allerdings eine besondere Verantwortung, der wir gerecht werden m\u00fcssen. Wir greifen deshalb auf die Ma\u00dfnahmen zur\u00fcck, die sich vor einem Jahr bew\u00e4hrt haben.\u201c Das hei\u00dft, zun\u00e4chst wird nur das Au\u00dfengel\u00e4nde freigegeben, alle Tier- und Pflanzenh\u00e4user bleiben geschlossen. Anders als beim Neustart 2020 sind jedoch die Freiflugvoliere und das Streichelgehege am Schaubauernhof zug\u00e4nglich. Zusatzangebote, die viele Menschen an einem Ort dicht zusammenbringen, wie F\u00fchrungen und kommentierte F\u00fctterungen, m\u00fcssen wegen des Infektionsschutzes weiterhin unterbleiben. \u201eDer Besuch lohnt sich trotzdem, weil bei gutem Wetter viele der Tiere drau\u00dfen zu erleben sind, und dass die Ende M\u00e4rz bevorstehende Magnolienbl\u00fcte diesmal nicht unter Ausschluss der \u00d6ffentlichkeit stattfinden muss, ist gro\u00dfartig\u201c, sagt K\u00f6lpin. \u201eWegen der Einschr\u00e4nkungen gew\u00e4hren wir den Eintritt aber zum Sondertarif.\u201c Erwachsene zahlen den ganzen Tag \u00fcber nur den Abendtarif von 15 Euro, inklusive eines \u201eArtenschutz-Euros\u201c f\u00fcr Schutzprojekte, die die Wilhelma in aller Welt unterst\u00fctzt. Kinderkarten gibt es zu 5,50 Euro. Kinder unter sechs Jahren haben freien Eintritt.<\/p>\n\n\n\n<div class=\"wp-block-image\"><figure class=\"aligncenter\"><img decoding=\"async\" loading=\"lazy\" width=\"800\" height=\"499\" src=\"https:\/\/speyer24news.com\/wp-content\/uploads\/2021\/03\/KW-10a-Wilhelma-\u00f6ffnet-ab-10.-M\u00e4rz-wieder-08.03.2021-Bild-3.jpg\" alt=\"\" class=\"wp-image-33953\" srcset=\"https:\/\/speyer24news.com\/wp-content\/uploads\/2021\/03\/KW-10a-Wilhelma-\u00f6ffnet-ab-10.-M\u00e4rz-wieder-08.03.2021-Bild-3.jpg 800w, https:\/\/speyer24news.com\/wp-content\/uploads\/2021\/03\/KW-10a-Wilhelma-\u00f6ffnet-ab-10.-M\u00e4rz-wieder-08.03.2021-Bild-3-300x187.jpg 300w, https:\/\/speyer24news.com\/wp-content\/uploads\/2021\/03\/KW-10a-Wilhelma-\u00f6ffnet-ab-10.-M\u00e4rz-wieder-08.03.2021-Bild-3-768x479.jpg 768w\" sizes=\"(max-width: 800px) 100vw, 800px\" \/><figcaption> Kurz vor der Wiederer\u00f6ffnung liegt der Maurische Garten noch still dar. Gegen Ende M\u00e4rz wird hier die gro\u00dfe Magnolienbl\u00fcte erwartet.<br><em>Foto: Wilhelma Stuttgart<\/em><\/figcaption><\/figure><\/div>\n\n\n\n<p>Nur der Haupteingang wird ge\u00f6ffnet. Die Kassen m\u00fcssen geschlossen bleiben. Eintrittskarten k\u00f6nnen daher wie im Vorjahr nur online unter\u00a0<a rel=\"noreferrer noopener\" href=\"https:\/\/deref-web.de\/mail\/client\/NMKaGk_p32g\/dereferrer\/?redirectUrl=http%3A%2F%2Fwww.wilhelma.de%2Ftickets\" target=\"_blank\">www.wilhelma.de\/tickets<\/a>\u00a0erworben werden. Dabei muss der Tag des Besuchs und das Zeitfenster, in dem man den Park betreten will, ausgew\u00e4hlt werden. Das Ende ist nur durch die Parkschlie\u00dfung vorgegeben: im M\u00e4rz ist das um 18.30 Uhr. Eine solche Terminbuchung ist auch f\u00fcr alle mit Dauerkarte erforderlich, egal ob Jahreskarte oder Mitgliedskarte des F\u00f6rdervereins. F\u00fcr sie ist diese Buchung kostenlos. Die G\u00fcltigkeit der Jahreskarten verl\u00e4ngert sich automatisch um die w\u00e4hrend der Schlie\u00dfung verpassten Tage. Wer eine neue Jahreskarte online kauft, erh\u00e4lt einen Gutschein, mit dessen Ausdruck die Wilhelma bereits besucht werden kann. Die Umwandlung in eine Plastikkarte erfolgt erst, wenn auch die Kassen wieder \u00f6ffnen d\u00fcrfen. Der Vorverkauf von Tageskarten, der sofort beginnt, beschr\u00e4nkt sich anfangs auf einen Zeitraum von zwei Wochen. \u201eWir m\u00fcssen abwarten, wie sich die Lockerungen in den verschiedenen Bereichen der Gesellschaft angesichts der Mutationen auswirken\u201c, erkl\u00e4rt der Direktor. \u201eWenn alles gut geht, schalten wir jeweils die Folgewochen frei.\u201c<\/p>\n\n\n\n<div class=\"wp-block-image\"><figure class=\"aligncenter\"><img decoding=\"async\" loading=\"lazy\" width=\"800\" height=\"600\" src=\"https:\/\/speyer24news.com\/wp-content\/uploads\/2021\/03\/KW-10a-Wilhelma-\u00f6ffnet-ab-10.-M\u00e4rz-wieder-08.03.2021-Bild-5.jpg\" alt=\"\" class=\"wp-image-33954\" srcset=\"https:\/\/speyer24news.com\/wp-content\/uploads\/2021\/03\/KW-10a-Wilhelma-\u00f6ffnet-ab-10.-M\u00e4rz-wieder-08.03.2021-Bild-5.jpg 800w, https:\/\/speyer24news.com\/wp-content\/uploads\/2021\/03\/KW-10a-Wilhelma-\u00f6ffnet-ab-10.-M\u00e4rz-wieder-08.03.2021-Bild-5-300x225.jpg 300w, https:\/\/speyer24news.com\/wp-content\/uploads\/2021\/03\/KW-10a-Wilhelma-\u00f6ffnet-ab-10.-M\u00e4rz-wieder-08.03.2021-Bild-5-768x576.jpg 768w, https:\/\/speyer24news.com\/wp-content\/uploads\/2021\/03\/KW-10a-Wilhelma-\u00f6ffnet-ab-10.-M\u00e4rz-wieder-08.03.2021-Bild-5-678x509.jpg 678w, https:\/\/speyer24news.com\/wp-content\/uploads\/2021\/03\/KW-10a-Wilhelma-\u00f6ffnet-ab-10.-M\u00e4rz-wieder-08.03.2021-Bild-5-326x245.jpg 326w, https:\/\/speyer24news.com\/wp-content\/uploads\/2021\/03\/KW-10a-Wilhelma-\u00f6ffnet-ab-10.-M\u00e4rz-wieder-08.03.2021-Bild-5-80x60.jpg 80w\" sizes=\"(max-width: 800px) 100vw, 800px\" \/><figcaption> Der Mammutwald zeigt Anfang M\u00e4rz ein Bild der Idylle.<br><em>Foto: Wilhelma Stuttgart<\/em><\/figcaption><\/figure><\/div>\n\n\n\n<p><em>Wilhelma \u2013 Zoologisch-Botanischer Garten Stuttgart<br>09.03.2021<\/em><\/p>\n","protected":false},"excerpt":{"rendered":"<div class=\"mh-excerpt\"><p>Start am Mittwoch zu verg\u00fcnstigtem Sondertarif mit Online-\u00adTickets und Maskenpflicht Wilhelma \u00f6ffnet wieder mit bew\u00e4hrten Schutzma\u00dfnahmen Wenige Tage nach dem eigentlichen Start in die Hauptsaison darf die Wilhelma ihre Tore wieder \u00f6ffnen. Am Mittwoch, 10. <a class=\"mh-excerpt-more\" href=\"https:\/\/speyer24news.com\/?p=33949\" title=\"Wilhelma \u2013 Zoologisch-Botanischer Garten Stuttgart\">[&#8230;]<\/a><\/p>\n<\/div>","protected":false},"author":3,"featured_media":30171,"comment_status":"open","ping_status":"open","sticky":false,"template":"","format":"standard","meta":{"_monsterinsights_skip_tracking":false,"_monsterinsights_sitenote_active":false,"_monsterinsights_sitenote_note":"","_monsterinsights_sitenote_category":0,"footnotes":""},"categories":[11],"tags":[8422,8569,8419,8420,10083,8486,8811,8418],"aioseo_notices":[],"amp_enabled":true,"_links":{"self":[{"href":"https:\/\/speyer24news.com\/index.php?rest_route=\/wp\/v2\/posts\/33949"}],"collection":[{"href":"https:\/\/speyer24news.com\/index.php?rest_route=\/wp\/v2\/posts"}],"about":[{"href":"https:\/\/speyer24news.com\/index.php?rest_route=\/wp\/v2\/types\/post"}],"author":[{"embeddable":true,"href":"https:\/\/speyer24news.com\/index.php?rest_route=\/wp\/v2\/users\/3"}],"replies":[{"embeddable":true,"href":"https:\/\/speyer24news.com\/index.php?rest_route=%2Fwp%2Fv2%2Fcomments&post=33949"}],"version-history":[{"count":2,"href":"https:\/\/speyer24news.com\/index.php?rest_route=\/wp\/v2\/posts\/33949\/revisions"}],"predecessor-version":[{"id":33955,"href":"https:\/\/speyer24news.com\/index.php?rest_route=\/wp\/v2\/posts\/33949\/revisions\/33955"}],"wp:featuredmedia":[{"embeddable":true,"href":"https:\/\/speyer24news.com\/index.php?rest_route=\/wp\/v2\/media\/30171"}],"wp:attachment":[{"href":"https:\/\/speyer24news.com\/index.php?rest_route=%2Fwp%2Fv2%2Fmedia&parent=33949"}],"wp:term":[{"taxonomy":"category","embeddable":true,"href":"https:\/\/speyer24news.com\/index.php?rest_route=%2Fwp%2Fv2%2Fcategories&post=33949"},{"taxonomy":"post_tag","embeddable":true,"href":"https:\/\/speyer24news.com\/index.php?rest_route=%2Fwp%2Fv2%2Ftags&post=33949"}],"curies":[{"name":"wp","href":"https:\/\/api.w.org\/{rel}","templated":true}]}}