{"id":33961,"date":"2021-03-10T06:38:23","date_gmt":"2021-03-10T05:38:23","guid":{"rendered":"https:\/\/speyer24news.com\/?p=33961"},"modified":"2021-03-10T06:38:23","modified_gmt":"2021-03-10T05:38:23","slug":"polizei-521","status":"publish","type":"post","link":"https:\/\/speyer24news.com\/?p=33961","title":{"rendered":"Polizei"},"content":{"rendered":"<style type=\"text\/css\">\r\n\t.ads_top_disp{}\r\n\t.ads_top_corner_disp{ float:left; margin:0px 10px 10px 0px; }\r\n\t.ads_first_p_disp{}\r\n\t.ads_bottom_disp{}\r\n\t<\/style>\n<h2 class=\"wp-block-heading\">Polizeimeldungen vom Dienstag (09.03.2021)<\/h2>\n\n\n\n<div class=\"wp-block-image\"><figure class=\"aligncenter\"><img decoding=\"async\" src=\"https:\/\/speyer24news.com\/wp-content\/uploads\/2020\/01\/Aktuelles-Polizeilogo.jpg\" alt=\"\" class=\"wp-image-23832\"\/><\/figure><\/div>\n\n\n\n<h4 class=\"wp-block-heading\">(Speyer \/ A 61) \u2013 Nach Lkw-Unfall Richtungsfahrbahnen gesperrt \/ Mehrere Verletzte<\/h4>\n\n\n\n<h4 class=\"wp-block-heading\" style=\"text-align:center\">Pressemitteilung Nr. 1<\/h4>\n\n\n\n<p>Am Montagabend, gegen 23.28 Uhr, ereignete auf der BAB 61 in H\u00f6he Binshof ein Verkehrsunfall, bei dem mehrere Personen verletzt wurden. Nach derzeitigem Ermittlungsstand fuhr ein Sattelzug aus bislang noch ungekl\u00e4rter Ursache auf eine Sperrwand der Autobahnmeisterei Ruchheim auf, die zur Absicherung eines Pannen-Lkw aufgebaut wurde. In der weiteren Folge wurde das Fahrzeug auf ein davor befindliches Fahrzeug eines Pannenservice aufgeschoben. Dieses krachte wiederum in einen liegengebliebenen Pannen-Lkw. Durch das Unfallgeschehen stellten sich die Fahrzeuge quer zur Fahrbahn, so dass die Fahrtrichtungsfahrbahn der A 61 in Richtung des Autobahnkreuzes Speyer voll gesperrt werden musste. Eine \u00f6rtliche Umleitung ist eingerichtet. \u00dcber die Schwere der Verletzungen, wie auch \u00fcber die H\u00f6he des Sachschadens k\u00f6nnen derzeit noch keine Angaben gemacht werden. Die Dauer der Sperrung ist infolge der noch andauernden Bergungs- und R\u00e4umarbeiten nicht absehbar. Das Autobahnpolizeirevier Walldorf hat die Ermittlungen aufgenommen.<\/p>\n\n\n\n<h4 class=\"wp-block-heading\">(Gem. Speyer \/ A 61) &#8211; Unfall mit mehreren Schwerfahrzeugen; Vollsperrung aufgehoben; Aufr\u00e4umarbeiten noch im Gange<\/h4>\n\n\n\n<h4 class=\"wp-block-heading\" style=\"text-align:center\">Pressemitteilung Nr. 2<\/h4>\n\n\n\n<p>Die Vollsperrung der A 61 zwischen Dreieck Hockenheim und Speyer ist nach insgesamt mehr als acht Stunden aufgehoben. Derzeit sind noch zwei Fahrstreifen gesperrt. Der Verkehr wird an der Unfallstelle einspurig vorbeigeleitet. Der R\u00fcckstau betr\u00e4gt momentan rund f\u00fcnf Kilometer.<\/p>\n\n\n\n<p>Nach den derzeitigen Erkenntnissen soll der 48-j\u00e4hrige Fahrer eines Sattelzuges am Steuer eingeschlafen sein. Er prallte gegen eine mobile Sperrwand, die wegen eines Pannenfahrzeuges aufgestellt war. Dadurch kam es in der Folg noch zur Kollision mit dem Pannen-Lkw und einem weiteren Kleinlaster. Er 48-j\u00e4hrige Lkw-Fahrer wurde schwer verletzt; drei weitere Personen leicht. Der Sachschaden wird auf rund 200.000.- Euro gesch\u00e4tzt.<\/p>\n\n\n\n<p>Der F\u00fchrerschein des Verursachers wurde sichergestellt. Die Ermittlungen hinsichtlich einer m\u00f6gliche Lenkzeit\u00fcberschreitung sind eingeleitet. Das digitale Kontrollger\u00e4t des Lkw wurde sichergestellt.<\/p>\n\n\n\n<p>Die Freiwilligen Feuerwehren aus Hockenheim und Speyer waren mit einem Gro\u00dfaufgebot zur Sicherung der Unfallstelle, zur Bergung der Fahrzeuge und der Verletzten im Einsatz.<\/p>\n\n\n\n<p>Die Aufr\u00e4umarbeiten werden noch bis in die sp\u00e4ten Vormittagsstunden andauern.<\/p>\n\n\n\n<h4 class=\"wp-block-heading\">(Gem. Speyer \/ A 61) &#8211; Unfall mit mehreren Schwerfahrzeugen; Fahrbahn wieder frei<\/h4>\n\n\n\n<h4 class=\"wp-block-heading\" style=\"text-align:center\">Pressemitteilung Nr. 3<\/h4>\n\n\n\n<p>Nach mittlerweile etwas mehr als 12 Stunden (Stand 09.03.21 13 Uhr) nach dem Unfall auf der A 61, zwischen dem Dreieck Hockenheim und dem Autobahnkreuz Speyer, ist die Fahrbahn in Richtung Koblenz wieder frei befahrbar. Die Unfallaufnahme, die Aufr\u00e4um- und Reinigungsarbeiten sind beendet.<\/p>\n\n\n\n<h4 class=\"wp-block-heading\">(Speyer) &#8211; Fahrradkontrollen im Stadtgebiet<\/h4>\n\n\n\n<p>Am Montagmorgen, im Zeitraum von 08:00 Uhr bis 08:30 Uhr, f\u00fchrte eine Polizeistreife in der Bahnhofstra\u00dfe Fahrradkontrollen durch. Bei einem geringen Aufkommen an Radfahrern wurde dreimal der Radweg in nicht zul\u00e4ssige Richtung befahren. Die Fahrradfahrer wurden verwarnt.<\/p>\n\n\n\n<h4 class=\"wp-block-heading\">(Schifferstadt) &#8211; Verkehrsunfallflucht \/ Zeugensuche<\/h4>\n\n\n\n<p>Bereits am Samstag, 13.02.2021, zwischen 09:30 und 10:00 Uhr, kam es in der Salierstra\u00dfe zum Zusammensto\u00df eines bislang unbekannten Fahrzeugs mit einem geparkten Mercedes-PKW. An letzterem entstand ein Schaden in H\u00f6he von circa 2.500 Euro im Bereich des Hecks. Der Unfallverursacher entfernte sich unerlaubt. Ein bisher namentlich unbekannter Zeuge informierte den Halter des Mercedes \u00fcber den Vorfall. Dieser wiederum kontaktierte die Polizei. Insbesondere der Zeuge, aber auch weitere potentielle Beobachter der Verkehrsunfallflucht, werden gebeten, sich mit der Polizeiinspektion Schifferstadt unter 06235 495-0 oder\u00a0<a href=\"mailto:pischifferstadt@polizei.rlp.de\">pischifferstadt@polizei.rlp.de<\/a>\u00a0in Verbindung zu setzen.<\/p>\n\n\n\n<h4 class=\"wp-block-heading\">(Germersheim) &#8211; Dieb hatte einfaches Spiel<\/h4>\n\n\n\n<p>Besonderes einfach hatte es am Montag (08.03.21) ein bislang unbekannter Dieb auf einem Tankstellengel\u00e4nde in der Hafenstra\u00dfe in Germersheim. Ein 55-j\u00e4hriger Autofahrer lies w\u00e4hrend des Bezahlvorgangs den Z\u00fcndschl\u00fcssel in seinem unverschlossenen PKW stecken. Der Dieb nutzte diesen Moment und fuhr mit dem fremden PKW davon. Bei dem Fahrzeug handelt es sich um einen \u00e4lteren silbernen VW Touran mit einem auff\u00e4lligen Schaden an der rechten Fahrzeugseite und einem Zeitwert von etwa 2.500 Euro. Trotz einer sofort eingeleiteten Fahndung fehlt von dem Fahrzeug bislang jede Spur. Zeugen, die Hinweise zu der Tat oder dem Verbleib des Fahrzeugs geben k\u00f6nnen, werden gebeten, sich unter Tel: 07274 9580 oder per Mail unter\u00a0<a href=\"mailto:pigermersheim@polizei.rlp.de\">pigermersheim@polizei.rlp.de<\/a>\u00a0zu melden.<\/p>\n\n\n\n<h4 class=\"wp-block-heading\">(Germersheim) &#8211; 45 Autofahrer zu schnell<\/h4>\n\n\n\n<p>Am Montag (08.03.21) wurden im Dienstgebiet der Polizei Germersheim an verschiedenen Orten Geschwindigkeitskontrollen durchgef\u00fchrt. Zun\u00e4chst wurde um 09 Uhr der Verkehr in der Hauptstra\u00dfe in Knittelsheim \u00fcberwacht. Insgesamt waren dort neun Autofahrer zu schnell unterwegs. Zudem wurden acht Fahrzeuge wegen technischen M\u00e4ngeln beanstandet. Im Anschluss wurde in der Stra\u00dfe &#8222;Am Unkenfunk&#8220; in Germersheim gelasert. Dort kam es zu 23 Geschwindigkeits\u00fcberschreitungen. Zuletzt wurde die Kontrolle dann in die Stra\u00dfe &#8222;An Fronte Beckers&#8220; verlagert. Auch dort waren 13 Autofahrer zu schnell unterwegs. Als Bilanz bleiben insgesamt 45 Geschwindigkeitsverst\u00f6\u00dfe. Die Unfallursache Geschwindigkeit belegt seit Jahren bei der Unfallstatistik einen der vorderen Pl\u00e4tze. Noch diese Woche stellen wir die Verkehrsunfallstatistik der Polizeiinspektion Germersheim vor. Dort werden wir auch auf die Ver\u00e4nderungen im Hinblick auf diese Unfallursache eingehen.<\/p>\n\n\n\n<h4 class=\"wp-block-heading\">(Kandel) &#8211; Beteiligte bei Verkehrsunfall gesucht<\/h4>\n\n\n\n<p>Am 08.03.2021 kam es gegen 13:10 Uhr zu einem Verkehrsunfall in der Luitpoldstra\u00dfe. Eine 56-j\u00e4hrige PKW Fahrerin befuhr die Stra\u00dfe in Richtung Juststra\u00dfe. Im Bereich der Einm\u00fcndung zur Robert-Koch-Stra\u00dfe wird der Fahrerin die Vorfahr von dem Fahrer eines dunklen PKW&#8217;s genommen. Hierbei kommt es zum Zusammensto\u00df der beteiligten Fahrzeuge. Beide Beteiligte fuhren jedoch zun\u00e4chst weiter und die 56-j\u00e4hrige Fahrerin stellte erst am Abend einen Schaden an PKW fest. Gesucht wird nun der zweite Unfallbeteiligte oder Zeugen die den Unfall bemerkt haben.<\/p>\n\n\n\n<h4 class=\"wp-block-heading\">(Landau) &#8211; Diebstahl eines E-Scooters in der Innenstadt Landau<\/h4>\n\n\n\n<p>Zwischen 16.50 Uhr und 17.00 Uhr wurde am Dienstag (09.03.21) in der Xylanderstra\u00dfe in Landau ein E-Scooter der Marke Segway entwendet. Unbekannte T\u00e4ter nutzten die wenigen Minuten die der Eigent\u00fcmer das Fahrzeug unbeaufsichtigt abgestellt hatte f\u00fcr ihren Diebstahl aus. Ein Zeuge konnte Hinweise auf zwei junge M\u00e4nner im Alter von ca. 18-20 Jahre geben, welche sich an dem Fahrzeug zu schaffen machten und anschlie\u00dfend damit wegfuhren. Wie die T\u00e4ter das Zahlenschloss, mit dem das Fahrzeug gesichert war, \u00f6ffnen konnten ist derzeit nicht bekannt. Auff\u00e4llig an dem schwarzen E-Scooter sind die blauen Streifen auf den schwarzen Felgen sowie die seitlich an den R\u00e4dern angebrachten orangefarbenen Reflektoren.<\/p>\n\n\n\n<h4 class=\"wp-block-heading\">(Roschbach) &#8211; Gestr\u00fcpp angez\u00fcndet<\/h4>\n\n\n\n<p>Unbekannte haben Montagabend (08.03.2021, 18 Uhr) an einem Wirtschaftsweg oberhalb der Deponie Edesheim eine ca. 10 Meter lange B\u00f6schung in Brand gesetzt. Die Feuerwehr Edenkoben kam mit zwei Fahrzeugen vor Ort und konnte das Feuer l\u00f6schen. Von den Feuerteufeln fehlt jede Spur. Hinweise nimmt die Polizei Edenkoben unter der Rufnummer 06323 9550 entgegen.<\/p>\n\n\n\n<h4 class=\"wp-block-heading\">(Edenkoben) &#8211; Ein Geldgewinn aus einem Jubil\u00e4ums-Preisausschreiben<\/h4>\n\n\n\n<p>Ein Mann hatte an einem Jubil\u00e4ums-Preisausschreiben eines Onlinebekleidungsdiscounters teilgenommen, weshalb er Anfang M\u00e4rz einem Anruf einer unbekannten Frau besonders gro\u00dfen Glauben schenkte. Die Unbekannte gaukelte ihm vor, dass er knapp 38.000 Euro gewonnen h\u00e4tte. Um die \u00dcbergabeformalit\u00e4ten zu regeln, w\u00fcrde sich in den n\u00e4chsten Tagen eine Transportfirma melden. Tage sp\u00e4ter wurde er telefonisch aufgefordert, 900 Euro \u00fcber das Konto &#8222;google-Play&#8220; zu entrichten, damit der Gewinn zugestellt werden kann. Nachdem der Anzeigenerstatter die geforderte Summe \u00fcberwiesen hatte, meldete sich die Transportfirma erneut mit dem Hinweis, dass sich infolge eines Ablesefehlers ein Zahlendreher eingeschlichen h\u00e4tte. Nicht 39.000 Euro h\u00e4tte er gewonnen, sondern 83.000 Euro w\u00fcrden zur Auszahlung bereitstehen. Hierzu m\u00fcssten allerdings weitere 900 Euro eingezogen werden. Jetzt bemerkte der Mann, dass er Opfer eines Betrugs wurde. Er erstattete Strafanzeige. Die Polizei warnt: Niemals sollte Geld ausgegeben werden, um einen vermeintlichen Gewinn einzufordern. Zusagen am Telefon sollten in keinem Fall gemacht werden. Auch pers\u00f6nliche Daten wie Kontodaten, Adressen oder \u00c4hnliches sollten telefonisch niemals preisgegeben werden. Im Zweifelsfall sollten sich die Angerufenen mit der Polizei in Verbindung setzen.<\/p>\n\n\n\n<h4 class=\"wp-block-heading\">(Neustadt) &#8211; Diebstahl aus verschlossenem Pkw<\/h4>\n\n\n\n<p>Im Zeitraum vom 07.03.2021 ca. 14:00 Uhr bis 08.03.2021 ca. 06:30 Uhr wurde aus einem abgeparkten Pkw in der Adolf-Kolping-Stra\u00dfe in Neustadt eine Arbeitstasche gestohlen, in der sich die Geldb\u00f6rse sowie diverse Personaldokumente befanden. Unbekannte T\u00e4ter brachen an der B-S\u00e4ule die Blende auf und gelangten so \u00fcber die Seitenscheibe in das Innere des Fahrzeugs. Die Schadensh\u00f6he liegt bei ca. 1000 Euro. Hinweise bitte an die Polizei Neustadt telefonisch unter 06321 854-0 oder per E-Mail unter&nbsp;<a href=\"mailto:pineustadt@polizei.rlp.de\">pineustadt@polizei.rlp.de<\/a><\/p>\n\n\n\n<h4 class=\"wp-block-heading\">(Gem. Neustadt) &#8211; Wasserturm mit Farbe bespr\u00fcht<\/h4>\n\n\n\n<p>Unbekannte haben in der Zeit vom 05.03.2021 bis 08.03.2021 den Wasserturm zwischen Lachen-Speyerdorf und Geinsheim mit schwarzer Farbe bespr\u00fcht. Der Sachschaden wird mit ca. 1500 Euro angegeben. Hinweise bitte an die Polizei Neustadt telefonisch unter 06321 854-0 oder per E-Mail unter\u00a0<a href=\"mailto:pineustadt@polizei.rlp.de\">pineustadt@polizei.rlp.de<\/a><\/p>\n\n\n\n<h4 class=\"wp-block-heading\">(A 65 \/ AS Deidesheim) &#8211; Fahrer und drei Insassen leicht verletzt<\/h4>\n\n\n\n<div class=\"wp-block-image\"><figure class=\"aligncenter\"><img decoding=\"async\" loading=\"lazy\" width=\"800\" height=\"457\" src=\"https:\/\/speyer24news.com\/wp-content\/uploads\/2021\/03\/20210308_VU_A65.jpg\" alt=\"\" class=\"wp-image-33962\" srcset=\"https:\/\/speyer24news.com\/wp-content\/uploads\/2021\/03\/20210308_VU_A65.jpg 800w, https:\/\/speyer24news.com\/wp-content\/uploads\/2021\/03\/20210308_VU_A65-300x171.jpg 300w, https:\/\/speyer24news.com\/wp-content\/uploads\/2021\/03\/20210308_VU_A65-768x439.jpg 768w\" sizes=\"(max-width: 800px) 100vw, 800px\" \/><\/figure><\/div>\n\n\n\n<p>Weil ein 49 Jahre alter Kleinbusfahrer bei der AS Deidesheim\/Auffahrt A65 einen langsam vor ihm fahrenden LKW \u00fcbersah, kam es gestern Nachmittag (08.03.2021, 16.30 Uhr) zu einem Auffahrunfall, wobei sich der Kleinbusfahrer sowie drei der sieben Insassen leicht verletzten und \u00e4rztliche Hilfe in Anspruch nehmen mussten. Der Gesamtschaden wird auf \u00fcber 4.000 Euro beziffert. Aufgrund der Unfallaufnahme und Bergungsarbeiten kam es zu leichten Verkehrsbehinderungen.<\/p>\n\n\n\n<h4 class=\"wp-block-heading\">(Bad D\u00fcrkheim) &#8211; Radfahrer angefahren und gefl\u00fcchtet<\/h4>\n\n\n\n<p>Am 08.03.2021 gegen 13:30 Uhr wurde in der Gutleutstra\u00dfe in Bad D\u00fcrkheim, ein Radfahrer von einem PKW angefahren. Ein zu diesem Zeitpunkt unbekannter Fahrer eines VW Polo bog in einem zu engen Bogen aus der Mannheimer Stra\u00dfe, aus Stadtmitte kommend, nach links in die Gutleutstra\u00dfe ein und fuhr dabei frontal auf einen in erster Reihe bei Rotlicht im Kreuzungsbereich wartenden 69-j\u00e4hrigen Radfahrer zu. Nur durch einen Sprung nach links konnte der Radfahrer eine frontale Kollision vermeiden. Es kam trotzdem zu einem leichten Zusammensto\u00df. Der Golffahrer entfernte sich anschlie\u00dfend unerlaubt von der Unfallstelle. Der 69-J\u00e4hrige stand sichtlich unter Schock, hatte sich gl\u00fccklicherweise aber keine Verletzungen zugezogen. Einen Schutzhelm hatte er nicht getragen. Am Rad entstand ein Sachschaden von 100 Euro. Durch einen aufmerksamen Zeugen konnte auf einem Parkplatz einer Schule, ein PKW mit einem Frontschaden festgestellt und gemeldet werden. Im Rahmen der Ermittlungen konnte daher der verantwortliche 18-j\u00e4hrige Fahrer ermittelt werden. Ihn erwartet nun eine Anzeige wegen Verkehrsunfallflucht.<\/p>\n\n\n\n<h4 class=\"wp-block-heading\">(Bad D\u00fcrkheim) &#8211; Durch Fahrzeug eingeklemmt<\/h4>\n\n\n\n<p>Am 08.03.2021 gegen 13:30 Uhr wurde ein 22-J\u00e4hirger bei einem Verkehrsunfall in der Hinterbergstra\u00dfe in Bad D\u00fcrkheim verletzt. Der 22-J\u00e4hrige stellte den VW Kleinbus der Post am rechten Fahrbahnrand ab und wollte Briefe ausliefern. Pl\u00f6tzlich rollte der Kleinbus los und klemmt ihn zwischen Fahrzeug und Hauswand ein. Mehrere Personen reagierten vorbildlich, setzten das Fahrzeug zur\u00fcck und versorgten den Verletzten bis zu Eintreffen des Rettungsdienstes. Anschlie\u00dfend wurde er in ein Krankhaus verbracht. Am Fahrzeug entstand kein Sachschaden. Die Hauswand wurde leicht besch\u00e4digt. Warum sich das Fahrzeug selbstst\u00e4ndig in Bewegung setzte ist Gegenstand der laufenden Ermittlungen.<\/p>\n\n\n\n<h4 class=\"wp-block-heading\">(Bad D\u00fcrkheim) &#8211; Nach Unfall k\u00f6rperliche Auseinandersetzung<\/h4>\n\n\n\n<p>Am 08.03.2021 gegen 08:30 Uhr wurde in der Kanalstra\u00dfe in Bad D\u00fcrkheim, ein Radfahrer bei einem Verkehrsunfall leicht verletzt. Der 33-J\u00e4hrige befuhr mit seinem Fahrrad den parallel zur Kanalstra\u00dfe verlaufenden Radweg in Richtung Mannheimer Stra\u00dfe. In gleicher Richtung befuhr 68-J\u00e4hriger mit seinem Mercedes die Kanalstra\u00dfe. An der Einm\u00fcndung zum Wellsring wollte der 68-J\u00e4hrige nach rechts abbiegen und \u00fcbersah hierbei den Radfahrer, welchen er kurz davor \u00fcberholt hatte. Der Radfahrer wurde hierbei, durch einen Ansto\u00df mit dem Radkasten, am linken Bein leicht verletzt, kam aber nicht zu Fall. Er trug keinen Fahrradhelm. Ein Kleinkind, in der Sitzschale auf dem Gep\u00e4cktr\u00e4ger des Radfahrers, wurde gl\u00fccklicherweise nicht verletzt. Im Anschluss an den Unfall kam es zwischen dem 68-J\u00e4hrigen und dem 33-J\u00e4hrigen zu einer verbalen Auseinandersetzung. Letztendlich versetzte der 33-J\u00e4hrige seinen Kontrahenten einen Schlag gegen den Oberarm. Gegen ihn wird nun wegen K\u00f6rperverletzung ermittelt.<\/p>\n\n\n\n<h4 class=\"wp-block-heading\">(Bad D\u00fcrkheim) &#8211; Fahrerseite zerkratzt<\/h4>\n\n\n\n<p>Im Zeitraum von 05.03.2021 18:00 Uhr bis 06.03.2021, 10:00 Uhr wurde ein, in der Kaiserslauterer Stra\u00dfe in Bad D\u00fcrkheim, abgestellter PKW von bislang unbekannten T\u00e4tern besch\u00e4digt. Die linke Fahrzeugseite des Dacia Logan wurde \u00fcber die gesamte Fahrzeugl\u00e4nge mit einem unbekannten Gegenstand zerkratzt. Es entstand ein Sachschaden von 800 Euro. Die Polizei Bad D\u00fcrkheim bittet um Hinweise unter 06322 963 0 oder per E-Mail an\u00a0<a href=\"mailto:pibadduerkheim@polizei.rlp.de\">pibadduerkheim@polizei.rlp.de<\/a><\/p>\n\n\n\n<h4 class=\"wp-block-heading\">(Weisenheim a.B.) &#8211; Au\u00dfenspiegel abgefahren und gefl\u00fcchtet<\/h4>\n\n\n\n<p>Am 08.03.2021 gegen 14:00 Uhr wurde ein in der Leistadter Stra\u00dfe in Weisenheim am Berg abgestellter VW Transporter der Post besch\u00e4digt. Der Fahrer hatte f\u00fcr 10 Minuten sein Fahrzeug verlassen um Briefe und Pakete auszuliefern. Ein bislang unbekannter Verkehrsteilnehmer besch\u00e4digte in dieser Zeit, vermutlich beim Vorbeifahren aufgrund ungen\u00fcgenden Abstandes den Au\u00dfenspiegel des VW und entfernte sich anschlie\u00dfend unerlaubt von der Unfallstelle. Es entstand ein Sachschaden in H\u00f6he von 100 Euro. Es liegen keinerlei T\u00e4terhinweise vor. Die Polizei Bad D\u00fcrkheim bittet um Hinweise unter 06322 963 0 oder per E-Mail an\u00a0<a href=\"mailto:pibadduerkheim@polizei.rlp.de\">pibadduerkheim@polizei.rlp.de<\/a><\/p>\n\n\n\n<h4 class=\"wp-block-heading\">(Bobenheim-Roxheim) &#8211; Verkehrsunfallflucht in der Franz-Voll-Stra\u00dfe \/ Zeugen gesucht !<\/h4>\n\n\n\n<p>Bereits am Mittwoch, den 03.03.2021 gegen 13:15 Uhr kam es in der Franz-Voll-Stra\u00dfe in Bobenheim-Roxheim zu einem Verkehrsunfall. Der namentliche bekannte Fahrzeugf\u00fchrer touchierte mit seinem VW Passat einen ordnungsgem\u00e4\u00df geparkten PKW an dessen linken Au\u00dfenspiegel und entfernt sich unerlaubt von der \u00d6rtlichkeit. Durch einen aufmerksamen Verkehrsteilnehmer konnte der Verursacher ermittelt werden, allerdings befand sich das besch\u00e4digte Fahrzeug nicht mehr vor Ort. Aufgrund der polizeilichen Ermittlungen werden der Fahrzeughalter des besch\u00e4digten Fahrzeuges sowie weitere Zeugen des Vorfalls gesucht. Zeugen werden gebeten sich an die Polizeiinspektion Frankenthal unter der Tel.-Nr.: 06233\/313-0 oder an die Polizeiwache Maxdorf unter der Tel.-Nr.: 06237\/934-1100 zu wenden. Gerne nehmen wir Ihre Hinweise auch per E-Mail unter\u00a0<a href=\"mailto:pifrankenthal@polizei.rlp.de\">pifrankenthal@polizei.rlp.de<\/a>\u00a0entgegen.<\/p>\n\n\n\n<h4 class=\"wp-block-heading\">(Ludwigshafen) &#8211; Verkehrsunfallflucht mit einem 13-j\u00e4hrigen, gesch\u00e4digten Fahrradfahrer \/ Zeugen dringend gesucht!<\/h4>\n\n\n\n<p>Am Dienstag, den 09.03.2021, kam es am sp\u00e4ten Nachmittag, gegen 16:30 Uhr, auf der Speyerer Stra\u00dfe zu einer Verkehrsunfallflucht mit Personenschaden. Hierbei befuhr ein 13-j\u00e4hriger Fahrradfahrer die Speyerer Stra\u00dfe in Ludwigshafen am Rhein in Fahrtrichtung Schillerstra\u00dfe als ihn pl\u00f6tzlich ein Auto \u00fcberholte. Auf Grund der Fahrweise des Autofahrers fiel der Radfahrer schlie\u00dflich zu Boden. Der Junge verletzte sich hierbei leicht. Der Fahrer des Autos kam unterdessen seinen Pflichten als Verkehrsunfallbeteiligter nicht nach und verlie\u00df schlie\u00dflich vor dem Eintreffen der Polizei die Unfall\u00f6rtlichkeit. Den bislang unbekannten Autofahrer erwartet nun ein Strafverfahren wegen fahrl\u00e4ssiger K\u00f6rperverletzung sowie Verkehrsunfallflucht. In diesem Zusammenhang bittet die Polizei um Ihre Mithilfe. Wenn sie Hinweise zum Unfallhergang, dem fl\u00fcchtigen Fahrzeug und\/oder dem\/der Fahrer\/in machen k\u00f6nnen, melden Sie sich bitte bei der Polizeiwache Oggersheim unter Tel. 0621 \/ 963 &#8211; 2403 oder per Mail&nbsp;<a href=\"mailto:pwoggersheim@polizei.rlp.de\">pwoggersheim@polizei.rlp.de<\/a>.<\/p>\n\n\n\n<h4 class=\"wp-block-heading\">(Ludwigshafen) &#8211; Zwei Autofahrer unter Drogeneinfluss kontrolliert<\/h4>\n\n\n\n<p>Am Montag konnten Beamte der Polizei Ludwigshafen zwei Autofahrer, die unter Drogeneinfluss standen, aus dem Verkehr ziehen. Gegen 15:30 Uhr wurde ein 20-j\u00e4hriger Autofahrer in der Athener Stra\u00dfe und gegen 16:00 Uhr wurde ein 30-j\u00e4hriger Autofahrer in der Bruchwiesenstra\u00dfe kontrolliert. Bei beiden Autofahren konnten Anzeichen auf eine aktuelle Drogenbeeinflussung festgestellt werden. Bei beiden verlief ein Drogenschnelltest positiv auf THC. Ihnen wurde jeweils eine Blutprobe entnommen, um die genaue Drogenbeeinflussung festzustellen.<\/p>\n\n\n\n<p>Beide Fahrer m\u00fcssen nun wegen der drogenbeeinflussten Fahrt mit einem Bu\u00dfgeld von bis zu 3.000,- Euro und einem Fahrverbot rechnen. Au\u00dferdem \u00fcberpr\u00fcft die F\u00fchrerscheinstelle bei drogenbeeinflussten Kraftfahrzeugf\u00fchrern regelm\u00e4\u00dfig die Geeignetheit und kann z.B. eine Medizinisch-Psychologische Untersuchung (MPU) anordnen.<\/p>\n\n\n\n<h4 class=\"wp-block-heading\">(Ludwigshafen) &#8211; Ladendieb landet hinter Gittern \/ Nicht wegen Diebstahl<\/h4>\n\n\n\n<p>Ein 28-J\u00e4hriger landete am Montag (08.03.2021) hinter Gittern. Zuvor wurde er bei einem Ladendiebstahl erwischt. Der Mann befand sich gegen 14.30 Uhr in einem Drogeriemarkt am Rathausplatz, als er von einem Ladendetektiv dabei beobachtet wurde, wie er Modeschmuck im Gesamtwert von \u00fcber 400 Euro in eine Tasche steckte. Anschlie\u00dfend verlie\u00df er das Gesch\u00e4ft, ohne die Ware zu bezahlen. Der Detektiv nahm heimlich Verfolgung auf und verst\u00e4ndigte gleichzeitig die Polizei. Diese traf ihn in unmittelbarer N\u00e4he auf einen Parkbank an. Sein anschlie\u00dfender Fluchtversuch schlug fehl. Nach einer \u00dcberpr\u00fcfung seiner Personalien stellte sich heraus, dass gegen ihn ein Haftbefehl bestand. Der 28-J\u00e4hrige wurde festgenommen und in eine Justizvollzugsanstalt gebracht.<\/p>\n\n\n\n<h4 class=\"wp-block-heading\">(Ludwigshafen) &#8211; Polizei stellt Roller sicher \/ 19-J\u00e4hriger wieder mal zu Fu\u00df<\/h4>\n\n\n\n<p>Ein 19-J\u00e4hriger muss in Zukunft auf seinen Roller verzichten, nachdem er am Montag (08.03.2021) bei der Fahrt beobachtet wurde. Ein aufmerksamer Zeuge meldete sich am gegen 14 Uhr bei der Polizei, um sich \u00fcber einen Mann ohne Helm zu beschweren, der mit einem sehr lauten Roller die Saarlandstra\u00dfe entlang fuhr. Die Polizei stellte anschlie\u00dfend einen 19-J\u00e4hrigen, auf den die Personenbeschreibung passte, in der Knollstra\u00dfe fest. Der junge Mann ist nicht im Besitz einer Fahrerlaubnis und ist bereits in Vergangenheit, mit Fahrten ohne eine g\u00fcltige Fahrerlaubnis, der Polizei aufgefallen. Der Roller wurde sichergestellt. Der 19-J\u00e4hrige muss sich nun erneut wegen des F\u00fchrens eines Kraftfahrzeuges ohne Fahrerlaubnis verantworten.<\/p>\n\n\n\n<h4 class=\"wp-block-heading\">(Ludwigshafen) &#8211; Roller ohne Versicherungsschutz<\/h4>\n\n\n\n<p>Am Montagmittag gegen 13:00 Uhr kontrollierten Beamte der Polizei Ludwighafen einen 16-j\u00e4hrigen Rollerfahrer auf der Kreisstra\u00dfe K1. Der Roller war den Beamten aufgefallen, da an ihm noch ein schwarzes Versicherungskennzeichen aus dem Jahr 2020 angebracht war. Der Fahrer gab an, dass er vergessen habe den Versicherungsschutz zu erneuern.<\/p>\n\n\n\n<p>Zur Erinnerung: Seit dem 01.M\u00e4rz hat das neue Versicherungsjahr f\u00fcr Kleinkraftr\u00e4der, Mofas u.a. begonnen. Die derzeit g\u00fcltigen Versicherungskennzeichen f\u00fcr das Jahr 2021 sind blau.<\/p>\n\n\n\n<h4 class=\"wp-block-heading\">(Ludwigshafen) &#8211; Kind bei Verkehrsunfall leicht verletzt<\/h4>\n\n\n\n<p>Am Montagvormittag gegen 11:00 Uhr kam es an der Kreuzung Friedrichstra\u00dfe\/Schinkelstra\u00dfe\/Jahnstra\u00dfe zu einem Verkehrsunfall. Eine 54-j\u00e4hrige Autofahrerin soll trotz Stopp-Zeichens in die Kreuzung gefahren sein und mit dem Auto einer 51-j\u00e4hrigen Autofahrerin zusammengesto\u00dfen sein. In dem Auto der 51-J\u00e4hrigen befand sich ein 10-j\u00e4hriges Kind, welches durch den Unfall leicht verletzt wurde. Durch den Verkehrsunfall entstand zudem ein Sachschaden in H\u00f6he von ca. 8.000,- Euro.<\/p>\n\n\n\n<h4 class=\"wp-block-heading\">(Ludwigshafen) &#8211; Einbruch in Keller<\/h4>\n\n\n\n<p>Unbekannte brachen in der Nacht von Sonntag (07.03.2021) auf Montag (08.03.2021) in ein Kellerabteil eines Anwesens in der Georg-Herwegh-Stra\u00dfe ein. Aus dem Keller wurden ein Grill und zwei T\u00fcten Waschmittel entwendet. Der Schaden bel\u00e4uft sich auf 200 Euro. Sachdienliche Hinweise bitte an die Polizeiinspektion Ludwigshafen 1, Telefonnummer 0621 963-2122 oder per E-Mail\u00a0<a href=\"mailto:piludwigshafen1@polizei.rlp.de\">piludwigshafen1@polizei.rlp.de<\/a>\u00a0.<\/p>\n\n\n\n<h4 class=\"wp-block-heading\">(Mannheim-Neckarstadt) &#8211; Auffahrunfall mit vier beteiligten Fahrzeugen \/ Unfallverursacher fl\u00fcchtet &#8211; Polizei sucht Zeugen<\/h4>\n\n\n\n<p>Ein Auffahrunfall mit insgesamt vier beteiligten Fahrzeugen, bei dem der Verursacher fl\u00fcchtete, ereignete sich am Montagabend im Stadtteil Neckarstadt.<\/p>\n\n\n\n<p>Der Unbekannte war gegen 14.20 Uhr mit seinem Fahrzeug auf der linken Fahrspur der Waldhofstra\u00dfe in Richtung Luzenberg unterwegs. Kurz vor der Einm\u00fcndung zur Akazienstra\u00dfe bremste er ohne ersichtlichen Grund stark ab. Um einen Zusammensto\u00df zu verhindern, musste ein nachfolgender 27-j\u00e4hriger Mercedes-Fahrer ebenfalls stark bremsen. Ein dahinter befindlicher 45-j\u00e4hriger VW-Fahrer konnte sein Fahrzeug nicht mehr rechtzeitig zum Stillstand bringen und fuhr dem Mercedes auf. In der weiteren Folge fuhr eine 51-j\u00e4hrige Nissan-Fahrerin dem VW auf. Der unbekannte Verursacher fuhr nach den Zusammenst\u00f6\u00dfen einfach weiter.<\/p>\n\n\n\n<p>Alle drei Fahrzeuge mussten abgeschleppt werden. Es war Sachschaden in H\u00f6he von fast 20.000 Euro entstanden.<\/p>\n\n\n\n<p>Nach der Unfallaufnahme musste die Fahrbahn wegen ausgelaufener Betriebsstoffe gereinigt werden. W\u00e4hrend der Unfallaufnahme war die linke Fahrspur der Luzenbergstra\u00dfe stadtausw\u00e4rts gesperrt.<\/p>\n\n\n\n<p>Zeugen, die den Unfall beobachtet haben und sachdienliche Hinweise zum unfallverursachenden Fahrzeug und dessen Fahrers geben k\u00f6nnen, werden gebeten, sich bei der Verkehrspolizei Mannheim, Tel.: 0621\/174-4222 zu melden.<\/p>\n\n\n\n<h4 class=\"wp-block-heading\">(Mannheim-Neckarstadt) &#8211; Diebstahl aus Keller \/ Polizei sucht Zeugen<\/h4>\n\n\n\n<p>Im Zeitraum zwischen 07.03.2021, 12:30 Uhr und 08.03.2021, 10 Uhr, ereignete sich in einem Hochhaus in der Geibelstra\u00dfe ein besonders schwerer Fall des Diebstahls. Die bislang unbekannten T\u00e4ter gelangten durch eine vermutlich nicht verschlossene T\u00fcr in den Keller des Geb\u00e4udes. Hier hebelten sie ein Kellerabteil auf und entwendeten daraus einen Druckluftkompressor, vier Autoreifen samt Felgen und eine BMW-Frontsch\u00fcrze. Der Gesamtschaden bel\u00e4uft sich auf ca. 2.000EUR.<\/p>\n\n\n\n<p>Zeugen, die sachdienliche Hinweise geben k\u00f6nnen, werden gebeten sich unter Tel.: 0621-33010 beim Polizeirevier MA-Neckarstadt zu melden.<\/p>\n\n\n\n<h4 class=\"wp-block-heading\">(Mannheim-Neckarstadt) &#8211; Gemeinsame Aktion &#8222;Gegen Verunreinigungen im \u00f6ffentlichen Raum&#8220; der Stadt Mannheim und des Polizeipr\u00e4sidiums Mannheim im Rahmen der Konzeption #SichereNeckarstadt<\/h4>\n\n\n\n<p>In einer Kooperation zwischen dem Polizeipr\u00e4sidium Mannheim und dem Stadtraumservice Mannheim fand am Montag, 8. M\u00e4rz 2020, wiederholt eine gemeinsame Begehung bez\u00fcglich &#8222;Verunreinigungen im \u00f6ffentlichen Raum&#8220; in der Neckarstadt West statt. An diesem Aktionstag kamen insgesamt vier Polizeibeamte, davon zwei des Polizeireviers Neckarstadt und zwei Spezialisten der Wasserschutzpolizei, sowie ein Mitarbeiter der Abteilung Abfallwirtschaft der Stadt Mannheim zum Einsatz.<\/p>\n\n\n\n<p>Neben den offiziell angemeldeten 50 Sperrm\u00fcllauftr\u00e4gen von privaten Haushalten konnten im Sammelgebiet der Neckarstadt West zus\u00e4tzlich neun nicht angemeldete und somit illegale Sperrm\u00fcllablagerungen festgestellt werden. Diese neun illegalen Abfallablagerungen wurden durch das f\u00fcnfk\u00f6pfige Aktionsteam systematisch nach Indizien oder Hinweisen auf die Verursacher hin untersucht.<\/p>\n\n\n\n<p>Bereits in zwei F\u00e4llen konnten R\u00fcckschl\u00fcsse auf die jeweiligen Verursacher gezogen werden. In den anderen F\u00e4llen dauern die Ermittlungen an. Die Geldbu\u00dfen f\u00fcr illegale M\u00fcllablagerungen beginnen bei 250 EUR und sind abh\u00e4ngig von den festgestellten Mengen und der Art der Abf\u00e4lle.<\/p>\n\n\n\n<p>Beim Abgleich der angemeldeten Sperrm\u00fcllentsorgungen wurde festgestellt, dass sich an die Vorgaben der Abfallwirtschaft gehalten wird. Die zus\u00e4tzlich festgestellten M\u00fcllablagerungen werden zeitnah nur durch die Stadt Mannheim entsorgt.<\/p>\n\n\n\n<p>Die Kontrollen, die bereits mehrfach in der Kooperation stattfanden, werden auf k\u00fcnftig fortgesetzt.<\/p>\n\n\n\n<h4 class=\"wp-block-heading\">(Mannheim-Feudenheim) &#8211; Sachbesch\u00e4digung an Schule \/ Polizei sucht Zeugen<\/h4>\n\n\n\n<p>Vergangenen Samstag, den 06.03.2021, kam es an der Br\u00fcder-Grimm-Schule im Stadtteil Feudenheim zu einer Sachbesch\u00e4digung. Durch einen Zeugen wurde gegen 21:15 Uhr mitgeteilt, dass sich drei Jugendliche zun\u00e4chst auf dem Schulhof aufhielten. Einer der Jugendlichen schlug dann mit einem Ast gegen eine Scheibe des Geb\u00e4udes, bis diese zu Bruch ging. Hiernach fl\u00fcchteten die Jugendlichen in Richtung der Haltestelle &#8222;Feudenheim Kirche&#8220; und stiegen laut weiteren Zeugen vermutlich in eine Stra\u00dfenbahn der Linie 2. An der Scheibe entstand ein Schaden von mehreren hundert Euro. Die drei Jugendlichen waren m\u00e4nnlich und mit dunklen Kapuzenpullis bekleidet.<\/p>\n\n\n\n<p>Zeugen, die sachdienliche Hinweise geben k\u00f6nnen, werden gebeten, sich unter tel.: 0621 799840 beim Polizeiposten Feudenheim, oder unter Tel.: 0621 718490 beim Polizeirevier MA-K\u00e4fertal zu melden.<\/p>\n\n\n\n<h4 class=\"wp-block-heading\">(Mannheim-Neuostheim) &#8211; Verd\u00e4chtiger nach Einbruch in Garage festgenommen<\/h4>\n\n\n\n<p>Am fr\u00fchen Dienstagmorgen gegen 01:30 Uhr konnte nach einem Einbruch in eine Garage in der Lauffener Stra\u00dfe ein Tatverd\u00e4chtiger festgenommen werden, der versuchte, sich vor den Einsatzkr\u00e4ften zu verstecken. Ein Zeuge informierte die Polizei, nachdem er eine verd\u00e4chtige Person auf einem Firmengel\u00e4nde beobachtete. Auf dem Gel\u00e4nde stellten die alarmierten Polizisten eine ge\u00f6ffnete Garage fest, aus der mehrere Werkzeuge entwendet und zum Abtransport bereitgestellt wurden. Die Beamten konnten schnell einen 23-j\u00e4hrigen Tatverd\u00e4chtigen festnehmen, der sich auf einem Grundst\u00fcck in der N\u00e4he versteckte. Nach Abschluss der Ma\u00dfnahmen auf der Dienststelle konnte der Mann gehen. Die Ermittlungen, ob es weitere Tatverd\u00e4chtige und Zusammenh\u00e4nge zu anderen Taten gibt, dauern an.<\/p>\n\n\n\n<h4 class=\"wp-block-heading\">(Mannheim-Sch\u00f6nau) &#8211; Zwei M\u00e4nner wegen Drogenbesitzes und Verdacht des Drogenhandels festgenommen, rund 30 Gramm Kokain sichergestellt.<\/h4>\n\n\n\n<p>Am Montagabend wurden im Stadtteil Sch\u00f6nau zwei M\u00e4nner im Alter von 23 und 40 Jahren wegen Drogenbesitzes und des Verdachts des Drogenhandels festgenommen. Die beiden M\u00e4nner waren einer Polizeistreife gegen 18.30 Uhr im Insterburger Weg aufgefallen, da sie am Kellerabgang eines Anwesens sehr nahe zusammenstanden und sich etwas \u00fcbergaben. Anschlie\u00dfend verschwanden sie im Keller. Die zwei M\u00e4nner konnten wenig sp\u00e4ter in einem Kellerabteil des Anwesens angetroffen werden. Dabei bemerkten die Beamten deutlichen Marinhuanageruch. Bei der Durchsuchung des Raumes fanden die Polizisten kleinere Mengen verschiedener Rauschgifte sowie rund 30 Gramm Kokain. Die M\u00e4nner wurden daraufhin vorl\u00e4ufig festgenommen, das Rauschgift wurde sichergestellt. Gegen beide wird nun wegen Drogenbesitzes und des Verdachts des Handeltreibens mit Bet\u00e4ubungsmitteln in nicht geringer Menge ermittelt. Die weiteren Ermittlungen dauern an.<\/p>\n\n\n\n<h4 class=\"wp-block-heading\">(Mannheim-Neckarau) &#8211; Verkehrsunfallflucht mit hohem Sachschaden \/ Polizei sucht Zeugen<\/h4>\n\n\n\n<p>Am 08.03.2021 kam es, im Zeitraum zwischen 00:30 Uhr und 08:20 Uhr, vor dem Anwesen Wei\u00dfenburgerstra\u00dfe 16 in Mannheim-Neckarau zu einer Verkehrsunfallflucht.<\/p>\n\n\n\n<p>Ein Daimler-Benz, der vor besagtem Anwesen, kurz vor der dortigen Anwohnerparkfl\u00e4che stand, wurde im Heckbereich stark besch\u00e4digt. Teile der Sto\u00dfstange waren abgerissen. Aufgrund der Schwere des Schadens, geht die Polizei davon aus, dass es sich beim Verursacher um ein gr\u00f6\u00dferes Fahrzeug handelt. Es entstand Sachschaden in H\u00f6he von ca. 7000EUR.<\/p>\n\n\n\n<p>Zeugen, die sachdienliche Hinweise geben k\u00f6nnen, werden gebeten sich unter tel.: 0621 174-4222 beim Unfallermittlungsdienst zu melden.<\/p>\n\n\n\n<h4 class=\"wp-block-heading\">(Mannheim-Vogelstang) &#8211; Nach Drogenfund bei Personenkontrolle Polizist angegriffen<\/h4>\n\n\n\n<p>Am Montag gegen 15:45 Uhr fanden Polizisten w\u00e4hrend einer Personenkontrolle im Wismaer Weg bei einem 16-J\u00e4hrigen Marihuana auf, wonach der junge Mann eine der Beamten angriff, versuchte zu fl\u00fcchten und sich gegen die Festnahme widersetzte. Der Jugendliche war den Polizisten aufgefallen, nachdem er bei deren Erblicken etwas in seiner Unterhose versteckte. Bei der Kontrolle des Mannes fanden die Beamten ein kleines P\u00e4ckchen gef\u00fcllt mit einer geringen Menge Marihuana auf. Unvermittelt schlug der Mann einem der Polizisten mit der Faust in den Bauch und versuchte zu fl\u00fcchten. Die Beamten konnten den Mann jedoch an der Flucht hindern und festhalten. Gegen die anschlie\u00dfende Festnahme widersetzte er sich massiv. Einer der Polizisten verletzte sich hierbei leicht. Nach Abschluss der Ma\u00dfnahmen auf der Dienststelle durfte der junge Mann gehen.<\/p>\n\n\n\n<h4 class=\"wp-block-heading\">(Heidelberg-Weststadt) &#8211; Unbekannter f\u00e4hrt Polizeibeamten an \/ Tatverd\u00e4chtiger ermittelt und festgenommen<\/h4>\n\n\n\n<figure class=\"wp-block-image\"><img decoding=\"async\" src=\"https:\/\/speyer24news.com\/wp-content\/uploads\/2019\/12\/Zelle.jpg\" alt=\"\" class=\"wp-image-23580\"\/><\/figure>\n\n\n\n<p>Wie bereits berichtet, wollten Polizeibeamte am 25.12.2020, kurz vor 15 Uhr auf dem Parkplatz eines Schnellrestaurants in der Speyerer Stra\u00dfe einen BMW kontrollieren. Nachdem die Polizeibeamten ans Fahrzeug herangetreten waren, setzte der Fahrer zun\u00e4chst zur\u00fcck und fuhr dann auf einen der Polizeibeamten zu. Dieser wurde auf die Motorhaube aufgeladen und st\u00fcrzte danach zu Boden. Er und sein Kollege wurden beide leicht verletzt. Der Fahrer fl\u00fcchtete im Anschluss.<\/p>\n\n\n\n<p>Das Tatfahrzeug wurde zwischenzeitlich in Wiesloch aufgefunden und sichergestellt. Durch intensive Ermittlungen der Verkehrspolizei Heidelberg wurde ein 20-j\u00e4hriger Mann aus Wiesloch als Fahrer des BMW ermittelt. Bei der Durchsuchung seiner Wohnung am Dienstagmorgen konnten unter anderem die an dem BMW angebrachten Kennzeichen sowie die Fahrzeugschl\u00fcssel aufgefunden und sichergestellt werden.<\/p>\n\n\n\n<p>Der Tatverd\u00e4chtige konnte ebenfalls in der Wohnung angetroffen und vorl\u00e4ufig festgenommen werden. Nach Vernehmung und erkennungsdienstlicher Behandlung wurde er wieder auf freien Fu\u00df entlassen. Es sieht nun einer Anzeige gef\u00e4hrlichen Eingriffs in den Stra\u00dfenverkehr, gef\u00e4hrlicher K\u00f6rperverletzung sowie des Verdachts weiterer Delikte entgegen. Sein F\u00fchrerschein wurde einbehalten.<\/p>\n\n\n\n<h4 class=\"wp-block-heading\">(Heidelberg-Kirchheim) &#8211; Zweifacher Diebstahl aus Pkw \/ Polizei sucht Zeugen und gibt Tipps<\/h4>\n\n\n\n<p>Im Heidelberger Stadtteil Kirchheim kam es im Zeitraum zwischen 06.03.2021, 17:30 Uhr und 08.03.2021, 12 Uhr zu zwei Diebst\u00e4hlen aus Pkw. Im ersten Fall wurden in der Schwarzwaldstra\u00dfe, Ecke Zwerggewann aus einem VW Golf Bargeld, ein Akkustaubsauger, CDs und Fahrzeugpapiere entwendet. Im zweiten Fall wurden in der Stephanie-Pellissier-Stra\u00dfe aus einem Volvo ein Fahrradsattel und eine Stoffjacke entwendet.<\/p>\n\n\n\n<p>In beiden F\u00e4llen waren an den Fahrzeugen keinerlei Aufbruchspuren festzustellen, weshalb die M\u00f6glichkeit besteht, dass diese nicht richtig verschlossen waren. Im zweiten Fall wurde durch einen Zeugen am 06.03.2021, zwischen 22 und 0 Uhr, eine Person gesehen, die vergeblich versuchte an einem weiteren Fahrzeug den T\u00fcrgriff zu \u00f6ffnen. <\/p>\n\n\n\n<p>Diese Person konnte wie folgt beschrieben werden: <\/p>\n\n\n\n<ul><li>ca. 25 Jahre alt<\/li><li>ca. 180cm gro\u00df<\/li><li>schmale Statur<\/li><li>bekleidet mit heller Jacke und heller Baseballkappe<\/li><\/ul>\n\n\n\n<p><strong><em>Hinweise ihrer Polizei wie sie sich gegen solche F\u00e4lle sch\u00fctzen k\u00f6nnen:<\/em><\/strong><\/p>\n\n\n\n<ul><li>Nutzen sie wenn m\u00f6glich abschlie\u00dfbare Garagen oder stellen sie ihr Fahrzeug zumindest an gut beleuchteten und belebten Stra\u00dfen ab<\/li><li>Lassen sie keine Wertgegenst\u00e4nde, Taschen o.\u00e4. offen sichtbar in ihrem Fahrzeug zur\u00fcck<\/li><li>Schlie\u00dfen sie Fenster, T\u00fcren, Kofferraum, Schiebedach, auch wenn sie sich nur kurz vom Fahrzeug entfernen<\/li><li>Ziehen sie den Z\u00fcndschl\u00fcssel immer ab und versichern sie sich, gerade bei elektronischer Zentralverriegelung, dass ihr Fahrzeug auch wirklich verschlossen ist<\/li><\/ul>\n\n\n\n<h4 class=\"wp-block-heading\">(Gem. Kronau \/ St. Leon-Rot \/ A 5 Rhein-Neckar-Kreis) &#8211; Schwerer Verkehrsunfall auf A 5; drei Lkw beteiligt; ein Fahrer eingeklemmt; Rettungshubschrauber im Anflug<\/h4>\n\n\n\n<h4 class=\"wp-block-heading\" style=\"text-align:center\">Pressemitteilung Nr. 1<\/h4>\n\n\n\n<p>Bei einem schweren Verkehrsunfall auf der A 5, zwischen der Anschlussstelle Kronau und dem Walldorfer Kreuz, wurde zumindest eine Person schwer verletzt.<\/p>\n\n\n\n<p>Nach den derzeitigen Erkenntnissen kam es am Montag, kurz vor 14 Uhr, zu einem Auffahrunfall dreier Lkws, bei dem einer der Fahrer eingeklemmt wurde.<\/p>\n\n\n\n<p>Ein Rettungshubschrauber ist im Anflug.<\/p>\n\n\n\n<p>Der rechte und mittlere Fahrstreifen sind gesperrt. Der Verkehr wird derzeit \u00fcber den verbliebenen linken Fahrtstreifen an der Unfallstelle vorbeigeleitet.<\/p>\n\n\n\n<p>Es kommt bereits jetzt zu erheblichen Verkehrsbehinderungen in Fahrtrichtung Frankfurt.<\/p>\n\n\n\n<h4 class=\"wp-block-heading\">(Gem. Kronau \/ St. Leon-Rot \/ A 5 Rhein-Neckar-Kreis) &#8211; Schwerer Verkehrsunfall auf A 5; drei Lkw beteiligt; ein Lkw-Fahrer schwer verletzt; Vollsperrung in Richtung Frankfurt<\/h4>\n\n\n\n<h4 class=\"wp-block-heading\" style=\"text-align:center\">Pressemitteilung Nr. 2<\/h4>\n\n\n\n<p>Wegen eines schweren Verkehrsunfalls zwischen der Anschlussstelle Kronau und dem Autobahnkreuz Walldorf ist die A 5 derzeit in Fahrtrichtung Frankfurt voll gesperrt. Nach den derzeitigen Informationen wird die Vollsperrung noch l\u00e4ngere Zeit andauern.<\/p>\n\n\n\n<p>Der Verkehr wird an der Anschlussstelle Kronau ausgeleitet. Der R\u00fcckstau betr\u00e4gt derzeit acht Kilometer. Wer sich auskennt, soll den Bereich weitr\u00e4umig umfahren.<\/p>\n\n\n\n<p>Bei dem Auffahrunfall dreier Lkws kurz vor 14 Uhr wurde ein Lkw-Fahrer schwer verletzt. Er wurde mit einem Rettungshubschrauber in eine Klinik geflogen.<\/p>\n\n\n\n<h4 class=\"wp-block-heading\">(Gem. Kronau \/ St. Leon-Rot \/ A 5 Rhein-Neckar-Kreis) &#8211; Schwerer Verkehrsunfall auf A 5; drei Lkw beteiligt; zwei Lkw-Fahrer verletzt, einer davon schwer; weiter Vollsperrung in Richtung Frankfurt<\/h4>\n\n\n\n<h4 class=\"wp-block-heading\" style=\"text-align:center\">Pressemitteilung Nr. 3<\/h4>\n\n\n\n<p>Bei dem schweren Verkehrsunfall auf der A 5, zwischen der Anschlussstelle Kronau und dem Walldorfer Kreuz, wurden am Dienstagnachmittag, kurz vor 14 Uhr, zwei Lkw-Fahrer verletzt, einer davon schwer.<\/p>\n\n\n\n<p>Der Schwerverletzte wurde mit einem Rettungshubschrauber in eine Klinik geflogen. Der Leichtverletzte wurde mit einem Rettungswagen zur Untersuchung in eine Klinik transportiert.<\/p>\n\n\n\n<p>Nach dem derzeitigen Ermittlungsstand der Autobahnpolizei Walldorf fuhr der Fahrer eines Sattelzuges, der Bierkisten geladen hatte, auf einen 7,5-Tonner, beladen mit Abfalleimern, auf schob diesen auf die mittlere Fahrspur. Anschlie\u00dfend prallte er noch gegen einen vollbeladenen Autotransporter.<\/p>\n\n\n\n<p>Der &#8222;Biertransporter&#8220;-Fahrer wurde schwer, der Fahrer des 7,5-Tonners leicht verletzt. Der Fahrer des Autotransporters blieb zum Gl\u00fcck unverletzt.<\/p>\n\n\n\n<p>Die Unfallaufnahme ist noch in vollem Gange. Die Vollsperrung in Richtung Frankfurt bleibt noch bis auf unbestimmte Zeit bestehen. (Stand: 09.03.21 16:33 Uhr)<\/p>\n\n\n\n<p>Der Sachschaden wird auf mindestens 200.000.- Euro gesch\u00e4tzt.<\/p>\n\n\n\n<h4 class=\"wp-block-heading\">(Rauenberg-Malschenberg \/ Rhein-Neckar-Kreis) &#8211; Radfahrer f\u00e4hrt nach Unfall mit Auto einfach davon<\/h4>\n\n\n\n<p>Am Montag gegen 13.00 Uhr kollidierte in der Friedhofstra\u00dfe am Ortsausgang von Malschenberg ein Radfahrer mit einem Auto, wonach der Radfahrer davonfuhr. Der unbekannte Radler wollte von einem Feldweg auf die Friedhofstra\u00dfe fahren und missachtete hierbei die Vorfahrt des 56-j\u00e4hrigen Peugeot-Fahrers. In dessen Folge kam es zum Unfall. Der Radfahrer st\u00fcrzte, entfernte sich jedoch direkt nach der Kollision von der Unfallstelle. Durch den Zusammensto\u00df entstand an dem Auto ein Schaden von mehreren Tausend Euro. Der Radfahrer wurde augenscheinlich nicht verletzt. Zeugen, die den Unfall beobachtet haben oder Hinweise auf den Radfahrer geben k\u00f6nnen, werden gebeten, sich unter der Telefonnummer 06222\/5709-0 beim Polizeirevier Wiesloch zu melden.<\/p>\n\n\n\n<h4 class=\"wp-block-heading\">(Neckargem\u00fcnd \/ Rhein-Neckar-Kreis) &#8211; Mit Drogen an Bord kontrolliert \/ Fahrer und Insasse gelangen zur Anzeige<\/h4>\n\n\n\n<p>Am Montagnachmittag kontrollierte eine Streife des Polizeireviers Neckargem\u00fcnd in der Bammentaler Stra\u00dfe einen mit drei Personen besetzten Seat. Alle Insassen stammten aus unterschiedlichen Haushalten. Der Fahrer war sehr nerv\u00f6s und hatte stark geweitete Pupille. Bei einer freiwilligen Durchsicht seines Wagens fanden die Beamten im Fu\u00dfraum ein D\u00f6schen mit Marihuana sowie einen Joint.<\/p>\n\n\n\n<p>Ein Urintest best\u00e4tigte beim 37-j\u00e4hrigen Fahrer den Verdacht einer Drogenbeeinflussung, weshalb ihm auf der Dienststelle durch einen Arzt eine Blutprobe entnommen wurde. Seine Fahrzeugschl\u00fcssel wurden sichergestellt. Der Mann gelangt nun wegen Fahrens unter Drogeneinfluss zur Anzeige.<\/p>\n\n\n\n<p>Ein 35-j\u00e4hriger Mitfahrer gelangt zudem wegen Drogenbesitzes sowie alle 3 Insassen wegen Versto\u00dfes gegen die Corona-Verordnung zur Anzeige.<\/p>\n\n\n\n<h4 class=\"wp-block-heading\">(Neckargem\u00fcnd \/ Rhein-Neckar-Kreis) &#8211; 89-J\u00e4hriger mit E-Bike gest\u00fcrzt und am Kopf verletzt<\/h4>\n\n\n\n<p>Am Montag gegen 11:15 Uhr st\u00fcrzte in der Bahnhofstra\u00dfe ein 89-J\u00e4hriger mit seinem E-Bike und verletzte sich am Kopf. Der Radler touchierte mit seinem Vorderreifen einen Bordstein und kam zu Fall. Er schlug mit dem Kopf auf dem Boden auf und zog sich eine stark blutende Verletzung zu. Einen Helm trug der Mann nicht. Eine Ersthelferin sowie zwei zuf\u00e4llig vorbeifahrende Kriminalbeamte leisteten bis zum Eintreffen des Rettungsdienstes Erste-Hilfe. Der Verletzte wurde durch einen Rettungswagen zur weiteren Behandlung in ein nahegelegenes Krankenhaus gebracht.<\/p>\n\n\n\n<h4 class=\"wp-block-heading\">(Schriesheim \/ Rhein-Neckar-Kreis) &#8211; Zwei Autos besch\u00e4digt und gefl\u00fcchtet<\/h4>\n\n\n\n<p>Im Zeitraum von Sonntag gegen 18:00 Uhr bis Montag gegen 07:00 Uhr verunfallte in der Robert-Bosch-Stra\u00dfe ein bislang unbekannter T\u00e4ter mit zwei am Fahrbahnrand geparkten Autos und entfernte sich unerlaubt von der Unfallstelle. An den beiden besch\u00e4digten Autos, einem Ford und einem Jeep, entstand ein Sachschaden von mehreren Tausend Euro. Zeugen, die den Unfall beobachtet haben, werden gebeten, sich unter der Telefonnummer 06201\/1003-0 beim Polizeirevier Weinheim zu melden.<\/p>\n\n\n\n<h4 class=\"wp-block-heading\">(Schriesheim \/ Rhein-Neckar-Kreis) &#8211; Brand eines Reihenendhauses; Ursache nicht eindeutig feststellbar<\/h4>\n\n\n\n<h4 class=\"wp-block-heading\" style=\"text-align:center\">Pressemitteilung Nr. 3<\/h4>\n\n\n\n<p>Auch rund vier Wochen nach einem Brand eines Reihenendhauses im Melissenweg steht die Ursache noch nicht eindeutig fest.<\/p>\n\n\n\n<p>Gemeinsam mit einem Sachverst\u00e4ndigen forschten die Brandexperten des Kriminalkommissariats Mannheim nach dem Grund, der am Freitagnachmittag, des 12. Februars zum Brand im Dachgeschoss des Hauses f\u00fchrte.<\/p>\n\n\n\n<p>Nach den derzeitigen Erkenntnissen besteht die Wahrscheinlichkeit, dass ein technischer Defekt in der Elektrik des Dachgeschosses das Feuer ausl\u00f6ste.<\/p>\n\n\n\n<p>Das Haus ist nach wie vor unbewohnbar und bedarf einer umfangreichenden Sanierung. Der Sachschaden wird auf rund 250.000.- Euro gesch\u00e4tzt.<\/p>\n","protected":false},"excerpt":{"rendered":"<div class=\"mh-excerpt\"><p>Polizeimeldungen vom Dienstag (09.03.2021) (Speyer \/ A 61) \u2013 Nach Lkw-Unfall Richtungsfahrbahnen gesperrt \/ Mehrere Verletzte Pressemitteilung Nr. 1 Am Montagabend, gegen 23.28 Uhr, ereignete auf der BAB 61 in H\u00f6he Binshof ein Verkehrsunfall, bei <a class=\"mh-excerpt-more\" href=\"https:\/\/speyer24news.com\/?p=33961\" title=\"Polizei\">[&#8230;]<\/a><\/p>\n<\/div>","protected":false},"author":3,"featured_media":0,"comment_status":"open","ping_status":"open","sticky":false,"template":"","format":"standard","meta":{"_monsterinsights_skip_tracking":false,"_monsterinsights_sitenote_active":false,"_monsterinsights_sitenote_note":"","_monsterinsights_sitenote_category":0,"footnotes":""},"categories":[12],"tags":[3614,702,61,2555,6955,6986,6263,63,105,6987,53,4854,4683,1548,102,213,55,5261,103,106,2803,2423,427,7118,2625,380,104,979,1565,5512],"aioseo_notices":[],"amp_enabled":true,"_links":{"self":[{"href":"https:\/\/speyer24news.com\/index.php?rest_route=\/wp\/v2\/posts\/33961"}],"collection":[{"href":"https:\/\/speyer24news.com\/index.php?rest_route=\/wp\/v2\/posts"}],"about":[{"href":"https:\/\/speyer24news.com\/index.php?rest_route=\/wp\/v2\/types\/post"}],"author":[{"embeddable":true,"href":"https:\/\/speyer24news.com\/index.php?rest_route=\/wp\/v2\/users\/3"}],"replies":[{"embeddable":true,"href":"https:\/\/speyer24news.com\/index.php?rest_route=%2Fwp%2Fv2%2Fcomments&post=33961"}],"version-history":[{"count":1,"href":"https:\/\/speyer24news.com\/index.php?rest_route=\/wp\/v2\/posts\/33961\/revisions"}],"predecessor-version":[{"id":33963,"href":"https:\/\/speyer24news.com\/index.php?rest_route=\/wp\/v2\/posts\/33961\/revisions\/33963"}],"wp:attachment":[{"href":"https:\/\/speyer24news.com\/index.php?rest_route=%2Fwp%2Fv2%2Fmedia&parent=33961"}],"wp:term":[{"taxonomy":"category","embeddable":true,"href":"https:\/\/speyer24news.com\/index.php?rest_route=%2Fwp%2Fv2%2Fcategories&post=33961"},{"taxonomy":"post_tag","embeddable":true,"href":"https:\/\/speyer24news.com\/index.php?rest_route=%2Fwp%2Fv2%2Ftags&post=33961"}],"curies":[{"name":"wp","href":"https:\/\/api.w.org\/{rel}","templated":true}]}}