{"id":34001,"date":"2021-03-11T07:03:28","date_gmt":"2021-03-11T06:03:28","guid":{"rendered":"https:\/\/speyer24news.com\/?p=34001"},"modified":"2021-03-11T07:03:30","modified_gmt":"2021-03-11T06:03:30","slug":"polizei-522","status":"publish","type":"post","link":"https:\/\/speyer24news.com\/?p=34001","title":{"rendered":"Polizei"},"content":{"rendered":"<style type=\"text\/css\">\r\n\t.ads_top_disp{}\r\n\t.ads_top_corner_disp{ float:left; margin:0px 10px 10px 0px; }\r\n\t.ads_first_p_disp{}\r\n\t.ads_bottom_disp{}\r\n\t<\/style>\n<h2 class=\"wp-block-heading\">Polizeimeldungen vom Mittwoch (10.03.2021)<\/h2>\n\n\n\n<div class=\"wp-block-image\"><figure class=\"aligncenter\"><img decoding=\"async\" src=\"https:\/\/speyer24news.com\/wp-content\/uploads\/2020\/01\/Aktuelles-Polizeilogo.jpg\" alt=\"\" class=\"wp-image-23832\"\/><\/figure><\/div>\n\n\n\n<h4 class=\"wp-block-heading\">(Speyer) &#8211; Einbruch in Gartenlaube<\/h4>\n\n\n\n<p>Wie am Dienstagabend festgestellt wurde, brachen Unbekannte in eine Gartenlaube in einer Kleingartenanlage am Closweg ein. Die T\u00e4ter verschafften sich gewaltsam Zutritt zur Laube und entwendeten Alkoholika. Der Tatzeitraum erstreckt sich \u00fcber die letzten zwei Wochen. Bislang gibt es keine Hinweise zum T\u00e4ter.<\/p>\n\n\n\n<p>Zeugen, die in diesem Zusammenhang verd\u00e4chtige Wahrnehmungen gemacht haben, werden gebeten, sich bei der Polizei Speyer unter der der Tel. 06232-1370 oder per E-Mail an\u00a0<a href=\"mailto:pispeyer@polizei.rlp.de\">pispeyer@polizei.rlp.de<\/a>\u00a0zu melden.<\/p>\n\n\n\n<h4 class=\"wp-block-heading\">(Speyer) &#8211; Werkzeug aus Pritschenwagen gestohlen<\/h4>\n\n\n\n<p>Unbekannte T\u00e4ter hebelten im Zeitraum von Montag (08.03.2021) bis Dienstag (09.03.2021) einen Pritschenwagen auf, welcher in der Eichendorffstra\u00dfe geparkt war. Aus dem Innenraum wurde Werkzeug entwendet. Der Wert der Gegenst\u00e4nde wird derzeit noch ermittelt.<\/p>\n\n\n\n<p>Wer hat im Tatzeitraum oder bereits am Wochenende auff\u00e4llige Personen oder Fahrzeuge im Bereich der Eichendorffstra\u00dfe wahrgenommen?<\/p>\n\n\n\n<p>Hinweise nimmt die Polizei Speyer unter der Tel. 06232-1370 oder per E-Mail an\u00a0<a href=\"mailto:pispeyer@polizei.rlp.de\">pispeyer@polizei.rlp.de<\/a>\u00a0entgegen.<\/p>\n\n\n\n<h4 class=\"wp-block-heading\">(B\u00f6hl-Iggelheim \/ Neuhofen \/ Schifferstadt) &#8211; Geschwindigkeitskontrollen<\/h4>\n\n\n\n<figure class=\"wp-block-image\"><img decoding=\"async\" src=\"https:\/\/speyer24news.com\/wp-content\/uploads\/2020\/12\/Blitzer3-1.jpg\" alt=\"\" class=\"wp-image-31936\"\/><\/figure>\n\n\n\n<p>Am Dienstag, 09.03.2021, stand die \u00dcberwachung der erlaubten H\u00f6chstgeschwindigkeit im Fokus der Polizei. Von 09:45 bis 14:45 Uhr wurden in der Ha\u00dflocher Stra\u00dfe in B\u00f6hl-Iggelheim 41 Verst\u00f6\u00dfe, im Zeitraum von 13:20 bis 14:45 Uhr in der Woogstra\u00dfe in Neuhofen 17 Verst\u00f6\u00dfe und von 22:30 bis 23:30 Uhr in der Burgstra\u00dfe in Schifferstadt insgesamt 2 entsprechende Verst\u00f6\u00dfe geahndet. Im Rahmen der Kontrollen wurden auch 8 Verst\u00f6\u00dfe gegen die Gurtpflicht geahndet. Dar\u00fcber hinaus kam es zu einer Verwarnung, weil ein entgegenkommender Verkehrsteilnehmer mittels &#8222;Lichthupe&#8220; auf eine Geschwindigkeitskontrolle hinwies und andere Verkehrsteilnehmer hiervor warnte.<\/p>\n\n\n\n<h4 class=\"wp-block-heading\">(Dannstadt-Schauernheim) &#8211; Betrunkener LKW-Fahrer verursacht 23.000 Euro Schaden<\/h4>\n\n\n\n<p>Insgesamt 3 nicht mehr fahrbereite Fahrzeuge und ein Sachschaden in H\u00f6he von circa 23.000 Euro ist die Bilanz eines Verkehrsunfalls in der Albert-Schweitzer-Stra\u00dfe in den fr\u00fchen Morgenstunden des 10.03.2021. Ein LKW-Fahrer fuhr auf einen geparkten PKW auf, der in der Folge auf einen weiteren geparkten PKW aufgeschoben wurde. Ein Atemalkoholtest bei dem LKW-Fahrer ergab einen Wert von 2,2 Promille. Ihm wurde eine Blutprobe entnommen sowie der F\u00fchrerschein beschlagnahmt. Immerhin gab es keine Verletzten.<\/p>\n\n\n\n<h4 class=\"wp-block-heading\">(Bellheim) &#8211; Riskantes \u00dcberholman\u00f6ver scheitert<\/h4>\n\n\n\n<p>Am Montag befuhr eine 77-j\u00e4hrige Autofahrerin die Landstra\u00dfe zwischen Bellheim und R\u00fclzheim. Sie versuchte eine Kolonne von insgesamt vier Fahrzeugen zu \u00fcberholen. Bei diesem riskanten \u00dcberholman\u00f6ver \u00fcbersah sie jedoch, dass das erste Fahrzeug nach links in einen Feldweg abbiegen wollte. Die beiden Fahrzeuge streiften sich, woraufhin die Autofahrerin die Kontrolle \u00fcber ihren PKW verlor, von der Fahrbahn abkam und sich \u00fcberschlug. Die Feuerwehr musste die in ihrem Fahrzeug eingeklemmte Frau befreien. Sie kam mit leichten Verletzungen in ein Krankenhaus. Der Schaden an ihrem Fahrzeug bel\u00e4uft sich auf ca. 7500 Euro.<\/p>\n\n\n\n<h4 class=\"wp-block-heading\">(R\u00fclzheim) &#8211; PKW landet mitten im Kreisverkehr<\/h4>\n\n\n\n<p>Am Dienstagabend h\u00f6rte eine Zeugin, die gerade auf ihrem Balkon war, pl\u00f6tzlich einen lauten Knall. Sie erkannte einen Kleinwagen, der mitten auf dem Kreisverkehr in der Kuhardter Stra\u00dfe in R\u00fclzheim stand. Als die Polizei vor Ort eintraf, fehlte von dem Fahrzeug jede Spur. Bei weiteren Ermittlungen konnte das Unfallfahrzeug und der verantwortliche 51-j\u00e4hrige Fahrer vor einem nahegelegenen Lieferdienst gesichtet werden. An dem Auto wurden passende Sch\u00e4den festgestellt. Der Fahrer hatte sehr viel Gl\u00fcck und wurde bei dem Unfall nicht verletzt. Im Gegensatz zu dem vollst\u00e4ndig besch\u00e4digten Fahrzeug, blieb der Kreisverkehr unbesch\u00e4digt.<\/p>\n\n\n\n<h4 class=\"wp-block-heading\">(W\u00f6rth) &#8211; LKW \u00fcbersehen \/ Ein Leichtverletzter<\/h4>\n\n\n\n<figure class=\"wp-block-image\"><img decoding=\"async\" loading=\"lazy\" width=\"800\" height=\"600\" src=\"https:\/\/speyer24news.com\/wp-content\/uploads\/2021\/03\/VU_Langenberg.jpg\" alt=\"\" class=\"wp-image-34002\" srcset=\"https:\/\/speyer24news.com\/wp-content\/uploads\/2021\/03\/VU_Langenberg.jpg 800w, https:\/\/speyer24news.com\/wp-content\/uploads\/2021\/03\/VU_Langenberg-300x225.jpg 300w, https:\/\/speyer24news.com\/wp-content\/uploads\/2021\/03\/VU_Langenberg-768x576.jpg 768w, https:\/\/speyer24news.com\/wp-content\/uploads\/2021\/03\/VU_Langenberg-678x509.jpg 678w, https:\/\/speyer24news.com\/wp-content\/uploads\/2021\/03\/VU_Langenberg-326x245.jpg 326w, https:\/\/speyer24news.com\/wp-content\/uploads\/2021\/03\/VU_Langenberg-80x60.jpg 80w\" sizes=\"(max-width: 800px) 100vw, 800px\" \/><\/figure>\n\n\n\n<p>Am 09.03.2021 befuhr um 17:50 Uhr ein Verkehrsteilnehmer mit seinem PKW die K 19 von Hagenbach kommend in Richtung Langenberg. An der Kreuzung zur B9 missachtet der Fahrer die Vorfahrt eines von links kommenden Sattelzugs. Durch den seitlichen Zusammensto\u00df wird der 51-j\u00e4hrige PKW Fahrer leicht verletzt. Der PKW war nicht mehr fahrbereit und musste abgeschleppt werden. Es entstand ein Sachschaden von ca. 25.000EUR<\/p>\n\n\n\n<h4 class=\"wp-block-heading\">(Kandel) &#8211; Zu sp\u00e4t noch drau\u00dfen und dann auch ohne F\u00fchrerschein<\/h4>\n\n\n\n<p>Am 10.03.2021 stellten die Beamten einen PKW neben einer Zufahrtsstra\u00dfe zur L 549 fest. Beim Erkennen des Streifenwagens versuchte der Fahrer r\u00fcckw\u00e4rts zu fl\u00fcchten und bliebt auf einem Pfosten eines Verkehrszeichens stecken. Der 16-j\u00e4hrige, polizeibekannte, Fahrer, war nicht im Besitz einer Fahrerlaubnis. Es entstand ein Sachschaden von ca. 1000EUR. Neben den Strafanzeigen, die den Fahrer jetzt erwarten, wiegt der Versto\u00df gegen die Ausgangssperre eher gering.<\/p>\n\n\n\n<h4 class=\"wp-block-heading\">(Schaidt) &#8211; Bei Festnahme Widerstand geleistet<\/h4>\n\n\n\n<figure class=\"wp-block-image\"><img decoding=\"async\" src=\"https:\/\/speyer24news.com\/wp-content\/uploads\/2020\/11\/Taser-PI-LU.jpg\" alt=\"\" class=\"wp-image-31409\"\/><\/figure>\n\n\n\n<p>Am 09.03.2021 kam es um 16:45 Uhr im Rahmen eines polizeilichen Einsatzes zu einem Widerstand durch den Beschuldigten. Die Polizeibeamten waren urspr\u00fcnglich zu einem Einsatz gerufen worden, bei dem ein 20-j\u00e4hriger seine Schwester und seine Mutter mit einem Messer bedroht hatte. Beim Eintreffen der Beamten sa\u00df der Beschuldigte in seinem Bett und versteckte die H\u00e4nde hinter dem K\u00f6rper. Trotz mehrmaliger Aufforderung die Messer zu zeigen, zeigte der Beschuldigte keine Reaktion und sprang pl\u00f6tzlich auf und ging auf die Beamten zu. Aufgrund der Gefahrenlage wurde von den Beamten das Distanzelektroimpulsger\u00e4t eingesetzt. Bei der Festnahme leistete der Beschuldigte erheblichen Widerstand und trat mehrfach nach den Beamten. Verletzt wurde hierdurch niemand. Der 20-J\u00e4hrige wurde im Anschluss an die polizeilichen Ma\u00dfnahmen in das Pfalzklinikum verbracht.<\/p>\n\n\n\n<h4 class=\"wp-block-heading\">(Niederhorbach \/ Bad Bergzabern) &#8211; Verbotene Fahrtrichtungsanzeiger und abgeklebtes Kennzeichenschild<\/h4>\n\n\n\n<p>Ein Pkw BMW X5 wurde am 09.03.21, gegen 18:20 Uhr, in der Landauer Stra\u00dfe in Niederhorbach kontrolliert. An dem Fahrzeug der 24-j\u00e4hrigen Fahrerin fielen die verbotswidrig dauerhaft eingeschalteten Fahrtrichtungsanzeiger im sogenannten &#8222;US-Style&#8220; auf. Im Verlauf der Kontrolle wurde auch eine Ver\u00e4nderung an der Spurbreite der Hinterachse festgestellt. Gegen 17:40 Uhr wurde bereits ein Pkw Audi in Bad Bergzabern mit einem abgeklebten EU-Feld am Kennzeichenschild festgestellt. Die Fahrerin entfernte noch vor Ort die schwarzen Aufkleber. Gegen beide Fahrerinnen wurde ein Bu\u00dfgeldverfahren eingeleitet.<\/p>\n\n\n\n<h4 class=\"wp-block-heading\">(Bad Bergzabern) &#8211; Sachbesch\u00e4digungen \/ Zeugen gesucht<\/h4>\n\n\n\n<div class=\"wp-block-image\"><figure class=\"aligncenter\"><img decoding=\"async\" loading=\"lazy\" width=\"800\" height=\"457\" src=\"https:\/\/speyer24news.com\/wp-content\/uploads\/2021\/03\/Besch\u00e4digteLeuchte.jpg\" alt=\"\" class=\"wp-image-34003\" srcset=\"https:\/\/speyer24news.com\/wp-content\/uploads\/2021\/03\/Besch\u00e4digteLeuchte.jpg 800w, https:\/\/speyer24news.com\/wp-content\/uploads\/2021\/03\/Besch\u00e4digteLeuchte-300x171.jpg 300w, https:\/\/speyer24news.com\/wp-content\/uploads\/2021\/03\/Besch\u00e4digteLeuchte-768x439.jpg 768w\" sizes=\"(max-width: 800px) 100vw, 800px\" \/><figcaption>Sachbesch\u00e4digung Kurpark<\/figcaption><\/figure><\/div>\n\n\n\n<p>In der Nacht auf Mittwoch, 10.03.2021, gegen 01:15 Uhr wurden im Kurpark eine Parkleuchte besch\u00e4digt, ein M\u00fclleimer um getreten und an einem in der Kurtalstra\u00dfe geparkten Ford Transit der Au\u00dfenspiegel abgetreten. Der Sachschaden wird auf mehrere Hundert Euro gesch\u00e4tzt. Im Zusammenhang mit den beiden Taten werden zwei dunkel gekleidete, etwa 20 Jahre alte, schlanke Personen gesucht. Zeugen, die Hinweise zu den Taten oder Personen machen k\u00f6nnen, werden gebeten sich unter 06343-93340 oder per E-Mail unter\u00a0<a href=\"mailto:pibadbergzabern@polizei.rlp.de\">pibadbergzabern@polizei.rlp.de<\/a>\u00a0mit der Polizeiinspektion Bad Bergzabern in Verbindung zu setzen.<\/p>\n\n\n\n<h4 class=\"wp-block-heading\">(Stadt Landau &amp; Stadt Germersheim) &#8211; Call-Center-Betrugsmasche<\/h4>\n\n\n\n<figure class=\"wp-block-image\"><img decoding=\"async\" src=\"https:\/\/speyer24news.com\/wp-content\/uploads\/2020\/10\/Telefonbetrug.jpg\" alt=\"\" class=\"wp-image-30925\"\/><\/figure>\n\n\n\n<p>Sehr geehrte Damen und Herren,<\/p>\n\n\n\n<p>wir weisen sie darauf hin, dass es aktuell im Bereich des Landkreises Germersheim und der Stadt Landau vermehrt zu Anrufen bei \u00e4lteren Mitb\u00fcrgern kommt, bei denen es sich um Betrugsversuche im Bereich falsche Polizeibeamte handeln k\u00f6nnte.<\/p>\n\n\n\n<h4 class=\"wp-block-heading\">(Landau-S\u00fcd \/ A 65) &#8211; 40 Tonner besch\u00e4digt Bankette<\/h4>\n\n\n\n<div class=\"wp-block-image\"><figure class=\"aligncenter\"><img decoding=\"async\" loading=\"lazy\" width=\"801\" height=\"506\" src=\"https:\/\/speyer24news.com\/wp-content\/uploads\/2021\/03\/20210310_VUA65.jpg\" alt=\"\" class=\"wp-image-34004\" srcset=\"https:\/\/speyer24news.com\/wp-content\/uploads\/2021\/03\/20210310_VUA65.jpg 801w, https:\/\/speyer24news.com\/wp-content\/uploads\/2021\/03\/20210310_VUA65-300x190.jpg 300w, https:\/\/speyer24news.com\/wp-content\/uploads\/2021\/03\/20210310_VUA65-768x485.jpg 768w\" sizes=\"(max-width: 801px) 100vw, 801px\" \/><\/figure><\/div>\n\n\n\n<p>Ein 52 Jahre alter LKW-Fahrer kam mit seinem 40 Tonner Mittwochmorgen (10.03.2021, 11.30 Uhr) bei der AS LD-S\u00fcd an der dortigen Ausfahrt nach rechts von der Fahrbahn ab und fuhr sich infolge der aufgeweichten Bankette fest. Mittels schwerem Ger\u00e4t musste der Sattelzug geborgen werden. Es kam zu leichten Verkehrsbehinderungen.<\/p>\n\n\n\n<h4 class=\"wp-block-heading\">(Edenkoben) &#8211; Frau geohrfeigt<\/h4>\n\n\n\n<p>Im Bereich Edenkoben kam es am fr\u00fchen Dienstagmorgen (TZ:09.03.2021, zw. 2 Uhr und 3 Uhr) zu einem Vorfall, wo ein 36 Jahre alter Mann seine Lebensgef\u00e4hrtin nach einem Streitgespr\u00e4ch geohrfeigt hat. Durch den Schlag verlor die Frau das Gleichgewicht, st\u00fcrzte zu Boden und schlug sich den Kopf auf. Sie meldeten den Fall der Polizei, die ein Strafverfahren einleitete. Die Polizei appelliert: Gewalt in Beziehungen sollten nicht privat bleiben. Dar\u00fcber zu sprechen, ist f\u00fcr viele ein Tabu. Sollten Sie Gewalt in einer Beziehung erleben, verst\u00e4ndigen sie die Polizei. Jede Polizeidienststelle koordiniert und bietet eine Opferberatung gemeinsam mit der Interventionsstelle an. Die zust\u00e4ndige Interventionsstelle f\u00fcr den Bereich der Polizeiinspektion Edenkoben ist unter der Telefonnummer 06341\/381922 erreichbar.<\/p>\n\n\n\n<h4 class=\"wp-block-heading\">(Neustadt) &#8211; E-Scooter ohne g\u00fcltigen Versicherungsschutz gef\u00fchrt<\/h4>\n\n\n\n<p>Am Nachmittag des 10.03.2021 gegen 17:05 Uhr konnte durch eine Funkstreife der Polizeiinspektion Neustadt\/W. im Rahmen einer Verkehrskontrolle in der Sauterstra\u00dfe in 67433 Neustadt\/W. festgestellt werden, dass die 20-j\u00e4hrige Fahrzeugf\u00fchrerin aus Neustadt\/W. an ihrem E-Scooter kein g\u00fcltiges Versicherungskennzeichen angebracht hatte. An dem E-Scooter war noch das Kennzeichen des letzten Versicherungsjahres (Farbe: schwarz) angebracht. Die Weiterfahrt wurde untersagt und die 20-J\u00e4hrige musste ihr Fahrzeug nach Hause schieben. Sie muss sich nun in einem Strafverfahren wegen des Versto\u00dfes gegen das Pflichtversicherungsgesetz verantworten. Ferner erwartet zus\u00e4tzlich den Halter des E-Scooters wegen des Zulassens des Fahrens eines Fahrzeuges ohne Versicherungsschutzes ein Strafverfahren.<\/p>\n\n\n\n<h4 class=\"wp-block-heading\">(Neustadt) &#8211; Autofahrer ohne Versicherungsschutz unterwegs<\/h4>\n\n\n\n<p>Im Rahmen einer Verkehrskontrolle am 10.03.2021 gegen 03:30 Uhr wurde ein Fahrzeug mit Hamburger Zulassung \u00fcberpr\u00fcft. Hier stellte die Streifenbesatzung fest, dass das angebrachte Kennzeichen seit Jahresbeginn zur Zwangsentstempelung aufgrund fehlender Versicherung ausgeschrieben war. Die Kennzeichen wurden entstempelt und die Zulassungsbescheinigung der zust\u00e4ndigen Beh\u00f6rde zugesandt. Den Fahrer erwartet eine Strafanzeige wegen Fahren ohne Versicherungsschutz.<\/p>\n\n\n\n<h4 class=\"wp-block-heading\">(Neustadt) &#8211; Nach Verkehrsunfall einfach weitergefahren<\/h4>\n\n\n\n<p>Bei einem Verkehrsunfall am 09.03.2021 gegen 07:15 Uhr in der Stra\u00dfe W\u00fcrzm\u00fchle in Neustadt fuhr ein Unfallbeteiligter weiter, ohne die Feststellung der Personalien zu erm\u00f6glichen. Ein Mercedes und ein bislang unbekannter Pkw streiften sich im Begegnungsverkehr, der Fahrer des unbekannten Pkw fuhr einfach weiter. Der Schaden am Mercedes wird mit ca. 3000 Euro angegeben. Die Polizei bitte Zeugen, sich bei der Polizeiinspektion Neustadt telefonisch unter 06321 854-0 oder per E-Mail unter\u00a0<a href=\"mailto:pineustadt@polizei.rlp.de\">pineustadt@polizei.rlp.de<\/a>\u00a0zu melden.<\/p>\n\n\n\n<h4 class=\"wp-block-heading\">(Bad D\u00fcrkheim) &#8211; Enten auf Gleisen<\/h4>\n\n\n\n<p>Am 09.03.2021 gegen 17:00 Uhr konnte eine 20-J\u00e4hrige drei Enten auf den Gleisen am Hauptbahnhof in Bad D\u00fcrkheim feststellen. Um die Tiere zu sch\u00fctzen hatte sie sie bereits, ohne sich selbst zu gef\u00e4hrden, beiseite genommen und bat nun um Hilfe. Die Tierrettung wurde daraufhin verst\u00e4ndigt. Die drei kleinen Enten wollen aber nicht warten und watschelten davon, noch bevor die Tierretter vor Ort eintrafen. Ob die Enten, nach den leichten Lockerungen der Corona-Beschr\u00e4nkungen, in w\u00e4rmere Gefilde verreisen wollten, ist nicht bekannt.<\/p>\n\n\n\n<h4 class=\"wp-block-heading\">(Frankenthal) &#8211; Vermisstensuche gegl\u00fcckt<a href=\"https:\/\/www.facebook.com\/sharer.php?u=https%3A%2F%2Fwww.presseportal.de%2Fblaulicht%2Fpm%2F117688%2F4859832%2F%3Futm_source%3Dfacebook%26utm_medium%3Dsocial\"><\/a><a href=\"https:\/\/twitter.com\/intent\/tweet?text=POL-PDLU%3A%20Frankenthal%20-%20Vermisstensuche%20gegl%C3%BCckt&amp;url=https%3A%2F%2Fwww.presseportal.de%2Fblaulicht%2Fpm%2F117688%2F4859832%2F%3Futm_source%3Dtwitter%26utm_medium%3Dsocial&amp;hashtags=ots&amp;lang=de\"><\/a><a href=\"https:\/\/web.whatsapp.com\/send?text=POL-PDLU%3A%20Frankenthal%20-%20Vermisstensuche%20gegl%C3%BCckt%0A%0Ahttps%3A%2F%2Fwww.presseportal.de%2Fblaulicht%2Fpm%2F117688%2F4859832%2F%3Futm_source%3Dwhatsapp%26utm_medium%3Dsocial\"><\/a><a href=\"https:\/\/www.xing.com\/app\/user?op=share;url=https%3A%2F%2Fwww.presseportal.de%2Fblaulicht%2Fpm%2F117688%2F4859832%2F%3Futm_source%3Dxing%26utm_medium%3Dsocial\"><\/a><a href=\"http:\/\/www.linkedin.com\/shareArticle?mini=true&amp;url=https%3A%2F%2Fwww.presseportal.de%2Fblaulicht%2Fpm%2F117688%2F4859832%2F%3Futm_source%3Dlinkedin%26utm_medium%3Dsocial&amp;title=POL-PDLU%3A+Frankenthal+-+Vermisstensuche+gegl%C3%BCckt\"><\/a><a href=\"mailto:?subject=POL-PDLU%3A%20Frankenthal%20-%20Vermisstensuche%20gegl%C3%BCckt&amp;body=https:\/\/www.presseportal.de\/blaulicht\/pm\/117688\/4859832\"><\/a><\/h4>\n\n\n\n<p>Am Dienstag, den 09.03.2021 gegen 16:30 Uhr wird der Polizeiinspektion Frankenthal eine 82-J\u00e4hrige durch ihren 85-J\u00e4hrigen Ehemann als vermisst gemeldet, da sie den Weg nicht mehr nach Hause findet. Durch eine aufmerksame Mitb\u00fcrgerin wird kurze Zeit sp\u00e4ter der entscheidende Hinweis gegeben, dass eine Streifenwagenbesatzung die \u00e4ltere Dame wohlbehalten nach Hause bringen kann.<\/p>\n\n\n\n<h4 class=\"wp-block-heading\">(Frankenthal) &#8211; Brand in der Zeppelinstra\u00dfe<\/h4>\n\n\n\n<p>Am Dienstag, den 09.03.2021 gegen 09:00 Uhr kam es zu einem Einsatz von Feuerwehr, Rettungsdienst und Polizei bei einer ans\u00e4ssigen Firma in der Zeppelinstra\u00dfe in Frankenthal. Auf dem Firmengel\u00e4nde entz\u00fcndete sich ein Abluftfilter, wahrscheinlich aufgrund Funkenflugs. Nach Abschluss der Ermittlungen kann eine strafbare Handlung ausgeschlossen werden. Der Gesamtschaden d\u00fcrfte sich auf etwa 5000 bis 6000 Euro belaufen. Verletzt wurde niemand.<\/p>\n\n\n\n<h4 class=\"wp-block-heading\">(Ludwigshafen) &#8211; Zwei drogenbeeinflusste Fahrer aus dem Verkehr gezogen<\/h4>\n\n\n\n<p>In der Nacht von Dienstag auf Mittwoch konnten Beamte der Polizei Ludwigshafen zwei drogenbeeinflusste Kraftfahrzeugf\u00fchrer aus dem Verkehr ziehen. Um 00:40 Uhr wurde ein 22-j\u00e4hriger Autofahrer in der Valentin-Bauer-Stra\u00dfe kontrolliert. Um 03:30 Uhr wurde ein 22-J\u00e4hriger in der Frankenthaler Stra\u00dfe auf einem Elektrotretroller einer Verkehrskontrolle unterzogen. Bei beiden Fahrern stellten die Beamte Hinweise auf eine aktuelle Drogenbeeinflussung fest. Ein Urintest verlief bei beiden positiv auf THC. Den Fahrern wurde auf der Polizeidienststelle je eine Blutprobe entnommen, um die genaue Drogenbeeinflussung festzustellen.<\/p>\n\n\n\n<p>Beide Fahrer m\u00fcssen nun wegen der drogenbeeinflussten Fahrt mit einem Bu\u00dfgeld von bis zu 3.000,- Euro und einem Fahrverbot rechnen. Au\u00dferdem \u00fcberpr\u00fcft die F\u00fchrerscheinstelle bei drogenbeeinflussten Kraftfahrzeugf\u00fchrern regelm\u00e4\u00dfig die Geeignetheit und kann z.B. eine Medizinisch-Psychologische Untersuchung (MPU) anordnen.<\/p>\n\n\n\n<h4 class=\"wp-block-heading\">(Ludwigshafen) &#8211; Roller besch\u00e4digt \/ Zeugen gesucht<\/h4>\n\n\n\n<p>Am Dienstagabend gegen 17:00 Uhr besch\u00e4digten Unbekannte einen in der Fabrikstra\u00dfe abgestellten Roller. Drei m\u00e4nnliche Jugendliche sollen den Roller umgeworfen und gegen diesen getreten haben. Eine Zeugin konnte den Vorfall beobachten und verst\u00e4ndigte die Polizei. Die Jugendlichen sollen alle schwarz gekleidet gewesen sein und fl\u00fcchteten vor Eintreffen der Polizei in unbekannte Richtung. An dem Roller entstand ein Schaden in H\u00f6he von ca. 1.500,- Euro.<\/p>\n\n\n\n<p>Wer hat die Tat beobachtet oder hat drei schwarz gekleidete Jugendliche gegen 17:00 Uhr in der Fabrikstra\u00dfe gesehen?<\/p>\n\n\n\n<p>Sachdienliche Hinweise bitte an die Polizeiinspektion Ludwigshafen 2, Telefonnummer 0621 963-2222 oder per E-Mail\u00a0<a href=\"mailto:piludwigshafen2@polizei.rlp.de\">piludwigshafen2@polizei.rlp.de<\/a>\u00a0.<\/p>\n\n\n\n<h4 class=\"wp-block-heading\">(Ludwigshafen) &#8211; Mofa- und Rollerdiebstahl \/ Zeugen gesucht<\/h4>\n\n\n\n<p>Am Dienstagnachmittag entwendeten Unbekannte ein Mofa und einen Roller in Ludwigshafen-Hemshof. In der Zeit von 16:15 Uhr bis 16:50 Uhr wurde in der Lenaustra\u00dfe ein Mofa entwendet. Ein Zeuge hatte vier verd\u00e4chtige Jugendliche in der N\u00e4he gesehen, ob diese etwas mit dem Diebstahl zu tun haben, ist noch unklar. Das entwendete Mofa wurde in der N\u00e4he auf einem Parkplatz besch\u00e4digt aufgefunden. Es entstand ein Schaden in H\u00f6he von ca. 300,- Euro.<\/p>\n\n\n\n<p>Zwischen 13:30 Uhr und 17:30 Uhr wurde in der Rohrlachstra\u00dfe ein Roller entwendet. Der Roller konnte auch in der N\u00e4he besch\u00e4digt aufgefunden werden. An dem Roller entstand ein Schaden in H\u00f6he von ca. 300,- Euro. Ob beide Taten in Zusammenhang stehen, ist Bestandteil der aufgenommenen Ermittlungen.<\/p>\n\n\n\n<p>Wer hat eine der Taten beobachtet oder kann Hinweise auf den\/die T\u00e4ter geben?<\/p>\n\n\n\n<p>Sachdienliche Hinweise bitte an die Polizeiinspektion Ludwigshafen 2, Telefonnummer 0621 963-2222 oder per E-Mail&nbsp;<a href=\"mailto:piludwigshafen2@polizei.rlp.de\">piludwigshafen2@polizei.rlp.de<\/a>&nbsp;.<\/p>\n\n\n\n<h4 class=\"wp-block-heading\">(Ludwigshafen) &#8211; Betrunken mit PKW abgehauen<\/h4>\n\n\n\n<p>Einem 38-J\u00e4hrigen musste am Dienstag (09.03.2021) eine Blutprobe entnommen werden, da er zuvor einen Verkehrsunfall verursacht hatte. Der Mann fuhr gegen 14.30 Uhr mit seinem PKW im Bereich der Wredestra\u00dfe auf einen anderen PKW auf. Statt sich um den entstandenen Schaden zu k\u00fcmmern, fuhr er einfach weiter und fl\u00fcchtete. Zwei Zeugen merkten sich das Kennzeichen. Einer der Zeugen nahm sogar die Verfolgung auf und f\u00fchrte die Polizei zu der Wohnanschrift des 38-J\u00e4hrigen. Dort konnte er alkoholisiert festgestellt und zu einer Polizeidienststelle gebracht werden. Den F\u00fchrerschein stellte die Polizei sicher.<\/p>\n\n\n\n<h4 class=\"wp-block-heading\">(Ludwigshafen) &#8211; Schockanruf am Telefon<\/h4>\n\n\n\n<p>Am Dienstag (09.03.2021), gegen 11.45 Uhr, rief ein unbekannter Mann bei einer 79-J\u00e4hrigen aus Ludwigshafen an und versuchte 31.000 Euro zu fordern. Als Vorwand gab er an, dass seine Tochter verungl\u00fcckt sei und eine lebensrettende Operation ben\u00f6tige. Der medizinische Eingriff w\u00fcrde 31.000 Euro kosten. Die 79-J\u00e4hrige erkannt sofort, dass es sich um einen Betrug handelte und beendete das Gespr\u00e4ch.<\/p>\n\n\n\n<h4 class=\"wp-block-heading\">(Ludwigshafen) &#8211; Radfahrer bei Unfall leicht verletzt<\/h4>\n\n\n\n<p>Am Dienstagmorgen gegen 06:20 Uhr wurde ein 53-j\u00e4hriger Fahrradfahrer bei einem Verkehrsunfall an der Kreuzung Karl-M\u00fcller-Stra\u00dfe\/Carl-Bosch-Stra\u00dfe leicht verletzt. Ein 45-j\u00e4hriger Autofahrer soll den Radfahrer beim Abbiegen \u00fcbersehen haben, so dass es zum Unfall kam.<\/p>\n\n\n\n<h4 class=\"wp-block-heading\">(Ludwigshafen) &#8211; Heckscheibe eingeworfen<\/h4>\n\n\n\n<p>Unbekannte warfen in dem Zeitraum 08.03.2021 bis 09.03.2021 die Heckscheibe eines PKW ein. Der Fiat Punto war im Tatzeitraum auf dem Parkplatz des Zedwitzhof abgestellt. Der Schaden bel\u00e4uft sich auf 300 Euro. Sachdienliche Hinweise bitte an die Polizeiinspektion Ludwigshafen 1, Telefonnummer 0621 963-2122 oder per E-Mail\u00a0<a href=\"mailto:piludwigshafen1@polizei.rlp.de\">piludwigshafen1@polizei.rlp.de<\/a>\u00a0.<\/p>\n\n\n\n<h4 class=\"wp-block-heading\">(Pr\u00e4sidialbereich) &#8211; L\u00e4nder\u00fcbergreifende Kontrollen auf Autobahnen<\/h4>\n\n\n\n<figure class=\"wp-block-image\"><img decoding=\"async\" src=\"https:\/\/speyer24news.com\/wp-content\/uploads\/2021\/03\/Kontrolle-1.jpg\" alt=\"\" class=\"wp-image-33939\"\/><\/figure>\n\n\n\n<p>Am 09.03.2021 fanden l\u00e4nder\u00fcbergreifende Kontrollma\u00dfnahmen auf Autobahnen statt. Der Schwerpunkt der Kontrollen war die Bundesautobahn 61 \u00fcber den gesamten Streckenverlauf in Rheinland-Pfalz. Ein besonderes Augenmerk hatten die Zivilfahnder bei ihren Kontrollen auf m\u00f6gliche reisende T\u00e4ter. Bei den Kontrollen der Polizeipr\u00e4sidien S\u00fcdhessen, Rheinpfalz, Mainz und Koblenz wurden insgesamt wurde 87 Fahrzeuge und 162 Personen genauer \u00fcberpr\u00fcft. Insgesamt leiteten die Fahnder bei den gemeinsamen Kontrollen 16 Strafverfahren ein. Die Zivilfahnder des Polizeipr\u00e4sidiums Rheinpfalz kontrollierten auf der A 61 bei Worms einen 63-j\u00e4hrigen Autofahrer, der ohne Fahrerlaubnis unterwegs war.<\/p>\n\n\n\n<p>Auch in Zukunft werden die Zivilfahnder zielgerichtete Kontrollen insbesondere auf den Autobahnen durchf\u00fchren.<\/p>\n\n\n\n<h4 class=\"wp-block-heading\">(Mannheim \/ Frankfurt \/ Worms \/ M\u00fcnchen) &#8211; &#8222;Enkeltrick&#8220;-Bande festgenommen; Staatsanwaltschaft Mannheim erwirkt Haftbefehle gegen bundesweit agierende Betr\u00fcger<\/h4>\n\n\n\n<h4 class=\"wp-block-heading\">Gemeinsame Pressemitteilung der Staatsanwaltschaft Mannheim und des Polizeipr\u00e4sidiums Mannheim<\/h4>\n\n\n\n<figure class=\"wp-block-image\"><img decoding=\"async\" src=\"https:\/\/speyer24news.com\/wp-content\/uploads\/2019\/12\/Zelle.jpg\" alt=\"\" class=\"wp-image-23580\"\/><\/figure>\n\n\n\n<p>Auf Antrag der Staatsanwaltschaft Mannheim wurden Haftbefehle gegen sechs M\u00e4nner und Frauen im Alter zwischen 19 und 33 Jahren erlassen.<\/p>\n\n\n\n<p>Sie stehen im dringenden Verdacht, zwischen August 2020 und M\u00e4rz 2021 in mindestens 17 F\u00e4llen in Baden-W\u00fcrttemberg (9), Bayern (3), Hessen (3) und Rheinland-Pfalz (2) bandenm\u00e4\u00dfig und in wechselnder Besetzung Betrugsstraftaten in Form des sogenannten &#8222;Enkeltricks&#8220; begangen zu haben. Dabei sollen sie nach derzeitigem Stand einen Verm\u00f6gensschaden in H\u00f6he von rund 270.000 EUR angerichtet haben.<\/p>\n\n\n\n<p>In sechs weiteren F\u00e4llen wurden seit Oktober 2020 bereits Tatverd\u00e4chtige nach der Geld\u00fcbergabe noch an den jeweiligen Tatorten im Landkreis Karlsruhe, in Heilbronn, Maulbronn im Enzkreis, Limburgerhof\/R.-Pf. und in M\u00fcnchen festgenommen. Die Beute, Bargeld und Schmuck im Wert von bis zu 20.000 EUR wurden jeweils sichergestellt, so dass f\u00fcr die Betroffenen kein Schaden entstand.<\/p>\n\n\n\n<p>Die Staatsanwaltschaft Mannheim und die Inspektion &#8222;Wirtschaftskriminalit\u00e4t&#8220; der Kriminalpolizeidirektion Heidelberg ermitteln bereits seit Anfang 2020 gegen die Bande.<\/p>\n\n\n\n<p>Am Montag, 08.03.2021, wurden die Haftbefehle gegen die Tatverd\u00e4chtigen vollstreckt. Ihre Wohnungen in Mannheim, Worms und Frankfurt wurden durchsucht. Umfangreiches Beweismaterial wie Handys, SIM-Karten und Bargeld i.H.v. rund 10.000 EUR wurden sichergestellt. F\u00fcnf Tatverd\u00e4chtige wurden nach der Vorf\u00fchrung beim Ermittlungsrichter in verschiedenen Justizvollzugsanstalten eingeliefert. Ein weiterer Tatverd\u00e4chtiger wurde bereits letzte Woche in M\u00fcnchen festgenommen.<\/p>\n\n\n\n<p>Wie die bisherigen, umfangreichen Ermittlungen von Staatsanwaltschaft und Kriminalpolizei ergaben, wurden die Taten von einem &#8222;Call-Center&#8220; in Polen bundesweit koordiniert. Von diesem Call-Center aus wurden auch die Anrufe bei den Gesch\u00e4digten get\u00e4tigt. Die Tatverd\u00e4chtigen sollen f\u00fcr die Planung und Durchf\u00fchrung der Geldabholungen bei den Gesch\u00e4digten in Deutschland zust\u00e4ndig gewesen sein.<\/p>\n\n\n\n<p>Die Ermittlungen der Staatsanwaltschaft Mannheim und der Kriminalpolizeidrektion Heidelberg, insbesondere auch zu den Hinterleuten in Polen, zu denen die Ermittlungen Hinweise ergeben haben, dauern an.<\/p>\n\n\n\n<h4 class=\"wp-block-heading\">(Mannheim) &#8211; 10.000 Euro Belohnung! Helfen Sie, den Tod von Diana Bodi aufzukl\u00e4ren!<\/h4>\n\n\n\n<div class=\"wp-block-image\"><figure class=\"aligncenter\"><img decoding=\"async\" loading=\"lazy\" width=\"500\" height=\"703\" src=\"https:\/\/speyer24news.com\/wp-content\/uploads\/2021\/03\/2021-03-04_Plakat_BODI_Deutsch_FINAL.jpg\" alt=\"\" class=\"wp-image-34005\" srcset=\"https:\/\/speyer24news.com\/wp-content\/uploads\/2021\/03\/2021-03-04_Plakat_BODI_Deutsch_FINAL.jpg 500w, https:\/\/speyer24news.com\/wp-content\/uploads\/2021\/03\/2021-03-04_Plakat_BODI_Deutsch_FINAL-213x300.jpg 213w\" sizes=\"(max-width: 500px) 100vw, 500px\" \/><\/figure><\/div>\n\n\n\n<p><a href=\"https:\/\/www.facebook.com\/sharer.php?u=https%3A%2F%2Fwww.presseportal.de%2Fblaulicht%2Fpm%2F14915%2F4860264%2F%3Futm_source%3Dfacebook%26utm_medium%3Dsocial\"><\/a><a href=\"https:\/\/twitter.com\/intent\/tweet?text=POL-MA%3A%2010.000%20Euro%20Belohnung%21%20Helfen%20Sie%2C%20den%20Tod%20von%20Diana%20Bodi%20aufzukl%C3%A4ren%21&amp;url=https%3A%2F%2Fwww.presseportal.de%2Fblaulicht%2Fpm%2F14915%2F4860264%2F%3Futm_source%3Dtwitter%26utm_medium%3Dsocial&amp;hashtags=ots&amp;lang=de\"><\/a><a href=\"https:\/\/web.whatsapp.com\/send?text=POL-MA%3A%2010.000%20Euro%20Belohnung%21%20Helfen%20Sie%2C%20den%20Tod%20von%20Diana%20Bodi%20aufzukl%C3%A4ren%21%0A%0Ahttps%3A%2F%2Fwww.presseportal.de%2Fblaulicht%2Fpm%2F14915%2F4860264%2F%3Futm_source%3Dwhatsapp%26utm_medium%3Dsocial\"><\/a><a href=\"https:\/\/www.xing.com\/app\/user?op=share;url=https%3A%2F%2Fwww.presseportal.de%2Fblaulicht%2Fpm%2F14915%2F4860264%2F%3Futm_source%3Dxing%26utm_medium%3Dsocial\"><\/a><a href=\"http:\/\/www.linkedin.com\/shareArticle?mini=true&amp;url=https%3A%2F%2Fwww.presseportal.de%2Fblaulicht%2Fpm%2F14915%2F4860264%2F%3Futm_source%3Dlinkedin%26utm_medium%3Dsocial&amp;title=POL-MA%3A+10.000+Euro+Belohnung%21+Helfen+Sie%2C+den+Tod+von+Diana+Bodi+aufzukl%C3%A4ren%21\"><\/a><a href=\"mailto:?subject=POL-MA%3A%2010.000%20Euro%20Belohnung%21%20Helfen%20Sie%2C%20den%20Tod%20von%20Diana%20Bodi%20aufzukl%C3%A4ren%21&amp;body=https:\/\/www.presseportal.de\/blaulicht\/pm\/14915\/4860264\"><\/a>Das Polizeipr\u00e4sidium Westpfalz bittet aufgrund neuer Ermittlungsans\u00e4tze mit der angeschlossenen Pressemitteilung um Unterst\u00fctzung bei der Aufkl\u00e4rung des gewaltsamen Todes der ungarischen Staatsangeh\u00f6rigen Diana Bodi. Das Opfer hatte auch Bezug zum Raum Mannheim.<\/p>\n\n\n\n<p><strong>Lesen sie hier die genaue Beschreibung als PDF:<\/strong><\/p>\n\n\n\n<ul><li><a href=\"https:\/\/www.presseportal.de\/download\/document\/755076-2021-03-10pmegstaubbriefkopf-erf.pdf\"><strong>2021-03-10PMEGStaubBriefkopf_erf.pdf<\/strong><br>PDF &#8211; 494 kB<\/a><\/li><\/ul>\n\n\n\n<h4 class=\"wp-block-heading\">(Mannheim) &#8211; Verlorener Handschuh f\u00fchrt zur T\u00e4terfestnahme<\/h4>\n\n\n\n<p>Dienstagabend wurde ein Reisender in der S9 auf der Fahrt von Karlsruhe nach Mannheim bestohlen. Der 41-j\u00e4hrige Mann gab an w\u00e4hrend der Fahrt, kurz nach dem Bahnhof Wagh\u00e4usel, eingeschlafen zu sein. Nach der Ankunft am Mannheimer Hauptbahnhof wurde der Schlafende vom Lokf\u00fchrer geweckt. Hierbei stellte er fest, dass sein Rucksack entwendet wurde. Sodann begaben sich der 41-J\u00e4hrige und der Lokf\u00fchrer zur Wache der Bundespolizei am Mannheimer Hauptbahnhof, um Strafanzeige zu erstatten. Auf dem Weg zur Wache fand der Bestohlene in einer Bahnsteigunterf\u00fchrung einen Handschuh, welcher sich zuvor in seinem entwendeten Rucksack befunden hatte. Durch eine umgehend durchgef\u00fchrte Auswertung der Kamera\u00fcberwachungsanlage, konnten die Bundespolizisten Lichtbilder des Tatverd\u00e4chtigen gewinnen und eine Fahndung einleiten. Zudem war es dem Gesch\u00e4digten m\u00f6glich, das im Rucksack befindliche Mobiltelefon im Mannheimer Stadtgebiet zu orten. Durch die auff\u00e4llige Kleidung des Tatverd\u00e4chtigen, gelang es den Bundespolizisten nach kurzer Zeit diesen Mann im Bereich der Neckarwiese zu kontrollieren. Bei der Durchsuchung wurden das gestohlene Mobiltelefon des 41-J\u00e4hrigen sowie Bet\u00e4ubungsmittel aufgefunden. Diese wurden sichergestellt. Da der Beschuldigte keine Dokumente mit sich f\u00fchrte, wurde er anschlie\u00dfend zur \u00f6rtlichen Wache gebracht um seine Identit\u00e4t zu kl\u00e4ren.<\/p>\n\n\n\n<p>Dort gab der gest\u00e4ndige 31-j\u00e4hrige Gambier an, den Inhalt des gestohlenen Rucksacks an unterschiedlichen Stellen im Stadtgebiet deponiert zu haben. Bei der Absuche der \u00d6rtlichkeiten konnten die Bundespolizisten das gesamte Diebesgut auffinden. Der Gesch\u00e4digte konnte so seine gesamte Habe wieder an sich nehmen.<\/p>\n\n\n\n<p>Den ertappten Dieb erwartet nun ein Ermittlungsverfahren wegen Diebstahls sowie wegen des Versto\u00dfes gegen das Bet\u00e4ubungsmittelgesetz.<\/p>\n\n\n\n<h4 class=\"wp-block-heading\">(Mannheim-Friesenheimer Insel) &#8211; 62-J\u00e4hriger von unbekanntem Mann \u00fcberfallen \/ Polizei sucht Zeugen<\/h4>\n\n\n\n<p>Am Dienstagabend wurde auf der Friesenheimer Insel in Mannheim ein 62-j\u00e4hriger Mann von einem Unbekannten \u00fcberfallen. Der Mann war kurz nach 19 Uhr mit seinem Fahrrad in der Inselstra\u00dfe in Richtung Dammstra\u00dfe unterwegs. In H\u00f6he der Kammerschleuse n\u00e4herte sich von hinten ein unbekannter Mann und schlug seinem Opfer unvermittelt mit einem unbekannten Gegenstand gegen den Hinterkopf. Anschlie\u00dfend schlug ihm der Unbekannte mehrfach mit der Faust ins Gesicht, woraufhin der 62-J\u00e4hrige zu Boden ging. Dabei entwendete der T\u00e4ter die Geldb\u00f6rse des Gesch\u00e4digten. Anschlie\u00dfend fl\u00fcchtete der T\u00e4ter in unbekannte Richtung.<\/p>\n\n\n\n<p>Bei dem Angriff erlitt der alkoholisierte Gesch\u00e4digte einen Bruch der Nase, sowie weitere Verletzungen im Gesicht und am Hinterkopf. Er wurde zur Behandlung in ein Krankenhaus eingeliefert. Eine Beschreibung des T\u00e4ters konnte er nicht abgeben.<\/p>\n\n\n\n<p>Zeugen, die auf den Vorfall aufmerksam geworden sind und sachdienliche Hinweise zum T\u00e4ter geben k\u00f6nnen, werden gebeten, sich beim Kriminaldauerdienst der Kriminalpolizeidirektion Heidelberg, Tel.: 0621\/174-4444 zu melden.<\/p>\n\n\n\n<h4 class=\"wp-block-heading\">(A 6 \/ FR Mannheim &#8211; Hockenheim bei AS MA-Rheinau) &#8211; 40 Tonner kommt von Fahrbahn ab<\/h4>\n\n\n\n<p>Am Mittwoch gegen 23.45 Uhr kam der Fahrer eines 40-Tonners im Baustellenbereich auf bislang unbekannte Ursache von der Fahrbahn ab, f\u00e4delte sich auf der Leitplanke ein und blieb dort h\u00e4ngen, so dass der Sattelzug nur mit einem Kran geborgen werden kann. Zudem laufen an der Unfallstelle Betriebsstoffe aus. Aktuell wird der Bergungskran aufgebaut. Mit Behinderungen ist noch die n\u00e4chsten Stunden zu rechnen. Der linke Fahrstreifen ist befahrbahr, muss aber immer wieder zwischendurch gesperrt werden. Verletzt wurde niemand. Die H\u00f6he des Sachschadens ist noch nicht bezifferbar.<\/p>\n\n\n\n<h4 class=\"wp-block-heading\">(Neu-Edingen \/ Mannheim-Friedrichsfeld) &#8211; Mann verfolgt Rucksackdieb<\/h4>\n\n\n\n<p>Ein bislang unbekannter Mann hat gestern Vormittag (9. M\u00e4rz) den Rucksack eines 37-J\u00e4hrigen gestohlen. Beim Halt am Bahnhof Neu-Edingen\/Friedrichsfeld griff der Unbekannte unvermittelt nach dem Gep\u00e4ckst\u00fcck und fl\u00fcchtete.<\/p>\n\n\n\n<p>Der Gesch\u00e4digte eilte dem Unbekannten nach und fasste ihn, noch bevor er den Zug verlassen konnte. Nachdem sich der Tatverd\u00e4chtige losriss, fl\u00fcchtete dieser in einen abfahrbereiten Zug am Nachbargleis. Dort gelang es dem 37-J\u00e4hrigen seinen Rucksack zu ergreifen und wieder an sich zu nehmen. Durch einen Zeugen wurde zwischenzeitlich die Polizei informiert. Dem Unbekannten gelang die Flucht noch vor Eintreffen der Beamten.<\/p>\n\n\n\n<p>Vor Ort wurden mehrere Gegenst\u00e4nde sichergestellt, welche dem Tatverd\u00e4chtigen zugeordnet werden. Anhand dieser sowie mehrerer Zeugenaussagen werden nun die Ermittlungen wegen r\u00e4uberischen Diebstahls gef\u00fchrt. Als weitere Beweismittel werden au\u00dferdem die Videoaufzeichnungen im Zug herangezogen. Der 37-J\u00e4hrige verletzte sich bei der Verfolgung des Tatverd\u00e4chtigen leicht.<\/p>\n\n\n\n<h4 class=\"wp-block-heading\">(Heidelberg-Wieblingen) &#8211; Verkehrsunfallflucht \/ Zeugen gesucht<\/h4>\n\n\n\n<p>Im Zeitraum zwischen 08.03.2021, 17 Uhr und 09.03.2021, 10 Uhr kam es in der Adlerstra\u00dfe zu einer Verkehrsunfallflucht mit Sachschaden. Ein vor dem Anwesen Nr. 23 ordnungsgem\u00e4\u00df geparkter wei\u00dfer BMW wurde, vermutlich beim Ausparken oder Vorbeifahren, besch\u00e4digt. Sowohl die Sto\u00dfstange, als auch ein Kotfl\u00fcgel am Heck wurden hierbei aus der Halterung gerissen. Es entstand Sachschaden in gesch\u00e4tzter H\u00f6he von 1.000EUR.<\/p>\n\n\n\n<p>Zeugen, die sachdienliche Hinweise zum Verursacher geben k\u00f6nnen, werden gebeten, sich beim Polizeiposten Wieblingen unter Tel.: 06221-830740 zu melden.<\/p>\n\n\n\n<h4 class=\"wp-block-heading\">(Heidelberg-Rohrbach) &#8211; Schl\u00e4gerei unter Jugendlichen an Bus- und Stra\u00dfenbahnhaltestelle; vier Verd\u00e4chtige vorl\u00e4ufig festgenommen; Zeugen gesucht<\/h4>\n\n\n\n<p>Am Dienstagnachmittag, gegen 16.30 Uhr, kam es an der Bus- und Stra\u00dfenbahnhaltestelle &#8222;Rohrbach-S\u00fcd&#8220; zu einer handgreiflichen Auseinandersetzung zwischen zwei mindestens 10-k\u00f6pfigen Jugendgruppen. Dabei soll ein 16-J\u00e4hriger einen 15-J\u00e4hrigen mit einem Schlagring geschlagen haben.<\/p>\n\n\n\n<p>Nachdem die Polizei verst\u00e4ndigt worden war, flohen die Gruppierungen mit Bussen und Bahnen in Richtung Emmertsgrund und Leimen.<\/p>\n\n\n\n<p>Im Zuge der mit mehreren Streifen eingeleitete Fahndung, wurden vier Verd\u00e4chtige im Alter von 14-16 Jahren vorl\u00e4ufig festgenommen. Nach ersten polizeilichen Ermittlungen wurden sie wieder auf freien Fu\u00df gesetzt.<\/p>\n\n\n\n<p>Weshalb es zu den Auseinandersetzungen zwischen den beiden Gruppierungen kam, ist bislang noch nicht bekannt.<\/p>\n\n\n\n<p>Das Polizeirevier HD-S\u00fcd hat die Ermittlungen wegen des Verdachts der gef\u00e4hrlichen K\u00f6rperverletzung gegen einen 16-J\u00e4hrigen aufgenommen.<\/p>\n\n\n\n<p>Zum Zeitpunkt der Schl\u00e4gerei herrschte an der Haltestelle reger Pendelverkehr, weshalb viele Personen die Auseinandersetzung beobachtet haben d\u00fcrften. Diese wichtigen Zeugen, aber auch sonstige Hinweisgeber, die Informationen zu den Hintergr\u00fcnden der Schl\u00e4gerei und\/oder Personen, die daran teilgenommen, geben k\u00f6nnen, werden gebeten, sich beim Polizeirevier HD-S\u00fcd, Tel.: 06221\/3418-0 zu melden.<\/p>\n\n\n\n<h4 class=\"wp-block-heading\">(Leimen \/ Rhein-Neckar-Kreis) &#8211; Vorrang missachtet \/ Verkehrsunfall mit hohem Sachschaden<\/h4>\n\n\n\n<p>Am vergangenen Dienstag ereignete sich gegen 19 Uhr in der Rohrbacher Stra\u00dfe, an der Kreuzung Schwetzinger Stra\u00dfe ein Verkehrsunfall. Ein 51-j\u00e4hriger Ford-Fahrer wollte an der Kreuzung nach links in die Schwetzinger Stra\u00dfe abbiegen. Hierbei lie\u00df er einen entgegenkommenden, geradeaus fahrenden 61-j\u00e4hrigen Peugeot-Fahrer nicht passieren, sondern bog vor diesem ab. Es kam zum Zusammensto\u00df.<\/p>\n\n\n\n<p>Verletzt wurde keiner der beiden, es kam jedoch zu einem Gesamtschaden an beiden Pkw in H\u00f6he von ca. 11.000EUR. Der Unfall wurde durch das Polizeirevier Wiesloch aufgenommen.<\/p>\n\n\n\n<h4 class=\"wp-block-heading\">(Leimen-St Ilgen \/ Rhein-Neckar-Kreis) &#8211; Rauchmelder in Nachbaranwesen rettet 46-J\u00e4hrigen<\/h4>\n\n\n\n<p>Unheimliches Gl\u00fcck hatte am Dienstag gegen 19:30 Uhr ein 46-J\u00e4hriger, der in der Theodor-Heuss-Stra\u00dfe auf der Couch eingeschlafen ist und sein Essen auf dem eingeschalteten Herd verga\u00df. Durch die starke Rauchentwicklung l\u00f6ste ein Brandmelder im Nachbaranwesen aus und alarmierte die Feuerwehr. Da zuerst der Verdacht bestand, dass der Rauch aus dem Anwesen komme, in welchem der Brandalarm ausl\u00f6ste, \u00f6ffnete die Feuerwehr St Ilgen gewaltsam die Eingangst\u00fcr. Einen Brand stellten die Einsatzkr\u00e4fte hier allerdings nicht fest. Bei einer weiteren Absuche im Umfeld machten die Angeh\u00f6rigen der Feuerwehr die stark verrauchte Wohnung im Nachbargeb\u00e4ude ausfindig. Nach mehrmaligem Klingeln \u00f6ffnete der betrunkene 46-j\u00e4hrige Bewohner die Haust\u00fcr. In der Wohnung konnten die Einsatzkr\u00e4fte schlie\u00dflich das angebrannte Essen l\u00f6schen. Der Mann musste wegen des Verdachts einer Kohlenmonoxidvergiftung mit dem Rettungsdienst in ein nahegelegenes Krankenhaus gebracht werden.<\/p>\n\n\n\n<h4 class=\"wp-block-heading\">(Gem. Kronau \/ St. Leon-Rot \/ Rhein-Neckar-Kreis) &#8211; Schwerer Verkehrsunfall auf A 5; drei Lkw beteiligt; zwei Lkw-Fahrer verletzt; Sperrung aufgehoben<\/h4>\n\n\n\n<h4 class=\"wp-block-heading\" style=\"text-align:center\">Pressemitteilung Nr. 4<\/h4>\n\n\n\n<p>Nach aufwendigen Bergungsarbeiten ist die Fahrbahn nun wieder komplett freigegeben. Eine Spur war bereits am Dienstag kurz vor 18.00 Uhr wieder befahrbar. Der Sachschaden d\u00fcrfte bei \u00fcber 160.000 EUR liegen. Ein Fahrer wurde beim Unfall lebensgef\u00e4hrlich, einer schwer verletzt. Die Ermittlungen des Verkehrsdienstes Heidelberg, Au\u00dfenstelle Walldorf, dauern an.<\/p>\n\n\n\n<h4 class=\"wp-block-heading\">(Angelbachtal \/ Rhein-Neckar-Kreis) &#8211; Schwerer Unfall im Begegnungsverkehr<\/h4>\n\n\n\n<p>Am Dienstag, dem 09.03.2021 ereignete sich gegen 16:55 Uhr in Angelbachtal ein schwerer Unfall. Ein 68 j\u00e4hriger Mann befuhr mit seinem Hyundai die B 292 aus Angelbachtal kommend in Richtung \u00d6stringen, als er aus bisher unbekannter Ursache in einer langgezogenen Rechtskurve in den Gegenverkehr geriet und mit einem entgegenkommenden Fahrzeug zusammenstie\u00df. Sowohl der 68-j\u00e4hrige Unvallverursacher, als auch die 31-j\u00e4hrige Frau, die im anderen Fahrzeug, einem Opel Corsa gesessen hatte, verletzten sich schwer und mussten zur weiteren Versorgung in umliegende Krankenh\u00e4user gebracht werden. Eine Lebensgefahr konnte aber ausgeschlossen werden. An beiden Kleinfahrzeugen entstand wirtschaftlicher Totalschaden. Der Sachschaden wird auf ca. 12000 Euro gesch\u00e4tzt. Die B 292 musste f\u00fcr die Unfallaufnahme fast zweieinhalb Stunden in beide Richtungen gesperrt werden.<\/p>\n\n\n\n<p>Zeugen die den Unfall beobachtet haben oder sachdienliche Hinweise zum Ereignis machen k\u00f6nnen, werden gebeten sich bei dem Verkehrsdienst Heidelberg unter der Telefonnummer 0621\/174-4110 zu melden.<\/p>\n\n\n\n<h4 class=\"wp-block-heading\">(Helmstadt \/ Rhein-Neckar-Kreis) &#8211; Auffahrunfall auf B 292, ein Verletzter, zwei total besch\u00e4digte Fahrzeuge; 20.000.- Euro Schaden; kurzfristige Vollsperrung<\/h4>\n\n\n\n<p>Am Dienstagnachmittag kam es auf der B 292 zwischen Waibstadt und Helmstadt zu einem Verkehrsunfall, bei dem einer der Beteiligten verletzt wurde.<\/p>\n\n\n\n<p>Gegen 16.30 Uhr \u00fcbersah eine 36-j\u00e4hrige Ford-Fahrerin kurz vor der Einm\u00fcndung zur Bahnhofstra\u00dfe in Helmstadt einen vor ihr abbremsende 32-j\u00e4hrige Ford-Fahrerin und fuhr auf.<\/p>\n\n\n\n<p>Dadurch wurde die 36-j\u00e4hrige verletzt und nach ihrer Behandlung vor Ort mit einem Rettungswagen in eine Klinik gebracht. Die 32-J\u00e4hrige blieb unverletzt.<\/p>\n\n\n\n<p>Beide Fahrzeuge waren total besch\u00e4digt, die H\u00f6he des Sachschadens belief sich auf rund 20.000.- Euro.<\/p>\n\n\n\n<p>W\u00e4hrend der Unfallaufnahme, der Abschleppvorg\u00e4nge und der Reinigung der Fahrbahn wurde die B 292 f\u00fcr rund eine halbe Stunde voll gesperrt. Die Fahrbahn wurde gegen 17.30 Uhr wieder freigegeben.<\/p>\n\n\n\n<p>Die Freiwillige Feuerwehr aus Helmstadt war zur Absicherung und Sperrung der Unfallstelle im Einsatz.<\/p>\n\n\n\n<h4 class=\"wp-block-heading\">(Schriesheim \/ Rhein-Neckar-Kreis) &#8211; Unfall im Begegnungsverkehr \/ 2 Personen schwer verletzt<\/h4>\n\n\n\n<p>Am Mittwoch gegen 19.00 Uhr fuhr ein 20-j\u00e4hriger Opel Corsa Fahrer aus Altenbach kommend auf der L 596 in Richtung Schriesheim, wobei er kurz vor der Abfahrt nach Ursenbach aus bislang unbekannten Gr\u00fcnden in den Gegenverkehr geriet. Der entgegenkommende Fahrer eines Kleintransporters musste deshalb ausweichen, wodurch das Fahrzeug ins Schleudern geriet, umkippte und auf der Fahrbahn auf der Seite zum Liegen kam. Zu einem Zusammensto\u00df der beiden Fahrzeuge kam es nicht. Der 27-j\u00e4hrige Fahrer des Transporters konnte schlie\u00dflich selbst\u00e4ndig aus dem Fahrzeug steigen, musste aber aufgrund der erlittenen Verletzungen in ein Krankehaus eingeliefert werden. Der 20-j\u00e4hrige verlor ebenfalls die Kontrolle \u00fcber seinen Corsa, kam von der Fahrbahn ab und landete schlie\u00dflich auf dem Grundst\u00fcck neben der Fahrbahn. Auch er wurde station\u00e4r in einem Krankenhaus aufgenommen. Beide Fahrzeuge mussten abgeschleppt werden. Die H\u00f6he des Sachschadens wird auf ca. 15.000,- Euro gesch\u00e4tzt. Die Fahrbahn war w\u00e4hrend der Unfallaufnahme bis ca. 22.30 Uhr voll gesperrt. Es wurde \u00f6rtlich umgeleitet.<\/p>\n","protected":false},"excerpt":{"rendered":"<div class=\"mh-excerpt\"><p>Polizeimeldungen vom Mittwoch (10.03.2021) (Speyer) &#8211; Einbruch in Gartenlaube Wie am Dienstagabend festgestellt wurde, brachen Unbekannte in eine Gartenlaube in einer Kleingartenanlage am Closweg ein. Die T\u00e4ter verschafften sich gewaltsam Zutritt zur Laube und entwendeten <a class=\"mh-excerpt-more\" href=\"https:\/\/speyer24news.com\/?p=34001\" title=\"Polizei\">[&#8230;]<\/a><\/p>\n<\/div>","protected":false},"author":3,"featured_media":0,"comment_status":"open","ping_status":"open","sticky":false,"template":"","format":"standard","meta":{"_monsterinsights_skip_tracking":false,"_monsterinsights_sitenote_active":false,"_monsterinsights_sitenote_note":"","_monsterinsights_sitenote_category":0,"footnotes":""},"categories":[12],"tags":[3614,61,2555,6955,6986,6263,63,105,6987,53,4854,4683,1548,102,213,55,5261,103,106,2803,2423,427,2625,380,104,979,1565],"aioseo_notices":[],"amp_enabled":true,"_links":{"self":[{"href":"https:\/\/speyer24news.com\/index.php?rest_route=\/wp\/v2\/posts\/34001"}],"collection":[{"href":"https:\/\/speyer24news.com\/index.php?rest_route=\/wp\/v2\/posts"}],"about":[{"href":"https:\/\/speyer24news.com\/index.php?rest_route=\/wp\/v2\/types\/post"}],"author":[{"embeddable":true,"href":"https:\/\/speyer24news.com\/index.php?rest_route=\/wp\/v2\/users\/3"}],"replies":[{"embeddable":true,"href":"https:\/\/speyer24news.com\/index.php?rest_route=%2Fwp%2Fv2%2Fcomments&post=34001"}],"version-history":[{"count":1,"href":"https:\/\/speyer24news.com\/index.php?rest_route=\/wp\/v2\/posts\/34001\/revisions"}],"predecessor-version":[{"id":34006,"href":"https:\/\/speyer24news.com\/index.php?rest_route=\/wp\/v2\/posts\/34001\/revisions\/34006"}],"wp:attachment":[{"href":"https:\/\/speyer24news.com\/index.php?rest_route=%2Fwp%2Fv2%2Fmedia&parent=34001"}],"wp:term":[{"taxonomy":"category","embeddable":true,"href":"https:\/\/speyer24news.com\/index.php?rest_route=%2Fwp%2Fv2%2Fcategories&post=34001"},{"taxonomy":"post_tag","embeddable":true,"href":"https:\/\/speyer24news.com\/index.php?rest_route=%2Fwp%2Fv2%2Ftags&post=34001"}],"curies":[{"name":"wp","href":"https:\/\/api.w.org\/{rel}","templated":true}]}}