{"id":34049,"date":"2021-03-12T08:24:23","date_gmt":"2021-03-12T07:24:23","guid":{"rendered":"https:\/\/speyer24news.com\/?p=34049"},"modified":"2021-03-12T08:24:24","modified_gmt":"2021-03-12T07:24:24","slug":"historisches-museum-der-pfalz-speyer-13","status":"publish","type":"post","link":"https:\/\/speyer24news.com\/?p=34049","title":{"rendered":"Historisches Museum der Pfalz Speyer"},"content":{"rendered":"<style type=\"text\/css\">\r\n\t.ads_top_disp{}\r\n\t.ads_top_corner_disp{ float:left; margin:0px 10px 10px 0px; }\r\n\t.ads_first_p_disp{}\r\n\t.ads_bottom_disp{}\r\n\t<\/style>\n<div class=\"wp-block-image\"><figure class=\"aligncenter\"><img decoding=\"async\" src=\"https:\/\/speyer24news.com\/wp-content\/uploads\/2020\/01\/Historisches-Museum.jpg\" alt=\"\" class=\"wp-image-24528\"\/><\/figure><\/div>\n\n\n\n<h2 class=\"wp-block-heading\">Endlich wieder ge\u00f6ffnet<\/h2>\n\n\n\n<h3 class=\"wp-block-heading\">Endspurt f\u00fcr \u201eMedicus\u201c und \u201eGr\u00fcffelo\u201c im Historischen Museum der Pfalz in Speyer<\/h3>\n\n\n\n<figure class=\"wp-block-image\"><img decoding=\"async\" loading=\"lazy\" width=\"800\" height=\"600\" src=\"https:\/\/speyer24news.com\/wp-content\/uploads\/2019\/12\/IMG_20191205_115147.jpg\" alt=\"\" class=\"wp-image-22782\" srcset=\"https:\/\/speyer24news.com\/wp-content\/uploads\/2019\/12\/IMG_20191205_115147.jpg 800w, https:\/\/speyer24news.com\/wp-content\/uploads\/2019\/12\/IMG_20191205_115147-300x225.jpg 300w, https:\/\/speyer24news.com\/wp-content\/uploads\/2019\/12\/IMG_20191205_115147-768x576.jpg 768w, https:\/\/speyer24news.com\/wp-content\/uploads\/2019\/12\/IMG_20191205_115147-678x509.jpg 678w, https:\/\/speyer24news.com\/wp-content\/uploads\/2019\/12\/IMG_20191205_115147-326x245.jpg 326w, https:\/\/speyer24news.com\/wp-content\/uploads\/2019\/12\/IMG_20191205_115147-80x60.jpg 80w\" sizes=\"(max-width: 800px) 100vw, 800px\" \/><\/figure>\n\n\n\n<p>Ab Freitag, 12. M\u00e4rz, 10 Uhr ist das Historische Museum der Pfalz wieder ge\u00f6ffnet! Zu sehen sind die kulturhistorische Ausstellung \u201eMedicus \u2013 Die Macht des Wissens\u201c und die interaktive Schau f\u00fcr Familien \u201eDer Gr\u00fcffelo. Die Ausstellung\u201c. Zweimal musste das Historische Museum der Pfalz bedingt durch die Coronakrise seine Tore schlie\u00dfen. Jetzt, nach \u00fcber viermonatiger, coronabedingter Pause k\u00f6nnen die beim Publikum beliebten Sonderausstellungen im Endspurt nochmals erlebt werden: Nur noch bis zum 13. Juni ist die Medicus-Schau zu sehen, die Gr\u00fcffelo-Ausstellung bis zum 27. Juni.<\/p>\n\n\n\n<div class=\"wp-block-image\"><figure class=\"aligncenter\"><img decoding=\"async\" loading=\"lazy\" width=\"500\" height=\"1013\" src=\"https:\/\/speyer24news.com\/wp-content\/uploads\/2019\/12\/IMG_20191205_115157.jpg\" alt=\"\" class=\"wp-image-22784\" srcset=\"https:\/\/speyer24news.com\/wp-content\/uploads\/2019\/12\/IMG_20191205_115157.jpg 500w, https:\/\/speyer24news.com\/wp-content\/uploads\/2019\/12\/IMG_20191205_115157-148x300.jpg 148w\" sizes=\"(max-width: 500px) 100vw, 500px\" \/><\/figure><\/div>\n\n\n\n<p>Die Medicus-Schau nutzt den Erfolgsromans \u201eDer Medicus\u201c als literarischen Zugang, um die komplexe und faszinierende Entwicklung des medizinischen Fortschritts in fesselnder Weise zu vermitteln. Sie spannt den Bogen vom Altertum bis zur Gegenwart und nimmt Bezug zur aktuellen Pandemie. Eine Verl\u00e4ngerung der einzigartigen Ausstellung \u00fcber den 13. Juni hinaus ist nicht m\u00f6glich.<\/p>\n\n\n\n<figure class=\"wp-block-image\"><img decoding=\"async\" loading=\"lazy\" width=\"800\" height=\"600\" src=\"https:\/\/speyer24news.com\/wp-content\/uploads\/2019\/12\/DSC09167.jpg\" alt=\"\" class=\"wp-image-23413\" srcset=\"https:\/\/speyer24news.com\/wp-content\/uploads\/2019\/12\/DSC09167.jpg 800w, https:\/\/speyer24news.com\/wp-content\/uploads\/2019\/12\/DSC09167-300x225.jpg 300w, https:\/\/speyer24news.com\/wp-content\/uploads\/2019\/12\/DSC09167-768x576.jpg 768w, https:\/\/speyer24news.com\/wp-content\/uploads\/2019\/12\/DSC09167-678x509.jpg 678w, https:\/\/speyer24news.com\/wp-content\/uploads\/2019\/12\/DSC09167-326x245.jpg 326w, https:\/\/speyer24news.com\/wp-content\/uploads\/2019\/12\/DSC09167-80x60.jpg 80w\" sizes=\"(max-width: 800px) 100vw, 800px\" \/><\/figure>\n\n\n\n<p>In der Gr\u00fcffelo-Schau begeben sich Familien in die Welt des liebgewonnen Bilderbuch-Monsters und der kleinen cleveren Maus. Dabei lernen sie spielerisch die Tier- und Pflanzenwelt des Waldes kennen. Gleichzeitig zeigt die Ausstellung farbenfrohe Original-Grafiken des Illustrators Axel Scheffler.<\/p>\n\n\n\n<figure class=\"wp-block-image\"><img decoding=\"async\" loading=\"lazy\" width=\"800\" height=\"600\" src=\"https:\/\/speyer24news.com\/wp-content\/uploads\/2019\/12\/DSC09156.jpg\" alt=\"\" class=\"wp-image-23401\" srcset=\"https:\/\/speyer24news.com\/wp-content\/uploads\/2019\/12\/DSC09156.jpg 800w, https:\/\/speyer24news.com\/wp-content\/uploads\/2019\/12\/DSC09156-300x225.jpg 300w, https:\/\/speyer24news.com\/wp-content\/uploads\/2019\/12\/DSC09156-768x576.jpg 768w, https:\/\/speyer24news.com\/wp-content\/uploads\/2019\/12\/DSC09156-678x509.jpg 678w, https:\/\/speyer24news.com\/wp-content\/uploads\/2019\/12\/DSC09156-326x245.jpg 326w, https:\/\/speyer24news.com\/wp-content\/uploads\/2019\/12\/DSC09156-80x60.jpg 80w\" sizes=\"(max-width: 800px) 100vw, 800px\" \/><\/figure>\n\n\n\n<p>Aufgrund der besonderen Situation und den gesetzlichen Vorgaben ist nur eine begrenzte Personenanzahl in den Ausstellungen erlaubt. Entsprechend den Regelungen der Corona-Bek\u00e4mpfungsverordnung des Landes Rheinland-Pfalz m\u00fcssen Besucherinnen und Besucher ihren Besuch vorausbuchen. Dies ist montags bis freitags zwischen 10 und 16 Uhr telefonisch unter der Nummer 06232 620222 m\u00f6glich. Am Museum werden zus\u00e4tzlich dienstags bis sonntags zwischen 10 Uhr und 17 Uhr Vorausbuchungen am Vorausbuchungsfenster neben dem Haupteingang entgegengenommen. Ohne Vorausbuchung ist ein Einlass leider bis auf weiteres nicht m\u00f6glich.<\/p>\n\n\n\n<p><em>Text: Historisches Museum der Pfalz Speyer Foto: Speyer 24\/7 News<br>12.03.2021<\/em><\/p>\n","protected":false},"excerpt":{"rendered":"<div class=\"mh-excerpt\"><p>Endlich wieder ge\u00f6ffnet Endspurt f\u00fcr \u201eMedicus\u201c und \u201eGr\u00fcffelo\u201c im Historischen Museum der Pfalz in Speyer Ab Freitag, 12. M\u00e4rz, 10 Uhr ist das Historische Museum der Pfalz wieder ge\u00f6ffnet! Zu sehen sind die kulturhistorische Ausstellung <a class=\"mh-excerpt-more\" href=\"https:\/\/speyer24news.com\/?p=34049\" title=\"Historisches Museum der Pfalz Speyer\">[&#8230;]<\/a><\/p>\n<\/div>","protected":false},"author":3,"featured_media":0,"comment_status":"open","ping_status":"open","sticky":false,"template":"","format":"standard","meta":{"_monsterinsights_skip_tracking":false,"_monsterinsights_sitenote_active":false,"_monsterinsights_sitenote_note":"","_monsterinsights_sitenote_category":0,"footnotes":""},"categories":[14],"tags":[4412,6133,52,5020,861,1191,540,4793,4795,4794,6],"aioseo_notices":[],"amp_enabled":true,"_links":{"self":[{"href":"https:\/\/speyer24news.com\/index.php?rest_route=\/wp\/v2\/posts\/34049"}],"collection":[{"href":"https:\/\/speyer24news.com\/index.php?rest_route=\/wp\/v2\/posts"}],"about":[{"href":"https:\/\/speyer24news.com\/index.php?rest_route=\/wp\/v2\/types\/post"}],"author":[{"embeddable":true,"href":"https:\/\/speyer24news.com\/index.php?rest_route=\/wp\/v2\/users\/3"}],"replies":[{"embeddable":true,"href":"https:\/\/speyer24news.com\/index.php?rest_route=%2Fwp%2Fv2%2Fcomments&post=34049"}],"version-history":[{"count":1,"href":"https:\/\/speyer24news.com\/index.php?rest_route=\/wp\/v2\/posts\/34049\/revisions"}],"predecessor-version":[{"id":34050,"href":"https:\/\/speyer24news.com\/index.php?rest_route=\/wp\/v2\/posts\/34049\/revisions\/34050"}],"wp:attachment":[{"href":"https:\/\/speyer24news.com\/index.php?rest_route=%2Fwp%2Fv2%2Fmedia&parent=34049"}],"wp:term":[{"taxonomy":"category","embeddable":true,"href":"https:\/\/speyer24news.com\/index.php?rest_route=%2Fwp%2Fv2%2Fcategories&post=34049"},{"taxonomy":"post_tag","embeddable":true,"href":"https:\/\/speyer24news.com\/index.php?rest_route=%2Fwp%2Fv2%2Ftags&post=34049"}],"curies":[{"name":"wp","href":"https:\/\/api.w.org\/{rel}","templated":true}]}}