{"id":34061,"date":"2021-03-13T06:09:25","date_gmt":"2021-03-13T05:09:25","guid":{"rendered":"https:\/\/speyer24news.com\/?p=34061"},"modified":"2021-03-13T06:09:27","modified_gmt":"2021-03-13T05:09:27","slug":"polizei-524","status":"publish","type":"post","link":"https:\/\/speyer24news.com\/?p=34061","title":{"rendered":"Polizei"},"content":{"rendered":"<style type=\"text\/css\">\r\n\t.ads_top_disp{}\r\n\t.ads_top_corner_disp{ float:left; margin:0px 10px 10px 0px; }\r\n\t.ads_first_p_disp{}\r\n\t.ads_bottom_disp{}\r\n\t<\/style>\n<h2 class=\"wp-block-heading\">Polizeimeldungen vom Freitag (12.03.2021)<\/h2>\n\n\n\n<div class=\"wp-block-image\"><figure class=\"aligncenter\"><img decoding=\"async\" src=\"https:\/\/speyer24news.com\/wp-content\/uploads\/2020\/01\/Aktuelles-Polizeilogo.jpg\" alt=\"\" class=\"wp-image-23832\"\/><\/figure><\/div>\n\n\n\n<h4 class=\"wp-block-heading\">(Speyer) &#8211; Pilot durch Laserpointer geblendet<\/h4>\n\n\n\n<p>Zu einem gef\u00e4hrlichen Eingriff in den Luftverkehr kam es am Donnerstabend gegen 21:00 Uhr, indem ein Pilot eines kleineren Passagierflugzeuges durch einen gr\u00fcnen Laserstahl, ausgehend von der Innenstadt Speyer, geblendet wurde. Eine genauere Lokalisierung war nicht m\u00f6glich. Ein Strafverfahren wurde eingeleitet.<\/p>\n\n\n\n<p>Die Polizei sucht nun Zeugen, die Donnerstagabend, gegen 21:00 Uhr, eine Person beim Bedienen eines Laserpointers in der Speyerer Innenstadt beobachtet haben.<\/p>\n\n\n\n<p>Hinweise nimmt die Polizei Speyer unter der Tel. 06232-1370 oder per E-Mail an&nbsp;<a href=\"mailto:pispeyer@polizei.rlp.de\">pispeyer@polizei.rlp.de<\/a>&nbsp;entgegen.<\/p>\n\n\n\n<p>Aus gegebenem Anlass weisen wir an dieser Stelle auf die Gef\u00e4hrlichkeit von Laserpointern hin:<\/p>\n\n\n\n<ul><li>Das Blenden mit einem Laserpointer kann neben gesundheitlichen Sch\u00e4den f\u00fcr die Geblendeten im schlimmsten Fall auch zu Unf\u00e4llen f\u00fchren <\/li><li>Der Lichtstrahl sollte niemals auf die Augen bzw. ins Gesicht anderer Personen oder sich selbst gerichtet werden<\/li><li>Laserpointer sind kein Spielzeug und geh\u00f6ren nicht in die H\u00e4nde von Kindern und Jugendlichen<\/li><li>Die Strafdrohung reicht je nach Schaden, von einem Jahr bis zu lebenslanger Freiheitsstrafe. Letzteres, wenn die Tat den Tod einer  gr\u00f6\u00dferen Zahl von Menschen zur Folge hat <\/li><\/ul>\n\n\n\n<h4 class=\"wp-block-heading\">(Speyer) &#8211; Unfall und ca. 10.000 EUR Sachschaden verursacht<\/h4>\n\n\n\n<p>Zu einem Verkehrsunfall mit circa 10.000 EUR Sachschaden kam es am Donnerstag, um 15:20 Uhr, an der Anschlussstelle B9\/L454 Speyer Nord. Der 72-j\u00e4hrige PKW-Fahrer \u00fcbersah beim Abbiegen nach links in Richtung Schifferstadt den von links kommenden PKW eines 58-J\u00e4hrigen. Durch die Kollision entstand an beiden Fahrzeugen Sachschaden. Verletzt wurde niemand. Durch den Verkehrsunfall kam es zu kurzzeitigen Verkehrsst\u00f6rungen.<\/p>\n\n\n\n<h4 class=\"wp-block-heading\">(Speyer) &#8211; Unfallflucht dank aufmerksamer Zeugen gekl\u00e4rt<\/h4>\n\n\n\n<p>Am Donnerstag, um 12:45 Uhr, beobachteten zwei Zeugen einen Verkehrsunfall am St.-Guido-Stifts-Platz und meldeten dies der Polizei. Ein Autofahrer habe beim Ausparken ein geparktes Auto gestreift und sei weggefahren ohne sich um den Schaden zu k\u00fcmmern. Dank der aufmerksamen Zeugen, die sich das Kennzeichen notierten und den Fahrer beschreiben konnten, wurde der Unfallverursacher, ein 88-j\u00e4hriger Mann aus Speyer, ermittelt. Durch den Unfall entstand ein Sachschaden in H\u00f6he von ca. 1.000,- Euro. Den Mann erwartet nun ein Strafverfahren.<\/p>\n\n\n\n<h4 class=\"wp-block-heading\">(Germersheim) &#8211; Nicht versichert und keinen F\u00fchrerschein<\/h4>\n\n\n\n<p>Donnerstagmorgen wurde ein 57-j\u00e4hirger Rollerfahrer in der August-Keiler-Stra\u00dfe in Germersheim kontrolliert. An seinem Roller war noch das alte Versicherungskennzeichen angebracht. Eigenen Angaben zufolge ist er davon ausgegangen, dass dieses noch bis April g\u00fcltig ist. Zu allem \u00dcberfluss stellte sich zudem noch heraus, dass er nicht im Besitz einer Fahrerlaubnis war. Die entsprechenden Strafverfahren wurden eingeleitet.<\/p>\n\n\n\n<h4 class=\"wp-block-heading\">(Germersheim) &#8211; Verkehrsunfallstatistik 2020<\/h4>\n\n\n\n<div class=\"wp-block-image\"><figure class=\"aligncenter\"><img decoding=\"async\" loading=\"lazy\" width=\"500\" height=\"722\" src=\"https:\/\/speyer24news.com\/wp-content\/uploads\/2021\/03\/Schaubild_StatistikVerkehr2020_FINAL.jpg\" alt=\"\" class=\"wp-image-34062\" srcset=\"https:\/\/speyer24news.com\/wp-content\/uploads\/2021\/03\/Schaubild_StatistikVerkehr2020_FINAL.jpg 500w, https:\/\/speyer24news.com\/wp-content\/uploads\/2021\/03\/Schaubild_StatistikVerkehr2020_FINAL-208x300.jpg 208w\" sizes=\"(max-width: 500px) 100vw, 500px\" \/><\/figure><\/div>\n\n\n\n<p>Informationen zur Verkehrsunfallstatistik der Polizeiinspektion Germersheim finden Sie unter:&nbsp;<a target=\"_blank\" href=\"https:\/\/s.rlp.de\/xPH00\" rel=\"noreferrer noopener\">https:\/\/s.rlp.de\/xPH00<\/a><\/p>\n\n\n\n<p>Anbei befindet sich ein Schaubild mit den wichtigsten Zahlen und Fakten.<\/p>\n\n\n\n<p>Bitte beachten Sie, dass wir dieses Jahr Teilbereiche der Statistik durch Videos auf unserem Twitter Kanal pr\u00e4sentieren werden.<\/p>\n\n\n\n<h4 class=\"wp-block-heading\">(Germersheim \/ R\u00fclzheim \/ Sondernheim \/ Rheinzabern) &#8211; Einbr\u00fcche in Apotheken und in eine B\u00e4ckerei, Zeuge gesucht<\/h4>\n\n\n\n<p><strong>Germersheim<\/strong><\/p>\n\n\n\n<p>In Germersheim hebelten die T\u00e4ter die Schiebet\u00fcr zu einer Apotheke in der August-Keiler-Stra\u00dfe auf. Noch vor Eintreffen der Polizei, die von einem Zeugen informiert worden war, fl\u00fcchteten die T\u00e4ter ohne Beute.<\/p>\n\n\n\n<p><strong>R\u00fclzheim<\/strong><\/p>\n\n\n\n<p>In der Nacht von Mittwoch, 10.03.21, auf Donnerstag, 11.03.2021, ereigneten sich in Ortschaften entlang der B9 Einbr\u00fcche in drei Apotheken und in eine B\u00e4ckerei. So brachen bislang Unbekannte vermutlich zwischen 00:00 Uhr und 04:00 Uhr in eine B\u00e4ckerei in der Gutenbergstra\u00dfe in R\u00fclzheim ein, indem sie eine Schiebet\u00fcr zum Verkaufsraum aufhebelten. Entwendet wurden mehrere hundert Euro Bargeld.<\/p>\n\n\n\n<p><strong>Sondernheim<\/strong><\/p>\n\n\n\n<p>Zur Apotheke in der Langgewannstra\u00dfe wurde ebenfalls die T\u00fcr aufgebrochen. Die T\u00e4ter wurden auch in diesem Fall von einem Zeugen beobachtet, der um 00:50 Uhr seinen Hund ausf\u00fchrte. Da der Hund bellte, fl\u00fcchteten die T\u00e4ter mit einem silbernen Pkw mit KA-Kennzeichen. Die Kriminalpolizei bittet insbesondere den Zeugen, der seinen Hund ausf\u00fchrte, sich mit der Polizei in Verbindung zu setzen.<\/p>\n\n\n\n<p><strong>Rheinzabern<\/strong><\/p>\n\n\n\n<p>An einer weiteren Apotheke in der Hauptstra\u00dfe in Rheinzabern wurde ebenfalls die T\u00fcr aufgehebelt, wodurch die T\u00e4ter ins Innere gelangen konnten. Ziel der T\u00e4ter war hier ebenfalls das Auffinden von Bargeld.<\/p>\n\n\n\n<p>Die Kriminalpolizei Landau hat die Ermittlungen zu den genannten Taten aufgenommen. Hinweise werden erbeten an 06341\/2870 oder\u00a0<a href=\"mailto:kilandau@polizei.rlp.de\">kilandau@polizei.rlp.de<\/a>. Insbesondere der Zeuge in Sondernheim wird gebeten, sich mit der Polizei in Verbindung zu setzen.<\/p>\n\n\n\n<h4 class=\"wp-block-heading\">(W\u00f6rth) &#8211; Ver\u00f6ffentlichung der Verkehrsunfallstatistik 2020<\/h4>\n\n\n\n<figure class=\"wp-block-image\"><img decoding=\"async\" loading=\"lazy\" width=\"500\" height=\"550\" src=\"https:\/\/speyer24news.com\/wp-content\/uploads\/2021\/03\/Verkehrsunfalllagebild_2020.jpg\" alt=\"\" class=\"wp-image-34063\" srcset=\"https:\/\/speyer24news.com\/wp-content\/uploads\/2021\/03\/Verkehrsunfalllagebild_2020.jpg 500w, https:\/\/speyer24news.com\/wp-content\/uploads\/2021\/03\/Verkehrsunfalllagebild_2020-273x300.jpg 273w\" sizes=\"(max-width: 500px) 100vw, 500px\" \/><\/figure>\n\n\n\n<ul><li>KEINE Verkehrsunf\u00e4lle mit Todesfolgen<\/li><li>R\u00fcckgang der Verkehrsunf\u00e4lle mit Personensch\u00e4den<\/li><li>Allgemeiner R\u00fcckgang der sehr hohen Verkehrsunfallzahlen <\/li><\/ul>\n\n\n\n<p>Dies ist nur ein Auszug der interessanten Kernaussagen, die sie in unserem aktuellen Verkehrsunfalllagebild lesen k\u00f6nnen. Finden k\u00f6nnen sie den Bericht auf unserer Internetseite unter\u00a0<a rel=\"noreferrer noopener\" target=\"_blank\" href=\"https:\/\/s.rlp.de\/MOS7p\">https:\/\/s.rlp.de\/MOS7p<\/a>\u00a0oder direkt zum Lagebild:\u00a0<a rel=\"noreferrer noopener\" target=\"_blank\" href=\"https:\/\/s.rlp.de\/tmLCu\">https:\/\/s.rlp.de\/tmLCu<\/a><\/p>\n\n\n\n<h4 class=\"wp-block-heading\">(Bad Bergzabern) &#8211; Unfallflucht \/ Zeugen gesucht<\/h4>\n\n\n\n<p>Am Donnerstag, den 11.03.21, gegen 19:00 Uhr fuhr vermutlich der Fahrer eines Transporters in der Einfahrt zur Petronellastra\u00dfe 25 A in Bad Bergzabern gegen die dortige Mauer und verursachte Sachschaden in H\u00f6he von 500-1000 EUR. Anschlie\u00dfend entfernte er sich, ohne um die Schadensregulierung zu k\u00fcmmern, von der Unfallstelle. Gem\u00e4\u00df aufgefundenen Fahrzeugteilen d\u00fcrfte das Fahrzeug an der Sto\u00dfstange und am Au\u00dfenspiegel der Beifahrerseite besch\u00e4digt worden sein. Zeugen, die Angaben zu dem Verursacher machen k\u00f6nnen werden gebeten sich unter 06343-93340 oder per E-Mail unter\u00a0<a href=\"mailto:pibadbergzabern@polizei.rlp.de\">pibadbergzabern@polizei.rlp.de<\/a>\u00a0mit der Polizeiinspektion Bad Bergzabern in Verbindung zu setzen.<\/p>\n\n\n\n<h4 class=\"wp-block-heading\">(Annweiler \/ B 10) &#8211; PKW-Brand \/ Sperrung B 10 \/ Barbarossatunnel<\/h4>\n\n\n\n<div class=\"wp-block-image\"><figure class=\"aligncenter\"><img decoding=\"async\" loading=\"lazy\" width=\"800\" height=\"635\" src=\"https:\/\/speyer24news.com\/wp-content\/uploads\/2021\/03\/Brand.jpg\" alt=\"\" class=\"wp-image-34064\" srcset=\"https:\/\/speyer24news.com\/wp-content\/uploads\/2021\/03\/Brand.jpg 800w, https:\/\/speyer24news.com\/wp-content\/uploads\/2021\/03\/Brand-300x238.jpg 300w, https:\/\/speyer24news.com\/wp-content\/uploads\/2021\/03\/Brand-768x610.jpg 768w\" sizes=\"(max-width: 800px) 100vw, 800px\" \/><\/figure><\/div>\n\n\n\n<p>Aufgrund eines PKW-Brandes ist die Bundesstra\u00dfe 10 bei Annweiler zurzeit (12.03.2021 \u2013 19:24) in beide Richtungen voll gesperrt. Verkehrsteilnehmer werden gebeten, die Umleitung durch das Stadtgebiet Annweiler zu nutzen.<\/p>\n\n\n\n<h4 class=\"wp-block-heading\">(Landau) &#8211; Auto durchbricht Hauswand<\/h4>\n\n\n\n<div class=\"wp-block-image\"><figure class=\"aligncenter\"><img decoding=\"async\" loading=\"lazy\" width=\"800\" height=\"600\" src=\"https:\/\/speyer24news.com\/wp-content\/uploads\/2021\/03\/UnfallHauswand1.jpeg\" alt=\"\" class=\"wp-image-34065\" srcset=\"https:\/\/speyer24news.com\/wp-content\/uploads\/2021\/03\/UnfallHauswand1.jpeg 800w, https:\/\/speyer24news.com\/wp-content\/uploads\/2021\/03\/UnfallHauswand1-300x225.jpeg 300w, https:\/\/speyer24news.com\/wp-content\/uploads\/2021\/03\/UnfallHauswand1-768x576.jpeg 768w, https:\/\/speyer24news.com\/wp-content\/uploads\/2021\/03\/UnfallHauswand1-678x509.jpeg 678w, https:\/\/speyer24news.com\/wp-content\/uploads\/2021\/03\/UnfallHauswand1-326x245.jpeg 326w, https:\/\/speyer24news.com\/wp-content\/uploads\/2021\/03\/UnfallHauswand1-80x60.jpeg 80w\" sizes=\"(max-width: 800px) 100vw, 800px\" \/><figcaption>Unfallwagen<\/figcaption><\/figure><\/div>\n\n\n\n<p>Eine verletzte Person und ein gesch\u00e4tzter Sachschaden in H\u00f6he von 85.000 Euro sind die Folge eines Verkehrsunfalls am Donnerstagabend gegen 17 Uhr in der Thomas-Nast-Stra\u00dfe. Ein 88 &#8211; j\u00e4hriger Autofahrer war beim Losfahren von der Bremse gerutscht und auf dem Gaspedal gelandet, hierdurch beschleunigte der Automatikwagen und krachte in die Hauswand einer Erdgeschosswohnung. <\/p>\n\n\n\n<figure class=\"wp-block-image\"><img decoding=\"async\" loading=\"lazy\" width=\"800\" height=\"600\" src=\"https:\/\/speyer24news.com\/wp-content\/uploads\/2021\/03\/UnfallHauswand3.jpeg\" alt=\"\" class=\"wp-image-34066\" srcset=\"https:\/\/speyer24news.com\/wp-content\/uploads\/2021\/03\/UnfallHauswand3.jpeg 800w, https:\/\/speyer24news.com\/wp-content\/uploads\/2021\/03\/UnfallHauswand3-300x225.jpeg 300w, https:\/\/speyer24news.com\/wp-content\/uploads\/2021\/03\/UnfallHauswand3-768x576.jpeg 768w, https:\/\/speyer24news.com\/wp-content\/uploads\/2021\/03\/UnfallHauswand3-678x509.jpeg 678w, https:\/\/speyer24news.com\/wp-content\/uploads\/2021\/03\/UnfallHauswand3-326x245.jpeg 326w, https:\/\/speyer24news.com\/wp-content\/uploads\/2021\/03\/UnfallHauswand3-80x60.jpeg 80w\" sizes=\"(max-width: 800px) 100vw, 800px\" \/><figcaption>Hauswand<\/figcaption><\/figure>\n\n\n\n<p>Am Fahrzeug l\u00f6sten die Airbags aus und die 85 &#8211; j\u00e4hrige Beifahrerin klagte \u00fcber Schmerzen im Arm. Der Aufprall f\u00fchrte zu einem Loch in der Hauswand und M\u00f6bel wurden verschoben. Das THW wurde hinzugezogen um die Wand abzust\u00fctzen. Das Fahrzeug war wirtschaftlicher Totalschaden. Der F\u00fchrerschein des Fahrers wurde eingezogen. Ein Rettungswagen war ebenfalls im Einsatz und versorgte die Seniorin.<\/p>\n\n\n\n<h4 class=\"wp-block-heading\">(Edenkoben) &#8211; Polizeibeamten beleidigt<\/h4>\n\n\n\n<p>Gegen einen 58 Jahre alten Mann wurde ein Strafverfahren wegen Beleidigung und Notrufmissbrauch eingeleitet. Er hatte sich Donnerstagmittag (11.03.2021, 13 Uhr) \u00fcber Notruf bei der Polizei gemeldet und einen 35 Jahre alten Polizeibeamten mit dem Vokabular der F\u00e4kalsprache beleidigt. Anhand der Stimme erkannte der Polizeibeamte den Anrufer aus vorangegangenen Eins\u00e4tzen. Bei dem Telefonat konnte er sogleich als Beschuldigter belehrt werden.<\/p>\n\n\n\n<h4 class=\"wp-block-heading\">(Neustadt) &#8211; Einen Schluck Schnaps zu viel &#8230;<\/h4>\n\n\n\n<p>&#8230; hatte ein 50-j\u00e4hriger polnischer Staatsangeh\u00f6riger konsumiert, welcher am fr\u00fchen Morgen des 12.03.2021 durch eine Funkstreife der Polizeiinspektion Neustadt\/W. in der Landauer Stra\u00dfe in Neustadt\/W. einer Verkehrskontrolle unterzogen wurde. Ein durchgef\u00fchrter Atemalkoholtest ergab n\u00e4mlich einen Wert von 1,38 Promille bei dem Fahrzeugf\u00fchrer, welcher gegen\u00fcber den eingesetzten Beamten angab, lediglich einen kleinen Schluck Schnaps vor der Kontrolle zu sich genommen zu haben. Die Folgen seines Alkoholkonsums bedeuteten die Mitnahme zur Dienststelle mit anschlie\u00dfender Blutentnahme. Ferner musste der Fahrer den Heimweg zu Fu\u00df antreten, da sein Fahrzeugschl\u00fcssel bis zur Wiedererlangung der Fahrt\u00fcchtigkeit sichergestellt wurde. Des Weiteren konnte der 50-j\u00e4hrige Mann keinen F\u00fchrerschein vorzeigen, weshalb im Nachgang ermittelt werden muss, ob der Fahrer tats\u00e4chlich im Besitz einer g\u00fcltigen Fahrerlaubnis ist. Der polnische Staatsb\u00fcrger muss sich nun in einem Strafverfahren wegen Trunkenheit im Verkehr und ggf. wegen des Fahrens ohne Fahrerlaubnis verantworten.<\/p>\n\n\n\n<h4 class=\"wp-block-heading\">(Bad D\u00fcrkheim) &#8211; Mehrere Anrufe von Telefonbetr\u00fcgern<\/h4>\n\n\n\n<p>Am 11.03.2021 kam es im Erpolzheim und Bad D\u00fcrkheim vermehrt zu Anrufen von sogenannten Telefonbetr\u00fcgern. Gl\u00fccklicherweise waren alle Angerufenen \u00fcber die aktuellen Betrugsmaschen informiert und beendeten fr\u00fchzeitig das Gespr\u00e4ch, so das es zu keinem finanziellen Schaden kam. Auch bei einem \u00e4lteren Herrn aus Erpolzheim scheitern sie. Zuerst bekam er einen Anruf von einem angeblichen Microsoft-Mitarbeiter. Da er nicht im Besitzt eines Computers ist, war die Betrugsabsicht offensichtlich. Der T\u00e4ter gab aber scheinbar nicht nach und rief einfach ein paar Stunden sp\u00e4ter erneut an. Diesmal gab sich der Anrufer als Mitarbeiter einer Lottogesellschaft aus und offerierte eine Verl\u00e4ngerung eines Vertrages. Da der Senior auch kein Lotto spielt, durchschaute er auch diesen Betrugsversuch sehr schnell und legte auf. Meistens handelt es sich bei den angezeigten Anrufnummern um im Internet generierte Nummer, die nicht nachverfolgt werden k\u00f6nnen. Gesch\u00e4digte sollen sich die auf dem Display angezeigten Nummern jedoch notieren und Anzeige bei der Polizei erstatten. Die Kriminalpolizei in Bad D\u00fcrkheim hat die Ermittlungen aufgenommen. Wurden sie auch Opfer eines solchen Betrugsversuches dann wenden sie sich bitte an die Polizei Bad D\u00fcrkheim unter 06322 963 0 oder per E-Mail an\u00a0<a href=\"mailto:pibadduerkheim@polizei.rlp.de\">pibadduerkheim@polizei.rlp.de<\/a>.<\/p>\n\n\n\n<h4 class=\"wp-block-heading\">(Bad D\u00fcrkheim) &#8211; Treppe besch\u00e4digt und weggefahren<\/h4>\n\n\n\n<p>Im Zeitraum von 09.03.2021 20:00 Uhr bis 10.03.2021, 16:00 Uhr wurde in der Kurgartenstra\u00dfe in Bad D\u00fcrkheim die Eingangstreppe eines dortigen Ladengesch\u00e4ftes besch\u00e4digt. Ein bislang unbekannter Verkehrsteilnehmer besch\u00e4digte vermutlich beim Aus- bzw. Einparken die Treppe und entfernte sich anschlie\u00dfend unerlaubt von der Unfallstelle. An der Treppe wurde eine Ecke abgebrochen, dadurch entstand ein Sachschaden in H\u00f6he von 200EUR. Es liegen keinerlei Hinweise auf den Verursacher vor. Die Polizei Bad D\u00fcrkheim bittet um Hinweise unter 06322 963 0 oder per E-Mail an&nbsp;<a href=\"mailto:pibadduerkheim@polizei.rlp.de\">pibadduerkheim@polizei.rlp.de<\/a><\/p>\n\n\n\n<h4 class=\"wp-block-heading\">(Bad D\u00fcrkheim) &#8211; \u00c4lterer Dame Geldbeutel entwendet<\/h4>\n\n\n\n<p>Im Zeitraum von 10.03.2021 07:30 Uhr bis 08:30 Uhr wurde in einem Einkaufsmarkt in der Bruchstra\u00dfe in Bad D\u00fcrkheim der Geldbeutel einer \u00e4lteren Dame entwendet. Die \u00e4ltere Dame hatte ihren Geldbeutel in eine Seitentasche ihrer Jacke gesteckt. Als sie an der Kasse bezahlen wollte, stellt sie das Fehlen ihres schwarzen Leder-Geldbeutels fest. Bei der Absuche im Markt, konnte der Geldbeutel nicht aufgefunden werden. Vermutlich hatten bislang unbekannte T\u00e4ter den Geldbeutel der Dame entwendet. T\u00e4terhinweise liegen keine vor. Neben dem Personalausweis und diversen Karten befanden sich auch mehrere Hunderte Euro Bargeld in ihrem Damengeldbeutel. Die Polizei Bad D\u00fcrkheim hat die Ermittlungen aufgenommen und bittet um Hinweise unter 06322 963 0 oder per E-Mail an\u00a0<a href=\"mailto:pibadduerkheim@polizei.rlp.de\">pibadduerkheim@polizei.rlp.de<\/a><\/p>\n\n\n\n<h4 class=\"wp-block-heading\">(Weisenheim am Sand) &#8211; Fahrzeugt\u00fcr besch\u00e4digt und weggefahren<\/h4>\n\n\n\n<p>Am 11.03.2020 gegen 14:00 Uhr wurde ein auf einen Supermarktparkplatz im Almenweg in Weisenheim am Sand abgestellter Ford Fiesta besch\u00e4digt. Ein bislang unbekannter Verkehrsteilnehmer besch\u00e4digte beim Aussteigen aus seinem Fahrzeug die Fahrert\u00fcr des Ford. Er entfernte sich anschlie\u00dfend unerlaubt von der Unfallstelle. Es entstand ein Sachschaden in H\u00f6he von 200 Euro. Bei dem unfallfl\u00fcchtigen Fahrzeug handelt es sich um einen schwarzen Mazda 6 mit rum\u00e4nischem Kennzeichen. Die Polizei Bad D\u00fcrkheim bittet um Hinweise unter 06322 963 0 oder per E-Mail an\u00a0<a href=\"mailto:pibadduerkheim@polizei.rlp.de\">pibadduerkheim@polizei.rlp.de<\/a><\/p>\n\n\n\n<h4 class=\"wp-block-heading\">(Frankenthal) &#8211; Verkehrsunfallflucht in der Hauptstra\u00dfe<\/h4>\n\n\n\n<p>Am Donnerstag, den 11.03.2021 zwischen 16:40 Uhr und 17:05 Uhr kam es zu einer Verkehrsunfallflucht in der Hauptstra\u00dfe in Frankenthal. Auf einem dortigen Parkplatz besch\u00e4digte vermutlich ein schwarzer SUV einen ordnungsgem\u00e4\u00df geparkten silbernen VW Polo. Im Anschluss entfernte sich der oder die Verantwortliche unerlaubt von der Unfall\u00f6rtlichkeit. Aufgrund der laufenden Ermittlungen sucht die Polizei nach Zeugen des Vorfalls. Zeugen werden gebeten sich an die Polizeiinspektion Frankenthal unter der Tel.-Nr.: 06233\/313-0 oder an die Polizeiwache Maxdorf unter der Tel.-Nr.: 06237\/934-1100 zu wenden. Gerne nehmen wir Ihre Hinweise auch per E-Mail unter\u00a0<a href=\"mailto:pifrankenthal@polizei.rlp.de\">pifrankenthal@polizei.rlp.de<\/a>\u00a0entgegen.<\/p>\n\n\n\n<h4 class=\"wp-block-heading\">(Frankenthal) &#8211; Verkehrsunfallflucht auf dem Kaufland-Parkplatz<\/h4>\n\n\n\n<p>Am Donnerstag, den 11.03.2021 zwischen 11:00 Uhr und 11:30 Uhr kam es zu einer Verkehrsunfallflucht auf dem Parkplatz des Kaufland-Marktes in Frankenthal. Beim Ein- oder Aussteigen aus einem grauen Kleinbus besch\u00e4digte eine bislang unbekannte Person einen ordnungsgem\u00e4\u00df geparkten schwarzen Audi A4. Im Anschluss entfernte sich der oder die Verantwortliche unerlaubt von der Unfall\u00f6rtlichkeit. Aufgrund der laufenden Ermittlungen sucht die Polizei nach Zeugen des Vorfalls. Zeugen werden gebeten sich an die Polizeiinspektion Frankenthal unter der Tel.-Nr.: 06233\/313-0 oder an die Polizeiwache Maxdorf unter der Tel.-Nr.: 06237\/934-1100 zu wenden. Gerne nehmen wir Ihre Hinweise auch per E-Mail unter\u00a0<a href=\"mailto:pifrankenthal@polizei.rlp.de\">pifrankenthal@polizei.rlp.de<\/a>\u00a0entgegen.<\/p>\n\n\n\n<h4 class=\"wp-block-heading\">(Frankenthal) &#8211; Verkehrsunfallflucht in der Odenwaldstra\u00dfe<\/h4>\n\n\n\n<p>Am Donnerstag, den 11.03.2021 gegen 11:20 Uhr kam es zu einer Verkehrsunfallflucht in der Odenwaldstra\u00dfe in Frankenthal. Bei einem Wendeman\u00f6ver eines grauen Kleinwagens touchierte dieser einen geparkten grauen VW Touran. Hiernach entfernte sich der Fahrer oder die Fahrerin, ohne sich um den verursachten Schaden zu k\u00fcmmern, unerlaubt von der Unfall\u00f6rtlichkeit. Aufgrund der laufenden Ermittlungen sucht die Polizei nach weiteren Zeugen des Vorfalls. Zeugen werden gebeten sich an die Polizeiinspektion Frankenthal unter der Tel.-Nr.: 06233\/313-0 oder an die Polizeiwache Maxdorf unter der Tel.-Nr.: 06237\/934-1100 zu wenden. Gerne nehmen wir Ihre Hinweise auch per E-Mail unter\u00a0<a href=\"mailto:pifrankenthal@polizei.rlp.de\">pifrankenthal@polizei.rlp.de<\/a>\u00a0entgegen.<\/p>\n\n\n\n<h4 class=\"wp-block-heading\">(Polizeiautobahnstation Ruchheim) &#8211; Unsere Eins\u00e4tze wegen des Sturms<\/h4>\n\n\n\n<p>Der Sturm sorgte Donnerstag ab der Mittagszeit f\u00fcr eine Vielzahl polizeilicher Eins\u00e4tze auf unseren Autobahnen und Kraftfahrstra\u00dfen. Eine Ackerfolie wurde um 12.15 Uhr auf die Fahrbahn der A61, Gemarkung Weisenheim am Sand, geweht. Sie konnte schnell beseitigt werden, so dass keine Unf\u00e4lle passierten. Um 13.51 Uhr, erfasste eine Sturmb\u00f6e den Anh\u00e4nger eines Porsche Cayenne. Der Fahrer war auf der A61 in Richtung Speyer unterwegs. Bei Gro\u00dfniedesheim riss eine Windb\u00f6e die Plane und das Gest\u00e4nge vom Anh\u00e4nger ab. Die Gegenst\u00e4nde flogen auf die Gegenfahrbahn, wo sie auf zwei Autos trafen und diese besch\u00e4digten. Es entstand ein Schaden in H\u00f6he von 8.500 EUR. Zerbrochene Steinfliesen mussten um 16.14 Uhr von der Fahrbahn der B9 kurz hinter dem AK Oggersheim Richtung Speyer ger\u00e4umt werden. Offensichtlich hatte der Sturm die Fliesen von einem Anh\u00e4nger auf die Fahrbahn geweht. Durch den schnellen Einsatz konnten Unf\u00e4lle verhindert werden. Auf der A6, H\u00f6he Theodor-Heuss-Br\u00fccke, ragte um 16.28 Uhr ein verschobenes Verkehrsschild in die Fahrbahn. Die Gefahrenstellte wurde beseitigt. Um 17.21 Uhr, mussten Polizeikr\u00e4fte einen Baum, der in die Fahrbahn auf der A65 H\u00f6he Anschlussstelle Mutterstadt-Ruchheim ragte, zur Seite ziehen. Die Beschilderung der Baustelle auf der A65 kurz hinter Ha\u00dfloch war um 00.34 Uhr durch den Sturm umgeweht und ragte in die Fahrbahn. Die Beschilderung wurde von uns zur Seite ger\u00e4umt und die verantwortliche Firma verst\u00e4ndigt. Ein weiterer Baum ragte um 00.48 Uhr in die Fahrbahn der A650 H\u00f6he Ellerstadt. Polizeibeamte konnten diesen zur Seite r\u00e4umen.<\/p>\n\n\n\n<p>Durch den schnellen Einsatz der Polizeikr\u00e4fte konnten alle Gefahrenstellen schnell beseitigt werden, weshalb es bisher nur zu einem sch\u00e4digenden Ereignis wegen des Sturms gekommen ist.<\/p>\n\n\n\n<h4 class=\"wp-block-heading\">(Ludwigshafen) &#8211; Geplante Auseinandersetzung in der Innenstadt<\/h4>\n\n\n\n<figure class=\"wp-block-image\"><img decoding=\"async\" loading=\"lazy\" width=\"800\" height=\"533\" src=\"https:\/\/speyer24news.com\/wp-content\/uploads\/2021\/03\/fist-1561157_1920.jpg\" alt=\"\" class=\"wp-image-33801\" srcset=\"https:\/\/speyer24news.com\/wp-content\/uploads\/2021\/03\/fist-1561157_1920.jpg 800w, https:\/\/speyer24news.com\/wp-content\/uploads\/2021\/03\/fist-1561157_1920-300x200.jpg 300w, https:\/\/speyer24news.com\/wp-content\/uploads\/2021\/03\/fist-1561157_1920-768x512.jpg 768w\" sizes=\"(max-width: 800px) 100vw, 800px\" \/><\/figure>\n\n\n\n<p>Bei der Polizei Ludwigshafen gingen Hinweise auf eine am Freitagnachmittag geplante Auseinandersetzung von mehreren Personen ein. Mit starken Polizeikr\u00e4ften wurde daraufhin ab 16 Uhr das Stadtgebiet Ludwigshafen \u00fcberwacht. Dabei konnten im Innenstadtbereich insgesamt 61 Personen im Alter zwischen 13 und 20 Jahren kontrolliert werden. Davon wurden zw\u00f6lf Personen in Gewahrsam genommen, da sie zum Teil Schlagwerkzeuge mit sich f\u00fchrten. Die anderen Personen erhielten einen Platzverweis f\u00fcr die Innenstadt. Verletzte sind der Polizei nicht bekannt. Es wurden Ermittlungen wegen des Verdachts des Landfriedensbruchs und der Bildung bewaffneter Gruppen eingeleitet. Die Einsatzma\u00dfnahmen waren gegen 18:30 Uhr beendet.<\/p>\n\n\n\n<h4 class=\"wp-block-heading\">(Ludwigshafen) &#8211; Geplante Auseinandersetzung in der Innenstadt \/ Berichtigung der in Gewahrsam genommenen Personen<\/h4>\n\n\n\n<p>Wie bereits berichtet gingen bei der Polizei Ludwigshafen Hinweise auf eine am Freitagnachmittag geplante Auseinandersetzung von mehreren Personen ein. Mit starken Polizeikr\u00e4ften wurde daraufhin ab 16 Uhr das Stadtgebiet Ludwigshafen \u00fcberwacht. Dabei konnten im Innenstadtbereich insgesamt 61 Personen im Alter zwischen 13 und 20 Jahren kontrolliert werden. Bei den Kontrollma\u00dfnahmen wurden schlie\u00dflich neun Personen (nicht wie urspr\u00fcnglich berichtet zw\u00f6lf Personen) in Gewahrsam genommen, da sie zum Teil Schlagwerkzeuge mit sich f\u00fchrten. Die anderen Personen erhielten einen Platzverweis f\u00fcr die Innenstadt. Verletzte sind der Polizei nicht bekannt. Es wurden Ermittlungen wegen des Verdachts des Landfriedensbruchs und der Bildung bewaffneter Gruppen eingeleitet. Die Einsatzma\u00dfnahmen waren gegen 18:30 Uhr beendet.<\/p>\n\n\n\n<h4 class=\"wp-block-heading\">(Ludwigshafen) &#8211; Hund und Herrchen gehen aufeinander los<\/h4>\n\n\n\n<p>Zwei Leichtverletzte sind das Ergebnis einer Auseinandersetzung zwischen einem 55- und einem 56-J\u00e4hrigen am Donnerstag (11.03.2021). Die beiden M\u00e4nner f\u00fchrten gegen 20.15 Uhr ihre Hunde im Bereich des Br\u00fcsseler Ring aus, als einer der Hunde den anderen Hund angriff. Um seinen Hund zu sch\u00fctzen, griff der 56-J\u00e4hrige zu einem Tierabwehrspray und spr\u00fchte in Richtung Hund. Hierbei traf er nicht nur den Hund, sondern auch den 55-J\u00e4hrigen, der dem 56-J\u00e4hrigen daraufhin ins Gesicht schlug. Gegen beide Kontrahenten wurden Anzeigen wegen K\u00f6rperverletzung gestellt.<\/p>\n\n\n\n<h4 class=\"wp-block-heading\">(Ludwigshafen) &#8211; E-Bike kollidiert mit PKW<\/h4>\n\n\n\n<p>Mit leichten Verletzungen wurde am Donnerstag (11.03.2021) eine 51-j\u00e4hrige E-Bike-Fahrerin in ein Krankenhaus eingeliefert, nachdem sie mit einem PKW kollidierte. Die Frau war gegen 17.30 Uhr mit ihrem E-Bike in der Saarlandstra\u00dfe unterwegs und fuhr verbotswidrig entgegensetzt der Fahrtrichtung auf einem Radweg. Eine 33-J\u00e4hrige wollte in diesem Moment mit ihrem PKW aus einem Anwesen auf die Stra\u00dfe fahren und rechnete nicht mit der Radfahrerin aus der Richtung. Die 51-J\u00e4hrige kollidierte anschlie\u00dfend mit der Fahrzeugfront. Insgesamt entstand ein Sachschaden in H\u00f6he von 800 Euro.<\/p>\n\n\n\n<h4 class=\"wp-block-heading\">(Ludwigshafen) &#8211; 9-J\u00e4hriger \u00fcbersieht PKW<\/h4>\n\n\n\n<p>Ein 9-J\u00e4hriger wurde am Donnertag (11.03.2021) mit leichten Verletzungen in ein Krankenhaus eingeliefert, nachdem er mit einem fahrenden PKW kollidierte. Der Junge wollte gegen 14 Uhr mit seinem Fahrrad die Stra\u00dfe am Weidenschlag \u00fcberqueren und \u00fcbersah hierbei einen fahrenden PKW. Der PKW konnte nicht mehr rechtzeitig bremsen und erfasste den Jungen. Der 9-J\u00e4hrige wurde durch die Kollision leicht verletzt und musste medizinisch behandelt werden. Insgesamt entstand ein Sachschaden in H\u00f6he von 900 Euro. Hinweise werden an die Polizeiwache Oggersheim unter Tel. 0621 963 &#8211; 2403 oder per Mail&nbsp;<a href=\"mailto:pwoggersheim@polizei.rlp.de\">pwoggersheim@polizei.rlp.de<\/a>&nbsp;erbeten.<\/p>\n\n\n\n<h4 class=\"wp-block-heading\">(Ludwigshafen) &#8211; Falscher Microsoft-Mitarbeiter<\/h4>\n\n\n\n<p>Ein unbekannter Mann meldete sich am Donnerstag (11.03.2021), gegen 9.20 Uhr per Telefon bei einer 85-J\u00e4hrigen aus Ludwigshafen und gab sich als Microsoft-Mitarbeiter aus. Der Mann fragte die Seniorin, ob sie einen Computer besitzen w\u00fcrde. Da die 85-J\u00e4hrige dies verneinte, legte der Unbekannte auf. So k\u00f6nnen Sie sich gegen Betr\u00fcger am Telefon sch\u00fctzen: Microsoft f\u00fchrt nach eigenen Angaben keine unaufgeforderten Telefonanrufe durch, um schadhafte Ger\u00e4te zu reparieren. Selbst auf offizielle Support-Anfragen erfolgen Hilfestellungen fast ausschlie\u00dflich per E-Mail. Wenn Sie einen solchen Anruf erhalten, legen Sie auf und melden Sie diesen Ihrer Polizei.<\/p>\n\n\n\n<h4 class=\"wp-block-heading\">(Ludwigshafen) &#8211; Rote Ampel missachtet<\/h4>\n\n\n\n<p>Eine zivile Polizeistreife beobachtete am Donnerstag (11.03.2021), wie ein 32-J\u00e4hriger mit seinem PKW in der Heinigstra\u00dfe bei Rot \u00fcber die Ampel fuhr. Als die Polizei ihm kontrollierte, h\u00e4ndigte er einen kroatischen F\u00fchrerschein aus, den er in einem Urlaub in Kroatien erlangte. Da der 32-J\u00e4hrige keinen Wohnsitz in Kroatien besitzt und in Ludwigshafen gemeldet ist, verliert der F\u00fchrerschein aber seine G\u00fcltigkeit. Der 32-J\u00e4hrige muss sich nun wegen das Fahrens ohne Fahrerlaubnis und dem Rotlichtversto\u00df verantworten.<\/p>\n\n\n\n<h4 class=\"wp-block-heading\">(Ludwigshafen) &#8211; Dank Zeugenhinweis \/ Unfallfl\u00fcchtiger ermittelt<\/h4>\n\n\n\n<p>Nachtrag zu&nbsp;<a target=\"_blank\" href=\"https:\/\/www.presseportal.de\/blaulicht\/pm\/117696\/4859689\" rel=\"noreferrer noopener\">https:\/\/www.presseportal.de\/blaulicht\/pm\/117696\/4859689<\/a><\/p>\n\n\n\n<p>Dank einem Zeugenhinweis konnte die Polizei einen 57-J\u00e4hrigen aus Ludwigshafen als verantwortlichen Fahrer zum Unfallzeitpunkt ermitteln. Den Mann erwartet nun ein Strafverfahren wegen fahrl\u00e4ssiger K\u00f6rperverletzung sowie Verkehrsunfallflucht.<\/p>\n\n\n\n<h4 class=\"wp-block-heading\">(Mannheim-Lindenhof) &#8211; Mann verursacht alkoholisiert Unfall<\/h4>\n\n\n\n<p>In der Nacht von Donnerstag auf Freitag verursachte ein 36-j\u00e4hriger Renault-Fahrer alleinbeteiligt einen Unfall in der Lindenhofstra\u00dfe. Der Mann war vermutlich mit \u00fcberh\u00f6hter Geschwindigkeit unterwegs und kam infolgedessen von der Fahrbahn ab. Hierbei besch\u00e4digte er ein Stra\u00dfenschild und seinen Pkw, an dem ein Totalschaden entstand. Der Mann blieb unverletzt. Da ein freiwilliger Atemalkoholtest einen Wert von 0,66 Promille ergab, wurde auf der Dienststelle eine Blutentnahme durchgef\u00fchrt. Nach Abschluss der notwendigen Ma\u00dfnahmen konnte der 36-J\u00e4hrige wieder nach Hause gehen, allerdings zu Fu\u00df.<\/p>\n\n\n\n<p>Er gelangt nun wegen der Verursachung eines Verkehrsunfalls unter Alkoholeinfluss zur Anzeige. Ein Fahrzeug darf er vorerst nicht mehr f\u00fchren.<\/p>\n\n\n\n<h4 class=\"wp-block-heading\">(Mannheim-Feudenheim) &#8211; Unbekannter Radfahrer schl\u00e4gt Au\u00dfenspiegel von Pkw ab \/ Polizei sucht Zeugen<\/h4>\n\n\n\n<p>Am Donnerstag, gegen 08:30 Uhr, besch\u00e4digte ein unbekannter Fahrradfahrer in der Hauptstra\u00dfe an der Einm\u00fcndung Neckarstra\u00dfe einen Citroen. Der Fahrer des schwarzen Citroen Berlingo befuhr die Hauptstra\u00dfe in Richtung Innenstadt. Um nach links in die Neckarstra\u00dfe abzubiegen, hielt er verkehrsbedingt an. Pl\u00f6tzlich kam ein Radfahrer neben dem Citroen zum Stehen, beleidigte den Fahrer, schlug dann mit der Hand den rechten Au\u00dfenspiegel des Fahrzeugs ab und fuhr anschlie\u00dfend in Richtung Innenstadt davon.<\/p>\n\n\n\n<p>Der Radfahrer war ca. 25 bis 30 Jahre alt und hatte kurze braune Haare. Er trug eine dunkle Jacke und eine schwarze M\u00fctze und fuhr ein rotes Fahrrad der Marke Peugeot.<\/p>\n\n\n\n<p>Die Polizei hat die Ermittlungen wegen Sachbesch\u00e4digung aufgenommen und bittet Zeugen, die sachdienliche Hinweise zu dem unbekannten Radfahrer und\/oder zum Tathergang geben k\u00f6nnen, sich mit dem Polizeirevier Mannheim-K\u00e4fertal, Tel.: 0621\/718490, in Verbindung zu setzen.<\/p>\n\n\n\n<h4 class=\"wp-block-heading\">(Mannheim-K\u00e4fertal) &#8211; Fahrradfahrer bei Verkehrsunfall leicht verletzt \/ Verursacher fl\u00fcchtig<\/h4>\n\n\n\n<p>Bei einem Verkehrsunfall am fr\u00fchen Freitagmorgen wurde ein 30-j\u00e4hriger Fahrradfahrer leicht verletzt. Der Mann war gegen 1.30 Uhr mit seinem Fahrrad auf der Weinheimer Stra\u00dfe unterwegs. An der Einm\u00fcndung zur Merziger Stra\u00dfe bog ein unbekanntes Fahrzeug aus der Merziger Stra\u00dfe nach links ab. Dabei erfasste es den 30-J\u00e4hrigen, der hierdurch zu Boden st\u00fcrzte. Der Unbekannte fuhr, ohne anzuhalten einfach weiter.<\/p>\n\n\n\n<p>Durch den Sturz erlitt der Fahrradfahrer Blessuren an Arm, Bein und Schulter. Er begab sich selbst\u00e4ndig in \u00e4rztliche Behandlung.<\/p>\n\n\n\n<p>Bei dem fl\u00fcchtigen Fahrzeug soll es sich um einen schwarzen Kombi gehandelt haben. N\u00e4heres hierzu ist nicht bekannt.<\/p>\n\n\n\n<p>Zeugen, die den Unfall beobachtet haben, werden gebeten, sich beim Polizeirevier Mannheim-K\u00e4fertal, Tel.: 0621\/71849-0 zu melden.<\/p>\n\n\n\n<h4 class=\"wp-block-heading\">(Heidelberg \/ Stuttgart) &#8211; Drei Jahre Sicherheitspartnerschaft der Stadt Heidelberg und des Ministeriums f\u00fcr Inneres, Digitalisierung und Migration &#8222;Sicher in Heidelberg&#8220;<a href=\"https:\/\/www.facebook.com\/sharer.php?u=https%3A%2F%2Fwww.presseportal.de%2Fblaulicht%2Fpm%2F14915%2F4862373%2F%3Futm_source%3Dfacebook%26utm_medium%3Dsocial\"><\/a><a href=\"https:\/\/twitter.com\/intent\/tweet?text=POL-MA%3A%20Heidelberg%2FStuttgart%3A%20Drei%20Jahre%20Sicherheitspartnerschaft%20der%20Stadt%20Heidelberg%20und%20des%20Ministeriums%20f%C3%BCr%20Inneres%2C%20Digitalisierung%20und%20Migration%20%22Sicher%20in%20Heidelberg%22&amp;url=https%3A%2F%2Fwww.presseportal.de%2Fblaulicht%2Fpm%2F14915%2F4862373%2F%3Futm_source%3Dtwitter%26utm_medium%3Dsocial&amp;hashtags=ots&amp;lang=de\"><\/a><a href=\"https:\/\/web.whatsapp.com\/send?text=POL-MA%3A%20Heidelberg%2FStuttgart%3A%20Drei%20Jahre%20Sicherheitspartnerschaft%20der%20Stadt%20Heidelberg%20und%20des%20Ministeriums%20f%C3%BCr%20Inneres%2C%20Digitalisierung%20und%20Migration%20%22Sicher%20in%20Heidelberg%22%0A%0Ahttps%3A%2F%2Fwww.presseportal.de%2Fblaulicht%2Fpm%2F14915%2F4862373%2F%3Futm_source%3Dwhatsapp%26utm_medium%3Dsocial\"><\/a><a href=\"https:\/\/www.xing.com\/app\/user?op=share;url=https%3A%2F%2Fwww.presseportal.de%2Fblaulicht%2Fpm%2F14915%2F4862373%2F%3Futm_source%3Dxing%26utm_medium%3Dsocial\"><\/a><a href=\"http:\/\/www.linkedin.com\/shareArticle?mini=true&amp;url=https%3A%2F%2Fwww.presseportal.de%2Fblaulicht%2Fpm%2F14915%2F4862373%2F%3Futm_source%3Dlinkedin%26utm_medium%3Dsocial&amp;title=POL-MA%3A+Heidelberg%2FStuttgart%3A+Drei+Jahre+Sicherheitspartnerschaft+der+Stadt+Heidelberg+und+des+Ministeriums+f%C3%BCr+Inneres%2C+Digitalisierung+und+Migration+%22Sicher+in+Heidelberg%22\"><\/a><a href=\"mailto:?subject=POL-MA%3A%20Heidelberg%2FStuttgart%3A%20Drei%20Jahre%20Sicherheitspartnerschaft%20der%20Stadt%20Heidelberg%20und%20des%20Ministeriums%20f%C3%BCr%20Inneres%2C%20Digitalisierung%20und%20Migration%20%22Sicher%20in%20Heidelberg%22&amp;body=https:\/\/www.presseportal.de\/blaulicht\/pm\/14915\/4862373\"><\/a><\/h4>\n\n\n\n<p>Gemeinsame Pressemitteilung des Ministeriums f\u00fcr Inneres, Digitalisierung und Migration und der Stadt Heidelberg zum Thema &#8222;Drei Jahre Sicherheitspartnerschaft in Heidelberg.<\/p>\n\n\n\n<p><strong>Lesen sie die Meldung hier als PDF-Datei:<\/strong><\/p>\n\n\n\n<div class=\"wp-block-file\"><a href=\"https:\/\/speyer24news.com\/wp-content\/uploads\/2021\/03\/20210312_PM3JahreSiPaStadtHDIM.pdf\">20210312_PM3JahreSiPaStadtHDIM<\/a><a href=\"https:\/\/speyer24news.com\/wp-content\/uploads\/2021\/03\/20210312_PM3JahreSiPaStadtHDIM.pdf\" class=\"wp-block-file__button\" download>Herunterladen<\/a><\/div>\n\n\n\n<h4 class=\"wp-block-heading\">(Heidelberg) &#8211; Sporthalle der Geschwister-Scholl-Schule ger\u00e4t in Brand<\/h4>\n\n\n\n<h4 class=\"wp-block-heading\" style=\"text-align:center\">Pressemeldung Nr. 1<\/h4>\n\n\n\n<p>Aus bislang ungekl\u00e4rter Ursache geriet am Freitagabend gegen 19.50 Uhr die Sporthalle der Geschwister-Scholl-Schule in der K\u00f6nigberger Stra\u00dfe in Brand. Aktuell sind die L\u00f6scharbeiten durch die Berufsfeuerwehr Heidelberg noch im Gange. Personen wurden nicht verletzt.<\/p>\n\n\n\n<h4 class=\"wp-block-heading\">(Heidelberg) &#8211; Motorradfahrer bei Auffahrunfall leicht verletzt<\/h4>\n\n\n\n<p>Am fr\u00fchen Freitagnachmittag wurde ein Motorradfahrer bei einem Auffahrunfall im Stadtteil Bergheim leicht verletzt.<\/p>\n\n\n\n<p>Der 37-J\u00e4hrige war kurz vor 13 Uhr mit seiner Honda in der Bergheimer Stra\u00dfe in Richtung Bismarckplatz unterwegs, als er kurz nach der Kreuzung Bluntschlistra\u00dfe auf einen vorausfahrenden VW auffuhr, dessen 54-j\u00e4hriger Fahrer verkehrsbedingt abbremsen musste. Der Biker st\u00fcrzte zu Boden und verletzte sich leicht. Nach seiner Erstbehandlung vor Ort wurde er mit einem Rettungswagen zur ambulanten Behandlung in eine Klinik gebracht.<\/p>\n\n\n\n<p>Das Motorrad musste abgeschleppt werden. Der Gesamtschaden d\u00fcrfte sch\u00e4tzungsweise bei ca. 8.000.- Euro liegen.<\/p>\n\n\n\n<p>Der Verkehr stadteinw\u00e4rts war w\u00e4hrend der Unfallaufnahme f\u00fcr rund 90 Minuten behindert. Der Verkehr wurde \u00fcber die Stra\u00dfenbahnschienen an der Unfallstelle vorbeigeleitet.<\/p>\n\n\n\n<h4 class=\"wp-block-heading\">(Heidelberg) &#8211; 27-J\u00e4hriger wegen Verdachts des Diebstahls in mehreren F\u00e4llen auf Antrag der Staatsanwaltschaft Heidelberg in Untersuchungshaft<\/h4>\n\n\n\n<h4 class=\"wp-block-heading\">Gemeinsame Pressemitteilung der Staatsanwaltschaft Heidelberg und des Polizeipr\u00e4sidiums Mannheim<\/h4>\n\n\n\n<div class=\"wp-block-image\"><figure class=\"aligncenter\"><img decoding=\"async\" src=\"https:\/\/speyer24news.com\/wp-content\/uploads\/2019\/12\/Zelle.jpg\" alt=\"\" class=\"wp-image-23580\"\/><\/figure><\/div>\n\n\n\n<p>Auf Antrag der Staatsanwaltschaft Heidelberg wurde Haftbefehl gegen einen 27-j\u00e4hrigen Mann erlassen. Er steht im dringenden Verdacht, in f\u00fcnf F\u00e4llen, zuletzt am Donnerstag, den 11.03.2021, Diebst\u00e4hle begangen zu haben.<\/p>\n\n\n\n<p>Der Tatverd\u00e4chtige soll am Donnerstagmittag gegen 13:45 Uhr in einem Kaufhaus in der Bergheimer Stra\u00dfe zwei Parf\u00fcms im Gesamtwert von \u00fcber 325,- Euro entwendet haben. Er soll die Ware in seinem mitgef\u00fchrten Rucksack verstaut und anschlie\u00dfend das Kaufhaus verlassen haben, ohne die Ware zu bezahlen. Der Kaufhausdetektiv hatte den Tatverd\u00e4chtigen bei seinem Handeln beobachtet und sofort die Polizei verst\u00e4ndigt. Beamte des Polizeireviers Heidelberg-Mitte nahmen den 27-J\u00e4hrigen im B\u00fcro des Kaufhausdetektives vorl\u00e4ufig fest.<\/p>\n\n\n\n<p>Der Beschuldigte steht dar\u00fcber hinaus im Verdacht, Diebst\u00e4hle in vier weiteren F\u00e4llen, darunter Fahrrad- und weitere Ladendiebst\u00e4hle, in Heidelberg in der Absicht begangen zu haben, sich eine dauerhafte Einnahmequelle zu verschaffen.<\/p>\n\n\n\n<p>Am Freitag wurde der 27-j\u00e4hrige tunesische Staatsangeh\u00f6rige der Ermittlungsrichterin beim Amtsgericht Heidelberg vorgef\u00fchrt. Diese erlie\u00df auf Antrag der Staatsanwaltschaft Heidelberg Haftbefehl wegen Fluchtgefahr. Anschlie\u00dfend wurde der Beschuldigte in eine Justizvollzugsanstalt eingeliefert.<\/p>\n\n\n\n<p>Die Ermittlungen der Staatsanwaltschaft Heidelberg und des Polizeireviers Heidelberg-Mitte dauern an.<\/p>\n\n\n\n<h4 class=\"wp-block-heading\">(Heidelberg) &#8211; Brand in Heidelberger Altstadt; Brandhaus einsturzgef\u00e4hrdet-Ermittlungen dadurch verz\u00f6gert<\/h4>\n\n\n\n<h4 class=\"wp-block-heading\" style=\"text-align:center\">Pressemitteilung Nr. 4<\/h4>\n\n\n\n<p>Das Haus in der Heidelberger Altstadt, in dem am fr\u00fchen Sonntagmorgen des 07. M\u00e4rz im zweiten Obergeschoss ein Brand ausbrach, wurde mittlerweile von einem Statiker begutachtet.<\/p>\n\n\n\n<p>Nach den derzeitigen Erkenntnissen ist das Haus einsturzgef\u00e4hrdet, weshalb die Brandexperten der Kriminalpolizeidirektion Heidelberg bislang noch keine Detailermittlungen in der beschlagnahmten Brandwohnung durchf\u00fchren konnten. Dies wird erst dann der Fall sein, wenn ein Betreten gefahrlos m\u00f6glich ist.<\/p>\n\n\n\n<p>Das Feuer war kurz nach 1 Uhr in einer Wohnung des Mehrfamilienhauses in der Hauptstra\u00dfe, aus unbekannter Ursache, ausgebrochen und hatte sich auf das dar\u00fcber liegende Dachgeschoss ausgebreitet.<\/p>\n\n\n\n<p>Trotz des schnellen Eingreifens mehrerer Feuerwehren mit \u00fcber 100 Einsatzkr\u00e4ften, griff das Feuer auch auf die Dachgeschosse zweier unmittelbar benachbarter H\u00e4user \u00fcber, die ebenfalls stark in Mitleidenschaft gezogen wurden. Der entstandene Sachschaden d\u00fcrfte im siebenstelligen Bereich liegen.<\/p>\n\n\n\n<p>Der 29-j\u00e4hrige Bewohner der Brandwohnung hatte sich leichte Brandverletzungen zugezogen, die in einer Klinik ambulant behandelt wurden.<\/p>\n\n\n\n<p>Die Ermittlungen Kriminalpolizeidirektion Heidelberg dauern an.<\/p>\n\n\n\n<h4 class=\"wp-block-heading\">(Heidelberg-Neuenheim) &#8211; Betrug durch Messerschleifer \/ Zeugen gesucht<\/h4>\n\n\n\n<p>Im Heidelberger Stadtteil Neuenheim wurde vergangenen Donnerstag, gegen 15:30 Uhr, eine 96-J\u00e4hrige durch sogenannte &#8222;Messerschleifer&#8220; betrogen. Die Betr\u00fcger klingelten bei der Dame und fragten, ob sie Messer und Scheren zum Schleifen habe. Daraufhin \u00fcbergab sie einer Frau einige Scheren. Nach einiger Zeit kam ein Mann mit den geschliffenen Scheren zur\u00fcck und verlangte eine 3-stellige Geldsumme. Die Seniorin bezahlte und der Mann entfernte sich mit dem Vorwand das noch ausstehende Wechselgeld zu holen, kehrte aber nicht mehr zur\u00fcck.<\/p>\n\n\n\n<p>Die Betr\u00fcger konnten wie folgt beschrieben werden:<\/p>\n\n\n\n<ul><li>Frau: ca. 40 Jahre alt, kr\u00e4ftige Statur, ca. 170cm gro\u00df, dunkle Haare, dicke Beine, trug eine braun-beige Jacke und eine dunkle Hose<\/li><li>Mann: ca. 35 Jahre alt, schlank, ca. 175cm gro\u00df, kurze dunkle Haare, Halbglatze, trug dunkle Kleidung <\/li><\/ul>\n\n\n\n<p>Zeugen, die sachdienliche Hinweise geben k\u00f6nnen, werden gebeten, sich unter Tel.: 06221-45690 beim Polizeirevier Heidelberg-Nord zu melden.<\/p>\n\n\n\n<h4 class=\"wp-block-heading\">(Wiesloch \/ Rhein-Neckar-Kreis) &#8211; Einbruch in Imbiss \/ Polizei sucht Zeugen<\/h4>\n\n\n\n<p>Im Zeitraum zwischen dem 10.03.2021, 19:00 Uhr und dem 11.03.2021, 11:00 Uhr kam es zu einem Einbruch in einen Imbiss auf dem Parkplatz eines Supermarktes im Eichelweg. Bislang unbekannte T\u00e4ter hebelten die T\u00fcr zu einem Lagerraum des Imbiss-Standes auf und besch\u00e4digten hierdurch das T\u00fcrschloss. Ob etwas entwendet wurde, ist bislang noch nicht bekannt.<\/p>\n\n\n\n<p>Zeugen, die sachdienliche Hinweise geben k\u00f6nnen, werden gebeten, sich beim Bezirksdienst des Polizeireviers Wiesloch unter Tel.: 06222-5709120 zu melden.<\/p>\n\n\n\n<h4 class=\"wp-block-heading\">(Waibstadt \/ Rhein-Neckar-Kreis) &#8211; Unbekannter bricht drei Autos und einen Bagger auf; Zeugen gesucht<\/h4>\n\n\n\n<p>Ein bislang unbekannter T\u00e4ter brach in der Nacht von Mittwoch auf Donnerstag drei Autos und einen Bagger auf.<\/p>\n\n\n\n<p>Die Fahrzeuge waren auf einem Parkplatz in der Karlstra\u00dfe, Ecke Richard-Wagner-Stra\u00dfe, in der Alten Sinsheimer Stra\u00dfe und in der Wackerstra\u00dfe abgestellt. Das Baustgellenfahrzeug stand in der Friedrich-Ebert-Stra\u00dfe.<\/p>\n\n\n\n<p>An allen Fahrzeugen wurden Heck- oder Seitenscheiben eingeschlagen, um an Beute zu kommen. Ob etwas entwendet wurde, steht noch nicht fest.<\/p>\n\n\n\n<p>Der Sachschaden d\u00fcrfte bei mehreren tausend Euro liegen.<\/p>\n\n\n\n<p>Der Polizeiposten Waibstadt hat die weiteren Ermittlungen \u00fcbernommen.<\/p>\n\n\n\n<p>Hinweise zu den Taten und\/oder dem T\u00e4ter bitte an den Polizeiposten Waibstadt, Tel.: 07263\/5807 oder an das Polizeirevier Sinsheim, Tel.: 07261\/690-0.<\/p>\n\n\n\n<h4 class=\"wp-block-heading\">(Eberbach \/ Rhein-Neckar-Kreis) &#8211; Gasgeruch in Schule \/ Gro\u00dfeinsatz von Polizei, Feuerwehr und Rettungskr\u00e4ften<\/h4>\n\n\n\n<h4 class=\"wp-block-heading\" style=\"text-align:center\">Pressemitteilung Nr. 1<\/h4>\n\n\n\n<figure class=\"wp-block-image\"><img decoding=\"async\" loading=\"lazy\" width=\"640\" height=\"428\" src=\"https:\/\/speyer24news.com\/wp-content\/uploads\/2021\/02\/Feuerwehr-Polizei.jpg\" alt=\"\" class=\"wp-image-33096\" srcset=\"https:\/\/speyer24news.com\/wp-content\/uploads\/2021\/02\/Feuerwehr-Polizei.jpg 640w, https:\/\/speyer24news.com\/wp-content\/uploads\/2021\/02\/Feuerwehr-Polizei-300x201.jpg 300w\" sizes=\"(max-width: 640px) 100vw, 640px\" \/><\/figure>\n\n\n\n<p>Aufgrund von Gasgeruch wurde eine Schule im Parallelweg am Freitagmorgen vorsorglich ger\u00e4umt.<\/p>\n\n\n\n<p>Gegen 10.35 Uhr wurde der ungew\u00f6hnliche Geruch im Geb\u00e4ude festgestellt und die Feuerwehr sowie Polizei alarmiert. Hieraufhin wurden die knapp 100 Sch\u00fcler des Gymnasiums und das Personal vorsorglich evakuiert. Rettungskr\u00e4fte waren ebenfalls mit einem Gro\u00dfaufgebot vor Ort, Verletzte wurden bislang nicht festgestellt.<\/p>\n\n\n\n<p>Eine Untersuchung der Feuerwehr ergab, dass Gas aus einer Leitung in einem Unterrichtsraum im Nebentrakt der Schule ausgetreten war. Die Einsatzma\u00dfnahmen zur Ursachenerforschung, sowie St\u00f6rungsbeseitigung durch Feuerwehr und zahlreich eingesetzten Beamten des Polizeireviers Eberbach dauern derzeit an.<\/p>\n\n\n\n<h4 class=\"wp-block-heading\">(Eberbach \/ Rhein-Neckar-Kreis) &#8211; Gasgeruch in Schule \/ Gro\u00dfeinsatz von Polizei, Feuerwehr und Rettungskr\u00e4ften<\/h4>\n\n\n\n<h4 class=\"wp-block-heading\" style=\"text-align:center\">Pressemitteilung Nr. 2<\/h4>\n\n\n\n<p>Nachdem am Freitagmorgen \u00fcber mehr als eine Stunde unbemerkt Gas aus einem Leck einer Gasleitung in einem Unterrichtsraum austrat, sind die Einsatzma\u00dfnahmen der Polizei und der freiwilligen Feuerwehr Eberbach und Leimen abgeschlossen. Der Hausmeister der Schule bemerkte den Gasgeruch, drehte die Hauptzufuhr ab und verst\u00e4ndigte die Einsatzkr\u00e4fte. In einem benachbarten Klassenzimmer befanden sich 23 Sch\u00fclerinnen und Sch\u00fcler, gl\u00fccklicherweise kam aber niemand zu Schaden. Die evakuierten Sch\u00fcler wurden in einer nahegelegenen Turnhalle betreut. Die Feuerwehr Eberbach l\u00fcftete das Geb\u00e4ude mit gro\u00dfen Ventilatoren und beseitigten die Gefahr. Die Stadtwerke Eberbach schalteten w\u00e4hrend der Einsatzma\u00dfnahmen von 11:05 Uhr bis 12:45 Uhr die Stromzufuhr der Schule ab. Ob ein fahrl\u00e4ssiges Verhalten einer Fachfirma bei Renovierungsarbeiten urs\u00e4chlich f\u00fcr den Gasaustritt war, ist Gegenstand weiterer Ermittlungen. Von 10:45 Uhr bis 12:45 Uhr musste die Zufahrt Hirschhorner Landstra\u00dfe\/Karlstalweg gesperrt werden. Das Gasrohr konnte durch eine verst\u00e4ndigte Firma abgedichtet werden.<\/p>\n\n\n\n<h4 class=\"wp-block-heading\">(Hirschberg an der Bergstra\u00dfe \/ Rhein-Neckar-Kreis) &#8211; Bei Wendeman\u00f6ver mit nachfolgendem Auto kollidiert<\/h4>\n\n\n\n<p>Am Donnerstag gegen 19:30 Uhr kam es im Bereich Bergstra\u00dfe \/ Lindenstra\u00dfe zu einem Unfall zwischen einer 53-j\u00e4hrigen BMW-Fahrerin und einem 49-j\u00e4hrigen VW-Fahrer. Die 53-j\u00e4hrige Frau fuhr mit ihrem BMW auf der Bergstra\u00dfe in Richtung Weinheim, als sie pl\u00f6tzlich ein Wendeman\u00f6ver durchf\u00fchrte. Hierzu fuhr sie erst nach rechts in die Lindenstra\u00dfe ein, um anschlie\u00dfend wieder auf die Bergstra\u00dfe in Richtung Schriesheim zu gelangen. Bei dem Wendevorgang verunfallte sie mit dem nachfolgenden VW-Fahrer. Durch den Zusammensto\u00df entstand ein Sachschaden von mehreren Tausend Euro. Verletzt wurde niemand.<\/p>\n","protected":false},"excerpt":{"rendered":"<div class=\"mh-excerpt\"><p>Polizeimeldungen vom Freitag (12.03.2021) (Speyer) &#8211; Pilot durch Laserpointer geblendet Zu einem gef\u00e4hrlichen Eingriff in den Luftverkehr kam es am Donnerstabend gegen 21:00 Uhr, indem ein Pilot eines kleineren Passagierflugzeuges durch einen gr\u00fcnen Laserstahl, ausgehend <a class=\"mh-excerpt-more\" href=\"https:\/\/speyer24news.com\/?p=34061\" title=\"Polizei\">[&#8230;]<\/a><\/p>\n<\/div>","protected":false},"author":3,"featured_media":0,"comment_status":"open","ping_status":"open","sticky":false,"template":"","format":"standard","meta":{"_monsterinsights_skip_tracking":false,"_monsterinsights_sitenote_active":false,"_monsterinsights_sitenote_note":"","_monsterinsights_sitenote_category":0,"footnotes":""},"categories":[12],"tags":[3614,61,2555,6955,6986,6263,63,105,6987,53,4854,4683,1548,102,213,55,5261,103,106,2803,2423,427,2625,380,104,979,1565],"aioseo_notices":[],"amp_enabled":true,"_links":{"self":[{"href":"https:\/\/speyer24news.com\/index.php?rest_route=\/wp\/v2\/posts\/34061"}],"collection":[{"href":"https:\/\/speyer24news.com\/index.php?rest_route=\/wp\/v2\/posts"}],"about":[{"href":"https:\/\/speyer24news.com\/index.php?rest_route=\/wp\/v2\/types\/post"}],"author":[{"embeddable":true,"href":"https:\/\/speyer24news.com\/index.php?rest_route=\/wp\/v2\/users\/3"}],"replies":[{"embeddable":true,"href":"https:\/\/speyer24news.com\/index.php?rest_route=%2Fwp%2Fv2%2Fcomments&post=34061"}],"version-history":[{"count":1,"href":"https:\/\/speyer24news.com\/index.php?rest_route=\/wp\/v2\/posts\/34061\/revisions"}],"predecessor-version":[{"id":34068,"href":"https:\/\/speyer24news.com\/index.php?rest_route=\/wp\/v2\/posts\/34061\/revisions\/34068"}],"wp:attachment":[{"href":"https:\/\/speyer24news.com\/index.php?rest_route=%2Fwp%2Fv2%2Fmedia&parent=34061"}],"wp:term":[{"taxonomy":"category","embeddable":true,"href":"https:\/\/speyer24news.com\/index.php?rest_route=%2Fwp%2Fv2%2Fcategories&post=34061"},{"taxonomy":"post_tag","embeddable":true,"href":"https:\/\/speyer24news.com\/index.php?rest_route=%2Fwp%2Fv2%2Ftags&post=34061"}],"curies":[{"name":"wp","href":"https:\/\/api.w.org\/{rel}","templated":true}]}}