{"id":34069,"date":"2021-03-13T06:26:47","date_gmt":"2021-03-13T05:26:47","guid":{"rendered":"https:\/\/speyer24news.com\/?p=34069"},"modified":"2021-03-13T06:26:48","modified_gmt":"2021-03-13T05:26:48","slug":"geschwindigkeitsmessung-blitzer-65","status":"publish","type":"post","link":"https:\/\/speyer24news.com\/?p=34069","title":{"rendered":"Geschwindigkeitsmessung \/ Blitzer"},"content":{"rendered":"<style type=\"text\/css\">\r\n\t.ads_top_disp{}\r\n\t.ads_top_corner_disp{ float:left; margin:0px 10px 10px 0px; }\r\n\t.ads_first_p_disp{}\r\n\t.ads_bottom_disp{}\r\n\t<\/style>\n<h2 class=\"wp-block-heading\">Geschwindigkeitskontrollen in der Woche vom 15. bis 19. M\u00e4rz<\/h2>\n\n\n\n<figure class=\"wp-block-image\"><img decoding=\"async\" loading=\"lazy\" width=\"640\" height=\"497\" src=\"https:\/\/speyer24news.com\/wp-content\/uploads\/2020\/12\/Blitzer-2.jpg\" alt=\"\" class=\"wp-image-31937\" srcset=\"https:\/\/speyer24news.com\/wp-content\/uploads\/2020\/12\/Blitzer-2.jpg 640w, https:\/\/speyer24news.com\/wp-content\/uploads\/2020\/12\/Blitzer-2-300x233.jpg 300w\" sizes=\"(max-width: 640px) 100vw, 640px\" \/><\/figure>\n\n\n\n<p><strong>(Mannheim) \u2013\u00a0<\/strong>Die Stadt Mannheim f\u00fchrt vom 15. bis 19. M\u00e4rz in folgenden Stra\u00dfen mobile Geschwindigkeitskontrollen durch:<\/p>\n\n\n\n<p> Braunschweiger Allee<br> B\u00fcrstadter Stra\u00dfe<br> C-Quadrate<br> Dalbergstra\u00dfe<br> D-Quadrate<br> Frankenthaler Stra\u00dfe<br> G-Quadrate<br> Johann-Sch\u00fctte-Stra\u00dfe<br> K-Quadrate (mit Johannes-Kepler-Schule)<br> Kattowitzer Zeile (Sch\u00f6nauschule)<br> Kriegerstra\u00dfe (Gustav-Wiederkehr-Schule)<br> Memeler Stra\u00dfe<br> M-Quadrate (mit Mozartschule 2)<br> R-Quadrate (mit Mozartschule)<br> Rottfeldstra\u00dfe<br> Rudolf-Maus-Stra\u00dfe (Hans-Christian-Andersen-Schule)<br> Sandhofer Stra\u00dfe<br> Sch\u00f6nauer Stra\u00dfe<br> Sonderburger Stra\u00dfe<br> Speyerer Stra\u00dfe<br> Spinnereistra\u00dfe<br> U-Quadrate<br> Viernheimer Weg<br> Wilhelm-Liebknecht-Stra\u00dfe (Almenhofschule)<br> Wasserwerkstra\u00dfe (Elementary School)<\/p>\n\n\n\n<p>Kurzfristige \u00c4nderungen oder zus\u00e4tzliche Messstellen sind aus aktuellem Anlass m\u00f6glich.<\/p>\n\n\n\n<p><em>Stadt Mannheim<br>13.03.2021<\/em><\/p>\n\n\n\n<h2 class=\"wp-block-heading\"><strong>Radarkontrollen f\u00fcr die Woche vom 15. M\u00e4rz bis 21. M\u00e4rz 2021<\/strong><\/h2>\n\n\n\n<figure class=\"wp-block-image\"><img decoding=\"async\" src=\"https:\/\/speyer24news.com\/wp-content\/uploads\/2020\/01\/Radarkontrolle_1.jpg\" alt=\"\" class=\"wp-image-23873\"\/><\/figure>\n\n\n\n<p><strong>(Ludwigshafen) \u2013<\/strong>\u00a0Die Stadt Ludwigshafen\nnimmt in folgenden Stadtteilen Radarkontrollen vor.<\/p>\n\n\n\n<ul><li><strong>Montag, 15. M\u00e4rz: Mundenheim, Mitte und Nord<\/strong><\/li><li><strong>Dienstag, 16. M\u00e4rz: Oggersheim, Oppau und Pfingstweide<\/strong><\/li><li><strong>Mittwoch, 17. M\u00e4rz: Rheing\u00f6nheim, S\u00fcd und Ruchheim<\/strong><\/li><li><strong>Donnerstag, 18. M\u00e4rz: West, Edigheim und Friesenheim<\/strong><\/li><li><strong>Freitag, 19. M\u00e4rz: Gartenstadt, Maudach und Mundenheim<\/strong><\/li><li><strong>Samstag, 20. M\u00e4rz: Mitte, Nord und Oggersheim<\/strong><\/li><\/ul>\n\n\n\n<p>Kurzfristige\n\u00c4nderungen beh\u00e4lt sich der Bereich Stra\u00dfenverkehr vor. Kontrollen k\u00f6nnen auch\nkurzfristig an anderen Stellen statt-finden. <\/p>\n\n\n\n<p><em>Stadt Ludwigshafen am Rhein<br>13.03.2021<\/em><\/p>\n\n\n\n<h2 class=\"wp-block-heading\">(Pr\u00e4sidialbereich RheinPfalz) \u2013 Geschwindigkeitskontrollen im Pr\u00e4sidialbereich im M\u00e4rz<\/h2>\n\n\n\n<figure class=\"wp-block-image\"><img decoding=\"async\" loading=\"lazy\" width=\"800\" height=\"450\" src=\"https:\/\/speyer24news.com\/wp-content\/uploads\/2020\/12\/Blitzer-Logo.jpg\" alt=\"\" class=\"wp-image-31938\" srcset=\"https:\/\/speyer24news.com\/wp-content\/uploads\/2020\/12\/Blitzer-Logo.jpg 800w, https:\/\/speyer24news.com\/wp-content\/uploads\/2020\/12\/Blitzer-Logo-300x169.jpg 300w, https:\/\/speyer24news.com\/wp-content\/uploads\/2020\/12\/Blitzer-Logo-768x432.jpg 768w, https:\/\/speyer24news.com\/wp-content\/uploads\/2020\/12\/Blitzer-Logo-678x381.jpg 678w\" sizes=\"(max-width: 800px) 100vw, 800px\" \/><\/figure>\n\n\n\n<h4 class=\"wp-block-heading\">Im Bereich der&nbsp;<strong>Polizeidirektion Ludwigshafen<\/strong>&nbsp;finden wie folgt Kontrollen statt:<\/h4>\n\n\n\n<ul><li><strong>Freitag 19.03.2021 im Bereich Frankenthal<\/strong><\/li><li><strong>Dienstag 23.03.2021 im Bereich Bobenheim-Roxheim<\/strong><\/li><\/ul>\n\n\n\n<h4 class=\"wp-block-heading\">Im Bereich der&nbsp;<strong>Polizeidirektion Landau<\/strong>&nbsp;finden wie folgt Kontrollen statt:<\/h4>\n\n\n\n<ul><li><strong>Mittwoch 17.03.2021 im Bereich Bad Bergzabern<\/strong><\/li><li><strong>Mittwoch 24.03.2021 im Bereich Lingenfeld<\/strong><\/li><\/ul>\n\n\n\n<h4 class=\"wp-block-heading\">Im Bereich der&nbsp;<strong>Polizeidirektion Neustadt<\/strong>&nbsp;finden wie folgt Kontrollen statt:<\/h4>\n\n\n\n<ul><li><strong>Dienstag 16.03.2021 im Bereich Neustadt<\/strong><\/li><li><strong>Montag 22.03.2021 im Bereich Bad D\u00fcrkheim<\/strong><\/li><li><strong>Freitag 26.03.2021 im Bereich Ha\u00dfloch<\/strong><\/li><\/ul>\n\n\n\n<p>Die Polizei weist ausdr\u00fccklich darauf hin, dass Kontrollen auch au\u00dferhalb der genannten Zeiten und \u00d6rtlichkeiten stattfinden.<\/p>\n\n\n\n<p><em>Polizeipr\u00e4sidium Rheinpfalz<br>27.02.2021<\/em><\/p>\n","protected":false},"excerpt":{"rendered":"<div class=\"mh-excerpt\"><p>Geschwindigkeitskontrollen in der Woche vom 15. bis 19. M\u00e4rz (Mannheim) \u2013\u00a0Die Stadt Mannheim f\u00fchrt vom 15. bis 19. M\u00e4rz in folgenden Stra\u00dfen mobile Geschwindigkeitskontrollen durch: Braunschweiger Allee B\u00fcrstadter Stra\u00dfe C-Quadrate Dalbergstra\u00dfe D-Quadrate Frankenthaler Stra\u00dfe G-Quadrate <a class=\"mh-excerpt-more\" href=\"https:\/\/speyer24news.com\/?p=34069\" title=\"Geschwindigkeitsmessung \/ Blitzer\">[&#8230;]<\/a><\/p>\n<\/div>","protected":false},"author":3,"featured_media":0,"comment_status":"open","ping_status":"open","sticky":false,"template":"","format":"standard","meta":{"_monsterinsights_skip_tracking":false,"_monsterinsights_sitenote_active":false,"_monsterinsights_sitenote_note":"","_monsterinsights_sitenote_category":0,"footnotes":""},"categories":[64],"tags":[18,7702,4819,4814,7703,19,8920,5148,4822,4817,5149,4228,947,8924,5146,4820,4815,5147,227,17,8936,7068,7004,949,8928,4818,4813,1310,948,8932],"aioseo_notices":[],"amp_enabled":true,"_links":{"self":[{"href":"https:\/\/speyer24news.com\/index.php?rest_route=\/wp\/v2\/posts\/34069"}],"collection":[{"href":"https:\/\/speyer24news.com\/index.php?rest_route=\/wp\/v2\/posts"}],"about":[{"href":"https:\/\/speyer24news.com\/index.php?rest_route=\/wp\/v2\/types\/post"}],"author":[{"embeddable":true,"href":"https:\/\/speyer24news.com\/index.php?rest_route=\/wp\/v2\/users\/3"}],"replies":[{"embeddable":true,"href":"https:\/\/speyer24news.com\/index.php?rest_route=%2Fwp%2Fv2%2Fcomments&post=34069"}],"version-history":[{"count":1,"href":"https:\/\/speyer24news.com\/index.php?rest_route=\/wp\/v2\/posts\/34069\/revisions"}],"predecessor-version":[{"id":34070,"href":"https:\/\/speyer24news.com\/index.php?rest_route=\/wp\/v2\/posts\/34069\/revisions\/34070"}],"wp:attachment":[{"href":"https:\/\/speyer24news.com\/index.php?rest_route=%2Fwp%2Fv2%2Fmedia&parent=34069"}],"wp:term":[{"taxonomy":"category","embeddable":true,"href":"https:\/\/speyer24news.com\/index.php?rest_route=%2Fwp%2Fv2%2Fcategories&post=34069"},{"taxonomy":"post_tag","embeddable":true,"href":"https:\/\/speyer24news.com\/index.php?rest_route=%2Fwp%2Fv2%2Ftags&post=34069"}],"curies":[{"name":"wp","href":"https:\/\/api.w.org\/{rel}","templated":true}]}}