{"id":34071,"date":"2021-03-13T06:49:18","date_gmt":"2021-03-13T05:49:18","guid":{"rendered":"https:\/\/speyer24news.com\/?p=34071"},"modified":"2021-03-13T06:52:40","modified_gmt":"2021-03-13T05:52:40","slug":"schifferstadt-100","status":"publish","type":"post","link":"https:\/\/speyer24news.com\/?p=34071","title":{"rendered":"Schifferstadt"},"content":{"rendered":"<style type=\"text\/css\">\r\n\t.ads_top_disp{}\r\n\t.ads_top_corner_disp{ float:left; margin:0px 10px 10px 0px; }\r\n\t.ads_first_p_disp{}\r\n\t.ads_bottom_disp{}\r\n\t<\/style>\n<h2 class=\"wp-block-heading\"><strong>Schnelltestzentrum Schifferstadt: Terminbuchungen m\u00f6glich<\/strong><\/h2>\n\n\n\n<h3 class=\"wp-block-heading\"><strong>Wichtig: Ausweisdokument nicht vergessen <\/strong><\/h3>\n\n\n\n<figure class=\"wp-block-image\"><img decoding=\"async\" src=\"https:\/\/speyer24news.com\/wp-content\/uploads\/2021\/03\/csm_dpa_67168077_Corona-Antigen-Test_2434x1310_b481c8cfbb.jpg\" alt=\"\" class=\"wp-image-33884\"\/><\/figure>\n\n\n\n<p>Ab sofort\nk\u00f6nnen online Termine im Schnelltestzentrum Schifferstadt gebucht werden. Die\nentsprechende Plattform hat das IT-Referat der Stadtverwaltung am Freitag\nfreigeschaltet. Ab Dienstag, 16. M\u00e4rz betreiben der Ortsverein Schifferstadt\nund VG Dannstadt-Schauernheim des Deutschen Roten Kreuzes und der Malteser\nHilfsdienst ein Corona-Schnelltestzentrum im DRK-Haus, Rehbachstra\u00dfe 12. Unter https:\/\/schnelltest.schifferstadt.de\nkann direkt der gew\u00fcnschte Termin ausgew\u00e4hlt und fest gebucht werden. <\/p>\n\n\n\n<p>\u201eEin\nherzliches Dankesch\u00f6n geht an die zahlreichen Helferinnen und Helfer und nat\u00fcrlich\nauch die Leitung der Stadtbeauftragten des MHD Iris Strubel und des DRK-Vorsitzenden\nChristoph Werner\u201c, sagt B\u00fcrgermeisterin Ilona Volk, \u201ewir k\u00f6nnen froh und stolz\nsein, dass wir in Schifferstadt auf so viel ehrenamtliches Engagement z\u00e4hlen\nk\u00f6nnen.\u201c Die beiden kooperierenden Hilfsorganisationen haben bereits\nsignalisiert, dass das Angebot bei Bedarf auch erweitert werden k\u00f6nnte. <\/p>\n\n\n\n<h4 class=\"wp-block-heading\"><strong>Wie l\u00e4uft die Terminvergabe?<\/strong><\/h4>\n\n\n\n<p>Neben\nNamen und Telefonnummer wird bei der Terminbuchung auch eine E-Mail-Adresse\nabgefragt. Nach der erfolgreichen Buchung \u2013 dazu geh\u00f6ren auch die\nDatenschutzerkl\u00e4rung und das Einverst\u00e4ndnis zum Schnelltest, das mittels eines\nHakens erfolgen kann \u2013 bekommen die Testwilligen eine Best\u00e4tigungsmail. Aus\norganisatorischen Gr\u00fcnden sind die Termine zu Beginn jeder halben Stunde im\nMinutentakt auf sechs Buchungen begrenzt.<\/p>\n\n\n\n<p>F\u00fcr B\u00fcrgerinnen\nund B\u00fcrger ohne E-Mail-Postfach gibt es eine Telefon-Hotline, die ebenfalls auf\nder Homepage zu finden ist. Auf der Startseite werden au\u00dferdem verschiedene\nFragen beantwortet und Hinweise gegeben. <\/p>\n\n\n\n<p>Das\nTestzentrum soll dienstags und donnerstags von 8:30 bis 12:30 Uhr (letzte\nTerminbuchung: 12 Uhr) und von 16 bis 19 Uhr (letzte Terminbuchung: 18:30 Uhr)\nsowie samstags von 8:30 bis 19 Uhr (letzte Terminbuchung: 18:30 Uhr) ge\u00f6ffnet\nhaben.<\/p>\n\n\n\n<h4 class=\"wp-block-heading\"><strong>Was muss ich zum Testtermin mitbringen?<\/strong><\/h4>\n\n\n\n<p>Ganz\nwichtig ist, dass der Personalausweis oder ein Reisepass mitgebracht wird. Die\ngetesteten Personen erhalten zum Schluss eine Best\u00e4tigung \u00fcber das Ergebnis.\nSollte sich eine positive Testung ergeben, erfolgen vor Ort ausf\u00fchrliche\nVerhaltenshinweise. <\/p>\n\n\n\n<p><em>Stadtverwaltung Schifferstadt<br>13.03.2021<\/em><\/p>\n\n\n\n<h2 class=\"wp-block-heading\"><strong>Kreuzplatz: Die Pergola steht<\/strong><\/h2>\n\n\n\n<figure class=\"wp-block-image\"><img decoding=\"async\" loading=\"lazy\" width=\"800\" height=\"600\" src=\"https:\/\/speyer24news.com\/wp-content\/uploads\/2021\/03\/Kreuzplatz_Pergola_11.03.2021.jpg\" alt=\"\" class=\"wp-image-34074\" srcset=\"https:\/\/speyer24news.com\/wp-content\/uploads\/2021\/03\/Kreuzplatz_Pergola_11.03.2021.jpg 800w, https:\/\/speyer24news.com\/wp-content\/uploads\/2021\/03\/Kreuzplatz_Pergola_11.03.2021-300x225.jpg 300w, https:\/\/speyer24news.com\/wp-content\/uploads\/2021\/03\/Kreuzplatz_Pergola_11.03.2021-768x576.jpg 768w, https:\/\/speyer24news.com\/wp-content\/uploads\/2021\/03\/Kreuzplatz_Pergola_11.03.2021-678x509.jpg 678w, https:\/\/speyer24news.com\/wp-content\/uploads\/2021\/03\/Kreuzplatz_Pergola_11.03.2021-326x245.jpg 326w, https:\/\/speyer24news.com\/wp-content\/uploads\/2021\/03\/Kreuzplatz_Pergola_11.03.2021-80x60.jpg 80w\" sizes=\"(max-width: 800px) 100vw, 800px\" \/><\/figure>\n\n\n\n<p>Die kreisf\u00f6rmige Brunnenfl\u00e4che mit Natursteinpflaster ist gelegt, die Pergola steht \u2013 auf dem Kreuzplatz geht es sichtlich voran. <\/p>\n\n\n\n<p>In den n\u00e4chsten Tagen und Wochen erfolgt der \u201eFeinschliff\u201c: Die Lage\nder bestehenden Kabel und Glasfasereinheiten im Bereich vor dem neuen\nTelekomkasten wird mit der Telekom abgestimmt \u2013 sie liegen momentan\nm\u00f6glicherweise nicht tief genug. Damit in Zukunft eventuell eine Ladestation\nf\u00fcr E-Bikes angeschlossen werden kann, verlegt das Bau-Team ein Leerrohr vom\nwestlichen Bereich der Trafostation zur Fahrradabstellanlage. <\/p>\n\n\n\n<p>Voraussichtlich in zwei Wochen beginnen die Pflanzarbeiten der\nStadtg\u00e4rtnerei. So werden zum Beispiel die Pergola sowie die Rankger\u00fcste mit\nWeinreben bepflanzt.<\/p>\n\n\n\n<p>Die Stadtverwaltung dankt allen Anwohnern sowie den B\u00fcrgerinnen und B\u00fcrgern f\u00fcr ihr Verst\u00e4ndnis angesichts der mit den Bauarbeiten einhergehenden Herausforderungen.<\/p>\n\n\n\n<p><em>Stadtverwaltung Schifferstadt<br>13.03.2021<\/em><\/p>\n\n\n\n<h2 class=\"wp-block-heading\"><strong>Licht aus f\u00fcr einen lebendigen Planeten<\/strong><\/h2>\n\n\n\n<h3 class=\"wp-block-heading\"><strong>Earth Hour in Schifferstadt<\/strong><\/h3>\n\n\n\n<figure class=\"wp-block-image\"><img decoding=\"async\" loading=\"lazy\" width=\"800\" height=\"410\" src=\"https:\/\/speyer24news.com\/wp-content\/uploads\/2021\/03\/Banner-Earth-Hour-gro\u00df.jpg\" alt=\"\" class=\"wp-image-34073\" srcset=\"https:\/\/speyer24news.com\/wp-content\/uploads\/2021\/03\/Banner-Earth-Hour-gro\u00df.jpg 800w, https:\/\/speyer24news.com\/wp-content\/uploads\/2021\/03\/Banner-Earth-Hour-gro\u00df-300x154.jpg 300w, https:\/\/speyer24news.com\/wp-content\/uploads\/2021\/03\/Banner-Earth-Hour-gro\u00df-768x394.jpg 768w\" sizes=\"(max-width: 800px) 100vw, 800px\" \/><\/figure>\n\n\n\n<p>Gemeinsam ein Zeichen f\u00fcr die Umwelt und gegen Energieverschwendung k\u00f6nnen am <strong>Samstag, 27. M\u00e4rz<\/strong> alle B\u00fcrgerinnen und B\u00fcrger mit einer Teilnahme an der Earth Hour setzen. Um <strong>20:30 Uhr<\/strong> Ortszeit gilt nicht nur in Schifferstadt, sondern auf der ganzen Welt f\u00fcr eine Stunde: Licht aus. Klimaschutz an.<\/p>\n\n\n\n<p>Nat\u00fcrlich macht auch die\nStadtverwaltung mit und knipst an zahlreichen \u00f6ffentlichen Geb\u00e4uden wie dem\nAlten Rathaus das Licht aus. Die Stra\u00dfenbeleuchtung bleibt zur Sicherheit des\nVerkehrs selbstverst\u00e4ndlich angeschaltet. Au\u00dferdem wird sich das\nVerwaltungsgeb\u00e4ude der Stadtwerke, die Firma AUTEC und der Wasserturm des\nWasserzweckverbands in Dunkelheit h\u00fcllen. <\/p>\n\n\n\n<h4 class=\"wp-block-heading\"><strong>Licht aus und was dann?&nbsp; <\/strong><\/h4>\n\n\n\n<p>Auf ihrer\nWebsite hat die Umweltstiftung WWF einige Tipps zusammengestellt, wie\nTeilnehmerinnen und Teilnehmer ihre ganz pers\u00f6nliche Earth Hour gestalten\nk\u00f6nnen \u2013 da ist garantiert f\u00fcr jeden etwas dabei. Die Stunde in v\u00f6lliger\nDunkelheit l\u00e4sst sich zum Beispiel wunderbar daf\u00fcr nutzen, zur Ruhe zu kommen\nund sich Gedanken dar\u00fcber zu machen, wie man sein Leben umweltfreundlicher\ngestalten kann. Vielleicht einmal die Woche mit dem Rad statt dem Auto zur\nArbeit fahren oder h\u00e4ufiger auf Fleisch verzichten \u2013 jeder noch so kleine\nSchritt z\u00e4hlt!<\/p>\n\n\n\n<p>\u201eHoffentlich\nschalten viele Schifferstadterinnen und Schifferstadter daheim das Licht aus\nund nutzen die 60 Minuten, um sich bewusst zu werden, wie wichtig Klimaschutz\nf\u00fcr unsere Erde ist\u201c, sagt der st\u00e4dtische Klimaschutzmanager Felix Herrmann, \u201eToll,\ndass wir mit der Earth Hour gemeinsam ein Zeichen f\u00fcr die Umwelt setzen!\u201c<\/p>\n\n\n\n<h4 class=\"wp-block-heading\"><strong>Weltweite Aktion<\/strong><\/h4>\n\n\n\n<p>Nach Angaben des WWF werden sich an der f\u00fcnfzehnten Earth Hour wieder Millionen Menschen auf der ganzen Welt beteiligen. Wer auch mitmachen m\u00f6chte, findet unter <a href=\"http:\/\/www.wwf.de\/earthhour\/\">www.wwf.de\/earthhour\/<\/a> neben Neuigkeiten rund um das Event auch Tipps f\u00fcr die eigene Earth Hour zuhause. Die Umweltsch\u00fctzer wollen auf die Bedrohung der weltweiten Artenvielfalt aufmerksam machen. Ihren Anfang nahm die Aktion 2007 in Sydney. In den darauffolgenden Jahren breitete sie sich dann \u00fcber die gesamte Welt aus. Allein in Deutschland zeigten 2020 knapp 400 St\u00e4dte ihr Engagement f\u00fcr einen lebendigen Planeten und schalteten f\u00fcr eine Stunde das Licht aus. Die Akropolis in Griechenland, der Kreml mit der bekannten Basilikus-Kathedrale in Moskau und das Opernhaus in Sydney \u2013 tausende Wahrzeichen in 190 L\u00e4ndern verschwanden im Dunkeln.<\/p>\n\n\n\n<p><em>Stadtverwaltung Schifferstadt<br>13.03.2021<\/em><\/p>\n\n\n\n<h2 class=\"wp-block-heading\"><strong>Freie Pl\u00e4tze bei der Osterferienbetreuung<\/strong><\/h2>\n\n\n\n<figure class=\"wp-block-image\"><img decoding=\"async\" loading=\"lazy\" width=\"637\" height=\"573\" src=\"https:\/\/speyer24news.com\/wp-content\/uploads\/2020\/04\/WhatsApp-Image-2020-04-09-at-11.28.26-1.jpeg\" alt=\"\" class=\"wp-image-26265\" srcset=\"https:\/\/speyer24news.com\/wp-content\/uploads\/2020\/04\/WhatsApp-Image-2020-04-09-at-11.28.26-1.jpeg 637w, https:\/\/speyer24news.com\/wp-content\/uploads\/2020\/04\/WhatsApp-Image-2020-04-09-at-11.28.26-1-300x270.jpeg 300w\" sizes=\"(max-width: 637px) 100vw, 637px\" \/><\/figure>\n\n\n\n<p>Bei der Osterferienbetreuung <strong>von Montag, 29. M\u00e4rz bis Donnerstag, 1. April 2021<\/strong> gibt es noch freie Pl\u00e4tze. Dar\u00fcber informiert die Jugendpflege Schifferstadt. Das Betreuungsangebot findet t\u00e4glich von 8 bis 14 Uhr in der Waldfesthalle statt, sofern eine Mindestteilnehmerzahl erreicht wird.&nbsp;&nbsp;&nbsp;&nbsp;&nbsp;&nbsp;&nbsp;&nbsp;&nbsp;&nbsp;&nbsp;&nbsp;&nbsp;&nbsp;&nbsp;&nbsp;&nbsp;&nbsp;&nbsp;&nbsp;&nbsp;&nbsp;&nbsp;&nbsp;&nbsp;&nbsp;&nbsp;&nbsp;&nbsp;&nbsp;&nbsp;&nbsp;&nbsp;&nbsp;&nbsp;&nbsp;&nbsp;&nbsp;&nbsp;&nbsp;&nbsp;&nbsp;&nbsp;&nbsp;&nbsp;&nbsp;&nbsp;&nbsp;&nbsp;&nbsp;&nbsp;&nbsp;&nbsp;&nbsp;&nbsp;&nbsp;&nbsp;&nbsp;&nbsp;&nbsp;&nbsp;&nbsp;&nbsp;&nbsp;&nbsp;&nbsp;&nbsp;&nbsp;&nbsp;&nbsp;&nbsp;&nbsp;&nbsp;&nbsp;&nbsp;&nbsp;&nbsp;&nbsp;&nbsp;&nbsp;&nbsp;&nbsp;&nbsp;&nbsp;&nbsp;&nbsp;&nbsp;&nbsp;&nbsp;&nbsp; <\/p>\n\n\n\n<p>Neben Basteln und Gruppenspielen\nkommt auch freies Spiel f\u00fcr die Teilnehmerinnen und Teilnehmer nicht zu kurz.\nDie Betreuung kostet pro Tag neun Euro. Ein warmes Mittagessen ist inklusive.<\/p>\n\n\n\n<p>Eltern, die bereits f\u00fcr die\nOrtsranderholung einen Berufst\u00e4tigkeitsnachweis erbracht haben, m\u00fcssen diesen\nnicht erneut vorlegen.<\/p>\n\n\n\n<p>Die Anmeldung kann per E-Mail an <a href=\"kontakt@jugendtreff-schifferstadt.de\">kontakt@jugendtreff-schifferstadt.de<\/a> oder telefonisch unter 06235 \/ 929382 vorgenommen werden.<\/p>\n\n\n\n<p><em>Text: Stadtverwaltung Schifferstadt Foto: Speyer 24\/7 News<br>13.03.2021<\/em><\/p>\n\n\n\n<h2 class=\"wp-block-heading\"><strong>\u00d6ffnen Sie Ihre Gartent\u00fcr!<\/strong><\/h2>\n\n\n\n<h3 class=\"wp-block-heading\"><strong>Tag der offenen Gartent\u00fcr \u2013 Schifferstadt macht mit<\/strong><\/h3>\n\n\n\n<figure class=\"wp-block-image\"><img decoding=\"async\" loading=\"lazy\" width=\"800\" height=\"612\" src=\"https:\/\/speyer24news.com\/wp-content\/uploads\/2021\/03\/Biene-auf-Margariten.jpeg\" alt=\"\" class=\"wp-image-34072\" srcset=\"https:\/\/speyer24news.com\/wp-content\/uploads\/2021\/03\/Biene-auf-Margariten.jpeg 800w, https:\/\/speyer24news.com\/wp-content\/uploads\/2021\/03\/Biene-auf-Margariten-300x230.jpeg 300w, https:\/\/speyer24news.com\/wp-content\/uploads\/2021\/03\/Biene-auf-Margariten-768x588.jpeg 768w, https:\/\/speyer24news.com\/wp-content\/uploads\/2021\/03\/Biene-auf-Margariten-80x60.jpeg 80w\" sizes=\"(max-width: 800px) 100vw, 800px\" \/><\/figure>\n\n\n\n<p>Sie sind\nstolz auf Ihren bienenfreundlichen Garten und freuen sich, dass alles gr\u00fcnt und\nbl\u00fcht? Sie m\u00f6chten gerne auch anderen zeigen, wie sch\u00f6n es ist, ein kleines\nParadies hinter dem Haus zu pflegen? Dann haben Sie in diesem Sommer\nGelegenheit dazu! Beim Tag der offenen Gartent\u00fcr, einer Aktion vom Verband der\nGartenbauvereine Saarland\/Rheinland-Pfalz, k\u00f6nnen Sie Ihren Mitb\u00fcrgerinnen und\nMitb\u00fcrgern die Freude am eigenen Garten zu vermitteln. <\/p>\n\n\n\n<p>Wer Lust hat, sein Gartentor am <strong>Sonntag, 27. Juni<\/strong> f\u00fcr Besucherinnen und Besucher aus Schifferstadt zu \u00f6ffnen, kann sich bis zum 23. April per Telefon unter 06235 \/ 44126 oder E-Mail an <a href=\"cornelia.grueninger@schifferstadt.de\">cornelia.grueninger@schifferstadt.de<\/a> melden. Die Veranstaltung findet vorbehaltlich der am 27. Juni 2021 geltenden Corona-Verordnung statt. Falls \u00f6ffentliche Veranstaltungen zu dem Zeitpunkt weiterhin eingeschr\u00e4nkt sind, m\u00fcsste sie gegebenenfalls kurzfristig abgesagt werden.<\/p>\n\n\n\n<p><em>Stadtverwaltung Schifferstadt<br>13.03.2021<\/em><\/p>\n\n\n\n<h2 class=\"wp-block-heading\"><strong>Verschoben: Baumpflanzaktion f\u00fcr Brautpaare<\/strong><\/h2>\n\n\n\n<h3 class=\"wp-block-heading\"><strong>Neuer Termin: 19. M\u00e4rz 2022<\/strong><\/h3>\n\n\n\n<figure class=\"wp-block-image\"><img decoding=\"async\" loading=\"lazy\" width=\"800\" height=\"600\" src=\"https:\/\/speyer24news.com\/wp-content\/uploads\/2021\/01\/IMG_20200601_112129.jpg\" alt=\"\" class=\"wp-image-32564\" srcset=\"https:\/\/speyer24news.com\/wp-content\/uploads\/2021\/01\/IMG_20200601_112129.jpg 800w, https:\/\/speyer24news.com\/wp-content\/uploads\/2021\/01\/IMG_20200601_112129-300x225.jpg 300w, https:\/\/speyer24news.com\/wp-content\/uploads\/2021\/01\/IMG_20200601_112129-768x576.jpg 768w, https:\/\/speyer24news.com\/wp-content\/uploads\/2021\/01\/IMG_20200601_112129-678x509.jpg 678w, https:\/\/speyer24news.com\/wp-content\/uploads\/2021\/01\/IMG_20200601_112129-326x245.jpg 326w, https:\/\/speyer24news.com\/wp-content\/uploads\/2021\/01\/IMG_20200601_112129-80x60.jpg 80w\" sizes=\"(max-width: 800px) 100vw, 800px\" \/><\/figure>\n\n\n\n<p>Paare, die\nsich in Schifferstadt das Ja-Wort geben, d\u00fcrfen im Schifferstadter Wald ihren \u201epers\u00f6nlichen\u201c\nBaum pflanzen. Die f\u00fcr Samstag, 20. M\u00e4rz 2021 angedachte Baumpflanzaktion wird\nzum Schutz aller Beteiligten abgesagt und auf Samstag, 19. M\u00e4rz 2022\nverschoben. <\/p>\n\n\n\n<h4 class=\"wp-block-heading\"><strong>Baumscheck f\u00fcr das \u201eJa\u201c in Schifferstadt<\/strong><\/h4>\n\n\n\n<p>Im Jahr 2020 haben 120 Paare in Schifferstadt geheiratet \u2013 ebenso wie im Jahr zuvor. Zu diesem freudigen Anlass erhalten die Frischverm\u00e4hlten von ihrer Standesbeamtin einen sogenannten Baumscheck. Im Fr\u00fchjahr jeden Jahres laden dann die zust\u00e4ndige Beigeordnete Ulla Behrendt-Roden und die Standesbeamtinnen Laura Sprengard, Bianca Genz und Sabine Wegner die Paare zur Baumpflanzaktion ein. Bereits seit Mai 1996, infolge eines Beschlusses des Forst-, Agrar- und Umweltausschusses, wird diese sch\u00f6ne Geste von den Brautpaaren sehr positiv aufgenommen. Zum Bedauern der Organisatorinnen musste die Baumpflanzaktion coronabedingt auch schon 2020 ausgesetzt werden. Daher konnten die Brautpaare seit M\u00e4rz 2019 ihre Baumschecks noch nicht einl\u00f6sen. \u201eAufgeschoben ist nicht aufgehoben\u201c, betont Behrendt-Roden, \u201edie Baumschecks verfallen nicht und wir freuen uns, mit den Brautpaaren im kommenden Jahr, wenn sich die Corona-Lage hoffentlich entspannt hat, wieder gemeinsam B\u00e4ume pflanzen zu k\u00f6nnen.\u201c <\/p>\n\n\n\n<p><em>Text: Stadtverwaltung Schifferstadt Foto: Speyer 24\/7 News<br>13.03.2021<\/em><\/p>\n\n\n\n<h1 class=\"wp-block-heading\" style=\"text-align:center\">Volkshochschule (VHS) Schifferstadt<\/h1>\n\n\n\n<figure class=\"wp-block-image\"><img decoding=\"async\" src=\"https:\/\/speyer24news.com\/wp-content\/uploads\/2020\/01\/VHS-1.png\" alt=\"\" class=\"wp-image-24397\"\/><\/figure>\n\n\n\n<h2 class=\"wp-block-heading\"><strong>Fortbildung zeigt Wege ins b\u00fcrgerschaftliche Engagement<\/strong><\/h2>\n\n\n\n<p>Fast die H\u00e4lfte der Menschen in\nRheinland-Pfalz ist ehrenamtlich aktiv. Um dieses Engagement wirkungsvoll zu\nf\u00f6rdern, hat das Institut f\u00fcr Sozialp\u00e4dagogische Forschung Mainz gGmbH zusammen\nmit dem Landesverband der Volkshochschulen Rheinland-Pfalz das Projekt \u201eJetzt\naktiv!\u201c entwickelt. Die VHS Rhein-Pfalz-Kreis nimmt als eine von drei\nVolkshochschulen an dem Pilotprojekt teil und bietet im Schifferstadter\nBildungszentrum eine Fortbildung f\u00fcr alle, die neu ins b\u00fcrgerschaftliche\nEngagement einsteigen m\u00f6chten und Orientierung zu geeigneten Einsatzfeldern\nsuchen.<\/p>\n\n\n\n<p>\u201eUnsere Gesellschaft ist ohne das\nEhrenamt nicht vorstellbar\u201c, sagt B\u00fcrgermeisterin Ilona Volk. \u201eGerade dann, wenn\nsich \u2013 wie durch die Corona-Pandemie \u2013 tiefgreifende Krisen abzeichnen, wird\nfreiwilliges Engagement zur St\u00e4rkung des sozialen Miteinanders unerl\u00e4sslich.\u201c<\/p>\n\n\n\n<h4 class=\"wp-block-heading\"><strong>Was wird vermittelt?<\/strong><\/h4>\n\n\n\n<p>Die Fortbildung ist in f\u00fcnf Module\nunterteilt und zeigt Wege in das b\u00fcrgerschaftliche Engagement. Die pers\u00f6nlichen\nM\u00f6glichkeiten sind wesentlich f\u00fcr die Bestimmung, wo eigene ehrenamtliche\nAktivit\u00e4ten ansetzen sollen. Nachdem die eigenen Voraussetzungen miteinander\nentdeckt worden sind, geht es um die Verwirklichung der eigenen Ideen und\nAns\u00e4tze. Austausch, Reflexion und Herausforderungen der eigenen Rolle im\nEhrenamt werden im vierten Schritt behandelt, bevor es um die Umsetzung in die\nPraxis geht. <\/p>\n\n\n\n<h4 class=\"wp-block-heading\"><strong>Wer kann mitmachen?<\/strong><\/h4>\n\n\n\n<p>Menschen, die neu ins\nb\u00fcrgerschaftliche Engagement einsteigen m\u00f6chten und Orientierung zu geeigneten\nEinsatzfeldern und Qualifizierung\/Vorbereitung suchen, sind ebenso gern gesehen\nwie solche, die an der Schwelle zur nachberuflichen Lebensphase stehen und sich\nf\u00fcr das b\u00fcrgerschaftliche Engagement interessieren.<\/p>\n\n\n\n<p>Sehr wichtig ist es auch, einen\nBereich f\u00fcr das Engagement zu finden, der zu den eigenen organisatorischen,\npers\u00f6nlichen und zeitlichen Bedingungen passt. Die VHS bietet daher pers\u00f6nliche\nBeratungsgespr\u00e4che: Passt diese Fortbildung f\u00fcr mich?<\/p>\n\n\n\n<h4 class=\"wp-block-heading\"><strong>Gibt es ein Zertifikat?<\/strong><\/h4>\n\n\n\n<p>Teilnehmende erhalten das Zertifikat\n\u201eBasisqualifizierung f\u00fcr Neu-Einsteiger*innen in b\u00fcrgerschaftliches Engagement\u201c.\nDiese Fortbildung qualifiziert auch zum SeniorTrainer \/ zur SeniorTrainerin des\nLandes Rheinland-Pfalz.<\/p>\n\n\n\n<h4 class=\"wp-block-heading\"><strong>Was ist noch wichtig?<\/strong><\/h4>\n\n\n\n<p>Geplanter Start der Fortbildung ist\nam Freitag, 9. April 2021, 13 Uhr im Schifferstadter Bildungszentrum,\nNeust\u00fcckweg 2. Die weiteren Termine sind samstags 10. April, 24. April, 8. Mai\nund 15. Mai, jeweils 9 bis 16 Uhr. Die Geb\u00fchr betr\u00e4gt 90 Euro. <\/p>\n\n\n\n<p>Im Herbst findet ein Treffen f\u00fcr\neinen Erfahrungsaustausch statt. Corona-bedingt k\u00f6nnen \u00c4nderungen erforderlich\nsein.<\/p>\n\n\n\n<p>Weitere Informationen gibt es unter <a href=\"http:\/\/www.vhs-rpk.de\">www.vhs-rpk.de<\/a> oder bei Dr. Juliane Kerzel-Kohn, Tel. 0621-5909 3511 oder E-Mail: <a href=\"Dr.Juliane.Kerzel-Kohn@kv-rpk.de\">Dr.Juliane.Kerzel-Kohn@kv-rpk.de<\/a><\/p>\n\n\n\n<p><em>Stadtverwaltung Schifferstadt<br>13.03.2021<\/em><\/p>\n\n\n\n<h1 class=\"wp-block-heading\" style=\"text-align:center\">Verkehrsnotizen<\/h1>\n\n\n\n<figure class=\"wp-block-image\"><img decoding=\"async\" loading=\"lazy\" width=\"800\" height=\"565\" src=\"https:\/\/speyer24news.com\/wp-content\/uploads\/2020\/01\/Baustelle-2.jpg\" alt=\"\" class=\"wp-image-23900\" srcset=\"https:\/\/speyer24news.com\/wp-content\/uploads\/2020\/01\/Baustelle-2.jpg 800w, https:\/\/speyer24news.com\/wp-content\/uploads\/2020\/01\/Baustelle-2-300x212.jpg 300w, https:\/\/speyer24news.com\/wp-content\/uploads\/2020\/01\/Baustelle-2-768x542.jpg 768w\" sizes=\"(max-width: 800px) 100vw, 800px\" \/><\/figure>\n\n\n\n<h2 class=\"wp-block-heading\"><strong>15.03.2021: Vollsperrung Haardstra\u00dfe 31<\/strong><strong><\/strong><\/h2>\n\n\n\n<p>Am Montag, 15. M\u00e4rz 2021 wird\naufgrund eines privaten Bauvorhabens auf H\u00f6he der Haardtstra\u00dfe 31 eine\nVollsperrung eingerichtet. Die Stra\u00dfensperrung erfolgt nachmittags\nvoraussichtlich zwischen 13 und 16 Uhr. Ein Durchgang f\u00fcr Fu\u00dfg\u00e4nger bleibt\nbestehen.<\/p>\n\n\n\n<p><em>Stadtverwaltung Schifferstadt<br>13.03.2021<\/em><\/p>\n","protected":false},"excerpt":{"rendered":"<div class=\"mh-excerpt\"><p>Schnelltestzentrum Schifferstadt: Terminbuchungen m\u00f6glich Wichtig: Ausweisdokument nicht vergessen Ab sofort k\u00f6nnen online Termine im Schnelltestzentrum Schifferstadt gebucht werden. Die entsprechende Plattform hat das IT-Referat der Stadtverwaltung am Freitag freigeschaltet. Ab Dienstag, 16. M\u00e4rz betreiben der <a class=\"mh-excerpt-more\" href=\"https:\/\/speyer24news.com\/?p=34071\" title=\"Schifferstadt\">[&#8230;]<\/a><\/p>\n<\/div>","protected":false},"author":3,"featured_media":0,"comment_status":"open","ping_status":"open","sticky":false,"template":"","format":"standard","meta":{"_monsterinsights_skip_tracking":false,"_monsterinsights_sitenote_active":false,"_monsterinsights_sitenote_note":"","_monsterinsights_sitenote_category":0,"footnotes":""},"categories":[126],"tags":[6317,10517,6483,490,10569,10571,10572,5231,6268,127,10568,10570,10090,1521,2582],"aioseo_notices":[],"amp_enabled":true,"_links":{"self":[{"href":"https:\/\/speyer24news.com\/index.php?rest_route=\/wp\/v2\/posts\/34071"}],"collection":[{"href":"https:\/\/speyer24news.com\/index.php?rest_route=\/wp\/v2\/posts"}],"about":[{"href":"https:\/\/speyer24news.com\/index.php?rest_route=\/wp\/v2\/types\/post"}],"author":[{"embeddable":true,"href":"https:\/\/speyer24news.com\/index.php?rest_route=\/wp\/v2\/users\/3"}],"replies":[{"embeddable":true,"href":"https:\/\/speyer24news.com\/index.php?rest_route=%2Fwp%2Fv2%2Fcomments&post=34071"}],"version-history":[{"count":2,"href":"https:\/\/speyer24news.com\/index.php?rest_route=\/wp\/v2\/posts\/34071\/revisions"}],"predecessor-version":[{"id":34076,"href":"https:\/\/speyer24news.com\/index.php?rest_route=\/wp\/v2\/posts\/34071\/revisions\/34076"}],"wp:attachment":[{"href":"https:\/\/speyer24news.com\/index.php?rest_route=%2Fwp%2Fv2%2Fmedia&parent=34071"}],"wp:term":[{"taxonomy":"category","embeddable":true,"href":"https:\/\/speyer24news.com\/index.php?rest_route=%2Fwp%2Fv2%2Fcategories&post=34071"},{"taxonomy":"post_tag","embeddable":true,"href":"https:\/\/speyer24news.com\/index.php?rest_route=%2Fwp%2Fv2%2Ftags&post=34071"}],"curies":[{"name":"wp","href":"https:\/\/api.w.org\/{rel}","templated":true}]}}