{"id":34079,"date":"2021-03-13T07:43:17","date_gmt":"2021-03-13T06:43:17","guid":{"rendered":"https:\/\/speyer24news.com\/?p=34079"},"modified":"2021-03-13T07:43:18","modified_gmt":"2021-03-13T06:43:18","slug":"germersheim-und-landkreis-germersheim-ger-2","status":"publish","type":"post","link":"https:\/\/speyer24news.com\/?p=34079","title":{"rendered":"Germersheim und Landkreis Germersheim (GER)"},"content":{"rendered":"<style type=\"text\/css\">\r\n\t.ads_top_disp{}\r\n\t.ads_top_corner_disp{ float:left; margin:0px 10px 10px 0px; }\r\n\t.ads_first_p_disp{}\r\n\t.ads_bottom_disp{}\r\n\t<\/style>\n<h2 class=\"wp-block-heading\"><strong>Internationale Woche gegen Rassismus:<\/strong> <strong>Solidarit\u00e4t. Grenzenlos.<\/strong><\/h2>\n\n\n\n<p>Die Internationalen Wochen gegen Rassismus finden in diesem Jahr<strong> von 15. bis 28. M\u00e4rz<\/strong> unter dem Motto \u201eSolidarit\u00e4t. Grenzenlos\u201c statt. Im Kreishaus in Germersheim laufen die F\u00e4den zu den Themen Integration, Rassismus oder Interkultur bei der Leitstelle Integration zusammen. Und die hat in Zeiten von Corona keinen leichten Stand, wie Sozialdezernent Christoph Buttweiler zu berichten wei\u00df: \u201e\u00dcber 100 Seiten Informationen zum \u00dcbersetzen und Einspielen f\u00fcr unsere Integreat App, Interkulturelle Wochen, die aufgrund der Corona-Lage noch immer und wieder einmal nicht bindend geplant werden k\u00f6nnen, eine Steuergruppe f\u00fcr Integration, ein Integrationskonzept, Beratung- und Hilfsangebote \u2013 die Aufgabendichte bei der Leitstelle ist auch ohne Corona schon immens. Jetzt kommen die Internationalen Wochen gegen Rassismus und auch hier hielt die Leitstelle f\u00fcr interessierte Organisationen oder Privatpersonen einige Materialien vor, die dabei helfen sich gegen Rassismus einzusetzen.\u201c<\/p>\n\n\n\n<p>Auch Landrat Dr. Fritz Brechtel findet vor dem Hintergrund der Woche gegen Rassismus deutliche Worte: \u201eWir haben im Landkreis hautnah Erfahrungen mit Gruppen machen m\u00fcssen, die sich eindeutig rassistisch gezeigt und dabei immer wieder gruppenbezogene Menschenfeindlichkeit artikuliert haben. Deshalb ist es mir wichtig an dieser Stelle nochmals klar zu formulieren, dass ich jede Form von Rassismus kategorisch ablehne. Wir haben leidlich erfahren, wohin uns solches Gedankengut f\u00fchren kann und sind daher als Staat und Gesellschaft angehalten immer wieder klar Stellung zu beziehen.\u201c<\/p>\n\n\n\n<p>In K\u00fcrze sollen s\u00e4mtliche Materialien und Informationen, die von der Leitstelle Integration zusammengetragen und vorgehalten werden, \u00fcber eine eigene Internetadresse und einen neu gestalteten Internetauftritt erreichbar sein. Auch dies eine Aufgabe, um die sich am Ende des Tages einmal mehr die Leitstelle f\u00fcr Integration k\u00fcmmert.<\/p>\n\n\n\n<p><em>Kreisverwaltung Germersheim<br>13.03.2021<\/em><\/p>\n\n\n\n<h2 class=\"wp-block-heading\">Ank\u00fcndigung: Nachtbaustellen an der A 65<\/h2>\n\n\n\n<p><strong>Die Autobahn GmbH Niederlassung S\u00fcdwest f\u00fchrt zwischen dem 16.03. und  20.03. entlang der A 65 auf drei Teilstrecken Sanierungsarbeiten von Frost- und Witterungssch\u00e4den durch. Zur Durchf\u00fchrung der Arbeiten m\u00fcssen die betroffenen Abschnitte voll bzw. teilweise gesperrt werden.<\/strong><\/p>\n\n\n\n<div class=\"wp-block-image\"><figure class=\"aligncenter\"><img decoding=\"async\" loading=\"lazy\" width=\"800\" height=\"374\" src=\"https:\/\/speyer24news.com\/wp-content\/uploads\/2021\/03\/Die-Autobahn-S\u00fcdwest.png\" alt=\"\" class=\"wp-image-34081\" srcset=\"https:\/\/speyer24news.com\/wp-content\/uploads\/2021\/03\/Die-Autobahn-S\u00fcdwest.png 800w, https:\/\/speyer24news.com\/wp-content\/uploads\/2021\/03\/Die-Autobahn-S\u00fcdwest-300x140.png 300w, https:\/\/speyer24news.com\/wp-content\/uploads\/2021\/03\/Die-Autobahn-S\u00fcdwest-768x359.png 768w\" sizes=\"(max-width: 800px) 100vw, 800px\" \/><\/figure><\/div>\n\n\n\n<p>Zun\u00e4chst wird in der Nacht von Dienstag auf Mittwoch zwischen 20:00 Uhr und voraussichtlich 06:00 Uhr ab der Anschlussstelle (AS) Neustadt-S\u00fcd in Fahrtrichtung Ludwigshafen eine Vollsperrung durchgef\u00fchrt. Der Verkehr wird an der AS  Neustadt-S\u00fcd \u00fcber den folgenden Kreisel wieder zur\u00fcck auf die A 65 in Fahrtrichtung Ludwigshafen geleitet. Im zweiten Schritt wird in den N\u00e4chten von  Mittwoch auf Donnerstag sowie von Donnerstag auf Freitag jeweils ab 20:00  Uhr bis voraussichtlich 06:00 Uhr zwischen der AS Rohrbach und der AS Kandel-Nord die Fahrbahn in Fahrtrichtung Karlsruhe voll gesperrt. Die Umleitung f\u00fchrt  \u00fcber die ausgeschilderte Bedarfsumleitung U22. Diese f\u00fchrt ab der AS Rohrbach \u00fcber die L 493 an Herxheim vorbei \u00fcber die Ortsrandstra\u00dfe S\u00fcd-West und  anschlie\u00dfend durch Hatzenb\u00fchl \u00fcber die L 549 wieder zur\u00fcck auf die A 65 an  der AS Kandel-Mitte. Bereits ab 19:00 Uhr kann es aufgrund der Arbeiten zur  Einrichtung der Verkehrssicherung zu Staus und Verz\u00f6gerungen kommen. <\/p>\n\n\n\n<p>Dar\u00fcber hinaus wird in der Nacht von Freitag auf Samstag zwischen 20:00 Uhr bis 06:00 Uhr zwischen der AS Landau-Nord und AS Landau Zentrum in Fahrtrichtung Karlsruhe halbseitig gesperrt, um auch dort den Streckenabschnitt auszubessern.<\/p>\n\n\n\n<h4 class=\"wp-block-heading\"><strong>Hintergrundinformationen zur Autobahn GmbH:<\/strong><\/h4>\n\n\n\n<p>Seit dem 1. Januar 2021 ist die Autobahn GmbH des Bundes verantwortlich f\u00fcr Planung, Bau, Betrieb, Erhaltung, Finanzierung und verm\u00f6gensm\u00e4\u00dfige Verwaltung der Autobahnen in Deutschland. Die Zentrale der Autobahn GmbH des Bundes hat ihren Sitz in Berlin. Eine von insgesamt zehn regionalen Niederlassungen \u2013 die Autobahn GmbH Niederlassung S\u00fcdwest \u2013 befindet sich in Stuttgart-Obert\u00fcrkheim. Zu ihr geh\u00f6ren Au\u00dfenstellen in Stuttgart-Vaihingen, Freiburg, Karlsruhe, Heidelberg und Heilbronn sowie 15 Autobahnmeistereien, eine Verkehrsrechnerzentrale mit Tunnelleitzentrale sowie ein Fachcenter f\u00fcr Informationstechnik und -sicherheit (FIT). Mit rund 1000 Besch\u00e4ftigen ist die Autobahn GmbH Niederlassung S\u00fcdwest verantwortlich f\u00fcr ca. 1050 Kilometer Autobahnen in Baden-W\u00fcrttemberg sowie in Teilen von Hessen und Rheinland-Pfalz.<\/p>\n\n\n\n<p><em>Autobahn GmbH Niederlassung S\u00fcdwest<br>13.03.2021<\/em><\/p>\n\n\n\n<h2 class=\"wp-block-heading\"><strong>Informationen zum Verbrennen pflanzlicher Abf\u00e4lle<\/strong><\/h2>\n\n\n\n<p>Die untere Abfallbeh\u00f6rde der\nKreisverwaltung weist darauf hin, dass das Verbrennen von pflanzlichen\nAbf\u00e4llen, wie etwa Baum- und Strauchschnitt nur im Ausnahmefall erlaubt ist,\nund dann auch nur unter strengen Bedingungen (Landesverordnung \u00fcber die\nVerbrennung pflanzlicher Abf\u00e4lle au\u00dferhalb von Abfallbeseitigungsanlagen).<\/p>\n\n\n\n<p>In\nHausg\u00e4rten und innerorts besteht ein grunds\u00e4tzliches Verbrennungsverbot.<\/p>\n\n\n\n<p>Auch im Au\u00dfenbereich hat die\nVerwertung von pflanzlichen Abf\u00e4llen Vorrang. Hier d\u00fcrfen pflanzliche Abf\u00e4lle\nnur dann verbrannt werden, wenn keine zumutbare Verwertungsm\u00f6glichkeit besteht.\nIn diesem Fall sind jedoch wichtige Regeln zu beachten, die der Landesverordnung\n\u00fcber die Verbrennung pflanzlicher Abf\u00e4lle au\u00dferhalb von Beseitigungsanlagen zu\nentnehmen sind. Die Verordnung kann nur Anwendung finden, wenn die Pflicht zur\nVerwertung nicht besteht, d.h. eine Verwertung weder technisch m\u00f6glich oder\nwirtschaftlich zumutbar ist; dies kann z.B. bei Pflanzenkrankheiten der Fall\nsein. Die Verbrennung pflanzlicher Abf\u00e4lle ist zuvor beim zust\u00e4ndigen\nOrdnungsamt anzuzeigen. Wer sich nicht an die gesetzlichen Regelungen h\u00e4lt\nriskiert ein Bu\u00dfgeld. <\/p>\n\n\n\n<p><em>Kreisverwaltung Germersheim<br>13.03.2021<\/em><\/p>\n\n\n\n<h1 class=\"wp-block-heading\" style=\"text-align:center\">Corona-Virus<\/h1>\n\n\n\n<figure class=\"wp-block-image\"><img decoding=\"async\" loading=\"lazy\" width=\"800\" height=\"346\" src=\"https:\/\/speyer24news.com\/wp-content\/uploads\/2020\/02\/coronavirus-4817450_1920.jpg\" alt=\"\" class=\"wp-image-25126\" srcset=\"https:\/\/speyer24news.com\/wp-content\/uploads\/2020\/02\/coronavirus-4817450_1920.jpg 800w, https:\/\/speyer24news.com\/wp-content\/uploads\/2020\/02\/coronavirus-4817450_1920-300x130.jpg 300w, https:\/\/speyer24news.com\/wp-content\/uploads\/2020\/02\/coronavirus-4817450_1920-768x332.jpg 768w\" sizes=\"(max-width: 800px) 100vw, 800px\" \/><\/figure>\n\n\n\n<h2 class=\"wp-block-heading\"><strong>5-Punkte-Plan zeigt Wirkung:<\/strong> <strong>Inzidenz im Kreis Germersheim deutlich gesenkt<\/strong><\/h2>\n\n\n\n<h3 class=\"wp-block-heading\"><strong>Grundschulen werden ge\u00f6ffnet, Ausgangssperre aufgehoben<\/strong><\/h3>\n\n\n\n<div class=\"wp-block-image\"><figure class=\"aligncenter\"><img decoding=\"async\" loading=\"lazy\" width=\"500\" height=\"500\" src=\"https:\/\/speyer24news.com\/wp-content\/uploads\/2020\/02\/virus-4810549_1920.png\" alt=\"\" class=\"wp-image-25116\" srcset=\"https:\/\/speyer24news.com\/wp-content\/uploads\/2020\/02\/virus-4810549_1920.png 500w, https:\/\/speyer24news.com\/wp-content\/uploads\/2020\/02\/virus-4810549_1920-150x150.png 150w, https:\/\/speyer24news.com\/wp-content\/uploads\/2020\/02\/virus-4810549_1920-300x300.png 300w\" sizes=\"(max-width: 500px) 100vw, 500px\" \/><\/figure><\/div>\n\n\n\n<p>Landrat Dr. Fritz Brechtel hat gute Nachrichten: \u201eUnser 5-Punkte-Plan gegen die Corona-Pandemie ist erfolgreich und zeigt bereits erste Wirkung. Nach wochenlangen hohen Werten zeigen sich die Inzidenzen der letzten drei Tage deutlich gesenkt. Dies trotz des gegenl\u00e4ufigen Effektes einer m\u00f6glichen dritten Welle, wie es der RKI-Pr\u00e4sident bezeichnet. Dies zeigt, dass die von uns ergriffenen Ma\u00dfnahmen wirken. Auf diesen ersten Zwischenerfolg k\u00f6nnen wir alle stolz sein, denn dieses Ergebnis konnten wir nur erreichen, weil sich die Mehrzahl der B\u00fcrgerinnen und B\u00fcrger an die strengen Auflagen gehalten hat. Ich danke allen B\u00fcrgerinnen und B\u00fcrgern, die in den vergangenen zwei Wochen, die sicherlich herausfordernden Ma\u00dfnahmen im Kreis mitgetragen haben. Ihnen allen ist es zu verdanken, dass wir mittlerweile sinkende Inzidenzwerte messen d\u00fcrfen. Jetzt k\u00f6nnen wir endlich damit beginnen, schrittweise vorsichtige Lockerungen zuzulassen.\u201c<\/p>\n\n\n\n<p>Die Inzidenz liegt seit 3 Tagen bei Werten knapp unter 100 bzw. darum. Deshalb k\u00f6nnen wir mit einer neuen Allgemeinverf\u00fcgung vorsichtige Lockerungsschritte festlegen.<\/p>\n\n\n\n<p><strong>Ab Montag, 15. M\u00e4rz<\/strong>, gilt eine neue Allgemeinverf\u00fcgung mit folgenden wesentlichen Inhalten: Die Ausgangssperre wird aufgehoben. Die Grundschulen und ebenso die Klassen 1-4 der F\u00f6rderschulen k\u00f6nnen wieder mit dem Pr\u00e4senz- und Wechselunterricht starten. Landrat Brechtel: \u201eUnser Sicherheitskonzept funktioniert sehr gut. Die Schnelltests, die unter Anleitung von den Kindern selbst vor Unterrichtsbeginn durchgef\u00fchrt werden k\u00f6nnen, sollen in K\u00fcrze an allen Grundschulen im Kreis angeboten werden. Die Pilotierung dieses Konzept verl\u00e4uft bislang reibungslos. Viele Grundschullehrkr\u00e4fte sind au\u00dferdem bereits geimpft.\u201c Dazu Schuldezernent Christoph Buttweiler: \u201eDer DRK Kreisverband hat hier eine hervorragende Arbeit geleistet und die Lehrerinnen und Lehrer bestens f\u00fcr die Anleitung der Schnelltests geschult. Bei den ersten Pilotversuchen haben wir festgestellt, dass es vielen Kindern sogar Spa\u00df bereitet, den Test eigenh\u00e4ndig durchzuf\u00fchren.\u201c<\/p>\n\n\n\n<p>Die weiterf\u00fchrenden Schulen bleiben weiter im Fernunterricht f\u00fcr die n\u00e4chste Woche. Dazu Landrat Brechtel: \u201eLeider hat das Land unserem Vorschlag, die Lehrkr\u00e4fte und das gesamte Schulpersonal der weiterf\u00fchrenden Schulen ebenfalls rasch zu impfen, nicht zugestimmt mit der Begr\u00fcndung, die Impfverordnung lasse dies nicht zu. Wir dr\u00e4ngen aber weiterhin darauf, dass allen Lehrkr\u00e4ften der weiterf\u00fchrenden Schulen m\u00f6glichst bald, zum Beispiel bis zum Ende der Osterferien, Impfangebote gemacht werden. Lehrerinnen oder Lehrer, die in Baden-W\u00fcrttemberg wohnen und bei uns unterrichten, d\u00fcrfen sich aufgrund der Landesvorgaben impfen lassen und die rheinland-pf\u00e4lzischen Kollegen gehen leer aus. Das akzeptieren wir nicht und fordern das Land weiterhin auf, in dieser Sache schnell neu zu regulieren.\u201c Gerade vor dem Hintergrund der anstehenden Abiturpr\u00fcfungen soll kein Risiko eingegangen werden. Gemeinsam mit den Schulleitungen wurde dieses Vorgehen verabredet. Brechtel \u00fcber die Gespr\u00e4che: \u201eWir sind gemeinsam zu der Auffassung gelangt, auf Nummer sicher zu gehen und keinen Aktionismus betreiben zu wollen. \u201e<\/p>\n\n\n\n<p>W\u00e4hrend einige Lockerungen bei Wirtschaft und Handel nun auch im Kreis Germersheim ab Montag zum Tragen kommen, gilt eine versch\u00e4rfte Maskenpflicht auch weiterhin. Durch detektivische Kleinarbeit konnten die 46 Ermittler des Gesundheitsamtes bei der Nachverfolgung der Infektionsketten neue Infektionsrisiken feststellen, die sich auf Begegnungen in Superm\u00e4rkten, beim Schnellimbiss, dem Lieferdienst oder an der Bushaltestelle zur\u00fcckf\u00fchren lie\u00dfen. Dazu Landrat Brechtel: \u201eWir haben ermittelt, dass die hochansteckende und bei uns kursierende britische Variante des Coronavirus auch im Freien wesentlich schneller \u00fcbertragen wird. Aus diesem Grund bleibt es bei der versch\u00e4rften Maskenpflicht an \u00f6ffentlichen Pl\u00e4tzen oder beispielsweise an Superm\u00e4rkten oder Bushaltestellen. Hier werden wir weiterhin verst\u00e4rkt in den n\u00e4chsten Tagen kontrollieren und Verst\u00f6\u00dfe mit Bu\u00dfgeldern ahnden. Insofern danke ich nochmals allen, die sich diszipliniert an die Regeln halten und appelliere an alle B\u00fcrgerinnen und B\u00fcrger im Landkreis: werden Sie nicht nachl\u00e4ssig, halten Sie weiterhin Abstand und tragen Sie, wo immer Sie Menschen begegnen, einen medizinischen Mundschutz.\u201c<\/p>\n\n\n\n<p>Die Allgemeinverf\u00fcgung, die mit den Ministerien intensiv abgestimmt wurde, gilt, soweit nichts Unvorhergesehenes eintritt, mit Ausnahme der Regelung f\u00fcr die weiterf\u00fchrenden Schulen bis 28. M\u00e4rz.<\/p>\n\n\n\n<p>Noch eine gute Nachricht: Die Impfsituation im Landkreis wird sich die n\u00e4chsten Tage und Wochen deutlich verbessern. Das Land hat die Forderungen der Kreisverwaltung in Germersheim akzeptiert und hat dem Landkreis f\u00fcr n\u00e4chste Woche 5.850 zus\u00e4tzlichen Impfdosen zugesagt. Damit sollen verst\u00e4rkt Menschen der Risikogruppen eins und zwei geimpft werden. Das bedeutet, dass im Laufe der n\u00e4chsten Woche nicht nur die ohnehin schon vorgesehenen 1.766 Personen, sondern insgesamt 7.616 Menschen ihre Impfung erhalten k\u00f6nnen. Auch f\u00fcr die kommenden Wochen sind Impftermine in dieser Gr\u00f6\u00dfenordnung geplant. &nbsp;Um das m\u00f6glich zu machen, wird das Impfzentrum zurzeit enorm aufger\u00fcstet. Die Mitarbeitenden werden Sonderschichten leisten und au\u00dferdem k\u00fcnftig auch am Wochenende arbeiten.<\/p>\n\n\n\n<p>Ab April sind weitere Erh\u00f6hungen der Impfstoffdosen angek\u00fcndigt, sodass zus\u00e4tzlich die Impfung durch die Haus\u00e4rzte m\u00f6glich wird. Wenn die angek\u00fcndigten Impfdosen tats\u00e4chlich in gro\u00dfen Menge erh\u00e4ltlich sind, dann sieht Landrat Dr. Fritz Brechtel endlich \u201e.. nicht nur Licht am Ende des Tunnels. Dann haben wir es endg\u00fcltig geschafft und k\u00f6nnen zuversichtlich sein, die Pandemie bis zum Sommer dieses Jahres entscheidend \u00fcberwunden zu haben. Vorausgesetzt, wir verspielen uns diesen Vorsprung nicht und halten auch die n\u00e4chsten Wochen konsequent die Corona-Regeln ein. Also bitte m\u00f6glichst auch weiterhin medizinische Masken tragen und Kontakte vermeiden. Mit der britischen Variante ist nicht zu spa\u00dfen.\u201c<\/p>\n\n\n\n<p><em>Kreisverwaltung Germersheim<br>13.03.2021<\/em><\/p>\n\n\n\n<h2 class=\"wp-block-heading\"><strong>Selbst-Schnelltest:\nErgebnis positiv \u2013 was tun?<\/strong><\/h2>\n\n\n\n<h3 class=\"wp-block-heading\"><strong>Gesundheitsamt informiert zu Vorgehen bei positiven Selbst-Schnelltests<\/strong><\/h3>\n\n\n\n<figure class=\"wp-block-image\"><img decoding=\"async\" loading=\"lazy\" width=\"800\" height=\"533\" src=\"https:\/\/speyer24news.com\/wp-content\/uploads\/2021\/01\/covid-19-4908692_1920.jpg\" alt=\"\" class=\"wp-image-32427\" srcset=\"https:\/\/speyer24news.com\/wp-content\/uploads\/2021\/01\/covid-19-4908692_1920.jpg 800w, https:\/\/speyer24news.com\/wp-content\/uploads\/2021\/01\/covid-19-4908692_1920-300x200.jpg 300w, https:\/\/speyer24news.com\/wp-content\/uploads\/2021\/01\/covid-19-4908692_1920-768x512.jpg 768w\" sizes=\"(max-width: 800px) 100vw, 800px\" \/><\/figure>\n\n\n\n<p>Seit kurzem gibt es die M\u00f6glichkeit\nin verschiedenen Gesch\u00e4ften Corona- Selbst-Schnelltests zu erwerben. \u00dcber ein\nnegatives Ergebnis freut sich jeder, doch was tun, wenn das Ergebnis positiv\nausf\u00e4llt?<\/p>\n\n\n\n<h4 class=\"wp-block-heading\">Das Gesundheitsamt der KV Ger\ninformiert:<\/h4>\n\n\n\n<p>Bei einem positiven\nSelbst-Schnelltestergebnis muss man umgehend einen kostenlosen \u201eB\u00fcrgertest\u201c in\neinem Schnelltestzentrum machen lassen, dies ist wichtig, da dieser Test unter\nfachlicher Aufsicht stattfindet. Ist dieser ebenfalls positiv, dann muss als dritter\nSchritt eine Kontrolle mittels einem PCR-Test erfolgen. <\/p>\n\n\n\n<p>Ganz wichtig: Bitte sondern Sie sich\nsofort nach einem positiven Testergebnis aus dem Schnelltestzentrum von anderen\nab (nicht erst nach einer positiven PCR-Test-Kontrolle) und informieren alle\nPersonen mit denen Sie in den letzten zwei Tagen Kontakt hatten. Diese m\u00fcssen\nsich ebenfalls absondern, bis ein endg\u00fcltiges Ergebnis feststeht. <\/p>\n\n\n\n<p><em>Kreisverwaltung Germersheim<br>13.03.2021<\/em><\/p>\n\n\n\n<h2 class=\"wp-block-heading\"><strong>W\u00f6rther Impfzentrum wird massiv aufger\u00fcstet:<\/strong> <strong>Ab n\u00e4chste Woche viel mehr Impftermine geplant<\/strong><\/h2>\n\n\n\n<div class=\"wp-block-image\"><figure class=\"aligncenter\"><img decoding=\"async\" loading=\"lazy\" width=\"800\" height=\"552\" src=\"https:\/\/speyer24news.com\/wp-content\/uploads\/2021\/03\/Impfzentrum-weitet-Servicezeiten_aus.jpg\" alt=\"\" class=\"wp-image-34080\" srcset=\"https:\/\/speyer24news.com\/wp-content\/uploads\/2021\/03\/Impfzentrum-weitet-Servicezeiten_aus.jpg 800w, https:\/\/speyer24news.com\/wp-content\/uploads\/2021\/03\/Impfzentrum-weitet-Servicezeiten_aus-300x207.jpg 300w, https:\/\/speyer24news.com\/wp-content\/uploads\/2021\/03\/Impfzentrum-weitet-Servicezeiten_aus-768x530.jpg 768w\" sizes=\"(max-width: 800px) 100vw, 800px\" \/><figcaption> <em>Die Lage im Impfzentrum haben beraten (v.l.): <\/em>Christoph Buttweiler (Erster Kreisbeigeordneter), Impfkoordinator Mathias Deubig und dessen Stellvertreter Thomas Maier, Landrat Dr. Fritz Brechtel, Ralph Lehr (B\u00fcroleiter Kreisverwaltung Germersheim), Heiner Butz (DRK Kreisverband) und Maria Sch\u00f6nau (med. Personal).<\/figcaption><\/figure><\/div>\n\n\n\n<p>Die\nImpfsituation im Landkreis wird sich die n\u00e4chsten Tage und Wochen deutlich\nverbessern. Das Land hat die Forderungen der Kreisverwaltung in Germersheim\nakzeptiert und seine Unterst\u00fctzung zugesichert. Der Kreis erh\u00e4lt f\u00fcr n\u00e4chste\nWoche zun\u00e4chst 5.850 zus\u00e4tzlichen Impfdosen. Damit sollen verst\u00e4rkt Menschen\nder Risikogruppen eins und zwei geimpft werden. Das bedeutet, dass im Laufe der\nn\u00e4chsten Woche nicht nur die ohnehin schon vorgesehenen etwa 1.700 Personen,\nsondern insgesamt zirka 7.500 Menschen ihre Impftermine erhalten. Um das\nm\u00f6glich zu machen, wird das Impfzentrum zurzeit enorm aufger\u00fcstet. Die\nMitarbeitenden werden Sonderschichten leisten und au\u00dferdem k\u00fcnftig auch am\nWochenende arbeiten.<\/p>\n\n\n\n<p>In\nden kommenden Wochen soll die Zahl der Impftermine deutlich erh\u00f6ht bleiben &#8211;\nund vielleicht sogar noch ansteigen. \u201eDas ist eine gute Nachricht f\u00fcr die\nMenschen im Kreis Germersheim, denn damit k\u00f6nnen deutlich mehr Menschen aus den\nRisikogruppen eins und zwei geimpft werden als bisher. Dies setzt nat\u00fcrlich\nvoraus, dass das Land weiterhin entsprechend viele Impftermine vergibt und die\nerforderlichen Mengen an Impfstoff liefert.\u201c Landrat Dr. Fritz Brechtel freut\nsich, dass das Land auf seine diesbez\u00fcgliche Forderung des vom Landkreis\nentwickelten 5-Punkte-Plans zur Bek\u00e4mpfung der Corona-Pandemie eingegangen ist.\n\u201eDer Auftrag zur Aufr\u00fcstung des Landesimpfzentrums W\u00f6rth erreichte uns vor\nwenigen Tagen und ist nat\u00fcrlich eine enorme Herausforderung f\u00fcr alle\nBeteiligten. Aber alle Mitarbeiterinnen und Mitarbeiter einschlie\u00dflich der\nbeteiligten Ehrenamtlichen, zum Beispiel des THW und des DRK, sind\nhochmotiviert und geben ihr Bestes, um diese Vorgaben zum Wohl der Bev\u00f6lkerung\nzu erf\u00fcllen. Um diese Aufr\u00fcstung rasch stemmen zu k\u00f6nnen, haben wir innerhalb\nder Verwaltung nach Freiwilligen gesucht, die bereit sind im Impfzentrum in\nW\u00f6rth bei den verwaltungstechnischen Angelegenheiten wie der Anmeldung sowie\nder Impfdokumentation am Check-Out-Schalter zu unterst\u00fctzen. Ich bin sehr froh,\ndass sich Mitarbeiterinnen und Mitarbeiter solidarisch gezeigt haben und uns in\ndieser Situation in W\u00f6rth aushelfen\u201c, so Brechtel, der sich gemeinsam mit\nseinem Stellvertreter Christoph Buttweiler, Impfkoordinator Mathias Deubig,\nPersonalchef Ralph Lehr und weiteren F\u00fchrungskr\u00e4ften vor Ort ein Bild von der\nLage gemacht und die anstehenden Ma\u00dfnahmen besprochen hat.<\/p>\n\n\n\n<p>Ab April sind weitere Erh\u00f6hungen der Impfstoffdosen angek\u00fcndigt, sodass zus\u00e4tzlich die Impfung durch die Haus\u00e4rzte m\u00f6glich wird. Wenn die angek\u00fcndigten Impfdosen tats\u00e4chlich in gro\u00dfen Menge erh\u00e4ltlich sind, dann sieht Landrat Dr. Fritz Brechtel endlich \u201e.. nicht nur Licht am Ende des Tunnels. Je mehr Personen in den kommenden Wochen und Monaten geimpft werden k\u00f6nnen, umso eher werden wir die Pandemie entscheidend bek\u00e4mpft haben. Und umso eher besteht die Chance, in ein normaleres Leben zur\u00fcckzukehren. Vorausgesetzt, wir halten auch die n\u00e4chsten Wochen konsequent die Corona-Regeln ein. Deshalb bleiben Sie bitte vorsichtig, Wir haben die besonders hochansteckende Britische Variante des Virus bei uns. Also vermeiden Sie weiterhin Kontakte und tragen Sie medizinische Masken.\u201c<\/p>\n\n\n\n<p><em>Kreisverwaltung Germersheim<br>13.03.2021<\/em><\/p>\n\n\n\n<h2 class=\"wp-block-heading\"><strong>Neue Erkenntnisse \u00fcber Infektionen im Landkreis:<\/strong> <strong>Ansteckungsorte identifiziert<\/strong><\/h2>\n\n\n\n<figure class=\"wp-block-image\"><img decoding=\"async\" loading=\"lazy\" width=\"800\" height=\"533\" src=\"https:\/\/speyer24news.com\/wp-content\/uploads\/2020\/02\/coronavirus-4810201_1920.jpg\" alt=\"\" class=\"wp-image-25125\" srcset=\"https:\/\/speyer24news.com\/wp-content\/uploads\/2020\/02\/coronavirus-4810201_1920.jpg 800w, https:\/\/speyer24news.com\/wp-content\/uploads\/2020\/02\/coronavirus-4810201_1920-300x200.jpg 300w, https:\/\/speyer24news.com\/wp-content\/uploads\/2020\/02\/coronavirus-4810201_1920-768x512.jpg 768w\" sizes=\"(max-width: 800px) 100vw, 800px\" \/><\/figure>\n\n\n\n<p>Das Gesundheitsamt im Landkreis Germersheim hat seine Nachverfolgung von Infektionswegen intensiviert und akribisch ermittelt, wo die meisten Ansteckungen der vergangenen Tage erfolgt sind. Neben Infektionen in famili\u00e4rer oder beruflicher Umgebung haben die Nachforschungen interessante Ergebnisse zu Tage gef\u00f6rdert, die mit etlichen Regelverst\u00f6\u00dfen einhergehen. Landrat Dr. Fritz Brechtel berichtet: \u201eEs gibt zahlreiche Hinweise, dass Infektionen vor oder in Schnellimbissen, bei Lieferdiensten oder auch in und vor allen Dingen vor Superm\u00e4rkten erfolgt sind. Ein kurzes Gespr\u00e4ch mit Bekannten vor dem Supermarkt, ohne Maske und ohne Mindestabstand kann schon gen\u00fcgen, um sich zu infizieren. Insbesondere bei der hochansteckenden britischen Variante.\u201c<\/p>\n\n\n\n<p>Die Kreisverwaltung appelliert daher an die Menschen im Landkreis, sich unbedingt an die Einhaltung der Mindestabst\u00e4nde und der Maskenpflicht zu halten. Insbesondere die Pl\u00e4tze vor M\u00e4rkten, beim Stra\u00dfenverkauf oder an vielen \u00f6ffentlichen Pl\u00e4tzen innerhalb des Landkreises sind mit einer Maskenpflicht versehen. Dazu Landrat Brechtel: \u201eIch wei\u00df, dass die Entbehrungen hart sind. Gerade f\u00fcr die Menschen in unserem Landkreis. Wir m\u00fcssen aber diese Strecke nochmals gemeinsam gehen und uns diszipliniert an die Regeln halten. Je sorgsamer wir damit umgehen, desto schneller gelingt es uns, die Inzidenzen wieder zu senken. Davon bin ich fest \u00fcberzeugt.\u201c<\/p>\n\n\n\n<p>Der Kreis hat in diesen Tagen verst\u00e4rkte Kontrollen angek\u00fcndigt. Daf\u00fcr hat das rheinland-pf\u00e4lzische Innenministerium zugesichert, zus\u00e4tzliche Polizeistreifen im Landkreis einzusetzen.<\/p>\n\n\n\n<p><em>Kreisverwaltung Germersheim<br>13.03.2021<\/em><\/p>\n\n\n\n<h2 class=\"wp-block-heading\"><strong>Land erf\u00fcllt Forderungen des Landkreises:<\/strong> <strong>Mehr Impfstoff, mehr\u00a0Selbsttests in Schulen und mehr Kontrollen<\/strong><\/h2>\n\n\n\n<figure class=\"wp-block-image\"><img decoding=\"async\" loading=\"lazy\" width=\"800\" height=\"486\" src=\"https:\/\/speyer24news.com\/wp-content\/uploads\/2021\/01\/Corona-Impfstoff-1.jpg\" alt=\"\" class=\"wp-image-32102\" srcset=\"https:\/\/speyer24news.com\/wp-content\/uploads\/2021\/01\/Corona-Impfstoff-1.jpg 800w, https:\/\/speyer24news.com\/wp-content\/uploads\/2021\/01\/Corona-Impfstoff-1-300x182.jpg 300w, https:\/\/speyer24news.com\/wp-content\/uploads\/2021\/01\/Corona-Impfstoff-1-768x467.jpg 768w\" sizes=\"(max-width: 800px) 100vw, 800px\" \/><\/figure>\n\n\n\n<p>Dr. Fritz Brechtel, Landrat f\u00fcr den Landkreis Germersheim, hatte aufgrund der hohen Inzidenzwerte in einem 5-Punkte-Plan weitere Unterst\u00fctzung vom Land gefordert. Auf das Dr\u00e4ngen des Landrats hat Mainz reagiert und wird den Landkreis zumindest in einigen wichtigen Bereichen unterst\u00fctzen. Landrat Brechtel: \u201eDas Land hat zugesagt, uns rasch fast 6.000 zus\u00e4tzliche Impfdosen zur Verf\u00fcgung zu stellen, um die B\u00fcrgerinnen und B\u00fcrger bei uns noch schneller vor den Gefahren einer Infektion zu sch\u00fctzen. Das ist eine gute Nachricht. Denn damit ist es m\u00f6glich, Menschen aus den Risikogruppen 1 und 2 deutlich fr\u00fcher zu impfen, als bisher vorgesehen war. Das Land wird die zus\u00e4tzlichen Impftermine den betreffenden Personen baldm\u00f6glichst zusenden.\u201c<\/p>\n\n\n\n<p>Im Impfzentrum in W\u00f6rth bereitet man sich auf eine schnelle Ausweitung der Impftermine vor. Schon in K\u00fcrze wird seitens des Landes die Anzahl der Impfungen, die t\u00e4glich terminiert werden k\u00f6nnen, um die zus\u00e4tzlichen und zugesicherten Impfdosen ansteigen. Vor Ort hat man sich an die geforderte Agilit\u00e4t bereits gew\u00f6hnt, wie Brechtel berichtet: \u201eDie Impfkoordination in W\u00f6rth lebt seit \u00d6ffnung der Einrichtung damit, auf die Zuweisung der Impfdosen flexibel zu reagieren. Wenngleich die kurzfristige Erh\u00f6hung eine weitere Kraftanstrengung erfordert wei\u00df ich, dass die engagierten Mitarbeitenden vor Ort auch diese Herausforderung stemmen und ihr Bestes geben werden.\u201c<\/p>\n\n\n\n<p>Auch das Testkonzept an Schulen erh\u00e4lt die grunds\u00e4tzliche Zustimmung des Landes. Nach einem ersten Testlauf f\u00fcr Corona-Schnelltests an Grundschulen ist mit der Unterst\u00fctzung aus Mainz nun eine weitere wichtige S\u00e4ule im 5-Punkte-Plan des Landkreises, erf\u00fcllt, die zu einer schnellen Senkung der Inzidenzzahlen beitragen soll. Viele Schulen haben bereits zugestimmt. M\u00f6glichst rasch soll auf freiwilliger Basis an allen Grundschulen durch regelm\u00e4\u00dfige Selbsttests der Sch\u00fclerinnen und Sch\u00fcler eine erh\u00f6hte Sicherheit erreicht werden &#8211; ein wichtiger Baustein, um an Grundschulen schnell wieder Pr\u00e4senzunterricht anbieten zu k\u00f6nnen.<\/p>\n\n\n\n<p>Aus dem Innenministerium wurde zudem zugesichert, dass k\u00fcnftig mehr Polizeistreifen im Landkreis die Einhaltung der hier geltenden Corona-Regeln kontrollieren. \u00dcber diese Unterst\u00fctzung freuen sich insbesondere die Ordnungs\u00e4mter vor Ort, da vielfach Verst\u00f6\u00dfe gemeldet und beklagt wurden.<\/p>\n\n\n\n<p>Leider gab es jedoch keine Zusage, auch Lehrkr\u00e4fte und Schulpersonal der weiterf\u00fchrenden Schulen rasch zu impfen, was Landrat Brechtel und Schuldezernent Buttweiler ausdr\u00fccklich bedauern. \u201eWir h\u00e4tten sehr gerne durch das Impfen von Lehrkr\u00e4ften und Schulpersonal der weiterf\u00fchrenden Schulen auch hier eine gr\u00f6\u00dfere Sicherheit hergestellt. Das Land hat hierzu allerdings erkl\u00e4rt, dass es dieser Forderung nicht nachkommen kann, weil sie der Impfverordnung des Bundes widerspreche.\u201c Landrat Brechtel weiter: \u201eWir wissen, dass dies in Baden-W\u00fcrttemberg und auch in Frankreich anders gehandhabt wird. Deshalb werden wir diese Forderung aufrechterhalten. Die Listen, die bereits von den Schulen bereitgestellt wurden, werden wir gut verwahren f\u00fcr den Fall, dass sich eine neue Chance zur Impfung ergibt. Nach uns vorliegenden Informationen sollen vermehrt Impfstoffmengen kommen, sodass bald auch die Haus\u00e4rzte mit Ihren Praxen in das Impfgeschehen aktiv eingebunden werden k\u00f6nnen. Dies kann uns f\u00fcr die kommenden Wochen Hoffnung geben. Wir werden auch weiterhin konsequent am Bek\u00e4mpfen der Pandemie arbeiten. \u201c<\/p>\n\n\n\n<p><em>Text: Kreisverwaltung Germersheim Foto: Speyer 24\/7 News<br>13.03.2021<\/em><\/p>\n\n\n\n<h1 class=\"wp-block-heading\"><strong>Coronavirus &#8211; Fallzahlen im Landkreis Germersheim<\/strong><\/h1>\n\n\n\n<figure class=\"wp-block-image\"><img decoding=\"async\" loading=\"lazy\" width=\"800\" height=\"400\" src=\"https:\/\/speyer24news.com\/wp-content\/uploads\/2020\/02\/virus-1812092_1920.jpg\" alt=\"\" class=\"wp-image-25128\" srcset=\"https:\/\/speyer24news.com\/wp-content\/uploads\/2020\/02\/virus-1812092_1920.jpg 800w, https:\/\/speyer24news.com\/wp-content\/uploads\/2020\/02\/virus-1812092_1920-300x150.jpg 300w, https:\/\/speyer24news.com\/wp-content\/uploads\/2020\/02\/virus-1812092_1920-768x384.jpg 768w\" sizes=\"(max-width: 800px) 100vw, 800px\" \/><\/figure>\n\n\n\n<h2 class=\"wp-block-heading\">Freitag (12. M\u00e4rz 2021)<\/h2>\n\n\n\n<p>Aktuell gibt\nes im Landkreis Germersheim 373 best\u00e4tigte positive F\u00e4lle, die Gesamtzahl bel\u00e4uft\nsich auf 3795 Infizierte seit Beginn der Pandemie (+ 17 F\u00e4lle).<\/p>\n\n\n\n<h4 class=\"wp-block-heading\"><strong>Weitere Todesf\u00e4lle<\/strong><\/h4>\n\n\n\n<p>Leider sind drei weitere Personen an oder\nmit Covid-19 verstorben. Insgesamt steigt die Anzahl der Todesf\u00e4lle damit auf\n106.<\/p>\n\n\n\n<h4 class=\"wp-block-heading\"><strong>Neu betroffene\nEinrichtungen:<\/strong><\/h4>\n\n\n\n<p><strong>Altenpflegeheim\nPalatina Westheim<\/strong>: Es gibt zwei positive F\u00e4lle, nicht geimpfte\nNeuzug\u00e4nge. Es besteht derzeit Besuchsverbot. <\/p>\n\n\n\n<table class=\"wp-block-table\"><tbody><tr><td><strong>VG \/ Stadt<\/strong>   <\/td><td><strong>Ort<\/strong>   <\/td><td><strong>Infizierte seit Beginn der Pandemie<\/strong>   <\/td><td><strong>Aktuell infizierte Personen<\/strong>   <\/td><td><strong>Gesundete bzw. nicht mehr infizierte Personen<\/strong>   <\/td><td><strong>Leider an oder mit Covid-19 verstorbene Personen<\/strong>   <\/td><\/tr><tr><td>\n  VG Hagenbach\n  <\/td><td>\n  Berg\n  <\/td><td>\n  35\n  <\/td><td>\n  0\n  <\/td><td>\n  35\n  <\/td><td>\n  0\n  <\/td><\/tr><tr><td>\n  &nbsp;\n  <\/td><td>\n  Hagenbach\n  <\/td><td>\n  152\n  <\/td><td>\n  10\n  <\/td><td>\n  127\n  <\/td><td>\n  15\n  <\/td><\/tr><tr><td>\n  &nbsp;\n  <\/td><td>\n  Neuburg\n  <\/td><td>\n  77\n  <\/td><td>\n  3\n  <\/td><td>\n  70\n  <\/td><td>\n  4\n  <\/td><\/tr><tr><td>\n  &nbsp;\n  <\/td><td>\n  Scheibenhardt\n  <\/td><td>\n  15\n  <\/td><td>\n  2\n  <\/td><td>\n  13\n  <\/td><td>\n  0\n  <\/td><\/tr><tr><td>\n  <strong>&nbsp;<\/strong>\n  <\/td><td>\n  <strong>Summen<\/strong><strong><\/strong>\n  <\/td><td>\n  <strong>279<\/strong><strong><\/strong>\n  <\/td><td>\n  <strong>15<\/strong><strong><\/strong>\n  <\/td><td>\n  <strong>245<\/strong><strong><\/strong>\n  <\/td><td>\n  <strong>19<\/strong><strong><\/strong>\n  <\/td><\/tr><tr><td>\n  W\u00f6rth\n  <\/td><td>\n  Maximiliansau\n  <\/td><td>\n  151\n  <\/td><td>\n  4\n  <\/td><td>\n  145\n  <\/td><td>\n  2\n  <\/td><\/tr><tr><td>\n  &nbsp;\n  <\/td><td>\n  Schaidt\n  <\/td><td>\n  34\n  <\/td><td>\n  10\n  <\/td><td>\n  24\n  <\/td><td>\n  0\n  <\/td><\/tr><tr><td>\n  &nbsp;\n  <\/td><td>\n  W\u00f6rth, Stadt\n  <\/td><td>\n  358\n  <\/td><td>\n  59\n  <\/td><td>\n  295\n  <\/td><td>\n  4\n  <\/td><\/tr><tr><td>\n  &nbsp;\n  <\/td><td>\n  B\u00fcchelberg\n  <\/td><td>\n  26\n  <\/td><td>\n  0\n  <\/td><td>\n  26\n  <\/td><td>\n  0\n  <\/td><\/tr><tr><td>\n  <strong>&nbsp;<\/strong>\n  <\/td><td>\n  <strong>Summen<\/strong><strong><\/strong>\n  <\/td><td>\n  <strong>569<\/strong><strong><\/strong>\n  <\/td><td>\n  <strong>73<\/strong><strong><\/strong>\n  <\/td><td>\n  <strong>490<\/strong><strong><\/strong>\n  <\/td><td>\n  <strong>6<\/strong><strong><\/strong>\n  <\/td><\/tr><tr><td>\n  VG Kandel\n  <\/td><td>\n  Erlenbach\n  <\/td><td>\n  9\n  <\/td><td>\n  0\n  <\/td><td>\n  9\n  <\/td><td>\n  0\n  <\/td><\/tr><tr><td>\n  &nbsp;\n  <\/td><td>\n  Freckenfeld\n  <\/td><td>\n  33\n  <\/td><td>\n  0\n  <\/td><td>\n  33\n  <\/td><td>\n  0\n  <\/td><\/tr><tr><td>\n  &nbsp;\n  <\/td><td>\n  Kandel\n  <\/td><td>\n  200\n  <\/td><td>\n  38\n  <\/td><td>\n  159\n  <\/td><td>\n  3\n  <\/td><\/tr><tr><td>\n  &nbsp;\n  <\/td><td>\n  Minfeld\n  <\/td><td>\n  32\n  <\/td><td>\n  0\n  <\/td><td>\n  32\n  <\/td><td>\n  0\n  <\/td><\/tr><tr><td>\n  &nbsp;\n  <\/td><td>\n  Steinweiler\n  <\/td><td>\n  57\n  <\/td><td>\n  10\n  <\/td><td>\n  47\n  <\/td><td>\n  0\n  <\/td><\/tr><tr><td>\n  &nbsp;\n  <\/td><td>\n  Vollmersweiler\n  <\/td><td>\n  1\n  <\/td><td>\n  0\n  <\/td><td>\n  1\n  <\/td><td>\n  0\n  <\/td><\/tr><tr><td>\n  &nbsp;\n  <\/td><td>\n  Winden\n  <\/td><td>\n  25\n  <\/td><td>\n  2\n  <\/td><td>\n  22\n  <\/td><td>\n  1\n  <\/td><\/tr><tr><td>\n  &nbsp;\n  <\/td><td>\n  <strong>Summen<\/strong><strong><\/strong>\n  <\/td><td>\n  <strong>357<\/strong><strong><\/strong>\n  <\/td><td>\n  <strong>50<\/strong><strong><\/strong>\n  <\/td><td>\n  <strong>303<\/strong><strong><\/strong>\n  <\/td><td>\n  <strong>4<\/strong><strong><\/strong>\n  <\/td><\/tr><tr><td>\n  VG Jockgrim\n  <\/td><td>\n  Hatzenb\u00fchl\n  <\/td><td>\n  55\n  <\/td><td>\n  6\n  <\/td><td>\n  49\n  <\/td><td>\n  0\n  <\/td><\/tr><tr><td>\n  &nbsp;\n  <\/td><td>\n  Jockgrim\n  <\/td><td>\n  188\n  <\/td><td>\n  34\n  <\/td><td>\n  149\n  <\/td><td>\n  5\n  <\/td><\/tr><tr><td>\n  &nbsp;\n  <\/td><td>\n  Neupotz\n  <\/td><td>\n  42\n  <\/td><td>\n  12\n  <\/td><td>\n  27\n  <\/td><td>\n  3\n  <\/td><\/tr><tr><td>\n  &nbsp;\n  <\/td><td>\n  Rheinzabern\n  <\/td><td>\n  116\n  <\/td><td>\n  15\n  <\/td><td>\n  98\n  <\/td><td>\n  3\n  <\/td><\/tr><tr><td>\n  &nbsp;\n  <\/td><td>\n  <strong>Summen<\/strong><strong><\/strong>\n  <\/td><td>\n  <strong>401<\/strong><strong><\/strong>\n  <\/td><td>\n  <strong>67<\/strong><strong><\/strong>\n  <\/td><td>\n  <strong>323<\/strong><strong><\/strong>\n  <\/td><td>\n  <strong>11<\/strong><strong><\/strong>\n  <\/td><\/tr><tr><td>\n  VG R\u00fclzheim\n  <\/td><td>\n  H\u00f6rdt\n  <\/td><td>\n  83\n  <\/td><td>\n  9\n  <\/td><td>\n  74\n  <\/td><td>\n  0\n  <\/td><\/tr><tr><td>\n  &nbsp;\n  <\/td><td>\n  Kuhardt\n  <\/td><td>\n  51\n  <\/td><td>\n  1\n  <\/td><td>\n  50\n  <\/td><td>\n  0\n  <\/td><\/tr><tr><td>\n  &nbsp;\n  <\/td><td>\n  Leimersheim\n  <\/td><td>\n  47\n  <\/td><td>\n  2\n  <\/td><td>\n  44\n  <\/td><td>\n  1\n  <\/td><\/tr><tr><td>\n  &nbsp;\n  <\/td><td>\n  R\u00fclzheim\n  <\/td><td>\n  192\n  <\/td><td>\n  17\n  <\/td><td>\n  169\n  <\/td><td>\n  6\n  <\/td><\/tr><tr><td>\n  &nbsp;\n  <\/td><td>\n  <strong>Summen<\/strong><strong><\/strong>\n  <\/td><td>\n  <strong>373<\/strong><strong><\/strong>\n  <\/td><td>\n  <strong>29<\/strong><strong><\/strong>\n  <\/td><td>\n  <strong>337<\/strong><strong><\/strong>\n  <\/td><td>\n  <strong>7<\/strong><strong><\/strong>\n  <\/td><\/tr><tr><td>\n  VG Bellheim\n  <\/td><td>\n  Bellheim\n  <\/td><td>\n  290\n  <\/td><td>\n  5\n  <\/td><td>\n  257\n  <\/td><td>\n  28\n  <\/td><\/tr><tr><td>\n  &nbsp;\n  <\/td><td>\n  Knittelsheim\n  <\/td><td>\n  30\n  <\/td><td>\n  3\n  <\/td><td>\n  27\n  <\/td><td>\n  0\n  <\/td><\/tr><tr><td>\n  &nbsp;\n  <\/td><td>\n  Ottersheim\n  <\/td><td>\n  54\n  <\/td><td>\n  3\n  <\/td><td>\n  51\n  <\/td><td>\n  0\n  <\/td><\/tr><tr><td>\n  &nbsp;\n  <\/td><td>\n  Zeiskam\n  <\/td><td>\n  62\n  <\/td><td>\n  5\n  <\/td><td>\n  57\n  <\/td><td>\n  0\n  <\/td><\/tr><tr><td>\n  &nbsp;\n  <\/td><td>\n  <strong>Summen<\/strong><strong><\/strong>\n  <\/td><td>\n  <strong>436<\/strong><strong><\/strong>\n  <\/td><td>\n  <strong>16<\/strong><strong><\/strong>\n  <\/td><td>\n  <strong>392<\/strong><strong><\/strong>\n  <\/td><td>\n  <strong>28<\/strong><strong><\/strong>\n  <\/td><\/tr><tr><td>\n  Germersheim + So\n  <\/td><td>\n  &nbsp;\n  <\/td><td>\n  790\n  <\/td><td>\n  74\n  <\/td><td>\n  703\n  <\/td><td>\n  13\n  <\/td><\/tr><tr><td>\n  &nbsp;\n  <\/td><td>\n  <strong>Summen<\/strong><strong><\/strong>\n  <\/td><td>\n  <strong>790<\/strong><strong><\/strong>\n  <\/td><td>\n  <strong>74<\/strong><strong><\/strong>\n  <\/td><td>\n  <strong>703<\/strong><strong><\/strong>\n  <\/td><td>\n  <strong>13<\/strong><strong><\/strong>\n  <\/td><\/tr><tr><td>\n  VG Lingenfeld\n  <\/td><td>\n  Freisbach\n  <\/td><td>\n  55\n  <\/td><td>\n  14\n  <\/td><td>\n  40\n  <\/td><td>\n  1\n  <\/td><\/tr><tr><td>\n  &nbsp;\n  <\/td><td>\n  Lingenfeld\n  <\/td><td>\n  195\n  <\/td><td>\n  12\n  <\/td><td>\n  176\n  <\/td><td>\n  7\n  <\/td><\/tr><tr><td>\n  &nbsp;\n  <\/td><td>\n  Lustadt\n  <\/td><td>\n  78\n  <\/td><td>\n  5\n  <\/td><td>\n  72\n  <\/td><td>\n  1\n  <\/td><\/tr><tr><td>\n  &nbsp;\n  <\/td><td>\n  Schwegenheim\n  <\/td><td>\n  121\n  <\/td><td>\n  16\n  <\/td><td>\n  105\n  <\/td><td>\n  0\n  <\/td><\/tr><tr><td>\n  &nbsp;\n  <\/td><td>\n  Weingarten\n  <\/td><td>\n  59\n  <\/td><td>\n  0\n  <\/td><td>\n  58\n  <\/td><td>\n  1\n  <\/td><\/tr><tr><td>\n  &nbsp;\n  <\/td><td>\n  Westheim\n  <\/td><td>\n  82\n  <\/td><td>\n  2\n  <\/td><td>\n  72\n  <\/td><td>\n  8\n  <\/td><\/tr><tr><td>\n  &nbsp;\n  <\/td><td>\n  <strong>Summen<\/strong><strong><\/strong>\n  <\/td><td>\n  <strong>590<\/strong><strong><\/strong>\n  <\/td><td>\n  <strong>49<\/strong><strong><\/strong>\n  <\/td><td>\n  <strong>523<\/strong><strong><\/strong>\n  <\/td><td>\n  <strong>18<\/strong><strong><\/strong>\n  <\/td><\/tr><tr><td>\n  &nbsp;\n  <\/td><td>\n  <strong>Endsummen<\/strong><strong><\/strong>\n  <\/td><td>\n  <strong>3795<\/strong><strong><\/strong>\n  <\/td><td>\n  <strong>373<\/strong><strong><\/strong>\n  <\/td><td>\n  <strong>3316<\/strong><strong><\/strong>\n  <\/td><td>\n  <strong>106<\/strong><strong><\/strong>\n  <\/td><\/tr><\/tbody><\/table>\n\n\n\n<h2 class=\"wp-block-heading\">Donnerstag (11. M\u00e4rz 2021)<\/h2>\n\n\n\n<p>Aktuell gibt\nes im Landkreis Germersheim 374 best\u00e4tigte positive F\u00e4lle, die Gesamtzahl bel\u00e4uft\nsich auf 3778 Infizierte seit Beginn der Pandemie (+ 25 F\u00e4lle).<\/p>\n\n\n\n<h4 class=\"wp-block-heading\"><strong>Weiterer Todesfall<\/strong><\/h4>\n\n\n\n<p>Leider ist eine weitere Person an oder\nmit Covid-19 verstorben. Insgesamt steigt die Anzahl der Todesf\u00e4lle damit auf\n103.<\/p>\n\n\n\n<h4 class=\"wp-block-heading\"><strong>Neu betroffene\nEinrichtungen:<\/strong><\/h4>\n\n\n\n<p><strong>Realschule plus Lingenfeld: <\/strong>Es gibt einen positiven Fall. Die Kontaktpersonen sind in Quarant\u00e4ne.<\/p>\n\n\n\n<table class=\"wp-block-table\"><tbody><tr><td><strong>VG \/ Stadt<\/strong>   <\/td><td><strong>Ort<\/strong>   <\/td><td><strong>Infizierte seit Beginn der Pandemie<\/strong>   <\/td><td><strong>Aktuell infizierte Personen<\/strong>   <\/td><td><strong>Gesundete bzw. nicht mehr infizierte Personen<\/strong>   <\/td><td><strong>Leider an oder mit Covid-19 verstorbene Personen<\/strong>   <\/td><\/tr><tr><td>\n  VG Hagenbach\n  <\/td><td>\n  Berg\n  <\/td><td>\n  35\n  <\/td><td>\n  0\n  <\/td><td>\n  35\n  <\/td><td>\n  0\n  <\/td><\/tr><tr><td>\n  &nbsp;\n  <\/td><td>\n  Hagenbach\n  <\/td><td>\n  151\n  <\/td><td>\n  9\n  <\/td><td>\n  127\n  <\/td><td>\n  15\n  <\/td><\/tr><tr><td>\n  &nbsp;\n  <\/td><td>\n  Neuburg\n  <\/td><td>\n  77\n  <\/td><td>\n  4\n  <\/td><td>\n  70\n  <\/td><td>\n  3\n  <\/td><\/tr><tr><td>\n  &nbsp;\n  <\/td><td>\n  Scheibenhardt\n  <\/td><td>\n  15\n  <\/td><td>\n  2\n  <\/td><td>\n  13\n  <\/td><td>\n  0\n  <\/td><\/tr><tr><td>\n  <strong>&nbsp;<\/strong>\n  <\/td><td>\n  <strong>Summen<\/strong><strong><\/strong>\n  <\/td><td>\n  <strong>278<\/strong><strong><\/strong>\n  <\/td><td>\n  <strong>15<\/strong><strong><\/strong>\n  <\/td><td>\n  <strong>245<\/strong><strong><\/strong>\n  <\/td><td>\n  <strong>18<\/strong><strong><\/strong>\n  <\/td><\/tr><tr><td>\n  W\u00f6rth\n  <\/td><td>\n  Maximiliansau\n  <\/td><td>\n  151\n  <\/td><td>\n  5\n  <\/td><td>\n  144\n  <\/td><td>\n  2\n  <\/td><\/tr><tr><td>\n  &nbsp;\n  <\/td><td>\n  Schaidt\n  <\/td><td>\n  34\n  <\/td><td>\n  10\n  <\/td><td>\n  24\n  <\/td><td>\n  0\n  <\/td><\/tr><tr><td>\n  &nbsp;\n  <\/td><td>\n  W\u00f6rth, Stadt\n  <\/td><td>\n  356\n  <\/td><td>\n  59\n  <\/td><td>\n  293\n  <\/td><td>\n  4\n  <\/td><\/tr><tr><td>\n  &nbsp;\n  <\/td><td>\n  B\u00fcchelberg\n  <\/td><td>\n  26\n  <\/td><td>\n  0\n  <\/td><td>\n  26\n  <\/td><td>\n  0\n  <\/td><\/tr><tr><td>\n  <strong>&nbsp;<\/strong>\n  <\/td><td>\n  <strong>Summen<\/strong><strong><\/strong>\n  <\/td><td>\n  <strong>567<\/strong><strong><\/strong>\n  <\/td><td>\n  <strong>74<\/strong><strong><\/strong>\n  <\/td><td>\n  <strong>487<\/strong><strong><\/strong>\n  <\/td><td>\n  <strong>6<\/strong><strong><\/strong>\n  <\/td><\/tr><tr><td>\n  VG Kandel\n  <\/td><td>\n  Erlenbach\n  <\/td><td>\n  9\n  <\/td><td>\n  0\n  <\/td><td>\n  9\n  <\/td><td>\n  0\n  <\/td><\/tr><tr><td>\n  &nbsp;\n  <\/td><td>\n  Freckenfeld\n  <\/td><td>\n  33\n  <\/td><td>\n  0\n  <\/td><td>\n  33\n  <\/td><td>\n  0\n  <\/td><\/tr><tr><td>\n  &nbsp;\n  <\/td><td>\n  Kandel\n  <\/td><td>\n  200\n  <\/td><td>\n  40\n  <\/td><td>\n  157\n  <\/td><td>\n  3\n  <\/td><\/tr><tr><td>\n  &nbsp;\n  <\/td><td>\n  Minfeld\n  <\/td><td>\n  32\n  <\/td><td>\n  2\n  <\/td><td>\n  30\n  <\/td><td>\n  0\n  <\/td><\/tr><tr><td>\n  &nbsp;\n  <\/td><td>\n  Steinweiler\n  <\/td><td>\n  57\n  <\/td><td>\n  10\n  <\/td><td>\n  47\n  <\/td><td>\n  0\n  <\/td><\/tr><tr><td>\n  &nbsp;\n  <\/td><td>\n  Vollmersweiler\n  <\/td><td>\n  1\n  <\/td><td>\n  0\n  <\/td><td>\n  1\n  <\/td><td>\n  0\n  <\/td><\/tr><tr><td>\n  &nbsp;\n  <\/td><td>\n  Winden\n  <\/td><td>\n  25\n  <\/td><td>\n  2\n  <\/td><td>\n  22\n  <\/td><td>\n  1\n  <\/td><\/tr><tr><td>\n  &nbsp;\n  <\/td><td>\n  <strong>Summen<\/strong><strong><\/strong>\n  <\/td><td>\n  <strong>357<\/strong><strong><\/strong>\n  <\/td><td>\n  <strong>54<\/strong><strong><\/strong>\n  <\/td><td>\n  <strong>299<\/strong><strong><\/strong>\n  <\/td><td>\n  <strong>4<\/strong><strong><\/strong>\n  <\/td><\/tr><tr><td>\n  VG Jockgrim\n  <\/td><td>\n  Hatzenb\u00fchl\n  <\/td><td>\n  55\n  <\/td><td>\n  6\n  <\/td><td>\n  49\n  <\/td><td>\n  0\n  <\/td><\/tr><tr><td>\n  &nbsp;\n  <\/td><td>\n  Jockgrim\n  <\/td><td>\n  188\n  <\/td><td>\n  36\n  <\/td><td>\n  147\n  <\/td><td>\n  5\n  <\/td><\/tr><tr><td>\n  &nbsp;\n  <\/td><td>\n  Neupotz\n  <\/td><td>\n  43\n  <\/td><td>\n  13\n  <\/td><td>\n  27\n  <\/td><td>\n  3\n  <\/td><\/tr><tr><td>\n  &nbsp;\n  <\/td><td>\n  Rheinzabern\n  <\/td><td>\n  114\n  <\/td><td>\n  13\n  <\/td><td>\n  98\n  <\/td><td>\n  3\n  <\/td><\/tr><tr><td>\n  &nbsp;\n  <\/td><td>\n  <strong>Summen<\/strong><strong><\/strong>\n  <\/td><td>\n  <strong>400<\/strong><strong><\/strong>\n  <\/td><td>\n  <strong>68<\/strong><strong><\/strong>\n  <\/td><td>\n  <strong>321<\/strong><strong><\/strong>\n  <\/td><td>\n  <strong>11<\/strong><strong><\/strong>\n  <\/td><\/tr><tr><td>\n  VG R\u00fclzheim\n  <\/td><td>\n  H\u00f6rdt\n  <\/td><td>\n  83\n  <\/td><td>\n  9\n  <\/td><td>\n  74\n  <\/td><td>\n  0\n  <\/td><\/tr><tr><td>\n  &nbsp;\n  <\/td><td>\n  Kuhardt\n  <\/td><td>\n  51\n  <\/td><td>\n  2\n  <\/td><td>\n  49\n  <\/td><td>\n  0\n  <\/td><\/tr><tr><td>\n  &nbsp;\n  <\/td><td>\n  Leimersheim\n  <\/td><td>\n  47\n  <\/td><td>\n  3\n  <\/td><td>\n  43\n  <\/td><td>\n  1\n  <\/td><\/tr><tr><td>\n  &nbsp;\n  <\/td><td>\n  R\u00fclzheim\n  <\/td><td>\n  192\n  <\/td><td>\n  17\n  <\/td><td>\n  169\n  <\/td><td>\n  6\n  <\/td><\/tr><tr><td>\n  &nbsp;\n  <\/td><td>\n  <strong>Summen<\/strong><strong><\/strong>\n  <\/td><td>\n  <strong>373<\/strong><strong><\/strong>\n  <\/td><td>\n  <strong>31<\/strong><strong><\/strong>\n  <\/td><td>\n  <strong>335<\/strong><strong><\/strong>\n  <\/td><td>\n  <strong>7<\/strong><strong><\/strong>\n  <\/td><\/tr><tr><td>\n  VG Bellheim\n  <\/td><td>\n  Bellheim\n  <\/td><td>\n  290\n  <\/td><td>\n  7\n  <\/td><td>\n  255\n  <\/td><td>\n  28\n  <\/td><\/tr><tr><td>\n  &nbsp;\n  <\/td><td>\n  Knittelsheim\n  <\/td><td>\n  28\n  <\/td><td>\n  1\n  <\/td><td>\n  27\n  <\/td><td>\n  0\n  <\/td><\/tr><tr><td>\n  &nbsp;\n  <\/td><td>\n  Ottersheim\n  <\/td><td>\n  54\n  <\/td><td>\n  3\n  <\/td><td>\n  51\n  <\/td><td>\n  0\n  <\/td><\/tr><tr><td>\n  &nbsp;\n  <\/td><td>\n  Zeiskam\n  <\/td><td>\n  62\n  <\/td><td>\n  5\n  <\/td><td>\n  57\n  <\/td><td>\n  0\n  <\/td><\/tr><tr><td>\n  &nbsp;\n  <\/td><td>\n  <strong>Summen<\/strong><strong><\/strong>\n  <\/td><td>\n  <strong>434<\/strong><strong><\/strong>\n  <\/td><td>\n  <strong>16<\/strong><strong><\/strong>\n  <\/td><td>\n  <strong>390<\/strong><strong><\/strong>\n  <\/td><td>\n  <strong>28<\/strong><strong><\/strong>\n  <\/td><\/tr><tr><td>\n  Germersheim + So\n  <\/td><td>\n  &nbsp;\n  <\/td><td>\n  782\n  <\/td><td>\n  68\n  <\/td><td>\n  702\n  <\/td><td>\n  12\n  <\/td><\/tr><tr><td>\n  &nbsp;\n  <\/td><td>\n  <strong>Summen<\/strong><strong><\/strong>\n  <\/td><td>\n  <strong>782<\/strong><strong><\/strong>\n  <\/td><td>\n  <strong>68<\/strong><strong><\/strong>\n  <\/td><td>\n  <strong>702<\/strong><strong><\/strong>\n  <\/td><td>\n  <strong>12<\/strong><strong><\/strong>\n  <\/td><\/tr><tr><td>\n  VG Lingenfeld\n  <\/td><td>\n  Freisbach\n  <\/td><td>\n  55\n  <\/td><td>\n  15\n  <\/td><td>\n  39\n  <\/td><td>\n  1\n  <\/td><\/tr><tr><td>\n  &nbsp;\n  <\/td><td>\n  Lingenfeld\n  <\/td><td>\n  194\n  <\/td><td>\n  11\n  <\/td><td>\n  176\n  <\/td><td>\n  7\n  <\/td><\/tr><tr><td>\n  &nbsp;\n  <\/td><td>\n  Lustadt\n  <\/td><td>\n  78\n  <\/td><td>\n  5\n  <\/td><td>\n  72\n  <\/td><td>\n  1\n  <\/td><\/tr><tr><td>\n  &nbsp;\n  <\/td><td>\n  Schwegenheim\n  <\/td><td>\n  121\n  <\/td><td>\n  16\n  <\/td><td>\n  105\n  <\/td><td>\n  0\n  <\/td><\/tr><tr><td>\n  &nbsp;\n  <\/td><td>\n  Weingarten\n  <\/td><td>\n  59\n  <\/td><td>\n  0\n  <\/td><td>\n  58\n  <\/td><td>\n  1\n  <\/td><\/tr><tr><td>\n  &nbsp;\n  <\/td><td>\n  Westheim\n  <\/td><td>\n  80\n  <\/td><td>\n  1\n  <\/td><td>\n  72\n  <\/td><td>\n  7\n  <\/td><\/tr><tr><td>\n  &nbsp;\n  <\/td><td>\n  <strong>Summen<\/strong><strong><\/strong>\n  <\/td><td>\n  <strong>587<\/strong><strong><\/strong>\n  <\/td><td>\n  <strong>48<\/strong><strong><\/strong>\n  <\/td><td>\n  <strong>522<\/strong><strong><\/strong>\n  <\/td><td>\n  <strong>17<\/strong><strong><\/strong>\n  <\/td><\/tr><tr><td>\n  &nbsp;\n  <\/td><td>\n  <strong>Endsummen<\/strong><strong><\/strong>\n  <\/td><td>\n  <strong>3778<\/strong><strong><\/strong>\n  <\/td><td>\n  <strong>374<\/strong><strong><\/strong>\n  <\/td><td>\n  <strong>3301<\/strong><strong><\/strong>\n  <\/td><td>\n  <strong>103<\/strong><strong><\/strong>\n  <\/td><\/tr><\/tbody><\/table>\n\n\n\n<h2 class=\"wp-block-heading\">Mittwoch (10. M\u00e4rz 2021)<\/h2>\n\n\n\n<p>Aktuell gibt\nes im Landkreis Germersheim 370 best\u00e4tigte positive F\u00e4lle, die Gesamtzahl bel\u00e4uft\nsich auf 3753 Infizierte seit Beginn der Pandemie (+ 23 F\u00e4lle).<\/p>\n\n\n\n<table class=\"wp-block-table\"><tbody><tr><td><strong>VG \/ Stadt<\/strong>   <\/td><td><strong>Ort<\/strong>   <\/td><td><strong>Infizierte seit Beginn der Pandemie<\/strong>   <\/td><td><strong>Aktuell infizierte Personen<\/strong>   <\/td><td><strong>Gesundete bzw. nicht mehr infizierte Personen<\/strong>   <\/td><td><strong>Leider an oder mit Covid-19 verstorbene Personen<\/strong>   <\/td><\/tr><tr><td>\n  VG Hagenbach\n  <\/td><td>\n  Berg\n  <\/td><td>\n  35\n  <\/td><td>\n  0\n  <\/td><td>\n  35\n  <\/td><td>\n  0\n  <\/td><\/tr><tr><td>\n  &nbsp;\n  <\/td><td>\n  Hagenbach\n  <\/td><td>\n  151\n  <\/td><td>\n  10\n  <\/td><td>\n  126\n  <\/td><td>\n  15\n  <\/td><\/tr><tr><td>\n  &nbsp;\n  <\/td><td>\n  Neuburg\n  <\/td><td>\n  76\n  <\/td><td>\n  3\n  <\/td><td>\n  70\n  <\/td><td>\n  3\n  <\/td><\/tr><tr><td>\n  &nbsp;\n  <\/td><td>\n  Scheibenhardt\n  <\/td><td>\n  15\n  <\/td><td>\n  2\n  <\/td><td>\n  13\n  <\/td><td>\n  0\n  <\/td><\/tr><tr><td>\n  <strong>&nbsp;<\/strong>\n  <\/td><td>\n  <strong>Summen<\/strong><strong><\/strong>\n  <\/td><td>\n  <strong>277<\/strong><strong><\/strong>\n  <\/td><td>\n  <strong>15<\/strong><strong><\/strong>\n  <\/td><td>\n  <strong>244<\/strong><strong><\/strong>\n  <\/td><td>\n  <strong>18<\/strong><strong><\/strong>\n  <\/td><\/tr><tr><td>\n  W\u00f6rth\n  <\/td><td>\n  Maximiliansau\n  <\/td><td>\n  151\n  <\/td><td>\n  6\n  <\/td><td>\n  143\n  <\/td><td>\n  2\n  <\/td><\/tr><tr><td>\n  &nbsp;\n  <\/td><td>\n  Schaidt\n  <\/td><td>\n  34\n  <\/td><td>\n  10\n  <\/td><td>\n  24\n  <\/td><td>\n  0\n  <\/td><\/tr><tr><td>\n  &nbsp;\n  <\/td><td>\n  W\u00f6rth, Stadt\n  <\/td><td>\n  356\n  <\/td><td>\n  63\n  <\/td><td>\n  289\n  <\/td><td>\n  4\n  <\/td><\/tr><tr><td>\n  &nbsp;\n  <\/td><td>\n  B\u00fcchelberg\n  <\/td><td>\n  26\n  <\/td><td>\n  0\n  <\/td><td>\n  26\n  <\/td><td>\n  0\n  <\/td><\/tr><tr><td>\n  <strong>&nbsp;<\/strong>\n  <\/td><td>\n  <strong>Summen<\/strong><strong><\/strong>\n  <\/td><td>\n  <strong>567<\/strong><strong><\/strong>\n  <\/td><td>\n  <strong>79<\/strong><strong><\/strong>\n  <\/td><td>\n  <strong>482<\/strong><strong><\/strong>\n  <\/td><td>\n  <strong>6<\/strong><strong><\/strong>\n  <\/td><\/tr><tr><td>\n  VG Kandel\n  <\/td><td>\n  Erlenbach\n  <\/td><td>\n  9\n  <\/td><td>\n  0\n  <\/td><td>\n  9\n  <\/td><td>\n  0\n  <\/td><\/tr><tr><td>\n  &nbsp;\n  <\/td><td>\n  Freckenfeld\n  <\/td><td>\n  33\n  <\/td><td>\n  0\n  <\/td><td>\n  33\n  <\/td><td>\n  0\n  <\/td><\/tr><tr><td>\n  &nbsp;\n  <\/td><td>\n  Kandel\n  <\/td><td>\n  196\n  <\/td><td>\n  36\n  <\/td><td>\n  157\n  <\/td><td>\n  3\n  <\/td><\/tr><tr><td>\n  &nbsp;\n  <\/td><td>\n  Minfeld\n  <\/td><td>\n  32\n  <\/td><td>\n  2\n  <\/td><td>\n  30\n  <\/td><td>\n  0\n  <\/td><\/tr><tr><td>\n  &nbsp;\n  <\/td><td>\n  Steinweiler\n  <\/td><td>\n  56\n  <\/td><td>\n  9\n  <\/td><td>\n  47\n  <\/td><td>\n  0\n  <\/td><\/tr><tr><td>\n  &nbsp;\n  <\/td><td>\n  Vollmersweiler\n  <\/td><td>\n  1\n  <\/td><td>\n  0\n  <\/td><td>\n  1\n  <\/td><td>\n  0\n  <\/td><\/tr><tr><td>\n  &nbsp;\n  <\/td><td>\n  Winden\n  <\/td><td>\n  25\n  <\/td><td>\n  2\n  <\/td><td>\n  22\n  <\/td><td>\n  1\n  <\/td><\/tr><tr><td>\n  &nbsp;\n  <\/td><td>\n  <strong>Summen<\/strong><strong><\/strong>\n  <\/td><td>\n  <strong>352<\/strong><strong><\/strong>\n  <\/td><td>\n  <strong>49<\/strong><strong><\/strong>\n  <\/td><td>\n  <strong>299<\/strong><strong><\/strong>\n  <\/td><td>\n  <strong>4<\/strong><strong><\/strong>\n  <\/td><\/tr><tr><td>\n  VG Jockgrim\n  <\/td><td>\n  Hatzenb\u00fchl\n  <\/td><td>\n  53\n  <\/td><td>\n  4\n  <\/td><td>\n  49\n  <\/td><td>\n  0\n  <\/td><\/tr><tr><td>\n  &nbsp;\n  <\/td><td>\n  Jockgrim\n  <\/td><td>\n  185\n  <\/td><td>\n  33\n  <\/td><td>\n  147\n  <\/td><td>\n  5\n  <\/td><\/tr><tr><td>\n  &nbsp;\n  <\/td><td>\n  Neupotz\n  <\/td><td>\n  43\n  <\/td><td>\n  13\n  <\/td><td>\n  27\n  <\/td><td>\n  3\n  <\/td><\/tr><tr><td>\n  &nbsp;\n  <\/td><td>\n  Rheinzabern\n  <\/td><td>\n  114\n  <\/td><td>\n  15\n  <\/td><td>\n  96\n  <\/td><td>\n  3\n  <\/td><\/tr><tr><td>\n  &nbsp;\n  <\/td><td>\n  <strong>Summen<\/strong><strong><\/strong>\n  <\/td><td>\n  <strong>395<\/strong><strong><\/strong>\n  <\/td><td>\n  <strong>65<\/strong><strong><\/strong>\n  <\/td><td>\n  <strong>319<\/strong><strong><\/strong>\n  <\/td><td>\n  <strong>11<\/strong><strong><\/strong>\n  <\/td><\/tr><tr><td>\n  VG R\u00fclzheim\n  <\/td><td>\n  H\u00f6rdt\n  <\/td><td>\n  82\n  <\/td><td>\n  8\n  <\/td><td>\n  74\n  <\/td><td>\n  0\n  <\/td><\/tr><tr><td>\n  &nbsp;\n  <\/td><td>\n  Kuhardt\n  <\/td><td>\n  51\n  <\/td><td>\n  2\n  <\/td><td>\n  49\n  <\/td><td>\n  0\n  <\/td><\/tr><tr><td>\n  &nbsp;\n  <\/td><td>\n  Leimersheim\n  <\/td><td>\n  46\n  <\/td><td>\n  2\n  <\/td><td>\n  43\n  <\/td><td>\n  1\n  <\/td><\/tr><tr><td>\n  &nbsp;\n  <\/td><td>\n  R\u00fclzheim\n  <\/td><td>\n  192\n  <\/td><td>\n  18\n  <\/td><td>\n  169\n  <\/td><td>\n  5\n  <\/td><\/tr><tr><td>\n  &nbsp;\n  <\/td><td>\n  <strong>Summen<\/strong><strong><\/strong>\n  <\/td><td>\n  <strong>371<\/strong><strong><\/strong>\n  <\/td><td>\n  <strong>30<\/strong><strong><\/strong>\n  <\/td><td>\n  <strong>335<\/strong><strong><\/strong>\n  <\/td><td>\n  <strong>6<\/strong><strong><\/strong>\n  <\/td><\/tr><tr><td>\n  VG Bellheim\n  <\/td><td>\n  Bellheim\n  <\/td><td>\n  290\n  <\/td><td>\n  8\n  <\/td><td>\n  254\n  <\/td><td>\n  28\n  <\/td><\/tr><tr><td>\n  &nbsp;\n  <\/td><td>\n  Knittelsheim\n  <\/td><td>\n  28\n  <\/td><td>\n  1\n  <\/td><td>\n  27\n  <\/td><td>\n  0\n  <\/td><\/tr><tr><td>\n  &nbsp;\n  <\/td><td>\n  Ottersheim\n  <\/td><td>\n  54\n  <\/td><td>\n  3\n  <\/td><td>\n  51\n  <\/td><td>\n  0\n  <\/td><\/tr><tr><td>\n  &nbsp;\n  <\/td><td>\n  Zeiskam\n  <\/td><td>\n  61\n  <\/td><td>\n  4\n  <\/td><td>\n  57\n  <\/td><td>\n  0\n  <\/td><\/tr><tr><td>\n  &nbsp;\n  <\/td><td>\n  <strong>Summen<\/strong><strong><\/strong>\n  <\/td><td>\n  <strong>433<\/strong><strong><\/strong>\n  <\/td><td>\n  <strong>16<\/strong><strong><\/strong>\n  <\/td><td>\n  <strong>389<\/strong><strong><\/strong>\n  <\/td><td>\n  <strong>28<\/strong><strong><\/strong>\n  <\/td><\/tr><tr><td>\n  Germersheim + So\n  <\/td><td>\n  &nbsp;\n  <\/td><td>\n  773\n  <\/td><td>\n  62\n  <\/td><td>\n  699\n  <\/td><td>\n  12\n  <\/td><\/tr><tr><td>\n  &nbsp;\n  <\/td><td>\n  <strong>Summen<\/strong><strong><\/strong>\n  <\/td><td>\n  <strong>773<\/strong><strong><\/strong>\n  <\/td><td>\n  <strong>62<\/strong><strong><\/strong>\n  <\/td><td>\n  <strong>699<\/strong><strong><\/strong>\n  <\/td><td>\n  <strong>12<\/strong><strong><\/strong>\n  <\/td><\/tr><tr><td>\n  VG Lingenfeld\n  <\/td><td>\n  Freisbach\n  <\/td><td>\n  54\n  <\/td><td>\n  14\n  <\/td><td>\n  39\n  <\/td><td>\n  1\n  <\/td><\/tr><tr><td>\n  &nbsp;\n  <\/td><td>\n  Lingenfeld\n  <\/td><td>\n  194\n  <\/td><td>\n  11\n  <\/td><td>\n  176\n  <\/td><td>\n  7\n  <\/td><\/tr><tr><td>\n  &nbsp;\n  <\/td><td>\n  Lustadt\n  <\/td><td>\n  78\n  <\/td><td>\n  5\n  <\/td><td>\n  72\n  <\/td><td>\n  1\n  <\/td><\/tr><tr><td>\n  &nbsp;\n  <\/td><td>\n  Schwegenheim\n  <\/td><td>\n  121\n  <\/td><td>\n  17\n  <\/td><td>\n  104\n  <\/td><td>\n  0\n  <\/td><\/tr><tr><td>\n  &nbsp;\n  <\/td><td>\n  Weingarten\n  <\/td><td>\n  59\n  <\/td><td>\n  0\n  <\/td><td>\n  58\n  <\/td><td>\n  1\n  <\/td><\/tr><tr><td>\n  &nbsp;\n  <\/td><td>\n  Westheim\n  <\/td><td>\n  79\n  <\/td><td>\n  7\n  <\/td><td>\n  65\n  <\/td><td>\n  7\n  <\/td><\/tr><tr><td>\n  &nbsp;\n  <\/td><td>\n  <strong>Summen<\/strong><strong><\/strong>\n  <\/td><td>\n  <strong>585<\/strong><strong><\/strong>\n  <\/td><td>\n  <strong>54<\/strong><strong><\/strong>\n  <\/td><td>\n  <strong>514<\/strong><strong><\/strong>\n  <\/td><td>\n  <strong>17<\/strong><strong><\/strong>\n  <\/td><\/tr><tr><td>\n  &nbsp;\n  <\/td><td>\n  &nbsp;\n  <\/td><td>\n  &nbsp;\n  <\/td><td>\n  &nbsp;\n  <\/td><td>\n  &nbsp;\n  <\/td><td>\n  &nbsp;\n  <\/td><\/tr><tr><td>\n  &nbsp;\n  <\/td><td>\n  <strong>Endsummen<\/strong><strong><\/strong>\n  <\/td><td>\n  <strong>3753<\/strong><strong><\/strong>\n  <\/td><td>\n  <strong>370<\/strong><strong><\/strong>\n  <\/td><td>\n  <strong>3281<\/strong><strong><\/strong>\n  <\/td><td>\n  <strong>102<\/strong><strong><\/strong>\n  <\/td><\/tr><\/tbody><\/table>\n\n\n\n<h2 class=\"wp-block-heading\">Dienstag (9. M\u00e4rz 2021)<\/h2>\n\n\n\n<p>Aktuell gibt\nes im Landkreis Germersheim 387 best\u00e4tigte positive F\u00e4lle, die Gesamtzahl bel\u00e4uft\nsich auf 3730 Infizierte seit Beginn der Pandemie (+ 18 F\u00e4lle).<\/p>\n\n\n\n<table class=\"wp-block-table\"><tbody><tr><td><strong>VG \/ Stadt<\/strong>   <\/td><td><strong>Ort<\/strong>   <\/td><td><strong>Infizierte seit Beginn der Pandemie<\/strong>   <\/td><td><strong>Aktuell infizierte Personen<\/strong>   <\/td><td><strong>Gesundete bzw. nicht mehr infizierte Personen<\/strong>   <\/td><td><strong>Leider an oder mit Covid-19 verstorbene Personen<\/strong>   <\/td><\/tr><tr><td>\n  VG Hagenbach\n  <\/td><td>\n  Berg\n  <\/td><td>\n  35\n  <\/td><td>\n  0\n  <\/td><td>\n  35\n  <\/td><td>\n  0\n  <\/td><\/tr><tr><td>\n  &nbsp;\n  <\/td><td>\n  Hagenbach\n  <\/td><td>\n  150\n  <\/td><td>\n  11\n  <\/td><td>\n  124\n  <\/td><td>\n  15\n  <\/td><\/tr><tr><td>\n  &nbsp;\n  <\/td><td>\n  Neuburg\n  <\/td><td>\n  76\n  <\/td><td>\n  3\n  <\/td><td>\n  70\n  <\/td><td>\n  3\n  <\/td><\/tr><tr><td>\n  &nbsp;\n  <\/td><td>\n  Scheibenhardt\n  <\/td><td>\n  15\n  <\/td><td>\n  2\n  <\/td><td>\n  13\n  <\/td><td>\n  0\n  <\/td><\/tr><tr><td>\n  <strong>&nbsp;<\/strong>\n  <\/td><td>\n  <strong>Summen<\/strong><strong><\/strong>\n  <\/td><td>\n  <strong>276<\/strong><strong><\/strong>\n  <\/td><td>\n  <strong>16<\/strong><strong><\/strong>\n  <\/td><td>\n  <strong>242<\/strong><strong><\/strong>\n  <\/td><td>\n  <strong>18<\/strong><strong><\/strong>\n  <\/td><\/tr><tr><td>\n  W\u00f6rth\n  <\/td><td>\n  Maximiliansau\n  <\/td><td>\n  151\n  <\/td><td>\n  9\n  <\/td><td>\n  140\n  <\/td><td>\n  2\n  <\/td><\/tr><tr><td>\n  &nbsp;\n  <\/td><td>\n  Schaidt\n  <\/td><td>\n  33\n  <\/td><td>\n  10\n  <\/td><td>\n  23\n  <\/td><td>\n  0\n  <\/td><\/tr><tr><td>\n  &nbsp;\n  <\/td><td>\n  W\u00f6rth, Stadt\n  <\/td><td>\n  353\n  <\/td><td>\n  65\n  <\/td><td>\n  284\n  <\/td><td>\n  4\n  <\/td><\/tr><tr><td>\n  &nbsp;\n  <\/td><td>\n  B\u00fcchelberg\n  <\/td><td>\n  26\n  <\/td><td>\n  0\n  <\/td><td>\n  26\n  <\/td><td>\n  0\n  <\/td><\/tr><tr><td>\n  <strong>&nbsp;<\/strong>\n  <\/td><td>\n  <strong>Summen<\/strong><strong><\/strong>\n  <\/td><td>\n  <strong>563<\/strong><strong><\/strong>\n  <\/td><td>\n  <strong>84<\/strong><strong><\/strong>\n  <\/td><td>\n  <strong>473<\/strong><strong><\/strong>\n  <\/td><td>\n  <strong>6<\/strong><strong><\/strong>\n  <\/td><\/tr><tr><td>\n  VG Kandel\n  <\/td><td>\n  Erlenbach\n  <\/td><td>\n  9\n  <\/td><td>\n  0\n  <\/td><td>\n  9\n  <\/td><td>\n  0\n  <\/td><\/tr><tr><td>\n  &nbsp;\n  <\/td><td>\n  Freckenfeld\n  <\/td><td>\n  33\n  <\/td><td>\n  2\n  <\/td><td>\n  31\n  <\/td><td>\n  0\n  <\/td><\/tr><tr><td>\n  &nbsp;\n  <\/td><td>\n  Kandel\n  <\/td><td>\n  193\n  <\/td><td>\n  33\n  <\/td><td>\n  157\n  <\/td><td>\n  3\n  <\/td><\/tr><tr><td>\n  &nbsp;\n  <\/td><td>\n  Minfeld\n  <\/td><td>\n  32\n  <\/td><td>\n  2\n  <\/td><td>\n  30\n  <\/td><td>\n  0\n  <\/td><\/tr><tr><td>\n  &nbsp;\n  <\/td><td>\n  Steinweiler\n  <\/td><td>\n  56\n  <\/td><td>\n  14\n  <\/td><td>\n  42\n  <\/td><td>\n  0\n  <\/td><\/tr><tr><td>\n  &nbsp;\n  <\/td><td>\n  Vollmersweiler\n  <\/td><td>\n  1\n  <\/td><td>\n  0\n  <\/td><td>\n  1\n  <\/td><td>\n  0\n  <\/td><\/tr><tr><td>\n  &nbsp;\n  <\/td><td>\n  Winden\n  <\/td><td>\n  25\n  <\/td><td>\n  3\n  <\/td><td>\n  21\n  <\/td><td>\n  1\n  <\/td><\/tr><tr><td>\n  &nbsp;\n  <\/td><td>\n  <strong>Summen<\/strong><strong><\/strong>\n  <\/td><td>\n  <strong>349<\/strong><strong><\/strong>\n  <\/td><td>\n  <strong>54<\/strong><strong><\/strong>\n  <\/td><td>\n  <strong>291<\/strong><strong><\/strong>\n  <\/td><td>\n  <strong>4<\/strong><strong><\/strong>\n  <\/td><\/tr><tr><td>\n  VG Jockgrim\n  <\/td><td>\n  Hatzenb\u00fchl\n  <\/td><td>\n  53\n  <\/td><td>\n  4\n  <\/td><td>\n  49\n  <\/td><td>\n  0\n  <\/td><\/tr><tr><td>\n  &nbsp;\n  <\/td><td>\n  Jockgrim\n  <\/td><td>\n  184\n  <\/td><td>\n  33\n  <\/td><td>\n  146\n  <\/td><td>\n  5\n  <\/td><\/tr><tr><td>\n  &nbsp;\n  <\/td><td>\n  Neupotz\n  <\/td><td>\n  42\n  <\/td><td>\n  12\n  <\/td><td>\n  27\n  <\/td><td>\n  3\n  <\/td><\/tr><tr><td>\n  &nbsp;\n  <\/td><td>\n  Rheinzabern\n  <\/td><td>\n  112\n  <\/td><td>\n  16\n  <\/td><td>\n  93\n  <\/td><td>\n  3\n  <\/td><\/tr><tr><td>\n  &nbsp;\n  <\/td><td>\n  <strong>Summen<\/strong><strong><\/strong>\n  <\/td><td>\n  <strong>391<\/strong><strong><\/strong>\n  <\/td><td>\n  <strong>65<\/strong><strong><\/strong>\n  <\/td><td>\n  <strong>315<\/strong><strong><\/strong>\n  <\/td><td>\n  <strong>11<\/strong><strong><\/strong>\n  <\/td><\/tr><tr><td>\n  VG R\u00fclzheim\n  <\/td><td>\n  H\u00f6rdt\n  <\/td><td>\n  81\n  <\/td><td>\n  7\n  <\/td><td>\n  74\n  <\/td><td>\n  0\n  <\/td><\/tr><tr><td>\n  &nbsp;\n  <\/td><td>\n  Kuhardt\n  <\/td><td>\n  51\n  <\/td><td>\n  2\n  <\/td><td>\n  49\n  <\/td><td>\n  0\n  <\/td><\/tr><tr><td>\n  &nbsp;\n  <\/td><td>\n  Leimersheim\n  <\/td><td>\n  46\n  <\/td><td>\n  2\n  <\/td><td>\n  43\n  <\/td><td>\n  1\n  <\/td><\/tr><tr><td>\n  &nbsp;\n  <\/td><td>\n  R\u00fclzheim\n  <\/td><td>\n  191\n  <\/td><td>\n  19\n  <\/td><td>\n  167\n  <\/td><td>\n  5\n  <\/td><\/tr><tr><td>\n  &nbsp;\n  <\/td><td>\n  <strong>Summen<\/strong><strong><\/strong>\n  <\/td><td>\n  <strong>369<\/strong><strong><\/strong>\n  <\/td><td>\n  <strong>30<\/strong><strong><\/strong>\n  <\/td><td>\n  <strong>333<\/strong><strong><\/strong>\n  <\/td><td>\n  <strong>6<\/strong><strong><\/strong>\n  <\/td><\/tr><tr><td>\n  VG Bellheim\n  <\/td><td>\n  Bellheim\n  <\/td><td>\n  290\n  <\/td><td>\n  8\n  <\/td><td>\n  254\n  <\/td><td>\n  28\n  <\/td><\/tr><tr><td>\n  &nbsp;\n  <\/td><td>\n  Knittelsheim\n  <\/td><td>\n  27\n  <\/td><td>\n  1\n  <\/td><td>\n  26\n  <\/td><td>\n  0\n  <\/td><\/tr><tr><td>\n  &nbsp;\n  <\/td><td>\n  Ottersheim\n  <\/td><td>\n  54\n  <\/td><td>\n  3\n  <\/td><td>\n  51\n  <\/td><td>\n  0\n  <\/td><\/tr><tr><td>\n  &nbsp;\n  <\/td><td>\n  Zeiskam\n  <\/td><td>\n  61\n  <\/td><td>\n  6\n  <\/td><td>\n  55\n  <\/td><td>\n  0\n  <\/td><\/tr><tr><td>\n  &nbsp;\n  <\/td><td>\n  <strong>Summen<\/strong><strong><\/strong>\n  <\/td><td>\n  <strong>432<\/strong><strong><\/strong>\n  <\/td><td>\n  <strong>18<\/strong><strong><\/strong>\n  <\/td><td>\n  <strong>386<\/strong><strong><\/strong>\n  <\/td><td>\n  <strong>28<\/strong><strong><\/strong>\n  <\/td><\/tr><tr><td>\n  Germersheim + So\n  <\/td><td>\n  &nbsp;\n  <\/td><td>\n  767\n  <\/td><td>\n  67\n  <\/td><td>\n  688\n  <\/td><td>\n  12\n  <\/td><\/tr><tr><td>\n  &nbsp;\n  <\/td><td>\n  <strong>Summen<\/strong><strong><\/strong>\n  <\/td><td>\n  <strong>767<\/strong><strong><\/strong>\n  <\/td><td>\n  <strong>67<\/strong><strong><\/strong>\n  <\/td><td>\n  <strong>688<\/strong><strong><\/strong>\n  <\/td><td>\n  <strong>12<\/strong><strong><\/strong>\n  <\/td><\/tr><tr><td>\n  VG Lingenfeld\n  <\/td><td>\n  Freisbach\n  <\/td><td>\n  54\n  <\/td><td>\n  14\n  <\/td><td>\n  39\n  <\/td><td>\n  1\n  <\/td><\/tr><tr><td>\n  &nbsp;\n  <\/td><td>\n  Lingenfeld\n  <\/td><td>\n  193\n  <\/td><td>\n  10\n  <\/td><td>\n  176\n  <\/td><td>\n  7\n  <\/td><\/tr><tr><td>\n  &nbsp;\n  <\/td><td>\n  Lustadt\n  <\/td><td>\n  77\n  <\/td><td>\n  5\n  <\/td><td>\n  71\n  <\/td><td>\n  1\n  <\/td><\/tr><tr><td>\n  &nbsp;\n  <\/td><td>\n  Schwegenheim\n  <\/td><td>\n  121\n  <\/td><td>\n  17\n  <\/td><td>\n  104\n  <\/td><td>\n  0\n  <\/td><\/tr><tr><td>\n  &nbsp;\n  <\/td><td>\n  Weingarten\n  <\/td><td>\n  59\n  <\/td><td>\n  0\n  <\/td><td>\n  58\n  <\/td><td>\n  1\n  <\/td><\/tr><tr><td>\n  &nbsp;\n  <\/td><td>\n  Westheim\n  <\/td><td>\n  79\n  <\/td><td>\n  7\n  <\/td><td>\n  65\n  <\/td><td>\n  7\n  <\/td><\/tr><tr><td>\n  &nbsp;\n  <\/td><td>\n  <strong>Summen<\/strong><strong><\/strong>\n  <\/td><td>\n  <strong>583<\/strong><strong><\/strong>\n  <\/td><td>\n  <strong>53<\/strong><strong><\/strong>\n  <\/td><td>\n  <strong>513<\/strong><strong><\/strong>\n  <\/td><td>\n  <strong>17<\/strong><strong><\/strong>\n  <\/td><\/tr><tr><td>\n  &nbsp;\n  <\/td><td>\n  <strong>Endsummen<\/strong><strong><\/strong>\n  <\/td><td>\n  <strong>3730<\/strong><strong><\/strong>\n  <\/td><td>\n  <strong>387<\/strong><strong><\/strong>\n  <\/td><td>\n  <strong>3241<\/strong><strong><\/strong>\n  <\/td><td>\n  <strong>102<\/strong><strong><\/strong>\n  <\/td><\/tr><\/tbody><\/table>\n\n\n\n<p><em>Kreisverwaltung Germersheim<br>13.03.2021<\/em><\/p>\n","protected":false},"excerpt":{"rendered":"<div class=\"mh-excerpt\"><p>Internationale Woche gegen Rassismus: Solidarit\u00e4t. Grenzenlos. Die Internationalen Wochen gegen Rassismus finden in diesem Jahr von 15. bis 28. M\u00e4rz unter dem Motto \u201eSolidarit\u00e4t. Grenzenlos\u201c statt. Im Kreishaus in Germersheim laufen die F\u00e4den zu den <a class=\"mh-excerpt-more\" href=\"https:\/\/speyer24news.com\/?p=34079\" title=\"Germersheim und Landkreis Germersheim (GER)\">[&#8230;]<\/a><\/p>\n<\/div>","protected":false},"author":3,"featured_media":0,"comment_status":"open","ping_status":"open","sticky":false,"template":"","format":"standard","meta":{"_monsterinsights_skip_tracking":false,"_monsterinsights_sitenote_active":false,"_monsterinsights_sitenote_note":"","_monsterinsights_sitenote_category":0,"footnotes":""},"categories":[449],"tags":[7519,10578,10576,8140,9951,6902,10501,9205,9887,8739,10528,6323,9746,9286,9616,6903,9745,9614,10575,210,10580,9290,9296,5569,10577,10579,10573,10574],"aioseo_notices":[],"amp_enabled":true,"_links":{"self":[{"href":"https:\/\/speyer24news.com\/index.php?rest_route=\/wp\/v2\/posts\/34079"}],"collection":[{"href":"https:\/\/speyer24news.com\/index.php?rest_route=\/wp\/v2\/posts"}],"about":[{"href":"https:\/\/speyer24news.com\/index.php?rest_route=\/wp\/v2\/types\/post"}],"author":[{"embeddable":true,"href":"https:\/\/speyer24news.com\/index.php?rest_route=\/wp\/v2\/users\/3"}],"replies":[{"embeddable":true,"href":"https:\/\/speyer24news.com\/index.php?rest_route=%2Fwp%2Fv2%2Fcomments&post=34079"}],"version-history":[{"count":1,"href":"https:\/\/speyer24news.com\/index.php?rest_route=\/wp\/v2\/posts\/34079\/revisions"}],"predecessor-version":[{"id":34082,"href":"https:\/\/speyer24news.com\/index.php?rest_route=\/wp\/v2\/posts\/34079\/revisions\/34082"}],"wp:attachment":[{"href":"https:\/\/speyer24news.com\/index.php?rest_route=%2Fwp%2Fv2%2Fmedia&parent=34079"}],"wp:term":[{"taxonomy":"category","embeddable":true,"href":"https:\/\/speyer24news.com\/index.php?rest_route=%2Fwp%2Fv2%2Fcategories&post=34079"},{"taxonomy":"post_tag","embeddable":true,"href":"https:\/\/speyer24news.com\/index.php?rest_route=%2Fwp%2Fv2%2Ftags&post=34079"}],"curies":[{"name":"wp","href":"https:\/\/api.w.org\/{rel}","templated":true}]}}