{"id":34100,"date":"2021-03-14T06:51:34","date_gmt":"2021-03-14T05:51:34","guid":{"rendered":"https:\/\/speyer24news.com\/?p=34100"},"modified":"2021-03-14T06:51:35","modified_gmt":"2021-03-14T05:51:35","slug":"rhein-pfalz-kreis-76","status":"publish","type":"post","link":"https:\/\/speyer24news.com\/?p=34100","title":{"rendered":"Rhein-Pfalz-Kreis"},"content":{"rendered":"<style type=\"text\/css\">\r\n\t.ads_top_disp{}\r\n\t.ads_top_corner_disp{ float:left; margin:0px 10px 10px 0px; }\r\n\t.ads_first_p_disp{}\r\n\t.ads_bottom_disp{}\r\n\t<\/style>\n<h2 class=\"wp-block-heading\"><strong>Licht\naus \u2013 Klimaschutz an!<\/strong><\/h2>\n\n\n\n<h3 class=\"wp-block-heading\"><strong>Rhein-Pfalz-Kreis beteiligt sich an der \u201eEarth Hour\u201c<\/strong><\/h3>\n\n\n\n<h4 class=\"wp-block-heading\"><strong>WWF l\u00e4dt zur Klimaschutzaktion am 27. M\u00e4rz ein.<\/strong><\/h4>\n\n\n\n<div class=\"wp-block-image\"><figure class=\"aligncenter\"><img decoding=\"async\" loading=\"lazy\" width=\"800\" height=\"602\" src=\"https:\/\/speyer24news.com\/wp-content\/uploads\/2021\/03\/Earth-Hour.png\" alt=\"\" class=\"wp-image-34102\" srcset=\"https:\/\/speyer24news.com\/wp-content\/uploads\/2021\/03\/Earth-Hour.png 800w, https:\/\/speyer24news.com\/wp-content\/uploads\/2021\/03\/Earth-Hour-300x226.png 300w, https:\/\/speyer24news.com\/wp-content\/uploads\/2021\/03\/Earth-Hour-768x578.png 768w, https:\/\/speyer24news.com\/wp-content\/uploads\/2021\/03\/Earth-Hour-678x509.png 678w, https:\/\/speyer24news.com\/wp-content\/uploads\/2021\/03\/Earth-Hour-326x245.png 326w, https:\/\/speyer24news.com\/wp-content\/uploads\/2021\/03\/Earth-Hour-80x60.png 80w\" sizes=\"(max-width: 800px) 100vw, 800px\" \/><\/figure><\/div>\n\n\n\n<p><strong>Ludwigshafen \/ Berlin &#8211; <\/strong>Lichtschalter, ein oder aus? Klimaschutz, ja oder nein? Weltweit stimmen Menschen, St\u00e4dte und Unternehmen w\u00e4hrend der Earth Hour 2021 f\u00fcr mehr Klimaschutz. Sie schalten am Samstag, 27. M\u00e4rz, um 20.30 Uhr f\u00fcr eine Stunde das Licht aus. Bekannte Bauwerke stehen wieder in symbolischer Dunkelheit, darunter Wahrzeichen wie das Brandenburger Tor, der Big Ben in London und die Christusstatue in Rio de Janeiro. <\/p>\n\n\n\n<p>Die\nKlimaschutzmanagerin aus der Kreisverwaltung Natalie Hauke fordert\nJeder-mann\/Jederfrau auf, sich ebenfalls zu beteiligen: \u201eDie Earth Hour zeigt,\nwie Menschen gemeinsam auf der ganzen Welt f\u00fcr den Erhalt des Planeten k\u00e4mpfen.\nJede und Jeder kann sich mit dem symbolischen Lichtausschalten in den eigenen\nvier W\u00e4nden beteiligen.\u201c Dinner in the Dark, Verstecken spielen mit den\nKindern, malen mit Leuchtfarben: Der WWF l\u00e4dt alle ein, bei der Earth Hour\ndigital mitzumachen und unter dem Hashtag #LichtAus und #EarthHour davon zu\nerz\u00e4hlen. <\/p>\n\n\n\n<p>In\nDeutschland steht die weltweite Aktion 2021 ganz im Zeichen des Klimaschutzes.\nDie n\u00e4chsten zehn Jahre sind entscheidend, um eine Eskalation der Klimakrise zu\nverhindern. Wenn es nicht gelingt, die Erderhitzung auf deutlich unter zwei\nGrad zu begrenzen, drohen katastrophale Konsequenzen f\u00fcr Mensch und Natur. Jede\nsechste Art k\u00f6nnte aussterben. Wetterextreme werden h\u00e4ufiger \u2013 Waldbr\u00e4nde,\nD\u00fcrren und \u00dcberflutungen heftiger. Jedes zehntel Grad z\u00e4hlt. Alle k\u00f6nnen am\nLichtschalter ein Zeichen setzen, dass die Erderhitzung auch in Zeiten der\nCorona-Pandemie nicht vergessen ist. <\/p>\n\n\n\n<p>Die\nEarth Hour des WWF findet dieses Jahr bereits zum f\u00fcnfzehnten Mal statt. Ihren\nAnfang nahm die Aktion im Jahr 2007 in Sydney. Mittlerweile wird die \u201eStunde\nder Erde\u201c auf allen Kontinenten in mehr als 180 L\u00e4ndern veranstaltet. Weltweit\nnehmen mehr als 7.000 St\u00e4dte teil, allein in Deutschland waren es 367 im\nvergangenen Jahr. <\/p>\n\n\n\n<p>Alle Infos und Orte gibt es beim WWF Deutschland auf <a href=\"http:\/\/www.wwf.de\/earth-hour\">www.wwf.de\/earth-hour<\/a>. Weitere Informationen: Julian Philipp, Pressestelle WWF, Tel.: 030-311 777 467, <a href=\"julian.philipp@wwf.de\">julian.philipp@wwf.de<\/a>.<\/p>\n\n\n\n<p><em>Kreisverwaltung Rhein-Pfalz-Kreis<br>14.03.2021<\/em><\/p>\n\n\n\n<h2 class=\"wp-block-heading\"><strong>Kostenlose Web-Seminare der Verbraucherzentrale <\/strong><\/h2>\n\n\n\n<h3 class=\"wp-block-heading\"><strong>W\u00e4rmed\u00e4mmung f\u00fcr Dach, Keller, Fassade und Fenster<\/strong><\/h3>\n\n\n\n<p>In zwei Vortr\u00e4gen betrachtet ein\nEnergieberater der Verbraucherzentrale, wie sich mit W\u00e4rmed\u00e4mmung Energie\nsparen l\u00e4sst. Ein Mitarbeiter des Polizeipr\u00e4sidiums Rheinpfalz informiert,\nworauf beim Austausch von Fenstern und T\u00fcren hinsichtlich des Einbruchschutzes\nzu achten ist. <\/p>\n\n\n\n<p>W\u00e4rmeschutz\nbeim Eigenheim hilft beim Energiesparen. Der \u00fcberwiegende Teil der bestehenden\nGeb\u00e4ude wird mit fossilen Brennstoffen beheizt, daher sind Energiesparma\u00dfnahmen\nan Wohnh\u00e4usern ein wertvoller Baustein f\u00fcr mehr Klimaschutz. Ob sich die\nInvestitionen am Ende auch finanziell lohnen, h\u00e4ngt vom Einzelfall sowie von\nvielen Randbedingungen ab. <\/p>\n\n\n\n<p><strong>\u201eW\u00e4rmed\u00e4mmung oben und unten \u2013 das\nspricht daf\u00fcr\u201c<\/strong> lautet der Titel des ersten Vortrags <strong>am Dienstag, 23. M\u00e4rz 2021 von 18 bis 19\nUhr. <\/strong>Energieberater Harms Gei\u00dfler gibt Antworten auf h\u00e4ufige Fragen und Mythen rund\num die W\u00e4rmed\u00e4mmung. Er widmet sich vor allem der D\u00e4mmung des Dachs, der\nobersten Geschossdecke und der Kellerdecke. Er erl\u00e4utert sowohl die Vorgaben\ndes Geb\u00e4ude-Energie-Gesetzes als auch die staatlichen F\u00f6rderprogramme.<\/p>\n\n\n\n<p><strong>\u201eFassade &amp; Fenster energetisch\nsanieren und einbruchsicher machen\u201c<\/strong> lautet der Titel des\nzweiten Vortrags <strong>am Donnerstag, 22.\nApril 2021 von 18 bis 19:30 Uhr<\/strong>. Hier nimmt der Energieexperte die vier\nAu\u00dfenw\u00e4nde sowie die Fenster und T\u00fcren in den Fokus. Harms Gei\u00dfler erkl\u00e4rt die\n\u00fcblichen Schwachstellen alter Fassaden und Fenster und was bei Au\u00dfenwandd\u00e4mmung\nund Fenstertausch zu beachten ist. Denis Brandt, Kriminaloberkommissar der\nPr\u00e4ventionsstelle Einbruchschutz Rheinpfalz, erl\u00e4utert, wie Fenster und T\u00fcren\ndurch mechanische und elektronische Ausstattungen sicherer gemacht werden\nk\u00f6nnen. <\/p>\n\n\n\n<p>Die\nkleine Vortragsreihe wurde von den KlimaschutzmanagerInnen der St\u00e4dte\nFrankenthal, Ludwigshafen, Worms und des Rhein-Pfalz-Kreises initiiert. Beide\nVortr\u00e4ge richten sich vor allem an Besitzer von Ein- und Zweifamilienh\u00e4usern\nund k\u00f6nnen auch einzeln besucht werden. Die Teilnahme ist kostenlos. <\/p>\n\n\n\n<p>Interessierte k\u00f6nnen sich unter <a href=\"http:\/\/www.verbraucherzentrale-rlp.de\/webseminare-rlp\">www.verbraucherzentrale-rlp.de\/webseminare-rlp<\/a> anmelden. <\/p>\n\n\n\n<p>Um teilnehmen zu k\u00f6nnen, wird ein Computer mit Internetzugang und Lautsprecher ben\u00f6tigt. Ideal ist ein Kopfh\u00f6rer. Als Browser werden Mozilla Firefox oder Google Chrome empfohlen \u2013 bei anderen Browsern ist die Funktionalit\u00e4t im Web-Seminar eingeschr\u00e4nkt.<\/p>\n\n\n\n<p><em>Kreisverwaltung Rhein-Pfalz-Kreis<br>14.03.2021<\/em><\/p>\n\n\n\n<h1 class=\"wp-block-heading\" style=\"text-align:center\">Corona-Virus<\/h1>\n\n\n\n<figure class=\"wp-block-image\"><img decoding=\"async\" loading=\"lazy\" width=\"800\" height=\"346\" src=\"https:\/\/speyer24news.com\/wp-content\/uploads\/2020\/02\/coronavirus-4817450_1920.jpg\" alt=\"\" class=\"wp-image-25126\" srcset=\"https:\/\/speyer24news.com\/wp-content\/uploads\/2020\/02\/coronavirus-4817450_1920.jpg 800w, https:\/\/speyer24news.com\/wp-content\/uploads\/2020\/02\/coronavirus-4817450_1920-300x130.jpg 300w, https:\/\/speyer24news.com\/wp-content\/uploads\/2020\/02\/coronavirus-4817450_1920-768x332.jpg 768w\" sizes=\"(max-width: 800px) 100vw, 800px\" \/><\/figure>\n\n\n\n<h2 class=\"wp-block-heading\"><strong>Impfzentrum Schifferstadt f\u00fchrte 5.000. Impfung durch<\/strong><\/h2>\n\n\n\n<figure class=\"wp-block-image\"><img decoding=\"async\" loading=\"lazy\" width=\"800\" height=\"676\" src=\"https:\/\/speyer24news.com\/wp-content\/uploads\/2021\/03\/2-5.000-Impfung-Impfzentrum-2.jpg\" alt=\"\" class=\"wp-image-34101\" srcset=\"https:\/\/speyer24news.com\/wp-content\/uploads\/2021\/03\/2-5.000-Impfung-Impfzentrum-2.jpg 800w, https:\/\/speyer24news.com\/wp-content\/uploads\/2021\/03\/2-5.000-Impfung-Impfzentrum-2-300x254.jpg 300w, https:\/\/speyer24news.com\/wp-content\/uploads\/2021\/03\/2-5.000-Impfung-Impfzentrum-2-768x649.jpg 768w\" sizes=\"(max-width: 800px) 100vw, 800px\" \/><figcaption> Anl\u00e4sslich der 5.000. Impfung in Schifferstadt \u00fcberreichte Landrat Clemens K\u00f6rner (begleitet von Dr. Lutz Bandekow, links) dem Impfling Johannes Joa ein Weinpr\u00e4sent.<\/figcaption><\/figure>\n\n\n\n<p><strong>Schifferstadt &#8211;<\/strong> Landrat Clemens K\u00f6rner \u00fcberreichte Johannes Joa aus Bobenheim-Roxheim, der in dieser Woche die 5.000. Impfung im Impfzentrum Schifferstadt erhalten hat, ein Weinpr\u00e4sent. <\/p>\n\n\n\n<p>Der 38-j\u00e4hrige Lehrer war \u00fcberrascht,\nals ihm der Landrat des Rhein-Pfalz-Kreises nach erfolgter Impfung mit dem\nWirkstoff AstraZeneca im Wartebereich des Impfzentrums das Geschenk \u00fcbergab. Herr\nJoa erhielt seine Erstimpfung und wird in den kommenden 9 Wochen seine Zweitimpfung\nerhalten. <\/p>\n\n\n\n<p>\u201eWir freuen uns, dass nach dem Impfstart Anfang Januar 2021 nun die 5.000. Impfung vorgenommen werden konnte. Ein wichtiger Schl\u00fcssel zur Eind\u00e4mmung der Pandemie ist die Impfung m\u00f6glichst vieler Menschen\u201c, betont Landrat K\u00f6rner und appelliert an alle B\u00fcrgerinnen und B\u00fcrger, die vielleicht beim Gedanken an die Impfung noch z\u00f6gern, ihre skeptische Haltung zu \u00fcberdenken.  Bis zum Ende von KW 9 wurden im Impfzentrum Schifferstadt rund 4.100 Erstimpfungen und 2.300 Zweitimpfungen durchgef\u00fchrt \u2013 zusammen somit rund 6.400 Impfvorg\u00e4nge. Nach den Lieferengp\u00e4ssen des Impfstoffes in den letzten Wochen wird das Impfzentrum nun konsequent ausgelastet und kontinuierlich ausgebaut, so dass die Impfquote k\u00fcnftig schneller ansteigen wird. Das Impfzentrum wird ab 15. M\u00e4rz 2021 auf Volllast fahren \u2013 das bedeutet erweiterte \u00d6ffnungszeiten, auch an den Feiertagen und Wochenenden. \u201eWir befinden uns im Wettlauf mit Testungen und Impfungen gegen das Coronavirus und seine Mutationen. Mein gro\u00dfer Dank geht an meine Mitarbeiterinnen und Mitarbeitern sowie an alle Personen im Gesundheitswesen, die t\u00e4glich Gro\u00dfartiges leisten\u201c, hebt der Landrat hervor. <\/p>\n\n\n\n<p><em>Kreisverwaltung Rhein-Pfalz-Kreis<br>14.03.2021<\/em><\/p>\n\n\n\n<h1 class=\"wp-block-heading\" style=\"text-align:center\"><strong>Aktuelle Fallzahlen im Zust\u00e4ndigkeitsbereich des Gesundheitsamtes Rhein-Pfalz-Kreis<\/strong><\/h1>\n\n\n\n<figure class=\"wp-block-image\"><img decoding=\"async\" loading=\"lazy\" width=\"800\" height=\"400\" src=\"https:\/\/speyer24news.com\/wp-content\/uploads\/2020\/02\/virus-1812092_1920.jpg\" alt=\"\" class=\"wp-image-25128\" srcset=\"https:\/\/speyer24news.com\/wp-content\/uploads\/2020\/02\/virus-1812092_1920.jpg 800w, https:\/\/speyer24news.com\/wp-content\/uploads\/2020\/02\/virus-1812092_1920-300x150.jpg 300w, https:\/\/speyer24news.com\/wp-content\/uploads\/2020\/02\/virus-1812092_1920-768x384.jpg 768w\" sizes=\"(max-width: 800px) 100vw, 800px\" \/><\/figure>\n\n\n\n<h2 class=\"wp-block-heading\">Freitag (12.03.2021)<\/h2>\n\n\n\n<p>Die Kreisverwaltung Rhein-Pfalz-Kreis \u00fcbermittelt\neine \u00dcbersicht der Infektionszahlen aus ihrem Zust\u00e4ndigkeitsbereich des\nGesundheitsamtes. In den Zust\u00e4ndigkeitsbereich des Gesundheitsamtes\nRhein-Pfalz-Kreis geh\u00f6ren neben dem Landkreis auch die St\u00e4dte Ludwigshafen,\nFrankenthal und Speyer. <\/p>\n\n\n\n<table class=\"wp-block-table\"><tbody><tr><td>\n  LK\/SK\/Ort\n  <\/td><td>\n  Infizierte seit Beginn der\n  Pandemie\n  <\/td><td>\n  Aktuell infizierte Personen\n  <\/td><td>\n  Heute neu infizierte Personen\n  <\/td><td>\n  Gesundete bzw. nicht mehr\n  infizierte Personen\n  <\/td><td>\n  Leider an oder mit Covid-19 verstorbene\n  Personen\n  <\/td><td>\n  Heute verstorben gemeldet\n  <\/td><\/tr><tr><td>\n  _AH\n  <\/td><td>\n  6\n  <\/td><td>\n  &nbsp;\n  <\/td><td>\n  &nbsp;\n  <\/td><td>\n  6\n  <\/td><td>\n  &nbsp;\n  <\/td><td>\n  &nbsp;\n  <\/td><\/tr><tr><td>\n  Altrip\n  <\/td><td>\n  194\n  <\/td><td>\n  10\n  <\/td><td>\n  &nbsp;\n  <\/td><td>\n  167\n  <\/td><td>\n  17\n  <\/td><td>\n  &nbsp;\n  <\/td><\/tr><tr><td>\n  Beindersheim\n  <\/td><td>\n  80\n  <\/td><td>\n  3\n  <\/td><td>\n  2\n  <\/td><td>\n  76\n  <\/td><td>\n  1\n  <\/td><td>\n  &nbsp;\n  <\/td><\/tr><tr><td>\n  Birkenheide\n  <\/td><td>\n  72\n  <\/td><td>\n  8\n  <\/td><td>\n  &nbsp;\n  <\/td><td>\n  62\n  <\/td><td>\n  2\n  <\/td><td>\n  &nbsp;\n  <\/td><\/tr><tr><td>\n  Bobenheim-Roxheim\n  <\/td><td>\n  225\n  <\/td><td>\n  11\n  <\/td><td>\n  1\n  <\/td><td>\n  214\n  <\/td><td>\n  &nbsp;\n  <\/td><td>\n  &nbsp;\n  <\/td><\/tr><tr><td>\n  B\u00f6hl-Iggelheim\n  <\/td><td>\n  314\n  <\/td><td>\n  8\n  <\/td><td>\n  &nbsp;\n  <\/td><td>\n  292\n  <\/td><td>\n  14\n  <\/td><td>\n  &nbsp;\n  <\/td><\/tr><tr><td>\n  Dannstadt-Schauernheim\n  <\/td><td>\n  204\n  <\/td><td>\n  13\n  <\/td><td>\n  2\n  <\/td><td>\n  187\n  <\/td><td>\n  4\n  <\/td><td>\n  &nbsp;\n  <\/td><\/tr><tr><td>\n  Dudenhofen\n  <\/td><td>\n  287\n  <\/td><td>\n  4\n  <\/td><td>\n  &nbsp;\n  <\/td><td>\n  268\n  <\/td><td>\n  15\n  <\/td><td>\n  &nbsp;\n  <\/td><\/tr><tr><td>\n  Fu\u00dfg\u00f6nheim\n  <\/td><td>\n  71\n  <\/td><td>\n  17\n  <\/td><td>\n  1\n  <\/td><td>\n  51\n  <\/td><td>\n  3\n  <\/td><td>\n  &nbsp;\n  <\/td><\/tr><tr><td>\n  Gro\u00dfniedesheim\n  <\/td><td>\n  38\n  <\/td><td>\n  1\n  <\/td><td>\n  &nbsp;\n  <\/td><td>\n  37\n  <\/td><td>\n  &nbsp;\n  <\/td><td>\n  &nbsp;\n  <\/td><\/tr><tr><td>\n  Hanhofen\n  <\/td><td>\n  82\n  <\/td><td>\n  10\n  <\/td><td>\n  1\n  <\/td><td>\n  71\n  <\/td><td>\n  1\n  <\/td><td>\n  &nbsp;\n  <\/td><\/tr><tr><td>\n  Harthausen\n  <\/td><td>\n  131\n  <\/td><td>\n  16\n  <\/td><td>\n  2\n  <\/td><td>\n  103\n  <\/td><td>\n  12\n  <\/td><td>\n  &nbsp;\n  <\/td><\/tr><tr><td>\n  He\u00dfheim\n  <\/td><td>\n  85\n  <\/td><td>\n  6\n  <\/td><td>\n  &nbsp;\n  <\/td><td>\n  76\n  <\/td><td>\n  3\n  <\/td><td>\n  &nbsp;\n  <\/td><\/tr><tr><td>\n  Heuchelheim\n  <\/td><td>\n  21\n  <\/td><td>\n  &nbsp;\n  <\/td><td>\n  &nbsp;\n  <\/td><td>\n  21\n  <\/td><td>\n  &nbsp;\n  <\/td><td>\n  &nbsp;\n  <\/td><\/tr><tr><td>\n  Hochdorf-Assenheim\n  <\/td><td>\n  67\n  <\/td><td>\n  2\n  <\/td><td>\n  &nbsp;\n  <\/td><td>\n  64\n  <\/td><td>\n  1\n  <\/td><td>\n  &nbsp;\n  <\/td><\/tr><tr><td>\n  Kleinniedesheim\n  <\/td><td>\n  25\n  <\/td><td>\n  &nbsp;\n  <\/td><td>\n  &nbsp;\n  <\/td><td>\n  25\n  <\/td><td>\n  &nbsp;\n  <\/td><td>\n  &nbsp;\n  <\/td><\/tr><tr><td>\n  Lambsheim\n  <\/td><td>\n  149\n  <\/td><td>\n  5\n  <\/td><td>\n  &nbsp;\n  <\/td><td>\n  141\n  <\/td><td>\n  3\n  <\/td><td>\n  &nbsp;\n  <\/td><\/tr><tr><td>\n  Limburgerhof\n  <\/td><td>\n  311\n  <\/td><td>\n  29\n  <\/td><td>\n  2\n  <\/td><td>\n  270\n  <\/td><td>\n  12\n  <\/td><td>\n  &nbsp;\n  <\/td><\/tr><tr><td>\n  Maxdorf\n  <\/td><td>\n  254\n  <\/td><td>\n  3\n  <\/td><td>\n  &nbsp;\n  <\/td><td>\n  222\n  <\/td><td>\n  29\n  <\/td><td>\n  1\n  <\/td><\/tr><tr><td>\n  Mutterstadt\n  <\/td><td>\n  463\n  <\/td><td>\n  22\n  <\/td><td>\n  2\n  <\/td><td>\n  409\n  <\/td><td>\n  32\n  <\/td><td>\n  &nbsp;\n  <\/td><\/tr><tr><td>\n  Neuhofen\n  <\/td><td>\n  212\n  <\/td><td>\n  12\n  <\/td><td>\n  1\n  <\/td><td>\n  187\n  <\/td><td>\n  13\n  <\/td><td>\n  &nbsp;\n  <\/td><\/tr><tr><td>\n  Otterstadt\n  <\/td><td>\n  109\n  <\/td><td>\n  2\n  <\/td><td>\n  &nbsp;\n  <\/td><td>\n  105\n  <\/td><td>\n  2\n  <\/td><td>\n  &nbsp;\n  <\/td><\/tr><tr><td>\n  R\u00f6dersheim-Gronau\n  <\/td><td>\n  68\n  <\/td><td>\n  3\n  <\/td><td>\n  &nbsp;\n  <\/td><td>\n  63\n  <\/td><td>\n  2\n  <\/td><td>\n  &nbsp;\n  <\/td><\/tr><tr><td>\n  R\u00f6merberg\n  <\/td><td>\n  413\n  <\/td><td>\n  23\n  <\/td><td>\n  &nbsp;\n  <\/td><td>\n  380\n  <\/td><td>\n  10\n  <\/td><td>\n  &nbsp;\n  <\/td><\/tr><tr><td>\n  Schifferstadt\n  <\/td><td>\n  738\n  <\/td><td>\n  50\n  <\/td><td>\n  9\n  <\/td><td>\n  668\n  <\/td><td>\n  20\n  <\/td><td>\n  &nbsp;\n  <\/td><\/tr><tr><td>\n  Waldsee\n  <\/td><td>\n  167\n  <\/td><td>\n  13\n  <\/td><td>\n  &nbsp;\n  <\/td><td>\n  145\n  <\/td><td>\n  9\n  <\/td><td>\n  &nbsp;\n  <\/td><\/tr><tr><td>\n  &nbsp;\n  <\/td><td>\n  &nbsp;\n  <\/td><td>\n  &nbsp;\n  <\/td><td>\n  &nbsp;\n  <\/td><td>\n  &nbsp;\n  <\/td><td>\n  &nbsp;\n  <\/td><td>\n  &nbsp;\n  <\/td><\/tr><tr><td>\n  <strong>LK Rhein-Pfalz-Kreis<\/strong>\n  <\/td><td>\n  <strong>4786<\/strong>\n  <\/td><td>\n  <strong>271<\/strong>\n  <\/td><td>\n  <strong>23<\/strong>\n  <\/td><td>\n  <strong>4310<\/strong>\n  <\/td><td>\n  <strong>205<\/strong>\n  <\/td><td>\n  <strong>1<\/strong>\n  <\/td><\/tr><tr><td>\n  <strong>SK Frankenthal<\/strong>\n  <\/td><td>\n  <strong>1546<\/strong>\n  <\/td><td>\n  <strong>130<\/strong>\n  <\/td><td>\n  <strong>9<\/strong>\n  <\/td><td>\n  <strong>1370<\/strong>\n  <\/td><td>\n  <strong>45<\/strong>\n  <\/td><td>\n  <strong>2<\/strong>\n  <\/td><\/tr><tr><td>\n  <strong>SK Ludwigshafen<\/strong>\n  <\/td><td>\n  <strong>7041<\/strong>\n  <\/td><td>\n  <strong>336<\/strong>\n  <\/td><td>\n  <strong>27<\/strong>\n  <\/td><td>\n  <strong>6406<\/strong>\n  <\/td><td>\n  <strong>299<\/strong>\n  <\/td><td>\n  <strong>&nbsp;<\/strong>\n  <\/td><\/tr><tr><td>\n  <strong>SK Speyer<\/strong>\n  <\/td><td>\n  <strong>2034<\/strong>\n  <\/td><td>\n  <strong>54<\/strong>\n  <\/td><td>\n  <strong>3<\/strong>\n  <\/td><td>\n  <strong>1900<\/strong>\n  <\/td><td>\n  <strong>80<\/strong>\n  <\/td><td>\n  <strong>&nbsp;<\/strong>\n  <\/td><\/tr><tr><td>\n  <strong>&nbsp;<\/strong>\n  <\/td><td>\n  <strong>&nbsp;<\/strong>\n  <\/td><td>\n  <strong>&nbsp;<\/strong>\n  <\/td><td>\n  <strong>&nbsp;<\/strong>\n  <\/td><td>\n  <strong>&nbsp;<\/strong>\n  <\/td><td>\n  <strong>&nbsp;<\/strong>\n  <\/td><td>\n  <strong>&nbsp;<\/strong>\n  <\/td><\/tr><tr><td>\n  <strong>Summe:<\/strong>\n  <\/td><td>\n  <strong>15407<\/strong>\n  <\/td><td>\n  <strong>791<\/strong>\n  <\/td><td>\n  <strong>62<\/strong>\n  <\/td><td>\n  <strong>13986<\/strong>\n  <\/td><td>\n  <strong>629<\/strong>\n  <\/td><td>\n  <strong>3<\/strong>\n  <\/td><\/tr><\/tbody><\/table>\n\n\n\n<p><em>Quelle: SurvNet@RKI<\/em><\/p>\n\n\n\n<h2 class=\"wp-block-heading\">Donnerstag (11.03.2021)<\/h2>\n\n\n\n<p>Die Kreisverwaltung Rhein-Pfalz-Kreis \u00fcbermittelt\neine \u00dcbersicht der Infektionszahlen aus ihrem Zust\u00e4ndigkeitsbereich des\nGesundheitsamtes. In den Zust\u00e4ndigkeitsbereich des Gesundheitsamtes\nRhein-Pfalz-Kreis geh\u00f6ren neben dem Landkreis auch die St\u00e4dte Ludwigshafen,\nFrankenthal und Speyer. <\/p>\n\n\n\n<table class=\"wp-block-table\"><tbody><tr><td>LK\/SK\/Ort   <\/td><td>Infizierte seit Beginn der   Pandemie   <\/td><td>Aktuell infizierte Personen   <\/td><td>Heute neu infizierte Personen   <\/td><td>Gesundete bzw. nicht mehr   infizierte Personen   <\/td><td>Leider an oder mit Covid-19 verstorbene   Personen   <\/td><td>Heute verstorben gemeldet   <\/td><\/tr><tr><td>\n  _AH\n  <\/td><td>\n  6\n  <\/td><td>\n  &nbsp;\n  <\/td><td>\n  &nbsp;\n  <\/td><td>\n  6\n  <\/td><td>\n  &nbsp;\n  <\/td><td>\n  &nbsp;\n  <\/td><\/tr><tr><td>\n  Altrip\n  <\/td><td>\n  194\n  <\/td><td>\n  11\n  <\/td><td>\n  &nbsp;\n  <\/td><td>\n  166\n  <\/td><td>\n  17\n  <\/td><td>\n  &nbsp;\n  <\/td><\/tr><tr><td>\n  Beindersheim\n  <\/td><td>\n  78\n  <\/td><td>\n  1\n  <\/td><td>\n  &nbsp;\n  <\/td><td>\n  76\n  <\/td><td>\n  1\n  <\/td><td>\n  &nbsp;\n  <\/td><\/tr><tr><td>\n  Birkenheide\n  <\/td><td>\n  72\n  <\/td><td>\n  10\n  <\/td><td>\n  &nbsp;\n  <\/td><td>\n  60\n  <\/td><td>\n  2\n  <\/td><td>\n  &nbsp;\n  <\/td><\/tr><tr><td>\n  Bobenheim-Roxheim\n  <\/td><td>\n  224\n  <\/td><td>\n  11\n  <\/td><td>\n  3\n  <\/td><td>\n  213\n  <\/td><td>\n  &nbsp;\n  <\/td><td>\n  &nbsp;\n  <\/td><\/tr><tr><td>\n  B\u00f6hl-Iggelheim\n  <\/td><td>\n  314\n  <\/td><td>\n  9\n  <\/td><td>\n  &nbsp;\n  <\/td><td>\n  291\n  <\/td><td>\n  14\n  <\/td><td>\n  &nbsp;\n  <\/td><\/tr><tr><td>\n  Dannstadt-Schauernheim\n  <\/td><td>\n  202\n  <\/td><td>\n  11\n  <\/td><td>\n  &nbsp;\n  <\/td><td>\n  187\n  <\/td><td>\n  4\n  <\/td><td>\n  &nbsp;\n  <\/td><\/tr><tr><td>\n  Dudenhofen\n  <\/td><td>\n  287\n  <\/td><td>\n  4\n  <\/td><td>\n  &nbsp;\n  <\/td><td>\n  268\n  <\/td><td>\n  15\n  <\/td><td>\n  &nbsp;\n  <\/td><\/tr><tr><td>\n  Fu\u00dfg\u00f6nheim\n  <\/td><td>\n  70\n  <\/td><td>\n  16\n  <\/td><td>\n  4\n  <\/td><td>\n  51\n  <\/td><td>\n  3\n  <\/td><td>\n  &nbsp;\n  <\/td><\/tr><tr><td>\n  Gro\u00dfniedesheim\n  <\/td><td>\n  38\n  <\/td><td>\n  1\n  <\/td><td>\n  &nbsp;\n  <\/td><td>\n  37\n  <\/td><td>\n  &nbsp;\n  <\/td><td>\n  &nbsp;\n  <\/td><\/tr><tr><td>\n  Hanhofen\n  <\/td><td>\n  81\n  <\/td><td>\n  9\n  <\/td><td>\n  &nbsp;\n  <\/td><td>\n  71\n  <\/td><td>\n  1\n  <\/td><td>\n  &nbsp;\n  <\/td><\/tr><tr><td>\n  Harthausen\n  <\/td><td>\n  129\n  <\/td><td>\n  14\n  <\/td><td>\n  3\n  <\/td><td>\n  103\n  <\/td><td>\n  12\n  <\/td><td>\n  &nbsp;\n  <\/td><\/tr><tr><td>\n  He\u00dfheim\n  <\/td><td>\n  85\n  <\/td><td>\n  12\n  <\/td><td>\n  1\n  <\/td><td>\n  70\n  <\/td><td>\n  3\n  <\/td><td>\n  &nbsp;\n  <\/td><\/tr><tr><td>\n  Heuchelheim\n  <\/td><td>\n  21\n  <\/td><td>\n  &nbsp;\n  <\/td><td>\n  &nbsp;\n  <\/td><td>\n  21\n  <\/td><td>\n  &nbsp;\n  <\/td><td>\n  &nbsp;\n  <\/td><\/tr><tr><td>\n  Hochdorf-Assenheim\n  <\/td><td>\n  67\n  <\/td><td>\n  2\n  <\/td><td>\n  1\n  <\/td><td>\n  64\n  <\/td><td>\n  1\n  <\/td><td>\n  &nbsp;\n  <\/td><\/tr><tr><td>\n  Kleinniedesheim\n  <\/td><td>\n  25\n  <\/td><td>\n  &nbsp;\n  <\/td><td>\n  &nbsp;\n  <\/td><td>\n  25\n  <\/td><td>\n  &nbsp;\n  <\/td><td>\n  &nbsp;\n  <\/td><\/tr><tr><td>\n  Lambsheim\n  <\/td><td>\n  149\n  <\/td><td>\n  6\n  <\/td><td>\n  &nbsp;\n  <\/td><td>\n  140\n  <\/td><td>\n  3\n  <\/td><td>\n  &nbsp;\n  <\/td><\/tr><tr><td>\n  Limburgerhof\n  <\/td><td>\n  309\n  <\/td><td>\n  28\n  <\/td><td>\n  5\n  <\/td><td>\n  269\n  <\/td><td>\n  12\n  <\/td><td>\n  &nbsp;\n  <\/td><\/tr><tr><td>\n  Maxdorf\n  <\/td><td>\n  254\n  <\/td><td>\n  4\n  <\/td><td>\n  &nbsp;\n  <\/td><td>\n  222\n  <\/td><td>\n  28\n  <\/td><td>\n  &nbsp;\n  <\/td><\/tr><tr><td>\n  Mutterstadt\n  <\/td><td>\n  461\n  <\/td><td>\n  20\n  <\/td><td>\n  &nbsp;\n  <\/td><td>\n  409\n  <\/td><td>\n  32\n  <\/td><td>\n  &nbsp;\n  <\/td><\/tr><tr><td>\n  Neuhofen\n  <\/td><td>\n  211\n  <\/td><td>\n  14\n  <\/td><td>\n  &nbsp;\n  <\/td><td>\n  184\n  <\/td><td>\n  13\n  <\/td><td>\n  &nbsp;\n  <\/td><\/tr><tr><td>\n  Otterstadt\n  <\/td><td>\n  109\n  <\/td><td>\n  2\n  <\/td><td>\n  &nbsp;\n  <\/td><td>\n  105\n  <\/td><td>\n  2\n  <\/td><td>\n  &nbsp;\n  <\/td><\/tr><tr><td>\n  R\u00f6dersheim-Gronau\n  <\/td><td>\n  68\n  <\/td><td>\n  3\n  <\/td><td>\n  &nbsp;\n  <\/td><td>\n  63\n  <\/td><td>\n  2\n  <\/td><td>\n  &nbsp;\n  <\/td><\/tr><tr><td>\n  R\u00f6merberg\n  <\/td><td>\n  413\n  <\/td><td>\n  24\n  <\/td><td>\n  &nbsp;\n  <\/td><td>\n  379\n  <\/td><td>\n  10\n  <\/td><td>\n  &nbsp;\n  <\/td><\/tr><tr><td>\n  Schifferstadt\n  <\/td><td>\n  729\n  <\/td><td>\n  41\n  <\/td><td>\n  6\n  <\/td><td>\n  668\n  <\/td><td>\n  20\n  <\/td><td>\n  &nbsp;\n  <\/td><\/tr><tr><td>\n  Waldsee\n  <\/td><td>\n  167\n  <\/td><td>\n  14\n  <\/td><td>\n  &nbsp;\n  <\/td><td>\n  144\n  <\/td><td>\n  9\n  <\/td><td>\n  1\n  <\/td><\/tr><tr><td>\n  &nbsp;\n  <\/td><td>\n  &nbsp;\n  <\/td><td>\n  &nbsp;\n  <\/td><td>\n  &nbsp;\n  <\/td><td>\n  &nbsp;\n  <\/td><td>\n  &nbsp;\n  <\/td><td>\n  &nbsp;\n  <\/td><\/tr><tr><td>\n  LK\n  Rhein-Pfalz-Kreis\n  <\/td><td>\n  4763\n  <\/td><td>\n  267\n  <\/td><td>\n  23\n  <\/td><td>\n  4292\n  <\/td><td>\n  204\n  <\/td><td>\n  1\n  <\/td><\/tr><tr><td>\n  SK\n  Frankenthal\n  <\/td><td>\n  1537\n  <\/td><td>\n  131\n  <\/td><td>\n  18\n  <\/td><td>\n  1362\n  <\/td><td>\n  43\n  <\/td><td>\n  4\n  <\/td><\/tr><tr><td>\n  SK\n  Ludwigshafen\n  <\/td><td>\n  7012\n  <\/td><td>\n  320\n  <\/td><td>\n  20\n  <\/td><td>\n  6393\n  <\/td><td>\n  299\n  <\/td><td>\n  &nbsp;\n  <\/td><\/tr><tr><td>\n  SK\n  Speyer\n  <\/td><td>\n  2032\n  <\/td><td>\n  59\n  <\/td><td>\n  2\n  <\/td><td>\n  1893\n  <\/td><td>\n  80\n  <\/td><td>\n  &nbsp;\n  <\/td><\/tr><tr><td>\n  &nbsp;\n  <\/td><td>\n  &nbsp;\n  <\/td><td>\n  &nbsp;\n  <\/td><td>\n  &nbsp;\n  <\/td><td>\n  &nbsp;\n  <\/td><td>\n  &nbsp;\n  <\/td><td>\n  &nbsp;\n  <\/td><\/tr><tr><td>\n  <strong>Summe:<\/strong>\n  <\/td><td>\n  <strong>15344<\/strong>\n  <\/td><td>\n  <strong>777<\/strong>\n  <\/td><td>\n  <strong>63<\/strong>\n  <\/td><td>\n  <strong>13940<\/strong>\n  <\/td><td>\n  <strong>626<\/strong>\n  <\/td><td>\n  <strong>5<\/strong>\n  <\/td><\/tr><\/tbody><\/table>\n\n\n\n<p><em>Quelle: SurvNet@RKI<\/em><\/p>\n\n\n\n<h2 class=\"wp-block-heading\">Mittwoch (10.03.2021)<\/h2>\n\n\n\n<p>Die Kreisverwaltung Rhein-Pfalz-Kreis \u00fcbermittelt eine \u00dcbersicht der Infektionszahlen aus ihrem Zust\u00e4ndigkeitsbereich des Gesundheitsamtes. In den Zust\u00e4ndigkeitsbereich des Gesundheitsamtes Rhein-Pfalz-Kreis geh\u00f6ren neben dem Landkreis auch die St\u00e4dte Ludwigshafen, Frankenthal und Speyer.<\/p>\n\n\n\n<table class=\"wp-block-table\"><tbody><tr><td>LK\/SK\/Ort   <\/td><td>Infizierte seit Beginn der   Pandemie   <\/td><td>Aktuell infizierte Personen   <\/td><td>Heute neu infizierte Personen   <\/td><td>Gesundete bzw. nicht mehr   infizierte Personen   <\/td><td>Leider an oder mit Covid-19 verstorbene   Personen   <\/td><td>Heute verstorben gemeldet   <\/td><\/tr><tr><td>\n  _AH\n  <\/td><td>\n  6\n  <\/td><td>\n  &nbsp;\n  <\/td><td>\n  &nbsp;\n  <\/td><td>\n  6\n  <\/td><td>\n  &nbsp;\n  <\/td><td>\n  &nbsp;\n  <\/td><\/tr><tr><td>\n  Altrip\n  <\/td><td>\n  194\n  <\/td><td>\n  11\n  <\/td><td>\n  2\n  <\/td><td>\n  166\n  <\/td><td>\n  17\n  <\/td><td>\n  &nbsp;\n  <\/td><\/tr><tr><td>\n  Beindersheim\n  <\/td><td>\n  78\n  <\/td><td>\n  1\n  <\/td><td>\n  &nbsp;\n  <\/td><td>\n  76\n  <\/td><td>\n  1\n  <\/td><td>\n  &nbsp;\n  <\/td><\/tr><tr><td>\n  Birkenheide\n  <\/td><td>\n  72\n  <\/td><td>\n  10\n  <\/td><td>\n  &nbsp;\n  <\/td><td>\n  60\n  <\/td><td>\n  2\n  <\/td><td>\n  &nbsp;\n  <\/td><\/tr><tr><td>\n  Bobenheim-Roxheim\n  <\/td><td>\n  221\n  <\/td><td>\n  8\n  <\/td><td>\n  1\n  <\/td><td>\n  213\n  <\/td><td>\n  &nbsp;\n  <\/td><td>\n  &nbsp;\n  <\/td><\/tr><tr><td>\n  B\u00f6hl-Iggelheim\n  <\/td><td>\n  314\n  <\/td><td>\n  9\n  <\/td><td>\n  &nbsp;\n  <\/td><td>\n  291\n  <\/td><td>\n  14\n  <\/td><td>\n  &nbsp;\n  <\/td><\/tr><tr><td>\n  Dannstadt-Schauernheim\n  <\/td><td>\n  202\n  <\/td><td>\n  11\n  <\/td><td>\n  2\n  <\/td><td>\n  187\n  <\/td><td>\n  4\n  <\/td><td>\n  &nbsp;\n  <\/td><\/tr><tr><td>\n  Dudenhofen\n  <\/td><td>\n  287\n  <\/td><td>\n  4\n  <\/td><td>\n  &nbsp;\n  <\/td><td>\n  268\n  <\/td><td>\n  15\n  <\/td><td>\n  &nbsp;\n  <\/td><\/tr><tr><td>\n  Fu\u00dfg\u00f6nheim\n  <\/td><td>\n  66\n  <\/td><td>\n  12\n  <\/td><td>\n  &nbsp;\n  <\/td><td>\n  51\n  <\/td><td>\n  3\n  <\/td><td>\n  &nbsp;\n  <\/td><\/tr><tr><td>\n  Gro\u00dfniedesheim\n  <\/td><td>\n  38\n  <\/td><td>\n  1\n  <\/td><td>\n  &nbsp;\n  <\/td><td>\n  37\n  <\/td><td>\n  &nbsp;\n  <\/td><td>\n  &nbsp;\n  <\/td><\/tr><tr><td>\n  Hanhofen\n  <\/td><td>\n  81\n  <\/td><td>\n  9\n  <\/td><td>\n  &nbsp;\n  <\/td><td>\n  71\n  <\/td><td>\n  1\n  <\/td><td>\n  &nbsp;\n  <\/td><\/tr><tr><td>\n  Harthausen\n  <\/td><td>\n  126\n  <\/td><td>\n  11\n  <\/td><td>\n  3\n  <\/td><td>\n  103\n  <\/td><td>\n  12\n  <\/td><td>\n  &nbsp;\n  <\/td><\/tr><tr><td>\n  He\u00dfheim\n  <\/td><td>\n  84\n  <\/td><td>\n  11\n  <\/td><td>\n  &nbsp;\n  <\/td><td>\n  70\n  <\/td><td>\n  3\n  <\/td><td>\n  &nbsp;\n  <\/td><\/tr><tr><td>\n  Heuchelheim\n  <\/td><td>\n  21\n  <\/td><td>\n  &nbsp;\n  <\/td><td>\n  &nbsp;\n  <\/td><td>\n  21\n  <\/td><td>\n  &nbsp;\n  <\/td><td>\n  &nbsp;\n  <\/td><\/tr><tr><td>\n  Hochdorf-Assenheim\n  <\/td><td>\n  66\n  <\/td><td>\n  1\n  <\/td><td>\n  &nbsp;\n  <\/td><td>\n  64\n  <\/td><td>\n  1\n  <\/td><td>\n  &nbsp;\n  <\/td><\/tr><tr><td>\n  Kleinniedesheim\n  <\/td><td>\n  25\n  <\/td><td>\n  &nbsp;\n  <\/td><td>\n  &nbsp;\n  <\/td><td>\n  25\n  <\/td><td>\n  &nbsp;\n  <\/td><td>\n  &nbsp;\n  <\/td><\/tr><tr><td>\n  Lambsheim\n  <\/td><td>\n  149\n  <\/td><td>\n  6\n  <\/td><td>\n  &nbsp;\n  <\/td><td>\n  140\n  <\/td><td>\n  3\n  <\/td><td>\n  &nbsp;\n  <\/td><\/tr><tr><td>\n  Limburgerhof\n  <\/td><td>\n  304\n  <\/td><td>\n  23\n  <\/td><td>\n  2\n  <\/td><td>\n  269\n  <\/td><td>\n  12\n  <\/td><td>\n  &nbsp;\n  <\/td><\/tr><tr><td>\n  Maxdorf\n  <\/td><td>\n  254\n  <\/td><td>\n  4\n  <\/td><td>\n  1\n  <\/td><td>\n  222\n  <\/td><td>\n  28\n  <\/td><td>\n  &nbsp;\n  <\/td><\/tr><tr><td>\n  Mutterstadt\n  <\/td><td>\n  461\n  <\/td><td>\n  21\n  <\/td><td>\n  4\n  <\/td><td>\n  408\n  <\/td><td>\n  32\n  <\/td><td>\n  &nbsp;\n  <\/td><\/tr><tr><td>\n  Neuhofen\n  <\/td><td>\n  211\n  <\/td><td>\n  14\n  <\/td><td>\n  &nbsp;\n  <\/td><td>\n  184\n  <\/td><td>\n  13\n  <\/td><td>\n  &nbsp;\n  <\/td><\/tr><tr><td>\n  Otterstadt\n  <\/td><td>\n  109\n  <\/td><td>\n  2\n  <\/td><td>\n  1\n  <\/td><td>\n  105\n  <\/td><td>\n  2\n  <\/td><td>\n  &nbsp;\n  <\/td><\/tr><tr><td>\n  R\u00f6dersheim-Gronau\n  <\/td><td>\n  68\n  <\/td><td>\n  3\n  <\/td><td>\n  &nbsp;\n  <\/td><td>\n  63\n  <\/td><td>\n  2\n  <\/td><td>\n  &nbsp;\n  <\/td><\/tr><tr><td>\n  R\u00f6merberg\n  <\/td><td>\n  413\n  <\/td><td>\n  25\n  <\/td><td>\n  3\n  <\/td><td>\n  378\n  <\/td><td>\n  10\n  <\/td><td>\n  &nbsp;\n  <\/td><\/tr><tr><td>\n  Schifferstadt\n  <\/td><td>\n  723\n  <\/td><td>\n  35\n  <\/td><td>\n  2\n  <\/td><td>\n  668\n  <\/td><td>\n  20\n  <\/td><td>\n  &nbsp;\n  <\/td><\/tr><tr><td>\n  Waldsee\n  <\/td><td>\n  167\n  <\/td><td>\n  14\n  <\/td><td>\n  &nbsp;\n  <\/td><td>\n  145\n  <\/td><td>\n  8\n  <\/td><td>\n  &nbsp;\n  <\/td><\/tr><tr><td>\n  &nbsp;\n  <\/td><td>\n  &nbsp;\n  <\/td><td>\n  &nbsp;\n  <\/td><td>\n  &nbsp;\n  <\/td><td>\n  &nbsp;\n  <\/td><td>\n  &nbsp;\n  <\/td><td>\n  &nbsp;\n  <\/td><\/tr><tr><td>\n  <strong>LK Rhein-Pfalz-Kreis<\/strong>\n  <\/td><td>\n  <strong>4740<\/strong>\n  <\/td><td>\n  <strong>246<\/strong>\n  <\/td><td>\n  <strong>21<\/strong>\n  <\/td><td>\n  <strong>4291<\/strong>\n  <\/td><td>\n  <strong>203<\/strong>\n  <\/td><td>\n  <strong>&nbsp;<\/strong>\n  <\/td><\/tr><tr><td>\n  <strong>SK Frankenthal<\/strong>\n  <\/td><td>\n  <strong>1522<\/strong>\n  <\/td><td>\n  <strong>118<\/strong>\n  <\/td><td>\n  <strong>25<\/strong>\n  <\/td><td>\n  <strong>1364<\/strong>\n  <\/td><td>\n  <strong>39<\/strong>\n  <\/td><td>\n  <strong>&nbsp;<\/strong>\n  <\/td><\/tr><tr><td>\n  <strong>SK Ludwigshafen<\/strong>\n  <\/td><td>\n  <strong>6993<\/strong>\n  <\/td><td>\n  <strong>312<\/strong>\n  <\/td><td>\n  <strong>16<\/strong>\n  <\/td><td>\n  <strong>6382<\/strong>\n  <\/td><td>\n  <strong>299<\/strong>\n  <\/td><td>\n  <strong>1<\/strong>\n  <\/td><\/tr><tr><td>\n  <strong>SK Speyer<\/strong>\n  <\/td><td>\n  <strong>2030<\/strong>\n  <\/td><td>\n  <strong>57<\/strong>\n  <\/td><td>\n  <strong>2<\/strong>\n  <\/td><td>\n  <strong>1893<\/strong>\n  <\/td><td>\n  <strong>80<\/strong>\n  <\/td><td>\n  <strong>&nbsp;<\/strong>\n  <\/td><\/tr><tr><td>\n  &nbsp;\n  <\/td><td>\n  &nbsp;\n  <\/td><td>\n  &nbsp;\n  <\/td><td>\n  &nbsp;\n  <\/td><td>\n  &nbsp;\n  <\/td><td>\n  &nbsp;\n  <\/td><td>\n  &nbsp;\n  <\/td><\/tr><tr><td>\n  <strong>Summe:<\/strong>\n  <\/td><td>\n  <strong>15285<\/strong>\n  <\/td><td>\n  <strong>733<\/strong>\n  <\/td><td>\n  <strong>64<\/strong>\n  <\/td><td>\n  <strong>13930<\/strong>\n  <\/td><td>\n  <strong>621<\/strong>\n  <\/td><td>\n  <strong>1<\/strong>\n  <\/td><\/tr><\/tbody><\/table>\n\n\n\n<p><em>Quelle: SurvNet@RKI <\/em><\/p>\n\n\n\n<h2 class=\"wp-block-heading\">Dienstag (09.03.2021)<\/h2>\n\n\n\n<p>Die Kreisverwaltung Rhein-Pfalz-Kreis \u00fcbermittelt\neine \u00dcbersicht der Infektionszahlen aus ihrem Zust\u00e4ndigkeitsbereich des\nGesundheitsamtes. In den Zust\u00e4ndigkeitsbereich des Gesundheitsamtes\nRhein-Pfalz-Kreis geh\u00f6ren neben dem Landkreis auch die St\u00e4dte Ludwigshafen,\nFrankenthal und Speyer. <\/p>\n\n\n\n<table class=\"wp-block-table\"><tbody><tr><td>LK\/SK\/Ort   <\/td><td>Infizierte seit Beginn der   Pandemie   <\/td><td>Aktuell infizierte Personen   <\/td><td>Heute neu infizierte Personen   <\/td><td>Gesundete bzw. nicht mehr   infizierte Personen   <\/td><td>Leider an oder mit Covid-19 verstorbene   Personen   <\/td><td>Heute verstorben gemeldet   <\/td><\/tr><tr><td>\n  _AH\n  <\/td><td>\n  6\n  <\/td><td>\n  &nbsp;\n  <\/td><td>\n  &nbsp;\n  <\/td><td>\n  6\n  <\/td><td>\n  &nbsp;\n  <\/td><td>\n  &nbsp;\n  <\/td><\/tr><tr><td>\n  Altrip\n  <\/td><td>\n  192\n  <\/td><td>\n  10\n  <\/td><td>\n  1\n  <\/td><td>\n  165\n  <\/td><td>\n  17\n  <\/td><td>\n  &nbsp;\n  <\/td><\/tr><tr><td>\n  Beindersheim\n  <\/td><td>\n  78\n  <\/td><td>\n  1\n  <\/td><td>\n  &nbsp;\n  <\/td><td>\n  76\n  <\/td><td>\n  1\n  <\/td><td>\n  &nbsp;\n  <\/td><\/tr><tr><td>\n  Birkenheide\n  <\/td><td>\n  72\n  <\/td><td>\n  11\n  <\/td><td>\n  &nbsp;\n  <\/td><td>\n  59\n  <\/td><td>\n  2\n  <\/td><td>\n  &nbsp;\n  <\/td><\/tr><tr><td>\n  Bobenheim-Roxheim\n  <\/td><td>\n  219\n  <\/td><td>\n  6\n  <\/td><td>\n  &nbsp;\n  <\/td><td>\n  213\n  <\/td><td>\n  &nbsp;\n  <\/td><td>\n  &nbsp;\n  <\/td><\/tr><tr><td>\n  B\u00f6hl-Iggelheim\n  <\/td><td>\n  314\n  <\/td><td>\n  11\n  <\/td><td>\n  &nbsp;\n  <\/td><td>\n  289\n  <\/td><td>\n  14\n  <\/td><td>\n  &nbsp;\n  <\/td><\/tr><tr><td>\n  Dannstadt-Schauernheim\n  <\/td><td>\n  200\n  <\/td><td>\n  10\n  <\/td><td>\n  2\n  <\/td><td>\n  186\n  <\/td><td>\n  4\n  <\/td><td>\n  1\n  <\/td><\/tr><tr><td>\n  Dudenhofen\n  <\/td><td>\n  287\n  <\/td><td>\n  5\n  <\/td><td>\n  1\n  <\/td><td>\n  267\n  <\/td><td>\n  15\n  <\/td><td>\n  &nbsp;\n  <\/td><\/tr><tr><td>\n  Fu\u00dfg\u00f6nheim\n  <\/td><td>\n  66\n  <\/td><td>\n  12\n  <\/td><td>\n  &nbsp;\n  <\/td><td>\n  51\n  <\/td><td>\n  3\n  <\/td><td>\n  &nbsp;\n  <\/td><\/tr><tr><td>\n  Gro\u00dfniedesheim\n  <\/td><td>\n  38\n  <\/td><td>\n  1\n  <\/td><td>\n  &nbsp;\n  <\/td><td>\n  37\n  <\/td><td>\n  &nbsp;\n  <\/td><td>\n  &nbsp;\n  <\/td><\/tr><tr><td>\n  Hanhofen\n  <\/td><td>\n  80\n  <\/td><td>\n  8\n  <\/td><td>\n  &nbsp;\n  <\/td><td>\n  71\n  <\/td><td>\n  1\n  <\/td><td>\n  &nbsp;\n  <\/td><\/tr><tr><td>\n  Harthausen\n  <\/td><td>\n  123\n  <\/td><td>\n  8\n  <\/td><td>\n  1\n  <\/td><td>\n  103\n  <\/td><td>\n  12\n  <\/td><td>\n  &nbsp;\n  <\/td><\/tr><tr><td>\n  He\u00dfheim\n  <\/td><td>\n  84\n  <\/td><td>\n  14\n  <\/td><td>\n  &nbsp;\n  <\/td><td>\n  67\n  <\/td><td>\n  3\n  <\/td><td>\n  &nbsp;\n  <\/td><\/tr><tr><td>\n  Heuchelheim\n  <\/td><td>\n  21\n  <\/td><td>\n  &nbsp;\n  <\/td><td>\n  &nbsp;\n  <\/td><td>\n  21\n  <\/td><td>\n  &nbsp;\n  <\/td><td>\n  &nbsp;\n  <\/td><\/tr><tr><td>\n  Hochdorf-Assenheim\n  <\/td><td>\n  66\n  <\/td><td>\n  1\n  <\/td><td>\n  &nbsp;\n  <\/td><td>\n  64\n  <\/td><td>\n  1\n  <\/td><td>\n  &nbsp;\n  <\/td><\/tr><tr><td>\n  Kleinniedesheim\n  <\/td><td>\n  25\n  <\/td><td>\n  &nbsp;\n  <\/td><td>\n  &nbsp;\n  <\/td><td>\n  25\n  <\/td><td>\n  &nbsp;\n  <\/td><td>\n  &nbsp;\n  <\/td><\/tr><tr><td>\n  Lambsheim\n  <\/td><td>\n  149\n  <\/td><td>\n  6\n  <\/td><td>\n  &nbsp;\n  <\/td><td>\n  140\n  <\/td><td>\n  3\n  <\/td><td>\n  &nbsp;\n  <\/td><\/tr><tr><td>\n  Limburgerhof\n  <\/td><td>\n  302\n  <\/td><td>\n  22\n  <\/td><td>\n  &nbsp;\n  <\/td><td>\n  268\n  <\/td><td>\n  12\n  <\/td><td>\n  &nbsp;\n  <\/td><\/tr><tr><td>\n  Maxdorf\n  <\/td><td>\n  253\n  <\/td><td>\n  3\n  <\/td><td>\n  &nbsp;\n  <\/td><td>\n  222\n  <\/td><td>\n  28\n  <\/td><td>\n  &nbsp;\n  <\/td><\/tr><tr><td>\n  Mutterstadt\n  <\/td><td>\n  457\n  <\/td><td>\n  18\n  <\/td><td>\n  1\n  <\/td><td>\n  407\n  <\/td><td>\n  32\n  <\/td><td>\n  &nbsp;\n  <\/td><\/tr><tr><td>\n  Neuhofen\n  <\/td><td>\n  211\n  <\/td><td>\n  15\n  <\/td><td>\n  &nbsp;\n  <\/td><td>\n  183\n  <\/td><td>\n  13\n  <\/td><td>\n  &nbsp;\n  <\/td><\/tr><tr><td>\n  Otterstadt\n  <\/td><td>\n  108\n  <\/td><td>\n  1\n  <\/td><td>\n  &nbsp;\n  <\/td><td>\n  105\n  <\/td><td>\n  2\n  <\/td><td>\n  &nbsp;\n  <\/td><\/tr><tr><td>\n  R\u00f6dersheim-Gronau\n  <\/td><td>\n  68\n  <\/td><td>\n  3\n  <\/td><td>\n  &nbsp;\n  <\/td><td>\n  63\n  <\/td><td>\n  2\n  <\/td><td>\n  &nbsp;\n  <\/td><\/tr><tr><td>\n  R\u00f6merberg\n  <\/td><td>\n  410\n  <\/td><td>\n  25\n  <\/td><td>\n  &nbsp;\n  <\/td><td>\n  375\n  <\/td><td>\n  10\n  <\/td><td>\n  &nbsp;\n  <\/td><\/tr><tr><td>\n  Schifferstadt\n  <\/td><td>\n  721\n  <\/td><td>\n  34\n  <\/td><td>\n  2\n  <\/td><td>\n  667\n  <\/td><td>\n  20\n  <\/td><td>\n  &nbsp;\n  <\/td><\/tr><tr><td>\n  Waldsee\n  <\/td><td>\n  167\n  <\/td><td>\n  14\n  <\/td><td>\n  2\n  <\/td><td>\n  145\n  <\/td><td>\n  8\n  <\/td><td>\n  &nbsp;\n  <\/td><\/tr><tr><td>\n  &nbsp;\n  <\/td><td>\n  &nbsp;\n  <\/td><td>\n  &nbsp;\n  <\/td><td>\n  &nbsp;\n  <\/td><td>\n  &nbsp;\n  <\/td><td>\n  &nbsp;\n  <\/td><td>\n  &nbsp;\n  <\/td><\/tr><tr><td>\n  <strong>LK Rhein-Pfalz-Kreis<\/strong>\n  <\/td><td>\n  <strong>4717<\/strong>\n  <\/td><td>\n  <strong>239<\/strong>\n  <\/td><td>\n  <strong>10<\/strong>\n  <\/td><td>\n  <strong>4275<\/strong>\n  <\/td><td>\n  <strong>203<\/strong>\n  <\/td><td>\n  <strong>1<\/strong>\n  <\/td><\/tr><tr><td>\n  <strong>SK Frankenthal<\/strong>\n  <\/td><td>\n  <strong>1496<\/strong>\n  <\/td><td>\n  <strong>95<\/strong>\n  <\/td><td>\n  <strong>5<\/strong>\n  <\/td><td>\n  <strong>1361<\/strong>\n  <\/td><td>\n  <strong>39<\/strong>\n  <\/td><td>\n  <strong>&nbsp;<\/strong>\n  <\/td><\/tr><tr><td>\n  <strong>SK Ludwigshafen<\/strong>\n  <\/td><td>\n  <strong>6977<\/strong>\n  <\/td><td>\n  <strong>315<\/strong>\n  <\/td><td>\n  <strong>12<\/strong>\n  <\/td><td>\n  <strong>6364<\/strong>\n  <\/td><td>\n  <strong>298<\/strong>\n  <\/td><td>\n  <strong>&nbsp;<\/strong>\n  <\/td><\/tr><tr><td>\n  <strong>SK Speyer<\/strong>\n  <\/td><td>\n  <strong>2028<\/strong>\n  <\/td><td>\n  <strong>63<\/strong>\n  <\/td><td>\n  <strong>&nbsp;<\/strong>\n  <\/td><td>\n  <strong>1885<\/strong>\n  <\/td><td>\n  <strong>80<\/strong>\n  <\/td><td>\n  <strong>1<\/strong>\n  <\/td><\/tr><tr><td>\n  &nbsp;\n  <\/td><td>\n  &nbsp;\n  <\/td><td>\n  &nbsp;\n  <\/td><td>\n  &nbsp;\n  <\/td><td>\n  &nbsp;\n  <\/td><td>\n  &nbsp;\n  <\/td><td>\n  &nbsp;\n  <\/td><\/tr><tr><td>\n  <strong>Summe:<\/strong>\n  <\/td><td>\n  <strong>15218<\/strong>\n  <\/td><td>\n  <strong>712<\/strong>\n  <\/td><td>\n  <strong>27<\/strong>\n  <\/td><td>\n  <strong>13885<\/strong>\n  <\/td><td>\n  <strong>620<\/strong>\n  <\/td><td>\n  <strong>2<\/strong>\n  <\/td><\/tr><\/tbody><\/table>\n\n\n\n<p>Quelle: SurvNet@RKI<\/p>\n\n\n\n<p>_AH: Personen mit Hauptwohnsitz au\u00dferhalb des\nZust\u00e4ndigkeitsbereiches des Gesundheitsamts aber mit fehlerhaften Meldekreis\n\u201eLK Rhein-Pfalz-Kreis\u201c. Es wird gepr\u00fcft, ob diese noch nachtr\u00e4glich richtig\nzugeordnet werden k\u00f6nnen. <\/p>\n\n\n\n<p>Aus den Einrichtungen wurden uns keine neuen\nCorona-Virus-Ausbr\u00fcche gemeldet. <\/p>\n\n\n\n<p>Weiterhin sind die Zahlen der mit dem Coronavirus infizierten Personen seit Beginn des Ausbruchs und die aktuellen Zahlen auf den Seiten des Ministeriums f\u00fcr Soziales, Arbeit, Gesundheit und Demografie unter <a href=\"http:\/\/www.msagd.rlp.de\">www.msagd.rlp.de<\/a> oder <a href=\"http:\/\/www.corona.rlp\">www.corona.rlp<\/a> einzusehen. <\/p>\n\n\n\n<p>Die Kreisverwaltung Rhein-Pfalz-Kreis weist darauf hin, dass es zu Differenzen durch zeitlich versetzte Eingabezeiten zu den Zahlen des Landesuntersuchungsamtes bzw. des Robert-Koch-Institutes kommen kann.<\/p>\n\n\n\n<p><em>Kreisverwaltung Rhein-Pfalz-Kreis<br>14.03.2021<\/em><\/p>\n","protected":false},"excerpt":{"rendered":"<div class=\"mh-excerpt\"><p>Licht aus \u2013 Klimaschutz an! Rhein-Pfalz-Kreis beteiligt sich an der \u201eEarth Hour\u201c WWF l\u00e4dt zur Klimaschutzaktion am 27. M\u00e4rz ein. Ludwigshafen \/ Berlin &#8211; Lichtschalter, ein oder aus? Klimaschutz, ja oder nein? Weltweit stimmen Menschen, <a class=\"mh-excerpt-more\" href=\"https:\/\/speyer24news.com\/?p=34100\" title=\"Rhein-Pfalz-Kreis\">[&#8230;]<\/a><\/p>\n<\/div>","protected":false},"author":3,"featured_media":0,"comment_status":"open","ping_status":"open","sticky":false,"template":"","format":"standard","meta":{"_monsterinsights_skip_tracking":false,"_monsterinsights_sitenote_active":false,"_monsterinsights_sitenote_note":"","_monsterinsights_sitenote_category":0,"footnotes":""},"categories":[1564],"tags":[7148,10594,8844,5904,5801,6634,10589,10590,10592,9177,10591,6986,6987,427,1565,10593],"aioseo_notices":[],"amp_enabled":true,"_links":{"self":[{"href":"https:\/\/speyer24news.com\/index.php?rest_route=\/wp\/v2\/posts\/34100"}],"collection":[{"href":"https:\/\/speyer24news.com\/index.php?rest_route=\/wp\/v2\/posts"}],"about":[{"href":"https:\/\/speyer24news.com\/index.php?rest_route=\/wp\/v2\/types\/post"}],"author":[{"embeddable":true,"href":"https:\/\/speyer24news.com\/index.php?rest_route=\/wp\/v2\/users\/3"}],"replies":[{"embeddable":true,"href":"https:\/\/speyer24news.com\/index.php?rest_route=%2Fwp%2Fv2%2Fcomments&post=34100"}],"version-history":[{"count":1,"href":"https:\/\/speyer24news.com\/index.php?rest_route=\/wp\/v2\/posts\/34100\/revisions"}],"predecessor-version":[{"id":34103,"href":"https:\/\/speyer24news.com\/index.php?rest_route=\/wp\/v2\/posts\/34100\/revisions\/34103"}],"wp:attachment":[{"href":"https:\/\/speyer24news.com\/index.php?rest_route=%2Fwp%2Fv2%2Fmedia&parent=34100"}],"wp:term":[{"taxonomy":"category","embeddable":true,"href":"https:\/\/speyer24news.com\/index.php?rest_route=%2Fwp%2Fv2%2Fcategories&post=34100"},{"taxonomy":"post_tag","embeddable":true,"href":"https:\/\/speyer24news.com\/index.php?rest_route=%2Fwp%2Fv2%2Ftags&post=34100"}],"curies":[{"name":"wp","href":"https:\/\/api.w.org\/{rel}","templated":true}]}}