{"id":34129,"date":"2021-03-14T10:29:28","date_gmt":"2021-03-14T09:29:28","guid":{"rendered":"https:\/\/speyer24news.com\/?p=34129"},"modified":"2021-03-14T10:29:29","modified_gmt":"2021-03-14T09:29:29","slug":"schwetzingen-61","status":"publish","type":"post","link":"https:\/\/speyer24news.com\/?p=34129","title":{"rendered":"Schwetzingen"},"content":{"rendered":"<style type=\"text\/css\">\r\n\t.ads_top_disp{}\r\n\t.ads_top_corner_disp{ float:left; margin:0px 10px 10px 0px; }\r\n\t.ads_first_p_disp{}\r\n\t.ads_bottom_disp{}\r\n\t<\/style>\n<h2 class=\"wp-block-heading\"><strong>\u201eAus dem Gemeinderat am 10. M\u00e4rz 2021<\/strong><\/h2>\n\n\n\n<h3 class=\"wp-block-heading\"><strong>Corona-Pandemie: Stadt erl\u00e4sst Geb\u00fchren f\u00fcr Kinderg\u00e4rten und au\u00dferschulische Betreuung<\/strong><\/h3>\n\n\n\n<h4 class=\"wp-block-heading\"><strong>Hauptsatzung wird ge\u00e4ndert<\/strong><\/h4>\n\n\n\n<p>Um k\u00fcnftig Gemeinderats- und Ausschusssitzungen auch in Form einer Videositzung zu erm\u00f6glichen, erg\u00e4nzte der Gemeinderat die Hauptsatzung um einen neuen \u00a7 3a. Der Landtag hatte dazu zuvor \u00a7 37a der Gemeindeordnung ge\u00e4ndert. Weiterhin gilt, dass die Gemeindeordnung Pr\u00e4senzsitzungen verlangt. Sollte dies aus schwerwiegenden Gr\u00fcnden nicht ordnungsgem\u00e4\u00df m\u00f6glich sein, darf nur \u00fcber \u201eGegenst\u00e4nde einfacher Art\u201c Beschluss gefasst werden; Wahlen d\u00fcrfen zum Beispiel nicht durchgef\u00fchrt werden. Bei \u00f6ffentlichen Sitzungen muss eine zeitgleiche \u00dcbertragung von Ton und Bild in einen \u00f6ffentlich zug\u00e4nglichen Raum erfolgen, um den \u00d6ffentlichkeitsgrundsatz nach \u00a7 35 GemO zu wahren.&nbsp;<\/p>\n\n\n\n<p>Der Beschluss erfolgte mehrheitlich (18 Ja, 2 Nein, 6 Enthaltungen)<\/p>\n\n\n\n<h4 class=\"wp-block-heading\"><strong>Wegen Corona-Pandemie bedingten Schlie\u00dfungen: Stadt erl\u00e4sst Geb\u00fchren f\u00fcr Kinderg\u00e4rten und au\u00dferschulische Betreuung<\/strong><\/h4>\n\n\n\n<p>Wegen der Corona-Pandemie waren die Kinderg\u00e4rten und Schulen vom 16. Dezember 2020 bis 22. Februar 2021 geschlossen. Die Stadt erl\u00e4sst Eltern daher die Geb\u00fchren f\u00fcr nicht geleistete Betreuungsstunden f\u00fcr den Zeitraum vom 11. Januar bis 22. Februar 2021 f\u00fcr den Kindergarten Spatzennest sowie f\u00fcr die au\u00dferschulische Betreuung. Auch die Geb\u00fchren f\u00fcr Kinderg\u00e4rten, Krippen und f\u00fcr die Kindertagespflege in sonstiger Tr\u00e4gerschaft werden den Eltern von den jeweiligen Einrichtungen erstattet. Die Stadt gleicht den konfessionellen und sonstigen Tr\u00e4gern den durch den Geb\u00fchrenerlass entstandenen Verlust aus. Die Geb\u00fchren f\u00fcr die au\u00dferschulische Betreuung werden ab dem 22. Februar 2021 nur anteilig in H\u00f6he von 50 Prozent erhoben, da die Betreuung durch das Wechselunterrichtsmodell nur an den Pr\u00e4senztagen genutzt werden kann. Die Essensgeb\u00fchren werden f\u00fcr die Zeitr\u00e4ume, in denen keine Betreuung stattgefunden hat, anteilig zur\u00fcckerstattet. Durch diesen Geb\u00fchrenerlass entstehen gesch\u00e4tzte Kosten in H\u00f6he von 255.000 EUR. Das Land \u00fcbernimmt 80 % dieser Kosten, so dass auf die Stadt Schwetzingen noch ein Anteil von ca. 51.000 EUR entf\u00e4llt.<\/p>\n\n\n\n<h4 class=\"wp-block-heading\"><strong>Gemeinsamer Gutachterausschuss komplett<\/strong><\/h4>\n\n\n\n<p>Der Gemeinderat beschloss Ende 2019 die Einrichtung eines gemeinsamen Gutachterausschusses Bezirk Schwetzingen ab dem 01.03.2020. Als letzte der zehn beteiligten St\u00e4dte und Gemeinden trat die Gemeinde Oftersheim mit Wirkung zum 24.01.2021 diesem Gremium bei. F\u00fcr die Gemeinde Oftersheim werden jetzt Susanne Barisch und Gregor Imo in das Gremium bestellt. F\u00fcr Br\u00fchl wird Hans Faulhaber als Nachr\u00fccker f\u00fcr den zum 31.12.2020 ausgeschiedenen Bruno Ganz nachr\u00fccken. Die Amtszeit f\u00fcr die ehrenamtlichen Gutachter Susanne Barisch und Gregor Imo beginnt am 24.01.2021 und endet am 29.02.2024. Die Amtszeit f\u00fcr den ehrenamtlichen Gutachter Hans Faulhaber beginnt r\u00fcckwirkend zum 01.01.2021 und endet ebenfalls am 29.02.2024.<\/p>\n\n\n\n<h4 class=\"wp-block-heading\"><strong>Sanierungsgebiet \u201eDB-Ausbesserungswerk S\u00fcd\u201c: 2. Satzungs\u00e4nderung<\/strong><\/h4>\n\n\n\n<p>Mit dem st\u00e4dtebaulichen Erneuerungsgebiet \u201eDB-Ausbesserungswerk S\u00fcd\u201c wurde die Stadt 2011 in das Bund\u2013L\u00e4nder Sanierungsprogramm DSP (St\u00e4dtebaulicher Denkmalschutz) aufgenommen. Ziel der st\u00e4dtebaulichen Erneuerung ist der Erhalt und die Umnutzung der Wagenrichthalle II, die Schaffung von Verkehrs- und Freifl\u00e4chen wie Geh- und Radwegen sowie die denkmalgerechte Sanierung des Pf\u00f6rtnerhauses. Mit der 2. Satzungs\u00e4nderung wird die Einbeziehung des gemeindeeigenen Radweges zwischen Wagenrichthalle II und Decathlon erm\u00f6glicht. Dadurch sind alle notwendigen Ordnungsma\u00dfnahmen nach den St\u00e4dtebauf\u00f6rderungsrichtlinien des Landes voll f\u00f6rderungsf\u00e4hig.<\/p>\n\n\n\n<p>Soweit nicht anders beschrieben, erfolgten die Beschl\u00fcsse einstimmig. Die komplette Sitzung sowie die Vorlagen und Beschl\u00fcsse sind auch im Internet unter&nbsp;<a href=\"https:\/\/deref-web.de\/mail\/client\/KNkBAdzeygM\/dereferrer\/?redirectUrl=http%3A%2F%2Fratsinfo.schwetzingen.de\" target=\"_blank\" rel=\"noreferrer noopener\">http:\/\/ratsinfo.schwetzingen.de<\/a>&nbsp;nachzulesen.\u201c<\/p>\n\n\n\n<p><em>Stadtverwaltung Schwetzingen<br>14.03.2021<\/em><\/p>\n\n\n\n<h2 class=\"wp-block-heading\"><strong>\u201eSpoleto Stra\u00dfe bleibt weiterhin f\u00fcr den Verkehr voll gesperrt<\/strong><\/h2>\n\n\n\n<figure class=\"wp-block-image\"><img decoding=\"async\" src=\"https:\/\/speyer24news.com\/wp-content\/uploads\/2020\/01\/Vollsperrung.jpg\" alt=\"\" class=\"wp-image-23970\"\/><\/figure>\n\n\n\n<p>Bis l\u00e4ngstens zum 28. Februar 2022 bleibt die Spoleto Stra\u00dfe in H\u00f6he Hausnummer 4 voll f\u00fcr den motorisierten sowie den Fu\u00df-Verkehr gesperrt. Grund sind die dortigen Bauarbeiten zur Gemeinschaftsschule.Eine Durchfahrt\/ -gang Richtung Plankstadter Stra\u00dfe und Oftersheim und in die Gegenrichtung ist weiterhin auch nicht f\u00fcr Radfahrer\/innen und Fu\u00dfg\u00e4nger\/innen m\u00f6glich. Nur die Zufahrt bis zum bellamar Parkplatz bleibt f\u00fcr Schwimmbadg\u00e4ste weiterhin bestehen. Grund sind die Bauarbeiten an der Schimper Gemeinschaftsschule. Die bestehenden Verkehrsregelungen rund um die Baustelle haben weiterhin Bestand.\u201c<\/p>\n\n\n\n<p><em>Stadtverwaltung Schwetzingen<br>14.03.2021<\/em><\/p>\n\n\n\n<h2 class=\"wp-block-heading\"><strong>\u201eBesuch in der Stadtbibliothek seit 10.03.21 nach Terminvergabe wieder m\u00f6glich<\/strong><\/h2>\n\n\n\n<figure class=\"wp-block-image\"><img decoding=\"async\" loading=\"lazy\" width=\"800\" height=\"594\" src=\"https:\/\/speyer24news.com\/wp-content\/uploads\/2021\/03\/B\u00fccher.jpg\" alt=\"\" class=\"wp-image-33731\" srcset=\"https:\/\/speyer24news.com\/wp-content\/uploads\/2021\/03\/B\u00fccher.jpg 800w, https:\/\/speyer24news.com\/wp-content\/uploads\/2021\/03\/B\u00fccher-300x223.jpg 300w, https:\/\/speyer24news.com\/wp-content\/uploads\/2021\/03\/B\u00fccher-768x570.jpg 768w, https:\/\/speyer24news.com\/wp-content\/uploads\/2021\/03\/B\u00fccher-80x60.jpg 80w\" sizes=\"(max-width: 800px) 100vw, 800px\" \/><\/figure>\n\n\n\n<p>Seit dieser Woche bietet die Stadtbibliothek das so genannte \u201eclick &amp; meet\u201c Angebot an, d.h. der Besuch und die Medienausleihe sind nach vorheriger telefonischer Terminabsprache (Tel.: 06202 \/87271) wieder m\u00f6glich.<\/p>\n\n\n\n<p>Da die Anzahl der Besucher\/innen begrenzt ist, erhalten die Besucher\/innen ein Zeitfenster von ca. 20 Minuten. Zur m\u00f6glichen Nachverfolgung von Infektionsketten werden die Kontaktdaten der Besucher\/innen notiert (Ausweisnummer, Datum und Uhrzeit).<\/p>\n\n\n\n<p>Das bisherige \u201eclick &amp; collect\u201c bleibt erhalten.&nbsp; So k\u00f6nnen auch weiterhin Medien bestellt und kontaktlos in einem Korb vor der Bibliothek abgeholt werden.<\/p>\n\n\n\n<p>Alternativ kann zur kontaktfreien R\u00fcckgabe auch weiterhin der Medienr\u00fcckgabekasten genutzt werden, der sich hinter der Gittert\u00fcr vor der Eingangst\u00fcr zur Bibliothek befindet.<\/p>\n\n\n\n<p>Das Angebot gilt vorbehaltlich steigender Inzidenzzahlen und wird jeweils den aktuellen Entwicklungen angepasst.\u201c<\/p>\n\n\n\n<p><em>Stadtverwaltung Schwetzingen<br>14.03.2021<\/em><\/p>\n\n\n\n<h2 class=\"wp-block-heading\"><strong>\u201eStadt ersetzt drei Ahornb\u00e4ume auf der Carl-Theodor-Br\u00fccke<\/strong><\/h2>\n\n\n\n<p>Drei junge Ahornb\u00e4ume auf der Carl-Theodor-Br\u00fccke sind so stark von einem Pilz befallen, dass die Stadtg\u00e4rtnerei sie am 10.03.2021 gegen drei gesunde Jungb\u00e4ume austauschet hat. Die B\u00e4ume stehen in der Verl\u00e4ngerung der Bushaltestelle vor der Einfahrt ins Kaufland Parkhaus.\u201c<\/p>\n\n\n\n<p><em>Stadtverwaltung Schwetzingen<br>14.03.2021<\/em><\/p>\n\n\n\n<h2 class=\"wp-block-heading\"> &#8222;Wochenmarkt findet am 17. M\u00e4rz auf dem Schlossplatz statt<\/h2>\n\n\n\n<p>Der Wochenmarkt muss am Mittwoch, 17. M\u00e4rz, von seinem angestammten Platz auf den Kleinen Planken auf den n\u00f6rdlichen Schlossplatz verlegt. Grund f\u00fcr die Verlegung ist die Moblile Impfaktion f\u00fcr die \u00fcber 80-J\u00e4hrigen im Lutherhaus w\u00e4hrend dieser Zeit.&#8220;\n\n<\/p>\n\n\n\n<p><em>Stadtverwaltung Schwetzingen<br>14.03.2021<\/em><\/p>\n\n\n\n<h2 class=\"wp-block-heading\"><strong>\u201eTouristinformation bis 22. M\u00e4rz f\u00fcr Publikumsverkehr geschlossen<\/strong><\/h2>\n\n\n\n<p>Die Touristinformation bleibt noch bis Montag, 22. M\u00e4rz 2021, f\u00fcr den Publikumsverkehr geschlossen. Die Kolleg\/innen sind weiterhin wochentags telefonisch (87-400) und per E-Mail (<a href=\"mailto:touristinfo@schwetzingen.de\" target=\"_blank\" rel=\"noreferrer noopener\">touristinfo@schwetzingen.de<\/a>) erreichbar. In den Au\u00dfenf\u00e4chern&nbsp; und in den Prospektst\u00e4ndern sind auch Infomaterial und Brosch\u00fcren erh\u00e4ltlich.\u201c<\/p>\n\n\n\n<p><em>Stadtverwaltung Schwetzingen<br>14.03.2021<\/em><\/p>\n\n\n\n<h2 class=\"wp-block-heading\">\u201e<strong>Altersgerecht Umbauen &#8211; gewusst wie!<\/strong><\/h2>\n\n\n\n<h3 class=\"wp-block-heading\">N\u00e4chste kostenlose Wohnberatung am 17. M\u00e4rz 2021 findet als telefonische Beratung statt<\/h3>\n\n\n\n<p>Am Mittwoch, 17. M\u00e4rz 2021, findet von 9.30 \u2013 10.30 Uhr die n\u00e4chste kostenlose Wohnberatung zu altersgerechtem Wohnen statt.&nbsp;Da aufgrund der Corona-Pandemie derzeit keine Beratung im Generationenb\u00fcro stattfinden kann, wird die Innenarchitektin Ulla Badura eine telefonische Beratung anbieten.<\/p>\n\n\n\n<p>Das Generationenb\u00fcro bittet per E-Mail:&nbsp;<a href=\"mailto:generationenbuero@schwetzingen.de\" target=\"_blank\" rel=\"noreferrer noopener\">generationenbuero@schwetzingen.de<\/a>&nbsp;oder unter der Telefonnummer&nbsp; 06202\/87-492 oder -493 um Voranmeldung.\u201c<\/p>\n\n\n\n<p><em>Stadtverwaltung Schwetzingen<br>14.03.2021<\/em><\/p>\n\n\n\n<h1 class=\"wp-block-heading\" style=\"text-align:center\">Corona-Virus<\/h1>\n\n\n\n<figure class=\"wp-block-image\"><img decoding=\"async\" loading=\"lazy\" width=\"800\" height=\"346\" src=\"https:\/\/speyer24news.com\/wp-content\/uploads\/2020\/02\/coronavirus-4817450_1920.jpg\" alt=\"\" class=\"wp-image-25126\" srcset=\"https:\/\/speyer24news.com\/wp-content\/uploads\/2020\/02\/coronavirus-4817450_1920.jpg 800w, https:\/\/speyer24news.com\/wp-content\/uploads\/2020\/02\/coronavirus-4817450_1920-300x130.jpg 300w, https:\/\/speyer24news.com\/wp-content\/uploads\/2020\/02\/coronavirus-4817450_1920-768x332.jpg 768w\" sizes=\"(max-width: 800px) 100vw, 800px\" \/><\/figure>\n\n\n\n<h2 class=\"wp-block-heading\"><strong>\u201eStadt Schwetzingen bietet \u00fcber 80-J\u00e4hrigen eine Corona-Impfung durch mobile Impfteams im Lutherhaus an<\/strong><\/h2>\n\n\n\n<h3 class=\"wp-block-heading\">Schwetzingen ist bei dieser Vor-Ort-Impfaktion Vorreiter im Rhein-Neckar-Kreis \/ Anschreiben an alle potenziell 1.415 Impfberechtigten wurden verschickt<\/h3>\n\n\n\n<figure class=\"wp-block-image\"><img decoding=\"async\" loading=\"lazy\" width=\"800\" height=\"533\" src=\"https:\/\/speyer24news.com\/wp-content\/uploads\/2021\/02\/24-02-2021-Gemeinsame-PM-Erster-Tag-Impfzentrum.jpg\" alt=\"\" class=\"wp-image-33631\" srcset=\"https:\/\/speyer24news.com\/wp-content\/uploads\/2021\/02\/24-02-2021-Gemeinsame-PM-Erster-Tag-Impfzentrum.jpg 800w, https:\/\/speyer24news.com\/wp-content\/uploads\/2021\/02\/24-02-2021-Gemeinsame-PM-Erster-Tag-Impfzentrum-300x200.jpg 300w, https:\/\/speyer24news.com\/wp-content\/uploads\/2021\/02\/24-02-2021-Gemeinsame-PM-Erster-Tag-Impfzentrum-768x512.jpg 768w\" sizes=\"(max-width: 800px) 100vw, 800px\" \/><\/figure>\n\n\n\n<p>Nachdem das Sozialministerium des Landes Baden-W\u00fcrttemberg am 3. M\u00e4rz das Impfangebot um lokale Impfaktionen f\u00fcr \u00fcber 80-J\u00e4hrige erweitert hat, k\u00f6nnen nun auch Kommunen ohne Impfzentrum ihre Impfberechtigten vor Ort in der Kommune durch Mobile Impfteams impfen lassen.<\/p>\n\n\n\n<p>Der Rhein-Neckar-Kreis hatte bereits Anfang Februar bei den Kreiskommunen vorab angefragt,&nbsp; ob Interesse an einer Vor-Ort-Impfung des betroffenen Personenkreises besteht. In Abstimmung mit Oberb\u00fcrgermeister Dr. Ren\u00e9 P\u00f6ltl und der evangelischen Kirchengemeinde, bekundete Ordnungsamtsleiter Pascal Seidel dann direkt das Interesse Schwetzingens im Lutherhaus solch eine Vor-Ort-Impfaktion anzubieten. Auch die Kirchengemeinde war sofort bereit, f\u00fcr diese Aktion das Lutherhaus f\u00fcr mehrere Tage zur Verf\u00fcgung zu stellen.<\/p>\n\n\n\n<h4 class=\"wp-block-heading\"><strong>Schwetzingen wird bei der Impfaktion Modellkommune f\u00fcr den gesamten Rhein-Neckar-Kreis \/ Vorbereitungen laufen seit Wochen \/ Impfberechtigte erhalten zwei konkrete Termine f\u00fcr die Impfungen \/ Impfungen starten vermutlich Ende M\u00e4rz<\/strong><\/h4>\n\n\n\n<p>Schon seit einigen Wochen laufen daher im Ordnungsamt Schwetzingen die logistischen Vorbereitungen. Aktuell werden an alle Schwetzinger Senioren\/innen \u00fcber 80 Jahren (bzw. an diejenigen, die bis zum 14.03.2021 das 80. Lebensjahr vollenden) Anschreiben verschickt. Damit wird der Bedarf nach einem solchen Impftermin vor Ort bei den rund 1.415 Schwetzinger Senioren abgefragt. \u201eWir haben ja seit Beginn der Impfaktion in den Kreisimpfzentren immer wieder von den Senioren r\u00fcckgemeldet bekommen, wie schwierig das System der Terminvergabe \u00fcber die Impfhotline oder das Online-Buchungssystem war,\u201c fasst Pascal Seidel die R\u00fcckmeldungen an die Stadt zusammen. \u201eDaher hatten wir ja bereits Mitte Januar&nbsp; unseren \u00fcber 80-J\u00e4hrigen Hilfestellung bei der Terminbuchung angeboten. Durch die Impfaktion Vor-Ort k\u00f6nnen wir unseren Senioren jetzt eine deutliche Erleichterung beim Impfen anbieten\u201c, ist sich Seidel sicher. Dem Anschreiben liegt ein R\u00fcckantwortbogen bei, in dem die Senioren\/innen angeben k\u00f6nnen, ob sie bereits geimpft sind, ob sie bereits einen Termin in einem der zentralen Impfzentren haben oder ob sie Interesse an einer Impfung im Lutherhaus haben. Aber Achtung: Wenn bereits Termine f\u00fcr eine Impfung in einem der Kreisimpfzentren bestehen oder der Impfberechtigte dort auf einer Warteliste steht, muss der Impftermin dort wahrgenommen werden. Eine Impfung im Lutherhaus ist dann aus organisatorischen Gr\u00fcnden nicht m\u00f6glich. Diese R\u00fcckmeldungen werden gesammelt und &#8211; sobald feststeht, wie viele Impfungen in Schwetzingen durch die Mobilen Impfteams durchgef\u00fchrt werden k\u00f6nnen &#8211; nach Eingang der Meldungen zwei Impftermine koordiniert. Die Betroffenen erhalten dann ein Einladungsschreiben mit Nennung&nbsp; der beiden konkreten Impftermine im Lutherhaus. \u201eIm Moment gehen wir davon aus, dass wir Mitte\/ Ende M\u00e4rz mit den Impfungen im Lutherhaus starten k\u00f6nnen\u201c, zeigt sich Pascal Seidel zuversichtlich.<\/p>\n\n\n\n<h4 class=\"wp-block-heading\"><strong>Organisation liegt bei der Stadt<\/strong><\/h4>\n\n\n\n<p>Die gesamte Organisation (Terminvergabe, Registrierung vor Ort, Vorerfassung der Daten der Betroffenen, Ausstattung der R\u00e4umlichkeiten) liegt in der Verantwortung der Stadt Schwetzingen. Lediglich das Impfen wird von den Mobilen Impfteams des Landes \u00fcbernommen. Dies bedeutet f\u00fcr das Rathaus einen organisatorischen und auch finanziellen Kraftakt mit \u00e4mter\u00fcbergreifender Beteiligung vieler Kollegen\/innen. \u201eDa uns die Impfung unserer \u00fcber 80-J\u00e4hrigen Mitb\u00fcrger\/innen besonders am Herzen liegt, und wir in den letzten Wochen wiederholt die R\u00fcckmeldung erhalten haben, dass sich die Erreichbarkeit der zentralen Impfzentren f\u00fcr diesen Personenkreis in Teilen sehr schwierig darstellt, habe ich keine Sekunde gez\u00f6gert die Chance zu ergreifen, eine Vor-Ort-Impfung zu erm\u00f6glichen&#8220;, freut sich auch Oberb\u00fcrgermeister Dr. Ren\u00e9 P\u00f6ltl \u00fcber das tolle Angebot an die Senior\/innen.<\/p>\n\n\n\n<p><em>Stadtverwaltung Schwetzingen<br>14.03.2021<\/em><\/p>\n","protected":false},"excerpt":{"rendered":"<div class=\"mh-excerpt\"><p>\u201eAus dem Gemeinderat am 10. M\u00e4rz 2021 Corona-Pandemie: Stadt erl\u00e4sst Geb\u00fchren f\u00fcr Kinderg\u00e4rten und au\u00dferschulische Betreuung Hauptsatzung wird ge\u00e4ndert Um k\u00fcnftig Gemeinderats- und Ausschusssitzungen auch in Form einer Videositzung zu erm\u00f6glichen, erg\u00e4nzte der Gemeinderat die <a class=\"mh-excerpt-more\" href=\"https:\/\/speyer24news.com\/?p=34129\" title=\"Schwetzingen\">[&#8230;]<\/a><\/p>\n<\/div>","protected":false},"author":3,"featured_media":0,"comment_status":"open","ping_status":"open","sticky":false,"template":"","format":"standard","meta":{"_monsterinsights_skip_tracking":false,"_monsterinsights_sitenote_active":false,"_monsterinsights_sitenote_note":"","_monsterinsights_sitenote_category":0,"footnotes":""},"categories":[477],"tags":[10632,882,5440,6401,8844,10634,9176,6962,5904,10633,3710,10635,154,10631,6813,9674,6132,7610],"aioseo_notices":[],"amp_enabled":true,"_links":{"self":[{"href":"https:\/\/speyer24news.com\/index.php?rest_route=\/wp\/v2\/posts\/34129"}],"collection":[{"href":"https:\/\/speyer24news.com\/index.php?rest_route=\/wp\/v2\/posts"}],"about":[{"href":"https:\/\/speyer24news.com\/index.php?rest_route=\/wp\/v2\/types\/post"}],"author":[{"embeddable":true,"href":"https:\/\/speyer24news.com\/index.php?rest_route=\/wp\/v2\/users\/3"}],"replies":[{"embeddable":true,"href":"https:\/\/speyer24news.com\/index.php?rest_route=%2Fwp%2Fv2%2Fcomments&post=34129"}],"version-history":[{"count":1,"href":"https:\/\/speyer24news.com\/index.php?rest_route=\/wp\/v2\/posts\/34129\/revisions"}],"predecessor-version":[{"id":34130,"href":"https:\/\/speyer24news.com\/index.php?rest_route=\/wp\/v2\/posts\/34129\/revisions\/34130"}],"wp:attachment":[{"href":"https:\/\/speyer24news.com\/index.php?rest_route=%2Fwp%2Fv2%2Fmedia&parent=34129"}],"wp:term":[{"taxonomy":"category","embeddable":true,"href":"https:\/\/speyer24news.com\/index.php?rest_route=%2Fwp%2Fv2%2Fcategories&post=34129"},{"taxonomy":"post_tag","embeddable":true,"href":"https:\/\/speyer24news.com\/index.php?rest_route=%2Fwp%2Fv2%2Ftags&post=34129"}],"curies":[{"name":"wp","href":"https:\/\/api.w.org\/{rel}","templated":true}]}}