{"id":34160,"date":"2021-03-15T07:29:47","date_gmt":"2021-03-15T06:29:47","guid":{"rendered":"https:\/\/speyer24news.com\/?p=34160"},"modified":"2021-03-15T07:30:33","modified_gmt":"2021-03-15T06:30:33","slug":"polizei-526","status":"publish","type":"post","link":"https:\/\/speyer24news.com\/?p=34160","title":{"rendered":"Polizei"},"content":{"rendered":"<style type=\"text\/css\">\r\n\t.ads_top_disp{}\r\n\t.ads_top_corner_disp{ float:left; margin:0px 10px 10px 0px; }\r\n\t.ads_first_p_disp{}\r\n\t.ads_bottom_disp{}\r\n\t<\/style>\n<h2 class=\"wp-block-heading\">Polizeimeldungen vom Sonntag (14.03.2021)<\/h2>\n\n\n\n<div class=\"wp-block-image\"><figure class=\"aligncenter\"><img decoding=\"async\" src=\"https:\/\/speyer24news.com\/wp-content\/uploads\/2020\/01\/Aktuelles-Polizeilogo.jpg\" alt=\"\" class=\"wp-image-23832\"\/><\/figure><\/div>\n\n\n\n<h4 class=\"wp-block-heading\">(Speyer) &#8211; Drogenfund bei Personenkontrolle<\/h4>\n\n\n\n<p>Im Rahmen einer Personenkontrolle am Samstagabend in der Heinrich-Heine-Stra\u00dfe konnte bei einem jungen Mann aus Speyer ein T\u00fctchen mit Marihuana aufgefunden werden. Die Drogen wurden sichergestellt. Ein Strafverfahren aufgrund des illegalen Besitzes von Bet\u00e4ubungsmitteln wurde eingeleitet.<\/p>\n\n\n\n<h4 class=\"wp-block-heading\">(Speyer) &#8211; Unter Alkoholeinfluss PKW gef\u00fchrt<\/h4>\n\n\n\n<p>Mit einem Strafverfahren wegen Trunkenheit im Verkehr muss eine 49-j\u00e4hrige Frau aus Speyer rechnen, die am Samstagmittag ins Visier der Beamten geriet. Die Frau fuhr zuvor mit ihrem PKW auf einen Parkplatz unweit des Sch\u00fctzenparks in Speyer. Dort wurde sie durch Polizeibeamte, welche in diesem Bereich fu\u00dfl\u00e4ufig unterwegs waren, einer Personenkontrolle unterzogen. W\u00e4hrend der Kontrolle konnte deutlicher Atemalkoholgeruch festgestellt werden. So \u00fcberraschte es auch nicht, dass der Atemalkoholtest einen Wert von 2,11 Promille ergab. Der Frau wurde auf der Dienststelle eine Blutprobe entnommen. Ihr F\u00fchrerschein wurde beschlagnahmt.<\/p>\n\n\n\n<h4 class=\"wp-block-heading\">(Schifferstadt) &#8211; Unfallzeugin gesucht<\/h4>\n\n\n\n<p>Am Freitagabend, 12.03.2021, kollidierten gegen 20:00 Uhr zwei Fahrzeuge an der Einm\u00fcndung Mannheimer Stra\u00dfe\/Friedhofstra\u00dfe aufgrund eines Vorfahrtsversto\u00dfes, der Gesamtschaden liegt bei gesch\u00e4tzten 7000EUR. Die Polizei sucht jedoch noch nach einer vermeintlich wichtigen Unfallzeugin, die sich mit einem wei\u00dfen BMW mit RP-Kennzeichen vor dem Eintreffen der Polizeistreife vom Unfallort entfernt hat. Hinweise dazu bitte an die Polizei Schifferstadt unter Tel. 06235 \/ 495-0 oder per Email an&nbsp;<a href=\"mailto:pischifferstadt@polizei.rlp.de\">pischifferstadt@polizei.rlp.de<\/a>.<\/p>\n\n\n\n<h4 class=\"wp-block-heading\">(Schifferstadt \/ Mutterstadt \/ Limburgerhof) &#8211; Erneute Betrugsversuche am Telefon <\/h4>\n\n\n\n<p>In den vergangenen Tag kam es wieder durch falsche Microsoft-Mitarbeiter zu mehreren Betrugsversuchen am Telefon, in einem Fall jedoch auch zu einem vollendeten Betrug durch einen falschen Bank-Mitarbeiter: Hier gelang es den T\u00e4tern, ihrem 64-j\u00e4hrigen Opfer unter dem Vorwand, es bekomme einen Gewinn auf sein Konto \u00fcberwiesen, eine TAN (Transaktionsnummer) zu entlocken, mit der die T\u00e4ter schlie\u00dflich einen hohen dreistelligen Betrag vom Konto des Mannes abbuchten.<\/p>\n\n\n\n<h4 class=\"wp-block-heading\">(Mutterstadt) &#8211; Unfallflucht<\/h4>\n\n\n\n<p>Am Freitagmorgen, 12.03.2021, verursachte im Zeitraum von 08:05 Uhr bis 08:15 Uhr ein unbekanntes Fahrzeug einen Verkehrsunfall in der Fu\u00dfg\u00f6nheimer Stra\u00dfe, wobei zwei dort geparkte Pkw &#8211; ein Kia Picanto und ein VW Up &#8211; aufeinander geschoben wurden. Der Gesamtschaden liegt nach erster Sch\u00e4tzung bei ca. 1600 EUR. Hinweise zu dem Verursacher-Fahrzeug bitte an die Polizei Schifferstadt unter Tel. 06235 \/ 495-0 oder per Email an&nbsp;<a href=\"mailto:pischifferstadt@polizei.rlp.de\">pischifferstadt@polizei.rlp.de<\/a>.<\/p>\n\n\n\n<h4 class=\"wp-block-heading\">(Dannstadt-Schauernheim) &#8211; Strafanzeige wegen Fahrens mit einem E-Board (Hoverboard)<\/h4>\n\n\n\n<p>Am Freitag, 12.03.2021, kontrollierten Beamte der Polizeiinspektion Schifferstadt in der Weinbietstra\u00dfe eine Mutter mit ihrer 9-j\u00e4hrigen Tochter. Der Grund: Das M\u00e4dchen fuhr auf dem Gehweg mit einem E-Board (auch Hoverboard genannt, einem elektrisch betriebenen Rollbrett ohne Lenkstange, auf dem sich eine Person stehend fortbewegen kann). Da es sich bei diesem Ger\u00e4t um ein Fahrzeug mit einer bauartbedingten H\u00f6chstgeschwindigkeit von mehr als 6 km\/h handelt, wird f\u00fcr die Teilnahme am Stra\u00dfenverkehr eine Zulassung ben\u00f6tigt. Dies trifft auch auf viele weitere elektrisch betriebene Fortbewegungsmittel zu, die gerne von Kindern als Spielzeuge genutzt werden. Tats\u00e4chlich ist deren Betrieb einzig und allein auf Privatgel\u00e4nde zul\u00e4ssig &#8211; auch auf dem Gehweg oder einem \u00f6ffentlich zug\u00e4nglichen Parkplatz nimmt man am Stra\u00dfenverkehr teil. Beim Betrieb im \u00f6ffentlichen Verkehrsraum drohen daher Ordnungswidrigkeiten wegen Fahrens eines Fahrzeugs ohne Zulassung auf \u00f6ffentlicher Stra\u00dfe oder des Zulassens desselben, was sich an die &#8222;Fahrzeughalter&#8220;, also oft die Eltern richtet. Sanktioniert wird dies mit einem Bu\u00dfgeld in H\u00f6he von 70 EUR. Je nach Fahrzeug stehen au\u00dferdem Straftaten nach dem Pflichtversicherungsgesetz sowie ein m\u00f6gliches Fahren ohne Fahrerlaubnis im Raum. Deshalb gilt auch f\u00fcr Kinder: Ausschlie\u00dflicher Betrieb solcher Fahrzeuge auf Privatgel\u00e4nde!<\/p>\n\n\n\n<h4 class=\"wp-block-heading\">(Weingarten) &#8211; Einbrecher gehen Einfamilienhaus an<\/h4>\n\n\n\n<p>Die Hauseingangst\u00fcr eines Einfamilienhauses versuchten bislang unbekannte T\u00e4ter in der Nacht von Freitag auf Samstag in der Kerngasse aufzuhebeln. In das Haus gelangten die T\u00e4ter nicht. Wer hat in der Nacht verd\u00e4chtige Wahrnehmungen gemacht? Polizei Germersheim 07274\/9580<\/p>\n\n\n\n<h4 class=\"wp-block-heading\">(Weingarten) &#8211; Mehrere Gullideckel ausgehoben<\/h4>\n\n\n\n<p>Am Freitagvormittag wurden in dem Zeitraum von 07.00 Uhr bis 13.00 Uhr insgesamt 7 Gullideckel auf dem Wirtschaftsweg zwischen Weingarten und Schwegenheim von bisher unbekannten T\u00e4tern ausgehoben. Aufgrund der daraus resultierenden Gefahr f\u00fcr die Verkehrsteilnehmer wurde ein Strafverfahren eingeleitet.<\/p>\n\n\n\n<p>Hinweise zu den T\u00e4tern oder der Tat nimmt die Polizei Germersheim unter der Telefonnummer 07274-9580 oder per Mail unter&nbsp;<a href=\"mailto:pigermersheim@polizei.rlp.de\">pigermersheim@polizei.rlp.de<\/a>&nbsp;entgegen.<\/p>\n\n\n\n<h4 class=\"wp-block-heading\">(Germersheim) &#8211; Fl\u00fcchtende Person<\/h4>\n\n\n\n<p>Auf eine fl\u00fcchtende Person machten Passanten die zuf\u00e4llig am Fachmarktzentrum anwesende Polizei am Samstag gegen 19:40 Uhr aufmerksam. Diese konnten den Fl\u00fcchtenden stellen. Schnell konnte der Grund seiner Flucht ermittelt werden. Der 25-j\u00e4hrige Mann hatte unmittelbar zuvor aus einem der Ladengesch\u00e4fte einen Kopfh\u00f6rer entwendet.<\/p>\n\n\n\n<h4 class=\"wp-block-heading\">(Bellheim) &#8211; Rollerfahrer ohne F\u00fchrerschein aber mit Drogen<\/h4>\n\n\n\n<p>Am Freitagnachmittag wurde ein 19-j\u00e4hriger Rollerfahrer Am M\u00fchlbuckel in Bellheim kontrolliert. Bei der Kontrolle wurde festgestellt, dass der 19-J\u00e4hrige an dem Roller technische Ver\u00e4nderungen vorgenommen hatte, sodass der Roller deutlich schneller fuhr als erlaubt. Weiterhin konnten die Beamten feststellen, dass der Rollerfahrer nicht im Besitz einer g\u00fcltigen Fahrerlaubnis war und noch eine geringe Menge Marihuana mit sich f\u00fchrte. Da auch der Verdacht bestand, dass der 19-J\u00e4hrige unter Bet\u00e4ubungsmitteleinfluss den Roller fuhr, wurde ihm eine Blutprobe entnommen. Die entsprechenden Straf- und Ordnungswidrigkeitenverfahren wurden eingeleitet.<\/p>\n\n\n\n<h4 class=\"wp-block-heading\">(W\u00f6rth) &#8211; E-Bike unverschlossen \/ Fahrrad geklaut<a href=\"https:\/\/www.facebook.com\/sharer.php?u=https%3A%2F%2Fwww.presseportal.de%2Fblaulicht%2Fpm%2F117686%2F4863164%2F%3Futm_source%3Dfacebook%26utm_medium%3Dsocial\"><\/a><a href=\"https:\/\/twitter.com\/intent\/tweet?text=POL-PDLD%3A%20W%C3%B6rth%3A%20E-Bike%20unverschlossen%20%2F%20Fahrrad%20geklaut&amp;url=https%3A%2F%2Fwww.presseportal.de%2Fblaulicht%2Fpm%2F117686%2F4863164%2F%3Futm_source%3Dtwitter%26utm_medium%3Dsocial&amp;hashtags=ots&amp;lang=de\"><\/a><a href=\"https:\/\/web.whatsapp.com\/send?text=POL-PDLD%3A%20W%C3%B6rth%3A%20E-Bike%20unverschlossen%20%2F%20Fahrrad%20geklaut%0A%0Ahttps%3A%2F%2Fwww.presseportal.de%2Fblaulicht%2Fpm%2F117686%2F4863164%2F%3Futm_source%3Dwhatsapp%26utm_medium%3Dsocial\"><\/a><a href=\"https:\/\/www.xing.com\/app\/user?op=share;url=https%3A%2F%2Fwww.presseportal.de%2Fblaulicht%2Fpm%2F117686%2F4863164%2F%3Futm_source%3Dxing%26utm_medium%3Dsocial\"><\/a><a href=\"http:\/\/www.linkedin.com\/shareArticle?mini=true&amp;url=https%3A%2F%2Fwww.presseportal.de%2Fblaulicht%2Fpm%2F117686%2F4863164%2F%3Futm_source%3Dlinkedin%26utm_medium%3Dsocial&amp;title=POL-PDLD%3A+W%C3%B6rth%3A+E-Bike+unverschlossen+%2F+Fahrrad+geklaut\"><\/a><a href=\"mailto:?subject=POL-PDLD%3A%20W%C3%B6rth%3A%20E-Bike%20unverschlossen%20%2F%20Fahrrad%20geklaut&amp;body=https:\/\/www.presseportal.de\/blaulicht\/pm\/117686\/4863164\"><\/a><\/h4>\n\n\n\n<p>Am 13.03.2021 wurde im Zeitraum zwischen 17:29 Uhr und 17:34 in W\u00f6rth, vor einem Supermarkt in der Marktstra\u00dfe ein leider unverschlossenes E-Bike entwendet. Der Besitzer des schwarz\/roten Fahrrades des Herstellers Fischer hatte sein Fahrrad links neben dem Haupteingang des Supermarktes abgestellt. Als er nach kurzem Einkauf beim B\u00e4cker wieder zu dem Abstellort kam, war das Fahrrad verschwunden. Der Sachschaden d\u00fcrfte sich bei dem gebrauchten Rad nach derzeitigen Sch\u00e4tzungen auf ungef\u00e4hr 700 Euro belaufen. Ein Strafverfahren wegen Fahrraddiebstahl wurde eingeleitet, der entwendete Gegenstand zur Sachfahndung ausgeschrieben. Zum Tatzeitraum d\u00fcrfte der Markt noch stark frequentiert gewesen sein, vielleicht wurde der T\u00e4ter\/T\u00e4terin bei der Tatausf\u00fchrung beobachtet. Die Polizei W\u00f6rth bittet um sachdienliche Zeugenhinweise unter der Rufnummer 072712-92210 oder&nbsp;<a href=\"mailto:piwoerth@polizei.rlp.de\">piwoerth@polizei.rlp.de<\/a><\/p>\n\n\n\n<h4 class=\"wp-block-heading\">(W\u00f6rth) &#8211; Raser auf der Goldgrundstra\u00dfe<\/h4>\n\n\n\n<p>Ein Zeuge meldet am 12.03.2021 um 18.30 Uhr 2 Fahrzeuge, die mit augenscheinlich \u00fcberh\u00f6hter Geschwindigkeit in Richtung NATO-Rampe\/ Rhein rasen sollen. Ein Fahrzeug habe nach Auskunft des Zeugen eventuell eine M\u00fcnchner Zulassung. Zum anderen Fahrzeug konnte der Zeuge keinerlei Angaben machen. Gef\u00e4hrdungen von Fu\u00dfg\u00e4ngern oder anderen Verkehrsteilnehmern sei an der abgelegenen \u00d6rtlichkeit durch den Zeugen nicht beobachtet worden. Die sofort eingeleiteten Fahndungsma\u00dfnahmen vor Ort ergaben einen abgestellten PKW mit M\u00fcnchner Zulassung an der NATO Rampe. Der Befragte, 20 -j\u00e4hrige Autofahrer aus Karlsruhe, gab an, bereits eine l\u00e4ngere Zeit dort zu Parken um die Natur zu bewundern, es konnte keine Motorw\u00e4rme am PKW festgestellt werden. Ein zweites Fahrzeug war nicht vor Ort. Konkrete Hinweise auf ein illegales Autorennen im Sinne des Strafgesetzbuches nach \u00a7 315d StGB ergaben sich nicht. Weitere Personen waren ebenfalls nicht vor Ort.<\/p>\n\n\n\n<h4 class=\"wp-block-heading\">(Hagenbach) &#8211; Schnell zum B\u00e4cker<\/h4>\n\n\n\n<p>Am 13.03.2021 um 07:10 Uhr wollte eine 63-j\u00e4hige Autofahrerin mit ihrem Ford Transporter zum B\u00e4cker in der Rheinstra\u00dfe fahren. Beim Einparkten besch\u00e4digte sie einen geparkten Audi. Es entstand ein Gesamtsachschaden in H\u00f6he von 800 Euro. Der Halter des Audi hatte noch geschlafen und ihm musste die unangenehme Nachricht durch die Polizei \u00fcberbracht werden.<\/p>\n\n\n\n<h4 class=\"wp-block-heading\">(Minfeld) &#8211; Verkehrsunfallflucht<\/h4>\n\n\n\n<p>Am 12.03.2021 hielt um 07:40 Uhr eine 45-j\u00e4hrige Autofahrerin in Minfeld an einer Baustellenampelanlage bei Rotlicht in der Hauptstra\u00dfe verkehrsbedingt an. Ein noch unbekannter LKW befuhr die Hauptstra\u00dfe in Minfeld in Fahrtrichtung Freckenfeld in Gegenrichtung. Der LKW streifte beim berechtigten Durchfahren der Baustellenengstelle das verkehrsbedingt stehende Fahrzeug der Unfallgesch\u00e4digten. Nach Zeugenauskunft sei die fl\u00fcchtige LKW Fahrerin ca. 30 Jahre alt gewesen und hatte dunkelblondes Haar. Am verkehrsbedingt angehaltenen PKW entstand ein Sachschaden in H\u00f6he von ca. 1500 Euro. In vorliegender Sache wird ein Verkehrsunfall mit Umfallflucht bearbeitet. Aufgrund der geringen Auspr\u00e4gung des Schadens k\u00f6nnte es sein, dass die Fahrerin des LKW den Ansto\u00df eventuell nicht bemerkt haben k\u00f6nnte. Ob ein Schaden am LKW entstand ist ebenfalls fraglich. Die Polizei W\u00f6rth bittet um weitere Zeugenhinweise zum LKW bzw. dem Kennzeichen oder Aufschrift des Fahrzeuges unter der Rufnummer 07271-92210 oder unter&nbsp;<a href=\"mailto:piwoerth@polizei.rlp.de\">piwoerth@polizei.rlp.de<\/a><\/p>\n\n\n\n<h4 class=\"wp-block-heading\">(Rohrbach \/ A 65) &#8211; Scheibenwischer gezeigt<\/h4>\n\n\n\n<p>Am 13.03.2021 befuhr der 52-j\u00e4hrige Gesch\u00e4digte gegen 13 Uhr mit seinem PKW die A65 in Fahrtrichtung Ludwigshafen. Der Gesch\u00e4digte \u00fcberholte in H\u00f6he der Anschlussstelle Rohrbach ein Fahrzeug und wechselte dann zur\u00fcck auf den rechten Fahrstreifen. Die gefahrene Geschwindigkeit soll hierbei circa 120 km\/h betragen haben. Ein hinter dem Gesch\u00e4digten befindlicher Fahrer eines Sprinters mit Anh\u00e4nger dauerte der \u00dcberholvorgang wohl zu lange. Seinen Unmut \u00e4u\u00dferte der Sprinter-Fahrer beim \u00dcberholen des Gesch\u00e4digten durch Zeigen der Scheibenwischergeste. Der Sprinterfahrer konnte im Rahmen der Fahndung zwar nicht mehr angetroffen werden. Jedoch ist das Kennzeichen bekannt. Ein Strafverfahren wegen Beleidigung wurde eingeleitet und die Ermittlungen aufgenommen.<\/p>\n\n\n\n<h4 class=\"wp-block-heading\">(Billigheim) &#8211; Ein Leichtverletzter bei Alleinunfall<\/h4>\n\n\n\n<p>Ein Leichtverletzter und hoher Sachschaden sind die Folgen eines Verkehrsunfalls, der sich am Samstag, den 13.03.2021, gegen 14:45 Uhr, in Billigheim ereignete. Ein 55j\u00e4hriger aus dem Kreis S\u00fcdliche Weinstra\u00dfe befuhr mit seinem Sportwagen die L 544 von Billgheim in Richtung Impflingen. In einer Rechtskurve kam der Fahrer aus bislang ungekl\u00e4rter Ursache nach rechts auf den Gr\u00fcnstreifen und verlor die Kontrolle \u00fcber das Fahrzeug. Sein Pkw \u00fcberschlug sich mehrfach und kam auf dem Dach liegend auf der Fahrbahn zum Stehen. Rettungskr\u00e4fte brachten den leichtverletzten Fahrzeugf\u00fchrer in ein nahgelegenes Krankenhaus. Der stark besch\u00e4digte Pkw musste abgeschleppt werden. Es entstand ein Sachschaden von 15000 Euro. Die Fahrbahn musste zum Zwecke der Reinigung f\u00fcr ca. eine Stunde voll gesperrt werden.<\/p>\n\n\n\n<h4 class=\"wp-block-heading\">(Maikammer) &#8211; Streit auf der Stra\u00dfe resultiert in Blutprobe<\/h4>\n\n\n\n<p>Am 13.03.2021 wurde die Polizei Edenkoben gegen 16:45 Uhr \u00fcber einen lautstarken Streit zwischen zwei Personen in Kenntnis gesetzt, welcher sich auf dem Gehweg in der Sankt-Martiner-Stra\u00dfe in Maikammer abspielen soll. Die streitenden Parteien konnten angetroffen werden, bei dem Streit ging es um Differenzen bez\u00fcglich der k\u00fcrzlich erfolgten Trennung der Ehepartner. Zu einem strafrechtlich relevanten Sachverhalt hinsichtlich des Streits kam es nicht. Jedoch konnte vor Ort festgestellt werden, dass der 31-j\u00e4hrige Streithahn kurz zuvor mit einem Wohnmobil in die Sankt-Martiner-Stra\u00dfe gefahren war. Hinsichtlich seiner Fahrtauglichkeit ergaben sich erhebliche Zweifel. Ein entsprechender Vortest best\u00e4tigte den Verdacht, dieser reagierte positiv auf THC, Amphetamin und Kokain. Der 31-j\u00e4hrige musste die eingesetzten Beamten folglich auf die Dienststelle zwecks Blutprobe begleiten. Es wurden entsprechende Straf- und Ordnungswidrigkeitenverfahren eingeleitet. Auch wurde die F\u00fchrerscheinstelle \u00fcber die Vorf\u00e4lle in Kenntnis gesetzt. Diese wird nun pr\u00fcfen, ob der 31-j\u00e4hrige zur weiteren Teilnahme am Stra\u00dfenverkehr geeignet erscheint.<\/p>\n\n\n\n<h4 class=\"wp-block-heading\">(Neustadt) &#8211; Einsturz gef\u00e4hrdetes Haus<\/h4>\n\n\n\n<div class=\"wp-block-image\"><figure class=\"aligncenter\"><img decoding=\"async\" loading=\"lazy\" width=\"500\" height=\"667\" src=\"https:\/\/speyer24news.com\/wp-content\/uploads\/2021\/03\/IMG_20210314_163329Klein.jpg\" alt=\"\" class=\"wp-image-34161\" srcset=\"https:\/\/speyer24news.com\/wp-content\/uploads\/2021\/03\/IMG_20210314_163329Klein.jpg 500w, https:\/\/speyer24news.com\/wp-content\/uploads\/2021\/03\/IMG_20210314_163329Klein-225x300.jpg 225w\" sizes=\"(max-width: 500px) 100vw, 500px\" \/><\/figure><\/div>\n\n\n\n<p>Am Nachmittag des 14.03.21 gegen 16:00h wurde hiesiger Dienststelle ein leerstehendes Haus im Ortsteil Neustadt-Diedesfeld in der Remigiusstra\u00dfe gemeldet, das nach Ansicht des Mitteilers nach den Unwettern der letzten Tage neue starke Risse aufwies. Putz w\u00fcrde bereits auf die Stra\u00dfe fallen. Die Streife best\u00e4tigte die Einsch\u00e4tzungen. Die FFW und das Technische Hilfswerk wurde alarmiert. Unter einer technischen Einsatzleitung wurden ca 30 Verst\u00e4rkungskr\u00e4fte herangef\u00fchrt. Am und im Anwesen wurden mehrere frische Fugen festgestellt, die umfangreiche Abst\u00fctzma\u00dfnahmen erforderlich machten. Dadurch bedingt ist eine ungehinderte Durchfahrt nicht mehr m\u00f6glich. Absperrungen sind eingerichtet.<\/p>\n\n\n\n<h4 class=\"wp-block-heading\">(Neustadt) &#8211; Versto\u00df gegen die Corona-Verordnung<\/h4>\n\n\n\n<p>Am 14.03.2021 konnten gegen 01:00 Uhr mehrere Personen auf dem Gel\u00e4nde der Shell-Tankstelle in der Mu\u00dfbacher Landstra\u00dfe festgestellt werden. Insgesamt wurden sechs Personen kontrolliert, diese waren im Alter zwischen 27 und 34 Jahren. Die Personen hatten zuvor weder den Mindestabstand eingehalten, noch einen Mund-Nasenschutz getragen. Alle verhielten sich \u00e4u\u00dferst provokant und uneinsichtig, sie machten sich \u00fcber die geltende Verordnung lustig und zogen die Schutzma\u00dfnahmen ins L\u00e4cherliche. Alle Personen erwartet nun ein Ordnungswidrigkeitsverfahren, da sie gegen die Corona-Verordnung versto\u00dfen haben.<\/p>\n\n\n\n<h4 class=\"wp-block-heading\">(Neustadt) &#8211; Fahren ohne Fahrerlaubnis<\/h4>\n\n\n\n<p>Am 13.03.2021 wurde ein 24-j\u00e4hriger Neust\u00e4dter gegen 10:45 Uhr in der Landauer Stra\u00dfe in Neustadt a.d. Weinstra\u00dfe einer allgemeinen Verkehrskontrolle unterzogen. Zun\u00e4chst gab der Fahrer falsche Personalien an, au\u00dferdem machte er falsche Angaben \u00fcber die Drosselung seines Gef\u00e4hrts. Nach einer intensiven Pr\u00fcfung der Angaben gab der Rollerfahrer letztlich seine echten Personalien preis, auch die fehlende Drosselung des Zweirades wurde einger\u00e4umt. Den Mann erwartet nun ein Strafverfahren wegen Fahrens ohne Fahrerlaubnis und ein Ordnungswidrigkeitsverfahren wegen der Angabe falscher Personalien.<\/p>\n\n\n\n<h4 class=\"wp-block-heading\">(Ruppertsberg) &#8211; Verkehrsunfall unter Einfluss von Alkohol und Bet\u00e4ubungsmittel<\/h4>\n\n\n\n<p>Am sp\u00e4ten Samstagabend gegen 22:20 Uhr geriet ein 24j\u00e4hriger Pkw-F\u00fchrer auf der B 271 in der Gemarkung Ruppertsberg, Fahrtrichtung Autobahnanschluss A 65, aus bisher ungekl\u00e4rter Ursache nach rechts von der Fahrbahn ab. Hierbei kollidierte er mit einer Schutzplanke, dabei wurde sein Pkw totalbesch\u00e4digt und musste durch einen Abschleppdienst geborgen werden. W\u00e4hrend der Verkehrsunfallaufnahme stellten die Polizeibeamten vor Ort fest, dass der 24j\u00e4hrige Fahrer unter Alkoholeinfluss stand, ein Atemalkoholtest ergab einen Wert von 2,11 Promille. Zudem besteht der Verdacht, dass zus\u00e4tzlich illegale berauschende Substanzen vor Fahrtantritt konsumiert wurden. Dem Fahrer wurde eine Blutprobe zur weiteren Untersuchung entnommen, der F\u00fchrerschein wurde sichergestellt. Die Schadensh\u00f6he betr\u00e4gt ca. 10000 Euro.<\/p>\n\n\n\n<h4 class=\"wp-block-heading\">(Deidesheim) &#8211; Unfallflucht \/ Verkehrsunfallbeteiligte gesucht<\/h4>\n\n\n\n<p>Am Freitag, den 12.03.21, gegen 16:50 Uhr, kam es auf B271 zu einem Verkehrsunfall. Zwei der drei Unfallbeteiligten befuhren die B271 in Richtung Bad D\u00fcrkheim, als sich an der Anschlussstelle Deidesheim die Fahrerin eines wei\u00dfen PKW\u00b4s in den flie\u00dfenden Verkehr einf\u00e4deln wollte. Um einen Zusammensto\u00df zu vermeiden, leitete der erste PKW auf der bevorrechtigten Fahrbahn eine Vollbremsung ein, woraufhin der nachfolgende PKW diesem auffuhr. Nach dem Auffahrunfall hielt die weibliche Fahrerin des wei\u00dfen PKW kurz an und vergewisserte sich nach dem Wohlbefinden der anderen Beteiligten. Jedoch entfernte sie sich im Anschluss ohne Angaben zu ihrer Person und m\u00f6glicher Beteiligung am Unfallverschulden in ihrem Fahrzeug von der \u00d6rtlichkeit. Das Kennzeichen des PKW\u00b4s habe die Ortskennung von Neustadt\/Weinstra\u00dfe und sei durch den Unfall nicht besch\u00e4digt worden. Bei der Fahrerin habe es sich um eine ca. 40-50j\u00e4hrige Frau mit braunen oder dunkelblonden Haare gehandelt. An den verunfallten Fahrzeugen entstand ein gesch\u00e4tzter Sachschaden i.H. von ca. 8000 Euro. Verletzt wurde niemand.<\/p>\n\n\n\n<p>Zeugen oder Hinweisgeber werden gebeten, sich mit der Polizeiinspektion Ha\u00dfloch in Verbindung zu setzen.<\/p>\n\n\n\n<h4 class=\"wp-block-heading\">(Bad D\u00fcrkheim) &#8211; Verkehrsunfallflucht unter Alkoholeinfluss<\/h4>\n\n\n\n<p>Am 13.03.2021 gegen 21:55 Uhr wurde der Polizei durch einen Anwohner der Hans-Koller-Stra\u00dfe mitgeteilt, dass es soeben zu einem Verkehrsunfall kam, woraufhin sich der zun\u00e4chst unbekannte Unfallverursache unerlaubt vom Unfallort entfernte. Der Fahrer streifte im Vorbeifahren zwei parkende Pkws und verursachte hierbei einen Sachschaden in H\u00f6he von circa 2500Euro. Kurze Zeit sp\u00e4ter kam es auf der B271, H\u00f6he der Abfahrt Meckenheim, ebenfalls zu einem Verkehrsunfall. Hierbei konnten am Pkw des Unfallverursacher Sch\u00e4den festgestellt werden, welche durch den Verkehrsunfall in der Hans-Koller-Stra\u00dfe entstanden sein k\u00f6nnten. Bei dem 24-j\u00e4hrigen Fahrer konnte durch die eingesetzten Polizeibeamten Alkoholgeruch in der Atemluft festgestellt werden. Ein freiwillig durchgef\u00fchrter Atemalkoholtest ergab einen Wert von 2,11 Promille. Bei dem unfallverursachenden Pkw handelt es sich um einen dunklen Audi A4 mit polnischen Kennzeichen. Entsprechende Strafverfahren wurden eingeleitet.<\/p>\n\n\n\n<p>Hinweise bitte an die Polizeiinspektion Bad D\u00fcrkheim, Tel. 06322\/963-0, oder&nbsp;<a href=\"mailto:pibadduerkheim@polizei.rlp.de\">pibadduerkheim@polizei.rlp.de<\/a><\/p>\n\n\n\n<h4 class=\"wp-block-heading\">(Freinsheim) &#8211; Verkehrsunfallflucht<\/h4>\n\n\n\n<p>Am 13.03.2021 gegen 11:30 Uhr kam es auf dem Parkplatz des Edeka-Marktes in Freinsheim zu einer Verkehrsunfallflucht. Eine circa 65-70 Jahre alte Pkw-Fahrerin soll mit ihrem roten Kleinwagen beim R\u00fcckw\u00e4rtsfahren einen anderen Pkw besch\u00e4digt haben. Zun\u00e4chst sei die Unfallverursacherin ausgestiegen und habe sich den Unfallschaden betrachtet, dann entfernte sie sich jedoch unerlaubt von der Unfall\u00f6rtlichkeit ohne ihre Personalien feststellen zu lassen. Bei dem besch\u00e4digten Pkw entstand ein Schaden in H\u00f6he von circa 500Euro.<\/p>\n\n\n\n<p>Hinweise bitte an die Polizeiinspektion Bad D\u00fcrkheim, Tel. 06322\/963-0, oder&nbsp;<a href=\"mailto:pibadduerkheim@polizei.rlp.de\">pibadduerkheim@polizei.rlp.de<\/a><\/p>\n\n\n\n<h4 class=\"wp-block-heading\">(Gr\u00fcnstadt) &#8211; Verkehrsbeeintr\u00e4chtigungen und Sachsch\u00e4den durch Windb\u00f6en<\/h4>\n\n\n\n<p>Im Lauf des Samstages kam es im gesamten Dienstgebiet der Polizeiinspektion Gr\u00fcnstadt witterungsbedingt immer wieder zu kurzfristigen Verkehrsbeeintr\u00e4chtigungen und Gefahrenstellen im Verkehrsraum. Teilwiese fielen B\u00e4ume um, \u00c4ste brachen ab und diverse Gegenst\u00e4nde wurden auf die Fahrbahn geweht. Die Gefahrenstellen konnten jeweils z\u00fcgig durch die Streifenbesatzungen oder Einsatzkr\u00e4fte der Feuerwehr beseitigt werden. In Kirchheim und Bockenheim kam es jedoch noch vor Eintreffen der Hilfskr\u00e4fte zu je einem Verkehrsunfall durch umgewehte Z\u00e4une, bzw. Zaunteile. Hierbei entstanden jedoch gl\u00fccklicherweise nur Sachsch\u00e4den.<\/p>\n\n\n\n<h4 class=\"wp-block-heading\">(Frankenthal) &#8211; Verkehrsunfallflucht auf dem Lidl-Parkplatz in der Wormser Stra\u00dfe<\/h4>\n\n\n\n<p>Am Samstag, den 13.03.2021 zwischen 10:10 Uhr und 10:40 Uhr, kam es zu einer Verkehrsunfallflucht auf dem Parkplatz des Lidl-Marktes in der Wormser Stra\u00dfe in Frankenthal.<\/p>\n\n\n\n<p>Die 26-j\u00e4hrige Gesch\u00e4digte bemerkte bei R\u00fcckkehr an ihren ordnungsgem\u00e4\u00df geparkten VW Golf mehrere Kratzer an der Beifahrert\u00fcr. Da an den Besch\u00e4digungen rote Lackanhaftungen festgestellt wurden, k\u00f6nnte es sich bei dem fl\u00fcchtigen Fahrzeug um einen roten Pkw handeln. Es entstand ein Sachschaden in H\u00f6he von 1500EUR.<\/p>\n\n\n\n<p>Aufgrund der laufenden Ermittlungen sucht die Polizei nach Zeugen des Vorfalls.<\/p>\n\n\n\n<p>Zeugen werden gebeten sich an die Polizeiinspektion Frankenthal unter der Tel.-Nr.: 06233\/313-0 oder an die Polizeiwache Maxdorf unter der Tel.-Nr.: 06237\/934-1100 zu wenden. Gerne nehmen wir Ihre Hinweise auch per E-Mail unter&nbsp;<a href=\"mailto:pifrankenthal@polizei.rlp.de\">pifrankenthal@polizei.rlp.de<\/a>&nbsp;entgegen.<\/p>\n\n\n\n<h4 class=\"wp-block-heading\">(Ludwigshafen) &#8211; Jugendliche besch\u00e4digen Wahlplakate<\/h4>\n\n\n\n<p>In Oggersheim kam es in der Nacht zum 14.03.2021 zu zwei Sachbesch\u00e4digungen an Wahlplakaten. Zum einen wurden gegen 01:45 Uhr in der Mannheimer Stra\u00dfe zwei brennende FDP Wahlplakate und zum anderen gegen 04:12 Uhr zwei besch\u00e4digte CDU Wahlplakate am Hans-Warsch-Platz gemeldet.<\/p>\n\n\n\n<p>In beiden F\u00e4llen konnten im Rahmen umgehender Fahndungsma\u00dfnahmen durch die Polizei, jeweils zwei jugendliche Tatverd\u00e4chtige festgestellt werden. Ermittlungen, ob die beiden Taten im Zusammenhang stehen, dauern noch an. Die jugendlichen Tatverd\u00e4chtigen der Sachbesch\u00e4digung am Hans-Warsch-Platz wurden durch die Polizei an die Eltern \u00fcbergeben.<\/p>\n\n\n\n<p>Zeugen werden gebeten mit der Polizeiinspektion Ludwigshafen 2 unter der Telefonnummer 0621 963-2222 oder per Mail&nbsp;<a href=\"mailto:piludwigshafen2@polizei.rlp.de\">piludwigshafen2@polizei.rlp.de<\/a>&nbsp;Kontakt aufzunehmen.<\/p>\n\n\n\n<h4 class=\"wp-block-heading\">(Ludwigshafen) &#8211; Hobbyg\u00e4rtner macht unerwartete Entdeckung<\/h4>\n\n\n\n<p>Ein Ludwigshafener B\u00fcrger aus dem Stadtteil Friesenheim meldet am Morgen des 13.03.2021 hiesiger Dienststelle, dass er bei Gartenarbeiten eine Stabgranate aus dem 2. Weltkrieg bei sich im Garten gefunden h\u00e4tte. \u00dcberpr\u00fcfungen durch den verst\u00e4ndigten Kampfmittelr\u00e4umdienst best\u00e4tigten die Annahme, dass es sich bei dem Gartenfund um eine Stabbrandbombe aus dem 2. Weltkrieg handeln d\u00fcrfte. Allerdings gehe von dem Gegenstand keine Gefahr aus. Die Entfernung des Gegenstandes wurde durch den Kampfmittelr\u00e4umdienst veranlasst.<\/p>\n\n\n\n<h4 class=\"wp-block-heading\">(Ludwigshafen) &#8211; Verkehrsunfall mit verletztem Pkw-Fahrer \/ L\u00e4nger andauernde Stra\u00dfensperrung der L530 in der Gemarkung Mutterstadt notwendig<\/h4>\n\n\n\n<div class=\"wp-block-image\"><figure class=\"aligncenter\"><img decoding=\"async\" loading=\"lazy\" width=\"500\" height=\"667\" src=\"https:\/\/speyer24news.com\/wp-content\/uploads\/2021\/03\/IMG_0027.jpg\" alt=\"\" class=\"wp-image-34162\" srcset=\"https:\/\/speyer24news.com\/wp-content\/uploads\/2021\/03\/IMG_0027.jpg 500w, https:\/\/speyer24news.com\/wp-content\/uploads\/2021\/03\/IMG_0027-225x300.jpg 225w\" sizes=\"(max-width: 500px) 100vw, 500px\" \/><\/figure><\/div>\n\n\n\n<p>Am fr\u00fchen Samstagmorgen, 13.03.2021, kam es gegen 05:55 Uhr auf der L530 kurz vor der Auffahrt zur B9 zu einem sog. Alleinunfall: Ein 43-j\u00e4hriger Peugeotfahrer aus Limburgerhof \u00fcbersah die dortige Verkehrsinsel und kollidierte mit dem darauf befindlichen Verkehrszeichen. Hierbei wurde er leicht verletzt, sein Fahrzeug wurde jedoch erheblich besch\u00e4digt und es liefen gr\u00f6\u00dfere Mengen an Betriebsstoffen aus. Die notwendigen Bergungs- und Reinigungsarbeiten zogen sich bis ca. 09:00 Uhr, hierzu musste die Stra\u00dfe f\u00fcr drei Stunden voll gesperrt werden.<\/p>\n\n\n\n<h4 class=\"wp-block-heading\">(Mannheim) &#8211; Kabelbrand in Mehrfamilienhaus \/ Acht Personen leicht verletzt<\/h4>\n\n\n\n<p>Am Sonntagabend gegen 20.25 Uhr kam es in einem Mehrfamilienhaus in der Stra\u00dfe Vorderer Sporw\u00f6rth zu einem Kabelbrand. Urs\u00e4chlich d\u00fcrfte ein technischer Defekt an einer Telefonanlage im Keller des Anwesens gewesen sein. Die Berufsfeuerwehr Mannheim hatte den Brand schnell gel\u00f6scht. Auf Grund der starken Rauchentwicklung im Treppenhaus wurden insgesamt acht Bewohner leicht verletzt. Die sieben Erwachsenen und ein 2-j\u00e4hriges Kind wurden mit Verdacht auf Rauchgasintoxikation vorsorglich in umliegende Krankenh\u00e4user gebracht. Der Sachschaden bel\u00e4uft sich auf ca. 2000 Euro.<\/p>\n\n\n\n<h4 class=\"wp-block-heading\">(Heidelberg-Handschuhsheim) &#8211; Wohnungsbrand im Mehrfamilienhaus, eine Person verletzt<\/h4>\n\n\n\n<p>Gegen 14:40 Uhr wurde am 13.03.21 ein Wohnungsbrand in der Hans-Thoma-Stra\u00dfe gemeldet. Aus bisher unbekannter Ursache kam es im Bereich der K\u00fcche zu einem offenen Feuer. Die ersten L\u00f6schversuche schlugen fehl, sodass das Feuer auf die angrenzende K\u00fccheneinrichtung \u00fcbergreifen konnte. Durch Anwohner wurde die Feuerwehr herbeigerufen, die den Brand aber schnell unter Kontrolle bringen konnte. Der Sachschaden bel\u00e4uft sich nach ersten Sch\u00e4tzungen auf ca. 10.000 Euro. Durch den Brand wurde eine 43-j\u00e4hrige Bewohnerin verletzt und musste mit Verdacht einer Rauchgasintoxikation in ein nahegelegenes Krankenhaus gebracht werden. Die Hans-Thoma-Stra\u00dfe musste aufgrund der L\u00f6scharbeiten f\u00fcr den Verkehr f\u00fcr ca. eine Stunde gesperrt werden.<\/p>\n\n\n\n<h4 class=\"wp-block-heading\">(Altlu\u00dfheim \/ Rhein-Neckar-Kreis) &#8211; Unfall unter Alkoholeinwirkung<\/h4>\n\n\n\n<p>Am Samstagabend gegen 19.00 Uhr verursachte ein 45-j\u00e4hriger VW-Fahrer alleinbeteiligt einen Unfall in der Hauptstra\u00dfe in Altlu\u00dfheim. Der Mann befuhr die Hauptstra\u00dfe und wollte nach links in die Kurpfalzstra\u00dfe abbiegen, hierbei stie\u00df er gegen den Zaun eines dortigen Anwesens. An dem VW-Golf sowie an dem Zaun entstand ein Sachschaden in H\u00f6he von je ca. 3.000 Euro. Eine Passantin, die den Unfall beobachtet hatte, verst\u00e4ndigte die Polizei. Beim Eintreffen der Beamten konnte bei dem Fahrer deutlicher Alkoholgeruch wahrgenommen werden. Zudem konnte sich dieser kaum auf den Beinen halten. Ein freiwilliger Alkoholtest ergab einen Wert von knapp 2,5 Promille. Nach erfolgter Blutentnahme durch einen Arzt auf dem Polizeirevier Hockenheim, wurden sowohl der F\u00fchrerschein als auch der Fahrzeugschl\u00fcssel einbehalten. Nach Abschluss dieser Ma\u00dfnahmen konnte der 45-J\u00e4hrige, nun zu Fu\u00df, seinen Heimweg antreten.<\/p>\n","protected":false},"excerpt":{"rendered":"<div class=\"mh-excerpt\"><p>Polizeimeldungen vom Sonntag (14.03.2021) (Speyer) &#8211; Drogenfund bei Personenkontrolle Im Rahmen einer Personenkontrolle am Samstagabend in der Heinrich-Heine-Stra\u00dfe konnte bei einem jungen Mann aus Speyer ein T\u00fctchen mit Marihuana aufgefunden werden. Die Drogen wurden sichergestellt. <a class=\"mh-excerpt-more\" href=\"https:\/\/speyer24news.com\/?p=34160\" title=\"Polizei\">[&#8230;]<\/a><\/p>\n<\/div>","protected":false},"author":3,"featured_media":0,"comment_status":"open","ping_status":"open","sticky":false,"template":"","format":"standard","meta":{"_monsterinsights_skip_tracking":false,"_monsterinsights_sitenote_active":false,"_monsterinsights_sitenote_note":"","_monsterinsights_sitenote_category":0,"footnotes":""},"categories":[12],"tags":[3614,61,2555,6955,6986,6263,63,105,6987,53,4854,4683,1548,102,213,55,5261,103,106,2803,2423,427,2625,380,104,979,1565],"aioseo_notices":[],"amp_enabled":true,"_links":{"self":[{"href":"https:\/\/speyer24news.com\/index.php?rest_route=\/wp\/v2\/posts\/34160"}],"collection":[{"href":"https:\/\/speyer24news.com\/index.php?rest_route=\/wp\/v2\/posts"}],"about":[{"href":"https:\/\/speyer24news.com\/index.php?rest_route=\/wp\/v2\/types\/post"}],"author":[{"embeddable":true,"href":"https:\/\/speyer24news.com\/index.php?rest_route=\/wp\/v2\/users\/3"}],"replies":[{"embeddable":true,"href":"https:\/\/speyer24news.com\/index.php?rest_route=%2Fwp%2Fv2%2Fcomments&post=34160"}],"version-history":[{"count":2,"href":"https:\/\/speyer24news.com\/index.php?rest_route=\/wp\/v2\/posts\/34160\/revisions"}],"predecessor-version":[{"id":34164,"href":"https:\/\/speyer24news.com\/index.php?rest_route=\/wp\/v2\/posts\/34160\/revisions\/34164"}],"wp:attachment":[{"href":"https:\/\/speyer24news.com\/index.php?rest_route=%2Fwp%2Fv2%2Fmedia&parent=34160"}],"wp:term":[{"taxonomy":"category","embeddable":true,"href":"https:\/\/speyer24news.com\/index.php?rest_route=%2Fwp%2Fv2%2Fcategories&post=34160"},{"taxonomy":"post_tag","embeddable":true,"href":"https:\/\/speyer24news.com\/index.php?rest_route=%2Fwp%2Fv2%2Ftags&post=34160"}],"curies":[{"name":"wp","href":"https:\/\/api.w.org\/{rel}","templated":true}]}}