{"id":34184,"date":"2021-03-16T17:29:37","date_gmt":"2021-03-16T16:29:37","guid":{"rendered":"https:\/\/speyer24news.com\/?p=34184"},"modified":"2021-03-16T17:29:39","modified_gmt":"2021-03-16T16:29:39","slug":"polizei-528","status":"publish","type":"post","link":"https:\/\/speyer24news.com\/?p=34184","title":{"rendered":"Polizei"},"content":{"rendered":"<style type=\"text\/css\">\r\n\t.ads_top_disp{}\r\n\t.ads_top_corner_disp{ float:left; margin:0px 10px 10px 0px; }\r\n\t.ads_first_p_disp{}\r\n\t.ads_bottom_disp{}\r\n\t<\/style>\n<h2 class=\"wp-block-heading\">Polizeimeldungen vom Dienstag (16.03.2021)<\/h2>\n\n\n\n<div class=\"wp-block-image\"><figure class=\"aligncenter\"><img decoding=\"async\" src=\"https:\/\/speyer24news.com\/wp-content\/uploads\/2020\/01\/Aktuelles-Polizeilogo.jpg\" alt=\"\" class=\"wp-image-23832\"\/><\/figure><\/div>\n\n\n\n<h4 class=\"wp-block-heading\">(Speyer) &#8211; Kontrollen im Stadtgebiet<\/h4>\n\n\n\n<p>Durch Beamte der Polizei Speyer wurden am Montagabend zwei Kontrollstellen im Stadtgebiet eingerichtet. Zwischen 20:00 Uhr und 20:20 Uhr wurde in der Waldseer Stra\u00dfe der Fahrradverkehr \u00fcberwacht. Aufgrund der Witterung waren jedoch nur drei Radfahrer unterwegs, die sich ordnungsgem\u00e4\u00df verhielten. Weiterhin konnten im Zeitraum von 22:30 Uhr bis 00:00 Uhr in der Wormser Landstra\u00dfe 26 Fahrzeuge einer Kontrolle unterzogen werden. Hierbei wurden sechs M\u00e4ngelberichte ausgestellt und eine Verwarnung geahndet.<\/p>\n\n\n\n<h4 class=\"wp-block-heading\">(Speyer) &#8211; Verkehrsunfall mit leichtverletzter Person<\/h4>\n\n\n\n<p>Zu einem Verkehrsunfall mit einer leichtverletzten 34-J\u00e4hrigen kam es am Montagabend um 18:25 Uhr, als diese mit ihrem PKW die Spaldinger Stra\u00dfe in Richtung Tullastra\u00dfe befuhr. An der Kreuzung zur Waldseer Stra\u00dfe, an welcher die Lichtsignalanlage au\u00dfer Betrieb war, missachtete sie die Vorfahrt des von rechts kommenden PKW eines 26-J\u00e4hrigen. Durch die Kollision wurde der PKW der Frau auf den in der Tullastra\u00dfe wartenden PKW eines 56-J\u00e4hrigen geschoben, prallte dort ab, drehte sich und blieb im Kreuzungsbereich liegen. Die Fahrerin zog sich hierbei leichte Verletzungen zu und wurde in ein Krankenhaus verbracht. Die beiden anderen Unfallbeteiligten wurden nicht verletzt. Es entstand Sachschaden in H\u00f6he von ca. 11.000 EUR. Die Kreuzung musste bis ca. 20:15 Uhr teilweise gesperrt werden.<\/p>\n\n\n\n<h4 class=\"wp-block-heading\">(Lingenfeld) &#8211; Getunter Sportwagen<\/h4>\n\n\n\n<p>Am Montag kontrollierten Germersheimer Polizisten in Lingenfeld einen Sportwagen. Bei der Kontrolle stellte sich heraus, dass der Eigent\u00fcmer an der Frontsto\u00dfstange nachtr\u00e4glich seitlich zwei Kunststofffl\u00fcgel montierte. Da von diesen sogenannten &#8222;Cup Wings&#8220; nach Einsch\u00e4tzung der Beamten in diesem Fall eine hohe Gef\u00e4hrdung f\u00fcr andere Verkehrsteilnehmer, insbesondere f\u00fcr Radfahrer und Fu\u00dfg\u00e4nger ausging, wurde ein entsprechendes Bu\u00dfgeldverfahren eingeleitet. Der Halter muss sein optisches Tuning nun wieder r\u00fcckg\u00e4ngig machen und die Kunststoffteile entfernen.<\/p>\n\n\n\n<h4 class=\"wp-block-heading\">(Germersheim) &#8211; Fahrradfahrer streift PKW<\/h4>\n\n\n\n<p>Montagmittag konnte eine aufmerksame Zeugin einen jungen Mann beobachten, der mit seinem Fahrrad in der Ritter-von-Schmau\u00df-Stra\u00dfe in Germersheim fuhr. Dort streifte er ein geparktes Auto und entfernte sich im Anschluss vom Unfallort. An dem geparkten Fahrzeug ist ein Schaden von ca. 300 Euro entstanden. Zeugen, die Hinweise zu dem Unfall geben k\u00f6nnen, werden gebeten, sich unter Tel: 07274 9580 oder per Mail unter\u00a0<a href=\"mailto:pigermersheim@polizei.rlp.de\">pigermersheim@polizei.rlp.de<\/a>\u00a0zu melden.<\/p>\n\n\n\n<h4 class=\"wp-block-heading\">(D\u00f6rrenbach &#8211; B 38) &#8211; Ohne F\u00fchrerschein und mit Drogen unterwegs<\/h4>\n\n\n\n<p>Der Fahrer eines Pkw Renault wurde am Montag, 15.03.21, gegen 16:45 Uhr, auf der B 38, zwischen Bad Bergzabern und Oberotterbach, einer Kontrolle unterzogen. Einen F\u00fchrerschein konnte der 22-J\u00e4hrige nicht vorweisen. Im Verlauf der Kontrolle wurden zudem noch Hinweise festgestellt, dass der Fahrzeugf\u00fchrer unter Drogeneinfluss steht. Ein Test best\u00e4tigt den Verdacht. Im Fahrzeug wurde zudem Bet\u00e4ubungsmittel sichergestellt. Dem Fahrer wurde eine Blutprobe entnommen. Gegen ihn wird nun wegen Fahren ohne Fahrerlaubnis, Trunkenheit im Stra\u00dfenverkehr und Besitz von Bet\u00e4ubungsmittel ermittelt.<\/p>\n\n\n\n<h4 class=\"wp-block-heading\">(A 65 \/ Edenkoben) &#8211; Kabeldiebstahl von Baustelle<\/h4>\n\n\n\n<div class=\"wp-block-image\"><figure class=\"aligncenter\"><img decoding=\"async\" loading=\"lazy\" width=\"500\" height=\"680\" src=\"https:\/\/speyer24news.com\/wp-content\/uploads\/2021\/03\/20210316_Kabeldiebstahl.jpg\" alt=\"\" class=\"wp-image-34185\" srcset=\"https:\/\/speyer24news.com\/wp-content\/uploads\/2021\/03\/20210316_Kabeldiebstahl.jpg 500w, https:\/\/speyer24news.com\/wp-content\/uploads\/2021\/03\/20210316_Kabeldiebstahl-221x300.jpg 221w\" sizes=\"(max-width: 500px) 100vw, 500px\" \/><\/figure><\/div>\n\n\n\n<p>Einer Streife fiel am fr\u00fchen Morgen (16.03.2021, 2 Uhr) auf der A 65 bei der Anschlussstelle Edenkoben ein langsam fahrender Sprinter auf, weshalb das Fahrzeug kontrolliert wurde. Der 30 Jahre alte Fahrer konnte keinerlei Papiere vorzeigen. Bei der \u00dcberpr\u00fcfung des Laderaums konnte festgestellt werden, dass \u00fcber 2 Tonnen Kabel transportiert wurden. \u00dcber die Herkunft machte der Fahrer keine Angaben. Sowohl die Ladung als auch das Fahrzeug wurden sichergestellt. Mittlerweile wurde bekannt, dass die Kabeltrommeln von einer Baustelle aus dem Bereich Merklingen in Baden-W\u00fcrttemberg stammen. Gegen den Mann aus dem Raum Neustadt wurde ein Strafverfahren eingeleitet. Die Ermittlungen dauern an.<\/p>\n\n\n\n<h4 class=\"wp-block-heading\">(Edenkoben) &#8211; Verkehrskontrolle<\/h4>\n\n\n\n<p>Vier Gurt- und zwei Handyverst\u00f6\u00dfe sowie eine Strafanzeige wegen Fahren ohne Fahrerlaubnis ist die Bilanz einer einst\u00fcndigen Verkehrskontrolle am Montagmittag (15.03.2021, 15 Uhr bis 16 Uhr) in der Staatsstra\u00dfe. Teuer wird es dabei bei einem Autofahrer, der sein Kind ohne jegliche Sicherung in seinem Fahrzeug mitnahm. Er wird einen Bu\u00dfgeldbescheid von 60 Euro erhalten und einen Punkt in der Flensburger Verkehrss\u00fcnderkartei kassieren. Zudem appelliert die Polizei im Hinblick auf die Handynutzung beim Autofahren: Schon bei Tempo 50 legt man innerhalb von zwei Sekunden mehr als die L\u00e4nge eines Tennisplatzes zur\u00fcck &#8211; wer in dieser Zeit aufs Handy schaut, ist 30 Meter blind unterwegs. Wer bei 100 km\/h f\u00fcnf Sekunden aufs Smartphone schaut, durchf\u00e4hrt blind mehr als die L\u00e4nge eines Fu\u00dfballfeldes. Und Fahranf\u00e4nger aufgepasst: Wer sich in der Probezeit befindet und das Handy w\u00e4hrend der Fahrt benutzt, muss nicht nur mit einem Bu\u00dfgeldbescheid von 100 Euro rechnen, sondern auch die Probezeit verl\u00e4ngert sich um zwei Jahre und die Teilnahme an einem Aufbauseminar wird verpflichtend. Bei mehrfachem Versto\u00df wird die Fahrerlaubnis eingezogen.<\/p>\n\n\n\n<h4 class=\"wp-block-heading\">(Maikammer) &#8211; Gleich zwei Einbr\u00fcche in Kitas<\/h4>\n\n\n\n<p>Im Zeitraum von Montagabend (15.03.2021, 18.30 Uhr) bis Dienstagmorgen (16.03.2021, 6 Uhr) wurde sowohl in die Kindertagesst\u00e4tte am Frantzplatz als auch in die Einrichtung im Silvanerweg eingebrochen. Der oder die Unbekannte(n) drangen \u00fcber ein aufgebrochenes Fenster in die Einrichtungen ein und durchw\u00fchlten mehrere R\u00e4ume und Schr\u00e4nke. Ersten Ermittlungen zufolge wurde ein geringer Bargeldbetrag sowie ein Laptop entwendet. Zeugen, die Hinweise zu dem oder den Unbekannte(n) geben k\u00f6nnen, werden gebeten, sich mit der Polizei Edenkoben unter 06323 9550 oder mit der Kriminalpolizei in Landau unter 06341 2870 in Verbindung zu setzen.<\/p>\n\n\n\n<h4 class=\"wp-block-heading\">(Maikammer) &#8211; Motorradfahrer \u00fcbersehen<\/h4>\n\n\n\n<p>Im Kreisel an der S\u00fcdumgehung \u00fcbersah Montagnachmittag (15.03.2021, 16.30 Uhr) eine 30 Jahre alte Autofahrerin einen vorfahrtsberechtigten Motorradfahrer, weshalb es zur Kollision kam und der 60 Jahre alte Biker zu Boden st\u00fcrzte. Sein Motorrad war nicht mehr fahrbereit und musste abgeschleppt werden. Der 60-J\u00e4hrige blieb unverletzt.<\/p>\n\n\n\n<h4 class=\"wp-block-heading\">(Frankenthal) &#8211; Verkehrsunfallflucht auf dem R\u00f6ntgenplatz \/ Zeugen gesucht<\/h4>\n\n\n\n<p>Am 15.03.2021 zwischen 06:30 Uhr und 14:05 Uhr kam es zu einer Verkehrsunfallflucht auf dem Parkplatz des R\u00f6ntgenplatzes in Frankenthal. Vermutlich beim Ein- oder Ausparken touchierte ein unbekanntes Fahrzeug einen ordnungsgem\u00e4\u00df geparkten blauen PKW der Marke BMW. Im Anschluss entfernte sich die verantwortliche Person unerlaubt von der Unfall\u00f6rtlichkeit. Aufgrund der laufenden Ermittlungen sucht die Polizei nach Zeugen des Vorfalls. Zeugen werden gebeten sich an die Polizeiinspektion Frankenthal unter der Tel.-Nr.: 06233\/313-0 oder an die Polizeiwache Maxdorf unter der Tel.-Nr.: 06237\/934-1100 zu wenden. Gerne nehmen wir Ihre Hinweise auch per E-Mail unter\u00a0<a href=\"mailto:pifrankenthal@polizei.rlp.de\">pifrankenthal@polizei.rlp.de<\/a>\u00a0entgegen.<\/p>\n\n\n\n<h4 class=\"wp-block-heading\">(Beindersheim) &#8211; Verkehrsunfallflucht in der K\u00f6nigsberger Stra\u00dfe \/ Zeugen gesucht<\/h4>\n\n\n\n<p>Im Zeitraum vom 12.03.2021 gegen 12:30 Uhr bis 15.03.2021 gegen 09:00 Uhr kam es zu einer Verkehrsunfallflucht in der K\u00f6nigsberger Stra\u00dfe in Beindersheim. Vermutlich beim Wenden nach einer M\u00f6belanlieferung touchierte ein unbekanntes Fahrzeug einen ordnungsgem\u00e4\u00df geparkten grauen PKW. Im Anschluss entfernte sich die verantwortliche Person unerlaubt von der Unfall\u00f6rtlichkeit. Aufgrund der laufenden Ermittlungen sucht die Polizei nach Zeugen des Vorfalls. Zeugen werden gebeten sich an die Polizeiinspektion Frankenthal unter der Tel.-Nr.: 06233\/313-0 oder an die Polizeiwache Maxdorf unter der Tel.-Nr.: 06237\/934-1100 zu wenden. Gerne nehmen wir Ihre Hinweise auch per E-Mail unter\u00a0<a href=\"mailto:pifrankenthal@polizei.rlp.de\">pifrankenthal@polizei.rlp.de<\/a>\u00a0entgegen.<\/p>\n\n\n\n<h4 class=\"wp-block-heading\">(Ludwigshafen) &#8211; Auseinandersetzung auf offener Stra\u00dfe<\/h4>\n\n\n\n<p>Ein P\u00e4rchen lieferte sich am Montag (15.03.2021) eine handfeste Auseinandersetzung auf offener Stra\u00dfe. Ein Zeuge meldete gegen 21.30 Uhr der Polizei, dass ein Mann auf eine Frau in der Notwendstra\u00dfe einschlagen w\u00fcrde. Als die Polizei eintraf befanden sich das P\u00e4rchen noch vor Ort. Demnach brach ein Streit zwischen einem 36- und einer 43-J\u00e4hrigen aus. Der Mann schlug daraufhin der Frau mehrmals in Gesicht. Die Frau wehrte sich und warf einen Fahrradkorb in seine Richtung, der ihn am Kopf traf. Beide wurden bei der Auseinandersetzung verletzt und standen unter Alkoholeinfluss. Der Mann hatte 1.48, die Frau 0,68 Promille.<\/p>\n\n\n\n<h4 class=\"wp-block-heading\">(Ludwigshafen) &#8211; Unfallflucht dank aufmerksamer Zeugin gekl\u00e4rt<\/h4>\n\n\n\n<p>Am Montagnachmittag gegen 17:30 Uhr beobachtete eine Zeugin einen Unfall in der Irisstra\u00dfe und meldete dies der Polizei. Dank des Hinweises konnte die 47-j\u00e4hrige Unfallverursacherin ermittelt werden. Diese soll zuvor in der Irisstra\u00dfe beim Einparken gegen ein geparktes Auto gesto\u00dfen sein. Die Polizeibeamten stellten an beiden Autos passende Sch\u00e4den fest. Durch den Unfall entstand ein Gesamtschaden in H\u00f6he von ca. 150,- Euro. Der Besitzer des besch\u00e4digten Autos bleibt dank der aufmerksamen Zeugin nicht auf seinem Schaden sitzen.<\/p>\n\n\n\n<p>Die Polizei weist darauf hin, dass es sich bei einer Verkehrsunfallflucht um kein Kavaliersdelikt handelt. Eine Unfallflucht ist eine Straftat und kann mit einer Geldstrafe oder einer Freiheitsstrafe von bis zu drei Jahren geahndet werden. In vielen F\u00e4llen bleiben die Gesch\u00e4digten auf ihren Kosten sitzen. Es k\u00f6nnte auch Ihr Auto treffen. Helfen Sie uns, den Unfallopfern zu helfen. Wenn Sie Zeuge einer Unfallflucht werden, notieren Sie das Kennzeichen oder machen Sie ein Foto mit Ihrem Handy. Verst\u00e4ndigen Sie auf jeden Fall die Polizei.<\/p>\n\n\n\n<h4 class=\"wp-block-heading\">(Ludwigshafen) &#8211; Bei Unfallflucht beobachtet<\/h4>\n\n\n\n<p>Ein 65-J\u00e4hriger wurde am Montag (15.03.2021) dabei beobachtet, wie er mit seinem PKW gegen ein geparktes Fahrzeug fuhr und sich anschlie\u00dfend aus dem Staub machte. Gegen 10.30 Uhr beobachtete eine aufmerksame Zeugin den Mann, wie er gegen ein geparkten PKW in der Bgm.-Fries-Stra\u00dfe fuhr. Anschlie\u00dfend stieg er aus und begutachtete den Schaden. Im guten Glauben unbeobachtet gewesen zu sein, fuhr er schlie\u00dflich davon ohne sich um den entstandenen Schaden zu k\u00fcmmern. Die Zeugin notierte sich das Kennzeichen und verst\u00e4ndigte die Polizei. Die stellte den Fl\u00fcchtigen an seiner Wohnanschrift fest. Der 65-J\u00e4hrige hinterlie\u00df einen Sachschaden von 1000 Euro und muss sich nun wegen einer Verkehrsunfallflucht verantworten.<\/p>\n\n\n\n<h4 class=\"wp-block-heading\">(Ludwigshafen) &#8211; Auseinandersetzung am Lutherplatz \/ Tatverd\u00e4chtiger ermittelt<\/h4>\n\n\n\n<h4 class=\"wp-block-heading\" style=\"text-align:center\">Nachtrag zur Pressemeldung vom 16.02.2021:&nbsp;<a target=\"_blank\" href=\"https:\/\/s.rlp.de\/UXHNu\" rel=\"noreferrer noopener\">https:\/\/s.rlp.de\/UXHNu<\/a><\/h4>\n\n\n\n<p>Nach einer Auseinandersetzung am 15.02.2021 am Lutherplatz konnte das Gemeinsame Sachgebiet f\u00fcr Jugendkriminalit\u00e4t einen Tatverd\u00e4chtigen ermitteln. Die umfangreichen und intensiven Ermittlungen erbrachten u.a. eine DNA-\u00dcbereinstimmung. An einer am Tatort vom T\u00e4ter zur\u00fcckgelassenen M\u00fctze konnten die Beamten die DNA eines 23-J\u00e4hrigen sichern. Die Ermittlungen zu den weiteren T\u00e4tern dauern weiter an.<\/p>\n\n\n\n<h4 class=\"wp-block-heading\">(Ludwigshafen) &#8211; \u00d6ffentlichkeitsfahndung nach sexueller Bel\u00e4stigung<\/h4>\n\n\n\n<h4 class=\"wp-block-heading\">Gemeinsame Pressemeldung der Staatsanwaltschaft Frankenthal und des Polizeipr\u00e4sidiums Rheinpfalz<\/h4>\n\n\n\n<div class=\"wp-block-image\"><figure class=\"aligncenter\"><img decoding=\"async\" loading=\"lazy\" width=\"500\" height=\"667\" src=\"https:\/\/speyer24news.com\/wp-content\/uploads\/2021\/03\/csm_Fahndung_BS2copy_0dc987edc0.jpg\" alt=\"\" class=\"wp-image-34186\" srcset=\"https:\/\/speyer24news.com\/wp-content\/uploads\/2021\/03\/csm_Fahndung_BS2copy_0dc987edc0.jpg 500w, https:\/\/speyer24news.com\/wp-content\/uploads\/2021\/03\/csm_Fahndung_BS2copy_0dc987edc0-225x300.jpg 225w\" sizes=\"(max-width: 500px) 100vw, 500px\" \/><\/figure><\/div>\n\n\n\n<p>Nachdem eine damals 25-j\u00e4hrige Frau am 07.08.2020, gegen 09:25 Uhr, vor der Filiale einer Drogeriekette in der Kurt-Schumacher-Stra\u00dfe sexuell bel\u00e4stigt wurde, bitten die Staatsanwaltschaft Frankenthal und die Kriminalpolizei Ludwigshafen um Hinweise aus der Bev\u00f6lkerung, um den T\u00e4ter zu ermitteln. Der Unbekannte hatte die 25-J\u00e4hrige unsittlich ber\u00fchrt. Er wurde von einer \u00dcberwachungskamera gefilmt.<\/p>\n\n\n\n<p><strong><em>Personenbeschreibung \/ Besondere Hinweise:<\/em><\/strong><\/p>\n\n\n\n<ul><li>Kurzes dunkles Haar<\/li><li>normale Statur<\/li><li>ca. 20 bis 30 Jahre alt<\/li><li>auff\u00e4lliges Tattoo am linken Unterarm (evtl. Totenkopf und wellenf\u00f6rmiges Muster)<\/li><\/ul>\n\n\n\n<p>Sachdienliche Hinweise nimmt die Kriminalpolizei Ludwigshafen unter der Telefonnummer 0621\/963-2724 oder 0621\/963-2773 oder per E-Mail\u00a0<a href=\"mailto:kiludwigshafen.k2@polizei.rlp.de\">kiludwigshafen.k2@polizei.rlp.de<\/a>\u00a0entgegen.<\/p>\n\n\n\n<h4 class=\"wp-block-heading\">(Mannheim-Neckarstadt-Ost) &#8211; Brand einer Gartenh\u00fctte \/ Zeugen gesucht<\/h4>\n\n\n\n<h4 class=\"wp-block-heading\" style=\"text-align:center\">Pressemeldung Nr. 2<\/h4>\n\n\n\n<p>Wie bereits berichtet, geriet am fr\u00fchen Montagnachmittag, gegen 13.30 Uhr eine Gartenh\u00fctte in der Kleingartenanlage in der Max-Joseph-Stra\u00dfe in Brand. Trotz des raschen Eingreifens der Feuerwehr Mannheim brannte die H\u00fctte komplett nieder. Der Sachschaden wird auf rund 10.000 Euro gesch\u00e4tzt.<\/p>\n\n\n\n<p>Eine Zeugin hatte kurz vor Brandausbruch drei m\u00e4nnliche Jugendliche im Alter zwischen 15 und 18 Jahren in der N\u00e4he der betreffenden Gartenh\u00fctte beobachtet. Inwiefern diese im Zusammenhang mit dem Brandausbruch in Verbindung stehen, ist Gegenstand der weiteren Ermittlungen des Brandsachbearbeiters beim Polizeirevier Mannheim-Neckarstadt. Brandstiftung ist zum derzeitigen Stand der Ermittlungen nicht auszuschlie\u00dfen.<\/p>\n\n\n\n<p>Zeugen, die verd\u00e4chtige Wahrnehmungen gemacht haben und sachdienliche Hinweise geben k\u00f6nnen, werden gebeten, sich beim Polizeirevier Mannheim-Neckarstadt, Tel.: 0621\/3301-0 zu melden.<\/p>\n\n\n\n<h4 class=\"wp-block-heading\">(Mannheim-Wohlgelegen) &#8211; Auffahrunfall mit schwerverletzter Person \/ hoher Sachschaden<\/h4>\n\n\n\n<p>Zwei verletzte Personen &#8211; davon eine schwer verletzt &#8211; und Sachschaden von rund 20.000 Euro sind die Bilanz eines Verkehrsunfalls am Montagnachmittag im Stadtteil Wohlgelegen. Ein 32-j\u00e4hriger Mann war kurz nach 15 Uhr mit seinem Audi auf der Dudenstra\u00dfe in Richtung Feudenheimer Stra\u00dfe unterwegs. In H\u00f6he der Friedrich-K\u00f6nig-Stra\u00dfe musste ein voranfahrender 22-j\u00e4hriger Fiat-Fahrer verkehrsbedingt abbremsen. Dies registrierte der Fahrer des Audi zu sp\u00e4t und fuhr dem Fiat auf. In der weiteren Folge wurde der Fiat auf den VW eines davon stehenden 39-J\u00e4hrigen geschoben. Bei dem Zusammensto\u00df erlitt der Fiat-Fahrer schwere Verletzungen und wurde zur Behandlung in ein Krankenhaus eingeliefert, wo er station\u00e4r aufgenommen wurde. Der Fahrer wurde mit leichten Verletzungen in eine Klinik gebracht, die er nach Untersuchung und ambulanter Behandlung wieder verlassen konnte.<\/p>\n\n\n\n<p>Gegen den 32-j\u00e4hrigen Fahrer des Audi wird nun wegen fahrl\u00e4ssiger K\u00f6rperverletzung ermittelt.<\/p>\n\n\n\n<h4 class=\"wp-block-heading\">(Mannheim-K\u00e4fertal) &#8211; Autofahrer streift Mitsubishi und fl\u00fcchtet von der Unfallstelle \/ Zeugen gesucht<\/h4>\n\n\n\n<p>Am Dienstag um 11.48 Uhr streifte ein bislang unbekannter Fahrer in der Rebenstra\u00dfe, H\u00f6he Sparkasse, beim Vorbeifahren den Au\u00dfenspiegel eines Mitsubishi, dessen 27-j\u00e4hrige Fahrerin dabei im Auto sa\u00df. Ohne sich um den Schaden in H\u00f6he von mehreren Hundert Euro zu k\u00fcmmern, entfernte sich der Fahrer eines vermutlich wei\u00dfen Kleinewagens ohne anzuhalten von der Unfallstelle. Zeugen, die den Unfall bemerkt haben und sachdienliche Hinweise geben k\u00f6nnen, werden gebeten sich unter Telefon 0621\/718490 beim Polizeirevier Mannheim-K\u00e4fertal zu melden.<\/p>\n\n\n\n<h4 class=\"wp-block-heading\">(Mannheim-K\u00e4fertal) &#8211; Geburtstagsfeier findet ein schnelles Ende<\/h4>\n\n\n\n<p>Ein schnelles Ende fand am Montagabend eine Geburtstagsfeier im Stadtteil K\u00e4fertal. Gegen 20.30 Uhr beschwerten sich Bewohner eines Mehrfamilienhauses in der Wormser Stra\u00dfe \u00fcber lauten Partyl\u00e4rm in einer Wohnung im ersten Obergeschoss. Beim Eintreffen einer Polizeistreife konnten die Beamten bereits auf der Stra\u00dfe laute Musik und lautstarke Unterhaltungen mehrerer Personen wahrnehmen. An der T\u00fcr der Wohnung, von der der L\u00e4rm ausging, hing ein Zettel, auf dem auf eine Geburtstagsfeier hingewiesen wurde. Erst nach mehrmaligem Klingeln und Klopfen wurde den Ordnungsh\u00fctern ge\u00f6ffnet. In der Wohnung befanden sich insgesamt 15 Erwachsene, zwei Kinder und eine Jugendliche, die dort lautstark feierten.<\/p>\n\n\n\n<p>Der Wohnungsinhaber war zun\u00e4chst uneinsichtig und wollte die Party fortsetzen, da er ja schlie\u00dflich f\u00fcr diese bezahlen m\u00fcsse. Nach l\u00e4ngerer Diskussion konnte er jedoch, auch mithilfe seiner G\u00e4ste, \u00fcberzeugt werden, die Feier zu beenden. Die G\u00e4ste verlie\u00dfen darauf die Wohnung und die Musik wurde abgestellt. Sowohl der Gastgeber als auch seine vollj\u00e4hrigen G\u00e4ste sehen nun einem Bu\u00dfgeld wegen Versto\u00dfes gegen die CoronaVO entgegen.<\/p>\n\n\n\n<h4 class=\"wp-block-heading\">(Mannheim \/ Heidelberg \/ Rhein-Neckar-Kreis) &#8211; Ergebnis Schwerpunktkontrollen &#8222;Gurtanlegepflicht&#8220; \/ Immer noch viel zu viele Verst\u00f6\u00dfe<\/h4>\n\n\n\n<p>Im Rahmen der Schwerpunktwoche &#8222;Gurtkontrollen&#8220; vom 08.03.2021 bis zum 14.03.2021 f\u00fchrte das Polizeipr\u00e4sidium in Mannheim, Heidelberg und im Rhein-Neckar-Kreis t\u00e4glich Sonderstreifen und Kontrollstellen zur \u00dcberwachung der Gurtpflicht durch. Dabei stand auch die Sicherung der Kinder, die Helmtragepflicht bei Motorradfahrern und die Benutzung von elektronischen Ger\u00e4ten, wie Mobiltelefon oder Navigationsger\u00e4t, w\u00e4hrend der Fahrt im Fokus.<\/p>\n\n\n\n<p>&#8222;Wir haben die Woche \u00fcber im Rahmen unserer Verkehrskontrollen intensiv die Gurtanlegepflicht kontrolliert. Dabei mussten wir 433 Verst\u00f6\u00dfe gegen die Gurtpflicht feststellen. Das sind definitiv deutlich zu viele. Nicht nur, weil es bereits seit 45 Jahren die Gurtpflicht in Deutschland gibt, sondern vor allem deshalb, weil der Sicherheitsgurt noch immer der Lebensretter Nummer Eins auf Deutschlands Stra\u00dfen ist &#8211; noch vor dem Airbag. Bei den im Jahr 2020 registrierten 23 t\u00f6dlichen Verkehrsunf\u00e4llen im gesamten Zust\u00e4ndigkeitsbereich des Polizeipr\u00e4sidiums Mannheim, einschlie\u00dflich der Bundesautobahnen, waren 11 der Verkehrsunfallopfer nicht angeschnallt oder haben den erforderlichen Schutzhelm nicht getragen. Unfallforscher sch\u00e4tzen, dass der Sicherheitsgurt alle sieben Sekunden ein Menschenleben rettet. Der Sicherheitsgurt kann den Menschen aber nur sch\u00fctzen, wenn er den Gurt umgelegt hat&#8220;, so Polizeipr\u00e4sident Andreas Stenger. &#8222;Besonders erschreckend fand ich, dass auch 37 Kinder ohne Sicherung im Auto mitfuhren. Das ist einfach nur unverantwortlich und im h\u00f6chsten Ma\u00dfe fahrl\u00e4ssig&#8220;, so Stenger weiter in Richtung der Fahrzeugf\u00fchrer, deren Verantwortung es ist, Kinder richtig zu sichern.<\/p>\n\n\n\n<p>W\u00e4hrend der Schwerpunktwoche wurden nachfolgende Feststellungen getroffen:<\/p>\n\n\n\n<ul><li>Insgesamt 99 Kontrollaktionen in Mannheim, Heidelberg und dem Rhein-Neckar-Kreis, sowie auf den Autobahnen<\/li><li>Einsatz von rund 370 Beamten<\/li><li>433 Verst\u00f6\u00dfe gegen die Gurtpflicht<\/li><li>37 Kinder fuhren ohne entsprechende Sicherung im Auto mit<\/li><li>3 Motorradfahrer trugen nicht den vorgeschriebenen Schutzhelm<\/li><li>448 Verkehrsteilnehmer benutzten verbotswidrig ihr Mobiltelefon w\u00e4hrend der Fahrt<\/li><li>103 weitere Verst\u00f6\u00dfe gegen verkehrsrechtliche Bestimmungen<\/li><\/ul>\n\n\n\n<p>Wir weisen darauf hin, dass das Polizeipr\u00e4sidium Mannheim Kontrollen dieser Art unabh\u00e4ngig landesweiter Schwerpunktwochen st\u00e4ndig durchf\u00fchrt, sodass man zu jeder Zeit und an jedem Ort mit einer Kontrolle rechnen muss.<\/p>\n\n\n\n<h4 class=\"wp-block-heading\">(Heidelberg) &#8211; Fahrradfahrer gestreift \/ Aggressive Autofahrerin fl\u00fcchtet von der Unfallstelle &#8211; weitere Zeugen gesucht<\/h4>\n\n\n\n<p>Weitere Zeugen eines Verkehrsunfalls, der sich am Montag kurz nach 8 Uhr an der Einm\u00fcndung Dossenheimer Landstra\u00dfe\/An der Tiefburg ereignete, sucht die Polizei. Ein 35-j\u00e4hriger Radfahrer wartete an der Einm\u00fcndung verkehrsbedingt hinter einem Auto, dessen Fahrer nach links abbiegen wollte. Als eine nachfolgende Fahrerin eines VW Golf hupte, drehte sich der Radfahrer um und wurde von dem rechts vorbeifahrenden VW Golf gestreift. Durch die Ber\u00fchrung st\u00fcrzte der Radfahrer zu Boden und zog sich eine Sch\u00fcrfwunde zu. Nach dem Unfall stieg die Fahrerin aus und ging den Radfahrer aggressiv verbal an. Anschlie\u00dfend setzte sich die Frau wieder hinter das Steuer und entfernte sich vom Unfallort. Zeugen konnten das Kennzeichen ablesen und dies der Polizei mitteilen.<\/p>\n\n\n\n<p>Die Fahrerin wird wie folgt beschrieben: <\/p>\n\n\n\n<ul><li>Ende 30 bis Anfang 40 Jahre alt<\/li><li>schlank<\/li><li>ca. 165 -170 cm gro\u00df<\/li><li>dunkle lockige Haare<\/li><li>sie soll eine lange, grau\/beigefarbene Jacke getragen haben.<\/li><\/ul>\n\n\n\n<p>Weitere Zeugen, die den Unfall beobachtet haben, werden gebeten sich unter Telefon 0621\/174-4111 bei der Verkehrspolizei in Heidelberg zu melden.<\/p>\n\n\n\n<h4 class=\"wp-block-heading\">(Heidelberg) &#8211; Beim R\u00fcckw\u00e4rtsfahren auf Parkplatz \u00e4lteres Ehepaar angefahren \/ Zwei Leichtverletzte<\/h4>\n\n\n\n<p>Bei einem Unfall am Montag gegen 7.35 Uhr auf dem Parkplatz eines Discounters in der Freiburger Stra\u00dfe wurde ein Ehepaar, beide im Alter von 83-Jahren, angefahren und leicht verletzt. Eine 59-j\u00e4hrige Autofahrerin hatte beim R\u00fcckw\u00e4rtsfahrern w\u00e4hrend eines Parkvorgangs das sich hinter dem Auto befindliche Ehepaar nicht bemerkt. Durch den Zusammensto\u00df kamen die Fu\u00dfg\u00e4nger zu Fall. Beide Verletzten wurden zur Untersuchung in ein Krankenhaus eingeliefert.<\/p>\n\n\n\n<h4 class=\"wp-block-heading\">(Heidelberg-Bergheim) &#8211; Zum wiederholten Male mit Alkohol am Steuer \/ 55-J\u00e4hriger auf Roller kontrolliert<\/h4>\n\n\n\n<p>Einer Streife des Polizeireviers Heidelberg-Mitte fiel am Montagabend der Fahrer eines Motorrollers auf. Dieser fuhr in Schlangenlinien auf der Kurf\u00fcrsten-Anlage entlang. W\u00e4hrend der Kontrolle fiel den Beamten deutlicher Alkoholgeruch auf. Ein freiwilliger Alkoholtest ergab einen Wert von knapp 1,5 Promille. Zus\u00e4tzlich stellten die Beamten fest, dass der Mann nicht mehr im Besitz einer Fahrerlaubnis ist, da er bereits vergangenes Jahr mit Alkohol am Steuer erwischt wurde.<\/p>\n\n\n\n<p>Der Mann gelangt nun wegen Trunkenheit am Steuer zur Anzeige. Die Ermittlungen bez\u00fcglich seiner Fahrerlaubnis dauern an.<\/p>\n\n\n\n<h4 class=\"wp-block-heading\">(Heidelberg-Ziegelhausen) &#8211; Versuchter Betrug durch falschen Bankmitarbeiter \/ Tipps ihrer Polizei<\/h4>\n\n\n\n<p>Bei einer 68-J\u00e4hrigen meldete sich vergangenen Montag telefonisch ein angeblicher Bankmitarbeiter. Dieser teilte der Frau mit, dass von ihrem Konto zweimal eine vierstellige Geldsumme zugunsten eines Online-Modeshops abgebucht wurde.<\/p>\n\n\n\n<p>Nach Weitergabe des Gespr\u00e4chs an einen &#8222;Kollegen&#8220; gab dieser an, man k\u00f6nne die Betr\u00e4ge zur\u00fcckbuchen, wenn die Dame ihm ihre Konto-Geheimzahl mitteile. Nachdem die Dame ge\u00e4u\u00dfert hatte, sich erst bei ihrer Bank zu erkundigen, wurde das Gespr\u00e4ch durch die Anrufer beendet. Die Kriminalpolizei ermittelt nun.<\/p>\n\n\n\n<p>Tipps ihrer Polizei, wenn sie \u00e4hnliche oder dieselben Anrufe erhalten:<\/p>\n\n\n\n<ul><li>Rufen sie beim geringsten Zweifel bei der Beh\u00f6rde (auch Bank) an, von der die angeblichen Mitarbeiter kommen. Suchen sie sich die Telefonnummer der Beh\u00f6rde (Bank) selbst heraus<\/li><li>Ihre Bank wird sie niemals am Telefon zur Herausgabe von Geheimzahlen bitten<\/li><li>Geben sie am Telefon keine Details zu ihren finanziellen Verh\u00e4ltnissen preis<\/li><li>\u00dcbergeben sie niemals Geld an unbekannte Personen<\/li><li>Lassen Sie sich am Telefon nicht unter Druck setzen. Legen Sie einfach auf.<\/li><\/ul>\n\n\n\n<h4 class=\"wp-block-heading\">(Heidelberg-Handschuhsheim) &#8211; Einbruch in Schwimmhalle \/ Polizei sucht Zeugen<\/h4>\n\n\n\n<p>In der Zeit zwischen Donnerstag, 11.03.2021, 22:30 Uhr und Sonntag, 14.03.2021, 16:30 Uhr kam es zu einem Einbruch in die Schwimmhalle (Geb\u00e4ude 710) des Olympiast\u00fctzpunktes im Neuenheimer Feld. Bislang unbekannte T\u00e4ter verschafften sich Zutritt zu der Halle und versuchten dort mehrere Spinde einer Umkleidekabine aufzubrechen. Entwendet wurde nach jetzigem Kenntnisstand nichts.<\/p>\n\n\n\n<p>Zeugen, die sachdienliche Hinweise geben k\u00f6nnen, werden gebeten, sich unter Tel.: 06221-45690 beim Polizeirevier Heidelberg-Nord zu melden.<\/p>\n\n\n\n<h4 class=\"wp-block-heading\">(A 6 \/ Gem. Hockenheim \/ Rhein-Neckar-Kreis) &#8211; Verkehrsunfall auf A 6; Rettungshubschrauber auf Anflug; kurzfristige Vollsperrung<\/h4>\n\n\n\n<h4 class=\"wp-block-heading\" style=\"text-align:center\">Pressemitteilung Nr. 1<\/h4>\n\n\n\n<p>Eine Autofahrerin war am sp\u00e4ten Dienstagvormittag auf der A 6 in Richtung Heilbronn unterwegs. Kurz vor dem Dreieck Hockenheim kam sie aus bislang unbekannten Gr\u00fcnden nach rechts von der Fahrbahn ab und streifte die Leitplanken bis zum Stillstand entlang. Nach den ersten Erkenntnissen k\u00f6nnte ein medizinischer Notfall vorliegen, weshalb ein Rettungshubschrauber angefordert wurde. Dieser landete gegen 12.15 Uhr, weshalb die A 6 derzeit noch voll gesperrt ist.<\/p>\n\n\n\n<h4 class=\"wp-block-heading\">(A 6 \/ Gem. Hockenheim \/ Rhein-Neckar-Kreis) &#8211; Verkehrsunfall auf A 6; Vollsperrung aufgehoben<\/h4>\n\n\n\n<h4 class=\"wp-block-heading\" style=\"text-align:center\">Pressemitteilung Nr. 2<\/h4>\n\n\n\n<p>Die kurzfristige Vollsperrung wegen des Landens eines Rettungshubschraubers auf der A 6, kurz vor dem Dreieck Hockenheim, ist seit 12.40 Uhr aufgehoben. Die Autofahrerin, die wegen eines medizinischen Notfalls die Leitplanken streifte, wurde mit einem Rettungswagen in eine Klinik gebracht. Ein Abtransport im Heli war nicht erforderlich. Ihr Fahrzeug wurde abgeschleppt, sodass die A 6 in Richtung Heilbronn kurz nach 13 Uhr wieder frei befahrbar war.<\/p>\n\n\n\n<h4 class=\"wp-block-heading\">(Sinsheim \/ Rhein-Neckar-Kreis) &#8211; Vier Leichtverletzte bei Auffahrunfall mit vier Fahrzeugen \/ Sachschaden ca. 10.000 Euro<\/h4>\n\n\n\n<p>Bei einem Auffahrunfall am Montag um 16.15 Uhr an der Einm\u00fcndung B 39\/Lochbergstra\u00dfe wurden alle vier Beteiligten leicht verletzt. Insgesamt entstand ein Sachschaden von ca. 10.000 Euro. Ein 31-j\u00e4hriger Fahrer eines Klein-Lkw war auf der B 39 von Kirchardt in Richtung Sinsheim unterwegs und fuhr auf den BMW eines 19-J\u00e4hrigen auf, der wegen Gegenverkehr hatte anhalten m\u00fcssen. Durch die Wucht des Aufpralls wurde der BMW auf einen davorstehenden Renault einer 44-J\u00e4hrigen und dieser weiter gegen einen Ford einer 54-j\u00e4hrigen Fahrerin geschoben.<\/p>\n\n\n\n<h4 class=\"wp-block-heading\">(Sinsheim \/ Rhein-Neckar-Kreis) &#8211; Von der Fahrbahn abgekommen \/ 42-J\u00e4hriger verursacht Unfall<\/h4>\n\n\n\n<p>Vergangenen Montag, gegen 11 Uhr, kam ein 42-J\u00e4hriger mit seinem Mercedes von der Fahrbahn ab. Er fuhr auf der L 592 aus Sinsheim-Reihen kommend, in Richtung Ittlingen und kam vermutlich aus Unachtsamkeit von der Fahrbahn ab. Hierdurch entstand sowohl Flurschaden in bislang unbekannter H\u00f6he, als auch ein Schaden von ca. 8.000\u00a0EUR am Fahrzeug des Mannes, das abgeschleppt werden musste. Der Mann selbst blieb unverletzt.<\/p>\n\n\n\n<h4 class=\"wp-block-heading\">(Sinsheim-Hoffenheim \/ Rhein-Neckar-Kreis) &#8211; Unfall im Ortskern; keine Verletzte<\/h4>\n\n\n\n<p>Am Montagnachmittag kam es im Ortskern zu einem Verkehrsunfall, bei dem es gl\u00fccklicherweise beim Sachschaden blieb.<\/p>\n\n\n\n<p>Gegen 16.30 Uhr bog ein 83-j\u00e4hriger Mercedes-Fahrer von der Eschelbacher Stra\u00dfe auf die Sinsheimer Stra\u00dfe ein und \u00fcbersah dabei die Vorfahrt eines 21-j\u00e4hrigen Audi-Fahrers, der in Richtung Sinsheim unterwegs war.<\/p>\n\n\n\n<p>Der Sachschaden betr\u00e4gt mehrere tausend Euro. Es kam zu geringen Verkehrsbehinderungen.<\/p>\n\n\n\n<h4 class=\"wp-block-heading\">(Waibstadt \/ Rhein-Neckar-Kreis) &#8211; Geburtstag feiern zu Zeiten von Corona \/ So wird&#8217;s eine &#8222;runde&#8220; Sache<\/h4>\n\n\n\n<div class=\"wp-block-image\"><figure class=\"aligncenter\"><img decoding=\"async\" loading=\"lazy\" width=\"800\" height=\"580\" src=\"https:\/\/speyer24news.com\/wp-content\/uploads\/2021\/03\/birthday-1835443_1920.jpg\" alt=\"\" class=\"wp-image-34187\" srcset=\"https:\/\/speyer24news.com\/wp-content\/uploads\/2021\/03\/birthday-1835443_1920.jpg 800w, https:\/\/speyer24news.com\/wp-content\/uploads\/2021\/03\/birthday-1835443_1920-300x218.jpg 300w, https:\/\/speyer24news.com\/wp-content\/uploads\/2021\/03\/birthday-1835443_1920-768x557.jpg 768w\" sizes=\"(max-width: 800px) 100vw, 800px\" \/><\/figure><\/div>\n\n\n\n<p>Viele Menschen stellen sich das Feiern, insbesondere von sogenannten &#8222;runden&#8220; Geburtstagen anders vor und m\u00fcssen sich nun in Corona-Zeiten anders organisieren. Diese Erfahrung musste auch eine Waibstadterin machen, die am 15. M\u00e4rz ihren 50. Geburtstag feierte.<\/p>\n\n\n\n<p>Passanten hatten zun\u00e4chst das Polizeirevier Sinsheim dar\u00fcber informiert, dass in der Danziger Stra\u00dfe eine gr\u00f6\u00dfere Party gefeiert werden w\u00fcrde. Vor Ort stellten die Beamten allerdings ein anderes Bild fest. Feiern: ja, Corona-Verst\u00f6\u00dfe: nein.<\/p>\n\n\n\n<p>Verwandte, Freunde und Kollegen der Waibstadterin zeigten am sp\u00e4ten Montagnachmittag Kreativit\u00e4t und lie\u00dfen die &#8222;Neu-F\u00fcnfzigerin&#8220; auf andere Art und Weise hochleben &#8211; ein Geburtstagsgru\u00df im Freien unter Beachtung des Mindestabstandes und Anbringen von Luftballons.<\/p>\n\n\n\n<p>Sicherlich kein Ersatz f\u00fcr ein rauschendes Fest, aber die Jubilarin d\u00fcrfte ger\u00fchrt gewesen sein. Auch die herzlichen Geburtstagsgr\u00fc\u00dfe der Polizeibeamten zum F\u00fcnfzigsten d\u00fcrften in Erinnerung bleiben.<\/p>\n\n\n\n<h4 class=\"wp-block-heading\">(Eberbach-Pleutersbach \/ Rhein-Neckar-Kreis) &#8211; Nach Verkehrsunfall \/ Zwei Jugendliche des Fahrraddiebstahls \u00fcberf\u00fchrt<\/h4>\n\n\n\n<p>Am fr\u00fchen Montagmorgen ereignete sich auf der L 595 zwischen Pleutersbach und Allem\u00fchl ein Verkehrsunfall bei dem ein 16-J\u00e4hriger von einem 63-j\u00e4hrigen Sprinterfahrer angefahren und leicht verletzt wurde. Der Jugendliche war in Begleitung eines ebenfalls 16-J\u00e4hrigen zu Fu\u00df auf der Landstra\u00dfe unterwegs und wurde von dem Sprinterfahrer \u00fcbersehen.<\/p>\n\n\n\n<p>Beide Jugendliche f\u00fchrten Fahrr\u00e4der mit sich, der Verletzte ein Damenrad und sein Begleiter ein Kinderrad. Da dies den eingesetzten Beamten des Polizeireviers Eberbach verd\u00e4chtig vorkam, stellten sie die Fahrr\u00e4der vorerst sicher. Noch am Abend meldete eine Frau aus Pleutersbach dem Polizeirevier Eberbach den Diebstahl des Fahrrades ihrer Tochter. Des Weiteren sei ihrer Nachbarin das Fahrrad entwendet worden.<\/p>\n\n\n\n<p>Bei den entwendeten Fahrr\u00e4dern handelt es sich nach ersten Erkenntnissen zweifelsfrei um die R\u00e4der, welche die beiden Jugendlichen mit sich f\u00fchrten. Beide gelangen nun wegen Fahrraddiebstahls zur Anzeige.<\/p>\n\n\n\n<h4 class=\"wp-block-heading\">(Ladenburg \/ Rhein-Neckar-Kreis) &#8211; Einbruch in Kellerraum \/ Polizei sucht Zeugen<\/h4>\n\n\n\n<p>In der Zeit zwischen Samstag, 13. M\u00e4rz und Montag, 15. M\u00e4rz brachen unbekannte T\u00e4ter in einen verschlossenen Kellerraum eines unbezogenen Neubaus in Ladenburg ein. Die Einbrecher begaben sich zun\u00e4chst auf das Baustellengel\u00e4nde in der Stra\u00dfe &#8222;An der Hockenwiese&#8220;. Mittels Bohrmaschine und Hebelwerkzeug brachen sie anschlie\u00dfend die Stahlt\u00fcr eines Lagerraums im Keller auf. Nach derzeitigem Erkenntnisstand wurde aus dem Raum jedoch nichts entwendet, allerdings richteten die Einbrecher Sachschaden in H\u00f6he von rund 1.500 Euro an.<\/p>\n\n\n\n<p>Zeugen, denen Verd\u00e4chtiges aufgefallen ist und die sachdienliche Hinweise geben k\u00f6nnen, werden gebeten, sich beim Polizeirevier Ladenburg, Tel.: 06203\/9305-0 zu melden.<\/p>\n","protected":false},"excerpt":{"rendered":"<div class=\"mh-excerpt\"><p>Polizeimeldungen vom Dienstag (16.03.2021) (Speyer) &#8211; Kontrollen im Stadtgebiet Durch Beamte der Polizei Speyer wurden am Montagabend zwei Kontrollstellen im Stadtgebiet eingerichtet. Zwischen 20:00 Uhr und 20:20 Uhr wurde in der Waldseer Stra\u00dfe der Fahrradverkehr <a class=\"mh-excerpt-more\" href=\"https:\/\/speyer24news.com\/?p=34184\" title=\"Polizei\">[&#8230;]<\/a><\/p>\n<\/div>","protected":false},"author":3,"featured_media":0,"comment_status":"open","ping_status":"open","sticky":false,"template":"","format":"standard","meta":{"_monsterinsights_skip_tracking":false,"_monsterinsights_sitenote_active":false,"_monsterinsights_sitenote_note":"","_monsterinsights_sitenote_category":0,"footnotes":""},"categories":[12],"tags":[3614,61,2555,6955,6986,6263,63,105,6987,53,4854,4683,1548,102,213,55,5261,103,106,2803,2423,427,2625,380,104,979,1565],"aioseo_notices":[],"amp_enabled":true,"_links":{"self":[{"href":"https:\/\/speyer24news.com\/index.php?rest_route=\/wp\/v2\/posts\/34184"}],"collection":[{"href":"https:\/\/speyer24news.com\/index.php?rest_route=\/wp\/v2\/posts"}],"about":[{"href":"https:\/\/speyer24news.com\/index.php?rest_route=\/wp\/v2\/types\/post"}],"author":[{"embeddable":true,"href":"https:\/\/speyer24news.com\/index.php?rest_route=\/wp\/v2\/users\/3"}],"replies":[{"embeddable":true,"href":"https:\/\/speyer24news.com\/index.php?rest_route=%2Fwp%2Fv2%2Fcomments&post=34184"}],"version-history":[{"count":1,"href":"https:\/\/speyer24news.com\/index.php?rest_route=\/wp\/v2\/posts\/34184\/revisions"}],"predecessor-version":[{"id":34188,"href":"https:\/\/speyer24news.com\/index.php?rest_route=\/wp\/v2\/posts\/34184\/revisions\/34188"}],"wp:attachment":[{"href":"https:\/\/speyer24news.com\/index.php?rest_route=%2Fwp%2Fv2%2Fmedia&parent=34184"}],"wp:term":[{"taxonomy":"category","embeddable":true,"href":"https:\/\/speyer24news.com\/index.php?rest_route=%2Fwp%2Fv2%2Fcategories&post=34184"},{"taxonomy":"post_tag","embeddable":true,"href":"https:\/\/speyer24news.com\/index.php?rest_route=%2Fwp%2Fv2%2Ftags&post=34184"}],"curies":[{"name":"wp","href":"https:\/\/api.w.org\/{rel}","templated":true}]}}