{"id":34243,"date":"2021-03-18T06:21:12","date_gmt":"2021-03-18T05:21:12","guid":{"rendered":"https:\/\/speyer24news.com\/?p=34243"},"modified":"2021-03-18T06:21:12","modified_gmt":"2021-03-18T05:21:12","slug":"speyer-57","status":"publish","type":"post","link":"https:\/\/speyer24news.com\/?p=34243","title":{"rendered":"Speyer"},"content":{"rendered":"<style type=\"text\/css\">\r\n\t.ads_top_disp{}\r\n\t.ads_top_corner_disp{ float:left; margin:0px 10px 10px 0px; }\r\n\t.ads_first_p_disp{}\r\n\t.ads_bottom_disp{}\r\n\t<\/style>\n<h2 class=\"wp-block-heading\"><strong>Stadt erm\u00f6glicht schnelle Hilfen f\u00fcr Gewerbetreibende<\/strong><\/h2>\n\n\n\n<figure class=\"wp-block-image\"><img decoding=\"async\" loading=\"lazy\" width=\"768\" height=\"551\" src=\"https:\/\/speyer24news.com\/wp-content\/uploads\/2021\/01\/Geld.jpg\" alt=\"\" class=\"wp-image-31982\" srcset=\"https:\/\/speyer24news.com\/wp-content\/uploads\/2021\/01\/Geld.jpg 768w, https:\/\/speyer24news.com\/wp-content\/uploads\/2021\/01\/Geld-300x215.jpg 300w\" sizes=\"(max-width: 768px) 100vw, 768px\" \/><\/figure>\n\n\n\n<p>Die Stadt Speyer hat beschlossen, die Freisitzgeb\u00fchren sowie die Sondernutzungsgeb\u00fchren f\u00fcr Warenauslagen von Gesch\u00e4ften f\u00fcr das gesamte Jahr 2021 zu erlassen. Die Geb\u00fchrenfreiheit soll sowohl f\u00fcr bestehende, als auch f\u00fcr alle neu beantragten Sondernutzungserlaubnisse gelten.<\/p>\n\n\n\n<p>\u201eGastronomie wie Einzelhandel m\u00fcssen seit einem Jahr und insbesondere nach dem zweiten Lockdown erhebliche wirtschaftliche Einbu\u00dfe verzeichnen. Daher hat die Stadt bereits im Jahr 2020 mehrere Monate Mietfreiheit f\u00fcr Gewerbe in st\u00e4dtischen R\u00e4umlichkeiten gew\u00e4hrt\u201c, wie Oberb\u00fcrgermeisterin Stefanie Seiler darlegt.<\/p>\n\n\n\n<p>So wurden im Rahmen des ersten Lockdowns im Jahr 2020 insgesamt 53.210 Euro und\u00a0im Jahr 2021\u00a0mit dem zweiten Lockdown\u00a098.551 Euro an Mietgeb\u00fchren erlassen. Die Minderung der Mieten im Jahr 2021 entspricht der H\u00f6he von knapp einem Drittel der Gesamtjahresmiete.<\/p>\n\n\n\n<figure class=\"wp-block-image\"><img decoding=\"async\" loading=\"lazy\" width=\"800\" height=\"598\" src=\"https:\/\/speyer24news.com\/wp-content\/uploads\/2021\/03\/lockdown-5551899_1920.jpg\" alt=\"\" class=\"wp-image-34245\" srcset=\"https:\/\/speyer24news.com\/wp-content\/uploads\/2021\/03\/lockdown-5551899_1920.jpg 800w, https:\/\/speyer24news.com\/wp-content\/uploads\/2021\/03\/lockdown-5551899_1920-300x224.jpg 300w, https:\/\/speyer24news.com\/wp-content\/uploads\/2021\/03\/lockdown-5551899_1920-768x574.jpg 768w, https:\/\/speyer24news.com\/wp-content\/uploads\/2021\/03\/lockdown-5551899_1920-326x245.jpg 326w, https:\/\/speyer24news.com\/wp-content\/uploads\/2021\/03\/lockdown-5551899_1920-80x60.jpg 80w\" sizes=\"(max-width: 800px) 100vw, 800px\" \/><\/figure>\n\n\n\n<p>\u201eDamit m\u00f6chte die Stadt den durch die Pandemie stark gebeutelten Branchen Unterst\u00fctzung bieten. Auch wenn im Fr\u00fchjahr und Sommer diesen Jahres die Gastronomie wieder \u00f6ffnen k\u00f6nnen sollte, wird dies sicherlich mit erheblichen Einschr\u00e4nkungen verbunden sein. Die Nutzung der Au\u00dfenfl\u00e4chen wird daher eine wichtige Rolle einnehmen, die nicht durch Geb\u00fchren belastet werden sollte\u201c, erl\u00e4utert Oberb\u00fcrgermeisterin Stefanie Seiler die Entscheidung, auch die Freisitzgeb\u00fchren zu erlassen. \u201eDa der Einzelhandel inzwischen wieder \u2013 zumindest tempor\u00e4r \u2013 f\u00fcr Laufkundschaft ge\u00f6ffnet hat, soll auch die Warenauslage nicht durch die Entstehung von Kosten beeintr\u00e4chtigt werden. Wir verstehen die existenziellen Sorgen und N\u00f6te der Einzelh\u00e4ndlerinnen und Einzelh\u00e4ndler und versuchen, wo immer es m\u00f6glich ist, Entlastung zu bieten.\u201c<\/p>\n\n\n\n<p>Jenen Gewerbetreibenden, die die Geb\u00fchr bereits bezahlt haben, wird diese selbstverst\u00e4ndlich erstattet.<\/p>\n\n\n\n<p><em>Stadtverwaltung Speyer<br>18.03.2021<\/em><\/p>\n\n\n\n<h2 class=\"wp-block-heading\"><strong>Blumenbeet als Abk\u00fcrzung genutzt<\/strong><\/h2>\n\n\n\n<div class=\"wp-block-image\"><figure class=\"aligncenter\"><img decoding=\"async\" loading=\"lazy\" width=\"800\" height=\"534\" src=\"https:\/\/speyer24news.com\/wp-content\/uploads\/2021\/03\/Beet.jpg\" alt=\"\" class=\"wp-image-34244\" srcset=\"https:\/\/speyer24news.com\/wp-content\/uploads\/2021\/03\/Beet.jpg 800w, https:\/\/speyer24news.com\/wp-content\/uploads\/2021\/03\/Beet-300x200.jpg 300w, https:\/\/speyer24news.com\/wp-content\/uploads\/2021\/03\/Beet-768x513.jpg 768w\" sizes=\"(max-width: 800px) 100vw, 800px\" \/><\/figure><\/div>\n\n\n\n<p>Die Abteilung Stadtgr\u00fcn hat in den letzten Wochen insgesamt viermal festgestellt, dass die Wechselflorfl\u00e4che in der Landauer Stra\u00dfe offenbar mutwillig von Autofahrer*innen als Abk\u00fcrzung genutzt wurde. Dabei wurden mehrfach frisch bepflanzte Blumen zerst\u00f6rt &#8211; in dieser Woche die erst k\u00fcrzlich gesetzten Hornveilchen.<\/p>\n\n\n\n<p>\u201eDie Abteilung Stadtgr\u00fcn steckt viel Aufwand und Energie in die Versch\u00f6nerung des Stadtbildes durch liebevoll gestaltete Bl\u00fchstreifen und Blumenbeete. Dass ihre Arbeit mutwillig zerst\u00f6rt wird, ist mehr als bedauerlich und zeugt von wenig Gemeinschaftssinn und Respekt f\u00fcr die Arbeit anderer\u201c, so Oberb\u00fcrgermeisterin Stefanie Seiler.<\/p>\n\n\n\n<p>Sabine Wilke, Leiterin der Abteilung Stadtgr\u00fcn, dr\u00fcckt aus, was sie und ihre Kolleg*innen empfinden: \u201eWir sind einfach nur traurig\u201c.<\/p>\n\n\n\n<p>Sollten B\u00fcrger*innen eine Beobachtung in Zusammenhang mit der Zerst\u00f6rung der Blumenbeete gemacht haben, werden diese gebeten, sich per Mail unter <a href=\"stadtgruen@stadt-speyer.de\">stadtgruen@stadt-speyer.de<\/a> mit der Stadtverwaltung in Verbindung zu setzen.<\/p>\n\n\n\n<p><em>Stadtverwaltung Speyer<br>18.03.2021<\/em><\/p>\n","protected":false},"excerpt":{"rendered":"<div class=\"mh-excerpt\"><p>Stadt erm\u00f6glicht schnelle Hilfen f\u00fcr Gewerbetreibende Die Stadt Speyer hat beschlossen, die Freisitzgeb\u00fchren sowie die Sondernutzungsgeb\u00fchren f\u00fcr Warenauslagen von Gesch\u00e4ften f\u00fcr das gesamte Jahr 2021 zu erlassen. Die Geb\u00fchrenfreiheit soll sowohl f\u00fcr bestehende, als auch <a class=\"mh-excerpt-more\" href=\"https:\/\/speyer24news.com\/?p=34243\" title=\"Speyer\">[&#8230;]<\/a><\/p>\n<\/div>","protected":false},"author":3,"featured_media":32093,"comment_status":"open","ping_status":"open","sticky":false,"template":"","format":"standard","meta":{"_monsterinsights_skip_tracking":false,"_monsterinsights_sitenote_active":false,"_monsterinsights_sitenote_note":"","_monsterinsights_sitenote_category":0,"footnotes":""},"categories":[9],"tags":[10693,6401,6940,6358,6342,10691,10694,6614,10692,6,9443],"aioseo_notices":[],"amp_enabled":true,"_links":{"self":[{"href":"https:\/\/speyer24news.com\/index.php?rest_route=\/wp\/v2\/posts\/34243"}],"collection":[{"href":"https:\/\/speyer24news.com\/index.php?rest_route=\/wp\/v2\/posts"}],"about":[{"href":"https:\/\/speyer24news.com\/index.php?rest_route=\/wp\/v2\/types\/post"}],"author":[{"embeddable":true,"href":"https:\/\/speyer24news.com\/index.php?rest_route=\/wp\/v2\/users\/3"}],"replies":[{"embeddable":true,"href":"https:\/\/speyer24news.com\/index.php?rest_route=%2Fwp%2Fv2%2Fcomments&post=34243"}],"version-history":[{"count":1,"href":"https:\/\/speyer24news.com\/index.php?rest_route=\/wp\/v2\/posts\/34243\/revisions"}],"predecessor-version":[{"id":34246,"href":"https:\/\/speyer24news.com\/index.php?rest_route=\/wp\/v2\/posts\/34243\/revisions\/34246"}],"wp:featuredmedia":[{"embeddable":true,"href":"https:\/\/speyer24news.com\/index.php?rest_route=\/wp\/v2\/media\/32093"}],"wp:attachment":[{"href":"https:\/\/speyer24news.com\/index.php?rest_route=%2Fwp%2Fv2%2Fmedia&parent=34243"}],"wp:term":[{"taxonomy":"category","embeddable":true,"href":"https:\/\/speyer24news.com\/index.php?rest_route=%2Fwp%2Fv2%2Fcategories&post=34243"},{"taxonomy":"post_tag","embeddable":true,"href":"https:\/\/speyer24news.com\/index.php?rest_route=%2Fwp%2Fv2%2Ftags&post=34243"}],"curies":[{"name":"wp","href":"https:\/\/api.w.org\/{rel}","templated":true}]}}