{"id":34284,"date":"2021-03-19T08:00:52","date_gmt":"2021-03-19T07:00:52","guid":{"rendered":"https:\/\/speyer24news.com\/?p=34284"},"modified":"2022-05-29T07:16:40","modified_gmt":"2022-05-29T06:16:40","slug":"oeffentlichkeitsfahndung-7","status":"publish","type":"post","link":"https:\/\/speyer24news.com\/?p=34284","title":{"rendered":"\u00d6ffentlichkeitsfahndung"},"content":{"rendered":"<style type=\"text\/css\">\r\n\t.ads_top_disp{}\r\n\t.ads_top_corner_disp{ float:left; margin:0px 10px 10px 0px; }\r\n\t.ads_first_p_disp{}\r\n\t.ads_bottom_disp{}\r\n\t<\/style>\n<h2 class=\"wp-block-heading\">Supermarkt \u00fcberfallen, Polizei fahndet mit Lichtbildern \/ Zeugen gesucht!<\/h2>\n\n\n\n<h4 class=\"wp-block-heading\" style=\"text-align:center\">Pressemitteilung Nr.2<\/h4>\n\n\n\n<p><strong>(Mannheim-K\u00e4fertal) \u2013 <\/strong>Nach einem Raub\u00fcberfall auf einen Supermarkt am Freitag, den 12.03.2021, fahndet die Polizei mit Lichtbildern nach den T\u00e4tern.<\/p>\n\n\n\n<p>Die beiden abgebildeten M\u00e4nner betraten kurz vor Ladenschluss das Gesch\u00e4ft und bedrohten daraufhin eine Kassiererin mit einer Pistole. Nachdem die T\u00e4ter mehrere hundert Euro aus der Kasse nahmen, fesselten diese zwei Angestellte und fl\u00fcchteten. Wir berichteten:&nbsp;<a rel=\"noreferrer noopener\" target=\"_blank\" href=\"https:\/\/www.presseportal.de\/blaulicht\/pm\/14915\/4862954\">https:\/\/www.presseportal.de\/blaulicht\/pm\/14915\/4862954<\/a><\/p>\n\n\n\n<div class=\"wp-block-image\"><figure class=\"aligncenter\"><img decoding=\"async\" loading=\"lazy\" width=\"500\" height=\"975\" src=\"https:\/\/speyer24news.com\/wp-content\/uploads\/2021\/03\/UT1_Bild1.jpg\" alt=\"\" class=\"wp-image-34281\" srcset=\"https:\/\/speyer24news.com\/wp-content\/uploads\/2021\/03\/UT1_Bild1.jpg 500w, https:\/\/speyer24news.com\/wp-content\/uploads\/2021\/03\/UT1_Bild1-154x300.jpg 154w\" sizes=\"(max-width: 500px) 100vw, 500px\" \/><\/figure><\/div>\n\n\n\n<p><strong>Bescheibung des 1. T\u00e4ter:<\/strong><\/p>\n\n\n\n<ul><li>ca. 20 \u2013 30 Jahre alt<\/li><li>ca. 170 cm gro\u00df<\/li><li>schlanke Statur<\/li><li>auffallend gr\u00fcne Augen<\/li><li>dunkle Hautfarbe<\/li><li>sprach Deutsch ohne Akzent<\/li><li>f\u00fchrt eine wei\u00dfe Plastikt\u00fcte mit sich<\/li><li>komplett schwarz gekleidet (schwarze Kapuze, schwarzer Mundschutz, schwarze Jacke mit Fellkragen, schwarze Hose, schwarze Nike-Schuhe, helle Gartenhandschuhe)<\/li><\/ul>\n\n\n\n<div class=\"wp-block-image\"><figure class=\"aligncenter\"><img decoding=\"async\" loading=\"lazy\" width=\"500\" height=\"856\" src=\"https:\/\/speyer24news.com\/wp-content\/uploads\/2021\/03\/UT2_Bild1.jpg\" alt=\"\" class=\"wp-image-34282\" srcset=\"https:\/\/speyer24news.com\/wp-content\/uploads\/2021\/03\/UT2_Bild1.jpg 500w, https:\/\/speyer24news.com\/wp-content\/uploads\/2021\/03\/UT2_Bild1-175x300.jpg 175w\" sizes=\"(max-width: 500px) 100vw, 500px\" \/><\/figure><\/div>\n\n\n\n<p><strong>Beschreibung des 2. T\u00e4ters:<\/strong><\/p>\n\n\n\n<ul><li>ca. 20 \u2013 30 Jahre alt<\/li><li>ca. 175 \u2013 180 cm gro\u00df<\/li><li>kr\u00e4ftige Statur<\/li><li>breites Gesicht, breiter Kopf<\/li><li>schwarze Haare<\/li><li>bewaffnet mit einer schwarzen Pistole<\/li><li>sprach deutsch ohne Akzent<\/li><li>dunkel gekleidet (schwarze Kapuze, dunkler Pulli mit wei\u00dfem Logo an der linken Brust, schwarze Adidas Jogginghose mit wei\u00dfen Streifen an der Seite sowie Druckkn\u00f6pfen entlang der Au\u00dfenseite des Hosenbeins, schwarze Schuhe, trug Handschuhe)<\/li><\/ul>\n\n\n\n<p>Zeugen, die Hinweise zu den T\u00e4tern oder Tat machen k\u00f6nnen, werden gebeten, sich unter 0621 174-4444 an die ermittelnden Kriminalbeamten des Kriminalkommissariats Mannheim zu wenden.<\/p>\n\n\n\n<p><em>Polizeipr\u00e4sidium Mannheim<br>19.03.2021<\/em><\/p>\n","protected":false},"excerpt":{"rendered":"<div class=\"mh-excerpt\"><p>Supermarkt \u00fcberfallen, Polizei fahndet mit Lichtbildern \/ Zeugen gesucht! Pressemitteilung Nr.2 (Mannheim-K\u00e4fertal) \u2013 Nach einem Raub\u00fcberfall auf einen Supermarkt am Freitag, den 12.03.2021, fahndet die Polizei mit Lichtbildern nach den T\u00e4tern. Die beiden abgebildeten M\u00e4nner <a class=\"mh-excerpt-more\" href=\"https:\/\/speyer24news.com\/?p=34284\" title=\"\u00d6ffentlichkeitsfahndung\">[&#8230;]<\/a><\/p>\n<\/div>","protected":false},"author":3,"featured_media":34196,"comment_status":"open","ping_status":"open","sticky":false,"template":"","format":"standard","meta":{"_monsterinsights_skip_tracking":false,"_monsterinsights_sitenote_active":false,"_monsterinsights_sitenote_note":"","_monsterinsights_sitenote_category":0,"footnotes":""},"categories":[12],"tags":[1751,8604,6338,2388,7967,10726,10725],"aioseo_notices":[],"amp_enabled":true,"_links":{"self":[{"href":"https:\/\/speyer24news.com\/index.php?rest_route=\/wp\/v2\/posts\/34284"}],"collection":[{"href":"https:\/\/speyer24news.com\/index.php?rest_route=\/wp\/v2\/posts"}],"about":[{"href":"https:\/\/speyer24news.com\/index.php?rest_route=\/wp\/v2\/types\/post"}],"author":[{"embeddable":true,"href":"https:\/\/speyer24news.com\/index.php?rest_route=\/wp\/v2\/users\/3"}],"replies":[{"embeddable":true,"href":"https:\/\/speyer24news.com\/index.php?rest_route=%2Fwp%2Fv2%2Fcomments&post=34284"}],"version-history":[{"count":1,"href":"https:\/\/speyer24news.com\/index.php?rest_route=\/wp\/v2\/posts\/34284\/revisions"}],"predecessor-version":[{"id":34285,"href":"https:\/\/speyer24news.com\/index.php?rest_route=\/wp\/v2\/posts\/34284\/revisions\/34285"}],"wp:featuredmedia":[{"embeddable":true,"href":"https:\/\/speyer24news.com\/index.php?rest_route=\/wp\/v2\/media\/34196"}],"wp:attachment":[{"href":"https:\/\/speyer24news.com\/index.php?rest_route=%2Fwp%2Fv2%2Fmedia&parent=34284"}],"wp:term":[{"taxonomy":"category","embeddable":true,"href":"https:\/\/speyer24news.com\/index.php?rest_route=%2Fwp%2Fv2%2Fcategories&post=34284"},{"taxonomy":"post_tag","embeddable":true,"href":"https:\/\/speyer24news.com\/index.php?rest_route=%2Fwp%2Fv2%2Ftags&post=34284"}],"curies":[{"name":"wp","href":"https:\/\/api.w.org\/{rel}","templated":true}]}}