{"id":34293,"date":"2021-03-19T08:18:56","date_gmt":"2021-03-19T07:18:56","guid":{"rendered":"https:\/\/speyer24news.com\/?p=34293"},"modified":"2021-03-19T08:18:56","modified_gmt":"2021-03-19T07:18:56","slug":"speyer-aktuell-53","status":"publish","type":"post","link":"https:\/\/speyer24news.com\/?p=34293","title":{"rendered":"Speyer \/ Aktuell"},"content":{"rendered":"<style type=\"text\/css\">\r\n\t.ads_top_disp{}\r\n\t.ads_top_corner_disp{ float:left; margin:0px 10px 10px 0px; }\r\n\t.ads_first_p_disp{}\r\n\t.ads_bottom_disp{}\r\n\t<\/style>\n<h2 class=\"wp-block-heading\"><strong>St\u00e4dtische Kitas kehren in den eingeschr\u00e4nkten Regelbetrieb zur\u00fcck<\/strong><\/h2>\n\n\n\n<figure class=\"wp-block-image\"><img decoding=\"async\" loading=\"lazy\" width=\"800\" height=\"552\" src=\"https:\/\/speyer24news.com\/wp-content\/uploads\/2021\/03\/IMG_20200516_132726.jpg\" alt=\"\" class=\"wp-image-34294\" srcset=\"https:\/\/speyer24news.com\/wp-content\/uploads\/2021\/03\/IMG_20200516_132726.jpg 800w, https:\/\/speyer24news.com\/wp-content\/uploads\/2021\/03\/IMG_20200516_132726-300x207.jpg 300w, https:\/\/speyer24news.com\/wp-content\/uploads\/2021\/03\/IMG_20200516_132726-768x530.jpg 768w\" sizes=\"(max-width: 800px) 100vw, 800px\" \/><\/figure>\n\n\n\n<p>Aufgrund des erh\u00f6hten Infektionsgeschehens in mehreren Kindertagesst\u00e4tten hat sich der Verwaltungsstab in Abstimmung mit der zust\u00e4ndigen Abteilung dazu entschlossen, die st\u00e4dtischen Kitas <strong>ab Montag, 22. M\u00e4rz 2021<\/strong> wieder in den eingeschr\u00e4nkten Regelbetrieb zu schicken. Das bedeutet, dass wieder komplett in voneinander unabh\u00e4ngigen Betreuungssettings gearbeitet wird. Demnach werden Kinder und Erzieher*innen festen Gruppen zugeordnet &#8211; ein Wechsel zwischen den Gruppen ist dann nicht mehr m\u00f6glich. Im Falle eines Infektionsgeschehens muss so nicht die ganze Einrichtung geschlossen werden und es wird nur die betroffene Gruppe isoliert.<\/p>\n\n\n\n<p>\u201eWir haben mit diesem Modell bereits \u00fcber viele Wochen gute Erfahrungen gemacht, konnten in den meisten F\u00e4llen Einrichtungsschlie\u00dfungen verhindern und so Familien durch ein gesichertes Betreuungsangebot entlasten. Das ist besonders deshalb wichtig, weil den Familien in dieser Pandemie ohnehin sehr viel zugemutet wird\u201c, f\u00fchrt B\u00fcrgermeisterin und Sozialdezernentin Monika Kabs aus. \u201eDurch das System kann es allerdings auch zu Einschr\u00e4nkungen im Betreuungsumfang kommen. Bei einer Unterschreitung des Personalschl\u00fcssels oder best\u00e4tigten SARS-CoV-2-Infektionen in der Kindertagesst\u00e4tte m\u00fcssen wir kurzfristig reagieren und Ma\u00dfnahmen einleiten, die die Betreuung einschr\u00e4nken. Hierf\u00fcr m\u00f6chte ich die Eltern schon vorab und Verst\u00e4ndnis und Unterst\u00fctzung bitten. Ich versichere Ihnen, dass die Mitarbeiterinnen und Mitarbeiter in den Einrichtungen t\u00e4glich alles geben, um eine bestm\u00f6gliche Betreuung dauerhaft zu gew\u00e4hrleisten\u201c.<\/p>\n\n\n\n<p>Die Eltern und Erziehungsberechtigten wurden Donnerstagnachmittag bereits \u00fcber diesen Schritt informiert und werden, sollte eine aktuelle Lage eintreten, selbstverst\u00e4ndlich auf dem Laufenden gehalten.<\/p>\n\n\n\n<p><em>Stadt Speyer<br>19.03.2021<\/em><\/p>\n","protected":false},"excerpt":{"rendered":"<div class=\"mh-excerpt\"><p>St\u00e4dtische Kitas kehren in den eingeschr\u00e4nkten Regelbetrieb zur\u00fcck Aufgrund des erh\u00f6hten Infektionsgeschehens in mehreren Kindertagesst\u00e4tten hat sich der Verwaltungsstab in Abstimmung mit der zust\u00e4ndigen Abteilung dazu entschlossen, die st\u00e4dtischen Kitas ab Montag, 22. M\u00e4rz 2021 <a class=\"mh-excerpt-more\" href=\"https:\/\/speyer24news.com\/?p=34293\" title=\"Speyer \/ Aktuell\">[&#8230;]<\/a><\/p>\n<\/div>","protected":false},"author":3,"featured_media":23902,"comment_status":"open","ping_status":"open","sticky":false,"template":"","format":"standard","meta":{"_monsterinsights_skip_tracking":false,"_monsterinsights_sitenote_active":false,"_monsterinsights_sitenote_note":"","_monsterinsights_sitenote_category":0,"footnotes":""},"categories":[9],"tags":[10731,5216,10733,10734,6,10732],"aioseo_notices":[],"amp_enabled":true,"_links":{"self":[{"href":"https:\/\/speyer24news.com\/index.php?rest_route=\/wp\/v2\/posts\/34293"}],"collection":[{"href":"https:\/\/speyer24news.com\/index.php?rest_route=\/wp\/v2\/posts"}],"about":[{"href":"https:\/\/speyer24news.com\/index.php?rest_route=\/wp\/v2\/types\/post"}],"author":[{"embeddable":true,"href":"https:\/\/speyer24news.com\/index.php?rest_route=\/wp\/v2\/users\/3"}],"replies":[{"embeddable":true,"href":"https:\/\/speyer24news.com\/index.php?rest_route=%2Fwp%2Fv2%2Fcomments&post=34293"}],"version-history":[{"count":1,"href":"https:\/\/speyer24news.com\/index.php?rest_route=\/wp\/v2\/posts\/34293\/revisions"}],"predecessor-version":[{"id":34295,"href":"https:\/\/speyer24news.com\/index.php?rest_route=\/wp\/v2\/posts\/34293\/revisions\/34295"}],"wp:featuredmedia":[{"embeddable":true,"href":"https:\/\/speyer24news.com\/index.php?rest_route=\/wp\/v2\/media\/23902"}],"wp:attachment":[{"href":"https:\/\/speyer24news.com\/index.php?rest_route=%2Fwp%2Fv2%2Fmedia&parent=34293"}],"wp:term":[{"taxonomy":"category","embeddable":true,"href":"https:\/\/speyer24news.com\/index.php?rest_route=%2Fwp%2Fv2%2Fcategories&post=34293"},{"taxonomy":"post_tag","embeddable":true,"href":"https:\/\/speyer24news.com\/index.php?rest_route=%2Fwp%2Fv2%2Ftags&post=34293"}],"curies":[{"name":"wp","href":"https:\/\/api.w.org\/{rel}","templated":true}]}}