{"id":34313,"date":"2021-03-20T07:46:25","date_gmt":"2021-03-20T06:46:25","guid":{"rendered":"https:\/\/speyer24news.com\/?p=34313"},"modified":"2021-03-20T07:46:25","modified_gmt":"2021-03-20T06:46:25","slug":"corona-speyer-34","status":"publish","type":"post","link":"https:\/\/speyer24news.com\/?p=34313","title":{"rendered":"Corona Speyer"},"content":{"rendered":"<style type=\"text\/css\">\r\n\t.ads_top_disp{}\r\n\t.ads_top_corner_disp{ float:left; margin:0px 10px 10px 0px; }\r\n\t.ads_first_p_disp{}\r\n\t.ads_bottom_disp{}\r\n\t<\/style>\n<h1 class=\"wp-block-heading\">Coronafallzahlen von Freitag (19.03.2021)<\/h1>\n\n\n\n<figure class=\"wp-block-image\"><img decoding=\"async\" loading=\"lazy\" width=\"800\" height=\"400\" src=\"https:\/\/speyer24news.com\/wp-content\/uploads\/2020\/02\/virus-1812092_1920.jpg\" alt=\"\" class=\"wp-image-25128\" srcset=\"https:\/\/speyer24news.com\/wp-content\/uploads\/2020\/02\/virus-1812092_1920.jpg 800w, https:\/\/speyer24news.com\/wp-content\/uploads\/2020\/02\/virus-1812092_1920-300x150.jpg 300w, https:\/\/speyer24news.com\/wp-content\/uploads\/2020\/02\/virus-1812092_1920-768x384.jpg 768w\" sizes=\"(max-width: 800px) 100vw, 800px\" \/><\/figure>\n\n\n\n<p>Anzahl best\u00e4tigter F\u00e4lle von Coronavirus (SARS-CoV-2)-Infektionen in der Stadt Speyer:\u00a02069 ( + 10 )<br>Davon bereits genesen:\u00a01915<br>Todesf\u00e4lle: 80  ( unver\u00e4ndert ) <br>Gemeldete F\u00e4lle der letzten sieben Tage pro 100.000 Einwohner*innen (Inzidenz): 73,2 ( + 15,8 )<br><strong>Warnstufe: Rot<\/strong><\/p>\n\n\n\n<p>Stand: 19.03.2021, 14:10 Uhr<\/p>\n\n\n\n<div class=\"wp-block-image\"><figure class=\"aligncenter\"><img decoding=\"async\" loading=\"lazy\" width=\"500\" height=\"668\" src=\"https:\/\/speyer24news.com\/wp-content\/uploads\/2021\/03\/Karte_Stufen_2021-03-19.jpg\" alt=\"\" class=\"wp-image-34314\" srcset=\"https:\/\/speyer24news.com\/wp-content\/uploads\/2021\/03\/Karte_Stufen_2021-03-19.jpg 500w, https:\/\/speyer24news.com\/wp-content\/uploads\/2021\/03\/Karte_Stufen_2021-03-19-225x300.jpg 225w\" sizes=\"(max-width: 500px) 100vw, 500px\" \/><\/figure><\/div>\n\n\n\n<p><em>Landesuntersuchungsamt Rheinland-Pfalz<br>20.03.2021<\/em><\/p>\n\n\n\n<h2 class=\"wp-block-heading\">Informationen aus der Corona Pressekonferenz vom Freitag<\/h2>\n\n\n\n<figure class=\"wp-block-image\"><img decoding=\"async\" loading=\"lazy\" width=\"800\" height=\"533\" src=\"https:\/\/speyer24news.com\/wp-content\/uploads\/2021\/03\/10-03-2021-Gemeinsame-Info-Maximalbetrieb-2.jpg\" alt=\"\" class=\"wp-image-34044\" srcset=\"https:\/\/speyer24news.com\/wp-content\/uploads\/2021\/03\/10-03-2021-Gemeinsame-Info-Maximalbetrieb-2.jpg 800w, https:\/\/speyer24news.com\/wp-content\/uploads\/2021\/03\/10-03-2021-Gemeinsame-Info-Maximalbetrieb-2-300x200.jpg 300w, https:\/\/speyer24news.com\/wp-content\/uploads\/2021\/03\/10-03-2021-Gemeinsame-Info-Maximalbetrieb-2-768x512.jpg 768w\" sizes=\"(max-width: 800px) 100vw, 800px\" \/><\/figure>\n\n\n\n<ul><li>6384 Impfungen wurden insgesamt durchgef\u00fchrt<\/li><li>609 Impfungen von Freitag (12.03.21) &#8211; einschlie\u00dflich Donnerstag (18.03.21)<\/li><li>426 Impfungen waren Erstimpfungen<\/li><li>183 Impfungen waren Zweitimpfungen<\/li><li>Zus\u00e4tzlich wurden durch mobile Impfteams 151 Impfungen in Alten- und Pflegeheimen durchgef\u00fchrt.<\/li><\/ul>\n\n\n\n<p>Erfreulicher Weise mussten in Speyer keinerlei Termine abgesagt werden da in dieser KW keine Impfungen mit AstraZeneca vorgesehen war. Durch das Land wird zus\u00e4tzlich eine Lieferung des Impfstoffes von Moderna erwartet.<\/p>\n\n\n\n<figure class=\"wp-block-image\"><img decoding=\"async\" src=\"https:\/\/speyer24news.com\/wp-content\/uploads\/2021\/03\/csm_dpa_67168077_Corona-Antigen-Test_2434x1310_b481c8cfbb.jpg\" alt=\"\" class=\"wp-image-33884\"\/><\/figure>\n\n\n\n<ul><li>146 Personen lie\u00dfen sich in der KW 10 in der Halle 101 testen<\/li><li>36 Personen hiervon wurden positiv getestet<\/li><li>Die positiv Testrate betr\u00e4gt damit 24,7 %<\/li><li>65 % trugen die britische Sars-CoV 2 Variante B 1.1.7 in sich<\/li><\/ul>\n\n\n\n<p>Mit Erschrecken wurde festgestellt das sich die britische Mutation immer dominanter darstellt. Auch w\u00fcrden mittlerweile Kitas h\u00e4ufiger als Anstecksorte ausgemacht und dort seinen die Kindergartenkinder und nicht Erzieher\/innen die Tr\u00e4ger.  Ein weiterer Punk, der genau beobachtet werden mu\u00df ist, dass auch nach 14 Tagen Quarant\u00e4ne noch 2 Personen eine extrem hohe Virenlast in sich trugen.<\/p>\n\n\n\n<p>Anders als es teilweise kommuniziert wurde wird am Montag (22.03.21( <strong>KEINE<\/strong> \u00d6ffnung der Au\u00dfengastronomie erfolgen. Dies w\u00e4re generell nicht m\u00f6glich da hierzu die Gesetzesgrundlage durch eine Landesverordnung fehlen w\u00fcrde. Eine neue Landesverordnung wird im Laufe des Samstag erwartet.<\/p>\n\n\n\n<p>Abschlie\u00dfend \u00e4u\u00dferte Oberb\u00fcrgermeisterin Stefanie Seiler nochmals wie wichtig ein eigenes Gesundheitsamt f\u00fcr Speyer sei. Sie w\u00fcrde sich dieses Anliegens als eines ihrer Hauptziele in ihrer Amtszeit annehmen.<\/p>\n\n\n\n<p><em>Speyer 24\/7 News<br>20.03.2021<\/em><\/p>\n","protected":false},"excerpt":{"rendered":"<div class=\"mh-excerpt\"><p>Coronafallzahlen von Freitag (19.03.2021) Anzahl best\u00e4tigter F\u00e4lle von Coronavirus (SARS-CoV-2)-Infektionen in der Stadt Speyer:\u00a02069 ( + 10 )Davon bereits genesen:\u00a01915Todesf\u00e4lle: 80 ( unver\u00e4ndert ) Gemeldete F\u00e4lle der letzten sieben Tage pro 100.000 Einwohner*innen (Inzidenz): 73,2 <a class=\"mh-excerpt-more\" href=\"https:\/\/speyer24news.com\/?p=34313\" title=\"Corona Speyer\">[&#8230;]<\/a><\/p>\n<\/div>","protected":false},"author":3,"featured_media":25126,"comment_status":"open","ping_status":"open","sticky":false,"template":"","format":"standard","meta":{"_monsterinsights_skip_tracking":false,"_monsterinsights_sitenote_active":false,"_monsterinsights_sitenote_note":"","_monsterinsights_sitenote_category":0,"footnotes":""},"categories":[9],"tags":[6401,8404,6367,9461,9105,9176,9247,6940,8725,6359,6370,5904,6358,8749,7003,5801,6342,8777,6],"aioseo_notices":[],"amp_enabled":true,"_links":{"self":[{"href":"https:\/\/speyer24news.com\/index.php?rest_route=\/wp\/v2\/posts\/34313"}],"collection":[{"href":"https:\/\/speyer24news.com\/index.php?rest_route=\/wp\/v2\/posts"}],"about":[{"href":"https:\/\/speyer24news.com\/index.php?rest_route=\/wp\/v2\/types\/post"}],"author":[{"embeddable":true,"href":"https:\/\/speyer24news.com\/index.php?rest_route=\/wp\/v2\/users\/3"}],"replies":[{"embeddable":true,"href":"https:\/\/speyer24news.com\/index.php?rest_route=%2Fwp%2Fv2%2Fcomments&post=34313"}],"version-history":[{"count":1,"href":"https:\/\/speyer24news.com\/index.php?rest_route=\/wp\/v2\/posts\/34313\/revisions"}],"predecessor-version":[{"id":34315,"href":"https:\/\/speyer24news.com\/index.php?rest_route=\/wp\/v2\/posts\/34313\/revisions\/34315"}],"wp:featuredmedia":[{"embeddable":true,"href":"https:\/\/speyer24news.com\/index.php?rest_route=\/wp\/v2\/media\/25126"}],"wp:attachment":[{"href":"https:\/\/speyer24news.com\/index.php?rest_route=%2Fwp%2Fv2%2Fmedia&parent=34313"}],"wp:term":[{"taxonomy":"category","embeddable":true,"href":"https:\/\/speyer24news.com\/index.php?rest_route=%2Fwp%2Fv2%2Fcategories&post=34313"},{"taxonomy":"post_tag","embeddable":true,"href":"https:\/\/speyer24news.com\/index.php?rest_route=%2Fwp%2Fv2%2Ftags&post=34313"}],"curies":[{"name":"wp","href":"https:\/\/api.w.org\/{rel}","templated":true}]}}