{"id":34361,"date":"2021-03-21T16:34:54","date_gmt":"2021-03-21T15:34:54","guid":{"rendered":"https:\/\/speyer24news.com\/?p=34361"},"modified":"2021-03-21T16:45:51","modified_gmt":"2021-03-21T15:45:51","slug":"wirtschaft-finanzen-rente-2","status":"publish","type":"post","link":"https:\/\/speyer24news.com\/?p=34361","title":{"rendered":"Wirtschaft, Finanzen &#038; Rente"},"content":{"rendered":"<style type=\"text\/css\">\r\n\t.ads_top_disp{}\r\n\t.ads_top_corner_disp{ float:left; margin:0px 10px 10px 0px; }\r\n\t.ads_first_p_disp{}\r\n\t.ads_bottom_disp{}\r\n\t<\/style>\n<h1 class=\"wp-block-heading\" style=\"text-align:center\">Deutsche Rentenversicherung Rheinland-Pfalz<\/h1>\n\n\n\n<figure class=\"wp-block-image\"><img decoding=\"async\" loading=\"lazy\" width=\"800\" height=\"224\" src=\"https:\/\/speyer24news.com\/wp-content\/uploads\/2021\/03\/Deutsche_Rentenversicherung_Rheinland-Pfalz_logo.png\" alt=\"\" class=\"wp-image-33737\" srcset=\"https:\/\/speyer24news.com\/wp-content\/uploads\/2021\/03\/Deutsche_Rentenversicherung_Rheinland-Pfalz_logo.png 800w, https:\/\/speyer24news.com\/wp-content\/uploads\/2021\/03\/Deutsche_Rentenversicherung_Rheinland-Pfalz_logo-300x84.png 300w, https:\/\/speyer24news.com\/wp-content\/uploads\/2021\/03\/Deutsche_Rentenversicherung_Rheinland-Pfalz_logo-768x215.png 768w\" sizes=\"(max-width: 800px) 100vw, 800px\" \/><\/figure>\n\n\n\n<h2 class=\"wp-block-heading\">Neuer Service der Rentenversicherung &#8211; Rentenberatung per Video im Wohnzimmer<\/h2>\n\n\n\n<p>Rentenberatung per Video: Diesen neuen Service gibt es jetzt bei der Deutschen Rentenversicherung Rheinland-Pfalz. Die individuelle Beratung zu Hause per Video erg\u00e4nzt das bew\u00e4hrte Beratungsangebot der Rentenversicherung. Gleichzeitig ist es ein Service, der komfortabel und sicher ist, denn pers\u00f6nliche Kontakte lassen sich komplett vermeiden.<\/p>\n\n\n\n<h4 class=\"wp-block-heading\">Termin online vereinbaren<\/h4>\n\n\n\n<p>Wer sich per Video beraten lassen m\u00f6chte, muss vorab einen Termin vereinbaren \u00fcber&nbsp;<a rel=\"noreferrer noopener\" aria-label=\"www.drv-rlp.de\/videoberatung (\u00f6ffnet in neuem Tab)\" href=\"http:\/\/www.drv-rlp.de\/videoberatung\" target=\"_blank\">www.drv-rlp.de\/videoberatung<\/a>. Hier gibt es auch weitere Informationen zur ben\u00f6tigten technischen Ausstattung. Denn f\u00fcr eine Videoberatung sind auf jeden Fall Frontkamera und Mikrofon erforderlich.<\/p>\n\n\n\n<h4 class=\"wp-block-heading\">Pers\u00f6nlich beraten in allen Fragen zu Reha und Rente<\/h4>\n\n\n\n<p>Wie im pers\u00f6nlichen Gespr\u00e4ch lassen sich Fragen zu Rentenanspr\u00fcchen und Rentenbeginn, Beitragszahlungen oder Rehabilitation auch bei einer Videoberatung individuell kl\u00e4ren. Der Unterschied ist nur, dass der Berater nicht auf der anderen Seite des Tisches sitzt, sondern per Video zugeschaltet ist.<\/p>\n\n\n\n<p>Wichtig ist: In einer Videoberatung muss man sich zun\u00e4chst mit dem Personalausweis oder Reisepass ausweisen. Auch sollte man die Versicherungsnummer bereithalten. &nbsp;<br>Weitere Ausk\u00fcnfte gibt es bei der Deutschen Rentenversicherung Rheinland-Pfalz, \u00fcber das kostenfreie Servicetelefon unter 0800 1000 480 16 und im Internet unter&nbsp;<a rel=\"noreferrer noopener\" href=\"https:\/\/deref-web.de\/mail\/client\/l0gGdhcyLmQ\/dereferrer\/?redirectUrl=http%3A%2F%2Fwww.drv-rlp.de\" target=\"_blank\">www.drv-rlp.de<\/a><\/p>\n\n\n\n<p><em>Deutsche Rentenversicherung Rheinland-Pfalz<br>21.03.2021<\/em><\/p>\n\n\n\n<h2 class=\"wp-block-heading\">Fit bleiben mit RV Fit &#8211; Neues Pr\u00e4ventionsprogramm der Rentenversicherung erfolgreich gestartet<\/h2>\n\n\n\n<p>Seit Juli 2020 ist RV Fit am Start, ein neues kostenloses Pr\u00e4ventionsprogramm der Deutschen Rentenversicherung zu Bewegung, Ern\u00e4hrung und Stressbew\u00e4ltigung. Neu ist auch der Weg zum Angebot: Wer Interesse hat, kann sich auf&nbsp;<a rel=\"noreferrer noopener\" href=\"https:\/\/deref-web.de\/mail\/client\/fNymI3V44K8\/dereferrer\/?redirectUrl=http%3A%2F%2Fwww.rv-fit.de\" target=\"_blank\">www.rv-fit.de<\/a>&nbsp;f\u00fcr das Trainingsprogramm anmelden, ganz unkompliziert ohne \u00c4rztliches Attest.<\/p>\n\n\n\n<h4 class=\"wp-block-heading\">Online Anmeldung kommt gut an<\/h4>\n\n\n\n<p>Gerade dieser einfache Zugang zu RV Fit kommt gut an: Seit Beginn des neuen Programms ist das Interesse an Pr\u00e4ventionsleistungen deutlich gestiegen. Das ist gut so, denn Pr\u00e4vention lohnt sich immer &#8211; gerade in Corona-Zeiten.<\/p>\n\n\n\n<h4 class=\"wp-block-heading\">Bei ersten gesundheitlichen Problemen<\/h4>\n\n\n\n<p>RV Fit ist genau das Richtige bei ersten gesundheitlichen Problemen, um schnell wieder fit zu werden und sich im Berufsleben dauerhaft mehr Fitness und Gesundheit zu erhalten. Teilnehmen kann, wer aktuell berufst\u00e4tig ist und seit mindestens 6 Monaten arbeitet. Das Beste dabei: Zuzahlungen sind nicht zu leisten und etwaige Fahrkosten werden bezuschusst.<\/p>\n\n\n\n<h4 class=\"wp-block-heading\">Wie l\u00e4uft RV Fit ab?<\/h4>\n\n\n\n<p>RV Fit ist ein rund sechs monatiges Trainingsprogramm. Es beginnt mit einer mehrt\u00e4gigen, station\u00e4ren oder ambulanten Einf\u00fchrung in einer Reha-Klinik oder einem Reha-Zentrum. Gemeinsam mit \u00c4rzten und Trainern wird zun\u00e4chst ein Trainingsplan erarbeitet und in Gruppenschulungen ge\u00fcbt. Anschlie\u00dfend wird \u00fcber drei Monate in Gruppenkursen ein- bis zweimal in der Woche berufsbegleitend mit Trainer weitertrainiert. Danach folgt f\u00fcr drei Monate ein selbst\u00e4ndiges Training, ebenfalls berufsbegleitend. Und zum Schluss gibt es eine ganzt\u00e4gig ambulante oder drei Tage dauernde station\u00e4re Phase, um das Erlernte aufzufrischen.<\/p>\n\n\n\n<p>Weitere Ausk\u00fcnfte gibt es bei der Deutschen Rentenversicherung Rhein-land-Pfalz, \u00fcber das kostenfreie Servicetelefon unter 0800 1000 480 16 und im Internet unter&nbsp;<a rel=\"noreferrer noopener\" href=\"https:\/\/deref-web.de\/mail\/client\/l0gGdhcyLmQ\/dereferrer\/?redirectUrl=http%3A%2F%2Fwww.drv-rlp.de\" target=\"_blank\">www.drv-rlp.de<\/a><\/p>\n\n\n\n<p><em>Deutsche Rentenversicherung Rheinland-Pfalz<br>21.03.2021<\/em><\/p>\n\n\n\n<h1 class=\"wp-block-heading\" style=\"text-align:center\">Q 6 Q 7 Mannheim \u2013 Das Quartier <\/h1>\n\n\n\n<div class=\"wp-block-image\"><figure class=\"aligncenter\"><img decoding=\"async\" loading=\"lazy\" width=\"350\" height=\"350\" src=\"https:\/\/speyer24news.com\/wp-content\/uploads\/2020\/01\/q6q7-logo.png\" alt=\"\" class=\"wp-image-24906\" srcset=\"https:\/\/speyer24news.com\/wp-content\/uploads\/2020\/01\/q6q7-logo.png 350w, https:\/\/speyer24news.com\/wp-content\/uploads\/2020\/01\/q6q7-logo-150x150.png 150w, https:\/\/speyer24news.com\/wp-content\/uploads\/2020\/01\/q6q7-logo-300x300.png 300w\" sizes=\"(max-width: 350px) 100vw, 350px\" \/><\/figure><\/div>\n\n\n\n<h2 class=\"wp-block-heading\"><strong>COVID-Schnelltests in Q&nbsp;6&nbsp;Q&nbsp;7: Anmelden, Test und abfahren<\/strong><\/h2>\n\n\n\n<ul><li><strong>Motto: Termin vereinbaren, testen lassen, Gewissheit haben<\/strong><\/li><li><strong>Termine t\u00e4glich von 8.45 bis 18.45 unter apotheke-mannheim.de oder in Q&nbsp;6&nbsp;Q&nbsp;7<\/strong><\/li><li><strong>Apotheker Heldmann: \u201eTests werden Rolle spielen, um dem Einzelnen mehr Freiheit zu geben\u201c<\/strong><\/li><\/ul>\n\n\n\n<figure class=\"wp-block-image\"><img decoding=\"async\" loading=\"lazy\" width=\"800\" height=\"533\" src=\"https:\/\/speyer24news.com\/wp-content\/uploads\/2021\/01\/covid-19-4908692_1920.jpg\" alt=\"\" class=\"wp-image-32427\" srcset=\"https:\/\/speyer24news.com\/wp-content\/uploads\/2021\/01\/covid-19-4908692_1920.jpg 800w, https:\/\/speyer24news.com\/wp-content\/uploads\/2021\/01\/covid-19-4908692_1920-300x200.jpg 300w, https:\/\/speyer24news.com\/wp-content\/uploads\/2021\/01\/covid-19-4908692_1920-768x512.jpg 768w\" sizes=\"(max-width: 800px) 100vw, 800px\" \/><\/figure>\n\n\n\n<p><strong>In <em>Q&nbsp;6&nbsp;Q&nbsp;7 Mannheim \u2013 Das Quartier.<\/em> hat am Montag [08.03.2020] das COVID19-Schnelltest-Zentrum auf Parkebene&nbsp;3 der Tiefgarage er\u00f6ffnet. Nach Online-Anmeldung ist der Test in zwei Minuten erledigt, kurz darauf kommt das Ergebnis per E-Mail. Apotheker Philipp Heldmann aus der gleichnamigen Apotheke in Q&nbsp;6&nbsp;Q&nbsp;7 betreibt das Schnelltest-Zentrum: \u201eWir m\u00f6chten den Menschen so schnell wie m\u00f6glich zur\u00fcck in eine gewisse Normalit\u00e4t helfen.\u201c Q&nbsp;6&nbsp;Q&nbsp;7-Chef Hendrik Hoffmann: \u201eDas Schnelltestzentrum ist die Fortf\u00fchrung unserer COVID-Strategie, alles daf\u00fcr zu tun, dass sich unsere G\u00e4ste und Kunden sicher f\u00fchlen.\u201c<\/strong><\/p>\n\n\n\n<p>Es ist eine Sache von wenigen Minuten: Online unter <a href=\"http:\/\/apotheke-mannheim.de\">apotheke-mannheim.de<\/a> Termin vereinbaren, in die Tiefgarage von Q&nbsp;6&nbsp;Q&nbsp;7 einfahren, auf Parkebene 3 eine Speichelprobe abgeben, kurz darauf erhalten Sie eine E-Mail mit Ihrem Testergebnis als offizielle Bescheinigung. Eine Pers\u00f6nliche Identifikations-Nummer (PIN), die Sie bei der Speichelprobe erhalten haben, sorgt f\u00fcr Sicherheit, damit kein Unbefugter Ihr Test-Ergebnis einsehen kann.<\/p>\n\n\n\n<p>Termine gibt\nes t\u00e4glich von 8.45 bis 18.45 Uhr \u2013 im Viertelstundentakt, um\nMenschenansammlungen zu vermeiden. Wer keinen Online-Zugang f\u00fcr die\nTerminvereinbarung hat, kann dies in Heldmann\u2019s Apotheke im Erdgeschoss von\nQ&nbsp;7 erledigen. Das Drive-in-Testzentrum ist selbstverst\u00e4ndlich auch f\u00fcr Fu\u00dfg\u00e4nger\noffen und am schnellsten \u00fcber die Aufz\u00fcge beim \u00c4rtze- und Apothekeneingang\nM\u00fcnzplatz erreichbar. F\u00fcr Autofahrer entstehen keine Parkgeb\u00fchren, das\nEinfahrtticket wird im Testzentrum gegen ein kostenloses Ausfahrtticket getauscht.<\/p>\n\n\n\n<p>Der\nAntigenschnelltest, der in Q&nbsp;6&nbsp;Q&nbsp;7 durchgef\u00fchrt wird, ist ein Speicheltest:\nMan spuckt in einen Becher, fertig \u2013 es &nbsp;wird also kein Wattest\u00e4bchen in die Nase eingef\u00fchrt\nwie beim Nasopharynx-Abstrich. \u201eDer Speicheltest wird von meinen speziell\ngeschulten Mitarbeiterinnen sofort durchgef\u00fchrt\u201c, erl\u00e4utert Apotheker Heldmann:\n\u201eNach zehn bis maximal 20 Minuten ist das Ergebnis ablesbar, kurz darauf erh\u00e4lt\ndie getestete Person Ihr Ergebnis per E-Mail. Die offizielle Bescheinigung kann\nmit der PIN abgerufen werden.\u201c <\/p>\n\n\n\n<p>Nachdem die\nBundesregierung beschlossen hatte, dass ab 8.&nbsp;M\u00e4rz&nbsp;2021 jeder B\u00fcrger\neinmal pro Woche kostenlos getestet werden kann, hat sich Apotheker Philipp Heldmann\nsofort mit Q&nbsp;6&nbsp;Q&nbsp;7-Chef Hendrik Hoffmann zusammengesetzt, um\neine L\u00f6sung anbieten zu k\u00f6nnen. \u201eAuch wenn noch kein schnelles Ende der\nPandemie in Sicht ist, so geht doch die Tendenz in die richtige Richtung. Die Tests\nspielen dabei eine gro\u00dfe Rolle, um dem Einzelnen mehr Freiheit zu geben.\u201c Dank\neinem tagesaktuellen Negativ-Test sollten dann zuk\u00fcnftig auch beispielsweise\nwieder Restaurant- und Kino-Besuche m\u00f6glich sein.<\/p>\n\n\n\n<p>Hendrik Hoffmann, Gesch\u00e4ftsf\u00fchrer der CRM \u2013 Center &amp; Retail Management GmbH, die Q&nbsp;6&nbsp;Q&nbsp;7 betreibt: \u201eSeit Beginn der Pandemie haben wir h\u00f6chsten Wert auf die Einhaltung der Hygiene-Vorschriften gelegt. Uns ist wichtig, dass sich Kunden und G\u00e4ste stets sicher f\u00fchlen. Dass wir jetzt, wo wir uns alle ganz langsam auf den Weg aus der Pandemie heraus machen k\u00f6nnen, genau dabei helfen, ist f\u00fcr uns eine Selbstverst\u00e4ndlichkeit.\u201c Das Angebot in Q&nbsp;6&nbsp;Q&nbsp;7 steht ausschlie\u00dflich Personen ohne COVID-19-Symptome zur Verf\u00fcgung.<\/p>\n\n\n\n<p><em>Q 6 Q 7 Mannheim \u2013 Das Quartier<br>21.03.2021<\/em><\/p>\n\n\n\n<h2 class=\"wp-block-heading\">Sallys Flagship Store in Q 6 Q 7 is \u201eStore of the Year\u201d<\/h2>\n\n\n\n<ul><li><strong>YouTube-Star Saliha \u201eSally\u201c \u00d6zcan: \u201eStore spiegelt unser Zuhause wieder\u201c<\/strong><\/li><li><strong>Handelsverband: \u201eJunge Wilde zeigen Potenziale eines fantastischen Markenaufbaus\u201c<\/strong><\/li><li><strong>Design-Studio Brust + Partner hat Sallys Flagship Store wie eine gro\u00dfe B\u00fchne inszeniert<\/strong><\/li><\/ul>\n\n\n\n<figure class=\"wp-block-image\"><img decoding=\"async\" loading=\"lazy\" width=\"800\" height=\"528\" src=\"https:\/\/speyer24news.com\/wp-content\/uploads\/2021\/03\/1_StoreOfTheYear4.jpg\" alt=\"\" class=\"wp-image-34362\" srcset=\"https:\/\/speyer24news.com\/wp-content\/uploads\/2021\/03\/1_StoreOfTheYear4.jpg 800w, https:\/\/speyer24news.com\/wp-content\/uploads\/2021\/03\/1_StoreOfTheYear4-300x198.jpg 300w, https:\/\/speyer24news.com\/wp-content\/uploads\/2021\/03\/1_StoreOfTheYear4-768x507.jpg 768w\" sizes=\"(max-width: 800px) 100vw, 800px\" \/><figcaption>Freuen sich \u00fcber die Auszeichnung zum \u201eStore of the Year\u201c (von rechts): Saliha \u201eSally\u201c \u00d6czan, Q 6 Q 7-Chef Hendrik Hoffmann, Store Designer Siegfried Dumm und Swen Rubel, Gesch\u00e4ftsf\u00fchrer des Handelsverbandes Nordbaden.<br><em>Foto: Sallys Welt<\/em><\/figcaption><\/figure>\n\n\n\n<p>\u201eSallys Welt Flagship Store\u201c in Q 6 Q 7 Mannheim \u2013 Das Quartier. wurde jetzt vom Handelsverband Deutschland als \u201eStore of the Year\u201c in der Kategorie \u201eLiving\u201c ausgezeichnet. Der Laden mache die digitale Koch-, Back- und Produkt-Welt der YouTuberin Sally begehbar, so der Handelsverband. Fast zwei Millionen Menschen folgen Sally auf YouTube und schauen begeistert ihre Videos. Ihr Kanal \u201eSallys Welt\u201c ist der erfolgreichste rund ums Kochen und Backen in ganz Deutschland. Vor der Er\u00f6ffnung in Mannheim vertrieb Sally ihre Produkte online und im Fachhandel. Das Flagship-Store-Konzept \u00fcberzeugte die Jury mit der zukunftsweisenden Verzahnung von Online-Marketing und station\u00e4rem Einkaufen sowie dem eventgerechten Ladenbau. Swen Rubel, Gesch\u00e4ftsf\u00fchrer des Handelsverbands Nordbaden, \u00fcbergab die Troph\u00e4e jetzt an die Storebetreiber Saliha und Murat \u00d6czan sowie an Store-Designer Siegmund Dumm.<\/p>\n\n\n\n<p>Die Begeisterung \u00fcber die Handelsverbands-Auszeichnung war Sally ins Gesicht geschrieben: \u201eWir freuen uns total \u00fcber den Preis! Unser Store spiegelt unser Zuhause wider. Die K\u00fcche, die Regale sowie die Deko sind eins zu eins unserem Zuhause nachempfunden. Deswegen macht mich diese Auszeichnung besonders stolz.\u201c Ehemann Murat \u00d6czan erg\u00e4nzt: \u201eDer Preis zeigt, dass wir mit unserem Flagship Store in Q 6 Q 7 genau den Nerv getroffen haben. Unser Store ist eine Erlebnisst\u00e4tte, ein Ort der Inspiration und zum Wohlf\u00fchlen, der f\u00fcr ,Instagram Moments\u2018 sorgt. So schaffen wir die perfekte Verbindung von offline zu online.\u201c<\/p>\n\n\n\n<p>Zum Leben erweckt wurde Sallys Welt in Q 6 Q 7 Mannheim \u2013 Das Quartier. von Store-Designer Siegmund Dumm, Inhaber von Brust + Partner aus Bad Sch\u00f6nborn: \u201eUnsere gesamte Mannschaft von \u00fcber 20 Mitarbeitern ist auf diesen Laden besonders stolz. Dass die K\u00fcche der zentrale Ort sein w\u00fcrde, war von Beginn an klar. Sie sollte zudem optisch eins zu eins der K\u00fcche in Sallys Videostudio entsprechen. Davon ausgehend haben wir den gesamten Laden wie eine gro\u00dfe B\u00fchne inszeniert, mit unterschiedlichen Materialien und Farbwelten, mit eigenen Zonen f\u00fcr die Hersteller-Welten \u2013 mal bunt, mal technisch \u2013 aber auch mit ausreichend Fl\u00e4chen zur Kommunikation. Denn letztlich sind es das Personal und die Kundschaft, die den Laden zum Leben erwecken: Den Gro\u00dfteil des Erfolgs machen Sally und ihr Team aus!\u201c Besonderheiten wie fahrbare Tische, die eigens entwickelt wurden, um einzelne Themen pr\u00e4sentieren zu k\u00f6nnen, machen den Store ebenso einzigartig wie das Schaufenster als Video-Wall \u2013 eine Verbeugung vor Sallys YouTube-Erfolgen.<\/p>\n\n\n\n<p>\u201eDas Wohlf\u00fchlen zu Hause, das Sich-sch\u00f6n-Machen, aber auch das Kochen und Backen in der Familie, sind f\u00fcr uns alle wieder st\u00e4rker in den Mittelpunkt ger\u00fcckt\u201c so Handelsberater Sebastian Deppe in seiner Laudatio. Zu Sallys Flagship Store sagt er: \u201eDie jungen Wilden in der Branche zeigen die Potenziale eines fantastischen Markenaufbaus mit Hilfe einer gro\u00dfen und breiten Community: authentisch, vertrauensvoll, sympathisch und modern. Der Store in Q 6 Q 7 zeigt, wie die ideale Symbiose zwischen station\u00e4r und online gelingen kann, aber auch dass eine Marke, die online begann, die N\u00e4he und das Erlebnis auf der Fl\u00e4che braucht, um damit nachhaltig zu gewinnen.<\/p>\n\n\n\n<p>\u00dcberreicht wurde die Auszeichnung von Swen Rubel, Gesch\u00e4ftsf\u00fchrer des Handelsverbandes Nordbaden: \u201eWir gratulieren \u2013 auch im Namen der Jury des Deutschen Handelspreises \u2013 den Gewinnern Sallys Welt ganz herzlich. Der Shop in Q 6 Q 7 macht auf einzigartige Weise die digitale Koch-, Back- und Produktwelt der YouTuberin Sally begehbar. Das Konzept \u00fcberzeugt mit der zukunftsweisenden Verzahnung von Online-Marketing und station\u00e4rem Einkaufen sowie dem eventgerechten Ladenbau. Ein gutes Beispiel wie Handel in der heutigen Zeit erfolgreich betrieben werden kann.\u201c<\/p>\n\n\n\n<p>Hendrik Hoffmann, Gesch\u00e4ftsf\u00fchrer der CRM \u2013 Center und Retail Management GmbH, die Q 6 Q 7 betreibt: \u201eUnser Q 6 Q 7 Mannheim \u2013 Das Quartier. steht seit der Er\u00f6ffnung 2016 f\u00fcr neue Konzepte, die es so in Mannheim oder der gesamten Metropolregion Rhein-Neckar noch nicht gibt. Mit dem Flagship-Store von Sallys Welt, dem v\u00f6llig neuartigen Shopping-Angebot, das es bis zur Er\u00f6ffnung von Sallys Flagship Store Mitte 2020 in ganz Deutschland noch nicht gab, gingen wir einen Schritt weiter. Es entspricht unserer Grundstrategie, dass wir uns auch als Vorreiter in einer Branche sehen, die vor neuen Herausforderungen steht. Sallys Flagship Store mit seiner Kombination aus Information, Entertainment, Retail und allem rund um leckeres Essen, steht f\u00fcr Retail 4.0 und die Zukunft von Shopping-Destinationen in Deutschland.\u201c<\/p>\n\n\n\n<p>Als Dankesch\u00f6n und zur besonderen Hervorhebung zeichnet der Handelsverband Deutschland e. V. j\u00e4hrlich die besten und interessantesten Gesch\u00e4fte im Rahmen des Wettbewerbes \u201eStore of the Year\u201c aus. Die hochkar\u00e4tig besetzte Jury beurteilt Gesch\u00e4fte nach ihrem Innovationsgrad, dem Kundennutzen, ihrem Wertsch\u00f6pfungspotenzial, dem Erlebniswert, ihrer Leitbildfunktion und dem Alleinstellungsmerkmal.<\/p>\n\n\n\n<p><em>Text: Q 6 Q 7 Mannheim \u2013 Das Quartier Foto: Sallys Welt<br>21.03.2021<\/em><\/p>\n\n\n\n<h1 class=\"wp-block-heading\" style=\"text-align:center\">Eismann<\/h1>\n\n\n\n<div class=\"wp-block-image\"><figure class=\"aligncenter\"><img decoding=\"async\" loading=\"lazy\" width=\"600\" height=\"299\" src=\"https:\/\/speyer24news.com\/wp-content\/uploads\/2021\/03\/Eismann-Logo.png\" alt=\"\" class=\"wp-image-34364\" srcset=\"https:\/\/speyer24news.com\/wp-content\/uploads\/2021\/03\/Eismann-Logo.png 600w, https:\/\/speyer24news.com\/wp-content\/uploads\/2021\/03\/Eismann-Logo-300x150.png 300w\" sizes=\"(max-width: 600px) 100vw, 600px\" \/><\/figure><\/div>\n\n\n\n<h2 class=\"wp-block-heading\">eismann schenkt Pflegenden in Rheinland-Pfalz Einkaufsgutscheine im Wert von rund 360.000 Euro<\/h2>\n\n\n\n<h3 class=\"wp-block-heading\">Kooperation mit Pflegesterne f\u00fcr mehr Wertsch\u00e4tzung der Pflege<\/h3>\n\n\n\n<p><strong>Mettmann &#8211; <\/strong>Sie leisten Beistand, wenn die Isolation den Senioren zusetzt, machen \u00dcberstunden, wenn Kollegen erkrankt ausfallen, begleiten bei den Corona-Impfungen: Pflegende leisten in der Pandemie einen besonders wichtigen Beitrag &#8211; und setzen sich dabei seit Monaten einem erh\u00f6hten Ansteckungsrisiko aus. Als Zeichen seiner Wertsch\u00e4tzung schenkt eismann im Rahmen der Aktion &#8222;Mehr Zeit f\u00fcr Pflegende&#8220; Besch\u00e4ftigten in der vollstation\u00e4ren Altenpflege in Rheinland-Pfalz Gutscheine im Wert von mehr als 360.000 Euro.<br>Bundesweit werden zehn Mio. Euro im Rahmen der Dankesaktion verteilt. Mit seinem Engagement steht eismann nicht alleine da: Der Lebensmittel-Lieferdienst kooperiert mit der Initiative Pflegesterne, die sich f\u00fcr mehr Wertsch\u00e4tzung der Pflegenden in Deutschland einsetzt.<\/p>\n\n\n\n<p>In Rheinland-Pfalz unterst\u00fctzt eismann rund 430 Pflegeheime. Von der Villa am Buttermarkt in Adenau bis zum Johann-Hinrich-Wichern-Haus in Zweibr\u00fccken. Vom Eltzerhof in Koblenz bis zum Mutter-Rosa-Altenzentrum in Trier. Vom kleinen Altenheim bis zur gro\u00dfen Einrichtung.<\/p>\n\n\n\n<h4 class=\"wp-block-heading\">Altenheime als Hotspots der Pandemie &#8211; Pflegende am Limit<\/h4>\n\n\n\n<p>Gerade Alten- und Pflegeheime gelten als Corona-Brennpunkte. Und die Senioren m\u00fcssen mit schweren Verl\u00e4ufen rechnen. Jeder zweite Tote, der mit dem Coronavirus gestorben ist, war \u00fcber 80 Jahre alt, viele der  Verstorbenen lebten in einer Pflegeeinrichtung. Impfungen helfen, diese Zahl zu verringern, wie aktuelle Umfragen best\u00e4tigen &#8211; doch die Organisation von Impfungen und Tests f\u00fcr Besucher stellt die Pflegenden vor gro\u00dfe Herausforderungen. Die Pflegenden sind oft zerrissen zwischen ihrer eigentlichen Aufgabe, dem Test- und Impf-Ablauf sowie dem Beistand f\u00fcr die Senioren, die oft einsam und \u00e4ngstlich sind in dieser Situation.<\/p>\n\n\n\n<h4 class=\"wp-block-heading\">Pflegenden Zeit schenken<\/h4>\n\n\n\n<p>Bundesweit erhalten fast 10.000 Pflegeheime Gutscheine. Die Besch\u00e4ftigten k\u00f6nnen etwa 140.000 Gutschein-Codes online gegen Tiefk\u00fchlgerichte, Gem\u00fcse, Fisch oder Eiscreme einl\u00f6sen. Pro Person steht ein Einkaufsguthaben von 60 Euro in Form von drei Gutscheine \u00e1 20 Euro bereit. Liefertermine werden unkompliziert mit den vielbesch\u00e4ftigten Pflegenden abgestimmt, das Essen wird kontaktlos bis vor die T\u00fcr geliefert. Wer \u00fcber seinen Arbeitgeber keinen Gutscheincode erhalten hat, aber in einer vollstation\u00e4ren Pflegeeinrichtung wie einem Altenheim arbeitet, kann gegen Vorlage eines Arbeitsnachweises einen von maximal 30.000 Codes \u00fcber die Website anfordern:\u00a0<a rel=\"noreferrer noopener\" href=\"https:\/\/deref-web.de\/mail\/client\/SBOJolknlY0\/dereferrer\/?redirectUrl=http%3A%2F%2Fwww.eismann.de%2Fpflegevorteil\" target=\"_blank\">www.eismann.de\/pflegevorteil<\/a>.<\/p>\n\n\n\n<p>Bereits im vergangenen Jahr hatte eismann Gutscheine an rund 11.000 Krankenhausmitarbeiter in Rheinland-Pfalz im Gesamtwert von etwa 330.000 Euro verteilt. Bundesweit wurden damals 180.000 Gutscheine ausgegeben. &#8222;Nach dem Krankenhauspersonal wollen wir nun auch Pflegekr\u00e4fte in Altenheimen unterst\u00fctzen. Sie leisten eine enorme und anspruchsvolle Arbeit, f\u00fcr die ihnen oft die Wertsch\u00e4tzung in finanzieller, zeitlicher und sozialer Hinsicht fehlt&#8220;, sagt Elmar Westermeyer, Gesch\u00e4ftsf\u00fchrer von eismann. &#8222;Mit den Gutscheinen schenken wir den Pflegenden ein wenig Zeit in ihrem stressigen Alltag. Die Bestellung erfolgt bequem und schnell online und wird von den flei\u00dfigen Eism\u00e4nnern an die Haust\u00fcr gebracht, auch langes Gem\u00fcse-Schnippeln und Vorkochen f\u00e4llt weg.&#8220; Bei der Umsetzung der Aktion f\u00fcr Pflegekr\u00e4fte erh\u00e4lt eismann professionelle Unterst\u00fctzung durch das Netzwerk der Initiative Pflegesterne. &#8222;Trotz der widrigen Umst\u00e4nde in der Pandemie nehmen sich Pflegende tagt\u00e4glich Zeit f\u00fcr die Pflegebed\u00fcrftigen, die w\u00e4hrend des Lockdowns oft keinen Besuch bekommen. Oder sie k\u00fcmmern sich um Bewohner mit Demenz, die unter der ver\u00e4nderten Situation besonders leiden. Was ihnen dann oft fehlt, ist Zeit f\u00fcr sich selbst, um den Akku aufzuladen. Wir begr\u00fc\u00dfen das Engagement von eismann daher sehr&#8220;, erg\u00e4nzt Jan Schr\u00f6der, Mitbegr\u00fcnder der Initiative Pflegesterne.<\/p>\n\n\n\n<div class=\"wp-block-image\"><figure class=\"aligncenter\"><img decoding=\"async\" loading=\"lazy\" width=\"600\" height=\"329\" src=\"https:\/\/speyer24news.com\/wp-content\/uploads\/2021\/03\/Pflegesterne.png\" alt=\"\" class=\"wp-image-34365\" srcset=\"https:\/\/speyer24news.com\/wp-content\/uploads\/2021\/03\/Pflegesterne.png 600w, https:\/\/speyer24news.com\/wp-content\/uploads\/2021\/03\/Pflegesterne-300x165.png 300w\" sizes=\"(max-width: 600px) 100vw, 600px\" \/><\/figure><\/div>\n\n\n\n<h4 class=\"wp-block-heading\">Initiative Pflegesterne will gesellschaftliche Wertsch\u00e4tzung f\u00fcr Pflegende steigern<\/h4>\n\n\n\n<p>Pflegende &#8211; unabh\u00e4ngig vom Ort, an dem sie pflegen &#8211; verdienen mehr gesellschaftliche Wertsch\u00e4tzung. Daf\u00fcr setzt sich die Initiative Pflegesterne ein. Sie schafft ein breites Netzwerk f\u00fcr Pflegende und erm\u00f6glicht damit gesellschaftlichen R\u00fcckenwind. &#8222;Die positiven, emotionalen Facetten der Pflege machen wir sichtbar, denn zulange wurde nur geklagt. Daf\u00fcr \u00e4ndern wir den Blick auf Pflegende.<br>Irgendwann sollen Jugendliche auf den Berufswunsch Pfleger mit demselben Respekt reagieren wie auf den Traumjob Pilot&#8220;, sagt Schr\u00f6der. M\u00f6glich wird dies in einem Netzwerk gesellschaftlicher Akteure, zu denen nun auch eismann geh\u00f6rt. Dar\u00fcber freuen wir uns.&#8220;<br>Die Kooperation mit eismann ist ein Baustein einer gro\u00dfen Kampagne, die am internationalen Tag der Pflege im Mai einen H\u00f6hepunkt haben soll.<\/p>\n\n\n\n<h4 class=\"wp-block-heading\">\u00dcber Pflegesterne:<\/h4>\n\n\n\n<p>Die Initiative Pflegesterne entstand als gemeinsames Projekt von contec, mitunsleben und dem vediso im #WirVsVirus Hackathon der Bundesregierung, um mit vereinten Kr\u00e4ften gelernte Pflegekr\u00e4fte in der COVID-19 Krise mit Einrichtungen in Not zu verbinden. Schnell wurde den Initiator*innen klar, dass die Initiative \u00fcber diese Situation hinausgehen soll: Statt vor\u00fcbergehendem Applaus verdienen Pflegende dauerhafte gesellschaftliche Wertsch\u00e4tzung. Hierf\u00fcr entwickelt die Initiative ein starkes gesellschaftliches Netzwerk.<br>Mit PFUNK bietet sie zudem eine kostenlose Community-App f\u00fcr starke Pflegende an. Mehr Informationen auf\u00a0<a rel=\"noreferrer noopener\" href=\"https:\/\/deref-web.de\/mail\/client\/artFWLUxmHg\/dereferrer\/?redirectUrl=http%3A%2F%2Fwww.pflegesterne.de\" target=\"_blank\">www.pflegesterne.de<\/a>.<\/p>\n\n\n\n<h4 class=\"wp-block-heading\">\u00dcber eismann:<\/h4>\n\n\n\n<p>Der in Mettmann ans\u00e4ssige Direktvertrieb f\u00fcr Tiefk\u00fchlkost bedient seit \u00fcber 40 Jahren Kunden in ganz Deutschland, die Genuss und Qualit\u00e4t sch\u00e4tzen. Mehr als 800 selbstst\u00e4ndige Handelsvertreter und \u00fcber 400 Mitarbeiter k\u00fcmmern sich um Ihre Kunden und die bequeme Versorgung mit hochwertigen Eis- und Tiefk\u00fchlspezialit\u00e4ten. Diese werden im regelm\u00e4\u00dfigen Besuchsrhythmus, im Onlineshop oder \u00fcber den Katalog angeboten.<\/p>\n\n\n\n<p><em>eismann Tiefk\u00fchl-Heimservice GmbH<br>21.03.2021<\/em><\/p>\n\n\n\n<h1 class=\"wp-block-heading\" style=\"text-align:center\"><strong>REWE Markt GmbH &#8211; Zweigniederlassung S\u00fcdwest<\/strong><\/h1>\n\n\n\n<div class=\"wp-block-image\"><figure class=\"aligncenter\"><img decoding=\"async\" loading=\"lazy\" width=\"800\" height=\"277\" src=\"https:\/\/speyer24news.com\/wp-content\/uploads\/2021\/03\/REWE.png\" alt=\"\" class=\"wp-image-34366\" srcset=\"https:\/\/speyer24news.com\/wp-content\/uploads\/2021\/03\/REWE.png 800w, https:\/\/speyer24news.com\/wp-content\/uploads\/2021\/03\/REWE-300x104.png 300w, https:\/\/speyer24news.com\/wp-content\/uploads\/2021\/03\/REWE-768x266.png 768w\" sizes=\"(max-width: 800px) 100vw, 800px\" \/><\/figure><\/div>\n\n\n\n<h2 class=\"wp-block-heading\">Genusspartnerschaft geschlossen<\/h2>\n\n\n\n<h3 class=\"wp-block-heading\">REWE S\u00fcdwest ist neuer Handelspartner beim \u201egro\u00dfen SWR3 Grillen\u201c mit Starkoch Johann Lafer<\/h3>\n\n\n\n<div class=\"wp-block-image\"><figure class=\"aligncenter\"><img decoding=\"async\" loading=\"lazy\" width=\"800\" height=\"450\" src=\"https:\/\/speyer24news.com\/wp-content\/uploads\/2021\/03\/SWR3-Grillen-Bj\u00f6rn-Pados.jpg\" alt=\"\" class=\"wp-image-34367\" srcset=\"https:\/\/speyer24news.com\/wp-content\/uploads\/2021\/03\/SWR3-Grillen-Bj\u00f6rn-Pados.jpg 800w, https:\/\/speyer24news.com\/wp-content\/uploads\/2021\/03\/SWR3-Grillen-Bj\u00f6rn-Pados-300x169.jpg 300w, https:\/\/speyer24news.com\/wp-content\/uploads\/2021\/03\/SWR3-Grillen-Bj\u00f6rn-Pados-768x432.jpg 768w, https:\/\/speyer24news.com\/wp-content\/uploads\/2021\/03\/SWR3-Grillen-Bj\u00f6rn-Pados-678x381.jpg 678w\" sizes=\"(max-width: 800px) 100vw, 800px\" \/><figcaption> Angrillen mit Johann Lafer.<br><em>Foto: Bj\u00f6rn Pados<\/em><\/figcaption><\/figure><\/div>\n\n\n\n<p>Wie passen Garnelen, Schweinefilet und Halloumik\u00e4se zu Erdnussbutter, Bananen und Schokolade?  Beim \u201egro\u00dfen SWR3 Grillen\u201c mit Starkoch Johann Lafer erleben Hobby-Griller seit 2007 wie aus  abwechslungsreichen Zutaten ein harmonisches Vier-G\u00e4nge-Grillmen\u00fc entsteht. Dieses Jahr wird am Sonntag, den 11. April angegrillt! Gemeinsam mit einem noch geheimen Stargast leitet Johann Lafer die H\u00f6rer im Radio und Video-Livestream dazu an, die Zutaten in vier exquisite Gerichte zu verwandeln. Grillfans k\u00f6nnen das Angrillen ab 13 Uhr verfolgen und in Echtzeit mitbrutzeln. Gegrillt  werden eine Vorspeise, ein Zwischengang, ein Hauptgang und ein Dessert &#8211; \u00fcberraschende Geschmackserlebnisse inklusive.<\/p>\n\n\n\n<p>Erstmals als Genussexperte dabei: Der Lebensmittelh\u00e4ndler REWE. Hier gibt es exklusiv alle Lebensmittel der abwechslungsreichen Zutatenliste. \u201eAuf das Event fiebern jedes Jahr tausende begeisterte Griller hin. Die innovativen Rezepte, die lockere Moderation und das Gemeinschaftsgef\u00fchl sind gerade in der aktuellen Zeit eine willkommene und angemessene  Abwechslung. Wir waren sofort Feuer und Flamme, das \u201agro\u00dfe SWR3 Grillen\u2018 mit unserer umfassenden Produktauswahl und unserem Qualit\u00e4tsanspruch zu unterst\u00fctzen\u201c, so Henning Opper, Vorsitzender der Gesch\u00e4ftsleitung REWE S\u00fcdwest. Das Unternehmen wird das \u201egro\u00dfe SWR3 Grillen\u201c zudem mit umfangreichen Werbema\u00dfnahmen in den REWE M\u00e4rkten in Baden-W\u00fcrttemberg und Rheinland-Pfalz begleiten. \u201eDas \u201agro\u00dfe SWR3 Grillen\u2018 ist ein Herzensprojekt von uns. Wir sind froh, REWE als starken und engagierten Partner mit vielen kreativen Ideen gewonnen zu haben. Zusammen k\u00f6nnen wir noch viele weitere grillbegeisterte Teilnehmer gewinnen\u201c, wei\u00df Thomas Jung, Programmchef SWR3.<\/p>\n\n\n\n<p>Was genau auf dem Grill landet, wei\u00df nur der Starkoch. Das Geheimnis um die Rezepte wird erst kurz vor Beginn der Show gel\u00fcftet. Zuvor sind lediglich die Zutaten bekannt. \u201eDie Rezepte, die sind zun\u00e4chst mal, wenn man die \u00dcberschrift liest, einfach. Aber: Wir haben immer wieder daraus dann eine Idee geboren, die aus einer Banane etwas Besonderes werden l\u00e4sst. Also auf jeden Fall ein tolles  SWR3-Grillen mit sehr kreativen, au\u00dfergew\u00f6hnlichen Ideen\u201c, so Johann Lafer. Die Fangemeinschaft kann sich ab sofort auf die ersten Hinweise rund um das gro\u00dfe SWR3 Grillen sowie einen neuen  SWR3-Podcast zum Event freuen.<\/p>\n\n\n\n<p><em>Text: REWE Markt GmbH &#8211; Zweigniederlassung S\u00fcdwest Foto: Bj\u00f6rn Pados<br>21.03.2021<\/em><\/p>\n","protected":false},"excerpt":{"rendered":"<div class=\"mh-excerpt\"><p>Deutsche Rentenversicherung Rheinland-Pfalz Neuer Service der Rentenversicherung &#8211; Rentenberatung per Video im Wohnzimmer Rentenberatung per Video: Diesen neuen Service gibt es jetzt bei der Deutschen Rentenversicherung Rheinland-Pfalz. Die individuelle Beratung zu Hause per Video erg\u00e4nzt <a class=\"mh-excerpt-more\" href=\"https:\/\/speyer24news.com\/?p=34361\" title=\"Wirtschaft, Finanzen &#038; Rente\">[&#8230;]<\/a><\/p>\n<\/div>","protected":false},"author":3,"featured_media":0,"comment_status":"open","ping_status":"open","sticky":false,"template":"","format":"standard","meta":{"_monsterinsights_skip_tracking":false,"_monsterinsights_sitenote_active":false,"_monsterinsights_sitenote_note":"","_monsterinsights_sitenote_category":0,"footnotes":""},"categories":[29],"tags":[9461,10146,10780,10781,10012,10195,10784,10786,10778,10790,10785,8068,5708,10777,8655,10791,10787,10779,10782,10783,5709,10792,10788,1087,4698],"aioseo_notices":[],"amp_enabled":true,"_links":{"self":[{"href":"https:\/\/speyer24news.com\/index.php?rest_route=\/wp\/v2\/posts\/34361"}],"collection":[{"href":"https:\/\/speyer24news.com\/index.php?rest_route=\/wp\/v2\/posts"}],"about":[{"href":"https:\/\/speyer24news.com\/index.php?rest_route=\/wp\/v2\/types\/post"}],"author":[{"embeddable":true,"href":"https:\/\/speyer24news.com\/index.php?rest_route=\/wp\/v2\/users\/3"}],"replies":[{"embeddable":true,"href":"https:\/\/speyer24news.com\/index.php?rest_route=%2Fwp%2Fv2%2Fcomments&post=34361"}],"version-history":[{"count":2,"href":"https:\/\/speyer24news.com\/index.php?rest_route=\/wp\/v2\/posts\/34361\/revisions"}],"predecessor-version":[{"id":34369,"href":"https:\/\/speyer24news.com\/index.php?rest_route=\/wp\/v2\/posts\/34361\/revisions\/34369"}],"wp:attachment":[{"href":"https:\/\/speyer24news.com\/index.php?rest_route=%2Fwp%2Fv2%2Fmedia&parent=34361"}],"wp:term":[{"taxonomy":"category","embeddable":true,"href":"https:\/\/speyer24news.com\/index.php?rest_route=%2Fwp%2Fv2%2Fcategories&post=34361"},{"taxonomy":"post_tag","embeddable":true,"href":"https:\/\/speyer24news.com\/index.php?rest_route=%2Fwp%2Fv2%2Ftags&post=34361"}],"curies":[{"name":"wp","href":"https:\/\/api.w.org\/{rel}","templated":true}]}}