{"id":34414,"date":"2021-03-23T08:22:54","date_gmt":"2021-03-23T07:22:54","guid":{"rendered":"https:\/\/speyer24news.com\/?p=34414"},"modified":"2021-03-23T08:22:54","modified_gmt":"2021-03-23T07:22:54","slug":"hockenheim-74","status":"publish","type":"post","link":"https:\/\/speyer24news.com\/?p=34414","title":{"rendered":"Hockenheim"},"content":{"rendered":"<style type=\"text\/css\">\r\n\t.ads_top_disp{}\r\n\t.ads_top_corner_disp{ float:left; margin:0px 10px 10px 0px; }\r\n\t.ads_first_p_disp{}\r\n\t.ads_bottom_disp{}\r\n\t<\/style>\n<h2 class=\"wp-block-heading\"><strong>Obere\nHauptstra\u00dfe wird um 2. Bauabschnitt erweitert<\/strong><\/h2>\n\n\n\n<p>Die\nBauma\u00dfnahme in der Oberen Hauptstra\u00dfe wird planm\u00e4\u00dfig um den zweiten\nBauabschnitt erweitert. <\/p>\n\n\n\n<p>Zus\u00e4tzlich\nzu dem bereits gesperrten Bereich&nbsp;zwischen\nder Fortunakreuzung und der&nbsp;Mittleren M\u00fchlstra\u00dfe&nbsp;wird\nnun&nbsp;ab Mittwoch, 24. M\u00e4rz,&nbsp;auch\nder Abschnitt&nbsp;zwischen der Oberen\nM\u00fchlstra\u00dfe und dem Bachrain (2. Bauabschnitt)&nbsp;f\u00fcr den Verkehr vollst\u00e4ndig\ngesperrt.&nbsp;&nbsp;<\/p>\n\n\n\n<p>Die Einm\u00fcndungen\nFortunakreuzung, Obere M\u00fchlstra\u00dfe und Bachrain k\u00f6nnen weiterhin genutzt werden.<\/p>\n\n\n\n<p>Die Zufahrt zur\nOberen Hauptstra\u00dfe im Abschnitt zwischen der Oberen M\u00fchlstra\u00dfe und dem\nLutherhaus kann damit nur \u00fcber den Eichhorn-Parkplatz erfolgen.<\/p>\n\n\n\n<p><em>Stadtverwaltung Hockenheim<br>23.03.2021<\/em><\/p>\n\n\n\n<h2 class=\"wp-block-heading\"><strong>Fachbereich Bauen und Wohnen geschlossen<\/strong><\/h2>\n\n\n\n<figure class=\"wp-block-image\"><img decoding=\"async\" src=\"https:\/\/speyer24news.com\/wp-content\/uploads\/2020\/01\/Closed.jpg\" alt=\"\" class=\"wp-image-24022\"\/><\/figure>\n\n\n\n<p>Der Fachbereich Bauen und Wohnen der Stadtverwaltung Hockenheim ist am <strong>Freitag, 26. M\u00e4rz<\/strong>, geschlossen. Hintergrund daf\u00fcr ist eine interne Fortbildungsveranstaltung. Ab Montag, 29. M\u00e4rz, sind die Mitarbeiter des Fachbereichs Bauen und Wohnen wieder im Rahmen der regul\u00e4ren Arbeitszeit erreichbar.<\/p>\n\n\n\n<p><em>Stadtverwaltung Hockenheim<br>23.03.2021<\/em><\/p>\n\n\n\n<h2 class=\"wp-block-heading\"><strong>Reiche Vogelwelt rund um den Kindergarten<\/strong><\/h2>\n\n\n\n<figure class=\"wp-block-image\"><img decoding=\"async\" loading=\"lazy\" width=\"800\" height=\"600\" src=\"https:\/\/speyer24news.com\/wp-content\/uploads\/2021\/03\/2021-03-19-Kinderg\u00e4rten_V\u00f6gel-im-S\u00fcdstadtkindergarten.jpg\" alt=\"\" class=\"wp-image-34424\" srcset=\"https:\/\/speyer24news.com\/wp-content\/uploads\/2021\/03\/2021-03-19-Kinderg\u00e4rten_V\u00f6gel-im-S\u00fcdstadtkindergarten.jpg 800w, https:\/\/speyer24news.com\/wp-content\/uploads\/2021\/03\/2021-03-19-Kinderg\u00e4rten_V\u00f6gel-im-S\u00fcdstadtkindergarten-300x225.jpg 300w, https:\/\/speyer24news.com\/wp-content\/uploads\/2021\/03\/2021-03-19-Kinderg\u00e4rten_V\u00f6gel-im-S\u00fcdstadtkindergarten-768x576.jpg 768w, https:\/\/speyer24news.com\/wp-content\/uploads\/2021\/03\/2021-03-19-Kinderg\u00e4rten_V\u00f6gel-im-S\u00fcdstadtkindergarten-678x509.jpg 678w, https:\/\/speyer24news.com\/wp-content\/uploads\/2021\/03\/2021-03-19-Kinderg\u00e4rten_V\u00f6gel-im-S\u00fcdstadtkindergarten-326x245.jpg 326w, https:\/\/speyer24news.com\/wp-content\/uploads\/2021\/03\/2021-03-19-Kinderg\u00e4rten_V\u00f6gel-im-S\u00fcdstadtkindergarten-80x60.jpg 80w\" sizes=\"(max-width: 800px) 100vw, 800px\" \/><figcaption> Jannis Wickert, Nela Fauerbach, Benjamin Rupp, Jule Meiner, Nika Lauer und Louis Squarra beim Bef\u00fcllen der Futterstationen f\u00fcr die V\u00f6gel (v.l.).<br><em>Foto: S\u00fcdstadtkindergarten Hockenheim<\/em><\/figcaption><\/figure>\n\n\n\n<p>Kinder, die Spa\u00df am Spielen und Toben auf\nihrem Spielplatzgel\u00e4nde haben und trotzdem viele Tiere beobachten k\u00f6nnen? Kein\nProblem, denn im S\u00fcdstadtkindergarten passt das gut zusammen. Die Kinder haben\nunl\u00e4ngst die Vogel- und Tierwelt rund um den Kindergarten erkundet. Vom\nInsektenhotel, Bereichen mit Wildblumen, dem Igelhotel bis zum\nSchmetterlingshaus und Nistk\u00e4sten ist alles vorhanden. Regelm\u00e4\u00dfig werden\nau\u00dferdem die V\u00f6gel gef\u00fcttert, verteilt an mehreren Stationen auf dem Gel\u00e4nde.\nUnd diese Futterhilfe sorgt zusammen mit Wald \u2013 und Feld N\u00e4he f\u00fcr eine gro\u00dfe\nVogelvielfalt und viele Beobachtungsm\u00f6glichkeiten.<\/p>\n\n\n\n<p>Ein wichtiger Aspekt in Zeiten sinkender\nTierzahlen, weshalb es dem Kindergarten wichtig ist, schon den Kleinen\nZusammenh\u00e4nge im Kreislauf Mensch und Natur zu vermitteln. So entsteht\nspielerisch ein toller Lernort ganz nebenbei. Da stellt die eine Gruppe aus\nleeren Orangenh\u00e4lften eine zus\u00e4tzliche Futterm\u00f6glichkeit her, andere Kinder\nhelfen beim Bef\u00fcllen der Beh\u00e4lter oder bringen Futterspenden von zu Hause mit.<\/p>\n\n\n\n<h4 class=\"wp-block-heading\">Buntspecht seltener Gast<\/h4>\n\n\n\n<p>Viele andere Kinder schaffen es schon, die\nV\u00f6gel, die sie gesehen haben auf einer Liste anzukreuzen \u2013 kennen sogar den\nUnterschied zwischen Haus und Feldspatz. Sie erkennen die V\u00f6gel beim Klick-Fix\nRate-Quiz. Sechszehn verschiedene Vogelarten wie Blau- und Kohlmeise, Amseln,\nKleiber, Buchfink, Rotkelchen, Spatzen, Star und andere konnten die Kinder im\nS\u00fcdstadtkindergarten schon entdecken.<\/p>\n\n\n\n<p>Besonders begeistert schauen sie aus dem\nFenster, wenn der Buntspecht mal wieder an der Meisenkn\u00f6del-Station h\u00e4ngt oder\nEichelh\u00e4her und Elster \u00fcber den Spielplatz h\u00fcpfen. Oft sagen die Kinder auch: \u201e\nPst leise \u2013 h\u00f6rte doch mal\u201c und dann lauschen alle dem tollen Vogelchor der\nSpatzen in der Hecke. Oder es wird das Mittagessen unterbrochen, weil wieder\nein Vogel im Futterh\u00e4uschen entdeckt wurde. Die Bachstelzen inspizieren bereits\nihre Brutst\u00e4tten unter dem Dach der Kita, w\u00e4hrend die Nistk\u00e4sten schon von\nSpatz und Meise in Augenschein genommen wurden. Vielleicht k\u00f6nnen die Kinder ja\nbald den Vogelnachwuchs beim Spielen beobachten und so das Thema V\u00f6gel weiter\nvertiefen.<\/p>\n\n\n\n<p><em>Text: Stadtverwaltung Hockenheim Foto: S\u00fcdstadtkindergarten Hockenheim<br>23.03.2021<\/em><\/p>\n\n\n\n<h2 class=\"wp-block-heading\"><strong>Gewinner des Kreativwettbewerbs pr\u00e4miert<\/strong><\/h2>\n\n\n\n<figure class=\"wp-block-image\"><img decoding=\"async\" loading=\"lazy\" width=\"800\" height=\"495\" src=\"https:\/\/speyer24news.com\/wp-content\/uploads\/2021\/03\/2021-03-18-Verwaltung_Sieger-Kreativwettbewerb_Bild-1.jpg\" alt=\"\" class=\"wp-image-34419\" srcset=\"https:\/\/speyer24news.com\/wp-content\/uploads\/2021\/03\/2021-03-18-Verwaltung_Sieger-Kreativwettbewerb_Bild-1.jpg 800w, https:\/\/speyer24news.com\/wp-content\/uploads\/2021\/03\/2021-03-18-Verwaltung_Sieger-Kreativwettbewerb_Bild-1-300x186.jpg 300w, https:\/\/speyer24news.com\/wp-content\/uploads\/2021\/03\/2021-03-18-Verwaltung_Sieger-Kreativwettbewerb_Bild-1-768x475.jpg 768w\" sizes=\"(max-width: 800px) 100vw, 800px\" \/><figcaption> v.l.: Die Preis-Jurymitglieder OB-Referent Christoph Henninger, OB Marcus Zeitler (Sonderpreis), Gemeinder\u00e4te B\u00e4rbel Hesping (Platz 2), Marina Nottbohm (Platz 1), Oliver Grein (Platz 3), Jochen Vetter und B\u00fcrgermeister Thomas Jakob-Lichtenberg nach der Auswahlsitzung im neuen B\u00fcrgersaal des Rathauses.<br><em>Foto: Stadtverwaltung Hockenheim\/Fotografen Lenhardt<\/em><\/figcaption><\/figure>\n\n\n\n<p>Die Stadtverwaltung Hockenheim lobte Anfang\ndes Jahres den\nKreativwettbewerb \u201eWir sind Hockenheim\u201c aus. Die von rund 25 Personen eingereichten Ideen in Form von\nkreativen Slogans, Spr\u00fcchen und\/oder Logos sollen die Grundlage f\u00fcr die\nEntwicklung einer Wort-Bild-Marke liefern, mit der die Stadt k\u00fcnftig \u00f6ffentlich\nauftritt. Die eingesetzte Preis-Jury hat jetzt Corona konform getagt, \u00fcber die\nIdeen debattiert und abgestimmt. Die Gewinner des Wettbewerbs stehen fest.<\/p>\n\n\n\n<p>\u201eWir danken allen Teilnehmerinnen und Teilnehmer f\u00fcr ihre Mitwirkung. Die eingereichten Vorschl\u00e4ge waren kreativ, vielf\u00e4ltig und haben zur Diskussion \u00fcber das Thema angeregt\u201c, sagt Oberb\u00fcrgermeister Marcus Zeitler. Er \u00fcbernahm den Vorsitz der Preis-Jury. Zeitler weiter: \u201eWir waren begeistert zu sehen, mit wie viel Herz und Ideenreichtum sich die Teilnehmer \u00fcber Hockenheim Gedanken gemacht haben.\u201c<\/p>\n\n\n\n<div class=\"wp-block-image\"><figure class=\"aligncenter\"><img decoding=\"async\" loading=\"lazy\" width=\"800\" height=\"450\" src=\"https:\/\/speyer24news.com\/wp-content\/uploads\/2021\/03\/2021-03-18-Verwaltung_Sieger-Kreativwettbewerb_Bild-2.jpg\" alt=\"\" class=\"wp-image-34420\" srcset=\"https:\/\/speyer24news.com\/wp-content\/uploads\/2021\/03\/2021-03-18-Verwaltung_Sieger-Kreativwettbewerb_Bild-2.jpg 800w, https:\/\/speyer24news.com\/wp-content\/uploads\/2021\/03\/2021-03-18-Verwaltung_Sieger-Kreativwettbewerb_Bild-2-300x169.jpg 300w, https:\/\/speyer24news.com\/wp-content\/uploads\/2021\/03\/2021-03-18-Verwaltung_Sieger-Kreativwettbewerb_Bild-2-768x432.jpg 768w, https:\/\/speyer24news.com\/wp-content\/uploads\/2021\/03\/2021-03-18-Verwaltung_Sieger-Kreativwettbewerb_Bild-2-678x381.jpg 678w\" sizes=\"(max-width: 800px) 100vw, 800px\" \/><figcaption> Platz 1: \u201eGro\u00dfe Kreisstadt Hockenheim \u2013 hier geht\u00b4s rund\u201c von Valentin Rothbauer.<br><em>Foto: Stadtverwaltung Hockenheim<\/em><\/figcaption><\/figure><\/div>\n\n\n\n<h4 class=\"wp-block-heading\">Ring\nund H\u00d6P im Fokus<\/h4>\n\n\n\n<p>Den ersten Platz belegte Valentin Rothbauer aus Hockenheim. Seine Idee mit dem Slogan \u201eGro\u00dfe Kreisstadt Hockenheim \u2013 hier geht\u00b4s rund!\u201c begeisterte die Jury vor allem wegen der grafischen Aufbereitung. Das Logo \u2013 ein geschwungenes \u201eS\u201c mit Steg \u2013 kann mehrfach interpretiert werden: Als Kraichbach-Verlauf mit Br\u00fccke oder als Rennkurve mit Start-Ziel-Ampel dar\u00fcber. Diese Deutung weist auf den Hockenheimring und das Hochwasserschutz und \u00d6kologieprojekt Hockenheim (H\u00d6P) hin \u2013 zwei bedeutende Imagetr\u00e4ger f\u00fcr die Stadt. Daf\u00fcr bekommt er VIP-Tickets f\u00fcr zwei Personen f\u00fcr die NitrOlympX 2021 geschenkt.<\/p>\n\n\n\n<div class=\"wp-block-image\"><figure class=\"aligncenter\"><img decoding=\"async\" loading=\"lazy\" width=\"500\" height=\"528\" src=\"https:\/\/speyer24news.com\/wp-content\/uploads\/2021\/03\/2021-03-18-Verwaltung_Sieger-Kreativwettbewerb_Bild-3.jpg\" alt=\"\" class=\"wp-image-34421\" srcset=\"https:\/\/speyer24news.com\/wp-content\/uploads\/2021\/03\/2021-03-18-Verwaltung_Sieger-Kreativwettbewerb_Bild-3.jpg 500w, https:\/\/speyer24news.com\/wp-content\/uploads\/2021\/03\/2021-03-18-Verwaltung_Sieger-Kreativwettbewerb_Bild-3-284x300.jpg 284w\" sizes=\"(max-width: 500px) 100vw, 500px\" \/><figcaption> Platz 2: \u201eHockenheim \u2013 gemeinsam Gas geben\u201c von Tabea Gottmann.<br> <em>Foto: Stadtverwaltung Hockenheim<\/em><\/figcaption><\/figure><\/div>\n\n\n\n<p>\u00dcber\nden Besuch der Show \u201eGlanz auf dem Vulkan\u201c in der Stadthalle mit Begleitung und\nAbendessen im Restaurant Rondeau kann sich die Zweitplatzierte Tabea Gottmann\naus Hockenheim freuen. Unter \u201eHockenheim \u2013 gemeinsam Gas geben\u201c steht der\nRennreifen f\u00fcr den Hockenheimring. Die darin enthaltenen Farben spiegeln das\nStadtwappen wieder. Die Dynamik und die Parallelen zu den bekannten Jubil\u00e4umslogos\nsprachen die Preis-Jury bei der Entscheidung an.<\/p>\n\n\n\n<p>An dritter Stelle wird Familie Schmidt aus Hockenheim pr\u00e4miert. Im Mittelpunkt des eingereichten Vorschlags steht eine Grafik mit den Gemarkungsgrenzen der Stadt und dem Stadtwappen darin. Der Slogan \u201eHockenheim Bringt\u00b4s!\u201c weist auf sympathische Weise auf die Verkn\u00fcpfung der Stadt mit dem Hockenheimring hin. Das geschwungene \u201eR\u201c gibt dem Vorschlag eine positive Dringlichkeit f\u00fcr die Besonderheiten Hockenheims. Daf\u00fcr erh\u00e4lt Familie Schmidt einen Wertgutschein des Aquadrom in H\u00f6he von 50 Euro.<\/p>\n\n\n\n<div class=\"wp-block-image\"><figure class=\"aligncenter\"><img decoding=\"async\" loading=\"lazy\" width=\"800\" height=\"417\" src=\"https:\/\/speyer24news.com\/wp-content\/uploads\/2021\/03\/2021-03-18-Verwaltung_Sieger-Kreativwettbewerb_Bild-4.jpg\" alt=\"\" class=\"wp-image-34422\" srcset=\"https:\/\/speyer24news.com\/wp-content\/uploads\/2021\/03\/2021-03-18-Verwaltung_Sieger-Kreativwettbewerb_Bild-4.jpg 800w, https:\/\/speyer24news.com\/wp-content\/uploads\/2021\/03\/2021-03-18-Verwaltung_Sieger-Kreativwettbewerb_Bild-4-300x156.jpg 300w, https:\/\/speyer24news.com\/wp-content\/uploads\/2021\/03\/2021-03-18-Verwaltung_Sieger-Kreativwettbewerb_Bild-4-768x400.jpg 768w\" sizes=\"(max-width: 800px) 100vw, 800px\" \/><figcaption> Platz 3: \u201eHockenheim Bringt\u00b4s!\u201c von Familie Schmidt.<br><em>Foto: Stadtverwaltung Hockenheim<\/em><\/figcaption><\/figure><\/div>\n\n\n\n<h4 class=\"wp-block-heading\">Sonderpreis\nund Ver\u00f6ffentlichung in sozialen Medien<\/h4>\n\n\n\n<p>Die Jury entschloss sich unter dem Eindruck der vielen kreativen Ideen f\u00fcr besondere W\u00fcrdigungen. Das Gremium sprach einen Sonderpreis aus. Er geht an den 13-j\u00e4hrigen Mirko G\u00f6tz und seinen Vorschlag \u201eHoogi\u201c, ein s\u00fc\u00dfes Eichh\u00f6rnchen mit Rennfahrerm\u00fctze und Stadtwappen. Dar\u00fcber hinaus erhalten alle nicht pr\u00e4mierten Teilnehmerinnen und Teilnehmer f\u00fcr ihre Mitwirkung eine HMV-Rennstadtkarte im Wert von zehn Euro als kleines Zeichen der Anerkennung.<\/p>\n\n\n\n<div class=\"wp-block-image\"><figure class=\"aligncenter\"><img decoding=\"async\" loading=\"lazy\" width=\"800\" height=\"568\" src=\"https:\/\/speyer24news.com\/wp-content\/uploads\/2021\/03\/2021-03-18-Verwaltung_Sieger-Kreativwettbewerb_Bild-5.jpg\" alt=\"\" class=\"wp-image-34423\" srcset=\"https:\/\/speyer24news.com\/wp-content\/uploads\/2021\/03\/2021-03-18-Verwaltung_Sieger-Kreativwettbewerb_Bild-5.jpg 800w, https:\/\/speyer24news.com\/wp-content\/uploads\/2021\/03\/2021-03-18-Verwaltung_Sieger-Kreativwettbewerb_Bild-5-300x213.jpg 300w, https:\/\/speyer24news.com\/wp-content\/uploads\/2021\/03\/2021-03-18-Verwaltung_Sieger-Kreativwettbewerb_Bild-5-768x545.jpg 768w\" sizes=\"(max-width: 800px) 100vw, 800px\" \/><figcaption> Sonderpreis: \u201eHoggi\u201c von Mirko G\u00f6tz.<br><em>Foto: Stadtverwaltung Hockenheim<\/em><\/figcaption><\/figure><\/div>\n\n\n\n<p>Eine Auswahl der eingereichten Vorschl\u00e4ge\nwird in der Woche vom 22. bis 26. M\u00e4rz auf der \u00f6ffentlich zug\u00e4nglichen Facebook-Seite\nder Stadtverwaltung Hockenheim pr\u00e4sentiert. Die urspr\u00fcnglich angedachte\nAusstellung im Rathaus ist wegen des Coronavirus nicht m\u00f6glich. Die Preis-Jury\nsetzte sich neben Oberb\u00fcrgermeister Marcus Zeitler und B\u00fcrgermeister Thomas\nJakob-Lichtenberg aus Mitgliedern des Gemeinderats (B\u00e4rbel Hesping, Marina\nNottbohm, Oliver Grein, Jochen Vetter) und der Stadtverwaltung (Christoph\nHenninger, Christian Stalf, Judith B\u00f6seke, Donald Pape-Rese und Sylvie Rese)\nzusammen.<\/p>\n\n\n\n<p><em>Text: Stadtverwaltung Hockenheim Foto: (1) Stadtverwaltung Hockenheim\/Fotografen Lenhardt; (2-5) Stadtverwaltung Hockenheim<br>23.03.2021<\/em><\/p>\n\n\n\n<h2 class=\"wp-block-heading\"><strong>Auf digitalen Wegen zur Mobilit\u00e4t von morgen<\/strong><\/h2>\n\n\n\n<figure class=\"wp-block-image\"><img decoding=\"async\" loading=\"lazy\" width=\"800\" height=\"508\" src=\"https:\/\/speyer24news.com\/wp-content\/uploads\/2021\/03\/2021-03-18-Verwaltung_Klimamobilit\u00e4tskonzept.jpg\" alt=\"\" class=\"wp-image-34418\" srcset=\"https:\/\/speyer24news.com\/wp-content\/uploads\/2021\/03\/2021-03-18-Verwaltung_Klimamobilit\u00e4tskonzept.jpg 800w, https:\/\/speyer24news.com\/wp-content\/uploads\/2021\/03\/2021-03-18-Verwaltung_Klimamobilit\u00e4tskonzept-300x191.jpg 300w, https:\/\/speyer24news.com\/wp-content\/uploads\/2021\/03\/2021-03-18-Verwaltung_Klimamobilit\u00e4tskonzept-768x488.jpg 768w\" sizes=\"(max-width: 800px) 100vw, 800px\" \/><\/figure>\n\n\n\n<p>Die Stadt Hockenheim setzt wegen den Vorgaben der Corona-Verordnung die B\u00fcrgerbeteiligung zum klimafreundlichen Mobilit\u00e4tskonzept mit einem Online-Workshop in Form einer Videokonferenz f\u00fcr B\u00fcrgerinnen und B\u00fcrger am <strong>Dienstag, 23. M\u00e4rz 2021, um 17 Uhr<\/strong> fort. Oberb\u00fcrgermeister Marcus Zeitler, die Stadtverwaltung Hockenheim sowie das Planungsb\u00fcro R+T freuen sich darauf, viele interessierte B\u00fcrgerinnen und B\u00fcrger begr\u00fc\u00dfen zu d\u00fcrfen. Die B\u00fcrgerbeteiligung l\u00e4uft bis zum 19. April 2021.<\/p>\n\n\n\n<h4 class=\"wp-block-heading\">Konzept m\u00f6chte klimafreundliche Mobilit\u00e4t erm\u00f6glichen<\/h4>\n\n\n\n<p>Vorrangige Ziele des klimafreundlichen Mobilit\u00e4tskonzepts sind die\nVerbesserung der Mobilit\u00e4t f\u00fcr alle Verkehrsteilnehmer durch die Beseitigung\nvon M\u00e4ngeln\/Gefahrenstellen, die Herstellung attraktiver Angebote und sichere\nWegeverbindungen sowie den Klimaschutz voranzutreiben durch Vermeidung\nbeziehungsweise Verlagerung von Kfz-Fahrten.<\/p>\n\n\n\n<p>Im Sommer 2020 fand die erste B\u00fcrgerbeteiligung statt, bei der es\nzun\u00e4chst darum ging, Probleme und Konflikte zu identifizieren. Im Anschluss\ndaran hat das B\u00fcro R+T nun erste L\u00f6sungsvorschl\u00e4ge f\u00fcr die verschiedenen\nVerkehrsmittel erarbeitet, wie diese Ziele erreicht und die Probleme behoben\nwerden k\u00f6nnen. <\/p>\n\n\n\n<p>So geht es beispielsweise darum, ein Kfz-armes Stadtzentrum mit m\u00f6glichst\nvollst\u00e4ndiger Herausnahme des Durchgangsverkehrs umzusetzen sowie den\nRadverkehr zu f\u00f6rdern und innerst\u00e4dtische Vorrangrouten zu identifizieren, auf\ndenen eine sichere und l\u00fcckenlose Radverkehrsf\u00fchrung hergestellt werden soll. Au\u00dferdem\nsoll die Aufenthaltsqualit\u00e4t der Innenstadt f\u00fcr Fu\u00dfg\u00e4nger erh\u00f6ht werden und\nGehwege auf eine angemessene Breite \u00fcberpr\u00fcft werden. Aber auch die Verbesserung\n\u00fcber\u00f6rtlicher \u00d6PNV-Verbindungen und die Einf\u00fchrung von Car-Sharing-Angeboten\nspielen eine Rolle.<\/p>\n\n\n\n<p>Diese Vorschl\u00e4ge \u2013 und noch viele mehr \u2013 m\u00f6chte die Stadt gemeinsam mit\nden B\u00fcrgerinnen und B\u00fcrgern weiter erg\u00e4nzen und konkretisieren. Daf\u00fcr soll eine\nVideokonferenz stattfinden, bei der Ma\u00dfnahmenvorschl\u00e4ge gemeinsam diskutiert\nwerden k\u00f6nnen.<\/p>\n\n\n\n<h4 class=\"wp-block-heading\">Durchf\u00fchrung der Videokonferenz<\/h4>\n\n\n\n<p>Die Teilnahme an der Videokonferenz l\u00e4uft \u00fcber das Videokonferenzsystem\n\u201eCisco Webex\u201c und ist generell mit allen \u00fcblichen Internetbrowsern m\u00f6glich \u2013\ndie vorherige Installation der Cisco Webex-Software beziehungsweise der App\nwird jedoch empfohlen. Im Vorfeld der eigentlichen Konferenz wird es zus\u00e4tzlich\neinen Testtermin am Montag, 22. M\u00e4rz, 17 bis 18 Uhr, geben, an dem jeder\nInteressierte den Zugang zu dem eingesetzten Videokonferenzsystem \u201eCisco Webex\u201c\nausprobieren kann.<\/p>\n\n\n\n<p>Wer sich in die Konferenz einbringen m\u00f6chte, kann dies mit der virtuellen\n\u201eHandhebefunktion\u201c im eingesetzten Videokonferenzsystem tun. Er wird dann vom\nModerator zugeschaltet.<\/p>\n\n\n\n<p>Interessenten erhalten die Zugangsdaten f\u00fcr die Videokonferenz und den vorherigen Probelauf nach Anmeldung bei der Stadt Hockenheim. Sie ist bei Stefanie Simonis unter der E-Mail-Adresse <a href=\"s.simonis@hockenheim.de\">s.simonis@hockenheim.de<\/a> oder unter der Telefonnummer 06205 21-416 m\u00f6glich.<\/p>\n\n\n\n<p>F\u00fcr B\u00fcrgerinnen und B\u00fcrger, die nicht an der Videokonferenz teilnehmen k\u00f6nnen, besteht dar\u00fcber hinaus die M\u00f6glichkeit sich \u00fcber Plakate in den Fenstern der Stadthalle, im Schaukasten vor der Stadtbibliothek Hockenheim oder \u00fcber die Beteiligungsplattform <a href=\"https:\/\/www.mitmachen-hockenheim.de\">https:\/\/www.mitmachen-hockenheim.de<\/a> zu informieren. Die weiteren Ideen, Anregungen und Kritik zum Handlungskonzept\/Ma\u00dfnahmenvorschl\u00e4ge k\u00f6nnen entweder \u00fcber die Beteiligungsplattform oder schriftlich bei Stefanie Simonis abgegeben werden.<\/p>\n\n\n\n<h4 class=\"wp-block-heading\">Termine f\u00fcr die B\u00fcrgerbeteiligung zum klimafreundlichen\nMobilit\u00e4tskonzept:<\/h4>\n\n\n\n<ul><li><strong>Montag, 22. M\u00e4rz, 17 bis 18 Uhr: Probelauf beziehungsweise Test.<\/strong><\/li><li><strong>Dienstag, 23. M\u00e4rz, 17 Uhr: Digitale B\u00fcrgerbeteiligung<\/strong><\/li><\/ul>\n\n\n\n<p><em>Stadtverwaltung Hockenheim<br>23.03.2021<\/em><\/p>\n\n\n\n<h2 class=\"wp-block-heading\"><strong>Licht aus f\u00fcr Umweltschutz<\/strong><\/h2>\n\n\n\n<div class=\"wp-block-image\"><figure class=\"aligncenter\"><img decoding=\"async\" loading=\"lazy\" width=\"500\" height=\"889\" src=\"https:\/\/speyer24news.com\/wp-content\/uploads\/2021\/03\/2018-03-18-Stadtwerke_Earth-Hour_Bild-1.jpg\" alt=\"\" class=\"wp-image-34416\" srcset=\"https:\/\/speyer24news.com\/wp-content\/uploads\/2021\/03\/2018-03-18-Stadtwerke_Earth-Hour_Bild-1.jpg 500w, https:\/\/speyer24news.com\/wp-content\/uploads\/2021\/03\/2018-03-18-Stadtwerke_Earth-Hour_Bild-1-169x300.jpg 169w\" sizes=\"(max-width: 500px) 100vw, 500px\" \/><figcaption> Ein gewohntes Bild: Der Wasserturm in Hockenheim erstrahlt bei Dunkelheit im Licht. Am 27. M\u00e4rz ist er wegen der \u201eWWF Earth Hour\u201c in Dunkelheit geh\u00fcllt.<br><em>Foto: Stadtwerke Hockenheim<\/em><\/figcaption><\/figure><\/div>\n\n\n\n<p>Lichtschalter, ein oder aus? Klimaschutz, ja oder nein? Weltweit stimmen Menschen, St\u00e4dte und Unternehmen w\u00e4hrend der Earth Hour 2021 f\u00fcr mehr Klimaschutz. Sie schalten am <strong>Samstag, 27. M\u00e4rz, um 20.30 Uhr<\/strong> f\u00fcr eine Stunde das Licht aus. Bekannte Bauwerke stehen wieder in symbolischer Dunkelheit, darunter Wahrzeichen wie das Brandenburger Tor, der Big Ben in London und die Christusstatue in Rio de Janeiro. Auch die Stadtwerke Hockenheim sind in diesem Jahr wieder dabei und schalten eine Stunde lang die Beleuchtung des Wasserturms ab, um ein Zeichen f\u00fcr den Umwelt- und Klimaschutz zu setzen. <\/p>\n\n\n\n<p>Martina\nWilk, Werkleitung der Stadtwerke Hockenheim, fordert die B\u00fcrgerinnen und B\u00fcrger\nauf, sich ebenfalls zu beteiligen: \u201eDie Earth Hour zeigt, wie Menschen\ngemeinsam auf der ganzen Welt f\u00fcr den Erhalt des Planeten k\u00e4mpfen. Jede und\nJeder kann sich mit dem symbolischen Lichtausschalten in den eigenen vier\nW\u00e4nden beteiligen.\u201c Dinner in the Dark, Verstecken spielen mit den Kindern,\nmalen mit Leuchtfarben: Der WWF l\u00e4dt alle ein, bei der Earth Hour digital\nmitzumachen und unter dem Hashtag #LichtAus und #EarthHour davon zu erz\u00e4hlen. <\/p>\n\n\n\n<h4 class=\"wp-block-heading\">Aktion deutschlandweit nachgefragt<\/h4>\n\n\n\n<figure class=\"wp-block-image\"><img decoding=\"async\" loading=\"lazy\" width=\"800\" height=\"534\" src=\"https:\/\/speyer24news.com\/wp-content\/uploads\/2021\/03\/2018-03-18-Stadtwerke_Earth-Hour_Bild-2_Nina_Mumm-WWF.jpg\" alt=\"\" class=\"wp-image-34417\" srcset=\"https:\/\/speyer24news.com\/wp-content\/uploads\/2021\/03\/2018-03-18-Stadtwerke_Earth-Hour_Bild-2_Nina_Mumm-WWF.jpg 800w, https:\/\/speyer24news.com\/wp-content\/uploads\/2021\/03\/2018-03-18-Stadtwerke_Earth-Hour_Bild-2_Nina_Mumm-WWF-300x200.jpg 300w, https:\/\/speyer24news.com\/wp-content\/uploads\/2021\/03\/2018-03-18-Stadtwerke_Earth-Hour_Bild-2_Nina_Mumm-WWF-768x513.jpg 768w\" sizes=\"(max-width: 800px) 100vw, 800px\" \/><figcaption> Licht aus f\u00fcr nachhaltigen Klimaschutz hei\u00dft es auch am 27. M\u00e4rz wieder in Hockenheim. <em>Foto: Nina Mumm-WWF<\/em><\/figcaption><\/figure>\n\n\n\n<p>In\nDeutschland steht die weltweite Aktion 2021 ganz im Zeichen des Klimaschutzes.\nDie n\u00e4chsten zehn Jahre sind entscheidend, um eine Eskalation der Klimakrise zu\nverhindern. Wenn es nicht gelingt, die Erderhitzung auf deutlich unter zwei\nGrad zu begrenzen, drohen katastrophale Konsequenzen f\u00fcr Mensch und Natur. Jede\nsechste Art k\u00f6nnte aussterben. Wetterextreme werden h\u00e4ufiger \u2013 Waldbr\u00e4nde,\nD\u00fcrren und \u00dcberflutungen heftiger. Jedes zehntel Grad z\u00e4hlt. Alle k\u00f6nnen am\nLichtschalter ein Zeichen setzen, dass die Erderhitzung auch in Zeiten der\nCorona-Pandemie nicht vergessen ist. <\/p>\n\n\n\n<p>Die\nEarth Hour des WWF findet dieses Jahr bereits zum f\u00fcnfzehnten Mal statt. Ihren\nAnfang nahm die Aktion im Jahr 2007 in Sydney. Mittlerweile wird die \u201eStunde\nder Erde\u201c auf allen Kontinenten in mehr als 180 L\u00e4ndern veranstaltet. Weltweit\nnehmen mehr als 7.000 St\u00e4dte teil, allein in Deutschland waren es 367 im\nvergangenen Jahr. <\/p>\n\n\n\n<p>Alle Infos und Orte gibt es beim WWF Deutschland auf <a href=\"http:\/\/www.wwf.de\/earth-hour\">www.wwf.de\/earth-hour<\/a>.<\/p>\n\n\n\n<p><em>Text: Stadtwerke Hockenheim Foto: (1) Stadtwerke Hockenheim; (2) Nina Mumm \/ WWF<br>23.03.2021<\/em><\/p>\n\n\n\n<h2 class=\"wp-block-heading\"><strong>Hockenheimer Ausbildungstag wird digital<\/strong><\/h2>\n\n\n\n<div class=\"wp-block-image\"><figure class=\"aligncenter\"><img decoding=\"async\" loading=\"lazy\" width=\"800\" height=\"534\" src=\"https:\/\/speyer24news.com\/wp-content\/uploads\/2021\/03\/2021-03-18-Verwaltung_Ausbildungstag-digital.jpg\" alt=\"\" class=\"wp-image-34415\" srcset=\"https:\/\/speyer24news.com\/wp-content\/uploads\/2021\/03\/2021-03-18-Verwaltung_Ausbildungstag-digital.jpg 800w, https:\/\/speyer24news.com\/wp-content\/uploads\/2021\/03\/2021-03-18-Verwaltung_Ausbildungstag-digital-300x200.jpg 300w, https:\/\/speyer24news.com\/wp-content\/uploads\/2021\/03\/2021-03-18-Verwaltung_Ausbildungstag-digital-768x513.jpg 768w\" sizes=\"(max-width: 800px) 100vw, 800px\" \/><figcaption> Die Stadtverwaltung Hockenheim l\u00e4dt die Sch\u00fclerinnen und Sch\u00fcler am 25. M\u00e4rz zum Ausbildungstag 2.0 ein.<br><em>Foto: Stadtverwaltung Hockenheim<\/em><\/figcaption><\/figure><\/div>\n\n\n\n<p>Mehr als 1.000 Besucher, zahlreiche Aussteller und umso mehr Ausbildungspl\u00e4tze: Der Hockenheimer Ausbildungstag ist in der Region eine wichtige Anlaufstelle f\u00fcr Jugendliche, um nach der Schule den ersten Schritt ins Berufsleben zu machen. Mehr als die H\u00e4lfte der Aussteller beim Ausbildungstag kamen zuletzt 2019 aus Hockenheim und der Verwaltungsgemeinschaft, was einen wichtigen Beitrag zur Wirtschaftsf\u00f6rderung darstellt. Die Nachfrage nach dem Ausbildungstag ist weiterhin gro\u00df, insbesondere nach seiner Absage im letzten Jahr. Vor dem Hintergrund der konstant hohen Corona-Fallzahlen findet deshalb dieses Jahr ein \u201eHockenheimer Ausbildungstag 2.0\u201c statt. Er ist am <strong>Donnerstag, 25. M\u00e4rz 2021, ab 9 Uhr<\/strong>, auf der Karriereseite der Stadtverwaltung Hockenheim abrufbar und kann bis 31. Mai angesehen werden.<\/p>\n\n\n\n<p>An diesem Tag pr\u00e4sentieren sich wieder\nzahlreiche Aussteller aus der Metropolregion Rhein-Neckar mit ihren\nAusbildungsangeboten. Diese umfassen klassische Ausbildungsberufe, schulische\nAngebote und Duale Studieng\u00e4ngen. Die auf dem digitalen Hockenheimer\nAusbildungstag vertretenen Arbeitgeber sind wieder vielf\u00e4ltig: ABB,\nHeidelberger Druckmaschinen, Sparkasse Heidelberg, Rheinmetall und der Zoll\nsind nur einige Namen. Auch Hockenheimer Arbeitgeber wie Engelbert Strauss GmbH\n&amp; Co. KG, das Altenheim St. Elisabeth, Globus oder die AOK Hockenheim sind\nvertreten. Sie informieren \u00fcber sich, ihre Ausbildung und bieten weiterf\u00fchrende\nVerlinkungen auf eigene digitale Angebote.<\/p>\n\n\n\n<h4 class=\"wp-block-heading\">Stadt Hockenheim als Arbeitgeber mit an\nBord<\/h4>\n\n\n\n<p>Die Stadt Hockenheim pr\u00e4sentiert sich beim\n\u201eAusbildungstag 2.0\u201c ebenfalls als Arbeitgeber. Sie bietet eine breite Palette\nvon Ausbildungsberufen in der Verwaltung und bei den Stadtwerken Hockenheim.\nDie M\u00f6glichkeiten reichen von einer Lehre zum Verwaltungsangestellten \u00fcber die\nAusbildung zum Elektroniker f\u00fcr Energie- und Geb\u00e4udetechnik bis hin zu Dualen\nBachelor-Studieng\u00e4ngen, beispielsweise f\u00fcr Soziale Arbeit. Auf der\nKarriere-Seite der Stadt, auf der auch der digitale Ausbildungstag pr\u00e4sentiert\nwird, k\u00f6nnen dazu alle relevanten Infos abgerufen werden.<\/p>\n\n\n\n<p>\u201eIm letzten Jahr musste der Hockenheimer\nAusbildungstag wegen Corona nach \u00fcber 15 Jahren das erste Mal ausfallen. Diese\nEntscheidung m\u00f6chten wir 2021 nicht wiederholen. Deshalb haben wir uns f\u00fcr das\ndigitale Format entschieden\u201c, sagt Oberb\u00fcrgermeister Marcus Zeitler.\nM\u00f6glicherweise ist im n\u00e4chsten Jahr eine Durchf\u00fchrung in der Stadthalle wieder\nm\u00f6glich, meint er. \u201eWir bedanken uns auf jeden Fall bei allen beteiligten\nUnternehmen und Einrichtungen f\u00fcr ihre Mitwirkung beim \u00b4Ausbildungstag 2.0\u00b4.\nUnd euch, liebe Sch\u00fclerinnen und Sch\u00fcler, viel Erfolg beim \u201edigitalen St\u00f6bern\u201c\nund f\u00fcr den ersten Schritt in einen neuen Lebensabschnitt\u201c, so Zeitler weiter.<\/p>\n\n\n\n<p><em>Stadtverwaltung Hockenheim<br>23.03.2021<\/em><\/p>\n","protected":false},"excerpt":{"rendered":"<div class=\"mh-excerpt\"><p>Obere Hauptstra\u00dfe wird um 2. Bauabschnitt erweitert Die Bauma\u00dfnahme in der Oberen Hauptstra\u00dfe wird planm\u00e4\u00dfig um den zweiten Bauabschnitt erweitert. Zus\u00e4tzlich zu dem bereits gesperrten Bereich&nbsp;zwischen der Fortunakreuzung und der&nbsp;Mittleren M\u00fchlstra\u00dfe&nbsp;wird nun&nbsp;ab Mittwoch, 24. M\u00e4rz,&nbsp;auch <a class=\"mh-excerpt-more\" href=\"https:\/\/speyer24news.com\/?p=34414\" title=\"Hockenheim\">[&#8230;]<\/a><\/p>\n<\/div>","protected":false},"author":3,"featured_media":33076,"comment_status":"open","ping_status":"open","sticky":false,"template":"","format":"standard","meta":{"_monsterinsights_skip_tracking":false,"_monsterinsights_sitenote_active":false,"_monsterinsights_sitenote_note":"","_monsterinsights_sitenote_category":0,"footnotes":""},"categories":[489],"tags":[10829,490,10589,10828,491,10824,108,10830,9435,10827,9436,8037,10823,3814,10825,10826],"aioseo_notices":[],"amp_enabled":true,"_links":{"self":[{"href":"https:\/\/speyer24news.com\/index.php?rest_route=\/wp\/v2\/posts\/34414"}],"collection":[{"href":"https:\/\/speyer24news.com\/index.php?rest_route=\/wp\/v2\/posts"}],"about":[{"href":"https:\/\/speyer24news.com\/index.php?rest_route=\/wp\/v2\/types\/post"}],"author":[{"embeddable":true,"href":"https:\/\/speyer24news.com\/index.php?rest_route=\/wp\/v2\/users\/3"}],"replies":[{"embeddable":true,"href":"https:\/\/speyer24news.com\/index.php?rest_route=%2Fwp%2Fv2%2Fcomments&post=34414"}],"version-history":[{"count":1,"href":"https:\/\/speyer24news.com\/index.php?rest_route=\/wp\/v2\/posts\/34414\/revisions"}],"predecessor-version":[{"id":34425,"href":"https:\/\/speyer24news.com\/index.php?rest_route=\/wp\/v2\/posts\/34414\/revisions\/34425"}],"wp:featuredmedia":[{"embeddable":true,"href":"https:\/\/speyer24news.com\/index.php?rest_route=\/wp\/v2\/media\/33076"}],"wp:attachment":[{"href":"https:\/\/speyer24news.com\/index.php?rest_route=%2Fwp%2Fv2%2Fmedia&parent=34414"}],"wp:term":[{"taxonomy":"category","embeddable":true,"href":"https:\/\/speyer24news.com\/index.php?rest_route=%2Fwp%2Fv2%2Fcategories&post=34414"},{"taxonomy":"post_tag","embeddable":true,"href":"https:\/\/speyer24news.com\/index.php?rest_route=%2Fwp%2Fv2%2Ftags&post=34414"}],"curies":[{"name":"wp","href":"https:\/\/api.w.org\/{rel}","templated":true}]}}