{"id":34432,"date":"2021-03-23T11:09:08","date_gmt":"2021-03-23T10:09:08","guid":{"rendered":"https:\/\/speyer24news.com\/?p=34432"},"modified":"2021-03-23T11:09:08","modified_gmt":"2021-03-23T10:09:08","slug":"hassloch-92","status":"publish","type":"post","link":"https:\/\/speyer24news.com\/?p=34432","title":{"rendered":"Ha\u00dfloch"},"content":{"rendered":"<style type=\"text\/css\">\r\n\t.ads_top_disp{}\r\n\t.ads_top_corner_disp{ float:left; margin:0px 10px 10px 0px; }\r\n\t.ads_first_p_disp{}\r\n\t.ads_bottom_disp{}\r\n\t<\/style>\n<h2 class=\"wp-block-heading\">Neue Beschicker testen den Ha\u00dflocher Wochenmarkt<\/h2>\n\n\n\n<div class=\"wp-block-image\"><figure class=\"aligncenter\"><img decoding=\"async\" loading=\"lazy\" width=\"375\" height=\"500\" src=\"https:\/\/speyer24news.com\/wp-content\/uploads\/2021\/03\/Wochenmarkt.jpg\" alt=\"\" class=\"wp-image-34433\" srcset=\"https:\/\/speyer24news.com\/wp-content\/uploads\/2021\/03\/Wochenmarkt.jpg 375w, https:\/\/speyer24news.com\/wp-content\/uploads\/2021\/03\/Wochenmarkt-225x300.jpg 225w\" sizes=\"(max-width: 375px) 100vw, 375px\" \/><\/figure><\/div>\n\n\n\n<p>Immer samstags in der Zeit von 07:00 bis 12:00 Uhr hat der Ha\u00dflocher Wochenmarkt auf dem Rathausplatz ge\u00f6ffnet. Seit \u00fcber 30 Jahren k\u00fcmmern sich die Marktbeschicker Woche f\u00fcr Woche um das Wohlergehen ihrer Kunden vor Ort. Frische und Kundenn\u00e4he spielen hier eine gro\u00dfe Rolle im pers\u00f6nlichen Umgang: Nicht zuletzt, weil sie die Regionalit\u00e4t und das pers\u00f6nliche Miteinander sch\u00e4tzen, kaufen die Ha\u00dflocher auf dem Wochenmarkt ein und genie\u00dfen die Marktatmosph\u00e4re im Ortskern. <\/p>\n\n\n\n<p>Der Wochenmarkt z\u00e4hlt derzeit 14 Beschicker, von denen neun w\u00f6chentlich und f\u00fcnf saisonal vertreten sind. Das Werben neuer Beschicker ist oftmals gar nicht so einfach, denn an Samstagen haben zahlreiche St\u00e4dte und Gemeinden Markttage und somit viele Beschicker ihren festen Platz. Dennoch gelingt es der Gemeinde immer wieder, neue Beschicker f\u00fcr Testtage zu gewinnen. Das ist auch an den beiden Samstagen vor Ostern der Fall. Insgesamt werden drei neue Beschicker vor Ort sein, die im Rahmen von Testtagen schauen m\u00f6chten, ob der Ha\u00dflocher Wochenmarkt zuk\u00fcnftig f\u00fcr mehrere Markttage im Jahr in Frage kommt.<\/p>\n\n\n\n<h4 class=\"wp-block-heading\">Wochenmarkt am 27. M\u00e4rz 2021: <\/h4>\n\n\n\n<p>Am 27. M\u00e4rz werden durch den Blumenhandel \u201epetit fleur\u201c aus Muggensturm bei Rastatt verschiedene saisonale Pflanzen angeboten. Bereits am 20. M\u00e4rz hat das Blumengesch\u00e4ft einen Testtag auf dem Wochenmarkt absolviert und wird auch am 03. April ein weiteres Mal in Ha\u00dfloch vertreten sein. \u201eDa ein dauerhaftes Angebot von Pflanzen derzeit fehlt, sind wir froh, dass \u201apetit fleur\u2018 vorl\u00e4ufig f\u00fcr drei Termine bei uns zu Gast ist\u201c, so Florian Bayer, Ansprechpartner f\u00fcr den Wochenmarkt bei der Gemeinde. Dar\u00fcber hinaus wird am 27. M\u00e4rz 2021 ein Verkaufsstand mit Backwaren der Neustadter Traditionsb\u00e4ckerei Liebenstein auf dem Wochenmarkt zu Gast sein.<\/p>\n\n\n\n<h4 class=\"wp-block-heading\">Wochenmarkt am 03. April 2021:<\/h4>\n\n\n\n<p>Neben dem Blumenhandel \u201epetit fleur\u201c wird am 03. April der mobile Imbiss  \u201eVitaminbunker\u201c auf dem Wochenmarkt Halt machen. Der \u201eVitaminbunker\u201c verspricht vegetarische Gerichte, die aus saisonalen und regionalen Produkten frisch zubereitet werden. So gibt es beispielsweisen Foodboxen und Bowls, aber auch Brote und Snacks f\u00fcr den kleinen Hunger zwischendurch.<\/p>\n\n\n\n<p>Auch weiterhin sind interessierte Beschicker jederzeit willkommen. Neben dem oft nachgefragten Angebot an Pflanzen, ist man beispielsweise auch auf der Suche nach einem Fischverkauf. Dar\u00fcber hinaus nutzen auch Schulen, Kinderg\u00e4rten und Vereine in regelm\u00e4\u00dfigen Abst\u00e4nden den Wochenmarkt f\u00fcr einen Kuchenverkauf, Infostand oder \u00e4hnliches (wenn es die Corona-Bestimmungen zulassen). Anmeldungen f\u00fcr entsprechende Angebote werden das gesamte Jahr \u00fcber entgegen genommen. Ansprechpartner f\u00fcr den Wochenmarkt ist Florian Bayer (Tel.: 06324\/935-360, Mail: <a href=\"florian.bayer@hassloch.de\">florian.bayer@hassloch.de<\/a>).<\/p>\n\n\n\n<p><em>Gemeindeverwaltung Ha\u00dfloch<br>23.03.2021<\/em><\/p>\n\n\n\n<h2 class=\"wp-block-heading\">Gemeindeb\u00fccherei und Tourist-Information vorerst wieder nur nach vorheriger Terminvereinbarung ge\u00f6ffnet<\/h2>\n\n\n\n<p>Da im Landkreis Bad D\u00fcrkheim die 7-Tage Inzidenz zuletzt an drei aufeinanderfolgenden Tagen \u00fcber 50 lag, greift seit dem 20.03.2021 die Allgemeinverf\u00fcgung des Landkreises, wonach einige zuletzt geltende Lockerungen zur\u00fcckgenommen werden mussten. Bei den Einrichtungen der Gemeindeverwaltung betrifft das die B\u00fccherei und die Tourist-Information.<\/p>\n\n\n\n<h4 class=\"wp-block-heading\">Gemeindeb\u00fccherei:<\/h4>\n\n\n\n<figure class=\"wp-block-image\"><img decoding=\"async\" loading=\"lazy\" width=\"800\" height=\"594\" src=\"https:\/\/speyer24news.com\/wp-content\/uploads\/2021\/03\/B\u00fccher.jpg\" alt=\"\" class=\"wp-image-33731\" srcset=\"https:\/\/speyer24news.com\/wp-content\/uploads\/2021\/03\/B\u00fccher.jpg 800w, https:\/\/speyer24news.com\/wp-content\/uploads\/2021\/03\/B\u00fccher-300x223.jpg 300w, https:\/\/speyer24news.com\/wp-content\/uploads\/2021\/03\/B\u00fccher-768x570.jpg 768w, https:\/\/speyer24news.com\/wp-content\/uploads\/2021\/03\/B\u00fccher-80x60.jpg 80w\" sizes=\"(max-width: 800px) 100vw, 800px\" \/><\/figure>\n\n\n\n<p>In der Gemeindeb\u00fccherei gilt wieder die \u00d6ffnung nach vorheriger Terminvereinbarung. Wer die B\u00fccherei also zu den \u00fcblichen \u00d6ffnungszeiten besuchen m\u00f6chte, kann einen Termin telefonisch unter 06324\/935-451 oder 935-453 vereinbaren. Vor Ort gilt die versch\u00e4rfte  Maskenpflicht (FFP2 Maske oder medizinische Maske). Desinfektionsm\u00f6glichkeiten stehen am Eingang zur Verf\u00fcgung.<\/p>\n\n\n\n<p>Parallel zur \u00d6ffnung nach vorheriger Terminvereinbarung wurde der Bestell- und Abholservice reaktiviert. Medien aus dem Bestand der B\u00fccherei k\u00f6nnen telefonisch  (06324\/935-451) oder per Mail (<a href=\"gemeindebuecherei@hassloch.de\">gemeindebuecherei@hassloch.de<\/a>) bestellt und zu den bekannten \u00d6ffnungszeiten in der B\u00fccherei abgeholt werden. Das Team der B\u00fccherei gibt bei jeder Bestellung R\u00fcckmeldung, ab wann die bestellten Medien zum Abholen bereit liegen.<\/p>\n\n\n\n<p>Trotz eingeschr\u00e4nkter \u00d6ffnung k\u00f6nnen ausgeliehene Medien auch ohne vorherigen Termin zu den bekannten \u00d6ffnungszeiten zur\u00fcckgegeben werden. \u00dcber den Tisch im Eingangsbereich der B\u00fccherei k\u00f6nnen ausgeliehene Medien kontaktlos abgegeben werden. Das Team der  B\u00fccherei bittet, diese M\u00f6glichkeit zu nutzen, um auch allen anderen Leserinnen und Lesern die Medien zur Verf\u00fcgung stellen zu k\u00f6nnen.<\/p>\n\n\n\n<p>\u00d6ffnungszeiten der B\u00fccherei: Dienstag und Donnerstag von 10:00 bis 14:00 Uhr, Mittwoch  und Freitag von 14:00 bis 19:00 Uhr sowie samstags von 10:00 bis 12:00 Uhr.<\/p>\n\n\n\n<h4 class=\"wp-block-heading\">Tourist-Information:<\/h4>\n\n\n\n<p>Auch in der Tourist-Information ist ab sofort wieder eine vorherige Terminvereinbarung notwendig. Die Dauer des Termins richtet sich individuell nach dem jeweiligen Anliegen. Hierzu einfach eine E-Mail schreiben oder telefonisch Kontakt aufnehmen, den Terminwunsch sowie das Anliegen mitteilen und das Team der Tourist-Information bereitet alles vor. \u201eEgal ob Informationen oder Prospekte ben\u00f6tigt werden oder ein Weinpr\u00e4sent f\u00fcr den n\u00e4chsten Geburtstag her muss, wir helfen gerne weiter\u201c, so die Leiterin der Tourist-Information Annika Dietz. Auch Spontantermine sind m\u00f6glich.<\/p>\n\n\n\n<p>Die Tourist-Information ist telefonisch unter 06324\/935-225 oder per Mail an <a href=\"touristinfo@hassloch.de\">touristinfo@hassloch.de<\/a> zu erreichen. Ge\u00f6ffnet ist Montag bis Freitag von 9:00 bis 12.30 Uhr sowie Montag bis Donnerstag von 14:00 bis 16:00 Uhr. Vor Ort gilt die versch\u00e4rfte Maskenpflicht (FFP2 Maske oder medizinische Maske). Desinfektionsm\u00f6glichkeiten stehen am Eingang zur Verf\u00fcgung. <\/p>\n\n\n\n<p><em>Gemeindeverwaltung Ha\u00dfloch<br>23.03.2021<\/em><\/p>\n","protected":false},"excerpt":{"rendered":"<div class=\"mh-excerpt\"><p>Neue Beschicker testen den Ha\u00dflocher Wochenmarkt Immer samstags in der Zeit von 07:00 bis 12:00 Uhr hat der Ha\u00dflocher Wochenmarkt auf dem Rathausplatz ge\u00f6ffnet. Seit \u00fcber 30 Jahren k\u00fcmmern sich die Marktbeschicker Woche f\u00fcr Woche <a class=\"mh-excerpt-more\" href=\"https:\/\/speyer24news.com\/?p=34432\" title=\"Ha\u00dfloch\">[&#8230;]<\/a><\/p>\n<\/div>","protected":false},"author":3,"featured_media":23914,"comment_status":"open","ping_status":"open","sticky":false,"template":"","format":"standard","meta":{"_monsterinsights_skip_tracking":false,"_monsterinsights_sitenote_active":false,"_monsterinsights_sitenote_note":"","_monsterinsights_sitenote_category":0,"footnotes":""},"categories":[235],"tags":[10837,10835,3482,180,10836,6977,10838,44,6306],"aioseo_notices":[],"amp_enabled":true,"_links":{"self":[{"href":"https:\/\/speyer24news.com\/index.php?rest_route=\/wp\/v2\/posts\/34432"}],"collection":[{"href":"https:\/\/speyer24news.com\/index.php?rest_route=\/wp\/v2\/posts"}],"about":[{"href":"https:\/\/speyer24news.com\/index.php?rest_route=\/wp\/v2\/types\/post"}],"author":[{"embeddable":true,"href":"https:\/\/speyer24news.com\/index.php?rest_route=\/wp\/v2\/users\/3"}],"replies":[{"embeddable":true,"href":"https:\/\/speyer24news.com\/index.php?rest_route=%2Fwp%2Fv2%2Fcomments&post=34432"}],"version-history":[{"count":1,"href":"https:\/\/speyer24news.com\/index.php?rest_route=\/wp\/v2\/posts\/34432\/revisions"}],"predecessor-version":[{"id":34434,"href":"https:\/\/speyer24news.com\/index.php?rest_route=\/wp\/v2\/posts\/34432\/revisions\/34434"}],"wp:featuredmedia":[{"embeddable":true,"href":"https:\/\/speyer24news.com\/index.php?rest_route=\/wp\/v2\/media\/23914"}],"wp:attachment":[{"href":"https:\/\/speyer24news.com\/index.php?rest_route=%2Fwp%2Fv2%2Fmedia&parent=34432"}],"wp:term":[{"taxonomy":"category","embeddable":true,"href":"https:\/\/speyer24news.com\/index.php?rest_route=%2Fwp%2Fv2%2Fcategories&post=34432"},{"taxonomy":"post_tag","embeddable":true,"href":"https:\/\/speyer24news.com\/index.php?rest_route=%2Fwp%2Fv2%2Ftags&post=34432"}],"curies":[{"name":"wp","href":"https:\/\/api.w.org\/{rel}","templated":true}]}}