{"id":34449,"date":"2021-03-24T07:05:06","date_gmt":"2021-03-24T06:05:06","guid":{"rendered":"https:\/\/speyer24news.com\/?p=34449"},"modified":"2021-03-24T07:05:06","modified_gmt":"2021-03-24T06:05:06","slug":"corona-stadtnotizen-aus-speyer-13","status":"publish","type":"post","link":"https:\/\/speyer24news.com\/?p=34449","title":{"rendered":"Corona &#038; Stadtnotizen aus Speyer"},"content":{"rendered":"<style type=\"text\/css\">\r\n\t.ads_top_disp{}\r\n\t.ads_top_corner_disp{ float:left; margin:0px 10px 10px 0px; }\r\n\t.ads_first_p_disp{}\r\n\t.ads_bottom_disp{}\r\n\t<\/style>\n<h1 class=\"wp-block-heading\">Coronafallzahlen von Dienstag (23.03.2021)<\/h1>\n\n\n\n<figure class=\"wp-block-image\"><img decoding=\"async\" loading=\"lazy\" width=\"800\" height=\"400\" src=\"https:\/\/speyer24news.com\/wp-content\/uploads\/2020\/02\/virus-1812092_1920.jpg\" alt=\"\" class=\"wp-image-25128\" srcset=\"https:\/\/speyer24news.com\/wp-content\/uploads\/2020\/02\/virus-1812092_1920.jpg 800w, https:\/\/speyer24news.com\/wp-content\/uploads\/2020\/02\/virus-1812092_1920-300x150.jpg 300w, https:\/\/speyer24news.com\/wp-content\/uploads\/2020\/02\/virus-1812092_1920-768x384.jpg 768w\" sizes=\"(max-width: 800px) 100vw, 800px\" \/><\/figure>\n\n\n\n<p>Anzahl best\u00e4tigter F\u00e4lle von Coronavirus (SARS-CoV-2)-Infektionen in der Stadt Speyer:\u00a02108 ( +5 )<br>Davon bereits genesen:\u00a01929<br>Todesf\u00e4lle: 80 ( unver\u00e4ndert ) <br>Gemeldete F\u00e4lle der letzten sieben Tage pro 100.000 Einwohner*innen (Inzidenz): 118,7 ( unver\u00e4ndert ) <br><strong>Warnstufe: Rot<\/strong><\/p>\n\n\n\n<p>Stand: 23.03.2021, 14:10 Uhr<\/p>\n\n\n\n<div class=\"wp-block-image\"><figure class=\"aligncenter\"><img decoding=\"async\" loading=\"lazy\" width=\"500\" height=\"675\" src=\"https:\/\/speyer24news.com\/wp-content\/uploads\/2021\/03\/Karte_Stufen_2021-03-23.jpg\" alt=\"\" class=\"wp-image-34450\" srcset=\"https:\/\/speyer24news.com\/wp-content\/uploads\/2021\/03\/Karte_Stufen_2021-03-23.jpg 500w, https:\/\/speyer24news.com\/wp-content\/uploads\/2021\/03\/Karte_Stufen_2021-03-23-222x300.jpg 222w\" sizes=\"(max-width: 500px) 100vw, 500px\" \/><\/figure><\/div>\n\n\n\n<p><em>Landesuntersuchungsamt Rheinland-Pfalz<br>24.03.2021<\/em><\/p>\n\n\n\n<h1 class=\"wp-block-heading\" style=\"text-align:center\">Stadtnotizen<\/h1>\n\n\n\n<figure class=\"wp-block-image\"><img decoding=\"async\" loading=\"lazy\" width=\"800\" height=\"600\" src=\"https:\/\/speyer24news.com\/wp-content\/uploads\/2020\/01\/Speyer-Stadtnachrichten-2.jpg\" alt=\"\" class=\"wp-image-23901\" srcset=\"https:\/\/speyer24news.com\/wp-content\/uploads\/2020\/01\/Speyer-Stadtnachrichten-2.jpg 800w, https:\/\/speyer24news.com\/wp-content\/uploads\/2020\/01\/Speyer-Stadtnachrichten-2-300x225.jpg 300w, https:\/\/speyer24news.com\/wp-content\/uploads\/2020\/01\/Speyer-Stadtnachrichten-2-768x576.jpg 768w, https:\/\/speyer24news.com\/wp-content\/uploads\/2020\/01\/Speyer-Stadtnachrichten-2-678x509.jpg 678w, https:\/\/speyer24news.com\/wp-content\/uploads\/2020\/01\/Speyer-Stadtnachrichten-2-326x245.jpg 326w, https:\/\/speyer24news.com\/wp-content\/uploads\/2020\/01\/Speyer-Stadtnachrichten-2-80x60.jpg 80w\" sizes=\"(max-width: 800px) 100vw, 800px\" \/><\/figure>\n\n\n\n<h2 class=\"wp-block-heading\"><strong>Stadtvorstand beschlie\u00dft Aussetzung der Elternbeitr\u00e4ge f\u00fcr den Monat April<\/strong><\/h2>\n\n\n\n<figure class=\"wp-block-image\"><img decoding=\"async\" loading=\"lazy\" width=\"800\" height=\"574\" src=\"https:\/\/speyer24news.com\/wp-content\/uploads\/2020\/03\/Info-142-Corona-Stundung.jpg\" alt=\"\" class=\"wp-image-25954\" srcset=\"https:\/\/speyer24news.com\/wp-content\/uploads\/2020\/03\/Info-142-Corona-Stundung.jpg 800w, https:\/\/speyer24news.com\/wp-content\/uploads\/2020\/03\/Info-142-Corona-Stundung-300x215.jpg 300w, https:\/\/speyer24news.com\/wp-content\/uploads\/2020\/03\/Info-142-Corona-Stundung-768x551.jpg 768w\" sizes=\"(max-width: 800px) 100vw, 800px\" \/><\/figure>\n\n\n\n<p>Zur finanziellen Entlastung von Eltern hat der Stadtvorstand beschlossen, dass die Elternbeitr\u00e4ge f\u00fcr die Inanspruchnahme der Kinderbetreuung von Kindern unter zwei Jahren sowie schulpflichtigen Kindern in Kindertagesst\u00e4tten in st\u00e4dtischer Tr\u00e4gerschaft pandemiebedingt ausgesetzt werden. &nbsp;&nbsp;&nbsp;&nbsp;&nbsp;&nbsp;&nbsp;&nbsp;&nbsp;&nbsp;<br>Nachdem bereits im Februar 2021 die Elternbeitr\u00e4ge erlassen wurden, fiel nun die Entscheidung, auch im April die hundertprozentige Aussetzung der Elternbeitr\u00e4ge zu gew\u00e4hrleisten.<\/p>\n\n\n\n<p>\u201eDa die Kindertagesst\u00e4tten zur\u00fcck in den eingeschr\u00e4nkten Regelbetrieb gehen mussten und es somit zu gr\u00f6\u00dferen Einschr\u00e4nkungen der Betreuungsangebote kommt, m\u00f6chten wir den Familien Unterst\u00fctzung bieten. Zugleich wollen wir ein Zeichen setzen, da den&nbsp;Familien in dieser Pandemie einiges abverlangt wird und kaum finanzielle Erleichterung erfahren\u201c, betont B\u00fcrgermeisterin und Sozialdezernentin Monika Kabs.<\/p>\n\n\n\n<p>Elternbeitr\u00e4ge, die per Dauerauftrag an die Stadt Speyer angewiesen werden, m\u00fcssen im Februar durch die Eltern ausgesetzt werden. SEPA-Mandate hingegen werden f\u00fcr diesen Monat seitens der Einrichtungen aufgehoben. Ansprechpartnerin in dieser Angelegenheit ist Alexandra Oppinger, die unter 06232 14-1935 telefonisch erreichbar ist.<\/p>\n\n\n\n<p>Eine Aussetzung der Verpflegungskostenbeitr\u00e4ge erfolgt nicht.<\/p>\n\n\n\n<p><em>Stadtverwaltung Speyer<br>24.03.2021<\/em><\/p>\n","protected":false},"excerpt":{"rendered":"<div class=\"mh-excerpt\"><p>Coronafallzahlen von Dienstag (23.03.2021) Anzahl best\u00e4tigter F\u00e4lle von Coronavirus (SARS-CoV-2)-Infektionen in der Stadt Speyer:\u00a02108 ( +5 )Davon bereits genesen:\u00a01929Todesf\u00e4lle: 80 ( unver\u00e4ndert ) Gemeldete F\u00e4lle der letzten sieben Tage pro 100.000 Einwohner*innen (Inzidenz): 118,7 ( <a class=\"mh-excerpt-more\" href=\"https:\/\/speyer24news.com\/?p=34449\" title=\"Corona &#038; Stadtnotizen aus Speyer\">[&#8230;]<\/a><\/p>\n<\/div>","protected":false},"author":3,"featured_media":23902,"comment_status":"open","ping_status":"open","sticky":false,"template":"","format":"standard","meta":{"_monsterinsights_skip_tracking":false,"_monsterinsights_sitenote_active":false,"_monsterinsights_sitenote_note":"","_monsterinsights_sitenote_category":0,"footnotes":""},"categories":[9],"tags":[6401,8404,6367,6940,8725,6359,6370,5904,6358,8749,7003,5801,6342,9343,10852,6,657,1296],"aioseo_notices":[],"amp_enabled":true,"_links":{"self":[{"href":"https:\/\/speyer24news.com\/index.php?rest_route=\/wp\/v2\/posts\/34449"}],"collection":[{"href":"https:\/\/speyer24news.com\/index.php?rest_route=\/wp\/v2\/posts"}],"about":[{"href":"https:\/\/speyer24news.com\/index.php?rest_route=\/wp\/v2\/types\/post"}],"author":[{"embeddable":true,"href":"https:\/\/speyer24news.com\/index.php?rest_route=\/wp\/v2\/users\/3"}],"replies":[{"embeddable":true,"href":"https:\/\/speyer24news.com\/index.php?rest_route=%2Fwp%2Fv2%2Fcomments&post=34449"}],"version-history":[{"count":1,"href":"https:\/\/speyer24news.com\/index.php?rest_route=\/wp\/v2\/posts\/34449\/revisions"}],"predecessor-version":[{"id":34451,"href":"https:\/\/speyer24news.com\/index.php?rest_route=\/wp\/v2\/posts\/34449\/revisions\/34451"}],"wp:featuredmedia":[{"embeddable":true,"href":"https:\/\/speyer24news.com\/index.php?rest_route=\/wp\/v2\/media\/23902"}],"wp:attachment":[{"href":"https:\/\/speyer24news.com\/index.php?rest_route=%2Fwp%2Fv2%2Fmedia&parent=34449"}],"wp:term":[{"taxonomy":"category","embeddable":true,"href":"https:\/\/speyer24news.com\/index.php?rest_route=%2Fwp%2Fv2%2Fcategories&post=34449"},{"taxonomy":"post_tag","embeddable":true,"href":"https:\/\/speyer24news.com\/index.php?rest_route=%2Fwp%2Fv2%2Ftags&post=34449"}],"curies":[{"name":"wp","href":"https:\/\/api.w.org\/{rel}","templated":true}]}}