{"id":34452,"date":"2021-03-24T07:13:10","date_gmt":"2021-03-24T06:13:10","guid":{"rendered":"https:\/\/speyer24news.com\/?p=34452"},"modified":"2021-03-24T07:13:11","modified_gmt":"2021-03-24T06:13:11","slug":"speyer-59","status":"publish","type":"post","link":"https:\/\/speyer24news.com\/?p=34452","title":{"rendered":"Speyer"},"content":{"rendered":"<style type=\"text\/css\">\r\n\t.ads_top_disp{}\r\n\t.ads_top_corner_disp{ float:left; margin:0px 10px 10px 0px; }\r\n\t.ads_first_p_disp{}\r\n\t.ads_bottom_disp{}\r\n\t<\/style>\n<h2 class=\"wp-block-heading\"><strong>Offenlage des Bebauungsplanentwurfs \u201e\u00d6stliches Erlichgebiet &#8211; \u00c4nderungsplanung Waldstra\u00dfe\u201c<\/strong><\/h2>\n\n\n\n<div class=\"wp-block-image\"><figure class=\"aligncenter\"><img decoding=\"async\" loading=\"lazy\" width=\"800\" height=\"407\" src=\"https:\/\/speyer24news.com\/wp-content\/uploads\/2021\/03\/waldstrasse.jpg\" alt=\"\" class=\"wp-image-34453\" srcset=\"https:\/\/speyer24news.com\/wp-content\/uploads\/2021\/03\/waldstrasse.jpg 800w, https:\/\/speyer24news.com\/wp-content\/uploads\/2021\/03\/waldstrasse-300x153.jpg 300w, https:\/\/speyer24news.com\/wp-content\/uploads\/2021\/03\/waldstrasse-768x391.jpg 768w\" sizes=\"(max-width: 800px) 100vw, 800px\" \/><\/figure><\/div>\n\n\n\n<p><strong>Ab sofort bis einschlie\u00dflich 22. April 2021<\/strong> findet die Auslegung des Bebauungsplanentwurfes Nr. 016 A \u201e\u00d6stliches Erlichgebiet &#8211; \u00c4nderungsplanung Waldstra\u00dfe\u201c statt.\u00a0\u00a0\u00a0\u00a0<br>Mit dem vorhabenbezogenen Bebauungsplan werden die planungsrechtlichen Voraussetzungen f\u00fcr die geplante Wohnbebauung geschaffen, eine geordnete st\u00e4dtebauliche Entwicklung gew\u00e4hrleistet und der Deckung der Wohnbed\u00fcrfnisse der Bev\u00f6lkerung Rechnung getragen (\u00a7 1 Abs. 6 Nr. 2 BauGB).<\/p>\n\n\n\n<p>Die Auslegung des Entwurfs zum oben genannten Bauleitplanverfahren erfolgt gem\u00e4\u00df \u00a7&nbsp;3&nbsp;Abs.&nbsp;1 des Planungssicherstellungsgesetzes (PlanSiG) in elektronischer Form durch eine Ver\u00f6ffentlichung auf der Homepage der Stadt Speyer unter&nbsp;<a href=\"https:\/\/deref-web.de\/mail\/client\/EVeYjXDItks\/dereferrer\/?redirectUrl=https%3A%2F%2Fwww.speyer.de%2Fde%2Fstandort%2Fbauen%2Fbauleitplaene-im-verfahren%2F016-a-oestliches-erlichgebiet-aenderungsplanung-waldstrasse-vorhabenbezogener-bebauungsplan%2F\" target=\"_blank\" rel=\"noreferrer noopener\">https:\/\/www.speyer.de\/de\/standort\/bauen\/bauleitplaene-im-verfahren\/016-a-oestliches-erlichgebiet-aenderungsplanung-waldstrasse-vorhabenbezogener-bebauungsplan\/<\/a><\/p>\n\n\n\n<p>Um Einsicht in die auszulegenden Unterlagen nehmen zu k\u00f6nnen, bietet die Stadt Speyer im oben genannten Zeitraum zudem den Versand der Unterlagen in Papierform an.<\/p>\n\n\n\n<figure class=\"wp-block-image\"><img decoding=\"async\" loading=\"lazy\" width=\"800\" height=\"625\" src=\"https:\/\/speyer24news.com\/wp-content\/uploads\/2021\/03\/waldstrasse-1.jpg\" alt=\"\" class=\"wp-image-34454\" srcset=\"https:\/\/speyer24news.com\/wp-content\/uploads\/2021\/03\/waldstrasse-1.jpg 800w, https:\/\/speyer24news.com\/wp-content\/uploads\/2021\/03\/waldstrasse-1-300x234.jpg 300w, https:\/\/speyer24news.com\/wp-content\/uploads\/2021\/03\/waldstrasse-1-768x600.jpg 768w\" sizes=\"(max-width: 800px) 100vw, 800px\" \/><\/figure>\n\n\n\n<p>Zus\u00e4tzlich kann der Planentwurf im Foyer im Erdgeschoss des Rathauses der Stadt Speyer, Maximilianstra\u00dfe 12, w\u00e4hrend der Dienstzeiten montags bis donnerstags von 8.00 bis 12.00 und 14.00 bis 16.00 Uhr und freitags von 8.00 bis 12.00 Uhr sowie nach Vereinbarung eingesehen werden.&nbsp;&nbsp;&nbsp;&nbsp;&nbsp;&nbsp;&nbsp;&nbsp;<br>Im Stadthaus gelten die Hygiene- und Abstandsregelungen sowie die Verpflichtung zum Tragen einer OP-Maske oder einer Maske des Standards KN95\/N95 bzw. FFP2. Bei einer Aufenthaltszeit von mehr als 15 Minuten im Dienstgeb\u00e4ude ist die Kontaktnachvollziehbarkeit mittels ausgelegter Erfassungsbogen sicherzustellen.<\/p>\n\n\n\n<p>Stellungnahmen zum Bebauungsplan k\u00f6nnen schriftlich, per E-Mail oder per Onlineformular\u00a0<a rel=\"noreferrer noopener\" href=\"https:\/\/deref-web.de\/mail\/client\/_PLiFIQmvu0\/dereferrer\/?redirectUrl=http%3A%2F%2Fwww.speyer.de%2Fwaldstrasse-beteiligung\" target=\"_blank\">www.speyer.de\/waldstrasse-beteiligung<\/a>\u00a0unter Angabe von Namen und Adresse abgeben sowie nach Terminvereinbarung vor Ort abgegeben werden. Unter der Telefonnummer 06232 14-2408 sowie per Mail an\u00a0<a rel=\"noreferrer noopener\" href=\"mailto:Stadtplanung@Stadt-Speyer.de\" target=\"_blank\">Stadtplanung@Stadt-Speyer.de<\/a>\u00a0und der Postadresse Stadt Speyer, Abteilung 520 Stadtplanung, Maximilianstra\u00dfe 100, 67346 Speyer k\u00f6nnen die Unterlagen angefordert, Ausk\u00fcnfte erteilt und entsprechende R\u00fccksprachetermine vereinbart werden.<\/p>\n\n\n\n<p><em>Text: Stadtverwaltung Speyer Grafik: Kubath-Faust, Carmen, \u00a9 Stadt Speyer<br>24.03.2021<\/em><\/p>\n","protected":false},"excerpt":{"rendered":"<div class=\"mh-excerpt\"><p>Offenlage des Bebauungsplanentwurfs \u201e\u00d6stliches Erlichgebiet &#8211; \u00c4nderungsplanung Waldstra\u00dfe\u201c Ab sofort bis einschlie\u00dflich 22. April 2021 findet die Auslegung des Bebauungsplanentwurfes Nr. 016 A \u201e\u00d6stliches Erlichgebiet &#8211; \u00c4nderungsplanung Waldstra\u00dfe\u201c statt.\u00a0\u00a0\u00a0\u00a0Mit dem vorhabenbezogenen Bebauungsplan werden die planungsrechtlichen <a class=\"mh-excerpt-more\" href=\"https:\/\/speyer24news.com\/?p=34452\" title=\"Speyer\">[&#8230;]<\/a><\/p>\n<\/div>","protected":false},"author":3,"featured_media":32093,"comment_status":"open","ping_status":"open","sticky":false,"template":"","format":"standard","meta":{"_monsterinsights_skip_tracking":false,"_monsterinsights_sitenote_active":false,"_monsterinsights_sitenote_note":"","_monsterinsights_sitenote_category":0,"footnotes":""},"categories":[9],"tags":[3296,10853,10854,10855,6,10856],"aioseo_notices":[],"amp_enabled":true,"_links":{"self":[{"href":"https:\/\/speyer24news.com\/index.php?rest_route=\/wp\/v2\/posts\/34452"}],"collection":[{"href":"https:\/\/speyer24news.com\/index.php?rest_route=\/wp\/v2\/posts"}],"about":[{"href":"https:\/\/speyer24news.com\/index.php?rest_route=\/wp\/v2\/types\/post"}],"author":[{"embeddable":true,"href":"https:\/\/speyer24news.com\/index.php?rest_route=\/wp\/v2\/users\/3"}],"replies":[{"embeddable":true,"href":"https:\/\/speyer24news.com\/index.php?rest_route=%2Fwp%2Fv2%2Fcomments&post=34452"}],"version-history":[{"count":1,"href":"https:\/\/speyer24news.com\/index.php?rest_route=\/wp\/v2\/posts\/34452\/revisions"}],"predecessor-version":[{"id":34455,"href":"https:\/\/speyer24news.com\/index.php?rest_route=\/wp\/v2\/posts\/34452\/revisions\/34455"}],"wp:featuredmedia":[{"embeddable":true,"href":"https:\/\/speyer24news.com\/index.php?rest_route=\/wp\/v2\/media\/32093"}],"wp:attachment":[{"href":"https:\/\/speyer24news.com\/index.php?rest_route=%2Fwp%2Fv2%2Fmedia&parent=34452"}],"wp:term":[{"taxonomy":"category","embeddable":true,"href":"https:\/\/speyer24news.com\/index.php?rest_route=%2Fwp%2Fv2%2Fcategories&post=34452"},{"taxonomy":"post_tag","embeddable":true,"href":"https:\/\/speyer24news.com\/index.php?rest_route=%2Fwp%2Fv2%2Ftags&post=34452"}],"curies":[{"name":"wp","href":"https:\/\/api.w.org\/{rel}","templated":true}]}}