{"id":34542,"date":"2021-03-28T05:17:50","date_gmt":"2021-03-28T04:17:50","guid":{"rendered":"https:\/\/speyer24news.com\/?p=34542"},"modified":"2021-03-28T05:17:51","modified_gmt":"2021-03-28T04:17:51","slug":"schifferstadt-104","status":"publish","type":"post","link":"https:\/\/speyer24news.com\/?p=34542","title":{"rendered":"Schifferstadt"},"content":{"rendered":"<style type=\"text\/css\">\r\n\t.ads_top_disp{}\r\n\t.ads_top_corner_disp{ float:left; margin:0px 10px 10px 0px; }\r\n\t.ads_first_p_disp{}\r\n\t.ads_bottom_disp{}\r\n\t<\/style>\n<h2 class=\"wp-block-heading\"><strong>Abgesagt: Fr\u00fchlingsmarkt und Rettichfest<\/strong><\/h2>\n\n\n\n<figure class=\"wp-block-image\"><img decoding=\"async\" loading=\"lazy\" width=\"800\" height=\"440\" src=\"https:\/\/speyer24news.com\/wp-content\/uploads\/2020\/03\/no-1532826_1920.png\" alt=\"\" class=\"wp-image-25973\" srcset=\"https:\/\/speyer24news.com\/wp-content\/uploads\/2020\/03\/no-1532826_1920.png 800w, https:\/\/speyer24news.com\/wp-content\/uploads\/2020\/03\/no-1532826_1920-300x165.png 300w, https:\/\/speyer24news.com\/wp-content\/uploads\/2020\/03\/no-1532826_1920-768x422.png 768w\" sizes=\"(max-width: 800px) 100vw, 800px\" \/><\/figure>\n\n\n\n<p>Am\nMittwoch, 24. M\u00e4rz hat der Stadtrat beschlossen, den Fr\u00fchlingsmarkt und das\nRettichfest f\u00fcr dieses Jahr abzusagen. Das Infektionsgeschehen sei aktuell zu\ndiffus und unsicher, um diese beiden Veranstaltungen verl\u00e4sslich planen zu\nk\u00f6nnen, hei\u00dft es aus dem Rat.<\/p>\n\n\n\n<p>\u201eWir denken dabei nicht nur an die G\u00e4ste, sondern auch an die vielen Helferinnen und Helfer hinter den Kulissen. Wie gerne w\u00fcrden wir mit unseren beliebten Festen wieder ein St\u00fcck zur Normalit\u00e4t zur\u00fcckkehren, aber die Zeit ist noch nicht reif daf\u00fcr\u201c, sagt B\u00fcrgermeisterin Ilona Volk. Sie hoffe sehr, dass ganz Schifferstadt bald wieder gemeinsam feiern k\u00f6nne. \u00a0<\/p>\n\n\n\n<p><em>Stadtverwaltung Schifferstadt<br>28.03.2021<\/em><\/p>\n\n\n\n<h2 class=\"wp-block-heading\"><strong>Umweltfreundlich in Schifferstadt unterwegs<\/strong><\/h2>\n\n\n\n<p>Die CO2-Emissionen in Deutschland sinken \u2013 nicht aber, wenn es um den Verkehrssektor geht. Laut dem Klimaschutzbericht von 2019 hat der Verkehr vor 30 Jahren noch einen Anteil von gut 13 % an den Gesamtemissionen gehabt \u2013 dieser Anteil stieg bis 2020 auf knapp 19 %. Neben seinem Beitrag zur Erderw\u00e4rmung entstehen im Stra\u00dfenverkehr au\u00dferdem Feinstaub und weitere gesundheitssch\u00e4dliche Luftschadstoffe. Dabei ist es gerade in Schifferstadt ganz einfach aufs Auto mit Verbrennungsmotor zu verzichten. \u00a0<\/p>\n\n\n\n<h4 class=\"wp-block-heading\"><strong>Sieben Argumente f\u00fcr das Radfahren<\/strong><\/h4>\n\n\n\n<p>Emissionsfrei,\nleise, effizient, vielseitig, schnell, kosteng\u00fcnstig und gesundheitsf\u00f6rdernd \u2013\nwenn das mal nicht ein paar sehr gute Gr\u00fcnde f\u00fcrs Fahrradfahren sind?! Mit nur\n1,4 km am Tag entlasten Sie das Klima bereits um 100 kg CO2 pro Jahr. Trotzdem\nwerden in Deutschland noch immer \u201enur\u201c elf Prozent aller Wege mit dem Rad\nzur\u00fcckgelegt. Mit der Teilnahme am STADTRADELN im Herbst 2020 haben die\nSchifferstadterinnen und Schifferstadter bereits gezeigt, welches Potenzial in\nihnen und ihren Drahteseln schlummert: 109.634 Kilometer erstrampelten die rund\n500 Teilnehmenden. Drei Wochen lang stiegen viele von ihnen komplett aufs Rad\num, toppten so das Vorjahresergebnis um fast 30.000 Kilometer. So sparten sie\ngemeinsam 16 Tonnen CO2 ein. Wie das STADTRADELN in diesem Jahr ausgeht? Sie\nhaben es in der Hand! <\/p>\n\n\n\n<h4 class=\"wp-block-heading\"><strong>Radfahrer- und Fu\u00dfg\u00e4ngerbeauftragter<\/strong><\/h4>\n\n\n\n<p>\u00dcbrigens:\nWeil Fahrradfahren in Schifferstadt gro\u00dfgeschrieben wird, hat die Stadt sogar\neinen eigenen Radfahrer- und Fu\u00dfg\u00e4ngerbeauftragten. Martin Moritz ist seit dem\n1. Januar 2021 im Amt. Fragen und Anregungen k\u00f6nnen Sie per E-Mail an rf-beauftragter@schifferstadt.de\nsenden. <\/p>\n\n\n\n<h4 class=\"wp-block-heading\"><strong>Angebote des \u00f6ffentlichen Nahverkehrs<\/strong><\/h4>\n\n\n\n<p>Zu kalt,\nzu nass oder einfach zu weit? Wer in Schifferstadt auf ein eigenes Auto\nverzichtet, hat \u00fcber den \u00f6ffentlichen Nahverkehr viele M\u00f6glichkeiten im Ort\nselbst oder auch au\u00dferhalb mobil zu sein. Die Rettichmetropole liegt\nverkehrsg\u00fcnstig zwischen Speyer und Mannheim. Von den beiden Bahnh\u00f6fen aus sind\ndie Nachbarst\u00e4dte innerhalb von 20 Minuten per Zug erreichbar. Hinzu kommt das\nSchifferstadter Ruftaxi, das werktags im Halb- und am Wochenende im Stundentakt\nf\u00e4hrt. <\/p>\n\n\n\n<p>Voraussichtlich\nim April 2021 soll zudem der B\u00fcrgerbus wieder fahren. Um die ehrenamtlichen\nFahrerinnen und Fahrer sowie die Fahrg\u00e4ste vor einer Ansteckung mit dem Coronavirus\nzu sch\u00fctzen, wurde der Service vor\u00fcbergehend ausgesetzt. <\/p>\n\n\n\n<h4 class=\"wp-block-heading\"><strong>Elektromobilit\u00e4t \u2013 Investition in die Zukunft<\/strong><\/h4>\n\n\n\n<p>Schifferstadt\nhatte nicht nur die erste Elektrotankstelle im Rhein-Pfalz-Kreis, sondern hat im\nvergangenen Jahr auch nochmal kr\u00e4ftig aufgestockt: Insgesamt acht E-Lades\u00e4ulen sind\n\u00fcber das Stadtgebiet verteilt. In zwei bis drei Stunden k\u00f6nnen Autofahrer hier\nkostenpflichtig volltanken. In Schifferstadt sind derzeit rund 100 rein\nelektrische sowie Hybrid-Fahrzeuge gemeldet. Auch B\u00fcrgermeisterin Ilona Volk\n(Gr\u00fcne) f\u00e4hrt einen Hybrid und betont, dass der Fuhrpark von Rathaus und\nStadtwerken immer mehr in Richtung E-Mobilit\u00e4t ausgestattet werde. \u201eIch freue\nmich sehr, dass wir durch die Umstellung auf Elektro-Fahrzeuge und die neuen\ne-Lades\u00e4ulen unser Klimaschutzkonzept umsetzen k\u00f6nnen\u201c, sagt Volk. <\/p>\n\n\n\n<p>In den\nn\u00e4chsten Monaten ist zudem der Einbau einer S\u00e4ule mit drei Ladepunkten auf dem Schillerplatz\nangedacht. Hier sollen E-Bike-Fahrerinnen und -Fahrer k\u00fcnftig kostenfrei\nauftanken k\u00f6nnen. <\/p>\n\n\n\n<p><em>Stadtverwaltung Schifferstadt<br>28.03.2021<\/em><\/p>\n\n\n\n<h2 class=\"wp-block-heading\"><strong>Ab Dienstag: Wasser auf Waldfriedhof wieder angestellt<\/strong><\/h2>\n\n\n\n<figure class=\"wp-block-image\"><img decoding=\"async\" loading=\"lazy\" width=\"800\" height=\"533\" src=\"https:\/\/speyer24news.com\/wp-content\/uploads\/2021\/03\/faucet-1684902_1920.jpg\" alt=\"\" class=\"wp-image-34427\" srcset=\"https:\/\/speyer24news.com\/wp-content\/uploads\/2021\/03\/faucet-1684902_1920.jpg 800w, https:\/\/speyer24news.com\/wp-content\/uploads\/2021\/03\/faucet-1684902_1920-300x200.jpg 300w, https:\/\/speyer24news.com\/wp-content\/uploads\/2021\/03\/faucet-1684902_1920-768x512.jpg 768w\" sizes=\"(max-width: 800px) 100vw, 800px\" \/><\/figure>\n\n\n\n<p>Ab Dienstag,\n30. M\u00e4rz sind die Wasserstellen auf dem Waldfriedhof wieder ge\u00f6ffnet. Zur\nVermeidung von Frostsch\u00e4den hatte die Stadtverwaltung das Wasser im November abgestellt.\nFriedhofsbesucherinnen und -besucher k\u00f6nnen sich dann ab n\u00e4chster Woche wieder\nan den Wasserentnahmestellen bedienen. &nbsp;<\/p>\n\n\n\n<p><em>Stadtverwaltung Schifferstadt<br>28.03.2021<\/em><\/p>\n\n\n\n<h2 class=\"wp-block-heading\"><strong>Wochenmarkt in der Karwoche am Donnerstag, 1. April<\/strong><\/h2>\n\n\n\n<div class=\"wp-block-image\"><figure class=\"aligncenter\"><img decoding=\"async\" loading=\"lazy\" width=\"375\" height=\"500\" src=\"https:\/\/speyer24news.com\/wp-content\/uploads\/2021\/03\/Wochenmarkt.jpg\" alt=\"\" class=\"wp-image-34433\" srcset=\"https:\/\/speyer24news.com\/wp-content\/uploads\/2021\/03\/Wochenmarkt.jpg 375w, https:\/\/speyer24news.com\/wp-content\/uploads\/2021\/03\/Wochenmarkt-225x300.jpg 225w\" sizes=\"(max-width: 375px) 100vw, 375px\" \/><\/figure><\/div>\n\n\n\n<p>Wegen des Feiertags am Karfreitag, 2. April wird der Wochenmarkt auf Donnerstag, 1. April vorverlegt. Die Stadtverwaltung bittet die Besucherinnen und Besucher des Wochenmarktes um Beachtung.<\/p>\n\n\n\n<p><em>Stadtverwaltung Schifferstadt<br>28.03.2021<\/em><\/p>\n\n\n\n<h2 class=\"wp-block-heading\"><strong>Werbefahrrad: Pflanzen geklaut<\/strong><\/h2>\n\n\n\n<figure class=\"wp-block-image\"><img decoding=\"async\" loading=\"lazy\" width=\"800\" height=\"600\" src=\"https:\/\/speyer24news.com\/wp-content\/uploads\/2021\/03\/Werbefahrrad-bepflanzt.jpg\" alt=\"\" class=\"wp-image-34543\" srcset=\"https:\/\/speyer24news.com\/wp-content\/uploads\/2021\/03\/Werbefahrrad-bepflanzt.jpg 800w, https:\/\/speyer24news.com\/wp-content\/uploads\/2021\/03\/Werbefahrrad-bepflanzt-300x225.jpg 300w, https:\/\/speyer24news.com\/wp-content\/uploads\/2021\/03\/Werbefahrrad-bepflanzt-768x576.jpg 768w, https:\/\/speyer24news.com\/wp-content\/uploads\/2021\/03\/Werbefahrrad-bepflanzt-678x509.jpg 678w, https:\/\/speyer24news.com\/wp-content\/uploads\/2021\/03\/Werbefahrrad-bepflanzt-326x245.jpg 326w, https:\/\/speyer24news.com\/wp-content\/uploads\/2021\/03\/Werbefahrrad-bepflanzt-80x60.jpg 80w\" sizes=\"(max-width: 800px) 100vw, 800px\" \/><\/figure>\n\n\n\n<p>Ein bisschen Fr\u00fchlingsstimmung wollte das Team des Stadtmarketings in dieser Woche auf den Rathausvorplatz bringen. Zweimal bepflanzte eine Mitarbeiterin das Werbefahrrad am Fahnenmast mit Fr\u00fchjahrsbl\u00fchern \u2013 zweimal wurden diese \u00fcber Nacht entwendet. <\/p>\n\n\n\n<div class=\"wp-block-image\"><figure class=\"aligncenter\"><img decoding=\"async\" loading=\"lazy\" width=\"800\" height=\"679\" src=\"https:\/\/speyer24news.com\/wp-content\/uploads\/2021\/03\/Werbefahrrad-leer.jpeg\" alt=\"\" class=\"wp-image-34544\" srcset=\"https:\/\/speyer24news.com\/wp-content\/uploads\/2021\/03\/Werbefahrrad-leer.jpeg 800w, https:\/\/speyer24news.com\/wp-content\/uploads\/2021\/03\/Werbefahrrad-leer-300x255.jpeg 300w, https:\/\/speyer24news.com\/wp-content\/uploads\/2021\/03\/Werbefahrrad-leer-768x652.jpeg 768w\" sizes=\"(max-width: 800px) 100vw, 800px\" \/><\/figure><\/div>\n\n\n\n<p>Es sei wirklich schade, dass die Bem\u00fchungen, den Rathausbesucherinnen und -besuchern durch das bunt bepflanzte Fahrrad eine Freude zu machen, so wenig wertgesch\u00e4tzt werden, so die Stadtverwaltung. Vorl\u00e4ufig werde der Pflanzkasten auf dem Gep\u00e4cktr\u00e4ger des Rades daher leer bleiben.<\/p>\n\n\n\n<p><em>Stadtverwaltung Schifferstadt<br>28.03.2021<\/em><\/p>\n\n\n\n<h1 class=\"wp-block-heading\" style=\"text-align:center\">Verkehrsnotizen<\/h1>\n\n\n\n<figure class=\"wp-block-image\"><img decoding=\"async\" loading=\"lazy\" width=\"800\" height=\"565\" src=\"https:\/\/speyer24news.com\/wp-content\/uploads\/2020\/01\/Baustelle-2.jpg\" alt=\"\" class=\"wp-image-23900\" srcset=\"https:\/\/speyer24news.com\/wp-content\/uploads\/2020\/01\/Baustelle-2.jpg 800w, https:\/\/speyer24news.com\/wp-content\/uploads\/2020\/01\/Baustelle-2-300x212.jpg 300w, https:\/\/speyer24news.com\/wp-content\/uploads\/2020\/01\/Baustelle-2-768x542.jpg 768w\" sizes=\"(max-width: 800px) 100vw, 800px\" \/><\/figure>\n\n\n\n<h2 class=\"wp-block-heading\"><strong>29. M\u00e4rz: Vollsperrung Langgasse<\/strong><strong><\/strong><\/h2>\n\n\n\n<p>Am Montag, 29. M\u00e4rz wird aufgrund einer unaufschiebbaren Ma\u00dfnahme des Zweckverbands f\u00fcr Wasserversorgung in der Langgasse auf H\u00f6he der Hausnummer 30 eine Vollsperrung eingerichtet. Diese erfolgt voraussichtlich zwischen 8 und 9:30 Uhr. Ein Befahren ist bis zur Baustelle, sowohl von der Iggelheimer Stra\u00dfe, als auch von der Holzgasse aus m\u00f6glich. Nach 9:30 Uhr wird die Stra\u00dfe auf H\u00f6he der Hausnummer 30 voraussichtlich bis zum 16. April halbseitig gesperrt sein.<\/p>\n\n\n\n<p><em>Stadtverwaltung Schifferstadt<br>28.03.2021<\/em><\/p>\n\n\n\n<h2 class=\"wp-block-heading\"><strong>9. April: Teilst\u00fcck der Breslauer Stra\u00dfe gesperrt<\/strong><strong><\/strong><\/h2>\n\n\n\n<p>Am\nFreitag, 9. April wird aufgrund von Autokranarbeiten in der Breslauer Stra\u00dfe,\nim Teilst\u00fcck zwischen der Stettiner Stra\u00dfe 23 und der G\u00f6rlitzer Stra\u00dfe 33, eine\nVollsperrung eingerichtet. Die Vollsperrung der Stra\u00dfe erfolgt zwischen 7 und\n12 Uhr. Ein Befahren ist bis zur Baustelle m\u00f6glich. <\/p>\n\n\n\n<p><em>Stadtverwaltung Schifferstadt<br>28.03.2021<\/em><\/p>\n","protected":false},"excerpt":{"rendered":"<div class=\"mh-excerpt\"><p>Abgesagt: Fr\u00fchlingsmarkt und Rettichfest Am Mittwoch, 24. M\u00e4rz hat der Stadtrat beschlossen, den Fr\u00fchlingsmarkt und das Rettichfest f\u00fcr dieses Jahr abzusagen. Das Infektionsgeschehen sei aktuell zu diffus und unsicher, um diese beiden Veranstaltungen verl\u00e4sslich planen <a class=\"mh-excerpt-more\" href=\"https:\/\/speyer24news.com\/?p=34542\" title=\"Schifferstadt\">[&#8230;]<\/a><\/p>\n<\/div>","protected":false},"author":3,"featured_media":0,"comment_status":"open","ping_status":"open","sticky":false,"template":"","format":"standard","meta":{"_monsterinsights_skip_tracking":false,"_monsterinsights_sitenote_active":false,"_monsterinsights_sitenote_note":"","_monsterinsights_sitenote_category":0,"footnotes":""},"categories":[126],"tags":[10903,10899,10895,10902,10898,10896,127,10897,10090,6487,10901,10900],"aioseo_notices":[],"amp_enabled":true,"_links":{"self":[{"href":"https:\/\/speyer24news.com\/index.php?rest_route=\/wp\/v2\/posts\/34542"}],"collection":[{"href":"https:\/\/speyer24news.com\/index.php?rest_route=\/wp\/v2\/posts"}],"about":[{"href":"https:\/\/speyer24news.com\/index.php?rest_route=\/wp\/v2\/types\/post"}],"author":[{"embeddable":true,"href":"https:\/\/speyer24news.com\/index.php?rest_route=\/wp\/v2\/users\/3"}],"replies":[{"embeddable":true,"href":"https:\/\/speyer24news.com\/index.php?rest_route=%2Fwp%2Fv2%2Fcomments&post=34542"}],"version-history":[{"count":1,"href":"https:\/\/speyer24news.com\/index.php?rest_route=\/wp\/v2\/posts\/34542\/revisions"}],"predecessor-version":[{"id":34545,"href":"https:\/\/speyer24news.com\/index.php?rest_route=\/wp\/v2\/posts\/34542\/revisions\/34545"}],"wp:attachment":[{"href":"https:\/\/speyer24news.com\/index.php?rest_route=%2Fwp%2Fv2%2Fmedia&parent=34542"}],"wp:term":[{"taxonomy":"category","embeddable":true,"href":"https:\/\/speyer24news.com\/index.php?rest_route=%2Fwp%2Fv2%2Fcategories&post=34542"},{"taxonomy":"post_tag","embeddable":true,"href":"https:\/\/speyer24news.com\/index.php?rest_route=%2Fwp%2Fv2%2Ftags&post=34542"}],"curies":[{"name":"wp","href":"https:\/\/api.w.org\/{rel}","templated":true}]}}