{"id":34549,"date":"2021-03-28T06:03:49","date_gmt":"2021-03-28T05:03:49","guid":{"rendered":"https:\/\/speyer24news.com\/?p=34549"},"modified":"2021-03-28T06:06:38","modified_gmt":"2021-03-28T05:06:38","slug":"germersheim-und-landkreis-germersheim-ger-5","status":"publish","type":"post","link":"https:\/\/speyer24news.com\/?p=34549","title":{"rendered":"Germersheim und Landkreis Germersheim (GER)"},"content":{"rendered":"<style type=\"text\/css\">\r\n\t.ads_top_disp{}\r\n\t.ads_top_corner_disp{ float:left; margin:0px 10px 10px 0px; }\r\n\t.ads_first_p_disp{}\r\n\t.ads_bottom_disp{}\r\n\t<\/style>\n<h1 class=\"wp-block-heading\" style=\"text-align:center\">Corona Virus<\/h1>\n\n\n\n<figure class=\"wp-block-image\"><img decoding=\"async\" loading=\"lazy\" width=\"800\" height=\"346\" src=\"https:\/\/speyer24news.com\/wp-content\/uploads\/2020\/02\/coronavirus-4817450_1920.jpg\" alt=\"\" class=\"wp-image-25126\" srcset=\"https:\/\/speyer24news.com\/wp-content\/uploads\/2020\/02\/coronavirus-4817450_1920.jpg 800w, https:\/\/speyer24news.com\/wp-content\/uploads\/2020\/02\/coronavirus-4817450_1920-300x130.jpg 300w, https:\/\/speyer24news.com\/wp-content\/uploads\/2020\/02\/coronavirus-4817450_1920-768x332.jpg 768w\" sizes=\"(max-width: 800px) 100vw, 800px\" \/><\/figure>\n\n\n\n<h2 class=\"wp-block-heading\"><strong>Frankreich als Hochinzidenzgebiet eingestuft<\/strong><\/h2>\n\n\n\n<h3 class=\"wp-block-heading\"><strong>Tests f\u00fcr Grenzg\u00e4nger und Berufspendler vorgeschrieben<\/strong><\/h3>\n\n\n\n<div class=\"wp-block-image\"><figure class=\"aligncenter\"><img decoding=\"async\" loading=\"lazy\" width=\"800\" height=\"533\" src=\"https:\/\/speyer24news.com\/wp-content\/uploads\/2021\/03\/flight-6012617_1920.jpg\" alt=\"\" class=\"wp-image-34556\" srcset=\"https:\/\/speyer24news.com\/wp-content\/uploads\/2021\/03\/flight-6012617_1920.jpg 800w, https:\/\/speyer24news.com\/wp-content\/uploads\/2021\/03\/flight-6012617_1920-300x200.jpg 300w, https:\/\/speyer24news.com\/wp-content\/uploads\/2021\/03\/flight-6012617_1920-768x512.jpg 768w\" sizes=\"(max-width: 800px) 100vw, 800px\" \/><\/figure><\/div>\n\n\n\n<p>Landkreise, die an der Grenze zu Frankreich liegen, mussten auf Anweisung des Landes Rheinland-Pfalz eine Allgemeinverf\u00fcgung zum Thema Grenzg\u00e4nger und Grenzpendler erlassen. Hintergrund ist, dass das Robert-Koch-Institut heute ganz Frankreich als Hochinzidenzgebiet eingestuft hat.<\/p>\n\n\n\n<p>Grenzg\u00e4nger und Grenzpendler, die in einer Kalenderwoche mindestens zweimal einreisen, m\u00fcssen zweimal in dieser Kalenderwoche einen negativen Antigentschnelltest vorlegen k\u00f6nnen. Anders ist es bei Grenzpendler und Grenzg\u00e4nger, die in einer Kalenderwoche an zwei aufeinanderfolgenden Tagen einreisen. Sie m\u00fcssen lediglich einmal in dieser Kalenderwoche einen negativen Test nachweisen.<\/p>\n\n\n\n<p>Die gleichen Regelungen gelten f\u00fcr Personen, die Verwandte ersten Grades, den nicht dem gleichen Hausstand angeh\u00f6rigen Ehegatten, Lebenspartner oder Lebensgef\u00e4hrten besuchen oder aufgrund eines geteilten Sorgerechts oder eines Umgangsrechts \u00fcber die Grenze reisen.<\/p>\n\n\n\n<p>Die Tests d\u00fcrfen bei Einreise nicht \u00e4lter als 48 Stunden sein.<\/p>\n\n\n\n<p>Nach den Erfahrungen der Grenzschlie\u00dfung im letzte Jahr ist Landrat Dr. Fritz Brechtel froh, dass die Grenze f\u00fcr diese Personengruppen offen bleibt und nicht g\u00e4nzlich geschlossen wird: \u201eIn unserer Region gibt es sehr viele Pendler, die t\u00e4glich zur Arbeit \u00fcber die Grenze fahren m\u00fcssen. Dennoch bin ich skeptisch, ob mit diesen Vorgaben lange Schlangen an den Grenz\u00fcberg\u00e4ngen vermieden werden. Etliche Betriebe in unserer Region testen ihre Belegschaft bereits regelm\u00e4\u00dfig und tragen damit in besonderer Weise Verantwortung und zum Eind\u00e4mmen der Pandemie bei. Das sehe ich als einen Baustein, der schrittweise auch bei hohen Inzidenzen eine Lockerung im wirtschaftlichen, gesellschaftlichen und privaten Leben erm\u00f6glichen kann. Man sollte dies als Basis einer L\u00f6sung nehmen mit dem Ziel, bei hoher Sicherheit gleichzeitig Wartezeiten an Grenz\u00fcberg\u00e4ngen m\u00f6glichst zu vermeiden. Rigorose Einreisebeschr\u00e4nkungen f\u00fchren gerade in den Grenzregionen zu einer Versch\u00e4rfung der Probleme.\u201c<\/p>\n\n\n\n<p>Weitere Details sind im Amtsblatt des Landkreises Germersheim Nr. 19 unter Punkt 2 nachzulesen,&nbsp;<a href=\"https:\/\/deref-web.de\/mail\/client\/LJJE5J8tr1k\/dereferrer\/?redirectUrl=http%3A%2F%2Fwww.kreis-germersheim.de%2Famtsblaetter\" target=\"_blank\" rel=\"noreferrer noopener\">www.kreis-germersheim.de\/amtsblaetter<\/a>, oder unter&nbsp;<a href=\"https:\/\/deref-web.de\/mail\/client\/w0udzJr4M20\/dereferrer\/?redirectUrl=http%3A%2F%2Fwww.kreis-germersheim.de%2Fgrenzgaenger\" target=\"_blank\" rel=\"noreferrer noopener\">www.kreis-germersheim.de\/grenzgaenger<\/a>.<\/p>\n\n\n\n<p><em>Kreisverwaltung Germersheim<br>28.03.2021<\/em><\/p>\n\n\n\n<h2 class=\"wp-block-heading\"><strong>Neue Allgemeinverf\u00fcgung<\/strong><strong>&nbsp;f\u00fcr den Landkreis Germersheim ab 29. M\u00e4rz<\/strong><\/h2>\n\n\n\n<h3 class=\"wp-block-heading\"><strong>Anpassung an Landesverordnung zwingend &#8211; Ausgangssperre von 21 bis 5 Uhr<\/strong><\/h3>\n\n\n\n<div class=\"wp-block-image\"><figure class=\"aligncenter\"><img decoding=\"async\" loading=\"lazy\" width=\"500\" height=\"500\" src=\"https:\/\/speyer24news.com\/wp-content\/uploads\/2020\/02\/virus-4810549_1920.png\" alt=\"\" class=\"wp-image-25116\" srcset=\"https:\/\/speyer24news.com\/wp-content\/uploads\/2020\/02\/virus-4810549_1920.png 500w, https:\/\/speyer24news.com\/wp-content\/uploads\/2020\/02\/virus-4810549_1920-150x150.png 150w, https:\/\/speyer24news.com\/wp-content\/uploads\/2020\/02\/virus-4810549_1920-300x300.png 300w\" sizes=\"(max-width: 500px) 100vw, 500px\" \/><\/figure><\/div>\n\n\n\n<p>Eine Ausgangssperre zwischen 21 und 5 Uhr sowie Fernunterricht f\u00fcr alle weiterf\u00fchrenden Schulen bis einschlie\u00dflich 11. April sind die zentralen Erg\u00e4nzungen in der neuen Allgemeinverf\u00fcgung f\u00fcr den Landkreis Germersheim. Diese gilt ab dem 29. M\u00e4rz bis einschlie\u00dflich 11. April 2021. \u201eDa die Inzidenzzahl im Landkreis Germersheim dauerhaft deutlich \u00fcber 100 liegt, muss &#8211; entsprechend den zwingenden Vorgaben des Landes \u2013 wieder eine Ausgangssperre verh\u00e4ngt werden. Leider sind die Infektionen bei uns nicht deutlich gesunken, sodass wir mit dem Land \u00fcber Lockerungen h\u00e4tten sprechen k\u00f6nnen. Das Gegenteil ist der Fall, gestern lag die Inzidenz bei 140, heute haben bei 155. Da bleibt uns laut aktueller Landesverordnung kein Spielraum\u201c, teilt Landrat Dr. Fritz Brechtel mit.<\/p>\n\n\n\n<p>Es gelten weiterhin die bereits bekannten Regelungen der letzten Verf\u00fcgung:<\/p>\n\n\n\n<p>Im Landkreis Germersheim besteht weiterhin eine versch\u00e4rfte Maskenpflicht auf ausgewiesenen Pl\u00e4tzen innerhalb des Kreises, k\u00f6rpernahe Dienstleistungen bleiben geschlossen, wenn das Abstandsgebot der Landesverordnung nicht eingehalten werden kann, bspw. in Kosmetikstudios, Wellnessmassagesalons, Tattoo- oder Piercing-Studios und \u00e4hnlichen Betrieben. Erlaubt sind Dienstleistungen, die medizinischen oder hygienischen Gr\u00fcnden dienen. Gastronomische Einrichtungen bleiben, auch im Au\u00dfenbereich, geschlossen.<\/p>\n\n\n\n<p>Training und Wettkampf im Amateur- und Freizeitsport in Mannschaftsportarten und im Kontaktsport sind untersagt. Die sportliche Bet\u00e4tigung im Amateur- und Freizeitsport in Einzelsportarten auf und in allen \u00f6ffentlichen und privaten Sportanlagen ist nur im Freien und nur alleine, zu zweit oder mit Personen, die dem eigenen Hausstand angeh\u00f6ren, zul\u00e4ssig.<\/p>\n\n\n\n<p>In den Kindertagesst\u00e4tten im Landkreis gibt es \u2013 wie gehabt \u2013 eine Betreuung im Rahmen des \u201eRegelbetriebs bei dringendem Bedarf\u201c.<\/p>\n\n\n\n<p>\u201eDie Perspektive f\u00fcr die weiterf\u00fchrenden Schulen sieht folgenderma\u00dfen aus: Sie bleiben alle bis einschlie\u00dflich 11. April im Fernunterricht. Ab dem 12. April gehen alle weiterf\u00fchrenden Schulen in den Wechselunterricht \u00fcber &#8211; bei freiwilliger Selbsttestung einmal pro Woche\u201c, berichtet der f\u00fcr Schulen zust\u00e4ndige Erste Kreisbeigeordnete, Christoph Buttweiler. Brechtel und Buttweiler erg\u00e4nzen: \u201eSeit mehr als drei Wochen haben wir dieses System erfolgreich an den Grundschulen umgesetzt. Es funktioniert, weshalb das Land jetzt das `Germersheimer Modell\u00b4 auf das ganze Land ausweitet. Das ist gut und besonders f\u00fcr die Kinder und Jugendlichen wichtig. F\u00fcr sie ist Schule ein wichtiger sozialer Ort, an dem sie Freunde treffen, miteinander lernen und Struktur im Alltag erfahren.\u201c<\/p>\n\n\n\n<p>\u201eIch bedaure sehr, dass die Infektionen im Landkreis Germersheim konstant auf hohem Niveau bleiben. Daher m\u00fcssen wir die Ma\u00dfnahmen anpassen und sind verpflichtet, uns dabei an die Verordnung des Landes zu halten\u201c, sagt Landrat Dr. Fritz Brechtel und appelliert gleichzeitig an Land und Bund, L\u00f6sungen zu suchen, \u201edie uns zielgerichtet und rasch aus dem Lockdown f\u00fchren. Wir d\u00fcrfen nicht dauerhaft allein die Inzidenzzahlen als Ma\u00dfstab nehmen und die Menschen st\u00e4ndig mit neuen Regelungen verwirren. Impfen, Testen und die vulnerablen Gruppen besonders sch\u00fctzen, striktes Einhalten der AHA-Regeln und Hygienekonzepte in allen Bereichen der Gesellschaft, das sind nach meiner Ansicht die Faktoren, die eine entscheidende Rolle spielen. Nat\u00fcrlich d\u00fcrfen wir unser Gesundheitssystem, dazu geh\u00f6ren u.a. die Krankenh\u00e4user und die Gesundheits\u00e4mter, nicht \u00fcberlasten, um die Menschen wirkungsvoll zu sch\u00fctzen. Um noch gr\u00f6\u00dferen wirtschaftlichen und gesellschaftlichen Schaden zu verhindern, m\u00fcssen wir gemeinsam schnell reagieren. An den Grundschulen haben wir doch beispielhaft vorgemacht, dass es ganz individuell noch andere M\u00f6glichkeiten gibt, schrittweise zur\u00fcck in die Normalit\u00e4t zu kommen, als sich ausschlie\u00dflich an einer Inzidenzzahl zu orientieren!\u201c<\/p>\n\n\n\n<p>Die neue Allgemeinverf\u00fcgung tritt am 29. M\u00e4rz 2021 in Kraft und gilt zun\u00e4chst bis 11.April 2021. Die aktuellen Allgemeinverf\u00fcgungen, also die geltenden Regelungen f\u00fcr den Landkreis Germersheim, finden Interessierte unter&nbsp;<a rel=\"noreferrer noopener\" href=\"https:\/\/deref-web.de\/mail\/client\/mB-xwgvx1vU\/dereferrer\/?redirectUrl=http%3A%2F%2Fwww.kreis-germersheim.de%2Fcoronavirus\" target=\"_blank\">www.kreis-germersheim.de\/coronavirus<\/a>.<\/p>\n\n\n\n<h4 class=\"wp-block-heading\">Sie k\u00f6nnen die neue Allgemeinverf\u00fcgung auch hier als pdf lesen:<\/h4>\n\n\n\n<div class=\"wp-block-file\"><a href=\"https:\/\/speyer24news.com\/wp-content\/uploads\/2021\/03\/210326-Amtsblatt-19-2021.pdf\">210326-Amtsblatt-19-2021<\/a><a href=\"https:\/\/speyer24news.com\/wp-content\/uploads\/2021\/03\/210326-Amtsblatt-19-2021.pdf\" class=\"wp-block-file__button\" download>Herunterladen<\/a><\/div>\n\n\n\n<p><em>Kreisverwaltung Germersheim<br>28.03.2021<\/em><\/p>\n\n\n\n<h2 class=\"wp-block-heading\"><strong>Germersheimer Modell macht landesweit Schule: Verwaltung und DRK ziehen positive Bilanz der Corona Selbsttests an Grundschulen<\/strong><\/h2>\n\n\n\n<h3 class=\"wp-block-heading\"><strong>Forderung nach Impfung des gesamten Lehrpersonals bekr\u00e4ftigt<\/strong><\/h3>\n\n\n\n<div class=\"wp-block-image\"><figure class=\"aligncenter\"><img decoding=\"async\" loading=\"lazy\" width=\"800\" height=\"551\" src=\"https:\/\/speyer24news.com\/wp-content\/uploads\/2021\/03\/210308_GS-Ottersheim-Schnelltest-060-bearbeitet.jpg\" alt=\"\" class=\"wp-image-34551\" srcset=\"https:\/\/speyer24news.com\/wp-content\/uploads\/2021\/03\/210308_GS-Ottersheim-Schnelltest-060-bearbeitet.jpg 800w, https:\/\/speyer24news.com\/wp-content\/uploads\/2021\/03\/210308_GS-Ottersheim-Schnelltest-060-bearbeitet-300x207.jpg 300w, https:\/\/speyer24news.com\/wp-content\/uploads\/2021\/03\/210308_GS-Ottersheim-Schnelltest-060-bearbeitet-768x529.jpg 768w\" sizes=\"(max-width: 800px) 100vw, 800px\" \/><\/figure><\/div>\n\n\n\n<p>30 Schulen, 4.315 Grundsch\u00fcler und 904 Lehrkr\u00e4fte oder Schulbedienstete haben sich in den vergangenen 14 Tagen im Kreis Germersheim am Pilotversuch \u201eCorona-Selbsttests f\u00fcr Schulen\u201c beteiligt. Bei sieben positiv getesteten Sch\u00fclern konnte die Corona-Infektion in diesem Zeitraum durch einen anschlie\u00dfend durchgef\u00fchrten PCR-Test best\u00e4tigt und somit fr\u00fchzeitig erkannt werden. Der Anteil der Kinder, deren Eltern sich mit einer Testung nicht einverstanden erkl\u00e4rt haben, liegt kreisweit bei unter 10 Prozent. Von knapp 20 Prozent fehlt bislang noch die Einverst\u00e4ndniserkl\u00e4rung. Lediglich zwei Grundschulen im Landkreis haben bis dato noch keinen Schulungstermin mit dem DRK vereinbart.<\/p>\n\n\n\n<p>An nahezu allen 30 Schulen haben inzwischen die Unterweisungen stattgefunden, so dass die meisten Grundschulkinder bis heute gelernt haben, wie sie die Tests in Eigenregie durchf\u00fchren k\u00f6nnen. \u00dcberall dort, wo eine Umsetzung bereits stattgefunden hat, verliefen die Tests absolut reibungslos. Jetzt hat auch die rheinland-pf\u00e4lzische Bildungsministerin Stefanie Hubig erkl\u00e4rt, nach den Osterferien mit derartigen Selbsttests an allen Schulen im Land beginnen zu wollen. Dass das Germersheimer Modell in K\u00fcrze landesweit ausgerollt werden soll, freut die Kreisspitze im Landkreis Germersheim.<\/p>\n\n\n\n<p>Dazu Landrat Dr. Fritz Brechtel: \u201eWir haben die Erfahrungen, die wir mit den Corona-Selbsttests seit 8. M\u00e4rz sammeln durften, immer wieder an das Land weitergegeben und auf dieser Basis stets gefordert, dass dieses Modell auch an weiterf\u00fchrenden Schulen&nbsp; eingef\u00fchrt werden soll. Es stimmt uns zuversichtlich zu h\u00f6ren, dass dieser Appell nun gefruchtet hat und wir nach den Osterferien allen Schulen im Kreis diese Tests anbieten k\u00f6nnen. Bleibt zu hoffen, dass gen\u00fcgend Kits zur Verf\u00fcgung stehen, um weiterhin zweimal pro Woche \u2013 und nicht wie vom Land vorgesehen nur einmal &#8211; diese Selbsttestungen anbieten zu k\u00f6nnen.\u201c<\/p>\n\n\n\n<p>Schuldezernent Christoph Buttweiler bekr\u00e4ftigt in dem Zusammenhang eine weitere Forderung, der man in Mainz bislang noch nicht nachgekommen ist: \u201eIch appelliere erneut an das Bildungsministerium, Lehrkr\u00e4ften und Bediensteten an weiterf\u00fchrenden Schulen ein Impfangebot unterbreiten zu k\u00f6nnen. Ich hoffe, dass darauf noch reagiert und unserer Forderung entsprochen wird. Nur so k\u00f6nnen wir die Sicherheit an den Schulen nachhaltig gew\u00e4hrleisten und dauerhaft einen Pr\u00e4senzunterricht aufrechterhalten.\u201c Die Ungleichbehandlung zwischen bereits geimpften Lehrern, die in Baden-W\u00fcrttemberg wohnen und in Rheinland-Pfalz unterrichten und denen, die hier wohnen und denen daher eine Impfung seitens der Landesregierung untersagt wird, will man in Germersheim nicht akzeptieren. \u201eWir sind nicht gewillt, diese Benachteiligung l\u00e4nger hinzunehmen und fordern das Land auf, hier rasch entsprechende Korrekturen vorzunehmen, so dass wir noch w\u00e4hrend der Osterferien mit der Umsetzung beginnen k\u00f6nnen\u201c, so Brechtel und Buttweiler.<\/p>\n\n\n\n<div class=\"wp-block-image\"><figure class=\"aligncenter\"><img decoding=\"async\" loading=\"lazy\" width=\"800\" height=\"535\" src=\"https:\/\/speyer24news.com\/wp-content\/uploads\/2021\/03\/210324_grundschule-coronatest-003-bearbeitet.jpg\" alt=\"\" class=\"wp-image-34552\" srcset=\"https:\/\/speyer24news.com\/wp-content\/uploads\/2021\/03\/210324_grundschule-coronatest-003-bearbeitet.jpg 800w, https:\/\/speyer24news.com\/wp-content\/uploads\/2021\/03\/210324_grundschule-coronatest-003-bearbeitet-300x201.jpg 300w, https:\/\/speyer24news.com\/wp-content\/uploads\/2021\/03\/210324_grundschule-coronatest-003-bearbeitet-768x514.jpg 768w\" sizes=\"(max-width: 800px) 100vw, 800px\" \/><\/figure><\/div>\n\n\n\n<p>Sowohl das erweiterte Impfangebot, wie auch die Schnelltests an allen Schulen sind Teil eines 5-Punkte-Plans, den Landrat Brechtel vor einigen Tagen initiiert hatte, um der Corona-Pandemie im Kreis Herr zu werden. Mit Genehmigung des Landes konnte seit Anfang des Monats mit dem Pilotprojekt \u201eSelbsttests\u201c begonnen und dabei wertvolle Erfahrungen gesammelt werden.<\/p>\n\n\n\n<p>Auch &nbsp;beim Umgang mit positiv getesteten Kindern hat das Germersheimer Modell wichtige Erkenntnisse geliefert: so war es essentiell, dass eine behutsame und kindgerechte Herausnahme aus der Gruppe und eine unverz\u00fcgliche Mitteilung an die Eltern oder ein Elternteil erfolgte; was in allen positiv gemeldeten F\u00e4llen in dieser Form umgesetzt werden konnte. Von elementarer Bedeutung ist an dieser Stelle eine reibungslose und zeitnahe Zusammenarbeit von Schule, Gesundheitsamt und den betroffenen Eltern. Dazu Dr. Fritz Brechtel: \u201eWir konnten sicherstellen, dass die Eltern innerhalb weniger Stunden einen Termin in unserem Testzentrum erhielten, um mit einem PCR-Test das erste Ergebnis zu verifizieren.\u201c<\/p>\n\n\n\n<p>Von insgesamt 16 positiven Selbsttests konnte bei sieben Kindern im Rahmen der Pilotierung eine Infektion durch einen anschlie\u00dfenden PCR Test nachgewiesen werden, die anderen neun durften unverz\u00fcglich wieder zur\u00fcck in ihre Klasse. Gemeinsam mit dem DRK wird man nun versuchen, die Rate der falschen Positivtests zu reduzieren. Eine erste Untersuchung ergab beispielsweise, dass ein falsch positiv getestet Kind einen Herpesvirus in sich trug, der das Ergebnis verf\u00e4lscht hatte. K\u00fcnftig wird daher bei positiven Ergebnissen zun\u00e4chst nochmals ein zweiter Selbsttest durchgef\u00fchrt. Erst wenn auch dieser positiv ausf\u00e4llt, erfolgt eine Meldung an das Gesundheitsamt, das dann wiederum direkt einen Termin f\u00fcr Eltern und Kind in einem Testzentrum arrangiert. Eine Vorgehensweise, die sich bew\u00e4hrt hat und die auch landesweit so umgesetzt werden sollte, findet Landrat Brechtel: \u201eDas Land sollte sich gut \u00fcberlegen, ob es nicht hilfreich ist in dieser Situation Eltern unmittelbar zur Seite zu stehen und durch diese Sofortmeldung einen besseren \u00dcberblick \u00fcber das Infektionsgeschehen an Schulen zu erhalten. Wenn Eltern hier alleine gelassen werden und eigenst\u00e4ndig einen PCR-Test arrangieren sollen, erschwert dies nicht nur die Arbeit der Ermittler, sondern sorgt zudem f\u00fcr Verunsicherung bei den Eltern, deren Kind in direktem Kontakt zu dem positiv getesteten Sch\u00fcler stand.\u201c<\/p>\n\n\n\n<div class=\"wp-block-image\"><figure class=\"aligncenter\"><img decoding=\"async\" loading=\"lazy\" width=\"633\" height=\"837\" src=\"https:\/\/speyer24news.com\/wp-content\/uploads\/2021\/03\/Unbenannt-1.png\" alt=\"\" class=\"wp-image-34553\" srcset=\"https:\/\/speyer24news.com\/wp-content\/uploads\/2021\/03\/Unbenannt-1.png 633w, https:\/\/speyer24news.com\/wp-content\/uploads\/2021\/03\/Unbenannt-1-227x300.png 227w\" sizes=\"(max-width: 633px) 100vw, 633px\" \/><\/figure><\/div>\n\n\n\n<p>Erst wenn ein positiver Selbsttest durch das Testzentrum und den dort durchgef\u00fchrten PCR Test best\u00e4tigt wird, hat dies Auswirkungen auf die Mitsch\u00fcler, die in direktem Kontakt mit dem betroffenen Kind standen. Dies kann dann zur Verh\u00e4ngung von Quarant\u00e4nen f\u00fchren, um die Infektionsketten zu unterbrechen.<\/p>\n\n\n\n<p>Die Zusammenarbeit zwischen Schule, Gesundheitsamt, DRK und Kreisverwaltung verl\u00e4uft \u00e4u\u00dferst reibungslos, wie Landrat Brechtel in einer ersten abschlie\u00dfenden Bewertung des Germersheimer Modells best\u00e4tigt: \u201eDas DRK hat das gesamte Projekt hervorragend koordiniert und eine perfekte Schnittstelle zwischen Schule und Verwaltung gebildet. Das hat wirklich sehr gut funktioniert &#8211; zumal neben der Schulung der Lehrkr\u00e4fte f\u00fcr die Anweisung der Tests, auch die Dokumentation durch das DRK wichtige Erkenntnisse f\u00fcr die Region und nat\u00fcrlich auch f\u00fcr das Land liefert. Es tut gut zu sehen, dass wir mit unserer Strategie erfolgreich waren und hoffentlich Vorbild f\u00fcr das ganze Land sein d\u00fcrfen.\u201c<\/p>\n\n\n\n<p><em>Kreisverwaltung Germersheim<br>28.03.2021<\/em><\/p>\n\n\n\n<h2 class=\"wp-block-heading\"><strong>Nach erfolgreicher Pilotierung Ausweitung geplant:<\/strong><\/h2>\n\n\n\n<h3 class=\"wp-block-heading\"><strong>Land soll Corona Selbsttests f\u00fcr alle Schulen freigeben<\/strong><\/h3>\n\n\n\n<div class=\"wp-block-image\"><figure class=\"aligncenter\"><img decoding=\"async\" loading=\"lazy\" width=\"800\" height=\"535\" src=\"https:\/\/speyer24news.com\/wp-content\/uploads\/2021\/03\/Coroan-Schnelltest-Grundschule-GER.jpg\" alt=\"\" class=\"wp-image-34550\" srcset=\"https:\/\/speyer24news.com\/wp-content\/uploads\/2021\/03\/Coroan-Schnelltest-Grundschule-GER.jpg 800w, https:\/\/speyer24news.com\/wp-content\/uploads\/2021\/03\/Coroan-Schnelltest-Grundschule-GER-300x201.jpg 300w, https:\/\/speyer24news.com\/wp-content\/uploads\/2021\/03\/Coroan-Schnelltest-Grundschule-GER-768x514.jpg 768w\" sizes=\"(max-width: 800px) 100vw, 800px\" \/><figcaption> Germersheimer Grundschulkinder haben es vorgemacht: die Corona-Selbsttests sind kinderleicht zu bedienen.<br><em>Foto: Kreisverwaltung Germersheim\/KV GER\/mda<\/em><\/figcaption><\/figure><\/div>\n\n\n\n<p>\u201eWir haben gesehen, dass Grundschul-Kinder mit viel Freude und unter Anleitung auch ohne Schwierigkeiten Corona Selbsttests durchf\u00fchren k\u00f6nnen. Nachdem bis Ende der Woche an nahezu allen Grundschulen im Landkreis Germersheim zweimal pro Woche solche Tests in der ersten Schulstunde durchgef\u00fchrt werden, ist es jetzt an der Zeit, dieses Angebot auf alle weiterf\u00fchrende Schulen im Landkreis auszuweiten. Damit und mit dem Impfen des Lehr- und Schulpersonals k\u00f6nnen wir Schulen in Corona-Zeiten wieder sicher machen.\u201c Mit einer entsprechenden Forderung sind Landrat Dr. Fritz Brechtel und Schuldezernent Christoph Buttweiler heute an das Land herangetreten, um das Schnelltest-Angebot entsprechend auszuweiten.<\/p>\n\n\n\n<p>Die Kreisverwaltung steht diesbez\u00fcglich bereits in Abstimmung mit der Schulaufsichtsbeh\u00f6rde (ADD) sowie den Ministerien in Mainz. Dazu Schuldezernent Christoph Buttweiler: \u201eWir haben von Beginn an davon gesprochen, dass wir mit der Pilotierung dieses Projektes die erste Kommune in Rheinland-Pfalz sind, die entsprechende Expertisen sammelt und wenn es das Verfahren zul\u00e4sst, die Schnelltests noch vor den Sommerferien auf alle weiterf\u00fchrenden Schulen ausgeweitet werden sollen. Nach den Erfahrungen der letzten beiden Wochen ist es nun soweit, das fl\u00e4chendeckend auszurollen.\u201c<\/p>\n\n\n\n<p>Bisher werden Antigen-Testkits genutzt, die f\u00fcr eine kinderleichte Anwendung ohne Vorkenntnisse geeignet sind. Ein Test kostet etwa vier Euro. W\u00f6chentlich w\u00fcrden bei weiterhin stattfindendem Wechselunterricht f\u00fcr die Grundschulen im Kreis etwa 4.500 solcher Tests, f\u00fcr die weiterf\u00fchrenden Schulen etwa 9.500, insgesamt also ca. 14.000 Testkits, ben\u00f6tigt.<\/p>\n\n\n\n<p>\u201eWir ben\u00f6tigen nun Planungssicherheit und eine Zusage f\u00fcr die \u00dcbernahme der Kosten durch das Land. Dann k\u00f6nnen wir mit unserer Strategie fortfahren, um Schulen sicher zu machen und dauerhaft zu \u00f6ffnen. Au\u00dferdem erf\u00fcllen wir damit ein Ziel, welches bei der Konferenz mit der Bundeskanzlerin und den Ministerpr\u00e4sidenten aufgestellt wurde\u201c, so Landrat Brechtel, der auf rasche und positive Antwort des Landes hofft.<\/p>\n\n\n\n<p><em>Kreisverwaltung Germersheim<br>28.03.2021<\/em><\/p>\n\n\n\n<h1 class=\"wp-block-heading\" style=\"text-align:center\"><strong>Coronavirus &#8211; Fallzahlen im Landkreis Germersheim<\/strong><\/h1>\n\n\n\n<figure class=\"wp-block-image\"><img decoding=\"async\" loading=\"lazy\" width=\"800\" height=\"400\" src=\"https:\/\/speyer24news.com\/wp-content\/uploads\/2020\/02\/virus-1812092_1920.jpg\" alt=\"\" class=\"wp-image-25128\" srcset=\"https:\/\/speyer24news.com\/wp-content\/uploads\/2020\/02\/virus-1812092_1920.jpg 800w, https:\/\/speyer24news.com\/wp-content\/uploads\/2020\/02\/virus-1812092_1920-300x150.jpg 300w, https:\/\/speyer24news.com\/wp-content\/uploads\/2020\/02\/virus-1812092_1920-768x384.jpg 768w\" sizes=\"(max-width: 800px) 100vw, 800px\" \/><\/figure>\n\n\n\n<h2 class=\"wp-block-heading\">Freitag (26. M\u00e4rz 2021)<\/h2>\n\n\n\n<p>Aktuell gibt\nes im Landkreis Germersheim 480 best\u00e4tigte positive F\u00e4lle, die Gesamtzahl bel\u00e4uft\nsich auf 4165 Infizierte seit Beginn der Pandemie (+ 44 F\u00e4lle).<\/p>\n\n\n\n<h4 class=\"wp-block-heading\"><strong>Neu betroffene Einrichtungen<\/strong><\/h4>\n\n\n\n<p><strong>Kindertagesst\u00e4tte Villa Zauberwald in\nR\u00fclzheim:<\/strong> Aufgrund eines positiven Schnelltests\nbei einer Person ist auf eigenen Wunsch die Kita geschlossen, bis das Ergebnis\ndes PCR-Tests vorliegt.<\/p>\n\n\n\n<table class=\"wp-block-table\"><tbody><tr><td><strong>VG \/ Stadt<\/strong>   <\/td><td><strong>Ort<\/strong>   <\/td><td><strong>Infizierte seit Beginn der Pandemie<\/strong>   <\/td><td><strong>Aktuell infizierte Personen<\/strong>   <\/td><td><strong>Gesundete bzw. nicht mehr infizierte Personen<\/strong>   <\/td><td><strong>Leider an oder mit Covid-19 verstorbene Personen<\/strong>   <\/td><\/tr><tr><td>\n  VG Hagenbach\n  <\/td><td>\n  Berg\n  <\/td><td>\n  43\n  <\/td><td>\n  8\n  <\/td><td>\n  35\n  <\/td><td>\n  0\n  <\/td><\/tr><tr><td>\n  &nbsp;\n  <\/td><td>\n  Hagenbach\n  <\/td><td>\n  161\n  <\/td><td>\n  10\n  <\/td><td>\n  136\n  <\/td><td>\n  15\n  <\/td><\/tr><tr><td>\n  &nbsp;\n  <\/td><td>\n  Neuburg\n  <\/td><td>\n  89\n  <\/td><td>\n  12\n  <\/td><td>\n  73\n  <\/td><td>\n  4\n  <\/td><\/tr><tr><td>\n  &nbsp;\n  <\/td><td>\n  Scheibenhardt\n  <\/td><td>\n  16\n  <\/td><td>\n  1\n  <\/td><td>\n  15\n  <\/td><td>\n  0\n  <\/td><\/tr><tr><td>\n  <strong>&nbsp;<\/strong>\n  <\/td><td>\n  <strong>Summen<\/strong><strong><\/strong>\n  <\/td><td>\n  <strong>309<\/strong><strong><\/strong>\n  <\/td><td>\n  <strong>31<\/strong><strong><\/strong>\n  <\/td><td>\n  <strong>259<\/strong><strong><\/strong>\n  <\/td><td>\n  <strong>19<\/strong><strong><\/strong>\n  <\/td><\/tr><tr><td>\n  W\u00f6rth\n  <\/td><td>\n  Maximiliansau\n  <\/td><td>\n  161\n  <\/td><td>\n  12\n  <\/td><td>\n  147\n  <\/td><td>\n  2\n  <\/td><\/tr><tr><td>\n  &nbsp;\n  <\/td><td>\n  Schaidt\n  <\/td><td>\n  38\n  <\/td><td>\n  8\n  <\/td><td>\n  30\n  <\/td><td>\n  0\n  <\/td><\/tr><tr><td>\n  &nbsp;\n  <\/td><td>\n  W\u00f6rth, Stadt\n  <\/td><td>\n  382\n  <\/td><td>\n  42\n  <\/td><td>\n  336\n  <\/td><td>\n  4\n  <\/td><\/tr><tr><td>\n  &nbsp;\n  <\/td><td>\n  B\u00fcchelberg\n  <\/td><td>\n  26\n  <\/td><td>\n  0\n  <\/td><td>\n  26\n  <\/td><td>\n  0\n  <\/td><\/tr><tr><td>\n  <strong>&nbsp;<\/strong>\n  <\/td><td>\n  <strong>Summen<\/strong><strong><\/strong>\n  <\/td><td>\n  <strong>607<\/strong><strong><\/strong>\n  <\/td><td>\n  <strong>62<\/strong><strong><\/strong>\n  <\/td><td>\n  <strong>539<\/strong><strong><\/strong>\n  <\/td><td>\n  <strong>6<\/strong><strong><\/strong>\n  <\/td><\/tr><tr><td>\n  VG Kandel\n  <\/td><td>\n  Erlenbach\n  <\/td><td>\n  10\n  <\/td><td>\n  1\n  <\/td><td>\n  9\n  <\/td><td>\n  0\n  <\/td><\/tr><tr><td>\n  &nbsp;\n  <\/td><td>\n  Freckenfeld\n  <\/td><td>\n  39\n  <\/td><td>\n  6\n  <\/td><td>\n  33\n  <\/td><td>\n  0\n  <\/td><\/tr><tr><td>\n  &nbsp;\n  <\/td><td>\n  Kandel\n  <\/td><td>\n  215\n  <\/td><td>\n  22\n  <\/td><td>\n  190\n  <\/td><td>\n  3\n  <\/td><\/tr><tr><td>\n  &nbsp;\n  <\/td><td>\n  Minfeld\n  <\/td><td>\n  35\n  <\/td><td>\n  3\n  <\/td><td>\n  32\n  <\/td><td>\n  0\n  <\/td><\/tr><tr><td>\n  &nbsp;\n  <\/td><td>\n  Steinweiler\n  <\/td><td>\n  62\n  <\/td><td>\n  7\n  <\/td><td>\n  54\n  <\/td><td>\n  1\n  <\/td><\/tr><tr><td>\n  &nbsp;\n  <\/td><td>\n  Vollmersweiler\n  <\/td><td>\n  1\n  <\/td><td>\n  0\n  <\/td><td>\n  1\n  <\/td><td>\n  0\n  <\/td><\/tr><tr><td>\n  &nbsp;\n  <\/td><td>\n  Winden\n  <\/td><td>\n  28\n  <\/td><td>\n  4\n  <\/td><td>\n  23\n  <\/td><td>\n  1\n  <\/td><\/tr><tr><td>\n  &nbsp;\n  <\/td><td>\n  <strong>Summen<\/strong><strong><\/strong>\n  <\/td><td>\n  <strong>390<\/strong><strong><\/strong>\n  <\/td><td>\n  <strong>43<\/strong><strong><\/strong>\n  <\/td><td>\n  <strong>342<\/strong><strong><\/strong>\n  <\/td><td>\n  <strong>5<\/strong><strong><\/strong>\n  <\/td><\/tr><tr><td>\n  VG Jockgrim\n  <\/td><td>\n  Hatzenb\u00fchl\n  <\/td><td>\n  74\n  <\/td><td>\n  22\n  <\/td><td>\n  52\n  <\/td><td>\n  0\n  <\/td><\/tr><tr><td>\n  &nbsp;\n  <\/td><td>\n  Jockgrim\n  <\/td><td>\n  202\n  <\/td><td>\n  22\n  <\/td><td>\n  175\n  <\/td><td>\n  5\n  <\/td><\/tr><tr><td>\n  &nbsp;\n  <\/td><td>\n  Neupotz\n  <\/td><td>\n  43\n  <\/td><td>\n  10\n  <\/td><td>\n  30\n  <\/td><td>\n  3\n  <\/td><\/tr><tr><td>\n  &nbsp;\n  <\/td><td>\n  Rheinzabern\n  <\/td><td>\n  128\n  <\/td><td>\n  18\n  <\/td><td>\n  107\n  <\/td><td>\n  3\n  <\/td><\/tr><tr><td>\n  &nbsp;\n  <\/td><td>\n  <strong>Summen<\/strong><strong><\/strong>\n  <\/td><td>\n  <strong>447<\/strong><strong><\/strong>\n  <\/td><td>\n  <strong>72<\/strong><strong><\/strong>\n  <\/td><td>\n  <strong>364<\/strong><strong><\/strong>\n  <\/td><td>\n  <strong>11<\/strong><strong><\/strong>\n  <\/td><\/tr><tr><td>\n  VG R\u00fclzheim\n  <\/td><td>\n  H\u00f6rdt\n  <\/td><td>\n  92\n  <\/td><td>\n  10\n  <\/td><td>\n  81\n  <\/td><td>\n  1\n  <\/td><\/tr><tr><td>\n  &nbsp;\n  <\/td><td>\n  Kuhardt\n  <\/td><td>\n  54\n  <\/td><td>\n  4\n  <\/td><td>\n  50\n  <\/td><td>\n  0\n  <\/td><\/tr><tr><td>\n  &nbsp;\n  <\/td><td>\n  Leimersheim\n  <\/td><td>\n  47\n  <\/td><td>\n  1\n  <\/td><td>\n  45\n  <\/td><td>\n  1\n  <\/td><\/tr><tr><td>\n  &nbsp;\n  <\/td><td>\n  R\u00fclzheim\n  <\/td><td>\n  216\n  <\/td><td>\n  29\n  <\/td><td>\n  181\n  <\/td><td>\n  6\n  <\/td><\/tr><tr><td>\n  &nbsp;\n  <\/td><td>\n  <strong>Summen<\/strong><strong><\/strong>\n  <\/td><td>\n  <strong>409<\/strong><strong><\/strong>\n  <\/td><td>\n  <strong>44<\/strong><strong><\/strong>\n  <\/td><td>\n  <strong>357<\/strong><strong><\/strong>\n  <\/td><td>\n  <strong>8<\/strong><strong><\/strong>\n  <\/td><\/tr><tr><td>\n  VG Bellheim\n  <\/td><td>\n  Bellheim\n  <\/td><td>\n  320\n  <\/td><td>\n  33\n  <\/td><td>\n  259\n  <\/td><td>\n  28\n  <\/td><\/tr><tr><td>\n  &nbsp;\n  <\/td><td>\n  Knittelsheim\n  <\/td><td>\n  30\n  <\/td><td>\n  3\n  <\/td><td>\n  27\n  <\/td><td>\n  0\n  <\/td><\/tr><tr><td>\n  &nbsp;\n  <\/td><td>\n  Ottersheim\n  <\/td><td>\n  79\n  <\/td><td>\n  25\n  <\/td><td>\n  54\n  <\/td><td>\n  0\n  <\/td><\/tr><tr><td>\n  &nbsp;\n  <\/td><td>\n  Zeiskam\n  <\/td><td>\n  72\n  <\/td><td>\n  10\n  <\/td><td>\n  62\n  <\/td><td>\n  0\n  <\/td><\/tr><tr><td>\n  &nbsp;\n  <\/td><td>\n  <strong>Summen<\/strong><strong><\/strong>\n  <\/td><td>\n  <strong>501<\/strong><strong><\/strong>\n  <\/td><td>\n  <strong>71<\/strong><strong><\/strong>\n  <\/td><td>\n  <strong>402<\/strong><strong><\/strong>\n  <\/td><td>\n  <strong>28<\/strong><strong><\/strong>\n  <\/td><\/tr><tr><td>\n  Germersheim + So\n  <\/td><td>\n  &nbsp;\n  <\/td><td>\n  876\n  <\/td><td>\n  108\n  <\/td><td>\n  753\n  <\/td><td>\n  15\n  <\/td><\/tr><tr><td>\n  &nbsp;\n  <\/td><td>\n  <strong>Summen<\/strong><strong><\/strong>\n  <\/td><td>\n  <strong>876<\/strong><strong><\/strong>\n  <\/td><td>\n  <strong>108<\/strong><strong><\/strong>\n  <\/td><td>\n  <strong>753<\/strong><strong><\/strong>\n  <\/td><td>\n  <strong>15<\/strong><strong><\/strong>\n  <\/td><\/tr><tr><td>\n  VG Lingenfeld\n  <\/td><td>\n  Freisbach\n  <\/td><td>\n  58\n  <\/td><td>\n  4\n  <\/td><td>\n  53\n  <\/td><td>\n  1\n  <\/td><\/tr><tr><td>\n  &nbsp;\n  <\/td><td>\n  Lingenfeld\n  <\/td><td>\n  210\n  <\/td><td>\n  22\n  <\/td><td>\n  181\n  <\/td><td>\n  7\n  <\/td><\/tr><tr><td>\n  &nbsp;\n  <\/td><td>\n  Lustadt\n  <\/td><td>\n  85\n  <\/td><td>\n  8\n  <\/td><td>\n  76\n  <\/td><td>\n  1\n  <\/td><\/tr><tr><td>\n  &nbsp;\n  <\/td><td>\n  Schwegenheim\n  <\/td><td>\n  125\n  <\/td><td>\n  7\n  <\/td><td>\n  118\n  <\/td><td>\n  0\n  <\/td><\/tr><tr><td>\n  &nbsp;\n  <\/td><td>\n  Weingarten\n  <\/td><td>\n  60\n  <\/td><td>\n  1\n  <\/td><td>\n  58\n  <\/td><td>\n  1\n  <\/td><\/tr><tr><td>\n  &nbsp;\n  <\/td><td>\n  Westheim\n  <\/td><td>\n  88\n  <\/td><td>\n  7\n  <\/td><td>\n  72\n  <\/td><td>\n  9\n  <\/td><\/tr><tr><td>\n  &nbsp;\n  <\/td><td>\n  <strong>Summen<\/strong><strong><\/strong>\n  <\/td><td>\n  <strong>626<\/strong><strong><\/strong>\n  <\/td><td>\n  <strong>49<\/strong><strong><\/strong>\n  <\/td><td>\n  <strong>558<\/strong><strong><\/strong>\n  <\/td><td>\n  <strong>19<\/strong><strong><\/strong>\n  <\/td><\/tr><tr><td>\n  &nbsp;\n  <\/td><td>\n  <strong>Endsummen<\/strong><strong><\/strong>\n  <\/td><td>\n  <strong>4165<\/strong><strong><\/strong>\n  <\/td><td>\n  <strong>480<\/strong><strong><\/strong>\n  <\/td><td>\n  <strong>3574<\/strong><strong><\/strong>\n  <\/td><td>\n  <strong>111<\/strong><strong><\/strong>\n  <\/td><\/tr><\/tbody><\/table>\n\n\n\n<h2 class=\"wp-block-heading\">Donnerstag (25. M\u00e4rz 2021)<\/h2>\n\n\n\n<p>Aktuell gibt\nes im Landkreis Germersheim 445 best\u00e4tigte positive F\u00e4lle, die Gesamtzahl bel\u00e4uft\nsich auf 4121 Infizierte seit Beginn der Pandemie (+ 46 F\u00e4lle).<\/p>\n\n\n\n<h4 class=\"wp-block-heading\"><strong>Neu betroffene Einrichtungen<\/strong><\/h4>\n\n\n\n<p>Kita Johannes\nder T\u00e4ufer in Germersheim. Es gibt einen positiven Fall, die Ermittlungen\ndauern an.<\/p>\n\n\n\n<h2 class=\"wp-block-heading\">Mittwoch (24. M\u00e4rz 2021)<\/h2>\n\n\n\n<p>Aktuell gibt\nes im Landkreis Germersheim 457 best\u00e4tigte positive F\u00e4lle, die Gesamtzahl bel\u00e4uft\nsich auf 4075 Infizierte seit Beginn der Pandemie (+ 42 F\u00e4lle).<\/p>\n\n\n\n<h2 class=\"wp-block-heading\">Dienstag (23. M\u00e4rz 2021)<\/h2>\n\n\n\n<p>Aktuell gibt es im Landkreis Germersheim 423 best\u00e4tigte positive F\u00e4lle, die Gesamtzahl bel\u00e4uft sich auf 4033 Infizierte seit Beginn der Pandemie (+ 32 F\u00e4lle).<\/p>\n\n\n\n<h4 class=\"wp-block-heading\"><strong>Neu\nbetroffene Einrichtungen<\/strong><\/h4>\n\n\n\n<p>Es gibt neue F\u00e4lle in den Grundschulen Weingarten\nund Berg sowie in der Eduard-Orth-Grundschule Germersheim, zudem in der Kita\nSpatzennest in Bellheim. Die Kontaktpersonen befinden sich alle in Quarant\u00e4ne.<\/p>\n\n\n\n<h2 class=\"wp-block-heading\">Montag (22. M\u00e4rz 2021)<\/h2>\n\n\n\n<p>Aktuell gibt\nes im Landkreis Germersheim 416 best\u00e4tigte positive F\u00e4lle, die Gesamtzahl bel\u00e4uft\nsich auf 4001 Infizierte seit Beginn der Pandemie (+ 39 F\u00e4lle seit Freitag).<\/p>\n\n\n\n<h4 class=\"wp-block-heading\"><strong>Weiterer Todesfall<\/strong><\/h4>\n\n\n\n<p>Leider ist eine weitere Person an oder mit Covid-19 verstorben. Insgesamt steigt die Anzahl der Todesf\u00e4lle damit auf 111.<\/p>\n\n\n\n<p><em>Kreisverwaltung Germersheim<br>28.03.2021<\/em><\/p>\n","protected":false},"excerpt":{"rendered":"<div class=\"mh-excerpt\"><p>Corona Virus Frankreich als Hochinzidenzgebiet eingestuft Tests f\u00fcr Grenzg\u00e4nger und Berufspendler vorgeschrieben Landkreise, die an der Grenze zu Frankreich liegen, mussten auf Anweisung des Landes Rheinland-Pfalz eine Allgemeinverf\u00fcgung zum Thema Grenzg\u00e4nger und Grenzpendler erlassen. Hintergrund <a class=\"mh-excerpt-more\" href=\"https:\/\/speyer24news.com\/?p=34549\" title=\"Germersheim und Landkreis Germersheim (GER)\">[&#8230;]<\/a><\/p>\n<\/div>","protected":false},"author":3,"featured_media":0,"comment_status":"open","ping_status":"open","sticky":false,"template":"","format":"standard","meta":{"_monsterinsights_skip_tracking":false,"_monsterinsights_sitenote_active":false,"_monsterinsights_sitenote_note":"","_monsterinsights_sitenote_category":0,"footnotes":""},"categories":[449],"tags":[8975,10330,8140,9951,6902,10910,10909,9887,8739,10528,6323,9746,9286,9616,6903,9745,269,210,10908,5569],"aioseo_notices":[],"amp_enabled":true,"_links":{"self":[{"href":"https:\/\/speyer24news.com\/index.php?rest_route=\/wp\/v2\/posts\/34549"}],"collection":[{"href":"https:\/\/speyer24news.com\/index.php?rest_route=\/wp\/v2\/posts"}],"about":[{"href":"https:\/\/speyer24news.com\/index.php?rest_route=\/wp\/v2\/types\/post"}],"author":[{"embeddable":true,"href":"https:\/\/speyer24news.com\/index.php?rest_route=\/wp\/v2\/users\/3"}],"replies":[{"embeddable":true,"href":"https:\/\/speyer24news.com\/index.php?rest_route=%2Fwp%2Fv2%2Fcomments&post=34549"}],"version-history":[{"count":3,"href":"https:\/\/speyer24news.com\/index.php?rest_route=\/wp\/v2\/posts\/34549\/revisions"}],"predecessor-version":[{"id":34558,"href":"https:\/\/speyer24news.com\/index.php?rest_route=\/wp\/v2\/posts\/34549\/revisions\/34558"}],"wp:attachment":[{"href":"https:\/\/speyer24news.com\/index.php?rest_route=%2Fwp%2Fv2%2Fmedia&parent=34549"}],"wp:term":[{"taxonomy":"category","embeddable":true,"href":"https:\/\/speyer24news.com\/index.php?rest_route=%2Fwp%2Fv2%2Fcategories&post=34549"},{"taxonomy":"post_tag","embeddable":true,"href":"https:\/\/speyer24news.com\/index.php?rest_route=%2Fwp%2Fv2%2Ftags&post=34549"}],"curies":[{"name":"wp","href":"https:\/\/api.w.org\/{rel}","templated":true}]}}