{"id":34559,"date":"2021-03-28T07:04:48","date_gmt":"2021-03-28T06:04:48","guid":{"rendered":"https:\/\/speyer24news.com\/?p=34559"},"modified":"2021-03-28T07:04:49","modified_gmt":"2021-03-28T06:04:49","slug":"rhein-pfalz-kreis-78","status":"publish","type":"post","link":"https:\/\/speyer24news.com\/?p=34559","title":{"rendered":"Rhein-Pfalz-Kreis"},"content":{"rendered":"<style type=\"text\/css\">\r\n\t.ads_top_disp{}\r\n\t.ads_top_corner_disp{ float:left; margin:0px 10px 10px 0px; }\r\n\t.ads_first_p_disp{}\r\n\t.ads_bottom_disp{}\r\n\t<\/style>\n<h1 class=\"wp-block-heading\" style=\"text-align:center\"><strong>Coronavirus<\/strong><\/h1>\n\n\n\n<figure class=\"wp-block-image\"><img decoding=\"async\" loading=\"lazy\" width=\"800\" height=\"346\" src=\"https:\/\/speyer24news.com\/wp-content\/uploads\/2020\/02\/coronavirus-4817450_1920.jpg\" alt=\"\" class=\"wp-image-25126\" srcset=\"https:\/\/speyer24news.com\/wp-content\/uploads\/2020\/02\/coronavirus-4817450_1920.jpg 800w, https:\/\/speyer24news.com\/wp-content\/uploads\/2020\/02\/coronavirus-4817450_1920-300x130.jpg 300w, https:\/\/speyer24news.com\/wp-content\/uploads\/2020\/02\/coronavirus-4817450_1920-768x332.jpg 768w\" sizes=\"(max-width: 800px) 100vw, 800px\" \/><\/figure>\n\n\n\n<h2 class=\"wp-block-heading\"><strong>Allgemeinverf\u00fcgung des Rhein-Pfalz-Kreises zur Erg\u00e4nzung der Regelungen der 18. CoBeLVO<\/strong><\/h2>\n\n\n\n<div class=\"wp-block-image\"><figure class=\"aligncenter\"><img decoding=\"async\" loading=\"lazy\" width=\"500\" height=\"500\" src=\"https:\/\/speyer24news.com\/wp-content\/uploads\/2020\/02\/virus-4810549_1920.png\" alt=\"\" class=\"wp-image-25116\" srcset=\"https:\/\/speyer24news.com\/wp-content\/uploads\/2020\/02\/virus-4810549_1920.png 500w, https:\/\/speyer24news.com\/wp-content\/uploads\/2020\/02\/virus-4810549_1920-150x150.png 150w, https:\/\/speyer24news.com\/wp-content\/uploads\/2020\/02\/virus-4810549_1920-300x300.png 300w\" sizes=\"(max-width: 500px) 100vw, 500px\" \/><\/figure><\/div>\n\n\n\n<p>Der Rhein-Pfalz-Kreis erl\u00e4sst aufgrund der gestiegenen Inzidenzzahlen nach Beschluss des Landes Rheinland-Pfalz weitere Ma\u00dfnahmen zur Eind\u00e4mmung des Infektionsgeschehens. Da die 7-Tage-Inzidenz pro 100.000 Einwohner landesweit an drei aufeinander folgenden Tagen \u00fcber 50 gestiegen ist, erl\u00e4sst der Rhein-Pfalz-Kreis nach Einvernehmen des Landes eine Allgemeinverf\u00fcgung, die am <strong>Donnerstag, 25. M\u00e4rz 2021 in Kraft tritt und bis zum Ablauf des 11. April 2021 gilt<\/strong>. Sie erg\u00e4nzt die 18. CoBeLVO des Landes Rheinland-Pfalz.<\/p>\n\n\n\n<p>Gewerbliche Einrichtungen m\u00fcssen f\u00fcr den\nallgemeinen Kundenverkehr schlie\u00dfen und \u201eTermin-Shopping\u201c vereinbaren. Demnach\ndarf nur nach vorheriger Vereinbarung durch Einzeltermine ge\u00f6ffnet werden. Die\nTerminvereinbarung kann online, telefonisch oder im Gesch\u00e4ft vor Ort erfolgen.\n\u201eSpontanes Termin-Shopping\u201c wird somit ebenfalls erm\u00f6glicht.\n&nbsp;&nbsp;&nbsp;&nbsp;&nbsp; <br>\nZutritt wird pro angefangene 40 qm Verkaufsfl\u00e4che einer Kundin oder eines\nKunden gew\u00e4hrt. Alle Personen haben eine medizinische Gesichtsmaske (oder\nvergleichbare Standards) zu tragen. Termine sind so zu vergeben, dass die\nVermeidung von Ansammlungen in oder vor der jeweiligen Einrichtung\nsichergestellt ist, die Kontakterfassung der Kundschaft ist verpflichtend.\nZwischen den Terminen ist regelm\u00e4\u00dfig zu L\u00fcften.<\/p>\n\n\n\n<p>Von der Schlie\u00dfung der Einrichtungen\nausgenommen sind neben den bereits bekannten Einrichtungen f\u00fcr den t\u00e4glichen\nBedarf sowie dem Gro\u00dfhandel nun auch Baum\u00e4rkte, Tierbedarfsm\u00e4rkte\nund Futtermittelm\u00e4rkte, Reinigungen, Waschsalons, Buchhandlungen, Blumenfachgesch\u00e4fte, G\u00e4rtnereien, Gartenbaubetriebe\nund Gartenbaum\u00e4rkte.<\/p>\n\n\n\n<p>Des Weiteren ist abweichend von der 18.\nCoBeLVO die sportliche Bet\u00e4tigung im Amateur- und Freizeitsport in\nEinzelsportarten auf und in allen \u00f6ffentlichen und privaten Sportanlagen\nausschlie\u00dflich im Freien mit maximal f\u00fcnf Personen aus zwei Hausst\u00e4nden und mit\ndem geltenden Abstandsgebot zul\u00e4ssig. Kontaktfreies Training ist in Gruppen von\nbis zu 20 Kindern bis einschlie\u00dflich 14 Jahre und einer Trainerin oder einem\nTrainer m\u00f6glich. Gruppentraining f\u00fcr Personen \u00fcber 14 Jahre ist nicht erlaubt.<\/p>\n\n\n\n<p>Entgegen der aktuellen Landesverordnung\nist zudem der Proben- und Auftrittsbetrieb der Breiten- und Laienkultur\nuntersagt.<\/p>\n\n\n\n<p>Zu beachten ist, dass bei einem \u00fcber drei\nTage hintereinander folgenden Inzidenzwert von \u00fcber 100 die von Bund und\nL\u00e4ndern beschlossene Notbremse greift. Damit ist eine\nneue Allgemeinverf\u00fcgung gem\u00e4\u00df der Mustervorlage des Landes zu erlassen, die das\n\u00f6ffentliche Leben und den Einzelhandelsbetrieb weiter einschr\u00e4nkt. Zudem\nw\u00fcrde die Schlie\u00dfung von Museen, Galerien sowie Kosmetik-, Massage-, Tattoo-\nund Piercingstudios sowie der Au\u00dfengastronomie verf\u00fcgt werden m\u00fcssen. <\/p>\n\n\n\n<p>\u00a0\u201eDie vom Land geforderten Ma\u00dfnahmen zur Eind\u00e4mmung der Infektionszahlen sind erforderlich, da auch der Inzidenzwert im Rhein-Pfalz-Kreis stark schwankt und im Moment dauerhaft \u00fcber 50 ist. Grund hierf\u00fcr sind einrichtungsbezogene Infektionsf\u00e4lle, aber auch ein diffuses Infektionsgeschehen, das gro\u00dfteils auf das private Umfeld zur\u00fcckzuf\u00fchren ist\u201c, erl\u00e4utert Landrat K\u00f6rner. \u201eWir sind uns bewusst, dass die Ma\u00dfnahmen sehr einschneidend und einschr\u00e4nkend sind, sehen uns aber durch das landesweite ansteigende Infektionsgeschehen gezwungen, weitere Ma\u00dfnahmen zu verordnen. Wir bauen das Schnelltestangebot in den Gemeinden f\u00fcr B\u00fcrgerinnen und B\u00fcrger sowie f\u00fcr Mitarbeiterinnen und Mitarbeiter in Kitas und Schulen aus. Auch das Impfzentrum in Schifferstadt l\u00e4uft auf Vollbetrieb. Nur mit vielen Impf- und Testm\u00f6glichkeiten k\u00f6nnen wir das Infektionsgeschehen eind\u00e4mmen.\u201c<\/p>\n\n\n\n<h4 class=\"wp-block-heading\">Allgemeinverf\u00fcgung zur \u00c4nderung und Erg\u00e4nzung  der Regelungen der 18. CoBeLVO als pdf:<\/h4>\n\n\n\n<div class=\"wp-block-file\"><a href=\"https:\/\/speyer24news.com\/wp-content\/uploads\/2021\/03\/2021-03-AV-RPK-Beschr\u00e4nkungen-ab-25.03.2021.pdf\">2021-03-AV-RPK-Beschr\u00e4nkungen-ab-25.03.2021<\/a><a href=\"https:\/\/speyer24news.com\/wp-content\/uploads\/2021\/03\/2021-03-AV-RPK-Beschr\u00e4nkungen-ab-25.03.2021.pdf\" class=\"wp-block-file__button\" download>Herunterladen<\/a><\/div>\n\n\n\n<h4 class=\"wp-block-heading\">Begr\u00fcndung zur Allgemeinverf\u00fcgung zur \u00c4nderung und Erg\u00e4nzung der  Regelungen der 18. CoBeLVO als pdf:<\/h4>\n\n\n\n<div class=\"wp-block-file\"><a href=\"https:\/\/speyer24news.com\/wp-content\/uploads\/2021\/03\/2021-03-AV-RPK-Beschr\u00e4nkungen-ab-25.03.2021-Begr\u00fcndung.pdf\">2021-03-AV-RPK-Beschr\u00e4nkungen-ab-25.03.2021-Begr\u00fcndung<\/a><a href=\"https:\/\/speyer24news.com\/wp-content\/uploads\/2021\/03\/2021-03-AV-RPK-Beschr\u00e4nkungen-ab-25.03.2021-Begr\u00fcndung.pdf\" class=\"wp-block-file__button\" download>Herunterladen<\/a><\/div>\n\n\n\n<p><em>Kreisverwaltung Rhein-Pfalz-Kreis<br>28.03.2021<\/em><\/p>\n\n\n\n<h1 class=\"wp-block-heading\" style=\"text-align:center\"><strong>Aktuelle Fallzahlen im Zust\u00e4ndigkeitsbereich des Gesundheitsamtes Rhein-Pfalz-Kreis<\/strong><\/h1>\n\n\n\n<figure class=\"wp-block-image\"><img decoding=\"async\" loading=\"lazy\" width=\"800\" height=\"400\" src=\"https:\/\/speyer24news.com\/wp-content\/uploads\/2020\/02\/virus-1812092_1920.jpg\" alt=\"\" class=\"wp-image-25128\" srcset=\"https:\/\/speyer24news.com\/wp-content\/uploads\/2020\/02\/virus-1812092_1920.jpg 800w, https:\/\/speyer24news.com\/wp-content\/uploads\/2020\/02\/virus-1812092_1920-300x150.jpg 300w, https:\/\/speyer24news.com\/wp-content\/uploads\/2020\/02\/virus-1812092_1920-768x384.jpg 768w\" sizes=\"(max-width: 800px) 100vw, 800px\" \/><\/figure>\n\n\n\n<h2 class=\"wp-block-heading\">Covid-19 Fallzahlen vom 26.03.2021:  <\/h2>\n\n\n\n<p>Die Kreisverwaltung Rhein-Pfalz-Kreis \u00fcbermittelt\neine \u00dcbersicht der Infektionszahlen aus ihrem Zust\u00e4ndigkeitsbereich des\nGesundheitsamtes. In den Zust\u00e4ndigkeitsbereich des Gesundheitsamtes\nRhein-Pfalz-Kreis geh\u00f6ren neben dem Landkreis auch die St\u00e4dte Ludwigshafen,\nFrankenthal und Speyer. <\/p>\n\n\n\n<table class=\"wp-block-table\"><tbody><tr><td>\n  LK\/SK\/Ort\n  <\/td><td>\n  Infizierte seit Beginn der\n  Pandemie\n  <\/td><td>\n  Aktuell infizierte Personen\n  <\/td><td>\n  Heute neu infizierte Personen\n  <\/td><td>\n  Gesundete bzw. nicht mehr\n  infizierte Personen\n  <\/td><td>\n  Leider an oder mit Covid-19 verstorbene\n  Personen\n  <\/td><td>\n  Heute verstorben gemeldet\n  <\/td><\/tr><tr><td>\n  _AH\n  <\/td><td>\n  6\n  <\/td><td>\n  &nbsp;\n  <\/td><td>\n  &nbsp;\n  <\/td><td>\n  6\n  <\/td><td>\n  &nbsp;\n  <\/td><td>\n  &nbsp;\n  <\/td><\/tr><tr><td>\n  Altrip\n  <\/td><td>\n  207\n  <\/td><td>\n  18\n  <\/td><td>\n  2\n  <\/td><td>\n  172\n  <\/td><td>\n  17\n  <\/td><td>\n  &nbsp;\n  <\/td><\/tr><tr><td>\n  Beindersheim\n  <\/td><td>\n  90\n  <\/td><td>\n  13\n  <\/td><td>\n  &nbsp;\n  <\/td><td>\n  76\n  <\/td><td>\n  1\n  <\/td><td>\n  &nbsp;\n  <\/td><\/tr><tr><td>\n  Birkenheide\n  <\/td><td>\n  74\n  <\/td><td>\n  5\n  <\/td><td>\n  &nbsp;\n  <\/td><td>\n  67\n  <\/td><td>\n  2\n  <\/td><td>\n  &nbsp;\n  <\/td><\/tr><tr><td>\n  Bobenheim-Roxheim\n  <\/td><td>\n  242\n  <\/td><td>\n  25\n  <\/td><td>\n  2\n  <\/td><td>\n  217\n  <\/td><td>\n  &nbsp;\n  <\/td><td>\n  &nbsp;\n  <\/td><\/tr><tr><td>\n  B\u00f6hl-Iggelheim\n  <\/td><td>\n  335\n  <\/td><td>\n  24\n  <\/td><td>\n  1\n  <\/td><td>\n  297\n  <\/td><td>\n  14\n  <\/td><td>\n  &nbsp;\n  <\/td><\/tr><tr><td>\n  Dannstadt-Schauernheim\n  <\/td><td>\n  212\n  <\/td><td>\n  19\n  <\/td><td>\n  3\n  <\/td><td>\n  189\n  <\/td><td>\n  4\n  <\/td><td>\n  &nbsp;\n  <\/td><\/tr><tr><td>\n  Dudenhofen\n  <\/td><td>\n  303\n  <\/td><td>\n  17\n  <\/td><td>\n  &nbsp;\n  <\/td><td>\n  271\n  <\/td><td>\n  15\n  <\/td><td>\n  &nbsp;\n  <\/td><\/tr><tr><td>\n  Fu\u00dfg\u00f6nheim\n  <\/td><td>\n  84\n  <\/td><td>\n  24\n  <\/td><td>\n  &nbsp;\n  <\/td><td>\n  57\n  <\/td><td>\n  3\n  <\/td><td>\n  &nbsp;\n  <\/td><\/tr><tr><td>\n  Gro\u00dfniedesheim\n  <\/td><td>\n  38\n  <\/td><td>\n  &nbsp;\n  <\/td><td>\n  &nbsp;\n  <\/td><td>\n  38\n  <\/td><td>\n  &nbsp;\n  <\/td><td>\n  &nbsp;\n  <\/td><\/tr><tr><td>\n  Hanhofen\n  <\/td><td>\n  99\n  <\/td><td>\n  20\n  <\/td><td>\n  1\n  <\/td><td>\n  78\n  <\/td><td>\n  1\n  <\/td><td>\n  &nbsp;\n  <\/td><\/tr><tr><td>\n  Harthausen\n  <\/td><td>\n  158\n  <\/td><td>\n  42\n  <\/td><td>\n  1\n  <\/td><td>\n  104\n  <\/td><td>\n  12\n  <\/td><td>\n  &nbsp;\n  <\/td><\/tr><tr><td>\n  He\u00dfheim\n  <\/td><td>\n  88\n  <\/td><td>\n  5\n  <\/td><td>\n  &nbsp;\n  <\/td><td>\n  80\n  <\/td><td>\n  3\n  <\/td><td>\n  &nbsp;\n  <\/td><\/tr><tr><td>\n  Heuchelheim\n  <\/td><td>\n  22\n  <\/td><td>\n  1\n  <\/td><td>\n  &nbsp;\n  <\/td><td>\n  21\n  <\/td><td>\n  &nbsp;\n  <\/td><td>\n  &nbsp;\n  <\/td><\/tr><tr><td>\n  Hochdorf-Assenheim\n  <\/td><td>\n  72\n  <\/td><td>\n  6\n  <\/td><td>\n  &nbsp;\n  <\/td><td>\n  65\n  <\/td><td>\n  1\n  <\/td><td>\n  &nbsp;\n  <\/td><\/tr><tr><td>\n  Kleinniedesheim\n  <\/td><td>\n  27\n  <\/td><td>\n  2\n  <\/td><td>\n  &nbsp;\n  <\/td><td>\n  25\n  <\/td><td>\n  &nbsp;\n  <\/td><td>\n  &nbsp;\n  <\/td><\/tr><tr><td>\n  Lambsheim\n  <\/td><td>\n  157\n  <\/td><td>\n  11\n  <\/td><td>\n  &nbsp;\n  <\/td><td>\n  143\n  <\/td><td>\n  3\n  <\/td><td>\n  &nbsp;\n  <\/td><\/tr><tr><td>\n  Limburgerhof\n  <\/td><td>\n  341\n  <\/td><td>\n  44\n  <\/td><td>\n  1\n  <\/td><td>\n  285\n  <\/td><td>\n  12\n  <\/td><td>\n  &nbsp;\n  <\/td><\/tr><tr><td>\n  Maxdorf\n  <\/td><td>\n  257\n  <\/td><td>\n  4\n  <\/td><td>\n  &nbsp;\n  <\/td><td>\n  224\n  <\/td><td>\n  29\n  <\/td><td>\n  &nbsp;\n  <\/td><\/tr><tr><td>\n  Mutterstadt\n  <\/td><td>\n  486\n  <\/td><td>\n  37\n  <\/td><td>\n  1\n  <\/td><td>\n  417\n  <\/td><td>\n  32\n  <\/td><td>\n  &nbsp;\n  <\/td><\/tr><tr><td>\n  Neuhofen\n  <\/td><td>\n  221\n  <\/td><td>\n  13\n  <\/td><td>\n  &nbsp;\n  <\/td><td>\n  195\n  <\/td><td>\n  13\n  <\/td><td>\n  &nbsp;\n  <\/td><\/tr><tr><td>\n  Otterstadt\n  <\/td><td>\n  112\n  <\/td><td>\n  5\n  <\/td><td>\n  &nbsp;\n  <\/td><td>\n  105\n  <\/td><td>\n  2\n  <\/td><td>\n  &nbsp;\n  <\/td><\/tr><tr><td>\n  R\u00f6dersheim-Gronau\n  <\/td><td>\n  71\n  <\/td><td>\n  3\n  <\/td><td>\n  &nbsp;\n  <\/td><td>\n  66\n  <\/td><td>\n  2\n  <\/td><td>\n  &nbsp;\n  <\/td><\/tr><tr><td>\n  R\u00f6merberg\n  <\/td><td>\n  445\n  <\/td><td>\n  37\n  <\/td><td>\n  6\n  <\/td><td>\n  397\n  <\/td><td>\n  11\n  <\/td><td>\n  &nbsp;\n  <\/td><\/tr><tr><td>\n  Schifferstadt\n  <\/td><td>\n  785\n  <\/td><td>\n  76\n  <\/td><td>\n  5\n  <\/td><td>\n  688\n  <\/td><td>\n  21\n  <\/td><td>\n  &nbsp;\n  <\/td><\/tr><tr><td>\n  Waldsee\n  <\/td><td>\n  173\n  <\/td><td>\n  10\n  <\/td><td>\n  1\n  <\/td><td>\n  154\n  <\/td><td>\n  9\n  <\/td><td>\n  &nbsp;\n  <\/td><\/tr><tr><td>\n  &nbsp;\n  <\/td><td>\n  &nbsp;\n  <\/td><td>\n  &nbsp;\n  <\/td><td>\n  &nbsp;\n  <\/td><td>\n  &nbsp;\n  <\/td><td>\n  &nbsp;\n  <\/td><td>\n  &nbsp;\n  <\/td><\/tr><tr><td>\n  <strong>LK Rhein-Pfalz-Kreis<\/strong>\n  <\/td><td>\n  <strong>5105<\/strong>\n  <\/td><td>\n  <strong>461<\/strong>\n  <\/td><td>\n  <strong>24<\/strong>\n  <\/td><td>\n  <strong>4437<\/strong>\n  <\/td><td>\n  <strong>207<\/strong>\n  <\/td><td>\n  <strong>&nbsp;<\/strong>\n  <\/td><\/tr><tr><td>\n  <strong>SK Frankenthal<\/strong>\n  <\/td><td>\n  <strong>1673<\/strong>\n  <\/td><td>\n  <strong>204<\/strong>\n  <\/td><td>\n  <strong>2<\/strong>\n  <\/td><td>\n  <strong>1420<\/strong>\n  <\/td><td>\n  <strong>48<\/strong>\n  <\/td><td>\n  <strong>1<\/strong>\n  <\/td><\/tr><tr><td>\n  <strong>SK Ludwigshafen<\/strong>\n  <\/td><td>\n  <strong>7574<\/strong>\n  <\/td><td>\n  <strong>680<\/strong>\n  <\/td><td>\n  <strong>51<\/strong>\n  <\/td><td>\n  <strong>6590<\/strong>\n  <\/td><td>\n  <strong>304<\/strong>\n  <\/td><td>\n  <strong>&nbsp;<\/strong>\n  <\/td><\/tr><tr><td>\n  <strong>SK Speyer<\/strong>\n  <\/td><td>\n  <strong>2170<\/strong>\n  <\/td><td>\n  <strong>153<\/strong>\n  <\/td><td>\n  <strong>10<\/strong>\n  <\/td><td>\n  <strong>1937<\/strong>\n  <\/td><td>\n  <strong>80<\/strong>\n  <\/td><td>\n  <strong>&nbsp;<\/strong>\n  <\/td><\/tr><tr><td>\n  &nbsp;\n  <\/td><td>\n  &nbsp;\n  <\/td><td>\n  &nbsp;\n  <\/td><td>\n  &nbsp;\n  <\/td><td>\n  &nbsp;\n  <\/td><td>\n  &nbsp;\n  <\/td><td>\n  &nbsp;\n  <\/td><\/tr><tr><td>\n  <strong>Summe:<\/strong>\n  <\/td><td>\n  <strong>16522<\/strong>\n  <\/td><td>\n  <strong>1498<\/strong>\n  <\/td><td>\n  <strong>87<\/strong>\n  <\/td><td>\n  <strong>14384<\/strong>\n  <\/td><td>\n  <strong>639<\/strong>\n  <\/td><td>\n  <strong>1<\/strong>\n  <\/td><\/tr><\/tbody><\/table>\n\n\n\n<p>Quelle: SurvNet@RKI<\/p>\n\n\n\n<p>_AH: Personen mit Hauptwohnsitz au\u00dferhalb des\nZust\u00e4ndigkeitsbereiches des Gesundheitsamts aber mit fehlerhaften Meldekreis\n\u201eLK Rhein-Pfalz-Kreis\u201c. Es wird gepr\u00fcft, ob diese noch nachtr\u00e4glich richtig\nzugeordnet werden k\u00f6nnen. <\/p>\n\n\n\n<h4 class=\"wp-block-heading\">Aus den Einrichtungen sind uns folgende aktuelle Corona-Virus-Ausbr\u00fcche gemeldet:<\/h4>\n\n\n\n<ul><li>AfA Speyer<\/li><li>Kindertagesst\u00e4tte\nHaus Don Bosco Speyer <\/li><li>Kita\nProt. Vers\u00f6hnungskirche FT<\/li><li>Kita\nSt. Dominikus Harthausen <\/li><li>Prot.\nKita Dietrich-Bonhoeffer-Zentrum&nbsp;(DBZ) LU<\/li><li>Obdachlosen\n\u00dcbergangswohnheim&nbsp;Zum Schlangenw\u00fchl SP<\/li><li> Kath. Kita Ludwigshafen St. Josef LU <\/li><\/ul>\n\n\n\n<h2 class=\"wp-block-heading\">Covid-19 Fallzahlen vom 25.03.2021:  <\/h2>\n\n\n\n<p>Die Kreisverwaltung Rhein-Pfalz-Kreis \u00fcbermittelt eine \u00dcbersicht der Infektionszahlen aus ihrem Zust\u00e4ndigkeitsbereich des Gesundheitsamtes. In den Zust\u00e4ndigkeitsbereich des Gesundheitsamtes Rhein-Pfalz-Kreis geh\u00f6ren neben dem Landkreis auch die St\u00e4dte Ludwigshafen, Frankenthal und Speyer.<\/p>\n\n\n\n<table class=\"wp-block-table\"><tbody><tr><td>\n  LK\/SK\/Ort\n  <\/td><td>\n  Infizierte seit Beginn der\n  Pandemie\n  <\/td><td>\n  Aktuell infizierte Personen\n  <\/td><td>\n  Heute neu infizierte Personen\n  <\/td><td>\n  Gesundete bzw. nicht mehr\n  infizierte Personen\n  <\/td><td>\n  Leider an oder mit Covid-19 verstorbene\n  Personen\n  <\/td><td>\n  Heute verstorben gemeldet\n  <\/td><\/tr><tr><td>\n  _AH\n  <\/td><td>\n  6\n  <\/td><td>\n  &nbsp;\n  <\/td><td>\n  &nbsp;\n  <\/td><td>\n  6\n  <\/td><td>\n  &nbsp;\n  <\/td><td>\n  &nbsp;\n  <\/td><\/tr><tr><td>\n  Altrip\n  <\/td><td>\n  205\n  <\/td><td>\n  18\n  <\/td><td>\n  1\n  <\/td><td>\n  170\n  <\/td><td>\n  17\n  <\/td><td>\n  &nbsp;\n  <\/td><\/tr><tr><td>\n  Beindersheim\n  <\/td><td>\n  90\n  <\/td><td>\n  13\n  <\/td><td>\n  1\n  <\/td><td>\n  76\n  <\/td><td>\n  1\n  <\/td><td>\n  &nbsp;\n  <\/td><\/tr><tr><td>\n  Birkenheide\n  <\/td><td>\n  74\n  <\/td><td>\n  6\n  <\/td><td>\n  &nbsp;\n  <\/td><td>\n  66\n  <\/td><td>\n  2\n  <\/td><td>\n  &nbsp;\n  <\/td><\/tr><tr><td>\n  Bobenheim-Roxheim\n  <\/td><td>\n  240\n  <\/td><td>\n  23\n  <\/td><td>\n  1\n  <\/td><td>\n  217\n  <\/td><td>\n  &nbsp;\n  <\/td><td>\n  &nbsp;\n  <\/td><\/tr><tr><td>\n  B\u00f6hl-Iggelheim\n  <\/td><td>\n  334\n  <\/td><td>\n  25\n  <\/td><td>\n  1\n  <\/td><td>\n  295\n  <\/td><td>\n  14\n  <\/td><td>\n  &nbsp;\n  <\/td><\/tr><tr><td>\n  Dannstadt-Schauernheim\n  <\/td><td>\n  209\n  <\/td><td>\n  16\n  <\/td><td>\n  &nbsp;\n  <\/td><td>\n  189\n  <\/td><td>\n  4\n  <\/td><td>\n  &nbsp;\n  <\/td><\/tr><tr><td>\n  Dudenhofen\n  <\/td><td>\n  303\n  <\/td><td>\n  17\n  <\/td><td>\n  3\n  <\/td><td>\n  271\n  <\/td><td>\n  15\n  <\/td><td>\n  &nbsp;\n  <\/td><\/tr><tr><td>\n  Fu\u00dfg\u00f6nheim\n  <\/td><td>\n  84\n  <\/td><td>\n  27\n  <\/td><td>\n  &nbsp;\n  <\/td><td>\n  54\n  <\/td><td>\n  3\n  <\/td><td>\n  &nbsp;\n  <\/td><\/tr><tr><td>\n  Gro\u00dfniedesheim\n  <\/td><td>\n  38\n  <\/td><td>\n  &nbsp;\n  <\/td><td>\n  &nbsp;\n  <\/td><td>\n  38\n  <\/td><td>\n  &nbsp;\n  <\/td><td>\n  &nbsp;\n  <\/td><\/tr><tr><td>\n  Hanhofen\n  <\/td><td>\n  98\n  <\/td><td>\n  19\n  <\/td><td>\n  &nbsp;\n  <\/td><td>\n  78\n  <\/td><td>\n  1\n  <\/td><td>\n  &nbsp;\n  <\/td><\/tr><tr><td>\n  Harthausen\n  <\/td><td>\n  157\n  <\/td><td>\n  41\n  <\/td><td>\n  7\n  <\/td><td>\n  104\n  <\/td><td>\n  12\n  <\/td><td>\n  &nbsp;\n  <\/td><\/tr><tr><td>\n  He\u00dfheim\n  <\/td><td>\n  88\n  <\/td><td>\n  5\n  <\/td><td>\n  &nbsp;\n  <\/td><td>\n  80\n  <\/td><td>\n  3\n  <\/td><td>\n  &nbsp;\n  <\/td><\/tr><tr><td>\n  Heuchelheim\n  <\/td><td>\n  22\n  <\/td><td>\n  1\n  <\/td><td>\n  &nbsp;\n  <\/td><td>\n  21\n  <\/td><td>\n  &nbsp;\n  <\/td><td>\n  &nbsp;\n  <\/td><\/tr><tr><td>\n  Hochdorf-Assenheim\n  <\/td><td>\n  72\n  <\/td><td>\n  6\n  <\/td><td>\n  &nbsp;\n  <\/td><td>\n  65\n  <\/td><td>\n  1\n  <\/td><td>\n  &nbsp;\n  <\/td><\/tr><tr><td>\n  Kleinniedesheim\n  <\/td><td>\n  27\n  <\/td><td>\n  2\n  <\/td><td>\n  &nbsp;\n  <\/td><td>\n  25\n  <\/td><td>\n  &nbsp;\n  <\/td><td>\n  &nbsp;\n  <\/td><\/tr><tr><td>\n  Lambsheim\n  <\/td><td>\n  157\n  <\/td><td>\n  11\n  <\/td><td>\n  2\n  <\/td><td>\n  143\n  <\/td><td>\n  3\n  <\/td><td>\n  &nbsp;\n  <\/td><\/tr><tr><td>\n  Limburgerhof\n  <\/td><td>\n  340\n  <\/td><td>\n  45\n  <\/td><td>\n  3\n  <\/td><td>\n  283\n  <\/td><td>\n  12\n  <\/td><td>\n  &nbsp;\n  <\/td><\/tr><tr><td>\n  Maxdorf\n  <\/td><td>\n  257\n  <\/td><td>\n  5\n  <\/td><td>\n  &nbsp;\n  <\/td><td>\n  223\n  <\/td><td>\n  29\n  <\/td><td>\n  &nbsp;\n  <\/td><\/tr><tr><td>\n  Mutterstadt\n  <\/td><td>\n  485\n  <\/td><td>\n  36\n  <\/td><td>\n  3\n  <\/td><td>\n  417\n  <\/td><td>\n  32\n  <\/td><td>\n  &nbsp;\n  <\/td><\/tr><tr><td>\n  Neuhofen\n  <\/td><td>\n  221\n  <\/td><td>\n  13\n  <\/td><td>\n  &nbsp;\n  <\/td><td>\n  195\n  <\/td><td>\n  13\n  <\/td><td>\n  &nbsp;\n  <\/td><\/tr><tr><td>\n  Otterstadt\n  <\/td><td>\n  112\n  <\/td><td>\n  5\n  <\/td><td>\n  &nbsp;\n  <\/td><td>\n  105\n  <\/td><td>\n  2\n  <\/td><td>\n  &nbsp;\n  <\/td><\/tr><tr><td>\n  R\u00f6dersheim-Gronau\n  <\/td><td>\n  71\n  <\/td><td>\n  3\n  <\/td><td>\n  1\n  <\/td><td>\n  66\n  <\/td><td>\n  2\n  <\/td><td>\n  &nbsp;\n  <\/td><\/tr><tr><td>\n  R\u00f6merberg\n  <\/td><td>\n  439\n  <\/td><td>\n  31\n  <\/td><td>\n  7\n  <\/td><td>\n  397\n  <\/td><td>\n  11\n  <\/td><td>\n  1\n  <\/td><\/tr><tr><td>\n  Schifferstadt\n  <\/td><td>\n  780\n  <\/td><td>\n  73\n  <\/td><td>\n  2\n  <\/td><td>\n  686\n  <\/td><td>\n  21\n  <\/td><td>\n  &nbsp;\n  <\/td><\/tr><tr><td>\n  Waldsee\n  <\/td><td>\n  172\n  <\/td><td>\n  11\n  <\/td><td>\n  2\n  <\/td><td>\n  152\n  <\/td><td>\n  9\n  <\/td><td>\n  &nbsp;\n  <\/td><\/tr><tr><td>\n  &nbsp;\n  <\/td><td>\n  &nbsp;\n  <\/td><td>\n  &nbsp;\n  <\/td><td>\n  &nbsp;\n  <\/td><td>\n  &nbsp;\n  <\/td><td>\n  &nbsp;\n  <\/td><td>\n  &nbsp;\n  <\/td><\/tr><tr><td>\n  <strong>LK Rhein-Pfalz-Kreis<\/strong>\n  <\/td><td>\n  <strong>5081<\/strong>\n  <\/td><td>\n  <strong>452<\/strong>\n  <\/td><td>\n  <strong>34<\/strong>\n  <\/td><td>\n  <strong>4422<\/strong>\n  <\/td><td>\n  <strong>207<\/strong>\n  <\/td><td>\n  <strong>1<\/strong>\n  <\/td><\/tr><tr><td>\n  <strong>SK Frankenthal<\/strong>\n  <\/td><td>\n  <strong>1672<\/strong>\n  <\/td><td>\n  <strong>206<\/strong>\n  <\/td><td>\n  <strong>10<\/strong>\n  <\/td><td>\n  <strong>1418<\/strong>\n  <\/td><td>\n  <strong>47<\/strong>\n  <\/td><td>\n  <strong>1<\/strong>\n  <\/td><\/tr><tr><td>\n  <strong>SK Ludwigshafen<\/strong>\n  <\/td><td>\n  <strong>7520<\/strong>\n  <\/td><td>\n  <strong>639<\/strong>\n  <\/td><td>\n  <strong>50<\/strong>\n  <\/td><td>\n  <strong>6577<\/strong>\n  <\/td><td>\n  <strong>304<\/strong>\n  <\/td><td>\n  <strong>&nbsp;<\/strong>\n  <\/td><\/tr><tr><td>\n  <strong>SK Speyer<\/strong>\n  <\/td><td>\n  <strong>2157<\/strong>\n  <\/td><td>\n  <strong>143<\/strong>\n  <\/td><td>\n  <strong>35<\/strong>\n  <\/td><td>\n  <strong>1934<\/strong>\n  <\/td><td>\n  <strong>80<\/strong>\n  <\/td><td>\n  <strong>&nbsp;<\/strong>\n  <\/td><\/tr><tr><td>\n  &nbsp;\n  <\/td><td>\n  &nbsp;\n  <\/td><td>\n  &nbsp;\n  <\/td><td>\n  &nbsp;\n  <\/td><td>\n  &nbsp;\n  <\/td><td>\n  &nbsp;\n  <\/td><td>\n  &nbsp;\n  <\/td><\/tr><tr><td>\n  <strong>Summe:<\/strong>\n  <\/td><td>\n  <strong>16430<\/strong>\n  <\/td><td>\n  <strong>1440<\/strong>\n  <\/td><td>\n  <strong>129<\/strong>\n  <\/td><td>\n  <strong>14351<\/strong>\n  <\/td><td>\n  <strong>638<\/strong>\n  <\/td><td>\n  <strong>2<\/strong>\n  <\/td><\/tr><\/tbody><\/table>\n\n\n\n<p>Quelle: SurvNet@RKI<\/p>\n\n\n\n<p>_AH: Personen mit Hauptwohnsitz au\u00dferhalb des\nZust\u00e4ndigkeitsbereiches des Gesundheitsamts aber mit fehlerhaften Meldekreis\n\u201eLK Rhein-Pfalz-Kreis\u201c. Es wird gepr\u00fcft, ob diese noch nachtr\u00e4glich richtig\nzugeordnet werden k\u00f6nnen. <\/p>\n\n\n\n<h4 class=\"wp-block-heading\">Aus den Einrichtungen sind uns folgende aktuelle Corona-Virus-Ausbr\u00fcche gemeldet:<\/h4>\n\n\n\n<ul><li>Kindertagesst\u00e4tte Haus Don Bosco Speyer <\/li><li>Kita Prot. Vers\u00f6hnungskirche FT<\/li><li>Kita St. Dominikus Harthausen <\/li><li>Prot. Kita Dietrich-Bonhoeffer-Zentrum\u00a0(DBZ) LU<\/li><li>Obdachlosen \u00dcbergangswohnheim\u00a0Zum Schlangenw\u00fchl SP<\/li><li> Kath. Kita Ludwigshafen St. Josef LU<\/li><\/ul>\n\n\n\n<h2 class=\"wp-block-heading\">Covid-19 Fallzahlen vom 24.03.2021:  <\/h2>\n\n\n\n<p>Die Kreisverwaltung Rhein-Pfalz-Kreis \u00fcbermittelt\neine \u00dcbersicht der Infektionszahlen aus ihrem Zust\u00e4ndigkeitsbereich des\nGesundheitsamtes. In den Zust\u00e4ndigkeitsbereich des Gesundheitsamtes\nRhein-Pfalz-Kreis geh\u00f6ren neben dem Landkreis auch die St\u00e4dte Ludwigshafen,\nFrankenthal und Speyer. <\/p>\n\n\n\n<table class=\"wp-block-table\"><tbody><tr><td>\n  LK\/SK\/Ort\n  <\/td><td>\n  Infizierte seit Beginn der\n  Pandemie\n  <\/td><td>\n  Aktuell infizierte Personen\n  <\/td><td>\n  Heute neu infizierte Personen\n  <\/td><td>\n  Gesundete bzw. nicht mehr\n  infizierte Personen\n  <\/td><td>\n  Leider an oder mit Covid-19 verstorbene\n  Personen\n  <\/td><td>\n  Heute verstorben gemeldet\n  <\/td><\/tr><tr><td>\n  _AH\n  <\/td><td>\n  6\n  <\/td><td>\n  &nbsp;\n  <\/td><td>\n  &nbsp;\n  <\/td><td>\n  6\n  <\/td><td>\n  &nbsp;\n  <\/td><td>\n  &nbsp;\n  <\/td><\/tr><tr><td>\n  Altrip\n  <\/td><td>\n  204\n  <\/td><td>\n  17\n  <\/td><td>\n  3\n  <\/td><td>\n  170\n  <\/td><td>\n  17\n  <\/td><td>\n  &nbsp;\n  <\/td><\/tr><tr><td>\n  Beindersheim\n  <\/td><td>\n  89\n  <\/td><td>\n  12\n  <\/td><td>\n  1\n  <\/td><td>\n  76\n  <\/td><td>\n  1\n  <\/td><td>\n  &nbsp;\n  <\/td><\/tr><tr><td>\n  Birkenheide\n  <\/td><td>\n  74\n  <\/td><td>\n  6\n  <\/td><td>\n  &nbsp;\n  <\/td><td>\n  66\n  <\/td><td>\n  2\n  <\/td><td>\n  &nbsp;\n  <\/td><\/tr><tr><td>\n  Bobenheim-Roxheim\n  <\/td><td>\n  239\n  <\/td><td>\n  23\n  <\/td><td>\n  1\n  <\/td><td>\n  216\n  <\/td><td>\n  &nbsp;\n  <\/td><td>\n  &nbsp;\n  <\/td><\/tr><tr><td>\n  B\u00f6hl-Iggelheim\n  <\/td><td>\n  332\n  <\/td><td>\n  23\n  <\/td><td>\n  3\n  <\/td><td>\n  295\n  <\/td><td>\n  14\n  <\/td><td>\n  &nbsp;\n  <\/td><\/tr><tr><td>\n  Dannstadt-Schauernheim\n  <\/td><td>\n  209\n  <\/td><td>\n  16\n  <\/td><td>\n  &nbsp;\n  <\/td><td>\n  189\n  <\/td><td>\n  4\n  <\/td><td>\n  &nbsp;\n  <\/td><\/tr><tr><td>\n  Dudenhofen\n  <\/td><td>\n  300\n  <\/td><td>\n  14\n  <\/td><td>\n  4\n  <\/td><td>\n  271\n  <\/td><td>\n  15\n  <\/td><td>\n  &nbsp;\n  <\/td><\/tr><tr><td>\n  Fu\u00dfg\u00f6nheim\n  <\/td><td>\n  84\n  <\/td><td>\n  28\n  <\/td><td>\n  1\n  <\/td><td>\n  53\n  <\/td><td>\n  3\n  <\/td><td>\n  &nbsp;\n  <\/td><\/tr><tr><td>\n  Gro\u00dfniedesheim\n  <\/td><td>\n  38\n  <\/td><td>\n  &nbsp;\n  <\/td><td>\n  &nbsp;\n  <\/td><td>\n  38\n  <\/td><td>\n  &nbsp;\n  <\/td><td>\n  &nbsp;\n  <\/td><\/tr><tr><td>\n  Hanhofen\n  <\/td><td>\n  98\n  <\/td><td>\n  19\n  <\/td><td>\n  4\n  <\/td><td>\n  78\n  <\/td><td>\n  1\n  <\/td><td>\n  &nbsp;\n  <\/td><\/tr><tr><td>\n  Harthausen\n  <\/td><td>\n  150\n  <\/td><td>\n  34\n  <\/td><td>\n  5\n  <\/td><td>\n  104\n  <\/td><td>\n  12\n  <\/td><td>\n  &nbsp;\n  <\/td><\/tr><tr><td>\n  He\u00dfheim\n  <\/td><td>\n  88\n  <\/td><td>\n  5\n  <\/td><td>\n  &nbsp;\n  <\/td><td>\n  80\n  <\/td><td>\n  3\n  <\/td><td>\n  &nbsp;\n  <\/td><\/tr><tr><td>\n  Heuchelheim\n  <\/td><td>\n  22\n  <\/td><td>\n  1\n  <\/td><td>\n  &nbsp;\n  <\/td><td>\n  21\n  <\/td><td>\n  &nbsp;\n  <\/td><td>\n  &nbsp;\n  <\/td><\/tr><tr><td>\n  Hochdorf-Assenheim\n  <\/td><td>\n  72\n  <\/td><td>\n  6\n  <\/td><td>\n  1\n  <\/td><td>\n  65\n  <\/td><td>\n  1\n  <\/td><td>\n  &nbsp;\n  <\/td><\/tr><tr><td>\n  Kleinniedesheim\n  <\/td><td>\n  27\n  <\/td><td>\n  2\n  <\/td><td>\n  &nbsp;\n  <\/td><td>\n  25\n  <\/td><td>\n  &nbsp;\n  <\/td><td>\n  &nbsp;\n  <\/td><\/tr><tr><td>\n  Lambsheim\n  <\/td><td>\n  155\n  <\/td><td>\n  9\n  <\/td><td>\n  &nbsp;\n  <\/td><td>\n  143\n  <\/td><td>\n  3\n  <\/td><td>\n  &nbsp;\n  <\/td><\/tr><tr><td>\n  Limburgerhof\n  <\/td><td>\n  337\n  <\/td><td>\n  45\n  <\/td><td>\n  5\n  <\/td><td>\n  280\n  <\/td><td>\n  12\n  <\/td><td>\n  &nbsp;\n  <\/td><\/tr><tr><td>\n  Maxdorf\n  <\/td><td>\n  257\n  <\/td><td>\n  5\n  <\/td><td>\n  &nbsp;\n  <\/td><td>\n  223\n  <\/td><td>\n  29\n  <\/td><td>\n  &nbsp;\n  <\/td><\/tr><tr><td>\n  Mutterstadt\n  <\/td><td>\n  482\n  <\/td><td>\n  33\n  <\/td><td>\n  13\n  <\/td><td>\n  417\n  <\/td><td>\n  32\n  <\/td><td>\n  &nbsp;\n  <\/td><\/tr><tr><td>\n  Neuhofen\n  <\/td><td>\n  221\n  <\/td><td>\n  13\n  <\/td><td>\n  3\n  <\/td><td>\n  195\n  <\/td><td>\n  13\n  <\/td><td>\n  &nbsp;\n  <\/td><\/tr><tr><td>\n  Otterstadt\n  <\/td><td>\n  112\n  <\/td><td>\n  5\n  <\/td><td>\n  &nbsp;\n  <\/td><td>\n  105\n  <\/td><td>\n  2\n  <\/td><td>\n  &nbsp;\n  <\/td><\/tr><tr><td>\n  R\u00f6dersheim-Gronau\n  <\/td><td>\n  70\n  <\/td><td>\n  2\n  <\/td><td>\n  &nbsp;\n  <\/td><td>\n  66\n  <\/td><td>\n  2\n  <\/td><td>\n  &nbsp;\n  <\/td><\/tr><tr><td>\n  R\u00f6merberg\n  <\/td><td>\n  432\n  <\/td><td>\n  24\n  <\/td><td>\n  8\n  <\/td><td>\n  398\n  <\/td><td>\n  10\n  <\/td><td>\n  &nbsp;\n  <\/td><\/tr><tr><td>\n  Schifferstadt\n  <\/td><td>\n  778\n  <\/td><td>\n  71\n  <\/td><td>\n  1\n  <\/td><td>\n  686\n  <\/td><td>\n  21\n  <\/td><td>\n  &nbsp;\n  <\/td><\/tr><tr><td>\n  Waldsee\n  <\/td><td>\n  170\n  <\/td><td>\n  9\n  <\/td><td>\n  &nbsp;\n  <\/td><td>\n  152\n  <\/td><td>\n  9\n  <\/td><td>\n  &nbsp;\n  <\/td><\/tr><tr><td>\n  <strong>&nbsp;<\/strong>\n  <\/td><td>\n  <strong>&nbsp;<\/strong>\n  <\/td><td>\n  <strong>&nbsp;<\/strong>\n  <\/td><td>\n  <strong>&nbsp;<\/strong>\n  <\/td><td>\n  <strong>&nbsp;<\/strong>\n  <\/td><td>\n  <strong>&nbsp;<\/strong>\n  <\/td><td>\n  <strong>&nbsp;<\/strong>\n  <\/td><\/tr><tr><td>\n  <strong>LK Rhein-Pfalz-Kreis<\/strong>\n  <\/td><td>\n  <strong>5046<\/strong>\n  <\/td><td>\n  <strong>422<\/strong>\n  <\/td><td>\n  <strong>53<\/strong>\n  <\/td><td>\n  <strong>4418<\/strong>\n  <\/td><td>\n  <strong>206<\/strong>\n  <\/td><td>\n  <strong>&nbsp;<\/strong>\n  <\/td><\/tr><tr><td>\n  <strong>SK Frankenthal<\/strong>\n  <\/td><td>\n  <strong>1660<\/strong>\n  <\/td><td>\n  <strong>195<\/strong>\n  <\/td><td>\n  <strong>12<\/strong>\n  <\/td><td>\n  <strong>1418<\/strong>\n  <\/td><td>\n  <strong>46<\/strong>\n  <\/td><td>\n  <strong>&nbsp;<\/strong>\n  <\/td><\/tr><tr><td>\n  <strong>SK Ludwigshafen<\/strong>\n  <\/td><td>\n  <strong>7466<\/strong>\n  <\/td><td>\n  <strong>591<\/strong>\n  <\/td><td>\n  <strong>43<\/strong>\n  <\/td><td>\n  <strong>6571<\/strong>\n  <\/td><td>\n  <strong>304<\/strong>\n  <\/td><td>\n  <strong>1<\/strong>\n  <\/td><\/tr><tr><td>\n  <strong>SK Speyer<\/strong>\n  <\/td><td>\n  <strong>2122<\/strong>\n  <\/td><td>\n  <strong>111<\/strong>\n  <\/td><td>\n  <strong>13<\/strong>\n  <\/td><td>\n  <strong>1931<\/strong>\n  <\/td><td>\n  <strong>80<\/strong>\n  <\/td><td>\n  <strong>&nbsp;<\/strong>\n  <\/td><\/tr><tr><td>\n  &nbsp;\n  <\/td><td>\n  &nbsp;\n  <\/td><td>\n  &nbsp;\n  <\/td><td>\n  &nbsp;\n  <\/td><td>\n  &nbsp;\n  <\/td><td>\n  &nbsp;\n  <\/td><td>\n  &nbsp;\n  <\/td><\/tr><tr><td>\n  <strong>Summe:<\/strong>\n  <\/td><td>\n  <strong>16294<\/strong>\n  <\/td><td>\n  <strong>1319<\/strong>\n  <\/td><td>\n  <strong>121<\/strong>\n  <\/td><td>\n  <strong>14338<\/strong>\n  <\/td><td>\n  <strong>636<\/strong>\n  <\/td><td>\n  <strong>1<\/strong>\n  <\/td><\/tr><\/tbody><\/table>\n\n\n\n<p>Quelle: SurvNet@RKI<\/p>\n\n\n\n<p>_AH: Personen mit Hauptwohnsitz au\u00dferhalb des\nZust\u00e4ndigkeitsbereiches des Gesundheitsamts aber mit fehlerhaften Meldekreis\n\u201eLK Rhein-Pfalz-Kreis\u201c. Es wird gepr\u00fcft, ob diese noch nachtr\u00e4glich richtig\nzugeordnet werden k\u00f6nnen. <\/p>\n\n\n\n<h4 class=\"wp-block-heading\">Aus den Einrichtungen sind uns folgende aktuelle Corona-Virus-Ausbr\u00fcche gemeldet:<\/h4>\n\n\n\n<ul><li>Kindertagesst\u00e4tte\nHaus Don Bosco Speyer <\/li><li>Kita\nProt. Vers\u00f6hnungskirche FT<\/li><li>Kita\nSt. Dominikus Harthausen <\/li><li>Prot.\nKita Dietrich-Bonhoeffer-Zentrum&nbsp;(DBZ) LU<\/li><li>Obdachlosen\n\u00dcbergangswohnheim&nbsp;Zum Schlangenw\u00fchl SP<\/li><li> Kath. Kita Ludwigshafen St. Josef LU<\/li><\/ul>\n\n\n\n<h2 class=\"wp-block-heading\">Covid-19 Fallzahlen vom 23.03.2021:  <\/h2>\n\n\n\n<p>Die Kreisverwaltung Rhein-Pfalz-Kreis \u00fcbermittelt\neine \u00dcbersicht der Infektionszahlen aus ihrem Zust\u00e4ndigkeitsbereich des\nGesundheitsamtes. In den Zust\u00e4ndigkeitsbereich des Gesundheitsamtes\nRhein-Pfalz-Kreis geh\u00f6ren neben dem Landkreis auch die St\u00e4dte Ludwigshafen,\nFrankenthal und Speyer. <\/p>\n\n\n\n<table class=\"wp-block-table\"><tbody><tr><td>\n  LK\/SK\/Ort\n  <\/td><td>\n  Infizierte seit Beginn der\n  Pandemie\n  <\/td><td>\n  Aktuell infizierte Personen\n  <\/td><td>\n  Heute neu infizierte Personen\n  <\/td><td>\n  Gesundete bzw. nicht mehr\n  infizierte Personen\n  <\/td><td>\n  Leider an oder mit Covid-19 verstorbene\n  Personen\n  <\/td><td>\n  Heute verstorben gemeldet\n  <\/td><\/tr><tr><td>\n  _AH\n  <\/td><td>\n  6\n  <\/td><td>\n  &nbsp;\n  <\/td><td>\n  &nbsp;\n  <\/td><td>\n  6\n  <\/td><td>\n  &nbsp;\n  <\/td><td>\n  &nbsp;\n  <\/td><\/tr><tr><td>\n  Altrip\n  <\/td><td>\n  201\n  <\/td><td>\n  14\n  <\/td><td>\n  &nbsp;\n  <\/td><td>\n  170\n  <\/td><td>\n  17\n  <\/td><td>\n  &nbsp;\n  <\/td><\/tr><tr><td>\n  Beindersheim\n  <\/td><td>\n  88\n  <\/td><td>\n  11\n  <\/td><td>\n  &nbsp;\n  <\/td><td>\n  76\n  <\/td><td>\n  1\n  <\/td><td>\n  &nbsp;\n  <\/td><\/tr><tr><td>\n  Birkenheide\n  <\/td><td>\n  74\n  <\/td><td>\n  6\n  <\/td><td>\n  &nbsp;\n  <\/td><td>\n  66\n  <\/td><td>\n  2\n  <\/td><td>\n  &nbsp;\n  <\/td><\/tr><tr><td>\n  Bobenheim-Roxheim\n  <\/td><td>\n  238\n  <\/td><td>\n  23\n  <\/td><td>\n  &nbsp;\n  <\/td><td>\n  215\n  <\/td><td>\n  &nbsp;\n  <\/td><td>\n  &nbsp;\n  <\/td><\/tr><tr><td>\n  B\u00f6hl-Iggelheim\n  <\/td><td>\n  329\n  <\/td><td>\n  21\n  <\/td><td>\n  1\n  <\/td><td>\n  294\n  <\/td><td>\n  14\n  <\/td><td>\n  &nbsp;\n  <\/td><\/tr><tr><td>\n  Dannstadt-Schauernheim\n  <\/td><td>\n  209\n  <\/td><td>\n  16\n  <\/td><td>\n  &nbsp;\n  <\/td><td>\n  189\n  <\/td><td>\n  4\n  <\/td><td>\n  &nbsp;\n  <\/td><\/tr><tr><td>\n  Dudenhofen\n  <\/td><td>\n  296\n  <\/td><td>\n  10\n  <\/td><td>\n  &nbsp;\n  <\/td><td>\n  271\n  <\/td><td>\n  15\n  <\/td><td>\n  &nbsp;\n  <\/td><\/tr><tr><td>\n  Fu\u00dfg\u00f6nheim\n  <\/td><td>\n  83\n  <\/td><td>\n  27\n  <\/td><td>\n  1\n  <\/td><td>\n  53\n  <\/td><td>\n  3\n  <\/td><td>\n  &nbsp;\n  <\/td><\/tr><tr><td>\n  Gro\u00dfniedesheim\n  <\/td><td>\n  38\n  <\/td><td>\n  &nbsp;\n  <\/td><td>\n  &nbsp;\n  <\/td><td>\n  38\n  <\/td><td>\n  &nbsp;\n  <\/td><td>\n  &nbsp;\n  <\/td><\/tr><tr><td>\n  Hanhofen\n  <\/td><td>\n  94\n  <\/td><td>\n  16\n  <\/td><td>\n  1\n  <\/td><td>\n  77\n  <\/td><td>\n  1\n  <\/td><td>\n  &nbsp;\n  <\/td><\/tr><tr><td>\n  Harthausen\n  <\/td><td>\n  145\n  <\/td><td>\n  30\n  <\/td><td>\n  &nbsp;\n  <\/td><td>\n  103\n  <\/td><td>\n  12\n  <\/td><td>\n  &nbsp;\n  <\/td><\/tr><tr><td>\n  He\u00dfheim\n  <\/td><td>\n  88\n  <\/td><td>\n  5\n  <\/td><td>\n  &nbsp;\n  <\/td><td>\n  80\n  <\/td><td>\n  3\n  <\/td><td>\n  &nbsp;\n  <\/td><\/tr><tr><td>\n  Heuchelheim\n  <\/td><td>\n  22\n  <\/td><td>\n  1\n  <\/td><td>\n  &nbsp;\n  <\/td><td>\n  21\n  <\/td><td>\n  &nbsp;\n  <\/td><td>\n  &nbsp;\n  <\/td><\/tr><tr><td>\n  Hochdorf-Assenheim\n  <\/td><td>\n  71\n  <\/td><td>\n  5\n  <\/td><td>\n  1\n  <\/td><td>\n  65\n  <\/td><td>\n  1\n  <\/td><td>\n  &nbsp;\n  <\/td><\/tr><tr><td>\n  Kleinniedesheim\n  <\/td><td>\n  26\n  <\/td><td>\n  1\n  <\/td><td>\n  &nbsp;\n  <\/td><td>\n  25\n  <\/td><td>\n  &nbsp;\n  <\/td><td>\n  &nbsp;\n  <\/td><\/tr><tr><td>\n  Lambsheim\n  <\/td><td>\n  155\n  <\/td><td>\n  9\n  <\/td><td>\n  &nbsp;\n  <\/td><td>\n  143\n  <\/td><td>\n  3\n  <\/td><td>\n  &nbsp;\n  <\/td><\/tr><tr><td>\n  Limburgerhof\n  <\/td><td>\n  332\n  <\/td><td>\n  40\n  <\/td><td>\n  &nbsp;\n  <\/td><td>\n  280\n  <\/td><td>\n  12\n  <\/td><td>\n  &nbsp;\n  <\/td><\/tr><tr><td>\n  Maxdorf\n  <\/td><td>\n  257\n  <\/td><td>\n  5\n  <\/td><td>\n  1\n  <\/td><td>\n  223\n  <\/td><td>\n  29\n  <\/td><td>\n  &nbsp;\n  <\/td><\/tr><tr><td>\n  Mutterstadt\n  <\/td><td>\n  469\n  <\/td><td>\n  21\n  <\/td><td>\n  2\n  <\/td><td>\n  416\n  <\/td><td>\n  32\n  <\/td><td>\n  &nbsp;\n  <\/td><\/tr><tr><td>\n  Neuhofen\n  <\/td><td>\n  218\n  <\/td><td>\n  10\n  <\/td><td>\n  &nbsp;\n  <\/td><td>\n  195\n  <\/td><td>\n  13\n  <\/td><td>\n  &nbsp;\n  <\/td><\/tr><tr><td>\n  Otterstadt\n  <\/td><td>\n  112\n  <\/td><td>\n  5\n  <\/td><td>\n  &nbsp;\n  <\/td><td>\n  105\n  <\/td><td>\n  2\n  <\/td><td>\n  &nbsp;\n  <\/td><\/tr><tr><td>\n  R\u00f6dersheim-Gronau\n  <\/td><td>\n  70\n  <\/td><td>\n  2\n  <\/td><td>\n  &nbsp;\n  <\/td><td>\n  66\n  <\/td><td>\n  2\n  <\/td><td>\n  &nbsp;\n  <\/td><\/tr><tr><td>\n  R\u00f6merberg\n  <\/td><td>\n  424\n  <\/td><td>\n  16\n  <\/td><td>\n  1\n  <\/td><td>\n  398\n  <\/td><td>\n  10\n  <\/td><td>\n  &nbsp;\n  <\/td><\/tr><tr><td>\n  Schifferstadt\n  <\/td><td>\n  777\n  <\/td><td>\n  70\n  <\/td><td>\n  &nbsp;\n  <\/td><td>\n  686\n  <\/td><td>\n  21\n  <\/td><td>\n  &nbsp;\n  <\/td><\/tr><tr><td>\n  Waldsee\n  <\/td><td>\n  170\n  <\/td><td>\n  12\n  <\/td><td>\n  &nbsp;\n  <\/td><td>\n  149\n  <\/td><td>\n  9\n  <\/td><td>\n  &nbsp;\n  <\/td><\/tr><tr><td>\n  &nbsp;\n  <\/td><td>\n  &nbsp;\n  <\/td><td>\n  &nbsp;\n  <\/td><td>\n  &nbsp;\n  <\/td><td>\n  &nbsp;\n  <\/td><td>\n  &nbsp;\n  <\/td><td>\n  &nbsp;\n  <\/td><\/tr><tr><td>\n  LK\n  Rhein-Pfalz-Kreis\n  <\/td><td>\n  4992\n  <\/td><td>\n  376\n  <\/td><td>\n  8\n  <\/td><td>\n  4410\n  <\/td><td>\n  206\n  <\/td><td>\n  &nbsp;\n  <\/td><\/tr><tr><td>\n  SK\n  Frankenthal\n  <\/td><td>\n  1648\n  <\/td><td>\n  183\n  <\/td><td>\n  10\n  <\/td><td>\n  1418\n  <\/td><td>\n  46\n  <\/td><td>\n  &nbsp;\n  <\/td><\/tr><tr><td>\n  SK\n  Ludwigshafen\n  <\/td><td>\n  7416\n  <\/td><td>\n  549\n  <\/td><td>\n  28\n  <\/td><td>\n  6564\n  <\/td><td>\n  303\n  <\/td><td>\n  1\n  <\/td><\/tr><tr><td>\n  SK\n  Speyer\n  <\/td><td>\n  2109\n  <\/td><td>\n  99\n  <\/td><td>\n  5\n  <\/td><td>\n  1930\n  <\/td><td>\n  80\n  <\/td><td>\n  &nbsp;\n  <\/td><\/tr><tr><td>\n  &nbsp;\n  <\/td><td>\n  &nbsp;\n  <\/td><td>\n  &nbsp;\n  <\/td><td>\n  &nbsp;\n  <\/td><td>\n  &nbsp;\n  <\/td><td>\n  &nbsp;\n  <\/td><td>\n  &nbsp;\n  <\/td><\/tr><tr><td>\n  <strong>Summe:<\/strong>\n  <\/td><td>\n  <strong>16165<\/strong>\n  <\/td><td>\n  <strong>1207<\/strong>\n  <\/td><td>\n  <strong>51<\/strong>\n  <\/td><td>\n  <strong>14322<\/strong>\n  <\/td><td>\n  <strong>635<\/strong>\n  <\/td><td>\n  <strong>1<\/strong>\n  <\/td><\/tr><\/tbody><\/table>\n\n\n\n<p>Quelle: SurvNet@RKI<\/p>\n\n\n\n<p>_AH: Personen mit Hauptwohnsitz au\u00dferhalb des\nZust\u00e4ndigkeitsbereiches des Gesundheitsamts aber mit fehlerhaften Meldekreis\n\u201eLK Rhein-Pfalz-Kreis\u201c. Es wird gepr\u00fcft, ob diese noch nachtr\u00e4glich richtig\nzugeordnet werden k\u00f6nnen. <\/p>\n\n\n\n<h4 class=\"wp-block-heading\">Aus den Einrichtungen sind uns folgende aktuelle Corona-Virus-Ausbr\u00fcche gemeldet:<\/h4>\n\n\n\n<ul><li>Kita Dietrich-Bonhoefer-Zentrum LU<\/li><li>Kindertagesst\u00e4tte Haus Don Bosco Speyer <\/li><li>Kita Prot. Vers\u00f6hnungskirche FT<\/li><li>Kita St. Dominikus Harthausen <\/li><li>Prot. Kita Dietrich-Bonhoeffer-Zentrum\u00a0 (DBZ) LU<\/li><li>Obdachlosen \u00dcbergangswohnheim\u00a0Zum Schlangenw\u00fchl SP<\/li><li>Prot. Kita Katharina v. Bora Limburgerhof<\/li><li>Kath. Kita Ludwigshafen St. Josef LU<\/li><\/ul>\n\n\n\n<h2 class=\"wp-block-heading\">Covid-19 Fallzahlen vom Samstag bis Montag, 20.-22.03.2021:  <\/h2>\n\n\n\n<p>Die Kreisverwaltung Rhein-Pfalz-Kreis \u00fcbermittelt\neine \u00dcbersicht der Infektionszahlen aus ihrem Zust\u00e4ndigkeitsbereich des\nGesundheitsamtes. In den Zust\u00e4ndigkeitsbereich des Gesundheitsamtes\nRhein-Pfalz-Kreis geh\u00f6ren neben dem Landkreis auch die St\u00e4dte Ludwigshafen,\nFrankenthal und Speyer. <\/p>\n\n\n\n<h3 class=\"wp-block-heading\">Samstag 20.03.21<\/h3>\n\n\n\n<table class=\"wp-block-table\"><tbody><tr><td>LK\/SK\/Ort   <\/td><td>Infizierte seit Beginn der   Pandemie   <\/td><td>Aktuell infizierte Personen   <\/td><td>Heute neu infizierte Personen   <\/td><td>Gesundete bzw. nicht mehr   infizierte Personen   <\/td><\/tr><tr><td>\n  _AH\n  <\/td><td>\n  6\n  <\/td><td>\n  &nbsp;\n  <\/td><td>\n  &nbsp;\n  <\/td><td>\n  6\n  <\/td><\/tr><tr><td>\n  Altrip\n  <\/td><td>\n  201\n  <\/td><td>\n  16\n  <\/td><td>\n  &nbsp;\n  <\/td><td>\n  168\n  <\/td><\/tr><tr><td>\n  Beindersheim\n  <\/td><td>\n  88\n  <\/td><td>\n  11\n  <\/td><td>\n  &nbsp;\n  <\/td><td>\n  76\n  <\/td><\/tr><tr><td>\n  Birkenheide\n  <\/td><td>\n  74\n  <\/td><td>\n  8\n  <\/td><td>\n  &nbsp;\n  <\/td><td>\n  64\n  <\/td><\/tr><tr><td>\n  Bobenheim-Roxheim\n  <\/td><td>\n  236\n  <\/td><td>\n  21\n  <\/td><td>\n  &nbsp;\n  <\/td><td>\n  215\n  <\/td><\/tr><tr><td>\n  B\u00f6hl-Iggelheim\n  <\/td><td>\n  326\n  <\/td><td>\n  19\n  <\/td><td>\n  &nbsp;\n  <\/td><td>\n  293\n  <\/td><\/tr><tr><td>\n  Dannstadt-Schauernheim\n  <\/td><td>\n  210\n  <\/td><td>\n  19\n  <\/td><td>\n  &nbsp;\n  <\/td><td>\n  187\n  <\/td><\/tr><tr><td>\n  Dudenhofen\n  <\/td><td>\n  294\n  <\/td><td>\n  9\n  <\/td><td>\n  &nbsp;\n  <\/td><td>\n  270\n  <\/td><\/tr><tr><td>\n  Fu\u00dfg\u00f6nheim\n  <\/td><td>\n  80\n  <\/td><td>\n  25\n  <\/td><td>\n  &nbsp;\n  <\/td><td>\n  52\n  <\/td><\/tr><tr><td>\n  Gro\u00dfniedesheim\n  <\/td><td>\n  38\n  <\/td><td>\n  &nbsp;\n  <\/td><td>\n  &nbsp;\n  <\/td><td>\n  38\n  <\/td><\/tr><tr><td>\n  Hanhofen\n  <\/td><td>\n  90\n  <\/td><td>\n  13\n  <\/td><td>\n  &nbsp;\n  <\/td><td>\n  76\n  <\/td><\/tr><tr><td>\n  Harthausen\n  <\/td><td>\n  141\n  <\/td><td>\n  26\n  <\/td><td>\n  &nbsp;\n  <\/td><td>\n  103\n  <\/td><\/tr><tr><td>\n  He\u00dfheim\n  <\/td><td>\n  88\n  <\/td><td>\n  6\n  <\/td><td>\n  &nbsp;\n  <\/td><td>\n  79\n  <\/td><\/tr><tr><td>\n  Heuchelheim\n  <\/td><td>\n  21\n  <\/td><td>\n  &nbsp;\n  <\/td><td>\n  &nbsp;\n  <\/td><td>\n  21\n  <\/td><\/tr><tr><td>\n  Hochdorf-Assenheim\n  <\/td><td>\n  70\n  <\/td><td>\n  4\n  <\/td><td>\n  &nbsp;\n  <\/td><td>\n  65\n  <\/td><\/tr><tr><td>\n  Kleinniedesheim\n  <\/td><td>\n  26\n  <\/td><td>\n  1\n  <\/td><td>\n  &nbsp;\n  <\/td><td>\n  25\n  <\/td><\/tr><tr><td>\n  Lambsheim\n  <\/td><td>\n  155\n  <\/td><td>\n  11\n  <\/td><td>\n  &nbsp;\n  <\/td><td>\n  141\n  <\/td><\/tr><tr><td>\n  Limburgerhof\n  <\/td><td>\n  331\n  <\/td><td>\n  41\n  <\/td><td>\n  3\n  <\/td><td>\n  278\n  <\/td><\/tr><tr><td>\n  Maxdorf\n  <\/td><td>\n  256\n  <\/td><td>\n  5\n  <\/td><td>\n  &nbsp;\n  <\/td><td>\n  222\n  <\/td><\/tr><tr><td>\n  Mutterstadt\n  <\/td><td>\n  466\n  <\/td><td>\n  20\n  <\/td><td>\n  &nbsp;\n  <\/td><td>\n  414\n  <\/td><\/tr><tr><td>\n  Neuhofen\n  <\/td><td>\n  216\n  <\/td><td>\n  12\n  <\/td><td>\n  &nbsp;\n  <\/td><td>\n  191\n  <\/td><\/tr><tr><td>\n  Otterstadt\n  <\/td><td>\n  110\n  <\/td><td>\n  3\n  <\/td><td>\n  &nbsp;\n  <\/td><td>\n  105\n  <\/td><\/tr><tr><td>\n  R\u00f6dersheim-Gronau\n  <\/td><td>\n  68\n  <\/td><td>\n  &nbsp;\n  <\/td><td>\n  &nbsp;\n  <\/td><td>\n  66\n  <\/td><\/tr><tr><td>\n  R\u00f6merberg\n  <\/td><td>\n  418\n  <\/td><td>\n  16\n  <\/td><td>\n  &nbsp;\n  <\/td><td>\n  392\n  <\/td><\/tr><tr><td>\n  Schifferstadt\n  <\/td><td>\n  769\n  <\/td><td>\n  67\n  <\/td><td>\n  &nbsp;\n  <\/td><td>\n  681\n  <\/td><\/tr><tr><td>\n  Waldsee\n  <\/td><td>\n  170\n  <\/td><td>\n  14\n  <\/td><td>\n  &nbsp;\n  <\/td><td>\n  147\n  <\/td><\/tr><tr><td>\n  &nbsp;\n  <\/td><td>\n  &nbsp;\n  <\/td><td>\n  &nbsp;\n  <\/td><td>\n  &nbsp;\n  <\/td><td>\n  &nbsp;\n  <\/td><\/tr><tr><td>\n  LK\n  Rhein-Pfalz-Kreis\n  <\/td><td>\n  4948\n  <\/td><td>\n  367\n  <\/td><td>\n  3\n  <\/td><td>\n  4375\n  <\/td><\/tr><tr><td>\n  SK\n  Frankenthal\n  <\/td><td>\n  1632\n  <\/td><td>\n  181\n  <\/td><td>\n  5\n  <\/td><td>\n  1404\n  <\/td><\/tr><tr><td>\n  SK\n  Ludwigshafen\n  <\/td><td>\n  7324\n  <\/td><td>\n  521\n  <\/td><td>\n  43\n  <\/td><td>\n  6501\n  <\/td><\/tr><tr><td>\n  SK Speyer\n  <\/td><td>\n  2088\n  <\/td><td>\n  91\n  <\/td><td>\n  16\n  <\/td><td>\n  1917\n  <\/td><\/tr><tr><td>\n  &nbsp;\n  <\/td><td>\n  &nbsp;\n  <\/td><td>\n  &nbsp;\n  <\/td><td>\n  &nbsp;\n  <\/td><td>\n  &nbsp;\n  <\/td><\/tr><tr><td>\n  <strong>Summe:<\/strong>\n  <\/td><td>\n  <strong>15992<\/strong>\n  <\/td><td>\n  <strong>1160<\/strong>\n  <\/td><td>\n  <strong>67<\/strong>\n  <\/td><td>\n  <strong>14197<\/strong>\n  <\/td><\/tr><\/tbody><\/table>\n\n\n\n<h3 class=\"wp-block-heading\">Sonntag 21.03.21<\/h3>\n\n\n\n<table class=\"wp-block-table\"><tbody><tr><td>LK\/SK\/Ort   <\/td><td>Infizierte seit Beginn der   Pandemie   <\/td><td>Aktuell infizierte Personen   <\/td><td>Heute neu infizierte Personen   <\/td><td>Gesundete bzw. nicht mehr   infizierte Personen   <\/td><\/tr><tr><td>\n  _AH\n  <\/td><td>\n  6\n  <\/td><td>\n  &nbsp;\n  <\/td><td>\n  &nbsp;\n  <\/td><td>\n  6\n  <\/td><\/tr><tr><td>\n  Altrip\n  <\/td><td>\n  201\n  <\/td><td>\n  15\n  <\/td><td>\n  &nbsp;\n  <\/td><td>\n  169\n  <\/td><\/tr><tr><td>\n  Beindersheim\n  <\/td><td>\n  88\n  <\/td><td>\n  11\n  <\/td><td>\n  &nbsp;\n  <\/td><td>\n  76\n  <\/td><\/tr><tr><td>\n  Birkenheide\n  <\/td><td>\n  74\n  <\/td><td>\n  7\n  <\/td><td>\n  &nbsp;\n  <\/td><td>\n  65\n  <\/td><\/tr><tr><td>\n  Bobenheim-Roxheim\n  <\/td><td>\n  237\n  <\/td><td>\n  22\n  <\/td><td>\n  1\n  <\/td><td>\n  215\n  <\/td><\/tr><tr><td>\n  B\u00f6hl-Iggelheim\n  <\/td><td>\n  328\n  <\/td><td>\n  21\n  <\/td><td>\n  2\n  <\/td><td>\n  293\n  <\/td><\/tr><tr><td>\n  Dannstadt-Schauernheim\n  <\/td><td>\n  210\n  <\/td><td>\n  17\n  <\/td><td>\n  &nbsp;\n  <\/td><td>\n  189\n  <\/td><\/tr><tr><td>\n  Dudenhofen\n  <\/td><td>\n  296\n  <\/td><td>\n  11\n  <\/td><td>\n  2\n  <\/td><td>\n  270\n  <\/td><\/tr><tr><td>\n  Fu\u00dfg\u00f6nheim\n  <\/td><td>\n  82\n  <\/td><td>\n  27\n  <\/td><td>\n  2\n  <\/td><td>\n  52\n  <\/td><\/tr><tr><td>\n  Gro\u00dfniedesheim\n  <\/td><td>\n  38\n  <\/td><td>\n  &nbsp;\n  <\/td><td>\n  &nbsp;\n  <\/td><td>\n  38\n  <\/td><\/tr><tr><td>\n  Hanhofen\n  <\/td><td>\n  93\n  <\/td><td>\n  16\n  <\/td><td>\n  3\n  <\/td><td>\n  76\n  <\/td><\/tr><tr><td>\n  Harthausen\n  <\/td><td>\n  143\n  <\/td><td>\n  28\n  <\/td><td>\n  2\n  <\/td><td>\n  103\n  <\/td><\/tr><tr><td>\n  He\u00dfheim\n  <\/td><td>\n  88\n  <\/td><td>\n  6\n  <\/td><td>\n  &nbsp;\n  <\/td><td>\n  79\n  <\/td><\/tr><tr><td>\n  Heuchelheim\n  <\/td><td>\n  22\n  <\/td><td>\n  1\n  <\/td><td>\n  1\n  <\/td><td>\n  21\n  <\/td><\/tr><tr><td>\n  Hochdorf-Assenheim\n  <\/td><td>\n  70\n  <\/td><td>\n  4\n  <\/td><td>\n  &nbsp;\n  <\/td><td>\n  65\n  <\/td><\/tr><tr><td>\n  Kleinniedesheim\n  <\/td><td>\n  26\n  <\/td><td>\n  1\n  <\/td><td>\n  &nbsp;\n  <\/td><td>\n  25\n  <\/td><\/tr><tr><td>\n  Lambsheim\n  <\/td><td>\n  155\n  <\/td><td>\n  11\n  <\/td><td>\n  &nbsp;\n  <\/td><td>\n  141\n  <\/td><\/tr><tr><td>\n  Limburgerhof\n  <\/td><td>\n  332\n  <\/td><td>\n  42\n  <\/td><td>\n  1\n  <\/td><td>\n  278\n  <\/td><\/tr><tr><td>\n  Maxdorf\n  <\/td><td>\n  256\n  <\/td><td>\n  4\n  <\/td><td>\n  &nbsp;\n  <\/td><td>\n  223\n  <\/td><\/tr><tr><td>\n  Mutterstadt\n  <\/td><td>\n  467\n  <\/td><td>\n  20\n  <\/td><td>\n  1\n  <\/td><td>\n  415\n  <\/td><\/tr><tr><td>\n  Neuhofen\n  <\/td><td>\n  218\n  <\/td><td>\n  13\n  <\/td><td>\n  2\n  <\/td><td>\n  192\n  <\/td><\/tr><tr><td>\n  Otterstadt\n  <\/td><td>\n  112\n  <\/td><td>\n  5\n  <\/td><td>\n  2\n  <\/td><td>\n  105\n  <\/td><\/tr><tr><td>\n  R\u00f6dersheim-Gronau\n  <\/td><td>\n  68\n  <\/td><td>\n  &nbsp;\n  <\/td><td>\n  &nbsp;\n  <\/td><td>\n  66\n  <\/td><\/tr><tr><td>\n  R\u00f6merberg\n  <\/td><td>\n  423\n  <\/td><td>\n  21\n  <\/td><td>\n  5\n  <\/td><td>\n  392\n  <\/td><\/tr><tr><td>\n  Schifferstadt\n  <\/td><td>\n  777\n  <\/td><td>\n  72\n  <\/td><td>\n  8\n  <\/td><td>\n  684\n  <\/td><\/tr><tr><td>\n  Waldsee\n  <\/td><td>\n  170\n  <\/td><td>\n  13\n  <\/td><td>\n  &nbsp;\n  <\/td><td>\n  148\n  <\/td><\/tr><tr><td>\n  &nbsp;\n  <\/td><td>\n  &nbsp;\n  <\/td><td>\n  &nbsp;\n  <\/td><td>\n  &nbsp;\n  <\/td><td>\n  &nbsp;\n  <\/td><\/tr><tr><td>\n  LK\n  Rhein-Pfalz-Kreis\n  <\/td><td>\n  4980\n  <\/td><td>\n  388\n  <\/td><td>\n  32\n  <\/td><td>\n  4386\n  <\/td><\/tr><tr><td>\n  SK\n  Frankenthal\n  <\/td><td>\n  1636\n  <\/td><td>\n  180\n  <\/td><td>\n  4\n  <\/td><td>\n  1409\n  <\/td><\/tr><tr><td>\n  SK\n  Ludwigshafen\n  <\/td><td>\n  7349\n  <\/td><td>\n  526\n  <\/td><td>\n  25\n  <\/td><td>\n  6521\n  <\/td><\/tr><tr><td>\n  SK Speyer\n  <\/td><td>\n  2100\n  <\/td><td>\n  98\n  <\/td><td>\n  12\n  <\/td><td>\n  1922\n  <\/td><\/tr><tr><td>\n  &nbsp;\n  <\/td><td>\n  &nbsp;\n  <\/td><td>\n  &nbsp;\n  <\/td><td>\n  &nbsp;\n  <\/td><td>\n  &nbsp;\n  <\/td><\/tr><tr><td>\n  <strong>Summe:<\/strong>\n  <\/td><td>\n  <strong>16065<\/strong>\n  <\/td><td>\n  <strong>1192<\/strong>\n  <\/td><td>\n  <strong>73<\/strong>\n  <\/td><td>\n  <strong>14238<\/strong>\n  <\/td><\/tr><\/tbody><\/table>\n\n\n\n<h3 class=\"wp-block-heading\">Montag 22.03.21<\/h3>\n\n\n\n<table class=\"wp-block-table\"><tbody><tr><td>LK\/SK\/Ort   <\/td><td>Infizierte seit Beginn der   Pandemie   <\/td><td>Aktuell infizierte Personen   <\/td><td>Heute neu infizierte Personen   <\/td><td>Gesundete bzw. nicht mehr   infizierte Personen   <\/td><td>Leider an oder mit Covid-19   verstorbene Personen   <\/td><td>Heute verstorben gemeldet   <\/td><\/tr><tr><td>\n  _AH\n  <\/td><td>\n  6\n  <\/td><td>\n  &nbsp;\n  <\/td><td>\n  &nbsp;\n  <\/td><td>\n  6\n  <\/td><td>\n  &nbsp;\n  <\/td><td>\n  &nbsp;\n  <\/td><\/tr><tr><td>\n  Altrip\n  <\/td><td>\n  201\n  <\/td><td>\n  14\n  <\/td><td>\n  &nbsp;\n  <\/td><td>\n  170\n  <\/td><td>\n  17\n  <\/td><td>\n  &nbsp;\n  <\/td><\/tr><tr><td>\n  Beindersheim\n  <\/td><td>\n  88\n  <\/td><td>\n  11\n  <\/td><td>\n  &nbsp;\n  <\/td><td>\n  76\n  <\/td><td>\n  1\n  <\/td><td>\n  &nbsp;\n  <\/td><\/tr><tr><td>\n  Birkenheide\n  <\/td><td>\n  74\n  <\/td><td>\n  7\n  <\/td><td>\n  &nbsp;\n  <\/td><td>\n  65\n  <\/td><td>\n  2\n  <\/td><td>\n  &nbsp;\n  <\/td><\/tr><tr><td>\n  Bobenheim-Roxheim\n  <\/td><td>\n  237\n  <\/td><td>\n  22\n  <\/td><td>\n  &nbsp;\n  <\/td><td>\n  215\n  <\/td><td>\n  &nbsp;\n  <\/td><td>\n  &nbsp;\n  <\/td><\/tr><tr><td>\n  B\u00f6hl-Iggelheim\n  <\/td><td>\n  328\n  <\/td><td>\n  20\n  <\/td><td>\n  &nbsp;\n  <\/td><td>\n  294\n  <\/td><td>\n  14\n  <\/td><td>\n  &nbsp;\n  <\/td><\/tr><tr><td>\n  Dannstadt-Schauernheim\n  <\/td><td>\n  210\n  <\/td><td>\n  16\n  <\/td><td>\n  &nbsp;\n  <\/td><td>\n  190\n  <\/td><td>\n  4\n  <\/td><td>\n  &nbsp;\n  <\/td><\/tr><tr><td>\n  Dudenhofen\n  <\/td><td>\n  296\n  <\/td><td>\n  10\n  <\/td><td>\n  &nbsp;\n  <\/td><td>\n  271\n  <\/td><td>\n  15\n  <\/td><td>\n  &nbsp;\n  <\/td><\/tr><tr><td>\n  Fu\u00dfg\u00f6nheim\n  <\/td><td>\n  82\n  <\/td><td>\n  26\n  <\/td><td>\n  &nbsp;\n  <\/td><td>\n  53\n  <\/td><td>\n  3\n  <\/td><td>\n  &nbsp;\n  <\/td><\/tr><tr><td>\n  Gro\u00dfniedesheim\n  <\/td><td>\n  38\n  <\/td><td>\n  &nbsp;\n  <\/td><td>\n  &nbsp;\n  <\/td><td>\n  38\n  <\/td><td>\n  &nbsp;\n  <\/td><td>\n  &nbsp;\n  <\/td><\/tr><tr><td>\n  Hanhofen\n  <\/td><td>\n  93\n  <\/td><td>\n  16\n  <\/td><td>\n  &nbsp;\n  <\/td><td>\n  76\n  <\/td><td>\n  1\n  <\/td><td>\n  &nbsp;\n  <\/td><\/tr><tr><td>\n  Harthausen\n  <\/td><td>\n  145\n  <\/td><td>\n  30\n  <\/td><td>\n  2\n  <\/td><td>\n  103\n  <\/td><td>\n  12\n  <\/td><td>\n  &nbsp;\n  <\/td><\/tr><tr><td>\n  He\u00dfheim\n  <\/td><td>\n  88\n  <\/td><td>\n  6\n  <\/td><td>\n  &nbsp;\n  <\/td><td>\n  79\n  <\/td><td>\n  3\n  <\/td><td>\n  &nbsp;\n  <\/td><\/tr><tr><td>\n  Heuchelheim\n  <\/td><td>\n  22\n  <\/td><td>\n  1\n  <\/td><td>\n  &nbsp;\n  <\/td><td>\n  21\n  <\/td><td>\n  &nbsp;\n  <\/td><td>\n  &nbsp;\n  <\/td><\/tr><tr><td>\n  Hochdorf-Assenheim\n  <\/td><td>\n  70\n  <\/td><td>\n  4\n  <\/td><td>\n  &nbsp;\n  <\/td><td>\n  65\n  <\/td><td>\n  1\n  <\/td><td>\n  &nbsp;\n  <\/td><\/tr><tr><td>\n  Kleinniedesheim\n  <\/td><td>\n  26\n  <\/td><td>\n  1\n  <\/td><td>\n  &nbsp;\n  <\/td><td>\n  25\n  <\/td><td>\n  &nbsp;\n  <\/td><td>\n  &nbsp;\n  <\/td><\/tr><tr><td>\n  Lambsheim\n  <\/td><td>\n  155\n  <\/td><td>\n  9\n  <\/td><td>\n  &nbsp;\n  <\/td><td>\n  143\n  <\/td><td>\n  3\n  <\/td><td>\n  &nbsp;\n  <\/td><\/tr><tr><td>\n  Limburgerhof\n  <\/td><td>\n  332\n  <\/td><td>\n  42\n  <\/td><td>\n  &nbsp;\n  <\/td><td>\n  278\n  <\/td><td>\n  12\n  <\/td><td>\n  &nbsp;\n  <\/td><\/tr><tr><td>\n  Maxdorf\n  <\/td><td>\n  256\n  <\/td><td>\n  4\n  <\/td><td>\n  &nbsp;\n  <\/td><td>\n  223\n  <\/td><td>\n  29\n  <\/td><td>\n  &nbsp;\n  <\/td><\/tr><tr><td>\n  Mutterstadt\n  <\/td><td>\n  467\n  <\/td><td>\n  19\n  <\/td><td>\n  &nbsp;\n  <\/td><td>\n  416\n  <\/td><td>\n  32\n  <\/td><td>\n  &nbsp;\n  <\/td><\/tr><tr><td>\n  Neuhofen\n  <\/td><td>\n  218\n  <\/td><td>\n  13\n  <\/td><td>\n  &nbsp;\n  <\/td><td>\n  192\n  <\/td><td>\n  13\n  <\/td><td>\n  &nbsp;\n  <\/td><\/tr><tr><td>\n  Otterstadt\n  <\/td><td>\n  112\n  <\/td><td>\n  5\n  <\/td><td>\n  &nbsp;\n  <\/td><td>\n  105\n  <\/td><td>\n  2\n  <\/td><td>\n  &nbsp;\n  <\/td><\/tr><tr><td>\n  R\u00f6dersheim-Gronau\n  <\/td><td>\n  70\n  <\/td><td>\n  2\n  <\/td><td>\n  2\n  <\/td><td>\n  66\n  <\/td><td>\n  2\n  <\/td><td>\n  &nbsp;\n  <\/td><\/tr><tr><td>\n  R\u00f6merberg\n  <\/td><td>\n  423\n  <\/td><td>\n  17\n  <\/td><td>\n  &nbsp;\n  <\/td><td>\n  396\n  <\/td><td>\n  10\n  <\/td><td>\n  &nbsp;\n  <\/td><\/tr><tr><td>\n  Schifferstadt\n  <\/td><td>\n  777\n  <\/td><td>\n  70\n  <\/td><td>\n  &nbsp;\n  <\/td><td>\n  686\n  <\/td><td>\n  21\n  <\/td><td>\n  &nbsp;\n  <\/td><\/tr><tr><td>\n  Waldsee\n  <\/td><td>\n  170\n  <\/td><td>\n  12\n  <\/td><td>\n  &nbsp;\n  <\/td><td>\n  149\n  <\/td><td>\n  9\n  <\/td><td>\n  &nbsp;\n  <\/td><\/tr><tr><td>\n  &nbsp;\n  <\/td><td>\n  &nbsp;\n  <\/td><td>\n  &nbsp;\n  <\/td><td>\n  &nbsp;\n  <\/td><td>\n  &nbsp;\n  <\/td><td>\n  &nbsp;\n  <\/td><td>\n  &nbsp;\n  <\/td><\/tr><tr><td>\n  LK\n  Rhein-Pfalz-Kreis\n  <\/td><td>\n  4984\n  <\/td><td>\n  377\n  <\/td><td>\n  4\n  <\/td><td>\n  4401\n  <\/td><td>\n  206\n  <\/td><td>\n  &nbsp;\n  <\/td><\/tr><tr><td>\n  SK\n  Frankenthal\n  <\/td><td>\n  1638\n  <\/td><td>\n  177\n  <\/td><td>\n  2\n  <\/td><td>\n  1414\n  <\/td><td>\n  46\n  <\/td><td>\n  &nbsp;\n  <\/td><\/tr><tr><td>\n  SK\n  Ludwigshafen\n  <\/td><td>\n  7381\n  <\/td><td>\n  539\n  <\/td><td>\n  32\n  <\/td><td>\n  6540\n  <\/td><td>\n  302\n  <\/td><td>\n  &nbsp;\n  <\/td><\/tr><tr><td>\n  SK\n  Speyer\n  <\/td><td>\n  2104\n  <\/td><td>\n  100\n  <\/td><td>\n  4\n  <\/td><td>\n  1924\n  <\/td><td>\n  80\n  <\/td><td>\n  &nbsp;\n  <\/td><\/tr><tr><td>\n  &nbsp;\n  <\/td><td>\n  &nbsp;\n  <\/td><td>\n  &nbsp;\n  <\/td><td>\n  &nbsp;\n  <\/td><td>\n  &nbsp;\n  <\/td><td>\n  &nbsp;\n  <\/td><td>\n  &nbsp;\n  <\/td><\/tr><tr><td>\n  <strong>Summe:<\/strong>\n  <\/td><td>\n  <strong>16107<\/strong>\n  <\/td><td>\n  <strong>1193<\/strong>\n  <\/td><td>\n  <strong>42<\/strong>\n  <\/td><td>\n  <strong>14279<\/strong>\n  <\/td><td>\n  <strong>634<\/strong>\n  <\/td><td>\n  <strong>&nbsp;<\/strong>\n  <\/td><\/tr><\/tbody><\/table>\n\n\n\n<p>Quelle: SurvNet@RKI<\/p>\n\n\n\n<p>_AH: Personen mit Hauptwohnsitz au\u00dferhalb des\nZust\u00e4ndigkeitsbereiches des Gesundheitsamts aber mit fehlerhaften Meldekreis\n\u201eLK Rhein-Pfalz-Kreis\u201c. Es wird gepr\u00fcft, ob diese noch nachtr\u00e4glich richtig\nzugeordnet werden k\u00f6nnen. <\/p>\n\n\n\n<h4 class=\"wp-block-heading\">Aus den Einrichtungen sind uns folgende aktuelle\nCorona-Virus-Ausbr\u00fcche gemeldet:<\/h4>\n\n\n\n<ul><li>Kita Haus Don Bosco, Speyer<\/li><li>Kita Prot. Vers\u00f6hnungskirche Frankenthal<\/li><li>Kita St. Dominikus Harthausen, Rhein-Pfalz-Kreis<\/li><li>DRK Alten- und Pflegeheim Melm, Ludwigshafen<\/li><li>Obdachlosen \u00dcbergangsheim, Speyer<\/li><\/ul>\n\n\n\n<p>Weiterhin sind die Zahlen der mit dem Coronavirus infizierten Personen seit Beginn des Ausbruchs und die aktuellen Zahlen auf den Seiten des Ministeriums f\u00fcr Soziales, Arbeit, Gesundheit und Demografie unter <a href=\"http:\/\/www.msagd.rlp.de\">www.msagd.rlp.de<\/a> oder <a href=\"http:\/\/www.corona.rlp\">www.corona.rlp<\/a> einzusehen. <\/p>\n\n\n\n<p>Die Kreisverwaltung Rhein-Pfalz-Kreis weist darauf hin, dass es zu geringen Differenzen durch zeitlich versetzte Eingabezeiten zu den Zahlen des Landesuntersuchungsamtes bzw. des Robert-Koch-Institutes kommen kann.<\/p>\n\n\n\n<p><em>Kreisverwaltung Rhein-Pfalz-Kreis<br>28.03.2021<\/em><\/p>\n","protected":false},"excerpt":{"rendered":"<div class=\"mh-excerpt\"><p>Coronavirus Allgemeinverf\u00fcgung des Rhein-Pfalz-Kreises zur Erg\u00e4nzung der Regelungen der 18. CoBeLVO Der Rhein-Pfalz-Kreis erl\u00e4sst aufgrund der gestiegenen Inzidenzzahlen nach Beschluss des Landes Rheinland-Pfalz weitere Ma\u00dfnahmen zur Eind\u00e4mmung des Infektionsgeschehens. Da die 7-Tage-Inzidenz pro 100.000 Einwohner <a class=\"mh-excerpt-more\" href=\"https:\/\/speyer24news.com\/?p=34559\" title=\"Rhein-Pfalz-Kreis\">[&#8230;]<\/a><\/p>\n<\/div>","protected":false},"author":3,"featured_media":0,"comment_status":"open","ping_status":"open","sticky":false,"template":"","format":"standard","meta":{"_monsterinsights_skip_tracking":false,"_monsterinsights_sitenote_active":false,"_monsterinsights_sitenote_note":"","_monsterinsights_sitenote_category":0,"footnotes":""},"categories":[1564],"tags":[8975,9581,8741,8742,8706,6634,7245,427,1565],"aioseo_notices":[],"amp_enabled":true,"_links":{"self":[{"href":"https:\/\/speyer24news.com\/index.php?rest_route=\/wp\/v2\/posts\/34559"}],"collection":[{"href":"https:\/\/speyer24news.com\/index.php?rest_route=\/wp\/v2\/posts"}],"about":[{"href":"https:\/\/speyer24news.com\/index.php?rest_route=\/wp\/v2\/types\/post"}],"author":[{"embeddable":true,"href":"https:\/\/speyer24news.com\/index.php?rest_route=\/wp\/v2\/users\/3"}],"replies":[{"embeddable":true,"href":"https:\/\/speyer24news.com\/index.php?rest_route=%2Fwp%2Fv2%2Fcomments&post=34559"}],"version-history":[{"count":2,"href":"https:\/\/speyer24news.com\/index.php?rest_route=\/wp\/v2\/posts\/34559\/revisions"}],"predecessor-version":[{"id":34563,"href":"https:\/\/speyer24news.com\/index.php?rest_route=\/wp\/v2\/posts\/34559\/revisions\/34563"}],"wp:attachment":[{"href":"https:\/\/speyer24news.com\/index.php?rest_route=%2Fwp%2Fv2%2Fmedia&parent=34559"}],"wp:term":[{"taxonomy":"category","embeddable":true,"href":"https:\/\/speyer24news.com\/index.php?rest_route=%2Fwp%2Fv2%2Fcategories&post=34559"},{"taxonomy":"post_tag","embeddable":true,"href":"https:\/\/speyer24news.com\/index.php?rest_route=%2Fwp%2Fv2%2Ftags&post=34559"}],"curies":[{"name":"wp","href":"https:\/\/api.w.org\/{rel}","templated":true}]}}