{"id":34564,"date":"2021-03-28T07:54:11","date_gmt":"2021-03-28T06:54:11","guid":{"rendered":"https:\/\/speyer24news.com\/?p=34564"},"modified":"2021-03-28T07:54:13","modified_gmt":"2021-03-28T06:54:13","slug":"landau-kreis-landau-ld-und-landkreis-suedliche-weinstrasse-suew-2","status":"publish","type":"post","link":"https:\/\/speyer24news.com\/?p=34564","title":{"rendered":"Landau, Kreis Landau (LD) und Landkreis S\u00fcdliche Weinstra\u00dfe (S\u00dcW)"},"content":{"rendered":"<style type=\"text\/css\">\r\n\t.ads_top_disp{}\r\n\t.ads_top_corner_disp{ float:left; margin:0px 10px 10px 0px; }\r\n\t.ads_first_p_disp{}\r\n\t.ads_bottom_disp{}\r\n\t<\/style>\n<h2 class=\"wp-block-heading\">In den Osterferien: Stadt Landau erneuert innerst\u00e4dtische Kreuzungen<\/h2>\n\n\n\n<div class=\"wp-block-image\"><figure class=\"aligncenter\"><img decoding=\"async\" loading=\"lazy\" width=\"800\" height=\"533\" src=\"https:\/\/speyer24news.com\/wp-content\/uploads\/2021\/03\/25-03-2021-Info-Kreuzungen.jpg\" alt=\"\" class=\"wp-image-34576\" srcset=\"https:\/\/speyer24news.com\/wp-content\/uploads\/2021\/03\/25-03-2021-Info-Kreuzungen.jpg 800w, https:\/\/speyer24news.com\/wp-content\/uploads\/2021\/03\/25-03-2021-Info-Kreuzungen-300x200.jpg 300w, https:\/\/speyer24news.com\/wp-content\/uploads\/2021\/03\/25-03-2021-Info-Kreuzungen-768x512.jpg 768w\" sizes=\"(max-width: 800px) 100vw, 800px\" \/><figcaption> An der Kreuzung Nordring\/Hindenburgstra\u00dfe\/Marktstra\u00dfe wird in den Osterferien die Asphaltdeckschicht erneuert.<br><em>Foto: Stadt Landau<\/em><\/figcaption><\/figure><\/div>\n\n\n\n<p>Die Stadt Landau nutzt die anstehenden Osterferien, um die Asphaltdeckschichten an den Ampelkreuzungen Nordring\/Hindenburgstra\u00dfe\/Marktstra\u00dfe und Nordring\/Neustadter Stra\u00dfe zu erneuern. Die Arbeiten beginnen am <strong>Montag, 29. M\u00e4rz, und dauern voraussichtlich bis Mittwoch, 7. April<\/strong>. Bereits im Sp\u00e4tjahr 2020 waren an den beiden Kreuzungen die Ampelanlagen erneuert worden.<\/p>\n\n\n\n<p>\u201eAn beiden\nKreuzungen weist die Fahrbahn viele Risse und Absenkungen auf, das wollen wir\nnun beheben. Gleichzeitig erneuern wir die Markierungen, um die Kreuzungen\nverkehrssicherer und fahrradfreundlicher zu machen, etwa mit Aufstellfl\u00e4chen\nf\u00fcr Radfahrerinnen und Radfahrer. Das ist der vorletzte Schritt hin zu einer\nneuen, optimierten Ampelschaltung \u2013 vor der Umprogrammierung\u201c, erl\u00e4utert\nVerkehrsdezernent Lukas Hartmann. <\/p>\n\n\n\n<p>Damit die\nArbeiten m\u00f6glichst schnell abgeschlossen werden k\u00f6nnen, erfolgen sie unter\nVollsperrung. Eine Umleitung \u00fcber die Eichbornstra\u00dfe wird ausgeschildert. F\u00fcr\ndie Dauer der Arbeiten ruht die dortige Baustelle. Die Gehwege an den beiden\ngesperrten Kreuzungen k\u00f6nnen weiter genutzt werden.<\/p>\n\n\n\n<p>Von Donnerstag, 8. April, bis Freitag, 16. April, werden im Anschluss auch die Kreuzungen Nordring\/Wei\u00dfquartierstra\u00dfe, Neustadter Stra\u00dfe\/Zeppelinstra\u00dfe und Neustadter Stra\u00dfe\/August-Croissant-Stra\u00dfe saniert. <\/p>\n\n\n\n<p><em>Stadtverwaltung Landau<br>28.03.2021<\/em><\/p>\n\n\n\n<h2 class=\"wp-block-heading\">In Gedenken an Hubert Lehmann: Landaus OB Hirsch \u00fcbergibt Ausgabe des neuen Thomas-Nast-Buchs an Tochter des ehemaligen Thomas-Nast-Vereinsvorsitzenden<\/h2>\n\n\n\n<div class=\"wp-block-image\"><figure class=\"aligncenter\"><img decoding=\"async\" loading=\"lazy\" width=\"800\" height=\"533\" src=\"https:\/\/speyer24news.com\/wp-content\/uploads\/2021\/03\/25-03-2021-Info-Lehmann.jpg\" alt=\"\" class=\"wp-image-34574\" srcset=\"https:\/\/speyer24news.com\/wp-content\/uploads\/2021\/03\/25-03-2021-Info-Lehmann.jpg 800w, https:\/\/speyer24news.com\/wp-content\/uploads\/2021\/03\/25-03-2021-Info-Lehmann-300x200.jpg 300w, https:\/\/speyer24news.com\/wp-content\/uploads\/2021\/03\/25-03-2021-Info-Lehmann-768x512.jpg 768w\" sizes=\"(max-width: 800px) 100vw, 800px\" \/><figcaption> Bei der Buch\u00fcbergabe (v.l.): Stadtarchivarin Christine Kohl-Langer, Hubert Lehmanns Tochter Insa Holz, deren Ehemann Andreas Holz und Oberb\u00fcrgermeister Thomas Hirsch.<br><em>Foto: Stadt Landau<\/em><\/figcaption><\/figure><\/div>\n\n\n\n<p>Vor kurzem\nerst ist der neueste Band der Landauer Schriften zur Kommunikations- und\nKulturwissenschaft mit dem Titel \u201eThomas Nast \u2013 Karikaturist zwischen Kunst und\nKritik\u201c erschienen: Hubert Lehmann, der im vergangenen Jahr verstorbene\nehemalige Vorsitzende des Thomas-Nast-Vereins, beleuchtet darin gemeinsam mit weiteren\nAutorinnen und Autoren das Werk des deutsch-amerikanischen Karikaturisten. Symbolisch\nhat Landaus Oberb\u00fcrgermeister Thomas Hirsch nun zwei Exemplare des Buchs an\nLehmanns Tochter Insa Holz und deren Ehemann Andreas Holz \u00fcbergeben.<\/p>\n\n\n\n<p>\u201eLeider hat\nHubert Lehmann das Erscheinen des Buchs nicht mehr erlebt. Wie gerne h\u00e4tte ich Frau\nHolz und ihrem Mann das Buch ihres Vaters zumindest in einem gr\u00f6\u00dferen, feierlicheren\nRahmen ausgeh\u00e4ndigt, um so noch einmal das Wirken von Hubert Lehmann gemeinsam\nmit vielen Freundinnen und Freunden seiner Arbeit zu w\u00fcrdigen\u201c, erkl\u00e4rt OB\nHirsch, der den ehemaligen Vorsitzenden des Thomas-Nast-Vereins noch im\nvergangenen Sommer, kurz vor dessen Tod, mit der Ehrennadel der Stadt Landau ausgezeichnet\nhatte. \u201eEs ist bewundernswert, wie sich Hubert Lehmann \u00fcber die Jahre sein tiefes\nWissen um Landaus ber\u00fchmtesten Sohn aufgebaut und so viel daf\u00fcr getan hat, das\nErbe und die Erinnerung an Thomas Nast aufrecht zu halten. Und ich bin mir\nsicher, dass unser Thomas-Nast-Verein diese Aufgabe ganz im Sinne von Hubert\nLehmann auch weiterhin ausf\u00fchren wird\u201c, so der Stadtchef weiter. <\/p>\n\n\n\n<p>Interimsm\u00e4\u00dfig\nhat Stadtarchivarin Christine Kohl-Langer den Vorsitz des Thomas-Nast-Vereins\n\u00fcbernommen. Weitere Informationen sind online unter <a href=\"http:\/\/www.thomas-nast-verein-landau.de\">www.thomas-nast-verein-landau.de<\/a> zu finden. <\/p>\n\n\n\n<p>Die Aufsatzsammlung \u201eThomas Nast \u2013 Karikaturist zwischen Kunst und Kritik\u201c, Band 27 der Landauer Schriften zur Kommunikations- und Kulturwissenschaft, ist im Verlag Empirische P\u00e4dagogik erschienen und kann ab sofort im Landauer Buchhandel sowie beim Verlag selbst f\u00fcr 24,90 Euro bestellt werden.<\/p>\n\n\n\n<p><em>Stadtverwaltung Landau<br>28.03.2021<\/em><\/p>\n\n\n\n<h2 class=\"wp-block-heading\">Im Rahmen der Internationalen Wochen gegen Rassismus: Fensterausstellung zum Thema Alltagsrassismus noch bis 28. M\u00e4rz am Haus der Jugend in Landau<\/h2>\n\n\n\n<div class=\"wp-block-image\"><figure class=\"aligncenter\"><img decoding=\"async\" loading=\"lazy\" width=\"800\" height=\"533\" src=\"https:\/\/speyer24news.com\/wp-content\/uploads\/2021\/03\/24-03-2021-Info-Fensterausstellung.jpg\" alt=\"\" class=\"wp-image-34573\" srcset=\"https:\/\/speyer24news.com\/wp-content\/uploads\/2021\/03\/24-03-2021-Info-Fensterausstellung.jpg 800w, https:\/\/speyer24news.com\/wp-content\/uploads\/2021\/03\/24-03-2021-Info-Fensterausstellung-300x200.jpg 300w, https:\/\/speyer24news.com\/wp-content\/uploads\/2021\/03\/24-03-2021-Info-Fensterausstellung-768x512.jpg 768w\" sizes=\"(max-width: 800px) 100vw, 800px\" \/><figcaption> Noch bis 28. M\u00e4rz ist die Fensterausstellung in der Waffenstra\u00dfe 5 in Landau zu sehen.<br><em>Foto: Stadt Landau<\/em><\/figcaption><\/figure><\/div>\n\n\n\n<p>Welche\nErfahrungen machen Landauer B\u00fcrgerinnen und B\u00fcrger mit Alltagsrassismus? Dieser\nFrage widmet sich die Fensterausstellung am Haus der Jugend in Landau, die im\nRahmen der Internationalen Wochen gegen Rassismus dort noch bis 28. M\u00e4rz zu\nsehen ist.<\/p>\n\n\n\n<p>\u201eWir m\u00f6chten\nmit dieser Ausstellung die Erfahrungen von Menschen mit Alltagsrassismus in\nunserer Stadt sichtbar machen und aufzuzeigen, wie hoch die Betroffenheit ist\u201c, erkl\u00e4rt Nadine B\u00f6nicke\nvom Haus der Jugend. \u201e28 Menschen waren so mutig und haben ihre Erlebnisse f\u00fcr\nuns aufgeschrieben. Wir laden alle Landauerinnen und Landauer ein, sich die\nZeit zu nehmen und diese Berichte zu lesen.\u201c<\/p>\n\n\n\n<p>Die Ausstellung ist ein Gemeinschaftsprojekt von Beirat f\u00fcr Migration und Integration, Jugendbeirat Landau, Verein Toleranz und Menschlichkeit und Haus der Jugend.<\/p>\n\n\n\n<p><em>Stadtverwaltung Landau<br>28.03.2021<\/em><\/p>\n\n\n\n<h2 class=\"wp-block-heading\">Neuer Wohnraum im Landauer S\u00fcdwesten: Bauprojekt auf Wollmesheimer H\u00f6he mit 25 neuen Wohnungen fertiggestellt<\/h2>\n\n\n\n<h3 class=\"wp-block-heading\">Weitere 30 Wohneinheiten auf Gel\u00e4nde geplant<\/h3>\n\n\n\n<div class=\"wp-block-image\"><figure class=\"aligncenter\"><img decoding=\"async\" loading=\"lazy\" width=\"800\" height=\"533\" src=\"https:\/\/speyer24news.com\/wp-content\/uploads\/2021\/03\/23-03-2021-Info-Lang_1.jpg\" alt=\"\" class=\"wp-image-34570\" srcset=\"https:\/\/speyer24news.com\/wp-content\/uploads\/2021\/03\/23-03-2021-Info-Lang_1.jpg 800w, https:\/\/speyer24news.com\/wp-content\/uploads\/2021\/03\/23-03-2021-Info-Lang_1-300x200.jpg 300w, https:\/\/speyer24news.com\/wp-content\/uploads\/2021\/03\/23-03-2021-Info-Lang_1-768x512.jpg 768w\" sizes=\"(max-width: 800px) 100vw, 800px\" \/><figcaption> OB Thomas Hirsch (r.) machte sich jetzt gemeinsam mit der Eigent\u00fcmerfamilie Lang ein Bild vom fertiggestellten Bauprojekt auf der Wollmesheimer H\u00f6he.<br><em>Foto: Stadt Landau<\/em><\/figcaption><\/figure><\/div>\n\n\n\n<p>Wo fr\u00fcher im \u201eColosseum\u201c gefeiert wurde, wird heute gewohnt: Auf dem Gel\u00e4nde auf der Wollmesheimer H\u00f6he in Landau errichtete die Eigent\u00fcmerfamilie Lang gemeinsam mit Planer und Architekt Bertel Treiling in den vergangenen beiden Jahren ein Mehrfamilienhaus mit 25 neuen Wohnungen mit 40 bis 120 m\u00b2, darunter auch sozial gef\u00f6rderter Wohnraum. Nach der erfolgreichen Fertigstellung des 3 Millionen schweren Bauprojekts auf dem n\u00f6rdlichen Grundst\u00fccksteil und dem f\u00fcr dieses Jahr geplanten Abschluss des notwendigen Bebauungsplanverfahrens sollen auf dem s\u00fcdlichen Gel\u00e4ndeteil f\u00fcnf Reihenh\u00e4user und ein Mehrfamilienhaus mit weiteren 25 Wohneinheiten entstehen.<\/p>\n\n\n\n<figure class=\"wp-block-image\"><img decoding=\"async\" loading=\"lazy\" width=\"800\" height=\"533\" src=\"https:\/\/speyer24news.com\/wp-content\/uploads\/2021\/03\/23-03-2021-Info-Lang_2.jpg\" alt=\"\" class=\"wp-image-34571\" srcset=\"https:\/\/speyer24news.com\/wp-content\/uploads\/2021\/03\/23-03-2021-Info-Lang_2.jpg 800w, https:\/\/speyer24news.com\/wp-content\/uploads\/2021\/03\/23-03-2021-Info-Lang_2-300x200.jpg 300w, https:\/\/speyer24news.com\/wp-content\/uploads\/2021\/03\/23-03-2021-Info-Lang_2-768x512.jpg 768w\" sizes=\"(max-width: 800px) 100vw, 800px\" \/><figcaption> Neuer Wohnraum im Landauer S\u00fcdwesten: Im fertiggestellten Mehrfamilienhaus auf dem n\u00f6rdlichen Grundst\u00fccksteil auf der Wollmesheimer H\u00f6he sind 25 neue Wohnungen entstanden.<br><em>Foto: Stadt Landau<\/em><\/figcaption><\/figure>\n\n\n\n<p>Oberb\u00fcrgermeister\nThomas Hirsch, der jetzt vor Ort war, um sich ein Bild vom fertiggestellten\nBauprojekt zu machen, begr\u00fc\u00dft die Entwicklung des Areals auf der Wollmesheimer\nH\u00f6he. \u201eMit dem Bauvorhaben der Familie Lang ist ein erster wichtiger Schritt\nf\u00fcr die Entwicklung des neuen Stadtquartiers im Landauer S\u00fcdwesten gemacht\u201c,\nbetont der Stadtchef. \u201eAuf rund 6.000 m\u00b2 entstehen insgesamt 55 Wohnungen, vom\ngro\u00dfz\u00fcgigen Penthouse bis zur sozialgef\u00f6rderten Wohnung. Ein guter Mix, wie wir\nihn im Zuge der Wohnraumentwicklung in der gesamten Stadt anstreben\u201c, so\nHirsch.<\/p>\n\n\n\n<p>Im Zuge der\nEntwicklung werden beidseitige Radwege entlang der Wollmesheimer Stra\u00dfe\nangelegt, die dortige Bushaltestelle modern und barrierefrei gestaltet und\ndurch eine Baumallee ein neuer, attraktiver Stadteingang geschaffen. <\/p>\n\n\n\n<p><em>Stadtverwaltung Landau<br>28.03.2021<\/em><\/p>\n\n\n\n<h2 class=\"wp-block-heading\">Zeitzeugen des mittelalterlichen Landaus: Restaurierung der Wandmalereien in der Taufkapelle der Landauer Stiftskirche in vollem Gange<\/h2>\n\n\n\n<h3 class=\"wp-block-heading\">OB Hirsch unterst\u00fctzt Ma\u00dfnahme mit Sparkassen-Spende in H\u00f6he von 10.000 Euro \u2013 Fertigstellung zum Ende des Sommers geplant<\/h3>\n\n\n\n<div class=\"wp-block-image\"><figure class=\"aligncenter\"><img decoding=\"async\" loading=\"lazy\" width=\"800\" height=\"533\" src=\"https:\/\/speyer24news.com\/wp-content\/uploads\/2021\/03\/22-03-2021-Info-Taufkapelle_1.jpg\" alt=\"\" class=\"wp-image-34566\" srcset=\"https:\/\/speyer24news.com\/wp-content\/uploads\/2021\/03\/22-03-2021-Info-Taufkapelle_1.jpg 800w, https:\/\/speyer24news.com\/wp-content\/uploads\/2021\/03\/22-03-2021-Info-Taufkapelle_1-300x200.jpg 300w, https:\/\/speyer24news.com\/wp-content\/uploads\/2021\/03\/22-03-2021-Info-Taufkapelle_1-768x512.jpg 768w\" sizes=\"(max-width: 800px) 100vw, 800px\" \/><figcaption> OB Thomas Hirsch (r.) \u00fcberreichte Dekan Volker Janke zur Unterst\u00fctzung der Sanierung der mittelalterlichen Wandmalereien in der Taufkapelle der Stiftskirche jetzt eine Spende aus Mitteln der Sparkassenstiftung in H\u00f6he von 10.000 Euro.<br><em>Foto: Stadt Landau<\/em><\/figcaption><\/figure><\/div>\n\n\n\n<p>In der\nTaufkapelle der Landauer Stiftskirche warten vier mittelalterliche\nWandmalereien darauf, \u201ewachgek\u00fcsst\u201c zu werden. Die Malereien, die urspr\u00fcnglich\naus der ersten H\u00e4lfte des 14. Jahrhunderts stammen, wurden im Laufe der Zeit\nmehrfach \u00fcberarbeitet und teils verfremdet, sind jedoch weitgehend intakt und\nk\u00f6nnen wiederhergestellt werden. Im vergangenen Monat nahm die K\u00f6lner\nRestauratorin Uta-Barbara Riecke die Arbeit im ehemaligen Kapitelsaal auf.\nOberb\u00fcrgermeister Thomas Hirsch machte sich jetzt vor Ort ein Bild vom\naktuellen Stand der Restaurierung und \u00fcberreichte Dekan Volker Janke bei seinem\nBesuch zur Unterst\u00fctzung des besonderen Projekts eine Spende aus Mitteln der\nSparkassenstiftung in H\u00f6he von 10.000 Euro.&nbsp;\n<\/p>\n\n\n\n<p>\u201eDie Spuren, die das Mittelalter in unserer Stadt hinterlassen hat, sind bis heute sichtbar: Vom Haus zum Maulbeerbaum, dessen Sanierung ebenfalls in vollem Gange ist, \u00fcber die faszinierenden Wandmalereien, die jetzt in der Stiftskirche wiederhergestellt werden, bis hin zu unseren Wurzeln als Stadt, die bis ins Mittelalter zur\u00fcckreichen, als Emich IV. von Leiningen Landau gr\u00fcndete und Rudolf von Habsburg wenig sp\u00e4ter die Stadtrechte verlieh\u201c, betont OB Hirsch. Gerade vor dem Hintergrund des anstehenden 750. Stadtgeburtstags im Jahr 2024 sei es \u00fcberaus spannend, in die Geschichte Landaus einzutauchen und er freue sich, die Ma\u00dfnahme der Stiftskirchengemeinde auch finanziell unterst\u00fctzen zu k\u00f6nnen.<\/p>\n\n\n\n<figure class=\"wp-block-image\"><img decoding=\"async\" loading=\"lazy\" width=\"800\" height=\"558\" src=\"https:\/\/speyer24news.com\/wp-content\/uploads\/2021\/03\/22-03-2021-Info-Taufkapelle_2-.jpg\" alt=\"\" class=\"wp-image-34567\" srcset=\"https:\/\/speyer24news.com\/wp-content\/uploads\/2021\/03\/22-03-2021-Info-Taufkapelle_2-.jpg 800w, https:\/\/speyer24news.com\/wp-content\/uploads\/2021\/03\/22-03-2021-Info-Taufkapelle_2--300x209.jpg 300w, https:\/\/speyer24news.com\/wp-content\/uploads\/2021\/03\/22-03-2021-Info-Taufkapelle_2--768x536.jpg 768w\" sizes=\"(max-width: 800px) 100vw, 800px\" \/><figcaption> Restauratorin Uta-Barbara Riecke hat an verschiedenen Stellen bereits mit der Abnahme des vergrauten Kunstharz\u00fcberzugs begonnen.<br><em>Foto: Uta-Barbara Riecke<\/em><\/figcaption><\/figure>\n\n\n\n<p>Zurzeit\nkonzentrieren sich die Arbeiten in der Taufkapelle auf die Entfernung des 1962\naufgebrachten Anstrichs und auf das Abtragen des Kunstharz\u00fcberzugs, mit dem die\nMalereien in den 60er Jahren versehen wurden. An einigen Stellen hat die\nRestauratorin bereits den grauen Schleier entfernt und die leuchtend bunten\nOriginalfarben freigelegt. Weitere Arbeitsschritte sind die Abnahme der\ngro\u00dffl\u00e4chigen Neuverputzungen aus den 1980er Jahren, die Sicherung abgel\u00f6ster\nPutzteile, die Festigung der Malschicht und das Schlie\u00dfen von Fehlstellen in\nden Malereien. Verf\u00e4lschungen, wie beispielsweise bei der Darstellung des\nVerl\u00f6bnisses der Heiligen Katharina mit dem Jesuskind, sollen wieder entfernt\nwerden. Zeigte die Malerei urspr\u00fcnglich die Enthauptung der Heiligen, wich\ndiese Darstellung in der sp\u00e4teren \u00dcbermalung von 1962 der des Erzengels Michael\nim Kampf mit einem Drachen.<\/p>\n\n\n\n<p>\u201eDie Landauer Stiftskirche ist eine der sch\u00f6nsten und bedeutendsten Kirchen der Pfalz und legt Zeugnis von der hohen Baukunst des Mittelalters ab\u201c, erg\u00e4nzt Dekan Janke. \u201eGemeinsam mit dem Kirchbauverein wollen wir als Stiftskirchengemeinde die Taufkapelle als besonderes historisches Kleinod erhalten und rechnen damit, dass die Arbeiten an den wertvollen mittelalterlichen Wandmalereien bereits zum Ende des Sommer abgeschlossen werden k\u00f6nnen.\u201c Dank der Unterst\u00fctzung des Kirchbauvereins, der Landeskirche, der Deutschen Stiftung Denkmalschutz, der rheinland-pf\u00e4lzischen Generaldirektion Kulturelles Erbe, der Hornbachstiftung und nun auch der Sparkassenstiftung fehlten nur noch rund 10.000 Euro zur Finanzierung der 140.000 Euro teuren Ma\u00dfnahme.<\/p>\n\n\n\n<div class=\"wp-block-image\"><figure class=\"aligncenter\"><img decoding=\"async\" loading=\"lazy\" width=\"600\" height=\"253\" src=\"https:\/\/speyer24news.com\/wp-content\/uploads\/2021\/03\/Protestantische-Stiftskirchengemeinde-Landau.png\" alt=\"\" class=\"wp-image-34568\" srcset=\"https:\/\/speyer24news.com\/wp-content\/uploads\/2021\/03\/Protestantische-Stiftskirchengemeinde-Landau.png 600w, https:\/\/speyer24news.com\/wp-content\/uploads\/2021\/03\/Protestantische-Stiftskirchengemeinde-Landau-300x127.png 300w\" sizes=\"(max-width: 600px) 100vw, 600px\" \/><\/figure><\/div>\n\n\n\n<p>Spenden nimmt\nder Kirchbauverein auf dem eigens f\u00fcr das Projekt Taufkapelle eingerichteten\nSpendenkonto entgegen: DE06 5485 0010 1720 4711 09. <\/p>\n\n\n\n<p>Weitere Informationen zum Projekt finden sich auch auf der Internetseite des Vereins unter <a href=\"http:\/\/www.kirchbauverein-stiftskirche.de\">www.kirchbauverein-stiftskirche.de<\/a>.<\/p>\n\n\n\n<p><em>Text: Stadtverwaltung Landau Foto: (1) Stadt Landau in der Pfalz; (2)<\/em> <em>Uta-Barbara Riecke<\/em> <em><br>28.03.2021<\/em><\/p>\n\n\n\n<h1 class=\"wp-block-heading\" style=\"text-align:center\"><strong>Coronavirus<\/strong><\/h1>\n\n\n\n<figure class=\"wp-block-image\"><img decoding=\"async\" loading=\"lazy\" width=\"800\" height=\"346\" src=\"https:\/\/speyer24news.com\/wp-content\/uploads\/2020\/02\/coronavirus-4817450_1920.jpg\" alt=\"\" class=\"wp-image-25126\" srcset=\"https:\/\/speyer24news.com\/wp-content\/uploads\/2020\/02\/coronavirus-4817450_1920.jpg 800w, https:\/\/speyer24news.com\/wp-content\/uploads\/2020\/02\/coronavirus-4817450_1920-300x130.jpg 300w, https:\/\/speyer24news.com\/wp-content\/uploads\/2020\/02\/coronavirus-4817450_1920-768x332.jpg 768w\" sizes=\"(max-width: 800px) 100vw, 800px\" \/><\/figure>\n\n\n\n<h2 class=\"wp-block-heading\">Einbau von Abluftanlagen an Landauer Schulen: Einsatzbefehl des THW endet<\/h2>\n\n\n\n<h3 class=\"wp-block-heading\">OB Hirsch dankt f\u00fcr Unterst\u00fctzung \u2013 Serviceclub Round Table 64 S\u00fcdpfalz packt mit an \u2013 Stadt sucht weitere Helferinnen und Helfer sowie Sponsorinnen und Sponsoren<\/h3>\n\n\n\n<div class=\"wp-block-image\"><figure class=\"aligncenter\"><img decoding=\"async\" loading=\"lazy\" width=\"800\" height=\"533\" src=\"https:\/\/speyer24news.com\/wp-content\/uploads\/2021\/03\/23-03-2021-Info-Abluftanlagen.jpg\" alt=\"\" class=\"wp-image-34572\" srcset=\"https:\/\/speyer24news.com\/wp-content\/uploads\/2021\/03\/23-03-2021-Info-Abluftanlagen.jpg 800w, https:\/\/speyer24news.com\/wp-content\/uploads\/2021\/03\/23-03-2021-Info-Abluftanlagen-300x200.jpg 300w, https:\/\/speyer24news.com\/wp-content\/uploads\/2021\/03\/23-03-2021-Info-Abluftanlagen-768x512.jpg 768w\" sizes=\"(max-width: 800px) 100vw, 800px\" \/><figcaption> Das THW Landau hat in den zur\u00fcckliegenden Wochen zahlreiche Klassenr\u00e4ume in Landauer Schulen mit Abluftanlagen ausgestattet.<br><em>Foto: Stadt Landau<\/em><\/figcaption><\/figure><\/div>\n\n\n\n<p>Es ist eine\nMammutaufgabe: Mehr als 300 Klassen- und Arbeitsr\u00e4ume in den Landauer Schulen\nsollen mit der vom Mainzer Max-Planck-Institut f\u00fcr Chemie entwickelten\nAbluftanlage ausgestattet werden. Die Federf\u00fchrung hat das st\u00e4dtische\nGeb\u00e4udemanagement (GML) um Werkleiter Michael G\u00f6tz \u00fcbernommen. Gemeinsam mit\nihm zieht OB Thomas Hirsch jetzt ein Zwischenfazit: In knapp der H\u00e4lfte der\nSchuls\u00e4le konnte bereits eine Abluftanlage eingebaut werden. Um bis nach Ostern\nalle R\u00e4ume abgearbeitet zu haben, ben\u00f6tigt die Stadt dringend Unterst\u00fctzung \u2013\nsowohl finanziell als auch durch weitere helfende H\u00e4nde. <\/p>\n\n\n\n<p>OB Hirsch\nerl\u00e4utert: \u201eOhne die Unterst\u00fctzung des THW Landau um den Ortsbeauftragten\nFlorian Feierabend h\u00e4tten wir diese wichtige Aufgabe bis hier hin nicht so\nschnell und so gut bew\u00e4ltigen k\u00f6nnen -\u2013 daf\u00fcr mein herzlicher Dank. Auch nach\ndem Ende des offiziellen Einsatzbefehls arbeiten viele THW-Kameradinnen und\n-Kameraden ehrenamtlich in den Schulen weiter.\u201c Seit dem zur\u00fcckliegenden\nWochenende packen auch die Mitglieder des Serviceclubs Round Table 64 S\u00fcdpfalz\nin den Klassenzimmern mit an; auch f\u00fcr dieses besondere Engagement im Dienste\nder Sch\u00fclerinnen und Sch\u00fcler ist der OB sehr dankbar. <\/p>\n\n\n\n<p>Die Stadt\nfreut sich \u00fcber Helferinnen und Helfer zus\u00e4tzlich zu THW, Round Table sowie\nEltern und Lehrkr\u00e4ften; ebenso \u00fcber weitere Sponsorinnen und Sponsoren. Der\naktuelle Spendenstand betr\u00e4gt knapp 143.000 Euro, was noch nicht ganz\nausreicht, um die Kosten zu decken. Das Spendenkonto lautet: <\/p>\n\n\n\n<ul><li>Sparkasse S\u00fcdpfalz<\/li><li>IBAN: DE08 5485 0010 0000 0000 18<\/li><li>BIC: SOLADES1SUW <\/li><li>Verwendungszweck: Spende Abluftanlagen Schulen<\/li><\/ul>\n\n\n\n<p>Wie berichtet,\nkann die Stadt das Gro\u00dfprojekt nicht \u201eaus eigener Tasche\u201c finanzieren, v.a.,\nweil es sich dabei um eine sogenannte \u201efreiwillige Leistung\u201c im hochdefizit\u00e4ren\nst\u00e4dtischen Haushalt handeln w\u00fcrde. <\/p>\n\n\n\n<p>OB Hirsch ist\nsich mit Schuldezernent Dr. Maximilian Ingenthron und GML-Dezernent Lukas\nHartmann einig, dass die Installation von Abluftanlagen eine vielversprechende\nM\u00f6glichkeit und einen wichtigen Baustein darstellen, um den Landauer\nSch\u00fclerinnen und Sch\u00fclern ein m\u00f6glichst sicheres Lernumfeld bieten zu k\u00f6nnen. Die\nAnlagen bef\u00f6rdern die Luft aus den Klassenr\u00e4umen ins Freie und sorgen so f\u00fcr\neinen kontinuierlichen Luftwechsel.&nbsp; <\/p>\n\n\n\n<p><em>Stadtverwaltung Landau<br>28.03.2021<\/em><\/p>\n\n\n\n<h2 class=\"wp-block-heading\">Stadt Landau bereitet bestm\u00f6gliche Umsetzung der neuen Corona-Regeln vor<\/h2>\n\n\n\n<h3 class=\"wp-block-heading\">OB Hirsch: \u201eSuchen vor Ort nach L\u00f6sungen, die Freiheiten zur\u00fcckgeben und dennoch Sicherheit bieten\u201c \u2013 Landau will Modellregion f\u00fcr weitere Lockerungen nach Ostern werden \u2013 Wahre Flut von offenen Fragen erreicht Verwaltung<\/h3>\n\n\n\n<figure class=\"wp-block-image\"><img decoding=\"async\" loading=\"lazy\" width=\"800\" height=\"533\" src=\"https:\/\/speyer24news.com\/wp-content\/uploads\/2021\/03\/23-03-2021-Info-Osterruhe.jpg\" alt=\"\" class=\"wp-image-34569\" srcset=\"https:\/\/speyer24news.com\/wp-content\/uploads\/2021\/03\/23-03-2021-Info-Osterruhe.jpg 800w, https:\/\/speyer24news.com\/wp-content\/uploads\/2021\/03\/23-03-2021-Info-Osterruhe-300x200.jpg 300w, https:\/\/speyer24news.com\/wp-content\/uploads\/2021\/03\/23-03-2021-Info-Osterruhe-768x512.jpg 768w\" sizes=\"(max-width: 800px) 100vw, 800px\" \/><figcaption> Fl\u00e4chendeckendes und niedrigschwelliges Testen ist f\u00fcr Landaus OB Hirsch der Schl\u00fcssel f\u00fcr weitere \u00d6ffnungsschritte.<br><em>Foto: Stadt Landau<\/em><\/figcaption><\/figure>\n\n\n\n<p>Bund und\nL\u00e4nder haben sich darauf geeinigt, den Corona-Lockdown bis zum 18. April zu\nverl\u00e4ngern \u2013 inklusive einer strengen \u201eOsterruhe\u201c. Die vielen offenen Fragen gelte\nes, auf Bund- und L\u00e4nderebene schnellstm\u00f6glich zu kl\u00e4ren, so Landaus OB Thomas\nHirsch. Denn: Bei der Stadtverwaltung Landau ist eine wahre Flut an Nachfragen\neingegangen. Vor Ort in den Kommunen wird in Abstimmung mit dem Land die\nUmsetzung der neuen Regeln vorbereitet. OB Hirsch, zugleich stellvertretender\nVorsitzender des rheinland-pf\u00e4lzischen St\u00e4dtetags: \u201eDas Virus ist da, seine\nGef\u00e4hrlichkeit steht fest; auf dieser Basis m\u00fcssen wir handeln. Bund und L\u00e4nder\nsetzen den Rahmen, in den St\u00e4dten und Kreisen arbeiten wir damit und m\u00fcssen uns\nauf die aktuelle Situation einstellen.\u201c <\/p>\n\n\n\n<p>F\u00fcr Landaus Stadtchef\nmuss das oberste Ziel sein, eine dritte Pandemiewelle zu verhindern und\ntrotzdem das \u00f6ffentliche Leben so weit wie m\u00f6glich zu lockern, um Existenzen zu\nsichern und Familien wieder die M\u00f6glichkeit auf ein \u201enormaleres\u201c Leben zu\ngeben. \u201eWir suchen vor Ort nach L\u00f6sungen, um Freiheiten zur\u00fcckzugeben und\ndennoch Sicherheit zu bieten\u201c, so Hirsch. Er macht klar: F\u00fcr ihn ist der\nSchl\u00fcssel zum Erfolg \u2013 neben Impfen sowie Vorsicht und R\u00fccksicht \u2013 ganz\nbesonders ein fl\u00e4chendeckendes und niedrigschwelliges Testen. \u201eIch verstehe,\ndass es an vielen Stellen Unzufriedenheit und Kritik gibt. Aber wir m\u00fcssen uns\nan L\u00f6sungen herantasten. Mit einem trotzigen \u00abNein, das mache ich nicht!\u00bb\nwerden wir nicht weiterkommen.\u201c <\/p>\n\n\n\n<p>Landaus OB\nund seine Verwaltung stehen aktuell in Kontakt u.a. mit privaten Unternehmen,\nwie das \u201eTesten f\u00fcr alle\u201c noch weiter ausgebaut werden kann, auch in der\nInnenstadt. Denkverbote gebe es generell nicht, so Hirsch, der auch \u201eden Finger\nhebt\u201c, damit Landau nach Ostern Modellprojekte im Freizeitbereich entwickeln\nkann. \u201eAb einer Inzidenz von 100 bei Stadt und Land greift die \u00abNotbremse\u00bb mit\ndeutlichen Einschr\u00e4nkungen. Solange wir unter dieser Schwelle liegen, er\u00f6ffnet\nuns ein umfassendes Testen zus\u00e4tzliche M\u00f6glichkeiten f\u00fcr das \u00f6ffentliche\nLeben\u201c, ist Hirsch \u00fcberzeugt. <\/p>\n\n\n\n<p><em>Stadtverwaltung Landau<br>28.03.2021<\/em><\/p>\n\n\n\n<h1 class=\"wp-block-heading\" style=\"text-align:center\"><strong>Fallzahlen im Landkreis S\u00fcdliche Weinstra\u00dfe und der Stadt Landau<\/strong><\/h1>\n\n\n\n<figure class=\"wp-block-image\"><img decoding=\"async\" loading=\"lazy\" width=\"800\" height=\"400\" src=\"https:\/\/speyer24news.com\/wp-content\/uploads\/2020\/02\/virus-1812092_1920.jpg\" alt=\"\" class=\"wp-image-25128\" srcset=\"https:\/\/speyer24news.com\/wp-content\/uploads\/2020\/02\/virus-1812092_1920.jpg 800w, https:\/\/speyer24news.com\/wp-content\/uploads\/2020\/02\/virus-1812092_1920-300x150.jpg 300w, https:\/\/speyer24news.com\/wp-content\/uploads\/2020\/02\/virus-1812092_1920-768x384.jpg 768w\" sizes=\"(max-width: 800px) 100vw, 800px\" \/><\/figure>\n\n\n\n<h2 class=\"wp-block-heading\">Tagesaktuelle\nInzidenz der Stadt Landau bei 40,5<\/h2>\n\n\n\n<p>Die\n7-Tages-Inzidenz der Stadt Landau liegt der heutigen Mitteilung des\nLandesuntersuchungsamts zufolge bei 40,5 und ist damit im Vergleich zum Vortag (34,1)\nleicht gestiegen. Die Stadt Landau befindet sich damit wieder in der \u201eGefahrenstufe\u201c\n(Orange) des Corona Warn- und Aktionsplans des Landes, weist aber nach wie vor eine\nder niedrigsten Inzidenzen im Land auf. <\/p>\n\n\n\n<p>Die\nlandesweite Inzidenz liegt bei 97,3 und damit nur noch knapp unter 100. <\/p>\n\n\n\n<p>Aktuell bereitet die Stadt Landau nach Angaben von OB Thomas Hirsch ihre Bewerbung als Modellstadt in der Pandemie-Lage vor, allerdings mit bangem Blick auf die steigende Landesinzidenz. Denn: Erreicht die Landesinzidenz an drei Tagen hintereinander den Wert von 100, so w\u00e4ren diese Planungen landesweit wohl vorerst vom Tisch.  Die aktuellen Inzidenzwerte im Land Rheinland-Pfalz finden sich auf <a href=\"https:\/\/corona.rlp.de\/de\/aktuelles\/corona-warn-und-aktionsplan-rlp\">https:\/\/corona.rlp.de\/de\/aktuelles\/corona-warn-und-aktionsplan-rlp<\/a> <\/p>\n\n\n\n<h2 class=\"wp-block-heading\">Freitag (26.03.2021)<\/h2>\n\n\n\n<p>Nach aktuellem Stand (26.03.2021, 10:35 Uhr) haben\nsich seit der gestrigen Meldung <strong>21 <\/strong>weitereF\u00e4lle des Coronavirus (COVID-19) im Landkreis S\u00fcdliche Weinstra\u00dfe\nund der Stadt Landau best\u00e4tigt. Insgesamt wurden <strong>3.898 <\/strong>F\u00e4lle im Zust\u00e4ndigkeitsbereich des Gesundheitsamts S\u00fcdliche\nWeinstra\u00dfe an das Landesuntersuchungsamt \u00fcbermittelt. <strong>3.568<\/strong> Personen sind gesundet*. Insgesamt sind <strong>141<\/strong> Personen verstorben. Den Angeh\u00f6rigen und Hinterbliebenen sprechen\nLandrat Dietmar Seefeldt und Oberb\u00fcrgermeister Thomas Hirsch ihr herzliches\nBeileid aus. <\/p>\n\n\n\n<h4 class=\"wp-block-heading\">Folgende Einrichtungen im Landkreis S\u00fcdliche Weinstra\u00dfe\nund der Stadt Landau sind aktuell neu betroffen:<\/h4>\n\n\n\n<ul><li><strong>Grundschule Offenbach<\/strong><\/li><li>Ein Sch\u00fcler wurde positiv auf SARS-CoV-2 getestet. Der Sch\u00fcler hatte die Schule zum Zeitpunkt des positiven Tests bereits mehrere Tage nicht mehr besucht. Weitere Ma\u00dfnahmen in der Schule sind nicht erforderlich.<\/li><\/ul>\n\n\n\n<ul><li><strong>St. Paulus Stift Herxheim<\/strong><\/li><li>Ein Mitarbeiter wurde positiv auf SARS-CoV-2 getestet. Die weiteren Ermittlungen dauern noch an.<\/li><\/ul>\n\n\n\n<ul><li><strong>Fachklinik Eu\u00dferthal<\/strong><\/li><li>Drei Patienten aus dem Zust\u00e4ndigkeitsbereich anderer Gesundheits\u00e4mter wurden positiv auf SARS-CoV-2 getestet. Diese haben die Einrichtung mittlerweile wieder verlassen und befinden sich in h\u00e4uslicher Quarant\u00e4ne. <\/li><\/ul>\n\n\n\n<ul><li><strong>Naturwissenschaftliches Technikum Dr. K\u00fcnkele, Standort Landau<\/strong><\/li><li>Ein Sch\u00fcler wurde positiv auf SARS-CoV-2 getestet. Im Zust\u00e4ndigkeitsbereich des Gesundheitsamtes S\u00fcdliche Weinstra\u00dfe und Landau wurden sechs Personen als Kontaktperson der Kategorie I eingestuft.<\/li><\/ul>\n\n\n\n<p>Aus Datenschutzgr\u00fcnden wird bei Personenbezeichnungen\nund personenbezogenen Hauptw\u00f6rtern in dieser Meldung die m\u00e4nnliche Form\nverwendet. Entsprechende Begriffe k\u00f6nnen sich auch auf weibliche Personen\nbeziehen. <\/p>\n\n\n\n<ul><li><strong>Verbandsgemeinde Annweiler:<\/strong> 352 Personen (330 davon gesundet, 10 verstorben)<\/li><li><strong>Verbandsgemeinde Bad Bergzabern<\/strong>:587 Personen (547 davon gesundet, 18 verstorben)<\/li><li><strong>Verbandsgemeinde Edenkoben<\/strong>: 547 Personen (496 davon gesundet, 21 verstorben)<\/li><li><strong>Verbandsgemeinde Herxheim: <\/strong>434 Personen (376 davon gesundet, 18 verstorben)<\/li><li><strong>Verbandsgemeinde Landau-Land<\/strong>: 284 Personen (258 davon gesundet, 15 verstorben)<\/li><li><strong>Verbandsgemeinde Maikammer<\/strong>: 158 Personen (146 davon gesundet, 3 verstorben)<\/li><li><strong>Verbandsgemeinde Offenbach<\/strong>: 335 Personen (292 davon gesundet, 23 verstorben)<\/li><li>Hinweis: Eine Person, die den genesenen F\u00e4llen der Verbandsgemeinde Offenbach zugeordnet war, wird seit heute bei den Zahlen der Verbandsgemeinde Landau-Land erfasst. Grund daf\u00fcr ist, dass die Meldeadresse der Person in der Verbandsgemeinde Landau-Land liegt, wie dem Gesundheitsamt nachtr\u00e4glich bekannt wurde.<\/li><li><strong>Stadt Landau<\/strong>: 1.201 Personen (1.123 davon gesundet, 33 verstorben).<\/li><\/ul>\n\n\n\n<h2 class=\"wp-block-heading\">Donnerstag (25.03.2021)<\/h2>\n\n\n\n<p>Nach aktuellem Stand (25.03.2021, 11:11 Uhr) haben\nsich seit der gestrigen Meldung <strong>23 <\/strong>weitereF\u00e4lle des Coronavirus (COVID-19) im Landkreis S\u00fcdliche Weinstra\u00dfe\nund der Stadt Landau best\u00e4tigt. Insgesamt wurden <strong>3.877 <\/strong>F\u00e4lle im Zust\u00e4ndigkeitsbereich des Gesundheitsamts S\u00fcdliche\nWeinstra\u00dfe an das Landesuntersuchungsamt \u00fcbermittelt. <strong>3.555<\/strong> Personen sind gesundet*. Insgesamt sind <strong>141<\/strong> Personen verstorben. Den Angeh\u00f6rigen und Hinterbliebenen sprechen\nLandrat Dietmar Seefeldt und Oberb\u00fcrgermeister Thomas Hirsch ihr herzliches\nBeileid aus. <\/p>\n\n\n\n<h4 class=\"wp-block-heading\">Folgende Einrichtungen im Landkreis S\u00fcdliche Weinstra\u00dfe\nund der Stadt Landau sind aktuell neu betroffen:<\/h4>\n\n\n\n<ul><li><strong>Kath. Kindertageseinrichtung St. Josef, Ramberg<\/strong><\/li><li>Ein Kind wurde positiv auf SARS-CoV-2 getestet. Die weiteren Ermittlungen dauern noch an. <\/li><\/ul>\n\n\n\n<ul><li><strong>Konrad-Adenauer-Realschule plus, Landau<\/strong><\/li><li>Ein Sch\u00fcler wurde positiv auf SARS-CoV-2 getestet. Der Sch\u00fcler hatte die Schule zum Zeitpunkt des positiven Tests bereits mehrere Tage nicht mehr besucht. Weitere Ma\u00dfnahmen in der Schule sind nicht erforderlich.<\/li><\/ul>\n\n\n\n<p>Aus Datenschutzgr\u00fcnden wird bei\nPersonenbezeichnungen und personenbezogenen Hauptw\u00f6rtern in dieser Meldung die\nm\u00e4nnliche Form verwendet. Entsprechende Begriffe k\u00f6nnen sich auch auf weibliche\nPersonen beziehen. <\/p>\n\n\n\n<ul><li><strong>Verbandsgemeinde Annweiler:<\/strong> 350 Personen (330 davon gesundet, 10 verstorben)<\/li><li><strong>Verbandsgemeinde Bad Bergzabern<\/strong>:586 Personen (541 davon gesundet, 18 verstorben)<\/li><li><strong>Verbandsgemeinde Edenkoben<\/strong>: 544 Personen (495 davon gesundet, 21 verstorben)<\/li><li><strong>Verbandsgemeinde Herxheim: <\/strong>429 Personen (374 davon gesundet, 18 verstorben)<\/li><li><strong>Verbandsgemeinde Landau-Land<\/strong>: 283 Personen (257 davon gesundet, 15 verstorben)<\/li><li><strong>Verbandsgemeinde Maikammer<\/strong>: 157 Personen (146 davon gesundet, 3 verstorben)<\/li><li><strong>Verbandsgemeinde Offenbach<\/strong>: 334 Personen (293 davon gesundet, 23 verstorben)<\/li><li>Hinweis: Eine Person, die den genesenen F\u00e4llen der Verbandsgemeinde Offenbach zugeordnet war, wird seit heute bei den Zahlen der Verbandsgemeinde Annweiler erfasst. Grund daf\u00fcr ist, dass die Meldeadresse der Person in der Verbandsgemeinde Annweiler liegt, wie dem Gesundheitsamt nachtr\u00e4glich bekannt wurde.<\/li><li><strong>Stadt Landau<\/strong>: 1.194 Personen (1.119 davon gesundet, 33 verstorben).<\/li><\/ul>\n\n\n\n<h2 class=\"wp-block-heading\">Tagesaktuelle\nInzidenz der Stadt Landau bei 34,1<\/h2>\n\n\n\n<p>Die 7-Tages-Inzidenz der Stadt Landau liegt der Mitteilung des Landesuntersuchungsamts Rheinland-Pfalz zufolge bei 34,1 und ist damit im Vergleich zum Vortag noch einmal deutlich gesunken. Damit befindet sich die Stadt Landau wieder in der \u201eWarnstufe\u201c (Gelb) des Corona Warn- und Aktionsplans des Landes und weist eine der niedrigsten Inzidenzen im Land auf. &nbsp;<\/p>\n\n\n\n<p>Die\nlandesweite Inzidenz liegt heute bei 84,1. <\/p>\n\n\n\n<p>\u201eDamit bleibt die Situation in unserer Stadt weiter unver\u00e4ndert, etwa mit ge\u00f6ffneter Au\u00dfengastronomie f\u00fcr G\u00e4ste mit negativem Corona-Schnelltest\u201c, sagt Oberb\u00fcrgermeister Thomas Hirsch. \u201eTrotzdem \u2013 und obwohl die bundesweite \u00abOsterruhe\u00bb vom Tisch ist \u2013 erreichen unsere Verwaltung mehr und mehr Anfragen zu den geltenden Regeln, zu Testen und Impfen, zu Schulen und Kitas und vieles mehr. Wir versuchen, auf Bundes- und L\u00e4nderebene noch offene Fragen f\u00fcr die Menschen in der Stadt Landau so schnell wie m\u00f6glich zu kl\u00e4ren.\u201c &nbsp; Die aktuellen Inzidenzwerte im Land Rheinland-Pfalz finden sich auf <a href=\"https:\/\/corona.rlp.de\/de\/aktuelles\/corona-warn-und-aktionsplan-rlp\">https:\/\/corona.rlp.de\/de\/aktuelles\/corona-warn-und-aktionsplan-rlp<\/a>. <\/p>\n\n\n\n<h2 class=\"wp-block-heading\">Mittwoch (24.03.2021)<\/h2>\n\n\n\n<p>Nach aktuellem Stand (24.03.2021, 11:00 Uhr) haben\nsich seit der gestrigen Meldung <strong>13 <\/strong>weitereF\u00e4lle des Coronavirus (COVID-19) im Landkreis S\u00fcdliche Weinstra\u00dfe\nund der Stadt Landau best\u00e4tigt. Insgesamt wurden <strong>3.854 <\/strong>F\u00e4lle im Zust\u00e4ndigkeitsbereich des Gesundheitsamts S\u00fcdliche\nWeinstra\u00dfe an das Landesuntersuchungsamt \u00fcbermittelt. <strong>3.538<\/strong> Personen sind gesundet*. Insgesamt sind <strong>141<\/strong> Personen verstorben. Den Angeh\u00f6rigen und Hinterbliebenen sprechen\nLandrat Dietmar Seefeldt und Oberb\u00fcrgermeister Thomas Hirsch ihr herzliches\nBeileid aus. <\/p>\n\n\n\n<h4 class=\"wp-block-heading\">Folgende Einrichtungen im Landkreis S\u00fcdliche Weinstra\u00dfe\nund der Stadt Landau sind aktuell neu betroffen:<\/h4>\n\n\n\n<ul><li><strong>Katholischer Kindergarten St. Laurentius, Bornheim<\/strong><\/li><li>Ein Kind wurde in der vergangenen Woche positiv auf SARS-CoV-2 getestet. <\/li><li>Da sich alle Kontaktpersonen bereits in h\u00e4uslicher Absonderung befanden, war die Einleitung weiterer Kontaktnachverfolgungsma\u00dfnahmen nicht erforderlich. <\/li><\/ul>\n\n\n\n<ul><li><strong>Gebr\u00fcder-Ullrich-Realschule plus, Maikammer-Hambach<\/strong><\/li><li>Ein Sch\u00fcler aus dem Zust\u00e4ndigkeitsbereich eines anderen Gesundheitsamtes wurde positiv auf SARS-CoV-2 getestet. Die weiteren Ermittlungen dauern noch an.<\/li><\/ul>\n\n\n\n<ul><li><strong>St. Paulus Stift Herxheim<\/strong><\/li><li>Zwei Bewohner wurden positiv auf SARS-CoV-2 getestet. Die weiteren Ermittlungen dauern noch an. <\/li><\/ul>\n\n\n\n<p>Aus Datenschutzgr\u00fcnden wird bei\nPersonenbezeichnungen und personenbezogenen Hauptw\u00f6rtern in dieser Meldung die\nm\u00e4nnliche Form verwendet. Entsprechende Begriffe k\u00f6nnen sich auch auf weibliche\nPersonen beziehen. <\/p>\n\n\n\n<ul><li><strong>Verbandsgemeinde Annweiler:<\/strong> 345 Personen (328 davon gesundet, 10 verstorben)<\/li><li><strong>Verbandsgemeinde Bad Bergzabern<\/strong>:585 Personen (536 davon gesundet, 18 verstorben)<\/li><li><strong>Verbandsgemeinde Edenkoben<\/strong>: 539 Personen (495 davon gesundet, 21 verstorben)<\/li><li><strong>Verbandsgemeinde Herxheim: <\/strong>424 Personen (370 davon gesundet, 18 verstorben)<\/li><li><strong>Verbandsgemeinde Landau-Land<\/strong>: 282 Personen (256 davon gesundet, 15 verstorben)<\/li><li><strong>Verbandsgemeinde Maikammer<\/strong>: 157 Personen (146 davon gesundet, 3 verstorben)<\/li><li><strong>Verbandsgemeinde Offenbach<\/strong>: 332 Personen (294 davon gesundet, 23 verstorben)<\/li><li><strong>Stadt Landau<\/strong>: 1.190 Personen (1.113 davon gesundet, 33 verstorben).<\/li><\/ul>\n\n\n\n<h2 class=\"wp-block-heading\">Tagesaktuelle\nInzidenz der Stadt Landau bei 42,7 <\/h2>\n\n\n\n<p>Die 7-Tages-Inzidenz der Stadt Landau liegt der Mitteilung des Landesuntersuchungsamts Rheinland-Pfalz zufolge bei 42,7 und ist damit im Vergleich zum Vortag minimal gestiegen. Damit befindet sich die Stadt Landau in der \u201eGefahrenstufe\u201c (Orange) des Corona Warn- und Aktionsplans des Landes und weist weiter eine im Landesvergleich niedrige Inzidenz auf. <\/p>\n\n\n\n<p>Die\nlandesweite Inzidenz liegt heute bei 79,8. <\/p>\n\n\n\n<p>Die aktuellen Inzidenzwerte im Land Rheinland-Pfalz finden sich auf <a href=\"https:\/\/corona.rlp.de\/de\/aktuelles\/corona-warn-und-aktionsplan-rlp\">https:\/\/corona.rlp.de\/de\/aktuelles\/corona-warn-und-aktionsplan-rlp<\/a>. <\/p>\n\n\n\n<p>Wer in Landau\neine Corona-Schnelltest machen m\u00f6chte, kann das beispielsweise in der\nTeststation in der Jugendstil-Festhalle tun. Hier sind freiwillige Helferinnen\nund Helfer, Ehrenamtliche der DLRG Landau und der DLRG Neustadt sowie\nBedienstete der Stadtholding Landau in der Pfalz GmbH im Einsatz. <\/p>\n\n\n\n<p>Die Teststation ist montags bis samstags von 10 bis 19:30 Uhr sowie sonn- und feiertags von 10 bis 17 Uhr ge\u00f6ffnet. Die Tests sind kostenlos; eine Voranmeldung ist nicht erforderlich, auf der Internetseite <a href=\"http:\/\/www.corona-test-landau.de\">www.corona-test-landau.de<\/a> aber m\u00f6glich.<\/p>\n\n\n\n<h2 class=\"wp-block-heading\">Dienstag (23.03.2021)<\/h2>\n\n\n\n<p>Nach aktuellem Stand (23.03.2021, 11:05 Uhr) haben\nsich seit der gestrigen Meldung <strong>9 <\/strong>weitereF\u00e4lle des Coronavirus (COVID-19) im Landkreis S\u00fcdliche Weinstra\u00dfe\nund der Stadt Landau best\u00e4tigt. Insgesamt wurden <strong>3.841 <\/strong>F\u00e4lle im Zust\u00e4ndigkeitsbereich des Gesundheitsamts S\u00fcdliche\nWeinstra\u00dfe an das Landesuntersuchungsamt \u00fcbermittelt. <strong>3.527<\/strong> Personen sind gesundet*. Insgesamt sind <strong>141<\/strong> Personen verstorben. Den Angeh\u00f6rigen und Hinterbliebenen sprechen\nLandrat Dietmar Seefeldt und Oberb\u00fcrgermeister Thomas Hirsch ihr herzliches\nBeileid aus. <\/p>\n\n\n\n<h4 class=\"wp-block-heading\">Folgende Einrichtungen im Landkreis S\u00fcdliche Weinstra\u00dfe\nund der Stadt Landau sind aktuell neu betroffen:<\/h4>\n\n\n\n<ul><li><strong>Naturwissenschaftliches Technikum Dr. K\u00fcnkele, Standort Landau<\/strong><\/li><li>Zwei Sch\u00fcler aus dem Zust\u00e4ndigkeitsbereich eines anderen Gesundheitsamtes wurden positiv auf SARS-CoV-2 getestet. Im Zust\u00e4ndigkeitsbereich des Gesundheitsamtes S\u00fcdliche Weinstra\u00dfe und Landau wurde eine Person als Kontaktperson der Kategorie I eingestuft.<\/li><\/ul>\n\n\n\n<ul><li><strong>Bethesda Landau<\/strong><\/li><li>Eine betreute Person wurde positiv auf SARS-CoV-2 getestet. Die weiteren Ermittlungen dauern noch an. <\/li><\/ul>\n\n\n\n<ul><li><strong>Fachklinik Eu\u00dferthal <\/strong><\/li><li>F\u00fcnf Patienten aus dem Zust\u00e4ndigkeitsbereich anderer Gesundheits\u00e4mter wurden positiv auf SARS-CoV-2 getestet. Diese haben die Einrichtung mittlerweile wieder verlassen und befinden sich in h\u00e4uslicher Quarant\u00e4ne. <\/li><\/ul>\n\n\n\n<ul><li><strong>BioMed-Klinik, Bad Bergzabern<\/strong><\/li><li>Ein Praktikant ohne Patientenkontakt wurde positiv auf SARS-CoV-2 getestet. Die weiteren Ermittlungen dauern noch an. <\/li><\/ul>\n\n\n\n<p>Aus Datenschutzgr\u00fcnden wird bei\nPersonenbezeichnungen und personenbezogenen Hauptw\u00f6rtern in dieser Meldung die\nm\u00e4nnliche Form verwendet. Entsprechende Begriffe k\u00f6nnen sich auch auf weibliche\nPersonen beziehen. <\/p>\n\n\n\n<ul><li><strong>Verbandsgemeinde Annweiler:<\/strong> 344 Personen (328 davon gesundet, 10 verstorben)<\/li><li><strong>Verbandsgemeinde Bad Bergzabern<\/strong>:585 Personen (536 davon gesundet, 18 verstorben)<\/li><li><strong>Verbandsgemeinde Edenkoben<\/strong>: 536 Personen (492 davon gesundet, 21 verstorben)<\/li><li><strong>Verbandsgemeinde Herxheim: <\/strong>419 Personen (369 davon gesundet, 18 verstorben)<\/li><li><strong>Verbandsgemeinde Landau-Land<\/strong>: 281 Personen (255 davon gesundet, 15 verstorben)<\/li><li><strong>Verbandsgemeinde Maikammer<\/strong>: 156 Personen (146 davon gesundet, 3 verstorben)<\/li><li><strong>Verbandsgemeinde Offenbach<\/strong>: 331 Personen (294 davon gesundet, 23 verstorben)<\/li><li><strong>Stadt Landau<\/strong>: 1.189 Personen (1.107 davon gesundet, 33 verstorben).<\/li><\/ul>\n\n\n\n<h2 class=\"wp-block-heading\">Tagesaktuelle Inzidenz der Stadt Landau bei 40,5 \u2013 Nachfrage f\u00fcr Schnelltests steigt<\/h2>\n\n\n\n<div class=\"wp-block-image\"><figure class=\"aligncenter\"><img decoding=\"async\" loading=\"lazy\" width=\"800\" height=\"533\" src=\"https:\/\/speyer24news.com\/wp-content\/uploads\/2021\/03\/22-03-2021-Info-Inzidenz.jpg\" alt=\"\" class=\"wp-image-34565\" srcset=\"https:\/\/speyer24news.com\/wp-content\/uploads\/2021\/03\/22-03-2021-Info-Inzidenz.jpg 800w, https:\/\/speyer24news.com\/wp-content\/uploads\/2021\/03\/22-03-2021-Info-Inzidenz-300x200.jpg 300w, https:\/\/speyer24news.com\/wp-content\/uploads\/2021\/03\/22-03-2021-Info-Inzidenz-768x512.jpg 768w\" sizes=\"(max-width: 800px) 100vw, 800px\" \/><figcaption> Die Nachfrage nach Schnelltests steigt.<br><em>Foto: Stadt Landau<\/em><\/figcaption><\/figure><\/div>\n\n\n\n<p>Die 7-Tages-Inzidenz der Stadt Landau liegt der Mitteilung des Landesuntersuchungsamts Rheinland-Pfalz zufolge bei 40,5 und ist damit im Vergleich zum Vortag genau gleich geblieben. Damit befindet sich die Stadt Landau in der \u201eGefahrenstufe\u201c (Orange) des Corona Warn- und Aktionsplans des Landes. Die Stadt Landau weist weiter eine im Landesvergleich niedrige Inzidenzen auf. Die landesweite Inzidenz liegt heute bei 82,2. <\/p>\n\n\n\n<p>Dazu Landaus\nOB Thomas Hirsch: \u201eSolange wir in Landau eine vergleichsweise niedrige Inzidenz\nhaben, er\u00f6ffnet uns ein umfassendes Testen zus\u00e4tzliche M\u00f6glichkeiten f\u00fcr das\n\u00f6ffentliche Leben. Das wird teilweise kritisch diskutiert, aber ich bin der\nMeinung, dass wir m\u00f6glichst viel m\u00f6glich machen sollten, um uns mit mehr\nSicherheit wieder mehr Begegnungen erlauben zu k\u00f6nnen.\u201c <\/p>\n\n\n\n<p>Seit heute\nist die Teststation in der Landauer Jugendstil-Festhalle montags bis samstags\nvon 10 bis 19:30 Uhr sowie sonn- und feiertags von 10 bis 17 Uhr ge\u00f6ffnet. Mittlerweile\nwurden hier bereits knapp 2.000 Schnelltests genommen, davon alleine 500 am zur\u00fcckliegenden\nFreitag, dem bislang meistfrequentierten Tag. <\/p>\n\n\n\n<p>Das\nkostenlose Testangebot in der Jugendstil-Festhalle kann ohne Voranmeldung\ngenutzt werden. Zus\u00e4tzlich k\u00f6nnen Testtermine ab sofort auch verbindlich\nreserviert werden, um eine m\u00f6glichst kurze Bearbeitung in einem festen\nZeitfenster zu gew\u00e4hrleisten. Informationen und die M\u00f6glichkeit der\nTerminbuchung gibt es auf der Internetseite <a href=\"http:\/\/www.corona-test-landau.de\">www.corona-test-landau.de<\/a>.<\/p>\n\n\n\n<p>Die aktuellen\nInzidenzwerte im Land Rheinland-Pfalz finden sich auf <a href=\"https:\/\/corona.rlp.de\/de\/aktuelles\/corona-warn-und-aktionsplan-rlp\">https:\/\/corona.rlp.de\/de\/aktuelles\/corona-warn-und-aktionsplan-rlp<\/a>. <\/p>\n\n\n\n<h2 class=\"wp-block-heading\">Montag (22.03.2021)<\/h2>\n\n\n\n<p>Nach aktuellem Stand (22.03.2021, 11:00 Uhr) haben\nsich seit der letzten Meldung am Freitag,\n19.03.2021, <strong>26 <\/strong>weitereF\u00e4lle des Coronavirus (COVID-19) im\nLandkreis S\u00fcdliche Weinstra\u00dfe und der Stadt Landau best\u00e4tigt. Insgesamt wurden <strong>3.832 <\/strong>F\u00e4lle im Zust\u00e4ndigkeitsbereich\ndes Gesundheitsamts S\u00fcdliche Weinstra\u00dfe an das Landesuntersuchungsamt\n\u00fcbermittelt. <strong>3.507<\/strong> Personen sind\ngesundet*. Insgesamt sind <strong>141<\/strong>\nPersonen verstorben. Den Angeh\u00f6rigen und Hinterbliebenen sprechen Landrat\nDietmar Seefeldt und Oberb\u00fcrgermeister Thomas Hirsch ihr herzliches Beileid\naus. <\/p>\n\n\n\n<h4 class=\"wp-block-heading\">Folgende Einrichtungen im Landkreis S\u00fcdliche Weinstra\u00dfe\nund der Stadt Landau sind aktuell neu betroffen:<\/h4>\n\n\n\n<ul><li><strong>Katholische Kindertageseinrichtung St. Josef, Offenbach<\/strong><\/li><li>Zwei Kinder wurden positiv auf SARS-CoV-2 getestet. Eines der Kinder hatte die Kita zum Zeitpunkt des positiven Tests bereits mehrere Tage nicht mehr besucht. Im Zust\u00e4ndigkeitsbereich des Gesundheitsamtes S\u00fcdliche Weinstra\u00dfe und Landau wurden 11 Personen als Kontaktpersonen der Kategorie I eingestuft.<\/li><\/ul>\n\n\n\n<ul><li><strong>St. Paulus Stift Herxheim<\/strong><\/li><li>Ein Mitarbeiter und ein Bewohner wurden positiv auf SARS-CoV-2 getestet. Neun Personen wurden als Kontaktpersonen der Kategorie I eingestuft.<\/li><\/ul>\n\n\n\n<ul><li><strong>Fachklinik Eu\u00dferthal <\/strong><\/li><li>Drei Patienten aus dem Zust\u00e4ndigkeitsbereich anderer Gesundheits\u00e4mter wurden positiv auf SARS-CoV-2 getestet. Diese haben die Einrichtung mittlerweile wieder verlassen und begeben sich in h\u00e4usliche Quarant\u00e4ne. <\/li><\/ul>\n\n\n\n<p>Aus Datenschutzgr\u00fcnden wird bei\nPersonenbezeichnungen und personenbezogenen Hauptw\u00f6rtern in dieser Meldung die\nm\u00e4nnliche Form verwendet. Entsprechende Begriffe k\u00f6nnen sich auch auf weibliche\nPersonen beziehen. <\/p>\n\n\n\n<ul><li><strong>Verbandsgemeinde Annweiler:<\/strong> 344 Personen (320 davon gesundet, 10 verstorben)<\/li><li><strong>Verbandsgemeinde Bad Bergzabern<\/strong>:585 Personen (535 davon gesundet, 18 verstorben)<\/li><li><strong>Verbandsgemeinde Edenkoben<\/strong>: 535 Personen (489 davon gesundet, 21 verstorben)<\/li><li><strong>Verbandsgemeinde Herxheim: <\/strong>418 Personen (368 davon gesundet, 18 verstorben)<\/li><li><strong>Verbandsgemeinde Landau-Land<\/strong>: 280 Personen (253 davon gesundet, 15 verstorben)<\/li><li><strong>Verbandsgemeinde Maikammer<\/strong>: 153 Personen (145 davon gesundet, 3 verstorben)<\/li><li><strong>Verbandsgemeinde Offenbach<\/strong>: 330 Personen (294 davon gesundet, 23 verstorben)<\/li><li><strong>Stadt Landau<\/strong>: 1.187 Personen (1.103 davon gesundet, 33 verstorben).<\/li><\/ul>\n\n\n\n<p>*Eine Person gilt als gesundet und wird aus\nder 14-t\u00e4gigen h\u00e4uslichen Quarant\u00e4ne entlassen, wenn sie 48 Stunden (an Tag 13\nund 14 der h\u00e4uslichen Quarant\u00e4ne) symptomfrei war. Unter gewissen\nVoraussetzungen muss am Ende der Isolierung eine erneute PCR- beziehungsweise\nPOC-Untersuchung erfolgen.<\/p>\n\n\n\n<p>Informationen zum Thema Coronavirus finden Sie auf der Homepage des Landkreises: <a href=\"http:\/\/www.suedliche-weinstrasse.de\">www.suedliche-weinstrasse.de<\/a>. Die aktuellen 7-Tage-Inzidenzwerte<strong> <\/strong>sind unter <a href=\"http:\/\/www.corona.rlp.de\/de\/aktuelles\/corona-warn-und-aktionsplan-rlp\/\">www.corona.rlp.de\/de\/aktuelles\/corona-warn-und-aktionsplan-rlp\/<\/a> zu finden.<\/p>\n\n\n\n<p><em>Gemeinsame Pressemitteilung der Kreisverwaltung S\u00fcdliche Weinstra\u00dfe und der Stadtverwaltung Landau<br>28.03.2021<\/em><\/p>\n","protected":false},"excerpt":{"rendered":"<div class=\"mh-excerpt\"><p>In den Osterferien: Stadt Landau erneuert innerst\u00e4dtische Kreuzungen Die Stadt Landau nutzt die anstehenden Osterferien, um die Asphaltdeckschichten an den Ampelkreuzungen Nordring\/Hindenburgstra\u00dfe\/Marktstra\u00dfe und Nordring\/Neustadter Stra\u00dfe zu erneuern. Die Arbeiten beginnen am Montag, 29. M\u00e4rz, und <a class=\"mh-excerpt-more\" href=\"https:\/\/speyer24news.com\/?p=34564\" title=\"Landau, Kreis Landau (LD) und Landkreis S\u00fcdliche Weinstra\u00dfe (S\u00dcW)\">[&#8230;]<\/a><\/p>\n<\/div>","protected":false},"author":3,"featured_media":33151,"comment_status":"open","ping_status":"open","sticky":false,"template":"","format":"standard","meta":{"_monsterinsights_skip_tracking":false,"_monsterinsights_sitenote_active":false,"_monsterinsights_sitenote_note":"","_monsterinsights_sitenote_category":0,"footnotes":""},"categories":[675,1622],"tags":[10403,10404,10916,10288,10039,10924,6913,7076,10921,7400,5904,9634,9545,9889,5801,7251,7399,6681,9394,10917,10913,10688,10911,58,2962,2865,10914,10923,10912,4957,5135,359,10922,10920,4736,10915,10310,10919,2868,10918],"aioseo_notices":[],"amp_enabled":true,"_links":{"self":[{"href":"https:\/\/speyer24news.com\/index.php?rest_route=\/wp\/v2\/posts\/34564"}],"collection":[{"href":"https:\/\/speyer24news.com\/index.php?rest_route=\/wp\/v2\/posts"}],"about":[{"href":"https:\/\/speyer24news.com\/index.php?rest_route=\/wp\/v2\/types\/post"}],"author":[{"embeddable":true,"href":"https:\/\/speyer24news.com\/index.php?rest_route=\/wp\/v2\/users\/3"}],"replies":[{"embeddable":true,"href":"https:\/\/speyer24news.com\/index.php?rest_route=%2Fwp%2Fv2%2Fcomments&post=34564"}],"version-history":[{"count":6,"href":"https:\/\/speyer24news.com\/index.php?rest_route=\/wp\/v2\/posts\/34564\/revisions"}],"predecessor-version":[{"id":34582,"href":"https:\/\/speyer24news.com\/index.php?rest_route=\/wp\/v2\/posts\/34564\/revisions\/34582"}],"wp:featuredmedia":[{"embeddable":true,"href":"https:\/\/speyer24news.com\/index.php?rest_route=\/wp\/v2\/media\/33151"}],"wp:attachment":[{"href":"https:\/\/speyer24news.com\/index.php?rest_route=%2Fwp%2Fv2%2Fmedia&parent=34564"}],"wp:term":[{"taxonomy":"category","embeddable":true,"href":"https:\/\/speyer24news.com\/index.php?rest_route=%2Fwp%2Fv2%2Fcategories&post=34564"},{"taxonomy":"post_tag","embeddable":true,"href":"https:\/\/speyer24news.com\/index.php?rest_route=%2Fwp%2Fv2%2Ftags&post=34564"}],"curies":[{"name":"wp","href":"https:\/\/api.w.org\/{rel}","templated":true}]}}