{"id":34621,"date":"2021-03-29T09:59:04","date_gmt":"2021-03-29T08:59:04","guid":{"rendered":"https:\/\/speyer24news.com\/?p=34621"},"modified":"2021-03-29T09:59:05","modified_gmt":"2021-03-29T08:59:05","slug":"mannheim-16","status":"publish","type":"post","link":"https:\/\/speyer24news.com\/?p=34621","title":{"rendered":"Mannheim"},"content":{"rendered":"<style type=\"text\/css\">\r\n\t.ads_top_disp{}\r\n\t.ads_top_corner_disp{ float:left; margin:0px 10px 10px 0px; }\r\n\t.ads_first_p_disp{}\r\n\t.ads_bottom_disp{}\r\n\t<\/style>\n<h2 class=\"wp-block-heading\">Special Olympics Baden-W\u00fcrttemberg verschiebt Landesspiele<\/h2>\n\n\n\n<div class=\"wp-block-image\"><figure class=\"aligncenter\"><img decoding=\"async\" loading=\"lazy\" width=\"800\" height=\"533\" src=\"https:\/\/speyer24news.com\/wp-content\/uploads\/2021\/03\/Special-Olympics-Landes-Sommerspiele-Symbolbild.jpg\" alt=\"\" class=\"wp-image-34629\" srcset=\"https:\/\/speyer24news.com\/wp-content\/uploads\/2021\/03\/Special-Olympics-Landes-Sommerspiele-Symbolbild.jpg 800w, https:\/\/speyer24news.com\/wp-content\/uploads\/2021\/03\/Special-Olympics-Landes-Sommerspiele-Symbolbild-300x200.jpg 300w, https:\/\/speyer24news.com\/wp-content\/uploads\/2021\/03\/Special-Olympics-Landes-Sommerspiele-Symbolbild-768x512.jpg 768w\" sizes=\"(max-width: 800px) 100vw, 800px\" \/><\/figure><\/div>\n\n\n\n<p>Die Unw\u00e4gbarkeiten der Corona-Pandemie und das wellenartige Infektionsgeschehen machen nun auch den Landessommerspielen von Special Olympics Baden-W\u00fcrttemberg (SOBW) einen dicken Strich durch die Rechnung. Die f\u00fcr den 15. bis 18. Juni in Mannheim geplanten Spiele von Athletinnen und Athleten mit geistiger und mehrfacher Behinderung werden zu diesem Zeitpunkt nicht stattfinden, das Organisationskomitee der Spiele (OK) will jetzt zusammen mit der Ausrichterstadt Mannheim nach einem neuen Termin im kommenden Jahr suchen. Diese Entscheidung hat der Vorstand von SOBW heute schweren Herzens, jedoch einhellig nach eingehenden Beratungen mit dem OK, weiteren Gremien von SOBW und Verantwortlichen der Stadt Mannheim getroffen.<\/p>\n\n\n\n<p>\u201eDer Gesundheitsschutz f\u00fcr unsere Sportlerinnen und Sportler sowie alle Beteiligte ist f\u00fcr uns oberstes Gebot, deshalb war es in der weiterhin dynamischen Lage unumg\u00e4nglich, jetzt den sicher nicht einfachen Schritt der Verschiebung zu gehen\u201c, betont SOBW-Pr\u00e4sident Mathias Tr\u00f6ndle. Dar\u00fcber hinaus widerspr\u00e4che ein abgespecktes Programm mit nur einigen Wettbewerben in Sportst\u00e4tten ohne Zuschauer \u201eals Konsequenz der im Juni sicher noch notwendigen Abstands- und Hygieneregeln\u201c dem Geist von Special Olympics. Tr\u00f6ndle: \u201eUnser Ziel, die Freude unserer Athletinnen und Athleten an ihrem Sport und ihren Leistungen auf die Menschen vor Ort zu \u00fcbertragen und sie f\u00fcr unseren Weg der Inklusion zu begeistern, h\u00e4tten wir in leeren Hallen nicht erreichen k\u00f6nnen.\u201c<\/p>\n\n\n\n<p>Die umfangreiche professionelle Vorarbeit zur Ausrichtung der Spiele war aber keineswegs umsonst: \u201eWir danken der Stadt Mannheim, den ehrenamtlichen Koordinatoren von SOBW und unseren Sponsoren f\u00fcr die gro\u00dfartige Unterst\u00fctzung und nehmen alles, was erarbeitet wurde, zum neuen Termin mit\u201c, unterstreicht OK-Vorsitzende und SOBW-Vizepr\u00e4sidentin Beate Slavetinsky.<\/p>\n\n\n\n<p>Mannheims Sportb\u00fcrgermeister Ralf Eisenhauer verspricht: \u201eAufgeschoben ist nicht aufgehoben. Und auch wenn die Landes-Sommerspiele dieses Jahr leider nicht stattfinden k\u00f6nnen haben sie bereits jetzt nachhaltig den inklusiven Gedanken in unserer Stadt gepr\u00e4gt und gef\u00f6rdert. Eine touristische Brosch\u00fcre \u00fcber Mannheim in leichter Sprache wird wie angek\u00fcndigt im Sommer erscheinen. Erste inklusive Sportgruppen und Mannschaften in Mannheimer Sportvereinen sind in Planung und auch baulich wurden Anpassungen an den Sportanlagen vorangetrieben, um die Barrierefreiheit zu erh\u00f6hen.\u201c<\/p>\n\n\n\n<h4 class=\"wp-block-heading\">\u00dcber Special Olympics Baden-W\u00fcrttemberg:<\/h4>\n\n\n\n<p>Special Olympics Deutschland ist die deutsche Organisation der weltweit gr\u00f6\u00dften, vom IOC offiziell anerkannten Sportbewegung f\u00fcr Menschen mit geistiger und mehrfacher Behinderung.<br> Im Mittelpunkt der Arbeit des Landesverbandes Special Olympics Baden-W\u00fcrttemberg (SOBW) mit Sitz in Karlsruhe steht die sportliche und gesundheitliche F\u00f6rderung von Menschen mit geistiger Behinderung. SOBW sorgt f\u00fcr ein ganzj\u00e4hriges Sportangebot f\u00fcr rund 4.500 Athletinnen und Athleten im Land. Es gibt Trainings- und Wettbewerbsm\u00f6glichkeiten in \u00fcber 20 verschiedenen Sportarten sowohl im Einzel- als auch im Mannschaftssport, in fast allen Sportarten sogar \u201eUnified\u201c, das hei\u00dft gemeinsam mit Menschen ohne Behinderung.<\/p>\n\n\n\n<p><em>Text: Stadt Mannheim Foto: Special Olympics Baden-W\u00fcrtemberg \/ Sattler<br>29.03.2021<\/em><\/p>\n\n\n\n<h2 class=\"wp-block-heading\">Umfrage zu Inklusion und Barrierefreiheit in Mannheim<\/h2>\n\n\n\n<div class=\"wp-block-image\"><figure class=\"aligncenter\"><img decoding=\"async\" loading=\"lazy\" width=\"600\" height=\"600\" src=\"https:\/\/speyer24news.com\/wp-content\/uploads\/2021\/03\/SymbolbildInklusionPiktogrammequadratisch.jpg\" alt=\"\" class=\"wp-image-34628\" srcset=\"https:\/\/speyer24news.com\/wp-content\/uploads\/2021\/03\/SymbolbildInklusionPiktogrammequadratisch.jpg 600w, https:\/\/speyer24news.com\/wp-content\/uploads\/2021\/03\/SymbolbildInklusionPiktogrammequadratisch-150x150.jpg 150w, https:\/\/speyer24news.com\/wp-content\/uploads\/2021\/03\/SymbolbildInklusionPiktogrammequadratisch-300x300.jpg 300w\" sizes=\"(max-width: 600px) 100vw, 600px\" \/><\/figure><\/div>\n\n\n\n<p>Im Rahmen des B\u00fcrgerbeteiligungsprozesses findet aktuell eine Online-Umfrage zu den Themen Inklusion und Barrierefreiheit statt. Der Fachbereich Demokratie und Strategie l\u00e4dt alle B\u00fcrgerinnen und B\u00fcrger der Stadt Mannheim ein, sich an der Umfrage zu beteiligen. \u201eM\u00f6chten Sie auch in einer inklusiven Stadt leben? Einer Stadt, in der alle Menschen selbstbestimmt am gesellschaftlichen Leben teilhaben k\u00f6nnen?\u201c Diese Fragestellung dient als Basis f\u00fcr die Umfrage.<\/p>\n\n\n\n<p>Mannheim hat sich auf den Weg gemacht: In den kommenden Monaten werden Vertretende der Verwaltung gemeinsam mit Interessierten aus der B\u00fcrgerschaft, Vereinen, Initiativen und Verb\u00e4nden sowie aus der Politik ein \u201eHandlungskonzept Inklusion und Barrierefreiheit\u201c erarbeiten. Das geplante Handlungskonzept soll Mannheim auf dem Weg zur inklusiven Stadt voranbringen und ist ein Baustein zur Umsetzung des Leitbildes \u201eMannheim 2030\u201c.<\/p>\n\n\n\n<p>Mit der Umfrage sollen erste Hinweise f\u00fcr den breit angelegten Beteiligungsprozess gesammelt werden. Die <strong>Teilnahme ist bis zum 14. April<\/strong> m\u00f6glich und erfolgt anonym. Dieser Link f\u00fchrt zur Umfrage: <a href=\"https:\/\/www.mannheim-gemeinsam-gestalten.de\/node\/3841\">https:\/\/www.mannheim-gemeinsam-gestalten.de\/node\/3841<\/a><\/p>\n\n\n\n<p>Die Beantwortung der Fragen dauert rund zehn Minuten, und die Ergebnisse der Umfrage werden in den B\u00fcrgerbeteiligungsprozess eingebunden. Man kann sie ab Ende April auf dem Beteiligungsportal www.mannheim-gemeinsam-gestalten.de finden. Zu den Beteiligungsangeboten wird es auf dem Beteiligungsportal rechtzeitig Informationen geben.<\/p>\n\n\n\n<p>Fragen dazu beantwortet Ursula Frenz, Beauftragte f\u00fcr die Belange von Menschen mit Behinderungen beim Fachbereich Demokratie und Strategie der Stadt Mannheim. (Mail: <a href=\"ursula.frenz@mannheim.de\">ursula.frenz@mannheim.de<\/a>, Telefon 0621\/293-2005). Weitere Ansprechpartnerin ist Ruth Kupper von der Koordinierungsstelle B\u00fcrgerbeteiligung (Mail: <a href=\"ruth.kupper@mannheim.de\">ruth.kupper@mannheim.de<\/a> Telefon: 0621\/293-9366).<\/p>\n\n\n\n<p>Ausf\u00fchrliche Informationen rund um den Beteiligungsprozess finden Interessierte unter <a href=\"http:\/\/www.mannheim-gemeinsam-gestalten.de\/dialoge\/handlungskonzept-inklusion-und-barrierefreiheit\">www.mannheim-gemeinsam-gestalten.de\/dialoge\/handlungskonzept-inklusion-und-barrierefreiheit<\/a><\/p>\n\n\n\n<p><em>Stadt Mannheim<br>29.03.2021<\/em><\/p>\n\n\n\n<h2 class=\"wp-block-heading\">Sch\u00fcler\/innenkonferenz zu Klima und Umweltschutz Mannheimer Sch\u00fcler\/innen tauschen Ideen \u00fcber Klima- und Umweltschutz aus<\/h2>\n\n\n\n<figure class=\"wp-block-image\"><img decoding=\"async\" loading=\"lazy\" width=\"800\" height=\"401\" src=\"https:\/\/speyer24news.com\/wp-content\/uploads\/2021\/03\/k1-2.jpg\" alt=\"\" class=\"wp-image-34626\" srcset=\"https:\/\/speyer24news.com\/wp-content\/uploads\/2021\/03\/k1-2.jpg 800w, https:\/\/speyer24news.com\/wp-content\/uploads\/2021\/03\/k1-2-300x150.jpg 300w, https:\/\/speyer24news.com\/wp-content\/uploads\/2021\/03\/k1-2-768x385.jpg 768w\" sizes=\"(max-width: 800px) 100vw, 800px\" \/><\/figure>\n\n\n\n<p>Auf Einladung des 68DEINS! Kinder- und Jugendb\u00fcros haben sich am Mittwoch, 24. M\u00e4rz, 32 Sch\u00fcler\/innen verschiedener weiterf\u00fchrender Schulen und einzelner Grundschulen in Mannheim bei einer Online-Zukunftswerkstatt \u00fcber Klima- und Umweltschutz an Mannheimer Schulen ausgetauscht und eigene Ideen und Forderungen zur Verbesserung formuliert. An der Veranstaltung haben auch die Umweltb\u00fcrgermeisterin Prof. Dr. Diana Pretzell, Bildungsb\u00fcrgermeister Dirk Grunert sowie Mitarbeiter\/innen der Abteilung Klimaschutz und der Klimaschutzagentur Mannheim teilgenommen sowie Vertreter*innen der Organisation \u201eFridays for Future\u201c und des Mannheimer Jugendbeirats.<\/p>\n\n\n\n<p>\u201eIch bin begeistert \u00fcber die von euch entwickelten Vorschl\u00e4ge zum Thema Umwelt- und Klimaschutz. Nun m\u00fcssen wir schauen, wie wir sie in unseren Klimaschutzaktionsplan und andere Ma\u00dfnahmen gut einbinden\u201c, richtete sich Umweltb\u00fcrgermeisterin Prof. Dr. Diana Pretzell an die Jugendlichen.Und Jugendb\u00fcrgermeister Dirk Grunert erg\u00e4nzte: \u201eDie Veranstaltung zeigt, dass wir alle selbst etwas tun und uns engagieren k\u00f6nnen, um das Thema Klima- und Umweltschutz tatkr\u00e4ftig voranzubringen. &#8211; Und gemeinsam k\u00f6nnen wir noch viel mehr erreichen.\u201c<\/p>\n\n\n\n<p>Ideen, die die Jugendlichen einbrachten, waren zum Beispiel die Einf\u00fchrung eines eigenen praxisorientierten Schulfaches zum Thema Umwelt- und Klimaschutz, der Ausbau einer klimafreundlicheren Infrastruktur, um gut mit dem Fahrrad oder dem \u00d6PNV zur Schule zu kommen, wie auch mehr finanzielle Unterst\u00fctzung f\u00fcr Klima- und Umweltprojekte an Schulen. Es sollen Schulg\u00e4rten mit Blumenk\u00e4sten f\u00fcr Bienen angelegt werden, Schuld\u00e4cher vermehrt begr\u00fcnt und das Essensangebot an Schulmensen verbessert werden. Gefordert wurde eine Umstellung auf regionale Bio-Lebensmittel und ein gr\u00f6\u00dferes Angebot an vegetarischen und unverpackten Speisen.<\/p>\n\n\n\n<p>Die Ideen und Ergebnisse der Online-Sch\u00fcler\/innenkonferenz werden in die Erstellung des Mannheimer Klimaschutz-Aktionsplans 2030 einflie\u00dfen. Zudem werden die Forderungen der Sch\u00fcler\/innen an die Mannheimer Fraktionen im Gemeinderat und an die Mannheimer Landtagsabgeordneten weitergegeben werden. Die Stadt Mannheim hat sich mit dem Leitbild \u201eMannheim 2030\u201c das ambitionierte Ziel der klimaneutralen und klimagerechten Stadt gesetzt. Aktuell wird mit dem Klimaschutz-Aktionsplan 2030 ein integriertes Klimaschutzkonzept erarbeitet, das dem Klimaschutz und der Klimafolgenanpassung Rechnung tr\u00e4gt.<\/p>\n\n\n\n<h4 class=\"wp-block-heading\">Hintergrund:<\/h4>\n\n\n\n<p>Das 68DEINS! Kinder- und Jugendb\u00fcro unterst\u00fctzt Kinder und Jugendliche in Mannheim in ihrem Recht auf Beteiligung. Mit dem Format 68DEINS! Schule und Demokratie setzt die Mannheimer Kinder- und Jugendbeteiligung einen Schwerpunkt auf Beteiligung von Sch\u00fcler*innen und die Mitbestimmung und Mitgestaltung an Mannheimer Schulen. Die Veranstaltung wird in enger Abstimmung mit der Abteilung Klimaschutz und Klimaschutzagentur Mannheim organisiert.<\/p>\n\n\n\n<p><em>Stadt Mannheim<br>29.03.2021<\/em><\/p>\n\n\n\n<h2 class=\"wp-block-heading\">Sch\u00fcler*innen aus Mannheim feiern zahlreiche Erfolge bei \u201eJugend musiziert\u201c 2021 \u2013 \u201eDer erste online Wettbewerb\u201c<\/h2>\n\n\n\n<div class=\"wp-block-image\"><figure class=\"aligncenter\"><img decoding=\"async\" loading=\"lazy\" width=\"600\" height=\"518\" src=\"https:\/\/speyer24news.com\/wp-content\/uploads\/2021\/03\/musikschule.jpg\" alt=\"\" class=\"wp-image-34627\" srcset=\"https:\/\/speyer24news.com\/wp-content\/uploads\/2021\/03\/musikschule.jpg 600w, https:\/\/speyer24news.com\/wp-content\/uploads\/2021\/03\/musikschule-300x259.jpg 300w\" sizes=\"(max-width: 600px) 100vw, 600px\" \/><\/figure><\/div>\n\n\n\n<p>Ganz im Zeichen der Digitalisierung stand der vom 18. bis 21. M\u00e4rz 2021 durchgef\u00fchrte 58. Wettbewerb \u201eJugend musiziert\u201c, an dem auch zahlreich Sch\u00fcler\/innen der Musikschule Mannheim teilgenommen haben. Der geplante Regionalwettbewerb entfiel und wurde in der Altersgruppen AG III bis VI (zw\u00f6lf bis 20 Jahre) per Videoeinsendung in Form eines Landeswettbewerbs durchgef\u00fchrt. Die eingesendeten Beitr\u00e4ge sind in der Bundesakademie in Trossingen und in Ochsenhausen gesichtet worden. Es ist noch ein Regionalwettbewerb in der Mannheimer Musikschule f\u00fcr die Altersgruppen I und II (f\u00fcnf bis elf Jahre) im Juni geplant. 84 junge Musiker\/innen der Region Mannheim mit westlichem Rhein-Neckar-Kreis (AG III bis VI \u2013 zw\u00f6lf bis 20 Jahre) nahmen an diesem Wettbewerb teil. Darunter befanden sich 29 Solowertungen sowie 54 in einer Duo-Wertung mit einem zuz\u00fcglichen jugendlichen Begleiter.<br>Davon waren 50 aus dem Stadtgebiet Mannheim, 45 kamen aus der Musikschule Mannheim. Deren Ergebnisse waren \u00e4u\u00dferst erfreulich:<\/p>\n\n\n\n<h4 class=\"wp-block-heading\">Zw\u00f6lf Weiterleitungen zum Bundeswettbewerb und elf erste Preise<\/h4>\n\n\n\n<p>Zw\u00f6lf Teilnehmer\/innen d\u00fcrfen zum Bundeswettbewerb in die Hansestadt Bremen und Bremerhaven fahren, der vom 20 bis 27. Mai stattfindet. Dieser wird entweder in Pr\u00e4senz oder auch als Videowettbewerb abgehalten. Weitere 13 Teilnehmer\/innen bekamen einen ersten Preis ohne Weiterleitung, weitere 18 einen zweiten und zwei einen dritten Preis.<br> Der Wettbewerb stand wie viele Veranstaltungen unter den Eindr\u00fccken der Pandemie und stellt eine besondere Leistung der jungen Musiker\/innen dar. Diese musste ohne pers\u00f6nliche Kontakte zur Lehrkraft seit Mitte Dezember online ihre Beitr\u00e4ge vorbereiten, um dann selbstst\u00e4ndig mit ihrem Smartphone oder \u00c4hnlichem ein Video zu erstellen, das dann ausgewertet wurde. \u201eDies alleine stellt schon eine besondere Herausforderung f\u00fcr die Sch\u00fcler\/innen und ihre Lehrkr\u00e4fte dar und wurde mit den nun erzielten Erfolgen belohnt. Die Musikschule Mannheim, die dieses Jahr ihr 50. Jubil\u00e4um begeht, gratuliert ihren Sch\u00fcler\/innen und Lehrer\/innen ganz herzlich zu diesen zahlreichen tollen Erfolgen!\u201c, betont der Leiter der Musikschule Mannheim, Bjoern Strangmann.<\/p>\n\n\n\n<p>Seit 1964 haben mehr als eine halbe Million Kinder und Jugendliche an \u201eJugend musiziert\u201c teilgenommen, f\u00fcr einige von ihnen war dies der Start in eine Weltkarriere. Trotz Pandemie meldeten sich dieses Jahr bundesweit 15.000 Teilnehmer*innen an. Dies zeigt die hohe Akzeptanz des Wettbewerbs.<\/p>\n\n\n\n<p><em>Stadt Mannheim<br>29.03.2021<\/em><\/p>\n\n\n\n<h2 class=\"wp-block-heading\">\u201eAlleine stark, gemeinsam st\u00e4rker\u201c &#8211; Frauenerfolgsteam startet online<\/h2>\n\n\n\n<p>Beruflich weiterkommen, die Karriere neu ausrichten oder sich selbst\u00e4ndig machen: Die Kontaktstelle Frau und Beruf Mannheim \u2013 Rhein-Neckar-Odenwald startet f\u00fcr Akademikerinnen am 16. April 2021 ein Erfolgsteam \u201eAlleine stark \u2013 gemeinsam st\u00e4rker\u201c. Bis 31. M\u00e4rz 2021 k\u00f6nnen sich Frauen aus Mannheim und dem Rhein-Neckar-Kreis mit Hochschulabschluss oder Promotion um einen Platz bewerben.<\/p>\n\n\n\n<p>Unter Anleitung einer Trainerin beraten sich die Teilnehmerinnen in sechs Terminen im Monatsrhythmus gegenseitig zu den Herausforderungen von Akademikerinnen im Berufsleben, zum Beispiel den Berufsstart nach dem Studium oder der Promotion, entwickeln gemeinsam L\u00f6sungsans\u00e4tze und erarbeiten Pl\u00e4ne zur Verfolgung individueller Ziele. \u201eIm Erfolgsteam, das auf der Methode der kollegialen Beratung beruht, bekommen die Teilnehmerinnen neue Ideen, lernen ihre Projekte aus verschiedenen Perspektiven kennen und kommen ihren Zielen Schritt f\u00fcr Schritt n\u00e4her\u201c, erl\u00e4utert Johannah Illgner, Beraterin in der Kontaktstelle Frau und Beruf.<\/p>\n\n\n\n<p>Das Seminar wird in Kooperation mit dem WUMAN Wissenschaftlerinnen Netzwerk Mannheim angeboten. Anmeldungen sind m\u00f6glich unter <a href=\"frauundberuf@mannheim.de\">frauundberuf@mannheim.de<\/a>, weitere Informationen finden sich auf <a href=\"https:\/\/frauundberuf-mannheim.de\/erfolgsteam_mannheim-rnk\">https:\/\/frauundberuf-mannheim.de\/erfolgsteam_mannheim-rnk<\/a>.<\/p>\n\n\n\n<p>Als Landesprogramm beraten die Kontaktstellen Frau und Beruf seit 1994 Frauen mit Unterst\u00fctzung des Wirtschaftsministeriums in ganz Baden-W\u00fcrttemberg zu beruflichen Themen rund um Wiedereinstieg, Existenzgr\u00fcndung oder Weiterbildung. Frauen erhalten so Unterst\u00fctzung bei der beruflichen Orientierung, der Stellensuche und der Bewerbung. Mehr unter: <a href=\"http:\/\/www.frauundberuf-mannheim.de\">www.frauundberuf-mannheim.de<\/a>.<\/p>\n\n\n\n<p><em>Stadt Mannheim<br>29.03.2021<\/em><\/p>\n\n\n\n<h2 class=\"wp-block-heading\">Mehr Kita-Pl\u00e4tze f\u00fcr den Bezirk Waldhof und gesundes Mittagessen in Schulen und Kitas<\/h2>\n\n\n\n<h3 class=\"wp-block-heading\">Bildungs- und Gesundheits-Ausschuss sowie Jugendhilfe-Ausschuss vom 25. M\u00e4rz<\/h3>\n\n\n\n<figure class=\"wp-block-image\"><img decoding=\"async\" loading=\"lazy\" width=\"800\" height=\"534\" src=\"https:\/\/speyer24news.com\/wp-content\/uploads\/2021\/03\/kindergarten-2456159_1920.jpg\" alt=\"\" class=\"wp-image-34625\" srcset=\"https:\/\/speyer24news.com\/wp-content\/uploads\/2021\/03\/kindergarten-2456159_1920.jpg 800w, https:\/\/speyer24news.com\/wp-content\/uploads\/2021\/03\/kindergarten-2456159_1920-300x200.jpg 300w, https:\/\/speyer24news.com\/wp-content\/uploads\/2021\/03\/kindergarten-2456159_1920-768x513.jpg 768w\" sizes=\"(max-width: 800px) 100vw, 800px\" \/><\/figure>\n\n\n\n<p>Beschl\u00fcsse, um den weiteren Ausbau der vorschulischen Betreuungsangebote im Stadtteil Waldhof voranzutreiben sowie die Mittagsverpflegung an Schulen und in Kitas nachhaltiger auszurichten, traf der Ausschuss f\u00fcr Bildung und Gesundheit, des Schulbeirates und des Jugendhilfeausschusses in seiner Sitzung am 25. M\u00e4rz.<\/p>\n\n\n\n<h4 class=\"wp-block-heading\">Standortkonzeption zum Ausbau der vorschulischen Kinderbetreuung im Stadtbezirk Waldhof<\/h4>\n\n\n\n<p>Als zweite Standortkonzeption f\u00fcr den Kita-Ausbau in Mannheim wurde nach Wallstadt nun eine Vorlage f\u00fcr den Stadtbezirk Waldhof vorgelegt. Ein weiterer Ausbau der vorhandenen Betreuungspl\u00e4tze ist in allen dortigen Stadtteilen dringend erforderlich. Der Fachbereich Geoinformation und Stadtplanung hatte Standortuntersuchungen f\u00fcr die Stadtteile Gartenstadt, Luzenberg und Waldhof vorgenommen und unter Federf\u00fchrung des Bildungs-Dezernats verwaltungsintern abgestimmt. Der neu installierte Lenkungsausschuss Kita-Ausbau hat dem Vorschlag zugestimmt.<\/p>\n\n\n\n<p>Im <strong>Stadtteil Gartenstadt<\/strong> werden bis dato f\u00fcnf Kindertagesst\u00e4tten mit insgesamt 274 Pl\u00e4tzen betrieben. Auf Basis der Bev\u00f6lkerungsprognose werden langfristig 129 Pl\u00e4tze f\u00fcr unter Dreij\u00e4hrige (U3) sowie 341 Pl\u00e4tze f\u00fcr \u00fcber Dreij\u00e4hrige (\u00dc3) ben\u00f6tigt. Im Krippen-Bereich ist daf\u00fcr ein weiterer Ausbau um neun neue Gruppen sowie im Kindergarten-Bereich um vier bis f\u00fcnf zus\u00e4tzliche Gruppen erforderlich.<\/p>\n\n\n\n<p>Der Ausbau der Betreuungsangebote soll an drei Standorten erfolgen: Am Standort \u201eViktor-Lenel-Heim\u201c soll eine siebengruppige Kita mit vier Krippengruppen und drei Kindergartengruppen entwickelt werden. Das st\u00e4dtische Kinderhaus Gartenstadt soll um drei Krippengruppen erweitert werden. Hierbei sollen \u00dcberlegungen zum Ausbau der Alfred-Delp-Schule zur Ganztagesschule und dem hieraus m\u00f6glicherweise resultierenden Wegfall der Hortgruppen im Kinderhaus ber\u00fccksichtigt werden. Zudem befindet sich die Stadt derzeit im Dialog mit der evangelischen Kirche zur \u00dcbernahme des Grundst\u00fccks der Kita im Rottannenweg. So k\u00f6nnte dort nach einer Sanierung ein Betreuungsangebot am etablierten Standort erhalten und erweitert werden. Nach ersten Einsch\u00e4tzungen scheint eine dreigruppige Einrichtung realisierbar. Im Zuge des Ausbaus der Alfred-Delp-Schule zu einer Ganztagsgrundschule wird zudem gepr\u00fcft, ob auf dem Gel\u00e4nde erg\u00e4nzend eine Kinderbetreuungseinrichtung realisiert werden k\u00f6nnte. Falls dies m\u00f6glich ist, wird dieser Standort als Reservestandort vorgehalten. Falls dies nicht m\u00f6glich ist, wird die st\u00e4dtische Gr\u00fcnfl\u00e4che an der Kirchwaldstra\u00dfe als Reservestandort f\u00fcr eine Kindertagesst\u00e4tte festgelegt.<\/p>\n\n\n\n<p>Im <strong>Stadtteil Luzenberg<\/strong> werden bis dato zwei Kindertagesst\u00e4tten betrieben, es stehen insgesamt 64 Pl\u00e4tze U3 und 137 Pl\u00e4tze \u00dc3 zur Verf\u00fcgung. Hier ist der Ausbau der Betreuungspl\u00e4tze in der Krippenbetreuung um eine Gruppe mit zehn Pl\u00e4tzen erforderlich sowie im Kindergartenbereich von zwei bis drei zus\u00e4tzlichen Gruppen mit 40 bis 60 Pl\u00e4tzen. Nach der Pr\u00fcfung unterschiedlicher Standorte wird der Ausbau auf dem Saint-Gobain-Areal empfohlen, hier soll mindestens eine Kindertagesst\u00e4tte errichtet werden. Die Bedarfe aus dem Bereich Waldhof-West sollen bei der Entwicklung dieses Standortes ber\u00fccksichtigt werden und die Kita k\u00f6nnte somit ein verbindendes Element zwischen den Quartieren darstellen. Der Standort \u201eSpiegelpark\u201c wird als Reservestandort definiert, falls ein Zugriff auf die Fl\u00e4chen des Saint-Gobain-Areals zum Zeitpunkt der Realisierung einer Kindertagesst\u00e4tte nicht m\u00f6glich sein sollte.<\/p>\n\n\n\n<p>In den <strong>Stadtteilen Waldhof und Waldhof-West<\/strong> werden bis dato sechs Kindertagesst\u00e4tten mit insgesamt 248 Pl\u00e4tzen betrieben. Hier ist im U3-Bereich ein Ausbau der Krippenbetreuung um sechs Gruppen, dies entspricht 60 Pl\u00e4tzen, sowie der Kindertagespflege um 35 Pl\u00e4tze erforderlich. Im \u00dc3-Bereich werden insgesamt 14 bis 15 zus\u00e4tzliche Gruppen, dies entspricht 280 bis 300 Pl\u00e4tzen, ben\u00f6tigt. Die Verwaltung empfiehlt den Ausbau an drei Standorten sowie einem erg\u00e4nzenden Standort im Stadtteil K\u00e4fertal: Der Standort \u201est\u00e4dtisches Kinderhaus Friedrich-Ebert\u201c soll saniert und durch einen Anbau auf bis zu sieben Gruppen erweitert werden. Der Standort \u201eehemalige Werkrealschule Friedrich-Ebert\u201c soll zu einer sechsgruppigen Kindertagesst\u00e4tte umgebaut werden. Bez\u00fcglich der \u201eKita Hessische Stra\u00dfe\u201c befindet sich die Stadt derzeit in Gespr\u00e4chen mit der evangelischen Kirche, um das Gel\u00e4nde zu \u00fcbernehmen. Die Einrichtung soll nach der Sanierung zu einer f\u00fcnfgruppigen Kinderbetreuungseinrichtung entwickelt werden. Auch der Standort der ehemaligen evangelischen \u201eKita Wiesbadener Stra\u00dfe\u201c soll von der evangelischen Kirche\/Pflege Sch\u00f6nau \u00fcbernommen werden und zu einer f\u00fcnfgruppigen Kinderbetreuungseinrichtung entwickelt werden. Am Standort \u201eKorbangel\/ehemaliges Theodor-Heuss-Areal\u201c soll eine dreigruppige Kindertagesst\u00e4tte geschaffen werden. Der Standort \u201eGr\u00fcnfl\u00e4che an der Offenbacher Stra\u00dfe\u201c wird als Reservestandort vorgehalten; im Fall baulicher Entwicklungen des Hallenbades Waldhof-Ost wird die M\u00f6glichkeit zur Integration einer Kita gepr\u00fcft.<\/p>\n\n\n\n<p>Die Kindertagespflege in allen drei Stadtteilen soll zudem ausgebaut werden. \u201eMit diesen Ma\u00dfnahmen k\u00f6nnen die Bedarfe an Kinderbetreuungspl\u00e4tzen mittel- bis langfristig gedeckt werden und ein bedarfsgerechtes Betreuungsangebot im Stadtbezirk Waldhof ist m\u00f6glich, auch wenn die Bedarfe nicht alle vollumf\u00e4nglich im jeweiligen Stadtteil gedeckt werden k\u00f6nnen\u201c, erl\u00e4uterte B\u00fcrgermeister Dirk Grunert die Vorlage. Er betonte: \u201eBei der baulichen Realisierung an den vorgeschlagenen Standorten spielt der Umwelt- und Nachhaltigkeitsaspekt eine zentrale Rolle\u201c: Eingriffe in unversiegelte Fl\u00e4chen sind auf ein erforderliches Minimum zu reduzieren. Pr\u00e4gender Baumbestand ist bei den Planungen zu ber\u00fccksichtigen und m\u00f6glichst zu erhalten. F\u00fcr Standorte mit Baumbestand und Geb\u00fcsch-Strukturen ist ein Relevanzcheck zum Artenschutz durch ein Fachb\u00fcro notwendig zur qualifizierten Einsch\u00e4tzung einer m\u00f6glichen Betroffenheit gesch\u00fctzter Arten. Bei st\u00e4dtischen Bauvorhaben an den vorgeschlagenen Standorten ist die Klimavertr\u00e4glichkeit sicherzustellen, die Erzeugung und Nutzung erneuerbarer Energien, Verwendung nachhaltiger Baumaterialien, sowie klimaangepasste Bauweise sind die Planung mit einzubeziehen.<br>\nDer Jugendhilfeausschuss stimmte der Vorlage einstimmig zu, die finale Entscheidung trifft der Ausschuss f\u00fcr Umwelt und Technik.<\/p>\n\n\n\n<h4 class=\"wp-block-heading\">Mittagsverpflegung an Mannheimer Schulen und Kitas: Gr\u00f6\u00dferer Bio-Anteil, mehr Fair-Trade-Produkte und Modellversuch \u201evegane Men\u00fclinie\u201c<\/h4>\n\n\n\n<p>In einem weiteren Tagesordnungspunkt hat der Bildungsausschuss einstimmig bei einer Enthaltung die \u00f6ffentliche Ausschreibung und Vergabe der Mittagsverpflegung ab dem Schuljahr 2021\/2022, gr\u00f6\u00dftenteils mit optionaler Verl\u00e4ngerung f\u00fcr drei weitere Schuljahre, an der Bertha-Hirsch-, Gerhart-Hauptmann-, Geschwister-Scholl-, Hermann-Gutzmann-Schule sowie der IGMH und dem Johanna-Geissmar-Gymnasium beschlossen. Final entscheidet der Hauptausschuss. Das gesamte Auftragsvolumen betr\u00e4gt etwa rund 2,3 Millionen Euro.<\/p>\n\n\n\n<p>Und auch der Vergabe der Mittagsverpflegung an den st\u00e4dtischen Kitas f\u00fcr zwei weitere Kalenderjahre bis Ende 2023 mit einem Auftragsvolumen von rund 4,2 Millionen Euro stimmte der Jugendhilfeausschuss einstimmig bei einer Enthaltung zu.<\/p>\n\n\n\n<p>Grundlage f\u00fcr die Vergabe ist stets eine Leistungsbeschreibung, die der Caterer erf\u00fcllen muss. Neben der Qualit\u00e4t des Essens werden in dieser Leistungsbeschreibung Regelungen zur Speiseplangestaltung und Speisenherstellung, zum Bio-Anteil, zum Men\u00fczyklus, zum Bestell- und Bezahlverfahren, zur Belieferung und zu sonstigen Dienstleistungen getroffen: Bei der Erstellung der Speisepl\u00e4ne sind vom Caterer die Qualit\u00e4tsstandards f\u00fcr die Schulverpflegung beziehungsweise die Qualit\u00e4tsstandards f\u00fcr die Verpflegung in Tageseinrichtungen f\u00fcr Kinder der Deutschen Gesellschaft f\u00fcr Ern\u00e4hrung (DGE) zwingend einzuhalten.<\/p>\n\n\n\n<p>Im Vergleich zu den Vorjahren wird die Qualit\u00e4t der Mittagsverpflegung sowohl an den Schulen als auch in den st\u00e4dtischen Kindertagesst\u00e4tten weiter erh\u00f6ht: Der Anteil an Waren aus Bio-Erzeugung muss nun statt 30 mindestens 40 Prozent betragen. Milchprodukte und Eier m\u00fcssen ausschlie\u00dflich aus Bio-Erzeugung stammen, der weitere verbleibende geforderte Bio-Prozentanteil kann sich auf die Produktgruppen Kartoffeln, Nudeln, Reis, H\u00fclsenfr\u00fcchte, Gem\u00fcse, Salat erstrecken. Neu aufgenommen wurde der Einsatz von Produkten in Fair Trade Qualit\u00e4t: Es m\u00fcssen mindestens eine Sorte Tee, drei Sorten Gew\u00fcrze\/Kr\u00e4uter und Reis oder Linsen oder Couscous oder Quinoa oder Bananen oder weitere S\u00fcdfr\u00fcchte in Fair Trade Qualit\u00e4t angeboten werden.<\/p>\n\n\n\n<p>An den Schulen werden jeweils mindestens zwei Men\u00fclinien mit Getr\u00e4nk angeboten, davon eine Men\u00fclinie mit ovo-lacto-vegetarischer Kost sowie ein Sonderkost-Angebot f\u00fcr Sch\u00fcler\/innen mit Lebensmittelunvertr\u00e4glichkeiten und Allergien. An den Geschwister-Scholl-Schulen (Gymnasium und Realschule) soll zus\u00e4tzlich die Einf\u00fchrung einer veganen Men\u00fclinie in einem Pilotprojekt getestet werden. Die Sch\u00fcler\/innen bezahlen pro Men\u00fc drei Euro. Mit Inkrafttreten des \u201eStarke-Familien-Gesetz\u201c 2019 besteht f\u00fcr Kinder aus bed\u00fcrftigen Familien die M\u00f6glichkeit, \u00fcber die Leistungen f\u00fcr Bildung und Teilhabe ein kostenfreies Essen zu beziehen.<\/p>\n\n\n\n<p>Die st\u00e4dtischen Tageseinrichtungen f\u00fcr Kinder werden t\u00e4glich grunds\u00e4tzlich mit einer ovo-lacto-vegetarischen Men\u00fclinie versorgt. Erg\u00e4nzend dazu wird gem\u00e4\u00df der DGE-Standards f\u00fcr die Verpflegung in Kitas jeweils einmal w\u00f6chentlich eine Vollkostmen\u00fclinie mit Fleisch- und Fischprodukten zus\u00e4tzlich angeboten. Die Men\u00fclinien ber\u00fccksichtigen die unterschiedlichen Anspr\u00fcche f\u00fcr Krippenkinder, sowie Kindergarten- und Hortkinder gem\u00e4\u00df DGE-Qualit\u00e4tsstandards. F\u00fcr Kinder mit Lebensmittelunvertr\u00e4glichkeiten und Allergien wird Sonderkost angeboten.<\/p>\n\n\n\n<h4 class=\"wp-block-heading\">Ring Politischer Jugend (RPJ): Zuschuss f\u00fcr Ma\u00dfnahmen der Politischen Bildung<\/h4>\n\n\n\n<p>Zudem empfahl der Jugendhilfeausschuss dem Gemeinderat einstimmig, der Gew\u00e4hrung eines Zuschusses an den Ring Politischer Jugend (RPJ) zuzustimmen. Demnach erh\u00e4lt der RPJ f\u00fcr Ma\u00dfnahmen der politischen Bildung eine Zuwendung von 15.000 Euro pro Jahr. Die Mittel k\u00f6nnen nach einem von den Mitgliedern festgelegten Verteilerschl\u00fcssel an die Mitgliedsverb\u00e4nde verteilt werden.<\/p>\n\n\n\n<p>\u201eDie Jugendorganisationen von demokratischen Parteien und ihre ehrenamtlich t\u00e4tigen Mitglieder leisten mit ihren Angeboten einen wichtigen Beitrag bei der Vermittlung von Werten sowie theoretischer und praktischer Grundkenntnisse, die f\u00fcr Prozesse der Meinungs- und Willensbildung in einer pluralistischen Stadtgesellschaft relevant sind. Die vom RPJ und seinen Mitgliedsverb\u00e4nden \u00fcbernommenen Aufgaben dienen dem Leitbild und den Nachhaltigkeitszielen der Stadt Mannheim. Insbesondere tr\u00e4gt die vielf\u00e4ltige und attraktive Arbeit von Jugendorganisationen dazu bei, dass Mannheimerinnen und Mannheimer \u00fcberdurchschnittlich engagiert die M\u00f6glichkeiten nutzen, sich in demokratischen und transparenten Prozessen an der Entwicklung ihrer Stadt zu beteiligen\u201c, hei\u00dft es in der Vorlage. Die Zielgruppe der Angebote sind vor allem Kinder, Jugendliche und junge Erwachsene. Die Angebote richten sich sowohl an Mitglieder von Jugendorganisationen als auch an die interessierte \u00d6ffentlichkeit.<\/p>\n\n\n\n<p><em>Stadt Mannheim<br>29.03.2021<\/em><\/p>\n\n\n\n<h2 class=\"wp-block-heading\">Wartungs- und Reparaturarbeiten im Fahrlachtunnel<\/h2>\n\n\n\n<div class=\"wp-block-image\"><figure class=\"aligncenter\"><img decoding=\"async\" loading=\"lazy\" width=\"800\" height=\"517\" src=\"https:\/\/speyer24news.com\/wp-content\/uploads\/2021\/03\/201014-Foto-Fahrlachtunnel-2020.jpg\" alt=\"\" class=\"wp-image-34624\" srcset=\"https:\/\/speyer24news.com\/wp-content\/uploads\/2021\/03\/201014-Foto-Fahrlachtunnel-2020.jpg 800w, https:\/\/speyer24news.com\/wp-content\/uploads\/2021\/03\/201014-Foto-Fahrlachtunnel-2020-300x194.jpg 300w, https:\/\/speyer24news.com\/wp-content\/uploads\/2021\/03\/201014-Foto-Fahrlachtunnel-2020-768x496.jpg 768w\" sizes=\"(max-width: 800px) 100vw, 800px\" \/><\/figure><\/div>\n\n\n\n<p>Autofahrer*innen m\u00fcssen im Bereich des Fahrlachtunnels <strong>von Sonntag, 28. M\u00e4rz, bis Sonntag, 11. April 2021<\/strong> mit Verkehrsbeeintr\u00e4chtigungen rechnen. Aufgrund von geplanten Wartungs- und Reparaturarbeiten an der Tunneltechnik werden die beiden Tunnelr\u00f6hren in dieser Zeit im Wechsel voll gesperrt. Neben der Beleuchtung und der L\u00fcftungsanlage werden ebenso die Entw\u00e4sserungsanlage und die Signalelektronik gewartet, sowie diverse Reinigungsarbeiten durchgef\u00fchrt. Die Arbeiten sind im regelm\u00e4\u00dfigen Turnus erforderlich um die Betriebssicherheit des Tunnels zu gew\u00e4hrleisten. Dem Verkehr steht in dieser Zeit nur jeweils eine Fahrspur in der jeweiligen Tunnelr\u00f6hre zur Verf\u00fcgung.<\/p>\n\n\n\n<h4 class=\"wp-block-heading\">Die Vollsperrungen im Einzelnen:<\/h4>\n\n\n\n<p><strong>Vollsperrung Tunnelr\u00f6hre Nord<\/strong><br>Die Verkehrseinrichtungen f\u00fcr die Vollsperrung der Tunnelr\u00f6hre Nord werden am Sonntag, 28. M\u00e4rz, aufgebaut und am Samstag, 3. April, abgebaut. In dieser Zeit ist die Nordr\u00f6hre gesperrt. Der Verkehr wird \u00fcber die S\u00fcdr\u00f6hre gef\u00fchrt. Diese ist dann nur einspurig in beide Richtungen befahrbar.<\/p>\n\n\n\n<p><strong>Vollsperrung Tunnelr\u00f6hre S\u00fcd<\/strong><br>Am Samstag, 3. April, wird die Verkehrseinrichtung in der Tunnelr\u00f6hre Nord abgebaut und in der S\u00fcdr\u00f6hre f\u00fcr die Vollsperrung aufbaut. Eine Woche sp\u00e4ter, am Sonntag, 11. April, sind die Arbeiten abgeschlossen und die Sperrung wird aufgehoben.<\/p>\n\n\n\n<p><em>Stadt Mannheim<br>29.03.2021<\/em><\/p>\n\n\n\n<h2 class=\"wp-block-heading\">Gutes Wohnen und Kinderbetreuung auf dem Pfalzplatz \u2013 gemeinsame Er\u00f6rterung der bisherigen Varianten<\/h2>\n\n\n\n<div class=\"wp-block-image\"><figure class=\"aligncenter\"><img decoding=\"async\" loading=\"lazy\" width=\"800\" height=\"497\" src=\"https:\/\/speyer24news.com\/wp-content\/uploads\/2021\/03\/Grafik-Pfalzplatzbunker-f\u00fcnf-Varianten_0.jpg\" alt=\"\" class=\"wp-image-34623\" srcset=\"https:\/\/speyer24news.com\/wp-content\/uploads\/2021\/03\/Grafik-Pfalzplatzbunker-f\u00fcnf-Varianten_0.jpg 800w, https:\/\/speyer24news.com\/wp-content\/uploads\/2021\/03\/Grafik-Pfalzplatzbunker-f\u00fcnf-Varianten_0-300x186.jpg 300w, https:\/\/speyer24news.com\/wp-content\/uploads\/2021\/03\/Grafik-Pfalzplatzbunker-f\u00fcnf-Varianten_0-768x477.jpg 768w\" sizes=\"(max-width: 800px) 100vw, 800px\" \/><figcaption>Das Planungsb\u00fcro MESS hat f\u00fcnf Varianten entwickelt, wie der Pfalzplatzbunker gestaltet werden k\u00f6nnte. Lila eingezeichnet ist die Kita, die wei\u00dfen Bl\u00f6cke stellen eine m\u00f6gliche Wohnbebauung dar.<\/figcaption><\/figure><\/div>\n\n\n\n<p>Schon heute nimmt der Pfalzplatz als Ort der Begegnung und der Bewegung eine zentrale Rolle f\u00fcr den Stadtteil Lindenhof ein. Nun soll das Areal st\u00e4dtebaulich optimal f\u00fcr die Zukunft entwickelt werden. Wie die k\u00fcnftigen Planungen aussehen, dar\u00fcber informierte die Stadt am Dienstagabend in einer B\u00fcrgerveranstaltung. Knapp 70 Interessierte hatten sich zum virtuellen Treffen eingeschaltet.<\/p>\n\n\n\n<p>\u201eNoch stehen wir am Anfang vieler \u00dcberlegungen und M\u00f6glichkeiten. Da der Pfalzplatzbunker den B\u00fcrgerinnen und B\u00fcrgern vor Ort dienen soll, ist es uns sehr wichtig, sie von Anfang an in den Prozess einzubeziehen\u201c, erl\u00e4uterte Baub\u00fcrgermeister Ralf Eisenhauer zu Beginn. Er betonte: \u201eWir haben hier eine bereits versiegelte Fl\u00e4che, die Potenzial f\u00fcr gutes und preisg\u00fcnstiges Wohnen bietet \u2013 und daher auch genutzt werden sollte. Wie das konkret aussehen kann, das wollen wir gemeinsam herausfinden. Fest steht bislang, dass gem\u00e4\u00df des Gemeinderatsbeschlusses von 2019 eine siebengruppige Kindertagesst\u00e4tte gebaut wird.\u201c<\/p>\n\n\n\n<p>In die st\u00e4dtebauliche Machbarkeitsstudie, mit der die Planungsb\u00fcros MESS und YallaYalla! beauftragt wurden, ist eine mehrstufige B\u00fcrgerbeteiligung integriert. Bereits Anfang 2020 wurden, noch vor Beginn der gutachterlichen Untersuchungen, Gespr\u00e4che mit Vertreterinnen und Vertretern der b\u00fcrgerschaftlichen Nutzungen vor Ort gef\u00fchrt, um deren Anregungen und W\u00fcnsche m\u00f6glichst fr\u00fchzeitig aufzunehmen. Anschlie\u00dfend fand eine Online-Beteiligung auf dem Beteiligungsportal der Stadt Mannheim statt. Insgesamt wurden im Dialograum 104 Beitr\u00e4ge und 24 Kommentare gepostet. Zudem gingen 28 Postkarten und drei E-Mails zu dem Thema ein. Erg\u00e4nzt wurde die Online-Beteiligung durch eine 14-t\u00e4gige Befragung vor Ort, bei der 129 Teilnehmende insgesamt 155 Anliegen \u00e4u\u00dferten und 71 Verbesserungsvorschl\u00e4ge einbrachten.<\/p>\n\n\n\n<p>Am Dienstag wurden erstmals die f\u00fcnf Varianten vorgestellt, die unter Ber\u00fccksichtigung der B\u00fcrgerbeteiligung entwickelt wurden und unterschiedliche Grade der Bebauung aufweisen. W\u00e4hrend die erste Variante ausschlie\u00dflich den Kita-Bau vorsieht und in der zweiten Variante nur Wohnungen im Obergeschoss des Kita-Baus m\u00f6glich sind, geht die dritte Variante dahingehend weiter, dass neben dem Komplex aus Kita-Neubau und Jugendtreff separat ein gr\u00f6\u00dferes Wohnraumangebot geschaffen wird. In der vierten Variante werden Kita und Jugendtreff in eine umfassendere Wohnbebauung integriert. Die Variante f\u00fcnf sieht als einzige einen baulichen Eingriff in den s\u00fcdlichen, bislang nicht versiegelten Freiraum durch Kita und Wohnbebauung vor. In allen Varianten werden die vorhandenen Funktionen erhalten, nur Lage und Umfang variieren.<\/p>\n\n\n\n<p>In der Veranstaltung hatten die Teilnehmenden die M\u00f6glichkeit, sich direkt zu den Varianten zu \u00e4u\u00dfern oder Favoriten zu benennen. Ab 30. M\u00e4rz sind die Varianten auf dem Beteiligungsportal einzusehen. Zus\u00e4tzlich werden die Planungen vom 30. M\u00e4rz bis zum 23. April im Lindenhof im Schaufenster der Baugemeinschaft Meerfeldstra\u00dfe 70 \u2013 72 ausgestellt und analoges Beteiligungsmaterial zur Verf\u00fcgung gestellt. Die Anregungen nehmen Stadt und Planungsb\u00fcros auf, um die Varianten dementsprechend anzupassen. Im Fr\u00fchsommer 2021 ist eine weitere Beteiligungsveranstaltung geplant. Ziel ist es, bis zum Herbst den politischen Gremien eine Variante zur Entscheidung zu empfehlen.<\/p>\n\n\n\n<p><em>Stadt Mannheim<br>29.03.2021<\/em><\/p>\n\n\n\n<h2 class=\"wp-block-heading\">102 B\u00e4ume in Feudenheimer Stra\u00dfe gepflanzt<\/h2>\n\n\n\n<p>Rund die H\u00e4lfte der insgesamt 203 B\u00e4ume ist gepflanzt. B\u00fcrgermeisterin Prof. Dr. Diana Pretzell kam in die Feudenheimer Stra\u00dfe, um sich dort den Zwischenstand der Pflanzarbeiten anzusehen.<\/p>\n\n\n\n<p>In den vergangenen Wochen hat der Stadtraumservice Mannheim zwischen Dudenstra\u00dfe und B38 insgesamt 102 schmalkronige, s\u00e4ulenf\u00f6rmige B\u00e4ume gepflanzt, wie beispielsweise die S\u00e4ulen-Eiche oder den Spitz-Ahorn. Im Herbst werden weitere 101 B\u00e4ume um den westlichen Teil der Feudenheimer Stra\u00dfe gepflanzt, zwischen J\u00fcdischem Friedhof und Dudenstra\u00dfe. \u201eJeder zus\u00e4tzliche Baum ist ein Gewinn f\u00fcr das Klima und die Artenvielfalt\u201c, erkl\u00e4rte Prof. Dr. Pretzell die Pflanzung. \u201eDie Feudenheimer Stra\u00dfe ist zudem eine wichtige Zufahrt zum Gel\u00e4nde der Bundesgartenschau auf Spinelli. Mit den neuen B\u00e4umen erleben Besucher*innen Mannheim von seiner gr\u00fcnen Seite.\u201c<\/p>\n\n\n\n<h4 class=\"wp-block-heading\">Finanziert durch Klimafonds<\/h4>\n\n\n\n<p>Die insgesamt 203 B\u00e4ume werden zus\u00e4tzlich zu den B\u00e4umen gepflanzt, die die Stadt Mannheim j\u00e4hrlich zum Erhalt des Baumbestandes pflanzt. Finanziert werden die zus\u00e4tzlichen Baumpflanzungen aus dem Klimafonds. Dieser stellt bis 2023 j\u00e4hrlich 2,5 Millionen \u20ac f\u00fcr st\u00e4dtische Ma\u00dfnahmen bereit, die zur CO2-Reduzierung beitragen.<\/p>\n\n\n\n<h4 class=\"wp-block-heading\">Modellprojekt f\u00fcr innovative Wasserversorgung<\/h4>\n\n\n\n<p>Bei einigen B\u00e4umen werden im Wurzelbereich Rigolen eingebaut. Das sind unterirdische Wasser- und Luftreservoirs, die Regenwasser aufnehmen, speichern und es langsam an die tieferliegenden Erdschichten abgeben. Die Rigolen sollen helfen, die neu gepflanzten B\u00e4ume in den immer h\u00e4ufiger werdenden Trockenperioden mit Wasser zu versorgen. Der Einbau der Rigolen ist ein Modellprojekt, das wissenschaftlich begleitet und hinsichtlich seiner langfristigen Wirkung ausgewertet wird.<\/p>\n\n\n\n<p><em>Stadt Mannheim<br>29.03.2021<\/em><\/p>\n\n\n\n<h2 class=\"wp-block-heading\">Mit gutem Beispiel vorangehen: Mannheimer Migrationsbeirat startet Videoclip-Kampagne #ichlassmichimpfen<\/h2>\n\n\n\n<p>Die Covid-19-Pandemie bestimmt unser aller Leben seit \u00fcber einem Jahr ma\u00dfgeblich \u2013 und von Beginn an war klar: Die Impfung ist die einzige M\u00f6glichkeit, die Pandemie in den Griff und wieder mehr Normalit\u00e4t f\u00fcr jede\/n Einzelne\/n zur\u00fcckzubekommen. Je mehr Personen sich impfen lassen, desto sicherer k\u00f6nnen wir leben. Um davon so viele Menschen wie m\u00f6glich zu \u00fcberzeugen, m\u00fcssen einige mit gutem Beispiel vorangehen \u2013 genau hier setzt die Kampagne #ichlassmichimpfen des Mannheimer Migrationsbeirates an:<\/p>\n\n\n\n<p>In kurzen Videoclips rufen Mannheimer\/innen mit Migrationsbiografie zur Impfung gegen Covid-19 auf, erkl\u00e4ren kurz deren Bedeutung f\u00fcr die Bek\u00e4mpfung der Pandemie \u2013 und lassen sich in einem Fall sogar live vor der Kamera impfen. Auf unterschiedlichen Sprachen, aus unterschiedlichen Kontexten: \u00c4rzt\/innen und deren Mitarbeiter*innen, Vorsitzende von religi\u00f6sen Gemeinden und migrantischen Vereinen, in den Communities bekannte Privatpersonen.<\/p>\n\n\n\n<p>\u201eEs beteiligen sich Menschen, die Vorbilder und Vertrauenspersonen f\u00fcr viele sind und die somit Unsicherheiten und \u00c4ngste nehmen k\u00f6nnen. Genau das ist aktuell so wichtig, damit uns mit Hilfe der Impfungen der Weg aus der Pandemie gelingt\u201c, so Zahra Alibabanezhad Salem, Vorsitzende des Migrationsbeirates.<\/p>\n\n\n\n<p>Mit seiner Initiative m\u00f6chte der Migrationsbeirat den vielen kursierenden Fehlinformationen \u00fcber die Impfung entgegenwirken und die Bem\u00fchungen der Stadt um Aufkl\u00e4rung und Erh\u00f6hung der Impfbereitschaft in der gesamten Bev\u00f6lkerung unterst\u00fctzen.<\/p>\n\n\n\n<p>\u201eIch freue mich sehr \u00fcber den Beitrag des Migrationsbeirates zur Pandemiebek\u00e4mpfung. Die Impfbereitschaft ist der entscheidende Schl\u00fcssel, um diese Situation zu \u00fcberwinden. Der Migrationsbeirat geht hier mit gutem Beispiel voran\u201c bedankt sich Oberb\u00fcrgermeister Dr. Peter Kurz.<\/p>\n\n\n\n<p>Ein kurzer Zusammenschnitt der ersten Videoclips ist einsehbar unter <a href=\"http:\/\/www.mannheim.de\/migrationsbeirat\/aktuelles\">www.mannheim.de\/migrationsbeirat\/aktuelles<\/a> . Geplant sind weitere Clips in m\u00f6glichst vielen Sprachen und aus den unterschiedlichsten Bereichen. Sie sollen ausgehend vom Migrationsbeirat nach dem Schneeballsystem stadtweit Verbreitung finden und insbesondere die Mannheimer Bev\u00f6lkerung mit Migrationsbiografie erreichen. Wer sich auch mit einem kurzen Videoclip beteiligen m\u00f6chte, kann Kontakt mit der Gesch\u00e4ftsstelle des Migrationsbeirates aufnehmen.<\/p>\n\n\n\n<p>Der Migrationsbeirat der Stadt Mannheim ist seit dem Jahr 2000 das offizielle Vertretungsorgan der Mannheimer*innen mit Migrationsbiografie gegen\u00fcber dem Gemeinderat und der Stadtverwaltung und wurde per gemeinder\u00e4tlichem Beschluss Ende November 2019 neu berufen. Informationen zu den Aufgaben und Mitgliedern des Gremiums sind zu finden unter <a href=\"http:\/\/www.mannheim.de\/migrationsbeirat\">www.mannheim.de\/migrationsbeirat<\/a>.<\/p>\n\n\n\n<p>Kontakt: Gesch\u00e4ftsstelle des Migrationsbeirates, Mailin Heidl, Tel.: 0621\/293-3090, Email: <a href=\"migrationsbeirat@mannheim.de\">migrationsbeirat@mannheim.de<\/a> (Mo-Do, 9:30h bis 14:30h).<\/p>\n\n\n\n<p><em>Stadt Mannheim<br>29.03.2021<\/em><\/p>\n\n\n\n<h2 class=\"wp-block-heading\">Onleihe \u2013 Pressreader \u2013 Datenbanken: Das digitale Angebot der Stadtbibliothek Mannheim<\/h2>\n\n\n\n<p>Das digitale Angebot der Stadtbibliothek Mannheim ist vielf\u00e4ltig: Tageszeitungen auf dem PC, Lekt\u00fcre auf dem E-Book-Reader sowie H\u00f6rb\u00fccher auf dem Smartphone bietet die Stadtbibliothek mit der Metropolbib. Im Pressreader befinden sich rund 5.000 aktuelle elektronische Zeitungen und Zeitschriften aus 100 L\u00e4ndern in 60 Sprachen.<\/p>\n\n\n\n<p>Mit einem g\u00fcltigen Bibliotheksausweis k\u00f6nnen die Kund*innen der Stadtbibliothek zus\u00e4tzlich auf verschiedene elektronische Datenbanken kostenlos zugreifen: Brockhaus bietet online Zugriff auf alle Artikel der Enzyklop\u00e4die und des Jugendlexikons. Kindlers Literatur Lexikon und die Munzinger-Datenbanken runden das Angebot ab.<\/p>\n\n\n\n<p><strong>Beim Medienmittwoch am Mittwoch, 31. M\u00e4rz, 16 Uhr,<\/strong> stellt das Team der Stadtbibliothek das Angebot vor und erkl\u00e4rt die Nutzung. Wie immer sind Fragen rund um das Thema herzlich willkommen!<\/p>\n\n\n\n<p>Die Veranstaltung ist kostenlos und findet digital statt, eine Anmeldung vorab per E-Mail unter <a href=\"stadtbibliothek.zentralbibliothek@mannheim.de\">stadtbibliothek.zentralbibliothek@mannheim.de<\/a> oder gerne auch telefonisch unter 0621\/ 293 8933 ist erforderlich.<\/p>\n\n\n\n<p>Weitere Informationen finden sich auf der <a href=\"https:\/\/www.mannheim.de\/de\/bildung-staerken\/stadtbibliothek\/veranstaltungen\/medienmittwoch-und-bib-tour\">Homepage <\/a>der Stadtbibliothek Mannheim.<\/p>\n\n\n\n<p><em>Stadt Mannheim<br>29.03.2021<\/em><\/p>\n\n\n\n<h2 class=\"wp-block-heading\">Ressource Wasser steht in Mannheim hoch im Kurs<\/h2>\n\n\n\n<figure class=\"wp-block-image\"><img decoding=\"async\" loading=\"lazy\" width=\"800\" height=\"533\" src=\"https:\/\/speyer24news.com\/wp-content\/uploads\/2021\/03\/faucet-1684902_1920.jpg\" alt=\"\" class=\"wp-image-34427\" srcset=\"https:\/\/speyer24news.com\/wp-content\/uploads\/2021\/03\/faucet-1684902_1920.jpg 800w, https:\/\/speyer24news.com\/wp-content\/uploads\/2021\/03\/faucet-1684902_1920-300x200.jpg 300w, https:\/\/speyer24news.com\/wp-content\/uploads\/2021\/03\/faucet-1684902_1920-768x512.jpg 768w\" sizes=\"(max-width: 800px) 100vw, 800px\" \/><\/figure>\n\n\n\n<p>Die Stadtentw\u00e4sserung Mannheim zieht Bilanz zum Weltwassertag (22.M\u00e4rz) und berichtet \u00fcber Aktivit\u00e4ten des Eigenbetriebs zum Umwelt- und Gew\u00e4sserschutz in ihrem aktuellen Umweltbericht. Die Gew\u00e4sser zu sch\u00fctzen, den Ressourcenverbrauch zu verringern und das Kl\u00e4rwerk energieautark zu betreiben, sind die wesentlichen langfristigen Umweltziele des Eigenbetriebs der Stadt Mannheim. \u201eDie Stadtentw\u00e4sserung leistet mit dem Erreichen ihrer Umweltziele einen wesentlichen Beitrag zum Klimaschutzkonzept der Stadt Mannheim und zum Schutz unserer Gew\u00e4sser, allen voran f\u00fcr den Rhein\u201c, sagt Prof. Dr. Diana Pretzell, Umweltb\u00fcrgermeisterin der Stadt Mannheim.<\/p>\n\n\n\n<p>Die Stadtentw\u00e4sserung Mannheim h\u00e4lt den Ressourcenverbrauch so gering wie m\u00f6glich. \u201eDeshalb unternimmt der Betrieb fortlaufend Ma\u00dfnahmen, um beispielsweise so wenig Trinkwasser und Grundwasser wie m\u00f6glich zu verbrauchen\u201c, sagt Alexander Mauritz, Betriebsleiter der Stadtentw\u00e4sserung Mannheim. Beim Trinkwasserverbrauch hat der Kanalbetrieb den gr\u00f6\u00dften Bedarf f\u00fcr die Sp\u00fclung der Kanalrohre. Durch den Einsatz von drei Hochdrucksp\u00fclfahrzeugen mit Wasserr\u00fcckgewinnung kann der Trinkwasserverbrauch reduziert werden. Das Kl\u00e4rwerk deckt seinen Bedarf an sauberem Wasser zu Reinigungszwecken haupts\u00e4chlich durch Grundwasser. Den Hauptanteil beim Wasserverbrauch hat jedoch das behandelte Abwasser, welches als K\u00fchlwasser in der Kl\u00e4rschlammtrocknung, zum Sp\u00fclen der Regen\u00fcberlaufbecken und der Sandwaschanlage verwendet wird. Mit der Nutzung des bereits vorhandenen Abwassers spart die Stadtentw\u00e4sserung erhebliche Ressourcen und Kosten ein.<\/p>\n\n\n\n<p>Der komplette Umweltbericht der Stadtentw\u00e4sserung Mannheim ist unter <a href=\"http:\/\/www.mannheim.de\/stadtentwaesserung\">www.mannheim.de\/stadtentwaesserung<\/a> abrufbar.<\/p>\n\n\n\n<p>Der Internationale Tag des Wassers am 22. M\u00e4rz ist ein j\u00e4hrlicher weltweiter Aufruf der Vereinten Nationen zu einem nachhaltigen Umgang mit Wasserressourcen und den Gew\u00e4ssern. In diesem Jahr steht der Tag unter dem Motto \u201eWert des Wassers\u201c. Weitere Informationen zum Weltwassertag sind hier verf\u00fcgbar: <a href=\"http:\/\/www.bmu.de\/themen\/wasser-abfall-boden\/binnengewaesser\/gewaesserschutzpolitik\/international\/weltwassertag-am-22-maerz-2021\/\">www.bmu.de\/themen\/wasser-abfall-boden\/binnengewaesser\/gewaesserschutzpolitik\/international\/weltwassertag-am-22-maerz-2021\/<\/a><\/p>\n\n\n\n<p><em>Stadt Mannheim<br>29.03.2021<\/em><\/p>\n\n\n\n<h1 class=\"wp-block-heading\" style=\"text-align:center\">Corona-Virus<\/h1>\n\n\n\n<figure class=\"wp-block-image\"><img decoding=\"async\" loading=\"lazy\" width=\"800\" height=\"346\" src=\"https:\/\/speyer24news.com\/wp-content\/uploads\/2020\/02\/coronavirus-4817450_1920.jpg\" alt=\"\" class=\"wp-image-25126\" srcset=\"https:\/\/speyer24news.com\/wp-content\/uploads\/2020\/02\/coronavirus-4817450_1920.jpg 800w, https:\/\/speyer24news.com\/wp-content\/uploads\/2020\/02\/coronavirus-4817450_1920-300x130.jpg 300w, https:\/\/speyer24news.com\/wp-content\/uploads\/2020\/02\/coronavirus-4817450_1920-768x332.jpg 768w\" sizes=\"(max-width: 800px) 100vw, 800px\" \/><\/figure>\n\n\n\n<h2 class=\"wp-block-heading\">390. Aktuelle Meldung zu Corona 28.03.2021<\/h2>\n\n\n\n<ul><li><strong>1. Aktuelle Fallzahlen<\/strong><\/li><li><strong>2. Neue Corona- Verordnung des Landes<\/strong><\/li><li><strong>3. Impftermine \u2013 zentrale Terminvergabe des Landes seit Freitag wieder m\u00f6glich<\/strong><\/li><li><strong>4. Impftermine f\u00fcr B\u00fcrger*innen des Jahrgangs 1941<\/strong><\/li><\/ul>\n\n\n\n<h4 class=\"wp-block-heading\">1. Aktuelle Fallzahlen \u2013 Zahl der nachgewiesenen Corona-F\u00e4lle erh\u00f6ht sich auf 12324<\/h4>\n\n\n\n<p>Dem Gesundheitsamt wurden bis heute Nachmittag, 28.03.2021, 16 Uhr, 88 weitere F\u00e4lle einer nachgewiesenen Coronavirus-Infektion gemeldet. Die Zahl der best\u00e4tigten F\u00e4lle in Mannheim erh\u00f6ht sich auf insgesamt 12324.<\/p>\n\n\n\n<p>Das Gesundheitsamt nimmt Kontakt zu den positiv getesteten F\u00e4llen auf, nachdem der Laborbefund im Gesundheitsamt vorliegt. Im ersten Schritt ermittelt das Gesundheitsamt die Kontaktpersonen der nachgewiesen Infizierten, insbesondere im Bereich der sogenannten vulnerablen Gruppen. Diese werden nach Entscheidung und fachlicher Einsch\u00e4tzung durch das Gesundheitsamt auf das Virus getestet.<\/p>\n\n\n\n<p>Alle beteiligten \u00c4rzte, Gesundheitsbeh\u00f6rden sowie das Kompetenzzentrum Gesundheitsschutz am Landesgesundheitsamt arbeiten dabei eng zusammen. Die Mehrheit aller in Mannheim bislang nachgewiesenen Infizierten zeigen nur milde Krankheitsanzeichen und k\u00f6nnen in h\u00e4uslicher Quarant\u00e4ne verbleiben. Bislang gelten in Mannheim 10813 Personen als genesen, die h\u00e4usliche Quarant\u00e4ne wurde bei ihnen aufgehoben. Damit gibt es in Mannheim 1253 akute Infektionsf\u00e4lle.<\/p>\n\n\n\n<p>Das Gesundheitsamt appelliert an die B\u00fcrgerinnen und B\u00fcrger, sich auch bei geringen Krankheitszeichen wie Schnupfen, Husten oder leichtem Fieber sofort testen zu lassen.<\/p>\n\n\n\n<p>Sobald das Landesgesundheitsamt Baden-W\u00fcrttemberg die Inzidenz f\u00fcr den Stadtkreis Mannheim ver\u00f6ffentlicht, ist sie unter <a href=\"http:\/\/www.mannheim.de\/inzidenzzahl\">www.mannheim.de\/inzidenzzahl<\/a> einzusehen.<\/p>\n\n\n\n<h4 class=\"wp-block-heading\">2. Neue Corona- Verordnung des Landes<\/h4>\n\n\n\n<p>Die Landesregierung hat am 27. M\u00e4rz 2021 eine neue Verordnung \u00fcber infektionssch\u00fctzende Ma\u00dfnahmen gegen die Ausbreitung des Coronavirus (Corona-Verordnung) beschlossen. Die neuen Regelungen gelten ab 29. M\u00e4rz 2021 und sind hier zu finden: <a href=\"https:\/\/www.baden-wuerttemberg.de\/de\/service\/aktuelle-infos-zu-corona\/aktuelle-corona-verordnung-des-landes-baden-wuerttemberg\/\">https:\/\/www.baden-wuerttemberg.de\/de\/service\/aktuelle-infos-zu-corona\/aktuelle-corona-verordnung-des-landes-baden-wuerttemberg\/<\/a><\/p>\n\n\n\n<h4 class=\"wp-block-heading\">3. Impftermine \u2013 zentrale Terminvergabe des Landes seit Freitag wieder m\u00f6glich<\/h4>\n\n\n\n<p>Die zentrale Terminvergabe ist nach Informationen des Landes seit Freitagvormittag, 26. M\u00e4rz, wieder m\u00f6glich. Eine Impfung im Impfzentrum erfolgt nur nach vorheriger Terminvereinbarung. Die Anmeldung erfolgt zentral \u00fcber das Land Baden-W\u00fcrttemberg. Es gibt folgende M\u00f6glichkeiten, einen Termin zu vereinbaren:<\/p>\n\n\n\n<p>Auf der Homepage <a href=\"http:\/\/www.impfterminservice.de\">www.impfterminservice.de<\/a>. Voraussetzung hierf\u00fcr ist eine eigene E-Mail-Adresse, beziehungsweise die M\u00f6glichkeit eine SMS zu empfangen.<\/p>\n\n\n\n<p>Per Telefon unter 116117<\/p>\n\n\n\n<p>Bitte beachten Sie, dass Impftermine nur nach der vorgegebenen Priorisierung vergeben werden d\u00fcrfen. Wurde trotz fehlender Berechtigung ein Termin gebucht, wird kein Zugang zum Impfzentrum gew\u00e4hrt. Zu den impfberechtigten Personengruppen sowie den daf\u00fcr jeweils erforderlichen Nachweisen:<a href=\"https:\/\/impfen-bw.de\/#\">https:\/\/impfen-bw.de\/#<\/a><\/p>\n\n\n\n<h4 class=\"wp-block-heading\">4. Impftermine f\u00fcr B\u00fcrger*innen des Jahrgangs 1941<\/h4>\n\n\n\n<p>Die Stadt Mannheim verschickt zudem nach und nach ein Schreiben an alle B\u00fcrger\/innen des Geburtsjahrgangs 1941 mit Hauptwohnsitz in Mannheim. Die Schreiben erreichen die B\u00fcrger\/innen sukzessive und sollen denjenigen, die \u00fcber die Telefonnummer 116117 keinen Termin erhalten haben, die M\u00f6glichkeit geben, einen Impftermin zu vereinbaren. Es sind auch kurzfristige Termine verf\u00fcgbar.<\/p>\n\n\n\n<p>Das Schreiben beinhaltet eine spezielle Telefonnummer und eine individualisierte Zugangsnummer, um Missbrauch zu vermeiden. \u00dcber dieses Schreiben wird also \u2013 zus\u00e4tzlich zur M\u00f6glichkeit einer Buchung \u00fcber die 116117 \u2013 eine Terminvergabe f\u00fcr diesen berechtigten Personenkreis gesichert.<\/p>\n\n\n\n<p>Weiterhin ist eine schnellere Buchung \u00fcber die 116117 und <a href=\"http:\/\/www.impfterminservice.de\">www.impfterminservice.de<\/a> m\u00f6glich und empfehlenswert.<\/p>\n\n\n\n<p>Zuvor wurden bereits alle \u00fcber 80-j\u00e4hrigen Mannheimer*innen angeschrieben. Diese werden weiterhin gebeten, zu pr\u00fcfen, ob der Brief eingegangen ist und die M\u00f6glichkeit der gesonderten Buchung rasch zu nutzen, wenn sie \u00fcber die zentrale Anmeldung noch keinen Impftermin erhalten haben.<\/p>\n\n\n\n<p>Ob die Stadt weitere Jahrg\u00e4nge anschreiben kann, h\u00e4ngt von weiteren Entscheidungen des Landes ab.<\/p>\n\n\n\n<h2 class=\"wp-block-heading\">389. Aktuelle Meldung zu Corona 27.03.2021<\/h2>\n\n\n\n<ul><li><strong>1. Aktuelle Fallzahlen<\/strong><\/li><li><strong>2. Meldung des Landes: Frankreich als Hochinzidenzgebiet eingestuft-Anmelde- und Testpflichten bei Einreise \/ Weitgehende Ausnahmen bei Quarant\u00e4nepflichten-Kostenloses Testangebot f\u00fcr Grenzpendler<\/strong><\/li><li><strong>3. Impftermine \u2013 zentrale Terminvergabe des Landes seit gestern wieder m\u00f6glich<\/strong><\/li><li><strong>4. Impftermine f\u00fcr B\u00fcrger*innen des Jahrgangs 1941<\/strong><\/li><\/ul>\n\n\n\n<h4 class=\"wp-block-heading\">1. Aktuelle Fallzahlen \u2013 Zahl der nachgewiesenen Corona-F\u00e4lle erh\u00f6ht sich auf 12236<\/h4>\n\n\n\n<p>Dem Gesundheitsamt wurden bis heute Nachmittag, 27.03.2021, 16 Uhr, 45 weitere F\u00e4lle einer nachgewiesenen Coronavirus-Infektion gemeldet. Die Zahl der best\u00e4tigten F\u00e4lle in Mannheim erh\u00f6ht sich auf insgesamt 12236.<\/p>\n\n\n\n<p>Das Gesundheitsamt nimmt Kontakt zu den positiv getesteten F\u00e4llen auf, nachdem der Laborbefund im Gesundheitsamt vorliegt. Im ersten Schritt ermittelt das Gesundheitsamt die Kontaktpersonen der nachgewiesen Infizierten, insbesondere im Bereich der sogenannten vulnerablen Gruppen. Diese werden nach Entscheidung und fachlicher Einsch\u00e4tzung durch das Gesundheitsamt auf das Virus getestet.<\/p>\n\n\n\n<p>Alle beteiligten \u00c4rzte, Gesundheitsbeh\u00f6rden sowie das Kompetenzzentrum Gesundheitsschutz am Landesgesundheitsamt arbeiten dabei eng zusammen. Die Mehrheit aller in Mannheim bislang nachgewiesenen Infizierten zeigen nur milde Krankheitsanzeichen und k\u00f6nnen in h\u00e4uslicher Quarant\u00e4ne verbleiben. Bislang gelten in Mannheim 10753 Personen als genesen, die h\u00e4usliche Quarant\u00e4ne wurde bei ihnen aufgehoben. Damit gibt es in Mannheim 1225 akute Infektionsf\u00e4lle.<\/p>\n\n\n\n<p>Das Gesundheitsamt appelliert an die B\u00fcrgerinnen und B\u00fcrger, sich auch bei geringen Krankheitszeichen wie Schnupfen, Husten oder leichtem Fieber sofort testen zu lassen.<\/p>\n\n\n\n<p>Sobald das Landesgesundheitsamt Baden-W\u00fcrttemberg die Inzidenz f\u00fcr den Stadtkreis Mannheim ver\u00f6ffentlicht, ist sie unter <a href=\"http:\/\/www.mannheim.de\/inzidenzzahl\">www.mannheim.de\/inzidenzzahl<\/a> einzusehen.<\/p>\n\n\n\n<h4 class=\"wp-block-heading\">2. Meldung des Landes: Frankreich als Hochinzidenzgebiet eingestuft-Anmelde- und Testpflichten bei Einreise \/ Weitgehende Ausnahmen bei Quarant\u00e4nepflichten-Kostenloses Testangebot f\u00fcr Grenzpendler<\/h4>\n\n\n\n<p>Der Bund hat Frankreich gestern als Hochinzidenzgebiet eingestuft. Ab Sonntag, 28. M\u00e4rz, 0 Uhr, gelten damit versch\u00e4rfte Einreiseregelungen f\u00fcr alle Personen, die sich in den letzten 10 Tagen vor Einreise in Frankreich aufgehalten haben.<\/p>\n\n\n\n<p>Ab Sonntag gilt aufgrund bundesrechtlicher Regelungen grunds\u00e4tzlich eine zwingende Test- und Nachweispflicht bereits bei Einreise. Zudem muss man sich vor der Einreise digital anmelden.<\/p>\n\n\n\n<p>Um ein unkompliziertes Vorgehen zu erm\u00f6glichen und dem gemeinsamen grenz\u00fcberschreitenden Lebensraum gerecht zu werden, hat das Land Baden-W\u00fcrttemberg zus\u00e4tzliche Ausnahmen von der Test- und Nachweispflicht geschaffen, von denen insbesondere Grenzpendler und Grenzg\u00e4nger profitieren. Hier sind w\u00f6chentlich zwei Negativtests ausreichend, zudem kann der Test auch unverz\u00fcglich nach Einreise durchgef\u00fchrt werden. Antigen-Schnelltests k\u00f6nnen in Baden-W\u00fcrttemberg kostenlos durchgef\u00fchrt werden. T\u00e4gliche Grenzpendler sind zudem von der Anmeldepflicht befreit.<\/p>\n\n\n\n<p>Die Quarant\u00e4nevorschriften hatte Baden-W\u00fcrttemberg bereits fr\u00fchzeitig f\u00fcr den Fall der Einstufung eines Landes als Hochinzidenzgebiet angepasst. Es gelten in Baden-W\u00fcrttemberg daher weiterhin dieselben Ausnahmevorschriften, die bislang schon bei Einstufung als normales Risikogebiet galten. Sofern allerdings eine Quarant\u00e4nepflicht besteht, ist zu beachten, dass man sich in diesem Fall in 10-t\u00e4gige h\u00e4usliche Absonderung begeben muss, die nicht durch einen Negativtest verk\u00fcrzt werden kann.<\/p>\n\n\n\n<h4 class=\"wp-block-heading\">3. Impftermine \u2013 zentrale Terminvergabe des Landes seit gestern wieder m\u00f6glich<\/h4>\n\n\n\n<p>Die zentrale Terminvergabe ist nach Informationen des Landes seit Freitagvormittag, 26. M\u00e4rz, wieder m\u00f6glich. Eine Impfung im Impfzentrum erfolgt nur nach vorheriger Terminvereinbarung. Die Anmeldung erfolgt zentral \u00fcber das Land Baden-W\u00fcrttemberg. Es gibt folgende M\u00f6glichkeiten, einen Termin zu vereinbaren:<\/p>\n\n\n\n<p>Auf der Homepage <a href=\"http:\/\/www.impfterminservice.de\">www.impfterminservice.de<\/a>. Voraussetzung hierf\u00fcr ist eine eigene E-Mail-Adresse, beziehungsweise die M\u00f6glichkeit eine SMS zu empfangen.<\/p>\n\n\n\n<p>Per Telefon unter 116117<\/p>\n\n\n\n<p>Bitte beachten Sie, dass Impftermine nur nach der vorgegebenen Priorisierung vergeben werden d\u00fcrfen. Wurde trotz fehlender Berechtigung ein Termin gebucht, wird kein Zugang zum Impfzentrum gew\u00e4hrt. Zu den impfberechtigten Personengruppen sowie den daf\u00fcr jeweils erforderlichen Nachweisen:<a href=\"https:\/\/impfen-bw.de\/#\">https:\/\/impfen-bw.de\/#<\/a><\/p>\n\n\n\n<h4 class=\"wp-block-heading\">4. Impftermine f\u00fcr B\u00fcrger*innen des Jahrgangs 1941<\/h4>\n\n\n\n<p>Die Stadt Mannheim verschickt zudem nach und nach ein Schreiben an alle B\u00fcrger\/innen des Geburtsjahrgangs 1941 mit Hauptwohnsitz in Mannheim. Die Schreiben erreichen die B\u00fcrger\/innen sukzessive und sollen denjenigen, die \u00fcber die Telefonnummer 116117 keinen Termin erhalten haben, die M\u00f6glichkeit geben, einen Impftermin zu vereinbaren. Es sind auch kurzfristige Termine verf\u00fcgbar.<\/p>\n\n\n\n<p>Das Schreiben beinhaltet eine spezielle Telefonnummer und eine individualisierte Zugangsnummer, um Missbrauch zu vermeiden. \u00dcber dieses Schreiben wird also \u2013 zus\u00e4tzlich zur M\u00f6glichkeit einer Buchung \u00fcber die 116117 \u2013 eine Terminvergabe f\u00fcr diesen berechtigten Personenkreis gesichert.<\/p>\n\n\n\n<p>Weiterhin ist eine schnellere Buchung \u00fcber die 116117 und <a href=\"http:\/\/www.impfterminservice.de\">www.impfterminservice.de<\/a> m\u00f6glich und empfehlenswert.<\/p>\n\n\n\n<p>Zuvor wurden bereits alle \u00fcber 80-j\u00e4hrigen Mannheimer*innen angeschrieben. Diese werden weiterhin gebeten, zu pr\u00fcfen, ob der Brief eingegangen ist und die M\u00f6glichkeit der gesonderten Buchung rasch zu nutzen, wenn sie \u00fcber die zentrale Anmeldung noch keinen Impftermin erhalten haben.<\/p>\n\n\n\n<p>Ob die Stadt weitere Jahrg\u00e4nge anschreiben kann, h\u00e4ngt von weiteren Entscheidungen des Landes ab.<\/p>\n\n\n\n<h2 class=\"wp-block-heading\">388. Aktuelle Meldung zu Corona 26.03.2021<\/h2>\n\n\n\n<ul><li><strong>1. Aktuelle Fallzahlen<\/strong><\/li><li><strong>2. Aktuelle Impfzahlen<\/strong><\/li><li><strong>3. Impftermine \u2013 zentrale Terminvergabe des Landes seit heute wieder m\u00f6glich<\/strong><\/li><li><strong>4. Impftermine f\u00fcr B\u00fcrger\/innen des Jahrgangs 1941 5 Selbsttests f\u00fcr Sch\u00fcler\/innen und Kita-Kinder in Mannheim nach Ostern &#8211; Mannheim schafft Testm\u00f6glichkeiten f\u00fcr Kinder und Personal<\/strong><\/li><\/ul>\n\n\n\n<h4 class=\"wp-block-heading\">1. Aktuelle Fallzahlen \u2013 Zahl der nachgewiesenen Corona-F\u00e4lle erh\u00f6ht sich auf 12191<\/h4>\n\n\n\n<p>Dem Gesundheitsamt wurden bis heute Nachmittag, 26.03.2021, 16 Uhr, 73 weitere F\u00e4lle einer nachgewiesenen Coronavirus-Infektion gemeldet. Die Zahl der best\u00e4tigten F\u00e4lle in Mannheim erh\u00f6ht sich auf insgesamt 12191.<\/p>\n\n\n\n<p>Im Zeitraum vom 20.03.2021 \u2013 26.03.2021 sind 145 neue F\u00e4lle von Mutationen gemeldet worden. Insgesamt ist in der \u00fcberwiegenden Mehrzahl der F\u00e4lle die Virusvariante B.1.1.7. nachgewiesen, die vorwiegend in Gro\u00dfbritannien aufgetreten ist und bei der es Hinweise darauf gibt, dass eine Infektion mit einer h\u00f6heren Viruslast einhergeht, die Variante infekti\u00f6ser ist und eine h\u00f6here Reproduktionszahl aufweist.<\/p>\n\n\n\n<p>Das Gesundheitsamt nimmt Kontakt zu den positiv getesteten F\u00e4llen auf, nachdem der Laborbefund im Gesundheitsamt vorliegt. Im ersten Schritt ermittelt das Gesundheitsamt die Kontaktpersonen der nachgewiesen Infizierten, insbesondere im Bereich der sogenannten vulnerablen Gruppen. Diese werden nach Entscheidung und fachlicher Einsch\u00e4tzung durch das Gesundheitsamt auf das Virus getestet.<\/p>\n\n\n\n<p>Alle beteiligten \u00c4rzte, Gesundheitsbeh\u00f6rden sowie das Kompetenzzentrum Gesundheitsschutz am Landesgesundheitsamt arbeiten dabei eng zusammen. Die Mehrheit aller in Mannheim bislang nachgewiesenen Infizierten zeigen nur milde Krankheitsanzeichen und k\u00f6nnen in h\u00e4uslicher Quarant\u00e4ne verbleiben. Bislang gelten in Mannheim 10741 Personen als genesen, die h\u00e4usliche Quarant\u00e4ne wurde bei ihnen aufgehoben. Damit gibt es in Mannheim 1192 akute Infektionsf\u00e4lle.<\/p>\n\n\n\n<p>Das Gesundheitsamt appelliert an die B\u00fcrgerinnen und B\u00fcrger, sich auch bei geringen Krankheitszeichen wie Schnupfen, Husten oder leichtem Fieber sofort testen zu lassen.<\/p>\n\n\n\n<p>Sobald das Landesgesundheitsamt Baden-W\u00fcrttemberg die Inzidenz f\u00fcr den Stadtkreis Mannheim ver\u00f6ffentlicht, ist sie unter <a href=\"http:\/\/www.mannheim.de\/inzidenzzahl\">www.mannheim.de\/inzidenzzahl<\/a> einzusehen.<\/p>\n\n\n\n<h4 class=\"wp-block-heading\">2. Aktuelle Impfzahlen<\/h4>\n\n\n\n<p>In der Zeit vom 27.12.2020 bis zum 26.03.2021 (Stand heute 16:00 Uhr) wurden in Mannheim 69.532 Impfungen gegen das Coronavirus durchgef\u00fchrt.<\/p>\n\n\n\n<p>Dabei handelt es sich bei 44.033 Impfungen um Erstimpfungen und bei 25.499 um Zweitimpfungen.<\/p>\n\n\n\n<p>Die Zahlen beinhalten sowohl die Impfungen im Mannheimer Impfzentrum als auch die Impfungen der mobilen Impfteams.<\/p>\n\n\n\n<h4 class=\"wp-block-heading\">3. Impftermine \u2013 zentrale Terminvergabe des Landes seit heute wieder m\u00f6glich<\/h4>\n\n\n\n<p>Die zentrale Terminvergabe ist nach Informationen des Landes seit Freitagvormittag, 26. M\u00e4rz, wieder m\u00f6glich. Eine Impfung im Impfzentrum erfolgt nur nach vorheriger Terminvereinbarung. Die Anmeldung erfolgt zentral \u00fcber das Land Baden-W\u00fcrttemberg. Es gibt folgende M\u00f6glichkeiten, einen Termin zu vereinbaren:<\/p>\n\n\n\n<p>Auf der Homepage www.impfterminservice.de. Voraussetzung hierf\u00fcr ist eine eigene E-Mail-Adresse, beziehungsweise die M\u00f6glichkeit eine SMS zu empfangen.<\/p>\n\n\n\n<p>Per Telefon unter 116117<\/p>\n\n\n\n<p>Bitte beachten Sie, dass Impftermine nur nach der vorgegebenen Priorisierung vergeben werden d\u00fcrfen. Wurde trotz fehlender Berechtigung ein Termin gebucht, wird kein Zugang zum Impfzentrum gew\u00e4hrt. Zu den impfberechtigten Personengruppen sowie den daf\u00fcr jeweils erforderlichen Nachweisen:<a href=\"https:\/\/impfen-bw.de\/#\">https:\/\/impfen-bw.de\/#<\/a><\/p>\n\n\n\n<h4 class=\"wp-block-heading\">4. Impftermine f\u00fcr B\u00fcrger*innen des Jahrgangs 1941<\/h4>\n\n\n\n<p>Die Stadt Mannheim verschickt zudem nach und nach ein Schreiben an alle B\u00fcrger\/innen des Geburtsjahrgangs 1941 mit Hauptwohnsitz in Mannheim. Die Schreiben erreichen die B\u00fcrger\/innen sukzessive und sollen denjenigen, die \u00fcber die Telefonnummer 116117 keinen Termin erhalten haben, die M\u00f6glichkeit geben, einen Impftermin zu vereinbaren. Es sind auch kurzfristige Termine verf\u00fcgbar.<\/p>\n\n\n\n<p>Das Schreiben beinhaltet eine spezielle Telefonnummer und eine individualisierte Zugangsnummer, um Missbrauch zu vermeiden. \u00dcber dieses Schreiben wird also \u2013 zus\u00e4tzlich zur M\u00f6glichkeit einer Buchung \u00fcber die 116117 \u2013 eine Terminvergabe f\u00fcr diesen berechtigten Personenkreis gesichert.<\/p>\n\n\n\n<p>Weiterhin ist eine schnellere Buchung \u00fcber die 116117 und <a href=\"http:\/\/www.impfterminservice.de\">www.impfterminservice.de<\/a> m\u00f6glich und empfehlenswert.<\/p>\n\n\n\n<p>Zuvor wurden bereits alle \u00fcber 80-j\u00e4hrigen Mannheimer*innen angeschrieben. Diese werden weiterhin gebeten, zu pr\u00fcfen, ob der Brief eingegangen ist und die M\u00f6glichkeit der gesonderten Buchung rasch zu nutzen, wenn sie \u00fcber die zentrale Anmeldung noch keinen Impftermin erhalten haben.<\/p>\n\n\n\n<p>Ob die Stadt weitere Jahrg\u00e4nge anschreiben kann, h\u00e4ngt von weiteren Entscheidungen des Landes ab.<\/p>\n\n\n\n<h4 class=\"wp-block-heading\">5. Selbsttests f\u00fcr Sch\u00fcler*innen und Kita-Kinder in Mannheim nach Ostern &#8211; Mannheim schafft Testm\u00f6glichkeiten f\u00fcr Kinder und Personal<\/h4>\n\n\n\n<p>Das Land hat angek\u00fcndigt, dass nach den Osterferien f\u00fcr alle Kinder an Schulen regelm\u00e4\u00dfige Schnelltests zwei Mal pro Woche angeboten werden sollen. Ein klares Konzept mit den Details zur Umsetzung hierf\u00fcr liegt derzeit noch nicht vor. Die Stadt Mannheim hat sich bereits vor der Ank\u00fcndigung des Landes auf den Weg gemacht, f\u00fcr Personal an Schulen und Kitas entsprechende Testm\u00f6glichkeiten bereitzustellen und wird solche nun auch ab Mitte April f\u00fcr alle Kinder und Jugendlichen an Mannheimer Schulen und Kitas schaffen. Ziel ist es, dass alle Kinder in Mannheimer Einrichtungen zwei Mal w\u00f6chentlich getestet werden k\u00f6nnen.<\/p>\n\n\n\n<p>Dazu hat die Stadt f\u00fcr die Schulen 300.000 Tests mit kurzen Testst\u00e4bchen f\u00fcr einen Nasaltest geordert, die nach den Osterferien den Schulen zur Verf\u00fcgung gestellt werden sollen. Die Umsetzung der Testungen liegt bei den Schulen. Um einen niederschwelligen Zugang zum Thema Testen zu schaffen, hatte die Stadt bereits seit Mitte M\u00e4rz ein Pilotprojekt mit Riechtests an drei Mannheimer Schulen initiiert. Einzelne Schulen haben zudem auch eigene Modelle erprobt. Derzeit wird gekl\u00e4rt, ob zum Teil eine Refinanzierung durch das Land erfolgt. Unklar ist derzeit auch, ob das Land (erg\u00e4nzende) Lieferungen von Tests vorsieht.<\/p>\n\n\n\n<p>Auch im Bereich der Kindertagesst\u00e4tten (Kitas) hatte die Stadt dem Personal bereits vor der Ank\u00fcndigung des Landes regelm\u00e4\u00dfige Testungen mit Antigen Schnelltests direkt in den Kitas erm\u00f6glicht. Das Angebot wird von zirka 70 Prozent der Besch\u00e4ftigten in den st\u00e4dtischen Kitas angenommen. Zudem setzt sich die Stadt f\u00fcr ein schnelles Impfen des p\u00e4dagogischen Personals ein und hat hierzu bereits eine erste Aktion initiiert, indem eine L\u00fccke bei Terminen des Landes in dieser Woche genutzt wurde, um f\u00fcr Erzieher*innen (tr\u00e4ger\u00fcbergreifend) ein solches Impfangebot zu offerieren.<\/p>\n\n\n\n<p>Aber auch f\u00fcr alle Kita-Kinder sollen nach Ostern regelm\u00e4\u00dfige Testm\u00f6glichkeiten zwei Mal pro Woche bereitstehen. Den Eltern stehen zwei unterschiedliche Tests zur Auswahl: ein Spucktest und ein Nasaltest. Sie k\u00f6nnen frei entscheiden, welchen Test sie zu Hause bei ihrem Kind nutzen m\u00f6chten. Welcher Test gew\u00e4hlt wird, h\u00e4ngt dabei auch von der Reaktion des Kindes ab. Die Antigen-Schnelltests werden den Eltern kostenfrei f\u00fcr zwei Tests pro Woche zur Verf\u00fcgung gestellt. Dazu hat die Stadt je Testform 50.000 St\u00fcck geordert. Das Angebot der Stadt richtet sich sowohl an Eltern st\u00e4dtischer Tageseinrichtungen als auch an Eltern in Kitas freier Tr\u00e4ger. Bereits seit 22. M\u00e4rz hat die Stadt dazu ein Pilotprojekt mit zw\u00f6lf st\u00e4dtischen Kitas gestartet, um die Handhabung dieser Testm\u00f6glichkeiten mit Kindern auszuloten. Die Erfahrungen werden ausgewertet.<\/p>\n\n\n\n<h2 class=\"wp-block-heading\">387. Aktuelle Meldung zu Corona 25.03.2021<\/h2>\n\n\n\n<ul><li><strong>1. Aktuelle Fallzahlen<\/strong><\/li><li><strong>2. Impftermine \u2013 zentrale Terminvergabe nach Landesangaben ab morgen wieder m\u00f6glich<\/strong><\/li><li><strong>3. Impftermine f\u00fcr B\u00fcrger*innen des Jahrgangs 1941<\/strong><\/li><\/ul>\n\n\n\n<h4 class=\"wp-block-heading\">1. Aktuelle Fallzahlen \u2013 Zahl der nachgewiesenen Corona-F\u00e4lle erh\u00f6ht sich auf 12118<\/h4>\n\n\n\n<p>Dem Gesundheitsamt wurden bis heute Nachmittag, 25.03.2021, 16 Uhr, 99 weitere F\u00e4lle einer nachgewiesenen Coronavirus-Infektion gemeldet. Die Zahl der best\u00e4tigten F\u00e4lle in Mannheim erh\u00f6ht sich auf insgesamt 12118.<\/p>\n\n\n\n<p>Das Gesundheitsamt nimmt Kontakt zu den positiv getesteten F\u00e4llen auf, nachdem der Laborbefund im Gesundheitsamt vorliegt. Im ersten Schritt ermittelt das Gesundheitsamt die Kontaktpersonen der nachgewiesen Infizierten, insbesondere im Bereich der sogenannten vulnerablen Gruppen. Diese werden nach Entscheidung und fachlicher Einsch\u00e4tzung durch das Gesundheitsamt auf das Virus getestet.<\/p>\n\n\n\n<p>Alle beteiligten \u00c4rzte, Gesundheitsbeh\u00f6rden sowie das Kompetenzzentrum Gesundheitsschutz am Landesgesundheitsamt arbeiten dabei eng zusammen. Die Mehrheit aller in Mannheim bislang nachgewiesenen Infizierten zeigen nur milde Krankheitsanzeichen und k\u00f6nnen in h\u00e4uslicher Quarant\u00e4ne verbleiben. Bislang gelten in Mannheim 10700 Personen als genesen, die h\u00e4usliche Quarant\u00e4ne wurde bei ihnen aufgehoben. Damit gibt es in Mannheim 1160 akute Infektionsf\u00e4lle.<\/p>\n\n\n\n<p>Das Gesundheitsamt appelliert an die B\u00fcrgerinnen und B\u00fcrger, sich auch bei geringen Krankheitszeichen wie Schnupfen, Husten oder leichtem Fieber sofort testen zu lassen.<br>Sobald das Landesgesundheitsamt Baden-W\u00fcrttemberg die Inzidenz f\u00fcr den Stadtkreis Mannheim ver\u00f6ffentlicht, ist sie unter <a href=\"http:\/\/www.mannheim.de\/inzidenzzahl\">www.mannheim.de\/inzidenzzahl<\/a> einzusehen.<\/p>\n\n\n\n<h4 class=\"wp-block-heading\">2. Impftermine \u2013 zentrale Terminvergabe nach Landesangaben ab morgen wieder m\u00f6glich<\/h4>\n\n\n\n<p>Das Land hat angek\u00fcndigt, dass die zentrale Terminvergabe ab morgen Vormittag, 26. M\u00e4rz wieder m\u00f6glich sein soll. Eine Impfung im Impfzentrum erfolgt nur nach vorheriger Terminvereinbarung. Die Anmeldung erfolgt zentral \u00fcber das Land Baden-W\u00fcrttemberg. Es gibt folgende M\u00f6glichkeiten, einen Termin zu vereinbaren:<\/p>\n\n\n\n<p>Auf der Homepage www.impfterminservice.de. Voraussetzung hierf\u00fcr ist eine eigene E-Mail-Adresse, beziehungsweise die M\u00f6glichkeit eine SMS zu empfangen.<\/p>\n\n\n\n<p>Per Telefon unter 116117<\/p>\n\n\n\n<p>Bitte beachten Sie, dass Impftermine nur nach der vorgegebenen Priorisierung vergeben werden d\u00fcrfen. Wurde trotz fehlender Berechtigung ein Termin gebucht, wird kein Zugang zum Impfzentrum gew\u00e4hrt. Zu den impfberechtigten Personengruppen sowie den daf\u00fcr jeweils erforderlichen Nachweisen: <a href=\"https:\/\/impfen-bw.de\/#\">https:\/\/impfen-bw.de\/#<\/a><\/p>\n\n\n\n<h4 class=\"wp-block-heading\">3. Impftermine f\u00fcr B\u00fcrger*innen des Jahrgangs 1941<\/h4>\n\n\n\n<p>Die Stadt Mannheim verschickt zudem seit heute nach und nach ein Schreiben an alle B\u00fcrger\/innen des Geburtsjahrgangs 1941 mit Hauptwohnsitz in Mannheim. Die Schreiben erreichen die B\u00fcrger\/innen sukzessive und sollen denjenigen, die \u00fcber die Telefonnummer 116117 keinen Termin erhalten haben, die M\u00f6glichkeit geben, einen Impftermin zu vereinbaren. Es sind auch kurzfristige Termine verf\u00fcgbar.<\/p>\n\n\n\n<p>Das Schreiben beinhaltet eine spezielle Telefonnummer und eine individualisierte Zugangsnummer, um Missbrauch zu vermeiden. \u00dcber dieses Schreiben wird also \u2013 zus\u00e4tzlich zur M\u00f6glichkeit einer Buchung \u00fcber die 116117 \u2013 eine Terminvergabe f\u00fcr diesen berechtigten Personenkreis gesichert.<\/p>\n\n\n\n<p>Weiterhin ist eine schnellere Buchung \u00fcber die 116117 und <a href=\"http:\/\/www.impfterminservice.de\">www.impfterminservice.de<\/a> m\u00f6glich und empfehlenswert.<\/p>\n\n\n\n<p>Zuvor wurden bereits alle \u00fcber 80-j\u00e4hrigen Mannheimer*innen angeschrieben. Diese werden weiterhin gebeten, zu pr\u00fcfen, ob der Brief eingegangen ist und die M\u00f6glichkeit der gesonderten Buchung rasch zu nutzen, wenn sie \u00fcber die zentrale Anmeldung noch keinen Impftermin erhalten haben.<\/p>\n\n\n\n<p>Ob die Stadt weitere Jahrg\u00e4nge anschreiben kann, h\u00e4ngt von weiteren Entscheidungen des Landes ab.<\/p>\n\n\n\n<h2 class=\"wp-block-heading\">386. Aktuelle Meldung zu Corona 24.03.2021<\/h2>\n\n\n\n<ul><li><strong>1. Aktuelle Fallzahlen<\/strong><\/li><li><strong>2. Neue Allgemeinverf\u00fcgung zu Ausgangsbeschr\u00e4nkungen in Mannheim<\/strong><\/li><\/ul>\n\n\n\n<h4 class=\"wp-block-heading\">1. Aktuelle Fallzahlen \u2013 Zahl der nachgewiesenen Corona-F\u00e4lle erh\u00f6ht sich auf 12019<\/h4>\n\n\n\n<p>Dem Gesundheitsamt wurden bis heute Nachmittag, 24.03.2021, 16 Uhr, 90 weitere F\u00e4lle einer nachgewiesenen Coronavirus-Infektion gemeldet. Die Zahl der best\u00e4tigten F\u00e4lle in Mannheim erh\u00f6ht sich auf insgesamt 12019.<\/p>\n\n\n\n<p>Das Gesundheitsamt nimmt Kontakt zu den positiv getesteten F\u00e4llen auf, nachdem der Laborbefund im Gesundheitsamt vorliegt. Im ersten Schritt ermittelt das Gesundheitsamt die Kontaktpersonen der nachgewiesen Infizierten, insbesondere im Bereich der sogenannten vulnerablen Gruppen. Diese werden nach Entscheidung und fachlicher Einsch\u00e4tzung durch das Gesundheitsamt auf das Virus getestet.<\/p>\n\n\n\n<p>Alle beteiligten \u00c4rzte, Gesundheitsbeh\u00f6rden sowie das Kompetenzzentrum Gesundheitsschutz am Landesgesundheitsamt arbeiten dabei eng zusammen. Die Mehrheit aller in Mannheim bislang nachgewiesenen Infizierten zeigen nur milde Krankheitsanzeichen und k\u00f6nnen in h\u00e4uslicher Quarant\u00e4ne verbleiben. Bislang gelten in Mannheim 10649 Personen als genesen, die h\u00e4usliche Quarant\u00e4ne wurde bei ihnen aufgehoben. Damit gibt es in Mannheim 1112 akute Infektionsf\u00e4lle.<\/p>\n\n\n\n<p>Das Gesundheitsamt appelliert an die B\u00fcrgerinnen und B\u00fcrger, sich auch bei geringen Krankheitszeichen wie Schnupfen, Husten oder leichtem Fieber sofort testen zu lassen.<br>Sobald das Landesgesundheitsamt Baden-W\u00fcrttemberg die Inzidenz f\u00fcr den Stadtkreis Mannheim ver\u00f6ffentlicht, ist sie unter <a href=\"http:\/\/www.mannheim.de\/inzidenzzahl\">www.mannheim.de\/inzidenzzahl<\/a> einzusehen.<\/p>\n\n\n\n<h4 class=\"wp-block-heading\">2. Neue Allgemeinverf\u00fcgung zu Ausgangsbeschr\u00e4nkungen in Mannheim<\/h4>\n\n\n\n<p>Angesichts der weiter steigenden Inzidenz erl\u00e4sst die Stadt Mannheim eine Allgemeinverf\u00fcgung \u00fcber eine n\u00e4chtliche Ausgangsbeschr\u00e4nkung in der Zeit von 21 Uhr bis 5 Uhr. Die Ausgangsbeschr\u00e4nkung tritt am Freitag, den 26. M\u00e4rz 2021, 0.00 Uhr in Kraft treten und wird bis zum 11. April 2021, 24.00 g\u00fcltig sein.<br>Die Allgemeinverf\u00fcgung ist einzusehen unter: <a href=\"https:\/\/www.mannheim.de\/de\/informationen-zu-corona\/aktuelle-rechtsvorschriften\">https:\/\/www.mannheim.de\/de\/informationen-zu-corona\/aktuelle-rechtsvorschriften<\/a><\/p>\n\n\n\n<h2 class=\"wp-block-heading\">385. Aktuelle Meldung zu Corona 23.03.2021<\/h2>\n\n\n\n<ul><li><strong>1. Aktuelle Fallzahlen<\/strong><\/li><li><strong>2. Neue Allgemeinverf\u00fcgung<\/strong><\/li><\/ul>\n\n\n\n<h4 class=\"wp-block-heading\">1. Aktuelle Fallzahlen \u2013 Zahl der nachgewiesenen Corona-F\u00e4lle erh\u00f6ht sich auf 11929<\/h4>\n\n\n\n<p>Dem Gesundheitsamt wurden bis heute Nachmittag, 23.03.2021, 16 Uhr, 96 weitere F\u00e4lle einer nachgewiesenen Coronavirus-Infektion gemeldet. Die Zahl der best\u00e4tigten F\u00e4lle in Mannheim erh\u00f6ht sich auf insgesamt 11929.<\/p>\n\n\n\n<p>Das Gesundheitsamt nimmt Kontakt zu den positiv getesteten F\u00e4llen auf, nachdem der Laborbefund im Gesundheitsamt vorliegt. Im ersten Schritt ermittelt das Gesundheitsamt die Kontaktpersonen der nachgewiesen Infizierten, insbesondere im Bereich der sogenannten vulnerablen Gruppen. Diese werden nach Entscheidung und fachlicher Einsch\u00e4tzung durch das Gesundheitsamt auf das Virus getestet.<\/p>\n\n\n\n<p>Alle beteiligten \u00c4rzte, Gesundheitsbeh\u00f6rden sowie das Kompetenzzentrum Gesundheitsschutz am Landesgesundheitsamt arbeiten dabei eng zusammen. Die Mehrheit aller in Mannheim bislang nachgewiesenen Infizierten zeigen nur milde Krankheitsanzeichen und k\u00f6nnen in h\u00e4uslicher Quarant\u00e4ne verbleiben. Bislang gelten in Mannheim 10586 Personen als genesen, die h\u00e4usliche Quarant\u00e4ne wurde bei ihnen aufgehoben. Damit gibt es in Mannheim 1085 akute Infektionsf\u00e4lle.<\/p>\n\n\n\n<p>Das Gesundheitsamt appelliert an die B\u00fcrgerinnen und B\u00fcrger, sich auch bei geringen Krankheitszeichen wie Schnupfen, Husten oder leichtem Fieber sofort testen zu lassen.<br>Sobald das Landesgesundheitsamt Baden-W\u00fcrttemberg die Inzidenz f\u00fcr den Stadtkreis Mannheim ver\u00f6ffentlicht, ist sie unter <a href=\"http:\/\/www.mannheim.de\/inzidenzzahl\">www.mannheim.de\/inzidenzzahl<\/a> einzusehen.<\/p>\n\n\n\n<h4 class=\"wp-block-heading\">2. Neue Allgemeinverf\u00fcgung<\/h4>\n\n\n\n<p>Die Stadtverwaltung k\u00fcndigt f\u00fcr morgen eine Allgemeinverf\u00fcgung mit einer n\u00e4chtlichen Ausgangsbeschr\u00e4nkung in der Zeit von 21 Uhr bis 5 Uhr an, nach dem unklar geblieben ist, ob es bei der kreisbezogenen Regelung bleibt oder eine landesweite Ausgangsbeschr\u00e4nkung kommt. Angesichts der weiter steigenden Inzidenz kann nicht weiter zugewartet werden. Die rechtlichen Voraussetzungen sind erf\u00fcllt, nachdem \u00d6ffnungen durch Rechtsverordnung zur\u00fcckgenommen wurden. Die Stadt Mannheim hat dar\u00fcber hinaus die Maskenpflicht an Grundschulen und f\u00fcr KITA-Besch\u00e4ftigte eingef\u00fchrt, die Kindertagesst\u00e4tten auf Notbetreuung reduziert und die Maskenpflicht im \u00d6ffentlichen Raum ausgeweitet. Hinzu kommt die Ausweitung von Schnelltests u.a. an Schulen und Kitas. Die Ausgangsbeschr\u00e4nkung soll Freitag 0.00 Uhr in Kraft treten und bis zum 11.April 24.00 g\u00fcltig sein.<br>Die Allgemeinverf\u00fcgung wird morgen hier einzusehen sein: <a href=\"https:\/\/www.mannheim.de\/de\/informationen-zu-corona\/aktuelle-rechtsvorschriften\"><a href=\"https:\/\/www.mannheim.de\/de\/informationen-zu-corona\/aktuelle-rechtsvorschriften\">https:\/\/www.mannheim.de\/de\/informationen-zu-corona\/aktuelle-rechtsvorschriften<\/a><\/a><\/p>\n\n\n\n<h2 class=\"wp-block-heading\">384. Aktuelle Meldung zu Corona 22.03.2021<\/h2>\n\n\n\n<h3 class=\"wp-block-heading\">Aktuelle Fallzahlen \u2013 Zahl der nachgewiesenen Corona-F\u00e4lle erh\u00f6ht sich auf 11833<\/h3>\n\n\n\n<p>Dem Gesundheitsamt wurden bis heute Nachmittag, 22.03.2021, 16 Uhr, 25 weitere F\u00e4lle einer nachgewiesenen Coronavirus-Infektion gemeldet. Die Zahl der best\u00e4tigten F\u00e4lle in Mannheim erh\u00f6ht sich auf insgesamt 11833.<\/p>\n\n\n\n<p>Das Gesundheitsamt nimmt Kontakt zu den positiv getesteten F\u00e4llen auf, nachdem der Laborbefund im Gesundheitsamt vorliegt. Im ersten Schritt ermittelt das Gesundheitsamt die Kontaktpersonen der nachgewiesen Infizierten, insbesondere im Bereich der sogenannten vulnerablen Gruppen. Diese werden nach Entscheidung und fachlicher Einsch\u00e4tzung durch das Gesundheitsamt auf das Virus getestet.<\/p>\n\n\n\n<p>Alle beteiligten \u00c4rzte, Gesundheitsbeh\u00f6rden sowie das Kompetenzzentrum Gesundheitsschutz am Landesgesundheitsamt arbeiten dabei eng zusammen. Die Mehrheit aller in Mannheim bislang nachgewiesenen Infizierten zeigen nur milde Krankheitsanzeichen und k\u00f6nnen in h\u00e4uslicher Quarant\u00e4ne verbleiben. Bislang gelten in Mannheim 10531 Personen als genesen, die h\u00e4usliche Quarant\u00e4ne wurde bei ihnen aufgehoben. Damit gibt es in Mannheim 1044 akute Infektionsf\u00e4lle.<\/p>\n\n\n\n<p>Das Gesundheitsamt appelliert an die B\u00fcrgerinnen und B\u00fcrger, sich auch bei geringen Krankheitszeichen wie Schnupfen, Husten oder leichtem Fieber sofort testen zu lassen.<br>Sobald das Landesgesundheitsamt Baden-W\u00fcrttemberg die Inzidenz f\u00fcr den Stadtkreis Mannheim ver\u00f6ffentlicht, ist sie unter <a href=\"http:\/\/www.mannheim.de\/inzidenzzahl\">www.mannheim.de\/inzidenzzahl<\/a> einzusehen.<\/p>\n\n\n\n<p><em>Stadt Mannheim<br>29.03.2021<\/em><\/p>\n","protected":false},"excerpt":{"rendered":"<div class=\"mh-excerpt\"><p>Special Olympics Baden-W\u00fcrttemberg verschiebt Landesspiele Die Unw\u00e4gbarkeiten der Corona-Pandemie und das wellenartige Infektionsgeschehen machen nun auch den Landessommerspielen von Special Olympics Baden-W\u00fcrttemberg (SOBW) einen dicken Strich durch die Rechnung. Die f\u00fcr den 15. bis 18. <a class=\"mh-excerpt-more\" href=\"https:\/\/speyer24news.com\/?p=34621\" title=\"Mannheim\">[&#8230;]<\/a><\/p>\n<\/div>","protected":false},"author":3,"featured_media":0,"comment_status":"open","ping_status":"open","sticky":false,"template":"","format":"standard","meta":{"_monsterinsights_skip_tracking":false,"_monsterinsights_sitenote_active":false,"_monsterinsights_sitenote_note":"","_monsterinsights_sitenote_category":0,"footnotes":""},"categories":[6753],"tags":[10962,8975,10975,1091,10959,10969,9841,6754,7533,5904,1478,10966,9675,10964,10965,10970,1824,10960,463,10963,56,10971,7973,10967,10968,10972,10961,9831,9832,9833,8048,10974,4524,10973],"aioseo_notices":[],"amp_enabled":true,"_links":{"self":[{"href":"https:\/\/speyer24news.com\/index.php?rest_route=\/wp\/v2\/posts\/34621"}],"collection":[{"href":"https:\/\/speyer24news.com\/index.php?rest_route=\/wp\/v2\/posts"}],"about":[{"href":"https:\/\/speyer24news.com\/index.php?rest_route=\/wp\/v2\/types\/post"}],"author":[{"embeddable":true,"href":"https:\/\/speyer24news.com\/index.php?rest_route=\/wp\/v2\/users\/3"}],"replies":[{"embeddable":true,"href":"https:\/\/speyer24news.com\/index.php?rest_route=%2Fwp%2Fv2%2Fcomments&post=34621"}],"version-history":[{"count":2,"href":"https:\/\/speyer24news.com\/index.php?rest_route=\/wp\/v2\/posts\/34621\/revisions"}],"predecessor-version":[{"id":34630,"href":"https:\/\/speyer24news.com\/index.php?rest_route=\/wp\/v2\/posts\/34621\/revisions\/34630"}],"wp:attachment":[{"href":"https:\/\/speyer24news.com\/index.php?rest_route=%2Fwp%2Fv2%2Fmedia&parent=34621"}],"wp:term":[{"taxonomy":"category","embeddable":true,"href":"https:\/\/speyer24news.com\/index.php?rest_route=%2Fwp%2Fv2%2Fcategories&post=34621"},{"taxonomy":"post_tag","embeddable":true,"href":"https:\/\/speyer24news.com\/index.php?rest_route=%2Fwp%2Fv2%2Ftags&post=34621"}],"curies":[{"name":"wp","href":"https:\/\/api.w.org\/{rel}","templated":true}]}}