{"id":34715,"date":"2021-04-01T06:16:40","date_gmt":"2021-04-01T05:16:40","guid":{"rendered":"https:\/\/speyer24news.com\/?p=34715"},"modified":"2021-04-01T06:16:40","modified_gmt":"2021-04-01T05:16:40","slug":"schifferstadt-105","status":"publish","type":"post","link":"https:\/\/speyer24news.com\/?p=34715","title":{"rendered":"Schifferstadt"},"content":{"rendered":"<style type=\"text\/css\">\r\n\t.ads_top_disp{}\r\n\t.ads_top_corner_disp{ float:left; margin:0px 10px 10px 0px; }\r\n\t.ads_first_p_disp{}\r\n\t.ads_bottom_disp{}\r\n\t<\/style>\n<h2 class=\"wp-block-heading\"><strong>Kita am Wald spendet 900 Euro <\/strong><\/h2>\n\n\n\n<h3 class=\"wp-block-heading\"><strong>Geld geht zu gleichen Teilen an Burkina-Faso-Freundeskreis und Misereor<\/strong><\/h3>\n\n\n\n<div class=\"wp-block-image\"><figure class=\"aligncenter\"><img decoding=\"async\" loading=\"lazy\" width=\"800\" height=\"530\" src=\"https:\/\/speyer24news.com\/wp-content\/uploads\/2021\/04\/Spende_Misereor2.jpg\" alt=\"\" class=\"wp-image-34720\" srcset=\"https:\/\/speyer24news.com\/wp-content\/uploads\/2021\/04\/Spende_Misereor2.jpg 800w, https:\/\/speyer24news.com\/wp-content\/uploads\/2021\/04\/Spende_Misereor2-300x199.jpg 300w, https:\/\/speyer24news.com\/wp-content\/uploads\/2021\/04\/Spende_Misereor2-768x509.jpg 768w\" sizes=\"(max-width: 800px) 100vw, 800px\" \/><\/figure><\/div>\n\n\n\n<p>\u201e\u00dcber den\nTellerrand zu schauen\u201c ist in der Kita am Wald nicht nur eine Floskel. Seit\nJahren engagieren sich Team, Kinder und Eltern der \u201eFairen Kita\u201c f\u00fcr die\nKinderfastenaktion von Misereor. Als im September 2020 die Bilder vom\nabgebrannten Fl\u00fcchtlingslager Moria um die Welt gingen, wollte das Team diesmal\nnicht so lange warten und schon vor der Fastenzeit eine Spendenaktion starten. <\/p>\n\n\n\n<p>\u201eWir haben die Eltern gebeten, diesmal keine kleine Weihnachts\u00fcberraschung f\u00fcr die Erzieher zu kaufen, sondern stattdessen das Geld zu sammeln und gemeinsam zu spenden\u201c, erl\u00e4utert Diana Gr\u00e4dler, Leiterin der Kita am Wald, den Gedanken. Zus\u00e4tzlich haben die Erzieher gespendet, so dass am Ende stolze 900 Euro zusammenkamen. Diese gehen zu gleichen Teilen an Misereor und an den Burkina-Faso-Freundeskreis, mit dem die Kita schon l\u00e4nger zusammenarbeitet. Ein eigener Termin f\u00fcr die Spenden\u00fcbergabe ist vereinbart.<\/p>\n\n\n\n<p>Bereits\n\u00fcberreicht bekam Dr. Monika Bossung-Winkler die 450 Euro f\u00fcr Misereor.\nBossung-Winkler ist Referentin f\u00fcr Globales Lernen beim Bistum Speyer, ein\nKooperationsprojekt von Misereor. Eigentlich ist sie \u00fcberwiegend in\nGrundschulen unterwegs, nur einmal pro Jahr mit einer Aktion in einer Kita. \u201eIch\nhabe vorher gar nicht gewusst, dass eine Kita hier bei uns so engagiert ist f\u00fcr\nMisereor\u201c, staunte Bossung-Winkler, als sie von der Spenden\u00fcbergabe bei ihr in\nder N\u00e4he erfuhr. Initiiert wurde dieser lokale Kontakt von der\nMisereor-Zentrale in Aachen, bei der Markus Winter vom Elternausschuss der Kita\nsich wegen der Spendenaktion gemeldet hatte. <\/p>\n\n\n\n<p>Beim\neinmaligen Besuch in der Kita soll es aber nicht bleiben. \u201eWir m\u00fcssen mit den\nKleinsten anfangen\u201c, betont die Referentin f\u00fcr Globales Lernen. Und kommt kerne\nwieder in die Kita am Wald, beim n\u00e4chsten Mal nimmt sie die Kinder mit ihrer\nHandpuppe Felix mit auf Weltreise und bringt Gegenst\u00e4nde aus anderen L\u00e4ndern,\nvon S\u00fcdamerika bis Indien, mit.<\/p>\n\n\n\n<p>Bei den\nEltern stie\u00df die Idee des Teams, statt Weihnachtsgeschenken lieber gemeinsam zu\nspenden, auf offene Ohren. \u201eWir dachten sofort, dass es eine super Idee ist und\nhaben gleich ein Paypal-Konto f\u00fcr die Spenden angelegt\u201c, verr\u00e4t die Vorsitzende\ndes Elternausschusses Kirstin S\u00fc\u00df. Viele Kita-Kinder erz\u00e4hlen auch zuhause von\nMisereor und von Rucky Reiselustig, der im Rahmen der Kinderfastenaktion mit\nden Kindern um die Welt reist und viele spannende Geschichten zu erz\u00e4hlen hat. <\/p>\n\n\n\n<p>\u201eWir sind\nschon gespannt, ob wir das Spendenergebnis mit der n\u00e4chsten Aktion noch toppen\nk\u00f6nnen\u201c, blickt Markus Winter bereits voraus. In diesen Wochen l\u00e4uft die\nKinderfastenaktion und der Verkaufstisch im Garten der Kita floriert.\nSoli-Brot, Soli-Hefez\u00f6pfe, R\u00fcbli-Muffins, M\u00fcsliriegel oder Saatbomben mit\nKapuzinerkresse, Ringelblumen und Kornblumen gab es bereits gegen Spende zu\nerwerben. Und auch beim Osterlauf, den der Sportabzeichen-Treff initiiert,\nwerden die Kinder diesmal f\u00fcr Misereor laufen. <\/p>\n\n\n\n<p><em>Stadtverwaltung Schifferstadt<br>01.04.2021<\/em><\/p>\n\n\n\n<h2 class=\"wp-block-heading\">B\u00fcrgermeisterin spendet Kastanienbaum f\u00fcr Schulhof<\/h2>\n\n\n\n<figure class=\"wp-block-image\"><img decoding=\"async\" loading=\"lazy\" width=\"800\" height=\"600\" src=\"https:\/\/speyer24news.com\/wp-content\/uploads\/2021\/04\/Kastanie-pflanzen.jpg\" alt=\"\" class=\"wp-image-34717\" srcset=\"https:\/\/speyer24news.com\/wp-content\/uploads\/2021\/04\/Kastanie-pflanzen.jpg 800w, https:\/\/speyer24news.com\/wp-content\/uploads\/2021\/04\/Kastanie-pflanzen-300x225.jpg 300w, https:\/\/speyer24news.com\/wp-content\/uploads\/2021\/04\/Kastanie-pflanzen-768x576.jpg 768w, https:\/\/speyer24news.com\/wp-content\/uploads\/2021\/04\/Kastanie-pflanzen-678x509.jpg 678w, https:\/\/speyer24news.com\/wp-content\/uploads\/2021\/04\/Kastanie-pflanzen-326x245.jpg 326w, https:\/\/speyer24news.com\/wp-content\/uploads\/2021\/04\/Kastanie-pflanzen-80x60.jpg 80w\" sizes=\"(max-width: 800px) 100vw, 800px\" \/><figcaption>Beim Kastanie pflanzen, v.l.: B\u00fcrgermeisterin Ilona Volk und Merten Eichert, Schulleiter der Grundschule Nord sowie zwei Mitarbeiter der Stadtg\u00e4rtnerei.<\/figcaption><\/figure>\n\n\n\n<p>Graben, einsetzen, freuen \u2013 unter den strengen Augen der Schulkinder hat B\u00fcrgermeisterin Ilona Volk am vergangenen Freitag gemeinsam mit einigen Kollegen der Stadtg\u00e4rtnerei, der Ersten Beigeordneten Ulla Behrendt-Roden und dem Schulleiter Merten Eichert einen Rosskastanienbaum auf dem Hof der Grundschule Nord gepflanzt. <\/p>\n\n\n\n<p>Der Baum ist eine Spende der B\u00fcrgermeisterin, die sich damit einreiht in das Projekt \u201eBaumspenden f\u00fcr Schifferstadt\u201c. \u201eIch freue mich, dass ich nun meinen eigenen Baum habe\u201c, freut sich Volk. Und die Schulkinder, die beim Pflanzen zugeschaut haben, haben auch schon einen passenden Namen ausgesucht: Hugo \u2013 die Kastanie. Und sie versprechen sogar hoch und heilig Hugo regelm\u00e4\u00dfig zu gie\u00dfen. \u201eJeder einzelne Baum tr\u00e4gt zu einem besseren Klima in unserer Stadt bei \u2013 wir hoffen, dass Schifferstadt bald noch gr\u00fcner wird\u201c, sagt Behrendt-Roden.  <\/p>\n\n\n\n<div class=\"wp-block-image\"><figure class=\"aligncenter\"><img decoding=\"async\" loading=\"lazy\" width=\"500\" height=\"667\" src=\"https:\/\/speyer24news.com\/wp-content\/uploads\/2021\/04\/Pflanzaktion-erfolgreich.jpg\" alt=\"\" class=\"wp-image-34718\" srcset=\"https:\/\/speyer24news.com\/wp-content\/uploads\/2021\/04\/Pflanzaktion-erfolgreich.jpg 500w, https:\/\/speyer24news.com\/wp-content\/uploads\/2021\/04\/Pflanzaktion-erfolgreich-225x300.jpg 225w\" sizes=\"(max-width: 500px) 100vw, 500px\" \/><figcaption> Pflanzaktion erfolgreich beendet<br>vordere Reihe, v.l.: B\u00fcrgermeisterin Ilona Volk, Erste Beigeordnete Ulla Behrendt-Roden und Merten Eichert, Schulleiter der Grundschule Nord<br>hintere Reihe: Mitarbeiter der Stadtg\u00e4rtnerei Schifferstadt<\/figcaption><\/figure><\/div>\n\n\n\n<p>Den Aufschlag zum Baumspenden-Projekt machte die Radlergruppe \u201epedal4trees\u201c im Herbst 2020 mit \u201eihrer\u201c Blutbuche am Bahnweiher. Maximilian Stanischewski, Konstantin Weise, Jan Licht und Dirk Zieger sind im September in sieben Etappen nach Wien geradelt und haben dabei Spenden pro gefahrenen Kilometer gesammelt. Im Laufe des Winters folgten 19 weitere, von \u201epedal4trees\u201c erradelte B\u00e4ume an verschiedenen Standorten im Stadtgebiet.<\/p>\n\n\n\n<p>Im Pflanzjahr 2020\/21 setzte die Stadtg\u00e4rtnerei insgesamt 41 Spenderb\u00e4ume. Die entsprechenden Spendenschilder werden in den n\u00e4chsten Tagen angebracht. Im Sp\u00e4tjahr geht es dann in die n\u00e4chste Runde und es werden wieder Baumspenderinnen und -spender gesucht.<\/p>\n\n\n\n<p><em>Stadtverwaltung Schifferstadt<br>01.04.2021<\/em><\/p>\n\n\n\n<h1 class=\"wp-block-heading\" style=\"text-align:center\">Verkehrsnotizen<\/h1>\n\n\n\n<figure class=\"wp-block-image\"><img decoding=\"async\" loading=\"lazy\" width=\"800\" height=\"565\" src=\"https:\/\/speyer24news.com\/wp-content\/uploads\/2020\/01\/Baustelle-2.jpg\" alt=\"\" class=\"wp-image-23900\" srcset=\"https:\/\/speyer24news.com\/wp-content\/uploads\/2020\/01\/Baustelle-2.jpg 800w, https:\/\/speyer24news.com\/wp-content\/uploads\/2020\/01\/Baustelle-2-300x212.jpg 300w, https:\/\/speyer24news.com\/wp-content\/uploads\/2020\/01\/Baustelle-2-768x542.jpg 768w\" sizes=\"(max-width: 800px) 100vw, 800px\" \/><\/figure>\n\n\n\n<h2 class=\"wp-block-heading\">Bis Ende April: Bauma\u00dfnahme in der Iggelheimer Stra\u00dfe<\/h2>\n\n\n\n<p>Die Bauma\u00dfnahme in der Iggelheimer Stra\u00dfe wird voraussichtlich noch bis Ende April andauern. Die letzten Bauabschnitte werden \u00fcberwiegend in der Kirchenstra\u00dfe und Burgstra\u00dfe erfolgen. Aufgrund der Lage der Gasleitungen werden die Tiefbauarbeiten unterhalbseitiger Sperrung durchgef\u00fchrt und der Gehweg gesperrt. Zur Querung der Stra\u00dfen werden Behelfszebrastreifen in der Iggelheimer Stra\u00dfe, Burgstra\u00dfe und Altenhofstra\u00dfe eingerichtet. Der Verkehr bleibt weiterhin in beide Richtungen m\u00f6glich und wird durch Ampelanlagen geregelt. <\/p>\n\n\n\n<p><em>Stadtverwaltung Schifferstadt<br>01.04.2021<\/em><\/p>\n","protected":false},"excerpt":{"rendered":"<div class=\"mh-excerpt\"><p>Kita am Wald spendet 900 Euro Geld geht zu gleichen Teilen an Burkina-Faso-Freundeskreis und Misereor \u201e\u00dcber den Tellerrand zu schauen\u201c ist in der Kita am Wald nicht nur eine Floskel. Seit Jahren engagieren sich Team, <a class=\"mh-excerpt-more\" href=\"https:\/\/speyer24news.com\/?p=34715\" title=\"Schifferstadt\">[&#8230;]<\/a><\/p>\n<\/div>","protected":false},"author":3,"featured_media":0,"comment_status":"open","ping_status":"open","sticky":false,"template":"","format":"standard","meta":{"_monsterinsights_skip_tracking":false,"_monsterinsights_sitenote_active":false,"_monsterinsights_sitenote_note":"","_monsterinsights_sitenote_category":0,"footnotes":""},"categories":[126],"tags":[2233,11002,9271,11003,11004,10014,401,127,10090],"aioseo_notices":[],"amp_enabled":true,"_links":{"self":[{"href":"https:\/\/speyer24news.com\/index.php?rest_route=\/wp\/v2\/posts\/34715"}],"collection":[{"href":"https:\/\/speyer24news.com\/index.php?rest_route=\/wp\/v2\/posts"}],"about":[{"href":"https:\/\/speyer24news.com\/index.php?rest_route=\/wp\/v2\/types\/post"}],"author":[{"embeddable":true,"href":"https:\/\/speyer24news.com\/index.php?rest_route=\/wp\/v2\/users\/3"}],"replies":[{"embeddable":true,"href":"https:\/\/speyer24news.com\/index.php?rest_route=%2Fwp%2Fv2%2Fcomments&post=34715"}],"version-history":[{"count":4,"href":"https:\/\/speyer24news.com\/index.php?rest_route=\/wp\/v2\/posts\/34715\/revisions"}],"predecessor-version":[{"id":34722,"href":"https:\/\/speyer24news.com\/index.php?rest_route=\/wp\/v2\/posts\/34715\/revisions\/34722"}],"wp:attachment":[{"href":"https:\/\/speyer24news.com\/index.php?rest_route=%2Fwp%2Fv2%2Fmedia&parent=34715"}],"wp:term":[{"taxonomy":"category","embeddable":true,"href":"https:\/\/speyer24news.com\/index.php?rest_route=%2Fwp%2Fv2%2Fcategories&post=34715"},{"taxonomy":"post_tag","embeddable":true,"href":"https:\/\/speyer24news.com\/index.php?rest_route=%2Fwp%2Fv2%2Ftags&post=34715"}],"curies":[{"name":"wp","href":"https:\/\/api.w.org\/{rel}","templated":true}]}}