{"id":34723,"date":"2021-04-02T05:30:11","date_gmt":"2021-04-02T04:30:11","guid":{"rendered":"https:\/\/speyer24news.com\/?p=34723"},"modified":"2021-04-02T05:32:37","modified_gmt":"2021-04-02T04:32:37","slug":"hassloch-95","status":"publish","type":"post","link":"https:\/\/speyer24news.com\/?p=34723","title":{"rendered":"Ha\u00dfloch"},"content":{"rendered":"<style type=\"text\/css\">\r\n\t.ads_top_disp{}\r\n\t.ads_top_corner_disp{ float:left; margin:0px 10px 10px 0px; }\r\n\t.ads_first_p_disp{}\r\n\t.ads_bottom_disp{}\r\n\t<\/style>\n<h2 class=\"wp-block-heading\">Erfolg f\u00fcr Ha\u00dflocher Musiksch\u00fcler bei \u201eJugend musiziert\u201c Rheinland-Pfalz<\/h2>\n\n\n\n<p>321 begabte jugendliche Musikerinnen und Musiker nahmen am diesj\u00e4hrigen Wettbewerb  \u201eJugend musiziert&#8220; Rheinland-Pfalz teil, der vom 18. bis 21. M\u00e4rz 2021 wegen der Corona-Pandemie rein digital ausgerichtet werden musste. 96 Preistr\u00e4gerinnen und Preistr\u00e4ger werden das Land Rheinland-Pfalz zu Pfingsten beim Bundeswettbewerb in Bremen und Bremerhaven vertreten, darunter auch die Ha\u00dflocher Musiksch\u00fcler Nico Schwinn und Eric Nazarenus. Sie erreichten als Doppel in der Kategorie \u201eKlavier vierh\u00e4ndig\u201c in ihrer Altersklasse den ersten Platz und d\u00fcrfen damit am Bundeswettbewerb teilnehmen, der an Pfingsten teilweise in  Pr\u00e4senz und teilweise digital durchgef\u00fchrt werden soll.<\/p>\n\n\n\n<p>Nico Schwinn und Eric Nazarenus werden an der Ha\u00dflocher Musikschule von Anna Dietrich unterrichtet. F\u00fcr beide ist der Wettbewerb nicht fremd. Auch in der Vergangenheit waren sie bei \u201eJugend musiziert\u201c vertreten. Ebenso haben sie schon bei den Ha\u00dflocher Klavierfacetten  vor einem gr\u00f6\u00dferen Publikum spielen k\u00f6nnen. \u201eWir sind stolz, dass die beiden nun beim Bundeswettbewerb die Chance bekommen, ihr Talent unter Beweis zu stellen\u201c, so Musikschulleiterin Tatjana Geiger.<\/p>\n\n\n\n<p>Nach einer coronabedingten Absage 2020 konnte &#8222;Jugend musiziert&#8220; Rheinland-Pfalz in diesem Jahr zum 57. Mal durchgef\u00fchrt werden. Seit seiner Gr\u00fcndung 1964 f\u00f6rdert der Wettbewerb junge musikalische Talente und zeichnet sie aus. Mittlerweile ist er eine der wichtigsten S\u00e4ulen des deutschen Musiklebens und Grundstein f\u00fcr zahlreiche Musikkarrieren.  Jahr f\u00fcr Jahr motiviert der gr\u00f6\u00dfte musikalische Jugendwettbewerb Tausende von jungen Musikerinnen und Musikern zu besonderen k\u00fcnstlerischen Leistungen. Er ist eine B\u00fchne f\u00fcr jene, die solistisch oder im Ensemble ihr musikalisches K\u00f6nnen zeigen und sich einer fachkundigen Jury pr\u00e4sentieren wollen. Der viert\u00e4gige Wettbewerb ist der gr\u00f6\u00dfte und  erfolgreichste Musikwettbewerb seiner Art in Rheinland-Pfalz und in der Bundesrepublik Deutschland.<\/p>\n\n\n\n<p><em>Gemeindeverwaltung Ha\u00dfloch<br>02.04.2021<\/em><\/p>\n\n\n\n<h2 class=\"wp-block-heading\">Schnelltestzentrum erweitert \u00d6ffnungszeiten in der Osterwoche<\/h2>\n\n\n\n<figure class=\"wp-block-image\"><img decoding=\"async\" src=\"https:\/\/speyer24news.com\/wp-content\/uploads\/2021\/03\/csm_dpa_67168077_Corona-Antigen-Test_2434x1310_b481c8cfbb.jpg\" alt=\"\" class=\"wp-image-33884\"\/><\/figure>\n\n\n\n<p>Im DRK-Haus in der Rotkreuzstra\u00dfe 9 in Ha\u00dfloch steht seit dem 24. M\u00e4rz 2021 ein Schnelltestzentrum zur Verf\u00fcgung, in dem sich alle Interessierten kostenlos und ohne Voranmeldung testen lassen k\u00f6nnen. Auch in der Osterwoche steht das Schnelltestzentrum zur Verf\u00fcgung und hat im Vergleich zur Er\u00f6ffnungswoche die \u00d6ffnungstage und -zeiten ausgedehnt:<\/p>\n\n\n\n<ul><li><strong>Karfreitag, 02.04.21 geschlossen<\/strong><\/li><li><strong>Samstag, 03.04.21, von 09:00 bis 12:00 Uhr<\/strong><\/li><li><strong>Ostersonntag, 04.04.21, von 10:00 bis 12:00 Uhr<\/strong><\/li><li><strong>Ostermontag, 05.04.21 von 10:00 bis 12:00 Uhr <\/strong><\/li><\/ul>\n\n\n\n<p>Wer das Schnelltestzentrum besuchen m\u00f6chte, braucht keinen Termin, kann sich aber im Internet unter <a href=\"http:\/\/testzentrum.drk-hassloch.de\">testzentrum.drk-hassloch.de<\/a> vorab registrieren. Das verk\u00fcrzt die Wartezeit und  erleichtert den Ablauf vor Ort. Daher ist eine vorherige Registrierung empfehlenswert, aber nicht verpflichtend.<\/p>\n\n\n\n<figure class=\"wp-block-image\"><img decoding=\"async\" loading=\"lazy\" width=\"801\" height=\"418\" src=\"https:\/\/speyer24news.com\/wp-content\/uploads\/2021\/04\/drk-logo_kompakt_4c_Hassloch.jpg\" alt=\"\" class=\"wp-image-34725\" srcset=\"https:\/\/speyer24news.com\/wp-content\/uploads\/2021\/04\/drk-logo_kompakt_4c_Hassloch.jpg 801w, https:\/\/speyer24news.com\/wp-content\/uploads\/2021\/04\/drk-logo_kompakt_4c_Hassloch-300x157.jpg 300w, https:\/\/speyer24news.com\/wp-content\/uploads\/2021\/04\/drk-logo_kompakt_4c_Hassloch-768x401.jpg 768w\" sizes=\"(max-width: 801px) 100vw, 801px\" \/><\/figure>\n\n\n\n<p>In der Er\u00f6ffnungswoche haben rund 300 Personen das Angebot genutzt und einen Schnelltest machen lassen. Dabei gab es ein positives Ergebnis. F\u00fcr die betroffene Person wurde eine sofortige Quarant\u00e4ne angeordnet und mit Unterst\u00fctzung eines kooperierenden Hausarztes (Praxis Dr. Weisbrod) ein PCR-Test zur Verifizierung des Schnelltestergebnisses durchgef\u00fchrt. Weitere kooperierende Praxen in Ha\u00dfloch sind die Praxis Dr. Trompeter sowie die Praxis Dr. Mann.<\/p>\n\n\n\n<p>Das Ha\u00dflocher Schnelltestzentrum konnte mit Hilfe zahlreicher Partner aufgebaut und eingerichtet werden. Neben der Gemeinde sind das DRK Ha\u00dfloch-Meckenheim, die Johanniter-Unfall-Hilfe, der Ha\u00dflocher Seniorenbeirat, die Freiwillige Feuerwehr Ha\u00dfloch sowie die Ha\u00dflocher Firma innofabrik an Bord und leisten ihren Beitrag zum Aufbau und  Betrieb des Schnelltestzentrums. Auch mit dem DRK Stadtverband Neustadt steht man im engen Austausch. Dankbar ist man dar\u00fcber hinaus allen freiwilligen Helferinnen und Helfern, die im Testzentrum mitarbeiten. \u201eDurch die Bereitschaft aller Freiwilligen ist es m\u00f6glich, das Testzentrum zu betreiben und schon in der zweiten Woche die \u00d6ffnungszeiten auszudehnen\u201c, so der Vorsitzende des DRK Ortsvereins Ha\u00dfloch-Meckenheim, J\u00fcrgen Vogt.<\/p>\n\n\n\n<figure class=\"wp-block-image\"><img decoding=\"async\" loading=\"lazy\" width=\"800\" height=\"533\" src=\"https:\/\/speyer24news.com\/wp-content\/uploads\/2021\/03\/22-03-2021-Info-Inzidenz.jpg\" alt=\"\" class=\"wp-image-34565\" srcset=\"https:\/\/speyer24news.com\/wp-content\/uploads\/2021\/03\/22-03-2021-Info-Inzidenz.jpg 800w, https:\/\/speyer24news.com\/wp-content\/uploads\/2021\/03\/22-03-2021-Info-Inzidenz-300x200.jpg 300w, https:\/\/speyer24news.com\/wp-content\/uploads\/2021\/03\/22-03-2021-Info-Inzidenz-768x512.jpg 768w\" sizes=\"(max-width: 800px) 100vw, 800px\" \/><\/figure>\n\n\n\n<p>Auch weiterhin werden helfende H\u00e4nde f\u00fcr das Schnelltestzentrum gesucht. F\u00fcr die Mitarbeit als Freiwilliger sind keine besonderen Qualifikationen, au\u00dfer Zeit und Lust, erforderlich. Alle Interessierten erhalten vor dem Einsatz im Testzentrum eine entsprechende Schulung. Ein  Meldebogen f\u00fcr Freiwillige ist online auf den Seiten der Gemeinde sowie des DRK zu finden. Ebenso k\u00f6nnen sich Interessierte telefonisch unter 06324\/2060 oder per Mail an <a href=\"testzentrum@drk-hassloch.de\">testzentrum@drk-hassloch.de<\/a> mit dem DRK in Verbindung setzen.<\/p>\n\n\n\n<p><em>Gemeindeverwaltung Ha\u00dfloch<br>02.04.2021<\/em><\/p>\n\n\n\n<h1 class=\"wp-block-heading\" style=\"text-align:center\">1. FC 08 Ha\u00dfloch<\/h1>\n\n\n\n<div class=\"wp-block-image\"><figure class=\"aligncenter\"><img decoding=\"async\" loading=\"lazy\" width=\"600\" height=\"197\" src=\"https:\/\/speyer24news.com\/wp-content\/uploads\/2020\/03\/08-er-Ha\u00dfloch.png\" alt=\"\" class=\"wp-image-25827\" srcset=\"https:\/\/speyer24news.com\/wp-content\/uploads\/2020\/03\/08-er-Ha\u00dfloch.png 600w, https:\/\/speyer24news.com\/wp-content\/uploads\/2020\/03\/08-er-Ha\u00dfloch-300x99.png 300w\" sizes=\"(max-width: 600px) 100vw, 600px\" \/><\/figure><\/div>\n\n\n\n<h2 class=\"wp-block-heading\"><strong>Versp\u00e4tete Sportlerehrung<\/strong><\/h2>\n\n\n\n<h3 class=\"wp-block-heading\"><strong>Die Falcons vom 1. FC 08 Ha\u00dfloch zum zweiten Mal \u201eMannschaft des Jahres\u201c<\/strong><\/h3>\n\n\n\n<div class=\"wp-block-image\"><figure class=\"aligncenter\"><img decoding=\"async\" loading=\"lazy\" width=\"800\" height=\"600\" src=\"https:\/\/speyer24news.com\/wp-content\/uploads\/2021\/04\/0cf503f5-5c8b-4eaf-9882-ddf50b133922.jpeg\" alt=\"\" class=\"wp-image-34726\" srcset=\"https:\/\/speyer24news.com\/wp-content\/uploads\/2021\/04\/0cf503f5-5c8b-4eaf-9882-ddf50b133922.jpeg 800w, https:\/\/speyer24news.com\/wp-content\/uploads\/2021\/04\/0cf503f5-5c8b-4eaf-9882-ddf50b133922-300x225.jpeg 300w, https:\/\/speyer24news.com\/wp-content\/uploads\/2021\/04\/0cf503f5-5c8b-4eaf-9882-ddf50b133922-768x576.jpeg 768w, https:\/\/speyer24news.com\/wp-content\/uploads\/2021\/04\/0cf503f5-5c8b-4eaf-9882-ddf50b133922-678x509.jpeg 678w, https:\/\/speyer24news.com\/wp-content\/uploads\/2021\/04\/0cf503f5-5c8b-4eaf-9882-ddf50b133922-326x245.jpeg 326w, https:\/\/speyer24news.com\/wp-content\/uploads\/2021\/04\/0cf503f5-5c8b-4eaf-9882-ddf50b133922-80x60.jpeg 80w\" sizes=\"(max-width: 800px) 100vw, 800px\" \/><\/figure><\/div>\n\n\n\n<p>Corona-bedingt konnte die Sportlerehrung der Gemeinde Ha\u00dfloch letztes Jahr nicht stattfinden. Daher wurden nun die Urkunden f\u00fcr die im Jahr 2019 erbrachten Leistungen nachtr\u00e4glich versendet. \u201eWir sind sehr zufrieden, dass zwei unserer vier Teams geehrt wurden. Unser Senior AllGirl Team, die Fascinations, erhielten die Ha\u00dflocher Sportm\u00fcnze in Bronze f\u00fcr die erfolgreiche Teilnahme an der Landesmeisterschaft, die sie als Rheinland-Pfalz Meister f\u00fcr sich entscheiden konnten. Damit qualifizierten sie sich f\u00fcr die Deutsche Meisterschaft und konnten dort einen guten 11. Platz belegen. Die Falcons durften ebenfalls zur Deutschen Meisterschaft fahren, bei der sie sich den zweiten Platz erk\u00e4mpften. Damit qualifizierten sie sich f\u00fcr die Europameisterschaft, die 2019 in Heidelberg stattfand\u201c, so Steffi Rocchia, verantwortlich f\u00fcr Cheerleading beim 1. FC 08 Ha\u00dfloch.&nbsp; <\/p>\n\n\n\n<div class=\"wp-block-image\"><figure class=\"aligncenter\"><img decoding=\"async\" loading=\"lazy\" width=\"500\" height=\"667\" src=\"https:\/\/speyer24news.com\/wp-content\/uploads\/2021\/04\/IMG_2736.jpeg\" alt=\"\" class=\"wp-image-34727\" srcset=\"https:\/\/speyer24news.com\/wp-content\/uploads\/2021\/04\/IMG_2736.jpeg 500w, https:\/\/speyer24news.com\/wp-content\/uploads\/2021\/04\/IMG_2736-225x300.jpeg 225w\" sizes=\"(max-width: 500px) 100vw, 500px\" \/><\/figure><\/div>\n\n\n\n<p>Tats\u00e4chlich gelang es den Falcons dort, sich zum zweiten Mal den Europameistertitel zu sichern. F\u00fcr diese gro\u00dfartige Leistung wurden sie daher nicht nur mit der goldenen Sportm\u00fcnze geehrt, sondern d\u00fcrfen sich auch zum zweiten Mal in Folge \u201eMannschaft des Jahres\u201c nennen.&nbsp; Die Ha\u00dflocher Sportm\u00fcnze in Bronze erhielt au\u00dferdem auch das American Football-Juniorenteam der 8-Balls. \u201eWir sind sehr stolz auf alle unsere erfolgreichen Teams\u201c, so der Vereinsvorsitzende J\u00fcrgen Hurrle.&nbsp;<\/p>\n\n\n\n<p>Alle hoffen nat\u00fcrlich darauf, bald wieder trainieren zu d\u00fcrfen und somit auch in eine neue Meisterschaftssaison zu starten, um solche Leistungen wiederholen zu k\u00f6nnen.<\/p>\n\n\n\n<p><em>1. FC 08 Ha\u00dfloch. J\u00fcrgen Hurrle<br>02.04.2021<\/em><\/p>\n","protected":false},"excerpt":{"rendered":"<div class=\"mh-excerpt\"><p>Erfolg f\u00fcr Ha\u00dflocher Musiksch\u00fcler bei \u201eJugend musiziert\u201c Rheinland-Pfalz 321 begabte jugendliche Musikerinnen und Musiker nahmen am diesj\u00e4hrigen Wettbewerb \u201eJugend musiziert&#8220; Rheinland-Pfalz teil, der vom 18. bis 21. M\u00e4rz 2021 wegen der Corona-Pandemie rein digital ausgerichtet <a class=\"mh-excerpt-more\" href=\"https:\/\/speyer24news.com\/?p=34723\" title=\"Ha\u00dfloch\">[&#8230;]<\/a><\/p>\n<\/div>","protected":false},"author":3,"featured_media":23914,"comment_status":"open","ping_status":"open","sticky":false,"template":"","format":"standard","meta":{"_monsterinsights_skip_tracking":false,"_monsterinsights_sitenote_active":false,"_monsterinsights_sitenote_note":"","_monsterinsights_sitenote_category":0,"footnotes":""},"categories":[235],"tags":[318,11013,9461,11012,240,11007,11010,180,463,11005,11006,11008],"aioseo_notices":[],"amp_enabled":true,"_links":{"self":[{"href":"https:\/\/speyer24news.com\/index.php?rest_route=\/wp\/v2\/posts\/34723"}],"collection":[{"href":"https:\/\/speyer24news.com\/index.php?rest_route=\/wp\/v2\/posts"}],"about":[{"href":"https:\/\/speyer24news.com\/index.php?rest_route=\/wp\/v2\/types\/post"}],"author":[{"embeddable":true,"href":"https:\/\/speyer24news.com\/index.php?rest_route=\/wp\/v2\/users\/3"}],"replies":[{"embeddable":true,"href":"https:\/\/speyer24news.com\/index.php?rest_route=%2Fwp%2Fv2%2Fcomments&post=34723"}],"version-history":[{"count":4,"href":"https:\/\/speyer24news.com\/index.php?rest_route=\/wp\/v2\/posts\/34723\/revisions"}],"predecessor-version":[{"id":34730,"href":"https:\/\/speyer24news.com\/index.php?rest_route=\/wp\/v2\/posts\/34723\/revisions\/34730"}],"wp:featuredmedia":[{"embeddable":true,"href":"https:\/\/speyer24news.com\/index.php?rest_route=\/wp\/v2\/media\/23914"}],"wp:attachment":[{"href":"https:\/\/speyer24news.com\/index.php?rest_route=%2Fwp%2Fv2%2Fmedia&parent=34723"}],"wp:term":[{"taxonomy":"category","embeddable":true,"href":"https:\/\/speyer24news.com\/index.php?rest_route=%2Fwp%2Fv2%2Fcategories&post=34723"},{"taxonomy":"post_tag","embeddable":true,"href":"https:\/\/speyer24news.com\/index.php?rest_route=%2Fwp%2Fv2%2Ftags&post=34723"}],"curies":[{"name":"wp","href":"https:\/\/api.w.org\/{rel}","templated":true}]}}