{"id":34731,"date":"2021-04-02T05:45:02","date_gmt":"2021-04-02T04:45:02","guid":{"rendered":"https:\/\/speyer24news.com\/?p=34731"},"modified":"2021-04-02T05:45:04","modified_gmt":"2021-04-02T04:45:04","slug":"gesundheit-23","status":"publish","type":"post","link":"https:\/\/speyer24news.com\/?p=34731","title":{"rendered":"Gesundheit"},"content":{"rendered":"<style type=\"text\/css\">\r\n\t.ads_top_disp{}\r\n\t.ads_top_corner_disp{ float:left; margin:0px 10px 10px 0px; }\r\n\t.ads_first_p_disp{}\r\n\t.ads_bottom_disp{}\r\n\t<\/style>\n<h2 class=\"wp-block-heading\"><strong>Die sch\u00f6nsten Gute-Nacht-Geschichten gewinnen<\/strong><\/h2>\n\n\n\n<h3 class=\"wp-block-heading\">Online-Aktion zum Welt-Autismus-Tag am 2. April \u2013 Illustrierte Brosch\u00fcre b\u00fcndelt Erz\u00e4hlungen<\/h3>\n\n\n\n<div class=\"wp-block-image\"><figure class=\"aligncenter\"><img decoding=\"async\" loading=\"lazy\" width=\"800\" height=\"298\" src=\"https:\/\/speyer24news.com\/wp-content\/uploads\/2021\/04\/Schlafprobleme-bei-Autismus.png\" alt=\"\" class=\"wp-image-34732\" srcset=\"https:\/\/speyer24news.com\/wp-content\/uploads\/2021\/04\/Schlafprobleme-bei-Autismus.png 800w, https:\/\/speyer24news.com\/wp-content\/uploads\/2021\/04\/Schlafprobleme-bei-Autismus-300x112.png 300w, https:\/\/speyer24news.com\/wp-content\/uploads\/2021\/04\/Schlafprobleme-bei-Autismus-768x286.png 768w\" sizes=\"(max-width: 800px) 100vw, 800px\" \/><\/figure><\/div>\n\n\n\n<p><strong>Heppenheim &#8211; Zum zweiten Mal sind Eltern autistischer Kinder sowie Kinder und Jugendliche im Autismus-Spektrum eingeladen, selbst erdachte Gute-Nacht-Geschichten auf der Webseite\u00a0<\/strong><a rel=\"noreferrer noopener\" href=\"https:\/\/deref-web.de\/mail\/client\/95BJrl2Jwvc\/dereferrer\/?redirectUrl=https%3A%2F%2Fschlafprobleme-bei-autismus.de%2Fmediathek%2Fsammlung-der-besten-selbst-ausgedachten-gute-nacht-geschichten%2F\" target=\"_blank\"><strong>schlafprobleme-bei-autismus.de<\/strong><\/a><strong> zu ver\u00f6ffentlichen. Zu gewinnen gibt es eine individuelle Therapiedecke und B\u00fccher. Die Online-Aktion der InfectoPharm Arzneimittel und Consilium GmbH startet zum Welt-Autismus-Tag am 2. April und endet am Smith-Magenis-Awareness-Day, dem 17. November 2021.\u00a0<\/strong><\/p>\n\n\n\n<p>\u201eKennst Du schon die Geschichte von Fabian und der verr\u00fcckten T\u00fcr?\u201c Kinder lieben selbst erfundene Geschichten, vor allem vor dem Zubettgehen. Kurze Anekdoten oder gemeinsam erdachte Abenteuer erleichtern die Reise ins Land der Tr\u00e4ume, geben Geborgenheit und stimmen auf die Nachtruhe ein. Das gilt insbesondere auch f\u00fcr Kinder mit Autismus-Spektrum-St\u00f6rung oder mit Smith-Magenis-Syndrom (SMS), einer seltenen genetischen Erkrankung. Sie k\u00e4mpfen besonders h\u00e4ufig mit Schlafproblemen und kommen nicht zur Ruhe.<\/p>\n\n\n\n<p>Eine angenehme Schlafumgebung und eine geregelte Schlafroutine tragen viel dazu bei, dass es mit dem Einschlafen besser klappt. In vielen Familien geh\u00f6rt deshalb eine Gute-Nacht-Geschichte zum festen Abendritual \u2013 und h\u00e4ufig lassen sich Eltern tolle Erz\u00e4hlungen auf der Bettkante einfallen oder entwickeln mit ihren Kindern gemeinsam spannende Abenteuer.&nbsp;<\/p>\n\n\n\n<h4 class=\"wp-block-heading\"><strong>Therapiedecke und Buchpreise f\u00fcr die Gewinner<\/strong><\/h4>\n\n\n\n<figure class=\"wp-block-image\"><img decoding=\"async\" loading=\"lazy\" width=\"800\" height=\"264\" src=\"https:\/\/speyer24news.com\/wp-content\/uploads\/2021\/04\/Schlafprobleme-bei-Autismus-Logo.png\" alt=\"\" class=\"wp-image-34733\" srcset=\"https:\/\/speyer24news.com\/wp-content\/uploads\/2021\/04\/Schlafprobleme-bei-Autismus-Logo.png 800w, https:\/\/speyer24news.com\/wp-content\/uploads\/2021\/04\/Schlafprobleme-bei-Autismus-Logo-300x99.png 300w, https:\/\/speyer24news.com\/wp-content\/uploads\/2021\/04\/Schlafprobleme-bei-Autismus-Logo-768x253.png 768w\" sizes=\"(max-width: 800px) 100vw, 800px\" \/><\/figure>\n\n\n\n<p>Zum zweiten Mal sucht InfectoPharm jetzt die sch\u00f6nsten Gute-Nacht-Geschichten. Wichtigste Bedingung: Die eingesandten Erz\u00e4hlungen m\u00fcssen wirklich selbst erfunden sein. Zu gewinnen gibt es eine individuell angepasste Therapiedecke im Wert von 220,- Euro und Buchpreise. Wer mitmachen m\u00f6chte, sendet seine selbst erdachte Gute-Nacht-Geschichte einfach bis zum 17. November 2021 in Textform oder als Sprachdatei an die Webseite&nbsp;<a href=\"https:\/\/deref-web.de\/mail\/client\/95BJrl2Jwvc\/dereferrer\/?redirectUrl=https%3A%2F%2Fschlafprobleme-bei-autismus.de%2Fmediathek%2Fsammlung-der-besten-selbst-ausgedachten-gute-nacht-geschichten%2F\" target=\"_blank\" rel=\"noreferrer noopener\">schlafprobleme-bei-autismus.de<\/a>. Dort werden die besten Erz\u00e4hlungen ver\u00f6ffentlicht und sp\u00e4ter in einer Brosch\u00fcre geb\u00fcndelt.&nbsp;<\/p>\n\n\n\n<p>Die Geschichten aus dem vergangenen Jahr wurden bereits von InfectoPharm illustriert. Die Brosch\u00fcre ist ab dem 2. April 2021 \u00fcber die Webseite kostenlos zu bestellen und zu downloaden.&nbsp;<\/p>\n\n\n\n<h4 class=\"wp-block-heading\"><strong>Schlafprobleme ernst nehmen<\/strong><\/h4>\n\n\n\n<p>\u00dcbrigens: Schlafst\u00f6rungen sollten ernst genommen werden, denn andauernde M\u00fcdigkeit wirkt sich negativ auf die Wahrnehmung, das Erkennen und Denken aus. Umgekehrt gilt: Wer ausgeschlafen ist, kann sich besser konzentrieren, ist ausgeglichener und aufnahmebereiter. Das erleichtert nicht nur autistischen Kindern den Alltag in Kindergarten und Schule. Es lohnt sich also, an der Schlafqualit\u00e4t zu arbeiten.<\/p>\n\n\n\n<p>Als eine m\u00f6gliche Ursache f\u00fcr die weit verbreiteten Schlafst\u00f6rungen bei Menschen mit Autismus oder Smith-Magenis-Syndrom haben Wissenschaftler einen Mangel an Melatonin oder eine Fehlregulation identifiziert. Das k\u00f6rpereigene Hormon regelt den Schlaf-Wach-Rhythmus. Weitere Infos zum Thema und Ratgeber zum Download gibt es unter\u00a0<a rel=\"noreferrer noopener\" href=\"https:\/\/deref-web.de\/mail\/client\/QD5NitEvihM\/dereferrer\/?redirectUrl=http%3A%2F%2Fwww.schlafprobleme-bei-autismus.de%2F\" target=\"_blank\">www.schlafprobleme-bei-autismus.de<\/a>.\u00a0<\/p>\n\n\n\n<h4 class=\"wp-block-heading\"><strong>\u00dcber InfectoPharm<\/strong><\/h4>\n\n\n\n<div class=\"wp-block-image\"><figure class=\"alignleft is-resized\"><img decoding=\"async\" loading=\"lazy\" src=\"https:\/\/speyer24news.com\/wp-content\/uploads\/2021\/04\/InfectoPharm-Logo.png\" alt=\"\" class=\"wp-image-34734\" width=\"279\" height=\"63\" srcset=\"https:\/\/speyer24news.com\/wp-content\/uploads\/2021\/04\/InfectoPharm-Logo.png 471w, https:\/\/speyer24news.com\/wp-content\/uploads\/2021\/04\/InfectoPharm-Logo-300x68.png 300w\" sizes=\"(max-width: 279px) 100vw, 279px\" \/><\/figure><\/div>\n\n\n\n<p>Die InfectoPharm Arzneimittel und Consilium GmbH ist auf die Weiterentwicklung von Arzneimitteln f\u00fcr Kinder spezialisiert. Seit \u00fcber 30 Jahren profiliert sich das familiengef\u00fchrte deutsche Unternehmen als mutiger Vorreiter der Branche. Das Portfolio umfasst aktuell rund 130 Pr\u00e4parate mit zahlreichen Innovationen aus den Bereichen P\u00e4diatrie, Infektiologie, Pneumologie, Dermatologie und Allergologie, die zunehmend international Beachtung finden. Der Service consilium steht als produktneutrales Beratungs- und Wissensvermittlungsangebot Fachkreisen zur kostenlosen Verf\u00fcgung. Rund 200 Mitarbeitende leben und arbeiten am Firmensitz Heppenheim s\u00fcdlich von Frankfurt.\u00a0<\/p>\n\n\n\n<p><em>InfectoPharm Arzneimittel und Consilium GmbH<br>02.04.2021<\/em><\/p>\n","protected":false},"excerpt":{"rendered":"<div class=\"mh-excerpt\"><p>Die sch\u00f6nsten Gute-Nacht-Geschichten gewinnen Online-Aktion zum Welt-Autismus-Tag am 2. April \u2013 Illustrierte Brosch\u00fcre b\u00fcndelt Erz\u00e4hlungen Heppenheim &#8211; Zum zweiten Mal sind Eltern autistischer Kinder sowie Kinder und Jugendliche im Autismus-Spektrum eingeladen, selbst erdachte Gute-Nacht-Geschichten auf <a class=\"mh-excerpt-more\" href=\"https:\/\/speyer24news.com\/?p=34731\" title=\"Gesundheit\">[&#8230;]<\/a><\/p>\n<\/div>","protected":false},"author":3,"featured_media":0,"comment_status":"open","ping_status":"open","sticky":false,"template":"","format":"standard","meta":{"_monsterinsights_skip_tracking":false,"_monsterinsights_sitenote_active":false,"_monsterinsights_sitenote_note":"","_monsterinsights_sitenote_category":0,"footnotes":""},"categories":[5462],"tags":[11014,5100,11017,11018,11019,11016,11015],"aioseo_notices":[],"amp_enabled":true,"_links":{"self":[{"href":"https:\/\/speyer24news.com\/index.php?rest_route=\/wp\/v2\/posts\/34731"}],"collection":[{"href":"https:\/\/speyer24news.com\/index.php?rest_route=\/wp\/v2\/posts"}],"about":[{"href":"https:\/\/speyer24news.com\/index.php?rest_route=\/wp\/v2\/types\/post"}],"author":[{"embeddable":true,"href":"https:\/\/speyer24news.com\/index.php?rest_route=\/wp\/v2\/users\/3"}],"replies":[{"embeddable":true,"href":"https:\/\/speyer24news.com\/index.php?rest_route=%2Fwp%2Fv2%2Fcomments&post=34731"}],"version-history":[{"count":1,"href":"https:\/\/speyer24news.com\/index.php?rest_route=\/wp\/v2\/posts\/34731\/revisions"}],"predecessor-version":[{"id":34735,"href":"https:\/\/speyer24news.com\/index.php?rest_route=\/wp\/v2\/posts\/34731\/revisions\/34735"}],"wp:attachment":[{"href":"https:\/\/speyer24news.com\/index.php?rest_route=%2Fwp%2Fv2%2Fmedia&parent=34731"}],"wp:term":[{"taxonomy":"category","embeddable":true,"href":"https:\/\/speyer24news.com\/index.php?rest_route=%2Fwp%2Fv2%2Fcategories&post=34731"},{"taxonomy":"post_tag","embeddable":true,"href":"https:\/\/speyer24news.com\/index.php?rest_route=%2Fwp%2Fv2%2Ftags&post=34731"}],"curies":[{"name":"wp","href":"https:\/\/api.w.org\/{rel}","templated":true}]}}