{"id":34736,"date":"2021-04-02T07:57:18","date_gmt":"2021-04-02T06:57:18","guid":{"rendered":"https:\/\/speyer24news.com\/?p=34736"},"modified":"2021-04-02T07:57:20","modified_gmt":"2021-04-02T06:57:20","slug":"polizei-543","status":"publish","type":"post","link":"https:\/\/speyer24news.com\/?p=34736","title":{"rendered":"Polizei"},"content":{"rendered":"<style type=\"text\/css\">\r\n\t.ads_top_disp{}\r\n\t.ads_top_corner_disp{ float:left; margin:0px 10px 10px 0px; }\r\n\t.ads_first_p_disp{}\r\n\t.ads_bottom_disp{}\r\n\t<\/style>\n<h2 class=\"wp-block-heading\">Polizeimeldungen vom Donnerstag (01.04.2021)<\/h2>\n\n\n\n<div class=\"wp-block-image\"><figure class=\"aligncenter\"><img decoding=\"async\" src=\"https:\/\/speyer24news.com\/wp-content\/uploads\/2020\/01\/Aktuelles-Polizeilogo.jpg\" alt=\"\" class=\"wp-image-23832\"\/><\/figure><\/div>\n\n\n\n<h4 class=\"wp-block-heading\">(Speyer) &#8211; Mit 1,71 Promille am Steuer<\/h4>\n\n\n\n<p>Ein Strafverfahren wegen Trunkenheit im Verkehr wurde in der Nacht von Mittwoch auf Donnerstag gegen einen 44-j\u00e4hrigen aus Speyer eingeleitet. Der Mann war alkoholisiert um 01:10 Uhr mit einem PKW in der Industriestra\u00dfe unterwegs. Da ein Alkoholtest einen Wert von 1,71 Promille ergab, wurde dem Mann eine Blutprobe entnommen.<\/p>\n\n\n\n<h4 class=\"wp-block-heading\">(Speyer) &#8211;  In Teamarbeit Ladendieb geschnappt<\/h4>\n\n\n\n<p>Nachdem am Mittwoch um 19:06 Uhr ein 17-J\u00e4hriger durch einen 59-j\u00e4hrigen Ladendetektiv bei einem Diebstahl in einem Supermarkt &#8222;Am R\u00fcbsamenw\u00fchl&#8220; erwischt wurde, stie\u00df er den Detektiv zu Boden und fl\u00fcchtete in Richtung Ausgang. Bei der Flucht rempelte der T\u00e4ter weitere Personen an und schob auf dem Parkplatz mutwillig einen Einkaufswagen gegen einen geparkten PKW, wodurch ein Schaden in H\u00f6he von ca. 500 EUR verursacht wurde. Mehrere couragierte Kunden eilten dem Detektiv zur Hilfe, wodurch es letztlich gelang gemeinsam den Ladendieb zu stellen. Sowohl der Ladendetektiv als auch ein 24-j\u00e4hriger Helfer erlitten durch die Konfrontation mit dem Beschuldigten leichte Verletzungen. Der Wert des Diebesgutes muss derzeit noch ermittelt werden. Es d\u00fcrfte sich hierbei jedoch um geringwertige Gegenst\u00e4nde handeln.<\/p>\n\n\n\n<h4 class=\"wp-block-heading\">(Speyer) &#8211;  Motorradfahrer durch Unfall verletzt<\/h4>\n\n\n\n<p>Zu einem Unfall mit verletztem Motorradfahrer kam es am Mittwoch gegen 13:00 Uhr in der Stockholmer Stra\u00dfe. Der 19-j\u00e4hrige Fahrer verlor in einer Linkskurve vermutlich aufgrund nicht angepasster Geschwindigkeit die Kontrolle \u00fcber sein Fahrzeug, st\u00fcrzte und rutschte \u00fcber den Asphalt in den Gr\u00fcnstreifen. Hierbei besch\u00e4digte das Motorrad ein Verkehrszeichen sowie den Umgrenzungszaun einer dort angesiedelten Firma. Der Mann wurde durch den Sturz verletzt und in ein \u00f6rtliches Krankenhaus verbracht. Es entstand Sachschaden in H\u00f6he von sch\u00e4tzungsweise 6000 EUR. Andere Verkehrsteilnehmer waren nicht beteiligt oder gef\u00e4hrdet.<\/p>\n\n\n\n<h4 class=\"wp-block-heading\">(Speyer) &#8211;  Ein Leichtverletzter und 6000 EUR Sachschaden nach Unfall<\/h4>\n\n\n\n<p>Ein Leichtverletzter und insgesamt ca. 6000 EUR Sachschaden waren die Folge eines Verkehrsunfalles, welcher sich am Mittwoch um 12:45 Uhr ereignete. Ein 77-J\u00e4hriger befuhr mit seinem PKW die Wormser Landstra\u00dfe in Richtung Bahnhofstra\u00dfe, als pl\u00f6tzlich von rechts ein 41-j\u00e4hrger PKW-Fahrer von einem Grundst\u00fcck in den flie\u00dfenden Verkehr der Wormser Landstra\u00dfe einfuhr, um nach links in Richtung Schifferstadter Stra\u00dfe weiter fahren zu k\u00f6nnen. Ein Zusammensto\u00df der beiden Fahrzeuge konnte auch durch ein Abbremsen seitens des 77-J\u00e4hrigen nicht verhindert werden. Durch die Kollision erlitt der 41-J\u00e4hrige leichte Verletzungen.<\/p>\n\n\n\n<h4 class=\"wp-block-heading\">(Speyer) &#8211; Kontrollen im Stadtgebiet<\/h4>\n\n\n\n<p>Insgesamt 23 PKW, 18 Fahrr\u00e4der sowie zwei Kraftr\u00e4der wurden am Mittwoch im Zeitraum von 08:00 bis 11:00 Uhr in der Wormser Landstra\u00dfe und der Auestra\u00dfe kontrolliert. Hierbei kam es zur Ahndung von 15 Verkehrsverst\u00f6\u00dfen. W\u00e4hrend in der Auestra\u00dfe f\u00fcnf Pkw-Fahrer der Gurtpflicht nicht nachkamen und drei Personen w\u00e4hrend der Fahrt ihr Mobiltelefon nutzten, befuhren in der Wormser Landstra\u00dfe drei Fahrradfahrer den Radweg in nicht zul\u00e4ssige Richtung. Des Weiteren wurde einem 52-j\u00e4hrigen Porsche-Fahrer die Weiterfahrt untersagt, da dieser einen Heckspoiler an seinem Fahrzeug montiert hatte, jedoch keine \u00c4nderungsabnahme vorweisen konnte. Da hierdurch eine Gef\u00e4hrdung f\u00fcr den Stra\u00dfenverkehr bestand, ist f\u00fcr den PKW die Betriebserlaubnis erloschen. Die Zulassungsstelle wurde informiert und gegen den Fahrer ein Ordnungswidrigkeitenanzeige eingeleitet<\/p>\n\n\n\n<h4 class=\"wp-block-heading\">(Germersheim) &#8211; Alles falsch gemacht<\/h4>\n\n\n\n<p>Am Donnerstag, den 1. April 2021, gegen 23 Uhr erreichte die Polizei Germersheim ein Notruf. Es sei ein Rollerfahrer in Germersheim, in der Mainzer Stra\u00dfe, gest\u00fcrzt.<\/p>\n\n\n\n<p>Vor Ort konnte ein 28-j\u00e4hriger Mann aus Bellheim angetroffen werden. Dieser war mit seinem Roller beim Verlassen des dortigen Kreisverkehrs zun\u00e4chst von der Fahrbahn abgekommen. Die Fahrt endete mit einem Sturz nach dem Zusammensto\u00df mit dem Verkehrszeichen auf dem Fahrbahnteiler.<\/p>\n\n\n\n<p>Gegen\u00fcber den Beamten \u00e4u\u00dferte er &#8222;ehrlich sein zu m\u00fcssen&#8220; und r\u00e4umte ein, dass er Alkohol getrunken und Bet\u00e4ubungsmittel konsumiert habe. Ein Alkoholtest ergab einen Wert von 2,94 Promille.<\/p>\n\n\n\n<p>Im Rahmen der Unfallaufnahme stellte sich weiterhin heraus, dass die Mofa-Pr\u00fcfbescheinigung f\u00fcr den Roller nicht ausreichend war. Im Besitz einer &#8222;richtigen&#8220; Fahrerlaubnis war der Bellheimer nicht.<\/p>\n\n\n\n<p>Zudem war der Versicherungsschutz f\u00fcr den Roller bereits 2018 abgelaufen.<\/p>\n\n\n\n<p>Neben der Einleitung entsprechender Ermittlungsverfahren wurde dem 28-J\u00e4hrigen zudem eine Blutprobe entnommen.<\/p>\n\n\n\n<h4 class=\"wp-block-heading\">(Germersheim) &#8211; Kontrollen im Dienstgebiet<\/h4>\n\n\n\n<p>Mittwochmittag f\u00fchrten Germersheimer Polizisten eine Geschwindigkeitsmessung &#8222;Am Unkenfunk&#8220; durch. Insgesamt waren dort neun Fahrzeuge zu schnell unterwegs. Der &#8222;Spitzenreiter&#8220; befuhr die 30er Zone mit 55 km\/h. Ein weiterer Schwerpunkt wurde bei den Kontrollen auf das Thema Ablenkung gelegt. F\u00fcnf Autofahrer wurden im Laufe des Vormittags mit dem Handy am Ohr erwischt. Abschlie\u00dfend wurde aufgrund vermehrter B\u00fcrgerbeschwerden das Durchfahrtsverbot auf dem Feldweg zwischen R\u00fclzheim und H\u00f6rdt \u00fcberwacht. Lediglich zwei Autofahrer hatten keine Berechtigung, den Weg zu befahren.<\/p>\n\n\n\n<h4 class=\"wp-block-heading\">(Bellheim) &#8211; PKW geht in Flammen auf<\/h4>\n\n\n\n<p>Am Mittwochabend wurde die Polizei Germersheim \u00fcber einen brennenden PKW auf einem Parkplatz bei der Landstra\u00dfe 539 informiert. Vor Ort stand der Kleinwagen bereits in Brand und musste von der alarmierten Feuerwehr gel\u00f6scht werden. Die Ursache d\u00fcrfte nach jetzigem Kenntnisstand auf einen technischen Defekt zur\u00fcckzuf\u00fchren sein.<\/p>\n\n\n\n<h4 class=\"wp-block-heading\">(Bad Bergzabern) &#8211; Zwei Autofahrten unter Drogeneinfluss in Bad Bergzabern festgestellt<\/h4>\n\n\n\n<p>Durch Beamte der Polizeiinspektion Bad Bergzabern wurden am Donnerstag, den 01.04.2021, im Stadtbereich von Bad Bergzabern gleich zwei PKW Lenker aus dem Verkehr gezogen.<\/p>\n\n\n\n<p>Im Rahmen der jeweiligen Verkehrskontrollen konnte bei den jeweils 30-j\u00e4hrigen Autofahrern Auff\u00e4lligkeiten festgestellt werden, die auf einen Drogenkonsum hindeuteten. Ein freiwillig durchgef\u00fchrter Drogenvortest verlief hierbei jeweils positiv auf -Cannabis-. Aufgrund der jeweiligen positiven Vortests und der festgestellten Auff\u00e4lligkeiten ergab sich f\u00fcr die kontrollierenden Beamten der Verdacht, dass die jeweiligen PKW unter Drogenbeeinflussung gef\u00fchrt worden sein k\u00f6nnten. Beide Fahrer wurden daher zur Dienststelle verbracht, wo ihnen eine Blutprobe entnommen wurde.<\/p>\n\n\n\n<p>Die beiden Fahrer erwartet nun ein Strafverfahren wegen Trunkenheit im Verkehr. Die Weiterfahrt wurde jeweils untersagt.<\/p>\n\n\n\n<h4 class=\"wp-block-heading\">(Bad Bergzabern) &#8211; Joggerin gebissen \/ Hundebesitzer gesucht<\/h4>\n\n\n\n<p>Eine 55-j\u00e4hrige Joggerin wurde am Dienstag, 30.03.21, zwischen 09:15 Uhr und 09:30 Uhr auf dem parallel der Stra\u00dfe zum Bismarckturm verlaufenden Waldweg in Richtung Liebfrauenberg, von einem Hund in den Oberschenkel gebissen. <\/p>\n\n\n\n<p><strong>Der Besitzer des Hundes sei<\/strong><\/p>\n\n\n\n<ul><li>180cm gro\u00df,<\/li><li>habe graues Haar,<\/li><li>und sei circa 60 Jahre alt. <\/li><\/ul>\n\n\n\n<p>Der Mann rief seinen Hund, sprach die verletzte Frau an, verlie\u00df aber die \u00d6rtlichkeit, ohne sich weiter um die Frau zu k\u00fcmmern und seine Daten zu hinterlassen. Gegen den Hundebesitzer wird wegen fahrl\u00e4ssiger K\u00f6rperverletzung ermittelt. Wer Hinweise zu dem Hundebesitzer geben kann, wird gebeten sich unter 06343\/93340 oder per E-Mail unter&nbsp;<a href=\"mailto:pibadbergzabern@polizei.rlp.de\">pibadbergzabern@polizei.rlp.de<\/a>&nbsp;mit der Polizeiinspektion Bad Bergzabern in Verbindung zu setzen.<\/p>\n\n\n\n<h4 class=\"wp-block-heading\">(Landau) &#8211; Hinweis auf Kinderansprecher<\/h4>\n\n\n\n<div class=\"wp-block-image\"><figure class=\"aligncenter\"><img decoding=\"async\" loading=\"lazy\" width=\"768\" height=\"663\" src=\"https:\/\/speyer24news.com\/wp-content\/uploads\/2021\/04\/Achtung-768x663.png\" alt=\"\" class=\"wp-image-34738\" srcset=\"https:\/\/speyer24news.com\/wp-content\/uploads\/2021\/04\/Achtung-768x663.png 768w, https:\/\/speyer24news.com\/wp-content\/uploads\/2021\/04\/Achtung-768x663-300x259.png 300w\" sizes=\"(max-width: 768px) 100vw, 768px\" \/><\/figure><\/div>\n\n\n\n<p>Der Polizeiinspektion Landau ist gestern Mittag, gegen 11.30 Uhr, mitgeteilt worden, dass ein \u00e4lterer Mann in der Wollmesheimer Hauptstra\u00dfe ein 6-j\u00e4hriges Kind angesprochen haben soll. <\/p>\n\n\n\n<p>Der Mann soll das Kind gefragt haben, ob er ihm etwas zeigen solle. Das Kind verst\u00e4ndigte seine Eltern, welche die Polizei anriefen. Unmittelbar eingeleitete Fahndungsma\u00dfnahmen nach dem Mann verliefen negativ. <\/p>\n\n\n\n<p><strong>Der Mann wird wie folgt beschrieben: <\/strong><\/p>\n\n\n\n<ul><li>ca. 70 Jahre alt,<\/li><li>kurze grauwei\u00dfe Haare,<\/li><li>kurzer grauwei\u00dfer Bart,<\/li><li>trug eine schwarze Brille <\/li><li>und ein graues T-Shirt.<\/li><li>Er soll mit einem Kleintransporter unterwegs gewesen sein. <\/li><\/ul>\n\n\n\n<p>Nach dem gegenw\u00e4rtigen Stand der Ermittlungen liegt bislang kein strafrechtlich relevanter Sachverhalt vor. Wir nehmen den Hinweis aber trotzdem ernst. <\/p>\n\n\n\n<p>Wenn Sie in diesem Zusammenhang etwas beobachtet haben, melden Sie sich bitte bei der Polizei Landau unter der Telefonnummer 06341\/2870 oder&nbsp;<a href=\"mailto:pilandau@polizei.rlp.de\">pilandau@polizei.rlp.de<\/a>. <\/p>\n\n\n\n<p><strong><em>Da sich in den sozialen Medien derzeit Spekulationen verbreiten, bitten wir Sie nur offiziellen Quellen zu vertrauen und Inhalte der Nachrichten zu pr\u00fcfen, bevor Sie den Beitrag liken oder teilen.<\/em><\/strong><\/p>\n\n\n\n<h4 class=\"wp-block-heading\">(Landau-Rohrbach) &#8211; Geschwindigkeitskontrollen<\/h4>\n\n\n\n<p>Am Mittwochmorgen wurden bei Geschwindigkeitskontrollen auf der L509 auf H\u00f6he &#8222;Zum M\u00fctterle&#8220; 27 Verst\u00f6\u00dfe gegen die erlaubte H\u00f6chstgeschwindigkeit von 70 km\/h festgestellt. Der Spitzenreiter wurde mit einer Geschwindigkeit von 102 km\/h gemessen. Weiterhin fanden aufgrund von B\u00fcrgerbeschwerden Geschwindigkeitskontrollen in der Hintergasse in Rohrbach statt. Hierbei wurden keine Verst\u00f6\u00dfe gegen die erlaubte H\u00f6chstgeschwindigkeit festgestellt, jedoch hatten drei Autofahrer den erforderlichen Sicherheitsgurt nicht angelegt. Auch in der Fu\u00dfg\u00e4ngerzone wurde aufgrund von Beschwerden der Durchgangsverkehr kontrolliert, alle in dieser Zeit festgestellten Fahrzeuge waren im Lieferverkehr eingesetzt und somit berechtigt in der Fu\u00dfg\u00e4ngerzone unterwegs.<\/p>\n\n\n\n<h4 class=\"wp-block-heading\">(A 65 \/ Edenkoben) &#8211; Lastwagen umgekippt VOLLSPERRUNG!!!<\/h4>\n\n\n\n<div class=\"wp-block-image\"><figure class=\"aligncenter\"><img decoding=\"async\" loading=\"lazy\" width=\"500\" height=\"667\" src=\"https:\/\/speyer24news.com\/wp-content\/uploads\/2021\/04\/LasterA65.jpg\" alt=\"\" class=\"wp-image-34740\" srcset=\"https:\/\/speyer24news.com\/wp-content\/uploads\/2021\/04\/LasterA65.jpg 500w, https:\/\/speyer24news.com\/wp-content\/uploads\/2021\/04\/LasterA65-225x300.jpg 225w\" sizes=\"(max-width: 500px) 100vw, 500px\" \/><figcaption>Unfall A 65<\/figcaption><\/figure><\/div>\n\n\n\n<p>Aktueller Unfall auf der A65 mit Vollsperrung in Rtg. Karlsruhe bei der AS Edenkoben. Heute, am 01.04., gegen 12:09., kam ein LKW vermutlich nach rechts auf den Standstreifen und kollidierte mit einem weiteren LKW. Einer der LKW kippte um und verstreute seine Ladung Humus\/Mutterboden auf die Fahrbahn. Umleitungen ab NW S\u00dcD werden ausgewiesen. Die Vollsperrung wird vermutlich nicht vor 18:00 Uhr aufgehoben! Der Fahrer wurde nur leicht verletzt. Weitere Infos folgen \u00fcber das Presseportal der PI Edenkoben!<\/p>\n\n\n\n<h4 class=\"wp-block-heading\">(A 65 \/ Edenkoben) &#8211; Lastwagen umgekippt \/ VOLLSPERRUNG!!!<\/h4>\n\n\n\n<h4 class=\"wp-block-heading\" style=\"text-align:center\">Nachtrag <\/h4>\n\n\n\n<p>Die Aufr\u00e4umarbeiten sind im Gange und dauern noch bis mindestens 18 Uhr an. Bis zum Ende der Aufr\u00e4umarbeiten bleibt die A65 in Fahrtrichtung Karlsruhe in H\u00f6he der Anschlussstelle Edenkoben weiterhin voll gesperrt, die Autobahnmeisterei Kandel ist diesbez\u00fcglich im Einsatz. Hinschlich des Unfallhergangs wurden die Kontrollger\u00e4te der beteiligten LKW&#8217;s ausgewertet. Hierbei konnte ermittelt werden, dass der 30-j\u00e4hrige Sattelschlepperfahrer auf der A65 auf dem Standstreifen R\u00fcckw\u00e4rts fuhr. Auf Vorhalt wurde dies durch den 30-j\u00e4hrigen auch einger\u00e4umt. Er fuhr hiernach auf der A65 r\u00fcckw\u00e4rts, da er die Ausfahrt Edenkoben verpasste, an welcher er eigentlich abfahren wollte. Hierbei kollidierte er mit der Sattelzugmachine eines 58-j\u00e4hrigen. Das Gespann des 58-j\u00e4hrigen kippte um und verlor mehrere Tonnen Rindenmulch, welcher quer \u00fcber die komplette Fahrbahn verstreut wurde. An beiden LKW-Gespannen entstand Totalschaden. Die Fahrer wurden gl\u00fccklicherweise nur leicht verletzt. Die Schadensh\u00f6he betr\u00e4gt ersten Sch\u00e4tzungen zu Folge 110.000 Euro. Gegen den 30-j\u00e4hren LKW-Fahrer wurde ein Ermittlungsverfahren wegen Gef\u00e4hrdung des Stra\u00dfenverkehrs eingeleitet. Nach R\u00fccksprache mit der Staatsanwaltschaft Landau wurde der F\u00fchrerschein sichergestellt. Durch die Vollsperrung kommt es zu erheblichen Verkehrsbehinderungen. Zwecks Unfallaufnahme wurde ein Polizeihubschrauber hinzugezogen.<\/p>\n\n\n\n<h4 class=\"wp-block-heading\">(Edenkoben) &#8211; Betrunken mit Pedelec gest\u00fcrzt<\/h4>\n\n\n\n<p>Am Mittwochabend (31.03., 21:12h) verunfallte ein alleinbeteiligter Pedelec-Radfahrer auf der Stra\u00dfe, nachdem er vom Feiern mit seinem Kumpel alkoholisiert nach Hause fahren wollte. Ein Alkotest ergab bei dem Fahrer einen Wert von 0,78 Promille. Vorsorglich wurden seine bis dato leichten Verletzungen in einem Krankenhaus untersucht. Auf den jungen Mann aus dem Kreis S\u00dcW kommt nun eine Strafanzeige wegen Trunkenheit im Stra\u00dfenverkehr zu.<\/p>\n\n\n\n<h4 class=\"wp-block-heading\">(Sankt Martin) &#8211; Roller frisiert<\/h4>\n\n\n\n<p>Mittwochnachmittag (31.03.,17:55h) fuhr auf der K32 zw. Maikammer und Sankt Martin die Polizeistreife einem Rollerfahrer hinterher. Zeitweise zeigte der Tacho des Funkstreifenwagens dabei 60 Km\/h an&#8230; Als der Fahrer die Polizei bemerkte, verringerte er die Geschwindigkeit auf 30-40 Km\/h. Bei der anschlie\u00dfenden Kontrolle stellte sich jedoch heraus, dass der Roller nur f\u00fcr max.25 Km\/h zugelassen war. Durch die Manipulation am Roller erlosch deshalb die Betriebserlaubnis, einen F\u00fchrerschein konnte der junge Mann aus dem Raum Neustadt Weinstr. ebenfalls nicht vorzeigen. Gegen den Fahrer und den eigentlichen Halter des Rollers ermittelt die Polizei nun u.a. wegen Fahrens ohne Fahrerlaubnis.<\/p>\n\n\n\n<h4 class=\"wp-block-heading\">(Ha\u00dfloch) &#8211; Alkoholisiert mit dem E-Scooter unterwegs<\/h4>\n\n\n\n<p>Ein 20-j\u00e4hriger Ha\u00dflocher wurde am Mittwochabend durch eine Streife der PI Ha\u00dfloch in der N\u00e4he des Bahnhofs einer Verkehrskontrolle unterzogen. Der junge Mann war mit einem sog. E-Scooter unterwegs. W\u00e4hrend der Kontrolle konnten die Beamten deutliche Anzeichen auf Alkoholkonsum feststellen. Die anschlie\u00dfende \u00dcberpr\u00fcfung ergab einen Wert von \u00fcber 1,1 Promille. Gegen ihn wurde ein Strafverfahren eingeleitet und er musste eine Blutprobe abgeben. Ob er k\u00fcnftig auf\u00b4s Fahrrad umsteigt oder lieber gleich zu Fu\u00df geht, bleibt offen.<\/p>\n\n\n\n<h4 class=\"wp-block-heading\">(Bad D\u00fcrkheim-Ungstein) &#8211; Unfallflucht \/ Zeugen gesucht!<\/h4>\n\n\n\n<p>Am 31.03.2021 im Zeitraum zwischen ca. 10:40 und 12:05 Uhr wurden in der Waldgasse in Bad D\u00fcrkheim-Ungstein zwei ordnungsgem\u00e4\u00df am Fahrbahnrand geparkte PKW (Audi A4 \/ Peugeot 207) durch einen derzeit unbekannten Fahrzeugf\u00fchrer besch\u00e4digt. An beiden PKW entstanden Streifsch\u00e4den in einer Gesamth\u00f6he von ca. 800EUR. Die Polizeiinspektion Bad D\u00fcrkheim bittet daher unter Tel. 06322-9630 oder per Mail an&nbsp;<a href=\"mailto:pibadduerkheim@polizei.rlp.de\">pibadduerkheim@polizei.rlp.de<\/a>&nbsp;um Zeugenhinweise zu genanntem Unfallgeschehen.<\/p>\n\n\n\n<h4 class=\"wp-block-heading\">(Bad D\u00fcrkheim) &#8211; Unfallflucht durch aufmerksame Zeugen gekl\u00e4rt<\/h4>\n\n\n\n<p>Am 31.03.2021 gegen 11:00 Uhr teilte eine 33-j\u00e4hrige Bad D\u00fcrkheimerin mit, dass ihr auf einem Parkplatz in der Gutleutstra\u00dfe abgestellter PKW durch den Fahrer eines anderen PKW besch\u00e4digt worden sei. Bei der anschlie\u00dfenden Unfallaufnahme vor Ort konnten zwei Zeugen ausfindig gemacht werden, welche den Unfallverursacher beobachtet hatten und genaue Angaben zu Fahrzeug, Kennzeichen und Person machen konnten. Im Rahmen der weiteren Ermittlungen konnte so ein 52-J\u00e4hriger aus Ha\u00dfloch als Beschuldigter ermittelt werden. Diesen erwartet nun ein Strafverfahren wegen des unerlaubten Entfernens von der Unfallstelle &#8211; zudem muss dieser f\u00fcr den verursachten Sachschaden in H\u00f6he von ca. 1000EUR aufkommen.<\/p>\n\n\n\n<h4 class=\"wp-block-heading\">(Bad D\u00fcrkheim) &#8211; Fahrradkontrollen<\/h4>\n\n\n\n<p>Am Vormittag des 31.03.2021 wurde im Rahmen einer eingerichteten Kontrollstelle am Parkplatz &#8222;Weinstra\u00dfenfenster&#8220; (L516) der Fahrradverkehr kontrolliert. Von insgesamt 20 kontrollierten Fahrr\u00e4dern mussten 8 Radfahrer bzw. deren R\u00e4der durch die Beamten beanstandet werden. Unter den festgestellten Verst\u00f6\u00dfen waren u.a. fehlende Klingeln oder Beleuchtungsmittel sowie in einem Fall die Beeintr\u00e4chtigung des Geh\u00f6rs durch Kopfh\u00f6rer. Entsprechende Verwarnungen wurden ausgesprochen, zudem M\u00e4ngelberichte zur Behebung der festgestellten M\u00e4ngel ausgestellt.<\/p>\n\n\n\n<h4 class=\"wp-block-heading\">(He\u00dfheim) &#8211; Brand in Schrebergarten<\/h4>\n\n\n\n<p>Am Mittwochmorgen, den 31.03.2021 gegen 06:30 Uhr kam es aus bislang ungekl\u00e4rter Ursache zu einem Brand eines Schrebergartenhauses in der Beindersheimer Stra\u00dfe in He\u00dfheim. Beim Eintreffen der Polizei stand das Haus bereits in Vollbrand und konnte im Anschluss durch die ausger\u00fcckte Feuerwehr gel\u00f6scht werden. Verletzt wurde niemand. Zur genauen Schadensh\u00f6he und Brandursache hat die Polizei die Ermittlungen aufgenommen. Zeugen werden gebeten sich an die Polizeiinspektion Frankenthal unter der Tel.-Nr.: 06233\/313-0 oder an die Polizeiwache Maxdorf unter der Tel.-Nr.: 06237\/934-1100 zu wenden. Gerne nehmen wir Ihre Hinweise auch per E-Mail unter&nbsp;<a href=\"mailto:pifrankenthal@polizei.rlp.de\">pifrankenthal@polizei.rlp.de<\/a>&nbsp;entgegen.<\/p>\n\n\n\n<h4 class=\"wp-block-heading\">(Frankenthal) &#8211; Brand in einem Einfamilienhaus<\/h4>\n\n\n\n<p>Aus bislang ungekl\u00e4rter Ursache kam es am Donnerstagabend, dem 01.04., in Frankenthal zu einem Brand in einem Einfamilienhaus. Einer der Bewohner begann selbstst\u00e4ndig mit L\u00f6scharbeiten und erlitt hierbei eine leichte Rauchgasintoxikation. Der Brand konnte durch die Feuerwehr gel\u00f6scht werden. Die Schadensh\u00f6he d\u00fcrfte sich grob gesch\u00e4tzt auf 10.000,- EUR belaufen. Die weiteren Ermittlungen erfolgen durch die Kriminalinspektion Ludwigshafen.<\/p>\n\n\n\n<h4 class=\"wp-block-heading\">(Frankenthal) &#8211; Verkehrsunfall PKW und Fahrradfahrer \/ Zeugen gesucht<\/h4>\n\n\n\n<p>Bereits am 28.03.2021 kam es gegen 17:30 Uhr zu einem Verkehrsunfall, infolgedessen sich ein 16-j\u00e4hriger Fahrradfahrer verletzte. Nach den Schilderungen des Fahrradfahrers befuhr ein etwa 60-j\u00e4hriger Mann in einem silbernen BMW die Mahlastra\u00dfe in Fahrtrichtung Hans-Kopp-Stra\u00dfe in Frankenthal. An einem Fu\u00dfg\u00e4nger\u00fcberweg wollte der Fahrradfahrer die Mahlastra\u00dfe queren, als ihn der BMW-Fahrer \u00fcbersah und touchierte. Der BMW-Fahrer notierte sich zun\u00e4chst noch die Daten des 16-j\u00e4hrigen, wobei ihm der Fahrradfahrer dies nicht gleichtat. Nachdem zun\u00e4chst alles in Ordnung schien, fiel dem Jugendlichen erst nach einigen Stunden auf, dass er Schmerzen im Bereich des Oberschenkels sowie leichte Hautabsch\u00fcrfungen aufgrund des Zusammenpralls versp\u00fcrte und meldete den Verkehrsunfall nach. Aufgrund der laufenden Ermittlungen sucht die Polizei nach dem BMW-Fahrer sowie weiteren Zeugen des Vorfalls. Zeugen werden gebeten sich an die Polizeiinspektion Frankenthal unter der Tel.-Nr.: 06233\/313-0 oder an die Polizeiwache Maxdorf unter der Tel.-Nr.: 06237\/934-1100 zu wenden. Gerne nehmen wir Ihre Hinweise auch per E-Mail unter&nbsp;<a href=\"mailto:pifrankenthal@polizei.rlp.de\">pifrankenthal@polizei.rlp.de<\/a>&nbsp;entgegen.<\/p>\n\n\n\n<h4 class=\"wp-block-heading\">(Maxdorf) &#8211; Verkehrsunfall unter Radfahrern \/ Zeugen gesucht<\/h4>\n\n\n\n<p>Am 31.03.2021 gegen 15:30 Uhr kam es am sogenannten &#8222;Toskana-Kreisel&#8220; in Maxdorf zu einem Verkehrsunfall unter Radfahrern. Eine Frau fuhr mit ihrem Fahrrad und einem Fahrradanh\u00e4nger den Radweg von Birkenheide kommend Richtung Fu\u00dfg\u00f6nheim. Vor ihr fuhren auf Fahrr\u00e4dern drei Kinder, vermutlich deren Gro\u00dfeltern, ebenfalls auf Fahrr\u00e4dern, folgten dem Gespann. Nachdem an der Hauptstra\u00dfe zun\u00e4chst der PKW-Verkehr anhielt, um die Gruppe queren zu lassen, fuhren die Kinder vor dem Gespann \u00fcber die Stra\u00dfe. Direkt danach hielten sie aber abrupt wieder an, so dass die Fahrerin des Gespanns ausweichen musste und st\u00fcrzte, wobei sich Rad und Anh\u00e4nger \u00fcberschlugen. Die Fahrerin verletzte sich leicht und konnte schlie\u00dflich ihre Fahrt fortsetzen. Die Kinder und deren Begleiter fuhren ebenfalls weiter. Die begleitenden Erwachsenen werden ersucht, sich mit der Polizeiwache Maxdorf in Verbindung zu setzen.<\/p>\n\n\n\n<p>Wer sachdienliche Hinweise zu dem genannten Fall geben kann, wird gebeten sich mit der Polizeiwache Maxdorf unter der Rufnummer 06237 \/ 934-1100 oder der Polizeiinspektion Frankenthal unter der Rufnummer 06233 \/ 313-0 in Verbindung zu setzen. Hinweise k\u00f6nnen auch per E-Mail unter&nbsp;<a href=\"mailto:pwmaxdorf@polizei.rlp.de\">pwmaxdorf@polizei.rlp.de<\/a>&nbsp;\u00fcbermittelt werden.<\/p>\n\n\n\n<h4 class=\"wp-block-heading\">(Polizeipr\u00e4sidium Rheinpfalz \/ Maxdorf) &#8211; Sattelt auf<\/h4>\n\n\n\n<figure class=\"wp-block-image\"><img decoding=\"async\" loading=\"lazy\" width=\"800\" height=\"533\" src=\"https:\/\/speyer24news.com\/wp-content\/uploads\/2021\/04\/Reiterstaffelinl\u00e4ndlichenGegenden.jpg\" alt=\"\" class=\"wp-image-34742\" srcset=\"https:\/\/speyer24news.com\/wp-content\/uploads\/2021\/04\/Reiterstaffelinl\u00e4ndlichenGegenden.jpg 800w, https:\/\/speyer24news.com\/wp-content\/uploads\/2021\/04\/Reiterstaffelinl\u00e4ndlichenGegenden-300x200.jpg 300w, https:\/\/speyer24news.com\/wp-content\/uploads\/2021\/04\/Reiterstaffelinl\u00e4ndlichenGegenden-768x512.jpg 768w\" sizes=\"(max-width: 800px) 100vw, 800px\" \/><figcaption>Reiterstaffel wird vor allem in l\u00e4ndlichen Gegenden unterst\u00fctzen.<\/figcaption><\/figure>\n\n\n\n<p>Vorwiegend in l\u00e4ndlichen Gegenden besteht oftmals das Problem, dass die Einsatzorte mit den gro\u00dfen Funkstreifenwagen nur schwer zu erreichen sind. Waldgebiete, Rheinufer, Fu\u00dfg\u00e4ngerzonen sind hier als einige wenige Beispiele zu nennen. Eine L\u00f6sung wurde 2020 auf Anregung der Polizeiwache Maxdorf gefunden: Wo kein Platz ist, m\u00fcssen weniger PS her. Das Polizeipr\u00e4sidium Rheinpfalz ist daher zu dem Entschluss gekommen, wieder vermehrt auf die urspr\u00fcnglichen Pferdest\u00e4rken zu setzen. Nach einer ausgiebigen Trainings- und Vorbereitungsphase d\u00fcrfen wir nun endlich verk\u00fcnden, dass unser Pilotprojekt &#8222;Reiterstaffel des Polizeipr\u00e4sidiums Rheinpfalz&#8220; in die offene Phase geht.<\/p>\n\n\n\n<figure class=\"wp-block-image\"><img decoding=\"async\" loading=\"lazy\" width=\"800\" height=\"533\" src=\"https:\/\/speyer24news.com\/wp-content\/uploads\/2021\/04\/ZweineuePferdef\u00fcrMaxdorf.jpg\" alt=\"\" class=\"wp-image-34743\" srcset=\"https:\/\/speyer24news.com\/wp-content\/uploads\/2021\/04\/ZweineuePferdef\u00fcrMaxdorf.jpg 800w, https:\/\/speyer24news.com\/wp-content\/uploads\/2021\/04\/ZweineuePferdef\u00fcrMaxdorf-300x200.jpg 300w, https:\/\/speyer24news.com\/wp-content\/uploads\/2021\/04\/ZweineuePferdef\u00fcrMaxdorf-768x512.jpg 768w\" sizes=\"(max-width: 800px) 100vw, 800px\" \/><figcaption>Zwei Pferde f\u00fcr die Polizeiwache Maxdorf.<\/figcaption><\/figure>\n\n\n\n<p>Mit frisch abgeschlossener und bestandener Pr\u00fcfung darf die Polizei Rheinland-Pfalz heute ihre zwei neuesten Mitglieder &#8222;Bibi&#8220; und &#8222;Tina&#8220; begr\u00fc\u00dfen. Die beiden Pferde werden zusammen mit den beschulten Reiterinnen in Maxdorf stationiert sein, wo sie fortan die Einsatzlagen der dortigen Polizeiwache und der Polizeiinspektion Frankenthal unterst\u00fctzen werden. Wenn sie nicht gerade auf dem sogenannten Verfolgungsritt sind, werden die Neuzug\u00e4nge der Polizeiwache schwerpunktm\u00e4\u00dfig in der Drogensachbearbeitung eingesetzt. Mit ihren sehr sensiblen N\u00fcstern und durch ihre nat\u00fcrliche Vertrautheit mit Gras eignen sich die Tiere hervorragend als Schn\u00fcffelnasen und werden die Beamten in Maxdorf in ihrem Kampf gegen Drogen unterst\u00fctzen.<\/p>\n\n\n\n<div class=\"wp-block-image\"><figure class=\"aligncenter\"><img decoding=\"async\" loading=\"lazy\" width=\"500\" height=\"750\" src=\"https:\/\/speyer24news.com\/wp-content\/uploads\/2021\/04\/NeueReiterstaffelinMaxdorf.jpg\" alt=\"\" class=\"wp-image-34744\" srcset=\"https:\/\/speyer24news.com\/wp-content\/uploads\/2021\/04\/NeueReiterstaffelinMaxdorf.jpg 500w, https:\/\/speyer24news.com\/wp-content\/uploads\/2021\/04\/NeueReiterstaffelinMaxdorf-200x300.jpg 200w\" sizes=\"(max-width: 500px) 100vw, 500px\" \/><figcaption>Maxdorf startet Pilotprojekt Reiterstaffel<\/figcaption><\/figure><\/div>\n\n\n\n<p>Das Pilotprojekt wird die n\u00e4chsten zw\u00f6lf Monate evaluiert, um anhand der Ergebnisse eine Ausweitung auf ganz Rheinland-Pfalz pr\u00fcfen zu k\u00f6nnen. Beide Polizistinnen sind auf die kommende Zeit gespannt: &#8222;Meine Kollegin und ich kommen beide aus dem Reitsport, deswegen freuen wir uns noch mehr dar\u00fcber, dass wir unsere Leidenschaft nun mit unserem Beruf verbinden k\u00f6nnen.&#8220; Auch der Wacheleiter Polizeihauptkommissar Frank zeigt sich hoch erfreut \u00fcber den Zuwachs der Polizeiwache. &#8222;Ich bin in freudiger Erwartung auf die gemeinsame Zeit und wir werden sicher das ein oder andere Mal eine M\u00f6hre in der Einsatztasche mitf\u00fchren&#8220;, berichtet er lachend.<\/p>\n\n\n\n<div class=\"wp-block-image\"><figure class=\"aligncenter\"><img decoding=\"async\" loading=\"lazy\" width=\"500\" height=\"750\" src=\"https:\/\/speyer24news.com\/wp-content\/uploads\/2021\/04\/ReiterstaffelinMaxdorf.jpg\" alt=\"\" class=\"wp-image-34745\" srcset=\"https:\/\/speyer24news.com\/wp-content\/uploads\/2021\/04\/ReiterstaffelinMaxdorf.jpg 500w, https:\/\/speyer24news.com\/wp-content\/uploads\/2021\/04\/ReiterstaffelinMaxdorf-200x300.jpg 200w\" sizes=\"(max-width: 500px) 100vw, 500px\" \/><figcaption>Maxdorf startet Pilotprojekt Reiterstaffel.<\/figcaption><\/figure><\/div>\n\n\n\n<p>Wir hoffen, dass sich die zwei Neuen schnell einleben und w\u00fcnschen erfolgreiche Eins\u00e4tze!<\/p>\n\n\n\n<h4 class=\"wp-block-heading\">(Polizeipr\u00e4sidium Rheinpfalz \/ Maxdorf) &#8211; Zwei PS f\u00fcr ein &#8222;April-April&#8220;<\/h4>\n\n\n\n<p>Eine Reiterstaffel f\u00fcrs Polizeipr\u00e4sidium Rheinpfalz? Galopp statt Verfolgungsfahrt? Pferde in der Drogensachbearbeitung? Bei all dem haben Sie gedacht: Da kann doch was nicht stimmen? Richtig vermutet! Bei unserer Meldung handelt es sich um einen Aprilscherz. Unsere Kolleginnen von der Polizeiwache Maxdorf haben f\u00fcr diesen kleinen Spa\u00df keine M\u00fche gescheut und kurzerhand ihre Vierbeiner als vermeintliche Polizeipferde &#8222;kost\u00fcmiert&#8220;.<\/p>\n\n\n\n<h4 class=\"wp-block-heading\">(Polizeipr\u00e4sidium Rheinpfalz) &#8211; Radarkontrollen des Polizeipr\u00e4sidiums Rheinpfalz f\u00fcr April 2021<\/h4>\n\n\n\n<figure class=\"wp-block-image\"><img decoding=\"async\" loading=\"lazy\" width=\"800\" height=\"450\" src=\"https:\/\/speyer24news.com\/wp-content\/uploads\/2020\/12\/Blitzer-Logo.jpg\" alt=\"\" class=\"wp-image-31938\" srcset=\"https:\/\/speyer24news.com\/wp-content\/uploads\/2020\/12\/Blitzer-Logo.jpg 800w, https:\/\/speyer24news.com\/wp-content\/uploads\/2020\/12\/Blitzer-Logo-300x169.jpg 300w, https:\/\/speyer24news.com\/wp-content\/uploads\/2020\/12\/Blitzer-Logo-768x432.jpg 768w, https:\/\/speyer24news.com\/wp-content\/uploads\/2020\/12\/Blitzer-Logo-678x381.jpg 678w\" sizes=\"(max-width: 800px) 100vw, 800px\" \/><\/figure>\n\n\n\n<p>Im Bereich der <strong>Polizeidirektion Ludwigshafen<\/strong> finden wie folgt Kontrollen statt: <\/p>\n\n\n\n<ul><li>Mittwoch 07.04.2021 im Bereich Frankenthal<\/li><li>Donnerstag 22.04.2021 im Bereich Altrip<\/li><li>Dienstag 27.04.2021 im Bereich B\u00f6hl-Iggelheim<\/li><\/ul>\n\n\n\n<p>Im Bereich der <strong>Polizeidirektion Landau<\/strong> finden wie folgt Kontrollen statt:<\/p>\n\n\n\n<ul><li>Donnerstag 08.04.2021 im Bereich Godramstein<\/li><li>Dienstag 13.04.2021 im Bereich Maximiliansau<\/li><li>Mittwoch 21.04.2021 im Bereich Landau<\/li><li>Montag 26.04.2021 im Bereich Steinfeld<\/li><\/ul>\n\n\n\n<p>Im Bereich der <strong>Polizeidirektion Neustadt<\/strong> finden wie folgt Kontrollen statt:<\/p>\n\n\n\n<ul><li>Dienstag 06.04.2021 im Bereich Bad Neustadt<\/li><li>Donnerstag 15.04.2021 im Bereich Ha\u00dfloch<\/li><li>Montag 19.04.2021 im Bereich Bad D\u00fcrkheim<\/li><li>Donnerstag 29.04.2021 im Bereich A6 bei Neuleiningen<\/li><\/ul>\n\n\n\n<p>Die Polizei weist ausdr\u00fccklich darauf hin, dass Kontrollen auch au\u00dferhalb der genannten Zeiten und \u00d6rtlichkeiten stattfinden.<\/p>\n\n\n\n<h4 class=\"wp-block-heading\">(B 9 FR SP \/ Autobahndreieck LU) &#8211; Schwerverletzter Motorradfahrer als Ergebnis eines riskanten \u00dcberholman\u00f6vers<\/h4>\n\n\n\n<div class=\"wp-block-image\"><figure class=\"aligncenter\"><img decoding=\"async\" loading=\"lazy\" width=\"800\" height=\"580\" src=\"https:\/\/speyer24news.com\/wp-content\/uploads\/2021\/04\/IMG_3973Gro\u00df.jpg\" alt=\"\" class=\"wp-image-34750\" srcset=\"https:\/\/speyer24news.com\/wp-content\/uploads\/2021\/04\/IMG_3973Gro\u00df.jpg 800w, https:\/\/speyer24news.com\/wp-content\/uploads\/2021\/04\/IMG_3973Gro\u00df-300x218.jpg 300w, https:\/\/speyer24news.com\/wp-content\/uploads\/2021\/04\/IMG_3973Gro\u00df-768x557.jpg 768w\" sizes=\"(max-width: 800px) 100vw, 800px\" \/><\/figure><\/div>\n\n\n\n<p>Zu einem schweren Verkehrsunfall kam es am 01.04., gegen 09:18 Uhr, auf der B9 in Richtung Speyer, im Bereich des Autobahndreiecks Ludwigshafen. Nach \u00fcbereinstimmenden Zeugenaussagen befuhr ein 47j\u00e4hrige Frankenthaler mit seiner Suzuki die B9, und \u00fcberholte in r\u00fccksichtsloser Weise und mit massiv \u00fcberh\u00f6hter Geschwindigkeit die dort fahrenden Fahrzeuge. Kurz vor dem Autobahndreieck Ludwigshafen wollte der Motorradfahrer einen auf dem linken Fahrstreifen fahrenden KIA eines Ludwigshafeners \u00fcberholen. Dabei verlor er die Kontrolle \u00fcber sein Motorrad, streifte die Mittelschutzplanke, und st\u00fcrzte infolgedessen. Das Motorrad kam erst nach etwa 140m auf der Fahrbahn zum Liegen. <\/p>\n\n\n\n<div class=\"wp-block-image\"><figure class=\"aligncenter\"><img decoding=\"async\" loading=\"lazy\" width=\"800\" height=\"593\" src=\"https:\/\/speyer24news.com\/wp-content\/uploads\/2021\/04\/IMG_3972Gro\u00df.jpg\" alt=\"\" class=\"wp-image-34751\" srcset=\"https:\/\/speyer24news.com\/wp-content\/uploads\/2021\/04\/IMG_3972Gro\u00df.jpg 800w, https:\/\/speyer24news.com\/wp-content\/uploads\/2021\/04\/IMG_3972Gro\u00df-300x222.jpg 300w, https:\/\/speyer24news.com\/wp-content\/uploads\/2021\/04\/IMG_3972Gro\u00df-768x569.jpg 768w, https:\/\/speyer24news.com\/wp-content\/uploads\/2021\/04\/IMG_3972Gro\u00df-80x60.jpg 80w\" sizes=\"(max-width: 800px) 100vw, 800px\" \/><figcaption>Unfallstelle<\/figcaption><\/figure><\/div>\n\n\n\n<p>Im Verlauf der Unfallaufnahme wurden zudem unzul\u00e4ssige technische Ver\u00e4nderungen am Motorrad des Unfallfahrers festgestellt, durch welche die Betriebserlaubnis erloschen war. Der Fahrer wurde vom Rettungsdienst mit schweren Verletzungen in die BG-Unfallklinik verbracht, die B9 musste f\u00fcr ca. eine Stunde, auch wegen der Landung eines Rettungshubschraubers, voll gesperrt werden. Der F\u00fchrerschein des Verunfallten wurde sichergestellt, er darf bis auf weiteres kein Fahrzeug mehr f\u00fchren. Weiter wurde ihm eine Blutprobe entnommen. Zeugen, denen der Motorradfahrer aufgrund seines Fahrstils aufgefallen ist, werden gebeten sich bei der Polizeiautobahnstation Ruchheim zu melden.<\/p>\n\n\n\n<h4 class=\"wp-block-heading\">(Ludwigshafen) &#8211; E-Rollerfahrer aus dem Verkehr gezogen<\/h4>\n\n\n\n<p>Bei der Verkehrskontrolle eines 18-j\u00e4hrigen E-Roller-Fahrers am 01.04.2021, gegen 00:50 Uhr, mussten gleich mehrere Verst\u00f6\u00dfe aufgenommen werden. Zun\u00e4chst wurde festgestellt, dass der E-Roller kein Versicherungskennzeichen besitzt. Ein solches ist jedoch Pflicht. Weiterhin gab es Hinweise darauf, dass der 18-J\u00e4hrige Drogen konsumiert haben k\u00f6nnte. Ein entsprechender Test verlief positiv auf Amphetamine und Metamphetamine. Zudem hatte der junge Mann eine geringe Menge Amphetamine bei sich. Die Drogen und der E-Roller wurden sichergestellt. Der 18-J\u00e4hrige muss sich nun wegen der Fahrt unter Drogeneinfluss, wegen des Fahrens ohne Pflichtversicherungsschutz und wegen des Versto\u00dfes gegen das Bet\u00e4ubungsmittelgesetz verantworten.<\/p>\n\n\n\n<h4 class=\"wp-block-heading\">(Ludwigshafen) &#8211; Unter Drogeneinfluss Auto gefahren<\/h4>\n\n\n\n<p>Am 01.04.21, gegen 00:30 Uhr kontrollierten Beamte der Polizei Ludwigshafen einen 24-j\u00e4hrigen Autofahrer in der Bruchwiesenstra\u00dfe. Bei dem Fahrer konnten die Beamten Hinweise auf eine Drogenbeeinflussung feststellen. Ein Drogenschnelltest best\u00e4tigte den Verdacht. Dieser verlief positiv auf Amphetamin und Metamphetamin. Um die genaue Drogenbeeinflussung festzustellen, wurde dem 24-J\u00e4hrigen auf der Polizeidienststelle eine Blutprobe entnommen. Er muss sich nun wegen der Fahrt unter Drogeneinfluss, wegen des Versto\u00dfes gegen das Bet\u00e4ubungsmittelgesetz und wegen des Versto\u00dfes gegen die Ausgangsbeschr\u00e4nkung verantworten.<\/p>\n\n\n\n<h4 class=\"wp-block-heading\">(Ludwigshafen) &#8211; Rollerfahrer unter Drogeneinfluss aus dem Verkehr gezogen<\/h4>\n\n\n\n<p>Am Mittwochabend, gegen 22:00 Uhr, wurde ein 26-j\u00e4hriger Rollerfahrer in der Mundenheimer Stra\u00dfe kontrolliert. Der Fahrer des Kleinkraftrades war nicht im Besitz eines F\u00fchrerscheines. Au\u00dferdem stellten die Beamten bei ihm Hinweise auf eine Drogenbeeinflussung fest. Ein Drogenschnelltest best\u00e4tigte dies. Der Test verlief positiv auf THC. Bei dem 16-J\u00e4hrigen konnten die Beamten noch einen Joint und eine Marihuanabl\u00fcte auffinden. Dem Rollerfahrer wurde auf der Polizeidienststelle eine Blutprobe entnommen, um die genaue Drogenbeeinflussung festzustellen. Er muss sich nun wegen der Fahrt unter Drogeneinfluss, wegen des Fahrens ohne Fahrerlaubnis und wegen des Versto\u00dfes gegen das Bet\u00e4ubungsmittelgesetz verantworten.<\/p>\n\n\n\n<h4 class=\"wp-block-heading\">(Ludwigshafen) &#8211; Taschendiebstahl<\/h4>\n\n\n\n<p>Am Mittwochabend wurde einem 59-J\u00e4hrigen auf dem Rathausplatz der Geldbeutel gestohlen. Der Mann befand sich an den Stra\u00dfenbahnhaltestellen des Rathauscenters, als ihm der Geldbeutel gestohlen wurde.<\/p>\n\n\n\n<h4 class=\"wp-block-heading\">(Ludwigshafen) &#8211; Alkoholisiert Unfall verursacht und gefl\u00fcchtet<\/h4>\n\n\n\n<p>Am Mittwochabend, gegen 18:45 Uhr, soll ein 15-j\u00e4hriger Fahrradfahrer beim Abbiegen von der Hauptstra\u00dfe in die M\u00f6rschgewanne ein wartendes Auto gestreift haben. Als die Autofahrerin die Polizei zur Unfallaufnahme verst\u00e4ndigen wollte, fl\u00fcchtete der Fahrradfahrer, ohne sich um den entstandenen Schaden in H\u00f6he von ca. 300,- Euro zu k\u00fcmmern. Der Radfahrer konnte bei einer sofortigen Fahndung in der N\u00e4he kontrolliert werden. Der 15-J\u00e4hrige war alkoholisiert. Ein Atemalkoholtest ergab einen Wert von 0,83 Promille. Die Erziehungsberechtigten wurden verst\u00e4ndigt und ihm wurde auf der Polizeidienststelle eine Blutprobe entnommen. Gegen den 15-J\u00e4hrigen wird nun wegen des unerlaubten Entfernen vom Unfallort und wegen Stra\u00dfenverkehrsgef\u00e4hrdung ermittelt.<\/p>\n\n\n\n<h4 class=\"wp-block-heading\">(Ludwigshafen) &#8211; Wer hat etwas beobachtet?<\/h4>\n\n\n\n<p>Am 31.03.2021, gegen 15 Uhr, kam es an einer Ampel in der Industriestra\u00dfe zu einem Auffahrunfall zwischen einer 52-j\u00e4hrigen Autofahrerin und einer 34-j\u00e4hrigen Rollerfahrerin. Letztere wurde durch den Zusammensto\u00df leicht verletzt und in ein Krankenhaus verbracht. Zur genauen Rekonstruktion des Unfallhergangs sucht die Polizeiinspektion Ludwigshafen 2 Zeuginnen und Zeugen.<\/p>\n\n\n\n<p>Sachdienliche Hinweise werden unter Telefonnummer 0621 963-2222 oder per E-Mail&nbsp;<a href=\"mailto:piludwigshafen2@polizei.rlp.de\">piludwigshafen2@polizei.rlp.de<\/a>&nbsp;entgegengenommen.<\/p>\n\n\n\n<h4 class=\"wp-block-heading\">(Ludwigshafen) &#8211; Nicht hereingefallen<\/h4>\n\n\n\n<p>Am 31.03.2021, gegen 12:20 Uhr, erhielt ein 83-J\u00e4hriger aus Ludwigshafen-S\u00fcd, einen Anruf von einem ihm unbekannten Mann. Dieser behauptete, Mitarbeiter bei Microsoft zu sein. Er erkl\u00e4rte au\u00dferdem, dass der Computer des 83-J\u00e4hrigen gehackt worden sei. Davon lie\u00df sich der Senior nicht beeindrucken. Souver\u00e4n stellte er klar, dass er gar keinen Computer habe und jetzt die Polizei anrufe. Der Betr\u00fcger legte daraufhin sofort auf.<\/p>\n\n\n\n<p>Damit auch Sie so \u00fcberlegen reagieren k\u00f6nnen, beachten Sie unsere Hinweise: Microsoft f\u00fchrt nach eigenen Angaben keine unaufgeforderten Telefonanrufe durch, um schadhafte Ger\u00e4te zu reparieren. Selbst auf offizielle Support-Anfragen erfolgen Hilfestellungen fast ausschlie\u00dflich per E-Mail. Wenn Sie einen solchen Anruf erhalten, legen Sie auf und melden Sie diesen Ihrer Polizei.<\/p>\n\n\n\n<p>Auf der Internet-Seite&nbsp;<a rel=\"noreferrer noopener\" target=\"_blank\" href=\"http:\/\/www.polizei-beratung.de\/\">www.polizei-beratung.de<\/a>&nbsp;finden Sie umfangreiche Informationen zu diesem Thema.<\/p>\n\n\n\n<h4 class=\"wp-block-heading\">(Ludwigshafen) &#8211; Unfall mit zwei Leichtverletzten<\/h4>\n\n\n\n<p>Am Mittwochmittag, gegen 12:15 Uhr, stie\u00df ein Roller beim Abbiegen von der Eisenbahnstra\u00dfe in die Hauptstra\u00dfe mit einem Auto zusammen. Der 16-j\u00e4hrige Rollerfahrer und die 60-j\u00e4hrige Beifahrerin aus dem Auto wurden durch den Unfall leicht verletzt. Durch den Unfall entstand zudem ein Sachschaden in H\u00f6he von ca. 5.500,- Euro.<\/p>\n\n\n\n<h4 class=\"wp-block-heading\">(Mannheim) &#8211; 32-j\u00e4hriger Mann auf Antrag der Staatsanwaltschaft Mannheim wegen Verdachts des Totschlags in Untersuchungshaft<\/h4>\n\n\n\n<h4 class=\"wp-block-heading\">Gemeinsame Presseerkl\u00e4rung der Staatsanwaltschaft Mannheim und des Polizeipr\u00e4sidiums Mannheim:<\/h4>\n\n\n\n<figure class=\"wp-block-image\"><img decoding=\"async\" src=\"https:\/\/speyer24news.com\/wp-content\/uploads\/2019\/12\/Zelle.jpg\" alt=\"\" class=\"wp-image-23580\"\/><\/figure>\n\n\n\n<p>Auf Antrag der Staatsanwaltschaft Mannheim wurde durch das Amtsgericht Mannheim Haftbefehl gegen einen 32-j\u00e4hrigen Wohnsitzlosen aus Polen erlassen. Er steht im dringenden Verdacht, in der Nacht von Montag, 29.03.2021, auf Dienstag, 30.03.2021, im Stadtteil Jungbusch einen 39-j\u00e4hrigen Mann durch erhebliche Gewalteinwirkung get\u00f6tet zu haben.<\/p>\n\n\n\n<p>In der Wohnung einer Zeugin in der Schanzenstra\u00dfe kam es in der Nacht von Montag auf Dienstag zu einer k\u00f6rperlichen Auseinandersetzung zwischen den beiden M\u00e4nnern, in deren Verlauf der 32-j\u00e4hrige Tatverd\u00e4chtige seinem 39-j\u00e4hrigen Kontrahenten durch erhebliche Gewalteinwirkung derart schwere Verletzungen zuf\u00fcgt haben soll, dass dieser daran verstarb.<\/p>\n\n\n\n<p>Der Tatverd\u00e4chtige konnte am Dienstagmorgen in der Wohnung der Zeugin festgenommen werden, nachdem diese aufgrund der Verletzungen des 39-J\u00e4hrigen die Rettungsleitstelle verst\u00e4ndigt hatte.<\/p>\n\n\n\n<p>Auf Antrag der Staatsanwaltschaft Mannheim wurde durch das Amtsgericht Mannheim Haftbefehl wegen Flucht- und Verdunkelungsgefahr gegen den 32-J\u00e4hrigen erlassen. Er wurde nach der Vorf\u00fchrung beim Ermittlungsrichter und Er\u00f6ffnung des Haftbefehls in eine Justizvollzugsanstalt eingeliefert.<\/p>\n\n\n\n<p>Die Ermittlungen der Staatsanwaltschaft Mannheim und des Polizeipr\u00e4sidiums Mannheim dauern an.<\/p>\n\n\n\n<h4 class=\"wp-block-heading\">(Mannheim \/ Heidelberg \/ Rhein-Neckar-Kreis) &#8211; \u00dcberwachung der CoronaVO sowie der Treffpunkte und Ausflugsziele an Ostern<\/h4>\n\n\n\n<div class=\"wp-block-image\"><figure class=\"aligncenter\"><img decoding=\"async\" loading=\"lazy\" width=\"500\" height=\"500\" src=\"https:\/\/speyer24news.com\/wp-content\/uploads\/2020\/02\/virus-4810549_1920.png\" alt=\"\" class=\"wp-image-25116\" srcset=\"https:\/\/speyer24news.com\/wp-content\/uploads\/2020\/02\/virus-4810549_1920.png 500w, https:\/\/speyer24news.com\/wp-content\/uploads\/2020\/02\/virus-4810549_1920-150x150.png 150w, https:\/\/speyer24news.com\/wp-content\/uploads\/2020\/02\/virus-4810549_1920-300x300.png 300w\" sizes=\"(max-width: 500px) 100vw, 500px\" \/><\/figure><\/div>\n\n\n\n<p>Auch in der Zeit zwischen Karfreitag und Ostermontag wird das Polizeipr\u00e4sidium Mannheim weiter intensiv die Einhaltung der CoronaVO \u00fcberwachen. Insbesondere an den bekannten Treffpunkten und Ausflugszielen in Mannheim, Heidelberg und dem Rhein-Neckar-Kreis wird die Polizei mit rund 70 zus\u00e4tzlichen Polizeibeamten t\u00e4glich pr\u00e4sent sein. Dabei sollen auch vorwiegend Fu\u00df- und Radstreifen durchgef\u00fchrt werden. Die eingesetzten Polizeibeamten werden bei den Kontrollen mit dem erforderlichen Fingerspitzengef\u00fchl vorgehen.<\/p>\n\n\n\n<p>In diesem Zusammenhang wird auch auf den Appell des Oberb\u00fcrgermeisters der Stadt Mannheim (<a rel=\"noreferrer noopener\" target=\"_blank\" href=\"https:\/\/www.mannheim.de\/de\/nachrichten\/10-tage-fuer-mannheim-testen-und-zuhause-bleiben\">https:\/\/www.mannheim.de\/de\/nachrichten\/10-tage-fuer-mannheim-testen-und-zuhause-bleiben<\/a>) und die Tipps der Stadt Heidelberg zur Neckarwiese und weiteren Ausflugszielen (<a rel=\"noreferrer noopener\" target=\"_blank\" href=\"https:\/\/www.heidelberg.de\/hd\/HD\/service\/31_03_2021+neckarwiese_+170+aufgemalte+kreise+bieten+ueber+ostern+orientierungshilfe+beim+abstandhalten.html\">https:\/\/www.heidelberg.de\/hd\/HD\/service\/31_03_2021+neckarwiese_+170+aufgemalte+kreise+bieten+ueber+ostern+orientierungshilfe+beim+abstandhalten.html<\/a>) hingewiesen.<\/p>\n\n\n\n<h4 class=\"wp-block-heading\">(Mannheim-Rheinau) &#8211; Unfall mit leichtverletzter Person<\/h4>\n\n\n\n<p>Bei einem Verkehrsunfall am Mittwochabend im Stadtteil Rheinau wurde eine Beteiligte leicht verletzt. Eine 29-j\u00e4hrige Frau war mit ihrem Mercedes in der Mallaustra\u00dfe in Richtung Hallenweg unterwegs. Nachdem sie die Einm\u00fcndung zur Sporw\u00f6rthstra\u00dfe passiert hatte, bemerkte sie, dass sie dort abbiegen wollte und bremste ihr Auto ab. Anschlie\u00dfend setzte mit ihrem Fahrzeug zur\u00fcck und stie\u00df dabei gegen den vor der Einm\u00fcndung stehenden Mazda einer 55-j\u00e4hrigen Frau. Diese hatte zuvor noch mit mehrmaligen Hupsignalen vergeblich versucht, die Mercedes-Fahrerin auf sich aufmerksam zu machen. Die 55-J\u00e4hrige erlitt leichte Verletzungen und musste vor Ort durch Rettungskr\u00e4fte behandelt werden. An den Fahrzeugen entstand Sachschaden in H\u00f6he von rund 3.000 Euro.<\/p>\n\n\n\n<p>W\u00e4hrend der Unfallaufnahmen stellten die Beamten fest, dass die 29-J\u00e4hrige nicht im Besitz einer Fahrerlaubnis ist. Gegen sie wird nun wegen fahrl\u00e4ssiger K\u00f6rperverletzung und Fahrens ohne Fahrerlaubnis ermittelt.<\/p>\n\n\n\n<h4 class=\"wp-block-heading\">(Mannheim-Rheinau) &#8211; 35-j\u00e4hrige Frau wird Opfer eines angeblichen Microsoft-Mitarbeiters<\/h4>\n\n\n\n<p>Eine 35-j\u00e4hrige Frau aus dem Stadtteil Rheinau wurde am Mittwochmorgen Opfer eines angeblichen Microsoft-Mitarbeiters. Die Frau erhielt gegen 9.30 Uhr den Anruf eines unbekannten Mannes der vorgab vom Support-Team und sein und dass auf dem PC der Frau ein Hacker- bzw. Virenangriff festgestellt worden sei. Er \u00fcberredete die Frau, ihm Fernzugriff zu ihrem PC und ihrem Smartphone zu gew\u00e4hren und sich anschlie\u00dfend in ihr Homebanking-Konto einzuloggen. Hierdurch konnte er einen vierstelligen Geldbetrag auf ein anderes Bankkonto zu transferieren, was die 35-J\u00e4hrige erst sp\u00e4ter bemerkte. Als sie schlie\u00dflich ihr Onlinekonto sperren lie\u00df, war der Betrag bereits unwiederbringlich gebucht.<\/p>\n\n\n\n<h4 class=\"wp-block-heading\">(Mannheim-Vogelstang) &#8211; Auff\u00e4llige Fahrweise \u00fcberf\u00fchrt unter Drogen stehenden Autofahrer \/ F\u00fchrerschein abgenommen<\/h4>\n\n\n\n<p>Am Mittwoch gegen 11:45 Uhr kontrollierten zwei Polizisten des Polizeireviers Mannheim-K\u00e4fertal in der Weimarer Stra\u00dfe einen 39-j\u00e4hrigen Autofahrer, der unter Drogeneinfluss stand. Der 39-j\u00e4hrige Seat-Fahrer fiel den Beamten auf, da er eine Kurve nicht richtig einsch\u00e4tzen konnte und \u00fcber einen Bordstein fuhr. Bei der Kontrolle des Mannes stellte sich heraus, dass dessen F\u00fchrerschein zur Einziehung ausgeschrieben war, weshalb dieser beschlagnahmt wurde. Weiterhin stellten die Beamten deutliche k\u00f6rperliche Anzeichen bei dem Mann fest, welche auf den Konsum von Drogen deuteten. Ein Urintest reagierte schlie\u00dflich positiv auf Amphetamin. Nachdem dem Mann auf dem Polizeirevier Mannheim-K\u00e4fertal eine Blutprobe entnommen und der Fahrzeugschl\u00fcssel beschlagnahmt wurde, durfte er gehen.<\/p>\n\n\n\n<h4 class=\"wp-block-heading\">(Heidelberg-Rohrbach) &#8211; Betrunkener bel\u00e4stigt Supermarkt-Kunden<\/h4>\n\n\n\n<p>Ein betrunkener Mann hat am Dienstagnachmittag mehrere Kunden eines Supermarkts in der Hertzstra\u00dfe bel\u00e4stigt. Gegen 15:00 Uhr wurde die Polizei verst\u00e4ndigt, nachdem der Mann im Au\u00dfenbereich, unmittelbar vor den Augen der Einkaufswilligen seine kleine Notdurft verrichtete und sein Geschlechtsteil entbl\u00f6\u00dfte. Die Passanten verst\u00e4ndigten daraufhin die Marktleitung. Der Mann wurde einer Personenkontrolle unterzogen und der \u00d6rtlichkeit verwiesen.<\/p>\n\n\n\n<p>Zeugen, die den Vorgang beobachtet haben, werden gebeten sich beim Polizeirevier Heidelberg-S\u00fcd unter Tel.: 06221 &#8211; 34180 zu melden.<\/p>\n\n\n\n<h4 class=\"wp-block-heading\">(Wiesloch \/ Rhein-Neckar-Kreis) &#8211; Vermisster aus PZN wohlbehalten aufgefunden; n\u00e4chtliche Suche nach 84-j\u00e4hrigem Mann mit Gro\u00dfaufgebot an Rettungskr\u00e4ften, Feuerwehren und Suchhunden zun\u00e4chst ohne Ergebnis unterbrochen<\/h4>\n\n\n\n<p>Mit einem Gro\u00dfaufgebot an Rettungskr\u00e4ften wurde in der Nacht zum Donnerstag nach einem 84-j\u00e4hrigem Mann gesucht, der am Mittwochabend eine Station des Krankenhausbereichs des Psychiatrischen Zentrums Nordbaden (PZN) in Wiesloch verlassen hatte und seitdem als vermisst galt.<\/p>\n\n\n\n<p>Da eine hilflose Lage nicht ausgeschlossen war, wurde ab 23.45 Uhr zun\u00e4chst mit zehn Streifenwagenbesatzungen nach ihm gesucht. Alle m\u00f6glichen Hinwendungsorte wurden ohne Ergebnis \u00fcberpr\u00fcft.<\/p>\n\n\n\n<p>F\u00fcr die gezielten Suchma\u00dfnahmen rund um das PZN wurden noch am sp\u00e4ten Mittwochabend die Werksfeuerwehr des PZN sowie die Freiwillige Feuerwehr M\u00fchlhausen mit einer Drohne alarmiert, die das unmittelbare Klinikgel\u00e4nde absuchten.<\/p>\n\n\n\n<p>Insgesamt neun Suchhunde des Deutschen Roten Kreuzes und des Technischen Hilfswerks sowie der Polizeihundestaffel Walldorf waren im Einsatz, um den Mann zu suchen. Obwohl die Hunde dessen Witterung Aufnahmen und sich die Suche auf den nordwestlichen Bereich des PZN in Richtung L 594 und Nu\u00dfloch konzentrierte, wurde der Mann nicht gefunden.<\/p>\n\n\n\n<p>Auch eine einst\u00fcndige Absuche mit einem Polizeihubschrauber zwischen 03-04 Uhr, insbesondere im Bereich des Steinbruchs Nu\u00dfloch und den angrenzenden Wald- und Feldgebieten verlief ohne Ergebnis.<\/p>\n\n\n\n<p>Die Suche nach dem Mann, an der insgesamt \u00fcber 70 Retterinnen und Retter beteiligt waren, wurde kurz vor 5 Uhr unterbrochen, um sie nach Tagesanbruch wieder fortzusetzen.<\/p>\n\n\n\n<p>Die weiteren Planungen konnten allerdings schon kurz nach 7 Uhr am Donnerstagmorgen eingestellt werden. Der 84-J\u00e4hrige wurde auf einem Weg im Bereich der Wilhelmsh\u00f6he von Bediensteten des PZN angetroffen, als dieser nach dem Weg zu seiner Station fragte. Dorthin wurde er mit leichten Unterk\u00fchlungssymptomen aber sonst wohlbehalten zur\u00fcckgebracht.<\/p>\n\n\n\n<p>\u00dcber seinen Aufenthaltsort in der Nacht liegen noch keine Erkenntnisse vor. Der Mann d\u00fcrfte die Nacht jedoch im Freien verbracht haben.<\/p>\n\n\n\n<h4 class=\"wp-block-heading\">(Nu\u00dfloch \/ Rhein-Neckar-Kreis) &#8211; Auto schaltet sich w\u00e4hrend der Fahrt ab und verursacht Unfall<\/h4>\n\n\n\n<p>Am Mittwoch gegen 07:30 Uhr soll sich auf der K4157 zwischen Maisbach und Nu\u00dfloch der VW einer 39-j\u00e4hrigen Frau selbstst\u00e4ndig ausgeschaltet haben, wodurch sie mit einem entgegenkommenden 54-j\u00e4hrigen Mercedesfahrer kollidierte. Die Frau war von Maisbach kommend in Richtung Nu\u00dfloch unterwegs, als in einer Kurve der Motor pl\u00f6tzlich ausgegangen sein soll. In dessen Folge lenkte die Fahrerin vor Schreck den VW in den Gegenverkehr. Durch den Unfall entstand ein Sachschaden von mehreren Tausend Euro. Der VW musste abgeschleppt werden. Verletzt wurde bei dem Unfall niemand.<\/p>\n\n\n\n<h4 class=\"wp-block-heading\">(Bammental \/ Rhein-Neckar-Kreis) &#8211; Einbruch in B\u00e4ckerei \/ Polizei sucht Zeugen<\/h4>\n\n\n\n<p>In der Nacht von Dienstag auf Mittwoch brachen ein oder mehrere, bislang unbekannte T\u00e4ter in eine B\u00e4ckerei in der Hauptstra\u00dfe ein. Hierzu betraten die Einbrecher zun\u00e4chst den Haupteingang und verschafften sich von dort aus gewaltsam Zutritt zu der Verkaufsfl\u00e4che der B\u00e4ckerei. Die H\u00f6he des hierbei entstandenen Sachschadens ist derzeit noch nicht bekannt. Nachdem die T\u00e4ter diverse Schr\u00e4nke und Schubladen durchsucht hatten, wurden sie schlie\u00dflich f\u00fcndig und konnten mehrere hunderte Euro Bargeld entwenden.<\/p>\n\n\n\n<p>Zeugen, die sachdienliche Hinweise geben k\u00f6nnen, werden gebeten, sich beim Polizeiposten Meckesheim unter Tel.: 06226-1336 zu melden.<\/p>\n\n\n\n<h4 class=\"wp-block-heading\">(Sinsheim \/ Rhein-Neckar-Kreis) &#8211; Mit Drogen erwischt<\/h4>\n\n\n\n<p>Am Mittwochnachmittag wurden in Sinsheim zwei M\u00e4nner im Alter von 19 und 31 Jahren mit Drogen erwischt. Im Rahmen von Schwerpunktkontrollen zur Bek\u00e4mpfung der Drogenkriminalit\u00e4t fielen die beiden M\u00e4nner einer Fahrradstreife des Polizeireviers Sinsheim an der Skateranlage in der Lilienthalstra\u00dfe auf und wurden kontrolliert.<\/p>\n\n\n\n<p>Dabei bemerkten die Polizisten, dass der 31-J\u00e4hrige sehr nerv\u00f6s wirkte. Auf Nachfrage und nach Ank\u00fcndigung seiner Durchsuchung r\u00fcckte der Mann insgesamt vier Marihuana-Bl\u00fcten heraus, die er im Stadtgebiet von Sinsheim von einem unbekannten Mann gekauft habe.<\/p>\n\n\n\n<p>Der 19-J\u00e4hrige warf beim Eintreffen der Beamten ein Paket aus Alufolie weg, in dem sich dreieinhalb Marihuana-Bl\u00fcten befanden. Den Beamten blieb dies jedoch nicht verborgen.<\/p>\n\n\n\n<p>Gegen die beiden M\u00e4nner wird nun wegen Drogenbesitzes ermittelt.<\/p>\n\n\n\n<h4 class=\"wp-block-heading\">(Edingen-Neckarhausen \/ Rhein-Neckar-Kreis) &#8211; Brand in Entsorgungsbetrieb<\/h4>\n\n\n\n<h4 class=\"wp-block-heading\" style=\"text-align:center\">Pressemeldung Nr. 1<\/h4>\n\n\n\n<p>Gegen 13.15 Uhr kam es auf dem Gel\u00e4nde eines Entsorgungsbetriebs In den Milben zu Ausbruch eines Feuers. Durch bislang unbekannte Ursache geriet ein M\u00fcllberg von ca. 200 m\u00b2 in Brand wodurch eine schwarze Rauchs\u00e4ule entstand die weithin sichtbar war. Wohngebiete oder Verkehrswege sind bislang nicht von den Rauchschwaden betroffen. Die L\u00f6scharbeiten der Feuerwehr sind derzeit in vollem Gange. Ein Personen- oder Sachschaden entstand bei jetzigem Sachstand nicht.<\/p>\n\n\n\n<h4 class=\"wp-block-heading\">(Edingen-Neckarhausen \/ Rhein-Neckar-Kreis) &#8211; Brand in Entsorgungsbetrieb<\/h4>\n\n\n\n<h4 class=\"wp-block-heading\" style=\"text-align:center\">Pressemeldung Nr. 2<\/h4>\n\n\n\n<p>Beim Brandgeschehen auf einem Entsorgungsbetrieb dauern die kontrollierten L\u00f6scharbeiten der letzten Glutnester derzeit noch an. Eine Rauchentwicklung ist nicht mehr feststellbar. Personen wurden nicht verletzt; ein Sachschaden ist ebenfalls nicht festzustellen, da es sich um zu entsorgenden M\u00fcll handelte. Die Brandursache ist bislang Ermittlungssache.<\/p>\n\n\n\n<h4 class=\"wp-block-heading\">(Hemsbach \/ Rhein-Neckar-Kreis) &#8211; Trickdieb am Friedhof \/ Polizei sucht Zeugen<\/h4>\n\n\n\n<p>Am fr\u00fchen Montagabend zwischen 18:00 Uhr und 18:30 Uhr wurde eine \u00e4ltere Dame Opfer eines besonders dreisten Trickdiebs. W\u00e4hrend die Seniorin sich auf dem Friedhof aufhielt wurde sie von einem unbekannten Mann angesprochen und nach der Telefonnummer vom ADAC gefragt. Hilfsbereit suchte die \u00e4ltere Dame in ihrem Geldbeutel nach einer Erreichbarkeit. Hierzu ging sie zu ihrem Fahrrad. Der Unbekannte folgte der Seniorin und lie\u00df bewusst ein Geldst\u00fcck fallen, wodurch er die Dame zum Ablegen ihres Geldbeutels auf dem Fahrradsattel brachte. Der Trickdieb nutzte die Gelegenheit und entwendete unbemerkt Scheingeld in H\u00f6he von mehreren hunderten Euro aus der Geldb\u00f6rse. Noch w\u00e4hrend die Seniorin das Kleingeld vom Boden aufhob und dem T\u00e4ter nichtsahnend aush\u00e4ndigte, gelangte dieser durch geschickte Finger an ein am Handgelenk befindliches Schmuckst\u00fcck der Dame. Kurz darauf entfernte sich der Unbekannte von der Tat\u00f6rtlichkeit und ging durch den Haupteingang in Richtung Goethestra\u00dfe fl\u00fcchtig. Erst am sp\u00e4ten Abend bemerkte die Seniorin das Fehlen ihres Hab und Guts.<\/p>\n\n\n\n<p>Der T\u00e4ter soll:<\/p>\n\n\n\n<ul><li>einen seri\u00f6sen Eindruck gemacht haben <\/li><li>und zwischen 170 cm und 175 cm gro\u00df gewesen sein. <\/li><li>Er habe deutsch, ohne Akzent, gesprochen <\/li><li>und einen knielangen, dunkelblauen Mantel mit Krawatte und wei\u00dfem Hemd getragen sowie einen dunkelblauen Wollschal. <\/li><li>Auff\u00e4llig seien die dunkelblonden, kurzen, gescheitelten Haare gewesen, die am Hinterkopf bereits grau wirkten.<\/li><\/ul>\n\n\n\n<p>Zeugen, die sachdienliche Hinweise geben k\u00f6nnen, werden gebeten, sich beim Polizeiposten Hemsbach unter Tel.: 06201 &#8211; 71207 zu melden.<\/p>\n","protected":false},"excerpt":{"rendered":"<div class=\"mh-excerpt\"><p>Polizeimeldungen vom Donnerstag (01.04.2021) (Speyer) &#8211; Mit 1,71 Promille am Steuer Ein Strafverfahren wegen Trunkenheit im Verkehr wurde in der Nacht von Mittwoch auf Donnerstag gegen einen 44-j\u00e4hrigen aus Speyer eingeleitet. Der Mann war alkoholisiert <a class=\"mh-excerpt-more\" href=\"https:\/\/speyer24news.com\/?p=34736\" title=\"Polizei\">[&#8230;]<\/a><\/p>\n<\/div>","protected":false},"author":3,"featured_media":0,"comment_status":"open","ping_status":"open","sticky":false,"template":"","format":"standard","meta":{"_monsterinsights_skip_tracking":false,"_monsterinsights_sitenote_active":false,"_monsterinsights_sitenote_note":"","_monsterinsights_sitenote_category":0,"footnotes":""},"categories":[12],"tags":[3614,61,2555,6955,6986,6263,63,105,6987,53,4854,4683,1548,102,213,55,5261,103,106,2803,2423,427,2625,380,62,104,979,1565],"aioseo_notices":[],"amp_enabled":true,"_links":{"self":[{"href":"https:\/\/speyer24news.com\/index.php?rest_route=\/wp\/v2\/posts\/34736"}],"collection":[{"href":"https:\/\/speyer24news.com\/index.php?rest_route=\/wp\/v2\/posts"}],"about":[{"href":"https:\/\/speyer24news.com\/index.php?rest_route=\/wp\/v2\/types\/post"}],"author":[{"embeddable":true,"href":"https:\/\/speyer24news.com\/index.php?rest_route=\/wp\/v2\/users\/3"}],"replies":[{"embeddable":true,"href":"https:\/\/speyer24news.com\/index.php?rest_route=%2Fwp%2Fv2%2Fcomments&post=34736"}],"version-history":[{"count":13,"href":"https:\/\/speyer24news.com\/index.php?rest_route=\/wp\/v2\/posts\/34736\/revisions"}],"predecessor-version":[{"id":34758,"href":"https:\/\/speyer24news.com\/index.php?rest_route=\/wp\/v2\/posts\/34736\/revisions\/34758"}],"wp:attachment":[{"href":"https:\/\/speyer24news.com\/index.php?rest_route=%2Fwp%2Fv2%2Fmedia&parent=34736"}],"wp:term":[{"taxonomy":"category","embeddable":true,"href":"https:\/\/speyer24news.com\/index.php?rest_route=%2Fwp%2Fv2%2Fcategories&post=34736"},{"taxonomy":"post_tag","embeddable":true,"href":"https:\/\/speyer24news.com\/index.php?rest_route=%2Fwp%2Fv2%2Ftags&post=34736"}],"curies":[{"name":"wp","href":"https:\/\/api.w.org\/{rel}","templated":true}]}}