{"id":34778,"date":"2021-04-02T08:53:28","date_gmt":"2021-04-02T07:53:28","guid":{"rendered":"https:\/\/speyer24news.com\/?p=34778"},"modified":"2021-04-02T08:53:29","modified_gmt":"2021-04-02T07:53:29","slug":"stadtnotizen-verkehrsnotizen-aus-speyer-32","status":"publish","type":"post","link":"https:\/\/speyer24news.com\/?p=34778","title":{"rendered":"Stadtnotizen &#038; Verkehrsnotizen aus Speyer"},"content":{"rendered":"<style type=\"text\/css\">\r\n\t.ads_top_disp{}\r\n\t.ads_top_corner_disp{ float:left; margin:0px 10px 10px 0px; }\r\n\t.ads_first_p_disp{}\r\n\t.ads_bottom_disp{}\r\n\t<\/style>\n<h1 class=\"wp-block-heading\" style=\"text-align:center\">Stadtnotizen<\/h1>\n\n\n\n<figure class=\"wp-block-image\"><img decoding=\"async\" loading=\"lazy\" width=\"800\" height=\"600\" src=\"https:\/\/speyer24news.com\/wp-content\/uploads\/2020\/01\/Speyer-Stadtnachrichten-2.jpg\" alt=\"\" class=\"wp-image-23901\" srcset=\"https:\/\/speyer24news.com\/wp-content\/uploads\/2020\/01\/Speyer-Stadtnachrichten-2.jpg 800w, https:\/\/speyer24news.com\/wp-content\/uploads\/2020\/01\/Speyer-Stadtnachrichten-2-300x225.jpg 300w, https:\/\/speyer24news.com\/wp-content\/uploads\/2020\/01\/Speyer-Stadtnachrichten-2-768x576.jpg 768w, https:\/\/speyer24news.com\/wp-content\/uploads\/2020\/01\/Speyer-Stadtnachrichten-2-678x509.jpg 678w, https:\/\/speyer24news.com\/wp-content\/uploads\/2020\/01\/Speyer-Stadtnachrichten-2-326x245.jpg 326w, https:\/\/speyer24news.com\/wp-content\/uploads\/2020\/01\/Speyer-Stadtnachrichten-2-80x60.jpg 80w\" sizes=\"(max-width: 800px) 100vw, 800px\" \/><\/figure>\n\n\n\n<h2 class=\"wp-block-heading\"><strong>Bestandsaufnahme der Uferbereiche des Sonnensees<\/strong><\/h2>\n\n\n\n<p>Die Stadtverwaltung informiert, dass mit technischer Unterst\u00fctzung der Feuerwehr der Stadt Speyer das Umweltamt am Donnerstag eine Befahrung des Sonnensees durchgef\u00fchrt hat, um von Wasserseite aus eine Bestandsaufnahme der Uferbereiche durchzuf\u00fchren.<\/p>\n\n\n\n<p>Aus wasserwirtschaftlicher Sicht sind f\u00fcr Gew\u00e4sser und seine Lebewesen zur Verbesserung der biologischen Wirksamkeit und der \u00f6kologischen Funktion m\u00f6glichst flache naturnahe Erdb\u00f6schungen mit einem langen Ber\u00fchrungsbereich zwischen Wasser und Land auszubilden. Dies geht einher mit einer standortgerechten Bepflanzung, auch mittels Schilf und R\u00f6hricht die zu einer Verbesserung der Gew\u00e4sserqualit\u00e4t durch N\u00e4hrstoffbindung beitragen. Die Uferlinie sollte dabei m\u00f6glichst buchtenreich mit einer kleinteiligen Verzahnung von Wasser- und Landfl\u00e4chen ausgebildet werden, damit der \u00f6kologisch wichtige Ber\u00fchrungsbereich zwischen Wasser- und Landfl\u00e4che m\u00f6glichst lang wird.<\/p>\n\n\n\n<p>Erg\u00e4nzend zu diesen Anforderungen sollten bei der Bestandsaufnahme auch der Gew\u00e4sserschutz und die Gew\u00e4sserg\u00fcte sowie der Klimaschutz Ber\u00fccksichtigung finden, um entsprechende Ma\u00dfnahmen zu ermitteln und schlie\u00dflich umsetzen zu k\u00f6nnen. Sobald die Bestandsaufnahme ausgewertet wurde, wird die Stadtverwaltung umfassend informieren.<\/p>\n\n\n\n<p><em>Stadtverwaltung Speyer<br>02.04.2021<\/em><\/p>\n\n\n\n<h2 class=\"wp-block-heading\"><strong>Neue Online-Bewegungskurse der Volkshochschule Speyer<\/strong><\/h2>\n\n\n\n<figure class=\"wp-block-image\"><img decoding=\"async\" loading=\"lazy\" width=\"800\" height=\"600\" src=\"https:\/\/speyer24news.com\/wp-content\/uploads\/2020\/03\/Villa-Ecarius.jpg\" alt=\"\" class=\"wp-image-26108\" srcset=\"https:\/\/speyer24news.com\/wp-content\/uploads\/2020\/03\/Villa-Ecarius.jpg 800w, https:\/\/speyer24news.com\/wp-content\/uploads\/2020\/03\/Villa-Ecarius-300x225.jpg 300w, https:\/\/speyer24news.com\/wp-content\/uploads\/2020\/03\/Villa-Ecarius-768x576.jpg 768w, https:\/\/speyer24news.com\/wp-content\/uploads\/2020\/03\/Villa-Ecarius-678x509.jpg 678w, https:\/\/speyer24news.com\/wp-content\/uploads\/2020\/03\/Villa-Ecarius-326x245.jpg 326w, https:\/\/speyer24news.com\/wp-content\/uploads\/2020\/03\/Villa-Ecarius-80x60.jpg 80w\" sizes=\"(max-width: 800px) 100vw, 800px\" \/><\/figure>\n\n\n\n<h4 class=\"wp-block-heading\">Nach Ostern bietet die Volkshochschule der Stadt Speyer neue Online-Bewegungskurse an.<\/h4>\n\n\n\n<ul><li><strong>Am Mittwoch, 7. April 2021 startet ZUMBA\u00ae-Fitness, <\/strong><\/li><li><strong>am Freitag, 9. April 2021 beginnt der Yoga-Onlinekurs <\/strong><\/li><li><strong>und ab Montag, 12. April 2021 bietet der Kurs &#8222;Mit Freude zu mehr Beweglichkeit&#8220; funktionelle Gymnastik<\/strong><\/li><\/ul>\n\n\n\n<p>Anmeldung und n\u00e4here Informationen gibt es unter\u00a0<a rel=\"noreferrer noopener\" href=\"https:\/\/deref-web.de\/mail\/client\/OZQli-6lJ98\/dereferrer\/?redirectUrl=http%3A%2F%2Fwww.vhs-speyer.de\" target=\"_blank\">www.vhs-speyer.de<\/a>.<\/p>\n\n\n\n<p><em>Stadtverwaltung Speyer \/ Volkshochschule (VHS) Speyer<br>02.04.2021<\/em><\/p>\n\n\n\n<h1 class=\"wp-block-heading\" style=\"text-align:center\">Verkehrsnotizen<\/h1>\n\n\n\n<figure class=\"wp-block-image\"><img decoding=\"async\" loading=\"lazy\" width=\"800\" height=\"565\" src=\"https:\/\/speyer24news.com\/wp-content\/uploads\/2020\/01\/Baustelle-2.jpg\" alt=\"\" class=\"wp-image-23900\" srcset=\"https:\/\/speyer24news.com\/wp-content\/uploads\/2020\/01\/Baustelle-2.jpg 800w, https:\/\/speyer24news.com\/wp-content\/uploads\/2020\/01\/Baustelle-2-300x212.jpg 300w, https:\/\/speyer24news.com\/wp-content\/uploads\/2020\/01\/Baustelle-2-768x542.jpg 768w\" sizes=\"(max-width: 800px) 100vw, 800px\" \/><\/figure>\n\n\n\n<h2 class=\"wp-block-heading\"><strong>Fertigstellung des Geh-und Radwegs im Bereich Priesterseminar: Sperrungen im\u00a0Bauabschnitt \u201eAm Germansberg\u201c bis \u201eIm Palmer\u201c<\/strong><\/h2>\n\n\n\n<p><strong>Ab Montag,\u00a05. April 2021\u00a0bis voraussichtlich Freitag,\u00a09. April 2021<\/strong> wird es zu Teilsperrungen\u00a0des Geh- und Radwegs zwischen \u201eAm Germansberg\u201c und \u201eIm Palmer\u201c\u00a0kommen. Grund hierf\u00fcr sind Vorbereitungsarbeiten zum Asphalteinbau der Deckschicht und Treppenbauarbeiten an der B\u00f6schung zur Unterf\u00fchrung der B 39.<\/p>\n\n\n\n<p><strong>Ab dem 12. April 2021 bis voraussichtlich 16. April 2021<\/strong> wird schlie\u00dflich eine Vollsperrung des Geh- und Radwegs zwischen \u201eAm Germansberg\u201c und \u201eIm Palmer\u201c aufgrund des Asphalteinbaus der Deckschicht vorgenommen. Die Sperrung des Weges ist erforderlich, da in dem\u00a0angegebenen Abschnitt Gro\u00dfger\u00e4te wie\u00a0Asphaltfertiger\u00a0und LKW zum Einsatz kommen.<\/p>\n\n\n\n<p>Eine Umleitung wird nicht ausgewiesen. Es ist das \u00f6rtliche Stra\u00dfennetz parallel des Weges zu nutzen.<\/p>\n\n\n\n<p>Das Wohngebiet Im Palmer ist \u00fcber den Stra\u00dfenzug Am Germansberg \u2013 Kardinal-Wendel-Stra\u00dfe \u2013 Remlingstra\u00dfe zu erreichen.<\/p>\n\n\n\n<p>F\u00fcr R\u00fcckfragen steht die Stra\u00dfenverkehrsbeh\u00f6rde unter der Rufnummer 14-2938 zur Verf\u00fcgung.<\/p>\n\n\n\n<p><em>Stadtverwaltung Speyer<br>02.04.2021<\/em><\/p>\n","protected":false},"excerpt":{"rendered":"<div class=\"mh-excerpt\"><p>Stadtnotizen Bestandsaufnahme der Uferbereiche des Sonnensees Die Stadtverwaltung informiert, dass mit technischer Unterst\u00fctzung der Feuerwehr der Stadt Speyer das Umweltamt am Donnerstag eine Befahrung des Sonnensees durchgef\u00fchrt hat, um von Wasserseite aus eine Bestandsaufnahme der <a class=\"mh-excerpt-more\" href=\"https:\/\/speyer24news.com\/?p=34778\" title=\"Stadtnotizen &#038; Verkehrsnotizen aus Speyer\">[&#8230;]<\/a><\/p>\n<\/div>","protected":false},"author":3,"featured_media":23902,"comment_status":"open","ping_status":"open","sticky":false,"template":"","format":"standard","meta":{"_monsterinsights_skip_tracking":false,"_monsterinsights_sitenote_active":false,"_monsterinsights_sitenote_note":"","_monsterinsights_sitenote_category":0,"footnotes":""},"categories":[47],"tags":[11030,11027,11028,11031,11026,8731,4694,10299,6,657,1296,3132,1678,25,11029],"aioseo_notices":[],"amp_enabled":true,"_links":{"self":[{"href":"https:\/\/speyer24news.com\/index.php?rest_route=\/wp\/v2\/posts\/34778"}],"collection":[{"href":"https:\/\/speyer24news.com\/index.php?rest_route=\/wp\/v2\/posts"}],"about":[{"href":"https:\/\/speyer24news.com\/index.php?rest_route=\/wp\/v2\/types\/post"}],"author":[{"embeddable":true,"href":"https:\/\/speyer24news.com\/index.php?rest_route=\/wp\/v2\/users\/3"}],"replies":[{"embeddable":true,"href":"https:\/\/speyer24news.com\/index.php?rest_route=%2Fwp%2Fv2%2Fcomments&post=34778"}],"version-history":[{"count":3,"href":"https:\/\/speyer24news.com\/index.php?rest_route=\/wp\/v2\/posts\/34778\/revisions"}],"predecessor-version":[{"id":34781,"href":"https:\/\/speyer24news.com\/index.php?rest_route=\/wp\/v2\/posts\/34778\/revisions\/34781"}],"wp:featuredmedia":[{"embeddable":true,"href":"https:\/\/speyer24news.com\/index.php?rest_route=\/wp\/v2\/media\/23902"}],"wp:attachment":[{"href":"https:\/\/speyer24news.com\/index.php?rest_route=%2Fwp%2Fv2%2Fmedia&parent=34778"}],"wp:term":[{"taxonomy":"category","embeddable":true,"href":"https:\/\/speyer24news.com\/index.php?rest_route=%2Fwp%2Fv2%2Fcategories&post=34778"},{"taxonomy":"post_tag","embeddable":true,"href":"https:\/\/speyer24news.com\/index.php?rest_route=%2Fwp%2Fv2%2Ftags&post=34778"}],"curies":[{"name":"wp","href":"https:\/\/api.w.org\/{rel}","templated":true}]}}