{"id":34868,"date":"2021-04-03T09:59:19","date_gmt":"2021-04-03T08:59:19","guid":{"rendered":"https:\/\/speyer24news.com\/?p=34868"},"modified":"2021-04-03T09:59:20","modified_gmt":"2021-04-03T08:59:20","slug":"hockenheim-75","status":"publish","type":"post","link":"https:\/\/speyer24news.com\/?p=34868","title":{"rendered":"Hockenheim"},"content":{"rendered":"<style type=\"text\/css\">\r\n\t.ads_top_disp{}\r\n\t.ads_top_corner_disp{ float:left; margin:0px 10px 10px 0px; }\r\n\t.ads_first_p_disp{}\r\n\t.ads_bottom_disp{}\r\n\t<\/style>\n<h2 class=\"wp-block-heading\"><strong>Fit f\u00fcr morgen mit den Schulen 2.0<\/strong><\/h2>\n\n\n\n<div class=\"wp-block-image\"><figure class=\"aligncenter\"><img decoding=\"async\" loading=\"lazy\" width=\"500\" height=\"750\" src=\"https:\/\/speyer24news.com\/wp-content\/uploads\/2021\/04\/2021-04-01-Verwaltung_Sachstand-Digitalisierung-Schulen.jpg\" alt=\"\" class=\"wp-image-34872\" srcset=\"https:\/\/speyer24news.com\/wp-content\/uploads\/2021\/04\/2021-04-01-Verwaltung_Sachstand-Digitalisierung-Schulen.jpg 500w, https:\/\/speyer24news.com\/wp-content\/uploads\/2021\/04\/2021-04-01-Verwaltung_Sachstand-Digitalisierung-Schulen-200x300.jpg 200w\" sizes=\"(max-width: 500px) 100vw, 500px\" \/><figcaption> Peter Hartmann als IT-Koordinator der Stadt macht nicht nur die Pestalozzischule fit f\u00fcr die Zukunft.<br> <em>Foto: Stadtverwaltung Hockenheim\/Fotografen Lenhardt<\/em><\/figcaption><\/figure><\/div>\n\n\n\n<p>Die Digitalisierung an den Schulen in Hockenheim schreitet in gro\u00dfen Schritten voran. Die laufenden Projekte an den Schulen werden finanziell \u00fcber F\u00f6rderprogramme unterst\u00fctzt. Dar\u00fcber informierte die Stadtverwaltung Hockenheim den Gemeinderat in seiner Sitzung (Mittwoch, 31. M\u00e4rz). <\/p>\n\n\n\n<p>\u201eDie Digitalisierung in unseren Schulen wird durch die einheitliche\nAusstattung und den dadurch verbesserten Wissensaustausch weiter\nvorangetrieben. Dadurch k\u00f6nnen auch die entstehenden Verwaltungskosten nachhaltig\ngesenkt werden\u201c, mein B\u00fcrgermeister Thomas Jakob-Lichtenberg, zust\u00e4ndig f\u00fcr die\nSchulen in Hockenheim. Einen weiteren wichtigen Beitrag leistet Peter Hartmann,\nder die IT-Vernetzung der Schulen als Koordinator begleitet. \u201eDamit k\u00f6nnen die\nDigitalisierungsprozesse noch schneller umgesetzt werden\u201c, erg\u00e4nzt\nJakob-Lichtenberg.<\/p>\n\n\n\n<h4 class=\"wp-block-heading\">Spezifische Projekte f\u00fcr Digitalisierung<\/h4>\n\n\n\n<p>In den Schulen laufen aktuell verschiedene spezifische Projekte f\u00fcr die\nDigitalisierung. In der Hub\u00e4cker-Grundschule, der Pestalozzi-Grundschule und\nder Theodor-Heuss-Realschule werden beispielsweise die Netzwerkverkabelung in\nallen R\u00e4umen vorangetrieben, der Serverschrank an einen neuen Standort\nverbracht und die WLAN-Infrastruktur erneuert. Die Pestalozzi-Schule erh\u00e4lt\nauch neue TV-Pr\u00e4sentationssysteme. In\nder Realschule werden die digitalen Komponenten f\u00fcr das Verwaltungsnetz ersetzt,\num schulinterne Dienste zu zentralisieren und damit einfacher handhabbar zu\nmachen.<\/p>\n\n\n\n<p>Im Carl-Friedrich-Gau\u00df-Gymnasium erfolgen aktuell unter anderem eine neue\nNetzwerkverkabelung sowie die digitale Ausstattung der Klassenzimmer im zweiten\nObergeschoss. Die Server- und WLAN-Infrastruktur wird erweitert, ein interner\nE-Mail-Server und eine neue Internetseite erstellt. Dar\u00fcber hinaus werden\naktuell \u201eRemote-Unterrichtsr\u00e4ume\u201c geplant, bei denen ein Lernen im virtuellen\nRaum m\u00f6glich ist.<\/p>\n\n\n\n<p>In den provisorischen Unterrichtsr\u00e4umen der Hartmann Baumann Schule\nwerden beispielsweise die Container mit passendem WLAN-Zugang versorgt. Die\nL\u00f6sung ist nachhaltig gew\u00e4hlt, so dass eine \u00dcbernahme in das neue Schulgeb\u00e4ude\nmit wenig Aufwand erfolgen kann. Eine Erneuerung der Internetseite ist derzeit\nin Planung. Des Weiteren soll die Pr\u00e4sentationstechnik in die vorhandenen\nMedien integriert werden. Die benachbarte Schule am Kraichbach erh\u00e4lt neue\nMultifunktionsger\u00e4te, um k\u00fcnftig Druckkosten einzusparen. Das digitale\nVerwaltungsnetz wird erweitert und erneuert.<\/p>\n\n\n\n<p>\u201eDas Coronavirus hat uns die Chance gegeben, die digitalen M\u00f6glichkeiten\nauch p\u00e4dagogisch auszubauen. Die Digitalisierung\nbietet neue M\u00f6glichkeiten, in vielen Bereichen kann sie das Lernen durch neue\nHerangehensweisen und Formate bereichern und den Lehraufwand reduzieren\u201c, sagt\nPeter Hartmann, IT-Koordinator f\u00fcr die Schulen. Daf\u00fcr ist auch die Schulung der\nLehrkr\u00e4fte in den Schulen erforderlich, so Hartmann weiter.<\/p>\n\n\n\n<h3 class=\"wp-block-heading\">Im \u00dcberblick: Finanzielle Unterst\u00fctzung durch F\u00f6rderprogramme<\/h3>\n\n\n\n<h4 class=\"wp-block-heading\">Die Digitalisierung an den Schulen ist auch durch die finanzielle\nUnterst\u00fctzung von F\u00f6rderprogrammen m\u00f6glich. Ein \u00dcberblick:<\/h4>\n\n\n\n<h4 class=\"wp-block-heading\">1. F\u00f6rderprogramm f\u00fcr die Ausstattung von Lehrkr\u00e4ften (neu)<\/h4>\n\n\n\n<ul><li>Gesamtvolumen 65 Millionen Euro, daraus resultierender\nF\u00f6rderbetrag f\u00fcr Hockenheim rund 96.080 Euro.<\/li><li>Gef\u00f6rdert werden mobile Endger\u00e4te f\u00fcr Lehrkr\u00e4fte.<\/li><li>Geplanter Abschluss Juli 2021.<\/li><\/ul>\n\n\n\n<h4 class=\"wp-block-heading\">2. F\u00f6rderprogramm \u2013 Digitalpakt f\u00fcr die Schulen (laufend)<\/h4>\n\n\n\n<ul><li>Erstellung der notwendigen Medienentwicklungspl\u00e4ne\nbis April 2021. Zielsetzung ist dabei die Erneuerung der Vernetzung, der Server\nund Ger\u00e4te.&nbsp; <\/li><li>Eine Umsetzung der F\u00f6rdergelder des Digitalpakts\nwird bis Ende 2021 angestrebt.<\/li><li>Als Budget jeder Stadt anteilig bis 30. April 2022\nzur Verf\u00fcgung gestellt: 295,86 EUR pro Grundsch\u00fcler, 422,55 EUR pro Sch\u00fcler in\nh\u00f6heren Schultypen.<\/li><\/ul>\n\n\n\n<h4 class=\"wp-block-heading\">3. F\u00f6rderprogramm \u2013 Administratorenprogramm (laufend)<\/h4>\n\n\n\n<ul><li>F\u00f6rdersumme voraussichtlich 65 Millionen Euro, daraus\nresultierender F\u00f6rderbetrag f\u00fcr Hockenheim von voraussichtlich rund 96.600\nEuro.<\/li><li>F\u00f6rderf\u00e4hig werden eigene st\u00e4dtische Personalkosten\nf\u00fcr IT-Administrator, die Qualifizierung besch\u00e4ftigter IT-Administratoren und\nPersonalkosten externer Dritter (beauftragte Unternehmen).<\/li><\/ul>\n\n\n\n<h4 class=\"wp-block-heading\">4. Umsetzung Schulbudget Corona (nahezu\nabgeschlossen)<\/h4>\n\n\n\n<ul><li>F\u00f6rdersumme gesamt rund 58.250 Euro, davon 3.000\nEuro Sockelbetrag pro Schule sowie zus\u00e4tzlich 17,63 pro Sch\u00fcler.<\/li><li>F\u00f6rderf\u00e4hig sind Digitalisierung sowie\nraumlufthygienische Ma\u00dfnahmen.<\/li><li>F\u00f6rderzeitraum: 1. Dezember 2020 bis 31. Juli 2021.<\/li><li>Abschluss des F\u00f6rderprogramms noch im M\u00e4rz 2021.<\/li><\/ul>\n\n\n\n<h4 class=\"wp-block-heading\">5. F\u00f6rderprogramm \u2013 Sofortausstattungsprogramm f\u00fcr\ndigitale Endger\u00e4te (abgeschlossen)<\/h4>\n\n\n\n<ul><li>Gesamtvolumen 130 Millionen Euro, davon 65 Millionen\nBund und 65 Millionen Euro vom Land. Anteil f\u00fcr Hockenheim: 196.571 Euro.<\/li><li>Abgeschlossen seit Dezember 2020.<\/li><\/ul>\n\n\n\n<p><em>Stadtverwaltung Hockenheim Foto: Stadtverwaltung Hockenheim\/Fotografen Lenhardt<br>03.04.2021<\/em><\/p>\n\n\n\n<h2 class=\"wp-block-heading\"><strong>Gutes Herz verl\u00e4sst Stadtwerke<\/strong><\/h2>\n\n\n\n<div class=\"wp-block-image\"><figure class=\"aligncenter\"><img decoding=\"async\" loading=\"lazy\" width=\"800\" height=\"574\" src=\"https:\/\/speyer24news.com\/wp-content\/uploads\/2021\/04\/2021-03-26-Stadtwerke_Verabschiedung-Angelika-Scherer.jpg\" alt=\"\" class=\"wp-image-34871\" srcset=\"https:\/\/speyer24news.com\/wp-content\/uploads\/2021\/04\/2021-03-26-Stadtwerke_Verabschiedung-Angelika-Scherer.jpg 800w, https:\/\/speyer24news.com\/wp-content\/uploads\/2021\/04\/2021-03-26-Stadtwerke_Verabschiedung-Angelika-Scherer-300x215.jpg 300w, https:\/\/speyer24news.com\/wp-content\/uploads\/2021\/04\/2021-03-26-Stadtwerke_Verabschiedung-Angelika-Scherer-768x551.jpg 768w\" sizes=\"(max-width: 800px) 100vw, 800px\" \/><\/figure><\/div>\n\n\n\n<p>Ein\ngutes Herz der Stadtwerke Hockenheim geht in den verdienten Ruhestand. Nach\ninsgesamt 48 Jahren im \u00f6ffentlichen Dienst, davon 34 bei dem kommunalen\nEnergieversorger, verl\u00e4sst Angelika Scherer Ende M\u00e4rz die Stadtwerke. Dann\nbeginnt ihre passive Freizeitphase der Altersteilzeit, bis am 1. April n\u00e4chsten\nJahres offiziell die Rente ansteht. Oberb\u00fcrgermeister Marcus Zeitler und\nPersonalrat Christian Stalf verabschiedeten Angelika Scherer im Rathaus in\nCorona bedingt ganz kleiner Runde in den Ruhestand.<\/p>\n\n\n\n<p>Angelika\nScherer wurde am 5. M\u00e4rz 1958 in Hockenheim geboren. Nach Schulabschluss und\nAusbildung zur Gro\u00df- und Au\u00dfenhandelskauffrau in einem Mannheimer\nPharmaziegro\u00dfhandel begann ihre Anstellung im \u00f6ffentlichen Dienst 1979 bei der\nStadt Filderstadt im Hoch- und Tiefbauamt, anschlie\u00dfend f\u00fchrte sie das\nBerufsleben ins Personalamt zur Stadt Mannheim. Am 15. April 1987 nahm sie ihre\nT\u00e4tigkeit im Sekretariat bei den Stadtwerken Hockenheim auf. Dort war sie zuletzt auch Team-Kapit\u00e4n der gemeinsamen\nL\u00e4ufermannschaft der Stadtwerke Hockenheim und der Stadtverwaltung Hockenheim\nbeim BASF Firmencup und k\u00fcmmerte sich dort um die Belange der Sportler.<\/p>\n\n\n\n<p><em>Stadtvwerke Hockenheim<br>03.04.2021<\/em><\/p>\n\n\n\n<h1 class=\"wp-block-heading\" style=\"text-align:center\">Corona-Virus<\/h1>\n\n\n\n<figure class=\"wp-block-image\"><img decoding=\"async\" loading=\"lazy\" width=\"800\" height=\"346\" src=\"https:\/\/speyer24news.com\/wp-content\/uploads\/2020\/02\/coronavirus-4817450_1920.jpg\" alt=\"\" class=\"wp-image-25126\" srcset=\"https:\/\/speyer24news.com\/wp-content\/uploads\/2020\/02\/coronavirus-4817450_1920.jpg 800w, https:\/\/speyer24news.com\/wp-content\/uploads\/2020\/02\/coronavirus-4817450_1920-300x130.jpg 300w, https:\/\/speyer24news.com\/wp-content\/uploads\/2020\/02\/coronavirus-4817450_1920-768x332.jpg 768w\" sizes=\"(max-width: 800px) 100vw, 800px\" \/><\/figure>\n\n\n\n<h2 class=\"wp-block-heading\"><strong>Testm\u00f6glichkeit\nin Hockenheim\/Talhaus<\/strong><\/h2>\n\n\n\n<h3 class=\"wp-block-heading\"><strong>Impfstra\u00dfe seit anderthalb Wochen in Betrieb<\/strong><\/h3>\n\n\n\n<figure class=\"wp-block-image\"><img decoding=\"async\" loading=\"lazy\" width=\"800\" height=\"533\" src=\"https:\/\/speyer24news.com\/wp-content\/uploads\/2021\/03\/22-03-2021-Info-Inzidenz.jpg\" alt=\"\" class=\"wp-image-34565\" srcset=\"https:\/\/speyer24news.com\/wp-content\/uploads\/2021\/03\/22-03-2021-Info-Inzidenz.jpg 800w, https:\/\/speyer24news.com\/wp-content\/uploads\/2021\/03\/22-03-2021-Info-Inzidenz-300x200.jpg 300w, https:\/\/speyer24news.com\/wp-content\/uploads\/2021\/03\/22-03-2021-Info-Inzidenz-768x512.jpg 768w\" sizes=\"(max-width: 800px) 100vw, 800px\" \/><\/figure>\n\n\n\n<p>In Hockenheim Talhaus gibt es seit knapp zwei Wochen eine weitere\nM\u00f6glichkeit sich testen zu lassen, dies erfolgt im Rahmen der w\u00f6chentlichen,\nfreiwilligen und kostenlosen Testm\u00f6glichkeit f\u00fcr alle B\u00fcrgerinnen und B\u00fcrger\nHockenheims und den Gemeinden Neulu\u00dfheim, Altlussheim und Reilingen. <\/p>\n\n\n\n<p>Die Firma Lichtfeld, welche auch mit Ihrem medizinischen Personal\nverschiedene Impfzentren im Rhein-Neckar-Kreis betreut hat auf ihrem\nFirmengel\u00e4nde eine sogenannte Teststra\u00dfe aufgebaut. Hier kann man sich an zwei\nTagen in der Woche testen lassen, dazu kommt, dass 14 t\u00e4tig an Samstagen auch\ngetestet wird.<\/p>\n\n\n\n<p>Ein Anmeldeformular ist direkt \u00fcber die Homepage auszuf\u00fcllen und man kann\ndann ohne Termin zur Testung kommen.<\/p>\n\n\n\n<p>Die Stadtverwaltung Hockenheim ist der Firma Lichtfeld und ihrem Team\nsehr dankbar, dass sie sich der Testung angenommen haben. <\/p>\n\n\n\n<p>\u201eEs ist gro\u00dfartig, dass eine hier ans\u00e4ssige Firma sich dazu bereit\nerkl\u00e4rt hat, die Testung durchzuf\u00fchren. Eine herzliches Danksch\u00f6n geht an das\nganze Team, welche hier logistisch eine hervorragende Leistung erbracht hat\u201c,\nso Oberb\u00fcrgermeister Marcus Zeitler.<\/p>\n\n\n\n<p>Wegen der gro\u00dfen Nachfrage und Annahme des Angebots, bietet die Firma\nLichtfeld auch \u00fcber Ostern Zeitfenster an, in denen sich man testen lassen\nkann. Am Karsamstag ist dies von 9-12 Uhr und am Ostersonntag von 9-11 Uhr\nm\u00f6glich.<\/p>\n\n\n\n<p>Die positive Resonanz und hohe Nachfrage hat uns dazu bewogen, einen zus\u00e4tzlichen Tag zu erm\u00f6glichen. Die Dankbarkeit der getesteten Personen ist \u00fcberw\u00e4ltigend\u201c, so Natascha Mayer von der Gesch\u00e4ftsf\u00fchrung.<\/p>\n\n\n\n<p><em>Stadtvwerke Hockenheim<br>03.04.2021<\/em><\/p>\n\n\n\n<h2 class=\"wp-block-heading\"><strong>Friedrich-Heun-Kindergarten\ngeschlossen<\/strong><\/h2>\n\n\n\n<p>Der Friedrich-Heun-Kindergarten ist bis voraussichtlich Donnerstag, 1. April, geschlossen. Die Schlie\u00dfung wurde vom Gesundheitsamt des Rhein-Neckar-Kreises angeordnet. Hintergrund daf\u00fcr ist, dass in der Einrichtung Personen positiv auf das Coronavirus getestet wurden. Darunter wurde in mindestens einem Fall eine Virusmutation nachgewiesen. Betroffen sind neben den Kindern auch Mitarbeitende. Das Infektionsgeschehen verteilt sich auf alle drei Gruppen. Daher haben sich alle Kinder sowie alle Mitarbeitende des Kindergartens in Quarant\u00e4ne begeben.<\/p>\n\n\n\n<p><em>Friedrich-Heun-Kindergarten Hockenheim<br>03.04.2021<\/em><\/p>\n\n\n\n<h2 class=\"wp-block-heading\"><strong>Corona-Schnelltests f\u00fcr Schulen<\/strong><\/h2>\n\n\n\n<figure class=\"wp-block-image\"><img decoding=\"async\" loading=\"lazy\" width=\"800\" height=\"535\" src=\"https:\/\/speyer24news.com\/wp-content\/uploads\/2021\/03\/Coroan-Schnelltest-Grundschule-GER.jpg\" alt=\"\" class=\"wp-image-34550\" srcset=\"https:\/\/speyer24news.com\/wp-content\/uploads\/2021\/03\/Coroan-Schnelltest-Grundschule-GER.jpg 800w, https:\/\/speyer24news.com\/wp-content\/uploads\/2021\/03\/Coroan-Schnelltest-Grundschule-GER-300x201.jpg 300w, https:\/\/speyer24news.com\/wp-content\/uploads\/2021\/03\/Coroan-Schnelltest-Grundschule-GER-768x514.jpg 768w\" sizes=\"(max-width: 800px) 100vw, 800px\" \/><\/figure>\n\n\n\n<p>Die Stadtverwaltung Hockenheim bietet ab sofort Corona-Schnelltests f\u00fcr\ndie Lehrer, Sch\u00fcler und deren Eltern in der Stadt an. Daf\u00fcr kann das Anfang\ndieser Woche in Betrieb gegangene Corona-Schnelltestcenter der Firma Lichtfeld\nim M\u00f6rscher Weg 10 in Anspruch genommen werden. Dar\u00fcber hat die Stadt die\nSchulen mit einem Brief informiert. Das Testcenter \u00f6ffnet derzeit an zwei Tagen\ndie Woche: montags und donnerstags von 9 bis 11 Uhr und von 15 bis 17 Uhr.\nZus\u00e4tzlich wird ab Samstag, 27. M\u00e4rz, jeden zweiten Samstag getestet.<\/p>\n\n\n\n<p>Jeder Sch\u00fcler oder Lehrer, der das Angebot in Anspruch nehmen m\u00f6chte,\nsteht ein kostenloser Test pro Woche zur Verf\u00fcgung. Jeder weiterer Test kostet\n25 Euro. Nachdem der Test durchgef\u00fchrt wurde, erhalten Lehrer und Sch\u00fcler das\nErgebnis im Anschluss per E-Mail. Sofern das Ergebnis sofort ben\u00f6tigt wird, kann\ndieses nach rund 20 Minuten Wartezeit vor Ort abgefragt werden.<\/p>\n\n\n\n<p>Die Durchf\u00fchrung eines Tests erfordert die Vorlage einer Einwilligungserkl\u00e4rung und eines Ausweispapiers. Die Einwilligungserkl\u00e4rung und weitere Infos zur Corona-Testung k\u00f6nnen auf der Internetseite der Firma Lichtfeld (<a href=\"https:\/\/lichtfeld.com\/coronatest\">https:\/\/lichtfeld.com\/coronatest<\/a>) abgerufen werden.<\/p>\n\n\n\n<p>Die Stadt Hockenheim bietet dar\u00fcber hinaus bereits seit dem 22. Februar\nein freiwilliges Testangebot f\u00fcr Schul- und Kindergartenpersonal an. Im Rahmen\ndieses Testangebots kommen medizinisch geschulte Mitarbeiter der Firma KTS noch\nbis einschlie\u00dflich 31. M\u00e4rz jeweils montags und mittwochs f\u00fcr Testungen des\nPersonals in die Kindertagesst\u00e4tten. Dienstag und Donnerstag testen die\nMitarbeiter der Firma KTS in den Schulen. Die Nachfrage unter dem Personal der\nSchulen und Kinderg\u00e4rten ist gro\u00df und die Testungen werden rege in Anspruch\ngenommen.<\/p>\n\n\n\n<h4 class=\"wp-block-heading\">Erweiterte Teststrategie des Landes<\/h4>\n\n\n\n<figure class=\"wp-block-image\"><img decoding=\"async\" loading=\"lazy\" width=\"800\" height=\"551\" src=\"https:\/\/speyer24news.com\/wp-content\/uploads\/2021\/03\/210308_GS-Ottersheim-Schnelltest-060-bearbeitet.jpg\" alt=\"\" class=\"wp-image-34551\" srcset=\"https:\/\/speyer24news.com\/wp-content\/uploads\/2021\/03\/210308_GS-Ottersheim-Schnelltest-060-bearbeitet.jpg 800w, https:\/\/speyer24news.com\/wp-content\/uploads\/2021\/03\/210308_GS-Ottersheim-Schnelltest-060-bearbeitet-300x207.jpg 300w, https:\/\/speyer24news.com\/wp-content\/uploads\/2021\/03\/210308_GS-Ottersheim-Schnelltest-060-bearbeitet-768x529.jpg 768w\" sizes=\"(max-width: 800px) 100vw, 800px\" \/><\/figure>\n\n\n\n<p>Die Testm\u00f6glichkeit der Stadtverwaltung Hockenheim und der Firma\nLichtfeld GmbH ist ein zus\u00e4tzliches Angebot zum Land. Ab dem Donnerstag, 1.\nApril, erweitert das Land Baden-W\u00fcrttemberg die bisherige Teststrategie f\u00fcr\nSchulen. Neben dem Schulpersonal umfasst die Erweiterung dann auch Sch\u00fclerinnen\nund Sch\u00fcler. Diese waren im Rahmen der Teststrategie bisher nicht vorgesehen.\nDas Land plant, allen Sch\u00fclerinnen und Sch\u00fclern im Klassenverband und im Rahmen\nder Freiwilligkeit einen Selbsttest \u00fcber die Nase, unter Aufsicht der\nLehrkr\u00e4fte, anzubieten. Diese Testungen sollen zwei Mal die Woche erfolgen.<\/p>\n\n\n\n<p>Die erforderlichen Testkits werden vom Land Baden-W\u00fcrttemberg voraussichtlich Anfang n\u00e4chster Woche (ab 29. M\u00e4rz) zur Verf\u00fcgung gestellt. Au\u00dferdem sind umfassende Handreichungen und Informationen f\u00fcr Sch\u00fcler, Eltern und Lehrer angek\u00fcndigt, aus denen Informationen zu Einwilligung, Ablauf und Vorgehen bei Vorliegen eines positiven Tests ergeben.<\/p>\n\n\n\n<p><em>Stadtverwaltung Hockenheim<br>03.04.2021<\/em><\/p>\n\n\n\n<h2 class=\"wp-block-heading\"><strong>\u201eClick\nand meet\u201c in der Stadtbibliothek<\/strong><\/h2>\n\n\n\n<p>Die Stadtbibliothek Hockenheim ist derzeit ge\u00f6ffnet und bietet f\u00fcr alle\nNutzerinnen und Nutzer \u201eclick and meet\u201c an. Dabei handelt es sich um\nBibliotheksbesuche mit vorheriger Terminvereinbarung. Termine werden innerhalb\nder regul\u00e4ren \u00d6ffnungszeiten jeweils zur halben oder vollen Stunde vergeben.\nDie Besuchsdauer pro Person betr\u00e4gt maximal 30 Minuten; pro Termin k\u00f6nnen nicht\nmehr als f\u00fcnf Personen eingelassen werden. Eine Verl\u00e4ngerung der Besuchszeit\nist nicht m\u00f6glich. Die Besucher werden f\u00fcr eine m\u00f6gliche Corona-R\u00fcckverfolgung\ngebeten, Name, Anzahl der Personen und den in Anspruch genommenen\nBesuchsbereich (Romane, Sachb\u00fccher, Kinderb\u00fccher, Jugendb\u00fccher) anzugeben.<\/p>\n\n\n\n<p>Termine k\u00f6nnen telefonisch unter Telefon 06205 21-666 oder per E-Mail unter <a href=\"stadtbibliothek@hockenheim.de\">stadtbibliothek@hockenheim.de<\/a> vereinbart werden.<\/p>\n\n\n\n<p><em>Stadtverwaltung Hockenheim<br>03.04.2021<\/em><\/p>\n\n\n\n<h2 class=\"wp-block-heading\"><strong>Mobiles\nImpf-Team vor Ort in Hockenheim<\/strong><\/h2>\n\n\n\n<p>Die Stadt Hockenheim bietet in Kooperation mit dem Landratsamt\nRhein-Neckar-Kreis, im speziellen dem Gesundheitsamt, den B\u00fcrgerinnen und B\u00fcrgern\n\u00fcber 80 Jahre die M\u00f6glichkeit, sich gegen das Corona Virus impfen zu lassen.<\/p>\n\n\n\n<p>\u201eEs ist wichtig, dass wir jetzt schnellstm\u00f6glich die Impfungen\nvorantreiben und daf\u00fcr Sorge tragen, dass gerade die \u00e4lteren Menschen davon\nprofitieren k\u00f6nnen, Sicherheit und Lebensqualit\u00e4t wieder zu gewinnen\u201c, so\nOberb\u00fcrgermeister Zeitler.<\/p>\n\n\n\n<p>Das mobile Impf-Team des Landratsamts wird dazu an drei Tagen, in der\nersten Aprilwoche, in der Stadthalle Hockenheim die Impfm\u00f6glichkeit anbieten.\nDie zweite Impfung wird dann in der zweiten Maiwoche angeboten werden.<\/p>\n\n\n\n<p>Hierzu wurden im Vorfeld alle \u00fcber 80 j\u00e4hrigen B\u00fcrgerinnen und B\u00fcrger der\nStadt Hockenheim angeschrieben und dar\u00fcber informiert, eine Terminvergabe ist\nnur f\u00fcr diejenigen m\u00f6glich, die ein Schreiben von der Stadt erhalten haben.\nEine R\u00fcckantwort kann schriftlich an das Rathaus gesandt werden, aber auch\ntelefonisch und per E-Mail ist eine Terminvergabe m\u00f6glich.<\/p>\n\n\n\n<p>Eine Best\u00e4tigung der Impfterminvergabe erfolgt dann schriftlich oder\ntelefonisch, mit Angabe des Datums und der Uhrzeit zur Impfung. Da es hier aber\nnur eine begrenzte Anzahl an Impfdosen gibt, wird die Stadtverwaltung sich an\ndie Vorgaben des Landes Baden-W\u00fcrttemberg halten und nach der Altersgruppierung\nvorgehen.<\/p>\n\n\n\n<p>Sollte jedoch hier absehbar sein, dass noch weitere Impftermine zur\nVerf\u00fcgung stehen, so werden dann auch die B\u00fcrgerinnen und B\u00fcrger unter 80\nangeschrieben und dar\u00fcber informiert.<\/p>\n\n\n\n<p>Dieses Angebot ist an die B\u00fcrgerinnen und B\u00fcrger gerichtet, welche nicht\ndie M\u00f6glichkeit haben, eines der Impfzentren im Kreis aufzusuchen und der\nbesagten Altersgruppe angeh\u00f6ren.<\/p>\n\n\n\n<p>&nbsp;\u201eBemerkenswert ist auch der die schnelle Umsetzung durch die Mitarbeiterinnen und Mitarbeiter der Stadtverwaltung Hockenheim und der Stadthalle Hockenheim. Eine logistische Glanzleistung und auch die Vorbereitungen im Vorfeld sind gro\u00dfartig. Herzlichen Dank! Auch ist die Resonanz aus der Bev\u00f6lkerung \u00fcberw\u00e4ltigend, so dass wir hier guter Dinge sind, einen wichtigen Beitrag zur Eind\u00e4mmung des Virus zu leisten\u201c, erg\u00e4nzt Marcus Zeitler.<\/p>\n\n\n\n<p><em>Stadtverwaltung Hockenheim<br>03.04.2021<\/em><\/p>\n","protected":false},"excerpt":{"rendered":"<div class=\"mh-excerpt\"><p>Fit f\u00fcr morgen mit den Schulen 2.0 Die Digitalisierung an den Schulen in Hockenheim schreitet in gro\u00dfen Schritten voran. Die laufenden Projekte an den Schulen werden finanziell \u00fcber F\u00f6rderprogramme unterst\u00fctzt. Dar\u00fcber informierte die Stadtverwaltung Hockenheim <a class=\"mh-excerpt-more\" href=\"https:\/\/speyer24news.com\/?p=34868\" title=\"Hockenheim\">[&#8230;]<\/a><\/p>\n<\/div>","protected":false},"author":3,"featured_media":33076,"comment_status":"open","ping_status":"open","sticky":false,"template":"","format":"standard","meta":{"_monsterinsights_skip_tracking":false,"_monsterinsights_sitenote_active":false,"_monsterinsights_sitenote_note":"","_monsterinsights_sitenote_category":0,"footnotes":""},"categories":[489],"tags":[11073,11072,11079,6401,6828,11075,11077,11078,9461,10641,9176,6829,5904,934,7190,11069,11081,11076,108,11080,11070,11071,1286,492],"aioseo_notices":[],"amp_enabled":true,"_links":{"self":[{"href":"https:\/\/speyer24news.com\/index.php?rest_route=\/wp\/v2\/posts\/34868"}],"collection":[{"href":"https:\/\/speyer24news.com\/index.php?rest_route=\/wp\/v2\/posts"}],"about":[{"href":"https:\/\/speyer24news.com\/index.php?rest_route=\/wp\/v2\/types\/post"}],"author":[{"embeddable":true,"href":"https:\/\/speyer24news.com\/index.php?rest_route=\/wp\/v2\/users\/3"}],"replies":[{"embeddable":true,"href":"https:\/\/speyer24news.com\/index.php?rest_route=%2Fwp%2Fv2%2Fcomments&post=34868"}],"version-history":[{"count":6,"href":"https:\/\/speyer24news.com\/index.php?rest_route=\/wp\/v2\/posts\/34868\/revisions"}],"predecessor-version":[{"id":34876,"href":"https:\/\/speyer24news.com\/index.php?rest_route=\/wp\/v2\/posts\/34868\/revisions\/34876"}],"wp:featuredmedia":[{"embeddable":true,"href":"https:\/\/speyer24news.com\/index.php?rest_route=\/wp\/v2\/media\/33076"}],"wp:attachment":[{"href":"https:\/\/speyer24news.com\/index.php?rest_route=%2Fwp%2Fv2%2Fmedia&parent=34868"}],"wp:term":[{"taxonomy":"category","embeddable":true,"href":"https:\/\/speyer24news.com\/index.php?rest_route=%2Fwp%2Fv2%2Fcategories&post=34868"},{"taxonomy":"post_tag","embeddable":true,"href":"https:\/\/speyer24news.com\/index.php?rest_route=%2Fwp%2Fv2%2Ftags&post=34868"}],"curies":[{"name":"wp","href":"https:\/\/api.w.org\/{rel}","templated":true}]}}