{"id":34877,"date":"2021-04-03T10:38:31","date_gmt":"2021-04-03T09:38:31","guid":{"rendered":"https:\/\/speyer24news.com\/?p=34877"},"modified":"2021-04-03T10:38:32","modified_gmt":"2021-04-03T09:38:32","slug":"schwetzingen-63","status":"publish","type":"post","link":"https:\/\/speyer24news.com\/?p=34877","title":{"rendered":"Schwetzingen"},"content":{"rendered":"<style type=\"text\/css\">\r\n\t.ads_top_disp{}\r\n\t.ads_top_corner_disp{ float:left; margin:0px 10px 10px 0px; }\r\n\t.ads_first_p_disp{}\r\n\t.ads_bottom_disp{}\r\n\t<\/style>\n<h2 class=\"wp-block-heading\"><strong>Start der Bauma\u00dfnahmen zur neuen S-Bahn-Station Schwetzingen-Hirschacker<\/strong><\/h2>\n\n\n\n<h3 class=\"wp-block-heading\"><strong>Neue Station in Schwetzingen erweitert S-Bahn-Netz<\/strong><\/h3>\n\n\n\n<figure class=\"wp-block-image\"><img decoding=\"async\" loading=\"lazy\" width=\"800\" height=\"600\" src=\"https:\/\/speyer24news.com\/wp-content\/uploads\/2021\/04\/S-Bahn_-Pressebild.jpg\" alt=\"\" class=\"wp-image-34884\" srcset=\"https:\/\/speyer24news.com\/wp-content\/uploads\/2021\/04\/S-Bahn_-Pressebild.jpg 800w, https:\/\/speyer24news.com\/wp-content\/uploads\/2021\/04\/S-Bahn_-Pressebild-300x225.jpg 300w, https:\/\/speyer24news.com\/wp-content\/uploads\/2021\/04\/S-Bahn_-Pressebild-768x576.jpg 768w, https:\/\/speyer24news.com\/wp-content\/uploads\/2021\/04\/S-Bahn_-Pressebild-678x509.jpg 678w, https:\/\/speyer24news.com\/wp-content\/uploads\/2021\/04\/S-Bahn_-Pressebild-326x245.jpg 326w, https:\/\/speyer24news.com\/wp-content\/uploads\/2021\/04\/S-Bahn_-Pressebild-80x60.jpg 80w\" sizes=\"(max-width: 800px) 100vw, 800px\" \/><figcaption> Gaben den symbolischen Startschuss: (von links) B\u00fcrgermeister Matthias Steffan, Michael Groh (Leiter Regionalbereich S\u00fcdwest der DB Station&amp;Service AG), Polier Frank M\u00fcnker von der Firma KAF Falkenhahn Bau AG, Oberb\u00fcrgermeister Dr. Ren\u00e9 P\u00f6ltl und Christian Specht (Erster B\u00fcrgermeister der Stadt Mannheim und Vorsitzender des Zweckverbandes Verkehrsverbund Rhein-Neckar).<\/figcaption><\/figure>\n\n\n\n<p>Am Montag dem 29.03.2021 fiel der symbolische Startschuss f\u00fcr die Bauma\u00dfnahme zum neuen S-Bahn Haltepunkt Schwetzingen-Hirschacker im Rahmen der 2.&nbsp;Ausbaustufe der S-Bahn Rhein-Neckar auf der Strecke von Mannheim nach Karlsruhe. Neben den bereits erfolgten Modernisierungen der bestehenden Stationen entlang der Bahnstrecke Mannheim-Karlsruhe sollen mit Schwetzingen-Hirschacker und Schwetzingen-Nordstadt zwei neue Haltepunkte gebaut werden.<\/p>\n\n\n\n<p>Oberb\u00fcrgermeister Dr. Ren\u00e9 P\u00f6ltl von der Stadt Schwetzingen sah sich zusammen mit dem Ersten B\u00fcrgermeister der Stadt Mannheim und ZRN-Vorsitzender Christian Specht sowie Michael Groh, Leiter Regionalbereich S\u00fcdwest der DB Station&amp;Service AG die Fl\u00e4chen an, wo der neue Haltepunkt Schwetzingen-Hirschacker entsteht.<\/p>\n\n\n\n<p>Nachdem die Planungen abgeschlossen sind und Planrecht vorliegt, die vorbereitenden Arbeiten erledigt wurden, k\u00f6nnen nun die Bauarbeiten f\u00fcr den neuen Haltepunkt Schwetzingen-Hirschacker beginnen. Die Bauarbeiten sollen voraussichtlich im n\u00e4chsten Jahr 2022 abgeschlossen sein.<\/p>\n\n\n\n<p><em>Oberb\u00fcrgermeister Dr. P\u00f6ltl: \u201eF\u00fcr den Stadtteil Hirschacker bedeutet der neue Bahnhaltepunkt eine wesentliche Verbesserung der Erschlie\u00dfungsfunktion innerhalb des Stadtgebietes sowie dar\u00fcber hinaus eine gute Verkn\u00fcpfung zum Fernverkehrsknotenbahnhof Mannheim und in die Region Karlsruhe im 30-Minuten-Takt.\u201c<\/em><\/p>\n\n\n\n<p><em>Christian Specht, Erster B\u00fcrgermeister von Mannheim und Vorsitzender des Zweckverbandes Verkehrsverbund Rhein-Neckar dazu: \u201eWir beginnen jetzt mit den Bauma\u00dfnahmen an einem f\u00fcr das S-Bahn-Netz wichtigen Haltepunkt in der Metropolregion Rhein-Neckar. Dies ist ein weiterer Baustein zur Erh\u00f6hung des \u00d6PNV-Anteils durch wohnortnahe, attraktive Zustiege zum \u00d6PNV. Das hei\u00dft: mehr Sicherheit, Barrierefreiheit, mehr Komfort, und das an wichtigen Nord-S\u00fcd-Achsen unseres S-Bahn-Netzes.\u201c<\/em><\/p>\n\n\n\n<p><em>Michael Groh, Leiter Regionalbereich S\u00fcdwest der DB Station&amp;Service AG: \u201eDer Aus- bzw. Neubau der Station Schwetzingen-Hirschacker im Projekt S-Bahn Rhein-Neckar ist ein wichtiger Schritt f\u00fcr die nachhaltige Entwicklung der Region. Daher freut es mich sehr, dass die Bauarbeiten nun endlich beginnen. So k\u00f6nnen wir unseren Fahrg\u00e4sten bald eine moderne und barrierefreie Station zur Verf\u00fcgung stellen und den Umstieg auf den \u00d6PVN attraktiver machen.\u201c<\/em><\/p>\n\n\n\n<h4 class=\"wp-block-heading\"><strong>Neue Station Schwetzingen Hirschacker<\/strong><\/h4>\n\n\n\n<p>Die Bauma\u00dfnahme f\u00fcr einen neuen Haltepunkt in Schwetzingen-Hirschacker ist eine von insgesamt zwei Verkehrsstationen im Stadtgebiet von Schwetzingen, die auf der Strecke von Mannheim bis Karlsruhe neu gebaut werden. Die Bauarbeiten starten im M\u00e4rz und beinhalten den Neubau der Bahnsteige&nbsp;1&nbsp;und&nbsp;2 mit einer Bahnsteigl\u00e4nge von 210 Meter und einer Bahnsteigh\u00f6he von 0,76&nbsp;Meter \u00fcber Schienenoberkante.<\/p>\n\n\n\n<p>Die Bauma\u00dfnahmen umfassen vor allem den Neubau der Bahnsteige mit einer zu den S-Bahn-Fahrzeugen passenden H\u00f6he f\u00fcr einen niveaufreien Einstieg, den Neubau je eines barrierefreien Bahnsteigzugangs zu Bahnsteig 1 sowie zur neuen Personenunterf\u00fchrung, den Neubau einer Aufzugsanlage an Bahnsteig&nbsp;2 mit Anbindung an die neue Personenunterf\u00fchrung sowie die Ausstattung mit taktilem Leitsystem f\u00fcr blinde und sehbehinderte Fahrg\u00e4ste.<\/p>\n\n\n\n<p>Beide Bahnsteige werden mit Sitzgelegenheiten, neuen Beleuchtungs- und Beschallungsanlagen, Wetterschutz und Windschutz, neuem Wegeleitsystem, Infovitrinen, Abfallbeh\u00e4lter sowie Dynamischen Schriftanzeigern mit Lautsprechern ausgestattet.<\/p>\n\n\n\n<p>Aufgrund der Kl\u00e4rung zahlreicher artenschutzrechtlicher Belange wie z. B. f\u00fcr die im Dossenwald heimische Art der Bechsteinfledermaus, belief sich die Dauer des Planfeststellungsverfahrens auf rund vier Jahre, so dass der Haltepunkt nicht wie geplant mit der Inbetriebnahme der 2. Stufe der S-Bahn Rhein-Neckar im Dezember 2020 erfolgen konnte.<\/p>\n\n\n\n<p>Insgesamt kostet die Ma\u00dfnahme rund 6,5&nbsp;Millionen Euro. Davon \u00fcbernimmt die Stadt Schwetzingen rund 2,97 Millionen Euro.<\/p>\n\n\n\n<p>Insgesamt werden im gesamten Streckenabschnitt zwischen Mannheim und Karlsruhe rund 61 Millionen Euro investiert, zuz\u00fcglich der Planungskosten, die derzeit auf mindestens 19,3 Millionen Euro gesch\u00e4tzt werden. Geldgeber sind nach aktuellem Stand neben dem Land Baden-W\u00fcrttemberg mit 11,6 Millionen Euro, der Bund mit 33,9 Millionen Euro, der Landkreis und die Stadt Karlsruhe mit 5,7 Millionen Euro und der Zweckverband Verkehrsverbund Rhein-Neckar mit den beteiligten Kommunen mit 29,1 Millionen Euro.<\/p>\n\n\n\n<p>Weitere Informationen unter:&nbsp;<a href=\"https:\/\/deref-web.de\/mail\/client\/8RAH-RxshEg\/dereferrer\/?redirectUrl=https%3A%2F%2Fwww.ausbau-rheinneckar.de%2F\" target=\"_blank\" rel=\"noreferrer noopener\">https:\/\/www.ausbau-rheinneckar.de\/<\/a><\/p>\n\n\n\n<p><em>Stadtverwaltung Schwetzingen<br>03.04.2021<\/em><\/p>\n\n\n\n<h2 class=\"wp-block-heading\"><strong>Gro\u00dfe Resonanz zu Impfterminen f\u00fcr Senioren ab 70 Jahren: Alle Impftermine sind bereits vergeben<\/strong><\/h2>\n\n\n\n<h3 class=\"wp-block-heading\"><strong>Nachdem Mitte M\u00e4rz bereits die Gruppe der \u00fcber 80-J\u00e4hrigen ein Impfangebot bekommen hat,&nbsp; werden Mitte April Senioren zwischen 70 und 80 im Lutherhaus geimpft \/ Alle 250 Impftermine sind bereits vergeben \/ Stadt richtet Warteliste ein<\/strong><\/h3>\n\n\n\n<figure class=\"wp-block-image\"><img decoding=\"async\" loading=\"lazy\" width=\"800\" height=\"533\" src=\"https:\/\/speyer24news.com\/wp-content\/uploads\/2021\/03\/10-03-2021-Gemeinsame-Info-Maximalbetrieb-2.jpg\" alt=\"\" class=\"wp-image-34044\" srcset=\"https:\/\/speyer24news.com\/wp-content\/uploads\/2021\/03\/10-03-2021-Gemeinsame-Info-Maximalbetrieb-2.jpg 800w, https:\/\/speyer24news.com\/wp-content\/uploads\/2021\/03\/10-03-2021-Gemeinsame-Info-Maximalbetrieb-2-300x200.jpg 300w, https:\/\/speyer24news.com\/wp-content\/uploads\/2021\/03\/10-03-2021-Gemeinsame-Info-Maximalbetrieb-2-768x512.jpg 768w\" sizes=\"(max-width: 800px) 100vw, 800px\" \/><\/figure>\n\n\n\n<p>Nach dem gro\u00dfen Zuspruch auf das Impfangebot f\u00fcr die \u00fcber 80-J\u00e4hrigen Schwetzinger\/innen durch Mobile Impfteams im Lutherhaus, werden Mitte April jetzt auch 250 Seniorinnen und Senioren im Alter zwischen 70 und 80 Jahren im Lutherhaus geimpft werden. Die R\u00fcckmeldungen auf das entsprechende Anschreiben der Stadt Schwetzingen waren zahlreich. Stand Montag, 29. M\u00e4rz, sind daher bereits alle m\u00f6glichen 250 Impftermine vergeben. Das Ordnungsamt der Stadt Schwetzingen wird in dieser Woche die Einladungsschreiben mit Nennung&nbsp; der beiden konkreten Impftermine an diese 250 Personen verschicken.<\/p>\n\n\n\n<p>All diejenigen, die jetzt nicht zum Zuge kamen, werden von der Stadt auf eine Warteliste gesetzt. Sollten Termine krankheitsbedingt abgesagt werden, wird das Ordnungsamt potenzielle Nachr\u00fccker\/innen kurzfristig kontaktieren. Als Impftage im Lutherhaus sind der 12.\/ 13. April (Erstimpfung) und der 17.\/ 18. Mai (Zweitimpfung) vorgesehen.<\/p>\n\n\n\n<p>Ordnungsamtsleiter Pascal Seidel ist aufgrund der gro\u00dfen Resonanz und der hohen Anzahl der Personen auf der Warteliste bereits in Gespr\u00e4chen mit dem Gesundheitsamt des Landratsamts Rhein-Neckar. \u201eDa wir m\u00f6glichst vielen unserer Seniorinnen und Senioren z\u00fcgig eine Impfung erm\u00f6glichen wollen, haben wir beim Landratsamt Rhein-Neckar-Kreis noch einmal angefragt, weitere Impftage mit Mobilen Impfteams f\u00fcr diese Gruppe der 70 bis 80-J\u00e4hrigen zu erhalten. Dann k\u00e4men auch einige derjenigen zum Zug, die im ersten Anlauf jetzt keinen Termin erhalten haben.\u201c<\/p>\n\n\n\n<p>Die Stadt empfiehlt allen, die keinen Impftermin erhalten konnten, es weiterhin \u00fcber die Hotline (116117) oder&nbsp;<a href=\"https:\/\/deref-web.de\/mail\/client\/aUi7ylzV-J4\/dereferrer\/?redirectUrl=http%3A%2F%2Fwww.impfterminservice.de\" target=\"_blank\" rel=\"noreferrer noopener\">www.impfterminservice.de<\/a>&nbsp;zu versuchen.<\/p>\n\n\n\n<p><em>Stadtverwaltung Schwetzingen<br>03.04.2021<\/em><\/p>\n\n\n\n<h2 class=\"wp-block-heading\">Stadtbibliothek bietet ab 29. M\u00e4rz wieder Bring- und Abholservice an<\/h2>\n\n\n\n<figure class=\"wp-block-image\"><img decoding=\"async\" loading=\"lazy\" width=\"800\" height=\"594\" src=\"https:\/\/speyer24news.com\/wp-content\/uploads\/2021\/03\/B\u00fccher.jpg\" alt=\"\" class=\"wp-image-33731\" srcset=\"https:\/\/speyer24news.com\/wp-content\/uploads\/2021\/03\/B\u00fccher.jpg 800w, https:\/\/speyer24news.com\/wp-content\/uploads\/2021\/03\/B\u00fccher-300x223.jpg 300w, https:\/\/speyer24news.com\/wp-content\/uploads\/2021\/03\/B\u00fccher-768x570.jpg 768w, https:\/\/speyer24news.com\/wp-content\/uploads\/2021\/03\/B\u00fccher-80x60.jpg 80w\" sizes=\"(max-width: 800px) 100vw, 800px\" \/><\/figure>\n\n\n\n<p>Nachdem das Land Baden-W\u00fcrttemberg die Corona Verordnung erneut ge\u00e4ndert hat, geh\u00f6rt der Buchhandel und damit auch die Stadtbibliothek nicht mehr zum Einzelhandel des t\u00e4glichen Bedarfs. F\u00fcr ihn gelten nun auch die entsprechenden Click &amp; Collect Regelungen. Das Land setzt damit ein Urteil des Verwaltungsgerichtshofs Baden-W\u00fcrttemberg um.<\/p>\n\n\n\n<p>Damit muss auch die Stadtbibliothek ab Montag, 29. M\u00e4rz, wieder f\u00fcr Publikumsverkehr schlie\u00dfen. M\u00f6glich ist jetzt wieder der Click&amp;Collect-Service\u201c. Das bietet dem Team der Stadtbibliothek die M\u00f6glichkeit, Nutzer\/innen weiterhin mit analogen B\u00fcchern, H\u00f6rb\u00fcchern, Filmen oder Zeitschriften zu versorgen.<\/p>\n\n\n\n<h4 class=\"wp-block-heading\">Wie funktioniert der Bring- und Abholservice?<\/h4>\n\n\n\n<p>Wenn Sie ein bestimmtes Buch oder ein anderes Medium ausleihen m\u00f6chten, melden Sie sich telefonisch unter der Nummer 06202 87 271 zu den \u00d6ffnungszeiten (Dienstag bis Freitag 08.00 bis 13.00 Uhr). Die Mitarbeiterinnen beraten auch und geben Tipps. Oder Sie schreiben eine E-Mail an <a href=\"stadtbibliothek@schwetzingen.de\">stadtbibliothek@schwetzingen.de<\/a> mit Ihrem Medienwunsch. Dann kann ein Termin ausgemacht werden. Entweder zum kontaktlosen Abholen der Medien vor der Bibliothek oder f\u00fcr die Lieferung mit dem Fahrrad zu Ihnen nach Hause.<\/p>\n\n\n\n<p>Gerne k\u00f6nnen Sie auch auf der Homepage der Stadtbibliothek im Online-Katalog recherchieren und schauen, ob ein gew\u00fcnschtes Buch verf\u00fcgbar ist.<\/p>\n\n\n\n<p>Wir haben auf unserer Homepage&nbsp;<a rel=\"noreferrer noopener\" href=\"https:\/\/deref-web.de\/mail\/client\/69usd-vhnf8\/dereferrer\/?redirectUrl=http%3A%2F%2Fwww.schwetzingen.de\" target=\"_blank\">www.schwetzingen.de<\/a> (Rubrik Bildung &amp;Wissenschaft\/ Bibliothek) auch eine Sparte mit Buchtipps und Neuerscheinungen, wo aufgelistete Medien nur darauf warten, entliehen zu werden.<\/p>\n\n\n\n<p>Weiterhin nutzen die Mitarbeiterinnen die geschlossene Zeit, um neue Medien in den Bestand aufzunehmen.<\/p>\n\n\n\n<p>Die R\u00fcckgabe erfolgt wenn die Stadtbibliothek wieder f\u00fcr Publikumsverkehr \u00f6ffnen darf. Bis dahin entstehen keine Mahngeb\u00fchren. Alternativ kann zur kontaktfreien R\u00fcckgabe auch der neue Medienr\u00fcckgabekasten genutzt werden, der sich hinter der Gittert\u00fcr vor der Eingangst\u00fcr zur Bibliothek befindet.\n\n<\/p>\n\n\n\n<p><em>Stadtverwaltung Schwetzingen<br>03.04.2021<\/em><\/p>\n\n\n\n<h2 class=\"wp-block-heading\">Alla hopp-Anlage und Au\u00dfenanlage GO In ab sofort geschlossen<\/h2>\n\n\n\n<figure class=\"wp-block-image\"><img decoding=\"async\" src=\"https:\/\/speyer24news.com\/wp-content\/uploads\/2020\/01\/Closed.jpg\" alt=\"\" class=\"wp-image-24022\"\/><\/figure>\n\n\n\n<p>Aufgrund der aktuell leider auch in Schwetzingen stark gestiegenen Infektionszahlen unter Kindern und Jugendlichen ist die Alla hopp Anlage und der Au\u00dfenbereich des GO In Jugendzentrums <strong>ab sofort bis einschlie\u00dflich 11. April<\/strong> geschlossen. Die Stadt bittet um Verst\u00e4ndnis. <\/p>\n\n\n\n<p><em>Stadtverwaltung Schwetzingen<br>03.04.2021<\/em><\/p>\n\n\n\n<h2 class=\"wp-block-heading\"><strong>Aktion 1000 B\u00e4ume f\u00fcr den Klimaschutz war ein voller Erfolg<\/strong><\/h2>\n\n\n\n<h3 class=\"wp-block-heading\"><strong>Insgesamt 1025 Obstb\u00e4ume konnten bis Ende M\u00e4rz im Stadtgebiet gepflanzt werden \/ Aktion endet jetzt<\/strong><\/h3>\n\n\n\n<div class=\"wp-block-image\"><figure class=\"aligncenter\"><img decoding=\"async\" loading=\"lazy\" width=\"800\" height=\"413\" src=\"https:\/\/speyer24news.com\/wp-content\/uploads\/2021\/04\/apple-2788651_1920.jpg\" alt=\"\" class=\"wp-image-34879\" srcset=\"https:\/\/speyer24news.com\/wp-content\/uploads\/2021\/04\/apple-2788651_1920.jpg 800w, https:\/\/speyer24news.com\/wp-content\/uploads\/2021\/04\/apple-2788651_1920-300x155.jpg 300w, https:\/\/speyer24news.com\/wp-content\/uploads\/2021\/04\/apple-2788651_1920-768x396.jpg 768w\" sizes=\"(max-width: 800px) 100vw, 800px\" \/><\/figure><\/div>\n\n\n\n<p>Ein erfolgreiches Fazit kann der Leiter der Stadtg\u00e4rtnerei Bernd Kolb zur Klimaschutzaktion \u201a1000 B\u00e4ume in 1000 Kommunen\u2018 f\u00fcr die Stadt Schwetzingen ziehen: \u201eInsgesamt haben wir im Aktionszeitraum 1025 Obstb\u00e4ume im Stadtgebiet anpflanzen k\u00f6nnen. 200 haben unsere Stadtg\u00e4rtner\/innen auf \u00f6ffentlichen Fl\u00e4chen gepflanzt und 825 Obstb\u00e4ume haben wir an Schwetzinger B\u00fcrger\/innen und Vereine vergeben, die diese dann in ihren privaten G\u00e4rten und Gr\u00fcnanlagen eingepflanzt haben. Das ist eine beachtliche Anzahl und wir m\u00f6chten uns ausdr\u00fccklich bei allen neuen Baumbesitzer\/innen f\u00fcr die tolle Unterst\u00fctzung der Aktion bedanken\u201c, so Kolb erfreut.<\/p>\n\n\n\n<p>Die Aktion startete letztes Jahr Anfang Dezember und endet jetzt am 26. M\u00e4rz. Ziel der Klimaschutzaktion war es, stadtweit 1000 neue B\u00e4ume anzupflanzen und damit aktiv etwas f\u00fcr den Klimaschutz zu tun.&nbsp;&nbsp;Denn B\u00e4ume binden Kohlendioxid (CO\u00b2) und produzieren im Gegenzug wertvollen Sauerstoff.&nbsp;Diese Ziel ist dank der Mithilfe der Schwetzinger\/innen erreicht worden.<\/p>\n\n\n\n<p>Die Stadt hatte daf\u00fcr die Obstgeh\u00f6lze kostenlos an Privatleute zur Pflanzung im heimischen Garten oder an Vereine wie den Kleing\u00e4rtnerverein abgegeben. Die Stadtg\u00e4rtnerei lieferte die B\u00e4ume bis ans jeweilige Grundst\u00fcck und leistete Beratung und Starthilfe mit der Zugabe eines Startersets D\u00fcnger, eines Wasserspeichers und einer Pflanzanleitung. \u201eWir haben bei den B\u00e4umen bewusst auf Obstb\u00e4ume gesetzt, um somit auch den Insekten ein reichhaltiges Buffet an Nahrung anzubieten. Die verschiedenen Sorten bl\u00fchen zeitversetzt, um hier m\u00f6glichst lange Nahrungsquelle f\u00fcr Bienen, Hummeln und andere Insekten zu bieten\u201c, erkl\u00e4rt Kolb die Auswahl. Und nat\u00fcrlich handelt es sich hier um essbare Sorten, die nicht nur den Insekten munden sondern auch den G\u00e4rtner\/innen. Die Stadt w\u00fcnscht allen Baumbesitzer\/innen in den kommenden Jahren viel Freude an den B\u00e4umen und eine reiche Obsternte.<\/p>\n\n\n\n<p><strong>Zum Hintergrund<\/strong>: Der Gemeindetag Baden-W\u00fcrttemberg hat f\u00fcr die Jahre 2019\/2020&nbsp; das Ziel ausgegeben, \u201a1000 B\u00e4ume in 1000 Kommunen\u2018 anzupflanzen. Dieser landesweiten Klimaschutzaktion hatte sich auch der Rhein-Neckar-Kreis mit seinen 54 Mitgliedskommunen angeschlossen.<\/p>\n\n\n\n<p><em>Stadtverwaltung Schwetzingen<br>03.04.2021<\/em><\/p>\n\n\n\n<h2 class=\"wp-block-heading\"><strong>Besuch in der Stadtbibliothek weiterhin nach Terminvergabe m\u00f6glich<\/strong><\/h2>\n\n\n\n<p>Seit Anfang M\u00e4rz bietet die Stadtbibliothek das so genannte \u201eclick &amp; meet\u201c Angebot an, d.h. der Besuch und die Medienausleihe sind nach vorheriger telefonischer Terminabsprache (Tel.: 06202 \/87271) wieder m\u00f6glich.<\/p>\n\n\n\n<p>Da die Anzahl der Besucher\/innen begrenzt ist, erhalten die Besucher\/innen ein Zeitfenster von ca. 20 Minuten. Zur m\u00f6glichen Nachverfolgung von Infektionsketten werden die Kontaktdaten der Besucher\/innen notiert (Ausweisnummer, Datum und Uhrzeit).<\/p>\n\n\n\n<p>Das bisherige \u201eclick &amp; collect\u201c bleibt erhalten.&nbsp; So k\u00f6nnen auch weiterhin Medien bestellt und kontaktlos in einem Korb vor der Bibliothek abgeholt werden.<\/p>\n\n\n\n<p>Alternativ kann zur kontaktfreien R\u00fcckgabe auch weiterhin der Medienr\u00fcckgabekasten genutzt werden, der sich hinter der Gittert\u00fcr vor der Eingangst\u00fcr zur Bibliothek befindet.<\/p>\n\n\n\n<p>Das Angebot gilt vorbehaltlich weiter steigender Inzidenzzahlen und wird jeweils den aktuellen Entwicklungen angepasst.<\/p>\n\n\n\n<p><em>Stadtverwaltung Schwetzingen \/ Stadtbibliothek<br>03.04.2021<\/em><\/p>\n\n\n\n<h1 class=\"wp-block-heading\" style=\"text-align:center\">Verkehrsnotizen<\/h1>\n\n\n\n<figure class=\"wp-block-image\"><img decoding=\"async\" loading=\"lazy\" width=\"800\" height=\"565\" src=\"https:\/\/speyer24news.com\/wp-content\/uploads\/2020\/01\/Baustelle-2.jpg\" alt=\"\" class=\"wp-image-23900\" srcset=\"https:\/\/speyer24news.com\/wp-content\/uploads\/2020\/01\/Baustelle-2.jpg 800w, https:\/\/speyer24news.com\/wp-content\/uploads\/2020\/01\/Baustelle-2-300x212.jpg 300w, https:\/\/speyer24news.com\/wp-content\/uploads\/2020\/01\/Baustelle-2-768x542.jpg 768w\" sizes=\"(max-width: 800px) 100vw, 800px\" \/><\/figure>\n\n\n\n<h2 class=\"wp-block-heading\"><strong>Wegen Leitungsarbeiten der Stadtwerke: Teilsperrungen im Bereich Berliner Stra\u00dfe und Grenzh\u00f6fer Stra\u00dfe ab 12. April<\/strong><\/h2>\n\n\n\n<div class=\"wp-block-image\"><figure class=\"aligncenter\"><img decoding=\"async\" loading=\"lazy\" width=\"800\" height=\"560\" src=\"https:\/\/speyer24news.com\/wp-content\/uploads\/2021\/04\/Schwetzingen-Baustelle.png\" alt=\"\" class=\"wp-image-34882\" srcset=\"https:\/\/speyer24news.com\/wp-content\/uploads\/2021\/04\/Schwetzingen-Baustelle.png 800w, https:\/\/speyer24news.com\/wp-content\/uploads\/2021\/04\/Schwetzingen-Baustelle-300x210.png 300w, https:\/\/speyer24news.com\/wp-content\/uploads\/2021\/04\/Schwetzingen-Baustelle-768x538.png 768w\" sizes=\"(max-width: 800px) 100vw, 800px\" \/><\/figure><\/div>\n\n\n\n<p>Im Zuge der Arbeiten f\u00fcr die neue Gas- und Wasserverbindungsleitung der Stadtwerke zwischen Schwetzingen und Plankstadt in der Grenzh\u00f6fer Stra\u00dfe muss <strong>ab Montag, 12. April<\/strong>, auch die Berliner Stra\u00dfe teilweise gesperrt werden. So m\u00fcssen die neuen Leitungen beginnend &nbsp;von der Berliner Stra\u00dfe Hausnummer 60 in Richtung der Berliner Stra\u00dfe Hausnummer 70 &nbsp;bis in die Grenzh\u00f6fer Stra\u00dfe (diese wird gequert) vor die Nordstadthalle verlegt werden.<\/p>\n\n\n\n<p>Hierzu muss wegen der geringen Stra\u00dfenbreite die Berliner Stra\u00dfe im Bereich der Hausnummer 62 \u2013 70 voll gesperrt werden. Der Parkplatz gegen\u00fcber der Berliner Stra\u00dfe 70 muss ebenfalls gesperrt werden. Die Anwohner der Stichstra\u00dfe Berliner Stra\u00dfe 60\/62 k\u00f6nnen f\u00fcr den Zeitraum der Bauma\u00dfnahme ihre Fahrzeuge auf dem Schotterparkplatz der Nordstadthalle parken. Die Querung \u00fcber die Grenzh\u00f6fer Stra\u00dfe erfolgt mit einer halbseitigen Sperrung. Eine Umleitung f\u00fcr den motorisierten Verkehr ist ausgeschildert.<\/p>\n\n\n\n<p>Die Bauarbeiten und damit verbunden die Sperrungen dauern voraussichtlich bis zum 31. Juli 2021.<\/p>\n\n\n\n<p><em>Stadtverwaltung Schwetzingen<br>03.04.2021<\/em><\/p>\n\n\n\n<h2 class=\"wp-block-heading\"><strong>Baustelle Karlsruher Stra\u00dfe wechselt am 6. April in den letzten Bauabschnitt<\/strong><\/h2>\n\n\n\n<h3 class=\"wp-block-heading\">Baustellenbereich von Karlsruher Stra\u00dfe 42 bis Kreuzung Z\u00e4hringer Stra\u00dfe\/ Clementine-Bassermann-Stra\u00dfe bleibt umgekehrte Einbahnstra\u00dfe<\/h3>\n\n\n\n<p>Die Bauarbeiten zur Sanierung der Karlsruher Stra\u00dfe liegen trotz des kalten und nassen Wetters zu Jahresbeginn weiterhin vor dem eigentlichen Zeitplan. Der 5. &nbsp;Bauabschnitt von der Einm\u00fcndung Clementine-Bassermann-Stra\u00dfe bis zur Karlsruher Stra\u00dfe 42 wird am 1. April beendet werden. Die Baufirma Wolff &amp; M\u00fcller wird dann noch die Asphalt-Deckschicht aufbringen. \u00dcber die Ostertage ruht die Baustelle. Voraussichtlich am Dienstag, 6. April, beginnen dann die Arbeiten f\u00fcr den sechsten und damit letzten Bauabschnitt. Dazu wird die Sperrung des 5. Abschnitts aufgehoben und mit der Sperrung und dem Ausbau der Asphaltschicht des 6. Abschnitts begonnen. Er wird rund dreieinhalb Monate dauern und den Bereich von der Karlsruher Stra\u00dfe 42 bis zur Einm\u00fcndung in die Z\u00e4hringerstra\u00dfe umfassen.<\/p>\n\n\n\n<p>Damit treten erneut \u00c4nderungen in der Verkehrsf\u00fchrung ein. Die Clementine-Bassermann-Stra\u00dfe bleibt umgedrehte Einbahnstra\u00dfe und ist somit von der Karlsruher Stra\u00dfe aus Richtung Schlossplatz kommend in Richtung Friedrichstra\u00dfe befahrbar. Auf diesem Weg k\u00f6nnen weiterhin alle Verkehrsteilnehmer\/innen, die vom Schlossplatz in die Karlsruher Stra\u00dfe fahren sowie die Nutzer der Tiefgarage in Richtung S\u00fcden ausfahren. Weiterhin ist keine Ausfahrt in Richtung Z\u00e4hringer Stra\u00dfe \u00fcber die Clementine-Bassermann-Stra\u00dfe und Karlsruher Stra\u00dfe m\u00f6glich. Die Anwohner\/innen der Karlsruher Stra\u00dfe bis Hausnummer 42 k\u00f6nnen diesen Bereich jedoch als Sackgasse nutzen.<\/p>\n\n\n\n<p>Die Stadt hat den betroffenen Anwohner\/innen ein entsprechendes Informationsschreiben zugeschickt und bittet alle \u00fcbrigen Verkehrsteilnehmer\/innen, diesen Bereich weitr\u00e4umig zu umfahren.<\/p>\n\n\n\n<p>Informationen zum Gesamtprojekt Umbau Karlsruher Stra\u00dfe finden Sie auch im Internet unter&nbsp;<a rel=\"noreferrer noopener\" href=\"https:\/\/deref-web.de\/mail\/client\/69usd-vhnf8\/dereferrer\/?redirectUrl=http%3A%2F%2Fwww.schwetzingen.de\" target=\"_blank\">www.schwetzingen.de<\/a>.<\/p>\n\n\n\n<p><em>Stadtverwaltung Schwetzingen<br>03.04.2021<\/em><\/p>\n","protected":false},"excerpt":{"rendered":"<div class=\"mh-excerpt\"><p>Start der Bauma\u00dfnahmen zur neuen S-Bahn-Station Schwetzingen-Hirschacker Neue Station in Schwetzingen erweitert S-Bahn-Netz Am Montag dem 29.03.2021 fiel der symbolische Startschuss f\u00fcr die Bauma\u00dfnahme zum neuen S-Bahn Haltepunkt Schwetzingen-Hirschacker im Rahmen der 2.&nbsp;Ausbaustufe der S-Bahn <a class=\"mh-excerpt-more\" href=\"https:\/\/speyer24news.com\/?p=34877\" title=\"Schwetzingen\">[&#8230;]<\/a><\/p>\n<\/div>","protected":false},"author":3,"featured_media":0,"comment_status":"open","ping_status":"open","sticky":false,"template":"","format":"standard","meta":{"_monsterinsights_skip_tracking":false,"_monsterinsights_sitenote_active":false,"_monsterinsights_sitenote_note":"","_monsterinsights_sitenote_category":0,"footnotes":""},"categories":[477],"tags":[11091,11089,11090,5604,11093,11086,11085,11088,9910,7174,11083,11082,154,11084,6813,658,11092],"aioseo_notices":[],"amp_enabled":true,"_links":{"self":[{"href":"https:\/\/speyer24news.com\/index.php?rest_route=\/wp\/v2\/posts\/34877"}],"collection":[{"href":"https:\/\/speyer24news.com\/index.php?rest_route=\/wp\/v2\/posts"}],"about":[{"href":"https:\/\/speyer24news.com\/index.php?rest_route=\/wp\/v2\/types\/post"}],"author":[{"embeddable":true,"href":"https:\/\/speyer24news.com\/index.php?rest_route=\/wp\/v2\/users\/3"}],"replies":[{"embeddable":true,"href":"https:\/\/speyer24news.com\/index.php?rest_route=%2Fwp%2Fv2%2Fcomments&post=34877"}],"version-history":[{"count":7,"href":"https:\/\/speyer24news.com\/index.php?rest_route=\/wp\/v2\/posts\/34877\/revisions"}],"predecessor-version":[{"id":34887,"href":"https:\/\/speyer24news.com\/index.php?rest_route=\/wp\/v2\/posts\/34877\/revisions\/34887"}],"wp:attachment":[{"href":"https:\/\/speyer24news.com\/index.php?rest_route=%2Fwp%2Fv2%2Fmedia&parent=34877"}],"wp:term":[{"taxonomy":"category","embeddable":true,"href":"https:\/\/speyer24news.com\/index.php?rest_route=%2Fwp%2Fv2%2Fcategories&post=34877"},{"taxonomy":"post_tag","embeddable":true,"href":"https:\/\/speyer24news.com\/index.php?rest_route=%2Fwp%2Fv2%2Ftags&post=34877"}],"curies":[{"name":"wp","href":"https:\/\/api.w.org\/{rel}","templated":true}]}}