{"id":34931,"date":"2021-04-03T14:51:01","date_gmt":"2021-04-03T13:51:01","guid":{"rendered":"https:\/\/speyer24news.com\/?p=34931"},"modified":"2021-04-03T14:51:02","modified_gmt":"2021-04-03T13:51:02","slug":"mannheim-17","status":"publish","type":"post","link":"https:\/\/speyer24news.com\/?p=34931","title":{"rendered":"Mannheim"},"content":{"rendered":"<style type=\"text\/css\">\r\n\t.ads_top_disp{}\r\n\t.ads_top_corner_disp{ float:left; margin:0px 10px 10px 0px; }\r\n\t.ads_first_p_disp{}\r\n\t.ads_bottom_disp{}\r\n\t<\/style>\n<h2 class=\"wp-block-heading\">Fotos vom (Spazieren-)Gehen im internationalen Kontext<\/h2>\n\n\n\n<h3 class=\"wp-block-heading\">Symposium \u201eAbout Walking\u201c der Biennale f\u00fcr aktuelle Fotografie fand am 25. und 26. M\u00e4rz digital statt<\/h3>\n\n\n\n<p>Rund 200 Interessierte nahmen an dem online angebotenen Symposium der Biennale f\u00fcr aktuelle Fotografie Ende M\u00e4rz teil. Die zweit\u00e4gige Veranstaltung unter dem Titel \u201eAbout Walking\u201c widmete sich dem (Spazieren-)Gehen aus der Perspektive der Fotografie und wurde von der Biennale f\u00fcr aktuelle Fotografie in enger Zusammenarbeit mit der in Ostindien beheimateten Chennai Photo Biennale organisiert. Mit dem Symposium baute die Biennale f\u00fcr aktuelle Fotografie ihre im vergangenen Jahr begonnene Kooperation mit der Chennai Photo Biennale aus.<\/p>\n\n\n\n<p>Die eingeladenen Fotografinnen und Fotografen beleuchteten politische und soziale Aspekte des Gehens vor einem transkulturellen Hintergrund. Denn w\u00e4hrend das (Spazieren-)Gehen hierzulande seit Beginn der Corona-Pandemie eine willkommene Abwechslung im Alltag bedeutet und einen regelrechten Boom erlebt, ist es f\u00fcr andere notwendig und existenziell. Die Wanderarbeiterinnen und -arbeiter in Indien beispielsweise konnten ihre oft Hunderte von Kilometern entfernte Heimat nur zu Fu\u00df erreichen, als die \u00f6ffentlichen Verkehrsmittel zu Beginn des Lockdowns stark eingeschr\u00e4nkt wurden.<\/p>\n\n\n\n<p>Zu Beginn des Symposiums stellte die Fotografin Katja Stuke mehrere ihrer Projekte vor und hob dabei die Bedeutung des gemeinsamen Gehens, ob vor Ort oder virtuell, hervor. Die Fotografin Paroma Mukherjee pr\u00e4sentierte Bilder aus ihrem in London entstandenen Projekt \u201eSojourn\u201c, bei dem sie das Gehen dazu nutzte, um den sie umgebenden Stadtraum zu erkunden. Der Reisef\u00fchrer und K\u00fcnstler Boris Sieverts stellte sein \u201eB\u00fcro f\u00fcr St\u00e4dtereisen\u201c vor, das eher unkonventionelle St\u00e4dtetouren durch die \u201eGrauzonen\u201c von Ballungsr\u00e4umen anbietet. Vijay Prabhat Kamalakara von der Storytelling-Agentur Storytrails Chennai lud im Anschluss zu einer virtuellen Wanderung durch das heutige und vergangene Chennai ein. Der in Polen geborene und in Wales lebende Fotograf Michal Iwanowski starte mit der Vorstellung seiner Fotoserien \u201eGo Home, Polish\u201c und \u201eClear of People\u201c in den zweiten Tag des Symposiums. F\u00fcr beide Projekte legte er tausende Kilometer zu Fu\u00df zur\u00fcck, wobei er im ersten der Frage nach \u201eHeimat\u201c nachging und im zweiten den Spuren seines Gro\u00dfvaters folgte. Der Umweltaktivist Siddharth Agarwal berichtete von seinen Erfahrungen, die er sammelte, w\u00e4hrend er in den vergangenen f\u00fcnf Jahren rund 6.000 Kilometer an Fl\u00fcssen entlang durch Indien wanderte. Damit m\u00f6chte er die Geschichten der an den Fl\u00fcssen lebenden Menschen sowie Auswirkungen des Klimawandels dokumentieren und die \u00d6ffentlichkeit darauf aufmerksam machen. Der Fotograf Andreas Langfeld stellte sein Projekt \u201eSamstagnacht\u201c vor, das Spuren der Begrenzungen der Normalit\u00e4t durch die Corona-Pandemie aufzeigt. Die Aufnahmen, menschenleer und nachts mit Blitzlicht aufgenommen, wirken k\u00fcnstlich und ebenso unwirklich wie die Zeit, die sie dokumentieren. Die in Chennai lebende Architektin Vidhya Mohankumar gab einen Einblick in ihre Arbeit, die sich mit partizipativer Stadtplanung besch\u00e4ftigt und f\u00fcr die Menschen lebenswerte St\u00e4dte schaffen will.<\/p>\n\n\n\n<p><strong>Info: <\/strong>Die Kurzvortr\u00e4ge und Diskussionen in englischer Sprache wurden aufgezeichnet und k\u00f6nnen unter <a href=\"https:\/\/biennalefotografie.de\/news\/digitales-symposium-about-walking\">https:\/\/biennalefotografie.de\/news\/digitales-symposium-about-walking<\/a> angeschaut werden.<\/p>\n\n\n\n<p><em>Stadt Mannheim<br>03.04.2021<\/em><\/p>\n\n\n\n<h2 class=\"wp-block-heading\">Erh\u00f6hte Waldbrandgefahr durch Hitze und Trockenheit<\/h2>\n\n\n\n<figure class=\"wp-block-image\"><img decoding=\"async\" loading=\"lazy\" width=\"800\" height=\"450\" src=\"https:\/\/speyer24news.com\/wp-content\/uploads\/2021\/04\/Feuer.jpg\" alt=\"\" class=\"wp-image-34958\" srcset=\"https:\/\/speyer24news.com\/wp-content\/uploads\/2021\/04\/Feuer.jpg 800w, https:\/\/speyer24news.com\/wp-content\/uploads\/2021\/04\/Feuer-300x169.jpg 300w, https:\/\/speyer24news.com\/wp-content\/uploads\/2021\/04\/Feuer-768x432.jpg 768w, https:\/\/speyer24news.com\/wp-content\/uploads\/2021\/04\/Feuer-678x381.jpg 678w\" sizes=\"(max-width: 800px) 100vw, 800px\" \/><\/figure>\n\n\n\n<h4 class=\"wp-block-heading\">Sperrung der Grillpl\u00e4tze und gekennzeichneten Feuerstellen<\/h4>\n\n\n\n<p>Laut Prognose des Deutschen Wetterdienstes wird am 01.04.21 der Waldbrandgefahrenindex die Stufe 4 von 5 erreichen. Aufgrund dieser hohen Gef\u00e4hrdungsstufe ordnet die Untere Forstbeh\u00f6rde der Stadt Mannheim die Sperrung der gekennzeichneten Grillpl\u00e4tze und Feuerstellen im Wald nach Paragraph 38 Abs. 1 Landeswaldgesetz an. Damit darf dort weder ein Feuer entz\u00fcndet noch unterhalten werden. Die Sperrung bleibt aufrechterhalten, solange die Gef\u00e4hrdungsstufe 4 oder 5 mindestens an einem der f\u00fcnf Prognosetage des Deutschen Wetterdienstes gemeldet ist.<\/p>\n\n\n\n<h4 class=\"wp-block-heading\">Rauchen nicht erlaubt<\/h4>\n\n\n\n<p>Das Rauchen im Wald ist laut Landeswaldgesetz von M\u00e4rz bis Oktober generell verboten \u2013 unabh\u00e4ngig von der aktuellen Risikolage. Autos sollten keinesfalls abseits von befestigten Pl\u00e4tzen abgestellt werden (Asphalt oder Schotter), da sich trockenes Laub oder Gras bereits durch hei\u00dfe Autoteile entz\u00fcnden kann. Im Notfall m\u00fcssen Feuerwehr und Rettungsfahrzeuge schnell in den Wald kommen. Deshalb ist es wichtig, Schranken und Wege freizuhalten. Weggeworfene Glasflaschen k\u00f6nnen in Verbindung mit Sonnenlicht Waldbr\u00e4nde ausl\u00f6sen, da sie wie ein Brennglas wirken.<\/p>\n\n\n\n<p>Die Stadt Mannheim bittet alle, die sich im Wald aufhalten, eindringlich um besonders umsichtiges Verhalten. Unachtsamkeit kann verheerende Folgen haben.<\/p>\n\n\n\n<p>Auf den Seiten des Deutschen Wetterdienstes k\u00f6nnen B\u00fcrger*innen sich \u00fcber die aktuelle Gefahrenstufe informieren: <a href=\"http:\/\/www.dwd.de\/waldbrand\">www.dwd.de\/waldbrand<\/a><\/p>\n\n\n\n<p><em>Stadt Mannheim<br>03.04.2021<\/em><\/p>\n\n\n\n<h2 class=\"wp-block-heading\">Einj\u00e4hriges Bestehen der Integrierten Leitstelle Mannheim<\/h2>\n\n\n\n<div class=\"wp-block-image\"><figure class=\"aligncenter\"><img decoding=\"async\" loading=\"lazy\" width=\"800\" height=\"440\" src=\"https:\/\/speyer24news.com\/wp-content\/uploads\/2021\/04\/210401-Ein-Jahr-ILS.jpg\" alt=\"\" class=\"wp-image-34956\" srcset=\"https:\/\/speyer24news.com\/wp-content\/uploads\/2021\/04\/210401-Ein-Jahr-ILS.jpg 800w, https:\/\/speyer24news.com\/wp-content\/uploads\/2021\/04\/210401-Ein-Jahr-ILS-300x165.jpg 300w, https:\/\/speyer24news.com\/wp-content\/uploads\/2021\/04\/210401-Ein-Jahr-ILS-768x422.jpg 768w\" sizes=\"(max-width: 800px) 100vw, 800px\" \/><figcaption>Im ersten Betriebsjahr wurden in der Integrierten Leitstelle auf der Mannheimer Hauptfeuerwache 84.000 Notrufe entgegengenommen.<br><em>Foto: Stadt Mannheim<\/em><\/figcaption><\/figure><\/div>\n\n\n\n<p>Am 1. April 2020 erfolgte \u2013 trotz des damaligen ersten Corona-Lockdowns und der damit einhergehenden besonderen Bedingungen und Herausforderungen \u2013 die Inbetriebnahme der Integrierten Leitstelle Mannheim (ILS) auf der Mannheimer Hauptfeuerwache. Vorangegangen waren jahrelange politische Diskussionen um die Trennung des gro\u00dfen Rettungsdienstbereiches in Ladenburg mit Heidelberg und dem Rhein-Neckar-Kreis und die Schaffung einer eigenen sogenannten Integrierten Leitstelle in Mannheim. Im Mai 2017 verk\u00fcndete der baden-w\u00fcrttembergische Innenminister Thomas Strobl im Rahmen der Einweihung der neuen Mannheimer Hauptfeuerwache dann die Schaffung des eigenen Rettungsdienstbereichs Mannheim.<\/p>\n\n\n\n<p>\u201eAllein im ersten Betriebsjahr haben die Disponentinnen und Disponenten in unserer Integrierten Leitstelle auf der Mannheimer Hauptfeuerwache 84.000 Notrufe entgegengenommen. Das sind rund 230 Notrufe pro Tag. Hieraus resultierten ca. 36.000 Eins\u00e4tze f\u00fcr den Rettungsdienst und 3.800 f\u00fcr die Feuerwehr. Diese Zahlen best\u00e4tigen uns in unseren jahrelangen Anstrengungen und verdeutlichen, dass ein eigener Rettungsdienstbereich f\u00fcr Mannheim absolut richtig und notwendig war\u201c, bilanziert Erster B\u00fcrgermeister und Feuerwehrdezernent Christian Specht. \u201eDas erste Betriebsjahr war leider sehr stark von der Pandemie gepr\u00e4gt. Dennoch haben die Kolleginnen und Kollegen sowie die Gesch\u00e4ftsf\u00fchrung der ILS die Herausforderung sehr gut gemeistert.\u201c<br>Konkret mussten in diesem Jahr Schicht- und Dienstpl\u00e4ne angepasst und Fortbildungen abgesagt werden. Auch Informationsveranstaltungen oder beispielsweise Presserundg\u00e4nge mussten aufgrund der pandemiebedingten strikten Besucherregelung in der Hauptfeuerwache ausfallen.<\/p>\n\n\n\n<p>\u201eDie Bedeutung der Leitstelle f\u00fcr die Stadt ist sehr gro\u00df\u201c, so Specht weiter. \u201eWir haben auf Mannheimer Gemarkung zahlreiche St\u00f6rfall- und Produktionsbetriebe, eine komplexe Verkehrsinfrastruktur und einen hochverdichteten Siedlungsraum. Dadurch weist unsere Stadt bundesweit eines der h\u00f6chsten Gefahrenpotentiale auf. Bereits seit Jahren investieren wir in die kontinuierliche Weiterentwicklung unserer Feuerwehr. Die Integrierte Leitstelle ist ein zentraler Baustein davon. Sie schafft uns eine deutlich engere Verkn\u00fcpfung zum Rettungsdienst, was unseren B\u00fcrgerinnen und B\u00fcrgern im Notfall zugutekommt.\u201c<br>\nDas Rettungsdienstgesetz Baden-W\u00fcrttemberg schreibt vor, dass jeder Rettungsdienstbereich eine Integrierte Leitstelle vorweisen muss. Leitstellen werden in Kooperation mit dem Deutschen Roten Kreuz (DRK) betrieben.<\/p>\n\n\n\n<p><em>Stadt Mannheim<br>03.04.2021<\/em><\/p>\n\n\n\n<h2 class=\"wp-block-heading\">Kulturamt bietet kostenloses Streaming-Studio f\u00fcr Kulturschaffende<\/h2>\n\n\n\n<h3 class=\"wp-block-heading\">K\u00fcnstler*innen aus Mannheim k\u00f6nnen sich bis zum 15. April f\u00fcr die erste F\u00f6rderrunde von \u201eART UP live\u201c bewerben<\/h3>\n\n\n\n<p>Seit Beginn der Corona-Pandemie hat die Live-\u00dcbertragung, das so genannte \u201eStreaming\u201c, von Kulturveranstaltungen im Internet massiv an Bedeutung gewonnen. Mit dem Programm \u201eART UP live\u201c stellt das Kulturamt der Stadt Mannheim ab sofort die komplette Infrastruktur f\u00fcr derartige Vorhaben zur Verf\u00fcgung: Eine B\u00fchne samt Beleuchtung, umfangreiche Ton- und Videotechnik, Internetverbindung und Hosting-Service \u2013 bedient von erfahrenem technischen Personal. Als \u201emobile\u201c Variante l\u00e4sst sich die Infrastruktur bei Bedarf auch an anderen Orten nutzen, beispielsweise in den eigenen R\u00e4umlichkeiten.<\/p>\n\n\n\n<p>Das Kulturamt ruft dazu auf, sich f\u00fcr die Nutzung dieser Infrastruktur zu bewerben. <strong>Bis zum 15. April 2021<\/strong> werden Projektideen gesammelt und ausgewertet. Weitere Runden sollen folgen.<\/p>\n\n\n\n<p>Kulturb\u00fcrgermeister Michael Gr\u00f6tsch betont den Mehrwert der \u00dcbertragungspraxis: \u201eStreaming ist kein Ersatz von Live-Acts. Es bietet Mannheimer K\u00fcnstlerinnen und K\u00fcnstlern aber die M\u00f6glichkeit, ein \u00fcberregionales Publikum f\u00fcr sich zu gewinnen. Wir unterst\u00fctzen daher dies sehr gerne, um die vielf\u00e4ltigen Mannheimer Kulturevents in der bereits lang andauernden pandemischen Zeit einem breiten Publikum zu erm\u00f6glichen.\u201c<\/p>\n\n\n\n<p>Das Programm richtet sich an professionelle Kulturschaffende, f\u00fcr die die eingeschr\u00e4nkten Auftritts- und Veranstaltungsm\u00f6glichkeiten eine existentielle Herausforderung darstellen. Sabine Schirra, Leiterin des Kulturamtes, macht diesbez\u00fcglich auf einen weiteren Aspekt aufmerksam: \u201eRegelm\u00e4\u00dfige Auftritte sind wichtige Meilensteine der k\u00fcnstlerischen Weiterentwicklung. Ein solcher Moment der Wahrheit l\u00e4sst sich fernab der B\u00fchne nur schwer erzeugen.\u201c<\/p>\n\n\n\n<p>Die Infrastruktur ist f\u00fcr die \u00dcbertragung von Konzerten von Bands und kleineren musikalischen Ensembles optimiert, kann aber auch von anderen Kunstsparten genutzt werden. Informationen zu Bewerbungsverfahren und Ansprechpartnern gibt es unter <a href=\"https:\/\/www.mannheim.de\/art-up-live\">https:\/\/www.mannheim.de\/art-up-live<\/a>.<\/p>\n\n\n\n<p><em>Stadt Mannheim<br>03.04.2021<\/em><\/p>\n\n\n\n<h2 class=\"wp-block-heading\">Mannheimer Karnevalsvereine sollen mit insgesamt 65.000 Euro Zuschuss gef\u00f6rdert werden<\/h2>\n\n\n\n<figure class=\"wp-block-image\"><img decoding=\"async\" loading=\"lazy\" width=\"800\" height=\"534\" src=\"https:\/\/speyer24news.com\/wp-content\/uploads\/2021\/04\/Fastnacht_Couleur-auf-Pixabay.jpg\" alt=\"\" class=\"wp-image-34955\" srcset=\"https:\/\/speyer24news.com\/wp-content\/uploads\/2021\/04\/Fastnacht_Couleur-auf-Pixabay.jpg 800w, https:\/\/speyer24news.com\/wp-content\/uploads\/2021\/04\/Fastnacht_Couleur-auf-Pixabay-300x200.jpg 300w, https:\/\/speyer24news.com\/wp-content\/uploads\/2021\/04\/Fastnacht_Couleur-auf-Pixabay-768x513.jpg 768w\" sizes=\"(max-width: 800px) 100vw, 800px\" \/><\/figure>\n\n\n\n<p>Der Gro\u00dfteil der bestehenden F\u00f6rderung von 80.000 Euro f\u00fcr den \u201eMannheimer Fasnachtsumzug\u201c 2021, der pandemiebedingt nicht stattfinden konnte, soll in einen einmaligen Zuschuss f\u00fcr coronabedingte Einnahmeausf\u00e4lle im Jahr 2020 f\u00fcr Mannheimer Vereine und Vereinsabteilungen, die der Karnevalskommission Mannheim (KKM) angeh\u00f6ren, umgewandelt werden. Antragsberechtigt w\u00e4ren zudem auch Mannheimer Vereine, die Garden, Spielmannsz\u00fcge oder vergleichbare Gruppen unterhalten, die in der \u00d6ffentlichkeit auftreten. Dies wurde in der gestrigen Sitzung des Kulturausschusses beraten und einstimmig dem Gemeinderat zum Beschluss empfohlen. Nach einer weiteren Beratung im Hauptausschuss am 15. April soll die Entscheidung am 22. April 2021 im Gemeinderat getroffen werden. Erst nach dieser Beschlussfassung k\u00f6nnen Antr\u00e4ge bei dem Kulturamt gestellt werden.<\/p>\n\n\n\n<p>Aufgrund der Corona-Pandemie konnten im vergangenen Jahr nur zeitweise \u00f6ffentliche Veranstaltungen unter entsprechenden Auflagen stattfinden. Ersatzlos gestrichen wurden M\u00e4rkte, Vereinsfeste und das Stadtfest. Die Fasnachtskampagne 2020\/2021 musste komplett abgesagt werden. Der von Event &amp; Promotion Mannheim veranstaltete Fasnachtsmarkt fand nicht statt. Von coronabedingten Ausf\u00e4llen und Absagen sind insbesondere die Fasnachtsvereine betroffen, die sich durch Ums\u00e4tze bei den Stadtteilfesten oder bei Saalveranstaltungen die wirtschaftliche Basis f\u00fcr ihre Vereinsaktivit\u00e4ten legen und zumeist die Kampagne r\u00fcckwirkend finanzieren. Von den bisher aufgelegten F\u00f6rderprogrammen konnten die Karnevalsvereine nicht profitieren.<\/p>\n\n\n\n<p>\u201eDas Brauchtum und die dazugeh\u00f6rigen Kulturveranstaltungen sind ein wesentlicher und unverzichtbarer Bestandteil des \u00f6ffentlichen Lebens. Neben den Theatern und Museen geh\u00f6ren auch die Heimat-und Brauchtumsvereine, wie die Karnevalsvereine, dazu. Diese m\u00f6chten wir unterst\u00fctzen, damit sie auch zuk\u00fcnftig das kulturelle Leben in Mannheim bereichern\u201c, erkl\u00e4rt Kulturb\u00fcrgermeister Michael Gr\u00f6tsch.<\/p>\n\n\n\n<p>Da der Fasnachtsumzug 2021 turnusgem\u00e4\u00df in Mannheim stattfinden sollte, stehen die daf\u00fcr in den Haushalt eingestellten Mittel von 80.000 Euro zur Disposition. Die KKM muss aus diesen Mitteln auch ihre Fixkosten bestreiten und wird daher den reduzierten Zuschuss von 15.000 Euro erhalten, der auch in den Jahren entrichtet wird, in denen der Fasnachtsumzug in Ludwigshafen stattfindet.<\/p>\n\n\n\n<p>Der Kulturausschuss hat in seiner Sitzung am 8. Dezember 2020 dem Antrag A412\/2020 der CDU-Gemeinderatsfraktion entsprochen und die Verwaltung damit beauftragt, Zuschussrichtlinien zu erarbeiten. So sollen die restlichen 65.000 Euro dazu verwendet werden, die Existenz der Mannheimer Vereine und Vereinsabteilungen, die der KKM angeh\u00f6ren, sowie Mannheimer Vereine, die Garden, Spielmannsz\u00fcge oder vergleichbare Gruppen unterhalten, die in der \u00d6ffentlichkeit auftreten, durch einen einmaligen Zuschuss zu sichern. Mit dem Zuschuss soll beispielsweise die Miete f\u00fcr die Vereinsh\u00e4user und weitere Nebenkosten wie Versicherungen gesichert sowie die Kosten von Garden, Musikgruppen und Spielmannsz\u00fcgen gedeckt werden. Die Bezuschussung bemisst sich an den tats\u00e4chlich geleisteten und nachzuweisenden Ausgaben des Jahres 2020 und kann maximal 50 Prozent der anrechenbaren Kosten betragen. Das Verfahren wird durch die \u201eZuschussrichtlinie f\u00fcr coronabedingte Einnahmeausf\u00e4lle im Jahr 2020 an Mannheimer Vereine und Vereinsabteilungen, die der Karnevalskommission Mannheim (KKM) angeh\u00f6ren\u201c, geregelt. Die Antragsteller haben \u00fcber die ihnen entstandenen Kosten einen Nachweis zu f\u00fchren und zu best\u00e4tigen, dass sie die coronabedingten Hilfsprogramme von Bund, Land und Stadt nicht in Anspruch genommen haben.<\/p>\n\n\n\n<p>Info: Genauere Informationen zu der Zuschussrichtlinie erteilt das Kulturamt. Alle Informationen und das Antragsformular zum Herunterladen werden nach der Beschlussfassung durch den Gemeinderat, voraussichtlich Ende April, auf der Internetseite der Stadt Mannheim abrufbar sein.<\/p>\n\n\n\n<p><em>Stadt Mannheim<br>03.04.2021<\/em><\/p>\n\n\n\n<h2 class=\"wp-block-heading\">Albert Schweitzer Turnier soll zu Ostern 2022 Comeback feiern<\/h2>\n\n\n\n<div class=\"wp-block-image\"><figure class=\"aligncenter\"><img decoding=\"async\" loading=\"lazy\" width=\"800\" height=\"610\" src=\"https:\/\/speyer24news.com\/wp-content\/uploads\/2021\/04\/Symbolbild-Basketball-Pixabay.jpg\" alt=\"\" class=\"wp-image-34954\" srcset=\"https:\/\/speyer24news.com\/wp-content\/uploads\/2021\/04\/Symbolbild-Basketball-Pixabay.jpg 800w, https:\/\/speyer24news.com\/wp-content\/uploads\/2021\/04\/Symbolbild-Basketball-Pixabay-300x229.jpg 300w, https:\/\/speyer24news.com\/wp-content\/uploads\/2021\/04\/Symbolbild-Basketball-Pixabay-768x586.jpg 768w, https:\/\/speyer24news.com\/wp-content\/uploads\/2021\/04\/Symbolbild-Basketball-Pixabay-80x60.jpg 80w\" sizes=\"(max-width: 800px) 100vw, 800px\" \/><\/figure><\/div>\n\n\n\n<p>Das 30. Albert Schweitzer Turnier (AST) f\u00fcr die m\u00e4nnlichen U18-Nationalmannschaften aus der ganzen Welt soll im kommenden Jahr in den Basketball-Terminplan zur\u00fcckkehren und dann vom 16. bis 23. April 2022 in Mannheim und Viernheim stattfinden. Aufgrund der Corona Pandemie musste das Traditionsturnier 2020 und 2021 bereits zweimal verschoben werden. Ab 2022 ist geplant, das im Zwei-Jahres-Rhythmus ausgetragene Turnier dann jeweils wieder in den geraden Jahren durchzuf\u00fchren.<\/p>\n\n\n\n<p>\u201eEs wird langsam mal wieder Zeit, dass wir mit unseren Freunden aus aller Welt zum Albert Schweitzer Turnier in Mannheim und Viernheim zusammenkommen k\u00f6nnen. Die Vorfreude auf das AST ist nach der notwendigen Verschiebung sowohl in der Region als auch in ganz Basketball-Deutschland riesengro\u00df. Ich freue mich schon jetzt sehr auf die tolle Atmosph\u00e4re in der GBG Halle in Mannheim und in der Waldsporthalle in Viernheim\u201c, sagt Ingo Weiss, Pr\u00e4sident des Deutschen Basketball Bundes (DBB).<\/p>\n\n\n\n<p>\u201eDie Stadt Mannheim unterst\u00fctzt das AST finanziell, stellt drei Sporthallen zur Verf\u00fcgung und hilft bei der Durchf\u00fchrung mit eigenem Personal aus. Wir richten unseren Blick nun in die Zukunft und sind 2022 bereit, den internationalen Basketball-Nachwuchs 2022 in der Metropolregion Rhein-Neckar begr\u00fc\u00dfen zu d\u00fcrfen\u201c, zeigt sich Sportb\u00fcrgermeister Ralf Eisenhauer zuversichtlich.<\/p>\n\n\n\n<p>Die teilnehmenden Nationen, der Spielplan und alle weiteren wichtigen Informationen zum Turnier werden zu einem sp\u00e4teren Zeitpunkt bekannt gegeben.<\/p>\n\n\n\n<p><em>Stadt Mannheim<br>03.04.2021<\/em><\/p>\n\n\n\n<h2 class=\"wp-block-heading\">Neugestaltung Taunusplatz Mannheim Waldhof: Beginn des zweiten und dritten Bauabschnitts ab 6. April 2021<\/h2>\n\n\n\n<div class=\"wp-block-image\"><figure class=\"aligncenter\"><img decoding=\"async\" loading=\"lazy\" width=\"800\" height=\"474\" src=\"https:\/\/speyer24news.com\/wp-content\/uploads\/2021\/04\/Taunusplatz.jpg\" alt=\"\" class=\"wp-image-34951\" srcset=\"https:\/\/speyer24news.com\/wp-content\/uploads\/2021\/04\/Taunusplatz.jpg 800w, https:\/\/speyer24news.com\/wp-content\/uploads\/2021\/04\/Taunusplatz-300x178.jpg 300w, https:\/\/speyer24news.com\/wp-content\/uploads\/2021\/04\/Taunusplatz-768x455.jpg 768w\" sizes=\"(max-width: 800px) 100vw, 800px\" \/><\/figure><\/div>\n\n\n\n<p>Ab dem 6. April 2021 starten die Neugestaltungsarbeiten des zweiten und dritten Bauabschnitts am Taunusplatz. Nach Abschluss voraussichtlich im Fr\u00fchsommer 2022, soll der Taunusplatz den B\u00fcrger*innen als Naherholungsfl\u00e4che dienen und dadurch zur \u201eNeue Mitte Waldhof\u201c werden.<\/p>\n\n\n\n<p>Durch eine Neuanordnung der \u00f6ffentlichen Fl\u00e4che und die Erg\u00e4nzung von gro\u00dfz\u00fcgigen Sitzb\u00e4nken aus Holz soll die Aufenthaltsqualit\u00e4t k\u00fcnftig verbessert werden. Ein einheitliches Pflaster, B\u00e4ume sowie Stauden und Gr\u00e4ser sorgen f\u00fcr ein harmonisches Gesamtbild. Erg\u00e4nzt durch neue Leuchtmasten und Fahrradb\u00fcgel l\u00e4dt der Taunusplatz k\u00fcnftig Jung und Alt zum Verweilen ein.<\/p>\n\n\n\n<p>Nicht nur die Platzfl\u00e4che wird w\u00e4hrend der circa einj\u00e4hrigen Bauarbeiten neugestaltet, auch die Verl\u00e4ngerung des Speckwegs bis zur Unterf\u00fchrung bekommt einen neuen Fahrbahnbelag.<\/p>\n\n\n\n<p>Die fu\u00dfl\u00e4ufige Erreichbarkeit der \u00f6ffentlichen Einrichtungen im Umgebungsbereich des Taunusplatzes ist w\u00e4hrend der Bauphasen jederzeit gew\u00e4hrleistet. Die wichtige Verkehrsverbindung zwischen Speckweg und Unterf\u00fchrung Waldhof ist f\u00fcr Fu\u00df- und Radverkehr auch w\u00e4hrend der Baustelle nutzbar.<\/p>\n\n\n\n<p><em>Text: Stadt Mannheim Visualisierung: Bresch, Henne, M\u00fchlinhaus f\u00fcr doe Stadt Mannheim<br>03.04.2021<\/em><\/p>\n\n\n\n<h2 class=\"wp-block-heading\">Neues Tor zum Gr\u00fcnzug Nordost: Preisgericht k\u00fcrt Siegerentwurf im Planungswettbewerb zum Sportpark<\/h2>\n\n\n\n<div class=\"wp-block-image\"><figure class=\"aligncenter\"><img decoding=\"async\" loading=\"lazy\" width=\"800\" height=\"361\" src=\"https:\/\/speyer24news.com\/wp-content\/uploads\/2021\/04\/Visualisierung-Sportpark-Pfeiffersw\u00f6rth-und-Neckarplatt.jpg\" alt=\"\" class=\"wp-image-34947\" srcset=\"https:\/\/speyer24news.com\/wp-content\/uploads\/2021\/04\/Visualisierung-Sportpark-Pfeiffersw\u00f6rth-und-Neckarplatt.jpg 800w, https:\/\/speyer24news.com\/wp-content\/uploads\/2021\/04\/Visualisierung-Sportpark-Pfeiffersw\u00f6rth-und-Neckarplatt-300x135.jpg 300w, https:\/\/speyer24news.com\/wp-content\/uploads\/2021\/04\/Visualisierung-Sportpark-Pfeiffersw\u00f6rth-und-Neckarplatt-768x347.jpg 768w\" sizes=\"(max-width: 800px) 100vw, 800px\" \/><figcaption>Der Entwurf des B\u00fcros BHM Planungsgesellschaft mbH aus Bruchsal f\u00fcr den Sportpark wurde vom Preisgericht zum Sieger gek\u00fcrt.<br><em>Visualisierung: BHM Planungsgesellschaft mbH<\/em><\/figcaption><\/figure><\/div>\n\n\n\n<p>Als die Lunge Mannheims soll sich der f\u00fcr die Bundesgartenschau 2023 geplante Gr\u00fcnzug Nordost auf mehr als 200 Hektar wie ein ununterbrochenes gr\u00fcnes Band vom Luisenpark durch die Feudenheimer Au bis zum Vogelstangsee ziehen. Teil des Gr\u00fcnzugs ist der Sportpark Pfeiffersw\u00f6rth und Neckarplatt, der die Freir\u00e4ume zwischen Neckar und Gr\u00fcnzug Nordost vernetzt und schon jetzt durch sein vielf\u00e4ltiges Angebot an ans\u00e4ssigen Vereinen, Hobby-Sportler, sportbegeisterte Zuschauer und Profis gleicherma\u00dfen beheimatet. Mit dem R\u00fcckbau der Tankstelle an der Feudenheimer Stra\u00dfe Ende 2019 wurde der erste Grundstein f\u00fcr eine Weiterentwicklung des Areals als Eingang in den Gr\u00fcnzug Nordost und den Sportpark gelegt. Wie die rund 1,66 Hektar gro\u00dfe Fl\u00e4che bis zum Beginn der Buga 2023 entwickelt werden soll, hat die im Fachbereich Geoinformation und Stadtplanung ans\u00e4ssige Projektgruppe Konversion in einem nichtoffenen freiraumplanerischen Realisierungswettbewerb ausgelobt. Insgesamt sechs Landschaftsarchitekturb\u00fcros nahmen an dem Wettbewerb teil, das Preisgericht mit neun stimmberechtigten Preisrichterinnen und Preisrichtern unter Leitung des Preisgerichtsvorsitzenden Axel Lohrer \u00fcberzeugte der Entwurf des B\u00fcros BHM Planungsgesellschaft mbH aus Bruchsal.<\/p>\n\n\n\n<p>\u201eDie Neuentwicklung des Sportparks hat das Ziel, die bestehenden Strukturen zu optimieren: Sport und Aufenthaltsqualit\u00e4t in Fu\u00dfn\u00e4he zum Neckar spielen dabei ebenso eine gro\u00dfe Rolle wie die Marken- und Adressbildung des Sportparks selbst und die Freiraumvernetzung hin zum Gr\u00fcnzug Nordost. Auch eine markante Beschilderung soll zu einem repr\u00e4sentativen und attraktiven Eingang am Neckarplatt beitragen\u201c, bewertet Baub\u00fcrgermeister Ralf Eisenhauer, der als Sachpreisrichter der Jury angeh\u00f6rte. Er erg\u00e4nzt: \u201eDer Sportpark ist indirekt Teil der Bundesgartenschau. Er wird f\u00fcr die Besucherinnen und Besucher von der Seilbahn aus einsehbar sein. Au\u00dferdem wird der k\u00fcnftige Radschnellweg 15 von Mannheim nach Darmstadt \u00fcber die Stra\u00dfe \u201aAm Neckarplatt\u2018 f\u00fchren.\u201c<\/p>\n\n\n\n<figure class=\"wp-block-image\"><img decoding=\"async\" loading=\"lazy\" width=\"800\" height=\"482\" src=\"https:\/\/speyer24news.com\/wp-content\/uploads\/2021\/04\/Axonometrie-Sportpark-Pfeiffersw\u00f6rth-und-Neckarplatt.jpg\" alt=\"\" class=\"wp-image-34948\" srcset=\"https:\/\/speyer24news.com\/wp-content\/uploads\/2021\/04\/Axonometrie-Sportpark-Pfeiffersw\u00f6rth-und-Neckarplatt.jpg 800w, https:\/\/speyer24news.com\/wp-content\/uploads\/2021\/04\/Axonometrie-Sportpark-Pfeiffersw\u00f6rth-und-Neckarplatt-300x181.jpg 300w, https:\/\/speyer24news.com\/wp-content\/uploads\/2021\/04\/Axonometrie-Sportpark-Pfeiffersw\u00f6rth-und-Neckarplatt-768x463.jpg 768w\" sizes=\"(max-width: 800px) 100vw, 800px\" \/><figcaption>Der Siegerentwurf f\u00fcr den Sportpark besticht unter anderem durch gro\u00dfz\u00fcgige sich kreuzende Zuwegungen im Westen und Osten.<br><em>Visualisierung: BHM Planungsgesellschaft mbH<\/em><\/figcaption><\/figure>\n\n\n\n<p>Der Siegerentwurf sieht an der Feudenheimer Stra\u00dfe eine Anh\u00f6he in N\u00e4he der Riedbahn vor und schafft gleichzeitig einen Aussichtspunkt \u00fcber den Sportpark in die Feudenheimer Au hinein. Die beidseitigen gro\u00dfz\u00fcgigen sich kreuzenden Zuwegungen im Westen und Osten werden vom Preisgericht als richtige Antwort f\u00fcr die Aneignung des gesamten Gel\u00e4ndes verstanden. Die eingestreuten niederschwelligen sportlichen Angebote sind gut im Baumbestand eingef\u00fcgt, so dass in den hei\u00dfen Sommermonaten zum Sport auch ausreichend Schatten gespendet wird.<br>Im Vergleich mit den anderen Arbeiten \u00fcberzeugt das klare, schl\u00fcssige Konzept mit der Schaffung unterschiedlicher Gr\u00fcnstrukturen, die sehr gute Aufenthaltsqualit\u00e4ten versprechen. Das zugrunde liegende, gute und einfache strukturierte Wegenetz sticht durch die klare Formensprache sowie den niedrigen Anteil befestigter Fl\u00e4chen heraus. In den kommenden Monaten wird der Entwurf weiter ausgearbeitet und die geplanten sportlichen Angebote konkretisiert. Dann wird sich beispielsweise zeigen, ob die in der Visualisierung dargestellte Kletterwand realisierbar ist.<\/p>\n\n\n\n<figure class=\"wp-block-image\"><img decoding=\"async\" loading=\"lazy\" width=\"800\" height=\"600\" src=\"https:\/\/speyer24news.com\/wp-content\/uploads\/2021\/04\/Eingang-Sportpark-Pfeiffersw\u00f6rth-und-Neckarplatt-aktuell.jpg\" alt=\"\" class=\"wp-image-34949\" srcset=\"https:\/\/speyer24news.com\/wp-content\/uploads\/2021\/04\/Eingang-Sportpark-Pfeiffersw\u00f6rth-und-Neckarplatt-aktuell.jpg 800w, https:\/\/speyer24news.com\/wp-content\/uploads\/2021\/04\/Eingang-Sportpark-Pfeiffersw\u00f6rth-und-Neckarplatt-aktuell-300x225.jpg 300w, https:\/\/speyer24news.com\/wp-content\/uploads\/2021\/04\/Eingang-Sportpark-Pfeiffersw\u00f6rth-und-Neckarplatt-aktuell-768x576.jpg 768w, https:\/\/speyer24news.com\/wp-content\/uploads\/2021\/04\/Eingang-Sportpark-Pfeiffersw\u00f6rth-und-Neckarplatt-aktuell-678x509.jpg 678w, https:\/\/speyer24news.com\/wp-content\/uploads\/2021\/04\/Eingang-Sportpark-Pfeiffersw\u00f6rth-und-Neckarplatt-aktuell-326x245.jpg 326w, https:\/\/speyer24news.com\/wp-content\/uploads\/2021\/04\/Eingang-Sportpark-Pfeiffersw\u00f6rth-und-Neckarplatt-aktuell-80x60.jpg 80w\" sizes=\"(max-width: 800px) 100vw, 800px\" \/><figcaption>Die Fl\u00e4che an der Feudenheimer Stra\u00dfe als Eingang zum Sportpark und zum Gr\u00fcnzug Nordost soll bis zur Bundesgartenschau 2023 entwickelt werden.<br><em>Foto: Stadt Mannheim<\/em><\/figcaption><\/figure>\n\n\n\n<p>Dieses Teilprojekt, das mit der Bundesgartenschau 2023 verkn\u00fcpft ist, ist eines von vielen, die Mannheims Stadtbild positiv ver\u00e4ndern werden. Die Koordinierung, Steuerung und im Sinne eines Controllings lenkende Funktion der Schnittstellen der jeweiligen Fachkompetenzen, der beteiligten Tochtergesellschaften sowie der Fachverwaltungen der Stadt Mannheim wird ab sofort der Konversionsbeauftrage, Klaus-J\u00fcrgen Ammer und die ihm unterstellte Projektgruppe Konversion wahrnehmen.<\/p>\n\n\n\n<p>Die Wettbewerbsbeitr\u00e4ge sind auf der st\u00e4dtischen Homepage unter <a href=\"http:\/\/www.mannheim.de\/de\/stadt-gestalten\/konversion\/projekte\/gruenzug-nordost\">www.mannheim.de\/de\/stadt-gestalten\/konversion\/projekte\/gruenzug-nordost<\/a> einsehbar. Im Bereich Downloads sind diese unter dem Punkt \u201eGutachten\u201c zu finden.<\/p>\n\n\n\n<p><em>Stadt Mannheim<br>03.04.2021<\/em><\/p>\n\n\n\n<h2 class=\"wp-block-heading\">Musikbibliothek digital: Vocal-Workshop mit Lola Demur<\/h2>\n\n\n\n<h3 class=\"wp-block-heading\">Popgesang \u2013 Alles was man wissen muss<\/h3>\n\n\n\n<p>Lola Demur, Leiterin des Popchors der St\u00e4dtischen Musikschule Mannheim, Pianistin, Gesangs- und Klavierp\u00e4dagogin, zeigt in dem digitalen Workshop in der Musikbibliothek der Stadtbibliothek Mannheim mit Stimm-Check-Ups, Grundlagen der Stimmakrobatik und Einzelcoaching, wie unsere Stimme am wirkungsvollsten in der Popmusik eingesetzt werden kann.<\/p>\n\n\n\n<p><strong>Am Samstag, 10. April, 10 bis 12 Uhr,<\/strong><\/p>\n\n\n\n<p>werden Sing-Stile und Ausdrucksm\u00f6glichkeiten, Stimm-Check-Ups und Einzelcoaching, Sounds und Klangqualit\u00e4t in dem virtuellen Angebot behandelt.<\/p>\n\n\n\n<p>Die Veranstaltung der Musikbibliothek Mannheim findet online statt, die Teilnahmegeb\u00fchr betr\u00e4gt 20 Euro.<\/p>\n\n\n\n<p>Anmeldung und Informationen per E-Mail unter <a href=\"stadtbibliothek.musikbibliothek@mannheim.de\">stadtbibliothek.musikbibliothek@mannheim.de<\/a> oder telefonisch 0621\/ 293 8900. Nach der Anmeldung erhalten die Teilnehmenden weitere Informationen zum Ablauf.<\/p>\n\n\n\n<p><em>Stadt Mannheim<br>03.04.2021<\/em><\/p>\n\n\n\n<h2 class=\"wp-block-heading\">GIRLS GO MOVIE \u2013 Auftakt zum 17. Kurzfilmfestival und Filmcoaching-Programm 2021<\/h2>\n\n\n\n<figure class=\"wp-block-image\"><img decoding=\"async\" loading=\"lazy\" width=\"600\" height=\"223\" src=\"https:\/\/speyer24news.com\/wp-content\/uploads\/2021\/04\/GirlsGoMovie.png\" alt=\"\" class=\"wp-image-34941\" srcset=\"https:\/\/speyer24news.com\/wp-content\/uploads\/2021\/04\/GirlsGoMovie.png 600w, https:\/\/speyer24news.com\/wp-content\/uploads\/2021\/04\/GirlsGoMovie-300x112.png 300w\" sizes=\"(max-width: 600px) 100vw, 600px\" \/><\/figure>\n\n\n\n<p>Nach einem au\u00dfergew\u00f6hnlichen Projektjahr 2020, in dem das Kurzfilmfestival GIRLS GO MOVIE seine Flexibilit\u00e4t mit einer schnellen Umstellung der Angebote auf digitale Formate unter Beweis stellte, blicken die Verantwortlichen nun zuversichtlich auf das neue Festivaljahr. Auch diesmal setzt GIRLS GO MOVIE seinen Schwerpunkt auf Nachwuchsf\u00f6rderung und Berufsorientierung durch diverse filmische Angebote und Filmcoachings und freut sich, so bald wie m\u00f6glich mit Nachwuchsfilmerinnen wieder in realen Kontakt treten zu k\u00f6nnen. Teilnahmeberechtigt sind M\u00e4dchen und Frauen zwischen zw\u00f6lf und 27 Jahren aus Baden-W\u00fcrttemberg, Rheinland-Pfalz und Hessen, die Lust haben, ihre Ideen und Geschichten filmisch umzusetzen und zum Festival einzureichen. Gezeigt werden die Beitr\u00e4ge voraussichtlich Mitte November.<\/p>\n\n\n\n<h4 class=\"wp-block-heading\">Filmcoachings 2021 starten am 1. April.<\/h4>\n\n\n\n<p>Bei der Erstellung eines Kurzfilms k\u00f6nnen sich die M\u00e4dchen und Frauen professionell unterst\u00fctzen lassen: Vom 1. April bis zum 31. Juli k\u00f6nnen sich Interessierte f\u00fcr die umfangreichen Filmcoaching-Angebote anmelden und kostenfrei filmische Beratung oder Begleitung der gesamten Filmproduktion bis zum 14. September in Anspruch nehmen. F\u00fcr Interessierte mit Vorkenntnissen gibt es das Mentoringprogramm mit Studentinnen und Absolventinnen der Filmakademie Baden-W\u00fcrttemberg und der Filmhochschule M\u00fcnchen. Es gibt viele M\u00f6glichkeiten, sich filmisch auszudr\u00fccken! Was z\u00e4hlt, ist eine gute Geschichte, das Drehbuch, der richtige Einsatz der Kamera, aber auch Techniken wie Stopp-Motion oder experimentelle Ans\u00e4tze k\u00f6nnen zum Einsatz kommen.<\/p>\n\n\n\n<p>Die GIRLS GO MOVIE-Fachfrauen gestalten die kostenlosen Coachings individuell, zeitlich flexibel und gehen auf die Bed\u00fcrfnisse der Teilnehmerinnen ein. Auch Gruppenanmeldungen von Schulen und Jugendeinrichtungen sind m\u00f6glich. Nach Anmeldung \u00fcber die Webseite findet zun\u00e4chst eine telefonische Beratung statt.<\/p>\n\n\n\n<p>Neue Formate, wie das Sonderprojekt \u201eDokumentarisches Portr\u00e4tieren\u201c in Kooperation mit SAP f\u00fcr Teilnehmerinnen von 18 bis 27 Jahren sowie die Online-Veranstaltungsreihe \u201eGGM trifft Rhein-Neckar\u201c in Kooperation mit dem Verband Region Rhein-Neckar, erweitern das Projekt.<\/p>\n\n\n\n<p>Das zweit\u00e4gige Kurzfilmfestival mit den gesonderten Wettbewerben f\u00fcr die zw\u00f6lf- bis 17- und die 18- bis 27-J\u00e4hrigen findet voraussichtlich Mitte November im CinemaxX Mannheim statt.<\/p>\n\n\n\n<p>Die Festivalfilme d\u00fcrfen nicht l\u00e4nger als zehn Minuten sein und m\u00fcssen <strong>bis sp\u00e4testens 14. September <\/strong>eingereicht werden. Das Thema ist frei. Ausf\u00fchrliche Informationen und Onlineanmeldung unter: www.girlsgomovie.de. Weitere Informationen erteilt Alexandra Staszewski (PR), E-Mail: <a href=\"staszewski@girlsgomovie.de\">staszewski@girlsgomovie.de<\/a>, sowie das GIRLS GO MOVIE-B\u00fcro, Neckarpromenade 46, 68167 Mannheim, E-Mail: <a href=\"info@girlsgomovie.de\">info@girlsgomovie.de<\/a>.<\/p>\n\n\n\n<p>GIRLS GO MOVIE ist bekannt f\u00fcr seine unmittelbare Nachhaltigkeit, die den Teilnehmerinnen eine praxisorientierte Linie im Dschungel der Medienkultur und deren vielseitige Branche anbietet. Erfahrene Teilnehmerinnen werden wiederum in das Supportprogramm eingebunden, um erlernte filmische und k\u00fcnstlerische F\u00e4higkeiten an J\u00fcngere oder Anf\u00e4ngerinnen weiterzugeben. Durch diesen rotierenden Ablauf wird \u00e4u\u00dferst kreatives Potenzial zutage gef\u00f6rdert und sichtbar gemacht. Als in dieser Form deutschlandweit einzigartiges Projekt zum Medienkompetenzerwerb bietet GIRLS GO MOVIE M\u00e4dchen und Frauen Gelegenheit und professionelle Unterst\u00fctzung, ihre Visionen und Ansichten filmisch umzusetzen und sie in die Welt zu tragen.<\/p>\n\n\n\n<h4 class=\"wp-block-heading\">Hintergrund:<\/h4>\n\n\n\n<p>GIRLS GO MOVIE wird vom Stadtjugendring Mannheim e.V. \u2013 Jugendkulturzentrum forum und der Stadt Mannheim, Fachbereich Jugendamt und Gesundheitsamt, Abteilung Jugendf\u00f6rderung, veranstaltet. Hauptf\u00f6rdernde sind die Landesanstalt f\u00fcr Kommunikation Baden-W\u00fcrttemberg (LFK) als Beitrag zur Initiative Kindermedienland, die SAP, die Filmf\u00f6rderung Baden-W\u00fcrttemberg (MfG), die Stiftung MedienKompetenz Forum S\u00fcdwest (MKFS) sowie das Kulturamt der Stadt Mannheim. Gef\u00f6rdert wird das Projekt von der Stiftung ErlebnisKunst, dem Verband Region Rhein-Neckar, dem Zonta-Club Mannheim e.V. sowie der GBG Mannheimer Wohnungsbaugesellschaft mbH. Schirmherrinnen sind Daniela Knapp und Daniela K\u00f6tz.<\/p>\n\n\n\n<p><em>Stadt Mannheim<br>03.04.2021<\/em><\/p>\n\n\n\n<h2 class=\"wp-block-heading\">Neue Schulstatistik 2020\/21 liegt jetzt vor<\/h2>\n\n\n\n<h3 class=\"wp-block-heading\">Umfassende Informationen \u00fcber die Bildungslandschaft vor Ort und Grundlage f\u00fcr kommunale Schulentwicklung<\/h3>\n\n\n\n<div class=\"wp-block-image\"><figure class=\"aligncenter\"><img decoding=\"async\" loading=\"lazy\" width=\"800\" height=\"537\" src=\"https:\/\/speyer24news.com\/wp-content\/uploads\/2021\/04\/notebook-336634_1920.jpg\" alt=\"\" class=\"wp-image-34938\" srcset=\"https:\/\/speyer24news.com\/wp-content\/uploads\/2021\/04\/notebook-336634_1920.jpg 800w, https:\/\/speyer24news.com\/wp-content\/uploads\/2021\/04\/notebook-336634_1920-300x201.jpg 300w, https:\/\/speyer24news.com\/wp-content\/uploads\/2021\/04\/notebook-336634_1920-768x516.jpg 768w\" sizes=\"(max-width: 800px) 100vw, 800px\" \/><\/figure><\/div>\n\n\n\n<p>Die j\u00e4hrlich erscheinende Schulstatistik zeichnet durch die mehrj\u00e4hrige Betrachtung ein detailliertes Bild der kommunalen Schulentwicklung und bietet als Werkzeug des Bildungsmonitorings der Stadt detailreiche Informationen \u00fcber die Bildungslandschaft vor Ort. Nun liegt die neue Schulstatistik 2020\/21 vor, die jetzt der \u00d6ffentlichkeit vorgestellt wurde: <a href=\"http:\/\/www.mannheim.de\/schulstatistik\">www.mannheim.de\/schulstatistik<\/a><\/p>\n\n\n\n<p>\u201eUnser Anspruch ist es, eine zukunftsf\u00e4hige und nachhaltige Schullandschaft in Mannheim zu gestalten, um allen Kindern die gleichen Chancen auf eine erfolgreiche Bildungsbiographie zu erm\u00f6glichen\u201c, betont Bildungsb\u00fcrgermeister Dirk Grunert.<\/p>\n\n\n\n<p>Das Schuljahr 2019\/20 wurde im zweiten Halbjahr durch die Covid-19-Pandemie ausgebremst. Da jedoch die Grundschulempfehlung bereits ausgesprochen, die Grundschulanmeldungen bereits abgeschlossen und die Anmeldung f\u00fcr die weiterf\u00fchrenden Schulen bereits in den Endz\u00fcgen waren, hatte die Pandemie zumindest darauf noch keinen nennenswerten Einfluss. Die Einf\u00fchrung neuer Unterrichtsformen, Homeschooling und Distanzunterricht sorgten jedoch in einer bisher nie dagewesenen Form und mit dem gr\u00f6\u00dften Engagement aller am Schulleben Beteiligten f\u00fcr einen immensen Wandel des Schulalltags f\u00fcr Sch\u00fcler*innen, Lehrkr\u00e4fte, Eltern und Schulen. Auch die Digitalisierung hat durch die aufgestockten F\u00f6rderprogramme von Bund und Land wie etwa den Digitalpakt Schule und das Sofortausstattungsprogramm f\u00fcr digitale Endger\u00e4te verst\u00e4rkt im schulischen Bereich einen deutlichen Schub erfahren.<\/p>\n\n\n\n<p>Neben diesen Neuerungen ist die kommunale Schulentwicklungsplanung aber von vielf\u00e4ltigen Entwicklungen gepr\u00e4gt: Thematische Schwerpunkte des Berichts sind die Aspekte Demographie und Sch\u00fclerzahlenentwicklung. Die Mannheimer Bev\u00f6lkerungsprognose geht von einem Wachstum von 7,4 Prozent bis zum Jahr 2038 aus, ein Trend, der zun\u00e4chst an den Grundschulen und schlie\u00dflich zeitverz\u00f6gert an den weiterf\u00fchrenden Schulen ankommen wird. Um gen\u00fcgend Schulraum f\u00fcr die steigenden Sch\u00fclerzahlen an den Grundschulen sicherzustellen, laufen die Planungen f\u00fcr die Grundschulen im Mannheimer S\u00fcden, der Oststadt, der Neckarstadt und auf den Konversionsfl\u00e4chen. Beispielsweise ist es das Ziel, die Schiller- und die Wilhelm-Wundt-Grundschule am Standort Schiller zusammenzulegen, wo eine f\u00fcnfz\u00fcgige Ganztagsgrundschule entsteht, um der Realschule Wilhelm-Wundt mehr Raum zu bieten. Die Pestalozzischule wird zur vierz\u00fcgigen Ganztagsgrundschule ausgebaut und kann damit benachbarte Grundschulen entlasten. In der Neckarstadt-West ist der Neubau einer vierz\u00fcgigen Grundschule geplant, ebenfalls mit dem Ziel, zus\u00e4tzlichen Schulraum zu schaffen und auf den Mannheimer Konversionsfl\u00e4chen entstehen zwei neue Ganztagsgrundschulen. Das Interims-Schulgeb\u00e4ude Franklin ist bereits seit zwei Jahren in Betrieb und in der vergangenen Woche wurde der erste \u201eBaggerbiss\u201c f\u00fcr den Bau der neuen Franklin-Grundschule gesetzt.<\/p>\n\n\n\n<p>Um auch im weiterf\u00fchrenden Schulbereich gen\u00fcgend Schulraum f\u00fcr die steigenden Sch\u00fclerzahlen sicherzustellen, m\u00fcssten zwei bis drei zus\u00e4tzliche Z\u00fcge f\u00fcr die Sekundarstufe &#8211; beispielsweise durch den Bau einer eigenst\u00e4ndigen dreiz\u00fcgigen Gemeinschaftsschule mit Oberstufe &#8211; eingerichtet werden. Somit k\u00f6nnte der Bedarf f\u00fcr die Sekundarstufen 1 und 2 langfristig gedeckt werden, denn auch im Gymnasialbereich k\u00f6nnte es Engp\u00e4sse geben.<\/p>\n\n\n\n<p>Neben diesen langfristig angelegten Schulentwicklungsma\u00dfnahmen wirkt sich der Ausbau von Ganztagsgrundschulen, die zunehmende Umsetzung von Inklusion oder die Berufsschulentwicklung auf die Mannheimer Schullandschaft aus. \u201eDer stetig steigende Bedarf an ganzt\u00e4gigen Betreuungsangeboten, Anforderungen wie gemeinschaftliches und inklusives Lernen und individuelle F\u00f6rderung wie auch die weitere Transformation von Bildungsinstitutionen zu interkulturellen Begegnungsorten f\u00fcr die Stadtgesellschaft werden den inhaltlichen Charakter s\u00e4mtlicher Schularten und die Anforderungen an deren r\u00e4umliche Struktur gestalten\u201c, so Grunert.<\/p>\n\n\n\n<h4 class=\"wp-block-heading\">Entwicklung Sch\u00fclerzahlen<\/h4>\n\n\n\n<p>Die Sch\u00fclerzahlen an den allgemeinbildenden \u00f6ffentlichen Schulen in Mannheim sind im Vergleich zum Vorjahr 2019\/2020 leicht zur\u00fcckgegangen. \u201eDer Fachbereich Bildung und auch das Statistische Landesamt Baden-W\u00fcrttemberg gehen jedoch von langfristig signifikant steigenden Sch\u00fclerzahlen aus, was sich im Grundschulbereich bereits abzeichnet\u201c, erl\u00e4utert der Leiter des Fachbereichs Bildung, Lutz Jahre. In Mannheim sorgen die Neubaugebiete mit Zuz\u00fcgen von Familien zus\u00e4tzlich f\u00fcr steigende Sch\u00fclerzahlen.<\/p>\n\n\n\n<p>Die Sch\u00fclerzahlen entwickeln sich allerdings je nach Schulart unterschiedlich: Die Grundschulen verzeichnen wiederholt steigende Sch\u00fclerzahlen (plus 7,7 Prozent seit 2013\/14 bis 2020\/21), nachdem auch sie in der Vergangenheit sukzessive gesunken sind. An den weiterf\u00fchrenden Schulen sind die Sch\u00fclerzahlen insgesamt im Vergleich zum Vorjahr insgesamt leicht zur\u00fcckgegangen, was zu einem gewissen Teil auf die zur\u00fcckgehenden Zuwanderungszahlen zur\u00fcckgef\u00fchrt werden kann. Kontinuierlich sinkend sind die Sch\u00fclerzahlen der Werkrealschulen, die seit 2006\/07 einen R\u00fcckgang von 62,8 Prozent verzeichnen. Im Vergleich zum vergangenen Schuljahr weisen die \u00f6ffentlichen Realschulen (-45), die IGMH (-64) und die Sonderp\u00e4dagogischen Bildungs- und Beratungszentren (SBBZ) sinkende Sch\u00fclerzahlen (-16) auf. An den \u00f6ffentlichen Gymnasien (+32) und Gemeinschaftsschulen (+13) nehmen die Sch\u00fclerzahlen hingegen gegen\u00fcber dem vergangenen Schuljahr weiterhin zu. Die Sch\u00fclerzahlen an \u00f6ffentlichen und privaten beruflichen Schulen sind in den letzten zehn Jahren seit 2009\/2010 bis 2019\/2020 um tausend Sch\u00fcler auf 15.600 Jugendliche kontinuierlich gesunken.<\/p>\n\n\n\n<p>Zum Ende des Schuljahres 2019\/20 hat die Pestalozzi-Werkrealschule ihren Betrieb eingestellt. \u201eF\u00fcr die Stadt als Schultr\u00e4gerin bedeuten die ver\u00e4nderten Sch\u00fclerstr\u00f6me, dass effiziente Raumnutzungskonzepte der Schulgeb\u00e4udeplanung notwendig werden. Dies ist gerade vor dem stetig steigenden Bedarf an Ganztagsbetreuungspl\u00e4tzen von gro\u00dfer Bedeutung\u201c, hob Jahre hervor.<\/p>\n\n\n\n<p>Neu in der Schulstatistik ist der \u201eSozialindex\u201c, nach dem Aussagen zur sozialen Problemlage der Sch\u00fclerschaft einer Schule m\u00f6glich sind. Er wird durch den Wohnort der Sch\u00fcler*innen berechnet. Grundlage ist die neue Sozialraumtypologie als Konstrukt zur Messung sozialer Ungleichheit in den st\u00e4dtischen Teilr\u00e4umen.<\/p>\n\n\n\n<p><em>Stadt Mannheim<br>03.04.2021<\/em><\/p>\n\n\n\n<h2 class=\"wp-block-heading\">Musikbibliothek digital: \u201eDie Trommel der Tiere\u201c<\/h2>\n\n\n\n<h3 class=\"wp-block-heading\">M\u00e4rchen aus Westafrika erz\u00e4hlt und musikalisch untermalt von Al Zanabili<\/h3>\n\n\n\n<p>In der Tradition der afrikanischen Barden erz\u00e4hlt Alexander \u201eAl\u201c Zanabili \u201eDie Trommel der Tiere\u201c. Bei einer virtuellen Veranstaltung der Musikbibliothek der Stadtbibliothek Mannheim erklingt das M\u00e4rchen vom listigen Hasen, der aus purer Freude die anderen Tiere \u00fcbers Ohr haut, um die Trommel zu schlagen. Mit Trommeln, Rasseln, den H\u00fclsenfr\u00fcchten des Flammenbaums und allerlei weiterer kleiner Perkussion l\u00e4sst Zanabili am <strong>Freitag, 9. April, 17.30 Uhr,<\/strong> die spannende Geschichte lebendig werden.<\/p>\n\n\n\n<p>Im Anschluss an das M\u00e4rchen stellt der Erz\u00e4hler die verwendeten Instrumente vor und beantwortet Fragen.<\/p>\n\n\n\n<p>Der Text stammt aus Karim Traor\u00e9: \u201eDie Verlobte des Marabut: M\u00e4rchen und Mythen aus Westafrika\u201c.<\/p>\n\n\n\n<p>Die Veranstaltung der Musikbibliothek Mannheim findet online statt. Die Teilnahme ist kostenlos, eine Anmeldung erforderlich per E-Mail unter <a href=\"stadtbibliothek.musikbibliothek@mannheim.de\">stadtbibliothek.musikbibliothek@mannheim.de<\/a>.<\/p>\n\n\n\n<p>Weitere Informationen zu Veranstaltung und Ablauf gibt es per E-Mail oder telefonisch unter 0621\/ 293 8900.<\/p>\n\n\n\n<p><em>Stadt Mannheim<br>03.04.2021<\/em><\/p>\n\n\n\n<h2 class=\"wp-block-heading\">Fortschritt erm\u00f6glichen: Bereits 100 private Lastenr\u00e4der gef\u00f6rdert<\/h2>\n\n\n\n<div class=\"wp-block-image\"><figure class=\"aligncenter\"><img decoding=\"async\" loading=\"lazy\" width=\"800\" height=\"579\" src=\"https:\/\/speyer24news.com\/wp-content\/uploads\/2021\/04\/210326-100.-Lastenradf\u00f6rderung.jpg\" alt=\"\" class=\"wp-image-34935\" srcset=\"https:\/\/speyer24news.com\/wp-content\/uploads\/2021\/04\/210326-100.-Lastenradf\u00f6rderung.jpg 800w, https:\/\/speyer24news.com\/wp-content\/uploads\/2021\/04\/210326-100.-Lastenradf\u00f6rderung-300x217.jpg 300w, https:\/\/speyer24news.com\/wp-content\/uploads\/2021\/04\/210326-100.-Lastenradf\u00f6rderung-768x556.jpg 768w\" sizes=\"(max-width: 800px) 100vw, 800px\" \/><figcaption>Freuen sich gemeinsam \u00fcber Lastenr\u00e4der als alternative Mobilit\u00e4tsform (v.l.): Dennis M\u00fcnkle mit Baby Ella, B\u00fcrgermeister Ralf Eisenhauer, Julia M\u00fcnkle mit S\u00f6hnchen Leopold und Sophie Egle.<br><em>Foto: Stadt Mannheim<\/em><\/figcaption><\/figure><\/div>\n\n\n\n<p>Schwere Getr\u00e4nkek\u00e4sten, Anschaffungen aus dem Baumarkt oder Personenbef\u00f6rderung: Ein Lastenrad kann bei all solchen Diensten das Auto ersetzen. Emissionsfrei und klimaneutral dient es als neue Form der Mobilit\u00e4t und ist im Stadtgebiet besonders praktisch, da es kaum Platz braucht, durchl\u00e4ssige Sackgassen keine Hindernisse darstellen und in Gegenrichtung ge\u00f6ffnete Einbahnstra\u00dfen wie mit dem gew\u00f6hnlichen Rad auch befahren werden k\u00f6nnen. Um diese zukunftsweisende Fortbewegungsm\u00f6glichkeit voranzutreiben, f\u00f6rdert die Stadt seit Sommer 2020 den Kauf von Lastenr\u00e4dern f\u00fcr Privatpersonen und K\u00f6rperschaften, die steuerbeg\u00fcnstigte Zwecke verfolgen. Nun wurde der 100. Bescheid ausgestellt.<\/p>\n\n\n\n<p>\u201eAls leidenschaftlicher Radfahrer freut es mich besonders, dass die F\u00f6rderung der Stadt so gut angenommen wird. 2020 wurden insgesamt 75 Lastenr\u00e4der bezuschusst, die Mittel in H\u00f6he von 100.000 Euro waren bereits nach drei Monaten ausgesch\u00f6pft. F\u00fcr dieses Jahr stehen 150.000 Euro im F\u00f6rdertopf zur Verf\u00fcgung \u2013 es k\u00f6nnen also noch einige Mannheimerinnen und Mannheimer von dem Angebot profitieren\u201c, beschreibt Ralf Eisenhauer, B\u00fcrgermeister f\u00fcr Planen, Bauen, Verkehr und Sport. Er erg\u00e4nzt: \u201eDer vermehrte Umstieg vom Auto zum Lastenrad ist ein weiterer Schritt hin zu einer lebenswerten und klimafreundlichen Stadt.\u201c<\/p>\n\n\n\n<p>Den 100. F\u00f6rderbescheid \u00fcbergab der B\u00fcrgermeister pers\u00f6nlich \u2013 und coronakonform \u2013 an Familie M\u00fcnkle aus der Schwetzingerstadt. \u201eF\u00fcr uns macht es in der Stadt einfach keinen Sinn, kurze Wege mit dem Auto zur\u00fcckzulegen. Um trotzdem alles wie gewohnt transportieren zu k\u00f6nnen \u2013 inklusive des j\u00fcngsten Nachwuchses, ist f\u00fcr uns die Lastenrad-L\u00f6sung optimal. Das schont nicht nur die Umwelt, sondern vor allem unsere Nerven, da wir Eink\u00e4ufe und zwei Kinder transportieren k\u00f6nnen und uns trotzdem \u00fcber die Parkplatzsuche keine Gedanken machen m\u00fcssen\u201c, sagt Antragsteller Dennis M\u00fcnkle.<\/p>\n\n\n\n<p>Zudem freut sich Eisenhauer \u00fcber einen Erfahrungsbericht aus erster Hand von Sophie Egle aus der Neckarstadt, die 2020 als erste einen Zuschuss f\u00fcr ihr Lastenrad erhalten hat: \u201eDank meines von der Stadt gef\u00f6rderten Lastenrades \u2013 ein Larry vs. Harry STePS E6100 eBullitt \u2013 kann ich nun schnell und einfach alle meine Wege erledigen. Egal ob Gro\u00dfeinkauf, Kindertransport oder Radtour \u2013 das Lastenrad bew\u00e4hrt sich t\u00e4glich. Trotz Ladung f\u00e4hrt es sich durch den elektronischen Antrieb m\u00fchelos. Ich kann es jedem empfehlen, ein Lastenrad mal auszuprobieren.\u201c<\/p>\n\n\n\n<p>Das Programm der Stadt sieht vor, dass 25 Prozent des Kaufpreises gef\u00f6rdert werden, maximal 1.000 Euro bei E-Lastenr\u00e4dern und 500 Euro bei normalen Lastenr\u00e4dern. Die F\u00f6rderung ist auf klassische Lastenr\u00e4der mit Ladefl\u00e4che oder Kiste sowie auch auf sogenannte Longtail-Lastenr\u00e4der mit entsprechendem Cargobike-Zubeh\u00f6r ausgerichtet. Antragsberechtigt sind alle Mannheimer Haushalte, d.h. Privatpersonen, Wohngemeinschaften und auch Vereine. Wichtig: Gef\u00f6rdert werden nur (E-)Lastenr\u00e4der, die vor Erteilung der F\u00f6rderzusage noch nicht beschafft worden sind. Der Kauf sollte also nicht vor der Bewilligung des Antrags erfolgen.<\/p>\n\n\n\n<p>Weitere Informationen auch zum F\u00f6rderantrag sind zu finden unter <a href=\"http:\/\/www.mannheim.de\/lastenrad-foerderung\">www.mannheim.de\/lastenrad-foerderung<\/a>.<\/p>\n\n\n\n<p><em>Stadt Mannheim<br>03.04.2021<\/em><\/p>\n\n\n\n<h2 class=\"wp-block-heading\">Mehr Platz f\u00fcrs Fahrrad: Neue Satzung verpflichtet Bauherren k\u00fcnftig zur Schaffung von Fahrradstellpl\u00e4tzen<\/h2>\n\n\n\n<figure class=\"wp-block-image\"><img decoding=\"async\" loading=\"lazy\" width=\"800\" height=\"450\" src=\"https:\/\/speyer24news.com\/wp-content\/uploads\/2021\/04\/silhouette-683751_1920.jpg\" alt=\"\" class=\"wp-image-34934\" srcset=\"https:\/\/speyer24news.com\/wp-content\/uploads\/2021\/04\/silhouette-683751_1920.jpg 800w, https:\/\/speyer24news.com\/wp-content\/uploads\/2021\/04\/silhouette-683751_1920-300x169.jpg 300w, https:\/\/speyer24news.com\/wp-content\/uploads\/2021\/04\/silhouette-683751_1920-768x432.jpg 768w, https:\/\/speyer24news.com\/wp-content\/uploads\/2021\/04\/silhouette-683751_1920-678x381.jpg 678w\" sizes=\"(max-width: 800px) 100vw, 800px\" \/><\/figure>\n\n\n\n<p>Flache Wege, kurze Distanzen meist unter f\u00fcnf Kilometer \u2013 sogar auf die andere Rheinseite \u2013 und absolut klimafreundlich: Das Fahrrad bietet sich in Mannheim als Fortbewegungsmittel im Alltag und in der Freizeit an. Doch die Bereitschaft, es zu nutzen, h\u00e4ngt unter anderem ma\u00dfgeblich davon ab, wie sich das Angebot an Abstellm\u00f6glichkeiten gestaltet. Im \u00f6ffentlichen Raum hat die Stadt bereits viele Abstellanlagen geschaffen, im Laufe des aktuellen Jahres sollen an 57 Standorten mit besonderem Schwerpunkt auf die Innenstadt zu den bereits bestehenden rund 1700 rund 350 weitere Abstellpl\u00e4tze hinzukommen. Jetzt soll auch im privaten Bereich verbessert werden: K\u00fcnftig sind Bauherren dazu verpflichtet, ausreichend Fahrradstellpl\u00e4tze zur Verf\u00fcgung zu stellen. Die \u201eSatzung der Stadt Mannheim \u00fcber die Verpflichtung zur Herstellung und Bereithaltung von Fahrradstellpl\u00e4tzen\u201c, kurz Fahrradstellplatzsatzung, wurde im j\u00fcngsten Ausschuss f\u00fcr Umwelt und Technik mehrheitlich beschlossen und gilt f\u00fcr alle Neubauten in den Bereichen Wohnen, Arbeiten, Ausbildung, Einkaufen und Freizeit.<\/p>\n\n\n\n<p>\u201eSo wie es bereits g\u00e4ngige Praxis ist, f\u00fcr Fahrzeuge einen Stellplatzschl\u00fcssel zu definieren, tun wir dies nun auch f\u00fcr Fahrr\u00e4der. Sie nehmen weniger Platz ein und sind obendrein klimaneutral \u2013 umso mehr sollten wir ihnen einen gesch\u00fctzten und sicheren Raum bieten. Die Fahrradstellplatzsatzung ist ein weiterer Schritt hin zu einer nachhaltigen Stadtentwicklung und schafft einen zus\u00e4tzlichen Anreiz, statt dem Auto das Rad zu nutzen\u201c, bewertet Baub\u00fcrgermeister Ralf Eisenhauer den Beschluss. Gem\u00e4\u00df der Satzung soll der Platz pro Fahrrad je zwei Meter lang und 70 Zentimeter breit dimensioniert sein. Au\u00dferdem muss die Anlage diebstahlsicher und wettergesch\u00fctzt gebaut werden. Im Bereich von Wohnungen sieht der Schl\u00fcssel beispielsweise einen Stellplatz pro 40 Quadratmeter Gesamtwohnfl\u00e4che vor, bei gro\u00dffl\u00e4chigeren Einzelhandelsbetrieben einen Stellpatz pro 60 Quadratmeter Verkaufsfl\u00e4che.<\/p>\n\n\n\n<p>Bundesweit einzigartig ist, dass die Satzung auch Lastenr\u00e4der ber\u00fccksichtigt. So muss f\u00fcr diese ab jedem zehnten Fahrradstellplatz zus\u00e4tzlich eine Fl\u00e4che von f\u00fcnf Quadratmetern bereitgestellt werden, die Lastenr\u00e4dern, Tandems oder \u00e4hnlichen Sonderformen vorbehalten sind.<\/p>\n\n\n\n<p>Die Satzung ist ab sofort einsehbar unter <a href=\"http:\/\/www.mannheim.de\/bauleitplanung\">www.mannheim.de\/bauleitplanung<\/a>.<\/p>\n\n\n\n<p><em>Stadt Mannheim<br>03.04.2021<\/em><\/p>\n\n\n\n<h2 class=\"wp-block-heading\">Stadtbibliothek: Digitales Osterferienprogramm des N\u00b3-Bibliothekslabors<\/h2>\n\n\n\n<figure class=\"wp-block-image\"><img decoding=\"async\" loading=\"lazy\" width=\"800\" height=\"594\" src=\"https:\/\/speyer24news.com\/wp-content\/uploads\/2021\/03\/B\u00fccher.jpg\" alt=\"\" class=\"wp-image-33731\" srcset=\"https:\/\/speyer24news.com\/wp-content\/uploads\/2021\/03\/B\u00fccher.jpg 800w, https:\/\/speyer24news.com\/wp-content\/uploads\/2021\/03\/B\u00fccher-300x223.jpg 300w, https:\/\/speyer24news.com\/wp-content\/uploads\/2021\/03\/B\u00fccher-768x570.jpg 768w, https:\/\/speyer24news.com\/wp-content\/uploads\/2021\/03\/B\u00fccher-80x60.jpg 80w\" sizes=\"(max-width: 800px) 100vw, 800px\" \/><\/figure>\n\n\n\n<p>Auch wenn Pr\u00e4senzveranstaltungen derzeit nicht m\u00f6glich sind, in den Osterferien (06.04. bis 09.04.2021) bietet das N\u00b3-Bibliothekslabor der Stadtbibliothek Mannheim ein vielf\u00e4ltiges Ferienprogramm f\u00fcr Kinder und Jugendliche an. Und in zwei Angeboten gibt es noch freie Pl\u00e4tze:<\/p>\n\n\n\n<p>In der Programmier-Werkstatt mit Ozobots, am <strong>Donnerstag, 8. April<\/strong>, 9 bis 12 Uhr, f\u00fcr Kinder zwischen 7 und zehn Jahren.<br>Ozobots sind kleine halbrunde Kugeln, die man mit Hilfe von Farbcodes programmiert. Wie das geht, wird gemeinsam ge\u00fcbt und ausprobiert: Den Robotern werden Befehle gemalt, verschiedene Aufgaben werden gel\u00f6st und ein Programmier-Puzzle ausprobiert. Dazu gibt es auch noch eine \u00dcberraschung.<\/p>\n\n\n\n<p>In der Trickfilm-Werkstatt: Mitmalfilm am <em>Freitag, 9. April<\/em>, 10 bis 12 Uhr, f\u00fcr Kinder zwischen sechs und acht Jahren wird gemeinsam ein Trickfilm produziert, indem jeder Bilder ausmalt, die sich zu einer ganzen Geschichte zusammenf\u00fcgen. Mit Hilfe von einem Tablet und einer App werden die vielen einzelnen Bilder zu Szenen und diese verwandeln sich in einen lustigen Film. Die Geschichte ist eine \u00dcberraschung. Nach einer Idee von Uli Seis und Alice von Gwinner.<\/p>\n\n\n\n<p>Die Angebote sind kostenlos und finden digital \u00fcber die Plattform BigBlueButton statt, eine Anmeldung ist erforderlich.<\/p>\n\n\n\n<p>Bitte das Formular &#8222;Verbindliche Anmeldung&#8220; ausf\u00fcllen und zusammen mit f\u00fcnf Euro Pfand f\u00fcr die Materialien in der Stadtbibliothek Mannheim abgeben oder per Post schicken. Das Pfand wird nach Teilnahme zur\u00fcckerstattet.<\/p>\n\n\n\n<p><em>Stadt Mannheim \/ Stadtbibliothek<br>03.04.2021<\/em><\/p>\n\n\n\n<h1 class=\"wp-block-heading\" style=\"text-align:center\">Corona-Virus<\/h1>\n\n\n\n<figure class=\"wp-block-image\"><img decoding=\"async\" loading=\"lazy\" width=\"800\" height=\"346\" src=\"https:\/\/speyer24news.com\/wp-content\/uploads\/2020\/02\/coronavirus-4817450_1920.jpg\" alt=\"\" class=\"wp-image-25126\" srcset=\"https:\/\/speyer24news.com\/wp-content\/uploads\/2020\/02\/coronavirus-4817450_1920.jpg 800w, https:\/\/speyer24news.com\/wp-content\/uploads\/2020\/02\/coronavirus-4817450_1920-300x130.jpg 300w, https:\/\/speyer24news.com\/wp-content\/uploads\/2020\/02\/coronavirus-4817450_1920-768x332.jpg 768w\" sizes=\"(max-width: 800px) 100vw, 800px\" \/><\/figure>\n\n\n\n<h2 class=\"wp-block-heading\">\u201e10 Tage f\u00fcr Mannheim \u2013 Jetzt testen und zuhause bleiben\u201c \u2013 OB Dr. Kurz ruft zur Ruhe und Achtsamkeit \u00fcber die Osterzeit auf, um die Welle zu brechen<\/h2>\n\n\n\n<div class=\"wp-block-image\"><figure class=\"alignleft\"><img decoding=\"async\" loading=\"lazy\" width=\"282\" height=\"500\" src=\"https:\/\/speyer24news.com\/wp-content\/uploads\/2021\/04\/OB-Kurz-Mannheim.jpg\" alt=\"\" class=\"wp-image-34943\" srcset=\"https:\/\/speyer24news.com\/wp-content\/uploads\/2021\/04\/OB-Kurz-Mannheim.jpg 282w, https:\/\/speyer24news.com\/wp-content\/uploads\/2021\/04\/OB-Kurz-Mannheim-169x300.jpg 169w\" sizes=\"(max-width: 282px) 100vw, 282px\" \/><\/figure><\/div>\n\n\n\n<p>Zehn Tage Ruhe, m\u00f6glichst keine und auf jeden Fall keine riskanten Kontakte und am Anfang und am Ende dieser Zeit sich selbst testen: Oberb\u00fcrgermeister Dr. Peter Kurz ist sicher: \u201eDas kann dieses Jahr ver\u00e4ndern\u201c. Deshalb ruft er die Mannheimer*innen auf, die ruhige Osterzeit, in der Schulen und viele Kitas geschlossen sind und viele Menschen Urlaub haben, zu nutzen, um die Welle der Infektionen zu brechen.<\/p>\n\n\n\n<p>\u201eLassen Sie uns gemeinsam etwas f\u00fcr Mannheim tun, zeigen, was wir gemeinsam erreichen k\u00f6nnen. Wenn viele mitmachen, k\u00f6nnen wir den Verlauf der Pandemie \u00e4ndern\u201c, appelliert der Oberb\u00fcrgermeister in einer Videobotschaft vor Ostern.<\/p>\n\n\n\n<p>Startpunkt der Aktion soll der Gr\u00fcndonnerstag sein. Von da an sollen m\u00f6glichst viele Menschen zehn Tage lang sich wechselseitig noch besser sch\u00fctzen, zum Beispiel durch einen Selbsttest zu Hause oder \u00fcber den Arbeitgeber oder einen kostenlosen Schnelltest bei Apotheken, niedergelassenen \u00c4rzten oder Testzentren, bevor sie Verwandte oder Freunde besuchen.<\/p>\n\n\n\n<p>Auf Corona-Symptome sollte sofort durch einen PCR-Test reagiert werden, nat\u00fcrlich auch auf einen positiven Schnelltest. Generell sollten Kontakte m\u00f6glichst reduziert werden. Wenn ein Treffen sein muss, sollte zus\u00e4tzlich vorher ein ein Selbsttest \u2013 oder wenn dies nicht m\u00f6glich ist \u2013 ein Schnelltest in einem Testzentrum durchgef\u00fchrt werden. In den bislang rund 20 Testzentren in Mannheim k\u00f6nnen pro Tag 10. 000 Tests durchgef\u00fchrt werden.<\/p>\n\n\n\n<p>\u201eMachen Sie mit! Und denken Sie daran, das Virus verbreitet sich immer da, wo wir uns sicher f\u00fchlen. Kaum jemand wird von Fremden infiziert\u201c, erl\u00e4utert der OB. Ein hohes Ma\u00df an Achtsamkeit sei ausschlaggebend, da Mannheim seit f\u00fcnf Wochen wieder einen durchgehenden Anstieg der Infektionen erlebe, was vor allem auf die neue britische Variante des Corona-Virus zur\u00fcckzuf\u00fchren sei. Ein Gespr\u00e4ch von nur drei bis f\u00fcnf Minuten mit infizierten Freunden oder Bekannten, k\u00f6nne auch im Freien schon ausreichen, um infiziert zu werden. Medizinische Maske, Abstand und L\u00fcften seien jetzt wichtiger denn je.<\/p>\n\n\n\n<div class=\"wp-block-image\"><figure class=\"aligncenter\"><img decoding=\"async\" loading=\"lazy\" width=\"800\" height=\"450\" src=\"https:\/\/speyer24news.com\/wp-content\/uploads\/2021\/04\/16942_MA_Cor_Impf_upd_social_022.jpg\" alt=\"\" class=\"wp-image-34952\" srcset=\"https:\/\/speyer24news.com\/wp-content\/uploads\/2021\/04\/16942_MA_Cor_Impf_upd_social_022.jpg 800w, https:\/\/speyer24news.com\/wp-content\/uploads\/2021\/04\/16942_MA_Cor_Impf_upd_social_022-300x169.jpg 300w, https:\/\/speyer24news.com\/wp-content\/uploads\/2021\/04\/16942_MA_Cor_Impf_upd_social_022-768x432.jpg 768w, https:\/\/speyer24news.com\/wp-content\/uploads\/2021\/04\/16942_MA_Cor_Impf_upd_social_022-678x381.jpg 678w\" sizes=\"(max-width: 800px) 100vw, 800px\" \/><\/figure><\/div>\n\n\n\n<p>\u201eDie Idee zu dieser Kampagne stammt \u00fcbrigens aus der B\u00fcrgerschaft. Wir haben sie gerne aufgenommen, denn, wer mitmacht, kann aktiv etwas tun, wenn m\u00f6glichst viele mitmachen, k\u00f6nnen wir etwas ver\u00e4ndern\u201c, betont der Oberb\u00fcrgermeister.<\/p>\n\n\n\n<p>Die Videobotschaft des Oberb\u00fcrgermeisters kann unter <a href=\"https:\/\/www.mannheim.de\/de\/informationen-zu-corona\/10-tage-fuer-mannheim\">https:\/\/www.mannheim.de\/de\/informationen-zu-corona\/10-tage-fuer-mannheim<\/a> angesehen werden.<\/p>\n\n\n\n<p>Eine Karten\u00fcbersicht \u00fcber die Testzentren ist unter <a href=\"https:\/\/www.gis-mannheim.de\/mannheim\/index.php?service=testzentren_mapping\">https:\/\/www.gis-mannheim.de\/mannheim\/index.php?service=testzentren_mapping<\/a> zu finden.<\/p>\n\n\n\n<p>Eine Listendarstellung finden Sie unter: <a href=\"https:\/\/gis-mannheim.de\/mannheim\/mod_geofinder\/testzentrum.php\">https:\/\/gis-mannheim.de\/mannheim\/mod_geofinder\/testzentrum.php<\/a><\/p>\n\n\n\n<p>Informationen rund um das Coronavirus stehen unter <a href=\"http:\/\/www.mannheim.de\/de\/corona\">www.mannheim.de\/de\/corona<\/a> bereit.<\/p>\n\n\n\n<p><em>Stadt Mannheim<br>03.04.2021<\/em><\/p>\n\n\n\n<h2 class=\"wp-block-heading\">Sicherheitsdienst unterst\u00fctzt Kontrollen rund um Wasserturmanlage<\/h2>\n\n\n\n<p>Seit Freitag, 2. April, wird der st\u00e4dtische Ordnungsdienst \u2013 wie bereits im vergangenen Sommer \u2013 samstags sowie an Sonn- und Feiertagen bei der \u00dcberwachung rund um die Wasserturmanlage von einem privaten Sicherheitsdienst unterst\u00fctzt. Bis Ende September sind zwei Doppelstreifen der Sicherheitsfirma von 12 bis 20 Uhr im Einsatz, um auf die aktuellen Corona-Regelungen sowie die st\u00e4dtische Polizeiverordnung hinzuweisen. Das zus\u00e4tzlich eingesetzte Sicherheitspersonal wird als solches erkennbar sein. Au\u00dferhalb dieser Zeiten wird die Jugendstilanlage weiterhin ausschlie\u00dflich durch den st\u00e4dtischen Ordnungsdienst bestreift.<\/p>\n\n\n\n<p>\u201eDie Kontrollen zur Durchsetzung der Corona-Verordnung fordern die Mitarbeitenden unseres st\u00e4dtischen Ordnungsdienstes nach wie vor sehr. Der probeweise Einsatz einer externen Sicherheitsfirma im letzten Jahr stellte eine gro\u00dfe Entlastung dar. Daher haben wir uns dazu entschieden, in diesem Jahr erneut Unterst\u00fctzung bei der Aufsicht der Wasserturmanlage hinzuzuziehen\u201c, so Erster B\u00fcrgermeister und Sicherheitsdezernent Christian Specht.<\/p>\n\n\n\n<p>F\u00fcr die Besucherinnen und Besucher der Wasserturmanlage gelten zum einen die infektionsschutzrechtlichen Vorgaben: Wahrung der Abstandsgebote und Beachtung der Maskenpflicht am Wochenende und an Feiertagen von 10 bis 19 Uhr.<br>Zum anderen sind die allgemeinen Regeln der st\u00e4dtischen Polizeiverordnung zu befolgen. Danach sind die Benutzung von Brunnen- oder Wasserbecken sowie das Betreten von bepflanzten Fl\u00e4chen und Rasenfl\u00e4chen, die nicht zum Aufenthalt freigegeben sind, untersagt. Auch das Grillen ist rund um den Wasserturm nicht gestattet. Hunde sind stets an der Leine zu f\u00fchren und deren Hinterlassenschaften umgehend zu beseitigen. Schlie\u00dflich gilt, dass Abf\u00e4lle in den daf\u00fcr vorgesehenen M\u00fclleimern entsorgt werden m\u00fcssen.<\/p>\n\n\n\n<p>Bei festgestellten Verst\u00f6\u00dfen kl\u00e4ren die Sicherheitsleute \u00fcber die geltenden Regeln auf. Hoheitliche Befugnisse stehen ihnen dabei ausdr\u00fccklich nicht zu. Im Bedarfsfall, etwa falls sich eine Person uneinsichtig zeigen sollte und ein Bu\u00dfgeld verh\u00e4ngt werden muss, werden der st\u00e4dtische Ordnungsdienst beziehungsweise die Polizei hinzugezogen.<\/p>\n\n\n\n<p><em>Stadt Mannheim<br>03.04.2021<\/em><\/p>\n\n\n\n<h2 class=\"wp-block-heading\">\u00d6ffnungszeiten von B\u00e4ckereien \u00fcber die Ostertage<\/h2>\n\n\n\n<p>Der Fachbereich Sicherheit und Ordnung erinnert als zust\u00e4ndige Beh\u00f6rde an die am Osterwochenende geltenden \u00d6ffnungszeiten f\u00fcr Konditoreien und B\u00e4ckereien. So d\u00fcrfen diese am Gr\u00fcndonnerstag und Karsamstag ganzt\u00e4gig sowie am Karfreitag und Ostermontag f\u00fcr die Dauer von jeweils drei Stunden f\u00fcr den Verkauf von frischen Backwaren \u00f6ffnen. Am Ostersonntag m\u00fcssen die Verkaufsstellen geschlossen bleiben.<\/p>\n\n\n\n<p>Backwarenverkaufsstellen, die im Zusammenhang mit einer Gastst\u00e4tte betrieben werden, d\u00fcrfen dar\u00fcber hinaus den Au\u00dfer-Haus-Verkauf nach Gastst\u00e4ttenrecht an allen Tagen anbieten.<\/p>\n\n\n\n<p>Rechtsgrundlage f\u00fcr die Regelungen bildet das Gesetz \u00fcber die Laden\u00f6ffnung in Baden-W\u00fcrttemberg.<\/p>\n\n\n\n<p><em>Stadt Mannheim<br>03.04.2021<\/em><\/p>\n\n\n\n<h2 class=\"wp-block-heading\">395. Aktuelle Meldung zu Corona 02.04.2021<\/h2>\n\n\n\n<ol><li><strong>Aktuelle Fallzahlen<\/strong><\/li><li><strong>Impfzahlen<\/strong><\/li><li><strong>Zahl der positiven Schnelltestungen<\/strong><\/li><li><strong>\u201e10 Tage f\u00fcr Mannheim: Testen und zuhause bleiben\u201c &#8211; OB Dr. Kurz ruft zu Kontaktreduktion und Achtsamkeit \u00fcber die Osterzeit auf, um die Welle zu brechen<\/strong><\/li><li><strong>Impfstart in den Hausarztpraxen in Baden-W\u00fcrttemberg nach Ostern<\/strong><\/li><\/ol>\n\n\n\n<h4 class=\"wp-block-heading\">1. Aktuelle Fallzahlen \u2013 Zahl der nachgewiesenen Corona-F\u00e4lle erh\u00f6ht sich auf 12.696 \/Zwei weitere Todesf\u00e4lle<\/h4>\n\n\n\n<p>Dem Gesundheitsamt wurden bis heute Nachmittag, 02.04.2021, 16 Uhr, 15 weitere F\u00e4lle einer nachgewiesenen Coronavirus-Infektion gemeldet. Die Zahl der best\u00e4tigten F\u00e4lle in Mannheim erh\u00f6ht sich auf insgesamt 12.696.<\/p>\n\n\n\n<p>Das Gesundheitsamt der Stadt Mannheim best\u00e4tigt heute zwei weitere Todesf\u00e4lle im Zusammenhang mit dem Coronavirus in Mannheim. Ein \u00fcber 60 Jahre alter Mann und ein \u00fcber 50 Jahre alter Mann verstarben in Mannheimer Krankenh\u00e4usern. Insgesamt hat es in Mannheim seit Beginn der Pandemie 263 Todesf\u00e4lle im Zusammenhang mit dem Coronavirus gegeben.<\/p>\n\n\n\n<p>Im Zeitraum vom 27.03.2021 \u2013 02.04.2021 sind 271 neue F\u00e4lle von Mutationen gemeldet worden. Insgesamt ist in der \u00fcberwiegenden Mehrzahl der F\u00e4lle die Virusvariante B.1.1.7. nachgewiesen, die vorwiegend in Gro\u00dfbritannien aufgetreten ist und bei der es Hinweise darauf gibt, dass eine Infektion mit einer h\u00f6heren Viruslast einhergeht, die Variante infekti\u00f6ser ist und eine h\u00f6here Reproduktionszahl aufweist.<\/p>\n\n\n\n<p>Das Gesundheitsamt nimmt Kontakt zu den positiv mit einem PCR-Test getesteten F\u00e4llen auf, nachdem der Laborbefund im Gesundheitsamt vorliegt. Im ersten Schritt ermittelt das Gesundheitsamt die Kontaktpersonen der nachgewiesen Infizierten, insbesondere im Bereich der sogenannten vulnerablen Gruppen. Diese werden nach Entscheidung und fachlicher Einsch\u00e4tzung durch das Gesundheitsamt auf das Virus getestet.<\/p>\n\n\n\n<p>Alle beteiligten \u00c4rzte, Gesundheitsbeh\u00f6rden sowie das Kompetenzzentrum Gesundheitsschutz am Landesgesundheitsamt arbeiten dabei eng zusammen. Die Mehrheit aller in Mannheim bislang nachgewiesenen Infizierten zeigen nur milde Krankheitsanzeichen und k\u00f6nnen in h\u00e4uslicher Quarant\u00e4ne verbleiben. Bislang gelten in Mannheim 11.128 Personen als genesen, die h\u00e4usliche Quarant\u00e4ne wurde bei ihnen aufgehoben. Damit gibt es in Mannheim 1.305 akute Infektionsf\u00e4lle.<\/p>\n\n\n\n<p>Das Gesundheitsamt appelliert an die B\u00fcrgerinnen und B\u00fcrger, sich auch bei geringen Krankheitszeichen wie Schnupfen, Husten oder leichtem Fieber sofort testen zu lassen. Sollte ein Selbsttest durchgef\u00fchrt worden sein, weist das Gesundheitsamt darauf hin, dass, bei einem positiven Ergebnis, die dringende Empfehlung besteht, unverz\u00fcglich einen PCR-Test zur Best\u00e4tigung des Ergebnisses durchf\u00fchren zu lassen. Ein PCR-Test kann nach vorheriger R\u00fccksprache in einer niedergelassenen Praxis, in einer Schwerpunktpraxis, in der Fieberambulanz oder einem Testzentrum mit PCR-Testangebot erfolgen. Bis zum Erhalt des Ergebnisses besteht entsprechend der Vorgabe des Landes in der Corona Verordnung Absonderung die Vorgabe, sich in h\u00e4usliche Absonderung zu begeben und Kontakte bestm\u00f6glich zu vermeiden. Damit helfen Sie aktiv, eventuelle Infektionsketten mit einer Weiterverbreitung des Virus zu unterbrechen.<br>Ist der PCR-Test ebenfalls positiv, muss man sich unverz\u00fcglich in h\u00e4usliche Absonderung begeben. In einem solchen Fall greifen die Absonderungspflichten aus der CoronaVO Absonderung.<br>Informationen dazu unter: <a href=\"https:\/\/sozialministerium.baden-wuerttemberg.de\/de\/gesundheit-pflege\/gesundheitsschutz\/infektionsschutz-hygiene\/informationen-zu-coronavirus\/faq-selbsttest\">https:\/\/sozialministerium.baden-wuerttemberg.de\/de\/gesundheit-pflege\/gesundheitsschutz\/infektionsschutz-hygiene\/informationen-zu-coronavirus\/faq-selbsttest<\/a>\/<br>Sobald das Landesgesundheitsamt Baden-W\u00fcrttemberg die Inzidenz f\u00fcr den Stadtkreis Mannheim ver\u00f6ffentlicht, ist sie unter <a href=\"http:\/\/www.mannheim.de\/inzidenzzahl\">www.mannheim.de\/inzidenzzahl<\/a> einzusehen.<\/p>\n\n\n\n<h4 class=\"wp-block-heading\">2. Impfzahlen<\/h4>\n\n\n\n<p>In der Zeit vom 27.12.2020 bis zum 02.04.2021 (Stand heute 16:00 Uhr) wurden in Mannheim 77.199 Impfungen gegen das Coronavirus durchgef\u00fchrt.<br>Dabei handelt es sich bei 48.934 Impfungen um Erstimpfungen und bei 28.265 um Zweitimpfungen.<br>Die Zahlen beinhalten sowohl die Impfungen im Mannheimer Impfzentrum, als auch die Impfungen der mobilen Impfteams.<\/p>\n\n\n\n<h4 class=\"wp-block-heading\">3. Zahl der positiven Schnelltestungen<\/h4>\n\n\n\n<p>Im Zeitraum vom 26.03. bis zum 01.04.2021 hat das Gesundheitsamt 67 Meldungen \u00fcber positive Schnelltestungen erhalten, davon wurden 56 durch einen PCR-Test best\u00e4tigt. Alle 56 Personen waren ohne Krankheitszeichen, w\u00e4ren ohne einen Schnelltest erst sp\u00e4ter oder gar nicht entdeckt worden. Durch die Nutzung von Schnelltests k\u00f6nnen Infizierte fr\u00fchzeitig erkannt und m\u00f6gliche Infektionsketten schnell unterbunden werden. Mit 56 F\u00e4llen sind diese \u00fcber Schnelltests entdeckten F\u00e4lle gegen\u00fcber der Gesamtzahl in der Woche von 516 neuen positiven F\u00e4llen von noch untergeordneter Bedeutung. Insgesamt wurden laut Mitteilung der einzelnen Teststellen an das Gesundheitsamt in der 12. Kalenderwoche 7.001 B\u00fcrgertestungen (Schnelltest der B\u00fcrger ohne Krankheitszeichen) vorgenommen.<\/p>\n\n\n\n<p>Die Zahl der dem Gesundheitsamt gemeldeten positiven Schnelltestungen werden ab dieser Woche regelm\u00e4\u00dfig in der Coronameldung vom Freitag mitgeteilt. So kann der Einfluss der Schnelltestungen auf die Gesamtzahl der gemeldeten Infektionen und die Inzidenz nachvollzogen werden.<\/p>\n\n\n\n<h4 class=\"wp-block-heading\">4. \u201e10 Tage f\u00fcr Mannheim: Testen und zuhause bleiben\u201c &#8211; OB Dr. Kurz ruft zu Kontaktreduktion und Achtsamkeit \u00fcber die Osterzeit auf, um die Welle zu brechen<\/h4>\n\n\n\n<p>Zehn Tage Ruhe, m\u00f6glichst keine und auf jeden Fall keine riskanten Kontakte und am Anfang und am Ende dieser Zeit sich selbst testen: Oberb\u00fcrgermeister Dr. Peter Kurz ist sicher: \u201eDas kann dieses Jahr ver\u00e4ndern\u201c. Deshalb ruft er die Mannheimer*innen auf, die ruhige Osterzeit, in der Schulen und viele Kitas geschlossen sind und viele Menschen Urlaub haben, zu nutzen, um die Welle der Infektionen zu brechen. \u201eLassen Sie uns gemeinsam etwas f\u00fcr Mannheim tun, zeigen, was wir gemeinsam erreichen k\u00f6nnen. Wenn viele mitmachen, k\u00f6nnen wir den Verlauf der Pandemie \u00e4ndern\u201c, appelliert der Oberb\u00fcrgermeister in einer Videobotschaft vor Ostern.<br>Die Videobotschaft des Oberb\u00fcrgermeisters kann unter <a href=\"https:\/\/www.mannheim.de\/de\/informationen-zu-corona\/10-tage-fuer-mannheim\">https:\/\/www.mannheim.de\/de\/informationen-zu-corona\/10-tage-fuer-mannheim<\/a> angesehen werden.<\/p>\n\n\n\n<p>Eine Karten\u00fcbersicht \u00fcber die Testzentren ist unter <a href=\"https:\/\/www.gis-mannheim.de\/mannheim\/index.php?service=testzentren_mapping\">https:\/\/www.gis-mannheim.de\/mannheim\/index.php?service=testzentren_mapping<\/a> zu finden.<\/p>\n\n\n\n<p>Eine Listendarstellung finden Sie unter: <a href=\"https:\/\/gis-mannheim.de\/mannheim\/mod_geofinder\/testzentrum.php\">https:\/\/gis-mannheim.de\/mannheim\/mod_geofinder\/testzentrum.php<\/a><\/p>\n\n\n\n<p>Informationen rund um das Coronavirus stehen unter <a href=\"https:\/\/www.mannheim.de\/de\/corona\">https:\/\/www.mannheim.de\/de\/corona<\/a> bereit.<\/p>\n\n\n\n<h4 class=\"wp-block-heading\">5. Impfstart in den Hausarztpraxen in Baden-W\u00fcrttemberg nach Ostern<\/h4>\n\n\n\n<p>Nach Ostern werden die Hausarztpraxen in Baden-W\u00fcrttemberg fl\u00e4chendeckend in die Impfkampagne einsteigen. In einem gemeinsamen Pilotprojekt des Ministeriums f\u00fcr Soziales und Integration, der Kassen\u00e4rztlichen Vereinigung (KVBW) und der Kommunalen Landesverb\u00e4nde impfen niedergelassene \u00c4rztinnen und \u00c4rzte in Baden-W\u00fcrttemberg bereits seit dem 8. M\u00e4rz Menschen gegen das Corona-Virus. In nahezu allen Stadt- und Landkreisen gibt es Pilotpraxen, die ihre Patientinnen und Patienten im Alter von \u00fcber 80 Jahren aus der ersten Priorisierungsstufe \u2013 und wo diese bereits geimpft sind, auch Personen \u00fcber 70 Jahren &#8211; impfen. Seit wenigen Tagen finden in den Praxen bereits die Zweitimpfungen statt. Die R\u00fcckmeldungen der \u00c4rztinnen und \u00c4rzte zeigen: das Pilotprojekt ist sehr erfolgreich und die Impfbereitschaft der Bev\u00f6lkerung ist sehr hoch.<br>Mit Blick auf den regul\u00e4ren Start der Impfungen in den Hausarztpraxen bittet die Kassen\u00e4rztliche Vereinigung angesichts der anfangs limitierten Impfstoffmengen die Patientinnen und Patienten um Geduld. \u201eZu Beginn sind die Arztpraxen aufgefordert, schwerpunktm\u00e4\u00dfig immobile Patientinnen und Patienten in der eigenen H\u00e4uslichkeit sowie Personen mit Vorerkrankungen zu impfen\u201c, sagte KVBW-Vorstand Dr. Johannes Fechner. Vor diesem Hintergrund werden die teilnehmenden Praxen direkt auf impfberechtigte Patientinnen und Patienten zugehen, um Impftermine zu vereinbaren. Eine Kontaktaufnahme seitens der Patienten sei daher nicht notwendig.<br>Die Erfahrungen der Praxen aus dem Pilotprojekt sollen jetzt dazu genutzt werden, die \u00fcbrigen Hausarztpraxen beim Beginn der Corona-Impfungen zu unterst\u00fctzen. Die besten Erfahrungen machten die Praxen etwa mit eigens eingerichteten Impfsprechstunden, in denen die Impfungen konzentriert und damit vergleichbar wie in den Impfzentren durchgef\u00fchrt wurden. Die Corona-Impfstoffe sind in der Handhabung anspruchsvoller als andere in den Praxen regul\u00e4r verimpfte Impfstoffe, wie etwa Grippeimpfstoffe. Insofern ist eine B\u00fcndelung der Impfungen auf bestimmte Wochentage sinnvoll.<\/p>\n\n\n\n<p><strong>Erg\u00e4nzende Informationen<\/strong><\/p>\n\n\n\n<p>Von der zweiten Aprilwoche an erhalten die Bundesl\u00e4nder f\u00fcr ihre Impfzentren eine festgelegte Menge an Impfstoff. Dar\u00fcber hinaus gehender Impfstoff ist f\u00fcr die Impfungen in den Arztpraxen vorgesehen, den diese \u00fcber den pharmazeutischen Gro\u00dfhandel und die Apotheken beziehen. Die Haus\u00e4rzte bestellen ihren Bedarf selbst \u00fcber das System der Regelversorgung. Ob eine Hausarztpraxis Corona-Impfstoff bestellt, bleibt jeweils der Praxis selbst \u00fcberlassen. Nach den Erfahrungen im Pilotprojekt und den R\u00fcckmeldungen aus anderen niedergelassenen Praxen ist davon auszugehen, dass die Bereitschaft der niedergelassenen Praxen sehr hoch ist, sich an den Corona-Impfungen zu beteiligen.<br>Nach einem Beschluss der Ministerpr\u00e4sidentenkonferenz werden den Arztpraxen aufgrund der noch sehr geringen Liefermengen pro Woche etwa 20 Impfdosen pro Praxis zur Verf\u00fcgung stehen. Eine Million Impfdosen m\u00fcssen auf ca. 50.000 Hausarztpraxen in Deutschland verteilt werden. In den ersten beiden Aprilwochen werden die Hausarztpraxen Impfstoff von Biontech erhalten. Ab Mitte April wird der Impfstoff von AstraZeneca an die niedergelassenen Praxen geliefert, die Impfzentren werden dann nur noch die Dosen erhalten, die f\u00fcr die Zweitimpfungen notwendig sind.<\/p>\n\n\n\n<h2 class=\"wp-block-heading\">394. Aktuelle Meldung zu Corona 01.04.2021<\/h2>\n\n\n\n<ol><li><strong>Aktuelle Fallzahlen<\/strong><\/li><li><strong>\u201e10 Tage f\u00fcr Mannheim: Testen und zuhause bleiben\u201c &#8211; OB Dr. Kurz ruft zu Kontaktreduktion und Achtsamkeit \u00fcber die Osterzeit auf, um die Welle zu brechen<\/strong><\/li><li><strong>Auch an den Feiertagen: Impfzentrum, Infotelefon und Diagnose-St\u00fctzpunkt bleiben erreichbar<\/strong><\/li><li><strong>Impftermine f\u00fcr B\u00fcrger*innen des Jahrgangs 1941<\/strong><\/li><\/ol>\n\n\n\n<h4 class=\"wp-block-heading\">1. Aktuelle Fallzahlen \u2013 Zahl der nachgewiesenen Corona-F\u00e4lle erh\u00f6ht sich auf 12.681 \/ Zwei weitere Todesf\u00e4lle<\/h4>\n\n\n\n<p>Dem Gesundheitsamt wurden bis heute Nachmittag, 01.04.2021, 16 Uhr, 74 weitere F\u00e4lle einer nachgewiesenen Coronavirus-Infektion gemeldet. Die Zahl der best\u00e4tigten F\u00e4lle in Mannheim erh\u00f6ht sich auf insgesamt 12.681.<\/p>\n\n\n\n<p>Das Gesundheitsamt der Stadt Mannheim best\u00e4tigt heute 2 weitere Todesf\u00e4lle im Zusammenhang mit dem Coronavirus in Mannheim. Ein \u00fcber 50 Jahre alter Mann ist in einer Mannheimer Klinik verstorben. Eine \u00fcber 60 Jahre alte Frau verstarb in einem Krankenhaus au\u00dferhalb Mannheims.<\/p>\n\n\n\n<p>Insgesamt hat es in Mannheim seit Beginn der Pandemie 261 Todesf\u00e4lle im Zusammenhang mit dem Coronavirus gegeben.<\/p>\n\n\n\n<p>Das Gesundheitsamt nimmt Kontakt zu den positiv mit einem PCR-Test getesteten F\u00e4llen auf, nachdem der Laborbefund im Gesundheitsamt vorliegt. Im ersten Schritt ermittelt das Gesundheitsamt die Kontaktpersonen der nachgewiesen Infizierten, insbesondere im Bereich der sogenannten vulnerablen Gruppen. Diese werden nach Entscheidung und fachlicher Einsch\u00e4tzung durch das Gesundheitsamt auf das Virus getestet.<\/p>\n\n\n\n<p>Alle beteiligten \u00c4rzte, Gesundheitsbeh\u00f6rden sowie das Kompetenzzentrum Gesundheitsschutz am Landesgesundheitsamt arbeiten dabei eng zusammen. Die Mehrheit aller in Mannheim bislang nachgewiesenen Infizierten zeigen nur milde Krankheitsanzeichen und k\u00f6nnen in h\u00e4uslicher Quarant\u00e4ne verbleiben. Bislang gelten in Mannheim 11.094 Personen als genesen, die h\u00e4usliche Quarant\u00e4ne wurde bei ihnen aufgehoben. Damit gibt es in Mannheim 1.326 akute Infektionsf\u00e4lle.<\/p>\n\n\n\n<p>Das Gesundheitsamt appelliert an die B\u00fcrgerinnen und B\u00fcrger, sich auch bei geringen Krankheitszeichen wie Schnupfen, Husten oder leichtem Fieber sofort testen zu lassen. Sollte ein Selbsttest durchgef\u00fchrt worden sein, weist das Gesundheitsamt darauf hin, dass, bei einem positiven Ergebnis, die dringende Empfehlung besteht, unverz\u00fcglich einen PCR-Test zur Best\u00e4tigung des Ergebnisses durchf\u00fchren zu lassen. Ein PCR-Test kann nach vorheriger R\u00fccksprache in einer niedergelassenen Praxis, in einer Schwerpunktpraxis, in der Fieberambulanz oder einem Testzentrum mit PCR-Testangebot erfolgen. Bis zum Erhalt des Ergebnisses besteht entsprechend der Vorgabe des Landes in der Corona Verordnung Absonderung die Vorgabe, sich in h\u00e4usliche Absonderung zu begeben und Kontakte bestm\u00f6glich zu vermeiden. Damit helfen Sie aktiv, eventuelle Infektionsketten mit einer Weiterverbreitung des Virus zu unterbrechen.<\/p>\n\n\n\n<p>Ist der PCR-Test ebenfalls positiv, muss man sich unverz\u00fcglich in h\u00e4usliche Absonderung begeben. In einem solchen Fall greifen die Absonderungspflichten aus der CoronaVO Absonderung. Informationen dazu unter: <a href=\"https:\/\/sozialministerium.baden-wuerttemberg.de\/de\/gesundheit-pflege\/gesundheitsschutz\/infektionsschutz-hygiene\/informationen-zu-coronavirus\/faq-selbsttest\/\">https:\/\/sozialministerium.baden-wuerttemberg.de\/de\/gesundheit-pflege\/gesundheitsschutz\/infektionsschutz-hygiene\/informationen-zu-coronavirus\/faq-selbsttest\/<\/a><\/p>\n\n\n\n<p>Sobald das Landesgesundheitsamt Baden-W\u00fcrttemberg die Inzidenz f\u00fcr den Stadtkreis Mannheim ver\u00f6ffentlicht, ist sie unter www.mannheim.de\/inzidenzzahl einzusehen.<\/p>\n\n\n\n<h4 class=\"wp-block-heading\">2. \u201e10 Tage f\u00fcr Mannheim: Testen und zuhause bleiben\u201c &#8211; OB Dr. Kurz ruft zu Kontaktreduktion und Achtsamkeit \u00fcber die Osterzeit auf, um die Welle zu brechen<\/h4>\n\n\n\n<p>Zehn Tage Ruhe, m\u00f6glichst keine und auf jeden Fall keine riskanten Kontakte und am Anfang und am Ende dieser Zeit sich selbst testen: Oberb\u00fcrgermeister Dr. Peter Kurz ist sicher: \u201eDas kann dieses Jahr ver\u00e4ndern\u201c. Deshalb ruft er die Mannheimer*innen auf, die ruhige Osterzeit, in der Schulen und viele Kitas geschlossen sind und viele Menschen Urlaub haben, zu nutzen, um die Welle der Infektionen zu brechen. \u201eLassen Sie uns gemeinsam etwas f\u00fcr Mannheim tun, zeigen, was wir gemeinsam erreichen k\u00f6nnen. Wenn viele mitmachen, k\u00f6nnen wir den Verlauf der Pandemie \u00e4ndern\u201c, appelliert der Oberb\u00fcrgermeister in einer Videobotschaft vor Ostern.<\/p>\n\n\n\n<p>Die Videobotschaft des Oberb\u00fcrgermeisters kann unter <a href=\"https:\/\/www.mannheim.de\/de\/informationen-zu-corona\/10-tage-fuer-mannheim\">https:\/\/www.mannheim.de\/de\/informationen-zu-corona\/10-tage-fuer-mannheim<\/a> angesehen werden.<br>Eine Karten\u00fcbersicht \u00fcber die Testzentren ist unter <a href=\"https:\/\/www.gis-mannheim.de\/mannheim\/index.php?service=testzentren_mapping\">https:\/\/www.gis-mannheim.de\/mannheim\/index.php?service=testzentren_mapping<\/a> zu finden.<br>Eine Listendarstellung finden Sie unter: <a href=\"https:\/\/gis-mannheim.de\/mannheim\/mod_geofinder\/testzentrum.php\">https:\/\/gis-mannheim.de\/mannheim\/mod_geofinder\/testzentrum.php<\/a><br> Informationen rund um das Coronavirus stehen unter <a href=\"https:\/\/www.mannheim.de\/de\/corona\">https:\/\/www.mannheim.de\/de\/corona<\/a> bereit.<\/p>\n\n\n\n<h4 class=\"wp-block-heading\">3. Auch an den Feiertagen: Impfzentrum, Infotelefon und Diagnose-St\u00fctzpunkt bleiben erreichbar<\/h4>\n\n\n\n<p>An den Oster-Feiertagen wird das Infotelefon der Stadt Mannheim unter der Telefonnummer 0621-2932253 weiterhin erreichbar sein. Das Sprachdialogsystem bietet rund um die Uhr Ausk\u00fcnfte zur aktuellen Corona-Lage in Mannheim. Eine pers\u00f6nliche Beratung durch Mitarbeiter*innen der Stadt steht Ratsuchenden zu den folgenden Servicezeiten zur Verf\u00fcgung: Montag bis Freitag von 9 bis 17 Uhr sowie samstags und an Sonn- und Feiertagen (ebenso an Karfreitag und Ostern) von 9 bis 14 Uhr.<\/p>\n\n\n\n<p>Generell wird bei der Hotline der Stadt sowie im Gesundheitsamt beispielsweise bei der Kontaktpersonennachverfolgung und der Ermittlung der F\u00e4lle auch \u00fcber die Feiertage gearbeitet.<\/p>\n\n\n\n<p>Zudem besteht auch grunds\u00e4tzlich an den Feiertagen die M\u00f6glichkeit, sich nach Zuweisung durch das Gesundheitsamt auf eine Infektion mit dem Corona-Virus am Diagnose-St\u00fctzpunkt der Universit\u00e4tsmedizin Mannheim testen zu lassen. Der Coronavirus-Diagnose-St\u00fctzpunkt ist von Montag bis Samstag zwischen 9 und 17 Uhr sowie sonntags und an Feiertagen zwischen 9 und 14:30 Uhr ge\u00f6ffnet. Auch im Impfzentrum auf dem Maimarktgel\u00e4nde wird \u00fcber Ostern gearbeitet.<\/p>\n\n\n\n<p>\u201eIch danke allen Mitarbeitenden, die sich bereits seit mehr als einem Jahr in einem weit \u00fcber das \u00fcbliche Ma\u00df hinausgehenden Engagement f\u00fcr den Kampf gegen die Pandemie einsetzen und dies nun auch w\u00e4hrend der Feiertage tun, ganz herzlich\u201c, erkl\u00e4rt der Mannheimer Oberb\u00fcrgermeister, Dr. Peter Kurz.<\/p>\n\n\n\n<h4 class=\"wp-block-heading\">4. Impftermine f\u00fcr B\u00fcrger*innen des Jahrgangs 1941<\/h4>\n\n\n\n<p>Die Stadt Mannheim hat seit Ende vergangener Woche Schreiben an alle B\u00fcrger\/innen, des Geburtsjahrgangs 1941 mit Hauptwohnsitz in Mannheim verschickt. Alle Briefe sind nun verschickt. Die Stadtverwaltung bittet darum, den Eingang der Briefe zu beachten und die M\u00f6glichkeit der gesonderten Buchung rasch zu nutzen. Es sind auch kurzfristige Termine verf\u00fcgbar. Die Schreiben sollen denjenigen, die \u00fcber die Telefonnummer 116117 keinen Termin erhalten haben, die M\u00f6glichkeit geben, einen Impftermin zu buchen. Das Schreiben beinhaltet eine spezielle Telefonnummer und eine individualisierte Zugangsnummer, um Missbrauch zu vermeiden. \u00dcber dieses Schreiben wird also \u2013 zus\u00e4tzlich zur M\u00f6glichkeit einer Buchung \u00fcber die 116117 \u2013 eine Terminvergabe f\u00fcr diesen berechtigten Personenkreis gesichert. Zuvor wurden bereits alle \u00fcber 80-j\u00e4hrigen Mannheimer\/innen angeschrieben. Diese werden weiterhin gebeten, zu pr\u00fcfen, ob der Brief eingegangen ist und die M\u00f6glichkeit der gesonderten Buchung rasch zu nutzen, wenn sie \u00fcber die zentrale Anmeldung noch keinen Impftermin erhalten haben.<\/p>\n\n\n\n<p>Die Stadt pr\u00fcft, ob die Aktion mit dem Jahrgang 1942 fortgesetzt werden kann. Dies h\u00e4ngt von weiteren Entscheidungen des Landes ab.<\/p>\n\n\n\n<h2 class=\"wp-block-heading\">393. Aktuelle Meldung zu Corona 31.03.2021<\/h2>\n\n\n\n<ol><li><strong>Aktuelle Fallzahlen<\/strong><\/li><li><strong>Auch an den Feiertagen: Impfzentrum, Infotelefon und Diagnose-St\u00fctzpunkt bleiben erreichbar<\/strong><\/li><li><strong>Stadt Mannheim begr\u00fc\u00dft landeseinheitliche L\u00f6sung zur Luca-App<\/strong><\/li><li><strong>Albert Schweitzer Turnier soll zu Ostern 2022 Comeback feiern<\/strong><\/li><\/ol>\n\n\n\n<h4 class=\"wp-block-heading\">1. Aktuelle Fallzahlen \u2013 Zahl der nachgewiesenen Corona-F\u00e4lle erh\u00f6ht sich auf 12.607<\/h4>\n\n\n\n<p>Dem Gesundheitsamt wurden bis heute Nachmittag, 31. 03.2021, 16 Uhr, 128 weitere F\u00e4lle einer nachgewiesenen Coronavirus-Infektion gemeldet. Die Zahl der best\u00e4tigten F\u00e4lle in Mannheim erh\u00f6ht sich auf insgesamt 12.607.<\/p>\n\n\n\n<p>Das Gesundheitsamt nimmt Kontakt zu den positiv getesteten F\u00e4llen auf, nachdem der Laborbefund im Gesundheitsamt vorliegt. Im ersten Schritt ermittelt das Gesundheitsamt die Kontaktpersonen der nachgewiesen Infizierten, insbesondere im Bereich der sogenannten vulnerablen Gruppen. Diese werden nach Entscheidung und fachlicher Einsch\u00e4tzung durch das Gesundheitsamt auf das Virus getestet.<\/p>\n\n\n\n<p>Alle beteiligten \u00c4rzte, Gesundheitsbeh\u00f6rden sowie das Kompetenzzentrum Gesundheitsschutz am Landesgesundheitsamt arbeiten dabei eng zusammen. Die Mehrheit aller in Mannheim bislang nachgewiesenen Infizierten zeigen nur milde Krankheitsanzeichen und k\u00f6nnen in h\u00e4uslicher Quarant\u00e4ne verbleiben. Bislang gelten in Mannheim 11.018 Personen als genesen, die h\u00e4usliche Quarant\u00e4ne wurde bei ihnen aufgehoben. Damit gibt es in Mannheim 1.330 akute Infektionsf\u00e4lle.<\/p>\n\n\n\n<p>Das Gesundheitsamt appelliert an die B\u00fcrgerinnen und B\u00fcrger, sich auch bei geringen Krankheitszeichen wie Schnupfen, Husten oder leichtem Fieber sofort testen zu lassen.<\/p>\n\n\n\n<p>Sobald das Landesgesundheitsamt Baden-W\u00fcrttemberg die Inzidenz f\u00fcr den Stadtkreis Mannheim ver\u00f6ffentlicht, ist sie unter <a href=\"http:\/\/www.mannheim.de\/inzidenzzahl\">www.mannheim.de\/inzidenzzahl<\/a> einzusehen.<\/p>\n\n\n\n<h4 class=\"wp-block-heading\">2. Auch an den Feiertagen: Impfzentrum, Infotelefon und Diagnose-St\u00fctzpunkt bleiben erreichbar<\/h4>\n\n\n\n<p>An den Oster-Feiertagen wird das Infotelefon der Stadt Mannheim unter der Telefonnummer 0621-2932253 weiterhin erreichbar sein. Das Sprachdialogsystem bietet rund um die Uhr Ausk\u00fcnfte zur aktuellen Corona-Lage in Mannheim. Eine pers\u00f6nliche Beratung durch Mitarbeiter*innen der Stadt steht Ratsuchenden zu den folgenden Servicezeiten zur Verf\u00fcgung: Montag bis Freitag von 9 bis 17 Uhr sowie samstags und an Sonn- und Feiertagen (ebenso an Karfreitag und Ostern) von 9 bis 14 Uhr.<\/p>\n\n\n\n<p>Generell wird bei der Hotline der Stadt sowie im Gesundheitsamt beispielsweise bei der Kontaktpersonennachverfolgung und der Ermittlung der F\u00e4lle auch \u00fcber die Feiertage gearbeitet.<\/p>\n\n\n\n<p>Zudem besteht auch grunds\u00e4tzlich an den Feiertagen die M\u00f6glichkeit, sich nach Zuweisung durch das Gesundheitsamt auf eine Infektion mit dem Corona-Virus am Diagnose-St\u00fctzpunkt der Universit\u00e4tsmedizin Mannheim testen zu lassen. Der Coronavirus-Diagnose-St\u00fctzpunkt ist von Montag bis Samstag zwischen 9 und 17 Uhr sowie sonntags und an Feiertagen zwischen 9 und 14:30 Uhr ge\u00f6ffnet. Auch im Impfzentrum auf dem Maimarktgel\u00e4nde wird \u00fcber Ostern gearbeitet.<\/p>\n\n\n\n<p>\u201eIch danke allen Mitarbeitenden, die sich bereits seit mehr als einem Jahr in einem weit \u00fcber das \u00fcbliche Ma\u00df hinausgehenden Engagement f\u00fcr den Kampf gegen die Pandemie einsetzen und dies nun auch w\u00e4hrend der Feiertage tun, ganz herzlich\u201c, erkl\u00e4rt der Mannheimer Oberb\u00fcrgermeister, Dr. Peter Kurz.<\/p>\n\n\n\n<h4 class=\"wp-block-heading\">3. Stadt Mannheim begr\u00fc\u00dft landeseinheitliche L\u00f6sung zur Luca-App<\/h4>\n\n\n\n<p>Die Stadt Mannheim begr\u00fc\u00dft die Information des Landes Baden-W\u00fcrttemberg, die App Luca zur digitalen Kontaktnachverfolgung landesweit einzusetzen. Wie andere Bundesl\u00e4nder auch, hat das Land Lizenzen f\u00fcr den fl\u00e4chendeckenden Einsatz der App Luca in Baden-W\u00fcrttemberg beschafft.<\/p>\n\n\n\n<p>\u201eWir freuen uns \u00fcber diese Entscheidung, die uns in unseren Vorbereitungen von \u00d6ffnungsstrategien best\u00e4tigt\u201c, erkl\u00e4rt Oberb\u00fcrgermeister Dr. Peter Kurz. Er hat k\u00fcrzlich bereits eine bessere Nachverfolgung durch m\u00f6glichst fl\u00e4chendeckenden Einsatz der Luca- oder einer vergleichbaren App als eine von drei zentralen S\u00e4ulen der Pandemiebek\u00e4mpfung benannt. Bei einem Testkonzert am 8. M\u00e4rz 2021 im Mannheimer Rosengarten wurde die Nutzung einer solchen App bereits in der Praxis in Mannheim erprobt. Auch steht die Stadt Mannheim bereits in engem Austausch mit Mannheimer Vertreter*innen aus Handel, Wirtschaft, Gastronomie und Kultur zum Einsatz der digitalen Nachverfolgung. Die Stadt Mannheim wird kurzfristig mit verschiedenen Kooperationspartnern einen Handlungsleitfaden f\u00fcr die Nutzung der App erarbeiten.<\/p>\n\n\n\n<p>Die App soll dabei helfen, Kontakte im Fall einer Corona-Infektion einfacher nachvollziehen zu k\u00f6nnen. Wer bestimmte R\u00e4umlichkeiten betritt, kann sich dort mit einem QR-Code einfach digital anmelden. Erkrankt nun eine Person, die vor Ort war, kann das Gesundheitsamt die gesammelten Daten nutzen und die Kontaktpersonen zeitnah informieren. Die App unterst\u00fctzt so Einrichtungen bei der Pflicht zur Kontaktdatenerfassung ihrer Besucher*innen.<\/p>\n\n\n\n<h4 class=\"wp-block-heading\">4. Albert Schweitzer Turnier soll zu Ostern 2022 Comeback feiern<\/h4>\n\n\n\n<p>Das 30. Albert Schweitzer Turnier (AST) f\u00fcr die m\u00e4nnlichen U18-Nationalmannschaften aus der ganzen Welt soll im kommenden Jahr in den Basketball-Terminplan zur\u00fcckkehren und dann vom 16. bis 23. April 2022 in Mannheim und Viernheim stattfinden. Aufgrund der Corona Pandemie musste das Traditionsturnier 2020 und 2021 bereits zweimal verschoben werden. Ab 2022 ist geplant, das im Zwei-Jahres-Rhythmus ausgetragene Turnier dann jeweils wieder in den geraden Jahren durchzuf\u00fchren.<\/p>\n\n\n\n<p>Die teilnehmenden Nationen, der Spielplan und alle weiteren wichtigen Informationen zum Turnier werden zu einem sp\u00e4teren Zeitpunkt bekannt gegeben.<\/p>\n\n\n\n<h2 class=\"wp-block-heading\">392. Aktuelle Meldung zu Corona 30.03.2021<\/h2>\n\n\n\n<h3 class=\"wp-block-heading\">Stadt Mannheim passt ihre Allgemeinverf\u00fcgung zur Maskenpflicht an die neue Rechtsverordnung des Landes an<\/h3>\n\n\n\n<p>Der Erlass der neuen Corona Verordnung des Landes Baden-W\u00fcrttemberg hat Anpassungen in der Allgemeinverf\u00fcgung Maskenpflicht der Stadt Mannheim vom 20. M\u00e4rz 2021 erforderlich gemacht. Letztere wird aufgehoben. In der jetzt neuen Fassung ist vor allem geregelt, dass nunmehr das Tragen einer einfachen Mund-Nasen-Bedeckung beziehungsweise einer Alltagsmaske nicht mehr gen\u00fcgt und \u00fcberall dort, wo in Mannheim eine Maske getragen werden muss, eine medizinische Maske, die die Anforderungen der Norm DIN EN 14683:2019-10 oder eines vergleichbaren Standards erf\u00fcllt, oder eines Atemschutzes, der die Anforderungen der Standrads FFP2, KN95, N95 oder eines vergleichbaren Standards erf\u00fcllt, getragen werden muss.<\/p>\n\n\n\n<p>Die neue Allgemeinverf\u00fcgung ist <strong>bis zum 15. April 2021<\/strong> befristet und gilt ab 31. M\u00e4rz 2021. Die Allgemeinverf\u00fcgung kann nachgelesen werden unter <a href=\"https:\/\/www.mannheim.de\/de\/informationen-zu-corona\/aktuelle-rechtsvorschriften\">https:\/\/www.mannheim.de\/de\/informationen-zu-corona\/aktuelle-rechtsvorschriften<\/a><\/p>\n\n\n\n<h2 class=\"wp-block-heading\">391. Aktuelle Meldung zu Corona 29.03.2021<\/h2>\n\n\n\n<ol><li><strong>Aktuelle Fallzahlen<\/strong><\/li><li><strong>Zahl der positiven Schnelltestungen<\/strong><\/li><li><strong>Aussetzung des regul\u00e4ren Spielbetriebs am Nationaltheater Mannheim bis Ende April 2021<\/strong><\/li><li><strong>Absage Mannheimer Maimess 2021<\/strong><\/li><li><strong>Impftermine \u2013 zentrale Terminvergabe des Landes seit Freitag wieder m\u00f6glich<\/strong><\/li><li><strong>Impftermine f\u00fcr B\u00fcrger*innen des Jahrgangs 1941<\/strong><\/li><\/ol>\n\n\n\n<h4 class=\"wp-block-heading\">1. Aktuelle Fallzahlen \u2013 Zahl der nachgewiesenen Corona-F\u00e4lle erh\u00f6ht sich auf 12.384<\/h4>\n\n\n\n<p>Dem Gesundheitsamt wurden bis heute Nachmittag, 29.03.2021, 16 Uhr, 60 weitere F\u00e4lle einer nachgewiesenen Coronavirus-Infektion gemeldet. Die Zahl der best\u00e4tigten F\u00e4lle in Mannheim erh\u00f6ht sich auf insgesamt 12.384.<br>Das Gesundheitsamt nimmt Kontakt zu den positiv getesteten F\u00e4llen auf, nachdem der Laborbefund im Gesundheitsamt vorliegt. Im ersten Schritt ermittelt das Gesundheitsamt die Kontaktpersonen der nachgewiesen Infizierten, insbesondere im Bereich der sogenannten vulnerablen Gruppen. Diese werden nach Entscheidung und fachlicher Einsch\u00e4tzung durch das Gesundheitsamt auf das Virus getestet.<\/p>\n\n\n\n<p>Alle beteiligten \u00c4rzte, Gesundheitsbeh\u00f6rden sowie das Kompetenzzentrum Gesundheitsschutz am Landesgesundheitsamt arbeiten dabei eng zusammen. Die Mehrheit aller in Mannheim bislang nachgewiesenen Infizierten zeigen nur milde Krankheitsanzeichen und k\u00f6nnen in h\u00e4uslicher Quarant\u00e4ne verbleiben. Bislang gelten in Mannheim 10.904 Personen als genesen, die h\u00e4usliche Quarant\u00e4ne wurde bei ihnen aufgehoben. Damit gibt es in Mannheim 1.222 akute Infektionsf\u00e4lle.<br>Das Gesundheitsamt appelliert an die B\u00fcrgerinnen und B\u00fcrger, sich auch bei geringen Krankheitszeichen wie Schnupfen, Husten oder leichtem Fieber sofort testen zu lassen.<\/p>\n\n\n\n<p>Sobald das Landesgesundheitsamt Baden-W\u00fcrttemberg die Inzidenz f\u00fcr den Stadtkreis Mannheim ver\u00f6ffentlicht, ist sie unter <a href=\"http:\/\/www.mannheim.de\/inzidenzzahl\">www.mannheim.de\/inzidenzzahl<\/a> einzusehen.<\/p>\n\n\n\n<h4 class=\"wp-block-heading\">2. Zahl der positiven Schnelltestungen<\/h4>\n\n\n\n<p>Im Zeitraum vom 19. bis zum 25.03.2021 hat das Gesundheitsamt 60 Meldungen \u00fcber positive Schnelltestungen erhalten, davon wurden 38 durch einen PCR-Test best\u00e4tigt. Alle 38 Personen waren ohne Krankheitszeichen, w\u00e4ren ohne einen Schnelltest erst sp\u00e4ter oder gar nicht entdeckt worden. Durch die Nutzung von Schnelltests k\u00f6nnen Infizierte fr\u00fchzeitig erkannt und m\u00f6gliche Infektionsketten schnell unterbunden werden. Mit 38 F\u00e4llen sind diese \u00fcber Schnelltests entdeckten F\u00e4lle gegen\u00fcber der Gesamtzahl in der Woche von 516 neuen positiven F\u00e4llen von noch untergeordneter Bedeutung.<\/p>\n\n\n\n<p>Die Zahl der dem Gesundheitsamt gemeldeten positiven Schnelltestungen werden ab dieser Woche regelm\u00e4\u00dfig in der Coronameldung vom Freitag mitgeteilt. So kann der Einfluss der Schnelltestungen auf die Gesamtzahl der gemeldeten Infektionen und die Inzidenz nachvollzogen werden.<\/p>\n\n\n\n<h4 class=\"wp-block-heading\">3. Aussetzung des regul\u00e4ren Spielbetriebs am Nationaltheater Mannheim bis Ende April 2021<\/h4>\n\n\n\n<p>Angesichts der derzeitigen Entwicklung des Infektionsgeschehens und nach enger Abstimmung mit dem Rechtstr\u00e4ger setzt das Nationaltheater Mannheim seinen regul\u00e4ren Spielbetrieb bis Ende April 2021 weiterhin aus.<\/p>\n\n\n\n<p>Der Gesch\u00e4ftsf\u00fchrende Intendant Marc Stefan Sickel sagt: \u201eAuch wenn unser Publikum seit einem Jahr trotz hervorragender Sicherheitskonzepte nur eingeschr\u00e4nkt das Nationaltheater Mannheim besuchen konnte, bewiesen die Mitarbeiter*innen, dass es mit viel Kreativit\u00e4t und Einsatz m\u00f6glich ist, ihr Publikum auch zu Hause zu erreichen. Ob analog mit einem Brief-Drama, digitalen Streamingangeboten aller Sparten, Opernpremieren und Akademiekonzerten im Fernsehen, unterschiedlichen Gespr\u00e4chs- und Begegnungsformaten via Zoom, Podcasts, Literatur f\u00fcr Jung und Alt am Telefon oder diversen Social-Media-Aktivit\u00e4ten: Wir blieben und bleiben in intensivem Kontakt mit unserem Publikum. F\u00fcr dessen Treue bedanke ich mich an dieser Stelle ausdr\u00fccklich. Wir freuen uns jeden Tag darauf, bald wieder spielen zu k\u00f6nnen.\u201c<\/p>\n\n\n\n<p>Auch wenn der April bereits geplant war, der Theatertruck des Schauspiels darauf wartet, seine ersten Kilometer zur\u00fcckzulegen, wunderbare Opern- und Tanzabende fertig f\u00fcr die Premiere sind und sich auch die J\u00fcngsten danach sehnen, die T\u00fcren des Jungen NTM wieder zu st\u00fcrmen, haben alle Theater in den vergangenen Monaten eins gelernt: Eine Planung in Varianten ist in diesen Zeiten zwingend erforderlich. Daher gibt es im Nationaltheater Mannheim auch im April digitale Opern- und Tanzpremieren zu entdecken, Schauspielabende im Stream, ein fantasievolles Familienkonzert sowie ein Widersehen mit bereits bekannten Projekten und Formaten! Auf NTM DIGITAL ist das Nationaltheater seit dem ersten Lockdown f\u00fcr sein Publikum da!<\/p>\n\n\n\n<h4 class=\"wp-block-heading\">4. Absage Mannheimer Maimess 2021<\/h4>\n\n\n\n<p>Aufgrund des Infektionsgeschehens muss die Traditionsveranstaltung \u201eMannheimer Maimess\u201c 2021, die am 24. April 2021 begonnen h\u00e4tte, leider abgesagt werden. \u201eSelbstverst\u00e4ndlich arbeiten wir an Alternativen, \u00e4hnlich Fun&amp;Food im Jahr 2020, halten allerdings eine Realisierung auf der Basis von verantwortungsbewusstem Handeln, bei dem der Gesundheitsschutz an erster Stelle steht, vor dem Sommer 2021 f\u00fcr unrealistisch\u201c, erkl\u00e4rt Christine Igel, Gesch\u00e4ftsf\u00fchrerin Event &amp; Promotion Mannheim GmbH.<\/p>\n\n\n\n<h4 class=\"wp-block-heading\">5. Impftermine \u2013 zentrale Terminvergabe des Landes seit Freitag wieder m\u00f6glich<\/h4>\n\n\n\n<p>Die zentrale Terminvergabe ist nach Informationen des Landes seit Freitagvormittag, 26. M\u00e4rz, wieder m\u00f6glich. Eine Impfung im Impfzentrum erfolgt nur nach vorheriger Terminvereinbarung. Die Anmeldung erfolgt zentral \u00fcber das Land Baden-W\u00fcrttemberg. Es gibt folgende M\u00f6glichkeiten, einen Termin zu vereinbaren:<\/p>\n\n\n\n<p>Auf der Homepage <a href=\"http:\/\/www.impfterminservice.de\">www.impfterminservice.de<\/a>. Voraussetzung hierf\u00fcr ist eine eigene E-Mail-Adresse, beziehungsweise die M\u00f6glichkeit eine SMS zu empfangen.<\/p>\n\n\n\n<p>Per Telefon unter 116117<\/p>\n\n\n\n<p>Bitte beachten Sie, dass Impftermine nur nach der vorgegebenen Priorisierung vergeben werden d\u00fcrfen. Wurde trotz fehlender Berechtigung ein Termin gebucht, wird kein Zugang zum Impfzentrum gew\u00e4hrt. Zu den impfberechtigten Personengruppen sowie den daf\u00fcr jeweils erforderlichen Nachweisen: <a href=\"https:\/\/impfen-bw.de\/#\">https:\/\/impfen-bw.de\/#<\/a><\/p>\n\n\n\n<h4 class=\"wp-block-heading\">6. Impftermine f\u00fcr B\u00fcrger*innen des Jahrgangs 1941<\/h4>\n\n\n\n<p>Die Stadt Mannheim verschickt zudem nach und nach ein Schreiben an alle B\u00fcrger\/innen des Geburtsjahrgangs 1941 mit Hauptwohnsitz in Mannheim. Die Schreiben erreichen die B\u00fcrger\/innen voraussichtlich bis zum Ende der Woche und sollen denjenigen, die \u00fcber die Telefonnummer 116117 keinen Termin erhalten haben, die M\u00f6glichkeit geben, einen Impftermin zu vereinbaren. Es sind auch kurzfristige Termine verf\u00fcgbar.<\/p>\n\n\n\n<p>Das Schreiben beinhaltet eine spezielle Telefonnummer und eine individualisierte Zugangsnummer, um Missbrauch zu vermeiden. \u00dcber dieses Schreiben wird also \u2013 zus\u00e4tzlich zur M\u00f6glichkeit einer Buchung \u00fcber die 116117 \u2013 eine Terminvergabe f\u00fcr diesen berechtigten Personenkreis gesichert.<\/p>\n\n\n\n<p>Weiterhin ist eine schnellere Buchung \u00fcber die 116117 und <a href=\"http:\/\/www.impfterminservice.de\">www.impfterminservice.de<\/a> m\u00f6glich und empfehlenswert.<br>Zuvor wurden bereits alle \u00fcber 80-j\u00e4hrigen Mannheimer*innen angeschrieben. Diese werden weiterhin gebeten, zu pr\u00fcfen, ob der Brief eingegangen ist und die M\u00f6glichkeit der gesonderten Buchung rasch zu nutzen, wenn sie \u00fcber die zentrale Anmeldung noch keinen Impftermin erhalten haben.<\/p>\n\n\n\n<p>Ob die Stadt weitere Jahrg\u00e4nge anschreiben kann, h\u00e4ngt von weiteren Entscheidungen des Landes ab.<\/p>\n\n\n\n<p><em>Stadt Mannheim<br>03.04.2021<\/em><\/p>\n","protected":false},"excerpt":{"rendered":"<div class=\"mh-excerpt\"><p>Fotos vom (Spazieren-)Gehen im internationalen Kontext Symposium \u201eAbout Walking\u201c der Biennale f\u00fcr aktuelle Fotografie fand am 25. und 26. M\u00e4rz digital statt Rund 200 Interessierte nahmen an dem online angebotenen Symposium der Biennale f\u00fcr aktuelle <a class=\"mh-excerpt-more\" href=\"https:\/\/speyer24news.com\/?p=34931\" title=\"Mannheim\">[&#8230;]<\/a><\/p>\n<\/div>","protected":false},"author":3,"featured_media":0,"comment_status":"open","ping_status":"open","sticky":false,"template":"","format":"standard","meta":{"_monsterinsights_skip_tracking":false,"_monsterinsights_sitenote_active":false,"_monsterinsights_sitenote_note":"","_monsterinsights_sitenote_category":0,"footnotes":""},"categories":[6753],"tags":[11147,11132,11140,11137,11133,6401,9841,6754,10146,7533,6756,11145,11139,8040,8041,11142,6778,11138,11144,11143,56,10431,11146,6777,11141,8048,11135,10161,6802,11134,10428,11148],"aioseo_notices":[],"amp_enabled":true,"_links":{"self":[{"href":"https:\/\/speyer24news.com\/index.php?rest_route=\/wp\/v2\/posts\/34931"}],"collection":[{"href":"https:\/\/speyer24news.com\/index.php?rest_route=\/wp\/v2\/posts"}],"about":[{"href":"https:\/\/speyer24news.com\/index.php?rest_route=\/wp\/v2\/types\/post"}],"author":[{"embeddable":true,"href":"https:\/\/speyer24news.com\/index.php?rest_route=\/wp\/v2\/users\/3"}],"replies":[{"embeddable":true,"href":"https:\/\/speyer24news.com\/index.php?rest_route=%2Fwp%2Fv2%2Fcomments&post=34931"}],"version-history":[{"count":14,"href":"https:\/\/speyer24news.com\/index.php?rest_route=\/wp\/v2\/posts\/34931\/revisions"}],"predecessor-version":[{"id":34959,"href":"https:\/\/speyer24news.com\/index.php?rest_route=\/wp\/v2\/posts\/34931\/revisions\/34959"}],"wp:attachment":[{"href":"https:\/\/speyer24news.com\/index.php?rest_route=%2Fwp%2Fv2%2Fmedia&parent=34931"}],"wp:term":[{"taxonomy":"category","embeddable":true,"href":"https:\/\/speyer24news.com\/index.php?rest_route=%2Fwp%2Fv2%2Fcategories&post=34931"},{"taxonomy":"post_tag","embeddable":true,"href":"https:\/\/speyer24news.com\/index.php?rest_route=%2Fwp%2Fv2%2Ftags&post=34931"}],"curies":[{"name":"wp","href":"https:\/\/api.w.org\/{rel}","templated":true}]}}