{"id":35045,"date":"2021-04-07T09:10:52","date_gmt":"2021-04-07T08:10:52","guid":{"rendered":"https:\/\/speyer24news.com\/?p=35045"},"modified":"2021-04-07T09:22:48","modified_gmt":"2021-04-07T08:22:48","slug":"rhein-pfalz-kreis-79","status":"publish","type":"post","link":"https:\/\/speyer24news.com\/?p=35045","title":{"rendered":"Rhein-Pfalz-Kreis"},"content":{"rendered":"<style type=\"text\/css\">\r\n\t.ads_top_disp{}\r\n\t.ads_top_corner_disp{ float:left; margin:0px 10px 10px 0px; }\r\n\t.ads_first_p_disp{}\r\n\t.ads_bottom_disp{}\r\n\t<\/style>\n<h2 class=\"wp-block-heading\"><strong>Gefl\u00fcgelpest: Erh\u00f6hte Gefahr durch mobilen Handel<\/strong><\/h2>\n\n\n\n<figure class=\"wp-block-image\"><img decoding=\"async\" loading=\"lazy\" width=\"800\" height=\"534\" src=\"https:\/\/speyer24news.com\/wp-content\/uploads\/2021\/04\/chickens-2522623_1920.jpg\" alt=\"\" class=\"wp-image-35055\" srcset=\"https:\/\/speyer24news.com\/wp-content\/uploads\/2021\/04\/chickens-2522623_1920.jpg 800w, https:\/\/speyer24news.com\/wp-content\/uploads\/2021\/04\/chickens-2522623_1920-300x200.jpg 300w, https:\/\/speyer24news.com\/wp-content\/uploads\/2021\/04\/chickens-2522623_1920-768x513.jpg 768w\" sizes=\"(max-width: 800px) 100vw, 800px\" \/><\/figure>\n\n\n\n<p>Das Landesuntersuchungsamt (LUA) r\u00e4t Gefl\u00fcgelhaltern in Rheinland-Pfalz aktuell zur Vorsicht beim Kauf von Tieren f\u00fcr ihre Best\u00e4nde. Die Gefl\u00fcgelpest (Vogelgrippe) grassiert seit Monaten bei Wildv\u00f6geln, aber auch Best\u00e4nde mit Hausgefl\u00fcgel waren in Deutschland zuletzt immer wieder von der Tierseuche betroffen. Nun steht ein mobiler H\u00e4ndler aus Delbr\u00fcck im Kreis Paderborn im Verdacht, Tiere aus einem mittlerweile als infiziert best\u00e4tigten Bestand in mehreren Bundesl\u00e4ndern angeboten und die Erkrankung dadurch weiterverbreitet zu haben.<\/p>\n\n\n\n<p>Mobile H\u00e4ndler verkaufen ihre Tiere auf legale Weise direkt vom LKW herunter. Sie bieten sie an zuvor festgelegten Verkaufsstellen wie Markpl\u00e4tzen oder Autobahnparkpl\u00e4tzen an. Rheinland-Pfalz ist nach jetzigem Kenntnisstand nicht vom aktuellen Fall betroffen; die Dokumentation des H\u00e4ndlers ist allerdings unvollst\u00e4ndig.<\/p>\n\n\n\n<p>Tierhalter im Land, die in den vergangenen Wochen Gefl\u00fcgel von mobilen H\u00e4ndlern aus dem Kreis Paderborn gekauft haben, sollten sich deshalb vorsorglich mit dem Veterin\u00e4ramt ihrer Kreisverwaltung in Verbindung setzen. Das gilt insbesondere, wenn ihre Tiere Krankheitssymptome wie Atemnot, Apathie, Fl\u00fcssigkeitsansammlungen an der Kopfregion, Durchfall oder einen Abfall der Eiproduktion zeigen oder es sogar zu vermehrten Todesf\u00e4llen kommt.<\/p>\n\n\n\n<p>Bei einem Ausbruch der Gefl\u00fcgelpest in einem Bestand mit H\u00fchnern oder Puten k\u00f6nnen innerhalb weniger Tage alle Tiere erkranken und sterben. Enten und G\u00e4nse erkranken oft weniger schwer, bei milden Verl\u00e4ufen kann die Krankheit \u00fcbersehen werden. Wird die Seuche allerdings nachgewiesen, m\u00fcssen alle Tiere get\u00f6tet werden, um die weitere Ausbreitung zu verhindern.<\/p>\n\n\n\n<h4 class=\"wp-block-heading\"><strong>Vogelzug im Gange: Auf Biosicherheit im Betrieb achten<\/strong><\/h4>\n\n\n\n<p>Die Gefl\u00fcgelhalter im Land sollten zudem weiter konsequent auf die einschl\u00e4gigen Biosicherheitsma\u00dfnahmen in ihren Betrieben achten, da der saisonale Vogelzug weiter im Gange ist. Zugv\u00f6gel fliegen im Fr\u00fchjahr aus w\u00e4rmeren Regionen zur\u00fcck nach Norden und machen unterwegs Rast. Auch sie k\u00f6nnten den Erreger der Gefl\u00fcgelpest in sich tragen und bei Kontakt auf Hausgefl\u00fcgel \u00fcbertragen. Mit diesen Ma\u00dfnahmen kann der Eintrag in einen Bestand verhindert werden:<\/p>\n\n\n\n<ul><li>Gefl\u00fcgel darf nur an Stellen gef\u00fcttert werden, die f\u00fcr Wildv\u00f6gel unerreichbar sind. Ebenso ist gesetzlich vorgeschrieben, dass Futter, Einstreu und Dinge mit denen Gefl\u00fcgel in Ber\u00fchrung kommt, gesch\u00fctzt gelagert werden m\u00fcssen.<\/li><li>Oberfl\u00e4chenwasser, das f\u00fcr Wildv\u00f6gel zug\u00e4nglich ist und mit Kot verschmutzt sein kann, darf nicht zum Tr\u00e4nken benutzt werden.<\/li><li>Gr\u00fcnfutter von Wiesen, auf denen Wasserv\u00f6gel grasen oder rasten ist ungeeignet. Ebenso ung\u00fcnstig ist das Verf\u00fcttern von Speiseresten und Eierschalen.<\/li><li>Um M\u00e4use und Ratten fernzuhalten muss der Futtervorrat unter Verschluss gehalten werden. Schadnager m\u00fcssen bek\u00e4mpft werden, denn sie \u00fcbertragen zahlreiche Krankheitserreger.<\/li><li>Im Stall sollte stalleigene Kleidung (Kittel\/Overall) statt Stra\u00dfenkleidung getragen werden. Besonders wichtig sind Gummistiefel oder -clogs, die ausschlie\u00dflich im Stall getragen werden und dortbleiben. Eine Desinfektion des Schuhwerks ist optimal.<\/li><li>Fremde Personen sollten den Stall momentan nur mit triftigem Grund betreten und nur mit Schutzkleidung. Vor dem Betreten und nach dem Verlassen des Stalls sollten die H\u00e4nde gewaschen und desinfiziert werden.<\/li><li>Nur wenn es wirklich n\u00f6tig ist, sollten Ger\u00e4tschaften anderer Gefl\u00fcgelhalter geliehen werden. Vor der Abgabe m\u00fcssen sie gereinigt und desinfiziert werden.<\/li><li>Den Kontakt zu fremdem Gefl\u00fcgel sollte man aktuell ebenso vermeiden wie den Kauf oder Tausch neuer Tiere unter Z\u00fcchterkollegen. L\u00e4sst sich ein Neubesatz nicht umgehen, sollten Neuank\u00f6mmlinge f\u00fcr mehrere Tage in Quarant\u00e4ne.<\/li><li>Katzen k\u00f6nnen die Erreger \u00fcbertragen und m\u00fcssen deshalb von allen Vogelhaltungen ferngehalten werden.<\/li><\/ul>\n\n\n\n<p><em>Landesuntersuchungsamt Rheinland-Pfalz<br>07.04.2021<\/em><\/p>\n\n\n\n<h1 class=\"wp-block-heading\" style=\"text-align:center\">Kreisvolkshochschule (KVHS) Rhein-Pfalz-Kreis<\/h1>\n\n\n\n<figure class=\"wp-block-image\"><img decoding=\"async\" src=\"https:\/\/speyer24news.com\/wp-content\/uploads\/2020\/01\/VHS-1.png\" alt=\"\" class=\"wp-image-24397\"\/><\/figure>\n\n\n\n<h2 class=\"wp-block-heading\"><strong>Stark gegen Stress &#8211;\nResilienztraining mit Kindern <\/strong><\/h2>\n\n\n\n<p>Resilienz\nals seelische Widerstandskraft bei Belastungen und Stresserleben l\u00e4sst sich mit\nKindern effektiv trainieren. In diesem Online-Workshop der Volkshochschule des\nRhein-Pfalz-Kreises am <strong>14. April 2021 <\/strong>von\n9 bis 15 Uhr erhalten Interessierte wissenswerte Informationen zur\nResilienz-Forschung und zum Schutzfaktoren-Konzept im Kindesalter. Angesprochen\nsind Lehrer*innen, Erzieher*innen, (Sozial-)P\u00e4dagog*innen,\nSozialarbeiter*innen, Coaches und Trainer*innen, die mit Kindern im Vorschul-\nbzw. Grundschulalter arbeiten oder diese begleiten, ebenso wie interessierte\nEltern. <\/p>\n\n\n\n<p>Sie\nlernen vielf\u00e4ltige praktische \u00dcbungen kennen, die Kinder st\u00e4rken, erfolgreich\nmit Konflikten und herausfordernden Situationen umzugehen. Methoden zur\nF\u00f6rderung der Resilienzfaktoren, Selbstwirksamkeit, Selbststeuerung, soziale\nKompetenz, Selbst- und Fremdwahrnehmung, Umgang mit Stress und Probleml\u00f6sen\nwerden im Seminar vorgestellt und teilweise selbst erprobt. Die kindgerechten\n\u00dcbungen k\u00f6nnen leicht &#8222;zwischendurch&#8220; oder im Rahmen eines\nResilienz-Konzepts im p\u00e4dagogischen Alltag eingesetzt werden.<\/p>\n\n\n\n<p>Zur\nTeilnahme wird ein Laptop oder PC mit Internetzugang, Webcam, Lautsprecher und\nMikrofon (z.B. Headset) und eine E-Mail-Adresse ben\u00f6tigt. Die Geb\u00fchr betr\u00e4gt 57\nEuro ab acht Teilnehmer*innen bzw. 79 Euro wenn sechs oder sieben Personen\nangemeldet sind. Anmeldung \u00fcber die Homepage der vhs Rhein-Pfalz-Kreis <a href=\"http:\/\/www.vhs-rpk.de\">www.vhs-rpk.de<\/a> (Kursnummer F508096Z01) oder telefonisch unter Tel.\n06235 9573 343 (vormittags). <\/p>\n\n\n\n<h2 class=\"wp-block-heading\"><strong>Mit Hochsensibilit\u00e4t achtsam\nleben oder hochsensible Kinder begleiten<\/strong><\/h2>\n\n\n\n<p>An\nzwei Abenden k\u00f6nnen Interessierte sich bei der Volkshochschule des\nRhein-Pfalz-Kreises \u00fcber Hochsensibilit\u00e4t bei Erwachsenen bzw. speziell bei\nKindern informieren. Die Veranstaltungen finden online statt.<\/p>\n\n\n\n<p>Sind\nIhnen L\u00e4rm und grelles Licht schnell zu viel? Ben\u00f6tigen Sie regelm\u00e4\u00dfig R\u00fcckzug\naus der lauten und hektischen Welt? Haben Sie intensive Gef\u00fchle und sehr viel\nPhantasie? Hochsensibilit\u00e4t ist eine besondere Charaktereigenschaft, sehr\n&#8222;fein&#8220; wahrzunehmen und zu f\u00fchlen. Diese Begabung kann unseren Alltag\nvielf\u00e4ltig bereichern. Gleichzeitig stellt uns solche Feinsinnigkeit immer\nwieder vor Herausforderungen und braucht unseren besonderen Schutz vor\nReiz\u00fcberflutung. Erfahren Sie am Dienstag, <strong>20. April 2021<\/strong>, von 18.30 bis\n20.45 Uhr mehr dar\u00fcber, was Hochsensibilit\u00e4t ist und wie Sie damit achtsam und\nerf\u00fcllt leben k\u00f6nnen (Kursnummer F106001A01).<\/p>\n\n\n\n<p>Auch\nhochsensible Kinder erleben die Welt intensiver und detaillierter als andere\nKinder, da sie ein empfindsameres Nervensystem haben. Sie sind z.B. oft sehr\nphantasievoll und haben ein gutes Gesp\u00fcr f\u00fcr die Stimmungen anderer. Unter zu\nviel Hektik und der Vielfalt von Alltagsreizen leiden sie schnell. Das bedeutet\nf\u00fcr Eltern und Erzieher*innen eine gr\u00f6\u00dfere Herausforderung im Alltag,\nfeinf\u00fchlig die Bed\u00fcrfnisse der Kinder wahrzunehmen und passende\nRahmenbedingungen zu schaffen, um nicht &#8222;in Watte zu packen&#8220; aber\nauch nicht zu \u00fcberfordern. Am Dienstag, <strong>11. Mai 2021<\/strong> k\u00f6nnen sich Interessierte\nvon 18.30 bis 20.45 Uhr dar\u00fcber informieren, wie sie Hochsensibilit\u00e4t bei einem\nKind erkennen und es in seiner Entwicklung mit dieser besonderen Begabung\nunterst\u00fctzen k\u00f6nnen (Kursnummer F105001W01).<\/p>\n\n\n\n<p>Zur\ndigitalen Teilnahme wird ein Laptop oder PC mit Internetzugang, Webcam,\nLautsprecher und Mikrofon (z.B. Headset) und eine E-Mail-Adresse ben\u00f6tigt. Anmeldung\n\u00fcber die Homepage der vhs Rhein-Pfalz-Kreis <a href=\"http:\/\/www.vhs-rpk.de\">www.vhs-rpk.de<\/a> oder telefonisch unter Tel. 06235 9573 343\n(vormittags). Die Geb\u00fchr betr\u00e4gt jeweils 12 Euro. <\/p>\n\n\n\n<h2 class=\"wp-block-heading\"><strong>Dem Stress auf der Spur und\neinem Burnout vorbeugen <\/strong><\/h2>\n\n\n\n<p>Viele\nAnforderungen, Stress und Zeitdruck belasten oft t\u00e4glich unsere Seele und\nunseren K\u00f6rper. Auch Corona macht uns auf unterschiedliche Art und Weise Stress\nund bringt uns an Belastungsgrenzen. Erfahren Sie am Freitag, <strong>30. April 2021<\/strong>,\nvon 18.30 bis 20.45 Uhr bei einem Vortragsseminar der Volkshochschule des\nRhein-Pfalz-Kreises mehr dar\u00fcber, wie Stress entsteht, was Stressoren sind und\nwie ein hilfreiches Stressmanagement f\u00fcr mehr Lebensqualit\u00e4t aussehen kann\n(Kursnummer F106013Z01). St\u00e4rken Sie mit wertvollen Impulsen Ihre Kompetenz,\nStress aktiv zu bew\u00e4ltigen und stressigen Situationen gelassener zu begegnen. <\/p>\n\n\n\n<p>Fragen\nSie sich, bin ich \u201enur\u201c gestresst oder ist es schon mehr? Was versteht man\nunter einem Burnout? Wie kann es dazu kommen? Wen kann es treffen? Wie k\u00f6nnen\nSie gut f\u00fcr sich sorgen, wenn der Druck zu gro\u00df wird? Der Begriff Burnout wird\nheute schnell in Zusammenhang gebracht mit einem Zuviel an Stress und Belastung\nim Arbeitsalltag. Damit betrachtet man aber nur einen der ausl\u00f6senden Faktoren.\nDie Zusammenh\u00e4nge, die schlussendlich zu Burnout-Symptomen f\u00fchren k\u00f6nnen, sind\nwesentlich komplexer, als dies auf den ersten Blick scheint. Das wird schnell\ndeutlich, wenn man den Begriff &#8222;ausbrennen&#8220; gegen &#8222;f\u00fcr etwas\nbrennen&#8220; austauscht. &#8222;Brennt&#8220; man f\u00fcr etwas, dann werden ein\nhohes Ma\u00df an Arbeit und Zeitdruck in der Regel nicht als belastend empfunden.\nDas Thema Stress und Burnout kann jeden betreffen und nicht nur vielbesch\u00e4ftigte\nManager, wie oft angenommen wird. So ist die alleinerziehende Mutter genauso\ngef\u00e4hrdet wie die Tochter, die sich um die pflegebed\u00fcrftigen Angeh\u00f6rigen\nk\u00fcmmert. Burnout hat nicht nur etwas mit einem &#8222;Zuviel an Arbeit&#8220; zu\ntun. Wichtig ist, rechtzeitig zu erkennen, wohin man sich bewegt, damit man\ngegensteuern kann. Mehr erfahren Interessierte am Donnerstag, <strong>22. April 2021<\/strong>,\nvon 19.30 bis 21 Uhr bei der vhs Rhein-Pfalz-Kreis (Kursnummer F106012W01). <\/p>\n\n\n\n<p>Beide Veranstaltungen finden online statt. Sie ben\u00f6tigen einen Laptop oder PC mit Internetzugang, Webcam, Lautsprecher und Mikrofon (z.B. Headset) und eine E-Mail-Adresse. Anmeldung \u00fcber die Homepage der vhs Rhein-Pfalz-Kreis <a href=\"http:\/\/www.vhs-rpk.de\">www.vhs-rpk.de<\/a> oder telefonisch unter Tel. 06235 9573 343 (vormittags). Die Geb\u00fchr betr\u00e4gt 10 bzw. 12 Euro.<\/p>\n\n\n\n<p><em>Kreisverwaltung Rhein-Pfalz-Kreis \/ Kreisvolkshochschule (KVHS)<br>07.04.2021<\/em><\/p>\n\n\n\n<h1 class=\"wp-block-heading\" style=\"text-align:center\">Corona-Virus<\/h1>\n\n\n\n<figure class=\"wp-block-image\"><img decoding=\"async\" loading=\"lazy\" width=\"800\" height=\"400\" src=\"https:\/\/speyer24news.com\/wp-content\/uploads\/2020\/02\/virus-1812092_1920.jpg\" alt=\"\" class=\"wp-image-25128\" srcset=\"https:\/\/speyer24news.com\/wp-content\/uploads\/2020\/02\/virus-1812092_1920.jpg 800w, https:\/\/speyer24news.com\/wp-content\/uploads\/2020\/02\/virus-1812092_1920-300x150.jpg 300w, https:\/\/speyer24news.com\/wp-content\/uploads\/2020\/02\/virus-1812092_1920-768x384.jpg 768w\" sizes=\"(max-width: 800px) 100vw, 800px\" \/><\/figure>\n\n\n\n<h2 class=\"wp-block-heading\">Covid-19 Fallzahlen vom 06.04.2021<\/h2>\n\n\n\n<p>Die Kreisverwaltung Rhein-Pfalz-Kreis \u00fcbermittelt\neine \u00dcbersicht der Infektionszahlen aus ihrem Zust\u00e4ndigkeitsbereich des\nGesundheitsamtes. In den Zust\u00e4ndigkeitsbereich des Gesundheitsamtes\nRhein-Pfalz-Kreis geh\u00f6ren neben dem Landkreis auch die St\u00e4dte Ludwigshafen,\nFrankenthal und Speyer. <\/p>\n\n\n\n<table class=\"wp-block-table\"><tbody><tr><td>\n  LK\/SK\/Ort\n  <\/td><td>\n  Infizierte seit Beginn der\n  Pandemie\n  <\/td><td>\n  Aktuell infizierte Personen\n  <\/td><td>\n  Heute neu infizierte Personen\n  <\/td><td>\n  Gesundete bzw. nicht mehr\n  infizierte Personen\n  <\/td><td>\n  Leider an oder mit Covid-19 verstorbene\n  Personen\n  <\/td><td>\n  Heute verstorben gemeldet\n  <\/td><\/tr><tr><td>\n  _AH\n  <\/td><td>\n  6\n  <\/td><td>\n  &nbsp;\n  <\/td><td>\n  &nbsp;\n  <\/td><td>\n  6\n  <\/td><td>\n  &nbsp;\n  <\/td><td>\n  &nbsp;\n  <\/td><\/tr><tr><td>\n  Altrip\n  <\/td><td>\n  217\n  <\/td><td>\n  23\n  <\/td><td>\n  &nbsp;\n  <\/td><td>\n  177\n  <\/td><td>\n  17\n  <\/td><td>\n  &nbsp;\n  <\/td><\/tr><tr><td>\n  Beindersheim\n  <\/td><td>\n  95\n  <\/td><td>\n  14\n  <\/td><td>\n  &nbsp;\n  <\/td><td>\n  80\n  <\/td><td>\n  1\n  <\/td><td>\n  &nbsp;\n  <\/td><\/tr><tr><td>\n  Birkenheide\n  <\/td><td>\n  80\n  <\/td><td>\n  8\n  <\/td><td>\n  1\n  <\/td><td>\n  70\n  <\/td><td>\n  2\n  <\/td><td>\n  &nbsp;\n  <\/td><\/tr><tr><td>\n  Bobenheim-Roxheim\n  <\/td><td>\n  262\n  <\/td><td>\n  36\n  <\/td><td>\n  1\n  <\/td><td>\n  226\n  <\/td><td>\n  &nbsp;\n  <\/td><td>\n  &nbsp;\n  <\/td><\/tr><tr><td>\n  B\u00f6hl-Iggelheim\n  <\/td><td>\n  363\n  <\/td><td>\n  49\n  <\/td><td>\n  2\n  <\/td><td>\n  300\n  <\/td><td>\n  14\n  <\/td><td>\n  &nbsp;\n  <\/td><\/tr><tr><td>\n  Dannstadt-Schauernheim\n  <\/td><td>\n  216\n  <\/td><td>\n  13\n  <\/td><td>\n  1\n  <\/td><td>\n  199\n  <\/td><td>\n  4\n  <\/td><td>\n  &nbsp;\n  <\/td><\/tr><tr><td>\n  Dudenhofen\n  <\/td><td>\n  314\n  <\/td><td>\n  27\n  <\/td><td>\n  &nbsp;\n  <\/td><td>\n  272\n  <\/td><td>\n  15\n  <\/td><td>\n  &nbsp;\n  <\/td><\/tr><tr><td>\n  Fu\u00dfg\u00f6nheim\n  <\/td><td>\n  93\n  <\/td><td>\n  22\n  <\/td><td>\n  &nbsp;\n  <\/td><td>\n  68\n  <\/td><td>\n  3\n  <\/td><td>\n  &nbsp;\n  <\/td><\/tr><tr><td>\n  Gro\u00dfniedesheim\n  <\/td><td>\n  39\n  <\/td><td>\n  1\n  <\/td><td>\n  &nbsp;\n  <\/td><td>\n  38\n  <\/td><td>\n  &nbsp;\n  <\/td><td>\n  &nbsp;\n  <\/td><\/tr><tr><td>\n  Hanhofen\n  <\/td><td>\n  101\n  <\/td><td>\n  19\n  <\/td><td>\n  &nbsp;\n  <\/td><td>\n  81\n  <\/td><td>\n  1\n  <\/td><td>\n  &nbsp;\n  <\/td><\/tr><tr><td>\n  Harthausen\n  <\/td><td>\n  163\n  <\/td><td>\n  30\n  <\/td><td>\n  &nbsp;\n  <\/td><td>\n  121\n  <\/td><td>\n  12\n  <\/td><td>\n  &nbsp;\n  <\/td><\/tr><tr><td>\n  He\u00dfheim\n  <\/td><td>\n  91\n  <\/td><td>\n  6\n  <\/td><td>\n  &nbsp;\n  <\/td><td>\n  82\n  <\/td><td>\n  3\n  <\/td><td>\n  &nbsp;\n  <\/td><\/tr><tr><td>\n  Heuchelheim\n  <\/td><td>\n  25\n  <\/td><td>\n  4\n  <\/td><td>\n  &nbsp;\n  <\/td><td>\n  21\n  <\/td><td>\n  &nbsp;\n  <\/td><td>\n  &nbsp;\n  <\/td><\/tr><tr><td>\n  Hochdorf-Assenheim\n  <\/td><td>\n  78\n  <\/td><td>\n  11\n  <\/td><td>\n  &nbsp;\n  <\/td><td>\n  66\n  <\/td><td>\n  1\n  <\/td><td>\n  &nbsp;\n  <\/td><\/tr><tr><td>\n  Kleinniedesheim\n  <\/td><td>\n  27\n  <\/td><td>\n  2\n  <\/td><td>\n  &nbsp;\n  <\/td><td>\n  25\n  <\/td><td>\n  &nbsp;\n  <\/td><td>\n  &nbsp;\n  <\/td><\/tr><tr><td>\n  Lambsheim\n  <\/td><td>\n  170\n  <\/td><td>\n  19\n  <\/td><td>\n  1\n  <\/td><td>\n  148\n  <\/td><td>\n  3\n  <\/td><td>\n  &nbsp;\n  <\/td><\/tr><tr><td>\n  Limburgerhof\n  <\/td><td>\n  362\n  <\/td><td>\n  48\n  <\/td><td>\n  3\n  <\/td><td>\n  302\n  <\/td><td>\n  12\n  <\/td><td>\n  &nbsp;\n  <\/td><\/tr><tr><td>\n  Maxdorf\n  <\/td><td>\n  266\n  <\/td><td>\n  12\n  <\/td><td>\n  &nbsp;\n  <\/td><td>\n  225\n  <\/td><td>\n  29\n  <\/td><td>\n  &nbsp;\n  <\/td><\/tr><tr><td>\n  Mutterstadt\n  <\/td><td>\n  502\n  <\/td><td>\n  39\n  <\/td><td>\n  1\n  <\/td><td>\n  431\n  <\/td><td>\n  32\n  <\/td><td>\n  &nbsp;\n  <\/td><\/tr><tr><td>\n  Neuhofen\n  <\/td><td>\n  228\n  <\/td><td>\n  15\n  <\/td><td>\n  &nbsp;\n  <\/td><td>\n  200\n  <\/td><td>\n  13\n  <\/td><td>\n  &nbsp;\n  <\/td><\/tr><tr><td>\n  Otterstadt\n  <\/td><td>\n  116\n  <\/td><td>\n  6\n  <\/td><td>\n  &nbsp;\n  <\/td><td>\n  108\n  <\/td><td>\n  2\n  <\/td><td>\n  &nbsp;\n  <\/td><\/tr><tr><td>\n  R\u00f6dersheim-Gronau\n  <\/td><td>\n  76\n  <\/td><td>\n  8\n  <\/td><td>\n  1\n  <\/td><td>\n  66\n  <\/td><td>\n  2\n  <\/td><td>\n  &nbsp;\n  <\/td><\/tr><tr><td>\n  R\u00f6merberg\n  <\/td><td>\n  467\n  <\/td><td>\n  53\n  <\/td><td>\n  5\n  <\/td><td>\n  403\n  <\/td><td>\n  11\n  <\/td><td>\n  &nbsp;\n  <\/td><\/tr><tr><td>\n  Schifferstadt\n  <\/td><td>\n  840\n  <\/td><td>\n  95\n  <\/td><td>\n  4\n  <\/td><td>\n  724\n  <\/td><td>\n  21\n  <\/td><td>\n  &nbsp;\n  <\/td><\/tr><tr><td>\n  Waldsee\n  <\/td><td>\n  187\n  <\/td><td>\n  20\n  <\/td><td>\n  &nbsp;\n  <\/td><td>\n  158\n  <\/td><td>\n  9\n  <\/td><td>\n  &nbsp;\n  <\/td><\/tr><tr><td>\n  &nbsp;\n  <\/td><td>\n  &nbsp;\n  <\/td><td>\n  &nbsp;\n  <\/td><td>\n  &nbsp;\n  <\/td><td>\n  &nbsp;\n  <\/td><td>\n  &nbsp;\n  <\/td><td>\n  &nbsp;\n  <\/td><\/tr><tr><td>\n  <strong>LK Rhein-Pfalz-Kreis<\/strong>\n  <\/td><td>\n  <strong>5384<\/strong>\n  <\/td><td>\n  <strong>580<\/strong>\n  <\/td><td>\n  <strong>20<\/strong>\n  <\/td><td>\n  <strong>4597<\/strong>\n  <\/td><td>\n  <strong>207<\/strong>\n  <\/td><td>\n  <strong>&nbsp;<\/strong>\n  <\/td><\/tr><tr><td>\n  <strong>SK Frankenthal<\/strong>\n  <\/td><td>\n  <strong>1728<\/strong>\n  <\/td><td>\n  <strong>172<\/strong>\n  <\/td><td>\n  <strong>1<\/strong>\n  <\/td><td>\n  <strong>1507<\/strong>\n  <\/td><td>\n  <strong>48<\/strong>\n  <\/td><td>\n  <strong>&nbsp;<\/strong>\n  <\/td><\/tr><tr><td>\n  <strong>SK Ludwigshafen<\/strong>\n  <\/td><td>\n  <strong>8043<\/strong>\n  <\/td><td>\n  <strong>985<\/strong>\n  <\/td><td>\n  <strong>34<\/strong>\n  <\/td><td>\n  <strong>6752<\/strong>\n  <\/td><td>\n  <strong>306<\/strong>\n  <\/td><td>\n  <strong>2<\/strong>\n  <\/td><\/tr><tr><td>\n  <strong>SK Speyer<\/strong>\n  <\/td><td>\n  <strong>2300<\/strong>\n  <\/td><td>\n  <strong>262<\/strong>\n  <\/td><td>\n  <strong>20<\/strong>\n  <\/td><td>\n  <strong>1958<\/strong>\n  <\/td><td>\n  <strong>80<\/strong>\n  <\/td><td>\n  <strong>&nbsp;<\/strong>\n  <\/td><\/tr><tr><td>\n  &nbsp;\n  <\/td><td>\n  &nbsp;\n  <\/td><td>\n  &nbsp;\n  <\/td><td>\n  &nbsp;\n  <\/td><td>\n  &nbsp;\n  <\/td><td>\n  &nbsp;\n  <\/td><td>\n  &nbsp;\n  <\/td><\/tr><tr><td>\n  <strong>Summe:<\/strong>\n  <\/td><td>\n  <strong>17455<\/strong>\n  <\/td><td>\n  <strong>1999<\/strong>\n  <\/td><td>\n  <strong>75<\/strong>\n  <\/td><td>\n  <strong>14814<\/strong>\n  <\/td><td>\n  <strong>641<\/strong>\n  <\/td><td>\n  <strong>2<\/strong>\n  <\/td><\/tr><\/tbody><\/table>\n\n\n\n<p>Quelle: SurvNet@RKI<\/p>\n\n\n\n<p>&nbsp;_AH: Personen mit Hauptwohnsitz au\u00dferhalb des Zust\u00e4ndigkeitsbereiches des Gesundheitsamts aber mit fehlerhaften Meldekreis \u201eLK Rhein-Pfalz-Kreis\u201c. Es wird gepr\u00fcft, ob diese noch nachtr\u00e4glich richtig zugeordnet werden k\u00f6nnen.<\/p>\n\n\n\n<p>Aus den Einrichtungen sind uns folgende aktuelle Corona-Virus-Ausbr\u00fcche gemeldet:<\/p>\n\n\n\n<ul><li>AfA Speyer<\/li><li>Kita Lummerland\nLudwigshafen<\/li><\/ul>\n\n\n\n<p>Weiterhin sind die Zahlen der mit dem Coronavirus infizierten Personen seit Beginn des Ausbruchs und die aktuellen Zahlen auf der Seite des Landesuntersuchungsamtes unter <a href=\"http:\/\/www.lua.rlp\">www.lua.rlp<\/a> einzusehen. <\/p>\n\n\n\n<p>Die\nKreisverwaltung Rhein-Pfalz-Kreis weist darauf hin, dass es zu Differenzen\ndurch zeitlich versetzte Eingabezeiten zu den Zahlen des\nLandesuntersuchungsamtes bzw. des Robert-Koch-Institutes kommen kann.<\/p>\n\n\n\n<h2 class=\"wp-block-heading\"><strong>Coronavirus SARS-CoV-2: Aktuelle Fallzahlen f\u00fcr Rheinland-Pfalz<\/strong> (Datenstand vom 05.04.2021, 11:10 Uhr)<\/h2>\n\n\n\n<p>Die Fallzahlen zum Coronavirus in Rheinland-Pfalz: Seit Beginn der Pandemie gab es 119.728 laborbest\u00e4tigte Infektionen im Land &#8211; das sind 394 mehr als am Vortag (119.334). 11.588 Menschen im Land sind aktuell mit dem Coronavirus infiziert (Vortag: 11.661). 7.236 Personen wurden seit Beginn der Pandemie ins Krankenhaus gebracht (Vortag: 7.215), 3.343 Personen sind im Zusammenhang mit einer Infektion gestorben &#8211; 1 mehr als am Vortag (3.342). Die landesweite Inzidenz sinkt auf 103,9.&nbsp;<strong>Weitere offizielle Corona-Meldedaten aus Rheinland-Pfalz auf&nbsp;der&nbsp;<\/strong><a rel=\"noreferrer noopener\" href=\"https:\/\/deref-web.de\/mail\/client\/jnXIY9tHaEg\/dereferrer\/?redirectUrl=https%3A%2F%2Flua.rlp.de%2Fde%2Funsere-themen%2Finfektionsschutz%2Fmeldedaten_coronavirus%2F\" target=\"_blank\"><strong>Homepage des LUA<\/strong><\/a><strong>.<\/strong><\/p>\n\n\n\n<table class=\"wp-block-table\"><tbody><tr><td><strong>Kreis, Stand 5.4.2021<\/strong><\/td><td><strong>Laborbest\u00e4tigt, seit Beginn der Pandemie<\/strong><\/td><td><strong>Gemeldet, die letzten 7 Tage<\/strong><\/td><\/tr><\/tbody><\/table>\n\n\n\n<table class=\"wp-block-table\"><tbody><tr><td><\/td><td><strong>Gesamt<\/strong><\/td><td><strong>Differenz zum<br>Vortag<\/strong><\/td><td><strong>Hospitali-siert<\/strong><\/td><td><strong>Verstor-ben<\/strong><\/td><td><strong>Genesen<\/strong><strong><sup>A<\/sup><\/strong><\/td><td><strong>aktuelle F\u00e4lle<\/strong><strong><sup>B<\/sup><\/strong><\/td><td><strong>Gesamt<\/strong><\/td><td><strong>pro<br>100.000<\/strong><strong><sup>C<\/sup><\/strong><\/td><td><strong>pro<br>100.000 (+USAF)<\/strong><strong><sup>D<\/sup><\/strong><\/td><td><strong>Gesamt,<br><\/strong><strong>\u2265&nbsp;<\/strong><strong>60 Jahre<\/strong><\/td><td><strong>pro<br>100.000,<br>\u2265 60 Jahre<\/strong><\/td><\/tr><tr><td>Ahrweiler<\/td><td>3526<\/td><td>14<\/td><td>164<\/td><td>46<\/td><td>3169<\/td><td>311<\/td><td>104<\/td><td>79,9<\/td><td>79,9<\/td><td>23<\/td><td>54,7<\/td><\/tr><tr><td>Altenkirchen<\/td><td>3698<\/td><td>19<\/td><td>328<\/td><td>87<\/td><td>3013<\/td><td>598<\/td><td>164<\/td><td>127,3<\/td><td>127,3<\/td><td>23<\/td><td>59,6<\/td><\/tr><tr><td>Alzey-Worms<\/td><td>3957<\/td><td>25<\/td><td>242<\/td><td>109<\/td><td>3408<\/td><td>440<\/td><td>151<\/td><td>116,4<\/td><td>116,4<\/td><td>25<\/td><td>68,2<\/td><\/tr><tr><td>Bad D\u00fcrkheim<\/td><td>3547<\/td><td>9<\/td><td>279<\/td><td>141<\/td><td>3134<\/td><td>272<\/td><td>94<\/td><td>70,9<\/td><td>70,8<\/td><td>19<\/td><td>44,2<\/td><\/tr><tr><td>Bad Kreuznach<\/td><td>4667<\/td><td>22<\/td><td>257<\/td><td>127<\/td><td>4204<\/td><td>336<\/td><td>117<\/td><td>73,9<\/td><td>73,9<\/td><td>19<\/td><td>38,6<\/td><\/tr><tr><td>Bernkastel-Wittlich<\/td><td>2269<\/td><td>8<\/td><td>213<\/td><td>57<\/td><td>2105<\/td><td>107<\/td><td>51<\/td><td>45,3<\/td><td>44,7<\/td><td>9<\/td><td>26,1<\/td><\/tr><tr><td>Birkenfeld<\/td><td>2582<\/td><td>10<\/td><td>240<\/td><td>82<\/td><td>2259<\/td><td>241<\/td><td>82<\/td><td>101,3<\/td><td>98,0<\/td><td>12<\/td><td>45,7<\/td><\/tr><tr><td>Bitburg-Pr\u00fcm<\/td><td>2720<\/td><td>20<\/td><td>130<\/td><td>22<\/td><td>2419<\/td><td>279<\/td><td>125<\/td><td>126,2<\/td><td>122,0<\/td><td>17<\/td><td>60,6<\/td><\/tr><tr><td>Cochem-Zell<\/td><td>1653<\/td><td>1<\/td><td>133<\/td><td>50<\/td><td>1514<\/td><td>89<\/td><td>35<\/td><td>57,0<\/td><td>57,0<\/td><td>7<\/td><td>35,0<\/td><\/tr><tr><td>Donnersbergkreis<\/td><td>1876<\/td><td>0<\/td><td>152<\/td><td>55<\/td><td>1632<\/td><td>189<\/td><td>61<\/td><td>81,0<\/td><td>80,2<\/td><td>12<\/td><td>52,8<\/td><\/tr><tr><td>Germersheim<\/td><td>4427<\/td><td>25<\/td><td>288<\/td><td>115<\/td><td>3830<\/td><td>482<\/td><td>221<\/td><td>171,3<\/td><td>171,3<\/td><td>51<\/td><td>143,6<\/td><\/tr><tr><td>Kaiserslautern<\/td><td>2997<\/td><td>3<\/td><td>173<\/td><td>67<\/td><td>2726<\/td><td>204<\/td><td>74<\/td><td>69,8<\/td><td>59,7<\/td><td>8<\/td><td>25,3<\/td><\/tr><tr><td>Kusel<\/td><td>1749<\/td><td>3<\/td><td>169<\/td><td>60<\/td><td>1576<\/td><td>113<\/td><td>43<\/td><td>61,2<\/td><td>58,0<\/td><td>9<\/td><td>39,0<\/td><\/tr><tr><td>Mainz-Bingen<\/td><td>5820<\/td><td>13<\/td><td>313<\/td><td>199<\/td><td>5166<\/td><td>455<\/td><td>197<\/td><td>93,2<\/td><td>93,1<\/td><td>25<\/td><td>41,7<\/td><\/tr><tr><td>Mayen-Koblenz<\/td><td>5420<\/td><td>27<\/td><td>217<\/td><td>140<\/td><td>4552<\/td><td>728<\/td><td>308<\/td><td>143,6<\/td><td>143,6<\/td><td>47<\/td><td>74,0<\/td><\/tr><tr><td>Neuwied<\/td><td>6427<\/td><td>0<\/td><td>193<\/td><td>105<\/td><td>5476<\/td><td>846<\/td><td>327<\/td><td>178,9<\/td><td>178,9<\/td><td>48<\/td><td>88,0<\/td><\/tr><tr><td>Rhein-Hunsr\u00fcck<\/td><td>2968<\/td><td>3<\/td><td>326<\/td><td>82<\/td><td>2634<\/td><td>252<\/td><td>114<\/td><td>110,5<\/td><td>110,5<\/td><td>25<\/td><td>78,6<\/td><\/tr><tr><td>Rhein-Lahn-Kreis<\/td><td>3180<\/td><td>0<\/td><td>296<\/td><td>92<\/td><td>2798<\/td><td>290<\/td><td>109<\/td><td>89,1<\/td><td>89,1<\/td><td>14<\/td><td>36,6<\/td><\/tr><tr><td>Rhein-Pfalz-Kreis<\/td><td>5358<\/td><td>15<\/td><td>125<\/td><td>207<\/td><td>4578<\/td><td>573<\/td><td>171<\/td><td>110,6<\/td><td>110,6<\/td><td>27<\/td><td>57,9<\/td><\/tr><tr><td>S\u00fcdliche Weinstr.<\/td><td>2839<\/td><td>0<\/td><td>301<\/td><td>104<\/td><td>2511<\/td><td>224<\/td><td>96<\/td><td>86,9<\/td><td>86,9<\/td><td>18<\/td><td>52,0<\/td><\/tr><tr><td>S\u00fcdwestpfalz<\/td><td>2134<\/td><td>2<\/td><td>227<\/td><td>71<\/td><td>1845<\/td><td>218<\/td><td>72<\/td><td>75,9<\/td><td>74,9<\/td><td>22<\/td><td>68,2<\/td><\/tr><tr><td>Trier-Saarburg<\/td><td>3542<\/td><td>11<\/td><td>239<\/td><td>86<\/td><td>3222<\/td><td>234<\/td><td>69<\/td><td>46,2<\/td><td>46,1<\/td><td>9<\/td><td>21,2<\/td><\/tr><tr><td>Vulkaneifel<\/td><td>1665<\/td><td>3<\/td><td>142<\/td><td>57<\/td><td>1426<\/td><td>182<\/td><td>58<\/td><td>95,6<\/td><td>95,6<\/td><td>5<\/td><td>25,1<\/td><\/tr><tr><td>Westerwaldkreis<\/td><td>5501<\/td><td>25<\/td><td>474<\/td><td>128<\/td><td>4758<\/td><td>615<\/td><td>237<\/td><td>117,4<\/td><td>117,4<\/td><td>44<\/td><td>75,9<\/td><\/tr><tr><td>KS Frankenthal<\/td><td>1727<\/td><td>5<\/td><td>28<\/td><td>48<\/td><td>1501<\/td><td>178<\/td><td>37<\/td><td>75,9<\/td><td>75,9<\/td><td>5<\/td><td>34,6<\/td><\/tr><tr><td>KS Kaiserslautern<\/td><td>2622<\/td><td>5<\/td><td>230<\/td><td>99<\/td><td>2400<\/td><td>123<\/td><td>55<\/td><td>55,0<\/td><td>51,6<\/td><td>7<\/td><td>26,1<\/td><\/tr><tr><td>KS Koblenz<\/td><td>3571<\/td><td>17<\/td><td>117<\/td><td>119<\/td><td>3098<\/td><td>354<\/td><td>120<\/td><td>105,2<\/td><td>105,2<\/td><td>18<\/td><td>56,7<\/td><\/tr><tr><td>KS Landau i.d.Pf.<\/td><td>1257<\/td><td>2<\/td><td>138<\/td><td>34<\/td><td>1128<\/td><td>95<\/td><td>46<\/td><td>98,1<\/td><td>98,1<\/td><td>9<\/td><td>74,3<\/td><\/tr><tr><td>KS Ludwigshafen<\/td><td>8002<\/td><td>56<\/td><td>174<\/td><td>304<\/td><td>6741<\/td><td>957<\/td><td>302<\/td><td>175,3<\/td><td>175,3<\/td><td>46<\/td><td>108,2<\/td><\/tr><tr><td>KS Mainz<\/td><td>7567<\/td><td>11<\/td><td>297<\/td><td>179<\/td><td>6834<\/td><td>554<\/td><td>232<\/td><td>106,1<\/td><td>106,1<\/td><td>30<\/td><td>60,1<\/td><\/tr><tr><td>KS Neustadt a.d.W.<\/td><td>1370<\/td><td>5<\/td><td>101<\/td><td>34<\/td><td>1234<\/td><td>102<\/td><td>49<\/td><td>92,0<\/td><td>92,0<\/td><td>3<\/td><td>17,5<\/td><\/tr><tr><td>KS Pirmasens<\/td><td>1076<\/td><td>1<\/td><td>134<\/td><td>50<\/td><td>902<\/td><td>124<\/td><td>43<\/td><td>106,9<\/td><td>106,9<\/td><td>6<\/td><td>44,6<\/td><\/tr><tr><td>KS Speyer<\/td><td>2279<\/td><td>3<\/td><td>41<\/td><td>80<\/td><td>1952<\/td><td>247<\/td><td>72<\/td><td>142,4<\/td><td>142,4<\/td><td>17<\/td><td>111,5<\/td><\/tr><tr><td>KS Trier<\/td><td>2112<\/td><td>5<\/td><td>112<\/td><td>22<\/td><td>1929<\/td><td>161<\/td><td>54<\/td><td>48,4<\/td><td>48,4<\/td><td>7<\/td><td>26,6<\/td><\/tr><tr><td>KS Worms<\/td><td>3079<\/td><td>26<\/td><td>181<\/td><td>81<\/td><td>2620<\/td><td>378<\/td><td>152<\/td><td>181,9<\/td><td>181,9<\/td><td>19<\/td><td>82,9<\/td><\/tr><tr><td>KS Zweibr\u00fccken<\/td><td>544<\/td><td>0<\/td><td>62<\/td><td>4<\/td><td>503<\/td><td>37<\/td><td>13<\/td><td>38,0<\/td><td>38,0<\/td><td>3<\/td><td>28,5<\/td><\/tr><tr><td><strong>Rheinland-Pfalz<\/strong><\/td><td><strong>119728<\/strong><\/td><td><strong>394<\/strong><\/td><td><strong>7236<\/strong><\/td><td><strong>3343<\/strong><\/td><td><strong>104797 #<\/strong><\/td><td><strong>11588<\/strong><\/td><td><strong>4255<\/strong><\/td><td><strong>103,9<\/strong><\/td><td><strong>103,0<\/strong><\/td><td><strong>688<\/strong><\/td><td><strong>57,5<\/strong><\/td><\/tr><\/tbody><\/table>\n\n\n\n<h2 class=\"wp-block-heading\"><strong>Coronavirus SARS-CoV-2: Aktuelle Fallzahlen f\u00fcr Rheinland-Pfalz<\/strong> (Datenstand vom 04.04.2021, 11:10 Uhr)&nbsp;<\/h2>\n\n\n\n<p>Die Fallzahlen zum Coronavirus in Rheinland-Pfalz: Seit Beginn der Pandemie gab es 119.334 laborbest\u00e4tigte Infektionen im Land &#8211; das sind 527 mehr als am Vortag (118.807). 11.661 Menschen im Land sind aktuell mit dem Coronavirus infiziert (Vortag: 11.604). 7.215 Personen wurden seit Beginn der Pandemie ins Krankenhaus gebracht (Vortag: 7.188), 3.342 Personen sind im Zusammenhang mit einer Infektion gestorben &#8211; 2 mehr als am Vortag (3.340). Die landesweite Inzidenz steigt auf 106,8.&nbsp;<strong>Weitere offizielle Corona-Meldedaten aus Rheinland-Pfalz auf&nbsp;der&nbsp;<\/strong><a rel=\"noreferrer noopener\" href=\"https:\/\/deref-web.de\/mail\/client\/jnXIY9tHaEg\/dereferrer\/?redirectUrl=https%3A%2F%2Flua.rlp.de%2Fde%2Funsere-themen%2Finfektionsschutz%2Fmeldedaten_coronavirus%2F\" target=\"_blank\"><strong>Homepage des LUA<\/strong><\/a><strong>.<\/strong><\/p>\n\n\n\n<table class=\"wp-block-table\"><tbody><tr><td><strong>Kreis, Stand 4.4.2021<\/strong><\/td><td><strong>Laborbest\u00e4tigt, seit Beginn der Pandemie<\/strong><\/td><td><strong>Gemeldet, die letzten 7 Tage<\/strong><\/td><\/tr><\/tbody><\/table>\n\n\n\n<table class=\"wp-block-table\"><tbody><tr><td><\/td><td><strong>Gesamt<\/strong><\/td><td><strong>Differenz zum<br>Vortag<\/strong><\/td><td><strong>Hospitali-siert<\/strong><\/td><td><strong>Verstor-ben<\/strong><\/td><td><strong>Genesen<\/strong><strong><sup>A<\/sup><\/strong><\/td><td><strong>aktuelle F\u00e4lle<\/strong><strong><sup>B<\/sup><\/strong><\/td><td><strong>Gesamt<\/strong><\/td><td><strong>pro<br>100.000<\/strong><strong><sup>C<\/sup><\/strong><\/td><td><strong>pro<br>100.000 (+USAF)<\/strong><strong><sup>D<\/sup><\/strong><\/td><td><strong>Gesamt,<br><\/strong><strong>\u2265&nbsp;<\/strong><strong>60 Jahre<\/strong><\/td><td><strong>pro<br>100.000,<br>\u2265 60 Jahre<\/strong><\/td><\/tr><tr><td>Ahrweiler<\/td><td>3512<\/td><td>15<\/td><td>164<\/td><td>46<\/td><td>3151<\/td><td>315<\/td><td>95<\/td><td>73,0<\/td><td>73,0<\/td><td>22<\/td><td>52,3<\/td><\/tr><tr><td>Altenkirchen<\/td><td>3679<\/td><td>10<\/td><td>327<\/td><td>87<\/td><td>2985<\/td><td>607<\/td><td>173<\/td><td>134,3<\/td><td>134,3<\/td><td>27<\/td><td>69,9<\/td><\/tr><tr><td>Alzey-Worms<\/td><td>3932<\/td><td>8<\/td><td>241<\/td><td>109<\/td><td>3382<\/td><td>441<\/td><td>150<\/td><td>115,7<\/td><td>115,6<\/td><td>23<\/td><td>62,8<\/td><\/tr><tr><td>Bad D\u00fcrkheim<\/td><td>3538<\/td><td>2<\/td><td>279<\/td><td>141<\/td><td>3121<\/td><td>276<\/td><td>93<\/td><td>70,1<\/td><td>70,1<\/td><td>23<\/td><td>53,5<\/td><\/tr><tr><td>Bad Kreuznach<\/td><td>4645<\/td><td>4<\/td><td>257<\/td><td>127<\/td><td>4195<\/td><td>323<\/td><td>110<\/td><td>69,5<\/td><td>69,5<\/td><td>20<\/td><td>40,6<\/td><\/tr><tr><td>Bernkastel-Wittlich<\/td><td>2261<\/td><td>13<\/td><td>211<\/td><td>57<\/td><td>2097<\/td><td>107<\/td><td>44<\/td><td>39,1<\/td><td>38,6<\/td><td>8<\/td><td>23,2<\/td><\/tr><tr><td>Birkenfeld<\/td><td>2572<\/td><td>4<\/td><td>240<\/td><td>82<\/td><td>2244<\/td><td>246<\/td><td>76<\/td><td>93,9<\/td><td>90,9<\/td><td>12<\/td><td>45,7<\/td><\/tr><tr><td>Bitburg-Pr\u00fcm<\/td><td>2700<\/td><td>9<\/td><td>130<\/td><td>22<\/td><td>2405<\/td><td>273<\/td><td>113<\/td><td>114,1<\/td><td>110,3<\/td><td>14<\/td><td>49,9<\/td><\/tr><tr><td>Cochem-Zell<\/td><td>1652<\/td><td>3<\/td><td>132<\/td><td>50<\/td><td>1514<\/td><td>88<\/td><td>36<\/td><td>58,7<\/td><td>58,6<\/td><td>7<\/td><td>35,0<\/td><\/tr><tr><td>Donnersbergkreis<\/td><td>1876<\/td><td>13<\/td><td>152<\/td><td>55<\/td><td>1626<\/td><td>195<\/td><td>62<\/td><td>82,3<\/td><td>81,5<\/td><td>12<\/td><td>52,8<\/td><\/tr><tr><td>Germersheim<\/td><td>4402<\/td><td>5<\/td><td>287<\/td><td>115<\/td><td>3794<\/td><td>493<\/td><td>199<\/td><td>154,2<\/td><td>154,2<\/td><td>49<\/td><td>138,0<\/td><\/tr><tr><td>Kaiserslautern<\/td><td>2994<\/td><td>6<\/td><td>173<\/td><td>67<\/td><td>2723<\/td><td>204<\/td><td>80<\/td><td>75,5<\/td><td>64,6<\/td><td>8<\/td><td>25,3<\/td><\/tr><tr><td>Kusel<\/td><td>1746<\/td><td>2<\/td><td>169<\/td><td>60<\/td><td>1574<\/td><td>112<\/td><td>43<\/td><td>61,2<\/td><td>58,0<\/td><td>9<\/td><td>39,0<\/td><\/tr><tr><td>Mainz-Bingen<\/td><td>5807<\/td><td>19<\/td><td>312<\/td><td>199<\/td><td>5149<\/td><td>459<\/td><td>195<\/td><td>92,2<\/td><td>92,2<\/td><td>25<\/td><td>41,7<\/td><\/tr><tr><td>Mayen-Koblenz<\/td><td>5393<\/td><td>34<\/td><td>216<\/td><td>140<\/td><td>4534<\/td><td>719<\/td><td>323<\/td><td>150,6<\/td><td>150,6<\/td><td>47<\/td><td>74,0<\/td><\/tr><tr><td>Neuwied<\/td><td>6427<\/td><td>82<\/td><td>193<\/td><td>105<\/td><td>5457<\/td><td>865<\/td><td>371<\/td><td>202,9<\/td><td>202,9<\/td><td>55<\/td><td>100,8<\/td><\/tr><tr><td>Rhein-Hunsr\u00fcck<\/td><td>2965<\/td><td>31<\/td><td>324<\/td><td>82<\/td><td>2624<\/td><td>259<\/td><td>120<\/td><td>116,3<\/td><td>116,3<\/td><td>28<\/td><td>88,1<\/td><\/tr><tr><td>Rhein-Lahn-Kreis<\/td><td>3180<\/td><td>28<\/td><td>296<\/td><td>92<\/td><td>2785<\/td><td>303<\/td><td>127<\/td><td>103,8<\/td><td>103,8<\/td><td>20<\/td><td>52,3<\/td><\/tr><tr><td>Rhein-Pfalz-Kreis<\/td><td>5343<\/td><td>37<\/td><td>125<\/td><td>207<\/td><td>4556<\/td><td>580<\/td><td>187<\/td><td>121,0<\/td><td>120,9<\/td><td>31<\/td><td>66,5<\/td><\/tr><tr><td>S\u00fcdliche Weinstr.<\/td><td>2839<\/td><td>10<\/td><td>301<\/td><td>104<\/td><td>2497<\/td><td>238<\/td><td>100<\/td><td>90,5<\/td><td>90,5<\/td><td>18<\/td><td>52,0<\/td><\/tr><tr><td>S\u00fcdwestpfalz<\/td><td>2132<\/td><td>1<\/td><td>227<\/td><td>71<\/td><td>1833<\/td><td>228<\/td><td>72<\/td><td>75,9<\/td><td>74,9<\/td><td>20<\/td><td>62,0<\/td><\/tr><tr><td>Trier-Saarburg<\/td><td>3531<\/td><td>0<\/td><td>239<\/td><td>86<\/td><td>3207<\/td><td>238<\/td><td>70<\/td><td>46,9<\/td><td>46,8<\/td><td>9<\/td><td>21,2<\/td><\/tr><tr><td>Vulkaneifel<\/td><td>1662<\/td><td>9<\/td><td>142<\/td><td>57<\/td><td>1424<\/td><td>181<\/td><td>66<\/td><td>108,8<\/td><td>108,8<\/td><td>7<\/td><td>35,1<\/td><\/tr><tr><td>Westerwaldkreis<\/td><td>5476<\/td><td>39<\/td><td>468<\/td><td>128<\/td><td>4729<\/td><td>619<\/td><td>276<\/td><td>136,7<\/td><td>136,7<\/td><td>54<\/td><td>93,1<\/td><\/tr><tr><td>KS Frankenthal<\/td><td>1722<\/td><td>7<\/td><td>28<\/td><td>48<\/td><td>1490<\/td><td>184<\/td><td>36<\/td><td>73,8<\/td><td>73,8<\/td><td>4<\/td><td>27,7<\/td><\/tr><tr><td>KS Kaiserslautern<\/td><td>2617<\/td><td>5<\/td><td>230<\/td><td>99<\/td><td>2393<\/td><td>125<\/td><td>58<\/td><td>58,0<\/td><td>54,4<\/td><td>10<\/td><td>37,2<\/td><\/tr><tr><td>KS Koblenz<\/td><td>3554<\/td><td>22<\/td><td>117<\/td><td>119<\/td><td>3082<\/td><td>353<\/td><td>117<\/td><td>102,6<\/td><td>102,6<\/td><td>16<\/td><td>50,4<\/td><\/tr><tr><td>KS Landau i.d.Pf.<\/td><td>1255<\/td><td>4<\/td><td>138<\/td><td>34<\/td><td>1125<\/td><td>96<\/td><td>48<\/td><td>102,4<\/td><td>102,4<\/td><td>9<\/td><td>74,3<\/td><\/tr><tr><td>KS Ludwigshafen<\/td><td>7946<\/td><td>45<\/td><td>174<\/td><td>304<\/td><td>6721<\/td><td>921<\/td><td>295<\/td><td>171,3<\/td><td>171,3<\/td><td>47<\/td><td>110,5<\/td><\/tr><tr><td>KS Mainz<\/td><td>7556<\/td><td>23<\/td><td>295<\/td><td>178<\/td><td>6814<\/td><td>564<\/td><td>248<\/td><td>113,5<\/td><td>113,4<\/td><td>34<\/td><td>68,1<\/td><\/tr><tr><td>KS Neustadt adW<\/td><td>1365<\/td><td>3<\/td><td>101<\/td><td>34<\/td><td>1233<\/td><td>98<\/td><td>45<\/td><td>84,5<\/td><td>84,5<\/td><td>3<\/td><td>17,5<\/td><\/tr><tr><td>KS Pirmasens<\/td><td>1075<\/td><td>1<\/td><td>134<\/td><td>50<\/td><td>896<\/td><td>129<\/td><td>42<\/td><td>104,4<\/td><td>104,4<\/td><td>6<\/td><td>44,6<\/td><\/tr><tr><td>KS Speyer<\/td><td>2276<\/td><td>16<\/td><td>41<\/td><td>80<\/td><td>1949<\/td><td>247<\/td><td>85<\/td><td>168,1<\/td><td>168,1<\/td><td>20<\/td><td>131,2<\/td><\/tr><tr><td>KS Trier<\/td><td>2107<\/td><td>0<\/td><td>112<\/td><td>22<\/td><td>1917<\/td><td>168<\/td><td>58<\/td><td>52,0<\/td><td>52,0<\/td><td>7<\/td><td>26,6<\/td><\/tr><tr><td>KS Worms<\/td><td>3053<\/td><td>17<\/td><td>178<\/td><td>81<\/td><td>2604<\/td><td>368<\/td><td>143<\/td><td>171,2<\/td><td>171,2<\/td><td>21<\/td><td>91,6<\/td><\/tr><tr><td>KS Zweibr\u00fccken<\/td><td>544<\/td><td>0<\/td><td>62<\/td><td>4<\/td><td>501<\/td><td>39<\/td><td>17<\/td><td>49,7<\/td><td>49,7<\/td><td>4<\/td><td>38,0<\/td><\/tr><tr><td><strong>Rheinland-Pfalz<\/strong><\/td><td><strong>119334<\/strong><\/td><td><strong>527<\/strong><\/td><td><strong>7215<\/strong><\/td><td><strong>3342<\/strong><\/td><td><strong>104331 #<\/strong><\/td><td><strong>11661<\/strong><\/td><td><strong>4373<\/strong><\/td><td><strong>106,8<\/strong><\/td><td><strong>105,8<\/strong><\/td><td><strong>729<\/strong><\/td><td><strong>60,9<\/strong><\/td><\/tr><\/tbody><\/table>\n\n\n\n<p><strong>Anmerkungen zur Tabelle<\/strong>&nbsp;<\/p>\n\n\n\n<p>Dargestellt sind ausschlie\u00dflich mittels PCR laborbest\u00e4tigte Meldef\u00e4lle.Als \u201everstorben\u201c gelten F\u00e4lle, die als \u201ean\u201c und \u201emit\u201c COVID-19 verstorben \u00fcbermittelt wurden.<sup>A<\/sup>&nbsp;Genesen wurde wie folgt definiert:a) nicht-verstorben, nicht-hospitalisiert und vor mehr als 21 Tagen ab Datenstichtag erkranktb) nicht-verstorben, hospitalisiert gemeldet und vor mehr als 28 Tagen ab Datenstichtag erkranktc) nicht-verstorben, Hospitalisierung unbekannt und vor mehr als 28 ab Datenstichtag Tagen erkranktSofern kein Erkrankungsdatum vorliegt, wird das gesch\u00e4tzte Erkrankungsdatum aus Meldedatum minus mittlerem Meldeverzug von derzeit 5 Tagen verwendet.<sup>B<\/sup>&nbsp;Errechnet als Differenz aus Gesamtzahl der laborbest\u00e4tigten F\u00e4lle, Verstorbenen und Genesenen.<sup>C<\/sup>&nbsp;COVID-19 Erkrankungen mit Meldedatum der letzten 7 Tage ab Datenstichtag, pro 100.000 Einwohner. Bitte beachten Sie, dass die Gesamtinzidenz der Meldungen in den letzten 7 Tagen f\u00fcr Rheinland-Pfalz \/100.000 Einwohner das mit der Bev\u00f6lkerungszahl der Gebietseinheit gewichtete Mittel und&nbsp;nicht&nbsp;deren arithmetisches Mittel ist.<sup>D<\/sup>&nbsp;USAF = U.S. Armed Forces; Berechnung der Inzidenz \/100.000 unter Ber\u00fccksichtigung der mit Stand vom 30.6.2020 in der Gebietseinheit stationierten U.S. Streitkr\u00e4fte# Die Summe der in Rheinland-Pfalz bereits von COVID-19 Genesenen kann aufgrund eines unterschiedlichen Datenstandes und Bewertungsalgorithmus von der auf dem RKI-Dashboard abweichen.&nbsp;<\/p>\n\n\n\n<p><strong>Anmerkung zur Inzidenz der Menschen \u00fcber 60 Jahre<\/strong>: <\/p>\n\n\n\n<p>Das Risiko, durch eine SARS-CoV-2 Infektion schwer zu erkranken und daran sogar zu versterben steigt ab einem Alter von 60 Jahren sprunghaft an, so dass bei den \u00fcber 85-J\u00e4hrigen im Durchschnitt jeder 4. Infizierte auch daran verstirbt. Bei Abw\u00e4gung der Chancen und Risiken einer schrittweisen \u00d6ffnung der Gesellschaft einerseits und dem individuellen Schutz der Gesundheit andererseits ist es daher von besonderer Bedeutung, die Ausbreitung von Infektionen in der Altersgruppe \u00fcber 60 Jahren zu kontrollieren. Die gesonderte Ausweisung der 7-Tages-Inzidenz f\u00fcr Menschen im Alter von 60 Jahren und \u00e4lter durch das Landesuntersuchungsamt gibt zus\u00e4tzliche Information f\u00fcr die Beurteilung der Wirksamkeit und damit der Steuerung von Infektionsschutzma\u00dfnahmen im Hinblick auf diese besonders vulnerable Gruppe. Gleichzeitig erhalten die B\u00fcrger einen weiteren Zielparameter f\u00fcr den Erfolg ihres gemeinschaftlichen Hygienehandelns in den Kommunen. <\/p>\n\n\n\n<p><em>Kreisverwaltung Rhein-Pfalz-Kreis \/ Kreisvolkshochschule (KVHS)<br>07.04.2021<\/em><\/p>\n\n\n\n<h2 class=\"wp-block-heading\"><strong>Rhein-Pfalz-Kreis erl\u00e4sst\nneue Allgemeinverf\u00fcgung zur Erg\u00e4nzung der Regelungen der <\/strong><strong>18. CoBeLVO<\/strong><\/h2>\n\n\n\n<h3 class=\"wp-block-heading\"><strong>Wieder Ausgangsbeschr\u00e4nkung von 21 bis 5 Uhr<\/strong><\/h3>\n\n\n\n<div class=\"wp-block-image\"><figure class=\"aligncenter\"><img decoding=\"async\" loading=\"lazy\" width=\"500\" height=\"500\" src=\"https:\/\/speyer24news.com\/wp-content\/uploads\/2020\/02\/virus-4810549_1920.png\" alt=\"\" class=\"wp-image-25116\" srcset=\"https:\/\/speyer24news.com\/wp-content\/uploads\/2020\/02\/virus-4810549_1920.png 500w, https:\/\/speyer24news.com\/wp-content\/uploads\/2020\/02\/virus-4810549_1920-150x150.png 150w, https:\/\/speyer24news.com\/wp-content\/uploads\/2020\/02\/virus-4810549_1920-300x300.png 300w\" sizes=\"(max-width: 500px) 100vw, 500px\" \/><\/figure><\/div>\n\n\n\n<p>Der Rhein-Pfalz-Kreis erl\u00e4sst aufgrund der gestiegenen Inzidenzzahlen nach Vorgaben des Landes Rheinland-Pfalz weitere Ma\u00dfnahmen zur Eind\u00e4mmung des Infektionsgeschehens. Da die 7-Tage-Inzidenz pro 100.000 Einwohner im Rhein-Pfalz-Kreis an drei aufeinander folgenden Tagen \u00fcber 100 gestiegen ist, erl\u00e4sst der Landkreis nach Einvernehmen des Landes weitere einschr\u00e4nkende Ma\u00dfnahmen. Die entsprechende Allgemeinverf\u00fcgung tratt am <strong>Karfreitag, 02. April 2021 in Kraft und gilt bis zum Ablauf des 12. April 2021<\/strong>. Die Verf\u00fcgung erg\u00e4nzt die 18. CoBeLVO des Landes Rheinland-Pfalz und ist zu verl\u00e4ngern, wenn die Inzidenz nicht an mehr als sieben aufeinander folgenden Tagen unter 100 sinkt. Die Allgemeinverf\u00fcgung vom 25. M\u00e4rz 2021 wird mit Ablauf des 01. April 2021 aufgehoben.<\/p>\n\n\n\n<p>Nach der neuen Allgemeinverf\u00fcgung ist abweichend\nvon der 18. CoBeLVO der Aufenthalt im \u00f6ffentlichen Raum nur alleine oder mit\nden Angeh\u00f6rigen des eigenen Hausstands und einer Person eines weiteren\nHausstands gestattet. Kinder beider Hausst\u00e4nde bis einschlie\u00dflich sechs Jahre\nwerden nicht eingerechnet. <\/p>\n\n\n\n<h4 class=\"wp-block-heading\">Weitere einschr\u00e4nkende Ma\u00dfnahmen:<\/h4>\n\n\n\n<ul><li>Gewerbliche\nEinrichtungen sind geschlossen und k\u00f6nnen nur \u00f6ffnen, wenn nach vorheriger\nVereinbarung Einzeltermine vergeben worden sind. Dabei haben ausschlie\u00dflich\nAngeh\u00f6rige eines Hausstandes zeitgleich Zutritt. Spontanes Termin-Shopping ist somit\nnicht mehr m\u00f6glich. Abhol-, Liefer-, und Bringdienste sind nach vorheriger\nBestellung weiter zul\u00e4ssig.<em><\/em><\/li><li>Von der\nSchlie\u00dfung der Einrichtungen ausgenommen sind neben den bereits bekannten\nEinrichtungen f\u00fcr den t\u00e4glichen Bedarf sowie dem Gro\u00dfhandel auch Baum\u00e4rkte, Tierbedarfsm\u00e4rkte und Futtermittelm\u00e4rkte,\nReinigungen, Waschsalons, Buchhandlungen, Blumenfachgesch\u00e4fte, G\u00e4rtnereien, Gartenbaubetriebe und Gartenbaum\u00e4rkte.<em><\/em><\/li><li>In den\ngenannten Einrichtungen gilt weiterhin die Maskenpflicht (medizinische\nGesichtsmaske oder vergleichbarer Standard).<em><\/em><\/li><\/ul>\n\n\n\n<ul><li>Kosmetikstudios,\nWellnessmassagesalons, Tattoo- oder Piercing-Studios und \u00e4hnliche Betriebe, die\nnicht medizinischen und hygienischen Gr\u00fcnden dienen, m\u00fcssen schlie\u00dfen, da das\nAbstandsgebot gem\u00e4\u00df 18. CoBeLVO nicht eingehalten werden kann. <\/li><li>Gastronomische\nEinrichtungen sind auch im Au\u00dfenbereich zu schlie\u00dfen. Abhol-, Liefer- und\nBringdienste sind aber weiter m\u00f6glich.<\/li><li>Museen,\nAusstellungen und Galerien sind ebenso von der Schlie\u00dfung betroffen. Lediglich\ndie Au\u00dfenbereiche von Tierparks o.\u00c4. sind abweichend von der 18. CoBeLVO f\u00fcr\nden Publikumsverkehr ge\u00f6ffnet, wobei eine Vorausbuchungspflicht gilt.<\/li><li>Der\nProben- und Auftrittsbetrieb der Breiten- und Laienkultur wird nicht mehr\nm\u00f6glich sein. Gleiches gilt f\u00fcr Gruppenangebote der Kinder- und Jugendarbeit\nund f\u00fcr den au\u00dferschulischen Musik- und Kunstunterricht.<\/li><li>Des\nWeiteren ist die sportliche Bet\u00e4tigung im Amateur- und Freizeitsport in\nEinzelsportarten auf und in allen \u00f6ffentlichen und privaten Sportanlagen\nausschlie\u00dflich im Freien und maximal zu zweit oder mit Personen des eigenen\nHausstands und mit dem geltenden Abstandsgebot zul\u00e4ssig. Mannschaftssport und\nKontaktsportarten sind damit untersagt.<\/li><\/ul>\n\n\n\n<p>Dar\u00fcber hinaus wird erneut eine Ausgangsbeschr\u00e4nkung zwischen 21 und 5 Uhr erlassen. Der Aufenthalt au\u00dferhalb der eigenen Wohnung oder Unterkunft ist in dieser Zeit untersagt. Ausnahmen von dieser Regelung gelten nur bei Vorliegen eines triftigen Grundes wie die Aus\u00fcbung beruflicher T\u00e4tigkeiten, (akute) medizinische oder tier\u00e4rztliche Versorgungsleistungen oder der Besuch des Partners oder der Partnerin.<\/p>\n\n\n\n<div class=\"wp-block-image\"><figure class=\"aligncenter\"><img decoding=\"async\" loading=\"lazy\" width=\"800\" height=\"450\" src=\"https:\/\/speyer24news.com\/wp-content\/uploads\/2021\/03\/Corona-Ausgangsbeschr\u00e4nkung.jpg\" alt=\"\" class=\"wp-image-34473\" srcset=\"https:\/\/speyer24news.com\/wp-content\/uploads\/2021\/03\/Corona-Ausgangsbeschr\u00e4nkung.jpg 800w, https:\/\/speyer24news.com\/wp-content\/uploads\/2021\/03\/Corona-Ausgangsbeschr\u00e4nkung-300x169.jpg 300w, https:\/\/speyer24news.com\/wp-content\/uploads\/2021\/03\/Corona-Ausgangsbeschr\u00e4nkung-768x432.jpg 768w, https:\/\/speyer24news.com\/wp-content\/uploads\/2021\/03\/Corona-Ausgangsbeschr\u00e4nkung-678x381.jpg 678w\" sizes=\"(max-width: 800px) 100vw, 800px\" \/><\/figure><\/div>\n\n\n\n<p>Auch\nVerkaufsst\u00e4tten m\u00fcssen ab 21 Uhr geschlossen sein. Zudem d\u00fcrfen Tankstellen,\nKioske, Einzelhandelsgesch\u00e4fte oder Superm\u00e4rkte in der Zeit zwischen 21 Uhr und\n6 Uhr keinen Alkohol verkaufen. <\/p>\n\n\n\n<p>Sonstige\nRegelungen der aktuellen Landesverordnung bleiben unber\u00fchrt. Die\nAllgemeinverf\u00fcgung des Rhein-Pfalz-Kreises sowie alle weiteren Informationen\nsind auf der Homepage unter <a href=\"http:\/\/www.rhein-pfalz-kreis.de\">www.rhein-pfalz-kreis.de<\/a> einzusehen.<\/p>\n\n\n\n<p>Die einschr\u00e4nkenden Ma\u00dfnahmen dienen dazu, die absehbare \u201edritte Welle\u201c abzuflachen, um die Krankenh\u00e4user und das Gesundheitsamt einer nicht noch st\u00e4rkeren Belastung auszusetzen.<\/p>\n\n\n\n<h4 class=\"wp-block-heading\">Lesen sie hier die Allgemeinverf\u00fcgung als pdf:<\/h4>\n\n\n\n<div class=\"wp-block-file\"><a href=\"https:\/\/speyer24news.com\/wp-content\/uploads\/2021\/04\/2021-04-AV-RPK-Beschr\u00e4nkungen-INZIDENZ-100-NEU.pdf\">2021-04-AV-RPK-Beschr\u00e4nkungen-INZIDENZ-100-NEU<\/a><a href=\"https:\/\/speyer24news.com\/wp-content\/uploads\/2021\/04\/2021-04-AV-RPK-Beschr\u00e4nkungen-INZIDENZ-100-NEU.pdf\" class=\"wp-block-file__button\" download>Herunterladen<\/a><\/div>\n\n\n\n<h4 class=\"wp-block-heading\">Lesen sie hier die Begr\u00fcndungen zur Allgemeinverf\u00fcgung als pdf:<\/h4>\n\n\n\n<div class=\"wp-block-file\"><a href=\"https:\/\/speyer24news.com\/wp-content\/uploads\/2021\/04\/2021-04-AV-RPK-Beschr\u00e4nkungen-INZIDENZ-100-Begr\u00fcndung-LANG.pdf\">2021-04-AV-RPK-Beschr\u00e4nkungen-INZIDENZ-100-Begr\u00fcndung-LANG<\/a><a href=\"https:\/\/speyer24news.com\/wp-content\/uploads\/2021\/04\/2021-04-AV-RPK-Beschr\u00e4nkungen-INZIDENZ-100-Begr\u00fcndung-LANG.pdf\" class=\"wp-block-file__button\" download>Herunterladen<\/a><\/div>\n\n\n\n<p><em>Kreisverwaltung Rhein-Pfalz-Kreis<br>07.04.2021<\/em><\/p>\n","protected":false},"excerpt":{"rendered":"<div class=\"mh-excerpt\"><p>Gefl\u00fcgelpest: Erh\u00f6hte Gefahr durch mobilen Handel Das Landesuntersuchungsamt (LUA) r\u00e4t Gefl\u00fcgelhaltern in Rheinland-Pfalz aktuell zur Vorsicht beim Kauf von Tieren f\u00fcr ihre Best\u00e4nde. Die Gefl\u00fcgelpest (Vogelgrippe) grassiert seit Monaten bei Wildv\u00f6geln, aber auch Best\u00e4nde mit <a class=\"mh-excerpt-more\" href=\"https:\/\/speyer24news.com\/?p=35045\" title=\"Rhein-Pfalz-Kreis\">[&#8230;]<\/a><\/p>\n<\/div>","protected":false},"author":3,"featured_media":0,"comment_status":"open","ping_status":"open","sticky":false,"template":"","format":"standard","meta":{"_monsterinsights_skip_tracking":false,"_monsterinsights_sitenote_active":false,"_monsterinsights_sitenote_note":"","_monsterinsights_sitenote_category":0,"footnotes":""},"categories":[1564],"tags":[8601,7002,10594,8741,8600,8742,9175,10201,8706,6634,9583,9584,1664,3856,427,1565],"aioseo_notices":[],"amp_enabled":true,"_links":{"self":[{"href":"https:\/\/speyer24news.com\/index.php?rest_route=\/wp\/v2\/posts\/35045"}],"collection":[{"href":"https:\/\/speyer24news.com\/index.php?rest_route=\/wp\/v2\/posts"}],"about":[{"href":"https:\/\/speyer24news.com\/index.php?rest_route=\/wp\/v2\/types\/post"}],"author":[{"embeddable":true,"href":"https:\/\/speyer24news.com\/index.php?rest_route=\/wp\/v2\/users\/3"}],"replies":[{"embeddable":true,"href":"https:\/\/speyer24news.com\/index.php?rest_route=%2Fwp%2Fv2%2Fcomments&post=35045"}],"version-history":[{"count":11,"href":"https:\/\/speyer24news.com\/index.php?rest_route=\/wp\/v2\/posts\/35045\/revisions"}],"predecessor-version":[{"id":35059,"href":"https:\/\/speyer24news.com\/index.php?rest_route=\/wp\/v2\/posts\/35045\/revisions\/35059"}],"wp:attachment":[{"href":"https:\/\/speyer24news.com\/index.php?rest_route=%2Fwp%2Fv2%2Fmedia&parent=35045"}],"wp:term":[{"taxonomy":"category","embeddable":true,"href":"https:\/\/speyer24news.com\/index.php?rest_route=%2Fwp%2Fv2%2Fcategories&post=35045"},{"taxonomy":"post_tag","embeddable":true,"href":"https:\/\/speyer24news.com\/index.php?rest_route=%2Fwp%2Fv2%2Ftags&post=35045"}],"curies":[{"name":"wp","href":"https:\/\/api.w.org\/{rel}","templated":true}]}}