{"id":35123,"date":"2021-04-08T07:52:46","date_gmt":"2021-04-08T06:52:46","guid":{"rendered":"https:\/\/speyer24news.com\/?p=35123"},"modified":"2021-04-08T07:52:47","modified_gmt":"2021-04-08T06:52:47","slug":"hassloch-97","status":"publish","type":"post","link":"https:\/\/speyer24news.com\/?p=35123","title":{"rendered":"Ha\u00dfloch"},"content":{"rendered":"<style type=\"text\/css\">\r\n\t.ads_top_disp{}\r\n\t.ads_top_corner_disp{ float:left; margin:0px 10px 10px 0px; }\r\n\t.ads_first_p_disp{}\r\n\t.ads_bottom_disp{}\r\n\t<\/style>\n<h2 class=\"wp-block-heading\">Der Erste Beigeordnete bietet offene Sprechstunden an<\/h2>\n\n\n\n<div class=\"wp-block-image\"><figure class=\"alignleft is-resized\"><img decoding=\"async\" loading=\"lazy\" src=\"https:\/\/speyer24news.com\/wp-content\/uploads\/2021\/04\/Carsten-Borck-Ha\u00dfloch.jpg\" alt=\"\" class=\"wp-image-35124\" width=\"252\" height=\"467\" srcset=\"https:\/\/speyer24news.com\/wp-content\/uploads\/2021\/04\/Carsten-Borck-Ha\u00dfloch.jpg 360w, https:\/\/speyer24news.com\/wp-content\/uploads\/2021\/04\/Carsten-Borck-Ha\u00dfloch-162x300.jpg 162w\" sizes=\"(max-width: 252px) 100vw, 252px\" \/><\/figure><\/div>\n\n\n\n<p>Carsten Borck hat zum 01.04.2021 seine Arbeit als neuer Erster Beigeordneter der Gemeinde  Ha\u00dfloch aufgenommen und m\u00f6chte fortan offene Sprechstunden f\u00fcr interessierte B\u00fcrgerinnen  und B\u00fcrger anbieten. \u201eDer Kontakt zu den Menschen ist mir wichtig. Dar\u00fcber hinaus hilft das  pers\u00f6nliche Gespr\u00e4ch, um einen ersten Eindruck von den Anliegen, W\u00fcnschen, Sorgen und  Fragen der Ha\u00dflocher zu bekommen\u201c, so Carsten Borck.<\/p>\n\n\n\n<p>Die Sprechstunden sollen zun\u00e4chst montags zwischen 16:00 und 17:30 Uhr sowie dienstags  zwischen 11:00 und 12:00 Uhr im Rathaus angeboten werden. Die Sprechstunden sind  bewusst offen gehalten. Vor dem Hintergrund der anhaltenden Corona-Pandemie wird aber  um vorherige Anmeldung gebeten, um Wartezeiten im Rathaus zu vermeiden. Eine  Anmeldung ist \u00fcber das Vorzimmer bei Judith Fuhrmann unter 06324\/935-248 m\u00f6glich. Wer  aufgrund der aktuellen Situation lieber telefonisch mit dem Ersten Beigeordneten sprechen  m\u00f6chte, kann sich hierf\u00fcr ebenfalls mit dem Vorzimmer in Verbindung setzen.  Selbstverst\u00e4ndlich k\u00f6nnen auch unabh\u00e4ngig von den angebotenen Sprechstunden Termine mit  Carsten Borck vereinbart werden. Per Mail ist der Erste Beigeordnete unter  <a href=\"carsten.borck@hassloch.de\">carsten.borck@hassloch.de<\/a> zu erreichen.<\/p>\n\n\n\n<p>In die Zust\u00e4ndigkeit von Carsten Borck f\u00e4llt das Baudezernat. Dazu geh\u00f6ren die Bereiche  Geb\u00e4udemanagement, Bauleitplanung, Bauaufsicht, Tiefbau sowie Angelegenheiten, die den  gemeindeeigenen Bauhof betreffen.<\/p>\n\n\n\n<p><em>Gemeindeverwaltung Ha\u00dfloch<br>08.04.2021<\/em><\/p>\n","protected":false},"excerpt":{"rendered":"<div class=\"mh-excerpt\"><p>Der Erste Beigeordnete bietet offene Sprechstunden an Carsten Borck hat zum 01.04.2021 seine Arbeit als neuer Erster Beigeordneter der Gemeinde Ha\u00dfloch aufgenommen und m\u00f6chte fortan offene Sprechstunden f\u00fcr interessierte B\u00fcrgerinnen und B\u00fcrger anbieten. \u201eDer Kontakt <a class=\"mh-excerpt-more\" href=\"https:\/\/speyer24news.com\/?p=35123\" title=\"Ha\u00dfloch\">[&#8230;]<\/a><\/p>\n<\/div>","protected":false},"author":3,"featured_media":23914,"comment_status":"open","ping_status":"open","sticky":false,"template":"","format":"standard","meta":{"_monsterinsights_skip_tracking":false,"_monsterinsights_sitenote_active":false,"_monsterinsights_sitenote_note":"","_monsterinsights_sitenote_category":0,"footnotes":""},"categories":[235],"tags":[11195,11193,11194,11192,180],"aioseo_notices":[],"amp_enabled":true,"_links":{"self":[{"href":"https:\/\/speyer24news.com\/index.php?rest_route=\/wp\/v2\/posts\/35123"}],"collection":[{"href":"https:\/\/speyer24news.com\/index.php?rest_route=\/wp\/v2\/posts"}],"about":[{"href":"https:\/\/speyer24news.com\/index.php?rest_route=\/wp\/v2\/types\/post"}],"author":[{"embeddable":true,"href":"https:\/\/speyer24news.com\/index.php?rest_route=\/wp\/v2\/users\/3"}],"replies":[{"embeddable":true,"href":"https:\/\/speyer24news.com\/index.php?rest_route=%2Fwp%2Fv2%2Fcomments&post=35123"}],"version-history":[{"count":1,"href":"https:\/\/speyer24news.com\/index.php?rest_route=\/wp\/v2\/posts\/35123\/revisions"}],"predecessor-version":[{"id":35125,"href":"https:\/\/speyer24news.com\/index.php?rest_route=\/wp\/v2\/posts\/35123\/revisions\/35125"}],"wp:featuredmedia":[{"embeddable":true,"href":"https:\/\/speyer24news.com\/index.php?rest_route=\/wp\/v2\/media\/23914"}],"wp:attachment":[{"href":"https:\/\/speyer24news.com\/index.php?rest_route=%2Fwp%2Fv2%2Fmedia&parent=35123"}],"wp:term":[{"taxonomy":"category","embeddable":true,"href":"https:\/\/speyer24news.com\/index.php?rest_route=%2Fwp%2Fv2%2Fcategories&post=35123"},{"taxonomy":"post_tag","embeddable":true,"href":"https:\/\/speyer24news.com\/index.php?rest_route=%2Fwp%2Fv2%2Ftags&post=35123"}],"curies":[{"name":"wp","href":"https:\/\/api.w.org\/{rel}","templated":true}]}}