{"id":35130,"date":"2021-04-08T08:00:32","date_gmt":"2021-04-08T07:00:32","guid":{"rendered":"https:\/\/speyer24news.com\/?p=35130"},"modified":"2021-04-08T08:00:33","modified_gmt":"2021-04-08T07:00:33","slug":"rhein-pfalz-kreis-80","status":"publish","type":"post","link":"https:\/\/speyer24news.com\/?p=35130","title":{"rendered":"Rhein-Pfalz-Kreis"},"content":{"rendered":"<style type=\"text\/css\">\r\n\t.ads_top_disp{}\r\n\t.ads_top_corner_disp{ float:left; margin:0px 10px 10px 0px; }\r\n\t.ads_first_p_disp{}\r\n\t.ads_bottom_disp{}\r\n\t<\/style>\n<h2 class=\"wp-block-heading\"><strong>Coronavirus: Aktuelle Fallzahlen im Zust\u00e4ndigkeitsbereich des Gesundheitsamtes Rhein-Pfalz-Kreis<\/strong><\/h2>\n\n\n\n<figure class=\"wp-block-image\"><img decoding=\"async\" loading=\"lazy\" width=\"800\" height=\"400\" src=\"https:\/\/speyer24news.com\/wp-content\/uploads\/2020\/02\/virus-1812092_1920.jpg\" alt=\"\" class=\"wp-image-25128\" srcset=\"https:\/\/speyer24news.com\/wp-content\/uploads\/2020\/02\/virus-1812092_1920.jpg 800w, https:\/\/speyer24news.com\/wp-content\/uploads\/2020\/02\/virus-1812092_1920-300x150.jpg 300w, https:\/\/speyer24news.com\/wp-content\/uploads\/2020\/02\/virus-1812092_1920-768x384.jpg 768w\" sizes=\"(max-width: 800px) 100vw, 800px\" \/><\/figure>\n\n\n\n<p>Die Kreisverwaltung Rhein-Pfalz-Kreis \u00fcbermittelt\neine \u00dcbersicht der Infektionszahlen aus ihrem Zust\u00e4ndigkeitsbereich des\nGesundheitsamtes. In den Zust\u00e4ndigkeitsbereich des Gesundheitsamtes\nRhein-Pfalz-Kreis geh\u00f6ren neben dem Landkreis auch die St\u00e4dte Ludwigshafen,\nFrankenthal und Speyer. <\/p>\n\n\n\n<h4 class=\"wp-block-heading\">Im Folgenden erhalten Sie Meldung \u00fcber die\nCovid-19 Fallzahlen vom 07.04.2021:<\/h4>\n\n\n\n<table class=\"wp-block-table\"><tbody><tr><td>LK\/SK\/Ort   <\/td><td>Infizierte seit Beginn der   Pandemie   <\/td><td>Aktuell infizierte Personen   <\/td><td>Heute neu infizierte Personen   <\/td><td>Gesundete bzw. nicht mehr   infizierte Personen   <\/td><td>Leider an oder mit Covid-19 verstorbene   Personen   <\/td><td>Heute verstorben gemeldet   <\/td><\/tr><tr><td>\n  _AH\n  <\/td><td>\n  6\n  <\/td><td>\n  &nbsp;\n  <\/td><td>\n  &nbsp;\n  <\/td><td>\n  6\n  <\/td><td>\n  &nbsp;\n  <\/td><td>\n  &nbsp;\n  <\/td><\/tr><tr><td>\n  Altrip\n  <\/td><td>\n  217\n  <\/td><td>\n  19\n  <\/td><td>\n  &nbsp;\n  <\/td><td>\n  181\n  <\/td><td>\n  17\n  <\/td><td>\n  &nbsp;\n  <\/td><\/tr><tr><td>\n  Beindersheim\n  <\/td><td>\n  96\n  <\/td><td>\n  10\n  <\/td><td>\n  1\n  <\/td><td>\n  85\n  <\/td><td>\n  1\n  <\/td><td>\n  &nbsp;\n  <\/td><\/tr><tr><td>\n  Birkenheide\n  <\/td><td>\n  80\n  <\/td><td>\n  7\n  <\/td><td>\n  &nbsp;\n  <\/td><td>\n  71\n  <\/td><td>\n  2\n  <\/td><td>\n  &nbsp;\n  <\/td><\/tr><tr><td>\n  Bobenheim-Roxheim\n  <\/td><td>\n  272\n  <\/td><td>\n  43\n  <\/td><td>\n  10\n  <\/td><td>\n  229\n  <\/td><td>\n  &nbsp;\n  <\/td><td>\n  &nbsp;\n  <\/td><\/tr><tr><td>\n  B\u00f6hl-Iggelheim\n  <\/td><td>\n  366\n  <\/td><td>\n  46\n  <\/td><td>\n  3\n  <\/td><td>\n  306\n  <\/td><td>\n  14\n  <\/td><td>\n  &nbsp;\n  <\/td><\/tr><tr><td>\n  Dannstadt-Schauernheim\n  <\/td><td>\n  220\n  <\/td><td>\n  17\n  <\/td><td>\n  4\n  <\/td><td>\n  199\n  <\/td><td>\n  4\n  <\/td><td>\n  &nbsp;\n  <\/td><\/tr><tr><td>\n  Dudenhofen\n  <\/td><td>\n  315\n  <\/td><td>\n  26\n  <\/td><td>\n  1\n  <\/td><td>\n  274\n  <\/td><td>\n  15\n  <\/td><td>\n  &nbsp;\n  <\/td><\/tr><tr><td>\n  Fu\u00dfg\u00f6nheim\n  <\/td><td>\n  93\n  <\/td><td>\n  22\n  <\/td><td>\n  &nbsp;\n  <\/td><td>\n  68\n  <\/td><td>\n  3\n  <\/td><td>\n  &nbsp;\n  <\/td><\/tr><tr><td>\n  Gro\u00dfniedesheim\n  <\/td><td>\n  39\n  <\/td><td>\n  1\n  <\/td><td>\n  &nbsp;\n  <\/td><td>\n  38\n  <\/td><td>\n  &nbsp;\n  <\/td><td>\n  &nbsp;\n  <\/td><\/tr><tr><td>\n  Hanhofen\n  <\/td><td>\n  101\n  <\/td><td>\n  18\n  <\/td><td>\n  &nbsp;\n  <\/td><td>\n  82\n  <\/td><td>\n  1\n  <\/td><td>\n  &nbsp;\n  <\/td><\/tr><tr><td>\n  Harthausen\n  <\/td><td>\n  163\n  <\/td><td>\n  29\n  <\/td><td>\n  &nbsp;\n  <\/td><td>\n  122\n  <\/td><td>\n  12\n  <\/td><td>\n  &nbsp;\n  <\/td><\/tr><tr><td>\n  He\u00dfheim\n  <\/td><td>\n  91\n  <\/td><td>\n  5\n  <\/td><td>\n  &nbsp;\n  <\/td><td>\n  83\n  <\/td><td>\n  3\n  <\/td><td>\n  &nbsp;\n  <\/td><\/tr><tr><td>\n  Heuchelheim\n  <\/td><td>\n  26\n  <\/td><td>\n  5\n  <\/td><td>\n  1\n  <\/td><td>\n  21\n  <\/td><td>\n  &nbsp;\n  <\/td><td>\n  &nbsp;\n  <\/td><\/tr><tr><td>\n  Hochdorf-Assenheim\n  <\/td><td>\n  78\n  <\/td><td>\n  11\n  <\/td><td>\n  &nbsp;\n  <\/td><td>\n  66\n  <\/td><td>\n  1\n  <\/td><td>\n  &nbsp;\n  <\/td><\/tr><tr><td>\n  Kleinniedesheim\n  <\/td><td>\n  28\n  <\/td><td>\n  3\n  <\/td><td>\n  1\n  <\/td><td>\n  25\n  <\/td><td>\n  &nbsp;\n  <\/td><td>\n  &nbsp;\n  <\/td><\/tr><tr><td>\n  Lambsheim\n  <\/td><td>\n  170\n  <\/td><td>\n  19\n  <\/td><td>\n  &nbsp;\n  <\/td><td>\n  148\n  <\/td><td>\n  3\n  <\/td><td>\n  &nbsp;\n  <\/td><\/tr><tr><td>\n  Limburgerhof\n  <\/td><td>\n  362\n  <\/td><td>\n  45\n  <\/td><td>\n  &nbsp;\n  <\/td><td>\n  305\n  <\/td><td>\n  12\n  <\/td><td>\n  &nbsp;\n  <\/td><\/tr><tr><td>\n  Maxdorf\n  <\/td><td>\n  266\n  <\/td><td>\n  12\n  <\/td><td>\n  &nbsp;\n  <\/td><td>\n  225\n  <\/td><td>\n  29\n  <\/td><td>\n  &nbsp;\n  <\/td><\/tr><tr><td>\n  Mutterstadt\n  <\/td><td>\n  508\n  <\/td><td>\n  45\n  <\/td><td>\n  6\n  <\/td><td>\n  431\n  <\/td><td>\n  32\n  <\/td><td>\n  &nbsp;\n  <\/td><\/tr><tr><td>\n  Neuhofen\n  <\/td><td>\n  228\n  <\/td><td>\n  15\n  <\/td><td>\n  &nbsp;\n  <\/td><td>\n  200\n  <\/td><td>\n  13\n  <\/td><td>\n  &nbsp;\n  <\/td><\/tr><tr><td>\n  Otterstadt\n  <\/td><td>\n  117\n  <\/td><td>\n  7\n  <\/td><td>\n  1\n  <\/td><td>\n  108\n  <\/td><td>\n  2\n  <\/td><td>\n  &nbsp;\n  <\/td><\/tr><tr><td>\n  R\u00f6dersheim-Gronau\n  <\/td><td>\n  79\n  <\/td><td>\n  11\n  <\/td><td>\n  3\n  <\/td><td>\n  66\n  <\/td><td>\n  2\n  <\/td><td>\n  &nbsp;\n  <\/td><\/tr><tr><td>\n  R\u00f6merberg\n  <\/td><td>\n  467\n  <\/td><td>\n  53\n  <\/td><td>\n  &nbsp;\n  <\/td><td>\n  403\n  <\/td><td>\n  11\n  <\/td><td>\n  &nbsp;\n  <\/td><\/tr><tr><td>\n  Schifferstadt\n  <\/td><td>\n  841\n  <\/td><td>\n  87\n  <\/td><td>\n  1\n  <\/td><td>\n  733\n  <\/td><td>\n  21\n  <\/td><td>\n  &nbsp;\n  <\/td><\/tr><tr><td>\n  Waldsee\n  <\/td><td>\n  187\n  <\/td><td>\n  20\n  <\/td><td>\n  &nbsp;\n  <\/td><td>\n  158\n  <\/td><td>\n  9\n  <\/td><td>\n  &nbsp;\n  <\/td><\/tr><tr><td>\n  &nbsp;\n  <\/td><td>\n  &nbsp;\n  <\/td><td>\n  &nbsp;\n  <\/td><td>\n  &nbsp;\n  <\/td><td>\n  &nbsp;\n  <\/td><td>\n  &nbsp;\n  <\/td><td>\n  &nbsp;\n  <\/td><\/tr><tr><td>\n  <strong>LK Rhein-Pfalz-Kreis<\/strong>\n  <\/td><td>\n  <strong>5416<\/strong>\n  <\/td><td>\n  <strong>576<\/strong>\n  <\/td><td>\n  <strong>32<\/strong>\n  <\/td><td>\n  <strong>4633<\/strong>\n  <\/td><td>\n  <strong>207<\/strong>\n  <\/td><td>\n  <strong>&nbsp;<\/strong>\n  <\/td><\/tr><tr><td>\n  <strong>SK Frankenthal<\/strong>\n  <\/td><td>\n  <strong>1731<\/strong>\n  <\/td><td>\n  <strong>159<\/strong>\n  <\/td><td>\n  <strong>4<\/strong>\n  <\/td><td>\n  <strong>1522<\/strong>\n  <\/td><td>\n  <strong>49<\/strong>\n  <\/td><td>\n  <strong>1<\/strong>\n  <\/td><\/tr><tr><td>\n  <strong>SK Ludwigshafen<\/strong>\n  <\/td><td>\n  <strong>8097<\/strong>\n  <\/td><td>\n  <strong>1013<\/strong>\n  <\/td><td>\n  <strong>54<\/strong>\n  <\/td><td>\n  <strong>6778<\/strong>\n  <\/td><td>\n  <strong>306<\/strong>\n  <\/td><td>\n  <strong>&nbsp;<\/strong>\n  <\/td><\/tr><tr><td>\n  <strong>SK Speyer<\/strong>\n  <\/td><td>\n  <strong>2306<\/strong>\n  <\/td><td>\n  <strong>264<\/strong>\n  <\/td><td>\n  <strong>6<\/strong>\n  <\/td><td>\n  <strong>1962<\/strong>\n  <\/td><td>\n  <strong>80<\/strong>\n  <\/td><td>\n  <strong>&nbsp;<\/strong>\n  <\/td><\/tr><tr><td>\n  &nbsp;\n  <\/td><td>\n  &nbsp;\n  <\/td><td>\n  &nbsp;\n  <\/td><td>\n  &nbsp;\n  <\/td><td>\n  &nbsp;\n  <\/td><td>\n  &nbsp;\n  <\/td><td>\n  &nbsp;\n  <\/td><\/tr><tr><td>\n  <strong>Summe:<\/strong>\n  <\/td><td>\n  <strong>17550<\/strong>\n  <\/td><td>\n  <strong>2012<\/strong>\n  <\/td><td>\n  <strong>96<\/strong>\n  <\/td><td>\n  <strong>14895<\/strong>\n  <\/td><td>\n  <strong>642<\/strong>\n  <\/td><td>\n  <strong>1<\/strong>\n  <\/td><\/tr><\/tbody><\/table>\n\n\n\n<p>Quelle: SurvNet@RKI<\/p>\n\n\n\n<p>&nbsp;_AH: Personen mit\nHauptwohnsitz au\u00dferhalb des Zust\u00e4ndigkeitsbereiches des Gesundheitsamts aber\nmit fehlerhaften Meldekreis \u201eLK Rhein-Pfalz-Kreis\u201c. Es wird gepr\u00fcft, ob diese\nnoch nachtr\u00e4glich richtig zugeordnet werden k\u00f6nnen. <\/p>\n\n\n\n<p>Aus den Einrichtungen wurden uns keine neuen Corona-Virus-Ausbr\u00fcche gemeldet.<\/p>\n\n\n\n<p>Weiterhin sind die Zahlen der mit dem Coronavirus infizierten Personen seit\nBeginn des Ausbruchs und die aktuellen Zahlen auf der Seite des Landesuntersuchungsamtes\nunter www.lua.rlp einzusehen. <\/p>\n\n\n\n<p>Die Kreisverwaltung Rhein-Pfalz-Kreis weist darauf hin, dass es zu Differenzen durch zeitlich versetzte Eingabezeiten zu den Zahlen des Landesuntersuchungsamtes bzw. des Robert-Koch-Institutes kommen kann.<\/p>\n\n\n\n<p><em>Kreisverwaltung Rhein-Pfalz-Kreis<br>08.04.2021<\/em><\/p>\n","protected":false},"excerpt":{"rendered":"<div class=\"mh-excerpt\"><p>Coronavirus: Aktuelle Fallzahlen im Zust\u00e4ndigkeitsbereich des Gesundheitsamtes Rhein-Pfalz-Kreis Die Kreisverwaltung Rhein-Pfalz-Kreis \u00fcbermittelt eine \u00dcbersicht der Infektionszahlen aus ihrem Zust\u00e4ndigkeitsbereich des Gesundheitsamtes. In den Zust\u00e4ndigkeitsbereich des Gesundheitsamtes Rhein-Pfalz-Kreis geh\u00f6ren neben dem Landkreis auch die St\u00e4dte Ludwigshafen, <a class=\"mh-excerpt-more\" href=\"https:\/\/speyer24news.com\/?p=35130\" title=\"Rhein-Pfalz-Kreis\">[&#8230;]<\/a><\/p>\n<\/div>","protected":false},"author":3,"featured_media":0,"comment_status":"open","ping_status":"open","sticky":false,"template":"","format":"standard","meta":{"_monsterinsights_skip_tracking":false,"_monsterinsights_sitenote_active":false,"_monsterinsights_sitenote_note":"","_monsterinsights_sitenote_category":0,"footnotes":""},"categories":[1564],"tags":[8741,8742,8706,6634,7245,427,1565],"aioseo_notices":[],"amp_enabled":true,"_links":{"self":[{"href":"https:\/\/speyer24news.com\/index.php?rest_route=\/wp\/v2\/posts\/35130"}],"collection":[{"href":"https:\/\/speyer24news.com\/index.php?rest_route=\/wp\/v2\/posts"}],"about":[{"href":"https:\/\/speyer24news.com\/index.php?rest_route=\/wp\/v2\/types\/post"}],"author":[{"embeddable":true,"href":"https:\/\/speyer24news.com\/index.php?rest_route=\/wp\/v2\/users\/3"}],"replies":[{"embeddable":true,"href":"https:\/\/speyer24news.com\/index.php?rest_route=%2Fwp%2Fv2%2Fcomments&post=35130"}],"version-history":[{"count":2,"href":"https:\/\/speyer24news.com\/index.php?rest_route=\/wp\/v2\/posts\/35130\/revisions"}],"predecessor-version":[{"id":35132,"href":"https:\/\/speyer24news.com\/index.php?rest_route=\/wp\/v2\/posts\/35130\/revisions\/35132"}],"wp:attachment":[{"href":"https:\/\/speyer24news.com\/index.php?rest_route=%2Fwp%2Fv2%2Fmedia&parent=35130"}],"wp:term":[{"taxonomy":"category","embeddable":true,"href":"https:\/\/speyer24news.com\/index.php?rest_route=%2Fwp%2Fv2%2Fcategories&post=35130"},{"taxonomy":"post_tag","embeddable":true,"href":"https:\/\/speyer24news.com\/index.php?rest_route=%2Fwp%2Fv2%2Ftags&post=35130"}],"curies":[{"name":"wp","href":"https:\/\/api.w.org\/{rel}","templated":true}]}}