{"id":35140,"date":"2021-04-08T10:53:11","date_gmt":"2021-04-08T09:53:11","guid":{"rendered":"https:\/\/speyer24news.com\/?p=35140"},"modified":"2021-04-08T10:56:31","modified_gmt":"2021-04-08T09:56:31","slug":"mannheim-18","status":"publish","type":"post","link":"https:\/\/speyer24news.com\/?p=35140","title":{"rendered":"Mannheim"},"content":{"rendered":"<style type=\"text\/css\">\r\n\t.ads_top_disp{}\r\n\t.ads_top_corner_disp{ float:left; margin:0px 10px 10px 0px; }\r\n\t.ads_first_p_disp{}\r\n\t.ads_bottom_disp{}\r\n\t<\/style>\n<h2 class=\"wp-block-heading\">Stadtbibliothek: Deutsch-franz\u00f6sische Vorlesestunde online<\/h2>\n\n\n\n<p>In der Reihe \u201eColibri \u2013 interkulturelle Angebote der Stadtbibliothek Mannheim\u201c findet eine bilinguale Vorlesestunde online live in Kooperation mit dem Institut Fran\u00e7ais mit den Vorleserinnen Aude Mandil-Dettlinger und Manuela Richter in den Sprachen Deutsch und Franz\u00f6sisch am<\/p>\n\n\n\n<p><strong>Samstag, 17. April, 14 Uhr, statt.<\/strong><\/p>\n\n\n\n<p>Vorgelesen wird das Bilderbuch \u201ePfoten hoch!\u201c \/ \u201eHaut les pattes!\u201c von Catharina Valckx abwechselnd in beiden Sprachen.<\/p>\n\n\n\n<p>Die Veranstaltung ist kostenlos, eine Anmeldung per ist erforderlich unter E-Mail: <a href=\"stadtbibliothek.kinderbibliothek@mannheim.de\">stadtbibliothek.kinderbibliothek@mannheim.de<\/a> oder telefonisch unter 0621\/ 293-8916. Die Zugangsdaten werden nach Anmeldung per E-Mail verschickt.<\/p>\n\n\n\n<p><em>Stadt Mannheim<br>08.04.2021<\/em><\/p>\n\n\n\n<h2 class=\"wp-block-heading\">B\u00fccher, Goodie Bags und Gleichgesinnte: Stadtbibliothek Mannheim startet digitalen Leseclub<\/h2>\n\n\n\n<h3 class=\"wp-block-heading\">Die Stadtbibliothek Mannheim startet einen Leseclub f\u00fcr alle zwischen 16 und 21 Jahren.<\/h3>\n\n\n\n<p>In den Online-Leserunden treffen sich Gleichgesinnte, um gemeinsam zu lesen, neue B\u00fccher und Autor*innen zu entdecken und sich \u00fcber das Gelesene auszutauschen.<\/p>\n\n\n\n<p>Der digitale Leseclub startet am<\/p>\n\n\n\n<p><strong>Donnerstag, 15. April, 17 Uhr.<\/strong><\/p>\n\n\n\n<p>Gelesen und vorgeschlagen werden alle B\u00fccher aus allen Genres: Alltags- und Liebesromane genauso wie Krimis und Fantasyromane. Geplant sind auch virtuelle Treffen mit Buchblogger\/innen und Bookstagramer\/innen.<\/p>\n\n\n\n<p>Die Veranstaltung ist kostenlos, eine Anmeldung ist erforderlich, eine kurze Email mit dem Betreff \u201eDigitaler Leseclub\u201c an <a href=\"stadtbibliothek.zentralbibliothek@mannheim.de\">stadtbibliothek.zentralbibliothek@mannheim.de<\/a> gen\u00fcgt.<\/p>\n\n\n\n<p>Die ersten f\u00fcnf Teilnehmenden erhalten eine \u201eGoodie Bag\u201c mit kleinen \u00dcberraschungen f\u00fcr gem\u00fctliche Lesestunden.<\/p>\n\n\n\n<p><em>Stadt Mannheim<br>08.04.2021<\/em><\/p>\n\n\n\n<h2 class=\"wp-block-heading\">Stadtbibliothek: Online-Lesung von und mit Kristin Wolz<\/h2>\n\n\n\n<p>An einem fr\u00fchen Sonntagmorgen steht die Polizei samt Leichenwagen vor dem Haus. Was ist geschehen? Bei der Online-Lesung der Stadtbibliothek Mannheim am<\/p>\n\n\n\n<p><strong>Dienstag, 13. April, 19 Uhr,<\/strong><\/p>\n\n\n\n<p>geht Autorin Kristin Wolz der Sache auf den Grund. In ihrem Roman \u201eGeranien f\u00fcr den K\u00f6nig\u201c wird die Hausgemeinschaft von gleich acht Parteien j\u00e4h gest\u00f6rt. Eigentlich glaubte man, einander zu kennen\u2026 Doch in Wahrheit wissen sie nichts voneinander und sind dennoch in einem vielstimmigen Geflecht verbunden, das von Heimlichkeiten und Spannungen gepr\u00e4gt ist.<\/p>\n\n\n\n<p>Durch ein Kaleidoskop beleuchtet Kristin Wolz diese Gemeinschaft mit ihren Gl\u00fccksgeschichten und \u00fcberraschenden Trag\u00f6dien.<\/p>\n\n\n\n<p>Die Veranstaltung ist kostenlos und findet online statt, eine Anmeldung per E-Mail ist erforderlich unter <a href=\"stadtbibliothek.zentralbibliothek@mannheim.de\">stadtbibliothek.zentralbibliothek@mannheim.de<\/a>.<\/p>\n\n\n\n<p>Die Teilnehmerzahl ist begrenzt.<\/p>\n\n\n\n<p><em>Stadt Mannheim<br>08.04.2021<\/em><\/p>\n\n\n\n<h2 class=\"wp-block-heading\">Stadtbibliothek: Medienmittwoch stellt Podcasts vor<\/h2>\n\n\n\n<p>Podcasts erfreuen sich auch in Deutschland einer immer gr\u00f6\u00dfer werdenden Beliebtheit. Beim Medienmittwoch \u201eRadio mal anders\u201c am<\/p>\n\n\n\n<p><strong>14. April, 17 Uhr,<\/strong><\/p>\n\n\n\n<p>widmet sich die Stadtbibliothek Mannheim dem Thema und stellt verschiedene Podcasts aus dem Programm vor.<\/p>\n\n\n\n<p>Die Veranstaltung ist kostenlos und findet digital statt, eine Anmeldung vorab per E-Mail unter <a href=\"stadtbibliothek.zentralbibliothek@mannheim.de\">stadtbibliothek.zentralbibliothek@mannheim.de<\/a> oder gerne auch telefonisch unter 0621\/ 293 8933 ist erforderlich. Die Teilnehmerzahl ist begrenzt.<\/p>\n\n\n\n<p>Weitere Informationen finden sich auf der <a href=\"https:\/\/www.mannheim.de\/de\/bildung-staerken\/stadtbibliothek\/veranstaltungen\/medienmittwoch-und-bib-tour\">Homepage der Stadtbibliothek Mannheim<\/a>.<\/p>\n\n\n\n<p><em>Stadt Mannheim<br>08.04.2021<\/em><\/p>\n\n\n\n<h2 class=\"wp-block-heading\">Informationsveranstaltung zur T\u00e4tigkeit als Tagesmutter oder -vater<\/h2>\n\n\n\n<p>Wer den eigenen Alltag gerne mit kleinen Kindern gestaltet, verantwortungsbewusst und kooperativ ist, findet in der Kindertagespflege einen Weg zwischen reiner Familien- und\/oder voller Berufst\u00e4tigkeit.<\/p>\n\n\n\n<p>Der Fokus bei der Kindertagespflege liegt in der Bildung, Erziehung und Betreuung von Kindern im Alter von bis zu drei Jahren. Um als Kindertagespflegeperson t\u00e4tig werden zu d\u00fcrfen, wird eine Erlaubnis des Jugendamts ben\u00f6tigt. Diese wird bei pers\u00f6nlicher Eignung und nach erfolgreicher Qualifizierung erteilt.<\/p>\n\n\n\n<p>Der Fachdienst Kindertagespflege des Fachbereichs Jugendamt und Gesundheitsamt der Stadt Mannheim informiert<\/p>\n\n\n\n<p><strong>am Mittwoch, 14. April 2021, um 9:30 Uhr,<\/strong><\/p>\n\n\n\n<p>\u00fcber alle Fragen rund um die T\u00e4tigkeit einer Kindertagespflegeperson.<\/p>\n\n\n\n<p>Wer sich daf\u00fcr interessiert, meldet sich bitte vorab an, per E-Mail an: <a href=\"kinder.tagespflege@mannheim.de\">kinder.tagespflege@mannheim.de<\/a> oder telefonisch unter: 0621-293 3734.<\/p>\n\n\n\n<p>Die Informationsveranstaltung findet via Videokonferenz statt. Nach Anmeldung erhalten die Interessent*innen alle weiteren Informationen per E-Mail. Sofern eine Teilnahme an der Videokonferenz nicht m\u00f6glich ist, vereinbaren die Fachkr\u00e4fte gerne einen telefonischen Gespr\u00e4chstermin.<\/p>\n\n\n\n<p><em>Stadt Mannheim<br>08.04.2021<\/em><\/p>\n\n\n\n<h1 class=\"wp-block-heading\" style=\"text-align:center\">Corona-Virus<\/h1>\n\n\n\n<figure class=\"wp-block-image\"><img decoding=\"async\" loading=\"lazy\" width=\"800\" height=\"346\" src=\"https:\/\/speyer24news.com\/wp-content\/uploads\/2020\/02\/coronavirus-4817450_1920.jpg\" alt=\"\" class=\"wp-image-25126\" srcset=\"https:\/\/speyer24news.com\/wp-content\/uploads\/2020\/02\/coronavirus-4817450_1920.jpg 800w, https:\/\/speyer24news.com\/wp-content\/uploads\/2020\/02\/coronavirus-4817450_1920-300x130.jpg 300w, https:\/\/speyer24news.com\/wp-content\/uploads\/2020\/02\/coronavirus-4817450_1920-768x332.jpg 768w\" sizes=\"(max-width: 800px) 100vw, 800px\" \/><\/figure>\n\n\n\n<h2 class=\"wp-block-heading\">Schnelltests f\u00fcr Mannheimer Kitas mit Unterst\u00fctzung von Rettungsdiensten und der Feuerwehr ausgeliefert<\/h2>\n\n\n\n<div class=\"wp-block-image\"><figure class=\"aligncenter\"><img decoding=\"async\" loading=\"lazy\" width=\"800\" height=\"435\" src=\"https:\/\/speyer24news.com\/wp-content\/uploads\/2021\/04\/20210406_Einsatz-Verteilung-Tests.jpg\" alt=\"\" class=\"wp-image-35144\" srcset=\"https:\/\/speyer24news.com\/wp-content\/uploads\/2021\/04\/20210406_Einsatz-Verteilung-Tests.jpg 800w, https:\/\/speyer24news.com\/wp-content\/uploads\/2021\/04\/20210406_Einsatz-Verteilung-Tests-300x163.jpg 300w, https:\/\/speyer24news.com\/wp-content\/uploads\/2021\/04\/20210406_Einsatz-Verteilung-Tests-768x418.jpg 768w\" sizes=\"(max-width: 800px) 100vw, 800px\" \/><figcaption>Die Rettungsdienste der Stadt lieferten heute die Selbsttests f\u00fcr Kinder an alle Kindertagesst\u00e4tten in Mannheim aus.<\/figcaption><\/figure><\/div>\n\n\n\n<p>Schnelltests f\u00fcr alle Kitas: Auslieferung mit Hilfe aller Hilfsorganisationen aus dem Bereich Katastrophenschutz und Sanit\u00e4tsdienst erfolgreich durchgef\u00fchrt, Beginn der Testungen nach den Osterferien<\/p>\n\n\n\n<p>Die Stadt Mannheim hat durch das Bildungsdezernat der Stadt Mannheim eine gro\u00dfangelegte Testaktion f\u00fcr die Mannheimer Kinder und ihre Familien auf den Weg gebracht. Am 6. April wurden in einer erneuten Kooperation mit den Mannheimer Rettungsdiensten Corona-Schnelltests und tausende von Schutzmasken an Kitas ausgeliefert. Die Stadt Mannheim und die beiden Kirchen haben selber die Verteilung an ihre Einrichtungen \u00fcbernommen, die Rettungsdienste versorgten die kleinen freien Tr\u00e4ger. Logistisches Drehkreuz des Geschehens war die Hauptfeuerwache Mannheim. Insgesamt stellt die Stadt den Kitas aller Tr\u00e4ger in Mannheim 110.000 Tests zur Verf\u00fcgung.<\/p>\n\n\n\n<p>Im Auftrag des Verwaltungsstabs der Stadt Mannheim hatte das Dezernat Bildung, Jugend, Gesundheit die Regie des Projekts \u00fcbernommen und Nasaltests und Spucktests in entsprechenden Gr\u00f6\u00dfenordnungen bereitgestellt. Bereits seit Anfang April lief ein Pilotprojekt in zw\u00f6lf st\u00e4dtischen Kinderh\u00e4usern, bei dem Nasal- und Spucktests zum Einsatz kamen und das auf sehr positive Resonanz stie\u00df. Mit der Auslieferung an die Kitas aller Tr\u00e4ger startet dann die freiwillige Testung von Kita-Kindern stadtweit. Nachdem das Personal der Kitas sich bereits seit 22.02.2021 im Rahmen eines st\u00e4dtischen Projekts zweimal w\u00f6chentlich freiwillig auf Corona testen kann, k\u00f6nnen nun auch die Kinder mit den einfach zu handhabenden Antigenschnelltests zuhause auf das Coronavirus getestet werden. Dabei werden die Eltern aktiv einbezogen: Sie bekommen die Testkits in ihrer Kita ausgeh\u00e4ndigt, f\u00fchren den Test zuhause durch und erhalten somit Klarheit und Sicherheit, bevor die Kinder in die Betreuung gehen.<\/p>\n\n\n\n<p>\u201eIch freue mich sehr dar\u00fcber, dass wir es erneut geschafft haben, innerhalb k\u00fcrzester Zeit die ben\u00f6tigten Tests zu beschaffen und dank der Unterst\u00fctzung unserer Feuerwehr und der Rettungsdienste rechtzeitig vor Ende der Osterferien in die Einrichtungen zu bringen. Die M\u00f6glichkeit zur Testung der Kinder gibt Sicherheit f\u00fcr Eltern, Kinder und unsere Besch\u00e4ftigten in den Einrichtungen. Dieses Projekt erweitert die Perspektive auf dem Weg zur\u00fcck in einen normalen Alltag unserer Stadtgesellschaft. Mein Dank gilt allen Beteiligten in der Verwaltung, insbesondere unseren unmittelbar in den Kinderh\u00e4usern Besch\u00e4ftigten, unseren Partnern von den Rettungsdiensten und auch den Eltern und den Kindern, die sich jetzt an den Testungen beteiligen werden\u201c, \u00e4u\u00dfert sich Dirk Grunert, B\u00fcrgermeister Bildung, Jugend, Gesundheit der Stadt Mannheim.<\/p>\n\n\n\n<p>Wie schon bei der ersten gro\u00dfen Testprojektion Ende Februar waren auch diesmal die Deutsche Lebensrettungsgesellschaft (DLRG) und der Malteser Hilfsdienst, die Johanniter-Unfallhilfe (JUH) und das Deutsche Rote Kreuz (DRK) sowie der Arbeiter-Samariter-Bund im Einsatz.<\/p>\n\n\n\n<p>\u201eHeute sind alle Mannheimer Hilfsorganisationen in die Aktion eingebunden, die gemeinschaftlich in guter Zusammenarbeit und mit Freude die Aufgabe \u00fcbernommen haben, die Kitas in der Stadt mit Schnelltests auszustatten. Wir freuen uns, in der Pandemie der Bev\u00f6lkerung und der Stadt Mannheim hilfreich zur Seite zu stehen\u201c, erkl\u00e4rte Andr\u00e9 K\u00fchner als Koordinator der Hilfsorganisationen im Rettungsdienst und Katastrophenschutz.<\/p>\n\n\n\n<p>Auch die Auslieferung an die Schulen wurde gestartet. Ein Beginn der Testungen der Sch\u00fcler*innen h\u00e4ngt dort davon ab, wann der Unterricht wieder in Pr\u00e4senz startet. Nach derzeitigem Stand ist f\u00fcr viele Schulen ein Start des Pr\u00e4senzunterrichtes (als Wechselunterricht) erst ab dem 19.04.2021 vorgesehen.<\/p>\n\n\n\n<p><em>Stadt Mannheim<br>08.04.2021<\/em><\/p>\n\n\n\n<h2 class=\"wp-block-heading\">400. Aktuelle Meldung zu Corona 07.04.2021<\/h2>\n\n\n\n<ol><li><strong>Aktuelle Fallzahlen<\/strong><\/li><li><strong>Zus\u00e4tzliche Impftermine f\u00fcr B\u00fcrger*innen des Jahrgangs 1942<\/strong><\/li><li><strong>&#8222;10 Tage f\u00fcr Mannheim: Testen und zuhause bleiben&#8220;<\/strong><\/li><\/ol>\n\n\n\n<h4 class=\"wp-block-heading\">1. Aktuelle Fallzahlen \u2013 Zahl der nachgewiesenen Corona-F\u00e4lle erh\u00f6ht sich auf 13.002\/ Ein weiterer Todesfall<\/h4>\n\n\n\n<p>Dem Gesundheitsamt wurden bis heute Nachmittag, 07.04.2021, 16 Uhr, 104 weitere F\u00e4lle einer nachgewiesenen Coronavirus-Infektion gemeldet. Die Zahl der best\u00e4tigten F\u00e4lle in Mannheim erh\u00f6ht sich auf insgesamt 13.002.<\/p>\n\n\n\n<p>Das Gesundheitsamt der Stadt Mannheim best\u00e4tigt heute einen weiteren Todesfall im Zusammenhang mit dem Coronavirus in Mannheim. Ein \u00fcber 40 Jahre alter Mann verstarb in einem Mannheimer Krankenhaus. Insgesamt hat es in Mannheim seit Beginn der Pandemie 264 Todesf\u00e4lle im Zusammenhang mit dem Coronavirus gegeben.<\/p>\n\n\n\n<p>Das Gesundheitsamt nimmt Kontakt zu den positiv mit einem PCR-Test getesteten F\u00e4llen auf, nachdem der Laborbefund im Gesundheitsamt vorliegt. Im ersten Schritt ermittelt das Gesundheitsamt die Kontaktpersonen der nachgewiesen Infizierten, insbesondere im Bereich der sogenannten vulnerablen Gruppen. Diese werden nach Entscheidung und fachlicher Einsch\u00e4tzung durch das Gesundheitsamt auf das Virus getestet.<\/p>\n\n\n\n<p>Alle beteiligten \u00c4rzte, Gesundheitsbeh\u00f6rden sowie das Kompetenzzentrum Gesundheitsschutz am Landesgesundheitsamt arbeiten dabei eng zusammen. Die Mehrheit aller in Mannheim bislang nachgewiesenen Infizierten zeigen nur milde Krankheitsanzeichen und k\u00f6nnen in h\u00e4uslicher Quarant\u00e4ne verbleiben. Bislang gelten in Mannheim 11.459 Personen als genesen, die h\u00e4usliche Quarant\u00e4ne wurde bei ihnen aufgehoben. Damit gibt es in Mannheim 1.279 akute Infektionsf\u00e4lle.<\/p>\n\n\n\n<p>Das Gesundheitsamt appelliert an die B\u00fcrgerinnen und B\u00fcrger, sich auch bei geringen Krankheitszeichen wie Schnupfen, Husten oder leichtem Fieber sofort testen zu lassen. Sollte ein Selbsttest durchgef\u00fchrt worden sein, weist das Gesundheitsamt darauf hin, dass, bei einem positiven Ergebnis, die dringende Empfehlung besteht, unverz\u00fcglich einen PCR-Test zur Best\u00e4tigung des Ergebnisses durchf\u00fchren zu lassen. Ein PCR-Test kann nach vorheriger R\u00fccksprache in einer niedergelassenen Praxis, in einer Schwerpunktpraxis, in der Fieberambulanz oder einem Testzentrum mit PCR-Testangebot erfolgen. Bis zum Erhalt des Ergebnisses besteht entsprechend der Vorgabe des Landes in der Corona Verordnung Absonderung die Vorgabe, sich in h\u00e4usliche Absonderung zu begeben und Kontakte bestm\u00f6glich zu vermeiden. Damit helfen Sie aktiv, eventuelle Infektionsketten mit einer Weiterverbreitung des Virus zu unterbrechen.<\/p>\n\n\n\n<p>Ist der PCR-Test ebenfalls positiv, muss man sich unverz\u00fcglich in h\u00e4usliche Absonderung begeben. In einem solchen Fall greifen die Absonderungspflichten aus der CoronaVO Absonderung.<\/p>\n\n\n\n<p>Informationen dazu unter: <a href=\"https:\/\/sozialministerium.baden-wuerttemberg.de\/de\/gesundheit-pflege\/gesundheitsschutz\/infektionsschutz-hygiene\/informationen-zu-coronavirus\/faq-selbsttest\/\">https:\/\/sozialministerium.baden-wuerttemberg.de\/de\/gesundheit-pflege\/gesundheitsschutz\/infektionsschutz-hygiene\/informationen-zu-coronavirus\/faq-selbsttest\/<\/a><\/p>\n\n\n\n<p>Sobald das Landesgesundheitsamt Baden-W\u00fcrttemberg die Inzidenz f\u00fcr den Stadtkreis Mannheim ver\u00f6ffentlicht, ist sie unter <a href=\"http:\/\/www.mannheim.de\/inzidenzzahl\">www.mannheim.de\/inzidenzzahl<\/a> einzusehen.<\/p>\n\n\n\n<h4 class=\"wp-block-heading\">2. Zus\u00e4tzliche Impftermine f\u00fcr B\u00fcrger*innen des Jahrgangs 1942<\/h4>\n\n\n\n<p>Die Stadt Mannheim verschickt ab heute nach und nach ein Schreiben an alle B\u00fcrger\/innen des Geburtsjahrgangs 1942 mit Hauptwohnsitz in Mannheim. Sie werden gebeten, den Briefeingang zu beachten. Die Schreiben erreichen die B\u00fcrger\/innen sukzessive und sollen denjenigen, die \u00fcber die Telefonnummer 116117 keinen Termin erhalten haben, die M\u00f6glichkeit geben, einen Impftermin zu vereinbaren. Es sind auch kurzfristige Termine verf\u00fcgbar.<\/p>\n\n\n\n<p>Das Schreiben beinhaltet eine spezielle Telefonnummer und eine individualisierte Zugangsnummer, um Missbrauch zu vermeiden. \u00dcber dieses Schreiben wird also \u2013 zus\u00e4tzlich zur M\u00f6glichkeit einer Buchung \u00fcber die 116117 \u2013 eine Terminvergabe f\u00fcr diesen berechtigten Personenkreis gesichert.<\/p>\n\n\n\n<p>Weiterhin ist eine schnellere Buchung \u00fcber die 116117 und <a href=\"http:\/\/www.impfterminservice.de\">www.impfterminservice.de<\/a> m\u00f6glich und empfehlenswert.<\/p>\n\n\n\n<p>Zuvor wurden bereits alle \u00fcber 80-j\u00e4hrigen Mannheimer\/innen sowie Einwohner\/innen des Jahrgangs 1941 angeschrieben. Diese werden weiterhin gebeten, zu pr\u00fcfen, ob der Brief eingegangen ist und die M\u00f6glichkeit der gesonderten Buchung rasch zu nutzen, wenn sie \u00fcber die zentrale Anmeldung noch keinen Impftermin erhalten haben.<\/p>\n\n\n\n<p>Die Stadt pr\u00fcft, ob die Aktion mit weiteren Jahrg\u00e4ngen fortgesetzt werden kann. Dies h\u00e4ngt von weiteren Entscheidungen des Landes ab.<\/p>\n\n\n\n<h4 class=\"wp-block-heading\">3. &#8222;10 Tage f\u00fcr Mannheim: Testen und zuhause bleiben&#8220; \u2013 OB Dr. Kurz ruft zu Kontaktreduktion und Achtsamkeit auf, um die Welle zu brechen<\/h4>\n\n\n\n<p>Zehn Tage Ruhe, m\u00f6glichst keine und auf jeden Fall keine riskanten Kontakte und am Anfang und am Ende dieser Zeit sich selbst testen: Oberb\u00fcrgermeister Dr. Peter Kurz ist sicher: \u201eDas kann dieses Jahr ver\u00e4ndern\u201c. Deshalb ruft er die Mannheimer*innen auf, die ruhige Osterzeit, in der Schulen und viele Kitas geschlossen sind und viele Menschen Urlaub haben, zu nutzen, um die Welle der Infektionen zu brechen. \u201eLassen Sie uns gemeinsam etwas f\u00fcr Mannheim tun, zeigen, was wir gemeinsam erreichen k\u00f6nnen. Wenn viele mitmachen, k\u00f6nnen wir den Verlauf der Pandemie \u00e4ndern\u201c, appellierte der Oberb\u00fcrgermeister in einer Videobotschaft vor Ostern.<\/p>\n\n\n\n<p>Die Videobotschaft des Oberb\u00fcrgermeisters kann unter <a href=\"https:\/\/www.mannheim.de\/de\/informationen-zu-corona\/10-tage-fuer-mannheim\">https:\/\/www.mannheim.de\/de\/informationen-zu-corona\/10-tage-fuer-mannheim<\/a> angesehen werden.<\/p>\n\n\n\n<p>Eine Karten\u00fcbersicht \u00fcber die Testzentren ist unter <a href=\"https:\/\/www.gis-mannheim.de\/mannheim\/index.php?service=testzentren_mapping\">https:\/\/www.gis-mannheim.de\/mannheim\/index.php?service=testzentren_mapping<\/a> zu finden.<\/p>\n\n\n\n<p>Eine Listendarstellung finden Sie unter: <a href=\"https:\/\/gis-mannheim.de\/mannheim\/mod_geofinder\/testzentrum.php\">https:\/\/gis-mannheim.de\/mannheim\/mod_geofinder\/testzentrum.php<\/a><\/p>\n\n\n\n<p>Informationen rund um das Coronavirus stehen unter <a href=\"https:\/\/www.mannheim.de\/de\/corona\">https:\/\/www.mannheim.de\/de\/corona<\/a><\/p>\n\n\n\n<h2 class=\"wp-block-heading\">399. Aktuelle Meldung zu Corona 06.04.2021<\/h2>\n\n\n\n<ol><li><strong>Aktuelle Fallzahlen<\/strong><\/li><li><strong>Schnelltests f\u00fcr Mannheimer Kitas ausgeliefert mit Unterst\u00fctzung von Rettungsdiensten und der Feuerwehr<\/strong><\/li><li><strong>Zus\u00e4tzliche Impftermine f\u00fcr B\u00fcrger*innen des Jahrgangs 1942<\/strong><\/li><li><strong>&#8222;10 Tage f\u00fcr Mannheim: Testen und zuhause bleiben&#8220; \u2013 OB Dr. Kurz ruft zu Kontaktreduktion und Achtsamkeit auf, um die Welle zu brechen<\/strong><\/li><\/ol>\n\n\n\n<h4 class=\"wp-block-heading\">1. Aktuelle Fallzahlen \u2013 Zahl der nachgewiesenen Corona-F\u00e4lle erh\u00f6ht sich auf 12.898<\/h4>\n\n\n\n<p>Dem Gesundheitsamt wurden bis heute Nachmittag, 06.04.2021, 16 Uhr, 40 weitere F\u00e4lle einer nachgewiesenen Coronavirus-Infektion gemeldet. Die Zahl der best\u00e4tigten F\u00e4lle in Mannheim erh\u00f6ht sich auf insgesamt 12.898.<\/p>\n\n\n\n<p>Das Gesundheitsamt nimmt Kontakt zu den positiv mit einem PCR-Test getesteten F\u00e4llen auf, nachdem der Laborbefund im Gesundheitsamt vorliegt. Im ersten Schritt ermittelt das Gesundheitsamt die Kontaktpersonen der nachgewiesen Infizierten, insbesondere im Bereich der sogenannten vulnerablen Gruppen. Diese werden nach Entscheidung und fachlicher Einsch\u00e4tzung durch das Gesundheitsamt auf das Virus getestet.<\/p>\n\n\n\n<p>Alle beteiligten \u00c4rzte, Gesundheitsbeh\u00f6rden sowie das Kompetenzzentrum Gesundheitsschutz am Landesgesundheitsamt arbeiten dabei eng zusammen. Die Mehrheit aller in Mannheim bislang nachgewiesenen Infizierten zeigen nur milde Krankheitsanzeichen und k\u00f6nnen in h\u00e4uslicher Quarant\u00e4ne verbleiben. Bislang gelten in Mannheim 11.374 Personen als genesen, die h\u00e4usliche Quarant\u00e4ne wurde bei ihnen aufgehoben. Damit gibt es in Mannheim 1.261 akute Infektionsf\u00e4lle.<\/p>\n\n\n\n<p>Das Gesundheitsamt appelliert an die B\u00fcrgerinnen und B\u00fcrger, sich auch bei geringen Krankheitszeichen wie Schnupfen, Husten oder leichtem Fieber sofort testen zu lassen. Sollte ein Selbsttest durchgef\u00fchrt worden sein, weist das Gesundheitsamt darauf hin, dass, bei einem positiven Ergebnis, die dringende Empfehlung besteht, unverz\u00fcglich einen PCR-Test zur Best\u00e4tigung des Ergebnisses durchf\u00fchren zu lassen. Ein PCR-Test kann nach vorheriger R\u00fccksprache in einer niedergelassenen Praxis, in einer Schwerpunktpraxis, in der Fieberambulanz oder einem Testzentrum mit PCR-Testangebot erfolgen. Bis zum Erhalt des Ergebnisses besteht entsprechend der Vorgabe des Landes in der Corona Verordnung Absonderung die Vorgabe, sich in h\u00e4usliche Absonderung zu begeben und Kontakte bestm\u00f6glich zu vermeiden. Damit helfen Sie aktiv, eventuelle Infektionsketten mit einer Weiterverbreitung des Virus zu unterbrechen.<\/p>\n\n\n\n<p>Ist der PCR-Test ebenfalls positiv, muss man sich unverz\u00fcglich in h\u00e4usliche Absonderung begeben. In einem solchen Fall greifen die Absonderungspflichten aus der CoronaVO Absonderung.<\/p>\n\n\n\n<p>Informationen dazu unter: <a href=\"https:\/\/sozialministerium.baden-wuerttemberg.de\/de\/gesundheit-pflege\/gesundheitsschutz\/infektionsschutz-hygiene\/informationen-zu-coronavirus\/faq-selbsttest\/\">https:\/\/sozialministerium.baden-wuerttemberg.de\/de\/gesundheit-pflege\/gesundheitsschutz\/infektionsschutz-hygiene\/informationen-zu-coronavirus\/faq-selbsttest\/<\/a><\/p>\n\n\n\n<p>Sobald das Landesgesundheitsamt Baden-W\u00fcrttemberg die Inzidenz f\u00fcr den Stadtkreis Mannheim ver\u00f6ffentlicht, ist sie unter <a href=\"http:\/\/www.mannheim.de\/inzidenzzahl\">www.mannheim.de\/inzidenzzahl<\/a> einzusehen.<\/p>\n\n\n\n<h4 class=\"wp-block-heading\">2. Schnelltests f\u00fcr Mannheimer Kitas ausgeliefert mit Unterst\u00fctzung von Rettungsdiensten und der Feuerwehr<\/h4>\n\n\n\n<p>Schnelltests f\u00fcr alle Kitas: Auslieferung mit Hilfe aller Hilfsorganisationen aus dem Bereich Katastrophenschutz und Sanit\u00e4tsdienst erfolgreich durchgef\u00fchrt, Beginn der Testungen nach den Osterferien<\/p>\n\n\n\n<p>Die Stadt Mannheim hat durch das Bildungsdezernat der Stadt Mannheim eine gro\u00dfangelegte Testaktion f\u00fcr die Mannheimer Kinder und ihre Familien auf den Weg gebracht. Am 06.04.2021 wurden in einer erneuten Kooperation mit den Mannheimer Rettungsdiensten Corona-Schnelltests und tausende von Schutzmasken an Kitas ausgeliefert. Die Stadt Mannheim und die beiden Kirchen haben selbst die Verteilung an ihre Einrichtungen \u00fcbernommen, die Rettungsdienste versorgten die kleinen freien Tr\u00e4ger. Logistisches Drehkreuz des Geschehens war die Hauptfeuerwache Mannheim. Insgesamt stellt die Stadt den Kitas aller Tr\u00e4ger in Mannheim 110.000 Tests zur Verf\u00fcgung.<\/p>\n\n\n\n<p>Im Auftrag des Verwaltungsstabs der Stadt Mannheim hatte das Dezernat Bildung, Jugend, Gesundheit die Regie des Projekts \u00fcbernommen und Nasaltests und Spucktests in entsprechenden Gr\u00f6\u00dfenordnungen bereitgestellt. Bereits seit Anfang April lief ein Pilotprojekt in zw\u00f6lf st\u00e4dtischen Kinderh\u00e4usern, bei dem Nasal- und Spucktests zum Einsatz kamen und das auf sehr positive Resonanz stie\u00df. Mit der Auslieferung an die Kitas aller Tr\u00e4ger startet dann die freiwillige Testung von Kita-Kindern stadtweit. Nachdem das Personal der Kitas sich bereits seit 22.02.2021 im Rahmen eines st\u00e4dtischen Projekts zweimal w\u00f6chentlich freiwillig auf Corona testen kann, k\u00f6nnen nun auch die Kinder mit den einfach zu handhabenden Antigenschnelltests zuhause auf das Coronavirus getestet werden. Dabei werden die Eltern aktiv einbezogen: Sie bekommen die Testkits in ihrer Kita ausgeh\u00e4ndigt, f\u00fchren den Test zuhause durch und erhalten somit Klarheit und Sicherheit, bevor die Kinder in die Betreuung gehen.<\/p>\n\n\n\n<p>\u201eIch freue mich sehr dar\u00fcber, dass wir es erneut geschafft haben, innerhalb k\u00fcrzester Zeit die ben\u00f6tigten Tests zu beschaffen und dank der Unterst\u00fctzung unserer Feuerwehr und der Rettungsdienste rechtzeitig vor Ende der Osterferien in die Einrichtungen zu bringen. Die M\u00f6glichkeit zur Testung der Kinder gibt Sicherheit f\u00fcr Eltern, Kinder und unsere Besch\u00e4ftigten in den Einrichtungen. Dieses Projekt erweitert die Perspektive auf dem Weg zur\u00fcck in einen normalen Alltag unserer Stadtgesellschaft. Mein Dank gilt allen Beteiligten in der Verwaltung, insbesondere unseren unmittelbar in den Kinderh\u00e4usern Besch\u00e4ftigten, unseren Partnern von den Rettungsdiensten und auch den Eltern und den Kindern, die sich jetzt an den Testungen beteiligen werden\u201c, \u00e4u\u00dfert sich Dirk Grunert, B\u00fcrgermeister Bildung, Jugend, Gesundheit der Stadt Mannheim unter dessen Leitung die Verteilaktion stattfand.<\/p>\n\n\n\n<p>Wie schon bei der ersten gro\u00dfen Testprojektion Ende Februar waren auch diesmal die Deutsche Lebensrettungsgesellschaft (DLRG) und der Malteser Hilfsdienst, die Johanniter-Unfallhilfe (JUH) und das Deutsche Rote Kreuz (DRK) sowie der Arbeiter-Samariter-Bund im Einsatz.<\/p>\n\n\n\n<p>\u201eHeute sind alle Mannheimer Hilfsorganisationen in die Aktion eingebunden, die gemeinschaftlich in guter Zusammenarbeit und mit Freude die Aufgabe \u00fcbernommen haben, die Kitas in der Stadt mit Schnelltests auszustatten. Wir freuen uns, in der Pandemie der Bev\u00f6lkerung und der Stadt Mannheim hilfreich zur Seite zu stehen\u201c, erkl\u00e4rte Andr\u00e9 K\u00fchner als Koordinator der Hilfsorganisationen im Rettungsdienst und Katastrophenschutz.<\/p>\n\n\n\n<p>Auch die Auslieferung an die Schulen wurde gestartet. Ein Beginn der Testungen der Sch\u00fcler*innen h\u00e4ngt dort davon ab, wann der Unterricht wieder in Pr\u00e4senz startet. Nach derzeitigem Stand ist f\u00fcr viele Schulen ein Start des Pr\u00e4senzunterrichtes (als Wechselunterricht) erst ab dem 19.04.2021 vorgesehen.<\/p>\n\n\n\n<h4 class=\"wp-block-heading\">3. Zus\u00e4tzliche Impftermine f\u00fcr B\u00fcrger*innen des Jahrgangs 1942<\/h4>\n\n\n\n<p>Die Stadt Mannheim verschickt ab morgen nach und nach ein Schreiben an alle B\u00fcrger\/innen des Geburtsjahrgangs 1942 mit Hauptwohnsitz in Mannheim. Sie werden gebeten, den Briefeingang zu beachten. Die Schreiben erreichen die B\u00fcrger\/innen sukzessive und sollen denjenigen, die \u00fcber die Telefonnummer 116117 keinen Termin erhalten haben, die M\u00f6glichkeit geben, einen Impftermin zu vereinbaren. Es sind auch kurzfristige Termine verf\u00fcgbar.<\/p>\n\n\n\n<p>Das Schreiben beinhaltet eine spezielle Telefonnummer und eine individualisierte Zugangsnummer, um Missbrauch zu vermeiden. \u00dcber dieses Schreiben wird also \u2013 zus\u00e4tzlich zur M\u00f6glichkeit einer Buchung \u00fcber die 116117 \u2013 eine Terminvergabe f\u00fcr diesen berechtigten Personenkreis gesichert.<\/p>\n\n\n\n<p>Weiterhin ist eine schnellere Buchung \u00fcber die 116117 und <a href=\"http:\/\/www.impfterminservice.de\">www.impfterminservice.de<\/a> m\u00f6glich und empfehlenswert.<\/p>\n\n\n\n<p>Zuvor wurden bereits alle \u00fcber 80-j\u00e4hrigen Mannheimer\/innen sowie Einwohner\/innen des Jahrgangs 1941 angeschrieben. Diese werden weiterhin gebeten, zu pr\u00fcfen, ob der Brief eingegangen ist und die M\u00f6glichkeit der gesonderten Buchung rasch zu nutzen, wenn sie \u00fcber die zentrale Anmeldung noch keinen Impftermin erhalten haben.<\/p>\n\n\n\n<p>Die Stadt pr\u00fcft, ob die Aktion mit weiteren Jahrg\u00e4ngen fortgesetzt werden kann. Dies h\u00e4ngt von weiteren Entscheidungen des Landes ab.<\/p>\n\n\n\n<h4 class=\"wp-block-heading\">4. &#8222;10 Tage f\u00fcr Mannheim: Testen und zuhause bleiben&#8220; \u2013 OB Dr. Kurz ruft zu Kontaktreduktion und Achtsamkeit auf, um die Welle zu brechen<\/h4>\n\n\n\n<p>Zehn Tage Ruhe, m\u00f6glichst keine und auf jeden Fall keine riskanten Kontakte und am Anfang und am Ende dieser Zeit sich selbst testen: Oberb\u00fcrgermeister Dr. Peter Kurz ist sicher: \u201eDas kann dieses Jahr ver\u00e4ndern\u201c. Deshalb ruft er die Mannheimer*innen auf, die ruhige Osterzeit, in der Schulen und viele Kitas geschlossen sind und viele Menschen Urlaub haben, zu nutzen, um die Welle der Infektionen zu brechen. \u201eLassen Sie uns gemeinsam etwas f\u00fcr Mannheim tun, zeigen, was wir gemeinsam erreichen k\u00f6nnen. Wenn viele mitmachen, k\u00f6nnen wir den Verlauf der Pandemie \u00e4ndern\u201c, appellierte der Oberb\u00fcrgermeister in einer Videobotschaft vor Ostern.<\/p>\n\n\n\n<p>Die Videobotschaft des Oberb\u00fcrgermeisters kann unter <a href=\"https:\/\/www.mannheim.de\/de\/informationen-zu-corona\/10-tage-fuer-mannheim\">https:\/\/www.mannheim.de\/de\/informationen-zu-corona\/10-tage-fuer-mannheim<\/a> angesehen werden.<\/p>\n\n\n\n<p>Eine Karten\u00fcbersicht \u00fcber die Testzentren ist unter <a href=\"https:\/\/www.gis-mannheim.de\/mannheim\/index.php?service=testzentren_mapping\">https:\/\/www.gis-mannheim.de\/mannheim\/index.php?service=testzentren_mapping<\/a> zu finden.<\/p>\n\n\n\n<p>Eine Listendarstellung finden Sie unter: <a href=\"https:\/\/gis-mannheim.de\/mannheim\/mod_geofinder\/testzentrum.php\">https:\/\/gis-mannheim.de\/mannheim\/mod_geofinder\/testzentrum.php<\/a><\/p>\n\n\n\n<p>Informationen rund um das Coronavirus stehen unter <a href=\"https:\/\/www.mannheim.de\/de\/corona\">https:\/\/www.mannheim.de\/de\/corona<\/a>.<\/p>\n\n\n\n<h2 class=\"wp-block-heading\">398. Aktuelle Meldung zu Corona 05.04.2021<\/h2>\n\n\n\n<ol><li><strong>Aktuelle Fallzahlen<\/strong><\/li><li><strong>\u201e10 Tage f\u00fcr Mannheim: Testen und zuhause bleiben\u201c &#8211; OB Dr. Kurz ruft zu Kontaktreduktion und Achtsamkeit \u00fcber die Osterzeit auf, um die Welle zu brechen<\/strong><\/li><\/ol>\n\n\n\n<h4 class=\"wp-block-heading\">1. Aktuelle Fallzahlen \u2013 Zahl der nachgewiesenen Corona-F\u00e4lle erh\u00f6ht sich auf 12.858<\/h4>\n\n\n\n<p>Dem Gesundheitsamt wurden bis heute Nachmittag, 05.04.2021, 16 Uhr, 29 weitere F\u00e4lle einer nachgewiesenen Coronavirus-Infektion gemeldet. Die Zahl der best\u00e4tigten F\u00e4lle in Mannheim erh\u00f6ht sich auf insgesamt 12.858.<br>Das Gesundheitsamt nimmt Kontakt zu den positiv mit einem PCR-Test getesteten F\u00e4llen auf, nachdem der Laborbefund im Gesundheitsamt vorliegt. Im ersten Schritt ermittelt das Gesundheitsamt die Kontaktpersonen der nachgewiesen Infizierten, insbesondere im Bereich der sogenannten vulnerablen Gruppen. Diese werden nach Entscheidung und fachlicher Einsch\u00e4tzung durch das Gesundheitsamt auf das Virus getestet.<br>Alle beteiligten \u00c4rzte, Gesundheitsbeh\u00f6rden sowie das Kompetenzzentrum Gesundheitsschutz am Landesgesundheitsamt arbeiten dabei eng zusammen. Die Mehrheit aller in Mannheim bislang nachgewiesenen Infizierten zeigen nur milde Krankheitsanzeichen und k\u00f6nnen in h\u00e4uslicher Quarant\u00e4ne verbleiben. Bislang gelten in Mannheim 11.299 Personen als genesen, die h\u00e4usliche Quarant\u00e4ne wurde bei ihnen aufgehoben. Damit gibt es in Mannheim 1296 akute Infektionsf\u00e4lle.<br>Das Gesundheitsamt appelliert an die B\u00fcrgerinnen und B\u00fcrger, sich auch bei geringen Krankheitszeichen wie Schnupfen, Husten oder leichtem Fieber sofort testen zu lassen. Sollte ein Selbsttest durchgef\u00fchrt worden sein, weist das Gesundheitsamt darauf hin, dass, bei einem positiven Ergebnis, die dringende Empfehlung besteht, unverz\u00fcglich einen PCR-Test zur Best\u00e4tigung des Ergebnisses durchf\u00fchren zu lassen. Ein PCR-Test kann nach vorheriger R\u00fccksprache in einer niedergelassenen Praxis, in einer Schwerpunktpraxis, in der Fieberambulanz oder einem Testzentrum mit PCR-Testangebot erfolgen. Bis zum Erhalt des Ergebnisses besteht entsprechend der Vorgabe des Landes in der Corona Verordnung Absonderung die Vorgabe, sich in h\u00e4usliche Absonderung zu begeben und Kontakte bestm\u00f6glich zu vermeiden. Damit helfen Sie aktiv, eventuelle Infektionsketten mit einer Weiterverbreitung des Virus zu unterbrechen.<br>Ist der PCR-Test ebenfalls positiv, muss man sich unverz\u00fcglich in h\u00e4usliche Absonderung begeben. In einem solchen Fall greifen die Absonderungspflichten aus der CoronaVO Absonderung.<br>Informationen dazu unter: <a href=\"https:\/\/sozialministerium.baden-wuerttemberg.de\/de\/gesundheit-pflege\/gesundheitsschutz\/infektionsschutz-hygiene\/informationen-zu-coronavirus\/faq-selbsttest\/\">https:\/\/sozialministerium.baden-wuerttemberg.de\/de\/gesundheit-pflege\/gesundheitsschutz\/infektionsschutz-hygiene\/informationen-zu-coronavirus\/faq-selbsttest\/<\/a><br>Sobald das Landesgesundheitsamt Baden-W\u00fcrttemberg die Inzidenz f\u00fcr den Stadtkreis Mannheim ver\u00f6ffentlicht, ist sie unter <a href=\"http:\/\/www.mannheim.de\/inzidenzzahl\">www.mannheim.de\/inzidenzzahl<\/a> einzusehen.<\/p>\n\n\n\n<h4 class=\"wp-block-heading\">2. \u201e10 Tage f\u00fcr Mannheim: Testen und zuhause bleiben\u201c &#8211; OB Dr. Kurz ruft zu Kontaktreduktion und Achtsamkeit \u00fcber die Osterzeit auf, um die Welle zu brechen<\/h4>\n\n\n\n<p>Zehn Tage Ruhe, m\u00f6glichst keine und auf jeden Fall keine riskanten Kontakte und am Anfang und am Ende dieser Zeit sich selbst testen: Oberb\u00fcrgermeister Dr. Peter Kurz ist sicher: \u201eDas kann dieses Jahr ver\u00e4ndern\u201c. Deshalb ruft er die Mannheimer*innen auf, die ruhige Osterzeit, in der Schulen und viele Kitas geschlossen sind und viele Menschen Urlaub haben, zu nutzen, um die Welle der Infektionen zu brechen. \u201eLassen Sie uns gemeinsam etwas f\u00fcr Mannheim tun, zeigen, was wir gemeinsam erreichen k\u00f6nnen. Wenn viele mitmachen, k\u00f6nnen wir den Verlauf der Pandemie \u00e4ndern\u201c, appelliert der Oberb\u00fcrgermeister in einer Videobotschaft vor Ostern.<\/p>\n\n\n\n<p>Die Videobotschaft des Oberb\u00fcrgermeisters kann unter <a href=\"https:\/\/www.mannheim.de\/de\/informationen-zu-corona\/10-tage-fuer-mannheim\">https:\/\/www.mannheim.de\/de\/informationen-zu-corona\/10-tage-fuer-mannheim<\/a> angesehen werden.<\/p>\n\n\n\n<p>Eine Karten\u00fcbersicht \u00fcber die Testzentren ist unter <a href=\"https:\/\/www.gis-mannheim.de\/mannheim\/index.php?service=testzentren_mapping\">https:\/\/www.gis-mannheim.de\/mannheim\/index.php?service=testzentren_mapping<\/a> zu finden.<\/p>\n\n\n\n<p>Eine Listendarstellung finden Sie unter: <a href=\"https:\/\/gis-mannheim.de\/mannheim\/mod_geofinder\/testzentrum.php\">https:\/\/gis-mannheim.de\/mannheim\/mod_geofinder\/testzentrum.php<\/a><\/p>\n\n\n\n<p>Informationen rund um das Coronavirus stehen unter <a href=\"https:\/\/www.mannheim.de\/de\/corona\">https:\/\/www.mannheim.de\/de\/corona<\/a> bereit.<\/p>\n\n\n\n<h2 class=\"wp-block-heading\">397. Aktuelle Meldung zu Corona 04.04.2021<\/h2>\n\n\n\n<ol><li><strong>Aktuelle Fallzahlen<\/strong><\/li><li><strong>\u201e10 Tage f\u00fcr Mannheim: Testen und zuhause bleiben\u201c &#8211; OB Dr. Kurz ruft zu Kontaktreduktion und Achtsamkeit \u00fcber die Osterzeit auf, um die Welle zu brechen<\/strong><\/li><\/ol>\n\n\n\n<h4 class=\"wp-block-heading\">1. Aktuelle Fallzahlen \u2013 Zahl der nachgewiesenen Corona-F\u00e4lle erh\u00f6ht sich auf 12.829<\/h4>\n\n\n\n<p>Dem Gesundheitsamt wurden bis heute Nachmittag, 04.04.2021, 16 Uhr, 37 weitere F\u00e4lle einer nachgewiesenen Coronavirus-Infektion gemeldet. Die Zahl der best\u00e4tigten F\u00e4lle in Mannheim erh\u00f6ht sich auf insgesamt 12.829.<\/p>\n\n\n\n<p>Das Gesundheitsamt nimmt Kontakt zu den positiv mit einem PCR-Test getesteten F\u00e4llen auf, nachdem der Laborbefund im Gesundheitsamt vorliegt. Im ersten Schritt ermittelt das Gesundheitsamt die Kontaktpersonen der nachgewiesen Infizierten, insbesondere im Bereich der sogenannten vulnerablen Gruppen. Diese werden nach Entscheidung und fachlicher Einsch\u00e4tzung durch das Gesundheitsamt auf das Virus getestet.<\/p>\n\n\n\n<p>Alle beteiligten \u00c4rzte, Gesundheitsbeh\u00f6rden sowie das Kompetenzzentrum Gesundheitsschutz am Landesgesundheitsamt arbeiten dabei eng zusammen. Die Mehrheit aller in Mannheim bislang nachgewiesenen Infizierten zeigen nur milde Krankheitsanzeichen und k\u00f6nnen in h\u00e4uslicher Quarant\u00e4ne verbleiben. Bislang gelten in Mannheim 11.218 Personen als genesen, die h\u00e4usliche Quarant\u00e4ne wurde bei ihnen aufgehoben. Damit gibt es in Mannheim 1348 akute Infektionsf\u00e4lle.<\/p>\n\n\n\n<p>Das Gesundheitsamt appelliert an die B\u00fcrgerinnen und B\u00fcrger, sich auch bei geringen Krankheitszeichen wie Schnupfen, Husten oder leichtem Fieber sofort testen zu lassen. Sollte ein Selbsttest durchgef\u00fchrt worden sein, weist das Gesundheitsamt darauf hin, dass, bei einem positiven Ergebnis, die dringende Empfehlung besteht, unverz\u00fcglich einen PCR-Test zur Best\u00e4tigung des Ergebnisses durchf\u00fchren zu lassen. Ein PCR-Test kann nach vorheriger R\u00fccksprache in einer niedergelassenen Praxis, in einer Schwerpunktpraxis, in der Fieberambulanz oder einem Testzentrum mit PCR-Testangebot erfolgen. Bis zum Erhalt des Ergebnisses besteht entsprechend der Vorgabe des Landes in der Corona Verordnung Absonderung die Vorgabe, sich in h\u00e4usliche Absonderung zu begeben und Kontakte bestm\u00f6glich zu vermeiden. Damit helfen Sie aktiv, eventuelle Infektionsketten mit einer Weiterverbreitung des Virus zu unterbrechen.<\/p>\n\n\n\n<p>Ist der PCR-Test ebenfalls positiv, muss man sich unverz\u00fcglich in h\u00e4usliche Absonderung begeben. In einem solchen Fall greifen die Absonderungspflichten aus der CoronaVO Absonderung.<\/p>\n\n\n\n<p>Informationen dazu unter: <a href=\"https:\/\/sozialministerium.baden-wuerttemberg.de\/de\/gesundheit-pflege\/gesundheitsschutz\/infektionsschutz-hygiene\/informationen-zu-coronavirus\/faq-selbsttest\/\">https:\/\/sozialministerium.baden-wuerttemberg.de\/de\/gesundheit-pflege\/gesundheitsschutz\/infektionsschutz-hygiene\/informationen-zu-coronavirus\/faq-selbsttest\/<\/a><\/p>\n\n\n\n<p>Sobald das Landesgesundheitsamt Baden-W\u00fcrttemberg die Inzidenz f\u00fcr den Stadtkreis Mannheim ver\u00f6ffentlicht, ist sie unter <a href=\"http:\/\/www.mannheim.de\/inzidenzzahl\">www.mannheim.de\/inzidenzzahl<\/a> einzusehen.<\/p>\n\n\n\n<h4 class=\"wp-block-heading\">2. \u201e10 Tage f\u00fcr Mannheim: Testen und zuhause bleiben\u201c &#8211; OB Dr. Kurz ruft zu Kontaktreduktion und Achtsamkeit \u00fcber die Osterzeit auf, um die Welle zu brechen<\/h4>\n\n\n\n<p>Zehn Tage Ruhe, m\u00f6glichst keine und auf jeden Fall keine riskanten Kontakte und am Anfang und am Ende dieser Zeit sich selbst testen: Oberb\u00fcrgermeister Dr. Peter Kurz ist sicher: \u201eDas kann dieses Jahr ver\u00e4ndern\u201c. Deshalb ruft er die Mannheimer*innen auf, die ruhige Osterzeit, in der Schulen und viele Kitas geschlossen sind und viele Menschen Urlaub haben, zu nutzen, um die Welle der Infektionen zu brechen. \u201eLassen Sie uns gemeinsam etwas f\u00fcr Mannheim tun, zeigen, was wir gemeinsam erreichen k\u00f6nnen. Wenn viele mitmachen, k\u00f6nnen wir den Verlauf der Pandemie \u00e4ndern\u201c, appelliert der Oberb\u00fcrgermeister in einer Videobotschaft vor Ostern.<\/p>\n\n\n\n<p>Die Videobotschaft des Oberb\u00fcrgermeisters kann unter <a href=\"https:\/\/www.mannheim.de\/de\/informationen-zu-corona\/10-tage-fuer-mannheim\">https:\/\/www.mannheim.de\/de\/informationen-zu-corona\/10-tage-fuer-mannheim<\/a> angesehen werden.<\/p>\n\n\n\n<p>Eine Karten\u00fcbersicht \u00fcber die Testzentren ist unter <a href=\"https:\/\/www.gis-mannheim.de\/mannheim\/index.php?service=testzentren_mapping\">https:\/\/www.gis-mannheim.de\/mannheim\/index.php?service=testzentren_mapping<\/a> zu finden.<\/p>\n\n\n\n<p>Eine Listendarstellung finden Sie unter: <a href=\"https:\/\/gis-mannheim.de\/mannheim\/mod_geofinder\/testzentrum.php\">https:\/\/gis-mannheim.de\/mannheim\/mod_geofinder\/testzentrum.php<\/a><\/p>\n\n\n\n<p>Informationen rund um das Coronavirus stehen unter <a href=\"https:\/\/www.mannheim.de\/de\/corona\">https:\/\/www.mannheim.de\/de\/corona<\/a> bereit.<\/p>\n\n\n\n<h2 class=\"wp-block-heading\">396. Aktuelle Meldung zu Corona 03.04.2021<\/h2>\n\n\n\n<ol><li><strong>Aktuelle Fallzahlen<\/strong><\/li><li><strong>\u201e10 Tage f\u00fcr Mannheim: Testen und zuhause bleiben\u201c &#8211; OB Dr. Kurz ruft zu Kontaktreduktion und Achtsamkeit \u00fcber die Osterzeit auf, um die Welle zu brechen<\/strong><\/li><\/ol>\n\n\n\n<h4 class=\"wp-block-heading\">1. Aktuelle Fallzahlen \u2013 Zahl der nachgewiesenen Corona-F\u00e4lle erh\u00f6ht sich auf 12.792<\/h4>\n\n\n\n<p>Dem Gesundheitsamt wurden bis heute Nachmittag, 03.04.2021, 16 Uhr, 96 weitere F\u00e4lle einer nachgewiesenen Coronavirus-Infektion gemeldet. Die Zahl der best\u00e4tigten F\u00e4lle in Mannheim erh\u00f6ht sich auf insgesamt 12.792.<\/p>\n\n\n\n<p>Das Gesundheitsamt nimmt Kontakt zu den positiv mit einem PCR-Test getesteten F\u00e4llen auf, nachdem der Laborbefund im Gesundheitsamt vorliegt. Im ersten Schritt ermittelt das Gesundheitsamt die Kontaktpersonen der nachgewiesen Infizierten, insbesondere im Bereich der sogenannten vulnerablen Gruppen. Diese werden nach Entscheidung und fachlicher Einsch\u00e4tzung durch das Gesundheitsamt auf das Virus getestet.<\/p>\n\n\n\n<p>Alle beteiligten \u00c4rzte, Gesundheitsbeh\u00f6rden sowie das Kompetenzzentrum Gesundheitsschutz am Landesgesundheitsamt arbeiten dabei eng zusammen. Die Mehrheit aller in Mannheim bislang nachgewiesenen Infizierten zeigen nur milde Krankheitsanzeichen und k\u00f6nnen in h\u00e4uslicher Quarant\u00e4ne verbleiben. Bislang gelten in Mannheim 11.151 Personen als genesen, die h\u00e4usliche Quarant\u00e4ne wurde bei ihnen aufgehoben. Damit gibt es in Mannheim 1.378 akute Infektionsf\u00e4lle.<\/p>\n\n\n\n<p>Das Gesundheitsamt appelliert an die B\u00fcrgerinnen und B\u00fcrger, sich auch bei geringen Krankheitszeichen wie Schnupfen, Husten oder leichtem Fieber sofort testen zu lassen. Sollte ein Selbsttest durchgef\u00fchrt worden sein, weist das Gesundheitsamt darauf hin, dass, bei einem positiven Ergebnis, die dringende Empfehlung besteht, unverz\u00fcglich einen PCR-Test zur Best\u00e4tigung des Ergebnisses durchf\u00fchren zu lassen. Ein PCR-Test kann nach vorheriger R\u00fccksprache in einer niedergelassenen Praxis, in einer Schwerpunktpraxis, in der Fieberambulanz oder einem Testzentrum mit PCR-Testangebot erfolgen. Bis zum Erhalt des Ergebnisses besteht entsprechend der Vorgabe des Landes in der Corona Verordnung Absonderung die Vorgabe, sich in h\u00e4usliche Absonderung zu begeben und Kontakte bestm\u00f6glich zu vermeiden. Damit helfen Sie aktiv, eventuelle Infektionsketten mit einer Weiterverbreitung des Virus zu unterbrechen.<\/p>\n\n\n\n<p>Ist der PCR-Test ebenfalls positiv, muss man sich unverz\u00fcglich in h\u00e4usliche Absonderung begeben. In einem solchen Fall greifen die Absonderungspflichten aus der CoronaVO Absonderung.<\/p>\n\n\n\n<p>Informationen dazu unter: <a href=\"https:\/\/sozialministerium.baden-wuerttemberg.de\/de\/gesundheit-pflege\/gesundheitsschutz\/infektionsschutz-hygiene\/informationen-zu-coronavirus\/faq-selbsttest\/\">https:\/\/sozialministerium.baden-wuerttemberg.de\/de\/gesundheit-pflege\/gesundheitsschutz\/infektionsschutz-hygiene\/informationen-zu-coronavirus\/faq-selbsttest\/<\/a><\/p>\n\n\n\n<p>Sobald das Landesgesundheitsamt Baden-W\u00fcrttemberg die Inzidenz f\u00fcr den Stadtkreis Mannheim ver\u00f6ffentlicht, ist sie unter <a href=\"http:\/\/www.mannheim.de\/inzidenzzahl\">www.mannheim.de\/inzidenzzahl<\/a> einzusehen.<\/p>\n\n\n\n<h4 class=\"wp-block-heading\">2. \u201e10 Tage f\u00fcr Mannheim: Testen und zuhause bleiben\u201c &#8211; OB Dr. Kurz ruft zu Kontaktreduktion und Achtsamkeit \u00fcber die Osterzeit auf, um die Welle zu brechen<\/h4>\n\n\n\n<p>Zehn Tage Ruhe, m\u00f6glichst keine und auf jeden Fall keine riskanten Kontakte und am Anfang und am Ende dieser Zeit sich selbst testen: Oberb\u00fcrgermeister Dr. Peter Kurz ist sicher: \u201eDas kann dieses Jahr ver\u00e4ndern\u201c. Deshalb ruft er die Mannheimer*innen auf, die ruhige Osterzeit, in der Schulen und viele Kitas geschlossen sind und viele Menschen Urlaub haben, zu nutzen, um die Welle der Infektionen zu brechen. \u201eLassen Sie uns gemeinsam etwas f\u00fcr Mannheim tun, zeigen, was wir gemeinsam erreichen k\u00f6nnen. Wenn viele mitmachen, k\u00f6nnen wir den Verlauf der Pandemie \u00e4ndern\u201c, appelliert der Oberb\u00fcrgermeister in einer Videobotschaft vor Ostern.<\/p>\n\n\n\n<p>Die Videobotschaft des Oberb\u00fcrgermeisters kann unter <a href=\"https:\/\/www.mannheim.de\/de\/informationen-zu-corona\/10-tage-fuer-mannheim\">https:\/\/www.mannheim.de\/de\/informationen-zu-corona\/10-tage-fuer-mannheim<\/a> angesehen werden.<\/p>\n\n\n\n<p>Eine Karten\u00fcbersicht \u00fcber die Testzentren ist unter <a href=\"https:\/\/www.gis-mannheim.de\/mannheim\/index.php?service=testzentren_mapping\">https:\/\/www.gis-mannheim.de\/mannheim\/index.php?service=testzentren_mapping<\/a> zu finden.<\/p>\n\n\n\n<p>Eine Listendarstellung finden Sie unter: <a href=\"https:\/\/gis-mannheim.de\/mannheim\/mod_geofinder\/testzentrum.php\">https:\/\/gis-mannheim.de\/mannheim\/mod_geofinder\/testzentrum.php<\/a><\/p>\n\n\n\n<p>Informationen rund um das Coronavirus stehen unter <a href=\"https:\/\/www.mannheim.de\/de\/corona\">https:\/\/www.mannheim.de\/de\/corona<\/a> bereit.<\/p>\n\n\n\n<p><em>Stadt Mannheim<br>08.04.2021<\/em><\/p>\n\n\n\n<h1 class=\"wp-block-heading\" style=\"text-align:center\">Adler Mannheim<\/h1>\n\n\n\n<div class=\"wp-block-image\"><figure class=\"aligncenter\"><img decoding=\"async\" loading=\"lazy\" width=\"600\" height=\"522\" src=\"https:\/\/speyer24news.com\/wp-content\/uploads\/2021\/02\/Mannheim-Adler-Logo.jpg\" alt=\"\" class=\"wp-image-32808\" srcset=\"https:\/\/speyer24news.com\/wp-content\/uploads\/2021\/02\/Mannheim-Adler-Logo.jpg 600w, https:\/\/speyer24news.com\/wp-content\/uploads\/2021\/02\/Mannheim-Adler-Logo-300x261.jpg 300w\" sizes=\"(max-width: 600px) 100vw, 600px\" \/><\/figure><\/div>\n\n\n\n<h2 class=\"wp-block-heading\">Adler setzen Kooperation mit Falken fort<\/h2>\n\n\n\n<p>Seit 2018 arbeiten die Adler Mannheim mit den Heilbronner Falken aus der  zweith\u00f6chsten deutschen Eishockey-Spielklasse zusammen. Nun haben sich beide  Clubs aus Baden-W\u00fcrttemberg auf eine Verl\u00e4ngerung der Kooperation bis 2023  verst\u00e4ndigt.<\/p>\n\n\n\n<p>F\u00fcr die Zukunft und die Qualit\u00e4t des deutschen Eishockeys stellt die Ausbildung junger  Spieler ein zentrales Schl\u00fcsselelement dar, das insbesondere durch die U23-Regelung  immer mehr an Bedeutung gewinnt. \u201eWenn wir das deutsche Eishockey nachhaltig  verbessern und mehr Nachwuchsspieler in der DEL integrieren wollen, m\u00fcssen wir in  diesem Bereich auch mehr investieren\u201c, wei\u00df Adler-Sportmanager Jan-Axel Alavaara,  worauf es ankommt. \u201eDie Kids brauchen eine Perspektive, sie m\u00fcssen ihren Weg zum  Profidasein kennen. Durch die starke Vernetzung mit den Falken sehen wir uns in diesem  Bereich hervorragend aufgestellt.\u201c<\/p>\n\n\n\n<p>In Mannheim wird seit etwas mehr als zwei Jahrzehnten viel Wert auf die  Nachwuchsarbeit gelegt. Unz\u00e4hlige Spieler aus dem Leistungszentrum haben in den  vergangenen Jahren im deutschen Eishockey-Oberhaus Fu\u00df gefasst, einige sind sogar  zu Olympia-Helden geworden. \u201eZweifelsohne ist der Weg zum Profi steinig, oftmals sehr  hart und verlangt neben Disziplin und Durchsetzungsverm\u00f6gen auch die Bereitschaft, ihn  mit aller Konsequenz mitzugehen\u201c, so der 45-j\u00e4hrige Schwede.  <\/p>\n\n\n\n<h4 class=\"wp-block-heading\">Goc als Bindeglied<\/h4>\n\n\n\n<p>Der schwierige und herausfordernde Weg in den Adler-Kader und somit zum  gestandenen DEL-Akteur f\u00fchrt die Perspektivspieler auch k\u00fcnftig \u00fcber Heilbronn. Bei den  Falken sollen sie in der t\u00e4glichen Arbeit intensiv gef\u00f6rdert und gefordert werden. \u201eUnser  Ziel war und ist die Aus- und Weiterbildung der Spieler\u201c, hat sich f\u00fcr Alavaara am  Leitgedanken der Kooperation nichts ge\u00e4ndert. \u201eWir wollen den Jungs weiterhin die  M\u00f6glichkeit bieten, sich in der DEL2 zu entwickeln, den n\u00e4chsten Schritt zu machen, um  mittel- bis langfristig den Sprung in die DEL zu schaffen.\u201c<\/p>\n\n\n\n<p>Eine entscheidende Funktion nimmt dabei Marcel Goc ein. Der ehemalige NHL-Profi, der  k\u00fcrzlich seinen Vertrag als Development Coach bei den Adlern um zwei Jahre verl\u00e4ngert  hat, wird sich k\u00fcnftig vermehrt den jungen Spielern annehmen, regelm\u00e4\u00dfig mit ihnen  arbeiten, sie besser machen. \u201eWir freuen uns sehr, dass wir Marcel f\u00fcr diese  anspruchsvolle und immens wichtige Aufgabe gewinnen konnten. Er hat viele Jahre in der  besten Liga der Welt gespielt. In Deutschland gibt es wohl kaum jemanden, der so viel  Erfahrung hat wie Marcel. Seine gesamte Expertise, sein gesamtes Wissen kann er nun  an die jungen Spieler weitergeben\u201c, h\u00e4lt Alavaara gro\u00dfe St\u00fccke auf den ehemaligen  Adler-Kapit\u00e4n, der die Entwicklung der Jungs \u00fcberwachen und in enger Absprache mit  dem Management individuelle Trainingspl\u00e4ne gestalten wird.<\/p>\n\n\n\n<h4 class=\"wp-block-heading\">Jungadler weiterhin Teil des Konzepts<\/h4>\n\n\n\n<p>Neben Goc spielen auch die Jungadler, seit Beginn der Kooperation Teil des ganzheitlichen Konzepts, weiterhin eine wichtige Rolle. Sollten die Adler w\u00e4hrend einer  Saison einen mit einer F\u00f6rderlizenz ausgestatteten Spieler von Heilbronn nach  Mannheim beordern, k\u00f6nnen die Falken ihren Kader mit Topspielern der DNL-Mannschaft der Jungadler auff\u00fcllen. <\/p>\n\n\n\n<p>Zudem sieht die Kooperation vor, dass Heilbronn k\u00fcnftig noch st\u00e4rker vom  Scoutingnetzwerk der Adler profitieren soll. Demnach werden Todd Hlushko, der aktuelle  Falken-Coach Bill Stewart und Tommi Vesanen den Spielermarkt auch f\u00fcr das Team aus  der DEL2 beobachten und ihre Empfehlungen aussprechen.<\/p>\n\n\n\n<p>Falken-Gesch\u00e4ftsf\u00fchrer Stefan Rapp: \u201eWir sind sehr stolz darauf sagen zu d\u00fcrfen, dass  die erfolgreiche Kooperation der vergangenen Jahre auch nachhaltig in die Zukunft  weitergef\u00fchrt wird. Ohne die bisherige vertrauensvolle Zusammenarbeit, speziell in  dieser doch sehr au\u00dfergew\u00f6hnlichen Saison, w\u00e4re es nicht m\u00f6glich gewesen, einen  professionellen Spielbetrieb in den Ligen aufrecht zu erhalten. Das Know-how sowie das  Netzwerk der Adler intensiver zu nutzen, sollte das Heilbronner Eishockey in den  n\u00e4chsten Jahren zu sportlichen und wirtschaftlichen Erfolgen f\u00fchren. Die gegenseitigen  Synergien sind unersch\u00f6pflich, diese m\u00fcssen nur erkannt und umgesetzt werden. Das ist  die gemeinsame Herausforderung. Ich freue mich auf die kommende, erfolgreiche  Zusammenarbeit mit den Adlern!<\/p>\n\n\n\n<p><em>Die Adler Mannheim Eishockey Spielbetriebs GmbH &amp; Co.KG<br>08.04.2021<\/em><\/p>\n","protected":false},"excerpt":{"rendered":"<div class=\"mh-excerpt\"><p>Stadtbibliothek: Deutsch-franz\u00f6sische Vorlesestunde online In der Reihe \u201eColibri \u2013 interkulturelle Angebote der Stadtbibliothek Mannheim\u201c findet eine bilinguale Vorlesestunde online live in Kooperation mit dem Institut Fran\u00e7ais mit den Vorleserinnen Aude Mandil-Dettlinger und Manuela Richter in <a class=\"mh-excerpt-more\" href=\"https:\/\/speyer24news.com\/?p=35140\" title=\"Mannheim\">[&#8230;]<\/a><\/p>\n<\/div>","protected":false},"author":3,"featured_media":0,"comment_status":"open","ping_status":"open","sticky":false,"template":"","format":"standard","meta":{"_monsterinsights_skip_tracking":false,"_monsterinsights_sitenote_active":false,"_monsterinsights_sitenote_note":"","_monsterinsights_sitenote_category":0,"footnotes":""},"categories":[6753],"tags":[9841,11213,6754,10146,11214,11207,11208,56,11210,11209,11211,8048,11212,10257],"aioseo_notices":[],"amp_enabled":true,"_links":{"self":[{"href":"https:\/\/speyer24news.com\/index.php?rest_route=\/wp\/v2\/posts\/35140"}],"collection":[{"href":"https:\/\/speyer24news.com\/index.php?rest_route=\/wp\/v2\/posts"}],"about":[{"href":"https:\/\/speyer24news.com\/index.php?rest_route=\/wp\/v2\/types\/post"}],"author":[{"embeddable":true,"href":"https:\/\/speyer24news.com\/index.php?rest_route=\/wp\/v2\/users\/3"}],"replies":[{"embeddable":true,"href":"https:\/\/speyer24news.com\/index.php?rest_route=%2Fwp%2Fv2%2Fcomments&post=35140"}],"version-history":[{"count":6,"href":"https:\/\/speyer24news.com\/index.php?rest_route=\/wp\/v2\/posts\/35140\/revisions"}],"predecessor-version":[{"id":35147,"href":"https:\/\/speyer24news.com\/index.php?rest_route=\/wp\/v2\/posts\/35140\/revisions\/35147"}],"wp:attachment":[{"href":"https:\/\/speyer24news.com\/index.php?rest_route=%2Fwp%2Fv2%2Fmedia&parent=35140"}],"wp:term":[{"taxonomy":"category","embeddable":true,"href":"https:\/\/speyer24news.com\/index.php?rest_route=%2Fwp%2Fv2%2Fcategories&post=35140"},{"taxonomy":"post_tag","embeddable":true,"href":"https:\/\/speyer24news.com\/index.php?rest_route=%2Fwp%2Fv2%2Ftags&post=35140"}],"curies":[{"name":"wp","href":"https:\/\/api.w.org\/{rel}","templated":true}]}}