{"id":35238,"date":"2021-04-10T07:03:55","date_gmt":"2021-04-10T06:03:55","guid":{"rendered":"https:\/\/speyer24news.com\/?p=35238"},"modified":"2021-04-10T07:03:56","modified_gmt":"2021-04-10T06:03:56","slug":"corona-speyer-43","status":"publish","type":"post","link":"https:\/\/speyer24news.com\/?p=35238","title":{"rendered":"Corona Speyer"},"content":{"rendered":"<style type=\"text\/css\">\r\n\t.ads_top_disp{}\r\n\t.ads_top_corner_disp{ float:left; margin:0px 10px 10px 0px; }\r\n\t.ads_first_p_disp{}\r\n\t.ads_bottom_disp{}\r\n\t<\/style>\n<h1 class=\"wp-block-heading\">Coronafallzahlen vom Freitag (09.04.2021)<\/h1>\n\n\n\n<figure class=\"wp-block-image\"><img decoding=\"async\" loading=\"lazy\" width=\"800\" height=\"400\" src=\"https:\/\/speyer24news.com\/wp-content\/uploads\/2020\/02\/virus-1812092_1920.jpg\" alt=\"\" class=\"wp-image-25128\" srcset=\"https:\/\/speyer24news.com\/wp-content\/uploads\/2020\/02\/virus-1812092_1920.jpg 800w, https:\/\/speyer24news.com\/wp-content\/uploads\/2020\/02\/virus-1812092_1920-300x150.jpg 300w, https:\/\/speyer24news.com\/wp-content\/uploads\/2020\/02\/virus-1812092_1920-768x384.jpg 768w\" sizes=\"(max-width: 800px) 100vw, 800px\" \/><\/figure>\n\n\n\n<p>Anzahl best\u00e4tigter F\u00e4lle von Coronavirus (SARS-CoV-2)-Infektionen in der Stadt Speyer:&nbsp;2343 ( + 17 )<\/p>\n\n\n\n<p>Davon bereits genesen:&nbsp;1977<br>Todesf\u00e4lle: 80 ( unver\u00e4ndert )<br>Gemeldete F\u00e4lle der letzten sieben Tage pro 100.000 Einwohner*innen (Inzidenz): 158,2 ( + 15,8 )<br><strong>Warnstufe: Rot<\/strong><\/p>\n\n\n\n<p>Stand: 09.04.2021, 14:10 Uhr<\/p>\n\n\n\n<div class=\"wp-block-image\"><figure class=\"aligncenter\"><img decoding=\"async\" loading=\"lazy\" width=\"500\" height=\"674\" src=\"https:\/\/speyer24news.com\/wp-content\/uploads\/2021\/04\/Karte_Stufen_2021-04-09.jpg\" alt=\"\" class=\"wp-image-35244\" srcset=\"https:\/\/speyer24news.com\/wp-content\/uploads\/2021\/04\/Karte_Stufen_2021-04-09.jpg 500w, https:\/\/speyer24news.com\/wp-content\/uploads\/2021\/04\/Karte_Stufen_2021-04-09-223x300.jpg 223w\" sizes=\"(max-width: 500px) 100vw, 500px\" \/><figcaption>Stand gestern, sind nun alle Gemeinden, St\u00e4dte und Kreise Rot. 14 davon auch bei Inzidenz \u00fcber 100 und somit in der &#8222;Notbremse&#8220;<br> <em>Sehen sie hier die Karte in h\u00f6herer Aufl\u00f6sung:&nbsp;<\/em> <a href=\"https:\/\/corona.rlp.de\/fileadmin\/rlp-stk\/Bilder\/Themen\/Gesundheit_Pflege\/Corona\/Corona-Warn-und-Aktionsplan_RLP\/Karte_Stufen_2021-04-09.jpg\">Karte_Stufen_2021-04-09.jpg (2480\u00d73507) (rlp.de)<\/a> <\/figcaption><\/figure><\/div>\n\n\n\n<p><em>Landesuntersuchungsamt Rheinland-Pfalz<br>10.04.2021<\/em><\/p>\n\n\n\n<h2 class=\"wp-block-heading\"><strong>Johanniter-Unfall-Hilfe etabliert Schnellteststation auf dem Festplatz<\/strong><\/h2>\n\n\n\n<figure class=\"wp-block-image\"><img decoding=\"async\" loading=\"lazy\" width=\"800\" height=\"600\" src=\"https:\/\/speyer24news.com\/wp-content\/uploads\/2021\/04\/171735090_4255447647818021_9203254982400158900_n.jpg\" alt=\"\" class=\"wp-image-35239\" srcset=\"https:\/\/speyer24news.com\/wp-content\/uploads\/2021\/04\/171735090_4255447647818021_9203254982400158900_n.jpg 800w, https:\/\/speyer24news.com\/wp-content\/uploads\/2021\/04\/171735090_4255447647818021_9203254982400158900_n-300x225.jpg 300w, https:\/\/speyer24news.com\/wp-content\/uploads\/2021\/04\/171735090_4255447647818021_9203254982400158900_n-768x576.jpg 768w, https:\/\/speyer24news.com\/wp-content\/uploads\/2021\/04\/171735090_4255447647818021_9203254982400158900_n-678x509.jpg 678w, https:\/\/speyer24news.com\/wp-content\/uploads\/2021\/04\/171735090_4255447647818021_9203254982400158900_n-326x245.jpg 326w, https:\/\/speyer24news.com\/wp-content\/uploads\/2021\/04\/171735090_4255447647818021_9203254982400158900_n-80x60.jpg 80w\" sizes=\"(max-width: 800px) 100vw, 800px\" \/><figcaption>Bereits ab Samstag um 10 Uhr kann man sich auf dem Festplatz testen lassen.<\/figcaption><\/figure>\n\n\n\n<p>Die erste zus\u00e4tzliche Teststation, die die Stadt Speyer und die verschiedenen Speyerer Hilfsorganisationen gemeinsam realisieren, startet schon am Samstag, 10. April 2021, auf dem Festplatz. Die Johanniter-Unfall-Hilfe e.V. Ortsverband Speyer wird dort ab 10 Uhr bereitstehen, um testwillige Speyerer*innen und Besucher*innen der Domstadt mittels PoC-Antigenschnelltest abzustreichen. Eine vorherige Anmeldung ist nicht erforderlich, es muss allerdings vor Ort mit Wartezeiten gerechnet werden. Die Teststation wird k\u00fcnftig samstags und sonntags&nbsp;von 10 Uhr&nbsp;bis nachmittags bzw. bei guten Witterungsbedingungen und entsprechend hoher Nachfrage bis 18 Uhr ge\u00f6ffnet sein.<\/p>\n\n\n\n<div class=\"wp-block-image\"><figure class=\"aligncenter\"><img decoding=\"async\" loading=\"lazy\" width=\"800\" height=\"600\" src=\"https:\/\/speyer24news.com\/wp-content\/uploads\/2021\/04\/170912460_4255447567818029_9006216449661841162_n.jpg\" alt=\"\" class=\"wp-image-35240\" srcset=\"https:\/\/speyer24news.com\/wp-content\/uploads\/2021\/04\/170912460_4255447567818029_9006216449661841162_n.jpg 800w, https:\/\/speyer24news.com\/wp-content\/uploads\/2021\/04\/170912460_4255447567818029_9006216449661841162_n-300x225.jpg 300w, https:\/\/speyer24news.com\/wp-content\/uploads\/2021\/04\/170912460_4255447567818029_9006216449661841162_n-768x576.jpg 768w, https:\/\/speyer24news.com\/wp-content\/uploads\/2021\/04\/170912460_4255447567818029_9006216449661841162_n-678x509.jpg 678w, https:\/\/speyer24news.com\/wp-content\/uploads\/2021\/04\/170912460_4255447567818029_9006216449661841162_n-326x245.jpg 326w, https:\/\/speyer24news.com\/wp-content\/uploads\/2021\/04\/170912460_4255447567818029_9006216449661841162_n-80x60.jpg 80w\" sizes=\"(max-width: 800px) 100vw, 800px\" \/><\/figure><\/div>\n\n\n\n<p>Aufgebaut wurde die verkehrs- und parktechnisch sehr g\u00fcnstig gelegene Schnellteststation am gestrigen Donnerstag von Kr\u00e4ften der Johanniter-Unfall-Hilfe, des THW Ortsverbands Speyer und des st\u00e4dtischen Baubetriebshofs.<\/p>\n\n\n\n<figure class=\"wp-block-image\"><img decoding=\"async\" loading=\"lazy\" width=\"800\" height=\"533\" src=\"https:\/\/speyer24news.com\/wp-content\/uploads\/2021\/04\/171681946_4255447427818043_7333517362172736579_n.jpg\" alt=\"\" class=\"wp-image-35241\" srcset=\"https:\/\/speyer24news.com\/wp-content\/uploads\/2021\/04\/171681946_4255447427818043_7333517362172736579_n.jpg 800w, https:\/\/speyer24news.com\/wp-content\/uploads\/2021\/04\/171681946_4255447427818043_7333517362172736579_n-300x200.jpg 300w, https:\/\/speyer24news.com\/wp-content\/uploads\/2021\/04\/171681946_4255447427818043_7333517362172736579_n-768x512.jpg 768w\" sizes=\"(max-width: 800px) 100vw, 800px\" \/><\/figure>\n\n\n\n<h4 class=\"wp-block-heading\"><strong>Schnelltestschulungen f\u00fcr Unternehmen, Betriebe und Gastronomen<\/strong><\/h4>\n\n\n\n<p>Private Unternehmen und Betriebe sind angehalten, ihren Mitarbeiter*innen regelm\u00e4\u00dfig eine Testm\u00f6glichkeit zu bieten. Auch die perspektivische \u00d6ffnung von Gastronomie und Einzelhandel ist eng an negative Schnelltestnachweise gebunden. Testen darf jedoch nur, wer in der Anwendung der PoC-Antigenschnelltests geschult ist. Solche Schulungen bieten die Johanniter in Theorie und Praxis in Kooperation mit und auf dem Gel\u00e4nde des Technik-Museums Speyer (Eventhalle) ab sofort zu festen Schulungsterminen an. F\u00fcr diese Termine ist eine Anmeldung unter&nbsp;<a rel=\"noreferrer noopener\" href=\"https:\/\/deref-web.de\/mail\/client\/aiInoirtwm8\/dereferrer\/?redirectUrl=https%3A%2F%2Fjuh.link%2Fm6e8xo\" target=\"_blank\">https:\/\/juh.link\/m6e8xo<\/a>&nbsp;erforderlich.<\/p>\n\n\n\n<p>Gerne schulen die Johanniter auch im eigenen Unternehmen vor Ort. Anfragen zu Schulungen richten Interessierte bitte an&nbsp;<a rel=\"noreferrer noopener\" href=\"mailto:corona.speyer@johanniter.de\" target=\"_blank\">corona.speyer@johanniter.de<\/a>&nbsp;oder telefonisch an 0 62 32 &#8211; 1009-10.<\/p>\n\n\n\n<div class=\"wp-block-image\"><figure class=\"aligncenter\"><img decoding=\"async\" loading=\"lazy\" width=\"800\" height=\"600\" src=\"https:\/\/speyer24news.com\/wp-content\/uploads\/2021\/04\/170710361_4255447497818036_3205776399446739755_n.jpg\" alt=\"\" class=\"wp-image-35242\" srcset=\"https:\/\/speyer24news.com\/wp-content\/uploads\/2021\/04\/170710361_4255447497818036_3205776399446739755_n.jpg 800w, https:\/\/speyer24news.com\/wp-content\/uploads\/2021\/04\/170710361_4255447497818036_3205776399446739755_n-300x225.jpg 300w, https:\/\/speyer24news.com\/wp-content\/uploads\/2021\/04\/170710361_4255447497818036_3205776399446739755_n-768x576.jpg 768w, https:\/\/speyer24news.com\/wp-content\/uploads\/2021\/04\/170710361_4255447497818036_3205776399446739755_n-678x509.jpg 678w, https:\/\/speyer24news.com\/wp-content\/uploads\/2021\/04\/170710361_4255447497818036_3205776399446739755_n-326x245.jpg 326w, https:\/\/speyer24news.com\/wp-content\/uploads\/2021\/04\/170710361_4255447497818036_3205776399446739755_n-80x60.jpg 80w\" sizes=\"(max-width: 800px) 100vw, 800px\" \/><\/figure><\/div>\n\n\n\n<h4 class=\"wp-block-heading\"><strong>Medizinisches Personal gesucht<\/strong><\/h4>\n\n\n\n<p>Die Johanniter sind weiterhin auf der Suche nach ehrenamtlichem Personal, insbesondere mit medizinischer Ausbildung, das gegen eine Aufwandsentsch\u00e4digung aktiv in der Schnellteststation mitarbeiten m\u00f6chten. Anfragen hierzu richten Interessierte an&nbsp;<a rel=\"noreferrer noopener\" href=\"mailto:test.speyer@johanniter.de\" target=\"_blank\">test.speyer@johanniter.de<\/a>.<\/p>\n\n\n\n<p><em>Gemeinsame Medien-Information der Stadt Speyer und der Johanniter-Unfall-Hilfe e.V. Ortsverband Speyer<br>10.04.2021<\/em><\/p>\n","protected":false},"excerpt":{"rendered":"<div class=\"mh-excerpt\"><p>Coronafallzahlen vom Freitag (09.04.2021) Anzahl best\u00e4tigter F\u00e4lle von Coronavirus (SARS-CoV-2)-Infektionen in der Stadt Speyer:&nbsp;2343 ( + 17 ) Davon bereits genesen:&nbsp;1977Todesf\u00e4lle: 80 ( unver\u00e4ndert )Gemeldete F\u00e4lle der letzten sieben Tage pro 100.000 Einwohner*innen (Inzidenz): 158,2 <a class=\"mh-excerpt-more\" href=\"https:\/\/speyer24news.com\/?p=35238\" title=\"Corona Speyer\">[&#8230;]<\/a><\/p>\n<\/div>","protected":false},"author":3,"featured_media":23902,"comment_status":"open","ping_status":"open","sticky":false,"template":"","format":"standard","meta":{"_monsterinsights_skip_tracking":false,"_monsterinsights_sitenote_active":false,"_monsterinsights_sitenote_note":"","_monsterinsights_sitenote_category":0,"footnotes":""},"categories":[47],"tags":[6401,8404,10815,9105,6940,8725,6359,6358,8749,7003,6342,11253,11254,9283,9104,11255,6],"aioseo_notices":[],"amp_enabled":true,"_links":{"self":[{"href":"https:\/\/speyer24news.com\/index.php?rest_route=\/wp\/v2\/posts\/35238"}],"collection":[{"href":"https:\/\/speyer24news.com\/index.php?rest_route=\/wp\/v2\/posts"}],"about":[{"href":"https:\/\/speyer24news.com\/index.php?rest_route=\/wp\/v2\/types\/post"}],"author":[{"embeddable":true,"href":"https:\/\/speyer24news.com\/index.php?rest_route=\/wp\/v2\/users\/3"}],"replies":[{"embeddable":true,"href":"https:\/\/speyer24news.com\/index.php?rest_route=%2Fwp%2Fv2%2Fcomments&post=35238"}],"version-history":[{"count":3,"href":"https:\/\/speyer24news.com\/index.php?rest_route=\/wp\/v2\/posts\/35238\/revisions"}],"predecessor-version":[{"id":35246,"href":"https:\/\/speyer24news.com\/index.php?rest_route=\/wp\/v2\/posts\/35238\/revisions\/35246"}],"wp:featuredmedia":[{"embeddable":true,"href":"https:\/\/speyer24news.com\/index.php?rest_route=\/wp\/v2\/media\/23902"}],"wp:attachment":[{"href":"https:\/\/speyer24news.com\/index.php?rest_route=%2Fwp%2Fv2%2Fmedia&parent=35238"}],"wp:term":[{"taxonomy":"category","embeddable":true,"href":"https:\/\/speyer24news.com\/index.php?rest_route=%2Fwp%2Fv2%2Fcategories&post=35238"},{"taxonomy":"post_tag","embeddable":true,"href":"https:\/\/speyer24news.com\/index.php?rest_route=%2Fwp%2Fv2%2Ftags&post=35238"}],"curies":[{"name":"wp","href":"https:\/\/api.w.org\/{rel}","templated":true}]}}