{"id":35280,"date":"2021-04-11T09:16:43","date_gmt":"2021-04-11T08:16:43","guid":{"rendered":"https:\/\/speyer24news.com\/?p=35280"},"modified":"2021-04-11T09:16:44","modified_gmt":"2021-04-11T08:16:44","slug":"ludwigshafen-16","status":"publish","type":"post","link":"https:\/\/speyer24news.com\/?p=35280","title":{"rendered":"Ludwigshafen"},"content":{"rendered":"<style type=\"text\/css\">\r\n\t.ads_top_disp{}\r\n\t.ads_top_corner_disp{ float:left; margin:0px 10px 10px 0px; }\r\n\t.ads_first_p_disp{}\r\n\t.ads_bottom_disp{}\r\n\t<\/style>\n<div class=\"wp-block-image\"><figure class=\"aligncenter\"><img decoding=\"async\" loading=\"lazy\" width=\"180\" height=\"199\" src=\"https:\/\/speyer24news.com\/wp-content\/uploads\/2020\/01\/Ludwigshafen-Wappen.jpg\" alt=\"\" class=\"wp-image-24393\"\/><\/figure><\/div>\n\n\n\n<h2 class=\"wp-block-heading\"><strong>Fahrradvermietsystem VRNnextbike wird in Ludwigshafen erweitert \u2013 Klimaschonende Mobilit\u00e4t f\u00fcr die erste und letzte Meile in Ludwigshafen<\/strong><\/h2>\n\n\n\n<div class=\"wp-block-image\"><figure class=\"aligncenter\"><img decoding=\"async\" loading=\"lazy\" width=\"800\" height=\"533\" src=\"https:\/\/speyer24news.com\/wp-content\/uploads\/2021\/04\/nextbike_mundenheim_1.jpg\" alt=\"\" class=\"wp-image-35283\" srcset=\"https:\/\/speyer24news.com\/wp-content\/uploads\/2021\/04\/nextbike_mundenheim_1.jpg 800w, https:\/\/speyer24news.com\/wp-content\/uploads\/2021\/04\/nextbike_mundenheim_1-300x200.jpg 300w, https:\/\/speyer24news.com\/wp-content\/uploads\/2021\/04\/nextbike_mundenheim_1-768x512.jpg 768w\" sizes=\"(max-width: 800px) 100vw, 800px\" \/><figcaption>VRN, Nextbike Station am Bahnhof Mundenheim, Fahrrad Verkehr, Fahrrad mieten Verleih<\/figcaption><\/figure><\/div>\n\n\n\n<p>P\u00fcnktlich zum Start der Fahrradsaison im Fr\u00fchjahr hat die\nStadt Ludwigshafen gemeinsam mit dem Verkehrsverbund Rhein-Neckar (VRN) und dem\nBetreiber nextbike im April 2021 das Fahrradvermietsystem VRNnextbike deutlich\nerweitert. <\/p>\n\n\n\n<p>Aufgrund der Beschl\u00fcsse im Bau- und Grundst\u00fccksauschuss der\nStadt Ludwigshafen wurden sowohl die Laufzeit der bisherigen vertraglichen\nVereinbarungen verl\u00e4ngert als auch das System deutlich ausgebaut und weitere\nStadtteile ber\u00fccksichtigt. In Rheing\u00f6nheim, Mundenheim, Friesenheim, Oggersheim\nund Gartenstadt wurden 26 neue Vermietstationen mit insgesamt zus\u00e4tzlichen 130\nR\u00e4dern eingerichtet. Die einzelnen Standorte wurden im Detail hinsichtlich\nFl\u00e4chenverf\u00fcgbarkeit, Situation vor Ort und der Ortspolitik abgestimmt.<\/p>\n\n\n\n<p>Baudezernent Alexander Thewalt, der selbst \u00fcberzeugter\nNutzer von VRNnextbike ist, betont: \u201eDurch zus\u00e4tzliche Mietr\u00e4der und Stationen\nwird das System noch attraktiver. Die positive Entwicklung von VRNnextbike in\nden letzten Jahren kann damit auch in unseren Stadtteilen fortgesetzt werden.\u201c<\/p>\n\n\n\n<p>Die neuen Stationen sind nicht wie bisher mit Vermietterminals, sondern als sogenannte Rent-by-App-Stationen mit SmartSigns ausgestattet. Dies ist m\u00f6glich, da der Systemzugang nahezu ausschlie\u00dflich \u00fcber die nextbike-App erfolgt und so die Terminals beim Vermietvorgang nicht mehr ben\u00f6tigt werden. Die neuen mit GPS und elektronischen Rahmenschl\u00f6ssern ausgestatteten Fahrr\u00e4der (Smartbikes) k\u00f6nnen weiterhin nur an den Stationen innerhalb der markierten Abstellbereiche ausgeliehen und abgestellt werden. \u201eDie zunehmende Digitalisierung im Verkehr erm\u00f6glicht solch innovative Angebote\u201c, so Thewalt weiter. Er betont, dass das System weiterhin ein stationsgebundenes Angebot bleiben wird.<\/p>\n\n\n\n<div class=\"wp-block-image\"><figure class=\"aligncenter\"><img decoding=\"async\" loading=\"lazy\" width=\"800\" height=\"533\" src=\"https:\/\/speyer24news.com\/wp-content\/uploads\/2021\/04\/nextbike_mundenheim_2.jpg\" alt=\"\" class=\"wp-image-35284\" srcset=\"https:\/\/speyer24news.com\/wp-content\/uploads\/2021\/04\/nextbike_mundenheim_2.jpg 800w, https:\/\/speyer24news.com\/wp-content\/uploads\/2021\/04\/nextbike_mundenheim_2-300x200.jpg 300w, https:\/\/speyer24news.com\/wp-content\/uploads\/2021\/04\/nextbike_mundenheim_2-768x512.jpg 768w\" sizes=\"(max-width: 800px) 100vw, 800px\" \/><figcaption>VRN, Nextbike Station am Bahnhof Mundenheim, Fahrrad Verkehr, Fahrrad mieten Verleih<\/figcaption><\/figure><\/div>\n\n\n\n<p>Der Betrieb von VRNnextbike ist bis Ende 2025 gesichert.\n\u201eInwieweit eine weitere Verl\u00e4ngerung beziehungsweise Ausweitung des\nVermietsystems erfolgen kann, muss die weitere Entwicklung zeigen\u201c, so Thewalt.<\/p>\n\n\n\n<p>Die VRNnextbike-Erweiterungen werden vom Bundesministerium\nf\u00fcr Verkehr und digitale Infrastruktur im Rahmen der F\u00f6rderrichtlinie\n\u201eDigitalisierung kommunaler Verkehrssysteme\u201c \u00fcber die von der VRN GmbH\ninitiierten Projekte gef\u00f6rdert.<\/p>\n\n\n\n<p>Im M\u00e4rz 2015 ging das Fahrradvermietsystem VRNnextbike in Ludwigshafen mit insgesamt f\u00fcnf Stationen und 40 Mietfahrr\u00e4dern an den Start. In den Folgejahren wurde das System sowohl von Seiten der Stadt im Rahmen von verschiedenen F\u00f6rderprojekten (Stadtumbau, Masterplan Green City) als auch von Projektpartnern immer wieder erweitert. Ende 2020 standen somit insgesamt 19 Stationen mit 125 Mietfahrr\u00e4dern \u00fcberwiegend im innerst\u00e4dtischen Bereich von Ludwigshafen zur Verf\u00fcgung. Das System hat sich in den letzten Jahren gut entwickelt, die Akzeptanz bei der Bev\u00f6lkerung und der Politik ist gegeben, die Nutzerzahlen steigen und das Image ist insgesamt als positiv zu bewerten. Dar\u00fcber hinaus erg\u00e4nzt es den \u00d6PNV und dient als klimaschonendes Verkehrsmittel f\u00fcr die erste und letzte Meile.<\/p>\n\n\n\n<p><em>Stadt Ludwigshafen<br>11.04.2021<\/em><\/p>\n\n\n\n<h2 class=\"wp-block-heading\"><strong>Sprechstunde von Ortsvorsteher Heller<\/strong><\/h2>\n\n\n\n<p>Die Sprechstunde des Ortsvorstehers der S\u00fcdlichen Innenstadt, Christoph Heller, am <strong>Donnerstag, 15. April 2021, findet nicht statt<\/strong>. Die B\u00fcrger*innen k\u00f6nnen sich in der Zeit von 16 bis 17 Uhr telefonisch unter der Nummer 0171 5247720 an den Ortsvorsteher wenden.<\/p>\n\n\n\n<p><em>Stadt Ludwigshafen<br>11.04.2021<\/em><\/p>\n\n\n\n<h2 class=\"wp-block-heading\"><strong>Einladung: Sitzung der Ortsbeir\u00e4te <br>N\u00f6rdliche Innenstadt, S\u00fcdliche Innenstadt und Rheing\u00f6nheim<\/strong><\/h2>\n\n\n\n<p>In der\nkommenden Woche tagen drei Ortsbeir\u00e4te:<\/p>\n\n\n\n<h3 class=\"wp-block-heading\"><strong>Sitzung des\nOrtsbeirates N\u00f6rdliche Innenstadt<\/strong><\/h3>\n\n\n\n<p>Die\nMitglieder des Ortsbeirates N\u00f6rdliche Innenstadt treten am <\/p>\n\n\n\n<p><strong>Dienstag, 13. April 2021, 17 Uhr,<br>Rathaus, Stadtratssaal,<\/strong><\/p>\n\n\n\n<p>zu\neiner \u00f6ffentlichen Sitzung zusammen.<\/p>\n\n\n\n<p>Die\nSitzung wird als Videokonferenz im Stadtratssaal \u00fcbertragen. Interessierte\nhaben die M\u00f6glichkeit die Sitzung im Stadtratssaal des Ludwigshafener Rathauses\nzu verfolgen. Teilnehmer*innen werden gebeten, die abstands- und Hygieneregeln\neinzuhalten.<\/p>\n\n\n\n<h4 class=\"wp-block-heading\">T a g e s o r d n u n g<br>\u00d6ffentliche Sitzung<\/h4>\n\n\n\n<p>1.&nbsp;&nbsp;&nbsp;&nbsp;&nbsp;&nbsp;&nbsp;&nbsp; Verpflichtung eines neuen\nOrtsbeiratsmitgliedes<\/p>\n\n\n\n<p>2.&nbsp;&nbsp;&nbsp;&nbsp;&nbsp;&nbsp;&nbsp;&nbsp; Einwohnerfragestunde<\/p>\n\n\n\n<p>3.&nbsp;&nbsp;&nbsp;&nbsp;&nbsp;&nbsp;&nbsp;&nbsp; Bericht Ortsvorsteher<\/p>\n\n\n\n<p>4.&nbsp;&nbsp;&nbsp;&nbsp;&nbsp;&nbsp;&nbsp;&nbsp; Vorstellung der neuen\nPolizeibezirksbeamten<\/p>\n\n\n\n<p>5.&nbsp;&nbsp;&nbsp;&nbsp;&nbsp;&nbsp;&nbsp;&nbsp; Vorstellung\ndes neuen Quartiersmanagers des B\u00fcrgertreffs West<\/p>\n\n\n\n<p>6.&nbsp;&nbsp;&nbsp;&nbsp;&nbsp;&nbsp;&nbsp;&nbsp; Projektvorstellung\nVorbereitende Untersuchungen und Erstellung eines ISEK f\u00fcr das Stadterneuerungsgebiet\nMitte\/Innenstadt<\/p>\n\n\n\n<p>7.&nbsp;&nbsp;&nbsp;&nbsp;&nbsp;&nbsp;&nbsp;&nbsp; Sachstandsbericht\nzur GML (Gemeinschafts-M\u00fcllheizkraftwerk Ludwigshafen GmbH)<\/p>\n\n\n\n<p>8.&nbsp;&nbsp;&nbsp;&nbsp;&nbsp;&nbsp;&nbsp;&nbsp; Vorstellung\n&#8222;Baum-Neubepflanzung N\u00f6rdliche Innenstadt&#8220;<\/p>\n\n\n\n<p>9.&nbsp;&nbsp;&nbsp;&nbsp;&nbsp;&nbsp;&nbsp;&nbsp; Vorstellung\n&#8222;Spielplatz-Konzept&#8220;<\/p>\n\n\n\n<p>10.&nbsp;&nbsp;&nbsp;&nbsp;&nbsp;&nbsp; Gemeinsamer\nAntrag aller Fraktionen und Mitglieder im Ortsbeirat<br>\nParkplatzkonzept f\u00fcr die N\u00f6rdliche Innenstadt<\/p>\n\n\n\n<p>11.&nbsp;&nbsp;&nbsp;&nbsp;&nbsp;&nbsp; Antrag\nder CDU-Ortsbeiratsfraktion<br>\nVersenkbare Poller f\u00fcr die Prinzregentenstra\u00dfe<\/p>\n\n\n\n<p>12.&nbsp;&nbsp;&nbsp;&nbsp;&nbsp;&nbsp; Antrag\nder Ortsbeiratsfraktion Freie Linke<br>\nAusbau des Weges zwischen Gustav-Heinemann-Allee und Lorientallee zum Radweg<\/p>\n\n\n\n<p>13.&nbsp;&nbsp;&nbsp;&nbsp;&nbsp;&nbsp; Antrag\nder CDU-Ortsbeiratsfraktion<br>\nBericht \u00fcber den Abriss des Rathauscenters, Nahversorgung und st\u00e4dtebauliche\nEntwicklung<\/p>\n\n\n\n<p>14.&nbsp;&nbsp;&nbsp;&nbsp;&nbsp;&nbsp; Antrag\nder Ortsbeiratsfraktion Freie Linke<br>\nSauberkeit und Verm\u00fcllung im Umfeld von Schulen<\/p>\n\n\n\n<p>15.&nbsp;&nbsp;&nbsp;&nbsp;&nbsp;&nbsp; Antrag\nder Ortsbeiratsfraktion Freie Linke<br>\nAusgabe gelbe S\u00e4cke im Ortsvorsteherb\u00fcro<\/p>\n\n\n\n<p>16.&nbsp;&nbsp;&nbsp;&nbsp;&nbsp;&nbsp; Antrag\nder Ortsbeiratsfraktion Freie Linke<br>\nGeschichten der Menschen im Hemshof &#8211; Lebensspuren aus dem Gemeindeleben<\/p>\n\n\n\n<p>17.&nbsp;&nbsp;&nbsp;&nbsp;&nbsp;&nbsp; Antrag\nder Ortsbeiratsfraktion Freie Linke<br>\nFreundlicher Hinterhof und Garten der Hausgemeinschaft<\/p>\n\n\n\n<p>18.&nbsp;&nbsp;&nbsp;&nbsp;&nbsp;&nbsp; Antrag\nder Ortsbeiratsfraktion Freie Linke<br>\nHemshof-Charta<\/p>\n\n\n\n<p>19.&nbsp;&nbsp;&nbsp;&nbsp;&nbsp;&nbsp; Antrag\nder Ortsbeiratsfraktion Freie Linke<br>\nPandemie Denkmal<\/p>\n\n\n\n<p>20.&nbsp;&nbsp;&nbsp;&nbsp;&nbsp;&nbsp; Anfrage\nder SPD-Ortsbeiratsfraktion<br>\nSachstand Grundst\u00fcck im Bereich Kanalstra\u00dfe 66\/68<\/p>\n\n\n\n<p>21.&nbsp;&nbsp;&nbsp;&nbsp;&nbsp;&nbsp; Anfrage\nder CDU-Ortsbeiratsfraktion<br>\n\u00dcberwachung des ruhenden Verkehrs<\/p>\n\n\n\n<p>22.&nbsp;&nbsp;&nbsp;&nbsp;&nbsp;&nbsp; Anfrage\nder GR\u00dcNEN-Ortsbeiratsfraktion<br>\nKostenlose Abholung vom Sperrm\u00fcll zweimal im Jahr im Stadtteil Nord<\/p>\n\n\n\n<p>23.&nbsp;&nbsp;&nbsp;&nbsp;&nbsp;&nbsp; Anfrage\nder CDU-Ortsbeiratsfraktion<br>\nBericht \u00fcber sogenannte Monteurswohnungen<\/p>\n\n\n\n<p>24.&nbsp;&nbsp;&nbsp;&nbsp;&nbsp;&nbsp; Anfrage\nder GR\u00dcNEN-Ortsbeiratsfraktion<br>\nUmz\u00e4unte Auslauffl\u00e4che f\u00fcr Hunde im Marienpark<\/p>\n\n\n\n<p>25.&nbsp;&nbsp;&nbsp;&nbsp;&nbsp;&nbsp; Anfrage\nder GR\u00dcNEN-Ortsbeiratsfraktion<br>\nSchilderpf\u00e4hle in der Limburgstra\u00dfe<\/p>\n\n\n\n<p>26.\u00a0\u00a0\u00a0\u00a0\u00a0\u00a0 Verschiedenes- Fragenkatalog<\/p>\n\n\n\n<h3 class=\"wp-block-heading\"><strong>Sitzung des Ortsbeirates S\u00fcdliche\nInnenstadt<\/strong><\/h3>\n\n\n\n<p>Die\nMitglieder des Ortsbeirates S\u00fcdliche Innenstadt treten am <\/p>\n\n\n\n<p><strong>Mittwoch, 14. April 2021, 17:00 Uhr,<br>Rathaus, 1. O.G., Casino,<\/strong><\/p>\n\n\n\n<p>zu einer\n\u00f6ffentlichen Sitzung zusammen.<\/p>\n\n\n\n<h4 class=\"wp-block-heading\">T a g e s o r d n u n g<br>\u00d6ffentliche Sitzung<\/h4>\n\n\n\n<p>1.&nbsp;&nbsp;&nbsp; Einwohnerfragestunde<\/p>\n\n\n\n<p>2.&nbsp;&nbsp;&nbsp; Bericht Ortsvorsteher<\/p>\n\n\n\n<p>3.&nbsp;&nbsp;&nbsp; Vorstellung der vorbereitenden\nUntersuchungen im Stadtentwicklungsgebiet Innenstadt<\/p>\n\n\n\n<p>4.&nbsp;&nbsp;&nbsp; Vorgartengestaltung Malerviertel &#8211;\nInformation des Ortsbeirats<\/p>\n\n\n\n<p>5.&nbsp;&nbsp;&nbsp; Antrag der CDU-Ortsbeiratsfraktion<br>\nAnwohnerparkausweise sollen in Kraft bleiben<\/p>\n\n\n\n<p>6.&nbsp;&nbsp;&nbsp; Antrag der SPD-Ortsbeiratsfraktion<br>\nKontrolle des n\u00e4chtlichen Verkehrs Hafenstra\u00dfe Richtung Insel Bastei<\/p>\n\n\n\n<p>7.&nbsp;&nbsp;&nbsp; Antrag der CDU-Ortsbeiratsfraktion<br>\nAusf\u00fchrung von noch ausstehenden Arbeiten<\/p>\n\n\n\n<p>8.&nbsp;&nbsp;&nbsp; Antrag der SPD-Ortsbeiratsfraktion<br>\nErrichtung von Findlingen am B\u00fcrgersteig Saarlandstra\u00dfe\/Christian-Wei\u00df-Siedlung<\/p>\n\n\n\n<p>9.&nbsp;&nbsp;&nbsp; Antrag der CDU-Ortsbeiratsfraktion<br>\nKontrollen der Fahrradspuren<\/p>\n\n\n\n<p>10.&nbsp; Antrag der SPD-Ortsbeiratsfraktion<br>\nAbsperrung der M\u00fcllbeh\u00e4lter an den Stra\u00dfenbahnhaltestellen<\/p>\n\n\n\n<p>11.&nbsp; Antrag der SPD-Ortsbeiratsfraktion<br>\nSperrm\u00fcllhalde gegen\u00fcber Danziger Platz 28<\/p>\n\n\n\n<p>12.&nbsp; Antrag der SPD-Ortsbeiratsfraktion<br>\nGr\u00fcnfl\u00e4che Danziger Platz<\/p>\n\n\n\n<p>13.&nbsp; Antrag der Gr\u00fcnen-Ortsbeiratsfraktion<br>\nInstallation der Absperrung des Radweges in der Berliner Platz<\/p>\n\n\n\n<p>14.&nbsp; Antrag der Gr\u00fcnen-Ortsbeiratsfraktion<br>\nErrichtung von Fahrradst\u00e4ndern an der Musikschule<\/p>\n\n\n\n<p>15.&nbsp; Antrag der Gr\u00fcnen-Ortsbeiratsfraktion<br>\nReinigung des Gr\u00fcnfl\u00e4chenbereichs um die Anna-Freud-Schule in der\nPfalzgrafenstra\u00dfe und des Wirtschaftsgymnasiums in der Roonstra\u00dfe<\/p>\n\n\n\n<p>16.&nbsp; Anfrage der CDU-Ortsbeiratsfraktion<br>\nSachstand Planung der Hochstra\u00dfe S\u00fcd<\/p>\n\n\n\n<p>17.&nbsp; Anfrage der SPD-Ortsbeiratsfraktion<br>\nAufstellung der aktuellen Sch\u00fclerzahlen in den einzelnen Jahrg\u00e4ngen sowie auch\nf\u00fcr die kommenden Schuljahre zu erwartenden Sch\u00fclerzahlen im Einzugsbereich der\nBr\u00fcder-Grimm-Schule<\/p>\n\n\n\n<p>18.&nbsp; Anfrage der Gr\u00fcnen-Ortsbeiratsfraktion<br>\nAbst\u00fctzung \u00fcberh\u00e4ngender \u00c4ste der Platanen an der Hannelore-Kohl-Promenade<\/p>\n\n\n\n<p>19.&nbsp; Anfrage der Gr\u00fcnen-Ortsbeiratsfraktion<br>\nAngebot Mieterticket \u00d6PNV <\/p>\n\n\n\n<p>20.&nbsp; Anfrage der Gr\u00fcnen-Ortsbeiratsfraktion<br>\nNachfragen zur Nachpflanzung von Stileichen im Stadtpark<\/p>\n\n\n\n<p><strong>Hinweis:<\/strong><br>Aus Gr\u00fcnden des Gesundheitsschutzes stehen nur begrenzte Kapazit\u00e4ten f\u00fcr die \u00d6ffentlichkeit zur Verf\u00fcgung. Abstands- und Hygieneregeln sind einzuhalten.<\/p>\n\n\n\n<p><strong>Sitzung des Ortsbeirates\nS\u00fcdliche Innenstadt<\/strong><\/p>\n\n\n\n<p>Die\nMitglieder des Ortsbeirates Rheing\u00f6nheim treten am <\/p>\n\n\n\n<p><strong>Mittwoch, 14. April 2021,\n18 Uhr,<\/strong><\/p>\n\n\n\n<p>zu\neiner \u00f6ffentlichen Sitzung zusammen. <\/p>\n\n\n\n<p>Die\nSitzung wird als Videokonferenz durchgef\u00fchrt. Interessierte haben die\nM\u00f6glichkeit, die \u00dcbertragung der Sitzung im Stadtratssaal des Ludwigshafener\nRathauses zu verfolgen. Teilnehmer*innen werden gebeten die Abstands- und\nHygieneregeln einzuhalten.<\/p>\n\n\n\n<p>T a g e s o r d n u n g<br>\n\u00d6ffentliche Sitzung<\/p>\n\n\n\n<p>1.&nbsp;&nbsp;&nbsp;&nbsp;&nbsp;&nbsp;&nbsp;&nbsp; Bebauungsplan\nNr. 662 &#8222;Eisenbahnstra\u00dfe &#8211; Hauptstra\u00dfe&#8220;<br>\nEntwurfsstand vor Beteiligung der Beh\u00f6rden und der \u00d6ffentlichkeit<\/p>\n\n\n\n<p>2.&nbsp;&nbsp;&nbsp;&nbsp;&nbsp;&nbsp;&nbsp;&nbsp; Bericht Ortsvorsteher<\/p>\n\n\n\n<p>3.&nbsp;&nbsp;&nbsp;&nbsp;&nbsp;&nbsp;&nbsp;&nbsp; Antrag\ndes Ortsvorstehers<br>\nErrichtung einer Toilettenanlage an der Endhaltestelle Rheing\u00f6nheim<\/p>\n\n\n\n<p>4.&nbsp;&nbsp;&nbsp;&nbsp;&nbsp;&nbsp;&nbsp;&nbsp; Antrag\nder Fraktionsgemeinschaft CDU und B\u00fcndnis 90\/die Gr\u00fcnen im Ortsbeirat<br>\nRheinpegel Rheing\u00f6nheim<\/p>\n\n\n\n<p>5.&nbsp;&nbsp;&nbsp;&nbsp;&nbsp;&nbsp;&nbsp;&nbsp; Antrag\nder sozialliberalen Fraktion im Ortsbeirat<br>\nInstandsetzung der Schlie\u00dfe am Rheinpolder<\/p>\n\n\n\n<p>6.&nbsp;&nbsp;&nbsp;&nbsp;&nbsp;&nbsp;&nbsp;&nbsp; Antrag\nder Fraktionsgemeinschaft CDU und B\u00fcndnis 90\/die Gr\u00fcnen im Ortsbeirat<br>\nEinleitung eines Verfahrens zur Umwandlung in ein Landschaftsschutzgebiet (LSG)<\/p>\n\n\n\n<p>7.&nbsp;&nbsp;&nbsp;&nbsp;&nbsp;&nbsp;&nbsp;&nbsp; Antrag\nder sozialliberalen Fraktion im Ortsbeirat<br>\nTermin der Installation\/Montage und Inbetriebnahme der Raummodule<\/p>\n\n\n\n<p>8.&nbsp;&nbsp;&nbsp;&nbsp;&nbsp;&nbsp;&nbsp;&nbsp; Antrag\nder Fraktionsgemeinschaft CDU und B\u00fcndnis 90\/die Gr\u00fcnen im Ortsbeirat<br>\nUnterf\u00fchrung Kornackerstra\u00dfe\/ M\u00fchlweg<\/p>\n\n\n\n<p>9.&nbsp;&nbsp;&nbsp;&nbsp;&nbsp;&nbsp;&nbsp;&nbsp; Antrag\nder Fraktionsgemeinschaft CDU und B\u00fcndnis 90\/die Gr\u00fcnen im Ortsbeirat<br>\nAkzentpoller an der Hauptstra\u00dfe<\/p>\n\n\n\n<p>10.&nbsp;&nbsp;&nbsp;&nbsp;&nbsp;&nbsp; Antrag\nder Fraktionsgemeinschaft CDU und B\u00fcndnis 90\/die Gr\u00fcnen im Ortsbeirat<br>\nWertstoffh\u00f6fe &#8211; Entsorgungsgeb\u00fchren<\/p>\n\n\n\n<p>11.&nbsp;&nbsp;&nbsp;&nbsp;&nbsp;&nbsp; Anfrage\nder sozialliberalen Fraktion im Ortsbeirat<br>\nErgebnis der Begehung &#8222;Einm\u00fcndung Neuh\u00f6fer Stra\u00dfe &#8211; Hoher Weg&#8220;<\/p>\n\n\n\n<p>12.&nbsp;&nbsp;&nbsp;&nbsp;&nbsp;&nbsp; Anfrage\nder Fraktionsgemeinschaft CDU und B\u00fcndnis 90\/die Gr\u00fcnen im Ortsbeirat<br>\nBaumpatenschaften<\/p>\n\n\n\n<p>13.&nbsp;&nbsp;&nbsp;&nbsp;&nbsp;&nbsp; Anfrage\nder sozialliberalen Fraktion im Ortsbeirat<br>\nStaus zur Bek\u00e4mpfung der Rattenplage<\/p>\n\n\n\n<p>14.&nbsp;&nbsp;&nbsp;&nbsp;&nbsp;&nbsp; Anfrage\nder Fraktionsgemeinschaft&nbsp; CDU und\nB\u00fcndnis 90\/ die Gr\u00fcnen im Ortsbeirat<br>\nNutzung der Container im Neubruch\/K\u00e4the-Kollwitz-Stra\u00dfe<\/p>\n\n\n\n<p>15.&nbsp;&nbsp;&nbsp;&nbsp;&nbsp;&nbsp; Anfrage\nder sozialliberalen Fraktion im Ortsbeirat<br>\nErt\u00fcchtigung des Rehbachdeichs auf der Gemarkung Rheing\u00f6nheim<\/p>\n\n\n\n<p>16.&nbsp;&nbsp;&nbsp;&nbsp;&nbsp;&nbsp; Anfrage\nder Fraktionsgemeinschaft CDU und B\u00fcndnis 90\/ die Gr\u00fcnen im Ortsbeirat<br>\nUngepflegter Br\u00fcckweggraben und Hochwassersituation in und um Rheing\u00f6nheim<\/p>\n\n\n\n<p>17.&nbsp;&nbsp;&nbsp;&nbsp;&nbsp;&nbsp; Anfrage\nder sozialliberalen Fraktion im Ortsbeirat<br>\nSpende der Stadtsparkasse an den Stadtteil Rheing\u00f6nheim<\/p>\n\n\n\n<p>18.&nbsp;&nbsp;&nbsp;&nbsp;&nbsp;&nbsp; Anfrage\nder Fraktionsgemeinschaft, CDU und B\u00fcndnis 90\/die Gr\u00fcnen im Ortsbeirat<br>\nPr\u00fcfungen zur Erweiterung der Mozartschule oder eines Neubaus<\/p>\n\n\n\n<p>19.&nbsp;&nbsp;&nbsp;&nbsp;&nbsp;&nbsp; Anfrage\nder sozialliberalen Fraktion im Ortsbeirat<br>\nErsatzpflanzung von B\u00e4umen druch den LBB<\/p>\n\n\n\n<p>20.&nbsp;&nbsp;&nbsp;&nbsp;&nbsp;&nbsp; Anfrage\nder Fraktionsgemeinschaft&nbsp; CDU und\nB\u00fcndnis 90\/die Gr\u00fcnen im Ortsbeirat<br>\nFu\u00dfg\u00e4nger\u00fcberweg Hilde-Domin-Stra\u00dfe\/Hoher Weg<\/p>\n\n\n\n<p>21.&nbsp;&nbsp;&nbsp;&nbsp;&nbsp;&nbsp; Anfrage\nder sozialliberalen Fraktion im Ortsbeirat<br>\nErrichtung einer Durchfahrtsperre am Rheinhauptdamm (Bermenweg) f\u00fcr Fahrzeuge\naus Richtung Gro\u00dfpartstra\u00dfe<\/p>\n\n\n\n<p>22.&nbsp;&nbsp;&nbsp;&nbsp;&nbsp;&nbsp; Anfrage\nder Fraktionsgemeinschaft CDU und B\u00fcndnis 90\/die Gr\u00fcnen im Ortsbeirat<br>\nUmwidmung des Mozartparks in einen Spielplatz<\/p>\n\n\n\n<p>23.&nbsp;&nbsp;&nbsp;&nbsp;&nbsp;&nbsp; Anfrage\nder Fraktionsgemeinschaft CDU und B\u00fcndnis 90\/ die Gr\u00fcnen im Ortsbeirat<br>\nVerm\u00fcllung der B\u00f6schung an der Neuh\u00f6fer Stra\u00dfe<\/p>\n\n\n\n<p>24.&nbsp;&nbsp;&nbsp;&nbsp;&nbsp;&nbsp; Anfrage\nder Fraktionsgemeinschaft CDU und B\u00fcndnis 90\/ die Gr\u00fcnen,<br>\nSituation der Kitapl\u00e4tze in Rheing\u00f6nheim<\/p>\n\n\n\n<p><em>Stadt Ludwigshafen<br>11.04.2021<\/em><\/p>\n\n\n\n<h2 class=\"wp-block-heading\"><strong>Sammler*innen f\u00fcr Stra\u00dfensammlung des M\u00fcttergenesungswerks gesucht<\/strong><\/h2>\n\n\n\n<p>Das M\u00fcttergenesungswerk ruft unter dem Motto &#8222;#gemeinsamstark&#8220; zur Muttertagssammlung auf. Die Sammlung ist f\u00fcr dieses Jahr in Rheinland-Pfalz f\u00fcr 2. bis 11. Mai terminiert. Wer die bundesweite Sammlung als ehrenamtliche*r Sammler*in oder durch Spenden unterst\u00fctzen will, kann sich an die Stadtverwaltung Ludwigshafen, Janis Steffan, Telefon 0621 504-3603 (vormittags), E-Mail an <a href=\"janis.steffan@ludwigshafen.de\">janis.steffan@ludwigshafen.de<\/a>, wenden.<\/p>\n\n\n\n<p>Das\nM\u00fcttergenesungswerk wurde 1950 als gemeinn\u00fctzige Stiftung und\nSpendenorganisation gegr\u00fcndet. Das Ziel ist die Gesunderhaltung von M\u00fcttern und\nV\u00e4tern sowie pflegenden Angeh\u00f6rigen. Hierf\u00fcr setzt sich die Organisation f\u00fcr\nKurma\u00dfnahmen von M\u00fcttern und V\u00e4tern ein.<\/p>\n\n\n\n<p><em>Stadt Ludwigshafen<br>11.04.2021<\/em><\/p>\n\n\n\n<h1 class=\"wp-block-heading\" style=\"text-align:center\">Kreisvolkshochschule (KVHS) Ludwigshafen<\/h1>\n\n\n\n<figure class=\"wp-block-image\"><img decoding=\"async\" src=\"https:\/\/speyer24news.com\/wp-content\/uploads\/2020\/01\/VHS.png\" alt=\"\" class=\"wp-image-23911\"\/><\/figure>\n\n\n\n<h2 class=\"wp-block-heading\"><strong>VHS:\nOnline-Vortrag zum Thema Permakultur<\/strong><\/h2>\n\n\n\n<p>&#8222;Die Ethiken der Permakultur k\u00f6nnten den Planeten retten \u2013 eine Einf\u00fchrung&#8220; lautet der Titel eines Online-Vortrags von Boris Forkel am <strong>15. April 2021<\/strong> von 19 bis 21 Uhr, der von der Volkshochschule (VHS) Ludwigshafen organisiert wird. <\/p>\n\n\n\n<p>In den Superm\u00e4rkten taucht schon vereinzelt an Obst- und Gem\u00fcse-Etiketten die Bezeichnung &#8222;Permakultur&#8220; auf. Aber was ist Permakultur eigentlich? Und warum ist sie gerade in der heutigen Zeit besonders wichtig und eine konsequente Weiterentwicklung des Bioanbaus? In seinem Vortrag spannt Forkel einen weiten Bogen \u00fcber 8.000 Jahre landwirtschaftliche Geschichte. Es geht um die Entstehung der Landwirtschaft, ihre Expansion und problematische Elemente wie Abholzung, Monokultur und Kolonialismus sowie chemische D\u00fcngemitteln und Pestizide. Anschlie\u00dfend stellt der Referent die Permakultur, ihren Begr\u00fcnder Bill Mollison und ihre grundlegenden Prinzipien und Ethiken als gangbare Alternative zur konventionellen Garten- und Landbewirtschaftung vor. Die Teilnahme am Vortrag ist kostenlos. Den Zugangslink erh\u00e4lt man nach der Anmeldung; Telefon 0621 504-2238 oder E-Mail an <a href=\"info@vhs-lu.de\">info@vhs-lu.de<\/a>.<\/p>\n\n\n\n<p><em>Kreisvolkshochschule (KVHS) Ludwigshafen<br>11.04.2021<\/em><\/p>\n\n\n\n<h1 class=\"wp-block-heading\">Kommunaler Vollzugsdienst (KVD) Ludwigshafen<\/h1>\n\n\n\n<figure class=\"wp-block-image\"><img decoding=\"async\" loading=\"lazy\" width=\"700\" height=\"394\" src=\"https:\/\/speyer24news.com\/wp-content\/uploads\/2021\/03\/KVD-LU-Berliner-Platz.jpg\" alt=\"\" class=\"wp-image-34616\" srcset=\"https:\/\/speyer24news.com\/wp-content\/uploads\/2021\/03\/KVD-LU-Berliner-Platz.jpg 700w, https:\/\/speyer24news.com\/wp-content\/uploads\/2021\/03\/KVD-LU-Berliner-Platz-300x169.jpg 300w, https:\/\/speyer24news.com\/wp-content\/uploads\/2021\/03\/KVD-LU-Berliner-Platz-678x381.jpg 678w\" sizes=\"(max-width: 700px) 100vw, 700px\" \/><\/figure>\n\n\n\n<h2 class=\"wp-block-heading\"><strong>KVD\nschlie\u00dft Gastst\u00e4tte wegen Versto\u00dfes<\/strong><\/h2>\n\n\n\n<p>Der Kommunale Vollzugsdienst (KVD) hat Donnerstagnacht, 8. April 2021, ein Lokal wegen Versto\u00dfes gegen die Bestimmungen zur Bek\u00e4mpfung der Corona-Pandemie geschlossen. Die Einsatzkr\u00e4fte entdeckten auf ihrem Streifgang in Mitte um 21.15 Uhr eine Gastst\u00e4tte, die um diese Uhrzeit verbotenerweise noch offen war und Kunden bediente. Der in der Gastst\u00e4tte t\u00e4tige Mann gab gegen\u00fcber der Streife an, von den Bestimmungen der Corona-Bek\u00e4mpfungsverordnung keine Kenntnis zu haben. Nach dem Gespr\u00e4ch mit den Einsatzkr\u00e4ften schloss der 43-J\u00e4hrige in deren Beisein die R\u00e4umlichkeiten ab.<\/p>\n\n\n\n<p><em>Stadt Ludwigshafen \/ Kommunaler Vollzugsdienst (KVD) Ludwigshafen<br>11.04.2021<\/em><\/p>\n\n\n\n<h1 class=\"wp-block-heading\" style=\"text-align:center\">Corona-Virus<\/h1>\n\n\n\n<figure class=\"wp-block-image\"><img decoding=\"async\" loading=\"lazy\" width=\"800\" height=\"346\" src=\"https:\/\/speyer24news.com\/wp-content\/uploads\/2020\/02\/coronavirus-4817450_1920.jpg\" alt=\"\" class=\"wp-image-25126\" srcset=\"https:\/\/speyer24news.com\/wp-content\/uploads\/2020\/02\/coronavirus-4817450_1920.jpg 800w, https:\/\/speyer24news.com\/wp-content\/uploads\/2020\/02\/coronavirus-4817450_1920-300x130.jpg 300w, https:\/\/speyer24news.com\/wp-content\/uploads\/2020\/02\/coronavirus-4817450_1920-768x332.jpg 768w\" sizes=\"(max-width: 800px) 100vw, 800px\" \/><\/figure>\n\n\n\n<h2 class=\"wp-block-heading\"><strong>Ludwigshafen setzt Allgemeinverf\u00fcgung fort<\/strong><\/h2>\n\n\n\n<div class=\"wp-block-image\"><figure class=\"aligncenter\"><img decoding=\"async\" loading=\"lazy\" width=\"500\" height=\"500\" src=\"https:\/\/speyer24news.com\/wp-content\/uploads\/2020\/02\/virus-4810549_1920.png\" alt=\"\" class=\"wp-image-25116\" srcset=\"https:\/\/speyer24news.com\/wp-content\/uploads\/2020\/02\/virus-4810549_1920.png 500w, https:\/\/speyer24news.com\/wp-content\/uploads\/2020\/02\/virus-4810549_1920-150x150.png 150w, https:\/\/speyer24news.com\/wp-content\/uploads\/2020\/02\/virus-4810549_1920-300x300.png 300w\" sizes=\"(max-width: 500px) 100vw, 500px\" \/><\/figure><\/div>\n\n\n\n<p>Im Zuge der dauerhaft hohen Anzahl von Corona-Neuinfektionen schreibt die Stadtverwaltung Ludwigshafen ihre bisher geltende Allgemeinverf\u00fcgung zur Bek\u00e4mpfung der Pandemie in unver\u00e4nderter Form fort. Das hei\u00dft, dass die bereits bestehenden Bestimmungen zur Corona-Bek\u00e4mpfung <strong>bis zum Ablauf des 25. April 2021<\/strong> fortgef\u00fchrt werden. Damit bleiben unter anderem die Reglungen zur <strong>n\u00e4chtlichen Ausgangsbeschr\u00e4nkung von 21 bis 5 Uhr<\/strong> sowie das <strong>Verweilverbot in Gr\u00fcnanlagen und auf \u00f6ffentlichen Pl\u00e4tzen an den Wochenenden<\/strong> in Kraft.<\/p>\n\n\n\n<figure class=\"wp-block-image\"><img decoding=\"async\" loading=\"lazy\" width=\"800\" height=\"450\" src=\"https:\/\/speyer24news.com\/wp-content\/uploads\/2021\/03\/Corona-Ausgangsbeschr\u00e4nkung.jpg\" alt=\"\" class=\"wp-image-34473\" srcset=\"https:\/\/speyer24news.com\/wp-content\/uploads\/2021\/03\/Corona-Ausgangsbeschr\u00e4nkung.jpg 800w, https:\/\/speyer24news.com\/wp-content\/uploads\/2021\/03\/Corona-Ausgangsbeschr\u00e4nkung-300x169.jpg 300w, https:\/\/speyer24news.com\/wp-content\/uploads\/2021\/03\/Corona-Ausgangsbeschr\u00e4nkung-768x432.jpg 768w, https:\/\/speyer24news.com\/wp-content\/uploads\/2021\/03\/Corona-Ausgangsbeschr\u00e4nkung-678x381.jpg 678w\" sizes=\"(max-width: 800px) 100vw, 800px\" \/><figcaption> <strong>&#8230; sowie Verweilverbot in Gr\u00fcnanlagen und auf \u00f6ffentlichen Pl\u00e4tzen an den Wochenenden<\/strong><\/figcaption><\/figure>\n\n\n\n<p>Der gesamte Wortlaut der Allgemeinverf\u00fcgung und die dazugeh\u00f6rige Begr\u00fcndung sind auf der st\u00e4dtischen Homepage unter der Internetadresse <a href=\"http:\/\/www.ludwigshafen.de\">www.ludwigshafen.de<\/a> eingestellt. Basis der Regelungen in der Allgemeinverordnung bildet die aktuell g\u00fcltige Fassung der 18. Corona-Bek\u00e4mpfungsverordnung Rheinland-Pfalz. Informationen hierzu k\u00f6nnen die B\u00fcrger*innen der Stadt Ludwigshafen auch unter der Telefonnummer 0621 504-6000 erhalten. Die Hotline ist montags bis freitags von 8 bis 17 Uhr geschaltet. Ebenfalls k\u00f6nnen per E-Mail Fragen an die Adresse <a href=\"infocorona@ludwigshafen.de\">infocorona@ludwigshafen.de<\/a> gerichtet werden.<\/p>\n\n\n\n<h4 class=\"wp-block-heading\"><strong>Zahl der Impfungen steigt auf mehr als 28.000<\/strong><\/h4>\n\n\n\n<p>In Ludwigshafen wurden \u2013 inklusive Einrichtungen wie beispielsweise Seniorenwohnheime und Krankenh\u00e4user sowie Impfzentrum \u2013 bisher insgesamt 28.739 Impfungen (Erst- und Zweitimpfungen) durchgef\u00fchrt. Die entspricht einer Impfquote von 19,8 Prozent. Die Anzahl der Erstimpfungen liegt bei 19.971, dies entspricht einer Quote von rund 13,8 Prozent. Die Zahl der Zweitimpfungen, also abgeschlossene Impfserien, betr\u00e4gt 8.768, womit die Quote der durchgef\u00fchrten Zweitimpfungen bei gut sechs Prozent liegt.<\/p>\n\n\n\n<p><em>Stadt Ludwigshafen<br>11.04.2021<\/em><\/p>\n\n\n\n<h1 class=\"wp-block-heading\" style=\"text-align:center\">Geschwindigkeitskontrolle \/ Blitzer<\/h1>\n\n\n\n<figure class=\"wp-block-image\"><img decoding=\"async\" src=\"https:\/\/speyer24news.com\/wp-content\/uploads\/2020\/12\/Blitzer3-1.jpg\" alt=\"\" class=\"wp-image-31936\"\/><\/figure>\n\n\n\n<h2 class=\"wp-block-heading\">Radarkontrollen f\u00fcr die Woche vom 12. April bis 18. April 2021<\/h2>\n\n\n\n<figure class=\"wp-block-image\"><img decoding=\"async\" loading=\"lazy\" width=\"800\" height=\"450\" src=\"https:\/\/speyer24news.com\/wp-content\/uploads\/2020\/12\/Blitzer-Logo.jpg\" alt=\"\" class=\"wp-image-31938\" srcset=\"https:\/\/speyer24news.com\/wp-content\/uploads\/2020\/12\/Blitzer-Logo.jpg 800w, https:\/\/speyer24news.com\/wp-content\/uploads\/2020\/12\/Blitzer-Logo-300x169.jpg 300w, https:\/\/speyer24news.com\/wp-content\/uploads\/2020\/12\/Blitzer-Logo-768x432.jpg 768w, https:\/\/speyer24news.com\/wp-content\/uploads\/2020\/12\/Blitzer-Logo-678x381.jpg 678w\" sizes=\"(max-width: 800px) 100vw, 800px\" \/><\/figure>\n\n\n\n<p>Die Stadt Ludwigshafen nimmt in folgenden Stadtteilen Radarkontrollen vor.<\/p>\n\n\n\n<ul><li><strong>Montag, 12. April: Mundenheim, Mitte und Nord<\/strong><\/li><li><strong>Dienstag, 13. April: Oggersheim, Oppau und Pfingstweide<\/strong><\/li><li><strong>Mittwoch, 14. April: Rheing\u00f6nheim, S\u00fcd und Ruchheim<\/strong><\/li><li><strong>Donnerstag, 15. April: West, Edigheim und Friesenheim<\/strong><\/li><li><strong>Freitag, 16. April: Gartenstadt, Maudach und Mundenheim<\/strong><\/li><li><strong>Samstag, 17. April: Mitte, Nord und Oggersheim<\/strong><\/li><\/ul>\n\n\n\n<p>Kurzfristige \u00c4nderungen beh\u00e4lt sich der Bereich Stra\u00dfenverkehr vor. Kontrollen k\u00f6nnen auch kurzfristig an anderen Stellen stattfinden.<\/p>\n\n\n\n<p><em>Stadt Ludwigshafen<br>11.04.2021<\/em><\/p>\n","protected":false},"excerpt":{"rendered":"<div class=\"mh-excerpt\"><p>Fahrradvermietsystem VRNnextbike wird in Ludwigshafen erweitert \u2013 Klimaschonende Mobilit\u00e4t f\u00fcr die erste und letzte Meile in Ludwigshafen P\u00fcnktlich zum Start der Fahrradsaison im Fr\u00fchjahr hat die Stadt Ludwigshafen gemeinsam mit dem Verkehrsverbund Rhein-Neckar (VRN) und <a class=\"mh-excerpt-more\" href=\"https:\/\/speyer24news.com\/?p=35280\" title=\"Ludwigshafen\">[&#8230;]<\/a><\/p>\n<\/div>","protected":false},"author":3,"featured_media":24395,"comment_status":"open","ping_status":"open","sticky":false,"template":"","format":"standard","meta":{"_monsterinsights_skip_tracking":false,"_monsterinsights_sitenote_active":false,"_monsterinsights_sitenote_note":"","_monsterinsights_sitenote_category":0,"footnotes":""},"categories":[2098],"tags":[],"aioseo_notices":[],"amp_enabled":true,"_links":{"self":[{"href":"https:\/\/speyer24news.com\/index.php?rest_route=\/wp\/v2\/posts\/35280"}],"collection":[{"href":"https:\/\/speyer24news.com\/index.php?rest_route=\/wp\/v2\/posts"}],"about":[{"href":"https:\/\/speyer24news.com\/index.php?rest_route=\/wp\/v2\/types\/post"}],"author":[{"embeddable":true,"href":"https:\/\/speyer24news.com\/index.php?rest_route=\/wp\/v2\/users\/3"}],"replies":[{"embeddable":true,"href":"https:\/\/speyer24news.com\/index.php?rest_route=%2Fwp%2Fv2%2Fcomments&post=35280"}],"version-history":[{"count":4,"href":"https:\/\/speyer24news.com\/index.php?rest_route=\/wp\/v2\/posts\/35280\/revisions"}],"predecessor-version":[{"id":35286,"href":"https:\/\/speyer24news.com\/index.php?rest_route=\/wp\/v2\/posts\/35280\/revisions\/35286"}],"wp:featuredmedia":[{"embeddable":true,"href":"https:\/\/speyer24news.com\/index.php?rest_route=\/wp\/v2\/media\/24395"}],"wp:attachment":[{"href":"https:\/\/speyer24news.com\/index.php?rest_route=%2Fwp%2Fv2%2Fmedia&parent=35280"}],"wp:term":[{"taxonomy":"category","embeddable":true,"href":"https:\/\/speyer24news.com\/index.php?rest_route=%2Fwp%2Fv2%2Fcategories&post=35280"},{"taxonomy":"post_tag","embeddable":true,"href":"https:\/\/speyer24news.com\/index.php?rest_route=%2Fwp%2Fv2%2Ftags&post=35280"}],"curies":[{"name":"wp","href":"https:\/\/api.w.org\/{rel}","templated":true}]}}