{"id":35428,"date":"2021-04-15T09:18:44","date_gmt":"2021-04-15T08:18:44","guid":{"rendered":"https:\/\/speyer24news.com\/?p=35428"},"modified":"2021-04-15T09:18:45","modified_gmt":"2021-04-15T08:18:45","slug":"speyer-67","status":"publish","type":"post","link":"https:\/\/speyer24news.com\/?p=35428","title":{"rendered":"Speyer"},"content":{"rendered":"<style type=\"text\/css\">\r\n\t.ads_top_disp{}\r\n\t.ads_top_corner_disp{ float:left; margin:0px 10px 10px 0px; }\r\n\t.ads_first_p_disp{}\r\n\t.ads_bottom_disp{}\r\n\t<\/style>\n<h2 class=\"wp-block-heading\"><strong>Positive Tendenz bei Fortschreibung des Wohnungsmarktkonzeptes sowie des Fl\u00e4chenprogramms Wohnen im Jahr 2020<\/strong><\/h2>\n\n\n\n<figure class=\"wp-block-image\"><img decoding=\"async\" loading=\"lazy\" width=\"800\" height=\"532\" src=\"https:\/\/speyer24news.com\/wp-content\/uploads\/2021\/04\/Bauen.jpg\" alt=\"\" class=\"wp-image-35429\" srcset=\"https:\/\/speyer24news.com\/wp-content\/uploads\/2021\/04\/Bauen.jpg 800w, https:\/\/speyer24news.com\/wp-content\/uploads\/2021\/04\/Bauen-300x200.jpg 300w, https:\/\/speyer24news.com\/wp-content\/uploads\/2021\/04\/Bauen-768x511.jpg 768w\" sizes=\"(max-width: 800px) 100vw, 800px\" \/><\/figure>\n\n\n\n<p>Bei der Sitzung des Ausschusses f\u00fcr Stadtentwicklung, Bauen und Konversion am gestrigen Mittwochabend&nbsp;wurden die Ergebnisse der Fortschreibung des Wohnungsmarktkonzeptes 2020 sowie des Fl\u00e4chenprogramms Wohnen 2020 im Rahmen des fortlaufenden Monitorings vorgestellt. &nbsp;&nbsp;&nbsp;&nbsp;&nbsp;&nbsp;&nbsp;<\/p>\n\n\n\n<p><br>Wie in der Sitzung des Speyerer B\u00fcndnis f\u00fcr bezahlbares Wohnen Anfang M\u00e4rz 2021 bereits&nbsp;dargelegt wurde, hat der Wohnungsbestand in Speyer quantitativ leicht zugenommen, sich in seiner Struktur seit dem Jahr 2016 allerdings kaum ver\u00e4ndert. Auch die weiter deutlich ansteigenden Kaufpreise f\u00fcr Eigenheime und Eigentumswohnungen spiegeln das knappe Angebot in diesen Segmenten des Wohnungsmarktes wieder.<\/p>\n\n\n\n<p>Im Bereich von Mietobjekten hingegen fallen die Preissteigerungen bei Weitem nicht so stark aus. Dies gilt insbesondere f\u00fcr die gro\u00dfen Bestandshalter in Speyer, die in den letzten Jahren nur sehr moderate Mietpreisver\u00e4nderungen vorgenommen haben.<\/p>\n\n\n\n<p>Die gem\u00e4\u00df dem Wohnungsmarktkonzept von 2017 j\u00e4hrlich zur Bedarfsdeckung ben\u00f6tigten 156 Fertigstellungen von Wohneinheiten konnten noch nicht ganz erreicht werden. Dies liegt darin begr\u00fcndet, dass f\u00fcr die Umsetzung der vorgegebenen Ma\u00dfnahmen und die Implementierung am Wohnungsmarkt eine l\u00e4ngere Zeitspanne angesetzt werden muss, da sich auch die Wirkung der jeweiligen Schritte erst mit der&nbsp;Zeit entfaltet.<\/p>\n\n\n\n<p>Anhand der hohen&nbsp;Anzahl von Baugenehmigungen zeichnet sich jedoch ein positiver Entwicklungstrend ab.<\/p>\n\n\n\n<p>Im Rahmen der ersten Umsetzungsphase seit Verabschiedung des Fl\u00e4chenprogramms Wohnen im Jahr 2017 konnten einige Fortschritte auf dem Speyerer Wohnungsmarkt erzielt werden. Mit der zeitnahen Umsetzung einzelner Projekte wurde in einem ersten Schritt ein ad\u00e4quater Beitrag zur Generierung neuer und zus\u00e4tzlicher Wohneinheiten auf dem derzeit angespannten Wohnungsmarkt geschaffen. Dadurch konnten insgesamt 859 Wohneinheiten, also seit 2017 durchschnittlich 286 Wohneinheiten j\u00e4hrlich, planungsrechtlich geschaffen und gesichert werden,&nbsp;woraus sich auch f\u00fcr die nachfolgende Periode eine Erfolg versprechende Tendenz ablesen l\u00e4sst.<\/p>\n\n\n\n<p>Auf der Homepage der Stadt Speyer k\u00f6nnen im <a href=\"https:\/\/www.speyer.de\/de\/rathaus\/stadtrat-und-gremien\/sitzungsunterlagen-ratsinformationssystem\/\">Ratsinformationssystem<\/a> alle betreffenden Unterlagen eingesehen werden.<\/p>\n\n\n\n<p><em>Stadt Speyer<br>15.04.2021<\/em><\/p>\n","protected":false},"excerpt":{"rendered":"<div class=\"mh-excerpt\"><p>Positive Tendenz bei Fortschreibung des Wohnungsmarktkonzeptes sowie des Fl\u00e4chenprogramms Wohnen im Jahr 2020 Bei der Sitzung des Ausschusses f\u00fcr Stadtentwicklung, Bauen und Konversion am gestrigen Mittwochabend&nbsp;wurden die Ergebnisse der Fortschreibung des Wohnungsmarktkonzeptes 2020 sowie des <a class=\"mh-excerpt-more\" href=\"https:\/\/speyer24news.com\/?p=35428\" title=\"Speyer\">[&#8230;]<\/a><\/p>\n<\/div>","protected":false},"author":3,"featured_media":23902,"comment_status":"open","ping_status":"open","sticky":false,"template":"","format":"standard","meta":{"_monsterinsights_skip_tracking":false,"_monsterinsights_sitenote_active":false,"_monsterinsights_sitenote_note":"","_monsterinsights_sitenote_category":0,"footnotes":""},"categories":[47],"tags":[11274,6,11275,9062,11273],"aioseo_notices":[],"amp_enabled":true,"_links":{"self":[{"href":"https:\/\/speyer24news.com\/index.php?rest_route=\/wp\/v2\/posts\/35428"}],"collection":[{"href":"https:\/\/speyer24news.com\/index.php?rest_route=\/wp\/v2\/posts"}],"about":[{"href":"https:\/\/speyer24news.com\/index.php?rest_route=\/wp\/v2\/types\/post"}],"author":[{"embeddable":true,"href":"https:\/\/speyer24news.com\/index.php?rest_route=\/wp\/v2\/users\/3"}],"replies":[{"embeddable":true,"href":"https:\/\/speyer24news.com\/index.php?rest_route=%2Fwp%2Fv2%2Fcomments&post=35428"}],"version-history":[{"count":1,"href":"https:\/\/speyer24news.com\/index.php?rest_route=\/wp\/v2\/posts\/35428\/revisions"}],"predecessor-version":[{"id":35430,"href":"https:\/\/speyer24news.com\/index.php?rest_route=\/wp\/v2\/posts\/35428\/revisions\/35430"}],"wp:featuredmedia":[{"embeddable":true,"href":"https:\/\/speyer24news.com\/index.php?rest_route=\/wp\/v2\/media\/23902"}],"wp:attachment":[{"href":"https:\/\/speyer24news.com\/index.php?rest_route=%2Fwp%2Fv2%2Fmedia&parent=35428"}],"wp:term":[{"taxonomy":"category","embeddable":true,"href":"https:\/\/speyer24news.com\/index.php?rest_route=%2Fwp%2Fv2%2Fcategories&post=35428"},{"taxonomy":"post_tag","embeddable":true,"href":"https:\/\/speyer24news.com\/index.php?rest_route=%2Fwp%2Fv2%2Ftags&post=35428"}],"curies":[{"name":"wp","href":"https:\/\/api.w.org\/{rel}","templated":true}]}}